{"id":19371,"date":"2023-12-20T08:48:26","date_gmt":"2023-12-20T12:48:26","guid":{"rendered":"https:\/\/vanderloubet.com.br\/deputado\/?p=19371"},"modified":"2023-12-20T11:20:37","modified_gmt":"2023-12-20T15:20:37","slug":"brasil-salta-duas-posicoes-e-se-torna-a-9a-economia-do-mundo-em-2023","status":"publish","type":"post","link":"https:\/\/vanderloubet.com.br\/deputado\/brasil-salta-duas-posicoes-e-se-torna-a-9a-economia-do-mundo-em-2023\/","title":{"rendered":"Brasil salta duas posi\u00e7\u00f5es e se torna a 9\u00aa economia do mundo em 2023"},"content":{"rendered":"<p>Com previs\u00e3o de crescimento de 3,1% no Produto Interno Bruto (PIB) neste ano, o Brasil saltar\u00e1 duas posi\u00e7\u00f5es e se tornar\u00e1 a nona economia do mundo em 2023, divulgou nesta ter\u00e7a-feira (19) o Fundo Monet\u00e1rio Internacional (FMI). Segundo a institui\u00e7\u00e3o, o pa\u00eds dever\u00e1 encerrar o ano com PIB nominal de US$ 2,13 trilh\u00f5es, ultrapassando o Canad\u00e1, com PIB estimado em US$ 2,12 trilh\u00f5es.<\/p>\n<p>No ano passado, o Brasil estava na 11\u00aa posi\u00e7\u00e3o. Segundo o FMI, at\u00e9 2026, o Brasil pode subir uma posi\u00e7\u00e3o e tornar-se a oitava maior economia do planeta, com PIB estimado em US$ 2,476 trilh\u00f5es.<\/p>\n<p>As estimativas foram divulgadas com base no relat\u00f3rio &#8220;Perspectiva Econ\u00f4mica Mundial&#8221;, lan\u00e7ado em outubro. Na ocasi\u00e3o, o FMI estimou crescimento de 3,1% para o PIB brasileiro neste ano, contra estimativa de 2,1% no relat\u00f3rio anterior.<\/p>\n<p>Segundo o FMI, os Estados Unidos, a China e Alemanha continuaram sendo as maiores economias do mundo neste ano. O \u00f3rg\u00e3o projeta que a economia global desacelerar\u00e1 neste ano, crescendo 3%, contra 3,5% em 2022. Para 2024, o FMI estima expans\u00e3o global de 2,9%.<\/p>\n<p>Para o Brasil, o FMI projeta crescimento de 1,5% no pr\u00f3ximo ano. A proje\u00e7\u00e3o \u00e9 mais baixa que a da Organiza\u00e7\u00e3o para a Coopera\u00e7\u00e3o e Desenvolvimento Econ\u00f4mico (OCDE), que prev\u00ea expans\u00e3o de 1,8% para a economia brasileira em 2024. O Minist\u00e9rio da Fazenda projeta crescimento de 2,2%.<\/p>\n<p>Confira o ranking das dez maiores economias do mundo em 2023, segundo proje\u00e7\u00e3o do FMI:<\/p>\n<p>1. Estados Unidos \u2013 US$ 26,95 trilh\u00f5es<br \/>\n2. China \u2013 US$ 17,7 trilh\u00f5es<br \/>\n3- Alemanha \u2013 US$ 4,43 trilh\u00f5es<br \/>\n4. Jap\u00e3o \u2013 US$ 4,23 trilh\u00f5es<br \/>\n5. \u00cdndia \u2013 US$ 3,73 trilh\u00f5es<br \/>\n6. Reino Unido \u2013 US$ 3,33 trilh\u00f5es<br \/>\n7. Fran\u00e7a \u2013 US$ 3,05 trilh\u00f5es<br \/>\n8. It\u00e1lia \u2013 US$ 2,19 trilh\u00f5es<br \/>\n<strong>9. Brasil \u2013 US$ 2,13 trilh\u00f5es<\/strong><br \/>\n10. Canad\u00e1 \u2013 US$ 2,12 trilh\u00f5es<\/p>\n<p><strong>Repercuss\u00f5es<\/strong><\/p>\n<p>Na rede social X (antigo Twitter), o presidente Luiz In\u00e1cio Lula da Silva comemorou o resultado com uma brincadeira: &#8220;Voc\u00eas n\u00e3o sabem o trabalho que d\u00e1 para ter tanta sorte&#8230;&#8221;, escreveu.<\/p>\n<p>O ministro-chefe da Secretaria de Comunica\u00e7\u00e3o Social, Paulo Pimenta, tamb\u00e9m celebrou a divulga\u00e7\u00e3o do FMI afirmando, em suas redes sociais, que o Brasil est\u00e1 &#8220;de volta ao top 10&#8221;.<\/p>\n<p>O deputado federal Vander Loubet destacou que esse resultado est\u00e1 diretamente ligado ao esfor\u00e7o do governo. &#8220;Aprovamos a nova regra fiscal, que garante o controle das finan\u00e7as com espa\u00e7o para investimentos p\u00fablicos; aprovamos a retomada dos programas sociais e das pol\u00edticas p\u00fablicas de investimento no pa\u00eds; e aprovamos a hist\u00f3rica reforma tribut\u00e1ria. Tudo isso mostra o empenho do governo Lula em promover desenvolvimento sustent\u00e1vel e isso se reflete na economia&#8221;, apontou.<\/p>\n<blockquote class=\"twitter-tweet\">\n<p dir=\"ltr\" lang=\"pt\">Voc\u00eas n\u00e3o sabem o trabalho que d\u00e1 para ter tanta sorte&#8230; <a href=\"https:\/\/t.co\/NHaTKdu6lB\">https:\/\/t.co\/NHaTKdu6lB<\/a><\/p>\n<p>\u2014 Lula (@LulaOficial) <a href=\"https:\/\/twitter.com\/LulaOficial\/status\/1737132662186225769?ref_src=twsrc%5Etfw\">December 19, 2023<\/a><\/p><\/blockquote>\n<p><script async src=\"https:\/\/platform.twitter.com\/widgets.js\" charset=\"utf-8\"><\/script><\/p>\n<pre><em>Fonte: Ag\u00eancia Brasil<\/em>\r\n<em>Foto: Ricardo Stuckert<\/em><\/pre>\n","protected":false},"excerpt":{"rendered":"<p>No ano passado, o pa\u00eds estava na 11\u00aa posi\u00e7\u00e3o. Segundo o FMI, at\u00e9 2026 o Brasil pode tornar-se a oitava economia do planeta.<\/p>\n","protected":false},"author":2,"featured_media":19372,"comment_status":"closed","ping_status":"closed","sticky":false,"template":"","format":"standard","meta":{"jetpack_post_was_ever_published":false,"_jetpack_newsletter_access":"","_jetpack_dont_email_post_to_subs":false,"_jetpack_newsletter_tier_id":0,"_jetpack_memberships_contains_paywalled_content":false,"_jetpack_memberships_contains_paid_content":false,"footnotes":""},"categories":[2098,10],"tags":[685,2525,1189],"class_list":{"0":"post-19371","1":"post","2":"type-post","3":"status-publish","4":"format-standard","5":"has-post-thumbnail","7":"category-brasil-noticias","8":"category-noticias","9":"tag-economia","10":"tag-governo-federal","11":"tag-lula"},"yoast_head":"<!-- This site is optimized with the Yoast SEO plugin v27.4 - https:\/\/yoast.com\/product\/yoast-seo-wordpress\/ -->\n<title>Brasil salta duas posi\u00e7\u00f5es e se torna a 9\u00aa economia do mundo em 2023<\/title>\n<meta name=\"description\" content=\"No ano passado, o pa\u00eds estava na 11\u00aa posi\u00e7\u00e3o. Segundo o FMI, at\u00e9 2026 o Brasil pode tornar-se a oitava economia do planeta.\" \/>\n<meta name=\"robots\" content=\"index, follow, max-snippet:-1, max-image-preview:large, max-video-preview:-1\" \/>\n<link rel=\"canonical\" href=\"https:\/\/vanderloubet.com.br\/deputado\/brasil-salta-duas-posicoes-e-se-torna-a-9a-economia-do-mundo-em-2023\/\" \/>\n<meta property=\"og:locale\" content=\"pt_BR\" \/>\n<meta property=\"og:type\" content=\"article\" \/>\n<meta property=\"og:title\" content=\"Brasil salta duas posi\u00e7\u00f5es e se torna a 9\u00aa economia do mundo em 2023\" \/>\n<meta property=\"og:description\" content=\"No ano passado, o pa\u00eds estava na 11\u00aa posi\u00e7\u00e3o. Segundo o FMI, at\u00e9 2026 o Brasil pode tornar-se a oitava economia do planeta.\" \/>\n<meta property=\"og:url\" content=\"https:\/\/vanderloubet.com.br\/deputado\/brasil-salta-duas-posicoes-e-se-torna-a-9a-economia-do-mundo-em-2023\/\" \/>\n<meta property=\"og:site_name\" content=\"Deputado Federal Vander Loubet\" \/>\n<meta property=\"article:publisher\" content=\"https:\/\/facebook.com\/deputadovander\" \/>\n<meta property=\"article:published_time\" content=\"2023-12-20T12:48:26+00:00\" \/>\n<meta property=\"article:modified_time\" content=\"2023-12-20T15:20:37+00:00\" \/>\n<meta property=\"og:image\" content=\"https:\/\/vanderloubet.com.br\/deputado\/wp-content\/uploads\/2023\/12\/foto-2023-12-20-lula.jpg\" \/>\n\t<meta property=\"og:image:width\" content=\"900\" \/>\n\t<meta property=\"og:image:height\" content=\"600\" \/>\n\t<meta property=\"og:image:type\" content=\"image\/jpeg\" \/>\n<meta name=\"author\" content=\"\u00c9der\" \/>\n<meta name=\"twitter:card\" content=\"summary_large_image\" \/>\n<meta name=\"twitter:creator\" content=\"@vanderloubet\" \/>\n<meta name=\"twitter:site\" content=\"@vanderloubet\" \/>\n<script type=\"application\/ld+json\" class=\"yoast-schema-graph\">{\"@context\":\"https:\\\/\\\/schema.org\",\"@graph\":[{\"@type\":\"Article\",\"@id\":\"https:\\\/\\\/vanderloubet.com.br\\\/deputado\\\/brasil-salta-duas-posicoes-e-se-torna-a-9a-economia-do-mundo-em-2023\\\/#article\",\"isPartOf\":{\"@id\":\"https:\\\/\\\/vanderloubet.com.br\\\/deputado\\\/brasil-salta-duas-posicoes-e-se-torna-a-9a-economia-do-mundo-em-2023\\\/\"},\"author\":{\"name\":\"\u00c9der\",\"@id\":\"https:\\\/\\\/vanderloubet.com.br\\\/deputado\\\/#\\\/schema\\\/person\\\/15b51bd564532a8a68d9dec1b8eb890e\"},\"headline\":\"Brasil salta duas posi\u00e7\u00f5es e se torna a 9\u00aa economia do mundo em 2023\",\"datePublished\":\"2023-12-20T12:48:26+00:00\",\"dateModified\":\"2023-12-20T15:20:37+00:00\",\"mainEntityOfPage\":{\"@id\":\"https:\\\/\\\/vanderloubet.com.br\\\/deputado\\\/brasil-salta-duas-posicoes-e-se-torna-a-9a-economia-do-mundo-em-2023\\\/\"},\"wordCount\":472,\"publisher\":{\"@id\":\"https:\\\/\\\/vanderloubet.com.br\\\/deputado\\\/#organization\"},\"image\":{\"@id\":\"https:\\\/\\\/vanderloubet.com.br\\\/deputado\\\/brasil-salta-duas-posicoes-e-se-torna-a-9a-economia-do-mundo-em-2023\\\/#primaryimage\"},\"thumbnailUrl\":\"https:\\\/\\\/vanderloubet.com.br\\\/deputado\\\/wp-content\\\/uploads\\\/2023\\\/12\\\/foto-2023-12-20-lula.jpg\",\"keywords\":[\"economia\",\"governo federal\",\"lula\"],\"articleSection\":[\"Brasil\",\"Not\u00edcias\"],\"inLanguage\":\"pt-BR\"},{\"@type\":\"WebPage\",\"@id\":\"https:\\\/\\\/vanderloubet.com.br\\\/deputado\\\/brasil-salta-duas-posicoes-e-se-torna-a-9a-economia-do-mundo-em-2023\\\/\",\"url\":\"https:\\\/\\\/vanderloubet.com.br\\\/deputado\\\/brasil-salta-duas-posicoes-e-se-torna-a-9a-economia-do-mundo-em-2023\\\/\",\"name\":\"Brasil salta duas posi\u00e7\u00f5es e se torna a 9\u00aa economia do mundo em 2023\",\"isPartOf\":{\"@id\":\"https:\\\/\\\/vanderloubet.com.br\\\/deputado\\\/#website\"},\"primaryImageOfPage\":{\"@id\":\"https:\\\/\\\/vanderloubet.com.br\\\/deputado\\\/brasil-salta-duas-posicoes-e-se-torna-a-9a-economia-do-mundo-em-2023\\\/#primaryimage\"},\"image\":{\"@id\":\"https:\\\/\\\/vanderloubet.com.br\\\/deputado\\\/brasil-salta-duas-posicoes-e-se-torna-a-9a-economia-do-mundo-em-2023\\\/#primaryimage\"},\"thumbnailUrl\":\"https:\\\/\\\/vanderloubet.com.br\\\/deputado\\\/wp-content\\\/uploads\\\/2023\\\/12\\\/foto-2023-12-20-lula.jpg\",\"datePublished\":\"2023-12-20T12:48:26+00:00\",\"dateModified\":\"2023-12-20T15:20:37+00:00\",\"description\":\"No ano passado, o pa\u00eds estava na 11\u00aa posi\u00e7\u00e3o. Segundo o FMI, at\u00e9 2026 o Brasil pode tornar-se a oitava economia do planeta.\",\"breadcrumb\":{\"@id\":\"https:\\\/\\\/vanderloubet.com.br\\\/deputado\\\/brasil-salta-duas-posicoes-e-se-torna-a-9a-economia-do-mundo-em-2023\\\/#breadcrumb\"},\"inLanguage\":\"pt-BR\",\"potentialAction\":[{\"@type\":\"ReadAction\",\"target\":[\"https:\\\/\\\/vanderloubet.com.br\\\/deputado\\\/brasil-salta-duas-posicoes-e-se-torna-a-9a-economia-do-mundo-em-2023\\\/\"]}]},{\"@type\":\"ImageObject\",\"inLanguage\":\"pt-BR\",\"@id\":\"https:\\\/\\\/vanderloubet.com.br\\\/deputado\\\/brasil-salta-duas-posicoes-e-se-torna-a-9a-economia-do-mundo-em-2023\\\/#primaryimage\",\"url\":\"https:\\\/\\\/vanderloubet.com.br\\\/deputado\\\/wp-content\\\/uploads\\\/2023\\\/12\\\/foto-2023-12-20-lula.jpg\",\"contentUrl\":\"https:\\\/\\\/vanderloubet.com.br\\\/deputado\\\/wp-content\\\/uploads\\\/2023\\\/12\\\/foto-2023-12-20-lula.jpg\",\"width\":900,\"height\":600,\"caption\":\"Brasil salta duas posi\u00e7\u00f5es e se torna a nona economia do mundo em 2023\"},{\"@type\":\"BreadcrumbList\",\"@id\":\"https:\\\/\\\/vanderloubet.com.br\\\/deputado\\\/brasil-salta-duas-posicoes-e-se-torna-a-9a-economia-do-mundo-em-2023\\\/#breadcrumb\",\"itemListElement\":[{\"@type\":\"ListItem\",\"position\":1,\"name\":\"In\u00edcio\",\"item\":\"https:\\\/\\\/vanderloubet.com.br\\\/deputado\\\/\"},{\"@type\":\"ListItem\",\"position\":2,\"name\":\"Brasil salta duas posi\u00e7\u00f5es e se torna a 9\u00aa economia do mundo em 2023\"}]},{\"@type\":\"WebSite\",\"@id\":\"https:\\\/\\\/vanderloubet.com.br\\\/deputado\\\/#website\",\"url\":\"https:\\\/\\\/vanderloubet.com.br\\\/deputado\\\/\",\"name\":\"Deputado Federal Vander Loubet\",\"description\":\"O Federal de MS\",\"publisher\":{\"@id\":\"https:\\\/\\\/vanderloubet.com.br\\\/deputado\\\/#organization\"},\"alternateName\":\"Deputado Vander\",\"potentialAction\":[{\"@type\":\"SearchAction\",\"target\":{\"@type\":\"EntryPoint\",\"urlTemplate\":\"https:\\\/\\\/vanderloubet.com.br\\\/deputado\\\/?s={search_term_string}\"},\"query-input\":{\"@type\":\"PropertyValueSpecification\",\"valueRequired\":true,\"valueName\":\"search_term_string\"}}],\"inLanguage\":\"pt-BR\"},{\"@type\":\"Organization\",\"@id\":\"https:\\\/\\\/vanderloubet.com.br\\\/deputado\\\/#organization\",\"name\":\"Deputado Federal Vander Loubet\",\"alternateName\":\"Deputado Vander\",\"url\":\"https:\\\/\\\/vanderloubet.com.br\\\/deputado\\\/\",\"logo\":{\"@type\":\"ImageObject\",\"inLanguage\":\"pt-BR\",\"@id\":\"https:\\\/\\\/vanderloubet.com.br\\\/deputado\\\/#\\\/schema\\\/logo\\\/image\\\/\",\"url\":\"https:\\\/\\\/vanderloubet.com.br\\\/deputado\\\/wp-content\\\/uploads\\\/2023\\\/06\\\/foto-2023-06-19-mandato-deputado-vander.jpg\",\"contentUrl\":\"https:\\\/\\\/vanderloubet.com.br\\\/deputado\\\/wp-content\\\/uploads\\\/2023\\\/06\\\/foto-2023-06-19-mandato-deputado-vander.jpg\",\"width\":1080,\"height\":1080,\"caption\":\"Deputado Federal Vander Loubet\"},\"image\":{\"@id\":\"https:\\\/\\\/vanderloubet.com.br\\\/deputado\\\/#\\\/schema\\\/logo\\\/image\\\/\"},\"sameAs\":[\"https:\\\/\\\/facebook.com\\\/deputadovander\",\"https:\\\/\\\/x.com\\\/vanderloubet\",\"https:\\\/\\\/instagram.com\\\/vanderloubet\",\"https:\\\/\\\/youtube.com\\\/vanderloubet\",\"https:\\\/\\\/tiktok.com\\\/@vanderloubetms\"]},{\"@type\":\"Person\",\"@id\":\"https:\\\/\\\/vanderloubet.com.br\\\/deputado\\\/#\\\/schema\\\/person\\\/15b51bd564532a8a68d9dec1b8eb890e\",\"name\":\"\u00c9der\",\"image\":{\"@type\":\"ImageObject\",\"inLanguage\":\"pt-BR\",\"@id\":\"https:\\\/\\\/vanderloubet.com.br\\\/deputado\\\/wp-content\\\/litespeed\\\/avatar\\\/88ca4090d9d5ab1c9495f6ca03b68efa.jpg?ver=1777058957\",\"url\":\"https:\\\/\\\/vanderloubet.com.br\\\/deputado\\\/wp-content\\\/litespeed\\\/avatar\\\/88ca4090d9d5ab1c9495f6ca03b68efa.jpg?ver=1777058957\",\"contentUrl\":\"https:\\\/\\\/vanderloubet.com.br\\\/deputado\\\/wp-content\\\/litespeed\\\/avatar\\\/88ca4090d9d5ab1c9495f6ca03b68efa.jpg?ver=1777058957\",\"caption\":\"\u00c9der\"}}]}<\/script>\n<!-- \/ Yoast SEO plugin. -->","yoast_head_json":{"title":"Brasil salta duas posi\u00e7\u00f5es e se torna a 9\u00aa economia do mundo em 2023","description":"No ano passado, o pa\u00eds estava na 11\u00aa posi\u00e7\u00e3o. Segundo o FMI, at\u00e9 2026 o Brasil pode tornar-se a oitava economia do planeta.","robots":{"index":"index","follow":"follow","max-snippet":"max-snippet:-1","max-image-preview":"max-image-preview:large","max-video-preview":"max-video-preview:-1"},"canonical":"https:\/\/vanderloubet.com.br\/deputado\/brasil-salta-duas-posicoes-e-se-torna-a-9a-economia-do-mundo-em-2023\/","og_locale":"pt_BR","og_type":"article","og_title":"Brasil salta duas posi\u00e7\u00f5es e se torna a 9\u00aa economia do mundo em 2023","og_description":"No ano passado, o pa\u00eds estava na 11\u00aa posi\u00e7\u00e3o. Segundo o FMI, at\u00e9 2026 o Brasil pode tornar-se a oitava economia do planeta.","og_url":"https:\/\/vanderloubet.com.br\/deputado\/brasil-salta-duas-posicoes-e-se-torna-a-9a-economia-do-mundo-em-2023\/","og_site_name":"Deputado Federal Vander Loubet","article_publisher":"https:\/\/facebook.com\/deputadovander","article_published_time":"2023-12-20T12:48:26+00:00","article_modified_time":"2023-12-20T15:20:37+00:00","og_image":[{"width":900,"height":600,"url":"https:\/\/vanderloubet.com.br\/deputado\/wp-content\/uploads\/2023\/12\/foto-2023-12-20-lula.jpg","type":"image\/jpeg"}],"author":"\u00c9der","twitter_card":"summary_large_image","twitter_creator":"@vanderloubet","twitter_site":"@vanderloubet","schema":{"@context":"https:\/\/schema.org","@graph":[{"@type":"Article","@id":"https:\/\/vanderloubet.com.br\/deputado\/brasil-salta-duas-posicoes-e-se-torna-a-9a-economia-do-mundo-em-2023\/#article","isPartOf":{"@id":"https:\/\/vanderloubet.com.br\/deputado\/brasil-salta-duas-posicoes-e-se-torna-a-9a-economia-do-mundo-em-2023\/"},"author":{"name":"\u00c9der","@id":"https:\/\/vanderloubet.com.br\/deputado\/#\/schema\/person\/15b51bd564532a8a68d9dec1b8eb890e"},"headline":"Brasil salta duas posi\u00e7\u00f5es e se torna a 9\u00aa economia do mundo em 2023","datePublished":"2023-12-20T12:48:26+00:00","dateModified":"2023-12-20T15:20:37+00:00","mainEntityOfPage":{"@id":"https:\/\/vanderloubet.com.br\/deputado\/brasil-salta-duas-posicoes-e-se-torna-a-9a-economia-do-mundo-em-2023\/"},"wordCount":472,"publisher":{"@id":"https:\/\/vanderloubet.com.br\/deputado\/#organization"},"image":{"@id":"https:\/\/vanderloubet.com.br\/deputado\/brasil-salta-duas-posicoes-e-se-torna-a-9a-economia-do-mundo-em-2023\/#primaryimage"},"thumbnailUrl":"https:\/\/vanderloubet.com.br\/deputado\/wp-content\/uploads\/2023\/12\/foto-2023-12-20-lula.jpg","keywords":["economia","governo federal","lula"],"articleSection":["Brasil","Not\u00edcias"],"inLanguage":"pt-BR"},{"@type":"WebPage","@id":"https:\/\/vanderloubet.com.br\/deputado\/brasil-salta-duas-posicoes-e-se-torna-a-9a-economia-do-mundo-em-2023\/","url":"https:\/\/vanderloubet.com.br\/deputado\/brasil-salta-duas-posicoes-e-se-torna-a-9a-economia-do-mundo-em-2023\/","name":"Brasil salta duas posi\u00e7\u00f5es e se torna a 9\u00aa economia do mundo em 2023","isPartOf":{"@id":"https:\/\/vanderloubet.com.br\/deputado\/#website"},"primaryImageOfPage":{"@id":"https:\/\/vanderloubet.com.br\/deputado\/brasil-salta-duas-posicoes-e-se-torna-a-9a-economia-do-mundo-em-2023\/#primaryimage"},"image":{"@id":"https:\/\/vanderloubet.com.br\/deputado\/brasil-salta-duas-posicoes-e-se-torna-a-9a-economia-do-mundo-em-2023\/#primaryimage"},"thumbnailUrl":"https:\/\/vanderloubet.com.br\/deputado\/wp-content\/uploads\/2023\/12\/foto-2023-12-20-lula.jpg","datePublished":"2023-12-20T12:48:26+00:00","dateModified":"2023-12-20T15:20:37+00:00","description":"No ano passado, o pa\u00eds estava na 11\u00aa posi\u00e7\u00e3o. Segundo o FMI, at\u00e9 2026 o Brasil pode tornar-se a oitava economia do planeta.","breadcrumb":{"@id":"https:\/\/vanderloubet.com.br\/deputado\/brasil-salta-duas-posicoes-e-se-torna-a-9a-economia-do-mundo-em-2023\/#breadcrumb"},"inLanguage":"pt-BR","potentialAction":[{"@type":"ReadAction","target":["https:\/\/vanderloubet.com.br\/deputado\/brasil-salta-duas-posicoes-e-se-torna-a-9a-economia-do-mundo-em-2023\/"]}]},{"@type":"ImageObject","inLanguage":"pt-BR","@id":"https:\/\/vanderloubet.com.br\/deputado\/brasil-salta-duas-posicoes-e-se-torna-a-9a-economia-do-mundo-em-2023\/#primaryimage","url":"https:\/\/vanderloubet.com.br\/deputado\/wp-content\/uploads\/2023\/12\/foto-2023-12-20-lula.jpg","contentUrl":"https:\/\/vanderloubet.com.br\/deputado\/wp-content\/uploads\/2023\/12\/foto-2023-12-20-lula.jpg","width":900,"height":600,"caption":"Brasil salta duas posi\u00e7\u00f5es e se torna a nona economia do mundo em 2023"},{"@type":"BreadcrumbList","@id":"https:\/\/vanderloubet.com.br\/deputado\/brasil-salta-duas-posicoes-e-se-torna-a-9a-economia-do-mundo-em-2023\/#breadcrumb","itemListElement":[{"@type":"ListItem","position":1,"name":"In\u00edcio","item":"https:\/\/vanderloubet.com.br\/deputado\/"},{"@type":"ListItem","position":2,"name":"Brasil salta duas posi\u00e7\u00f5es e se torna a 9\u00aa economia do mundo em 2023"}]},{"@type":"WebSite","@id":"https:\/\/vanderloubet.com.br\/deputado\/#website","url":"https:\/\/vanderloubet.com.br\/deputado\/","name":"Deputado Federal Vander Loubet","description":"O Federal de MS","publisher":{"@id":"https:\/\/vanderloubet.com.br\/deputado\/#organization"},"alternateName":"Deputado Vander","potentialAction":[{"@type":"SearchAction","target":{"@type":"EntryPoint","urlTemplate":"https:\/\/vanderloubet.com.br\/deputado\/?s={search_term_string}"},"query-input":{"@type":"PropertyValueSpecification","valueRequired":true,"valueName":"search_term_string"}}],"inLanguage":"pt-BR"},{"@type":"Organization","@id":"https:\/\/vanderloubet.com.br\/deputado\/#organization","name":"Deputado Federal Vander Loubet","alternateName":"Deputado Vander","url":"https:\/\/vanderloubet.com.br\/deputado\/","logo":{"@type":"ImageObject","inLanguage":"pt-BR","@id":"https:\/\/vanderloubet.com.br\/deputado\/#\/schema\/logo\/image\/","url":"https:\/\/vanderloubet.com.br\/deputado\/wp-content\/uploads\/2023\/06\/foto-2023-06-19-mandato-deputado-vander.jpg","contentUrl":"https:\/\/vanderloubet.com.br\/deputado\/wp-content\/uploads\/2023\/06\/foto-2023-06-19-mandato-deputado-vander.jpg","width":1080,"height":1080,"caption":"Deputado Federal Vander Loubet"},"image":{"@id":"https:\/\/vanderloubet.com.br\/deputado\/#\/schema\/logo\/image\/"},"sameAs":["https:\/\/facebook.com\/deputadovander","https:\/\/x.com\/vanderloubet","https:\/\/instagram.com\/vanderloubet","https:\/\/youtube.com\/vanderloubet","https:\/\/tiktok.com\/@vanderloubetms"]},{"@type":"Person","@id":"https:\/\/vanderloubet.com.br\/deputado\/#\/schema\/person\/15b51bd564532a8a68d9dec1b8eb890e","name":"\u00c9der","image":{"@type":"ImageObject","inLanguage":"pt-BR","@id":"https:\/\/vanderloubet.com.br\/deputado\/wp-content\/litespeed\/avatar\/88ca4090d9d5ab1c9495f6ca03b68efa.jpg?ver=1777058957","url":"https:\/\/vanderloubet.com.br\/deputado\/wp-content\/litespeed\/avatar\/88ca4090d9d5ab1c9495f6ca03b68efa.jpg?ver=1777058957","contentUrl":"https:\/\/vanderloubet.com.br\/deputado\/wp-content\/litespeed\/avatar\/88ca4090d9d5ab1c9495f6ca03b68efa.jpg?ver=1777058957","caption":"\u00c9der"}}]}},"jetpack_featured_media_url":"https:\/\/vanderloubet.com.br\/deputado\/wp-content\/uploads\/2023\/12\/foto-2023-12-20-lula.jpg","jetpack_sharing_enabled":true,"_links":{"self":[{"href":"https:\/\/vanderloubet.com.br\/deputado\/wp-json\/wp\/v2\/posts\/19371","targetHints":{"allow":["GET"]}}],"collection":[{"href":"https:\/\/vanderloubet.com.br\/deputado\/wp-json\/wp\/v2\/posts"}],"about":[{"href":"https:\/\/vanderloubet.com.br\/deputado\/wp-json\/wp\/v2\/types\/post"}],"author":[{"embeddable":true,"href":"https:\/\/vanderloubet.com.br\/deputado\/wp-json\/wp\/v2\/users\/2"}],"replies":[{"embeddable":true,"href":"https:\/\/vanderloubet.com.br\/deputado\/wp-json\/wp\/v2\/comments?post=19371"}],"version-history":[{"count":0,"href":"https:\/\/vanderloubet.com.br\/deputado\/wp-json\/wp\/v2\/posts\/19371\/revisions"}],"wp:featuredmedia":[{"embeddable":true,"href":"https:\/\/vanderloubet.com.br\/deputado\/wp-json\/wp\/v2\/media\/19372"}],"wp:attachment":[{"href":"https:\/\/vanderloubet.com.br\/deputado\/wp-json\/wp\/v2\/media?parent=19371"}],"wp:term":[{"taxonomy":"category","embeddable":true,"href":"https:\/\/vanderloubet.com.br\/deputado\/wp-json\/wp\/v2\/categories?post=19371"},{"taxonomy":"post_tag","embeddable":true,"href":"https:\/\/vanderloubet.com.br\/deputado\/wp-json\/wp\/v2\/tags?post=19371"}],"curies":[{"name":"wp","href":"https:\/\/api.w.org\/{rel}","templated":true}]}}