{"id":19314,"date":"2023-11-17T17:00:39","date_gmt":"2023-11-17T21:00:39","guid":{"rendered":"https:\/\/vanderloubet.com.br\/deputado\/?p=19314"},"modified":"2023-11-20T17:55:34","modified_gmt":"2023-11-20T21:55:34","slug":"com-apoio-de-vander-toro-candil-reforca-integracao-brasil-paraguai-em-porto-murtinho","status":"publish","type":"post","link":"https:\/\/vanderloubet.com.br\/deputado\/com-apoio-de-vander-toro-candil-reforca-integracao-brasil-paraguai-em-porto-murtinho\/","title":{"rendered":"Com apoio de Vander, Toro Candil refor\u00e7a integra\u00e7\u00e3o Brasil-Paraguai em Porto Murtinho"},"content":{"rendered":"<p>Nos dias 7 e 8 de dezembro deste ano acontecer\u00e1 em Porto Murtinho, na fronteira com o Paraguai, o III Festival de Rua do Toro Candil. \u00c9 um dos eventos de maior import\u00e2ncia para a integra\u00e7\u00e3o e a afirma\u00e7\u00e3o de identidades entre o Brasil e os povos latino-americanos, com \u00eanfase em um contexto de apelos civilizat\u00f3rios, art\u00edstico-culturais, religiosos e sociais comuns na hist\u00f3ria de brasileiros e paraguaios.<\/p>\n<p>Idealizado e realizado pela produtora cultural Mara Silvestre, o evento de 2023 \u00e9 financiado por uma emenda parlamentar do deputado federal Vander Loubet (PT-MS) junto ao Minist\u00e9rio da Cultura. O Festival conta com o apoio do Governo do Estado, via Secretaria de Estado de Turismo, Esporte, Cultura e Cidadania (Setescc), e da Prefeitura de Porto Murtinho.<\/p>\n<p>Segundo Mara, embora de origem hisp\u00e2nica, o Toro Candil \u00e9 um produto cultural gerado nos ambientes civilizat\u00f3rios do Paraguai e do Brasil. \u00c9 uma festa popular, na qual a rua \u00e9 o palco principal, incorporando v\u00e1rios elementos culturais: o religioso, na f\u00e9 comum dos fronteiri\u00e7os \u00e0 sua padroeira, Nossa Senhora Virgem de Caacup\u00ea, com a liturgia devocional das &#8220;promeseras&#8221; (devotas), e a brincadeira dos mascaritas (mascarados) toreando o touro com chifres flamejantes e tentando apanhar as bolas de fogo (pelota tat\u00e1).<\/p>\n<p>O Festival ter\u00e1 sua abertura \u00e0s 17h30 do dia 7 de dezembro, no Teatro de Arena Ast\u00e9rio da Concei\u00e7\u00e3o. Ap\u00f3s a travessia do Toro Candil pelo Rio Paraguai, aguardam sua chegada as promesseras, os mascaritas e a pelota tat\u00e1. O espet\u00e1culo circense e as atra\u00e7\u00f5es da festa seguem em celebra\u00e7\u00e3o com uma ben\u00e7\u00e3o em guarani. Ser\u00e1 lan\u00e7ado o selo postal da Empresa de Correios e Tel\u00e9grafos do Brasil do Festival de Rua do Toro Candil. Em seguida, o festejo segue com a cerim\u00f4nia de rever\u00eancias de mascaritas e os promesseros encantam o ambiente com a brincadeira da pelota tat\u00e1.<\/p>\n<p>Oficinas de Dramaturgia Circense com a Cia Circo do Mato, de Campo Grande, est\u00e3o marcadas para 5 a 7 de dezembro. As oficinas de Cello Lima sobre Sustentabilidade na Produ\u00e7\u00e3o Art\u00edstica e Tingimento com recursos naturais da regi\u00e3o foram agendadas para os pr\u00f3ximos dias 16, 17 e 18 de novembro, o que dar\u00e1 sustenta\u00e7\u00e3o art\u00edstica de ambienta\u00e7\u00e3o e performance ao evento. E haver\u00e1 ainda as palestras com doutores da Cultura, Ricardo C\u00e2mara e Giselda Tedesco, a partir das 9 horas do dia 7 de dezembro, no Cine Teatro Ney Machado Mesquita.<\/p>\n<p>No dia 8, a partir das 5 horas, haver\u00e1 uma alvorada festiva em devo\u00e7\u00e3o \u00e0 Virgem de Caacup\u00ea pelas ruas de Porto Murtinho, e \u00e0s 18 horas, no Teatro de Arena Ast\u00e9rio da Concei\u00e7\u00e3o, a celebra\u00e7\u00e3o da missa campal em guarani. Para o encerramento, atividades art\u00edsticas e culturais, com convidados e artistas da regi\u00e3o apresentando shows musicais. Os artistas que abrilhantar\u00e3o o evento s\u00e3o Geraldo Esp\u00edndola, Marcelo Loureiro, Tony &amp; Alberto Kchak e Irwing Ferreira.<\/p>\n<p>Toda a programa\u00e7\u00e3o tem um pr\u00eamio extraordin\u00e1rio para os visitantes: o cen\u00e1rio paradis\u00edaco tendo como tela de fundo o Rio Paraguai, entre Porto Murtinho e a Isla Margarita. Um recurso natural \u00fanico, que al\u00e9m da beleza e da riqueza de flora e fauna, \u00e9 um elo fronteiri\u00e7o inquebrant\u00e1vel, como frisa a idealizadora do evento, Mara Silvestre: &#8220;O rio que separa, nos une&#8221;.<\/p>\n<pre><em>Texto: Edson Moraes<\/em>\r\n<em>Edi\u00e7\u00e3o: \u00c9der F. Yanaguita<\/em>\r\n<em>Fotos: Luiz Irala e Leandro Benites<\/em><\/pre>\n\r\n                <style type=\"text\/css\">\r\n                    \r\n                    #tdi_1  .td-doubleSlider-2 .td-item1 {\r\n                        background: url(https:\/\/vanderloubet.com.br\/deputado\/wp-content\/uploads\/2023\/11\/foto-2023-11-20-toro-candil-porto-murtinho-1-80x60.jpg) 0 0 no-repeat;\r\n                    }\r\n                    #tdi_1  .td-doubleSlider-2 .td-item2 {\r\n                        background: url(https:\/\/vanderloubet.com.br\/deputado\/wp-content\/uploads\/2023\/11\/foto-2023-11-20-toro-candil-porto-murtinho-2-80x60.jpg) 0 0 no-repeat;\r\n                    }\r\n                    #tdi_1  .td-doubleSlider-2 .td-item3 {\r\n                        background: url(https:\/\/vanderloubet.com.br\/deputado\/wp-content\/uploads\/2023\/11\/foto-2023-11-20-toro-candil-porto-murtinho-3-80x60.jpg) 0 0 no-repeat;\r\n                    }\r\n                    #tdi_1  .td-doubleSlider-2 .td-item4 {\r\n                        background: url(https:\/\/vanderloubet.com.br\/deputado\/wp-content\/uploads\/2023\/11\/foto-2023-11-20-toro-candil-porto-murtinho-4-80x60.jpg) 0 0 no-repeat;\r\n                    }\r\n                    #tdi_1  .td-doubleSlider-2 .td-item5 {\r\n                        background: url(https:\/\/vanderloubet.com.br\/deputado\/wp-content\/uploads\/2023\/11\/foto-2023-11-20-toro-candil-porto-murtinho-5-80x60.jpg) 0 0 no-repeat;\r\n                    }\r\n                    #tdi_1  .td-doubleSlider-2 .td-item6 {\r\n                        background: url(https:\/\/vanderloubet.com.br\/deputado\/wp-content\/uploads\/2023\/11\/foto-2023-11-20-toro-candil-porto-murtinho-6-80x60.jpg) 0 0 no-repeat;\r\n                    }\r\n                <\/style>\r\n\r\n                <div id=\"tdi_1\" class=\"td-gallery td-slide-on-2-columns\">\r\n                    <div class=\"post_td_gallery\">\r\n                        <div class=\"td-gallery-slide-top\">\r\n                           <div class=\"td-gallery-title\"><\/div>\r\n\r\n                            <div class=\"td-gallery-controls-wrapper\">\r\n                                <div class=\"td-gallery-slide-count\"><span class=\"td-gallery-slide-item-focus\">1<\/span> de 6<\/div>\r\n                                <div class=\"td-gallery-slide-prev-next-but\">\r\n                                    <i class = \"td-icon-left doubleSliderPrevButton\"><\/i>\r\n                                    <i class = \"td-icon-right doubleSliderNextButton\"><\/i>\r\n                                <\/div>\r\n                            <\/div>\r\n                        <\/div>\r\n\r\n                        <div class = \"td-doubleSlider-1 \">\r\n                            <div class = \"td-slider\">\r\n                                \r\n                    <div class = \"td-slide-item td-item1\">\r\n                        <figure class=\"td-slide-galery-figure td-slide-popup-gallery\">\r\n                            <a class=\"slide-gallery-image-link\" href=\"https:\/\/vanderloubet.com.br\/deputado\/wp-content\/uploads\/2023\/11\/foto-2023-11-20-toro-candil-porto-murtinho-1.jpg\" title=\"Com apoio de Vander, Toro Candil refor\u00e7a integra\u00e7\u00e3o Brasil-Paraguai em Porto Murtinho\"  data-caption=\"\"  data-description=\"Com apoio de Vander, Toro Candil refor&ccedil;a integra&ccedil;&atilde;o Brasil-Paraguai em Porto Murtinho\">\r\n                                <img decoding=\"async\" src=\"https:\/\/vanderloubet.com.br\/deputado\/wp-content\/uploads\/2023\/11\/foto-2023-11-20-toro-candil-porto-murtinho-1-630x420.jpg\" srcset=\"https:\/\/vanderloubet.com.br\/deputado\/wp-content\/uploads\/2023\/11\/foto-2023-11-20-toro-candil-porto-murtinho-1-630x420.jpg 630w, https:\/\/vanderloubet.com.br\/deputado\/wp-content\/uploads\/2023\/11\/foto-2023-11-20-toro-candil-porto-murtinho-1-350x233.jpg 350w, https:\/\/vanderloubet.com.br\/deputado\/wp-content\/uploads\/2023\/11\/foto-2023-11-20-toro-candil-porto-murtinho-1-768x512.jpg 768w, https:\/\/vanderloubet.com.br\/deputado\/wp-content\/uploads\/2023\/11\/foto-2023-11-20-toro-candil-porto-murtinho-1-700x467.jpg 700w, https:\/\/vanderloubet.com.br\/deputado\/wp-content\/uploads\/2023\/11\/foto-2023-11-20-toro-candil-porto-murtinho-1-696x464.jpg 696w, https:\/\/vanderloubet.com.br\/deputado\/wp-content\/uploads\/2023\/11\/foto-2023-11-20-toro-candil-porto-murtinho-1.jpg 900w\" sizes=\"(max-width: 630px) 100vw, 630px\" alt=\"Com apoio de Vander, Toro Candil refor&ccedil;a integra&ccedil;&atilde;o Brasil-Paraguai em Porto Murtinho\">\r\n                            <\/a>\r\n                            <figcaption class = \"td-slide-caption td-gallery-slide-content\"><span>Com apoio de Vander, Toro Candil refor\u00e7a integra\u00e7\u00e3o Brasil-Paraguai em Porto Murtinho<\/span><\/figcaption>\r\n                        <\/figure>\r\n                    <\/div>\r\n                    <div class = \"td-slide-item td-item2\">\r\n                        <figure class=\"td-slide-galery-figure td-slide-popup-gallery\">\r\n                            <a class=\"slide-gallery-image-link\" href=\"https:\/\/vanderloubet.com.br\/deputado\/wp-content\/uploads\/2023\/11\/foto-2023-11-20-toro-candil-porto-murtinho-2.jpg\" title=\"Com apoio de Vander, Toro Candil refor\u00e7a integra\u00e7\u00e3o Brasil-Paraguai em Porto Murtinho\"  data-caption=\"\"  data-description=\"Com apoio de Vander, Toro Candil refor&ccedil;a integra&ccedil;&atilde;o Brasil-Paraguai em Porto Murtinho\">\r\n                                <img decoding=\"async\" src=\"https:\/\/vanderloubet.com.br\/deputado\/wp-content\/uploads\/2023\/11\/foto-2023-11-20-toro-candil-porto-murtinho-2-630x420.jpg\" srcset=\"https:\/\/vanderloubet.com.br\/deputado\/wp-content\/uploads\/2023\/11\/foto-2023-11-20-toro-candil-porto-murtinho-2-630x420.jpg 630w, https:\/\/vanderloubet.com.br\/deputado\/wp-content\/uploads\/2023\/11\/foto-2023-11-20-toro-candil-porto-murtinho-2-350x233.jpg 350w, https:\/\/vanderloubet.com.br\/deputado\/wp-content\/uploads\/2023\/11\/foto-2023-11-20-toro-candil-porto-murtinho-2-768x512.jpg 768w, https:\/\/vanderloubet.com.br\/deputado\/wp-content\/uploads\/2023\/11\/foto-2023-11-20-toro-candil-porto-murtinho-2-700x467.jpg 700w, https:\/\/vanderloubet.com.br\/deputado\/wp-content\/uploads\/2023\/11\/foto-2023-11-20-toro-candil-porto-murtinho-2-696x464.jpg 696w, https:\/\/vanderloubet.com.br\/deputado\/wp-content\/uploads\/2023\/11\/foto-2023-11-20-toro-candil-porto-murtinho-2.jpg 900w\" sizes=\"(max-width: 630px) 100vw, 630px\" alt=\"Com apoio de Vander, Toro Candil refor&ccedil;a integra&ccedil;&atilde;o Brasil-Paraguai em Porto Murtinho\">\r\n                            <\/a>\r\n                            <figcaption class = \"td-slide-caption td-gallery-slide-content\"><span>Com apoio de Vander, Toro Candil refor\u00e7a integra\u00e7\u00e3o Brasil-Paraguai em Porto Murtinho<\/span><\/figcaption>\r\n                        <\/figure>\r\n                    <\/div>\r\n                    <div class = \"td-slide-item td-item3\">\r\n                        <figure class=\"td-slide-galery-figure td-slide-popup-gallery\">\r\n                            <a class=\"slide-gallery-image-link\" href=\"https:\/\/vanderloubet.com.br\/deputado\/wp-content\/uploads\/2023\/11\/foto-2023-11-20-toro-candil-porto-murtinho-3.jpg\" title=\"Com apoio de Vander, Toro Candil refor\u00e7a integra\u00e7\u00e3o Brasil-Paraguai em Porto Murtinho\"  data-caption=\"\"  data-description=\"Com apoio de Vander, Toro Candil refor&ccedil;a integra&ccedil;&atilde;o Brasil-Paraguai em Porto Murtinho\">\r\n                                <img decoding=\"async\" src=\"https:\/\/vanderloubet.com.br\/deputado\/wp-content\/uploads\/2023\/11\/foto-2023-11-20-toro-candil-porto-murtinho-3-630x420.jpg\" srcset=\"https:\/\/vanderloubet.com.br\/deputado\/wp-content\/uploads\/2023\/11\/foto-2023-11-20-toro-candil-porto-murtinho-3-630x420.jpg 630w, https:\/\/vanderloubet.com.br\/deputado\/wp-content\/uploads\/2023\/11\/foto-2023-11-20-toro-candil-porto-murtinho-3-350x233.jpg 350w, https:\/\/vanderloubet.com.br\/deputado\/wp-content\/uploads\/2023\/11\/foto-2023-11-20-toro-candil-porto-murtinho-3-768x512.jpg 768w, https:\/\/vanderloubet.com.br\/deputado\/wp-content\/uploads\/2023\/11\/foto-2023-11-20-toro-candil-porto-murtinho-3-700x467.jpg 700w, https:\/\/vanderloubet.com.br\/deputado\/wp-content\/uploads\/2023\/11\/foto-2023-11-20-toro-candil-porto-murtinho-3-696x464.jpg 696w, https:\/\/vanderloubet.com.br\/deputado\/wp-content\/uploads\/2023\/11\/foto-2023-11-20-toro-candil-porto-murtinho-3.jpg 900w\" sizes=\"(max-width: 630px) 100vw, 630px\" alt=\"Com apoio de Vander, Toro Candil refor&ccedil;a integra&ccedil;&atilde;o Brasil-Paraguai em Porto Murtinho\">\r\n                            <\/a>\r\n                            <figcaption class = \"td-slide-caption td-gallery-slide-content\"><span>Com apoio de Vander, Toro Candil refor\u00e7a integra\u00e7\u00e3o Brasil-Paraguai em Porto Murtinho<\/span><\/figcaption>\r\n                        <\/figure>\r\n                    <\/div>\r\n                    <div class = \"td-slide-item td-item4\">\r\n                        <figure class=\"td-slide-galery-figure td-slide-popup-gallery\">\r\n                            <a class=\"slide-gallery-image-link\" href=\"https:\/\/vanderloubet.com.br\/deputado\/wp-content\/uploads\/2023\/11\/foto-2023-11-20-toro-candil-porto-murtinho-4.jpg\" title=\"Com apoio de Vander, Toro Candil refor\u00e7a integra\u00e7\u00e3o Brasil-Paraguai em Porto Murtinho\"  data-caption=\"\"  data-description=\"Com apoio de Vander, Toro Candil refor&ccedil;a integra&ccedil;&atilde;o Brasil-Paraguai em Porto Murtinho\">\r\n                                <img decoding=\"async\" src=\"https:\/\/vanderloubet.com.br\/deputado\/wp-content\/uploads\/2023\/11\/foto-2023-11-20-toro-candil-porto-murtinho-4-630x420.jpg\" srcset=\"https:\/\/vanderloubet.com.br\/deputado\/wp-content\/uploads\/2023\/11\/foto-2023-11-20-toro-candil-porto-murtinho-4-630x420.jpg 630w, https:\/\/vanderloubet.com.br\/deputado\/wp-content\/uploads\/2023\/11\/foto-2023-11-20-toro-candil-porto-murtinho-4-350x233.jpg 350w, https:\/\/vanderloubet.com.br\/deputado\/wp-content\/uploads\/2023\/11\/foto-2023-11-20-toro-candil-porto-murtinho-4-768x512.jpg 768w, https:\/\/vanderloubet.com.br\/deputado\/wp-content\/uploads\/2023\/11\/foto-2023-11-20-toro-candil-porto-murtinho-4-700x467.jpg 700w, https:\/\/vanderloubet.com.br\/deputado\/wp-content\/uploads\/2023\/11\/foto-2023-11-20-toro-candil-porto-murtinho-4-696x464.jpg 696w, https:\/\/vanderloubet.com.br\/deputado\/wp-content\/uploads\/2023\/11\/foto-2023-11-20-toro-candil-porto-murtinho-4.jpg 900w\" sizes=\"(max-width: 630px) 100vw, 630px\" alt=\"Com apoio de Vander, Toro Candil refor&ccedil;a integra&ccedil;&atilde;o Brasil-Paraguai em Porto Murtinho\">\r\n                            <\/a>\r\n                            <figcaption class = \"td-slide-caption td-gallery-slide-content\"><span>Com apoio de Vander, Toro Candil refor\u00e7a integra\u00e7\u00e3o Brasil-Paraguai em Porto Murtinho<\/span><\/figcaption>\r\n                        <\/figure>\r\n                    <\/div>\r\n                    <div class = \"td-slide-item td-item5\">\r\n                        <figure class=\"td-slide-galery-figure td-slide-popup-gallery\">\r\n                            <a class=\"slide-gallery-image-link\" href=\"https:\/\/vanderloubet.com.br\/deputado\/wp-content\/uploads\/2023\/11\/foto-2023-11-20-toro-candil-porto-murtinho-5.jpg\" title=\"Com apoio de Vander, Toro Candil refor\u00e7a integra\u00e7\u00e3o Brasil-Paraguai em Porto Murtinho\"  data-caption=\"\"  data-description=\"Com apoio de Vander, Toro Candil refor&ccedil;a integra&ccedil;&atilde;o Brasil-Paraguai em Porto Murtinho\">\r\n                                <img decoding=\"async\" src=\"https:\/\/vanderloubet.com.br\/deputado\/wp-content\/uploads\/2023\/11\/foto-2023-11-20-toro-candil-porto-murtinho-5-630x420.jpg\" srcset=\"https:\/\/vanderloubet.com.br\/deputado\/wp-content\/uploads\/2023\/11\/foto-2023-11-20-toro-candil-porto-murtinho-5-630x420.jpg 630w, https:\/\/vanderloubet.com.br\/deputado\/wp-content\/uploads\/2023\/11\/foto-2023-11-20-toro-candil-porto-murtinho-5-350x233.jpg 350w, https:\/\/vanderloubet.com.br\/deputado\/wp-content\/uploads\/2023\/11\/foto-2023-11-20-toro-candil-porto-murtinho-5-768x512.jpg 768w, https:\/\/vanderloubet.com.br\/deputado\/wp-content\/uploads\/2023\/11\/foto-2023-11-20-toro-candil-porto-murtinho-5-700x467.jpg 700w, https:\/\/vanderloubet.com.br\/deputado\/wp-content\/uploads\/2023\/11\/foto-2023-11-20-toro-candil-porto-murtinho-5-696x464.jpg 696w, https:\/\/vanderloubet.com.br\/deputado\/wp-content\/uploads\/2023\/11\/foto-2023-11-20-toro-candil-porto-murtinho-5.jpg 900w\" sizes=\"(max-width: 630px) 100vw, 630px\" alt=\"Com apoio de Vander, Toro Candil refor&ccedil;a integra&ccedil;&atilde;o Brasil-Paraguai em Porto Murtinho\">\r\n                            <\/a>\r\n                            <figcaption class = \"td-slide-caption td-gallery-slide-content\"><span>Com apoio de Vander, Toro Candil refor\u00e7a integra\u00e7\u00e3o Brasil-Paraguai em Porto Murtinho<\/span><\/figcaption>\r\n                        <\/figure>\r\n                    <\/div>\r\n                    <div class = \"td-slide-item td-item6\">\r\n                        <figure class=\"td-slide-galery-figure td-slide-popup-gallery\">\r\n                            <a class=\"slide-gallery-image-link\" href=\"https:\/\/vanderloubet.com.br\/deputado\/wp-content\/uploads\/2023\/11\/foto-2023-11-20-toro-candil-porto-murtinho-6.jpg\" title=\"Com apoio de Vander, Toro Candil refor\u00e7a integra\u00e7\u00e3o Brasil-Paraguai em Porto Murtinho\"  data-caption=\"\"  data-description=\"Com apoio de Vander, Toro Candil refor&ccedil;a integra&ccedil;&atilde;o Brasil-Paraguai em Porto Murtinho\">\r\n                                <img decoding=\"async\" src=\"https:\/\/vanderloubet.com.br\/deputado\/wp-content\/uploads\/2023\/11\/foto-2023-11-20-toro-candil-porto-murtinho-6-630x420.jpg\" srcset=\"https:\/\/vanderloubet.com.br\/deputado\/wp-content\/uploads\/2023\/11\/foto-2023-11-20-toro-candil-porto-murtinho-6-630x420.jpg 630w, https:\/\/vanderloubet.com.br\/deputado\/wp-content\/uploads\/2023\/11\/foto-2023-11-20-toro-candil-porto-murtinho-6-350x233.jpg 350w, https:\/\/vanderloubet.com.br\/deputado\/wp-content\/uploads\/2023\/11\/foto-2023-11-20-toro-candil-porto-murtinho-6-768x512.jpg 768w, https:\/\/vanderloubet.com.br\/deputado\/wp-content\/uploads\/2023\/11\/foto-2023-11-20-toro-candil-porto-murtinho-6-700x467.jpg 700w, https:\/\/vanderloubet.com.br\/deputado\/wp-content\/uploads\/2023\/11\/foto-2023-11-20-toro-candil-porto-murtinho-6-696x464.jpg 696w, https:\/\/vanderloubet.com.br\/deputado\/wp-content\/uploads\/2023\/11\/foto-2023-11-20-toro-candil-porto-murtinho-6.jpg 900w\" sizes=\"(max-width: 630px) 100vw, 630px\" alt=\"Com apoio de Vander, Toro Candil refor&ccedil;a integra&ccedil;&atilde;o Brasil-Paraguai em Porto Murtinho\">\r\n                            <\/a>\r\n                            <figcaption class = \"td-slide-caption td-gallery-slide-content\"><span>Com apoio de Vander, Toro Candil refor\u00e7a integra\u00e7\u00e3o Brasil-Paraguai em Porto Murtinho<\/span><\/figcaption>\r\n                        <\/figure>\r\n                    <\/div>\r\n                            <\/div>\r\n                        <\/div>\r\n\r\n                        <div class = \"td-doubleSlider-2\">\r\n                            <div class = \"td-slider\">\r\n                                \r\n                    <div class = \"td-button td-item1\">\r\n                        <div class = \"td-border\"><\/div>\r\n                    <\/div>\r\n                    <div class = \"td-button td-item2\">\r\n                        <div class = \"td-border\"><\/div>\r\n                    <\/div>\r\n                    <div class = \"td-button td-item3\">\r\n                        <div class = \"td-border\"><\/div>\r\n                    <\/div>\r\n                    <div class = \"td-button td-item4\">\r\n                        <div class = \"td-border\"><\/div>\r\n                    <\/div>\r\n                    <div class = \"td-button td-item5\">\r\n                        <div class = \"td-border\"><\/div>\r\n                    <\/div>\r\n                    <div class = \"td-button td-item6\">\r\n                        <div class = \"td-border\"><\/div>\r\n                    <\/div>\r\n                            <\/div>\r\n                        <\/div>\r\n\r\n                    <\/div>\r\n\r\n                <\/div>\r\n                \n","protected":false},"excerpt":{"rendered":"<p>III Festival de Rua do Toro Candil ser\u00e1 realizado nos dias 7 e 8 de dezembro deste ano, no munic\u00edpio fronteiri\u00e7o.<\/p>\n","protected":false},"author":2,"featured_media":19320,"comment_status":"closed","ping_status":"closed","sticky":false,"template":"","format":"standard","meta":{"jetpack_post_was_ever_published":false,"_jetpack_newsletter_access":"","_jetpack_dont_email_post_to_subs":false,"_jetpack_newsletter_tier_id":0,"_jetpack_memberships_contains_paywalled_content":false,"_jetpack_memberships_contains_paid_content":false,"footnotes":""},"categories":[2097,10],"tags":[562,2127,1472,1588],"class_list":{"0":"post-19314","1":"post","2":"type-post","3":"status-publish","4":"format-standard","5":"has-post-thumbnail","7":"category-municipios-noticias","8":"category-noticias","9":"tag-cultura","10":"tag-emenda-parlamentar","11":"tag-paraguai","12":"tag-porto-murtinho"},"yoast_head":"<!-- This site is optimized with the Yoast SEO plugin v27.4 - https:\/\/yoast.com\/product\/yoast-seo-wordpress\/ -->\n<title>Com apoio de Vander, Toro Candil refor\u00e7a integra\u00e7\u00e3o Brasil-Paraguai em Porto Murtinho<\/title>\n<meta name=\"description\" content=\"III Festival de Rua do Toro Candil ser\u00e1 realizado nos dias 7 e 8 de dezembro deste ano, no munic\u00edpio fronteiri\u00e7o.\" \/>\n<meta name=\"robots\" content=\"index, follow, max-snippet:-1, max-image-preview:large, max-video-preview:-1\" \/>\n<link rel=\"canonical\" href=\"https:\/\/vanderloubet.com.br\/deputado\/com-apoio-de-vander-toro-candil-reforca-integracao-brasil-paraguai-em-porto-murtinho\/\" \/>\n<meta property=\"og:locale\" content=\"pt_BR\" \/>\n<meta property=\"og:type\" content=\"article\" \/>\n<meta property=\"og:title\" content=\"Com apoio de Vander, Toro Candil refor\u00e7a integra\u00e7\u00e3o Brasil-Paraguai em Porto Murtinho\" \/>\n<meta property=\"og:description\" content=\"III Festival de Rua do Toro Candil ser\u00e1 realizado nos dias 7 e 8 de dezembro deste ano, no munic\u00edpio fronteiri\u00e7o.\" \/>\n<meta property=\"og:url\" content=\"https:\/\/vanderloubet.com.br\/deputado\/com-apoio-de-vander-toro-candil-reforca-integracao-brasil-paraguai-em-porto-murtinho\/\" \/>\n<meta property=\"og:site_name\" content=\"Deputado Federal Vander Loubet\" \/>\n<meta property=\"article:publisher\" content=\"https:\/\/facebook.com\/deputadovander\" \/>\n<meta property=\"article:published_time\" content=\"2023-11-17T21:00:39+00:00\" \/>\n<meta property=\"article:modified_time\" content=\"2023-11-20T21:55:34+00:00\" \/>\n<meta property=\"og:image\" content=\"https:\/\/vanderloubet.com.br\/deputado\/wp-content\/uploads\/2023\/11\/foto-2023-11-20-toro-candil-porto-murtinho-6.jpg\" \/>\n\t<meta property=\"og:image:width\" content=\"900\" \/>\n\t<meta property=\"og:image:height\" content=\"600\" \/>\n\t<meta property=\"og:image:type\" content=\"image\/jpeg\" \/>\n<meta name=\"author\" content=\"\u00c9der\" \/>\n<meta name=\"twitter:card\" content=\"summary_large_image\" \/>\n<meta name=\"twitter:creator\" content=\"@vanderloubet\" \/>\n<meta name=\"twitter:site\" content=\"@vanderloubet\" \/>\n<script type=\"application\/ld+json\" class=\"yoast-schema-graph\">{\"@context\":\"https:\\\/\\\/schema.org\",\"@graph\":[{\"@type\":\"Article\",\"@id\":\"https:\\\/\\\/vanderloubet.com.br\\\/deputado\\\/com-apoio-de-vander-toro-candil-reforca-integracao-brasil-paraguai-em-porto-murtinho\\\/#article\",\"isPartOf\":{\"@id\":\"https:\\\/\\\/vanderloubet.com.br\\\/deputado\\\/com-apoio-de-vander-toro-candil-reforca-integracao-brasil-paraguai-em-porto-murtinho\\\/\"},\"author\":{\"name\":\"\u00c9der\",\"@id\":\"https:\\\/\\\/vanderloubet.com.br\\\/deputado\\\/#\\\/schema\\\/person\\\/15b51bd564532a8a68d9dec1b8eb890e\"},\"headline\":\"Com apoio de Vander, Toro Candil refor\u00e7a integra\u00e7\u00e3o Brasil-Paraguai em Porto Murtinho\",\"datePublished\":\"2023-11-17T21:00:39+00:00\",\"dateModified\":\"2023-11-20T21:55:34+00:00\",\"mainEntityOfPage\":{\"@id\":\"https:\\\/\\\/vanderloubet.com.br\\\/deputado\\\/com-apoio-de-vander-toro-candil-reforca-integracao-brasil-paraguai-em-porto-murtinho\\\/\"},\"wordCount\":580,\"publisher\":{\"@id\":\"https:\\\/\\\/vanderloubet.com.br\\\/deputado\\\/#organization\"},\"image\":{\"@id\":\"https:\\\/\\\/vanderloubet.com.br\\\/deputado\\\/com-apoio-de-vander-toro-candil-reforca-integracao-brasil-paraguai-em-porto-murtinho\\\/#primaryimage\"},\"thumbnailUrl\":\"https:\\\/\\\/vanderloubet.com.br\\\/deputado\\\/wp-content\\\/uploads\\\/2023\\\/11\\\/foto-2023-11-20-toro-candil-porto-murtinho-6.jpg\",\"keywords\":[\"cultura\",\"emenda parlamentar\",\"paraguai\",\"porto murtinho\"],\"articleSection\":[\"Munic\u00edpios\",\"Not\u00edcias\"],\"inLanguage\":\"pt-BR\"},{\"@type\":\"WebPage\",\"@id\":\"https:\\\/\\\/vanderloubet.com.br\\\/deputado\\\/com-apoio-de-vander-toro-candil-reforca-integracao-brasil-paraguai-em-porto-murtinho\\\/\",\"url\":\"https:\\\/\\\/vanderloubet.com.br\\\/deputado\\\/com-apoio-de-vander-toro-candil-reforca-integracao-brasil-paraguai-em-porto-murtinho\\\/\",\"name\":\"Com apoio de Vander, Toro Candil refor\u00e7a integra\u00e7\u00e3o Brasil-Paraguai em Porto Murtinho\",\"isPartOf\":{\"@id\":\"https:\\\/\\\/vanderloubet.com.br\\\/deputado\\\/#website\"},\"primaryImageOfPage\":{\"@id\":\"https:\\\/\\\/vanderloubet.com.br\\\/deputado\\\/com-apoio-de-vander-toro-candil-reforca-integracao-brasil-paraguai-em-porto-murtinho\\\/#primaryimage\"},\"image\":{\"@id\":\"https:\\\/\\\/vanderloubet.com.br\\\/deputado\\\/com-apoio-de-vander-toro-candil-reforca-integracao-brasil-paraguai-em-porto-murtinho\\\/#primaryimage\"},\"thumbnailUrl\":\"https:\\\/\\\/vanderloubet.com.br\\\/deputado\\\/wp-content\\\/uploads\\\/2023\\\/11\\\/foto-2023-11-20-toro-candil-porto-murtinho-6.jpg\",\"datePublished\":\"2023-11-17T21:00:39+00:00\",\"dateModified\":\"2023-11-20T21:55:34+00:00\",\"description\":\"III Festival de Rua do Toro Candil ser\u00e1 realizado nos dias 7 e 8 de dezembro deste ano, no munic\u00edpio fronteiri\u00e7o.\",\"breadcrumb\":{\"@id\":\"https:\\\/\\\/vanderloubet.com.br\\\/deputado\\\/com-apoio-de-vander-toro-candil-reforca-integracao-brasil-paraguai-em-porto-murtinho\\\/#breadcrumb\"},\"inLanguage\":\"pt-BR\",\"potentialAction\":[{\"@type\":\"ReadAction\",\"target\":[\"https:\\\/\\\/vanderloubet.com.br\\\/deputado\\\/com-apoio-de-vander-toro-candil-reforca-integracao-brasil-paraguai-em-porto-murtinho\\\/\"]}]},{\"@type\":\"ImageObject\",\"inLanguage\":\"pt-BR\",\"@id\":\"https:\\\/\\\/vanderloubet.com.br\\\/deputado\\\/com-apoio-de-vander-toro-candil-reforca-integracao-brasil-paraguai-em-porto-murtinho\\\/#primaryimage\",\"url\":\"https:\\\/\\\/vanderloubet.com.br\\\/deputado\\\/wp-content\\\/uploads\\\/2023\\\/11\\\/foto-2023-11-20-toro-candil-porto-murtinho-6.jpg\",\"contentUrl\":\"https:\\\/\\\/vanderloubet.com.br\\\/deputado\\\/wp-content\\\/uploads\\\/2023\\\/11\\\/foto-2023-11-20-toro-candil-porto-murtinho-6.jpg\",\"width\":900,\"height\":600,\"caption\":\"Com apoio de Vander, Toro Candil refor\u00e7a integra\u00e7\u00e3o Brasil-Paraguai em Porto Murtinho\"},{\"@type\":\"BreadcrumbList\",\"@id\":\"https:\\\/\\\/vanderloubet.com.br\\\/deputado\\\/com-apoio-de-vander-toro-candil-reforca-integracao-brasil-paraguai-em-porto-murtinho\\\/#breadcrumb\",\"itemListElement\":[{\"@type\":\"ListItem\",\"position\":1,\"name\":\"In\u00edcio\",\"item\":\"https:\\\/\\\/vanderloubet.com.br\\\/deputado\\\/\"},{\"@type\":\"ListItem\",\"position\":2,\"name\":\"Com apoio de Vander, Toro Candil refor\u00e7a integra\u00e7\u00e3o Brasil-Paraguai em Porto Murtinho\"}]},{\"@type\":\"WebSite\",\"@id\":\"https:\\\/\\\/vanderloubet.com.br\\\/deputado\\\/#website\",\"url\":\"https:\\\/\\\/vanderloubet.com.br\\\/deputado\\\/\",\"name\":\"Deputado Federal Vander Loubet\",\"description\":\"O Federal de MS\",\"publisher\":{\"@id\":\"https:\\\/\\\/vanderloubet.com.br\\\/deputado\\\/#organization\"},\"alternateName\":\"Deputado Vander\",\"potentialAction\":[{\"@type\":\"SearchAction\",\"target\":{\"@type\":\"EntryPoint\",\"urlTemplate\":\"https:\\\/\\\/vanderloubet.com.br\\\/deputado\\\/?s={search_term_string}\"},\"query-input\":{\"@type\":\"PropertyValueSpecification\",\"valueRequired\":true,\"valueName\":\"search_term_string\"}}],\"inLanguage\":\"pt-BR\"},{\"@type\":\"Organization\",\"@id\":\"https:\\\/\\\/vanderloubet.com.br\\\/deputado\\\/#organization\",\"name\":\"Deputado Federal Vander Loubet\",\"alternateName\":\"Deputado Vander\",\"url\":\"https:\\\/\\\/vanderloubet.com.br\\\/deputado\\\/\",\"logo\":{\"@type\":\"ImageObject\",\"inLanguage\":\"pt-BR\",\"@id\":\"https:\\\/\\\/vanderloubet.com.br\\\/deputado\\\/#\\\/schema\\\/logo\\\/image\\\/\",\"url\":\"https:\\\/\\\/vanderloubet.com.br\\\/deputado\\\/wp-content\\\/uploads\\\/2023\\\/06\\\/foto-2023-06-19-mandato-deputado-vander.jpg\",\"contentUrl\":\"https:\\\/\\\/vanderloubet.com.br\\\/deputado\\\/wp-content\\\/uploads\\\/2023\\\/06\\\/foto-2023-06-19-mandato-deputado-vander.jpg\",\"width\":1080,\"height\":1080,\"caption\":\"Deputado Federal Vander Loubet\"},\"image\":{\"@id\":\"https:\\\/\\\/vanderloubet.com.br\\\/deputado\\\/#\\\/schema\\\/logo\\\/image\\\/\"},\"sameAs\":[\"https:\\\/\\\/facebook.com\\\/deputadovander\",\"https:\\\/\\\/x.com\\\/vanderloubet\",\"https:\\\/\\\/instagram.com\\\/vanderloubet\",\"https:\\\/\\\/youtube.com\\\/vanderloubet\",\"https:\\\/\\\/tiktok.com\\\/@vanderloubetms\"]},{\"@type\":\"Person\",\"@id\":\"https:\\\/\\\/vanderloubet.com.br\\\/deputado\\\/#\\\/schema\\\/person\\\/15b51bd564532a8a68d9dec1b8eb890e\",\"name\":\"\u00c9der\",\"image\":{\"@type\":\"ImageObject\",\"inLanguage\":\"pt-BR\",\"@id\":\"https:\\\/\\\/vanderloubet.com.br\\\/deputado\\\/wp-content\\\/litespeed\\\/avatar\\\/88ca4090d9d5ab1c9495f6ca03b68efa.jpg?ver=1777058957\",\"url\":\"https:\\\/\\\/vanderloubet.com.br\\\/deputado\\\/wp-content\\\/litespeed\\\/avatar\\\/88ca4090d9d5ab1c9495f6ca03b68efa.jpg?ver=1777058957\",\"contentUrl\":\"https:\\\/\\\/vanderloubet.com.br\\\/deputado\\\/wp-content\\\/litespeed\\\/avatar\\\/88ca4090d9d5ab1c9495f6ca03b68efa.jpg?ver=1777058957\",\"caption\":\"\u00c9der\"}}]}<\/script>\n<!-- \/ Yoast SEO plugin. -->","yoast_head_json":{"title":"Com apoio de Vander, Toro Candil refor\u00e7a integra\u00e7\u00e3o Brasil-Paraguai em Porto Murtinho","description":"III Festival de Rua do Toro Candil ser\u00e1 realizado nos dias 7 e 8 de dezembro deste ano, no munic\u00edpio fronteiri\u00e7o.","robots":{"index":"index","follow":"follow","max-snippet":"max-snippet:-1","max-image-preview":"max-image-preview:large","max-video-preview":"max-video-preview:-1"},"canonical":"https:\/\/vanderloubet.com.br\/deputado\/com-apoio-de-vander-toro-candil-reforca-integracao-brasil-paraguai-em-porto-murtinho\/","og_locale":"pt_BR","og_type":"article","og_title":"Com apoio de Vander, Toro Candil refor\u00e7a integra\u00e7\u00e3o Brasil-Paraguai em Porto Murtinho","og_description":"III Festival de Rua do Toro Candil ser\u00e1 realizado nos dias 7 e 8 de dezembro deste ano, no munic\u00edpio fronteiri\u00e7o.","og_url":"https:\/\/vanderloubet.com.br\/deputado\/com-apoio-de-vander-toro-candil-reforca-integracao-brasil-paraguai-em-porto-murtinho\/","og_site_name":"Deputado Federal Vander Loubet","article_publisher":"https:\/\/facebook.com\/deputadovander","article_published_time":"2023-11-17T21:00:39+00:00","article_modified_time":"2023-11-20T21:55:34+00:00","og_image":[{"width":900,"height":600,"url":"https:\/\/vanderloubet.com.br\/deputado\/wp-content\/uploads\/2023\/11\/foto-2023-11-20-toro-candil-porto-murtinho-6.jpg","type":"image\/jpeg"}],"author":"\u00c9der","twitter_card":"summary_large_image","twitter_creator":"@vanderloubet","twitter_site":"@vanderloubet","schema":{"@context":"https:\/\/schema.org","@graph":[{"@type":"Article","@id":"https:\/\/vanderloubet.com.br\/deputado\/com-apoio-de-vander-toro-candil-reforca-integracao-brasil-paraguai-em-porto-murtinho\/#article","isPartOf":{"@id":"https:\/\/vanderloubet.com.br\/deputado\/com-apoio-de-vander-toro-candil-reforca-integracao-brasil-paraguai-em-porto-murtinho\/"},"author":{"name":"\u00c9der","@id":"https:\/\/vanderloubet.com.br\/deputado\/#\/schema\/person\/15b51bd564532a8a68d9dec1b8eb890e"},"headline":"Com apoio de Vander, Toro Candil refor\u00e7a integra\u00e7\u00e3o Brasil-Paraguai em Porto Murtinho","datePublished":"2023-11-17T21:00:39+00:00","dateModified":"2023-11-20T21:55:34+00:00","mainEntityOfPage":{"@id":"https:\/\/vanderloubet.com.br\/deputado\/com-apoio-de-vander-toro-candil-reforca-integracao-brasil-paraguai-em-porto-murtinho\/"},"wordCount":580,"publisher":{"@id":"https:\/\/vanderloubet.com.br\/deputado\/#organization"},"image":{"@id":"https:\/\/vanderloubet.com.br\/deputado\/com-apoio-de-vander-toro-candil-reforca-integracao-brasil-paraguai-em-porto-murtinho\/#primaryimage"},"thumbnailUrl":"https:\/\/vanderloubet.com.br\/deputado\/wp-content\/uploads\/2023\/11\/foto-2023-11-20-toro-candil-porto-murtinho-6.jpg","keywords":["cultura","emenda parlamentar","paraguai","porto murtinho"],"articleSection":["Munic\u00edpios","Not\u00edcias"],"inLanguage":"pt-BR"},{"@type":"WebPage","@id":"https:\/\/vanderloubet.com.br\/deputado\/com-apoio-de-vander-toro-candil-reforca-integracao-brasil-paraguai-em-porto-murtinho\/","url":"https:\/\/vanderloubet.com.br\/deputado\/com-apoio-de-vander-toro-candil-reforca-integracao-brasil-paraguai-em-porto-murtinho\/","name":"Com apoio de Vander, Toro Candil refor\u00e7a integra\u00e7\u00e3o Brasil-Paraguai em Porto Murtinho","isPartOf":{"@id":"https:\/\/vanderloubet.com.br\/deputado\/#website"},"primaryImageOfPage":{"@id":"https:\/\/vanderloubet.com.br\/deputado\/com-apoio-de-vander-toro-candil-reforca-integracao-brasil-paraguai-em-porto-murtinho\/#primaryimage"},"image":{"@id":"https:\/\/vanderloubet.com.br\/deputado\/com-apoio-de-vander-toro-candil-reforca-integracao-brasil-paraguai-em-porto-murtinho\/#primaryimage"},"thumbnailUrl":"https:\/\/vanderloubet.com.br\/deputado\/wp-content\/uploads\/2023\/11\/foto-2023-11-20-toro-candil-porto-murtinho-6.jpg","datePublished":"2023-11-17T21:00:39+00:00","dateModified":"2023-11-20T21:55:34+00:00","description":"III Festival de Rua do Toro Candil ser\u00e1 realizado nos dias 7 e 8 de dezembro deste ano, no munic\u00edpio fronteiri\u00e7o.","breadcrumb":{"@id":"https:\/\/vanderloubet.com.br\/deputado\/com-apoio-de-vander-toro-candil-reforca-integracao-brasil-paraguai-em-porto-murtinho\/#breadcrumb"},"inLanguage":"pt-BR","potentialAction":[{"@type":"ReadAction","target":["https:\/\/vanderloubet.com.br\/deputado\/com-apoio-de-vander-toro-candil-reforca-integracao-brasil-paraguai-em-porto-murtinho\/"]}]},{"@type":"ImageObject","inLanguage":"pt-BR","@id":"https:\/\/vanderloubet.com.br\/deputado\/com-apoio-de-vander-toro-candil-reforca-integracao-brasil-paraguai-em-porto-murtinho\/#primaryimage","url":"https:\/\/vanderloubet.com.br\/deputado\/wp-content\/uploads\/2023\/11\/foto-2023-11-20-toro-candil-porto-murtinho-6.jpg","contentUrl":"https:\/\/vanderloubet.com.br\/deputado\/wp-content\/uploads\/2023\/11\/foto-2023-11-20-toro-candil-porto-murtinho-6.jpg","width":900,"height":600,"caption":"Com apoio de Vander, Toro Candil refor\u00e7a integra\u00e7\u00e3o Brasil-Paraguai em Porto Murtinho"},{"@type":"BreadcrumbList","@id":"https:\/\/vanderloubet.com.br\/deputado\/com-apoio-de-vander-toro-candil-reforca-integracao-brasil-paraguai-em-porto-murtinho\/#breadcrumb","itemListElement":[{"@type":"ListItem","position":1,"name":"In\u00edcio","item":"https:\/\/vanderloubet.com.br\/deputado\/"},{"@type":"ListItem","position":2,"name":"Com apoio de Vander, Toro Candil refor\u00e7a integra\u00e7\u00e3o Brasil-Paraguai em Porto Murtinho"}]},{"@type":"WebSite","@id":"https:\/\/vanderloubet.com.br\/deputado\/#website","url":"https:\/\/vanderloubet.com.br\/deputado\/","name":"Deputado Federal Vander Loubet","description":"O Federal de MS","publisher":{"@id":"https:\/\/vanderloubet.com.br\/deputado\/#organization"},"alternateName":"Deputado Vander","potentialAction":[{"@type":"SearchAction","target":{"@type":"EntryPoint","urlTemplate":"https:\/\/vanderloubet.com.br\/deputado\/?s={search_term_string}"},"query-input":{"@type":"PropertyValueSpecification","valueRequired":true,"valueName":"search_term_string"}}],"inLanguage":"pt-BR"},{"@type":"Organization","@id":"https:\/\/vanderloubet.com.br\/deputado\/#organization","name":"Deputado Federal Vander Loubet","alternateName":"Deputado Vander","url":"https:\/\/vanderloubet.com.br\/deputado\/","logo":{"@type":"ImageObject","inLanguage":"pt-BR","@id":"https:\/\/vanderloubet.com.br\/deputado\/#\/schema\/logo\/image\/","url":"https:\/\/vanderloubet.com.br\/deputado\/wp-content\/uploads\/2023\/06\/foto-2023-06-19-mandato-deputado-vander.jpg","contentUrl":"https:\/\/vanderloubet.com.br\/deputado\/wp-content\/uploads\/2023\/06\/foto-2023-06-19-mandato-deputado-vander.jpg","width":1080,"height":1080,"caption":"Deputado Federal Vander Loubet"},"image":{"@id":"https:\/\/vanderloubet.com.br\/deputado\/#\/schema\/logo\/image\/"},"sameAs":["https:\/\/facebook.com\/deputadovander","https:\/\/x.com\/vanderloubet","https:\/\/instagram.com\/vanderloubet","https:\/\/youtube.com\/vanderloubet","https:\/\/tiktok.com\/@vanderloubetms"]},{"@type":"Person","@id":"https:\/\/vanderloubet.com.br\/deputado\/#\/schema\/person\/15b51bd564532a8a68d9dec1b8eb890e","name":"\u00c9der","image":{"@type":"ImageObject","inLanguage":"pt-BR","@id":"https:\/\/vanderloubet.com.br\/deputado\/wp-content\/litespeed\/avatar\/88ca4090d9d5ab1c9495f6ca03b68efa.jpg?ver=1777058957","url":"https:\/\/vanderloubet.com.br\/deputado\/wp-content\/litespeed\/avatar\/88ca4090d9d5ab1c9495f6ca03b68efa.jpg?ver=1777058957","contentUrl":"https:\/\/vanderloubet.com.br\/deputado\/wp-content\/litespeed\/avatar\/88ca4090d9d5ab1c9495f6ca03b68efa.jpg?ver=1777058957","caption":"\u00c9der"}}]}},"jetpack_featured_media_url":"https:\/\/vanderloubet.com.br\/deputado\/wp-content\/uploads\/2023\/11\/foto-2023-11-20-toro-candil-porto-murtinho-6.jpg","jetpack_sharing_enabled":true,"_links":{"self":[{"href":"https:\/\/vanderloubet.com.br\/deputado\/wp-json\/wp\/v2\/posts\/19314","targetHints":{"allow":["GET"]}}],"collection":[{"href":"https:\/\/vanderloubet.com.br\/deputado\/wp-json\/wp\/v2\/posts"}],"about":[{"href":"https:\/\/vanderloubet.com.br\/deputado\/wp-json\/wp\/v2\/types\/post"}],"author":[{"embeddable":true,"href":"https:\/\/vanderloubet.com.br\/deputado\/wp-json\/wp\/v2\/users\/2"}],"replies":[{"embeddable":true,"href":"https:\/\/vanderloubet.com.br\/deputado\/wp-json\/wp\/v2\/comments?post=19314"}],"version-history":[{"count":0,"href":"https:\/\/vanderloubet.com.br\/deputado\/wp-json\/wp\/v2\/posts\/19314\/revisions"}],"wp:featuredmedia":[{"embeddable":true,"href":"https:\/\/vanderloubet.com.br\/deputado\/wp-json\/wp\/v2\/media\/19320"}],"wp:attachment":[{"href":"https:\/\/vanderloubet.com.br\/deputado\/wp-json\/wp\/v2\/media?parent=19314"}],"wp:term":[{"taxonomy":"category","embeddable":true,"href":"https:\/\/vanderloubet.com.br\/deputado\/wp-json\/wp\/v2\/categories?post=19314"},{"taxonomy":"post_tag","embeddable":true,"href":"https:\/\/vanderloubet.com.br\/deputado\/wp-json\/wp\/v2\/tags?post=19314"}],"curies":[{"name":"wp","href":"https:\/\/api.w.org\/{rel}","templated":true}]}}