{"id":19280,"date":"2023-11-03T16:11:44","date_gmt":"2023-11-03T20:11:44","guid":{"rendered":"https:\/\/vanderloubet.com.br\/deputado\/?p=19280"},"modified":"2023-11-07T10:03:54","modified_gmt":"2023-11-07T14:03:54","slug":"vander-comemora-lei-sancionada-por-lula-que-cria-o-desenrola-do-fies","status":"publish","type":"post","link":"https:\/\/vanderloubet.com.br\/deputado\/vander-comemora-lei-sancionada-por-lula-que-cria-o-desenrola-do-fies\/","title":{"rendered":"Vander comemora lei sancionada por Lula que cria o &#8220;Desenrola do Fies&#8221;"},"content":{"rendered":"<p>O presidente Luiz In\u00e1cio Lula da Silva sancionou nesta quarta-feira (1\u00ba) uma lei que permite o refinanciamento de d\u00edvidas do Fundo de Financiamento Estudantil (Fies).<\/p>\n<p>Quem assinou contrato com o Fies at\u00e9 o fim de 2017 ou tem d\u00e9bitos vencidos at\u00e9 30 de junho de 2023 pode renegociar a d\u00edvida. De acordo com o ministro da Educa\u00e7\u00e3o, Camilo Santana, os descontos podem chegar a 100% dos juros e multas.<\/p>\n<p>O estudante com d\u00edvidas junto ao Fies dever\u00e1 solicitar a renegocia\u00e7\u00e3o at\u00e9 31 de maio de 2024 junto ao agente financeiro com o qual tem contrato. A Caixa Econ\u00f4mica Federal e o Banco do Brasil receber\u00e3o demandas de renegocia\u00e7\u00e3o a partir desta ter\u00e7a-feira, 7 de novembro.<\/p>\n<p>Para o deputado federal Vander Loubet, coordenador da bancada de Mato Grosso do Sul no Congresso Nacional, essa \u00e9 mais uma medida importante para ajudar a popula\u00e7\u00e3o a regularizar seus d\u00e9bitos, assim como o programa Desenrola Brasil.<\/p>\n<p>&#8220;Depois do Desenrola para as d\u00edvidas com bancos, \u00e1gua, luz e varejo, nada mais justo que tamb\u00e9m dar a oportunidade de os estudantes do Fies terem condi\u00e7\u00f5es especiais de quitar suas d\u00edvidas&#8221;, pontuou Vander.<\/p>\n<p>Lula usou suas redes sociais para celebrar a lei e incentivar os jovens a resolverem suas pend\u00eancias com o Fies.<\/p>\n<p>&#8220;N\u00e3o tenha vergonha se voc\u00ea est\u00e1 devendo porque n\u00e3o p\u00f4de pagar ou porque algu\u00e9m prejudicou voc\u00ea. Para n\u00f3s, o que importa n\u00e3o \u00e9 sua d\u00edvida, \u00e9 que voc\u00ea volte a estudar e tire seu diploma&#8221;, concluiu o presidente.<\/p>\n<p>Atualmente, mais de 1,2 milh\u00e3o de alunos do Fies est\u00e3o inadimplentes. O montante da d\u00edvida \u00e9 de R$ 54 bilh\u00f5es. Em Mato Grosso do Sul, o n\u00famero de contratos inadimplentes \u00e9 de 26.458.<\/p>\n<pre><em>Texto: \u00c9der F. Yanaguita<\/em>\r\n<em>Foto: Ricardo Stuckert\/Presid\u00eancia da Rep\u00fablica<\/em><\/pre>\n","protected":false},"excerpt":{"rendered":"<p>Lei sancionada pelo presidente permite refinanciamento de d\u00edvidas do Fundo de Financiamento Estudantil com desconto nos juros e multa.<\/p>\n","protected":false},"author":2,"featured_media":19281,"comment_status":"closed","ping_status":"closed","sticky":false,"template":"","format":"standard","meta":{"jetpack_post_was_ever_published":false,"_jetpack_newsletter_access":"","_jetpack_dont_email_post_to_subs":false,"_jetpack_newsletter_tier_id":0,"_jetpack_memberships_contains_paywalled_content":false,"_jetpack_memberships_contains_paid_content":false,"footnotes":""},"categories":[2098,10],"tags":[697,846,2525],"class_list":{"0":"post-19280","1":"post","2":"type-post","3":"status-publish","4":"format-standard","5":"has-post-thumbnail","7":"category-brasil-noticias","8":"category-noticias","9":"tag-educacao","10":"tag-financiamento","11":"tag-governo-federal"},"yoast_head":"<!-- This site is optimized with the Yoast SEO plugin v27.4 - https:\/\/yoast.com\/product\/yoast-seo-wordpress\/ -->\n<title>Vander comemora lei sancionada por Lula que cria o &quot;Desenrola do Fies&quot;<\/title>\n<meta name=\"description\" content=\"Lei sancionada pelo presidente permite refinanciamento de d\u00edvidas do Fundo de Financiamento Estudantil com desconto nos juros e multa.\" \/>\n<meta name=\"robots\" content=\"index, follow, max-snippet:-1, max-image-preview:large, max-video-preview:-1\" \/>\n<link rel=\"canonical\" href=\"https:\/\/vanderloubet.com.br\/deputado\/vander-comemora-lei-sancionada-por-lula-que-cria-o-desenrola-do-fies\/\" \/>\n<meta property=\"og:locale\" content=\"pt_BR\" \/>\n<meta property=\"og:type\" content=\"article\" \/>\n<meta property=\"og:title\" content=\"Vander comemora lei sancionada por Lula que cria o &quot;Desenrola do Fies&quot;\" \/>\n<meta property=\"og:description\" content=\"Lei sancionada pelo presidente permite refinanciamento de d\u00edvidas do Fundo de Financiamento Estudantil com desconto nos juros e multa.\" \/>\n<meta property=\"og:url\" content=\"https:\/\/vanderloubet.com.br\/deputado\/vander-comemora-lei-sancionada-por-lula-que-cria-o-desenrola-do-fies\/\" \/>\n<meta property=\"og:site_name\" content=\"Deputado Federal Vander Loubet\" \/>\n<meta property=\"article:publisher\" content=\"https:\/\/facebook.com\/deputadovander\" \/>\n<meta property=\"article:published_time\" content=\"2023-11-03T20:11:44+00:00\" \/>\n<meta property=\"article:modified_time\" content=\"2023-11-07T14:03:54+00:00\" \/>\n<meta property=\"og:image\" content=\"https:\/\/vanderloubet.com.br\/deputado\/wp-content\/uploads\/2023\/11\/foto-2023-11-03-lula-lei-renegociacao-fies.jpg\" \/>\n\t<meta property=\"og:image:width\" content=\"900\" \/>\n\t<meta property=\"og:image:height\" content=\"600\" \/>\n\t<meta property=\"og:image:type\" content=\"image\/jpeg\" \/>\n<meta name=\"author\" content=\"\u00c9der\" \/>\n<meta name=\"twitter:card\" content=\"summary_large_image\" \/>\n<meta name=\"twitter:creator\" content=\"@vanderloubet\" \/>\n<meta name=\"twitter:site\" content=\"@vanderloubet\" \/>\n<script type=\"application\/ld+json\" class=\"yoast-schema-graph\">{\"@context\":\"https:\\\/\\\/schema.org\",\"@graph\":[{\"@type\":\"Article\",\"@id\":\"https:\\\/\\\/vanderloubet.com.br\\\/deputado\\\/vander-comemora-lei-sancionada-por-lula-que-cria-o-desenrola-do-fies\\\/#article\",\"isPartOf\":{\"@id\":\"https:\\\/\\\/vanderloubet.com.br\\\/deputado\\\/vander-comemora-lei-sancionada-por-lula-que-cria-o-desenrola-do-fies\\\/\"},\"author\":{\"name\":\"\u00c9der\",\"@id\":\"https:\\\/\\\/vanderloubet.com.br\\\/deputado\\\/#\\\/schema\\\/person\\\/15b51bd564532a8a68d9dec1b8eb890e\"},\"headline\":\"Vander comemora lei sancionada por Lula que cria o &#8220;Desenrola do Fies&#8221;\",\"datePublished\":\"2023-11-03T20:11:44+00:00\",\"dateModified\":\"2023-11-07T14:03:54+00:00\",\"mainEntityOfPage\":{\"@id\":\"https:\\\/\\\/vanderloubet.com.br\\\/deputado\\\/vander-comemora-lei-sancionada-por-lula-que-cria-o-desenrola-do-fies\\\/\"},\"wordCount\":303,\"publisher\":{\"@id\":\"https:\\\/\\\/vanderloubet.com.br\\\/deputado\\\/#organization\"},\"image\":{\"@id\":\"https:\\\/\\\/vanderloubet.com.br\\\/deputado\\\/vander-comemora-lei-sancionada-por-lula-que-cria-o-desenrola-do-fies\\\/#primaryimage\"},\"thumbnailUrl\":\"https:\\\/\\\/vanderloubet.com.br\\\/deputado\\\/wp-content\\\/uploads\\\/2023\\\/11\\\/foto-2023-11-03-lula-lei-renegociacao-fies.jpg\",\"keywords\":[\"educa\u00e7\u00e3o\",\"financiamento\",\"governo federal\"],\"articleSection\":[\"Brasil\",\"Not\u00edcias\"],\"inLanguage\":\"pt-BR\"},{\"@type\":\"WebPage\",\"@id\":\"https:\\\/\\\/vanderloubet.com.br\\\/deputado\\\/vander-comemora-lei-sancionada-por-lula-que-cria-o-desenrola-do-fies\\\/\",\"url\":\"https:\\\/\\\/vanderloubet.com.br\\\/deputado\\\/vander-comemora-lei-sancionada-por-lula-que-cria-o-desenrola-do-fies\\\/\",\"name\":\"Vander comemora lei sancionada por Lula que cria o \\\"Desenrola do Fies\\\"\",\"isPartOf\":{\"@id\":\"https:\\\/\\\/vanderloubet.com.br\\\/deputado\\\/#website\"},\"primaryImageOfPage\":{\"@id\":\"https:\\\/\\\/vanderloubet.com.br\\\/deputado\\\/vander-comemora-lei-sancionada-por-lula-que-cria-o-desenrola-do-fies\\\/#primaryimage\"},\"image\":{\"@id\":\"https:\\\/\\\/vanderloubet.com.br\\\/deputado\\\/vander-comemora-lei-sancionada-por-lula-que-cria-o-desenrola-do-fies\\\/#primaryimage\"},\"thumbnailUrl\":\"https:\\\/\\\/vanderloubet.com.br\\\/deputado\\\/wp-content\\\/uploads\\\/2023\\\/11\\\/foto-2023-11-03-lula-lei-renegociacao-fies.jpg\",\"datePublished\":\"2023-11-03T20:11:44+00:00\",\"dateModified\":\"2023-11-07T14:03:54+00:00\",\"description\":\"Lei sancionada pelo presidente permite refinanciamento de d\u00edvidas do Fundo de Financiamento Estudantil com desconto nos juros e multa.\",\"breadcrumb\":{\"@id\":\"https:\\\/\\\/vanderloubet.com.br\\\/deputado\\\/vander-comemora-lei-sancionada-por-lula-que-cria-o-desenrola-do-fies\\\/#breadcrumb\"},\"inLanguage\":\"pt-BR\",\"potentialAction\":[{\"@type\":\"ReadAction\",\"target\":[\"https:\\\/\\\/vanderloubet.com.br\\\/deputado\\\/vander-comemora-lei-sancionada-por-lula-que-cria-o-desenrola-do-fies\\\/\"]}]},{\"@type\":\"ImageObject\",\"inLanguage\":\"pt-BR\",\"@id\":\"https:\\\/\\\/vanderloubet.com.br\\\/deputado\\\/vander-comemora-lei-sancionada-por-lula-que-cria-o-desenrola-do-fies\\\/#primaryimage\",\"url\":\"https:\\\/\\\/vanderloubet.com.br\\\/deputado\\\/wp-content\\\/uploads\\\/2023\\\/11\\\/foto-2023-11-03-lula-lei-renegociacao-fies.jpg\",\"contentUrl\":\"https:\\\/\\\/vanderloubet.com.br\\\/deputado\\\/wp-content\\\/uploads\\\/2023\\\/11\\\/foto-2023-11-03-lula-lei-renegociacao-fies.jpg\",\"width\":900,\"height\":600,\"caption\":\"Vander comemora lei sancionada por Lula que cria o \\\"Desenrola do Fies\\\"\"},{\"@type\":\"BreadcrumbList\",\"@id\":\"https:\\\/\\\/vanderloubet.com.br\\\/deputado\\\/vander-comemora-lei-sancionada-por-lula-que-cria-o-desenrola-do-fies\\\/#breadcrumb\",\"itemListElement\":[{\"@type\":\"ListItem\",\"position\":1,\"name\":\"In\u00edcio\",\"item\":\"https:\\\/\\\/vanderloubet.com.br\\\/deputado\\\/\"},{\"@type\":\"ListItem\",\"position\":2,\"name\":\"Vander comemora lei sancionada por Lula que cria o &#8220;Desenrola do Fies&#8221;\"}]},{\"@type\":\"WebSite\",\"@id\":\"https:\\\/\\\/vanderloubet.com.br\\\/deputado\\\/#website\",\"url\":\"https:\\\/\\\/vanderloubet.com.br\\\/deputado\\\/\",\"name\":\"Deputado Federal Vander Loubet\",\"description\":\"O Federal de MS\",\"publisher\":{\"@id\":\"https:\\\/\\\/vanderloubet.com.br\\\/deputado\\\/#organization\"},\"alternateName\":\"Deputado Vander\",\"potentialAction\":[{\"@type\":\"SearchAction\",\"target\":{\"@type\":\"EntryPoint\",\"urlTemplate\":\"https:\\\/\\\/vanderloubet.com.br\\\/deputado\\\/?s={search_term_string}\"},\"query-input\":{\"@type\":\"PropertyValueSpecification\",\"valueRequired\":true,\"valueName\":\"search_term_string\"}}],\"inLanguage\":\"pt-BR\"},{\"@type\":\"Organization\",\"@id\":\"https:\\\/\\\/vanderloubet.com.br\\\/deputado\\\/#organization\",\"name\":\"Deputado Federal Vander Loubet\",\"alternateName\":\"Deputado Vander\",\"url\":\"https:\\\/\\\/vanderloubet.com.br\\\/deputado\\\/\",\"logo\":{\"@type\":\"ImageObject\",\"inLanguage\":\"pt-BR\",\"@id\":\"https:\\\/\\\/vanderloubet.com.br\\\/deputado\\\/#\\\/schema\\\/logo\\\/image\\\/\",\"url\":\"https:\\\/\\\/vanderloubet.com.br\\\/deputado\\\/wp-content\\\/uploads\\\/2023\\\/06\\\/foto-2023-06-19-mandato-deputado-vander.jpg\",\"contentUrl\":\"https:\\\/\\\/vanderloubet.com.br\\\/deputado\\\/wp-content\\\/uploads\\\/2023\\\/06\\\/foto-2023-06-19-mandato-deputado-vander.jpg\",\"width\":1080,\"height\":1080,\"caption\":\"Deputado Federal Vander Loubet\"},\"image\":{\"@id\":\"https:\\\/\\\/vanderloubet.com.br\\\/deputado\\\/#\\\/schema\\\/logo\\\/image\\\/\"},\"sameAs\":[\"https:\\\/\\\/facebook.com\\\/deputadovander\",\"https:\\\/\\\/x.com\\\/vanderloubet\",\"https:\\\/\\\/instagram.com\\\/vanderloubet\",\"https:\\\/\\\/youtube.com\\\/vanderloubet\",\"https:\\\/\\\/tiktok.com\\\/@vanderloubetms\"]},{\"@type\":\"Person\",\"@id\":\"https:\\\/\\\/vanderloubet.com.br\\\/deputado\\\/#\\\/schema\\\/person\\\/15b51bd564532a8a68d9dec1b8eb890e\",\"name\":\"\u00c9der\",\"image\":{\"@type\":\"ImageObject\",\"inLanguage\":\"pt-BR\",\"@id\":\"https:\\\/\\\/vanderloubet.com.br\\\/deputado\\\/wp-content\\\/litespeed\\\/avatar\\\/88ca4090d9d5ab1c9495f6ca03b68efa.jpg?ver=1777058957\",\"url\":\"https:\\\/\\\/vanderloubet.com.br\\\/deputado\\\/wp-content\\\/litespeed\\\/avatar\\\/88ca4090d9d5ab1c9495f6ca03b68efa.jpg?ver=1777058957\",\"contentUrl\":\"https:\\\/\\\/vanderloubet.com.br\\\/deputado\\\/wp-content\\\/litespeed\\\/avatar\\\/88ca4090d9d5ab1c9495f6ca03b68efa.jpg?ver=1777058957\",\"caption\":\"\u00c9der\"}}]}<\/script>\n<!-- \/ Yoast SEO plugin. -->","yoast_head_json":{"title":"Vander comemora lei sancionada por Lula que cria o \"Desenrola do Fies\"","description":"Lei sancionada pelo presidente permite refinanciamento de d\u00edvidas do Fundo de Financiamento Estudantil com desconto nos juros e multa.","robots":{"index":"index","follow":"follow","max-snippet":"max-snippet:-1","max-image-preview":"max-image-preview:large","max-video-preview":"max-video-preview:-1"},"canonical":"https:\/\/vanderloubet.com.br\/deputado\/vander-comemora-lei-sancionada-por-lula-que-cria-o-desenrola-do-fies\/","og_locale":"pt_BR","og_type":"article","og_title":"Vander comemora lei sancionada por Lula que cria o \"Desenrola do Fies\"","og_description":"Lei sancionada pelo presidente permite refinanciamento de d\u00edvidas do Fundo de Financiamento Estudantil com desconto nos juros e multa.","og_url":"https:\/\/vanderloubet.com.br\/deputado\/vander-comemora-lei-sancionada-por-lula-que-cria-o-desenrola-do-fies\/","og_site_name":"Deputado Federal Vander Loubet","article_publisher":"https:\/\/facebook.com\/deputadovander","article_published_time":"2023-11-03T20:11:44+00:00","article_modified_time":"2023-11-07T14:03:54+00:00","og_image":[{"width":900,"height":600,"url":"https:\/\/vanderloubet.com.br\/deputado\/wp-content\/uploads\/2023\/11\/foto-2023-11-03-lula-lei-renegociacao-fies.jpg","type":"image\/jpeg"}],"author":"\u00c9der","twitter_card":"summary_large_image","twitter_creator":"@vanderloubet","twitter_site":"@vanderloubet","schema":{"@context":"https:\/\/schema.org","@graph":[{"@type":"Article","@id":"https:\/\/vanderloubet.com.br\/deputado\/vander-comemora-lei-sancionada-por-lula-que-cria-o-desenrola-do-fies\/#article","isPartOf":{"@id":"https:\/\/vanderloubet.com.br\/deputado\/vander-comemora-lei-sancionada-por-lula-que-cria-o-desenrola-do-fies\/"},"author":{"name":"\u00c9der","@id":"https:\/\/vanderloubet.com.br\/deputado\/#\/schema\/person\/15b51bd564532a8a68d9dec1b8eb890e"},"headline":"Vander comemora lei sancionada por Lula que cria o &#8220;Desenrola do Fies&#8221;","datePublished":"2023-11-03T20:11:44+00:00","dateModified":"2023-11-07T14:03:54+00:00","mainEntityOfPage":{"@id":"https:\/\/vanderloubet.com.br\/deputado\/vander-comemora-lei-sancionada-por-lula-que-cria-o-desenrola-do-fies\/"},"wordCount":303,"publisher":{"@id":"https:\/\/vanderloubet.com.br\/deputado\/#organization"},"image":{"@id":"https:\/\/vanderloubet.com.br\/deputado\/vander-comemora-lei-sancionada-por-lula-que-cria-o-desenrola-do-fies\/#primaryimage"},"thumbnailUrl":"https:\/\/vanderloubet.com.br\/deputado\/wp-content\/uploads\/2023\/11\/foto-2023-11-03-lula-lei-renegociacao-fies.jpg","keywords":["educa\u00e7\u00e3o","financiamento","governo federal"],"articleSection":["Brasil","Not\u00edcias"],"inLanguage":"pt-BR"},{"@type":"WebPage","@id":"https:\/\/vanderloubet.com.br\/deputado\/vander-comemora-lei-sancionada-por-lula-que-cria-o-desenrola-do-fies\/","url":"https:\/\/vanderloubet.com.br\/deputado\/vander-comemora-lei-sancionada-por-lula-que-cria-o-desenrola-do-fies\/","name":"Vander comemora lei sancionada por Lula que cria o \"Desenrola do Fies\"","isPartOf":{"@id":"https:\/\/vanderloubet.com.br\/deputado\/#website"},"primaryImageOfPage":{"@id":"https:\/\/vanderloubet.com.br\/deputado\/vander-comemora-lei-sancionada-por-lula-que-cria-o-desenrola-do-fies\/#primaryimage"},"image":{"@id":"https:\/\/vanderloubet.com.br\/deputado\/vander-comemora-lei-sancionada-por-lula-que-cria-o-desenrola-do-fies\/#primaryimage"},"thumbnailUrl":"https:\/\/vanderloubet.com.br\/deputado\/wp-content\/uploads\/2023\/11\/foto-2023-11-03-lula-lei-renegociacao-fies.jpg","datePublished":"2023-11-03T20:11:44+00:00","dateModified":"2023-11-07T14:03:54+00:00","description":"Lei sancionada pelo presidente permite refinanciamento de d\u00edvidas do Fundo de Financiamento Estudantil com desconto nos juros e multa.","breadcrumb":{"@id":"https:\/\/vanderloubet.com.br\/deputado\/vander-comemora-lei-sancionada-por-lula-que-cria-o-desenrola-do-fies\/#breadcrumb"},"inLanguage":"pt-BR","potentialAction":[{"@type":"ReadAction","target":["https:\/\/vanderloubet.com.br\/deputado\/vander-comemora-lei-sancionada-por-lula-que-cria-o-desenrola-do-fies\/"]}]},{"@type":"ImageObject","inLanguage":"pt-BR","@id":"https:\/\/vanderloubet.com.br\/deputado\/vander-comemora-lei-sancionada-por-lula-que-cria-o-desenrola-do-fies\/#primaryimage","url":"https:\/\/vanderloubet.com.br\/deputado\/wp-content\/uploads\/2023\/11\/foto-2023-11-03-lula-lei-renegociacao-fies.jpg","contentUrl":"https:\/\/vanderloubet.com.br\/deputado\/wp-content\/uploads\/2023\/11\/foto-2023-11-03-lula-lei-renegociacao-fies.jpg","width":900,"height":600,"caption":"Vander comemora lei sancionada por Lula que cria o \"Desenrola do Fies\""},{"@type":"BreadcrumbList","@id":"https:\/\/vanderloubet.com.br\/deputado\/vander-comemora-lei-sancionada-por-lula-que-cria-o-desenrola-do-fies\/#breadcrumb","itemListElement":[{"@type":"ListItem","position":1,"name":"In\u00edcio","item":"https:\/\/vanderloubet.com.br\/deputado\/"},{"@type":"ListItem","position":2,"name":"Vander comemora lei sancionada por Lula que cria o &#8220;Desenrola do Fies&#8221;"}]},{"@type":"WebSite","@id":"https:\/\/vanderloubet.com.br\/deputado\/#website","url":"https:\/\/vanderloubet.com.br\/deputado\/","name":"Deputado Federal Vander Loubet","description":"O Federal de MS","publisher":{"@id":"https:\/\/vanderloubet.com.br\/deputado\/#organization"},"alternateName":"Deputado Vander","potentialAction":[{"@type":"SearchAction","target":{"@type":"EntryPoint","urlTemplate":"https:\/\/vanderloubet.com.br\/deputado\/?s={search_term_string}"},"query-input":{"@type":"PropertyValueSpecification","valueRequired":true,"valueName":"search_term_string"}}],"inLanguage":"pt-BR"},{"@type":"Organization","@id":"https:\/\/vanderloubet.com.br\/deputado\/#organization","name":"Deputado Federal Vander Loubet","alternateName":"Deputado Vander","url":"https:\/\/vanderloubet.com.br\/deputado\/","logo":{"@type":"ImageObject","inLanguage":"pt-BR","@id":"https:\/\/vanderloubet.com.br\/deputado\/#\/schema\/logo\/image\/","url":"https:\/\/vanderloubet.com.br\/deputado\/wp-content\/uploads\/2023\/06\/foto-2023-06-19-mandato-deputado-vander.jpg","contentUrl":"https:\/\/vanderloubet.com.br\/deputado\/wp-content\/uploads\/2023\/06\/foto-2023-06-19-mandato-deputado-vander.jpg","width":1080,"height":1080,"caption":"Deputado Federal Vander Loubet"},"image":{"@id":"https:\/\/vanderloubet.com.br\/deputado\/#\/schema\/logo\/image\/"},"sameAs":["https:\/\/facebook.com\/deputadovander","https:\/\/x.com\/vanderloubet","https:\/\/instagram.com\/vanderloubet","https:\/\/youtube.com\/vanderloubet","https:\/\/tiktok.com\/@vanderloubetms"]},{"@type":"Person","@id":"https:\/\/vanderloubet.com.br\/deputado\/#\/schema\/person\/15b51bd564532a8a68d9dec1b8eb890e","name":"\u00c9der","image":{"@type":"ImageObject","inLanguage":"pt-BR","@id":"https:\/\/vanderloubet.com.br\/deputado\/wp-content\/litespeed\/avatar\/88ca4090d9d5ab1c9495f6ca03b68efa.jpg?ver=1777058957","url":"https:\/\/vanderloubet.com.br\/deputado\/wp-content\/litespeed\/avatar\/88ca4090d9d5ab1c9495f6ca03b68efa.jpg?ver=1777058957","contentUrl":"https:\/\/vanderloubet.com.br\/deputado\/wp-content\/litespeed\/avatar\/88ca4090d9d5ab1c9495f6ca03b68efa.jpg?ver=1777058957","caption":"\u00c9der"}}]}},"jetpack_featured_media_url":"https:\/\/vanderloubet.com.br\/deputado\/wp-content\/uploads\/2023\/11\/foto-2023-11-03-lula-lei-renegociacao-fies.jpg","jetpack_sharing_enabled":true,"_links":{"self":[{"href":"https:\/\/vanderloubet.com.br\/deputado\/wp-json\/wp\/v2\/posts\/19280","targetHints":{"allow":["GET"]}}],"collection":[{"href":"https:\/\/vanderloubet.com.br\/deputado\/wp-json\/wp\/v2\/posts"}],"about":[{"href":"https:\/\/vanderloubet.com.br\/deputado\/wp-json\/wp\/v2\/types\/post"}],"author":[{"embeddable":true,"href":"https:\/\/vanderloubet.com.br\/deputado\/wp-json\/wp\/v2\/users\/2"}],"replies":[{"embeddable":true,"href":"https:\/\/vanderloubet.com.br\/deputado\/wp-json\/wp\/v2\/comments?post=19280"}],"version-history":[{"count":0,"href":"https:\/\/vanderloubet.com.br\/deputado\/wp-json\/wp\/v2\/posts\/19280\/revisions"}],"wp:featuredmedia":[{"embeddable":true,"href":"https:\/\/vanderloubet.com.br\/deputado\/wp-json\/wp\/v2\/media\/19281"}],"wp:attachment":[{"href":"https:\/\/vanderloubet.com.br\/deputado\/wp-json\/wp\/v2\/media?parent=19280"}],"wp:term":[{"taxonomy":"category","embeddable":true,"href":"https:\/\/vanderloubet.com.br\/deputado\/wp-json\/wp\/v2\/categories?post=19280"},{"taxonomy":"post_tag","embeddable":true,"href":"https:\/\/vanderloubet.com.br\/deputado\/wp-json\/wp\/v2\/tags?post=19280"}],"curies":[{"name":"wp","href":"https:\/\/api.w.org\/{rel}","templated":true}]}}