{"id":19259,"date":"2023-11-01T10:00:37","date_gmt":"2023-11-01T14:00:37","guid":{"rendered":"https:\/\/vanderloubet.com.br\/deputado\/?p=19259"},"modified":"2023-11-02T17:07:25","modified_gmt":"2023-11-02T21:07:25","slug":"se-o-senado-aprovar-reforma-tributaria-como-esta-vamos-derrubar-na-camara-afirma-vander","status":"publish","type":"post","link":"https:\/\/vanderloubet.com.br\/deputado\/se-o-senado-aprovar-reforma-tributaria-como-esta-vamos-derrubar-na-camara-afirma-vander\/","title":{"rendered":"&#8220;Se o Senado aprovar Reforma Tribut\u00e1ria como est\u00e1, vamos derrubar na C\u00e2mara&#8221;, afirma Vander"},"content":{"rendered":"<p>O deputado federal Vander Loubet (PT-MS), coordenador da bancada federal de Mato Grosso do Sul, afirmou nesta quarta-feira (1\u00ba) que a Reforma Tribut\u00e1ria foi desconfigurada no Senado e que se o texto for aprovado como est\u00e1, vai trabalhar com os demais deputados do estado para reverter a proposta para a vers\u00e3o original aprovada na C\u00e2mara.<\/p>\n<p>Pelo relat\u00f3rio que tramita no Senado, segundo a divis\u00e3o dos recursos do Fundo Nacional do Desenvolvimento Regional (FNDR), Mato Grosso do Sul ficaria em pen\u00faltimo lugar no ranking de estados benefici\u00e1rios, com apenas R$ 750 milh\u00f5es, \u00e0 frente apenas do Distrito Federal, com R$ 530 milh\u00f5es.<\/p>\n<p>O texto aprovado na C\u00e2mara n\u00e3o definia os crit\u00e9rios de divis\u00e3o do Fundo, o que seria feito posteriormente por Lei Complementar.<\/p>\n<p>&#8220;O texto que aprovamos na C\u00e2mara foi bom para Mato Grosso do Sul. N\u00f3s, deputados, e o governador Eduardo Riedel atuamos bastante em prol disso. Portanto, estamos alertando nossos senadores sobre a import\u00e2ncia de entrarem em campo para garantir que essa participa\u00e7\u00e3o de MS no rateio dos recursos n\u00e3o seja aprovada assim&#8221;, pontuou Vander.<\/p>\n<p>Na vis\u00e3o do deputado, se for necess\u00e1ria a defini\u00e7\u00e3o de crit\u00e9rios j\u00e1 para o texto atual, esse debate precisa ser melhor conduzido, j\u00e1 que o crit\u00e9rio do Senado mostra que estados com renda per capita mais elevada, mas baixa densidade populacional v\u00e3o receber menor valor.<\/p>\n<p>&#8220;Nosso estado fez o dever de casa com suas finan\u00e7as e n\u00e3o pode ser prejudicado por isso&#8221;, afirma Vander.<\/p>\n<p>De acordo com o deputado, n\u00e3o foi uma tarefa f\u00e1cil garantir que Mato Grosso do Sul n\u00e3o sa\u00edsse prejudicado na C\u00e2mara por conta da proporcionalidade na Casa. Por isso, acredita que seja poss\u00edvel &#8220;salvar&#8221; o texto que ser\u00e1 votado pelos senadores.<\/p>\n<p>&#8220;L\u00e1 na C\u00e2mara somos 8 entre 513. Por isso, para que nosso estado n\u00e3o fosse prejudicado, ampliamos o di\u00e1logo com as bancadas dos demais estados considerados pequenos, para podermos fazer esse enfrentamento diante dos estados mais ricos do pa\u00eds, como S\u00e3o Paulo, Rio e Minas. No Senado, teoricamente, essa disputa \u00e9 menos desigual, ent\u00e3o n\u00e3o podemos deixar que a Reforma Tribut\u00e1ria seja aprovada da forma como est\u00e1 hoje. Nossos senadores precisam seguir a mesma estrat\u00e9gia e buscar os senadores de estados prejudicados, assim podemos tentar reverter essa situa\u00e7\u00e3o&#8221;, ponderou Vander.<\/p>\n<p>Perguntado sobre um cen\u00e1rio no qual o texto da Reforma seja aprovado nos moldes atuais do Senado, Vander foi taxativo ao afirmar que vai trabalhar pela derrubada do texto dos senadores e destacou que j\u00e1 est\u00e1 articulando um movimento dos deputados sul-mato-grossenses e de outros estados nesse sentido.<\/p>\n<p>&#8220;N\u00e3o vamos aceitar essa condi\u00e7\u00e3o. Se aprovarem [no Senado] como est\u00e1, o texto volta para a C\u00e2mara, ent\u00e3o j\u00e1 estamos em contato com nossos colegas de bancada do estado e com deputados de outros estados prejudicados para que possamos derrubar essa vers\u00e3o&#8221;, conclui o deputado.<\/p>\n<pre><em>\u00c9der F. Yanaguita - Ascom\/Dep. Vander Loubet<\/em><\/pre>\n","protected":false},"excerpt":{"rendered":"<p>Pelo relat\u00f3rio que tramita no Senado, Mato Grosso do Sul ficaria em pen\u00faltimo lugar no ranking de estados benefici\u00e1rios.<\/p>\n","protected":false},"author":2,"featured_media":19260,"comment_status":"closed","ping_status":"closed","sticky":false,"template":"","format":"standard","meta":{"jetpack_post_was_ever_published":false,"_jetpack_newsletter_access":"","_jetpack_dont_email_post_to_subs":false,"_jetpack_newsletter_tier_id":0,"_jetpack_memberships_contains_paywalled_content":false,"_jetpack_memberships_contains_paid_content":false,"footnotes":""},"categories":[2099,10],"tags":[2437,1984],"class_list":{"0":"post-19259","1":"post","2":"type-post","3":"status-publish","4":"format-standard","5":"has-post-thumbnail","7":"category-ms-noticias","8":"category-noticias","9":"tag-reforma-tributaria","10":"tag-tributacao"},"yoast_head":"<!-- This site is optimized with the Yoast SEO plugin v27.4 - https:\/\/yoast.com\/product\/yoast-seo-wordpress\/ -->\n<title>&quot;Se o Senado aprovar Reforma Tribut\u00e1ria como est\u00e1, vamos derrubar na C\u00e2mara&quot;, afirma Vander<\/title>\n<meta name=\"description\" content=\"Pelo relat\u00f3rio que tramita no Senado, Mato Grosso do Sul ficaria em pen\u00faltimo lugar no ranking de estados benefici\u00e1rios.\" \/>\n<meta name=\"robots\" content=\"index, follow, max-snippet:-1, max-image-preview:large, max-video-preview:-1\" \/>\n<link rel=\"canonical\" href=\"https:\/\/vanderloubet.com.br\/deputado\/se-o-senado-aprovar-reforma-tributaria-como-esta-vamos-derrubar-na-camara-afirma-vander\/\" \/>\n<meta property=\"og:locale\" content=\"pt_BR\" \/>\n<meta property=\"og:type\" content=\"article\" \/>\n<meta property=\"og:title\" content=\"&quot;Se o Senado aprovar Reforma Tribut\u00e1ria como est\u00e1, vamos derrubar na C\u00e2mara&quot;, afirma Vander\" \/>\n<meta property=\"og:description\" content=\"Pelo relat\u00f3rio que tramita no Senado, Mato Grosso do Sul ficaria em pen\u00faltimo lugar no ranking de estados benefici\u00e1rios.\" \/>\n<meta property=\"og:url\" content=\"https:\/\/vanderloubet.com.br\/deputado\/se-o-senado-aprovar-reforma-tributaria-como-esta-vamos-derrubar-na-camara-afirma-vander\/\" \/>\n<meta property=\"og:site_name\" content=\"Deputado Federal Vander Loubet\" \/>\n<meta property=\"article:publisher\" content=\"https:\/\/facebook.com\/deputadovander\" \/>\n<meta property=\"article:published_time\" content=\"2023-11-01T14:00:37+00:00\" \/>\n<meta property=\"article:modified_time\" content=\"2023-11-02T21:07:25+00:00\" \/>\n<meta property=\"og:image\" content=\"https:\/\/vanderloubet.com.br\/deputado\/wp-content\/uploads\/2023\/11\/foto-2023-11-01-deputado-vander-loubet.jpg\" \/>\n\t<meta property=\"og:image:width\" content=\"900\" \/>\n\t<meta property=\"og:image:height\" content=\"600\" \/>\n\t<meta property=\"og:image:type\" content=\"image\/jpeg\" \/>\n<meta name=\"author\" content=\"\u00c9der\" \/>\n<meta name=\"twitter:card\" content=\"summary_large_image\" \/>\n<meta name=\"twitter:creator\" content=\"@vanderloubet\" \/>\n<meta name=\"twitter:site\" content=\"@vanderloubet\" \/>\n<script type=\"application\/ld+json\" class=\"yoast-schema-graph\">{\"@context\":\"https:\\\/\\\/schema.org\",\"@graph\":[{\"@type\":\"Article\",\"@id\":\"https:\\\/\\\/vanderloubet.com.br\\\/deputado\\\/se-o-senado-aprovar-reforma-tributaria-como-esta-vamos-derrubar-na-camara-afirma-vander\\\/#article\",\"isPartOf\":{\"@id\":\"https:\\\/\\\/vanderloubet.com.br\\\/deputado\\\/se-o-senado-aprovar-reforma-tributaria-como-esta-vamos-derrubar-na-camara-afirma-vander\\\/\"},\"author\":{\"name\":\"\u00c9der\",\"@id\":\"https:\\\/\\\/vanderloubet.com.br\\\/deputado\\\/#\\\/schema\\\/person\\\/15b51bd564532a8a68d9dec1b8eb890e\"},\"headline\":\"&#8220;Se o Senado aprovar Reforma Tribut\u00e1ria como est\u00e1, vamos derrubar na C\u00e2mara&#8221;, afirma Vander\",\"datePublished\":\"2023-11-01T14:00:37+00:00\",\"dateModified\":\"2023-11-02T21:07:25+00:00\",\"mainEntityOfPage\":{\"@id\":\"https:\\\/\\\/vanderloubet.com.br\\\/deputado\\\/se-o-senado-aprovar-reforma-tributaria-como-esta-vamos-derrubar-na-camara-afirma-vander\\\/\"},\"wordCount\":521,\"publisher\":{\"@id\":\"https:\\\/\\\/vanderloubet.com.br\\\/deputado\\\/#organization\"},\"image\":{\"@id\":\"https:\\\/\\\/vanderloubet.com.br\\\/deputado\\\/se-o-senado-aprovar-reforma-tributaria-como-esta-vamos-derrubar-na-camara-afirma-vander\\\/#primaryimage\"},\"thumbnailUrl\":\"https:\\\/\\\/vanderloubet.com.br\\\/deputado\\\/wp-content\\\/uploads\\\/2023\\\/11\\\/foto-2023-11-01-deputado-vander-loubet.jpg\",\"keywords\":[\"reforma tribut\u00e1ria\",\"tributa\u00e7\u00e3o\"],\"articleSection\":[\"Mato Grosso do Sul\",\"Not\u00edcias\"],\"inLanguage\":\"pt-BR\"},{\"@type\":\"WebPage\",\"@id\":\"https:\\\/\\\/vanderloubet.com.br\\\/deputado\\\/se-o-senado-aprovar-reforma-tributaria-como-esta-vamos-derrubar-na-camara-afirma-vander\\\/\",\"url\":\"https:\\\/\\\/vanderloubet.com.br\\\/deputado\\\/se-o-senado-aprovar-reforma-tributaria-como-esta-vamos-derrubar-na-camara-afirma-vander\\\/\",\"name\":\"\\\"Se o Senado aprovar Reforma Tribut\u00e1ria como est\u00e1, vamos derrubar na C\u00e2mara\\\", afirma Vander\",\"isPartOf\":{\"@id\":\"https:\\\/\\\/vanderloubet.com.br\\\/deputado\\\/#website\"},\"primaryImageOfPage\":{\"@id\":\"https:\\\/\\\/vanderloubet.com.br\\\/deputado\\\/se-o-senado-aprovar-reforma-tributaria-como-esta-vamos-derrubar-na-camara-afirma-vander\\\/#primaryimage\"},\"image\":{\"@id\":\"https:\\\/\\\/vanderloubet.com.br\\\/deputado\\\/se-o-senado-aprovar-reforma-tributaria-como-esta-vamos-derrubar-na-camara-afirma-vander\\\/#primaryimage\"},\"thumbnailUrl\":\"https:\\\/\\\/vanderloubet.com.br\\\/deputado\\\/wp-content\\\/uploads\\\/2023\\\/11\\\/foto-2023-11-01-deputado-vander-loubet.jpg\",\"datePublished\":\"2023-11-01T14:00:37+00:00\",\"dateModified\":\"2023-11-02T21:07:25+00:00\",\"description\":\"Pelo relat\u00f3rio que tramita no Senado, Mato Grosso do Sul ficaria em pen\u00faltimo lugar no ranking de estados benefici\u00e1rios.\",\"breadcrumb\":{\"@id\":\"https:\\\/\\\/vanderloubet.com.br\\\/deputado\\\/se-o-senado-aprovar-reforma-tributaria-como-esta-vamos-derrubar-na-camara-afirma-vander\\\/#breadcrumb\"},\"inLanguage\":\"pt-BR\",\"potentialAction\":[{\"@type\":\"ReadAction\",\"target\":[\"https:\\\/\\\/vanderloubet.com.br\\\/deputado\\\/se-o-senado-aprovar-reforma-tributaria-como-esta-vamos-derrubar-na-camara-afirma-vander\\\/\"]}]},{\"@type\":\"ImageObject\",\"inLanguage\":\"pt-BR\",\"@id\":\"https:\\\/\\\/vanderloubet.com.br\\\/deputado\\\/se-o-senado-aprovar-reforma-tributaria-como-esta-vamos-derrubar-na-camara-afirma-vander\\\/#primaryimage\",\"url\":\"https:\\\/\\\/vanderloubet.com.br\\\/deputado\\\/wp-content\\\/uploads\\\/2023\\\/11\\\/foto-2023-11-01-deputado-vander-loubet.jpg\",\"contentUrl\":\"https:\\\/\\\/vanderloubet.com.br\\\/deputado\\\/wp-content\\\/uploads\\\/2023\\\/11\\\/foto-2023-11-01-deputado-vander-loubet.jpg\",\"width\":900,\"height\":600,\"caption\":\"\\\"Se o Senado aprovar Reforma Tribut\u00e1ria como est\u00e1, vamos derrubar na C\u00e2mara\\\", afirma Vander\"},{\"@type\":\"BreadcrumbList\",\"@id\":\"https:\\\/\\\/vanderloubet.com.br\\\/deputado\\\/se-o-senado-aprovar-reforma-tributaria-como-esta-vamos-derrubar-na-camara-afirma-vander\\\/#breadcrumb\",\"itemListElement\":[{\"@type\":\"ListItem\",\"position\":1,\"name\":\"In\u00edcio\",\"item\":\"https:\\\/\\\/vanderloubet.com.br\\\/deputado\\\/\"},{\"@type\":\"ListItem\",\"position\":2,\"name\":\"&#8220;Se o Senado aprovar Reforma Tribut\u00e1ria como est\u00e1, vamos derrubar na C\u00e2mara&#8221;, afirma Vander\"}]},{\"@type\":\"WebSite\",\"@id\":\"https:\\\/\\\/vanderloubet.com.br\\\/deputado\\\/#website\",\"url\":\"https:\\\/\\\/vanderloubet.com.br\\\/deputado\\\/\",\"name\":\"Deputado Federal Vander Loubet\",\"description\":\"O Federal de MS\",\"publisher\":{\"@id\":\"https:\\\/\\\/vanderloubet.com.br\\\/deputado\\\/#organization\"},\"alternateName\":\"Deputado Vander\",\"potentialAction\":[{\"@type\":\"SearchAction\",\"target\":{\"@type\":\"EntryPoint\",\"urlTemplate\":\"https:\\\/\\\/vanderloubet.com.br\\\/deputado\\\/?s={search_term_string}\"},\"query-input\":{\"@type\":\"PropertyValueSpecification\",\"valueRequired\":true,\"valueName\":\"search_term_string\"}}],\"inLanguage\":\"pt-BR\"},{\"@type\":\"Organization\",\"@id\":\"https:\\\/\\\/vanderloubet.com.br\\\/deputado\\\/#organization\",\"name\":\"Deputado Federal Vander Loubet\",\"alternateName\":\"Deputado Vander\",\"url\":\"https:\\\/\\\/vanderloubet.com.br\\\/deputado\\\/\",\"logo\":{\"@type\":\"ImageObject\",\"inLanguage\":\"pt-BR\",\"@id\":\"https:\\\/\\\/vanderloubet.com.br\\\/deputado\\\/#\\\/schema\\\/logo\\\/image\\\/\",\"url\":\"https:\\\/\\\/vanderloubet.com.br\\\/deputado\\\/wp-content\\\/uploads\\\/2023\\\/06\\\/foto-2023-06-19-mandato-deputado-vander.jpg\",\"contentUrl\":\"https:\\\/\\\/vanderloubet.com.br\\\/deputado\\\/wp-content\\\/uploads\\\/2023\\\/06\\\/foto-2023-06-19-mandato-deputado-vander.jpg\",\"width\":1080,\"height\":1080,\"caption\":\"Deputado Federal Vander Loubet\"},\"image\":{\"@id\":\"https:\\\/\\\/vanderloubet.com.br\\\/deputado\\\/#\\\/schema\\\/logo\\\/image\\\/\"},\"sameAs\":[\"https:\\\/\\\/facebook.com\\\/deputadovander\",\"https:\\\/\\\/x.com\\\/vanderloubet\",\"https:\\\/\\\/instagram.com\\\/vanderloubet\",\"https:\\\/\\\/youtube.com\\\/vanderloubet\",\"https:\\\/\\\/tiktok.com\\\/@vanderloubetms\"]},{\"@type\":\"Person\",\"@id\":\"https:\\\/\\\/vanderloubet.com.br\\\/deputado\\\/#\\\/schema\\\/person\\\/15b51bd564532a8a68d9dec1b8eb890e\",\"name\":\"\u00c9der\",\"image\":{\"@type\":\"ImageObject\",\"inLanguage\":\"pt-BR\",\"@id\":\"https:\\\/\\\/vanderloubet.com.br\\\/deputado\\\/wp-content\\\/litespeed\\\/avatar\\\/88ca4090d9d5ab1c9495f6ca03b68efa.jpg?ver=1777058957\",\"url\":\"https:\\\/\\\/vanderloubet.com.br\\\/deputado\\\/wp-content\\\/litespeed\\\/avatar\\\/88ca4090d9d5ab1c9495f6ca03b68efa.jpg?ver=1777058957\",\"contentUrl\":\"https:\\\/\\\/vanderloubet.com.br\\\/deputado\\\/wp-content\\\/litespeed\\\/avatar\\\/88ca4090d9d5ab1c9495f6ca03b68efa.jpg?ver=1777058957\",\"caption\":\"\u00c9der\"}}]}<\/script>\n<!-- \/ Yoast SEO plugin. -->","yoast_head_json":{"title":"\"Se o Senado aprovar Reforma Tribut\u00e1ria como est\u00e1, vamos derrubar na C\u00e2mara\", afirma Vander","description":"Pelo relat\u00f3rio que tramita no Senado, Mato Grosso do Sul ficaria em pen\u00faltimo lugar no ranking de estados benefici\u00e1rios.","robots":{"index":"index","follow":"follow","max-snippet":"max-snippet:-1","max-image-preview":"max-image-preview:large","max-video-preview":"max-video-preview:-1"},"canonical":"https:\/\/vanderloubet.com.br\/deputado\/se-o-senado-aprovar-reforma-tributaria-como-esta-vamos-derrubar-na-camara-afirma-vander\/","og_locale":"pt_BR","og_type":"article","og_title":"\"Se o Senado aprovar Reforma Tribut\u00e1ria como est\u00e1, vamos derrubar na C\u00e2mara\", afirma Vander","og_description":"Pelo relat\u00f3rio que tramita no Senado, Mato Grosso do Sul ficaria em pen\u00faltimo lugar no ranking de estados benefici\u00e1rios.","og_url":"https:\/\/vanderloubet.com.br\/deputado\/se-o-senado-aprovar-reforma-tributaria-como-esta-vamos-derrubar-na-camara-afirma-vander\/","og_site_name":"Deputado Federal Vander Loubet","article_publisher":"https:\/\/facebook.com\/deputadovander","article_published_time":"2023-11-01T14:00:37+00:00","article_modified_time":"2023-11-02T21:07:25+00:00","og_image":[{"width":900,"height":600,"url":"https:\/\/vanderloubet.com.br\/deputado\/wp-content\/uploads\/2023\/11\/foto-2023-11-01-deputado-vander-loubet.jpg","type":"image\/jpeg"}],"author":"\u00c9der","twitter_card":"summary_large_image","twitter_creator":"@vanderloubet","twitter_site":"@vanderloubet","schema":{"@context":"https:\/\/schema.org","@graph":[{"@type":"Article","@id":"https:\/\/vanderloubet.com.br\/deputado\/se-o-senado-aprovar-reforma-tributaria-como-esta-vamos-derrubar-na-camara-afirma-vander\/#article","isPartOf":{"@id":"https:\/\/vanderloubet.com.br\/deputado\/se-o-senado-aprovar-reforma-tributaria-como-esta-vamos-derrubar-na-camara-afirma-vander\/"},"author":{"name":"\u00c9der","@id":"https:\/\/vanderloubet.com.br\/deputado\/#\/schema\/person\/15b51bd564532a8a68d9dec1b8eb890e"},"headline":"&#8220;Se o Senado aprovar Reforma Tribut\u00e1ria como est\u00e1, vamos derrubar na C\u00e2mara&#8221;, afirma Vander","datePublished":"2023-11-01T14:00:37+00:00","dateModified":"2023-11-02T21:07:25+00:00","mainEntityOfPage":{"@id":"https:\/\/vanderloubet.com.br\/deputado\/se-o-senado-aprovar-reforma-tributaria-como-esta-vamos-derrubar-na-camara-afirma-vander\/"},"wordCount":521,"publisher":{"@id":"https:\/\/vanderloubet.com.br\/deputado\/#organization"},"image":{"@id":"https:\/\/vanderloubet.com.br\/deputado\/se-o-senado-aprovar-reforma-tributaria-como-esta-vamos-derrubar-na-camara-afirma-vander\/#primaryimage"},"thumbnailUrl":"https:\/\/vanderloubet.com.br\/deputado\/wp-content\/uploads\/2023\/11\/foto-2023-11-01-deputado-vander-loubet.jpg","keywords":["reforma tribut\u00e1ria","tributa\u00e7\u00e3o"],"articleSection":["Mato Grosso do Sul","Not\u00edcias"],"inLanguage":"pt-BR"},{"@type":"WebPage","@id":"https:\/\/vanderloubet.com.br\/deputado\/se-o-senado-aprovar-reforma-tributaria-como-esta-vamos-derrubar-na-camara-afirma-vander\/","url":"https:\/\/vanderloubet.com.br\/deputado\/se-o-senado-aprovar-reforma-tributaria-como-esta-vamos-derrubar-na-camara-afirma-vander\/","name":"\"Se o Senado aprovar Reforma Tribut\u00e1ria como est\u00e1, vamos derrubar na C\u00e2mara\", afirma Vander","isPartOf":{"@id":"https:\/\/vanderloubet.com.br\/deputado\/#website"},"primaryImageOfPage":{"@id":"https:\/\/vanderloubet.com.br\/deputado\/se-o-senado-aprovar-reforma-tributaria-como-esta-vamos-derrubar-na-camara-afirma-vander\/#primaryimage"},"image":{"@id":"https:\/\/vanderloubet.com.br\/deputado\/se-o-senado-aprovar-reforma-tributaria-como-esta-vamos-derrubar-na-camara-afirma-vander\/#primaryimage"},"thumbnailUrl":"https:\/\/vanderloubet.com.br\/deputado\/wp-content\/uploads\/2023\/11\/foto-2023-11-01-deputado-vander-loubet.jpg","datePublished":"2023-11-01T14:00:37+00:00","dateModified":"2023-11-02T21:07:25+00:00","description":"Pelo relat\u00f3rio que tramita no Senado, Mato Grosso do Sul ficaria em pen\u00faltimo lugar no ranking de estados benefici\u00e1rios.","breadcrumb":{"@id":"https:\/\/vanderloubet.com.br\/deputado\/se-o-senado-aprovar-reforma-tributaria-como-esta-vamos-derrubar-na-camara-afirma-vander\/#breadcrumb"},"inLanguage":"pt-BR","potentialAction":[{"@type":"ReadAction","target":["https:\/\/vanderloubet.com.br\/deputado\/se-o-senado-aprovar-reforma-tributaria-como-esta-vamos-derrubar-na-camara-afirma-vander\/"]}]},{"@type":"ImageObject","inLanguage":"pt-BR","@id":"https:\/\/vanderloubet.com.br\/deputado\/se-o-senado-aprovar-reforma-tributaria-como-esta-vamos-derrubar-na-camara-afirma-vander\/#primaryimage","url":"https:\/\/vanderloubet.com.br\/deputado\/wp-content\/uploads\/2023\/11\/foto-2023-11-01-deputado-vander-loubet.jpg","contentUrl":"https:\/\/vanderloubet.com.br\/deputado\/wp-content\/uploads\/2023\/11\/foto-2023-11-01-deputado-vander-loubet.jpg","width":900,"height":600,"caption":"\"Se o Senado aprovar Reforma Tribut\u00e1ria como est\u00e1, vamos derrubar na C\u00e2mara\", afirma Vander"},{"@type":"BreadcrumbList","@id":"https:\/\/vanderloubet.com.br\/deputado\/se-o-senado-aprovar-reforma-tributaria-como-esta-vamos-derrubar-na-camara-afirma-vander\/#breadcrumb","itemListElement":[{"@type":"ListItem","position":1,"name":"In\u00edcio","item":"https:\/\/vanderloubet.com.br\/deputado\/"},{"@type":"ListItem","position":2,"name":"&#8220;Se o Senado aprovar Reforma Tribut\u00e1ria como est\u00e1, vamos derrubar na C\u00e2mara&#8221;, afirma Vander"}]},{"@type":"WebSite","@id":"https:\/\/vanderloubet.com.br\/deputado\/#website","url":"https:\/\/vanderloubet.com.br\/deputado\/","name":"Deputado Federal Vander Loubet","description":"O Federal de MS","publisher":{"@id":"https:\/\/vanderloubet.com.br\/deputado\/#organization"},"alternateName":"Deputado Vander","potentialAction":[{"@type":"SearchAction","target":{"@type":"EntryPoint","urlTemplate":"https:\/\/vanderloubet.com.br\/deputado\/?s={search_term_string}"},"query-input":{"@type":"PropertyValueSpecification","valueRequired":true,"valueName":"search_term_string"}}],"inLanguage":"pt-BR"},{"@type":"Organization","@id":"https:\/\/vanderloubet.com.br\/deputado\/#organization","name":"Deputado Federal Vander Loubet","alternateName":"Deputado Vander","url":"https:\/\/vanderloubet.com.br\/deputado\/","logo":{"@type":"ImageObject","inLanguage":"pt-BR","@id":"https:\/\/vanderloubet.com.br\/deputado\/#\/schema\/logo\/image\/","url":"https:\/\/vanderloubet.com.br\/deputado\/wp-content\/uploads\/2023\/06\/foto-2023-06-19-mandato-deputado-vander.jpg","contentUrl":"https:\/\/vanderloubet.com.br\/deputado\/wp-content\/uploads\/2023\/06\/foto-2023-06-19-mandato-deputado-vander.jpg","width":1080,"height":1080,"caption":"Deputado Federal Vander Loubet"},"image":{"@id":"https:\/\/vanderloubet.com.br\/deputado\/#\/schema\/logo\/image\/"},"sameAs":["https:\/\/facebook.com\/deputadovander","https:\/\/x.com\/vanderloubet","https:\/\/instagram.com\/vanderloubet","https:\/\/youtube.com\/vanderloubet","https:\/\/tiktok.com\/@vanderloubetms"]},{"@type":"Person","@id":"https:\/\/vanderloubet.com.br\/deputado\/#\/schema\/person\/15b51bd564532a8a68d9dec1b8eb890e","name":"\u00c9der","image":{"@type":"ImageObject","inLanguage":"pt-BR","@id":"https:\/\/vanderloubet.com.br\/deputado\/wp-content\/litespeed\/avatar\/88ca4090d9d5ab1c9495f6ca03b68efa.jpg?ver=1777058957","url":"https:\/\/vanderloubet.com.br\/deputado\/wp-content\/litespeed\/avatar\/88ca4090d9d5ab1c9495f6ca03b68efa.jpg?ver=1777058957","contentUrl":"https:\/\/vanderloubet.com.br\/deputado\/wp-content\/litespeed\/avatar\/88ca4090d9d5ab1c9495f6ca03b68efa.jpg?ver=1777058957","caption":"\u00c9der"}}]}},"jetpack_featured_media_url":"https:\/\/vanderloubet.com.br\/deputado\/wp-content\/uploads\/2023\/11\/foto-2023-11-01-deputado-vander-loubet.jpg","jetpack_sharing_enabled":true,"_links":{"self":[{"href":"https:\/\/vanderloubet.com.br\/deputado\/wp-json\/wp\/v2\/posts\/19259","targetHints":{"allow":["GET"]}}],"collection":[{"href":"https:\/\/vanderloubet.com.br\/deputado\/wp-json\/wp\/v2\/posts"}],"about":[{"href":"https:\/\/vanderloubet.com.br\/deputado\/wp-json\/wp\/v2\/types\/post"}],"author":[{"embeddable":true,"href":"https:\/\/vanderloubet.com.br\/deputado\/wp-json\/wp\/v2\/users\/2"}],"replies":[{"embeddable":true,"href":"https:\/\/vanderloubet.com.br\/deputado\/wp-json\/wp\/v2\/comments?post=19259"}],"version-history":[{"count":0,"href":"https:\/\/vanderloubet.com.br\/deputado\/wp-json\/wp\/v2\/posts\/19259\/revisions"}],"wp:featuredmedia":[{"embeddable":true,"href":"https:\/\/vanderloubet.com.br\/deputado\/wp-json\/wp\/v2\/media\/19260"}],"wp:attachment":[{"href":"https:\/\/vanderloubet.com.br\/deputado\/wp-json\/wp\/v2\/media?parent=19259"}],"wp:term":[{"taxonomy":"category","embeddable":true,"href":"https:\/\/vanderloubet.com.br\/deputado\/wp-json\/wp\/v2\/categories?post=19259"},{"taxonomy":"post_tag","embeddable":true,"href":"https:\/\/vanderloubet.com.br\/deputado\/wp-json\/wp\/v2\/tags?post=19259"}],"curies":[{"name":"wp","href":"https:\/\/api.w.org\/{rel}","templated":true}]}}