{"id":19239,"date":"2023-10-10T09:13:31","date_gmt":"2023-10-10T13:13:31","guid":{"rendered":"https:\/\/vanderloubet.com.br\/deputado\/?p=19239"},"modified":"2023-10-10T10:02:11","modified_gmt":"2023-10-10T14:02:11","slug":"vander-confirma-r-30-milhoes-para-minha-casa-minha-vida-em-campo-grande-e-dourados","status":"publish","type":"post","link":"https:\/\/vanderloubet.com.br\/deputado\/vander-confirma-r-30-milhoes-para-minha-casa-minha-vida-em-campo-grande-e-dourados\/","title":{"rendered":"Vander confirma R$ 30 milh\u00f5es para Minha Casa Minha Vida em Campo Grande e Dourados"},"content":{"rendered":"<p>Na manh\u00e3 desta ter\u00e7a-feira (10), o deputado federal Vander Loubet informou que o Governo Federal efetuou o pagamento de duas emendas de bancada que totalizam R$ 30 milh\u00f5es para financiamento do programa Minha Casa Minha Vida em Mato Grosso do Sul.<\/p>\n<p>Coordenador da bancada do estado no Congresso Nacional, Vander monitorava esses recursos junto com a diretora-presidente Ag\u00eancia de Habita\u00e7\u00e3o Popular do Estado (Agehab), Maria do Carmo Avesani.<\/p>\n<p>Do valor, R$ 20 milh\u00f5es \u00e9 para aplica\u00e7\u00e3o em Campo Grande e R$ 10 milh\u00f5es em Dourados. De acordo com o deputado, esses recursos s\u00e3o preciosos para o fortalecimento das pol\u00edticas p\u00fablicas voltadas para moradia popular.<\/p>\n<p>&#8220;A volta do Minha Casa Minha Vida com o novo governo Lula \u00e9 muito importante para que possamos retomar em nosso estado o esfor\u00e7o para combater o d\u00e9ficit habitacional e realizar o sonho da casa pr\u00f3pria para dezenas de milhares de fam\u00edlias. Tenho certeza que a parceria do Estado com o Governo Federal por meio do programa vai ser fundamental para a gente atingir esse objetivo&#8221;, pontuou Vander.<\/p>\n<figure id=\"attachment_19245\" aria-describedby=\"caption-attachment-19245\" style=\"width: 696px\" class=\"wp-caption aligncenter\"><img decoding=\"async\" src=\"https:\/\/vanderloubet.com.br\/deputado\/wp-content\/uploads\/2023\/10\/foto-2023-10-10-maria-carmo-avesani-vander-loubet-700x467.jpg\" alt=\"Maria do Carmo Avesani, diretora-presidente da Agehab, e deputado Vander\" width=\"696\" height=\"464\" class=\"size-large wp-image-19245\" srcset=\"https:\/\/vanderloubet.com.br\/deputado\/wp-content\/uploads\/2023\/10\/foto-2023-10-10-maria-carmo-avesani-vander-loubet-700x467.jpg 700w, https:\/\/vanderloubet.com.br\/deputado\/wp-content\/uploads\/2023\/10\/foto-2023-10-10-maria-carmo-avesani-vander-loubet-350x233.jpg 350w, https:\/\/vanderloubet.com.br\/deputado\/wp-content\/uploads\/2023\/10\/foto-2023-10-10-maria-carmo-avesani-vander-loubet-768x512.jpg 768w, https:\/\/vanderloubet.com.br\/deputado\/wp-content\/uploads\/2023\/10\/foto-2023-10-10-maria-carmo-avesani-vander-loubet-630x420.jpg 630w, https:\/\/vanderloubet.com.br\/deputado\/wp-content\/uploads\/2023\/10\/foto-2023-10-10-maria-carmo-avesani-vander-loubet-696x464.jpg 696w, https:\/\/vanderloubet.com.br\/deputado\/wp-content\/uploads\/2023\/10\/foto-2023-10-10-maria-carmo-avesani-vander-loubet.jpg 900w\" sizes=\"(max-width: 696px) 100vw, 696px\" \/><figcaption id=\"caption-attachment-19245\" class=\"wp-caption-text\">Maria do Carmo Avesani, diretora-presidente da Agehab, e deputado Vander<\/figcaption><\/figure>\n<p>S\u00f3 neste ano, em todo o Brasil, j\u00e1 foram entregues mais de 10 mil unidades habitacionais em 37 empreendimentos pelo Minha Casa Minha Vida e foram retomadas mais de 16 mil unidades em 48 empreendimentos. A previs\u00e3o para os pr\u00f3ximos seis meses \u00e9 de entregar mais 9 mil e retomar a constru\u00e7\u00e3o de 21 mil unidades. At\u00e9 2026, a meta \u00e9 contratar 2 milh\u00f5es de novas moradias pelo programa.<\/p>\n<p>Recentemente, o governo Lula decidiu zerar parcelas do Minha Casa Minha Vida para quem recebe Bolsa Fam\u00edlia ou Benef\u00edcio de Presta\u00e7\u00e3o Continuada (BPC), medida que beneficia as fam\u00edlias mais vulner\u00e1veis do pa\u00eds e cumpre promessa do presidente de reduzir as desigualdades. A medida vale para contratos nas modalidades subsidiadas com recursos dos fundos de Arrendamento Residencial (FAR) e de Desenvolvimento Social (FDS), al\u00e9m do Programa Nacional de Habita\u00e7\u00e3o Rural (PNHR).<\/p>\n<p>&#8220;\u00c9 um esfor\u00e7o concentrado do Governo Federal no sentido de minimizar as dificuldades que as fam\u00edlias de baixa renda t\u00eam para realizar o sonho da casa pr\u00f3pria. N\u00e3o tem nada mais importante para um pai ou uma m\u00e3e de fam\u00edlia do que garantir um teto para seus filhos, por isso, esse \u00e9 um direito que precisamos nos empenhar para viabilizar&#8221;, conclui o deputado.<\/p>\n","protected":false},"excerpt":{"rendered":"<p>De acordo com o deputado, esses recursos s\u00e3o preciosos para o fortalecimento das pol\u00edticas p\u00fablicas voltadas para moradia popular.<\/p>\n","protected":false},"author":2,"featured_media":19240,"comment_status":"closed","ping_status":"closed","sticky":false,"template":"","format":"standard","meta":{"jetpack_post_was_ever_published":false,"_jetpack_newsletter_access":"","_jetpack_dont_email_post_to_subs":false,"_jetpack_newsletter_tier_id":0,"_jetpack_memberships_contains_paywalled_content":false,"_jetpack_memberships_contains_paid_content":false,"footnotes":""},"categories":[2099,10],"tags":[342,672,2127,956,2318],"class_list":{"0":"post-19239","1":"post","2":"type-post","3":"status-publish","4":"format-standard","5":"has-post-thumbnail","7":"category-ms-noticias","8":"category-noticias","9":"tag-campo-grande","10":"tag-dourados","11":"tag-emenda-parlamentar","12":"tag-habitacao","13":"tag-minha-casa-minha-vida"},"yoast_head":"<!-- This site is optimized with the Yoast SEO plugin v27.4 - https:\/\/yoast.com\/product\/yoast-seo-wordpress\/ -->\n<title>Vander confirma R$ 30 milh\u00f5es para Minha Casa Minha Vida em Campo Grande e Dourados<\/title>\n<meta name=\"description\" content=\"De acordo com o deputado, esses recursos s\u00e3o preciosos para o fortalecimento das pol\u00edticas p\u00fablicas voltadas para moradia popular.\" \/>\n<meta name=\"robots\" content=\"index, follow, max-snippet:-1, max-image-preview:large, max-video-preview:-1\" \/>\n<link rel=\"canonical\" href=\"https:\/\/vanderloubet.com.br\/deputado\/vander-confirma-r-30-milhoes-para-minha-casa-minha-vida-em-campo-grande-e-dourados\/\" \/>\n<meta property=\"og:locale\" content=\"pt_BR\" \/>\n<meta property=\"og:type\" content=\"article\" \/>\n<meta property=\"og:title\" content=\"Vander confirma R$ 30 milh\u00f5es para Minha Casa Minha Vida em Campo Grande e Dourados\" \/>\n<meta property=\"og:description\" content=\"De acordo com o deputado, esses recursos s\u00e3o preciosos para o fortalecimento das pol\u00edticas p\u00fablicas voltadas para moradia popular.\" \/>\n<meta property=\"og:url\" content=\"https:\/\/vanderloubet.com.br\/deputado\/vander-confirma-r-30-milhoes-para-minha-casa-minha-vida-em-campo-grande-e-dourados\/\" \/>\n<meta property=\"og:site_name\" content=\"Deputado Federal Vander Loubet\" \/>\n<meta property=\"article:publisher\" content=\"https:\/\/facebook.com\/deputadovander\" \/>\n<meta property=\"article:published_time\" content=\"2023-10-10T13:13:31+00:00\" \/>\n<meta property=\"article:modified_time\" content=\"2023-10-10T14:02:11+00:00\" \/>\n<meta property=\"og:image\" content=\"https:\/\/vanderloubet.com.br\/deputado\/wp-content\/uploads\/2023\/10\/foto-2023-10-10-minha-casa-minha-vida.jpg\" \/>\n\t<meta property=\"og:image:width\" content=\"900\" \/>\n\t<meta property=\"og:image:height\" content=\"600\" \/>\n\t<meta property=\"og:image:type\" content=\"image\/jpeg\" \/>\n<meta name=\"author\" content=\"\u00c9der\" \/>\n<meta name=\"twitter:card\" content=\"summary_large_image\" \/>\n<meta name=\"twitter:creator\" content=\"@vanderloubet\" \/>\n<meta name=\"twitter:site\" content=\"@vanderloubet\" \/>\n<script type=\"application\/ld+json\" class=\"yoast-schema-graph\">{\"@context\":\"https:\\\/\\\/schema.org\",\"@graph\":[{\"@type\":\"Article\",\"@id\":\"https:\\\/\\\/vanderloubet.com.br\\\/deputado\\\/vander-confirma-r-30-milhoes-para-minha-casa-minha-vida-em-campo-grande-e-dourados\\\/#article\",\"isPartOf\":{\"@id\":\"https:\\\/\\\/vanderloubet.com.br\\\/deputado\\\/vander-confirma-r-30-milhoes-para-minha-casa-minha-vida-em-campo-grande-e-dourados\\\/\"},\"author\":{\"name\":\"\u00c9der\",\"@id\":\"https:\\\/\\\/vanderloubet.com.br\\\/deputado\\\/#\\\/schema\\\/person\\\/15b51bd564532a8a68d9dec1b8eb890e\"},\"headline\":\"Vander confirma R$ 30 milh\u00f5es para Minha Casa Minha Vida em Campo Grande e Dourados\",\"datePublished\":\"2023-10-10T13:13:31+00:00\",\"dateModified\":\"2023-10-10T14:02:11+00:00\",\"mainEntityOfPage\":{\"@id\":\"https:\\\/\\\/vanderloubet.com.br\\\/deputado\\\/vander-confirma-r-30-milhoes-para-minha-casa-minha-vida-em-campo-grande-e-dourados\\\/\"},\"wordCount\":421,\"publisher\":{\"@id\":\"https:\\\/\\\/vanderloubet.com.br\\\/deputado\\\/#organization\"},\"image\":{\"@id\":\"https:\\\/\\\/vanderloubet.com.br\\\/deputado\\\/vander-confirma-r-30-milhoes-para-minha-casa-minha-vida-em-campo-grande-e-dourados\\\/#primaryimage\"},\"thumbnailUrl\":\"https:\\\/\\\/vanderloubet.com.br\\\/deputado\\\/wp-content\\\/uploads\\\/2023\\\/10\\\/foto-2023-10-10-minha-casa-minha-vida.jpg\",\"keywords\":[\"campo grande\",\"dourados\",\"emenda parlamentar\",\"habita\u00e7\u00e3o\",\"minha casa minha vida\"],\"articleSection\":[\"Mato Grosso do Sul\",\"Not\u00edcias\"],\"inLanguage\":\"pt-BR\"},{\"@type\":\"WebPage\",\"@id\":\"https:\\\/\\\/vanderloubet.com.br\\\/deputado\\\/vander-confirma-r-30-milhoes-para-minha-casa-minha-vida-em-campo-grande-e-dourados\\\/\",\"url\":\"https:\\\/\\\/vanderloubet.com.br\\\/deputado\\\/vander-confirma-r-30-milhoes-para-minha-casa-minha-vida-em-campo-grande-e-dourados\\\/\",\"name\":\"Vander confirma R$ 30 milh\u00f5es para Minha Casa Minha Vida em Campo Grande e Dourados\",\"isPartOf\":{\"@id\":\"https:\\\/\\\/vanderloubet.com.br\\\/deputado\\\/#website\"},\"primaryImageOfPage\":{\"@id\":\"https:\\\/\\\/vanderloubet.com.br\\\/deputado\\\/vander-confirma-r-30-milhoes-para-minha-casa-minha-vida-em-campo-grande-e-dourados\\\/#primaryimage\"},\"image\":{\"@id\":\"https:\\\/\\\/vanderloubet.com.br\\\/deputado\\\/vander-confirma-r-30-milhoes-para-minha-casa-minha-vida-em-campo-grande-e-dourados\\\/#primaryimage\"},\"thumbnailUrl\":\"https:\\\/\\\/vanderloubet.com.br\\\/deputado\\\/wp-content\\\/uploads\\\/2023\\\/10\\\/foto-2023-10-10-minha-casa-minha-vida.jpg\",\"datePublished\":\"2023-10-10T13:13:31+00:00\",\"dateModified\":\"2023-10-10T14:02:11+00:00\",\"description\":\"De acordo com o deputado, esses recursos s\u00e3o preciosos para o fortalecimento das pol\u00edticas p\u00fablicas voltadas para moradia popular.\",\"breadcrumb\":{\"@id\":\"https:\\\/\\\/vanderloubet.com.br\\\/deputado\\\/vander-confirma-r-30-milhoes-para-minha-casa-minha-vida-em-campo-grande-e-dourados\\\/#breadcrumb\"},\"inLanguage\":\"pt-BR\",\"potentialAction\":[{\"@type\":\"ReadAction\",\"target\":[\"https:\\\/\\\/vanderloubet.com.br\\\/deputado\\\/vander-confirma-r-30-milhoes-para-minha-casa-minha-vida-em-campo-grande-e-dourados\\\/\"]}]},{\"@type\":\"ImageObject\",\"inLanguage\":\"pt-BR\",\"@id\":\"https:\\\/\\\/vanderloubet.com.br\\\/deputado\\\/vander-confirma-r-30-milhoes-para-minha-casa-minha-vida-em-campo-grande-e-dourados\\\/#primaryimage\",\"url\":\"https:\\\/\\\/vanderloubet.com.br\\\/deputado\\\/wp-content\\\/uploads\\\/2023\\\/10\\\/foto-2023-10-10-minha-casa-minha-vida.jpg\",\"contentUrl\":\"https:\\\/\\\/vanderloubet.com.br\\\/deputado\\\/wp-content\\\/uploads\\\/2023\\\/10\\\/foto-2023-10-10-minha-casa-minha-vida.jpg\",\"width\":900,\"height\":600,\"caption\":\"Vander confirma R$ 30 milh\u00f5es para Minha Casa Minha Vida em Campo Grande e Dourados\"},{\"@type\":\"BreadcrumbList\",\"@id\":\"https:\\\/\\\/vanderloubet.com.br\\\/deputado\\\/vander-confirma-r-30-milhoes-para-minha-casa-minha-vida-em-campo-grande-e-dourados\\\/#breadcrumb\",\"itemListElement\":[{\"@type\":\"ListItem\",\"position\":1,\"name\":\"In\u00edcio\",\"item\":\"https:\\\/\\\/vanderloubet.com.br\\\/deputado\\\/\"},{\"@type\":\"ListItem\",\"position\":2,\"name\":\"Vander confirma R$ 30 milh\u00f5es para Minha Casa Minha Vida em Campo Grande e Dourados\"}]},{\"@type\":\"WebSite\",\"@id\":\"https:\\\/\\\/vanderloubet.com.br\\\/deputado\\\/#website\",\"url\":\"https:\\\/\\\/vanderloubet.com.br\\\/deputado\\\/\",\"name\":\"Deputado Federal Vander Loubet\",\"description\":\"O Federal de MS\",\"publisher\":{\"@id\":\"https:\\\/\\\/vanderloubet.com.br\\\/deputado\\\/#organization\"},\"alternateName\":\"Deputado Vander\",\"potentialAction\":[{\"@type\":\"SearchAction\",\"target\":{\"@type\":\"EntryPoint\",\"urlTemplate\":\"https:\\\/\\\/vanderloubet.com.br\\\/deputado\\\/?s={search_term_string}\"},\"query-input\":{\"@type\":\"PropertyValueSpecification\",\"valueRequired\":true,\"valueName\":\"search_term_string\"}}],\"inLanguage\":\"pt-BR\"},{\"@type\":\"Organization\",\"@id\":\"https:\\\/\\\/vanderloubet.com.br\\\/deputado\\\/#organization\",\"name\":\"Deputado Federal Vander Loubet\",\"alternateName\":\"Deputado Vander\",\"url\":\"https:\\\/\\\/vanderloubet.com.br\\\/deputado\\\/\",\"logo\":{\"@type\":\"ImageObject\",\"inLanguage\":\"pt-BR\",\"@id\":\"https:\\\/\\\/vanderloubet.com.br\\\/deputado\\\/#\\\/schema\\\/logo\\\/image\\\/\",\"url\":\"https:\\\/\\\/vanderloubet.com.br\\\/deputado\\\/wp-content\\\/uploads\\\/2023\\\/06\\\/foto-2023-06-19-mandato-deputado-vander.jpg\",\"contentUrl\":\"https:\\\/\\\/vanderloubet.com.br\\\/deputado\\\/wp-content\\\/uploads\\\/2023\\\/06\\\/foto-2023-06-19-mandato-deputado-vander.jpg\",\"width\":1080,\"height\":1080,\"caption\":\"Deputado Federal Vander Loubet\"},\"image\":{\"@id\":\"https:\\\/\\\/vanderloubet.com.br\\\/deputado\\\/#\\\/schema\\\/logo\\\/image\\\/\"},\"sameAs\":[\"https:\\\/\\\/facebook.com\\\/deputadovander\",\"https:\\\/\\\/x.com\\\/vanderloubet\",\"https:\\\/\\\/instagram.com\\\/vanderloubet\",\"https:\\\/\\\/youtube.com\\\/vanderloubet\",\"https:\\\/\\\/tiktok.com\\\/@vanderloubetms\"]},{\"@type\":\"Person\",\"@id\":\"https:\\\/\\\/vanderloubet.com.br\\\/deputado\\\/#\\\/schema\\\/person\\\/15b51bd564532a8a68d9dec1b8eb890e\",\"name\":\"\u00c9der\",\"image\":{\"@type\":\"ImageObject\",\"inLanguage\":\"pt-BR\",\"@id\":\"https:\\\/\\\/vanderloubet.com.br\\\/deputado\\\/wp-content\\\/litespeed\\\/avatar\\\/88ca4090d9d5ab1c9495f6ca03b68efa.jpg?ver=1777058957\",\"url\":\"https:\\\/\\\/vanderloubet.com.br\\\/deputado\\\/wp-content\\\/litespeed\\\/avatar\\\/88ca4090d9d5ab1c9495f6ca03b68efa.jpg?ver=1777058957\",\"contentUrl\":\"https:\\\/\\\/vanderloubet.com.br\\\/deputado\\\/wp-content\\\/litespeed\\\/avatar\\\/88ca4090d9d5ab1c9495f6ca03b68efa.jpg?ver=1777058957\",\"caption\":\"\u00c9der\"}}]}<\/script>\n<!-- \/ Yoast SEO plugin. -->","yoast_head_json":{"title":"Vander confirma R$ 30 milh\u00f5es para Minha Casa Minha Vida em Campo Grande e Dourados","description":"De acordo com o deputado, esses recursos s\u00e3o preciosos para o fortalecimento das pol\u00edticas p\u00fablicas voltadas para moradia popular.","robots":{"index":"index","follow":"follow","max-snippet":"max-snippet:-1","max-image-preview":"max-image-preview:large","max-video-preview":"max-video-preview:-1"},"canonical":"https:\/\/vanderloubet.com.br\/deputado\/vander-confirma-r-30-milhoes-para-minha-casa-minha-vida-em-campo-grande-e-dourados\/","og_locale":"pt_BR","og_type":"article","og_title":"Vander confirma R$ 30 milh\u00f5es para Minha Casa Minha Vida em Campo Grande e Dourados","og_description":"De acordo com o deputado, esses recursos s\u00e3o preciosos para o fortalecimento das pol\u00edticas p\u00fablicas voltadas para moradia popular.","og_url":"https:\/\/vanderloubet.com.br\/deputado\/vander-confirma-r-30-milhoes-para-minha-casa-minha-vida-em-campo-grande-e-dourados\/","og_site_name":"Deputado Federal Vander Loubet","article_publisher":"https:\/\/facebook.com\/deputadovander","article_published_time":"2023-10-10T13:13:31+00:00","article_modified_time":"2023-10-10T14:02:11+00:00","og_image":[{"width":900,"height":600,"url":"https:\/\/vanderloubet.com.br\/deputado\/wp-content\/uploads\/2023\/10\/foto-2023-10-10-minha-casa-minha-vida.jpg","type":"image\/jpeg"}],"author":"\u00c9der","twitter_card":"summary_large_image","twitter_creator":"@vanderloubet","twitter_site":"@vanderloubet","schema":{"@context":"https:\/\/schema.org","@graph":[{"@type":"Article","@id":"https:\/\/vanderloubet.com.br\/deputado\/vander-confirma-r-30-milhoes-para-minha-casa-minha-vida-em-campo-grande-e-dourados\/#article","isPartOf":{"@id":"https:\/\/vanderloubet.com.br\/deputado\/vander-confirma-r-30-milhoes-para-minha-casa-minha-vida-em-campo-grande-e-dourados\/"},"author":{"name":"\u00c9der","@id":"https:\/\/vanderloubet.com.br\/deputado\/#\/schema\/person\/15b51bd564532a8a68d9dec1b8eb890e"},"headline":"Vander confirma R$ 30 milh\u00f5es para Minha Casa Minha Vida em Campo Grande e Dourados","datePublished":"2023-10-10T13:13:31+00:00","dateModified":"2023-10-10T14:02:11+00:00","mainEntityOfPage":{"@id":"https:\/\/vanderloubet.com.br\/deputado\/vander-confirma-r-30-milhoes-para-minha-casa-minha-vida-em-campo-grande-e-dourados\/"},"wordCount":421,"publisher":{"@id":"https:\/\/vanderloubet.com.br\/deputado\/#organization"},"image":{"@id":"https:\/\/vanderloubet.com.br\/deputado\/vander-confirma-r-30-milhoes-para-minha-casa-minha-vida-em-campo-grande-e-dourados\/#primaryimage"},"thumbnailUrl":"https:\/\/vanderloubet.com.br\/deputado\/wp-content\/uploads\/2023\/10\/foto-2023-10-10-minha-casa-minha-vida.jpg","keywords":["campo grande","dourados","emenda parlamentar","habita\u00e7\u00e3o","minha casa minha vida"],"articleSection":["Mato Grosso do Sul","Not\u00edcias"],"inLanguage":"pt-BR"},{"@type":"WebPage","@id":"https:\/\/vanderloubet.com.br\/deputado\/vander-confirma-r-30-milhoes-para-minha-casa-minha-vida-em-campo-grande-e-dourados\/","url":"https:\/\/vanderloubet.com.br\/deputado\/vander-confirma-r-30-milhoes-para-minha-casa-minha-vida-em-campo-grande-e-dourados\/","name":"Vander confirma R$ 30 milh\u00f5es para Minha Casa Minha Vida em Campo Grande e Dourados","isPartOf":{"@id":"https:\/\/vanderloubet.com.br\/deputado\/#website"},"primaryImageOfPage":{"@id":"https:\/\/vanderloubet.com.br\/deputado\/vander-confirma-r-30-milhoes-para-minha-casa-minha-vida-em-campo-grande-e-dourados\/#primaryimage"},"image":{"@id":"https:\/\/vanderloubet.com.br\/deputado\/vander-confirma-r-30-milhoes-para-minha-casa-minha-vida-em-campo-grande-e-dourados\/#primaryimage"},"thumbnailUrl":"https:\/\/vanderloubet.com.br\/deputado\/wp-content\/uploads\/2023\/10\/foto-2023-10-10-minha-casa-minha-vida.jpg","datePublished":"2023-10-10T13:13:31+00:00","dateModified":"2023-10-10T14:02:11+00:00","description":"De acordo com o deputado, esses recursos s\u00e3o preciosos para o fortalecimento das pol\u00edticas p\u00fablicas voltadas para moradia popular.","breadcrumb":{"@id":"https:\/\/vanderloubet.com.br\/deputado\/vander-confirma-r-30-milhoes-para-minha-casa-minha-vida-em-campo-grande-e-dourados\/#breadcrumb"},"inLanguage":"pt-BR","potentialAction":[{"@type":"ReadAction","target":["https:\/\/vanderloubet.com.br\/deputado\/vander-confirma-r-30-milhoes-para-minha-casa-minha-vida-em-campo-grande-e-dourados\/"]}]},{"@type":"ImageObject","inLanguage":"pt-BR","@id":"https:\/\/vanderloubet.com.br\/deputado\/vander-confirma-r-30-milhoes-para-minha-casa-minha-vida-em-campo-grande-e-dourados\/#primaryimage","url":"https:\/\/vanderloubet.com.br\/deputado\/wp-content\/uploads\/2023\/10\/foto-2023-10-10-minha-casa-minha-vida.jpg","contentUrl":"https:\/\/vanderloubet.com.br\/deputado\/wp-content\/uploads\/2023\/10\/foto-2023-10-10-minha-casa-minha-vida.jpg","width":900,"height":600,"caption":"Vander confirma R$ 30 milh\u00f5es para Minha Casa Minha Vida em Campo Grande e Dourados"},{"@type":"BreadcrumbList","@id":"https:\/\/vanderloubet.com.br\/deputado\/vander-confirma-r-30-milhoes-para-minha-casa-minha-vida-em-campo-grande-e-dourados\/#breadcrumb","itemListElement":[{"@type":"ListItem","position":1,"name":"In\u00edcio","item":"https:\/\/vanderloubet.com.br\/deputado\/"},{"@type":"ListItem","position":2,"name":"Vander confirma R$ 30 milh\u00f5es para Minha Casa Minha Vida em Campo Grande e Dourados"}]},{"@type":"WebSite","@id":"https:\/\/vanderloubet.com.br\/deputado\/#website","url":"https:\/\/vanderloubet.com.br\/deputado\/","name":"Deputado Federal Vander Loubet","description":"O Federal de MS","publisher":{"@id":"https:\/\/vanderloubet.com.br\/deputado\/#organization"},"alternateName":"Deputado Vander","potentialAction":[{"@type":"SearchAction","target":{"@type":"EntryPoint","urlTemplate":"https:\/\/vanderloubet.com.br\/deputado\/?s={search_term_string}"},"query-input":{"@type":"PropertyValueSpecification","valueRequired":true,"valueName":"search_term_string"}}],"inLanguage":"pt-BR"},{"@type":"Organization","@id":"https:\/\/vanderloubet.com.br\/deputado\/#organization","name":"Deputado Federal Vander Loubet","alternateName":"Deputado Vander","url":"https:\/\/vanderloubet.com.br\/deputado\/","logo":{"@type":"ImageObject","inLanguage":"pt-BR","@id":"https:\/\/vanderloubet.com.br\/deputado\/#\/schema\/logo\/image\/","url":"https:\/\/vanderloubet.com.br\/deputado\/wp-content\/uploads\/2023\/06\/foto-2023-06-19-mandato-deputado-vander.jpg","contentUrl":"https:\/\/vanderloubet.com.br\/deputado\/wp-content\/uploads\/2023\/06\/foto-2023-06-19-mandato-deputado-vander.jpg","width":1080,"height":1080,"caption":"Deputado Federal Vander Loubet"},"image":{"@id":"https:\/\/vanderloubet.com.br\/deputado\/#\/schema\/logo\/image\/"},"sameAs":["https:\/\/facebook.com\/deputadovander","https:\/\/x.com\/vanderloubet","https:\/\/instagram.com\/vanderloubet","https:\/\/youtube.com\/vanderloubet","https:\/\/tiktok.com\/@vanderloubetms"]},{"@type":"Person","@id":"https:\/\/vanderloubet.com.br\/deputado\/#\/schema\/person\/15b51bd564532a8a68d9dec1b8eb890e","name":"\u00c9der","image":{"@type":"ImageObject","inLanguage":"pt-BR","@id":"https:\/\/vanderloubet.com.br\/deputado\/wp-content\/litespeed\/avatar\/88ca4090d9d5ab1c9495f6ca03b68efa.jpg?ver=1777058957","url":"https:\/\/vanderloubet.com.br\/deputado\/wp-content\/litespeed\/avatar\/88ca4090d9d5ab1c9495f6ca03b68efa.jpg?ver=1777058957","contentUrl":"https:\/\/vanderloubet.com.br\/deputado\/wp-content\/litespeed\/avatar\/88ca4090d9d5ab1c9495f6ca03b68efa.jpg?ver=1777058957","caption":"\u00c9der"}}]}},"jetpack_featured_media_url":"https:\/\/vanderloubet.com.br\/deputado\/wp-content\/uploads\/2023\/10\/foto-2023-10-10-minha-casa-minha-vida.jpg","jetpack_sharing_enabled":true,"_links":{"self":[{"href":"https:\/\/vanderloubet.com.br\/deputado\/wp-json\/wp\/v2\/posts\/19239","targetHints":{"allow":["GET"]}}],"collection":[{"href":"https:\/\/vanderloubet.com.br\/deputado\/wp-json\/wp\/v2\/posts"}],"about":[{"href":"https:\/\/vanderloubet.com.br\/deputado\/wp-json\/wp\/v2\/types\/post"}],"author":[{"embeddable":true,"href":"https:\/\/vanderloubet.com.br\/deputado\/wp-json\/wp\/v2\/users\/2"}],"replies":[{"embeddable":true,"href":"https:\/\/vanderloubet.com.br\/deputado\/wp-json\/wp\/v2\/comments?post=19239"}],"version-history":[{"count":0,"href":"https:\/\/vanderloubet.com.br\/deputado\/wp-json\/wp\/v2\/posts\/19239\/revisions"}],"wp:featuredmedia":[{"embeddable":true,"href":"https:\/\/vanderloubet.com.br\/deputado\/wp-json\/wp\/v2\/media\/19240"}],"wp:attachment":[{"href":"https:\/\/vanderloubet.com.br\/deputado\/wp-json\/wp\/v2\/media?parent=19239"}],"wp:term":[{"taxonomy":"category","embeddable":true,"href":"https:\/\/vanderloubet.com.br\/deputado\/wp-json\/wp\/v2\/categories?post=19239"},{"taxonomy":"post_tag","embeddable":true,"href":"https:\/\/vanderloubet.com.br\/deputado\/wp-json\/wp\/v2\/tags?post=19239"}],"curies":[{"name":"wp","href":"https:\/\/api.w.org\/{rel}","templated":true}]}}