{"id":19200,"date":"2023-09-14T11:26:25","date_gmt":"2023-09-14T15:26:25","guid":{"rendered":"https:\/\/vanderloubet.com.br\/deputado\/?p=19200"},"modified":"2023-09-14T11:26:25","modified_gmt":"2023-09-14T15:26:25","slug":"vander-garante-apoio-a-servidores-para-reestruturacao-da-funasa","status":"publish","type":"post","link":"https:\/\/vanderloubet.com.br\/deputado\/vander-garante-apoio-a-servidores-para-reestruturacao-da-funasa\/","title":{"rendered":"Vander garante apoio a servidores para reestrutura\u00e7\u00e3o da Funasa"},"content":{"rendered":"<p>Servidores da Funda\u00e7\u00e3o Nacional de Sa\u00fade (Funasa) procuraram o deputado federal Vander Loubet para buscar apoio pela reestrutura\u00e7\u00e3o da Institui\u00e7\u00e3o ap\u00f3s o encerramento do prazo de vig\u00eancia da medida provis\u00f3ria que determinava a extin\u00e7\u00e3o da Funda\u00e7\u00e3o. Os trabalhadores alegam que \u00e9 necess\u00e1ria uma interven\u00e7\u00e3o para a retomada e reorganiza\u00e7\u00e3o dos trabalhos.<\/p>\n<p>De acordo com a MP 1.156, de 1\u00ba de janeiro de 2023, a Funasa passaria por um processo de extin\u00e7\u00e3o, sendo que suas atribui\u00e7\u00f5es seriam absorvidas pela administra\u00e7\u00e3o p\u00fablica federal. Parte da funda\u00e7\u00e3o sairia do Minist\u00e9rio da Sa\u00fade e passaria a integrar o Minist\u00e9rio das Cidades e o Minist\u00e9rio da Gest\u00e3o e da Inova\u00e7\u00e3o em Servi\u00e7os P\u00fablicos, sendo esse respons\u00e1vel pela transfer\u00eancia gradual da estrutura. Por\u00e9m, o prazo para a vig\u00eancia da MP foi encerrado no dia 1\u00b0 de junho, fazendo com que a extin\u00e7\u00e3o da institui\u00e7\u00e3o n\u00e3o ocorresse.<\/p>\n<p>O manifesto feito pelos trabalhadores ao presidente Lula informa que a Funda\u00e7\u00e3o promove a inclus\u00e3o social por meio de a\u00e7\u00f5es de saneamento para o controle de doen\u00e7as em \u00e1reas rurais e comunidades tradicionais em todo o pa\u00eds. A entidade atua em mais de 80% dos munic\u00edpios brasileiros, promovendo o abastecimento de \u00e1gua pot\u00e1vel, esgotamento sanit\u00e1rio, gest\u00e3o de res\u00edduos s\u00f3lidos urbanos, a\u00e7\u00f5es de drenagem e manejo ambiental, al\u00e9m de melhorias sanit\u00e1rias domiciliares.<\/p>\n<p>Segundo dados encaminhados ao presidente da Rep\u00fablica, a Funasa conseguiu executar 94,5% do seu volume or\u00e7ament\u00e1rio. Dos R$ 3,11 bilh\u00f5es repassados \u00e0 Institui\u00e7\u00e3o entre 2010 e 2022, foram utilizados R$ 2,98 bilh\u00f5es para os servi\u00e7os ligados ao saneamento. A dedica\u00e7\u00e3o aos trabalhos ocorreu mesmo com a redu\u00e7\u00e3o no quadro de pessoal.<\/p>\n<p>Devido ao impasse acerca do futuro da Funasa, os servidores de Mato Grosso do Sul Gilberto Duran e M\u00e1rio M\u00e1rcio se reuniram com o chefe de gabinete de Vander Loubet em Campo Grande para pedir o apoio do parlamentar para a reorganiza\u00e7\u00e3o da Institui\u00e7\u00e3o, principalmente no estado. Conforme o of\u00edcio apresentado, os funcion\u00e1rios solicitam que seja nomeado o superintendente estadual substituto, at\u00e9 que se tenha definido o presidente da Institui\u00e7\u00e3o, dirigida interinamente por Alexandre Ribeiro Motta.<\/p>\n<p>Al\u00e9m disso, os trabalhadores pedem que haja uma determina\u00e7\u00e3o para que os servidores voltem a realizar suas fun\u00e7\u00f5es, que tamb\u00e9m sejam nomeadas as chefias das unidades estaduais, principalmente os gestores or\u00e7ament\u00e1rio e financeiro para a realiza\u00e7\u00e3o de pagamentos e, por fim, solicitam que ocorra a libera\u00e7\u00e3o de or\u00e7amento, seja ele total ou parcial, de acordo com as necessidades apresentadas.<\/p>\n<p>O deputado Vander afirmou que levar\u00e1 as reivindica\u00e7\u00f5es aos minist\u00e9rios envolvidos e que seu mandato sempre trabalhou em parceria com a Funda\u00e7\u00e3o.<\/p>\n<p>\u201cDesde o come\u00e7o dos nossos trabalhos como parlamentar, sempre tivemos a Funasa como nossa parceira e aliada, destinando emendas e aprovando or\u00e7amento para que ela pudesse realizar os servi\u00e7os necess\u00e1rios \u00e0 popula\u00e7\u00e3o\u201d, frisou.<\/p>\n<p>\u201cA medida provis\u00f3ria que determinava a extin\u00e7\u00e3o da Institui\u00e7\u00e3o foi revogada, ent\u00e3o agora \u00e9 importante a gente trabalhar para que a Funasa possa retomar os seus servi\u00e7os em todo o Brasil\u201d, concluiu o parlamentar.<\/p>\n<pre><em>Texto: Alex Nantes<\/em>\r\n<em>Edi\u00e7\u00e3o: \u00c9der F. Yanaguita<\/em><\/pre>\n","protected":false},"excerpt":{"rendered":"<p>Deputado afirmou que levar\u00e1 reivindica\u00e7\u00f5es de servidores ao governo e que seu mandato sempre trabalhou em parceria com a Funda\u00e7\u00e3o.<\/p>\n","protected":false},"author":2,"featured_media":19201,"comment_status":"closed","ping_status":"closed","sticky":false,"template":"","format":"standard","meta":{"jetpack_post_was_ever_published":false,"_jetpack_newsletter_access":"","_jetpack_dont_email_post_to_subs":false,"_jetpack_newsletter_tier_id":0,"_jetpack_memberships_contains_paywalled_content":false,"_jetpack_memberships_contains_paid_content":false,"footnotes":""},"categories":[2098,10],"tags":[2525,2281,2239],"class_list":{"0":"post-19200","1":"post","2":"type-post","3":"status-publish","4":"format-standard","5":"has-post-thumbnail","7":"category-brasil-noticias","8":"category-noticias","9":"tag-governo-federal","10":"tag-saneamento-basico","11":"tag-servidor-publico"},"yoast_head":"<!-- This site is optimized with the Yoast SEO plugin v27.4 - https:\/\/yoast.com\/product\/yoast-seo-wordpress\/ -->\n<title>Vander garante apoio a servidores para reestrutura\u00e7\u00e3o da Funasa<\/title>\n<meta name=\"description\" content=\"Deputado afirmou que levar\u00e1 reivindica\u00e7\u00f5es de servidores ao governo e que seu mandato sempre trabalhou em parceria com a Funda\u00e7\u00e3o.\" \/>\n<meta name=\"robots\" content=\"index, follow, max-snippet:-1, max-image-preview:large, max-video-preview:-1\" \/>\n<link rel=\"canonical\" href=\"https:\/\/vanderloubet.com.br\/deputado\/vander-garante-apoio-a-servidores-para-reestruturacao-da-funasa\/\" \/>\n<meta property=\"og:locale\" content=\"pt_BR\" \/>\n<meta property=\"og:type\" content=\"article\" \/>\n<meta property=\"og:title\" content=\"Vander garante apoio a servidores para reestrutura\u00e7\u00e3o da Funasa\" \/>\n<meta property=\"og:description\" content=\"Deputado afirmou que levar\u00e1 reivindica\u00e7\u00f5es de servidores ao governo e que seu mandato sempre trabalhou em parceria com a Funda\u00e7\u00e3o.\" \/>\n<meta property=\"og:url\" content=\"https:\/\/vanderloubet.com.br\/deputado\/vander-garante-apoio-a-servidores-para-reestruturacao-da-funasa\/\" \/>\n<meta property=\"og:site_name\" content=\"Deputado Federal Vander Loubet\" \/>\n<meta property=\"article:publisher\" content=\"https:\/\/facebook.com\/deputadovander\" \/>\n<meta property=\"article:published_time\" content=\"2023-09-14T15:26:25+00:00\" \/>\n<meta property=\"og:image\" content=\"https:\/\/vanderloubet.com.br\/deputado\/wp-content\/uploads\/2023\/09\/foto-2023-09-14-funasa-reestruturacao.jpg\" \/>\n\t<meta property=\"og:image:width\" content=\"900\" \/>\n\t<meta property=\"og:image:height\" content=\"548\" \/>\n\t<meta property=\"og:image:type\" content=\"image\/jpeg\" \/>\n<meta name=\"author\" content=\"\u00c9der\" \/>\n<meta name=\"twitter:card\" content=\"summary_large_image\" \/>\n<meta name=\"twitter:creator\" content=\"@vanderloubet\" \/>\n<meta name=\"twitter:site\" content=\"@vanderloubet\" \/>\n<script type=\"application\/ld+json\" class=\"yoast-schema-graph\">{\"@context\":\"https:\\\/\\\/schema.org\",\"@graph\":[{\"@type\":\"Article\",\"@id\":\"https:\\\/\\\/vanderloubet.com.br\\\/deputado\\\/vander-garante-apoio-a-servidores-para-reestruturacao-da-funasa\\\/#article\",\"isPartOf\":{\"@id\":\"https:\\\/\\\/vanderloubet.com.br\\\/deputado\\\/vander-garante-apoio-a-servidores-para-reestruturacao-da-funasa\\\/\"},\"author\":{\"name\":\"\u00c9der\",\"@id\":\"https:\\\/\\\/vanderloubet.com.br\\\/deputado\\\/#\\\/schema\\\/person\\\/15b51bd564532a8a68d9dec1b8eb890e\"},\"headline\":\"Vander garante apoio a servidores para reestrutura\u00e7\u00e3o da Funasa\",\"datePublished\":\"2023-09-14T15:26:25+00:00\",\"mainEntityOfPage\":{\"@id\":\"https:\\\/\\\/vanderloubet.com.br\\\/deputado\\\/vander-garante-apoio-a-servidores-para-reestruturacao-da-funasa\\\/\"},\"wordCount\":566,\"publisher\":{\"@id\":\"https:\\\/\\\/vanderloubet.com.br\\\/deputado\\\/#organization\"},\"image\":{\"@id\":\"https:\\\/\\\/vanderloubet.com.br\\\/deputado\\\/vander-garante-apoio-a-servidores-para-reestruturacao-da-funasa\\\/#primaryimage\"},\"thumbnailUrl\":\"https:\\\/\\\/vanderloubet.com.br\\\/deputado\\\/wp-content\\\/uploads\\\/2023\\\/09\\\/foto-2023-09-14-funasa-reestruturacao.jpg\",\"keywords\":[\"governo federal\",\"saneamento b\u00e1sico\",\"servidor p\u00fablico\"],\"articleSection\":[\"Brasil\",\"Not\u00edcias\"],\"inLanguage\":\"pt-BR\"},{\"@type\":\"WebPage\",\"@id\":\"https:\\\/\\\/vanderloubet.com.br\\\/deputado\\\/vander-garante-apoio-a-servidores-para-reestruturacao-da-funasa\\\/\",\"url\":\"https:\\\/\\\/vanderloubet.com.br\\\/deputado\\\/vander-garante-apoio-a-servidores-para-reestruturacao-da-funasa\\\/\",\"name\":\"Vander garante apoio a servidores para reestrutura\u00e7\u00e3o da Funasa\",\"isPartOf\":{\"@id\":\"https:\\\/\\\/vanderloubet.com.br\\\/deputado\\\/#website\"},\"primaryImageOfPage\":{\"@id\":\"https:\\\/\\\/vanderloubet.com.br\\\/deputado\\\/vander-garante-apoio-a-servidores-para-reestruturacao-da-funasa\\\/#primaryimage\"},\"image\":{\"@id\":\"https:\\\/\\\/vanderloubet.com.br\\\/deputado\\\/vander-garante-apoio-a-servidores-para-reestruturacao-da-funasa\\\/#primaryimage\"},\"thumbnailUrl\":\"https:\\\/\\\/vanderloubet.com.br\\\/deputado\\\/wp-content\\\/uploads\\\/2023\\\/09\\\/foto-2023-09-14-funasa-reestruturacao.jpg\",\"datePublished\":\"2023-09-14T15:26:25+00:00\",\"description\":\"Deputado afirmou que levar\u00e1 reivindica\u00e7\u00f5es de servidores ao governo e que seu mandato sempre trabalhou em parceria com a Funda\u00e7\u00e3o.\",\"breadcrumb\":{\"@id\":\"https:\\\/\\\/vanderloubet.com.br\\\/deputado\\\/vander-garante-apoio-a-servidores-para-reestruturacao-da-funasa\\\/#breadcrumb\"},\"inLanguage\":\"pt-BR\",\"potentialAction\":[{\"@type\":\"ReadAction\",\"target\":[\"https:\\\/\\\/vanderloubet.com.br\\\/deputado\\\/vander-garante-apoio-a-servidores-para-reestruturacao-da-funasa\\\/\"]}]},{\"@type\":\"ImageObject\",\"inLanguage\":\"pt-BR\",\"@id\":\"https:\\\/\\\/vanderloubet.com.br\\\/deputado\\\/vander-garante-apoio-a-servidores-para-reestruturacao-da-funasa\\\/#primaryimage\",\"url\":\"https:\\\/\\\/vanderloubet.com.br\\\/deputado\\\/wp-content\\\/uploads\\\/2023\\\/09\\\/foto-2023-09-14-funasa-reestruturacao.jpg\",\"contentUrl\":\"https:\\\/\\\/vanderloubet.com.br\\\/deputado\\\/wp-content\\\/uploads\\\/2023\\\/09\\\/foto-2023-09-14-funasa-reestruturacao.jpg\",\"width\":900,\"height\":548,\"caption\":\"Vander garante apoio a servidores para reestrutura\u00e7\u00e3o da Funasa\"},{\"@type\":\"BreadcrumbList\",\"@id\":\"https:\\\/\\\/vanderloubet.com.br\\\/deputado\\\/vander-garante-apoio-a-servidores-para-reestruturacao-da-funasa\\\/#breadcrumb\",\"itemListElement\":[{\"@type\":\"ListItem\",\"position\":1,\"name\":\"In\u00edcio\",\"item\":\"https:\\\/\\\/vanderloubet.com.br\\\/deputado\\\/\"},{\"@type\":\"ListItem\",\"position\":2,\"name\":\"Vander garante apoio a servidores para reestrutura\u00e7\u00e3o da Funasa\"}]},{\"@type\":\"WebSite\",\"@id\":\"https:\\\/\\\/vanderloubet.com.br\\\/deputado\\\/#website\",\"url\":\"https:\\\/\\\/vanderloubet.com.br\\\/deputado\\\/\",\"name\":\"Deputado Federal Vander Loubet\",\"description\":\"O Federal de MS\",\"publisher\":{\"@id\":\"https:\\\/\\\/vanderloubet.com.br\\\/deputado\\\/#organization\"},\"alternateName\":\"Deputado Vander\",\"potentialAction\":[{\"@type\":\"SearchAction\",\"target\":{\"@type\":\"EntryPoint\",\"urlTemplate\":\"https:\\\/\\\/vanderloubet.com.br\\\/deputado\\\/?s={search_term_string}\"},\"query-input\":{\"@type\":\"PropertyValueSpecification\",\"valueRequired\":true,\"valueName\":\"search_term_string\"}}],\"inLanguage\":\"pt-BR\"},{\"@type\":\"Organization\",\"@id\":\"https:\\\/\\\/vanderloubet.com.br\\\/deputado\\\/#organization\",\"name\":\"Deputado Federal Vander Loubet\",\"alternateName\":\"Deputado Vander\",\"url\":\"https:\\\/\\\/vanderloubet.com.br\\\/deputado\\\/\",\"logo\":{\"@type\":\"ImageObject\",\"inLanguage\":\"pt-BR\",\"@id\":\"https:\\\/\\\/vanderloubet.com.br\\\/deputado\\\/#\\\/schema\\\/logo\\\/image\\\/\",\"url\":\"https:\\\/\\\/vanderloubet.com.br\\\/deputado\\\/wp-content\\\/uploads\\\/2023\\\/06\\\/foto-2023-06-19-mandato-deputado-vander.jpg\",\"contentUrl\":\"https:\\\/\\\/vanderloubet.com.br\\\/deputado\\\/wp-content\\\/uploads\\\/2023\\\/06\\\/foto-2023-06-19-mandato-deputado-vander.jpg\",\"width\":1080,\"height\":1080,\"caption\":\"Deputado Federal Vander Loubet\"},\"image\":{\"@id\":\"https:\\\/\\\/vanderloubet.com.br\\\/deputado\\\/#\\\/schema\\\/logo\\\/image\\\/\"},\"sameAs\":[\"https:\\\/\\\/facebook.com\\\/deputadovander\",\"https:\\\/\\\/x.com\\\/vanderloubet\",\"https:\\\/\\\/instagram.com\\\/vanderloubet\",\"https:\\\/\\\/youtube.com\\\/vanderloubet\",\"https:\\\/\\\/tiktok.com\\\/@vanderloubetms\"]},{\"@type\":\"Person\",\"@id\":\"https:\\\/\\\/vanderloubet.com.br\\\/deputado\\\/#\\\/schema\\\/person\\\/15b51bd564532a8a68d9dec1b8eb890e\",\"name\":\"\u00c9der\",\"image\":{\"@type\":\"ImageObject\",\"inLanguage\":\"pt-BR\",\"@id\":\"https:\\\/\\\/vanderloubet.com.br\\\/deputado\\\/wp-content\\\/litespeed\\\/avatar\\\/88ca4090d9d5ab1c9495f6ca03b68efa.jpg?ver=1777058957\",\"url\":\"https:\\\/\\\/vanderloubet.com.br\\\/deputado\\\/wp-content\\\/litespeed\\\/avatar\\\/88ca4090d9d5ab1c9495f6ca03b68efa.jpg?ver=1777058957\",\"contentUrl\":\"https:\\\/\\\/vanderloubet.com.br\\\/deputado\\\/wp-content\\\/litespeed\\\/avatar\\\/88ca4090d9d5ab1c9495f6ca03b68efa.jpg?ver=1777058957\",\"caption\":\"\u00c9der\"}}]}<\/script>\n<!-- \/ Yoast SEO plugin. -->","yoast_head_json":{"title":"Vander garante apoio a servidores para reestrutura\u00e7\u00e3o da Funasa","description":"Deputado afirmou que levar\u00e1 reivindica\u00e7\u00f5es de servidores ao governo e que seu mandato sempre trabalhou em parceria com a Funda\u00e7\u00e3o.","robots":{"index":"index","follow":"follow","max-snippet":"max-snippet:-1","max-image-preview":"max-image-preview:large","max-video-preview":"max-video-preview:-1"},"canonical":"https:\/\/vanderloubet.com.br\/deputado\/vander-garante-apoio-a-servidores-para-reestruturacao-da-funasa\/","og_locale":"pt_BR","og_type":"article","og_title":"Vander garante apoio a servidores para reestrutura\u00e7\u00e3o da Funasa","og_description":"Deputado afirmou que levar\u00e1 reivindica\u00e7\u00f5es de servidores ao governo e que seu mandato sempre trabalhou em parceria com a Funda\u00e7\u00e3o.","og_url":"https:\/\/vanderloubet.com.br\/deputado\/vander-garante-apoio-a-servidores-para-reestruturacao-da-funasa\/","og_site_name":"Deputado Federal Vander Loubet","article_publisher":"https:\/\/facebook.com\/deputadovander","article_published_time":"2023-09-14T15:26:25+00:00","og_image":[{"width":900,"height":548,"url":"https:\/\/vanderloubet.com.br\/deputado\/wp-content\/uploads\/2023\/09\/foto-2023-09-14-funasa-reestruturacao.jpg","type":"image\/jpeg"}],"author":"\u00c9der","twitter_card":"summary_large_image","twitter_creator":"@vanderloubet","twitter_site":"@vanderloubet","schema":{"@context":"https:\/\/schema.org","@graph":[{"@type":"Article","@id":"https:\/\/vanderloubet.com.br\/deputado\/vander-garante-apoio-a-servidores-para-reestruturacao-da-funasa\/#article","isPartOf":{"@id":"https:\/\/vanderloubet.com.br\/deputado\/vander-garante-apoio-a-servidores-para-reestruturacao-da-funasa\/"},"author":{"name":"\u00c9der","@id":"https:\/\/vanderloubet.com.br\/deputado\/#\/schema\/person\/15b51bd564532a8a68d9dec1b8eb890e"},"headline":"Vander garante apoio a servidores para reestrutura\u00e7\u00e3o da Funasa","datePublished":"2023-09-14T15:26:25+00:00","mainEntityOfPage":{"@id":"https:\/\/vanderloubet.com.br\/deputado\/vander-garante-apoio-a-servidores-para-reestruturacao-da-funasa\/"},"wordCount":566,"publisher":{"@id":"https:\/\/vanderloubet.com.br\/deputado\/#organization"},"image":{"@id":"https:\/\/vanderloubet.com.br\/deputado\/vander-garante-apoio-a-servidores-para-reestruturacao-da-funasa\/#primaryimage"},"thumbnailUrl":"https:\/\/vanderloubet.com.br\/deputado\/wp-content\/uploads\/2023\/09\/foto-2023-09-14-funasa-reestruturacao.jpg","keywords":["governo federal","saneamento b\u00e1sico","servidor p\u00fablico"],"articleSection":["Brasil","Not\u00edcias"],"inLanguage":"pt-BR"},{"@type":"WebPage","@id":"https:\/\/vanderloubet.com.br\/deputado\/vander-garante-apoio-a-servidores-para-reestruturacao-da-funasa\/","url":"https:\/\/vanderloubet.com.br\/deputado\/vander-garante-apoio-a-servidores-para-reestruturacao-da-funasa\/","name":"Vander garante apoio a servidores para reestrutura\u00e7\u00e3o da Funasa","isPartOf":{"@id":"https:\/\/vanderloubet.com.br\/deputado\/#website"},"primaryImageOfPage":{"@id":"https:\/\/vanderloubet.com.br\/deputado\/vander-garante-apoio-a-servidores-para-reestruturacao-da-funasa\/#primaryimage"},"image":{"@id":"https:\/\/vanderloubet.com.br\/deputado\/vander-garante-apoio-a-servidores-para-reestruturacao-da-funasa\/#primaryimage"},"thumbnailUrl":"https:\/\/vanderloubet.com.br\/deputado\/wp-content\/uploads\/2023\/09\/foto-2023-09-14-funasa-reestruturacao.jpg","datePublished":"2023-09-14T15:26:25+00:00","description":"Deputado afirmou que levar\u00e1 reivindica\u00e7\u00f5es de servidores ao governo e que seu mandato sempre trabalhou em parceria com a Funda\u00e7\u00e3o.","breadcrumb":{"@id":"https:\/\/vanderloubet.com.br\/deputado\/vander-garante-apoio-a-servidores-para-reestruturacao-da-funasa\/#breadcrumb"},"inLanguage":"pt-BR","potentialAction":[{"@type":"ReadAction","target":["https:\/\/vanderloubet.com.br\/deputado\/vander-garante-apoio-a-servidores-para-reestruturacao-da-funasa\/"]}]},{"@type":"ImageObject","inLanguage":"pt-BR","@id":"https:\/\/vanderloubet.com.br\/deputado\/vander-garante-apoio-a-servidores-para-reestruturacao-da-funasa\/#primaryimage","url":"https:\/\/vanderloubet.com.br\/deputado\/wp-content\/uploads\/2023\/09\/foto-2023-09-14-funasa-reestruturacao.jpg","contentUrl":"https:\/\/vanderloubet.com.br\/deputado\/wp-content\/uploads\/2023\/09\/foto-2023-09-14-funasa-reestruturacao.jpg","width":900,"height":548,"caption":"Vander garante apoio a servidores para reestrutura\u00e7\u00e3o da Funasa"},{"@type":"BreadcrumbList","@id":"https:\/\/vanderloubet.com.br\/deputado\/vander-garante-apoio-a-servidores-para-reestruturacao-da-funasa\/#breadcrumb","itemListElement":[{"@type":"ListItem","position":1,"name":"In\u00edcio","item":"https:\/\/vanderloubet.com.br\/deputado\/"},{"@type":"ListItem","position":2,"name":"Vander garante apoio a servidores para reestrutura\u00e7\u00e3o da Funasa"}]},{"@type":"WebSite","@id":"https:\/\/vanderloubet.com.br\/deputado\/#website","url":"https:\/\/vanderloubet.com.br\/deputado\/","name":"Deputado Federal Vander Loubet","description":"O Federal de MS","publisher":{"@id":"https:\/\/vanderloubet.com.br\/deputado\/#organization"},"alternateName":"Deputado Vander","potentialAction":[{"@type":"SearchAction","target":{"@type":"EntryPoint","urlTemplate":"https:\/\/vanderloubet.com.br\/deputado\/?s={search_term_string}"},"query-input":{"@type":"PropertyValueSpecification","valueRequired":true,"valueName":"search_term_string"}}],"inLanguage":"pt-BR"},{"@type":"Organization","@id":"https:\/\/vanderloubet.com.br\/deputado\/#organization","name":"Deputado Federal Vander Loubet","alternateName":"Deputado Vander","url":"https:\/\/vanderloubet.com.br\/deputado\/","logo":{"@type":"ImageObject","inLanguage":"pt-BR","@id":"https:\/\/vanderloubet.com.br\/deputado\/#\/schema\/logo\/image\/","url":"https:\/\/vanderloubet.com.br\/deputado\/wp-content\/uploads\/2023\/06\/foto-2023-06-19-mandato-deputado-vander.jpg","contentUrl":"https:\/\/vanderloubet.com.br\/deputado\/wp-content\/uploads\/2023\/06\/foto-2023-06-19-mandato-deputado-vander.jpg","width":1080,"height":1080,"caption":"Deputado Federal Vander Loubet"},"image":{"@id":"https:\/\/vanderloubet.com.br\/deputado\/#\/schema\/logo\/image\/"},"sameAs":["https:\/\/facebook.com\/deputadovander","https:\/\/x.com\/vanderloubet","https:\/\/instagram.com\/vanderloubet","https:\/\/youtube.com\/vanderloubet","https:\/\/tiktok.com\/@vanderloubetms"]},{"@type":"Person","@id":"https:\/\/vanderloubet.com.br\/deputado\/#\/schema\/person\/15b51bd564532a8a68d9dec1b8eb890e","name":"\u00c9der","image":{"@type":"ImageObject","inLanguage":"pt-BR","@id":"https:\/\/vanderloubet.com.br\/deputado\/wp-content\/litespeed\/avatar\/88ca4090d9d5ab1c9495f6ca03b68efa.jpg?ver=1777058957","url":"https:\/\/vanderloubet.com.br\/deputado\/wp-content\/litespeed\/avatar\/88ca4090d9d5ab1c9495f6ca03b68efa.jpg?ver=1777058957","contentUrl":"https:\/\/vanderloubet.com.br\/deputado\/wp-content\/litespeed\/avatar\/88ca4090d9d5ab1c9495f6ca03b68efa.jpg?ver=1777058957","caption":"\u00c9der"}}]}},"jetpack_featured_media_url":"https:\/\/vanderloubet.com.br\/deputado\/wp-content\/uploads\/2023\/09\/foto-2023-09-14-funasa-reestruturacao.jpg","jetpack_sharing_enabled":true,"_links":{"self":[{"href":"https:\/\/vanderloubet.com.br\/deputado\/wp-json\/wp\/v2\/posts\/19200","targetHints":{"allow":["GET"]}}],"collection":[{"href":"https:\/\/vanderloubet.com.br\/deputado\/wp-json\/wp\/v2\/posts"}],"about":[{"href":"https:\/\/vanderloubet.com.br\/deputado\/wp-json\/wp\/v2\/types\/post"}],"author":[{"embeddable":true,"href":"https:\/\/vanderloubet.com.br\/deputado\/wp-json\/wp\/v2\/users\/2"}],"replies":[{"embeddable":true,"href":"https:\/\/vanderloubet.com.br\/deputado\/wp-json\/wp\/v2\/comments?post=19200"}],"version-history":[{"count":0,"href":"https:\/\/vanderloubet.com.br\/deputado\/wp-json\/wp\/v2\/posts\/19200\/revisions"}],"wp:featuredmedia":[{"embeddable":true,"href":"https:\/\/vanderloubet.com.br\/deputado\/wp-json\/wp\/v2\/media\/19201"}],"wp:attachment":[{"href":"https:\/\/vanderloubet.com.br\/deputado\/wp-json\/wp\/v2\/media?parent=19200"}],"wp:term":[{"taxonomy":"category","embeddable":true,"href":"https:\/\/vanderloubet.com.br\/deputado\/wp-json\/wp\/v2\/categories?post=19200"},{"taxonomy":"post_tag","embeddable":true,"href":"https:\/\/vanderloubet.com.br\/deputado\/wp-json\/wp\/v2\/tags?post=19200"}],"curies":[{"name":"wp","href":"https:\/\/api.w.org\/{rel}","templated":true}]}}