{"id":19197,"date":"2023-09-13T12:21:24","date_gmt":"2023-09-13T16:21:24","guid":{"rendered":"https:\/\/vanderloubet.com.br\/deputado\/?p=19197"},"modified":"2026-03-23T10:36:45","modified_gmt":"2026-03-23T14:36:45","slug":"vander-loubet-confirma-bom-trabalho-e-segue-na-lideranca-de-emendas-para-ms","status":"publish","type":"post","link":"https:\/\/vanderloubet.com.br\/deputado\/vander-loubet-confirma-bom-trabalho-e-segue-na-lideranca-de-emendas-para-ms\/","title":{"rendered":"Vander Loubet confirma bom trabalho e segue na lideran\u00e7a de emendas para MS"},"content":{"rendered":"<p>Dados do portal Siga Brasil, do Senado, que monitora a execu\u00e7\u00e3o do or\u00e7amento federal, confirmam o bom trabalho do deputado federal Vander Loubet (PT-MS), que segue l\u00edder do ranking de pagamento de emendas parlamentares individuais para Mato Grosso do Sul.<\/p>\n<p>Esse desempenho na conquista de recursos para o Estado e os munic\u00edpios se traduz na aprova\u00e7\u00e3o da popula\u00e7\u00e3o: este ano, Vander se tornou o primeiro deputado federal a ter seis mandatos consecutivos por MS.<\/p>\n<p>O Siga Brasil analisa as emendas apresentadas e executadas desde 2015. No acumulado entre 2015 e 2023, at\u00e9 12 de setembro deste ano, em valores atualizados pelo IPCA (\u00cdndice Nacional de Pre\u00e7os ao Consumidor Amplo), o deputado petista assegurou R$ 129,6 milh\u00f5es.<\/p>\n<ol>\n<li><strong>Deputado Vander Loubet = R$ 129,6 milh\u00f5es<\/strong><\/li>\n<li>Ex-senadora Simone Tebet = R$ 122,9 milh\u00f5es<\/li>\n<li>Deputado Dagoberto Nogueira = R$ 108,9 milh\u00f5es<\/li>\n<li>Senador Nelsinho Trad = R$ 83 milh\u00f5es<\/li>\n<li>Ex-deputado F\u00e1bio Trad = R$ 71,6 milh\u00f5es<\/li>\n<li>Senadora Soraya Thronicke = R$ 71,2 milh\u00f5es<\/li>\n<li>Ex-deputado Mandetta = R$ 63,4 milh\u00f5es<\/li>\n<li>Ex-deputada Rose Modesto = R$ 62,6 milh\u00f5es<\/li>\n<li>Deputado Geraldo Resende = R$ 61,4 milh\u00f5es<\/li>\n<li>Deputado Beto Pereira = R$ 60,6 milh\u00f5es<\/li>\n<\/ol>\n<p><img decoding=\"async\" src=\"https:\/\/vanderloubet.com.br\/deputado\/wp-content\/uploads\/2023\/09\/foto-2023-09-13-ranking-emendas-siga-brasil-700x467.jpg\" alt=\"Portal Siga Brasil mostra deputado Vander na dianteira da execu\u00e7\u00e3o de emendas\" width=\"696\" height=\"464\" class=\"aligncenter size-large wp-image-19198\" srcset=\"https:\/\/vanderloubet.com.br\/deputado\/wp-content\/uploads\/2023\/09\/foto-2023-09-13-ranking-emendas-siga-brasil-700x467.jpg 700w, https:\/\/vanderloubet.com.br\/deputado\/wp-content\/uploads\/2023\/09\/foto-2023-09-13-ranking-emendas-siga-brasil-350x233.jpg 350w, https:\/\/vanderloubet.com.br\/deputado\/wp-content\/uploads\/2023\/09\/foto-2023-09-13-ranking-emendas-siga-brasil-768x512.jpg 768w, https:\/\/vanderloubet.com.br\/deputado\/wp-content\/uploads\/2023\/09\/foto-2023-09-13-ranking-emendas-siga-brasil-630x420.jpg 630w, https:\/\/vanderloubet.com.br\/deputado\/wp-content\/uploads\/2023\/09\/foto-2023-09-13-ranking-emendas-siga-brasil-696x464.jpg 696w, https:\/\/vanderloubet.com.br\/deputado\/wp-content\/uploads\/2023\/09\/foto-2023-09-13-ranking-emendas-siga-brasil.jpg 900w\" sizes=\"(max-width: 696px) 100vw, 696px\" \/><\/p>\n<p>Desde 2003, os mandatos de Vander se notabilizaram por sua capacidade de di\u00e1logo com prefeitos, vereadores e lideran\u00e7as, dos mais variados espectros pol\u00edticos, e, justamente, por sua habilidade em trazer recursos e investimentos federais para Mato Grosso do Sul e seus munic\u00edpios.<\/p>\n<p>O deputado pantaneiro explica que prioriza a busca por recursos pelo fato de essa a\u00e7\u00e3o parlamentar beneficiar diretamente as comunidades naquilo que mais necessitam no cotidiano: sa\u00fade, saneamento b\u00e1sico, educa\u00e7\u00e3o, infraestrutura urbana, esporte e lazer, habita\u00e7\u00e3o, assist\u00eancia social e agricultura familiar.<\/p>\n<p>&#8220;As emendas incorporam reivindica\u00e7\u00f5es da popula\u00e7\u00e3o e representam um refor\u00e7o nos caixas do Estado e, principalmente, dos munic\u00edpios. Com as emendas, na maioria das vezes, as prefeituras conseguem executar obras e a\u00e7\u00f5es que dificilmente conseguiriam apenas com seus recursos pr\u00f3prios&#8221;, conclui.<\/p>\n","protected":false},"excerpt":{"rendered":"<p>Desempenho se traduz na aprova\u00e7\u00e3o da popula\u00e7\u00e3o: Vander \u00e9 o \u00fanico deputado federal a ter seis mandatos consecutivos por MS.<\/p>\n","protected":false},"author":2,"featured_media":19127,"comment_status":"closed","ping_status":"closed","sticky":false,"template":"","format":"standard","meta":{"jetpack_post_was_ever_published":false,"_jetpack_newsletter_access":"","_jetpack_dont_email_post_to_subs":false,"_jetpack_newsletter_tier_id":0,"_jetpack_memberships_contains_paywalled_content":false,"_jetpack_memberships_contains_paid_content":false,"footnotes":""},"categories":[2099,10],"tags":[2127,2244,1822],"class_list":{"0":"post-19197","1":"post","2":"type-post","3":"status-publish","4":"format-standard","5":"has-post-thumbnail","7":"category-ms-noticias","8":"category-noticias","9":"tag-emenda-parlamentar","10":"tag-orcamento-geral-da-uniao","11":"tag-senado"},"yoast_head":"<!-- This site is optimized with the Yoast SEO plugin v27.4 - https:\/\/yoast.com\/product\/yoast-seo-wordpress\/ -->\n<title>Vander Loubet confirma bom trabalho e segue na lideran\u00e7a de emendas para MS<\/title>\n<meta name=\"description\" content=\"Desempenho se traduz na aprova\u00e7\u00e3o da popula\u00e7\u00e3o: Vander \u00e9 o \u00fanico deputado federal a ter seis mandatos consecutivos por MS.\" \/>\n<meta name=\"robots\" content=\"index, follow, max-snippet:-1, max-image-preview:large, max-video-preview:-1\" \/>\n<link rel=\"canonical\" href=\"https:\/\/vanderloubet.com.br\/deputado\/vander-loubet-confirma-bom-trabalho-e-segue-na-lideranca-de-emendas-para-ms\/\" \/>\n<meta property=\"og:locale\" content=\"pt_BR\" \/>\n<meta property=\"og:type\" content=\"article\" \/>\n<meta property=\"og:title\" content=\"Vander Loubet confirma bom trabalho e segue na lideran\u00e7a de emendas para MS\" \/>\n<meta property=\"og:description\" content=\"Desempenho se traduz na aprova\u00e7\u00e3o da popula\u00e7\u00e3o: Vander \u00e9 o \u00fanico deputado federal a ter seis mandatos consecutivos por MS.\" \/>\n<meta property=\"og:url\" content=\"https:\/\/vanderloubet.com.br\/deputado\/vander-loubet-confirma-bom-trabalho-e-segue-na-lideranca-de-emendas-para-ms\/\" \/>\n<meta property=\"og:site_name\" content=\"Deputado Federal Vander Loubet\" \/>\n<meta property=\"article:publisher\" content=\"https:\/\/facebook.com\/deputadovander\" \/>\n<meta property=\"article:published_time\" content=\"2023-09-13T16:21:24+00:00\" \/>\n<meta property=\"article:modified_time\" content=\"2026-03-23T14:36:45+00:00\" \/>\n<meta property=\"og:image\" content=\"https:\/\/vanderloubet.com.br\/deputado\/wp-content\/uploads\/2023\/08\/foto-2023-08-01-deputado-vander-loubet.jpg\" \/>\n\t<meta property=\"og:image:width\" content=\"900\" \/>\n\t<meta property=\"og:image:height\" content=\"600\" \/>\n\t<meta property=\"og:image:type\" content=\"image\/jpeg\" \/>\n<meta name=\"author\" content=\"\u00c9der\" \/>\n<meta name=\"twitter:card\" content=\"summary_large_image\" \/>\n<meta name=\"twitter:creator\" content=\"@vanderloubet\" \/>\n<meta name=\"twitter:site\" content=\"@vanderloubet\" \/>\n<script type=\"application\/ld+json\" class=\"yoast-schema-graph\">{\"@context\":\"https:\\\/\\\/schema.org\",\"@graph\":[{\"@type\":\"Article\",\"@id\":\"https:\\\/\\\/vanderloubet.com.br\\\/deputado\\\/vander-loubet-confirma-bom-trabalho-e-segue-na-lideranca-de-emendas-para-ms\\\/#article\",\"isPartOf\":{\"@id\":\"https:\\\/\\\/vanderloubet.com.br\\\/deputado\\\/vander-loubet-confirma-bom-trabalho-e-segue-na-lideranca-de-emendas-para-ms\\\/\"},\"author\":{\"name\":\"\u00c9der\",\"@id\":\"https:\\\/\\\/vanderloubet.com.br\\\/deputado\\\/#\\\/schema\\\/person\\\/15b51bd564532a8a68d9dec1b8eb890e\"},\"headline\":\"Vander Loubet confirma bom trabalho e segue na lideran\u00e7a de emendas para MS\",\"datePublished\":\"2023-09-13T16:21:24+00:00\",\"dateModified\":\"2026-03-23T14:36:45+00:00\",\"mainEntityOfPage\":{\"@id\":\"https:\\\/\\\/vanderloubet.com.br\\\/deputado\\\/vander-loubet-confirma-bom-trabalho-e-segue-na-lideranca-de-emendas-para-ms\\\/\"},\"wordCount\":332,\"publisher\":{\"@id\":\"https:\\\/\\\/vanderloubet.com.br\\\/deputado\\\/#organization\"},\"image\":{\"@id\":\"https:\\\/\\\/vanderloubet.com.br\\\/deputado\\\/vander-loubet-confirma-bom-trabalho-e-segue-na-lideranca-de-emendas-para-ms\\\/#primaryimage\"},\"thumbnailUrl\":\"https:\\\/\\\/vanderloubet.com.br\\\/deputado\\\/wp-content\\\/uploads\\\/2023\\\/08\\\/foto-2023-08-01-deputado-vander-loubet.jpg\",\"keywords\":[\"emenda parlamentar\",\"or\u00e7amento geral da uni\u00e3o\",\"senado\"],\"articleSection\":[\"Mato Grosso do Sul\",\"Not\u00edcias\"],\"inLanguage\":\"pt-BR\"},{\"@type\":\"WebPage\",\"@id\":\"https:\\\/\\\/vanderloubet.com.br\\\/deputado\\\/vander-loubet-confirma-bom-trabalho-e-segue-na-lideranca-de-emendas-para-ms\\\/\",\"url\":\"https:\\\/\\\/vanderloubet.com.br\\\/deputado\\\/vander-loubet-confirma-bom-trabalho-e-segue-na-lideranca-de-emendas-para-ms\\\/\",\"name\":\"Vander Loubet confirma bom trabalho e segue na lideran\u00e7a de emendas para MS\",\"isPartOf\":{\"@id\":\"https:\\\/\\\/vanderloubet.com.br\\\/deputado\\\/#website\"},\"primaryImageOfPage\":{\"@id\":\"https:\\\/\\\/vanderloubet.com.br\\\/deputado\\\/vander-loubet-confirma-bom-trabalho-e-segue-na-lideranca-de-emendas-para-ms\\\/#primaryimage\"},\"image\":{\"@id\":\"https:\\\/\\\/vanderloubet.com.br\\\/deputado\\\/vander-loubet-confirma-bom-trabalho-e-segue-na-lideranca-de-emendas-para-ms\\\/#primaryimage\"},\"thumbnailUrl\":\"https:\\\/\\\/vanderloubet.com.br\\\/deputado\\\/wp-content\\\/uploads\\\/2023\\\/08\\\/foto-2023-08-01-deputado-vander-loubet.jpg\",\"datePublished\":\"2023-09-13T16:21:24+00:00\",\"dateModified\":\"2026-03-23T14:36:45+00:00\",\"description\":\"Desempenho se traduz na aprova\u00e7\u00e3o da popula\u00e7\u00e3o: Vander \u00e9 o \u00fanico deputado federal a ter seis mandatos consecutivos por MS.\",\"breadcrumb\":{\"@id\":\"https:\\\/\\\/vanderloubet.com.br\\\/deputado\\\/vander-loubet-confirma-bom-trabalho-e-segue-na-lideranca-de-emendas-para-ms\\\/#breadcrumb\"},\"inLanguage\":\"pt-BR\",\"potentialAction\":[{\"@type\":\"ReadAction\",\"target\":[\"https:\\\/\\\/vanderloubet.com.br\\\/deputado\\\/vander-loubet-confirma-bom-trabalho-e-segue-na-lideranca-de-emendas-para-ms\\\/\"]}]},{\"@type\":\"ImageObject\",\"inLanguage\":\"pt-BR\",\"@id\":\"https:\\\/\\\/vanderloubet.com.br\\\/deputado\\\/vander-loubet-confirma-bom-trabalho-e-segue-na-lideranca-de-emendas-para-ms\\\/#primaryimage\",\"url\":\"https:\\\/\\\/vanderloubet.com.br\\\/deputado\\\/wp-content\\\/uploads\\\/2023\\\/08\\\/foto-2023-08-01-deputado-vander-loubet.jpg\",\"contentUrl\":\"https:\\\/\\\/vanderloubet.com.br\\\/deputado\\\/wp-content\\\/uploads\\\/2023\\\/08\\\/foto-2023-08-01-deputado-vander-loubet.jpg\",\"width\":900,\"height\":600,\"caption\":\"Pesquisa coloca Vander no p\u00f3dio dos federais mais bem avaliados de MS\"},{\"@type\":\"BreadcrumbList\",\"@id\":\"https:\\\/\\\/vanderloubet.com.br\\\/deputado\\\/vander-loubet-confirma-bom-trabalho-e-segue-na-lideranca-de-emendas-para-ms\\\/#breadcrumb\",\"itemListElement\":[{\"@type\":\"ListItem\",\"position\":1,\"name\":\"In\u00edcio\",\"item\":\"https:\\\/\\\/vanderloubet.com.br\\\/deputado\\\/\"},{\"@type\":\"ListItem\",\"position\":2,\"name\":\"Vander Loubet confirma bom trabalho e segue na lideran\u00e7a de emendas para MS\"}]},{\"@type\":\"WebSite\",\"@id\":\"https:\\\/\\\/vanderloubet.com.br\\\/deputado\\\/#website\",\"url\":\"https:\\\/\\\/vanderloubet.com.br\\\/deputado\\\/\",\"name\":\"Deputado Federal Vander Loubet\",\"description\":\"O Federal de MS\",\"publisher\":{\"@id\":\"https:\\\/\\\/vanderloubet.com.br\\\/deputado\\\/#organization\"},\"alternateName\":\"Deputado Vander\",\"potentialAction\":[{\"@type\":\"SearchAction\",\"target\":{\"@type\":\"EntryPoint\",\"urlTemplate\":\"https:\\\/\\\/vanderloubet.com.br\\\/deputado\\\/?s={search_term_string}\"},\"query-input\":{\"@type\":\"PropertyValueSpecification\",\"valueRequired\":true,\"valueName\":\"search_term_string\"}}],\"inLanguage\":\"pt-BR\"},{\"@type\":\"Organization\",\"@id\":\"https:\\\/\\\/vanderloubet.com.br\\\/deputado\\\/#organization\",\"name\":\"Deputado Federal Vander Loubet\",\"alternateName\":\"Deputado Vander\",\"url\":\"https:\\\/\\\/vanderloubet.com.br\\\/deputado\\\/\",\"logo\":{\"@type\":\"ImageObject\",\"inLanguage\":\"pt-BR\",\"@id\":\"https:\\\/\\\/vanderloubet.com.br\\\/deputado\\\/#\\\/schema\\\/logo\\\/image\\\/\",\"url\":\"https:\\\/\\\/vanderloubet.com.br\\\/deputado\\\/wp-content\\\/uploads\\\/2023\\\/06\\\/foto-2023-06-19-mandato-deputado-vander.jpg\",\"contentUrl\":\"https:\\\/\\\/vanderloubet.com.br\\\/deputado\\\/wp-content\\\/uploads\\\/2023\\\/06\\\/foto-2023-06-19-mandato-deputado-vander.jpg\",\"width\":1080,\"height\":1080,\"caption\":\"Deputado Federal Vander Loubet\"},\"image\":{\"@id\":\"https:\\\/\\\/vanderloubet.com.br\\\/deputado\\\/#\\\/schema\\\/logo\\\/image\\\/\"},\"sameAs\":[\"https:\\\/\\\/facebook.com\\\/deputadovander\",\"https:\\\/\\\/x.com\\\/vanderloubet\",\"https:\\\/\\\/instagram.com\\\/vanderloubet\",\"https:\\\/\\\/youtube.com\\\/vanderloubet\",\"https:\\\/\\\/tiktok.com\\\/@vanderloubetms\"]},{\"@type\":\"Person\",\"@id\":\"https:\\\/\\\/vanderloubet.com.br\\\/deputado\\\/#\\\/schema\\\/person\\\/15b51bd564532a8a68d9dec1b8eb890e\",\"name\":\"\u00c9der\",\"image\":{\"@type\":\"ImageObject\",\"inLanguage\":\"pt-BR\",\"@id\":\"https:\\\/\\\/vanderloubet.com.br\\\/deputado\\\/wp-content\\\/litespeed\\\/avatar\\\/88ca4090d9d5ab1c9495f6ca03b68efa.jpg?ver=1777058957\",\"url\":\"https:\\\/\\\/vanderloubet.com.br\\\/deputado\\\/wp-content\\\/litespeed\\\/avatar\\\/88ca4090d9d5ab1c9495f6ca03b68efa.jpg?ver=1777058957\",\"contentUrl\":\"https:\\\/\\\/vanderloubet.com.br\\\/deputado\\\/wp-content\\\/litespeed\\\/avatar\\\/88ca4090d9d5ab1c9495f6ca03b68efa.jpg?ver=1777058957\",\"caption\":\"\u00c9der\"}}]}<\/script>\n<!-- \/ Yoast SEO plugin. -->","yoast_head_json":{"title":"Vander Loubet confirma bom trabalho e segue na lideran\u00e7a de emendas para MS","description":"Desempenho se traduz na aprova\u00e7\u00e3o da popula\u00e7\u00e3o: Vander \u00e9 o \u00fanico deputado federal a ter seis mandatos consecutivos por MS.","robots":{"index":"index","follow":"follow","max-snippet":"max-snippet:-1","max-image-preview":"max-image-preview:large","max-video-preview":"max-video-preview:-1"},"canonical":"https:\/\/vanderloubet.com.br\/deputado\/vander-loubet-confirma-bom-trabalho-e-segue-na-lideranca-de-emendas-para-ms\/","og_locale":"pt_BR","og_type":"article","og_title":"Vander Loubet confirma bom trabalho e segue na lideran\u00e7a de emendas para MS","og_description":"Desempenho se traduz na aprova\u00e7\u00e3o da popula\u00e7\u00e3o: Vander \u00e9 o \u00fanico deputado federal a ter seis mandatos consecutivos por MS.","og_url":"https:\/\/vanderloubet.com.br\/deputado\/vander-loubet-confirma-bom-trabalho-e-segue-na-lideranca-de-emendas-para-ms\/","og_site_name":"Deputado Federal Vander Loubet","article_publisher":"https:\/\/facebook.com\/deputadovander","article_published_time":"2023-09-13T16:21:24+00:00","article_modified_time":"2026-03-23T14:36:45+00:00","og_image":[{"width":900,"height":600,"url":"https:\/\/vanderloubet.com.br\/deputado\/wp-content\/uploads\/2023\/08\/foto-2023-08-01-deputado-vander-loubet.jpg","type":"image\/jpeg"}],"author":"\u00c9der","twitter_card":"summary_large_image","twitter_creator":"@vanderloubet","twitter_site":"@vanderloubet","schema":{"@context":"https:\/\/schema.org","@graph":[{"@type":"Article","@id":"https:\/\/vanderloubet.com.br\/deputado\/vander-loubet-confirma-bom-trabalho-e-segue-na-lideranca-de-emendas-para-ms\/#article","isPartOf":{"@id":"https:\/\/vanderloubet.com.br\/deputado\/vander-loubet-confirma-bom-trabalho-e-segue-na-lideranca-de-emendas-para-ms\/"},"author":{"name":"\u00c9der","@id":"https:\/\/vanderloubet.com.br\/deputado\/#\/schema\/person\/15b51bd564532a8a68d9dec1b8eb890e"},"headline":"Vander Loubet confirma bom trabalho e segue na lideran\u00e7a de emendas para MS","datePublished":"2023-09-13T16:21:24+00:00","dateModified":"2026-03-23T14:36:45+00:00","mainEntityOfPage":{"@id":"https:\/\/vanderloubet.com.br\/deputado\/vander-loubet-confirma-bom-trabalho-e-segue-na-lideranca-de-emendas-para-ms\/"},"wordCount":332,"publisher":{"@id":"https:\/\/vanderloubet.com.br\/deputado\/#organization"},"image":{"@id":"https:\/\/vanderloubet.com.br\/deputado\/vander-loubet-confirma-bom-trabalho-e-segue-na-lideranca-de-emendas-para-ms\/#primaryimage"},"thumbnailUrl":"https:\/\/vanderloubet.com.br\/deputado\/wp-content\/uploads\/2023\/08\/foto-2023-08-01-deputado-vander-loubet.jpg","keywords":["emenda parlamentar","or\u00e7amento geral da uni\u00e3o","senado"],"articleSection":["Mato Grosso do Sul","Not\u00edcias"],"inLanguage":"pt-BR"},{"@type":"WebPage","@id":"https:\/\/vanderloubet.com.br\/deputado\/vander-loubet-confirma-bom-trabalho-e-segue-na-lideranca-de-emendas-para-ms\/","url":"https:\/\/vanderloubet.com.br\/deputado\/vander-loubet-confirma-bom-trabalho-e-segue-na-lideranca-de-emendas-para-ms\/","name":"Vander Loubet confirma bom trabalho e segue na lideran\u00e7a de emendas para MS","isPartOf":{"@id":"https:\/\/vanderloubet.com.br\/deputado\/#website"},"primaryImageOfPage":{"@id":"https:\/\/vanderloubet.com.br\/deputado\/vander-loubet-confirma-bom-trabalho-e-segue-na-lideranca-de-emendas-para-ms\/#primaryimage"},"image":{"@id":"https:\/\/vanderloubet.com.br\/deputado\/vander-loubet-confirma-bom-trabalho-e-segue-na-lideranca-de-emendas-para-ms\/#primaryimage"},"thumbnailUrl":"https:\/\/vanderloubet.com.br\/deputado\/wp-content\/uploads\/2023\/08\/foto-2023-08-01-deputado-vander-loubet.jpg","datePublished":"2023-09-13T16:21:24+00:00","dateModified":"2026-03-23T14:36:45+00:00","description":"Desempenho se traduz na aprova\u00e7\u00e3o da popula\u00e7\u00e3o: Vander \u00e9 o \u00fanico deputado federal a ter seis mandatos consecutivos por MS.","breadcrumb":{"@id":"https:\/\/vanderloubet.com.br\/deputado\/vander-loubet-confirma-bom-trabalho-e-segue-na-lideranca-de-emendas-para-ms\/#breadcrumb"},"inLanguage":"pt-BR","potentialAction":[{"@type":"ReadAction","target":["https:\/\/vanderloubet.com.br\/deputado\/vander-loubet-confirma-bom-trabalho-e-segue-na-lideranca-de-emendas-para-ms\/"]}]},{"@type":"ImageObject","inLanguage":"pt-BR","@id":"https:\/\/vanderloubet.com.br\/deputado\/vander-loubet-confirma-bom-trabalho-e-segue-na-lideranca-de-emendas-para-ms\/#primaryimage","url":"https:\/\/vanderloubet.com.br\/deputado\/wp-content\/uploads\/2023\/08\/foto-2023-08-01-deputado-vander-loubet.jpg","contentUrl":"https:\/\/vanderloubet.com.br\/deputado\/wp-content\/uploads\/2023\/08\/foto-2023-08-01-deputado-vander-loubet.jpg","width":900,"height":600,"caption":"Pesquisa coloca Vander no p\u00f3dio dos federais mais bem avaliados de MS"},{"@type":"BreadcrumbList","@id":"https:\/\/vanderloubet.com.br\/deputado\/vander-loubet-confirma-bom-trabalho-e-segue-na-lideranca-de-emendas-para-ms\/#breadcrumb","itemListElement":[{"@type":"ListItem","position":1,"name":"In\u00edcio","item":"https:\/\/vanderloubet.com.br\/deputado\/"},{"@type":"ListItem","position":2,"name":"Vander Loubet confirma bom trabalho e segue na lideran\u00e7a de emendas para MS"}]},{"@type":"WebSite","@id":"https:\/\/vanderloubet.com.br\/deputado\/#website","url":"https:\/\/vanderloubet.com.br\/deputado\/","name":"Deputado Federal Vander Loubet","description":"O Federal de MS","publisher":{"@id":"https:\/\/vanderloubet.com.br\/deputado\/#organization"},"alternateName":"Deputado Vander","potentialAction":[{"@type":"SearchAction","target":{"@type":"EntryPoint","urlTemplate":"https:\/\/vanderloubet.com.br\/deputado\/?s={search_term_string}"},"query-input":{"@type":"PropertyValueSpecification","valueRequired":true,"valueName":"search_term_string"}}],"inLanguage":"pt-BR"},{"@type":"Organization","@id":"https:\/\/vanderloubet.com.br\/deputado\/#organization","name":"Deputado Federal Vander Loubet","alternateName":"Deputado Vander","url":"https:\/\/vanderloubet.com.br\/deputado\/","logo":{"@type":"ImageObject","inLanguage":"pt-BR","@id":"https:\/\/vanderloubet.com.br\/deputado\/#\/schema\/logo\/image\/","url":"https:\/\/vanderloubet.com.br\/deputado\/wp-content\/uploads\/2023\/06\/foto-2023-06-19-mandato-deputado-vander.jpg","contentUrl":"https:\/\/vanderloubet.com.br\/deputado\/wp-content\/uploads\/2023\/06\/foto-2023-06-19-mandato-deputado-vander.jpg","width":1080,"height":1080,"caption":"Deputado Federal Vander Loubet"},"image":{"@id":"https:\/\/vanderloubet.com.br\/deputado\/#\/schema\/logo\/image\/"},"sameAs":["https:\/\/facebook.com\/deputadovander","https:\/\/x.com\/vanderloubet","https:\/\/instagram.com\/vanderloubet","https:\/\/youtube.com\/vanderloubet","https:\/\/tiktok.com\/@vanderloubetms"]},{"@type":"Person","@id":"https:\/\/vanderloubet.com.br\/deputado\/#\/schema\/person\/15b51bd564532a8a68d9dec1b8eb890e","name":"\u00c9der","image":{"@type":"ImageObject","inLanguage":"pt-BR","@id":"https:\/\/vanderloubet.com.br\/deputado\/wp-content\/litespeed\/avatar\/88ca4090d9d5ab1c9495f6ca03b68efa.jpg?ver=1777058957","url":"https:\/\/vanderloubet.com.br\/deputado\/wp-content\/litespeed\/avatar\/88ca4090d9d5ab1c9495f6ca03b68efa.jpg?ver=1777058957","contentUrl":"https:\/\/vanderloubet.com.br\/deputado\/wp-content\/litespeed\/avatar\/88ca4090d9d5ab1c9495f6ca03b68efa.jpg?ver=1777058957","caption":"\u00c9der"}}]}},"jetpack_featured_media_url":"https:\/\/vanderloubet.com.br\/deputado\/wp-content\/uploads\/2023\/08\/foto-2023-08-01-deputado-vander-loubet.jpg","jetpack_sharing_enabled":true,"_links":{"self":[{"href":"https:\/\/vanderloubet.com.br\/deputado\/wp-json\/wp\/v2\/posts\/19197","targetHints":{"allow":["GET"]}}],"collection":[{"href":"https:\/\/vanderloubet.com.br\/deputado\/wp-json\/wp\/v2\/posts"}],"about":[{"href":"https:\/\/vanderloubet.com.br\/deputado\/wp-json\/wp\/v2\/types\/post"}],"author":[{"embeddable":true,"href":"https:\/\/vanderloubet.com.br\/deputado\/wp-json\/wp\/v2\/users\/2"}],"replies":[{"embeddable":true,"href":"https:\/\/vanderloubet.com.br\/deputado\/wp-json\/wp\/v2\/comments?post=19197"}],"version-history":[{"count":1,"href":"https:\/\/vanderloubet.com.br\/deputado\/wp-json\/wp\/v2\/posts\/19197\/revisions"}],"predecessor-version":[{"id":20672,"href":"https:\/\/vanderloubet.com.br\/deputado\/wp-json\/wp\/v2\/posts\/19197\/revisions\/20672"}],"wp:featuredmedia":[{"embeddable":true,"href":"https:\/\/vanderloubet.com.br\/deputado\/wp-json\/wp\/v2\/media\/19127"}],"wp:attachment":[{"href":"https:\/\/vanderloubet.com.br\/deputado\/wp-json\/wp\/v2\/media?parent=19197"}],"wp:term":[{"taxonomy":"category","embeddable":true,"href":"https:\/\/vanderloubet.com.br\/deputado\/wp-json\/wp\/v2\/categories?post=19197"},{"taxonomy":"post_tag","embeddable":true,"href":"https:\/\/vanderloubet.com.br\/deputado\/wp-json\/wp\/v2\/tags?post=19197"}],"curies":[{"name":"wp","href":"https:\/\/api.w.org\/{rel}","templated":true}]}}