{"id":19126,"date":"2023-08-01T18:37:18","date_gmt":"2023-08-01T22:37:18","guid":{"rendered":"https:\/\/vanderloubet.com.br\/deputado\/?p=19126"},"modified":"2023-08-01T19:01:57","modified_gmt":"2023-08-01T23:01:57","slug":"pesquisa-coloca-vander-no-podio-dos-federais-mais-bem-avaliados-de-ms","status":"publish","type":"post","link":"https:\/\/vanderloubet.com.br\/deputado\/pesquisa-coloca-vander-no-podio-dos-federais-mais-bem-avaliados-de-ms\/","title":{"rendered":"Pesquisa coloca Vander no p\u00f3dio dos federais mais bem avaliados de MS"},"content":{"rendered":"<p>Pesquisa realizada pelo Instituto Ranking Brasil Intelig\u00eancia entre os dias 24 e 30 de julho deste ano, em 30 munic\u00edpios de Mato Grosso do Sul, revela que os deputados federais Beto Pereira (PSDB-MS), Vander Loubet (PT-MS) e Geraldo Resende (PSDB-MS) s\u00e3o os mais bem avaliados pela popula\u00e7\u00e3o.<\/p>\n<p>Beto Pereira obteve aprova\u00e7\u00e3o de 20,3%, enquanto Vander Loubet teve 16,5% e Geraldo Resende alcan\u00e7ou 12,6%. J\u00e1 os demais deputados federais tiveram os seguintes percentuais de aprova\u00e7\u00e3o: Dagoberto Nogueira (PSDB-MS) com 3,4%, Camila Jara (PT-MS) com 2,5%, Rodolfo Nogueira (PL-MS) com 1,8%, Luiz Ovando (PP-MS) com 1,4% e Marcos Pollon (PL-MS) com 1%.<\/p>\n<p>O deputado Vander atribui o resultado da pesquisa ao incessante trabalho do seu mandato, sempre focado no atendimento das demandas da popula\u00e7\u00e3o.<\/p>\n<p>&#8220;Eu costumo dizer que na primeira elei\u00e7\u00e3o as pessoas at\u00e9 d\u00e3o um voto de confian\u00e7a, mas, depois, o que conta \u00e9 o trabalho. Estamos em nosso sexto mandato consecutivo e temos uma longa folha de servi\u00e7os prestados ao estado e aos munic\u00edpios. Por isso, acredito que esse resultado registrado pela pesquisa \u00e9 reflexo desse trabalho&#8221;, destaca o parlamentar pantaneiro.<\/p>\n<p>O levantamento \u00e9 do tipo quantitativo, por amostragem, com aplica\u00e7\u00e3o de question\u00e1rio estruturado em entrevistas com abordagem pessoal em ponto de fluxo populacional, domiciliar e por telefone. Significa que todos tiveram a mesma chance de serem sorteados para responderem ao question\u00e1rio.<\/p>\n<p>A amostra foi realizada de acordo com os dados populacionais disponibilizados pelo Instituto Brasileiro de Geografia e Estat\u00edstica (IBGE) referentes ao Censo e pelo Tribunal Superior Eleitoral (TSE). Os entrevistados foram selecionados aleatoriamente segundo as cotas do estudo em fun\u00e7\u00e3o de vari\u00e1veis significativas.<\/p>\n<p><img decoding=\"async\" src=\"https:\/\/vanderloubet.com.br\/deputado\/wp-content\/uploads\/2023\/08\/foto-2023-08-01-pesquisa-ranking-deputadoa-federais-700x495.jpg\" alt=\"Pesquisa coloca Vander no p\u00f3dio dos federais mais bem avaliados de MS\" width=\"696\" height=\"492\" class=\"aligncenter size-large wp-image-19128\" srcset=\"https:\/\/vanderloubet.com.br\/deputado\/wp-content\/uploads\/2023\/08\/foto-2023-08-01-pesquisa-ranking-deputadoa-federais-700x495.jpg 700w, https:\/\/vanderloubet.com.br\/deputado\/wp-content\/uploads\/2023\/08\/foto-2023-08-01-pesquisa-ranking-deputadoa-federais-350x248.jpg 350w, https:\/\/vanderloubet.com.br\/deputado\/wp-content\/uploads\/2023\/08\/foto-2023-08-01-pesquisa-ranking-deputadoa-federais-768x544.jpg 768w, https:\/\/vanderloubet.com.br\/deputado\/wp-content\/uploads\/2023\/08\/foto-2023-08-01-pesquisa-ranking-deputadoa-federais-593x420.jpg 593w, https:\/\/vanderloubet.com.br\/deputado\/wp-content\/uploads\/2023\/08\/foto-2023-08-01-pesquisa-ranking-deputadoa-federais-696x493.jpg 696w, https:\/\/vanderloubet.com.br\/deputado\/wp-content\/uploads\/2023\/08\/foto-2023-08-01-pesquisa-ranking-deputadoa-federais-100x70.jpg 100w, https:\/\/vanderloubet.com.br\/deputado\/wp-content\/uploads\/2023\/08\/foto-2023-08-01-pesquisa-ranking-deputadoa-federais.jpg 900w\" sizes=\"(max-width: 696px) 100vw, 696px\" \/><\/p>\n<p>O intervalo de confian\u00e7a da pesquisa \u00e9 de 95%. A margem de erro m\u00e1xima estimada foi de 1,8 ponto percentual, para mais ou para menos.<\/p>\n<p>O levantamento foi encomendada pelo site Di\u00e1rio MS News e ouviu 3 mil pessoas, sendo 1.242 em Campo Grande, 269 em Dourados, 151 em Tr\u00eas Lagoas, 122 em Ponta Por\u00e3, 119 em Corumb\u00e1, 72 em Navira\u00ed, 70 em Aquidauana, 68 em Nova Andradina, 64 em Sidrol\u00e2ndia, 61 em Parana\u00edba, 55 em Maracaju, 52 em Coxim, 52 em Amambai, 50 em Rio Brilhante, 42 em S\u00e3o Gabriel do Oeste, 41 em Caarap\u00f3, 40 em Ivinhema, 38 em Miranda, 37 em Chapad\u00e3o do Sul, 36 em Jardim, 36 em Anast\u00e1cio, 35 em Bataguassu, 34 em Bonito, 34 em Aparecida do Taboado, 32 em F\u00e1tima do Sul, 32 em Bela Vista, 31 em Nova Alvorada do Sul, 29 em Ribas do Rio Pardo, 28 em Cassil\u00e2ndia e 28 em Itaquira\u00ed.<\/p>\n<p><em>Fonte: Di\u00e1rio MS News<\/em><\/p>\n","protected":false},"excerpt":{"rendered":"<p>Pesquisa realizada pelo Instituto Ranking Brasil Intelig\u00eancia entre os dias 24 e 30 de julho deste ano, em 30 munic\u00edpios de Mato Grosso do Sul, revela que os deputados federais Beto Pereira (PSDB-MS), Vander Loubet (PT-MS) e Geraldo Resende (PSDB-MS) s\u00e3o os mais bem avaliados pela popula\u00e7\u00e3o. Beto Pereira obteve aprova\u00e7\u00e3o de 20,3%, enquanto Vander [&hellip;]<\/p>\n","protected":false},"author":2,"featured_media":19127,"comment_status":"closed","ping_status":"closed","sticky":false,"template":"","format":"standard","meta":{"jetpack_post_was_ever_published":false,"_jetpack_newsletter_access":"","_jetpack_dont_email_post_to_subs":false,"_jetpack_newsletter_tier_id":0,"_jetpack_memberships_contains_paywalled_content":false,"_jetpack_memberships_contains_paid_content":false,"footnotes":""},"categories":[2099,10],"tags":[1538],"class_list":{"0":"post-19126","1":"post","2":"type-post","3":"status-publish","4":"format-standard","5":"has-post-thumbnail","7":"category-ms-noticias","8":"category-noticias","9":"tag-pesquisa"},"yoast_head":"<!-- This site is optimized with the Yoast SEO plugin v27.4 - https:\/\/yoast.com\/product\/yoast-seo-wordpress\/ -->\n<title>Pesquisa coloca Vander no p\u00f3dio dos federais mais bem avaliados de MS<\/title>\n<meta name=\"robots\" content=\"index, follow, max-snippet:-1, max-image-preview:large, max-video-preview:-1\" \/>\n<link rel=\"canonical\" href=\"https:\/\/vanderloubet.com.br\/deputado\/pesquisa-coloca-vander-no-podio-dos-federais-mais-bem-avaliados-de-ms\/\" \/>\n<meta property=\"og:locale\" content=\"pt_BR\" \/>\n<meta property=\"og:type\" content=\"article\" \/>\n<meta property=\"og:title\" content=\"Pesquisa coloca Vander no p\u00f3dio dos federais mais bem avaliados de MS\" \/>\n<meta property=\"og:description\" content=\"Pesquisa realizada pelo Instituto Ranking Brasil Intelig\u00eancia entre os dias 24 e 30 de julho deste ano, em 30 munic\u00edpios de Mato Grosso do Sul, revela que os deputados federais Beto Pereira (PSDB-MS), Vander Loubet (PT-MS) e Geraldo Resende (PSDB-MS) s\u00e3o os mais bem avaliados pela popula\u00e7\u00e3o. Beto Pereira obteve aprova\u00e7\u00e3o de 20,3%, enquanto Vander [&hellip;]\" \/>\n<meta property=\"og:url\" content=\"https:\/\/vanderloubet.com.br\/deputado\/pesquisa-coloca-vander-no-podio-dos-federais-mais-bem-avaliados-de-ms\/\" \/>\n<meta property=\"og:site_name\" content=\"Deputado Federal Vander Loubet\" \/>\n<meta property=\"article:publisher\" content=\"https:\/\/facebook.com\/deputadovander\" \/>\n<meta property=\"article:published_time\" content=\"2023-08-01T22:37:18+00:00\" \/>\n<meta property=\"article:modified_time\" content=\"2023-08-01T23:01:57+00:00\" \/>\n<meta property=\"og:image\" content=\"https:\/\/vanderloubet.com.br\/deputado\/wp-content\/uploads\/2023\/08\/foto-2023-08-01-deputado-vander-loubet.jpg\" \/>\n\t<meta property=\"og:image:width\" content=\"900\" \/>\n\t<meta property=\"og:image:height\" content=\"600\" \/>\n\t<meta property=\"og:image:type\" content=\"image\/jpeg\" \/>\n<meta name=\"author\" content=\"\u00c9der\" \/>\n<meta name=\"twitter:card\" content=\"summary_large_image\" \/>\n<meta name=\"twitter:creator\" content=\"@vanderloubet\" \/>\n<meta name=\"twitter:site\" content=\"@vanderloubet\" \/>\n<script type=\"application\/ld+json\" class=\"yoast-schema-graph\">{\"@context\":\"https:\\\/\\\/schema.org\",\"@graph\":[{\"@type\":\"Article\",\"@id\":\"https:\\\/\\\/vanderloubet.com.br\\\/deputado\\\/pesquisa-coloca-vander-no-podio-dos-federais-mais-bem-avaliados-de-ms\\\/#article\",\"isPartOf\":{\"@id\":\"https:\\\/\\\/vanderloubet.com.br\\\/deputado\\\/pesquisa-coloca-vander-no-podio-dos-federais-mais-bem-avaliados-de-ms\\\/\"},\"author\":{\"name\":\"\u00c9der\",\"@id\":\"https:\\\/\\\/vanderloubet.com.br\\\/deputado\\\/#\\\/schema\\\/person\\\/15b51bd564532a8a68d9dec1b8eb890e\"},\"headline\":\"Pesquisa coloca Vander no p\u00f3dio dos federais mais bem avaliados de MS\",\"datePublished\":\"2023-08-01T22:37:18+00:00\",\"dateModified\":\"2023-08-01T23:01:57+00:00\",\"mainEntityOfPage\":{\"@id\":\"https:\\\/\\\/vanderloubet.com.br\\\/deputado\\\/pesquisa-coloca-vander-no-podio-dos-federais-mais-bem-avaliados-de-ms\\\/\"},\"wordCount\":417,\"publisher\":{\"@id\":\"https:\\\/\\\/vanderloubet.com.br\\\/deputado\\\/#organization\"},\"image\":{\"@id\":\"https:\\\/\\\/vanderloubet.com.br\\\/deputado\\\/pesquisa-coloca-vander-no-podio-dos-federais-mais-bem-avaliados-de-ms\\\/#primaryimage\"},\"thumbnailUrl\":\"https:\\\/\\\/vanderloubet.com.br\\\/deputado\\\/wp-content\\\/uploads\\\/2023\\\/08\\\/foto-2023-08-01-deputado-vander-loubet.jpg\",\"keywords\":[\"pesquisa\"],\"articleSection\":[\"Mato Grosso do Sul\",\"Not\u00edcias\"],\"inLanguage\":\"pt-BR\"},{\"@type\":\"WebPage\",\"@id\":\"https:\\\/\\\/vanderloubet.com.br\\\/deputado\\\/pesquisa-coloca-vander-no-podio-dos-federais-mais-bem-avaliados-de-ms\\\/\",\"url\":\"https:\\\/\\\/vanderloubet.com.br\\\/deputado\\\/pesquisa-coloca-vander-no-podio-dos-federais-mais-bem-avaliados-de-ms\\\/\",\"name\":\"Pesquisa coloca Vander no p\u00f3dio dos federais mais bem avaliados de MS\",\"isPartOf\":{\"@id\":\"https:\\\/\\\/vanderloubet.com.br\\\/deputado\\\/#website\"},\"primaryImageOfPage\":{\"@id\":\"https:\\\/\\\/vanderloubet.com.br\\\/deputado\\\/pesquisa-coloca-vander-no-podio-dos-federais-mais-bem-avaliados-de-ms\\\/#primaryimage\"},\"image\":{\"@id\":\"https:\\\/\\\/vanderloubet.com.br\\\/deputado\\\/pesquisa-coloca-vander-no-podio-dos-federais-mais-bem-avaliados-de-ms\\\/#primaryimage\"},\"thumbnailUrl\":\"https:\\\/\\\/vanderloubet.com.br\\\/deputado\\\/wp-content\\\/uploads\\\/2023\\\/08\\\/foto-2023-08-01-deputado-vander-loubet.jpg\",\"datePublished\":\"2023-08-01T22:37:18+00:00\",\"dateModified\":\"2023-08-01T23:01:57+00:00\",\"breadcrumb\":{\"@id\":\"https:\\\/\\\/vanderloubet.com.br\\\/deputado\\\/pesquisa-coloca-vander-no-podio-dos-federais-mais-bem-avaliados-de-ms\\\/#breadcrumb\"},\"inLanguage\":\"pt-BR\",\"potentialAction\":[{\"@type\":\"ReadAction\",\"target\":[\"https:\\\/\\\/vanderloubet.com.br\\\/deputado\\\/pesquisa-coloca-vander-no-podio-dos-federais-mais-bem-avaliados-de-ms\\\/\"]}]},{\"@type\":\"ImageObject\",\"inLanguage\":\"pt-BR\",\"@id\":\"https:\\\/\\\/vanderloubet.com.br\\\/deputado\\\/pesquisa-coloca-vander-no-podio-dos-federais-mais-bem-avaliados-de-ms\\\/#primaryimage\",\"url\":\"https:\\\/\\\/vanderloubet.com.br\\\/deputado\\\/wp-content\\\/uploads\\\/2023\\\/08\\\/foto-2023-08-01-deputado-vander-loubet.jpg\",\"contentUrl\":\"https:\\\/\\\/vanderloubet.com.br\\\/deputado\\\/wp-content\\\/uploads\\\/2023\\\/08\\\/foto-2023-08-01-deputado-vander-loubet.jpg\",\"width\":900,\"height\":600,\"caption\":\"Pesquisa coloca Vander no p\u00f3dio dos federais mais bem avaliados de MS\"},{\"@type\":\"BreadcrumbList\",\"@id\":\"https:\\\/\\\/vanderloubet.com.br\\\/deputado\\\/pesquisa-coloca-vander-no-podio-dos-federais-mais-bem-avaliados-de-ms\\\/#breadcrumb\",\"itemListElement\":[{\"@type\":\"ListItem\",\"position\":1,\"name\":\"In\u00edcio\",\"item\":\"https:\\\/\\\/vanderloubet.com.br\\\/deputado\\\/\"},{\"@type\":\"ListItem\",\"position\":2,\"name\":\"Pesquisa coloca Vander no p\u00f3dio dos federais mais bem avaliados de MS\"}]},{\"@type\":\"WebSite\",\"@id\":\"https:\\\/\\\/vanderloubet.com.br\\\/deputado\\\/#website\",\"url\":\"https:\\\/\\\/vanderloubet.com.br\\\/deputado\\\/\",\"name\":\"Deputado Federal Vander Loubet\",\"description\":\"O Federal de MS\",\"publisher\":{\"@id\":\"https:\\\/\\\/vanderloubet.com.br\\\/deputado\\\/#organization\"},\"alternateName\":\"Deputado Vander\",\"potentialAction\":[{\"@type\":\"SearchAction\",\"target\":{\"@type\":\"EntryPoint\",\"urlTemplate\":\"https:\\\/\\\/vanderloubet.com.br\\\/deputado\\\/?s={search_term_string}\"},\"query-input\":{\"@type\":\"PropertyValueSpecification\",\"valueRequired\":true,\"valueName\":\"search_term_string\"}}],\"inLanguage\":\"pt-BR\"},{\"@type\":\"Organization\",\"@id\":\"https:\\\/\\\/vanderloubet.com.br\\\/deputado\\\/#organization\",\"name\":\"Deputado Federal Vander Loubet\",\"alternateName\":\"Deputado Vander\",\"url\":\"https:\\\/\\\/vanderloubet.com.br\\\/deputado\\\/\",\"logo\":{\"@type\":\"ImageObject\",\"inLanguage\":\"pt-BR\",\"@id\":\"https:\\\/\\\/vanderloubet.com.br\\\/deputado\\\/#\\\/schema\\\/logo\\\/image\\\/\",\"url\":\"https:\\\/\\\/vanderloubet.com.br\\\/deputado\\\/wp-content\\\/uploads\\\/2023\\\/06\\\/foto-2023-06-19-mandato-deputado-vander.jpg\",\"contentUrl\":\"https:\\\/\\\/vanderloubet.com.br\\\/deputado\\\/wp-content\\\/uploads\\\/2023\\\/06\\\/foto-2023-06-19-mandato-deputado-vander.jpg\",\"width\":1080,\"height\":1080,\"caption\":\"Deputado Federal Vander Loubet\"},\"image\":{\"@id\":\"https:\\\/\\\/vanderloubet.com.br\\\/deputado\\\/#\\\/schema\\\/logo\\\/image\\\/\"},\"sameAs\":[\"https:\\\/\\\/facebook.com\\\/deputadovander\",\"https:\\\/\\\/x.com\\\/vanderloubet\",\"https:\\\/\\\/instagram.com\\\/vanderloubet\",\"https:\\\/\\\/youtube.com\\\/vanderloubet\",\"https:\\\/\\\/tiktok.com\\\/@vanderloubetms\"]},{\"@type\":\"Person\",\"@id\":\"https:\\\/\\\/vanderloubet.com.br\\\/deputado\\\/#\\\/schema\\\/person\\\/15b51bd564532a8a68d9dec1b8eb890e\",\"name\":\"\u00c9der\",\"image\":{\"@type\":\"ImageObject\",\"inLanguage\":\"pt-BR\",\"@id\":\"https:\\\/\\\/vanderloubet.com.br\\\/deputado\\\/wp-content\\\/litespeed\\\/avatar\\\/88ca4090d9d5ab1c9495f6ca03b68efa.jpg?ver=1777058957\",\"url\":\"https:\\\/\\\/vanderloubet.com.br\\\/deputado\\\/wp-content\\\/litespeed\\\/avatar\\\/88ca4090d9d5ab1c9495f6ca03b68efa.jpg?ver=1777058957\",\"contentUrl\":\"https:\\\/\\\/vanderloubet.com.br\\\/deputado\\\/wp-content\\\/litespeed\\\/avatar\\\/88ca4090d9d5ab1c9495f6ca03b68efa.jpg?ver=1777058957\",\"caption\":\"\u00c9der\"}}]}<\/script>\n<!-- \/ Yoast SEO plugin. -->","yoast_head_json":{"title":"Pesquisa coloca Vander no p\u00f3dio dos federais mais bem avaliados de MS","robots":{"index":"index","follow":"follow","max-snippet":"max-snippet:-1","max-image-preview":"max-image-preview:large","max-video-preview":"max-video-preview:-1"},"canonical":"https:\/\/vanderloubet.com.br\/deputado\/pesquisa-coloca-vander-no-podio-dos-federais-mais-bem-avaliados-de-ms\/","og_locale":"pt_BR","og_type":"article","og_title":"Pesquisa coloca Vander no p\u00f3dio dos federais mais bem avaliados de MS","og_description":"Pesquisa realizada pelo Instituto Ranking Brasil Intelig\u00eancia entre os dias 24 e 30 de julho deste ano, em 30 munic\u00edpios de Mato Grosso do Sul, revela que os deputados federais Beto Pereira (PSDB-MS), Vander Loubet (PT-MS) e Geraldo Resende (PSDB-MS) s\u00e3o os mais bem avaliados pela popula\u00e7\u00e3o. Beto Pereira obteve aprova\u00e7\u00e3o de 20,3%, enquanto Vander [&hellip;]","og_url":"https:\/\/vanderloubet.com.br\/deputado\/pesquisa-coloca-vander-no-podio-dos-federais-mais-bem-avaliados-de-ms\/","og_site_name":"Deputado Federal Vander Loubet","article_publisher":"https:\/\/facebook.com\/deputadovander","article_published_time":"2023-08-01T22:37:18+00:00","article_modified_time":"2023-08-01T23:01:57+00:00","og_image":[{"width":900,"height":600,"url":"https:\/\/vanderloubet.com.br\/deputado\/wp-content\/uploads\/2023\/08\/foto-2023-08-01-deputado-vander-loubet.jpg","type":"image\/jpeg"}],"author":"\u00c9der","twitter_card":"summary_large_image","twitter_creator":"@vanderloubet","twitter_site":"@vanderloubet","schema":{"@context":"https:\/\/schema.org","@graph":[{"@type":"Article","@id":"https:\/\/vanderloubet.com.br\/deputado\/pesquisa-coloca-vander-no-podio-dos-federais-mais-bem-avaliados-de-ms\/#article","isPartOf":{"@id":"https:\/\/vanderloubet.com.br\/deputado\/pesquisa-coloca-vander-no-podio-dos-federais-mais-bem-avaliados-de-ms\/"},"author":{"name":"\u00c9der","@id":"https:\/\/vanderloubet.com.br\/deputado\/#\/schema\/person\/15b51bd564532a8a68d9dec1b8eb890e"},"headline":"Pesquisa coloca Vander no p\u00f3dio dos federais mais bem avaliados de MS","datePublished":"2023-08-01T22:37:18+00:00","dateModified":"2023-08-01T23:01:57+00:00","mainEntityOfPage":{"@id":"https:\/\/vanderloubet.com.br\/deputado\/pesquisa-coloca-vander-no-podio-dos-federais-mais-bem-avaliados-de-ms\/"},"wordCount":417,"publisher":{"@id":"https:\/\/vanderloubet.com.br\/deputado\/#organization"},"image":{"@id":"https:\/\/vanderloubet.com.br\/deputado\/pesquisa-coloca-vander-no-podio-dos-federais-mais-bem-avaliados-de-ms\/#primaryimage"},"thumbnailUrl":"https:\/\/vanderloubet.com.br\/deputado\/wp-content\/uploads\/2023\/08\/foto-2023-08-01-deputado-vander-loubet.jpg","keywords":["pesquisa"],"articleSection":["Mato Grosso do Sul","Not\u00edcias"],"inLanguage":"pt-BR"},{"@type":"WebPage","@id":"https:\/\/vanderloubet.com.br\/deputado\/pesquisa-coloca-vander-no-podio-dos-federais-mais-bem-avaliados-de-ms\/","url":"https:\/\/vanderloubet.com.br\/deputado\/pesquisa-coloca-vander-no-podio-dos-federais-mais-bem-avaliados-de-ms\/","name":"Pesquisa coloca Vander no p\u00f3dio dos federais mais bem avaliados de MS","isPartOf":{"@id":"https:\/\/vanderloubet.com.br\/deputado\/#website"},"primaryImageOfPage":{"@id":"https:\/\/vanderloubet.com.br\/deputado\/pesquisa-coloca-vander-no-podio-dos-federais-mais-bem-avaliados-de-ms\/#primaryimage"},"image":{"@id":"https:\/\/vanderloubet.com.br\/deputado\/pesquisa-coloca-vander-no-podio-dos-federais-mais-bem-avaliados-de-ms\/#primaryimage"},"thumbnailUrl":"https:\/\/vanderloubet.com.br\/deputado\/wp-content\/uploads\/2023\/08\/foto-2023-08-01-deputado-vander-loubet.jpg","datePublished":"2023-08-01T22:37:18+00:00","dateModified":"2023-08-01T23:01:57+00:00","breadcrumb":{"@id":"https:\/\/vanderloubet.com.br\/deputado\/pesquisa-coloca-vander-no-podio-dos-federais-mais-bem-avaliados-de-ms\/#breadcrumb"},"inLanguage":"pt-BR","potentialAction":[{"@type":"ReadAction","target":["https:\/\/vanderloubet.com.br\/deputado\/pesquisa-coloca-vander-no-podio-dos-federais-mais-bem-avaliados-de-ms\/"]}]},{"@type":"ImageObject","inLanguage":"pt-BR","@id":"https:\/\/vanderloubet.com.br\/deputado\/pesquisa-coloca-vander-no-podio-dos-federais-mais-bem-avaliados-de-ms\/#primaryimage","url":"https:\/\/vanderloubet.com.br\/deputado\/wp-content\/uploads\/2023\/08\/foto-2023-08-01-deputado-vander-loubet.jpg","contentUrl":"https:\/\/vanderloubet.com.br\/deputado\/wp-content\/uploads\/2023\/08\/foto-2023-08-01-deputado-vander-loubet.jpg","width":900,"height":600,"caption":"Pesquisa coloca Vander no p\u00f3dio dos federais mais bem avaliados de MS"},{"@type":"BreadcrumbList","@id":"https:\/\/vanderloubet.com.br\/deputado\/pesquisa-coloca-vander-no-podio-dos-federais-mais-bem-avaliados-de-ms\/#breadcrumb","itemListElement":[{"@type":"ListItem","position":1,"name":"In\u00edcio","item":"https:\/\/vanderloubet.com.br\/deputado\/"},{"@type":"ListItem","position":2,"name":"Pesquisa coloca Vander no p\u00f3dio dos federais mais bem avaliados de MS"}]},{"@type":"WebSite","@id":"https:\/\/vanderloubet.com.br\/deputado\/#website","url":"https:\/\/vanderloubet.com.br\/deputado\/","name":"Deputado Federal Vander Loubet","description":"O Federal de MS","publisher":{"@id":"https:\/\/vanderloubet.com.br\/deputado\/#organization"},"alternateName":"Deputado Vander","potentialAction":[{"@type":"SearchAction","target":{"@type":"EntryPoint","urlTemplate":"https:\/\/vanderloubet.com.br\/deputado\/?s={search_term_string}"},"query-input":{"@type":"PropertyValueSpecification","valueRequired":true,"valueName":"search_term_string"}}],"inLanguage":"pt-BR"},{"@type":"Organization","@id":"https:\/\/vanderloubet.com.br\/deputado\/#organization","name":"Deputado Federal Vander Loubet","alternateName":"Deputado Vander","url":"https:\/\/vanderloubet.com.br\/deputado\/","logo":{"@type":"ImageObject","inLanguage":"pt-BR","@id":"https:\/\/vanderloubet.com.br\/deputado\/#\/schema\/logo\/image\/","url":"https:\/\/vanderloubet.com.br\/deputado\/wp-content\/uploads\/2023\/06\/foto-2023-06-19-mandato-deputado-vander.jpg","contentUrl":"https:\/\/vanderloubet.com.br\/deputado\/wp-content\/uploads\/2023\/06\/foto-2023-06-19-mandato-deputado-vander.jpg","width":1080,"height":1080,"caption":"Deputado Federal Vander Loubet"},"image":{"@id":"https:\/\/vanderloubet.com.br\/deputado\/#\/schema\/logo\/image\/"},"sameAs":["https:\/\/facebook.com\/deputadovander","https:\/\/x.com\/vanderloubet","https:\/\/instagram.com\/vanderloubet","https:\/\/youtube.com\/vanderloubet","https:\/\/tiktok.com\/@vanderloubetms"]},{"@type":"Person","@id":"https:\/\/vanderloubet.com.br\/deputado\/#\/schema\/person\/15b51bd564532a8a68d9dec1b8eb890e","name":"\u00c9der","image":{"@type":"ImageObject","inLanguage":"pt-BR","@id":"https:\/\/vanderloubet.com.br\/deputado\/wp-content\/litespeed\/avatar\/88ca4090d9d5ab1c9495f6ca03b68efa.jpg?ver=1777058957","url":"https:\/\/vanderloubet.com.br\/deputado\/wp-content\/litespeed\/avatar\/88ca4090d9d5ab1c9495f6ca03b68efa.jpg?ver=1777058957","contentUrl":"https:\/\/vanderloubet.com.br\/deputado\/wp-content\/litespeed\/avatar\/88ca4090d9d5ab1c9495f6ca03b68efa.jpg?ver=1777058957","caption":"\u00c9der"}}]}},"jetpack_featured_media_url":"https:\/\/vanderloubet.com.br\/deputado\/wp-content\/uploads\/2023\/08\/foto-2023-08-01-deputado-vander-loubet.jpg","jetpack_sharing_enabled":true,"_links":{"self":[{"href":"https:\/\/vanderloubet.com.br\/deputado\/wp-json\/wp\/v2\/posts\/19126","targetHints":{"allow":["GET"]}}],"collection":[{"href":"https:\/\/vanderloubet.com.br\/deputado\/wp-json\/wp\/v2\/posts"}],"about":[{"href":"https:\/\/vanderloubet.com.br\/deputado\/wp-json\/wp\/v2\/types\/post"}],"author":[{"embeddable":true,"href":"https:\/\/vanderloubet.com.br\/deputado\/wp-json\/wp\/v2\/users\/2"}],"replies":[{"embeddable":true,"href":"https:\/\/vanderloubet.com.br\/deputado\/wp-json\/wp\/v2\/comments?post=19126"}],"version-history":[{"count":0,"href":"https:\/\/vanderloubet.com.br\/deputado\/wp-json\/wp\/v2\/posts\/19126\/revisions"}],"wp:featuredmedia":[{"embeddable":true,"href":"https:\/\/vanderloubet.com.br\/deputado\/wp-json\/wp\/v2\/media\/19127"}],"wp:attachment":[{"href":"https:\/\/vanderloubet.com.br\/deputado\/wp-json\/wp\/v2\/media?parent=19126"}],"wp:term":[{"taxonomy":"category","embeddable":true,"href":"https:\/\/vanderloubet.com.br\/deputado\/wp-json\/wp\/v2\/categories?post=19126"},{"taxonomy":"post_tag","embeddable":true,"href":"https:\/\/vanderloubet.com.br\/deputado\/wp-json\/wp\/v2\/tags?post=19126"}],"curies":[{"name":"wp","href":"https:\/\/api.w.org\/{rel}","templated":true}]}}