{"id":19062,"date":"2023-07-13T15:42:39","date_gmt":"2023-07-13T19:42:39","guid":{"rendered":"https:\/\/vanderloubet.com.br\/deputado\/?p=19062"},"modified":"2023-07-13T15:44:13","modified_gmt":"2023-07-13T19:44:13","slug":"bonus-itaipu-pode-dar-desconto-de-ate-r-15-na-conta-de-luz-em-ms-neste-mes","status":"publish","type":"post","link":"https:\/\/vanderloubet.com.br\/deputado\/bonus-itaipu-pode-dar-desconto-de-ate-r-15-na-conta-de-luz-em-ms-neste-mes\/","title":{"rendered":"B\u00f4nus Itaipu pode dar desconto de at\u00e9 R$ 15 na conta de luz em MS neste m\u00eas"},"content":{"rendered":"<p>As contas de luz dos brasileiros e brasileiras do m\u00eas de julho podem ter at\u00e9 R$ 15 de desconto. Isso porque a Itaipu Binacional teve saldo positivo em sua conta de comercializa\u00e7\u00e3o de energia el\u00e9trica.<\/p>\n<p>O desconto nas faturas foi confirmado pelo coordenador da bancada federal do estado, deputado Vander Loubet (PT). Nesta quarta-feira (12), o parlamentar se reuniu com o diretor brasileiro da Itaipu, Enio Verri.<\/p>\n<p>&#8220;Essa redu\u00e7\u00e3o na conta de luz vai beneficiar o Mato Grosso do Sul tamb\u00e9m&#8221;, confirmou o deputado. Ao Jornal Midiamax, Vander explicou o b\u00f4nus: &#8220;O Enio confirmou para n\u00f3s aquilo que a Aneel [Ag\u00eancia Nacional de Energia El\u00e9trica] j\u00e1 havia divulgado no final de junho: v\u00e3o ser creditados R$ 405,4 milh\u00f5es nas faturas de 81 milh\u00f5es de unidades consumidoras rurais e residenciais&#8221;.<\/p>\n<p>Assim, Vander destacou que o b\u00f4nus &#8220;significa um desconto de at\u00e9 R$ 15 na conta de luz individual&#8221;. A expectativa \u00e9 de que o desconto seja creditado j\u00e1 na fatura de julho.<\/p>\n<p>&#8220;V\u00e3o ser beneficiados os consumidores das classes residencial e rural que tiveram ao menos um m\u00eas, em 2022, consumo faturado inferior a 350 KWh&#8221;, concluiu o deputado federal.<\/p>\n<pre><em>Texto: D\u00e2ndara Genelh\u00fa\/Jornal Midiamax\r\nEdi\u00e7\u00e3o: \u00c9der F. Yanaguita<\/em><\/pre>\n","protected":false},"excerpt":{"rendered":"<p>Desconto foi confirmado pelo coordenador da bancada federal, deputado Vander Loubet, ap\u00f3s reuni\u00e3o com o diretor da Itaipu.<\/p>\n","protected":false},"author":2,"featured_media":19063,"comment_status":"closed","ping_status":"closed","sticky":false,"template":"","format":"standard","meta":{"jetpack_post_was_ever_published":false,"_jetpack_newsletter_access":"","_jetpack_dont_email_post_to_subs":false,"_jetpack_newsletter_tier_id":0,"_jetpack_memberships_contains_paywalled_content":false,"_jetpack_memberships_contains_paid_content":false,"footnotes":""},"categories":[2098,10],"tags":[2159],"class_list":{"0":"post-19062","1":"post","2":"type-post","3":"status-publish","4":"format-standard","5":"has-post-thumbnail","7":"category-brasil-noticias","8":"category-noticias","9":"tag-energia-eletrica"},"yoast_head":"<!-- This site is optimized with the Yoast SEO plugin v27.4 - https:\/\/yoast.com\/product\/yoast-seo-wordpress\/ -->\n<title>B\u00f4nus Itaipu pode dar desconto de at\u00e9 R$ 15 na conta de luz em MS neste m\u00eas<\/title>\n<meta name=\"description\" content=\"Desconto foi confirmado pelo coordenador da bancada federal, deputado Vander Loubet, ap\u00f3s reuni\u00e3o com o diretor da Itaipu.\" \/>\n<meta name=\"robots\" content=\"index, follow, max-snippet:-1, max-image-preview:large, max-video-preview:-1\" \/>\n<link rel=\"canonical\" href=\"https:\/\/vanderloubet.com.br\/deputado\/bonus-itaipu-pode-dar-desconto-de-ate-r-15-na-conta-de-luz-em-ms-neste-mes\/\" \/>\n<meta property=\"og:locale\" content=\"pt_BR\" \/>\n<meta property=\"og:type\" content=\"article\" \/>\n<meta property=\"og:title\" content=\"B\u00f4nus Itaipu pode dar desconto de at\u00e9 R$ 15 na conta de luz em MS neste m\u00eas\" \/>\n<meta property=\"og:description\" content=\"Desconto foi confirmado pelo coordenador da bancada federal, deputado Vander Loubet, ap\u00f3s reuni\u00e3o com o diretor da Itaipu.\" \/>\n<meta property=\"og:url\" content=\"https:\/\/vanderloubet.com.br\/deputado\/bonus-itaipu-pode-dar-desconto-de-ate-r-15-na-conta-de-luz-em-ms-neste-mes\/\" \/>\n<meta property=\"og:site_name\" content=\"Deputado Federal Vander Loubet\" \/>\n<meta property=\"article:publisher\" content=\"https:\/\/facebook.com\/deputadovander\" \/>\n<meta property=\"article:published_time\" content=\"2023-07-13T19:42:39+00:00\" \/>\n<meta property=\"article:modified_time\" content=\"2023-07-13T19:44:13+00:00\" \/>\n<meta property=\"og:image\" content=\"https:\/\/vanderloubet.com.br\/deputado\/wp-content\/uploads\/2023\/07\/foto-2023-07-13-vander-loubet-enio-verri.jpg\" \/>\n\t<meta property=\"og:image:width\" content=\"900\" \/>\n\t<meta property=\"og:image:height\" content=\"675\" \/>\n\t<meta property=\"og:image:type\" content=\"image\/jpeg\" \/>\n<meta name=\"author\" content=\"\u00c9der\" \/>\n<meta name=\"twitter:card\" content=\"summary_large_image\" \/>\n<meta name=\"twitter:creator\" content=\"@vanderloubet\" \/>\n<meta name=\"twitter:site\" content=\"@vanderloubet\" \/>\n<script type=\"application\/ld+json\" class=\"yoast-schema-graph\">{\"@context\":\"https:\\\/\\\/schema.org\",\"@graph\":[{\"@type\":\"Article\",\"@id\":\"https:\\\/\\\/vanderloubet.com.br\\\/deputado\\\/bonus-itaipu-pode-dar-desconto-de-ate-r-15-na-conta-de-luz-em-ms-neste-mes\\\/#article\",\"isPartOf\":{\"@id\":\"https:\\\/\\\/vanderloubet.com.br\\\/deputado\\\/bonus-itaipu-pode-dar-desconto-de-ate-r-15-na-conta-de-luz-em-ms-neste-mes\\\/\"},\"author\":{\"name\":\"\u00c9der\",\"@id\":\"https:\\\/\\\/vanderloubet.com.br\\\/deputado\\\/#\\\/schema\\\/person\\\/15b51bd564532a8a68d9dec1b8eb890e\"},\"headline\":\"B\u00f4nus Itaipu pode dar desconto de at\u00e9 R$ 15 na conta de luz em MS neste m\u00eas\",\"datePublished\":\"2023-07-13T19:42:39+00:00\",\"dateModified\":\"2023-07-13T19:44:13+00:00\",\"mainEntityOfPage\":{\"@id\":\"https:\\\/\\\/vanderloubet.com.br\\\/deputado\\\/bonus-itaipu-pode-dar-desconto-de-ate-r-15-na-conta-de-luz-em-ms-neste-mes\\\/\"},\"wordCount\":214,\"publisher\":{\"@id\":\"https:\\\/\\\/vanderloubet.com.br\\\/deputado\\\/#organization\"},\"image\":{\"@id\":\"https:\\\/\\\/vanderloubet.com.br\\\/deputado\\\/bonus-itaipu-pode-dar-desconto-de-ate-r-15-na-conta-de-luz-em-ms-neste-mes\\\/#primaryimage\"},\"thumbnailUrl\":\"https:\\\/\\\/vanderloubet.com.br\\\/deputado\\\/wp-content\\\/uploads\\\/2023\\\/07\\\/foto-2023-07-13-vander-loubet-enio-verri.jpg\",\"keywords\":[\"energia el\u00e9trica\"],\"articleSection\":[\"Brasil\",\"Not\u00edcias\"],\"inLanguage\":\"pt-BR\"},{\"@type\":\"WebPage\",\"@id\":\"https:\\\/\\\/vanderloubet.com.br\\\/deputado\\\/bonus-itaipu-pode-dar-desconto-de-ate-r-15-na-conta-de-luz-em-ms-neste-mes\\\/\",\"url\":\"https:\\\/\\\/vanderloubet.com.br\\\/deputado\\\/bonus-itaipu-pode-dar-desconto-de-ate-r-15-na-conta-de-luz-em-ms-neste-mes\\\/\",\"name\":\"B\u00f4nus Itaipu pode dar desconto de at\u00e9 R$ 15 na conta de luz em MS neste m\u00eas\",\"isPartOf\":{\"@id\":\"https:\\\/\\\/vanderloubet.com.br\\\/deputado\\\/#website\"},\"primaryImageOfPage\":{\"@id\":\"https:\\\/\\\/vanderloubet.com.br\\\/deputado\\\/bonus-itaipu-pode-dar-desconto-de-ate-r-15-na-conta-de-luz-em-ms-neste-mes\\\/#primaryimage\"},\"image\":{\"@id\":\"https:\\\/\\\/vanderloubet.com.br\\\/deputado\\\/bonus-itaipu-pode-dar-desconto-de-ate-r-15-na-conta-de-luz-em-ms-neste-mes\\\/#primaryimage\"},\"thumbnailUrl\":\"https:\\\/\\\/vanderloubet.com.br\\\/deputado\\\/wp-content\\\/uploads\\\/2023\\\/07\\\/foto-2023-07-13-vander-loubet-enio-verri.jpg\",\"datePublished\":\"2023-07-13T19:42:39+00:00\",\"dateModified\":\"2023-07-13T19:44:13+00:00\",\"description\":\"Desconto foi confirmado pelo coordenador da bancada federal, deputado Vander Loubet, ap\u00f3s reuni\u00e3o com o diretor da Itaipu.\",\"breadcrumb\":{\"@id\":\"https:\\\/\\\/vanderloubet.com.br\\\/deputado\\\/bonus-itaipu-pode-dar-desconto-de-ate-r-15-na-conta-de-luz-em-ms-neste-mes\\\/#breadcrumb\"},\"inLanguage\":\"pt-BR\",\"potentialAction\":[{\"@type\":\"ReadAction\",\"target\":[\"https:\\\/\\\/vanderloubet.com.br\\\/deputado\\\/bonus-itaipu-pode-dar-desconto-de-ate-r-15-na-conta-de-luz-em-ms-neste-mes\\\/\"]}]},{\"@type\":\"ImageObject\",\"inLanguage\":\"pt-BR\",\"@id\":\"https:\\\/\\\/vanderloubet.com.br\\\/deputado\\\/bonus-itaipu-pode-dar-desconto-de-ate-r-15-na-conta-de-luz-em-ms-neste-mes\\\/#primaryimage\",\"url\":\"https:\\\/\\\/vanderloubet.com.br\\\/deputado\\\/wp-content\\\/uploads\\\/2023\\\/07\\\/foto-2023-07-13-vander-loubet-enio-verri.jpg\",\"contentUrl\":\"https:\\\/\\\/vanderloubet.com.br\\\/deputado\\\/wp-content\\\/uploads\\\/2023\\\/07\\\/foto-2023-07-13-vander-loubet-enio-verri.jpg\",\"width\":900,\"height\":675,\"caption\":\"B\u00f4nus Itaipu pode dar desconto de at\u00e9 R$ 15 na conta de luz em MS neste m\u00eas\"},{\"@type\":\"BreadcrumbList\",\"@id\":\"https:\\\/\\\/vanderloubet.com.br\\\/deputado\\\/bonus-itaipu-pode-dar-desconto-de-ate-r-15-na-conta-de-luz-em-ms-neste-mes\\\/#breadcrumb\",\"itemListElement\":[{\"@type\":\"ListItem\",\"position\":1,\"name\":\"In\u00edcio\",\"item\":\"https:\\\/\\\/vanderloubet.com.br\\\/deputado\\\/\"},{\"@type\":\"ListItem\",\"position\":2,\"name\":\"B\u00f4nus Itaipu pode dar desconto de at\u00e9 R$ 15 na conta de luz em MS neste m\u00eas\"}]},{\"@type\":\"WebSite\",\"@id\":\"https:\\\/\\\/vanderloubet.com.br\\\/deputado\\\/#website\",\"url\":\"https:\\\/\\\/vanderloubet.com.br\\\/deputado\\\/\",\"name\":\"Deputado Federal Vander Loubet\",\"description\":\"O Federal de MS\",\"publisher\":{\"@id\":\"https:\\\/\\\/vanderloubet.com.br\\\/deputado\\\/#organization\"},\"alternateName\":\"Deputado Vander\",\"potentialAction\":[{\"@type\":\"SearchAction\",\"target\":{\"@type\":\"EntryPoint\",\"urlTemplate\":\"https:\\\/\\\/vanderloubet.com.br\\\/deputado\\\/?s={search_term_string}\"},\"query-input\":{\"@type\":\"PropertyValueSpecification\",\"valueRequired\":true,\"valueName\":\"search_term_string\"}}],\"inLanguage\":\"pt-BR\"},{\"@type\":\"Organization\",\"@id\":\"https:\\\/\\\/vanderloubet.com.br\\\/deputado\\\/#organization\",\"name\":\"Deputado Federal Vander Loubet\",\"alternateName\":\"Deputado Vander\",\"url\":\"https:\\\/\\\/vanderloubet.com.br\\\/deputado\\\/\",\"logo\":{\"@type\":\"ImageObject\",\"inLanguage\":\"pt-BR\",\"@id\":\"https:\\\/\\\/vanderloubet.com.br\\\/deputado\\\/#\\\/schema\\\/logo\\\/image\\\/\",\"url\":\"https:\\\/\\\/vanderloubet.com.br\\\/deputado\\\/wp-content\\\/uploads\\\/2023\\\/06\\\/foto-2023-06-19-mandato-deputado-vander.jpg\",\"contentUrl\":\"https:\\\/\\\/vanderloubet.com.br\\\/deputado\\\/wp-content\\\/uploads\\\/2023\\\/06\\\/foto-2023-06-19-mandato-deputado-vander.jpg\",\"width\":1080,\"height\":1080,\"caption\":\"Deputado Federal Vander Loubet\"},\"image\":{\"@id\":\"https:\\\/\\\/vanderloubet.com.br\\\/deputado\\\/#\\\/schema\\\/logo\\\/image\\\/\"},\"sameAs\":[\"https:\\\/\\\/facebook.com\\\/deputadovander\",\"https:\\\/\\\/x.com\\\/vanderloubet\",\"https:\\\/\\\/instagram.com\\\/vanderloubet\",\"https:\\\/\\\/youtube.com\\\/vanderloubet\",\"https:\\\/\\\/tiktok.com\\\/@vanderloubetms\"]},{\"@type\":\"Person\",\"@id\":\"https:\\\/\\\/vanderloubet.com.br\\\/deputado\\\/#\\\/schema\\\/person\\\/15b51bd564532a8a68d9dec1b8eb890e\",\"name\":\"\u00c9der\",\"image\":{\"@type\":\"ImageObject\",\"inLanguage\":\"pt-BR\",\"@id\":\"https:\\\/\\\/vanderloubet.com.br\\\/deputado\\\/wp-content\\\/litespeed\\\/avatar\\\/88ca4090d9d5ab1c9495f6ca03b68efa.jpg?ver=1777058957\",\"url\":\"https:\\\/\\\/vanderloubet.com.br\\\/deputado\\\/wp-content\\\/litespeed\\\/avatar\\\/88ca4090d9d5ab1c9495f6ca03b68efa.jpg?ver=1777058957\",\"contentUrl\":\"https:\\\/\\\/vanderloubet.com.br\\\/deputado\\\/wp-content\\\/litespeed\\\/avatar\\\/88ca4090d9d5ab1c9495f6ca03b68efa.jpg?ver=1777058957\",\"caption\":\"\u00c9der\"}}]}<\/script>\n<!-- \/ Yoast SEO plugin. -->","yoast_head_json":{"title":"B\u00f4nus Itaipu pode dar desconto de at\u00e9 R$ 15 na conta de luz em MS neste m\u00eas","description":"Desconto foi confirmado pelo coordenador da bancada federal, deputado Vander Loubet, ap\u00f3s reuni\u00e3o com o diretor da Itaipu.","robots":{"index":"index","follow":"follow","max-snippet":"max-snippet:-1","max-image-preview":"max-image-preview:large","max-video-preview":"max-video-preview:-1"},"canonical":"https:\/\/vanderloubet.com.br\/deputado\/bonus-itaipu-pode-dar-desconto-de-ate-r-15-na-conta-de-luz-em-ms-neste-mes\/","og_locale":"pt_BR","og_type":"article","og_title":"B\u00f4nus Itaipu pode dar desconto de at\u00e9 R$ 15 na conta de luz em MS neste m\u00eas","og_description":"Desconto foi confirmado pelo coordenador da bancada federal, deputado Vander Loubet, ap\u00f3s reuni\u00e3o com o diretor da Itaipu.","og_url":"https:\/\/vanderloubet.com.br\/deputado\/bonus-itaipu-pode-dar-desconto-de-ate-r-15-na-conta-de-luz-em-ms-neste-mes\/","og_site_name":"Deputado Federal Vander Loubet","article_publisher":"https:\/\/facebook.com\/deputadovander","article_published_time":"2023-07-13T19:42:39+00:00","article_modified_time":"2023-07-13T19:44:13+00:00","og_image":[{"width":900,"height":675,"url":"https:\/\/vanderloubet.com.br\/deputado\/wp-content\/uploads\/2023\/07\/foto-2023-07-13-vander-loubet-enio-verri.jpg","type":"image\/jpeg"}],"author":"\u00c9der","twitter_card":"summary_large_image","twitter_creator":"@vanderloubet","twitter_site":"@vanderloubet","schema":{"@context":"https:\/\/schema.org","@graph":[{"@type":"Article","@id":"https:\/\/vanderloubet.com.br\/deputado\/bonus-itaipu-pode-dar-desconto-de-ate-r-15-na-conta-de-luz-em-ms-neste-mes\/#article","isPartOf":{"@id":"https:\/\/vanderloubet.com.br\/deputado\/bonus-itaipu-pode-dar-desconto-de-ate-r-15-na-conta-de-luz-em-ms-neste-mes\/"},"author":{"name":"\u00c9der","@id":"https:\/\/vanderloubet.com.br\/deputado\/#\/schema\/person\/15b51bd564532a8a68d9dec1b8eb890e"},"headline":"B\u00f4nus Itaipu pode dar desconto de at\u00e9 R$ 15 na conta de luz em MS neste m\u00eas","datePublished":"2023-07-13T19:42:39+00:00","dateModified":"2023-07-13T19:44:13+00:00","mainEntityOfPage":{"@id":"https:\/\/vanderloubet.com.br\/deputado\/bonus-itaipu-pode-dar-desconto-de-ate-r-15-na-conta-de-luz-em-ms-neste-mes\/"},"wordCount":214,"publisher":{"@id":"https:\/\/vanderloubet.com.br\/deputado\/#organization"},"image":{"@id":"https:\/\/vanderloubet.com.br\/deputado\/bonus-itaipu-pode-dar-desconto-de-ate-r-15-na-conta-de-luz-em-ms-neste-mes\/#primaryimage"},"thumbnailUrl":"https:\/\/vanderloubet.com.br\/deputado\/wp-content\/uploads\/2023\/07\/foto-2023-07-13-vander-loubet-enio-verri.jpg","keywords":["energia el\u00e9trica"],"articleSection":["Brasil","Not\u00edcias"],"inLanguage":"pt-BR"},{"@type":"WebPage","@id":"https:\/\/vanderloubet.com.br\/deputado\/bonus-itaipu-pode-dar-desconto-de-ate-r-15-na-conta-de-luz-em-ms-neste-mes\/","url":"https:\/\/vanderloubet.com.br\/deputado\/bonus-itaipu-pode-dar-desconto-de-ate-r-15-na-conta-de-luz-em-ms-neste-mes\/","name":"B\u00f4nus Itaipu pode dar desconto de at\u00e9 R$ 15 na conta de luz em MS neste m\u00eas","isPartOf":{"@id":"https:\/\/vanderloubet.com.br\/deputado\/#website"},"primaryImageOfPage":{"@id":"https:\/\/vanderloubet.com.br\/deputado\/bonus-itaipu-pode-dar-desconto-de-ate-r-15-na-conta-de-luz-em-ms-neste-mes\/#primaryimage"},"image":{"@id":"https:\/\/vanderloubet.com.br\/deputado\/bonus-itaipu-pode-dar-desconto-de-ate-r-15-na-conta-de-luz-em-ms-neste-mes\/#primaryimage"},"thumbnailUrl":"https:\/\/vanderloubet.com.br\/deputado\/wp-content\/uploads\/2023\/07\/foto-2023-07-13-vander-loubet-enio-verri.jpg","datePublished":"2023-07-13T19:42:39+00:00","dateModified":"2023-07-13T19:44:13+00:00","description":"Desconto foi confirmado pelo coordenador da bancada federal, deputado Vander Loubet, ap\u00f3s reuni\u00e3o com o diretor da Itaipu.","breadcrumb":{"@id":"https:\/\/vanderloubet.com.br\/deputado\/bonus-itaipu-pode-dar-desconto-de-ate-r-15-na-conta-de-luz-em-ms-neste-mes\/#breadcrumb"},"inLanguage":"pt-BR","potentialAction":[{"@type":"ReadAction","target":["https:\/\/vanderloubet.com.br\/deputado\/bonus-itaipu-pode-dar-desconto-de-ate-r-15-na-conta-de-luz-em-ms-neste-mes\/"]}]},{"@type":"ImageObject","inLanguage":"pt-BR","@id":"https:\/\/vanderloubet.com.br\/deputado\/bonus-itaipu-pode-dar-desconto-de-ate-r-15-na-conta-de-luz-em-ms-neste-mes\/#primaryimage","url":"https:\/\/vanderloubet.com.br\/deputado\/wp-content\/uploads\/2023\/07\/foto-2023-07-13-vander-loubet-enio-verri.jpg","contentUrl":"https:\/\/vanderloubet.com.br\/deputado\/wp-content\/uploads\/2023\/07\/foto-2023-07-13-vander-loubet-enio-verri.jpg","width":900,"height":675,"caption":"B\u00f4nus Itaipu pode dar desconto de at\u00e9 R$ 15 na conta de luz em MS neste m\u00eas"},{"@type":"BreadcrumbList","@id":"https:\/\/vanderloubet.com.br\/deputado\/bonus-itaipu-pode-dar-desconto-de-ate-r-15-na-conta-de-luz-em-ms-neste-mes\/#breadcrumb","itemListElement":[{"@type":"ListItem","position":1,"name":"In\u00edcio","item":"https:\/\/vanderloubet.com.br\/deputado\/"},{"@type":"ListItem","position":2,"name":"B\u00f4nus Itaipu pode dar desconto de at\u00e9 R$ 15 na conta de luz em MS neste m\u00eas"}]},{"@type":"WebSite","@id":"https:\/\/vanderloubet.com.br\/deputado\/#website","url":"https:\/\/vanderloubet.com.br\/deputado\/","name":"Deputado Federal Vander Loubet","description":"O Federal de MS","publisher":{"@id":"https:\/\/vanderloubet.com.br\/deputado\/#organization"},"alternateName":"Deputado Vander","potentialAction":[{"@type":"SearchAction","target":{"@type":"EntryPoint","urlTemplate":"https:\/\/vanderloubet.com.br\/deputado\/?s={search_term_string}"},"query-input":{"@type":"PropertyValueSpecification","valueRequired":true,"valueName":"search_term_string"}}],"inLanguage":"pt-BR"},{"@type":"Organization","@id":"https:\/\/vanderloubet.com.br\/deputado\/#organization","name":"Deputado Federal Vander Loubet","alternateName":"Deputado Vander","url":"https:\/\/vanderloubet.com.br\/deputado\/","logo":{"@type":"ImageObject","inLanguage":"pt-BR","@id":"https:\/\/vanderloubet.com.br\/deputado\/#\/schema\/logo\/image\/","url":"https:\/\/vanderloubet.com.br\/deputado\/wp-content\/uploads\/2023\/06\/foto-2023-06-19-mandato-deputado-vander.jpg","contentUrl":"https:\/\/vanderloubet.com.br\/deputado\/wp-content\/uploads\/2023\/06\/foto-2023-06-19-mandato-deputado-vander.jpg","width":1080,"height":1080,"caption":"Deputado Federal Vander Loubet"},"image":{"@id":"https:\/\/vanderloubet.com.br\/deputado\/#\/schema\/logo\/image\/"},"sameAs":["https:\/\/facebook.com\/deputadovander","https:\/\/x.com\/vanderloubet","https:\/\/instagram.com\/vanderloubet","https:\/\/youtube.com\/vanderloubet","https:\/\/tiktok.com\/@vanderloubetms"]},{"@type":"Person","@id":"https:\/\/vanderloubet.com.br\/deputado\/#\/schema\/person\/15b51bd564532a8a68d9dec1b8eb890e","name":"\u00c9der","image":{"@type":"ImageObject","inLanguage":"pt-BR","@id":"https:\/\/vanderloubet.com.br\/deputado\/wp-content\/litespeed\/avatar\/88ca4090d9d5ab1c9495f6ca03b68efa.jpg?ver=1777058957","url":"https:\/\/vanderloubet.com.br\/deputado\/wp-content\/litespeed\/avatar\/88ca4090d9d5ab1c9495f6ca03b68efa.jpg?ver=1777058957","contentUrl":"https:\/\/vanderloubet.com.br\/deputado\/wp-content\/litespeed\/avatar\/88ca4090d9d5ab1c9495f6ca03b68efa.jpg?ver=1777058957","caption":"\u00c9der"}}]}},"jetpack_featured_media_url":"https:\/\/vanderloubet.com.br\/deputado\/wp-content\/uploads\/2023\/07\/foto-2023-07-13-vander-loubet-enio-verri.jpg","jetpack_sharing_enabled":true,"_links":{"self":[{"href":"https:\/\/vanderloubet.com.br\/deputado\/wp-json\/wp\/v2\/posts\/19062","targetHints":{"allow":["GET"]}}],"collection":[{"href":"https:\/\/vanderloubet.com.br\/deputado\/wp-json\/wp\/v2\/posts"}],"about":[{"href":"https:\/\/vanderloubet.com.br\/deputado\/wp-json\/wp\/v2\/types\/post"}],"author":[{"embeddable":true,"href":"https:\/\/vanderloubet.com.br\/deputado\/wp-json\/wp\/v2\/users\/2"}],"replies":[{"embeddable":true,"href":"https:\/\/vanderloubet.com.br\/deputado\/wp-json\/wp\/v2\/comments?post=19062"}],"version-history":[{"count":0,"href":"https:\/\/vanderloubet.com.br\/deputado\/wp-json\/wp\/v2\/posts\/19062\/revisions"}],"wp:featuredmedia":[{"embeddable":true,"href":"https:\/\/vanderloubet.com.br\/deputado\/wp-json\/wp\/v2\/media\/19063"}],"wp:attachment":[{"href":"https:\/\/vanderloubet.com.br\/deputado\/wp-json\/wp\/v2\/media?parent=19062"}],"wp:term":[{"taxonomy":"category","embeddable":true,"href":"https:\/\/vanderloubet.com.br\/deputado\/wp-json\/wp\/v2\/categories?post=19062"},{"taxonomy":"post_tag","embeddable":true,"href":"https:\/\/vanderloubet.com.br\/deputado\/wp-json\/wp\/v2\/tags?post=19062"}],"curies":[{"name":"wp","href":"https:\/\/api.w.org\/{rel}","templated":true}]}}