{"id":19054,"date":"2023-07-11T08:45:37","date_gmt":"2023-07-11T12:45:37","guid":{"rendered":"https:\/\/vanderloubet.com.br\/deputado\/?p=19054"},"modified":"2023-07-11T09:05:52","modified_gmt":"2023-07-11T13:05:52","slug":"policlinica-de-coxim-ganhara-reforma-com-emendas-de-vander-e-camila","status":"publish","type":"post","link":"https:\/\/vanderloubet.com.br\/deputado\/policlinica-de-coxim-ganhara-reforma-com-emendas-de-vander-e-camila\/","title":{"rendered":"Policl\u00ednica de Coxim ganhar\u00e1 reforma com emendas de Vander e Camila"},"content":{"rendered":"<p>Depois de 10 anos sem reparos, a Unidade de Sa\u00fade Policl\u00ednica Lourdes Fontoura, em Coxim, passar\u00e1 por uma reforma. A obra ser\u00e1 realizada gra\u00e7as a emendas parlamentares dos deputados federais Vander Loubet e Camila Jara, que somam mais de R$ 1 milh\u00e3o, valor que tamb\u00e9m contemplar\u00e1 a compra de materiais e equipamentos.<\/p>\n<p>O local, que tamb\u00e9m \u00e9 sede do N\u00facleo de Aten\u00e7\u00e3o \u00e0 Sa\u00fade da Fam\u00edlia (Nasf), atende milhares de pessoas diariamente, que s\u00e3o encaminhadas por meio das unidades b\u00e1sicas de sa\u00fade (UBSs) para a realiza\u00e7\u00e3o de exames, acompanhamento com m\u00e9dicos especialistas e diversos servi\u00e7os especializados. Para dar conta da demanda, desde maio, a Prefeitura ampliou o hor\u00e1rio de atendimento da Policl\u00ednica, passando a receber a popula\u00e7\u00e3o at\u00e9 \u00e0s 22h. <\/p>\n<p>Vendo a necessidade de reestruturar o local, que est\u00e1 bastante deteriorado, a bancada do PT no munic\u00edpio, composta pelos vereadores Abilio Vaneli e Marly Nogueira, solicitaram aos deputados federais Vander Loubet e Camila Jara, ambos da bancada do PT-MS no Congresso Nacional, emendas para a reforma da unidade. De prontid\u00e3o, os dois parlamentares atenderam os pedidos dos vereadores. <\/p>\n<p>Vander destinou R$ 694 mil para a obra e compra de equipamentos. J\u00e1 Camila repassou o valor de R$ 390 mil, que tamb\u00e9m ser\u00e1 usado na reforma, al\u00e9m de projetos de sa\u00fade. \u201cEssas emendas dos deputados v\u00e3o contribuir muito. O Vander sempre esteve presente na nossa cidade, principalmente na zona rural com a compra de equipamentos para a agricultura familiar. Agora, com a deputada Camila, isso vai fomentar ainda mais e trazer novos projetos para a cidade\u201d, disse a vereadora Marly.<\/p>\n<p>Para Abilio, os recursos destinados pelos parlamentares, principalmente por Vander, mostram compromisso com o munic\u00edpio. \u201cO Vander sempre foi nosso parceiro, sempre nos atendeu quando solicitamos e sabia que para a reforma da policl\u00ednica n\u00e3o seria diferente. Essa obra vai trazer mais qualidade de vida para a popula\u00e7\u00e3o e para os funcion\u00e1rios\u201d, afirmou o vereador. <\/p>\n<p>O prefeito Edilson Magro ressaltou que a import\u00e2ncia do trabalho do parlamentar vai al\u00e9m da destina\u00e7\u00e3o de emendas, contribuindo na articula\u00e7\u00e3o e di\u00e1logo com a bancada federal e o governo federal. &#8220;O deputado tem nos ajudado em todos os setores, desde a entrega de patrulha mecanizada at\u00e9 a interlocu\u00e7\u00e3o com outros parlamentares para a cria\u00e7\u00e3o do curso de Medicina no munic\u00edpio. N\u00f3s s\u00f3 temos que agradecer por toda aten\u00e7\u00e3o dada \u00e0 Coxim, principalmente agora com essa verba para a sa\u00fade&#8221;, destacou o gestor municipal. <\/p>\n<p>A sa\u00fade sempre foi prioridade no mandato de Vander, por isso, o parlamentar n\u00e3o pensou duas vezes ao aceitar a solicita\u00e7\u00e3o feita pelos vereadores. &#8220;Nosso mandato trabalha em prol da popula\u00e7\u00e3o, por isso queremos sempre melhorar a qualidade de vida das pessoas e sabemos que podemos fazer isso atrav\u00e9s das emendas destinadas para a sa\u00fade, como \u00e9 o caso da verba para a Policl\u00ednica\u201d, concluiu o parlamentar. <\/p>\n<p><em>Texto: Alex Nantes\/Ascom Dep. Vander Loubet<br \/>\nEdi\u00e7\u00e3o: \u00c9der F. Yanaguita<\/em><\/p>\n","protected":false},"excerpt":{"rendered":"<p>Recurso destinado pelos deputados atende reivindica\u00e7\u00e3o dos vereadores Ab\u00edlio e Marly e tamb\u00e9m contemplar\u00e1 compra de materiais e equipamentos.<\/p>\n","protected":false},"author":2,"featured_media":19055,"comment_status":"closed","ping_status":"closed","sticky":false,"template":"","format":"standard","meta":{"jetpack_post_was_ever_published":false,"_jetpack_newsletter_access":"","_jetpack_dont_email_post_to_subs":false,"_jetpack_newsletter_tier_id":0,"_jetpack_memberships_contains_paywalled_content":false,"_jetpack_memberships_contains_paid_content":false,"footnotes":""},"categories":[2097,10],"tags":[541,2127,1803],"class_list":{"0":"post-19054","1":"post","2":"type-post","3":"status-publish","4":"format-standard","5":"has-post-thumbnail","7":"category-municipios-noticias","8":"category-noticias","9":"tag-coxim","10":"tag-emenda-parlamentar","11":"tag-saude"},"yoast_head":"<!-- This site is optimized with the Yoast SEO plugin v27.4 - https:\/\/yoast.com\/product\/yoast-seo-wordpress\/ -->\n<title>Policl\u00ednica de Coxim ganhar\u00e1 reforma com emendas de Vander e Camila<\/title>\n<meta name=\"description\" content=\"Recurso destinado pelos deputados atende reivindica\u00e7\u00e3o dos vereadores Ab\u00edlio e Marly e tamb\u00e9m contemplar\u00e1 compra de materiais e equipamentos.\" \/>\n<meta name=\"robots\" content=\"index, follow, max-snippet:-1, max-image-preview:large, max-video-preview:-1\" \/>\n<link rel=\"canonical\" href=\"https:\/\/vanderloubet.com.br\/deputado\/policlinica-de-coxim-ganhara-reforma-com-emendas-de-vander-e-camila\/\" \/>\n<meta property=\"og:locale\" content=\"pt_BR\" \/>\n<meta property=\"og:type\" content=\"article\" \/>\n<meta property=\"og:title\" content=\"Policl\u00ednica de Coxim ganhar\u00e1 reforma com emendas de Vander e Camila\" \/>\n<meta property=\"og:description\" content=\"Recurso destinado pelos deputados atende reivindica\u00e7\u00e3o dos vereadores Ab\u00edlio e Marly e tamb\u00e9m contemplar\u00e1 compra de materiais e equipamentos.\" \/>\n<meta property=\"og:url\" content=\"https:\/\/vanderloubet.com.br\/deputado\/policlinica-de-coxim-ganhara-reforma-com-emendas-de-vander-e-camila\/\" \/>\n<meta property=\"og:site_name\" content=\"Deputado Federal Vander Loubet\" \/>\n<meta property=\"article:publisher\" content=\"https:\/\/facebook.com\/deputadovander\" \/>\n<meta property=\"article:published_time\" content=\"2023-07-11T12:45:37+00:00\" \/>\n<meta property=\"article:modified_time\" content=\"2023-07-11T13:05:52+00:00\" \/>\n<meta property=\"og:image\" content=\"https:\/\/vanderloubet.com.br\/deputado\/wp-content\/uploads\/2023\/07\/foto-2023-07-11-policlinica-coxim.jpg\" \/>\n\t<meta property=\"og:image:width\" content=\"960\" \/>\n\t<meta property=\"og:image:height\" content=\"600\" \/>\n\t<meta property=\"og:image:type\" content=\"image\/jpeg\" \/>\n<meta name=\"author\" content=\"\u00c9der\" \/>\n<meta name=\"twitter:card\" content=\"summary_large_image\" \/>\n<meta name=\"twitter:creator\" content=\"@vanderloubet\" \/>\n<meta name=\"twitter:site\" content=\"@vanderloubet\" \/>\n<script type=\"application\/ld+json\" class=\"yoast-schema-graph\">{\"@context\":\"https:\\\/\\\/schema.org\",\"@graph\":[{\"@type\":\"Article\",\"@id\":\"https:\\\/\\\/vanderloubet.com.br\\\/deputado\\\/policlinica-de-coxim-ganhara-reforma-com-emendas-de-vander-e-camila\\\/#article\",\"isPartOf\":{\"@id\":\"https:\\\/\\\/vanderloubet.com.br\\\/deputado\\\/policlinica-de-coxim-ganhara-reforma-com-emendas-de-vander-e-camila\\\/\"},\"author\":{\"name\":\"\u00c9der\",\"@id\":\"https:\\\/\\\/vanderloubet.com.br\\\/deputado\\\/#\\\/schema\\\/person\\\/15b51bd564532a8a68d9dec1b8eb890e\"},\"headline\":\"Policl\u00ednica de Coxim ganhar\u00e1 reforma com emendas de Vander e Camila\",\"datePublished\":\"2023-07-11T12:45:37+00:00\",\"dateModified\":\"2023-07-11T13:05:52+00:00\",\"mainEntityOfPage\":{\"@id\":\"https:\\\/\\\/vanderloubet.com.br\\\/deputado\\\/policlinica-de-coxim-ganhara-reforma-com-emendas-de-vander-e-camila\\\/\"},\"wordCount\":529,\"publisher\":{\"@id\":\"https:\\\/\\\/vanderloubet.com.br\\\/deputado\\\/#organization\"},\"image\":{\"@id\":\"https:\\\/\\\/vanderloubet.com.br\\\/deputado\\\/policlinica-de-coxim-ganhara-reforma-com-emendas-de-vander-e-camila\\\/#primaryimage\"},\"thumbnailUrl\":\"https:\\\/\\\/vanderloubet.com.br\\\/deputado\\\/wp-content\\\/uploads\\\/2023\\\/07\\\/foto-2023-07-11-policlinica-coxim.jpg\",\"keywords\":[\"coxim\",\"emenda parlamentar\",\"sa\u00fade\"],\"articleSection\":[\"Munic\u00edpios\",\"Not\u00edcias\"],\"inLanguage\":\"pt-BR\"},{\"@type\":\"WebPage\",\"@id\":\"https:\\\/\\\/vanderloubet.com.br\\\/deputado\\\/policlinica-de-coxim-ganhara-reforma-com-emendas-de-vander-e-camila\\\/\",\"url\":\"https:\\\/\\\/vanderloubet.com.br\\\/deputado\\\/policlinica-de-coxim-ganhara-reforma-com-emendas-de-vander-e-camila\\\/\",\"name\":\"Policl\u00ednica de Coxim ganhar\u00e1 reforma com emendas de Vander e Camila\",\"isPartOf\":{\"@id\":\"https:\\\/\\\/vanderloubet.com.br\\\/deputado\\\/#website\"},\"primaryImageOfPage\":{\"@id\":\"https:\\\/\\\/vanderloubet.com.br\\\/deputado\\\/policlinica-de-coxim-ganhara-reforma-com-emendas-de-vander-e-camila\\\/#primaryimage\"},\"image\":{\"@id\":\"https:\\\/\\\/vanderloubet.com.br\\\/deputado\\\/policlinica-de-coxim-ganhara-reforma-com-emendas-de-vander-e-camila\\\/#primaryimage\"},\"thumbnailUrl\":\"https:\\\/\\\/vanderloubet.com.br\\\/deputado\\\/wp-content\\\/uploads\\\/2023\\\/07\\\/foto-2023-07-11-policlinica-coxim.jpg\",\"datePublished\":\"2023-07-11T12:45:37+00:00\",\"dateModified\":\"2023-07-11T13:05:52+00:00\",\"description\":\"Recurso destinado pelos deputados atende reivindica\u00e7\u00e3o dos vereadores Ab\u00edlio e Marly e tamb\u00e9m contemplar\u00e1 compra de materiais e equipamentos.\",\"breadcrumb\":{\"@id\":\"https:\\\/\\\/vanderloubet.com.br\\\/deputado\\\/policlinica-de-coxim-ganhara-reforma-com-emendas-de-vander-e-camila\\\/#breadcrumb\"},\"inLanguage\":\"pt-BR\",\"potentialAction\":[{\"@type\":\"ReadAction\",\"target\":[\"https:\\\/\\\/vanderloubet.com.br\\\/deputado\\\/policlinica-de-coxim-ganhara-reforma-com-emendas-de-vander-e-camila\\\/\"]}]},{\"@type\":\"ImageObject\",\"inLanguage\":\"pt-BR\",\"@id\":\"https:\\\/\\\/vanderloubet.com.br\\\/deputado\\\/policlinica-de-coxim-ganhara-reforma-com-emendas-de-vander-e-camila\\\/#primaryimage\",\"url\":\"https:\\\/\\\/vanderloubet.com.br\\\/deputado\\\/wp-content\\\/uploads\\\/2023\\\/07\\\/foto-2023-07-11-policlinica-coxim.jpg\",\"contentUrl\":\"https:\\\/\\\/vanderloubet.com.br\\\/deputado\\\/wp-content\\\/uploads\\\/2023\\\/07\\\/foto-2023-07-11-policlinica-coxim.jpg\",\"width\":960,\"height\":600,\"caption\":\"Policl\u00ednica de Coxim ganhar\u00e1 reforma com emendas de Vander e Camila\"},{\"@type\":\"BreadcrumbList\",\"@id\":\"https:\\\/\\\/vanderloubet.com.br\\\/deputado\\\/policlinica-de-coxim-ganhara-reforma-com-emendas-de-vander-e-camila\\\/#breadcrumb\",\"itemListElement\":[{\"@type\":\"ListItem\",\"position\":1,\"name\":\"In\u00edcio\",\"item\":\"https:\\\/\\\/vanderloubet.com.br\\\/deputado\\\/\"},{\"@type\":\"ListItem\",\"position\":2,\"name\":\"Policl\u00ednica de Coxim ganhar\u00e1 reforma com emendas de Vander e Camila\"}]},{\"@type\":\"WebSite\",\"@id\":\"https:\\\/\\\/vanderloubet.com.br\\\/deputado\\\/#website\",\"url\":\"https:\\\/\\\/vanderloubet.com.br\\\/deputado\\\/\",\"name\":\"Deputado Federal Vander Loubet\",\"description\":\"O Federal de MS\",\"publisher\":{\"@id\":\"https:\\\/\\\/vanderloubet.com.br\\\/deputado\\\/#organization\"},\"alternateName\":\"Deputado Vander\",\"potentialAction\":[{\"@type\":\"SearchAction\",\"target\":{\"@type\":\"EntryPoint\",\"urlTemplate\":\"https:\\\/\\\/vanderloubet.com.br\\\/deputado\\\/?s={search_term_string}\"},\"query-input\":{\"@type\":\"PropertyValueSpecification\",\"valueRequired\":true,\"valueName\":\"search_term_string\"}}],\"inLanguage\":\"pt-BR\"},{\"@type\":\"Organization\",\"@id\":\"https:\\\/\\\/vanderloubet.com.br\\\/deputado\\\/#organization\",\"name\":\"Deputado Federal Vander Loubet\",\"alternateName\":\"Deputado Vander\",\"url\":\"https:\\\/\\\/vanderloubet.com.br\\\/deputado\\\/\",\"logo\":{\"@type\":\"ImageObject\",\"inLanguage\":\"pt-BR\",\"@id\":\"https:\\\/\\\/vanderloubet.com.br\\\/deputado\\\/#\\\/schema\\\/logo\\\/image\\\/\",\"url\":\"https:\\\/\\\/vanderloubet.com.br\\\/deputado\\\/wp-content\\\/uploads\\\/2023\\\/06\\\/foto-2023-06-19-mandato-deputado-vander.jpg\",\"contentUrl\":\"https:\\\/\\\/vanderloubet.com.br\\\/deputado\\\/wp-content\\\/uploads\\\/2023\\\/06\\\/foto-2023-06-19-mandato-deputado-vander.jpg\",\"width\":1080,\"height\":1080,\"caption\":\"Deputado Federal Vander Loubet\"},\"image\":{\"@id\":\"https:\\\/\\\/vanderloubet.com.br\\\/deputado\\\/#\\\/schema\\\/logo\\\/image\\\/\"},\"sameAs\":[\"https:\\\/\\\/facebook.com\\\/deputadovander\",\"https:\\\/\\\/x.com\\\/vanderloubet\",\"https:\\\/\\\/instagram.com\\\/vanderloubet\",\"https:\\\/\\\/youtube.com\\\/vanderloubet\",\"https:\\\/\\\/tiktok.com\\\/@vanderloubetms\"]},{\"@type\":\"Person\",\"@id\":\"https:\\\/\\\/vanderloubet.com.br\\\/deputado\\\/#\\\/schema\\\/person\\\/15b51bd564532a8a68d9dec1b8eb890e\",\"name\":\"\u00c9der\",\"image\":{\"@type\":\"ImageObject\",\"inLanguage\":\"pt-BR\",\"@id\":\"https:\\\/\\\/vanderloubet.com.br\\\/deputado\\\/wp-content\\\/litespeed\\\/avatar\\\/88ca4090d9d5ab1c9495f6ca03b68efa.jpg?ver=1777058957\",\"url\":\"https:\\\/\\\/vanderloubet.com.br\\\/deputado\\\/wp-content\\\/litespeed\\\/avatar\\\/88ca4090d9d5ab1c9495f6ca03b68efa.jpg?ver=1777058957\",\"contentUrl\":\"https:\\\/\\\/vanderloubet.com.br\\\/deputado\\\/wp-content\\\/litespeed\\\/avatar\\\/88ca4090d9d5ab1c9495f6ca03b68efa.jpg?ver=1777058957\",\"caption\":\"\u00c9der\"}}]}<\/script>\n<!-- \/ Yoast SEO plugin. -->","yoast_head_json":{"title":"Policl\u00ednica de Coxim ganhar\u00e1 reforma com emendas de Vander e Camila","description":"Recurso destinado pelos deputados atende reivindica\u00e7\u00e3o dos vereadores Ab\u00edlio e Marly e tamb\u00e9m contemplar\u00e1 compra de materiais e equipamentos.","robots":{"index":"index","follow":"follow","max-snippet":"max-snippet:-1","max-image-preview":"max-image-preview:large","max-video-preview":"max-video-preview:-1"},"canonical":"https:\/\/vanderloubet.com.br\/deputado\/policlinica-de-coxim-ganhara-reforma-com-emendas-de-vander-e-camila\/","og_locale":"pt_BR","og_type":"article","og_title":"Policl\u00ednica de Coxim ganhar\u00e1 reforma com emendas de Vander e Camila","og_description":"Recurso destinado pelos deputados atende reivindica\u00e7\u00e3o dos vereadores Ab\u00edlio e Marly e tamb\u00e9m contemplar\u00e1 compra de materiais e equipamentos.","og_url":"https:\/\/vanderloubet.com.br\/deputado\/policlinica-de-coxim-ganhara-reforma-com-emendas-de-vander-e-camila\/","og_site_name":"Deputado Federal Vander Loubet","article_publisher":"https:\/\/facebook.com\/deputadovander","article_published_time":"2023-07-11T12:45:37+00:00","article_modified_time":"2023-07-11T13:05:52+00:00","og_image":[{"width":960,"height":600,"url":"https:\/\/vanderloubet.com.br\/deputado\/wp-content\/uploads\/2023\/07\/foto-2023-07-11-policlinica-coxim.jpg","type":"image\/jpeg"}],"author":"\u00c9der","twitter_card":"summary_large_image","twitter_creator":"@vanderloubet","twitter_site":"@vanderloubet","schema":{"@context":"https:\/\/schema.org","@graph":[{"@type":"Article","@id":"https:\/\/vanderloubet.com.br\/deputado\/policlinica-de-coxim-ganhara-reforma-com-emendas-de-vander-e-camila\/#article","isPartOf":{"@id":"https:\/\/vanderloubet.com.br\/deputado\/policlinica-de-coxim-ganhara-reforma-com-emendas-de-vander-e-camila\/"},"author":{"name":"\u00c9der","@id":"https:\/\/vanderloubet.com.br\/deputado\/#\/schema\/person\/15b51bd564532a8a68d9dec1b8eb890e"},"headline":"Policl\u00ednica de Coxim ganhar\u00e1 reforma com emendas de Vander e Camila","datePublished":"2023-07-11T12:45:37+00:00","dateModified":"2023-07-11T13:05:52+00:00","mainEntityOfPage":{"@id":"https:\/\/vanderloubet.com.br\/deputado\/policlinica-de-coxim-ganhara-reforma-com-emendas-de-vander-e-camila\/"},"wordCount":529,"publisher":{"@id":"https:\/\/vanderloubet.com.br\/deputado\/#organization"},"image":{"@id":"https:\/\/vanderloubet.com.br\/deputado\/policlinica-de-coxim-ganhara-reforma-com-emendas-de-vander-e-camila\/#primaryimage"},"thumbnailUrl":"https:\/\/vanderloubet.com.br\/deputado\/wp-content\/uploads\/2023\/07\/foto-2023-07-11-policlinica-coxim.jpg","keywords":["coxim","emenda parlamentar","sa\u00fade"],"articleSection":["Munic\u00edpios","Not\u00edcias"],"inLanguage":"pt-BR"},{"@type":"WebPage","@id":"https:\/\/vanderloubet.com.br\/deputado\/policlinica-de-coxim-ganhara-reforma-com-emendas-de-vander-e-camila\/","url":"https:\/\/vanderloubet.com.br\/deputado\/policlinica-de-coxim-ganhara-reforma-com-emendas-de-vander-e-camila\/","name":"Policl\u00ednica de Coxim ganhar\u00e1 reforma com emendas de Vander e Camila","isPartOf":{"@id":"https:\/\/vanderloubet.com.br\/deputado\/#website"},"primaryImageOfPage":{"@id":"https:\/\/vanderloubet.com.br\/deputado\/policlinica-de-coxim-ganhara-reforma-com-emendas-de-vander-e-camila\/#primaryimage"},"image":{"@id":"https:\/\/vanderloubet.com.br\/deputado\/policlinica-de-coxim-ganhara-reforma-com-emendas-de-vander-e-camila\/#primaryimage"},"thumbnailUrl":"https:\/\/vanderloubet.com.br\/deputado\/wp-content\/uploads\/2023\/07\/foto-2023-07-11-policlinica-coxim.jpg","datePublished":"2023-07-11T12:45:37+00:00","dateModified":"2023-07-11T13:05:52+00:00","description":"Recurso destinado pelos deputados atende reivindica\u00e7\u00e3o dos vereadores Ab\u00edlio e Marly e tamb\u00e9m contemplar\u00e1 compra de materiais e equipamentos.","breadcrumb":{"@id":"https:\/\/vanderloubet.com.br\/deputado\/policlinica-de-coxim-ganhara-reforma-com-emendas-de-vander-e-camila\/#breadcrumb"},"inLanguage":"pt-BR","potentialAction":[{"@type":"ReadAction","target":["https:\/\/vanderloubet.com.br\/deputado\/policlinica-de-coxim-ganhara-reforma-com-emendas-de-vander-e-camila\/"]}]},{"@type":"ImageObject","inLanguage":"pt-BR","@id":"https:\/\/vanderloubet.com.br\/deputado\/policlinica-de-coxim-ganhara-reforma-com-emendas-de-vander-e-camila\/#primaryimage","url":"https:\/\/vanderloubet.com.br\/deputado\/wp-content\/uploads\/2023\/07\/foto-2023-07-11-policlinica-coxim.jpg","contentUrl":"https:\/\/vanderloubet.com.br\/deputado\/wp-content\/uploads\/2023\/07\/foto-2023-07-11-policlinica-coxim.jpg","width":960,"height":600,"caption":"Policl\u00ednica de Coxim ganhar\u00e1 reforma com emendas de Vander e Camila"},{"@type":"BreadcrumbList","@id":"https:\/\/vanderloubet.com.br\/deputado\/policlinica-de-coxim-ganhara-reforma-com-emendas-de-vander-e-camila\/#breadcrumb","itemListElement":[{"@type":"ListItem","position":1,"name":"In\u00edcio","item":"https:\/\/vanderloubet.com.br\/deputado\/"},{"@type":"ListItem","position":2,"name":"Policl\u00ednica de Coxim ganhar\u00e1 reforma com emendas de Vander e Camila"}]},{"@type":"WebSite","@id":"https:\/\/vanderloubet.com.br\/deputado\/#website","url":"https:\/\/vanderloubet.com.br\/deputado\/","name":"Deputado Federal Vander Loubet","description":"O Federal de MS","publisher":{"@id":"https:\/\/vanderloubet.com.br\/deputado\/#organization"},"alternateName":"Deputado Vander","potentialAction":[{"@type":"SearchAction","target":{"@type":"EntryPoint","urlTemplate":"https:\/\/vanderloubet.com.br\/deputado\/?s={search_term_string}"},"query-input":{"@type":"PropertyValueSpecification","valueRequired":true,"valueName":"search_term_string"}}],"inLanguage":"pt-BR"},{"@type":"Organization","@id":"https:\/\/vanderloubet.com.br\/deputado\/#organization","name":"Deputado Federal Vander Loubet","alternateName":"Deputado Vander","url":"https:\/\/vanderloubet.com.br\/deputado\/","logo":{"@type":"ImageObject","inLanguage":"pt-BR","@id":"https:\/\/vanderloubet.com.br\/deputado\/#\/schema\/logo\/image\/","url":"https:\/\/vanderloubet.com.br\/deputado\/wp-content\/uploads\/2023\/06\/foto-2023-06-19-mandato-deputado-vander.jpg","contentUrl":"https:\/\/vanderloubet.com.br\/deputado\/wp-content\/uploads\/2023\/06\/foto-2023-06-19-mandato-deputado-vander.jpg","width":1080,"height":1080,"caption":"Deputado Federal Vander Loubet"},"image":{"@id":"https:\/\/vanderloubet.com.br\/deputado\/#\/schema\/logo\/image\/"},"sameAs":["https:\/\/facebook.com\/deputadovander","https:\/\/x.com\/vanderloubet","https:\/\/instagram.com\/vanderloubet","https:\/\/youtube.com\/vanderloubet","https:\/\/tiktok.com\/@vanderloubetms"]},{"@type":"Person","@id":"https:\/\/vanderloubet.com.br\/deputado\/#\/schema\/person\/15b51bd564532a8a68d9dec1b8eb890e","name":"\u00c9der","image":{"@type":"ImageObject","inLanguage":"pt-BR","@id":"https:\/\/vanderloubet.com.br\/deputado\/wp-content\/litespeed\/avatar\/88ca4090d9d5ab1c9495f6ca03b68efa.jpg?ver=1777058957","url":"https:\/\/vanderloubet.com.br\/deputado\/wp-content\/litespeed\/avatar\/88ca4090d9d5ab1c9495f6ca03b68efa.jpg?ver=1777058957","contentUrl":"https:\/\/vanderloubet.com.br\/deputado\/wp-content\/litespeed\/avatar\/88ca4090d9d5ab1c9495f6ca03b68efa.jpg?ver=1777058957","caption":"\u00c9der"}}]}},"jetpack_featured_media_url":"https:\/\/vanderloubet.com.br\/deputado\/wp-content\/uploads\/2023\/07\/foto-2023-07-11-policlinica-coxim.jpg","jetpack_sharing_enabled":true,"_links":{"self":[{"href":"https:\/\/vanderloubet.com.br\/deputado\/wp-json\/wp\/v2\/posts\/19054","targetHints":{"allow":["GET"]}}],"collection":[{"href":"https:\/\/vanderloubet.com.br\/deputado\/wp-json\/wp\/v2\/posts"}],"about":[{"href":"https:\/\/vanderloubet.com.br\/deputado\/wp-json\/wp\/v2\/types\/post"}],"author":[{"embeddable":true,"href":"https:\/\/vanderloubet.com.br\/deputado\/wp-json\/wp\/v2\/users\/2"}],"replies":[{"embeddable":true,"href":"https:\/\/vanderloubet.com.br\/deputado\/wp-json\/wp\/v2\/comments?post=19054"}],"version-history":[{"count":0,"href":"https:\/\/vanderloubet.com.br\/deputado\/wp-json\/wp\/v2\/posts\/19054\/revisions"}],"wp:featuredmedia":[{"embeddable":true,"href":"https:\/\/vanderloubet.com.br\/deputado\/wp-json\/wp\/v2\/media\/19055"}],"wp:attachment":[{"href":"https:\/\/vanderloubet.com.br\/deputado\/wp-json\/wp\/v2\/media?parent=19054"}],"wp:term":[{"taxonomy":"category","embeddable":true,"href":"https:\/\/vanderloubet.com.br\/deputado\/wp-json\/wp\/v2\/categories?post=19054"},{"taxonomy":"post_tag","embeddable":true,"href":"https:\/\/vanderloubet.com.br\/deputado\/wp-json\/wp\/v2\/tags?post=19054"}],"curies":[{"name":"wp","href":"https:\/\/api.w.org\/{rel}","templated":true}]}}