{"id":19043,"date":"2023-07-04T11:32:11","date_gmt":"2023-07-04T15:32:11","guid":{"rendered":"https:\/\/vanderloubet.com.br\/deputado\/?p=19043"},"modified":"2023-07-04T11:32:11","modified_gmt":"2023-07-04T15:32:11","slug":"emenda-de-vander-viabiliza-nova-escola-indigena-em-miranda","status":"publish","type":"post","link":"https:\/\/vanderloubet.com.br\/deputado\/emenda-de-vander-viabiliza-nova-escola-indigena-em-miranda\/","title":{"rendered":"Emenda de Vander viabiliza nova escola ind\u00edgena em Miranda"},"content":{"rendered":"<p>A educa\u00e7\u00e3o sempre foi tratada com muita aten\u00e7\u00e3o pelo deputado federal Vander Loubet. Por isso, em 2022, o parlamentar destinou R$ 600 mil de emenda parlamentar individual para a constru\u00e7\u00e3o da escola de educa\u00e7\u00e3o infantil na Aldeia M\u00e3e Terra, localizada no munic\u00edpio de Miranda.<\/p>\n<p>O centro educacional ir\u00e1 atender 120 alunos ind\u00edgenas das 58 fam\u00edlias que vivem no local. Contar\u00e1 com duas salas de aula, dois banheiros, sala de dire\u00e7\u00e3o, cozinha, refeit\u00f3rio e p\u00e1tio. De acordo com a Prefeitura de Miranda, a obra est\u00e1 prevista para ser entregue no final deste ano, com o intuito de que o per\u00edodo letivo comece no in\u00edcio de 2024.<\/p>\n<p>A destina\u00e7\u00e3o da verba \u00e9 fruto da parceria entre Vander, o prefeito F\u00e1bio Floren\u00e7a e o vereador Emiliano Boiadeiro, que escutaram o pedido do cacique Zacaria e de lideran\u00e7as da regi\u00e3o para a realiza\u00e7\u00e3o da obra na aldeia.<\/p>\n<p>Segundo o vereador Boiadeiro, atualmente, os alunos assistem \u00e0s aulas em um barraco feito de palha.<\/p>\n<p>\u201c\u00c9 muito triste ver a situa\u00e7\u00e3o dos alunos que pegam sol, chuva, poeira, al\u00e9m de passarem calor e frio, por conta do espa\u00e7o ser totalmente aberto. Me senti na obriga\u00e7\u00e3o de ir em busca de recursos para dar mais qualidade a essas crian\u00e7as. Quando falei com o deputado, ele me atendeu prontamente. S\u00f3 temos que agradecer ao Vander por todo apoio que tem dado \u00e0 Miranda\u201d, afirmou o vereador, que lembrou de outras colabora\u00e7\u00f5es com o deputado, como a entrega de equipamentos para a agricultura familiar, a implanta\u00e7\u00e3o do projeto Horta da Aldeia e emendas para a sa\u00fade p\u00fablica.<\/p>\n<p>O prefeito F\u00e1bio ressaltou que a parceria entre a Prefeitura e o deputado Vander \u00e9 essencial para o desenvolvimento do munic\u00edpio \u201cO deputado sempre \u00e9 muito sol\u00edcito conosco e nos atende com agilidade. Essa emenda vai contribuir muito, principalmente para atender as nossas comunidades ind\u00edgenas, que sempre s\u00e3o contempladas pelo mandato do Vander\u201d, pontuou o gestor municipal.<\/p>\n<p>Para o deputado Vander, a obra dar\u00e1 mais oportunidade para as crian\u00e7as da comunidade. &#8220;Tenho certeza que essa nova escola vai gerar grandes frutos para a aldeia. O ensino transforma vidas e fico feliz de estar contribuindo com esse processo\u201d, concluiu Vander.<\/p>\n<pre><em>Texto: Alex Nantes\/Ascom Dep. Vander Loubet\r\nEdi\u00e7\u00e3o: \u00c9der F. Yanaguita\r\nFotos: Prefeitura de Miranda<\/em><\/pre>\n\r\n                <style type=\"text\/css\">\r\n                    \r\n                    #tdi_1  .td-doubleSlider-2 .td-item1 {\r\n                        background: url(https:\/\/vanderloubet.com.br\/deputado\/wp-content\/uploads\/2023\/07\/foto-2023-07-04-escola-mae-terra-miranda-01-80x60.jpg) 0 0 no-repeat;\r\n                    }\r\n                    #tdi_1  .td-doubleSlider-2 .td-item2 {\r\n                        background: url(https:\/\/vanderloubet.com.br\/deputado\/wp-content\/uploads\/2023\/07\/foto-2023-07-04-escola-mae-terra-miranda-02-80x60.jpg) 0 0 no-repeat;\r\n                    }\r\n                    #tdi_1  .td-doubleSlider-2 .td-item3 {\r\n                        background: url(https:\/\/vanderloubet.com.br\/deputado\/wp-content\/uploads\/2023\/07\/foto-2023-07-04-escola-mae-terra-miranda-03-80x60.jpg) 0 0 no-repeat;\r\n                    }\r\n                <\/style>\r\n\r\n                <div id=\"tdi_1\" class=\"td-gallery td-slide-on-2-columns\">\r\n                    <div class=\"post_td_gallery\">\r\n                        <div class=\"td-gallery-slide-top\">\r\n                           <div class=\"td-gallery-title\"><\/div>\r\n\r\n                            <div class=\"td-gallery-controls-wrapper\">\r\n                                <div class=\"td-gallery-slide-count\"><span class=\"td-gallery-slide-item-focus\">1<\/span> de 3<\/div>\r\n                                <div class=\"td-gallery-slide-prev-next-but\">\r\n                                    <i class = \"td-icon-left doubleSliderPrevButton\"><\/i>\r\n                                    <i class = \"td-icon-right doubleSliderNextButton\"><\/i>\r\n                                <\/div>\r\n                            <\/div>\r\n                        <\/div>\r\n\r\n                        <div class = \"td-doubleSlider-1 \">\r\n                            <div class = \"td-slider\">\r\n                                \r\n                    <div class = \"td-slide-item td-item1\">\r\n                        <figure class=\"td-slide-galery-figure td-slide-popup-gallery\">\r\n                            <a class=\"slide-gallery-image-link\" href=\"https:\/\/vanderloubet.com.br\/deputado\/wp-content\/uploads\/2023\/07\/foto-2023-07-04-escola-mae-terra-miranda-01.jpg\" title=\"Emenda de Vander viabiliza nova escola ind\u00edgena em Miranda\"  data-caption=\"\"  data-description=\"Emenda de Vander viabiliza nova escola ind&iacute;gena em Miranda\">\r\n                                <img decoding=\"async\" src=\"https:\/\/vanderloubet.com.br\/deputado\/wp-content\/uploads\/2023\/07\/foto-2023-07-04-escola-mae-terra-miranda-01-746x420.jpg\" srcset=\"https:\/\/vanderloubet.com.br\/deputado\/wp-content\/uploads\/2023\/07\/foto-2023-07-04-escola-mae-terra-miranda-01-746x420.jpg 746w, https:\/\/vanderloubet.com.br\/deputado\/wp-content\/uploads\/2023\/07\/foto-2023-07-04-escola-mae-terra-miranda-01-350x197.jpg 350w, https:\/\/vanderloubet.com.br\/deputado\/wp-content\/uploads\/2023\/07\/foto-2023-07-04-escola-mae-terra-miranda-01-768x432.jpg 768w, https:\/\/vanderloubet.com.br\/deputado\/wp-content\/uploads\/2023\/07\/foto-2023-07-04-escola-mae-terra-miranda-01-700x394.jpg 700w, https:\/\/vanderloubet.com.br\/deputado\/wp-content\/uploads\/2023\/07\/foto-2023-07-04-escola-mae-terra-miranda-01-696x392.jpg 696w, https:\/\/vanderloubet.com.br\/deputado\/wp-content\/uploads\/2023\/07\/foto-2023-07-04-escola-mae-terra-miranda-01-1068x601.jpg 1068w, https:\/\/vanderloubet.com.br\/deputado\/wp-content\/uploads\/2023\/07\/foto-2023-07-04-escola-mae-terra-miranda-01.jpg 1080w\" sizes=\"(max-width: 746px) 100vw, 746px\" alt=\"Emenda de Vander viabiliza nova escola ind&iacute;gena em Miranda\">\r\n                            <\/a>\r\n                            <figcaption class = \"td-slide-caption td-gallery-slide-content\"><span>Emenda de Vander viabiliza nova escola ind\u00edgena em Miranda<\/span><\/figcaption>\r\n                        <\/figure>\r\n                    <\/div>\r\n                    <div class = \"td-slide-item td-item2\">\r\n                        <figure class=\"td-slide-galery-figure td-slide-popup-gallery\">\r\n                            <a class=\"slide-gallery-image-link\" href=\"https:\/\/vanderloubet.com.br\/deputado\/wp-content\/uploads\/2023\/07\/foto-2023-07-04-escola-mae-terra-miranda-02.jpg\" title=\"Emenda de Vander viabiliza nova escola ind\u00edgena em Miranda\"  data-caption=\"\"  data-description=\"Emenda de Vander viabiliza nova escola ind&iacute;gena em Miranda\">\r\n                                <img decoding=\"async\" src=\"https:\/\/vanderloubet.com.br\/deputado\/wp-content\/uploads\/2023\/07\/foto-2023-07-04-escola-mae-terra-miranda-02-746x420.jpg\" srcset=\"https:\/\/vanderloubet.com.br\/deputado\/wp-content\/uploads\/2023\/07\/foto-2023-07-04-escola-mae-terra-miranda-02-746x420.jpg 746w, https:\/\/vanderloubet.com.br\/deputado\/wp-content\/uploads\/2023\/07\/foto-2023-07-04-escola-mae-terra-miranda-02-350x197.jpg 350w, https:\/\/vanderloubet.com.br\/deputado\/wp-content\/uploads\/2023\/07\/foto-2023-07-04-escola-mae-terra-miranda-02-768x432.jpg 768w, https:\/\/vanderloubet.com.br\/deputado\/wp-content\/uploads\/2023\/07\/foto-2023-07-04-escola-mae-terra-miranda-02-700x394.jpg 700w, https:\/\/vanderloubet.com.br\/deputado\/wp-content\/uploads\/2023\/07\/foto-2023-07-04-escola-mae-terra-miranda-02-696x392.jpg 696w, https:\/\/vanderloubet.com.br\/deputado\/wp-content\/uploads\/2023\/07\/foto-2023-07-04-escola-mae-terra-miranda-02-1068x601.jpg 1068w, https:\/\/vanderloubet.com.br\/deputado\/wp-content\/uploads\/2023\/07\/foto-2023-07-04-escola-mae-terra-miranda-02.jpg 1080w\" sizes=\"(max-width: 746px) 100vw, 746px\" alt=\"Emenda de Vander viabiliza nova escola ind&iacute;gena em Miranda\">\r\n                            <\/a>\r\n                            <figcaption class = \"td-slide-caption td-gallery-slide-content\"><span>Emenda de Vander viabiliza nova escola ind\u00edgena em Miranda<\/span><\/figcaption>\r\n                        <\/figure>\r\n                    <\/div>\r\n                    <div class = \"td-slide-item td-item3\">\r\n                        <figure class=\"td-slide-galery-figure td-slide-popup-gallery\">\r\n                            <a class=\"slide-gallery-image-link\" href=\"https:\/\/vanderloubet.com.br\/deputado\/wp-content\/uploads\/2023\/07\/foto-2023-07-04-escola-mae-terra-miranda-03.jpg\" title=\"Emenda de Vander viabiliza nova escola ind\u00edgena em Miranda\"  data-caption=\"\"  data-description=\"Emenda de Vander viabiliza nova escola ind&iacute;gena em Miranda\">\r\n                                <img decoding=\"async\" src=\"https:\/\/vanderloubet.com.br\/deputado\/wp-content\/uploads\/2023\/07\/foto-2023-07-04-escola-mae-terra-miranda-03-746x420.jpg\" srcset=\"https:\/\/vanderloubet.com.br\/deputado\/wp-content\/uploads\/2023\/07\/foto-2023-07-04-escola-mae-terra-miranda-03-746x420.jpg 746w, https:\/\/vanderloubet.com.br\/deputado\/wp-content\/uploads\/2023\/07\/foto-2023-07-04-escola-mae-terra-miranda-03-350x197.jpg 350w, https:\/\/vanderloubet.com.br\/deputado\/wp-content\/uploads\/2023\/07\/foto-2023-07-04-escola-mae-terra-miranda-03-768x432.jpg 768w, https:\/\/vanderloubet.com.br\/deputado\/wp-content\/uploads\/2023\/07\/foto-2023-07-04-escola-mae-terra-miranda-03-700x394.jpg 700w, https:\/\/vanderloubet.com.br\/deputado\/wp-content\/uploads\/2023\/07\/foto-2023-07-04-escola-mae-terra-miranda-03-696x392.jpg 696w, https:\/\/vanderloubet.com.br\/deputado\/wp-content\/uploads\/2023\/07\/foto-2023-07-04-escola-mae-terra-miranda-03-1068x601.jpg 1068w, https:\/\/vanderloubet.com.br\/deputado\/wp-content\/uploads\/2023\/07\/foto-2023-07-04-escola-mae-terra-miranda-03.jpg 1080w\" sizes=\"(max-width: 746px) 100vw, 746px\" alt=\"Emenda de Vander viabiliza nova escola ind&iacute;gena em Miranda\">\r\n                            <\/a>\r\n                            <figcaption class = \"td-slide-caption td-gallery-slide-content\"><span>Emenda de Vander viabiliza nova escola ind\u00edgena em Miranda<\/span><\/figcaption>\r\n                        <\/figure>\r\n                    <\/div>\r\n                            <\/div>\r\n                        <\/div>\r\n\r\n                        <div class = \"td-doubleSlider-2\">\r\n                            <div class = \"td-slider\">\r\n                                \r\n                    <div class = \"td-button td-item1\">\r\n                        <div class = \"td-border\"><\/div>\r\n                    <\/div>\r\n                    <div class = \"td-button td-item2\">\r\n                        <div class = \"td-border\"><\/div>\r\n                    <\/div>\r\n                    <div class = \"td-button td-item3\">\r\n                        <div class = \"td-border\"><\/div>\r\n                    <\/div>\r\n                            <\/div>\r\n                        <\/div>\r\n\r\n                    <\/div>\r\n\r\n                <\/div>\r\n                \n","protected":false},"excerpt":{"rendered":"<p>O espa\u00e7o ir\u00e1 atender 120 alunos ind\u00edgenas das 58 fam\u00edlias que vivem no local e est\u00e1 previsto para ser entregue no final deste ano.<\/p>\n","protected":false},"author":2,"featured_media":19044,"comment_status":"closed","ping_status":"closed","sticky":false,"template":"","format":"standard","meta":{"jetpack_post_was_ever_published":false,"_jetpack_newsletter_access":"","_jetpack_dont_email_post_to_subs":false,"_jetpack_newsletter_tier_id":0,"_jetpack_memberships_contains_paywalled_content":false,"_jetpack_memberships_contains_paid_content":false,"footnotes":""},"categories":[2097,10],"tags":[697,2127,1017,1306],"class_list":{"0":"post-19043","1":"post","2":"type-post","3":"status-publish","4":"format-standard","5":"has-post-thumbnail","7":"category-municipios-noticias","8":"category-noticias","9":"tag-educacao","10":"tag-emenda-parlamentar","11":"tag-indigenas","12":"tag-miranda"},"yoast_head":"<!-- This site is optimized with the Yoast SEO plugin v27.4 - https:\/\/yoast.com\/product\/yoast-seo-wordpress\/ -->\n<title>Emenda de Vander viabiliza nova escola ind\u00edgena em Miranda<\/title>\n<meta name=\"description\" content=\"O espa\u00e7o ir\u00e1 atender 120 alunos ind\u00edgenas das 58 fam\u00edlias que vivem no local e est\u00e1 previsto para ser entregue no final deste ano.\" \/>\n<meta name=\"robots\" content=\"index, follow, max-snippet:-1, max-image-preview:large, max-video-preview:-1\" \/>\n<link rel=\"canonical\" href=\"https:\/\/vanderloubet.com.br\/deputado\/emenda-de-vander-viabiliza-nova-escola-indigena-em-miranda\/\" \/>\n<meta property=\"og:locale\" content=\"pt_BR\" \/>\n<meta property=\"og:type\" content=\"article\" \/>\n<meta property=\"og:title\" content=\"Emenda de Vander viabiliza nova escola ind\u00edgena em Miranda\" \/>\n<meta property=\"og:description\" content=\"O espa\u00e7o ir\u00e1 atender 120 alunos ind\u00edgenas das 58 fam\u00edlias que vivem no local e est\u00e1 previsto para ser entregue no final deste ano.\" \/>\n<meta property=\"og:url\" content=\"https:\/\/vanderloubet.com.br\/deputado\/emenda-de-vander-viabiliza-nova-escola-indigena-em-miranda\/\" \/>\n<meta property=\"og:site_name\" content=\"Deputado Federal Vander Loubet\" \/>\n<meta property=\"article:publisher\" content=\"https:\/\/facebook.com\/deputadovander\" \/>\n<meta property=\"article:published_time\" content=\"2023-07-04T15:32:11+00:00\" \/>\n<meta property=\"og:image\" content=\"https:\/\/vanderloubet.com.br\/deputado\/wp-content\/uploads\/2023\/07\/foto-2023-07-04-escola-mae-terra-miranda-01.jpg\" \/>\n\t<meta property=\"og:image:width\" content=\"1080\" \/>\n\t<meta property=\"og:image:height\" content=\"608\" \/>\n\t<meta property=\"og:image:type\" content=\"image\/jpeg\" \/>\n<meta name=\"author\" content=\"\u00c9der\" \/>\n<meta name=\"twitter:card\" content=\"summary_large_image\" \/>\n<meta name=\"twitter:creator\" content=\"@vanderloubet\" \/>\n<meta name=\"twitter:site\" content=\"@vanderloubet\" \/>\n<script type=\"application\/ld+json\" class=\"yoast-schema-graph\">{\"@context\":\"https:\\\/\\\/schema.org\",\"@graph\":[{\"@type\":\"Article\",\"@id\":\"https:\\\/\\\/vanderloubet.com.br\\\/deputado\\\/emenda-de-vander-viabiliza-nova-escola-indigena-em-miranda\\\/#article\",\"isPartOf\":{\"@id\":\"https:\\\/\\\/vanderloubet.com.br\\\/deputado\\\/emenda-de-vander-viabiliza-nova-escola-indigena-em-miranda\\\/\"},\"author\":{\"name\":\"\u00c9der\",\"@id\":\"https:\\\/\\\/vanderloubet.com.br\\\/deputado\\\/#\\\/schema\\\/person\\\/15b51bd564532a8a68d9dec1b8eb890e\"},\"headline\":\"Emenda de Vander viabiliza nova escola ind\u00edgena em Miranda\",\"datePublished\":\"2023-07-04T15:32:11+00:00\",\"mainEntityOfPage\":{\"@id\":\"https:\\\/\\\/vanderloubet.com.br\\\/deputado\\\/emenda-de-vander-viabiliza-nova-escola-indigena-em-miranda\\\/\"},\"wordCount\":400,\"publisher\":{\"@id\":\"https:\\\/\\\/vanderloubet.com.br\\\/deputado\\\/#organization\"},\"image\":{\"@id\":\"https:\\\/\\\/vanderloubet.com.br\\\/deputado\\\/emenda-de-vander-viabiliza-nova-escola-indigena-em-miranda\\\/#primaryimage\"},\"thumbnailUrl\":\"https:\\\/\\\/vanderloubet.com.br\\\/deputado\\\/wp-content\\\/uploads\\\/2023\\\/07\\\/foto-2023-07-04-escola-mae-terra-miranda-01.jpg\",\"keywords\":[\"educa\u00e7\u00e3o\",\"emenda parlamentar\",\"ind\u00edgenas\",\"miranda\"],\"articleSection\":[\"Munic\u00edpios\",\"Not\u00edcias\"],\"inLanguage\":\"pt-BR\"},{\"@type\":\"WebPage\",\"@id\":\"https:\\\/\\\/vanderloubet.com.br\\\/deputado\\\/emenda-de-vander-viabiliza-nova-escola-indigena-em-miranda\\\/\",\"url\":\"https:\\\/\\\/vanderloubet.com.br\\\/deputado\\\/emenda-de-vander-viabiliza-nova-escola-indigena-em-miranda\\\/\",\"name\":\"Emenda de Vander viabiliza nova escola ind\u00edgena em Miranda\",\"isPartOf\":{\"@id\":\"https:\\\/\\\/vanderloubet.com.br\\\/deputado\\\/#website\"},\"primaryImageOfPage\":{\"@id\":\"https:\\\/\\\/vanderloubet.com.br\\\/deputado\\\/emenda-de-vander-viabiliza-nova-escola-indigena-em-miranda\\\/#primaryimage\"},\"image\":{\"@id\":\"https:\\\/\\\/vanderloubet.com.br\\\/deputado\\\/emenda-de-vander-viabiliza-nova-escola-indigena-em-miranda\\\/#primaryimage\"},\"thumbnailUrl\":\"https:\\\/\\\/vanderloubet.com.br\\\/deputado\\\/wp-content\\\/uploads\\\/2023\\\/07\\\/foto-2023-07-04-escola-mae-terra-miranda-01.jpg\",\"datePublished\":\"2023-07-04T15:32:11+00:00\",\"description\":\"O espa\u00e7o ir\u00e1 atender 120 alunos ind\u00edgenas das 58 fam\u00edlias que vivem no local e est\u00e1 previsto para ser entregue no final deste ano.\",\"breadcrumb\":{\"@id\":\"https:\\\/\\\/vanderloubet.com.br\\\/deputado\\\/emenda-de-vander-viabiliza-nova-escola-indigena-em-miranda\\\/#breadcrumb\"},\"inLanguage\":\"pt-BR\",\"potentialAction\":[{\"@type\":\"ReadAction\",\"target\":[\"https:\\\/\\\/vanderloubet.com.br\\\/deputado\\\/emenda-de-vander-viabiliza-nova-escola-indigena-em-miranda\\\/\"]}]},{\"@type\":\"ImageObject\",\"inLanguage\":\"pt-BR\",\"@id\":\"https:\\\/\\\/vanderloubet.com.br\\\/deputado\\\/emenda-de-vander-viabiliza-nova-escola-indigena-em-miranda\\\/#primaryimage\",\"url\":\"https:\\\/\\\/vanderloubet.com.br\\\/deputado\\\/wp-content\\\/uploads\\\/2023\\\/07\\\/foto-2023-07-04-escola-mae-terra-miranda-01.jpg\",\"contentUrl\":\"https:\\\/\\\/vanderloubet.com.br\\\/deputado\\\/wp-content\\\/uploads\\\/2023\\\/07\\\/foto-2023-07-04-escola-mae-terra-miranda-01.jpg\",\"width\":1080,\"height\":608,\"caption\":\"Emenda de Vander viabiliza nova escola ind\u00edgena em Miranda\"},{\"@type\":\"BreadcrumbList\",\"@id\":\"https:\\\/\\\/vanderloubet.com.br\\\/deputado\\\/emenda-de-vander-viabiliza-nova-escola-indigena-em-miranda\\\/#breadcrumb\",\"itemListElement\":[{\"@type\":\"ListItem\",\"position\":1,\"name\":\"In\u00edcio\",\"item\":\"https:\\\/\\\/vanderloubet.com.br\\\/deputado\\\/\"},{\"@type\":\"ListItem\",\"position\":2,\"name\":\"Emenda de Vander viabiliza nova escola ind\u00edgena em Miranda\"}]},{\"@type\":\"WebSite\",\"@id\":\"https:\\\/\\\/vanderloubet.com.br\\\/deputado\\\/#website\",\"url\":\"https:\\\/\\\/vanderloubet.com.br\\\/deputado\\\/\",\"name\":\"Deputado Federal Vander Loubet\",\"description\":\"O Federal de MS\",\"publisher\":{\"@id\":\"https:\\\/\\\/vanderloubet.com.br\\\/deputado\\\/#organization\"},\"alternateName\":\"Deputado Vander\",\"potentialAction\":[{\"@type\":\"SearchAction\",\"target\":{\"@type\":\"EntryPoint\",\"urlTemplate\":\"https:\\\/\\\/vanderloubet.com.br\\\/deputado\\\/?s={search_term_string}\"},\"query-input\":{\"@type\":\"PropertyValueSpecification\",\"valueRequired\":true,\"valueName\":\"search_term_string\"}}],\"inLanguage\":\"pt-BR\"},{\"@type\":\"Organization\",\"@id\":\"https:\\\/\\\/vanderloubet.com.br\\\/deputado\\\/#organization\",\"name\":\"Deputado Federal Vander Loubet\",\"alternateName\":\"Deputado Vander\",\"url\":\"https:\\\/\\\/vanderloubet.com.br\\\/deputado\\\/\",\"logo\":{\"@type\":\"ImageObject\",\"inLanguage\":\"pt-BR\",\"@id\":\"https:\\\/\\\/vanderloubet.com.br\\\/deputado\\\/#\\\/schema\\\/logo\\\/image\\\/\",\"url\":\"https:\\\/\\\/vanderloubet.com.br\\\/deputado\\\/wp-content\\\/uploads\\\/2023\\\/06\\\/foto-2023-06-19-mandato-deputado-vander.jpg\",\"contentUrl\":\"https:\\\/\\\/vanderloubet.com.br\\\/deputado\\\/wp-content\\\/uploads\\\/2023\\\/06\\\/foto-2023-06-19-mandato-deputado-vander.jpg\",\"width\":1080,\"height\":1080,\"caption\":\"Deputado Federal Vander Loubet\"},\"image\":{\"@id\":\"https:\\\/\\\/vanderloubet.com.br\\\/deputado\\\/#\\\/schema\\\/logo\\\/image\\\/\"},\"sameAs\":[\"https:\\\/\\\/facebook.com\\\/deputadovander\",\"https:\\\/\\\/x.com\\\/vanderloubet\",\"https:\\\/\\\/instagram.com\\\/vanderloubet\",\"https:\\\/\\\/youtube.com\\\/vanderloubet\",\"https:\\\/\\\/tiktok.com\\\/@vanderloubetms\"]},{\"@type\":\"Person\",\"@id\":\"https:\\\/\\\/vanderloubet.com.br\\\/deputado\\\/#\\\/schema\\\/person\\\/15b51bd564532a8a68d9dec1b8eb890e\",\"name\":\"\u00c9der\",\"image\":{\"@type\":\"ImageObject\",\"inLanguage\":\"pt-BR\",\"@id\":\"https:\\\/\\\/vanderloubet.com.br\\\/deputado\\\/wp-content\\\/litespeed\\\/avatar\\\/88ca4090d9d5ab1c9495f6ca03b68efa.jpg?ver=1777058957\",\"url\":\"https:\\\/\\\/vanderloubet.com.br\\\/deputado\\\/wp-content\\\/litespeed\\\/avatar\\\/88ca4090d9d5ab1c9495f6ca03b68efa.jpg?ver=1777058957\",\"contentUrl\":\"https:\\\/\\\/vanderloubet.com.br\\\/deputado\\\/wp-content\\\/litespeed\\\/avatar\\\/88ca4090d9d5ab1c9495f6ca03b68efa.jpg?ver=1777058957\",\"caption\":\"\u00c9der\"}}]}<\/script>\n<!-- \/ Yoast SEO plugin. -->","yoast_head_json":{"title":"Emenda de Vander viabiliza nova escola ind\u00edgena em Miranda","description":"O espa\u00e7o ir\u00e1 atender 120 alunos ind\u00edgenas das 58 fam\u00edlias que vivem no local e est\u00e1 previsto para ser entregue no final deste ano.","robots":{"index":"index","follow":"follow","max-snippet":"max-snippet:-1","max-image-preview":"max-image-preview:large","max-video-preview":"max-video-preview:-1"},"canonical":"https:\/\/vanderloubet.com.br\/deputado\/emenda-de-vander-viabiliza-nova-escola-indigena-em-miranda\/","og_locale":"pt_BR","og_type":"article","og_title":"Emenda de Vander viabiliza nova escola ind\u00edgena em Miranda","og_description":"O espa\u00e7o ir\u00e1 atender 120 alunos ind\u00edgenas das 58 fam\u00edlias que vivem no local e est\u00e1 previsto para ser entregue no final deste ano.","og_url":"https:\/\/vanderloubet.com.br\/deputado\/emenda-de-vander-viabiliza-nova-escola-indigena-em-miranda\/","og_site_name":"Deputado Federal Vander Loubet","article_publisher":"https:\/\/facebook.com\/deputadovander","article_published_time":"2023-07-04T15:32:11+00:00","og_image":[{"width":1080,"height":608,"url":"https:\/\/vanderloubet.com.br\/deputado\/wp-content\/uploads\/2023\/07\/foto-2023-07-04-escola-mae-terra-miranda-01.jpg","type":"image\/jpeg"}],"author":"\u00c9der","twitter_card":"summary_large_image","twitter_creator":"@vanderloubet","twitter_site":"@vanderloubet","schema":{"@context":"https:\/\/schema.org","@graph":[{"@type":"Article","@id":"https:\/\/vanderloubet.com.br\/deputado\/emenda-de-vander-viabiliza-nova-escola-indigena-em-miranda\/#article","isPartOf":{"@id":"https:\/\/vanderloubet.com.br\/deputado\/emenda-de-vander-viabiliza-nova-escola-indigena-em-miranda\/"},"author":{"name":"\u00c9der","@id":"https:\/\/vanderloubet.com.br\/deputado\/#\/schema\/person\/15b51bd564532a8a68d9dec1b8eb890e"},"headline":"Emenda de Vander viabiliza nova escola ind\u00edgena em Miranda","datePublished":"2023-07-04T15:32:11+00:00","mainEntityOfPage":{"@id":"https:\/\/vanderloubet.com.br\/deputado\/emenda-de-vander-viabiliza-nova-escola-indigena-em-miranda\/"},"wordCount":400,"publisher":{"@id":"https:\/\/vanderloubet.com.br\/deputado\/#organization"},"image":{"@id":"https:\/\/vanderloubet.com.br\/deputado\/emenda-de-vander-viabiliza-nova-escola-indigena-em-miranda\/#primaryimage"},"thumbnailUrl":"https:\/\/vanderloubet.com.br\/deputado\/wp-content\/uploads\/2023\/07\/foto-2023-07-04-escola-mae-terra-miranda-01.jpg","keywords":["educa\u00e7\u00e3o","emenda parlamentar","ind\u00edgenas","miranda"],"articleSection":["Munic\u00edpios","Not\u00edcias"],"inLanguage":"pt-BR"},{"@type":"WebPage","@id":"https:\/\/vanderloubet.com.br\/deputado\/emenda-de-vander-viabiliza-nova-escola-indigena-em-miranda\/","url":"https:\/\/vanderloubet.com.br\/deputado\/emenda-de-vander-viabiliza-nova-escola-indigena-em-miranda\/","name":"Emenda de Vander viabiliza nova escola ind\u00edgena em Miranda","isPartOf":{"@id":"https:\/\/vanderloubet.com.br\/deputado\/#website"},"primaryImageOfPage":{"@id":"https:\/\/vanderloubet.com.br\/deputado\/emenda-de-vander-viabiliza-nova-escola-indigena-em-miranda\/#primaryimage"},"image":{"@id":"https:\/\/vanderloubet.com.br\/deputado\/emenda-de-vander-viabiliza-nova-escola-indigena-em-miranda\/#primaryimage"},"thumbnailUrl":"https:\/\/vanderloubet.com.br\/deputado\/wp-content\/uploads\/2023\/07\/foto-2023-07-04-escola-mae-terra-miranda-01.jpg","datePublished":"2023-07-04T15:32:11+00:00","description":"O espa\u00e7o ir\u00e1 atender 120 alunos ind\u00edgenas das 58 fam\u00edlias que vivem no local e est\u00e1 previsto para ser entregue no final deste ano.","breadcrumb":{"@id":"https:\/\/vanderloubet.com.br\/deputado\/emenda-de-vander-viabiliza-nova-escola-indigena-em-miranda\/#breadcrumb"},"inLanguage":"pt-BR","potentialAction":[{"@type":"ReadAction","target":["https:\/\/vanderloubet.com.br\/deputado\/emenda-de-vander-viabiliza-nova-escola-indigena-em-miranda\/"]}]},{"@type":"ImageObject","inLanguage":"pt-BR","@id":"https:\/\/vanderloubet.com.br\/deputado\/emenda-de-vander-viabiliza-nova-escola-indigena-em-miranda\/#primaryimage","url":"https:\/\/vanderloubet.com.br\/deputado\/wp-content\/uploads\/2023\/07\/foto-2023-07-04-escola-mae-terra-miranda-01.jpg","contentUrl":"https:\/\/vanderloubet.com.br\/deputado\/wp-content\/uploads\/2023\/07\/foto-2023-07-04-escola-mae-terra-miranda-01.jpg","width":1080,"height":608,"caption":"Emenda de Vander viabiliza nova escola ind\u00edgena em Miranda"},{"@type":"BreadcrumbList","@id":"https:\/\/vanderloubet.com.br\/deputado\/emenda-de-vander-viabiliza-nova-escola-indigena-em-miranda\/#breadcrumb","itemListElement":[{"@type":"ListItem","position":1,"name":"In\u00edcio","item":"https:\/\/vanderloubet.com.br\/deputado\/"},{"@type":"ListItem","position":2,"name":"Emenda de Vander viabiliza nova escola ind\u00edgena em Miranda"}]},{"@type":"WebSite","@id":"https:\/\/vanderloubet.com.br\/deputado\/#website","url":"https:\/\/vanderloubet.com.br\/deputado\/","name":"Deputado Federal Vander Loubet","description":"O Federal de MS","publisher":{"@id":"https:\/\/vanderloubet.com.br\/deputado\/#organization"},"alternateName":"Deputado Vander","potentialAction":[{"@type":"SearchAction","target":{"@type":"EntryPoint","urlTemplate":"https:\/\/vanderloubet.com.br\/deputado\/?s={search_term_string}"},"query-input":{"@type":"PropertyValueSpecification","valueRequired":true,"valueName":"search_term_string"}}],"inLanguage":"pt-BR"},{"@type":"Organization","@id":"https:\/\/vanderloubet.com.br\/deputado\/#organization","name":"Deputado Federal Vander Loubet","alternateName":"Deputado Vander","url":"https:\/\/vanderloubet.com.br\/deputado\/","logo":{"@type":"ImageObject","inLanguage":"pt-BR","@id":"https:\/\/vanderloubet.com.br\/deputado\/#\/schema\/logo\/image\/","url":"https:\/\/vanderloubet.com.br\/deputado\/wp-content\/uploads\/2023\/06\/foto-2023-06-19-mandato-deputado-vander.jpg","contentUrl":"https:\/\/vanderloubet.com.br\/deputado\/wp-content\/uploads\/2023\/06\/foto-2023-06-19-mandato-deputado-vander.jpg","width":1080,"height":1080,"caption":"Deputado Federal Vander Loubet"},"image":{"@id":"https:\/\/vanderloubet.com.br\/deputado\/#\/schema\/logo\/image\/"},"sameAs":["https:\/\/facebook.com\/deputadovander","https:\/\/x.com\/vanderloubet","https:\/\/instagram.com\/vanderloubet","https:\/\/youtube.com\/vanderloubet","https:\/\/tiktok.com\/@vanderloubetms"]},{"@type":"Person","@id":"https:\/\/vanderloubet.com.br\/deputado\/#\/schema\/person\/15b51bd564532a8a68d9dec1b8eb890e","name":"\u00c9der","image":{"@type":"ImageObject","inLanguage":"pt-BR","@id":"https:\/\/vanderloubet.com.br\/deputado\/wp-content\/litespeed\/avatar\/88ca4090d9d5ab1c9495f6ca03b68efa.jpg?ver=1777058957","url":"https:\/\/vanderloubet.com.br\/deputado\/wp-content\/litespeed\/avatar\/88ca4090d9d5ab1c9495f6ca03b68efa.jpg?ver=1777058957","contentUrl":"https:\/\/vanderloubet.com.br\/deputado\/wp-content\/litespeed\/avatar\/88ca4090d9d5ab1c9495f6ca03b68efa.jpg?ver=1777058957","caption":"\u00c9der"}}]}},"jetpack_featured_media_url":"https:\/\/vanderloubet.com.br\/deputado\/wp-content\/uploads\/2023\/07\/foto-2023-07-04-escola-mae-terra-miranda-01.jpg","jetpack_sharing_enabled":true,"_links":{"self":[{"href":"https:\/\/vanderloubet.com.br\/deputado\/wp-json\/wp\/v2\/posts\/19043","targetHints":{"allow":["GET"]}}],"collection":[{"href":"https:\/\/vanderloubet.com.br\/deputado\/wp-json\/wp\/v2\/posts"}],"about":[{"href":"https:\/\/vanderloubet.com.br\/deputado\/wp-json\/wp\/v2\/types\/post"}],"author":[{"embeddable":true,"href":"https:\/\/vanderloubet.com.br\/deputado\/wp-json\/wp\/v2\/users\/2"}],"replies":[{"embeddable":true,"href":"https:\/\/vanderloubet.com.br\/deputado\/wp-json\/wp\/v2\/comments?post=19043"}],"version-history":[{"count":0,"href":"https:\/\/vanderloubet.com.br\/deputado\/wp-json\/wp\/v2\/posts\/19043\/revisions"}],"wp:featuredmedia":[{"embeddable":true,"href":"https:\/\/vanderloubet.com.br\/deputado\/wp-json\/wp\/v2\/media\/19044"}],"wp:attachment":[{"href":"https:\/\/vanderloubet.com.br\/deputado\/wp-json\/wp\/v2\/media?parent=19043"}],"wp:term":[{"taxonomy":"category","embeddable":true,"href":"https:\/\/vanderloubet.com.br\/deputado\/wp-json\/wp\/v2\/categories?post=19043"},{"taxonomy":"post_tag","embeddable":true,"href":"https:\/\/vanderloubet.com.br\/deputado\/wp-json\/wp\/v2\/tags?post=19043"}],"curies":[{"name":"wp","href":"https:\/\/api.w.org\/{rel}","templated":true}]}}