{"id":19033,"date":"2023-06-28T13:37:56","date_gmt":"2023-06-28T17:37:56","guid":{"rendered":"https:\/\/vanderloubet.com.br\/deputado\/?p=19033"},"modified":"2023-06-28T13:37:56","modified_gmt":"2023-06-28T17:37:56","slug":"vander-alerta-gestores-sobre-prazos-para-programas-federais-de-saude-esporte-e-cultura","status":"publish","type":"post","link":"https:\/\/vanderloubet.com.br\/deputado\/vander-alerta-gestores-sobre-prazos-para-programas-federais-de-saude-esporte-e-cultura\/","title":{"rendered":"Vander alerta gestores sobre prazos para programas federais de sa\u00fade, esporte e cultura"},"content":{"rendered":"<p>Aten\u00e7\u00e3o, senhores prefeitos e senhoras prefeitas, o deputado federal Vander Loubet, coordenador da bancada de Mato Grosso do Sul no Congresso Nacional, informa que est\u00e1 se encerrado esta semana o prazo para a\u00e7\u00f5es importantes relacionadas aos minist\u00e9rios da Sa\u00fade e do Esporte. Confira:<\/p>\n<p><strong>Minist\u00e9rio da Sa\u00fade<\/strong> &#8211; A ferramenta para gestores estaduais e municipais atualizarem dados dos profissionais de enfermagem da rede pr\u00f3pria e conveniada est\u00e1 liberada at\u00e9 esta quinta-feira, 29 de junho. Acesse o InvestSUS e fa\u00e7a sua atualiza\u00e7\u00e3o.<\/p>\n<p><strong>Minist\u00e9rio do Esporte<\/strong> &#8211; O Programa 5100020230022 tem como objeto o custeio para implanta\u00e7\u00e3o de projetos para o desenvolvimento de n\u00facleos de Esporte Recreativo e de Lazer do Programa Esporte e Lazer da Cidade (Pelc). Documenta\u00e7\u00e3o necess\u00e1ria: Projeto T\u00e9cnico Pedag\u00f3gico devidamente preenchido. O prazo se encerra nesta sexta-feira, 30 de junho.<\/p>\n<p>Al\u00e9m das a\u00e7\u00f5es anteriores, o deputado Vander lembra aos gestores municipais que h\u00e1 prazos para vencer em programas na \u00e1rea da cultura:<\/p>\n<p><strong>Minist\u00e9rio da Cultura<\/strong> &#8211; Encerra no dia 11 de julho o prazo para o envio do Plano de A\u00e7\u00e3o e a assinatura do Termo de Ades\u00e3o da Lei Paulo Gustavo. \u00c9 por meio desses instrumentos que o munic\u00edpio garantir\u00e1 os repasses para fomentar e incentivar o cen\u00e1rio cultural no \u00e2mbito municipal.<\/p>\n","protected":false},"excerpt":{"rendered":"<p>Alerta do coordenador da bancada de MS se refere a a\u00e7\u00f5es importantes relacionadas aos minist\u00e9rios da Sa\u00fade, do Esporte e da Cultura.<\/p>\n","protected":false},"author":2,"featured_media":19034,"comment_status":"closed","ping_status":"closed","sticky":false,"template":"","format":"standard","meta":{"jetpack_post_was_ever_published":false,"_jetpack_newsletter_access":"","_jetpack_dont_email_post_to_subs":false,"_jetpack_newsletter_tier_id":0,"_jetpack_memberships_contains_paywalled_content":false,"_jetpack_memberships_contains_paid_content":false,"footnotes":""},"categories":[2098,10],"tags":[562,2305,2525,1803],"class_list":{"0":"post-19033","1":"post","2":"type-post","3":"status-publish","4":"format-standard","5":"has-post-thumbnail","7":"category-brasil-noticias","8":"category-noticias","9":"tag-cultura","10":"tag-esporte-e-lazer","11":"tag-governo-federal","12":"tag-saude"},"yoast_head":"<!-- This site is optimized with the Yoast SEO plugin v27.4 - https:\/\/yoast.com\/product\/yoast-seo-wordpress\/ -->\n<title>Vander alerta gestores sobre prazos para programas federais de sa\u00fade, esporte e cultura<\/title>\n<meta name=\"description\" content=\"Alerta do coordenador da bancada de MS se refere a a\u00e7\u00f5es importantes relacionadas aos minist\u00e9rios da Sa\u00fade, do Esporte e da Cultura.\" \/>\n<meta name=\"robots\" content=\"index, follow, max-snippet:-1, max-image-preview:large, max-video-preview:-1\" \/>\n<link rel=\"canonical\" href=\"https:\/\/vanderloubet.com.br\/deputado\/vander-alerta-gestores-sobre-prazos-para-programas-federais-de-saude-esporte-e-cultura\/\" \/>\n<meta property=\"og:locale\" content=\"pt_BR\" \/>\n<meta property=\"og:type\" content=\"article\" \/>\n<meta property=\"og:title\" content=\"Vander alerta gestores sobre prazos para programas federais de sa\u00fade, esporte e cultura\" \/>\n<meta property=\"og:description\" content=\"Alerta do coordenador da bancada de MS se refere a a\u00e7\u00f5es importantes relacionadas aos minist\u00e9rios da Sa\u00fade, do Esporte e da Cultura.\" \/>\n<meta property=\"og:url\" content=\"https:\/\/vanderloubet.com.br\/deputado\/vander-alerta-gestores-sobre-prazos-para-programas-federais-de-saude-esporte-e-cultura\/\" \/>\n<meta property=\"og:site_name\" content=\"Deputado Federal Vander Loubet\" \/>\n<meta property=\"article:publisher\" content=\"https:\/\/facebook.com\/deputadovander\" \/>\n<meta property=\"article:published_time\" content=\"2023-06-28T17:37:56+00:00\" \/>\n<meta property=\"og:image\" content=\"https:\/\/vanderloubet.com.br\/deputado\/wp-content\/uploads\/2023\/06\/foto-2023-06-28-saude-esporte-cultura.jpg\" \/>\n\t<meta property=\"og:image:width\" content=\"900\" \/>\n\t<meta property=\"og:image:height\" content=\"600\" \/>\n\t<meta property=\"og:image:type\" content=\"image\/jpeg\" \/>\n<meta name=\"author\" content=\"\u00c9der\" \/>\n<meta name=\"twitter:card\" content=\"summary_large_image\" \/>\n<meta name=\"twitter:creator\" content=\"@vanderloubet\" \/>\n<meta name=\"twitter:site\" content=\"@vanderloubet\" \/>\n<script type=\"application\/ld+json\" class=\"yoast-schema-graph\">{\"@context\":\"https:\\\/\\\/schema.org\",\"@graph\":[{\"@type\":\"Article\",\"@id\":\"https:\\\/\\\/vanderloubet.com.br\\\/deputado\\\/vander-alerta-gestores-sobre-prazos-para-programas-federais-de-saude-esporte-e-cultura\\\/#article\",\"isPartOf\":{\"@id\":\"https:\\\/\\\/vanderloubet.com.br\\\/deputado\\\/vander-alerta-gestores-sobre-prazos-para-programas-federais-de-saude-esporte-e-cultura\\\/\"},\"author\":{\"name\":\"\u00c9der\",\"@id\":\"https:\\\/\\\/vanderloubet.com.br\\\/deputado\\\/#\\\/schema\\\/person\\\/15b51bd564532a8a68d9dec1b8eb890e\"},\"headline\":\"Vander alerta gestores sobre prazos para programas federais de sa\u00fade, esporte e cultura\",\"datePublished\":\"2023-06-28T17:37:56+00:00\",\"mainEntityOfPage\":{\"@id\":\"https:\\\/\\\/vanderloubet.com.br\\\/deputado\\\/vander-alerta-gestores-sobre-prazos-para-programas-federais-de-saude-esporte-e-cultura\\\/\"},\"wordCount\":236,\"publisher\":{\"@id\":\"https:\\\/\\\/vanderloubet.com.br\\\/deputado\\\/#organization\"},\"image\":{\"@id\":\"https:\\\/\\\/vanderloubet.com.br\\\/deputado\\\/vander-alerta-gestores-sobre-prazos-para-programas-federais-de-saude-esporte-e-cultura\\\/#primaryimage\"},\"thumbnailUrl\":\"https:\\\/\\\/vanderloubet.com.br\\\/deputado\\\/wp-content\\\/uploads\\\/2023\\\/06\\\/foto-2023-06-28-saude-esporte-cultura.jpg\",\"keywords\":[\"cultura\",\"esporte e lazer\",\"governo federal\",\"sa\u00fade\"],\"articleSection\":[\"Brasil\",\"Not\u00edcias\"],\"inLanguage\":\"pt-BR\"},{\"@type\":\"WebPage\",\"@id\":\"https:\\\/\\\/vanderloubet.com.br\\\/deputado\\\/vander-alerta-gestores-sobre-prazos-para-programas-federais-de-saude-esporte-e-cultura\\\/\",\"url\":\"https:\\\/\\\/vanderloubet.com.br\\\/deputado\\\/vander-alerta-gestores-sobre-prazos-para-programas-federais-de-saude-esporte-e-cultura\\\/\",\"name\":\"Vander alerta gestores sobre prazos para programas federais de sa\u00fade, esporte e cultura\",\"isPartOf\":{\"@id\":\"https:\\\/\\\/vanderloubet.com.br\\\/deputado\\\/#website\"},\"primaryImageOfPage\":{\"@id\":\"https:\\\/\\\/vanderloubet.com.br\\\/deputado\\\/vander-alerta-gestores-sobre-prazos-para-programas-federais-de-saude-esporte-e-cultura\\\/#primaryimage\"},\"image\":{\"@id\":\"https:\\\/\\\/vanderloubet.com.br\\\/deputado\\\/vander-alerta-gestores-sobre-prazos-para-programas-federais-de-saude-esporte-e-cultura\\\/#primaryimage\"},\"thumbnailUrl\":\"https:\\\/\\\/vanderloubet.com.br\\\/deputado\\\/wp-content\\\/uploads\\\/2023\\\/06\\\/foto-2023-06-28-saude-esporte-cultura.jpg\",\"datePublished\":\"2023-06-28T17:37:56+00:00\",\"description\":\"Alerta do coordenador da bancada de MS se refere a a\u00e7\u00f5es importantes relacionadas aos minist\u00e9rios da Sa\u00fade, do Esporte e da Cultura.\",\"breadcrumb\":{\"@id\":\"https:\\\/\\\/vanderloubet.com.br\\\/deputado\\\/vander-alerta-gestores-sobre-prazos-para-programas-federais-de-saude-esporte-e-cultura\\\/#breadcrumb\"},\"inLanguage\":\"pt-BR\",\"potentialAction\":[{\"@type\":\"ReadAction\",\"target\":[\"https:\\\/\\\/vanderloubet.com.br\\\/deputado\\\/vander-alerta-gestores-sobre-prazos-para-programas-federais-de-saude-esporte-e-cultura\\\/\"]}]},{\"@type\":\"ImageObject\",\"inLanguage\":\"pt-BR\",\"@id\":\"https:\\\/\\\/vanderloubet.com.br\\\/deputado\\\/vander-alerta-gestores-sobre-prazos-para-programas-federais-de-saude-esporte-e-cultura\\\/#primaryimage\",\"url\":\"https:\\\/\\\/vanderloubet.com.br\\\/deputado\\\/wp-content\\\/uploads\\\/2023\\\/06\\\/foto-2023-06-28-saude-esporte-cultura.jpg\",\"contentUrl\":\"https:\\\/\\\/vanderloubet.com.br\\\/deputado\\\/wp-content\\\/uploads\\\/2023\\\/06\\\/foto-2023-06-28-saude-esporte-cultura.jpg\",\"width\":900,\"height\":600,\"caption\":\"Vander alerta gestores sobre prazos para programas federais de sa\u00fade, esporte e cultura\"},{\"@type\":\"BreadcrumbList\",\"@id\":\"https:\\\/\\\/vanderloubet.com.br\\\/deputado\\\/vander-alerta-gestores-sobre-prazos-para-programas-federais-de-saude-esporte-e-cultura\\\/#breadcrumb\",\"itemListElement\":[{\"@type\":\"ListItem\",\"position\":1,\"name\":\"In\u00edcio\",\"item\":\"https:\\\/\\\/vanderloubet.com.br\\\/deputado\\\/\"},{\"@type\":\"ListItem\",\"position\":2,\"name\":\"Vander alerta gestores sobre prazos para programas federais de sa\u00fade, esporte e cultura\"}]},{\"@type\":\"WebSite\",\"@id\":\"https:\\\/\\\/vanderloubet.com.br\\\/deputado\\\/#website\",\"url\":\"https:\\\/\\\/vanderloubet.com.br\\\/deputado\\\/\",\"name\":\"Deputado Federal Vander Loubet\",\"description\":\"O Federal de MS\",\"publisher\":{\"@id\":\"https:\\\/\\\/vanderloubet.com.br\\\/deputado\\\/#organization\"},\"alternateName\":\"Deputado Vander\",\"potentialAction\":[{\"@type\":\"SearchAction\",\"target\":{\"@type\":\"EntryPoint\",\"urlTemplate\":\"https:\\\/\\\/vanderloubet.com.br\\\/deputado\\\/?s={search_term_string}\"},\"query-input\":{\"@type\":\"PropertyValueSpecification\",\"valueRequired\":true,\"valueName\":\"search_term_string\"}}],\"inLanguage\":\"pt-BR\"},{\"@type\":\"Organization\",\"@id\":\"https:\\\/\\\/vanderloubet.com.br\\\/deputado\\\/#organization\",\"name\":\"Deputado Federal Vander Loubet\",\"alternateName\":\"Deputado Vander\",\"url\":\"https:\\\/\\\/vanderloubet.com.br\\\/deputado\\\/\",\"logo\":{\"@type\":\"ImageObject\",\"inLanguage\":\"pt-BR\",\"@id\":\"https:\\\/\\\/vanderloubet.com.br\\\/deputado\\\/#\\\/schema\\\/logo\\\/image\\\/\",\"url\":\"https:\\\/\\\/vanderloubet.com.br\\\/deputado\\\/wp-content\\\/uploads\\\/2023\\\/06\\\/foto-2023-06-19-mandato-deputado-vander.jpg\",\"contentUrl\":\"https:\\\/\\\/vanderloubet.com.br\\\/deputado\\\/wp-content\\\/uploads\\\/2023\\\/06\\\/foto-2023-06-19-mandato-deputado-vander.jpg\",\"width\":1080,\"height\":1080,\"caption\":\"Deputado Federal Vander Loubet\"},\"image\":{\"@id\":\"https:\\\/\\\/vanderloubet.com.br\\\/deputado\\\/#\\\/schema\\\/logo\\\/image\\\/\"},\"sameAs\":[\"https:\\\/\\\/facebook.com\\\/deputadovander\",\"https:\\\/\\\/x.com\\\/vanderloubet\",\"https:\\\/\\\/instagram.com\\\/vanderloubet\",\"https:\\\/\\\/youtube.com\\\/vanderloubet\",\"https:\\\/\\\/tiktok.com\\\/@vanderloubetms\"]},{\"@type\":\"Person\",\"@id\":\"https:\\\/\\\/vanderloubet.com.br\\\/deputado\\\/#\\\/schema\\\/person\\\/15b51bd564532a8a68d9dec1b8eb890e\",\"name\":\"\u00c9der\",\"image\":{\"@type\":\"ImageObject\",\"inLanguage\":\"pt-BR\",\"@id\":\"https:\\\/\\\/vanderloubet.com.br\\\/deputado\\\/wp-content\\\/litespeed\\\/avatar\\\/88ca4090d9d5ab1c9495f6ca03b68efa.jpg?ver=1777058957\",\"url\":\"https:\\\/\\\/vanderloubet.com.br\\\/deputado\\\/wp-content\\\/litespeed\\\/avatar\\\/88ca4090d9d5ab1c9495f6ca03b68efa.jpg?ver=1777058957\",\"contentUrl\":\"https:\\\/\\\/vanderloubet.com.br\\\/deputado\\\/wp-content\\\/litespeed\\\/avatar\\\/88ca4090d9d5ab1c9495f6ca03b68efa.jpg?ver=1777058957\",\"caption\":\"\u00c9der\"}}]}<\/script>\n<!-- \/ Yoast SEO plugin. -->","yoast_head_json":{"title":"Vander alerta gestores sobre prazos para programas federais de sa\u00fade, esporte e cultura","description":"Alerta do coordenador da bancada de MS se refere a a\u00e7\u00f5es importantes relacionadas aos minist\u00e9rios da Sa\u00fade, do Esporte e da Cultura.","robots":{"index":"index","follow":"follow","max-snippet":"max-snippet:-1","max-image-preview":"max-image-preview:large","max-video-preview":"max-video-preview:-1"},"canonical":"https:\/\/vanderloubet.com.br\/deputado\/vander-alerta-gestores-sobre-prazos-para-programas-federais-de-saude-esporte-e-cultura\/","og_locale":"pt_BR","og_type":"article","og_title":"Vander alerta gestores sobre prazos para programas federais de sa\u00fade, esporte e cultura","og_description":"Alerta do coordenador da bancada de MS se refere a a\u00e7\u00f5es importantes relacionadas aos minist\u00e9rios da Sa\u00fade, do Esporte e da Cultura.","og_url":"https:\/\/vanderloubet.com.br\/deputado\/vander-alerta-gestores-sobre-prazos-para-programas-federais-de-saude-esporte-e-cultura\/","og_site_name":"Deputado Federal Vander Loubet","article_publisher":"https:\/\/facebook.com\/deputadovander","article_published_time":"2023-06-28T17:37:56+00:00","og_image":[{"width":900,"height":600,"url":"https:\/\/vanderloubet.com.br\/deputado\/wp-content\/uploads\/2023\/06\/foto-2023-06-28-saude-esporte-cultura.jpg","type":"image\/jpeg"}],"author":"\u00c9der","twitter_card":"summary_large_image","twitter_creator":"@vanderloubet","twitter_site":"@vanderloubet","schema":{"@context":"https:\/\/schema.org","@graph":[{"@type":"Article","@id":"https:\/\/vanderloubet.com.br\/deputado\/vander-alerta-gestores-sobre-prazos-para-programas-federais-de-saude-esporte-e-cultura\/#article","isPartOf":{"@id":"https:\/\/vanderloubet.com.br\/deputado\/vander-alerta-gestores-sobre-prazos-para-programas-federais-de-saude-esporte-e-cultura\/"},"author":{"name":"\u00c9der","@id":"https:\/\/vanderloubet.com.br\/deputado\/#\/schema\/person\/15b51bd564532a8a68d9dec1b8eb890e"},"headline":"Vander alerta gestores sobre prazos para programas federais de sa\u00fade, esporte e cultura","datePublished":"2023-06-28T17:37:56+00:00","mainEntityOfPage":{"@id":"https:\/\/vanderloubet.com.br\/deputado\/vander-alerta-gestores-sobre-prazos-para-programas-federais-de-saude-esporte-e-cultura\/"},"wordCount":236,"publisher":{"@id":"https:\/\/vanderloubet.com.br\/deputado\/#organization"},"image":{"@id":"https:\/\/vanderloubet.com.br\/deputado\/vander-alerta-gestores-sobre-prazos-para-programas-federais-de-saude-esporte-e-cultura\/#primaryimage"},"thumbnailUrl":"https:\/\/vanderloubet.com.br\/deputado\/wp-content\/uploads\/2023\/06\/foto-2023-06-28-saude-esporte-cultura.jpg","keywords":["cultura","esporte e lazer","governo federal","sa\u00fade"],"articleSection":["Brasil","Not\u00edcias"],"inLanguage":"pt-BR"},{"@type":"WebPage","@id":"https:\/\/vanderloubet.com.br\/deputado\/vander-alerta-gestores-sobre-prazos-para-programas-federais-de-saude-esporte-e-cultura\/","url":"https:\/\/vanderloubet.com.br\/deputado\/vander-alerta-gestores-sobre-prazos-para-programas-federais-de-saude-esporte-e-cultura\/","name":"Vander alerta gestores sobre prazos para programas federais de sa\u00fade, esporte e cultura","isPartOf":{"@id":"https:\/\/vanderloubet.com.br\/deputado\/#website"},"primaryImageOfPage":{"@id":"https:\/\/vanderloubet.com.br\/deputado\/vander-alerta-gestores-sobre-prazos-para-programas-federais-de-saude-esporte-e-cultura\/#primaryimage"},"image":{"@id":"https:\/\/vanderloubet.com.br\/deputado\/vander-alerta-gestores-sobre-prazos-para-programas-federais-de-saude-esporte-e-cultura\/#primaryimage"},"thumbnailUrl":"https:\/\/vanderloubet.com.br\/deputado\/wp-content\/uploads\/2023\/06\/foto-2023-06-28-saude-esporte-cultura.jpg","datePublished":"2023-06-28T17:37:56+00:00","description":"Alerta do coordenador da bancada de MS se refere a a\u00e7\u00f5es importantes relacionadas aos minist\u00e9rios da Sa\u00fade, do Esporte e da Cultura.","breadcrumb":{"@id":"https:\/\/vanderloubet.com.br\/deputado\/vander-alerta-gestores-sobre-prazos-para-programas-federais-de-saude-esporte-e-cultura\/#breadcrumb"},"inLanguage":"pt-BR","potentialAction":[{"@type":"ReadAction","target":["https:\/\/vanderloubet.com.br\/deputado\/vander-alerta-gestores-sobre-prazos-para-programas-federais-de-saude-esporte-e-cultura\/"]}]},{"@type":"ImageObject","inLanguage":"pt-BR","@id":"https:\/\/vanderloubet.com.br\/deputado\/vander-alerta-gestores-sobre-prazos-para-programas-federais-de-saude-esporte-e-cultura\/#primaryimage","url":"https:\/\/vanderloubet.com.br\/deputado\/wp-content\/uploads\/2023\/06\/foto-2023-06-28-saude-esporte-cultura.jpg","contentUrl":"https:\/\/vanderloubet.com.br\/deputado\/wp-content\/uploads\/2023\/06\/foto-2023-06-28-saude-esporte-cultura.jpg","width":900,"height":600,"caption":"Vander alerta gestores sobre prazos para programas federais de sa\u00fade, esporte e cultura"},{"@type":"BreadcrumbList","@id":"https:\/\/vanderloubet.com.br\/deputado\/vander-alerta-gestores-sobre-prazos-para-programas-federais-de-saude-esporte-e-cultura\/#breadcrumb","itemListElement":[{"@type":"ListItem","position":1,"name":"In\u00edcio","item":"https:\/\/vanderloubet.com.br\/deputado\/"},{"@type":"ListItem","position":2,"name":"Vander alerta gestores sobre prazos para programas federais de sa\u00fade, esporte e cultura"}]},{"@type":"WebSite","@id":"https:\/\/vanderloubet.com.br\/deputado\/#website","url":"https:\/\/vanderloubet.com.br\/deputado\/","name":"Deputado Federal Vander Loubet","description":"O Federal de MS","publisher":{"@id":"https:\/\/vanderloubet.com.br\/deputado\/#organization"},"alternateName":"Deputado Vander","potentialAction":[{"@type":"SearchAction","target":{"@type":"EntryPoint","urlTemplate":"https:\/\/vanderloubet.com.br\/deputado\/?s={search_term_string}"},"query-input":{"@type":"PropertyValueSpecification","valueRequired":true,"valueName":"search_term_string"}}],"inLanguage":"pt-BR"},{"@type":"Organization","@id":"https:\/\/vanderloubet.com.br\/deputado\/#organization","name":"Deputado Federal Vander Loubet","alternateName":"Deputado Vander","url":"https:\/\/vanderloubet.com.br\/deputado\/","logo":{"@type":"ImageObject","inLanguage":"pt-BR","@id":"https:\/\/vanderloubet.com.br\/deputado\/#\/schema\/logo\/image\/","url":"https:\/\/vanderloubet.com.br\/deputado\/wp-content\/uploads\/2023\/06\/foto-2023-06-19-mandato-deputado-vander.jpg","contentUrl":"https:\/\/vanderloubet.com.br\/deputado\/wp-content\/uploads\/2023\/06\/foto-2023-06-19-mandato-deputado-vander.jpg","width":1080,"height":1080,"caption":"Deputado Federal Vander Loubet"},"image":{"@id":"https:\/\/vanderloubet.com.br\/deputado\/#\/schema\/logo\/image\/"},"sameAs":["https:\/\/facebook.com\/deputadovander","https:\/\/x.com\/vanderloubet","https:\/\/instagram.com\/vanderloubet","https:\/\/youtube.com\/vanderloubet","https:\/\/tiktok.com\/@vanderloubetms"]},{"@type":"Person","@id":"https:\/\/vanderloubet.com.br\/deputado\/#\/schema\/person\/15b51bd564532a8a68d9dec1b8eb890e","name":"\u00c9der","image":{"@type":"ImageObject","inLanguage":"pt-BR","@id":"https:\/\/vanderloubet.com.br\/deputado\/wp-content\/litespeed\/avatar\/88ca4090d9d5ab1c9495f6ca03b68efa.jpg?ver=1777058957","url":"https:\/\/vanderloubet.com.br\/deputado\/wp-content\/litespeed\/avatar\/88ca4090d9d5ab1c9495f6ca03b68efa.jpg?ver=1777058957","contentUrl":"https:\/\/vanderloubet.com.br\/deputado\/wp-content\/litespeed\/avatar\/88ca4090d9d5ab1c9495f6ca03b68efa.jpg?ver=1777058957","caption":"\u00c9der"}}]}},"jetpack_featured_media_url":"https:\/\/vanderloubet.com.br\/deputado\/wp-content\/uploads\/2023\/06\/foto-2023-06-28-saude-esporte-cultura.jpg","jetpack_sharing_enabled":true,"_links":{"self":[{"href":"https:\/\/vanderloubet.com.br\/deputado\/wp-json\/wp\/v2\/posts\/19033","targetHints":{"allow":["GET"]}}],"collection":[{"href":"https:\/\/vanderloubet.com.br\/deputado\/wp-json\/wp\/v2\/posts"}],"about":[{"href":"https:\/\/vanderloubet.com.br\/deputado\/wp-json\/wp\/v2\/types\/post"}],"author":[{"embeddable":true,"href":"https:\/\/vanderloubet.com.br\/deputado\/wp-json\/wp\/v2\/users\/2"}],"replies":[{"embeddable":true,"href":"https:\/\/vanderloubet.com.br\/deputado\/wp-json\/wp\/v2\/comments?post=19033"}],"version-history":[{"count":0,"href":"https:\/\/vanderloubet.com.br\/deputado\/wp-json\/wp\/v2\/posts\/19033\/revisions"}],"wp:featuredmedia":[{"embeddable":true,"href":"https:\/\/vanderloubet.com.br\/deputado\/wp-json\/wp\/v2\/media\/19034"}],"wp:attachment":[{"href":"https:\/\/vanderloubet.com.br\/deputado\/wp-json\/wp\/v2\/media?parent=19033"}],"wp:term":[{"taxonomy":"category","embeddable":true,"href":"https:\/\/vanderloubet.com.br\/deputado\/wp-json\/wp\/v2\/categories?post=19033"},{"taxonomy":"post_tag","embeddable":true,"href":"https:\/\/vanderloubet.com.br\/deputado\/wp-json\/wp\/v2\/tags?post=19033"}],"curies":[{"name":"wp","href":"https:\/\/api.w.org\/{rel}","templated":true}]}}