{"id":19002,"date":"2023-06-15T12:35:09","date_gmt":"2023-06-15T16:35:09","guid":{"rendered":"https:\/\/vanderloubet.com.br\/deputado\/?p=19002"},"modified":"2023-06-16T10:06:23","modified_gmt":"2023-06-16T14:06:23","slug":"emenda-de-vander-garante-ambulancias-e-carro-para-saude-de-aral-moreira","status":"publish","type":"post","link":"https:\/\/vanderloubet.com.br\/deputado\/emenda-de-vander-garante-ambulancias-e-carro-para-saude-de-aral-moreira\/","title":{"rendered":"Emenda de Vander garante ambul\u00e2ncias e carro para sa\u00fade de Aral Moreira"},"content":{"rendered":"<p>Na semana passada, a Prefeitura de Aral Moreira confirmou o recebimento do valor de R$ 350 mil de emenda parlamentar do deputado federal Vander Loubet para a \u00e1rea da sa\u00fade p\u00fablica. O recurso ser\u00e1 utilizado na aquisi\u00e7\u00e3o de duas ambul\u00e2ncias e um carro para atender o Hospital e Maternidade Santa Luzia e os postos de sa\u00fade do munic\u00edpio.<\/p>\n<p>A emenda foi destinada em atendimento \u00e0 solicita\u00e7\u00e3o dos vereadores Wilson Gon\u00e7alves (Mordomia) e Giovani Corbari. Ser\u00e3o duas ambul\u00e2ncias do tipo &#8220;A&#8221;, que contar\u00e3o com equipamentos para emerg\u00eancias, prancha para imobiliza\u00e7\u00e3o, maleta com medicamentos, maca e cilindro de oxig\u00eanio. J\u00e1 o carro popular far\u00e1 o transporte de pessoal administrativo.<\/p>\n<p>De acordo com Mordomia, as antigas ambul\u00e2ncias do munic\u00edpio sofreram acidentes, ocasionando a perda total dos ve\u00edculos. Verificando esse problema, os vereadores, junto com o prefeito Alexandrino Garcia, resolveram destinar o recurso viabilizado por Vander &#8211; que j\u00e1 seria para a sa\u00fade &#8211; para a compra dos novos ve\u00edculos.<\/p>\n<figure id=\"attachment_19006\" aria-describedby=\"caption-attachment-19006\" style=\"width: 350px\" class=\"wp-caption alignleft\"><img decoding=\"async\" src=\"https:\/\/vanderloubet.com.br\/deputado\/wp-content\/uploads\/2023\/06\/foto-2023-06-15-vereadores-prefeito-aral-moreira-350x467.jpg\" alt=\"Emenda de Vander garante ambul\u00e2ncias e carro para sa\u00fade de Aral Moreira\" width=\"350\" height=\"467\" class=\"size-medium wp-image-19006\" srcset=\"https:\/\/vanderloubet.com.br\/deputado\/wp-content\/uploads\/2023\/06\/foto-2023-06-15-vereadores-prefeito-aral-moreira-350x467.jpg 350w, https:\/\/vanderloubet.com.br\/deputado\/wp-content\/uploads\/2023\/06\/foto-2023-06-15-vereadores-prefeito-aral-moreira-768x1024.jpg 768w, https:\/\/vanderloubet.com.br\/deputado\/wp-content\/uploads\/2023\/06\/foto-2023-06-15-vereadores-prefeito-aral-moreira-700x933.jpg 700w, https:\/\/vanderloubet.com.br\/deputado\/wp-content\/uploads\/2023\/06\/foto-2023-06-15-vereadores-prefeito-aral-moreira-315x420.jpg 315w, https:\/\/vanderloubet.com.br\/deputado\/wp-content\/uploads\/2023\/06\/foto-2023-06-15-vereadores-prefeito-aral-moreira-696x928.jpg 696w, https:\/\/vanderloubet.com.br\/deputado\/wp-content\/uploads\/2023\/06\/foto-2023-06-15-vereadores-prefeito-aral-moreira.jpg 900w\" sizes=\"(max-width: 350px) 100vw, 350px\" \/><figcaption id=\"caption-attachment-19006\" class=\"wp-caption-text\">Mordomia, Alexandrino e Corbari<\/figcaption><\/figure>\n<p>&#8220;As ambul\u00e2ncias v\u00e3o ter muita utilidade aqui em Aral Moreira. Com elas, poderemos encaminhar os pacientes graves para os munic\u00edpios pr\u00f3ximos que t\u00eam maiores estruturas hospitalares, como Dourados, Ponta Por\u00e3, Cascavel (PR) e Campo Grande. O mandato do deputado Vander \u00e9 presente em nosso munic\u00edpio, principalmente em rela\u00e7\u00e3o \u00e0 sa\u00fade&#8221;, afirmou o vereador.<\/p>\n<p>Como Mordomia frisou, Vander tem se dedicado \u00e0 sa\u00fade de Aral Moreira. Recentemente, destinou uma emenda de R$ 700 mil, que foi utilizada na compra de m\u00f3veis e equipamentos para o Hospital e Maternidade Santa Luzia, que passou por revitaliza\u00e7\u00e3o, com reforma e amplia\u00e7\u00e3o em diversos setores.<\/p>\n<p>Para o deputado, esses recursos s\u00e3o resultado do \u00f3timo trabalho e da parceria da gest\u00e3o do prefeito Alexandre e dos vereadores Wilson Gon\u00e7alves e Giovani Corbari com o seu mandato.<\/p>\n<p>&#8220;Fico muito contente quando vejo que os recursos destinados aos munic\u00edpios est\u00e3o sendo bem aplicados. Tenho certeza de que essas ambul\u00e2ncias v\u00e3o atender bem a popula\u00e7\u00e3o de Aral Moreira, principalmente aqueles que mais necessitam. Nosso mandato segue \u00e0 disposi\u00e7\u00e3o do munic\u00edpio, para que ele continue progredindo e se desenvolvendo&#8221;, pontou Vander, que j\u00e1 destinou mais de R$ 17 milh\u00f5es para Aral Moreira.<\/p>\n<pre><em>Texto: Alex Nantes\/Ascom Dep. Vander Loubet\r\nEdi\u00e7\u00e3o: \u00c9der F. Yanaguita<\/em><\/pre>\n","protected":false},"excerpt":{"rendered":"<p>Recurso destinado pelo deputado atendeu solicita\u00e7\u00e3o dos vereadores Wilson Gon\u00e7alves (Mordomia) e Giovani Corbari.<\/p>\n","protected":false},"author":2,"featured_media":19003,"comment_status":"closed","ping_status":"closed","sticky":false,"template":"","format":"standard","meta":{"jetpack_post_was_ever_published":false,"_jetpack_newsletter_access":"","_jetpack_dont_email_post_to_subs":false,"_jetpack_newsletter_tier_id":0,"_jetpack_memberships_contains_paywalled_content":false,"_jetpack_memberships_contains_paid_content":false,"footnotes":""},"categories":[2097,10],"tags":[168,2127,1803],"class_list":{"0":"post-19002","1":"post","2":"type-post","3":"status-publish","4":"format-standard","5":"has-post-thumbnail","7":"category-municipios-noticias","8":"category-noticias","9":"tag-aral-moreira","10":"tag-emenda-parlamentar","11":"tag-saude"},"yoast_head":"<!-- This site is optimized with the Yoast SEO plugin v27.4 - https:\/\/yoast.com\/product\/yoast-seo-wordpress\/ -->\n<title>Emenda de Vander garante ambul\u00e2ncias e carro para sa\u00fade de Aral Moreira<\/title>\n<meta name=\"description\" content=\"Recurso destinado pelo deputado atendeu solicita\u00e7\u00e3o dos vereadores Wilson Gon\u00e7alves (Mordomia) e Giovani Corbari.\" \/>\n<meta name=\"robots\" content=\"index, follow, max-snippet:-1, max-image-preview:large, max-video-preview:-1\" \/>\n<link rel=\"canonical\" href=\"https:\/\/vanderloubet.com.br\/deputado\/emenda-de-vander-garante-ambulancias-e-carro-para-saude-de-aral-moreira\/\" \/>\n<meta property=\"og:locale\" content=\"pt_BR\" \/>\n<meta property=\"og:type\" content=\"article\" \/>\n<meta property=\"og:title\" content=\"Emenda de Vander garante ambul\u00e2ncias e carro para sa\u00fade de Aral Moreira\" \/>\n<meta property=\"og:description\" content=\"Recurso destinado pelo deputado atendeu solicita\u00e7\u00e3o dos vereadores Wilson Gon\u00e7alves (Mordomia) e Giovani Corbari.\" \/>\n<meta property=\"og:url\" content=\"https:\/\/vanderloubet.com.br\/deputado\/emenda-de-vander-garante-ambulancias-e-carro-para-saude-de-aral-moreira\/\" \/>\n<meta property=\"og:site_name\" content=\"Deputado Federal Vander Loubet\" \/>\n<meta property=\"article:publisher\" content=\"https:\/\/facebook.com\/deputadovander\" \/>\n<meta property=\"article:published_time\" content=\"2023-06-15T16:35:09+00:00\" \/>\n<meta property=\"article:modified_time\" content=\"2023-06-16T14:06:23+00:00\" \/>\n<meta property=\"og:image\" content=\"https:\/\/vanderloubet.com.br\/deputado\/wp-content\/uploads\/2023\/06\/foto-2023-06-15-ambulancia-tipo-a.jpg\" \/>\n\t<meta property=\"og:image:width\" content=\"900\" \/>\n\t<meta property=\"og:image:height\" content=\"600\" \/>\n\t<meta property=\"og:image:type\" content=\"image\/jpeg\" \/>\n<meta name=\"author\" content=\"\u00c9der\" \/>\n<meta name=\"twitter:card\" content=\"summary_large_image\" \/>\n<meta name=\"twitter:creator\" content=\"@vanderloubet\" \/>\n<meta name=\"twitter:site\" content=\"@vanderloubet\" \/>\n<script type=\"application\/ld+json\" class=\"yoast-schema-graph\">{\"@context\":\"https:\\\/\\\/schema.org\",\"@graph\":[{\"@type\":\"Article\",\"@id\":\"https:\\\/\\\/vanderloubet.com.br\\\/deputado\\\/emenda-de-vander-garante-ambulancias-e-carro-para-saude-de-aral-moreira\\\/#article\",\"isPartOf\":{\"@id\":\"https:\\\/\\\/vanderloubet.com.br\\\/deputado\\\/emenda-de-vander-garante-ambulancias-e-carro-para-saude-de-aral-moreira\\\/\"},\"author\":{\"name\":\"\u00c9der\",\"@id\":\"https:\\\/\\\/vanderloubet.com.br\\\/deputado\\\/#\\\/schema\\\/person\\\/15b51bd564532a8a68d9dec1b8eb890e\"},\"headline\":\"Emenda de Vander garante ambul\u00e2ncias e carro para sa\u00fade de Aral Moreira\",\"datePublished\":\"2023-06-15T16:35:09+00:00\",\"dateModified\":\"2023-06-16T14:06:23+00:00\",\"mainEntityOfPage\":{\"@id\":\"https:\\\/\\\/vanderloubet.com.br\\\/deputado\\\/emenda-de-vander-garante-ambulancias-e-carro-para-saude-de-aral-moreira\\\/\"},\"wordCount\":407,\"publisher\":{\"@id\":\"https:\\\/\\\/vanderloubet.com.br\\\/deputado\\\/#organization\"},\"image\":{\"@id\":\"https:\\\/\\\/vanderloubet.com.br\\\/deputado\\\/emenda-de-vander-garante-ambulancias-e-carro-para-saude-de-aral-moreira\\\/#primaryimage\"},\"thumbnailUrl\":\"https:\\\/\\\/vanderloubet.com.br\\\/deputado\\\/wp-content\\\/uploads\\\/2023\\\/06\\\/foto-2023-06-15-ambulancia-tipo-a.jpg\",\"keywords\":[\"aral moreira\",\"emenda parlamentar\",\"sa\u00fade\"],\"articleSection\":[\"Munic\u00edpios\",\"Not\u00edcias\"],\"inLanguage\":\"pt-BR\"},{\"@type\":\"WebPage\",\"@id\":\"https:\\\/\\\/vanderloubet.com.br\\\/deputado\\\/emenda-de-vander-garante-ambulancias-e-carro-para-saude-de-aral-moreira\\\/\",\"url\":\"https:\\\/\\\/vanderloubet.com.br\\\/deputado\\\/emenda-de-vander-garante-ambulancias-e-carro-para-saude-de-aral-moreira\\\/\",\"name\":\"Emenda de Vander garante ambul\u00e2ncias e carro para sa\u00fade de Aral Moreira\",\"isPartOf\":{\"@id\":\"https:\\\/\\\/vanderloubet.com.br\\\/deputado\\\/#website\"},\"primaryImageOfPage\":{\"@id\":\"https:\\\/\\\/vanderloubet.com.br\\\/deputado\\\/emenda-de-vander-garante-ambulancias-e-carro-para-saude-de-aral-moreira\\\/#primaryimage\"},\"image\":{\"@id\":\"https:\\\/\\\/vanderloubet.com.br\\\/deputado\\\/emenda-de-vander-garante-ambulancias-e-carro-para-saude-de-aral-moreira\\\/#primaryimage\"},\"thumbnailUrl\":\"https:\\\/\\\/vanderloubet.com.br\\\/deputado\\\/wp-content\\\/uploads\\\/2023\\\/06\\\/foto-2023-06-15-ambulancia-tipo-a.jpg\",\"datePublished\":\"2023-06-15T16:35:09+00:00\",\"dateModified\":\"2023-06-16T14:06:23+00:00\",\"description\":\"Recurso destinado pelo deputado atendeu solicita\u00e7\u00e3o dos vereadores Wilson Gon\u00e7alves (Mordomia) e Giovani Corbari.\",\"breadcrumb\":{\"@id\":\"https:\\\/\\\/vanderloubet.com.br\\\/deputado\\\/emenda-de-vander-garante-ambulancias-e-carro-para-saude-de-aral-moreira\\\/#breadcrumb\"},\"inLanguage\":\"pt-BR\",\"potentialAction\":[{\"@type\":\"ReadAction\",\"target\":[\"https:\\\/\\\/vanderloubet.com.br\\\/deputado\\\/emenda-de-vander-garante-ambulancias-e-carro-para-saude-de-aral-moreira\\\/\"]}]},{\"@type\":\"ImageObject\",\"inLanguage\":\"pt-BR\",\"@id\":\"https:\\\/\\\/vanderloubet.com.br\\\/deputado\\\/emenda-de-vander-garante-ambulancias-e-carro-para-saude-de-aral-moreira\\\/#primaryimage\",\"url\":\"https:\\\/\\\/vanderloubet.com.br\\\/deputado\\\/wp-content\\\/uploads\\\/2023\\\/06\\\/foto-2023-06-15-ambulancia-tipo-a.jpg\",\"contentUrl\":\"https:\\\/\\\/vanderloubet.com.br\\\/deputado\\\/wp-content\\\/uploads\\\/2023\\\/06\\\/foto-2023-06-15-ambulancia-tipo-a.jpg\",\"width\":900,\"height\":600,\"caption\":\"Modelo de ambul\u00e2ncia do tipo \\\"A\\\", como as que ser\u00e3o adquiridas para Aral Moreira\"},{\"@type\":\"BreadcrumbList\",\"@id\":\"https:\\\/\\\/vanderloubet.com.br\\\/deputado\\\/emenda-de-vander-garante-ambulancias-e-carro-para-saude-de-aral-moreira\\\/#breadcrumb\",\"itemListElement\":[{\"@type\":\"ListItem\",\"position\":1,\"name\":\"In\u00edcio\",\"item\":\"https:\\\/\\\/vanderloubet.com.br\\\/deputado\\\/\"},{\"@type\":\"ListItem\",\"position\":2,\"name\":\"Emenda de Vander garante ambul\u00e2ncias e carro para sa\u00fade de Aral Moreira\"}]},{\"@type\":\"WebSite\",\"@id\":\"https:\\\/\\\/vanderloubet.com.br\\\/deputado\\\/#website\",\"url\":\"https:\\\/\\\/vanderloubet.com.br\\\/deputado\\\/\",\"name\":\"Deputado Federal Vander Loubet\",\"description\":\"O Federal de MS\",\"publisher\":{\"@id\":\"https:\\\/\\\/vanderloubet.com.br\\\/deputado\\\/#organization\"},\"alternateName\":\"Deputado Vander\",\"potentialAction\":[{\"@type\":\"SearchAction\",\"target\":{\"@type\":\"EntryPoint\",\"urlTemplate\":\"https:\\\/\\\/vanderloubet.com.br\\\/deputado\\\/?s={search_term_string}\"},\"query-input\":{\"@type\":\"PropertyValueSpecification\",\"valueRequired\":true,\"valueName\":\"search_term_string\"}}],\"inLanguage\":\"pt-BR\"},{\"@type\":\"Organization\",\"@id\":\"https:\\\/\\\/vanderloubet.com.br\\\/deputado\\\/#organization\",\"name\":\"Deputado Federal Vander Loubet\",\"alternateName\":\"Deputado Vander\",\"url\":\"https:\\\/\\\/vanderloubet.com.br\\\/deputado\\\/\",\"logo\":{\"@type\":\"ImageObject\",\"inLanguage\":\"pt-BR\",\"@id\":\"https:\\\/\\\/vanderloubet.com.br\\\/deputado\\\/#\\\/schema\\\/logo\\\/image\\\/\",\"url\":\"https:\\\/\\\/vanderloubet.com.br\\\/deputado\\\/wp-content\\\/uploads\\\/2023\\\/06\\\/foto-2023-06-19-mandato-deputado-vander.jpg\",\"contentUrl\":\"https:\\\/\\\/vanderloubet.com.br\\\/deputado\\\/wp-content\\\/uploads\\\/2023\\\/06\\\/foto-2023-06-19-mandato-deputado-vander.jpg\",\"width\":1080,\"height\":1080,\"caption\":\"Deputado Federal Vander Loubet\"},\"image\":{\"@id\":\"https:\\\/\\\/vanderloubet.com.br\\\/deputado\\\/#\\\/schema\\\/logo\\\/image\\\/\"},\"sameAs\":[\"https:\\\/\\\/facebook.com\\\/deputadovander\",\"https:\\\/\\\/x.com\\\/vanderloubet\",\"https:\\\/\\\/instagram.com\\\/vanderloubet\",\"https:\\\/\\\/youtube.com\\\/vanderloubet\",\"https:\\\/\\\/tiktok.com\\\/@vanderloubetms\"]},{\"@type\":\"Person\",\"@id\":\"https:\\\/\\\/vanderloubet.com.br\\\/deputado\\\/#\\\/schema\\\/person\\\/15b51bd564532a8a68d9dec1b8eb890e\",\"name\":\"\u00c9der\",\"image\":{\"@type\":\"ImageObject\",\"inLanguage\":\"pt-BR\",\"@id\":\"https:\\\/\\\/vanderloubet.com.br\\\/deputado\\\/wp-content\\\/litespeed\\\/avatar\\\/88ca4090d9d5ab1c9495f6ca03b68efa.jpg?ver=1777058957\",\"url\":\"https:\\\/\\\/vanderloubet.com.br\\\/deputado\\\/wp-content\\\/litespeed\\\/avatar\\\/88ca4090d9d5ab1c9495f6ca03b68efa.jpg?ver=1777058957\",\"contentUrl\":\"https:\\\/\\\/vanderloubet.com.br\\\/deputado\\\/wp-content\\\/litespeed\\\/avatar\\\/88ca4090d9d5ab1c9495f6ca03b68efa.jpg?ver=1777058957\",\"caption\":\"\u00c9der\"}}]}<\/script>\n<!-- \/ Yoast SEO plugin. -->","yoast_head_json":{"title":"Emenda de Vander garante ambul\u00e2ncias e carro para sa\u00fade de Aral Moreira","description":"Recurso destinado pelo deputado atendeu solicita\u00e7\u00e3o dos vereadores Wilson Gon\u00e7alves (Mordomia) e Giovani Corbari.","robots":{"index":"index","follow":"follow","max-snippet":"max-snippet:-1","max-image-preview":"max-image-preview:large","max-video-preview":"max-video-preview:-1"},"canonical":"https:\/\/vanderloubet.com.br\/deputado\/emenda-de-vander-garante-ambulancias-e-carro-para-saude-de-aral-moreira\/","og_locale":"pt_BR","og_type":"article","og_title":"Emenda de Vander garante ambul\u00e2ncias e carro para sa\u00fade de Aral Moreira","og_description":"Recurso destinado pelo deputado atendeu solicita\u00e7\u00e3o dos vereadores Wilson Gon\u00e7alves (Mordomia) e Giovani Corbari.","og_url":"https:\/\/vanderloubet.com.br\/deputado\/emenda-de-vander-garante-ambulancias-e-carro-para-saude-de-aral-moreira\/","og_site_name":"Deputado Federal Vander Loubet","article_publisher":"https:\/\/facebook.com\/deputadovander","article_published_time":"2023-06-15T16:35:09+00:00","article_modified_time":"2023-06-16T14:06:23+00:00","og_image":[{"width":900,"height":600,"url":"https:\/\/vanderloubet.com.br\/deputado\/wp-content\/uploads\/2023\/06\/foto-2023-06-15-ambulancia-tipo-a.jpg","type":"image\/jpeg"}],"author":"\u00c9der","twitter_card":"summary_large_image","twitter_creator":"@vanderloubet","twitter_site":"@vanderloubet","schema":{"@context":"https:\/\/schema.org","@graph":[{"@type":"Article","@id":"https:\/\/vanderloubet.com.br\/deputado\/emenda-de-vander-garante-ambulancias-e-carro-para-saude-de-aral-moreira\/#article","isPartOf":{"@id":"https:\/\/vanderloubet.com.br\/deputado\/emenda-de-vander-garante-ambulancias-e-carro-para-saude-de-aral-moreira\/"},"author":{"name":"\u00c9der","@id":"https:\/\/vanderloubet.com.br\/deputado\/#\/schema\/person\/15b51bd564532a8a68d9dec1b8eb890e"},"headline":"Emenda de Vander garante ambul\u00e2ncias e carro para sa\u00fade de Aral Moreira","datePublished":"2023-06-15T16:35:09+00:00","dateModified":"2023-06-16T14:06:23+00:00","mainEntityOfPage":{"@id":"https:\/\/vanderloubet.com.br\/deputado\/emenda-de-vander-garante-ambulancias-e-carro-para-saude-de-aral-moreira\/"},"wordCount":407,"publisher":{"@id":"https:\/\/vanderloubet.com.br\/deputado\/#organization"},"image":{"@id":"https:\/\/vanderloubet.com.br\/deputado\/emenda-de-vander-garante-ambulancias-e-carro-para-saude-de-aral-moreira\/#primaryimage"},"thumbnailUrl":"https:\/\/vanderloubet.com.br\/deputado\/wp-content\/uploads\/2023\/06\/foto-2023-06-15-ambulancia-tipo-a.jpg","keywords":["aral moreira","emenda parlamentar","sa\u00fade"],"articleSection":["Munic\u00edpios","Not\u00edcias"],"inLanguage":"pt-BR"},{"@type":"WebPage","@id":"https:\/\/vanderloubet.com.br\/deputado\/emenda-de-vander-garante-ambulancias-e-carro-para-saude-de-aral-moreira\/","url":"https:\/\/vanderloubet.com.br\/deputado\/emenda-de-vander-garante-ambulancias-e-carro-para-saude-de-aral-moreira\/","name":"Emenda de Vander garante ambul\u00e2ncias e carro para sa\u00fade de Aral Moreira","isPartOf":{"@id":"https:\/\/vanderloubet.com.br\/deputado\/#website"},"primaryImageOfPage":{"@id":"https:\/\/vanderloubet.com.br\/deputado\/emenda-de-vander-garante-ambulancias-e-carro-para-saude-de-aral-moreira\/#primaryimage"},"image":{"@id":"https:\/\/vanderloubet.com.br\/deputado\/emenda-de-vander-garante-ambulancias-e-carro-para-saude-de-aral-moreira\/#primaryimage"},"thumbnailUrl":"https:\/\/vanderloubet.com.br\/deputado\/wp-content\/uploads\/2023\/06\/foto-2023-06-15-ambulancia-tipo-a.jpg","datePublished":"2023-06-15T16:35:09+00:00","dateModified":"2023-06-16T14:06:23+00:00","description":"Recurso destinado pelo deputado atendeu solicita\u00e7\u00e3o dos vereadores Wilson Gon\u00e7alves (Mordomia) e Giovani Corbari.","breadcrumb":{"@id":"https:\/\/vanderloubet.com.br\/deputado\/emenda-de-vander-garante-ambulancias-e-carro-para-saude-de-aral-moreira\/#breadcrumb"},"inLanguage":"pt-BR","potentialAction":[{"@type":"ReadAction","target":["https:\/\/vanderloubet.com.br\/deputado\/emenda-de-vander-garante-ambulancias-e-carro-para-saude-de-aral-moreira\/"]}]},{"@type":"ImageObject","inLanguage":"pt-BR","@id":"https:\/\/vanderloubet.com.br\/deputado\/emenda-de-vander-garante-ambulancias-e-carro-para-saude-de-aral-moreira\/#primaryimage","url":"https:\/\/vanderloubet.com.br\/deputado\/wp-content\/uploads\/2023\/06\/foto-2023-06-15-ambulancia-tipo-a.jpg","contentUrl":"https:\/\/vanderloubet.com.br\/deputado\/wp-content\/uploads\/2023\/06\/foto-2023-06-15-ambulancia-tipo-a.jpg","width":900,"height":600,"caption":"Modelo de ambul\u00e2ncia do tipo \"A\", como as que ser\u00e3o adquiridas para Aral Moreira"},{"@type":"BreadcrumbList","@id":"https:\/\/vanderloubet.com.br\/deputado\/emenda-de-vander-garante-ambulancias-e-carro-para-saude-de-aral-moreira\/#breadcrumb","itemListElement":[{"@type":"ListItem","position":1,"name":"In\u00edcio","item":"https:\/\/vanderloubet.com.br\/deputado\/"},{"@type":"ListItem","position":2,"name":"Emenda de Vander garante ambul\u00e2ncias e carro para sa\u00fade de Aral Moreira"}]},{"@type":"WebSite","@id":"https:\/\/vanderloubet.com.br\/deputado\/#website","url":"https:\/\/vanderloubet.com.br\/deputado\/","name":"Deputado Federal Vander Loubet","description":"O Federal de MS","publisher":{"@id":"https:\/\/vanderloubet.com.br\/deputado\/#organization"},"alternateName":"Deputado Vander","potentialAction":[{"@type":"SearchAction","target":{"@type":"EntryPoint","urlTemplate":"https:\/\/vanderloubet.com.br\/deputado\/?s={search_term_string}"},"query-input":{"@type":"PropertyValueSpecification","valueRequired":true,"valueName":"search_term_string"}}],"inLanguage":"pt-BR"},{"@type":"Organization","@id":"https:\/\/vanderloubet.com.br\/deputado\/#organization","name":"Deputado Federal Vander Loubet","alternateName":"Deputado Vander","url":"https:\/\/vanderloubet.com.br\/deputado\/","logo":{"@type":"ImageObject","inLanguage":"pt-BR","@id":"https:\/\/vanderloubet.com.br\/deputado\/#\/schema\/logo\/image\/","url":"https:\/\/vanderloubet.com.br\/deputado\/wp-content\/uploads\/2023\/06\/foto-2023-06-19-mandato-deputado-vander.jpg","contentUrl":"https:\/\/vanderloubet.com.br\/deputado\/wp-content\/uploads\/2023\/06\/foto-2023-06-19-mandato-deputado-vander.jpg","width":1080,"height":1080,"caption":"Deputado Federal Vander Loubet"},"image":{"@id":"https:\/\/vanderloubet.com.br\/deputado\/#\/schema\/logo\/image\/"},"sameAs":["https:\/\/facebook.com\/deputadovander","https:\/\/x.com\/vanderloubet","https:\/\/instagram.com\/vanderloubet","https:\/\/youtube.com\/vanderloubet","https:\/\/tiktok.com\/@vanderloubetms"]},{"@type":"Person","@id":"https:\/\/vanderloubet.com.br\/deputado\/#\/schema\/person\/15b51bd564532a8a68d9dec1b8eb890e","name":"\u00c9der","image":{"@type":"ImageObject","inLanguage":"pt-BR","@id":"https:\/\/vanderloubet.com.br\/deputado\/wp-content\/litespeed\/avatar\/88ca4090d9d5ab1c9495f6ca03b68efa.jpg?ver=1777058957","url":"https:\/\/vanderloubet.com.br\/deputado\/wp-content\/litespeed\/avatar\/88ca4090d9d5ab1c9495f6ca03b68efa.jpg?ver=1777058957","contentUrl":"https:\/\/vanderloubet.com.br\/deputado\/wp-content\/litespeed\/avatar\/88ca4090d9d5ab1c9495f6ca03b68efa.jpg?ver=1777058957","caption":"\u00c9der"}}]}},"jetpack_featured_media_url":"https:\/\/vanderloubet.com.br\/deputado\/wp-content\/uploads\/2023\/06\/foto-2023-06-15-ambulancia-tipo-a.jpg","jetpack_sharing_enabled":true,"_links":{"self":[{"href":"https:\/\/vanderloubet.com.br\/deputado\/wp-json\/wp\/v2\/posts\/19002","targetHints":{"allow":["GET"]}}],"collection":[{"href":"https:\/\/vanderloubet.com.br\/deputado\/wp-json\/wp\/v2\/posts"}],"about":[{"href":"https:\/\/vanderloubet.com.br\/deputado\/wp-json\/wp\/v2\/types\/post"}],"author":[{"embeddable":true,"href":"https:\/\/vanderloubet.com.br\/deputado\/wp-json\/wp\/v2\/users\/2"}],"replies":[{"embeddable":true,"href":"https:\/\/vanderloubet.com.br\/deputado\/wp-json\/wp\/v2\/comments?post=19002"}],"version-history":[{"count":0,"href":"https:\/\/vanderloubet.com.br\/deputado\/wp-json\/wp\/v2\/posts\/19002\/revisions"}],"wp:featuredmedia":[{"embeddable":true,"href":"https:\/\/vanderloubet.com.br\/deputado\/wp-json\/wp\/v2\/media\/19003"}],"wp:attachment":[{"href":"https:\/\/vanderloubet.com.br\/deputado\/wp-json\/wp\/v2\/media?parent=19002"}],"wp:term":[{"taxonomy":"category","embeddable":true,"href":"https:\/\/vanderloubet.com.br\/deputado\/wp-json\/wp\/v2\/categories?post=19002"},{"taxonomy":"post_tag","embeddable":true,"href":"https:\/\/vanderloubet.com.br\/deputado\/wp-json\/wp\/v2\/tags?post=19002"}],"curies":[{"name":"wp","href":"https:\/\/api.w.org\/{rel}","templated":true}]}}