{"id":18999,"date":"2023-06-14T14:19:23","date_gmt":"2023-06-14T18:19:23","guid":{"rendered":"https:\/\/vanderloubet.com.br\/deputado\/?p=18999"},"modified":"2023-06-15T14:56:18","modified_gmt":"2023-06-15T18:56:18","slug":"apos-reivindicacao-vander-e-zeca-recebem-sinal-positivo-para-segundo-dsei-em-ms","status":"publish","type":"post","link":"https:\/\/vanderloubet.com.br\/deputado\/apos-reivindicacao-vander-e-zeca-recebem-sinal-positivo-para-segundo-dsei-em-ms\/","title":{"rendered":"Ap\u00f3s reivindica\u00e7\u00e3o, Vander e Zeca recebem sinal positivo para segundo Dsei em MS"},"content":{"rendered":"<p>Nesta ter\u00e7a-feira (13), o deputado federal Vander Loubet (PT-MS) informou que a reivindica\u00e7\u00e3o de cria\u00e7\u00e3o de mais uma unidade de Distrito Sanit\u00e1rio Especial Ind\u00edgena (Dsei) em Mato Grosso do Sul est\u00e1 pr\u00f3xima de se concretizar. A nova unidade deve ser implantada em Amambai ou em Dourados.<\/p>\n<p>De acordo com o deputado, essa bandeira j\u00e1 \u00e9 defendida por seu mandato e pelo deputado estadual Zeca do PT h\u00e1 v\u00e1rios anos e auxiliaria na corre\u00e7\u00e3o do que ele chama de injusti\u00e7a com os povos ind\u00edgenas do estado.<\/p>\n<p>&#8220;Temos a segunda maior popula\u00e7\u00e3o ind\u00edgena do Brasil, atr\u00e1s apenas do Amazonas, e apenas um Dsei, que \u00e9 esse que fica em Campo Grande. Por outro lado, nosso vizinho Mato Grosso tem apenas a sexta popula\u00e7\u00e3o ind\u00edgena do pa\u00eds e cinco unidades de Dsei. N\u00e3o tem cabimento isso. Por isso, a implanta\u00e7\u00e3o de mais unidades de Dsei em nosso estado \u00e9 fundamental para corrigir essa injusti\u00e7a e garantir melhor atendimento para as aldeias de Mato Grosso do Sul&#8221;, pontua Vander.<\/p>\n<p>Recentemente, em 1\u00ba de junho, Zeca e o chefe de gabinete de Vander, Sandro Omar de Oliveira Santos, se reuniram com lideran\u00e7as ind\u00edgenas de Amambai, Coronel Sapucaia e Tacuru, que refor\u00e7aram a cobran\u00e7a da comunidade pela implanta\u00e7\u00e3o do novo Dsei.<\/p>\n<p><strong>Novo momento<\/strong><\/p>\n<p>Com a posse de Lula como presidente e a cria\u00e7\u00e3o do Minist\u00e9rio dos Povos Ind\u00edgenas (MPI), Vander e Zeca iniciaram um trabalho de articula\u00e7\u00e3o junto ao governo federal para viabilizar mais um Dsei no estado. &#8220;At\u00e9 porque era uma pauta que a gente j\u00e1 havia discutido com o Lula ainda na campanha&#8221;, complementa Vander.<\/p>\n<p>A articula\u00e7\u00e3o contou com o apoio de uma importante lideran\u00e7a ind\u00edgena de Mato Grosso do Sul, Lindomar Terena, que atualmente ocupa o cargo de diretor do Departamento de Promo\u00e7\u00e3o da Pol\u00edtica Indigenista da Secretaria de Articula\u00e7\u00e3o e Promo\u00e7\u00e3o de Direitos Ind\u00edgenas do MPI.<\/p>\n<p>&#8220;Esse novo momento que o Brasil est\u00e1 vivendo permitiu que a gente pudesse dar in\u00edcio ao trabalho para viabilizar essa reivindica\u00e7\u00e3o. Nesse sentido, como uma pessoa que conhece a realidade dos ind\u00edgenas do nosso estado, o Lindomar foi uma voz importante para n\u00f3s nessa articula\u00e7\u00e3o. Com o apoio dele, recebemos uma sinaliza\u00e7\u00e3o positiva sobre nossa demanda por parte do governo e agora s\u00f3 resta termos uma agenda com o Ricardo Weibe Nascimento Costa, que \u00e9 o secret\u00e1rio especial de Sa\u00fade Ind\u00edgena, para tratarmos dos detalhes da implanta\u00e7\u00e3o desse segundo Dsei&#8221;, concluiu Vander.<\/p>\n<p><strong>Aten\u00e7\u00e3o \u00e0 sa\u00fade<\/strong><\/p>\n<p>O Distrito Sanit\u00e1rio Especial Ind\u00edgena (Dsei) \u00e9 a unidade gestora descentralizada do Subsistema de Aten\u00e7\u00e3o \u00e0 Sa\u00fade Ind\u00edgena (SasiSUS), subordinada \u00e0 Secretaria Especial de Sa\u00fade Ind\u00edgena (Sesai) do Minist\u00e9rio da Sa\u00fade. Trata-se de um modelo de organiza\u00e7\u00e3o de servi\u00e7os de aten\u00e7\u00e3o \u00e0 sa\u00fade ind\u00edgena.<\/p>\n<p>No Brasil, existem atualmente 34 Dsei divididos por crit\u00e9rios territoriais, tendo como base a ocupa\u00e7\u00e3o geogr\u00e1fica das comunidades ind\u00edgenas, n\u00e3o obedecendo necessariamente os limites dos estados.<\/p>\n<pre><em>Texto: \u00c9der F. Yanaguita\r\nFoto: \u00cdtalo Milhomem<\/em><\/pre>\n","protected":false},"excerpt":{"rendered":"<p>Bandeira \u00e9 defendida pelos deputados h\u00e1 v\u00e1rios anos e auxiliaria na corre\u00e7\u00e3o do que chamam de injusti\u00e7a com os ind\u00edgenas do estado.<\/p>\n","protected":false},"author":2,"featured_media":19000,"comment_status":"closed","ping_status":"closed","sticky":false,"template":"","format":"standard","meta":{"jetpack_post_was_ever_published":false,"_jetpack_newsletter_access":"","_jetpack_dont_email_post_to_subs":false,"_jetpack_newsletter_tier_id":0,"_jetpack_memberships_contains_paywalled_content":false,"_jetpack_memberships_contains_paid_content":false,"footnotes":""},"categories":[2099,10],"tags":[2525,1017,1803],"class_list":{"0":"post-18999","1":"post","2":"type-post","3":"status-publish","4":"format-standard","5":"has-post-thumbnail","7":"category-ms-noticias","8":"category-noticias","9":"tag-governo-federal","10":"tag-indigenas","11":"tag-saude"},"yoast_head":"<!-- This site is optimized with the Yoast SEO plugin v27.4 - https:\/\/yoast.com\/product\/yoast-seo-wordpress\/ -->\n<title>Ap\u00f3s reivindica\u00e7\u00e3o, Vander e Zeca recebem sinal positivo para segundo Dsei em MS<\/title>\n<meta name=\"description\" content=\"Bandeira \u00e9 defendida pelos deputados h\u00e1 v\u00e1rios anos e auxiliaria na corre\u00e7\u00e3o do que chamam de injusti\u00e7a com os ind\u00edgenas do estado.\" \/>\n<meta name=\"robots\" content=\"index, follow, max-snippet:-1, max-image-preview:large, max-video-preview:-1\" \/>\n<link rel=\"canonical\" href=\"https:\/\/vanderloubet.com.br\/deputado\/apos-reivindicacao-vander-e-zeca-recebem-sinal-positivo-para-segundo-dsei-em-ms\/\" \/>\n<meta property=\"og:locale\" content=\"pt_BR\" \/>\n<meta property=\"og:type\" content=\"article\" \/>\n<meta property=\"og:title\" content=\"Ap\u00f3s reivindica\u00e7\u00e3o, Vander e Zeca recebem sinal positivo para segundo Dsei em MS\" \/>\n<meta property=\"og:description\" content=\"Bandeira \u00e9 defendida pelos deputados h\u00e1 v\u00e1rios anos e auxiliaria na corre\u00e7\u00e3o do que chamam de injusti\u00e7a com os ind\u00edgenas do estado.\" \/>\n<meta property=\"og:url\" content=\"https:\/\/vanderloubet.com.br\/deputado\/apos-reivindicacao-vander-e-zeca-recebem-sinal-positivo-para-segundo-dsei-em-ms\/\" \/>\n<meta property=\"og:site_name\" content=\"Deputado Federal Vander Loubet\" \/>\n<meta property=\"article:publisher\" content=\"https:\/\/facebook.com\/deputadovander\" \/>\n<meta property=\"article:published_time\" content=\"2023-06-14T18:19:23+00:00\" \/>\n<meta property=\"article:modified_time\" content=\"2023-06-15T18:56:18+00:00\" \/>\n<meta property=\"og:image\" content=\"https:\/\/vanderloubet.com.br\/deputado\/wp-content\/uploads\/2023\/06\/foto-2023-06-14-vander-zeca-com-indigenas.jpg\" \/>\n\t<meta property=\"og:image:width\" content=\"900\" \/>\n\t<meta property=\"og:image:height\" content=\"675\" \/>\n\t<meta property=\"og:image:type\" content=\"image\/jpeg\" \/>\n<meta name=\"author\" content=\"\u00c9der\" \/>\n<meta name=\"twitter:card\" content=\"summary_large_image\" \/>\n<meta name=\"twitter:creator\" content=\"@vanderloubet\" \/>\n<meta name=\"twitter:site\" content=\"@vanderloubet\" \/>\n<script type=\"application\/ld+json\" class=\"yoast-schema-graph\">{\"@context\":\"https:\\\/\\\/schema.org\",\"@graph\":[{\"@type\":\"Article\",\"@id\":\"https:\\\/\\\/vanderloubet.com.br\\\/deputado\\\/apos-reivindicacao-vander-e-zeca-recebem-sinal-positivo-para-segundo-dsei-em-ms\\\/#article\",\"isPartOf\":{\"@id\":\"https:\\\/\\\/vanderloubet.com.br\\\/deputado\\\/apos-reivindicacao-vander-e-zeca-recebem-sinal-positivo-para-segundo-dsei-em-ms\\\/\"},\"author\":{\"name\":\"\u00c9der\",\"@id\":\"https:\\\/\\\/vanderloubet.com.br\\\/deputado\\\/#\\\/schema\\\/person\\\/15b51bd564532a8a68d9dec1b8eb890e\"},\"headline\":\"Ap\u00f3s reivindica\u00e7\u00e3o, Vander e Zeca recebem sinal positivo para segundo Dsei em MS\",\"datePublished\":\"2023-06-14T18:19:23+00:00\",\"dateModified\":\"2023-06-15T18:56:18+00:00\",\"mainEntityOfPage\":{\"@id\":\"https:\\\/\\\/vanderloubet.com.br\\\/deputado\\\/apos-reivindicacao-vander-e-zeca-recebem-sinal-positivo-para-segundo-dsei-em-ms\\\/\"},\"wordCount\":539,\"publisher\":{\"@id\":\"https:\\\/\\\/vanderloubet.com.br\\\/deputado\\\/#organization\"},\"image\":{\"@id\":\"https:\\\/\\\/vanderloubet.com.br\\\/deputado\\\/apos-reivindicacao-vander-e-zeca-recebem-sinal-positivo-para-segundo-dsei-em-ms\\\/#primaryimage\"},\"thumbnailUrl\":\"https:\\\/\\\/vanderloubet.com.br\\\/deputado\\\/wp-content\\\/uploads\\\/2023\\\/06\\\/foto-2023-06-14-vander-zeca-com-indigenas.jpg\",\"keywords\":[\"governo federal\",\"ind\u00edgenas\",\"sa\u00fade\"],\"articleSection\":[\"Mato Grosso do Sul\",\"Not\u00edcias\"],\"inLanguage\":\"pt-BR\"},{\"@type\":\"WebPage\",\"@id\":\"https:\\\/\\\/vanderloubet.com.br\\\/deputado\\\/apos-reivindicacao-vander-e-zeca-recebem-sinal-positivo-para-segundo-dsei-em-ms\\\/\",\"url\":\"https:\\\/\\\/vanderloubet.com.br\\\/deputado\\\/apos-reivindicacao-vander-e-zeca-recebem-sinal-positivo-para-segundo-dsei-em-ms\\\/\",\"name\":\"Ap\u00f3s reivindica\u00e7\u00e3o, Vander e Zeca recebem sinal positivo para segundo Dsei em MS\",\"isPartOf\":{\"@id\":\"https:\\\/\\\/vanderloubet.com.br\\\/deputado\\\/#website\"},\"primaryImageOfPage\":{\"@id\":\"https:\\\/\\\/vanderloubet.com.br\\\/deputado\\\/apos-reivindicacao-vander-e-zeca-recebem-sinal-positivo-para-segundo-dsei-em-ms\\\/#primaryimage\"},\"image\":{\"@id\":\"https:\\\/\\\/vanderloubet.com.br\\\/deputado\\\/apos-reivindicacao-vander-e-zeca-recebem-sinal-positivo-para-segundo-dsei-em-ms\\\/#primaryimage\"},\"thumbnailUrl\":\"https:\\\/\\\/vanderloubet.com.br\\\/deputado\\\/wp-content\\\/uploads\\\/2023\\\/06\\\/foto-2023-06-14-vander-zeca-com-indigenas.jpg\",\"datePublished\":\"2023-06-14T18:19:23+00:00\",\"dateModified\":\"2023-06-15T18:56:18+00:00\",\"description\":\"Bandeira \u00e9 defendida pelos deputados h\u00e1 v\u00e1rios anos e auxiliaria na corre\u00e7\u00e3o do que chamam de injusti\u00e7a com os ind\u00edgenas do estado.\",\"breadcrumb\":{\"@id\":\"https:\\\/\\\/vanderloubet.com.br\\\/deputado\\\/apos-reivindicacao-vander-e-zeca-recebem-sinal-positivo-para-segundo-dsei-em-ms\\\/#breadcrumb\"},\"inLanguage\":\"pt-BR\",\"potentialAction\":[{\"@type\":\"ReadAction\",\"target\":[\"https:\\\/\\\/vanderloubet.com.br\\\/deputado\\\/apos-reivindicacao-vander-e-zeca-recebem-sinal-positivo-para-segundo-dsei-em-ms\\\/\"]}]},{\"@type\":\"ImageObject\",\"inLanguage\":\"pt-BR\",\"@id\":\"https:\\\/\\\/vanderloubet.com.br\\\/deputado\\\/apos-reivindicacao-vander-e-zeca-recebem-sinal-positivo-para-segundo-dsei-em-ms\\\/#primaryimage\",\"url\":\"https:\\\/\\\/vanderloubet.com.br\\\/deputado\\\/wp-content\\\/uploads\\\/2023\\\/06\\\/foto-2023-06-14-vander-zeca-com-indigenas.jpg\",\"contentUrl\":\"https:\\\/\\\/vanderloubet.com.br\\\/deputado\\\/wp-content\\\/uploads\\\/2023\\\/06\\\/foto-2023-06-14-vander-zeca-com-indigenas.jpg\",\"width\":900,\"height\":675,\"caption\":\"Zeca e Vander, durante visita a uma aldeia de Dois Irm\u00e3os do Buriti\"},{\"@type\":\"BreadcrumbList\",\"@id\":\"https:\\\/\\\/vanderloubet.com.br\\\/deputado\\\/apos-reivindicacao-vander-e-zeca-recebem-sinal-positivo-para-segundo-dsei-em-ms\\\/#breadcrumb\",\"itemListElement\":[{\"@type\":\"ListItem\",\"position\":1,\"name\":\"In\u00edcio\",\"item\":\"https:\\\/\\\/vanderloubet.com.br\\\/deputado\\\/\"},{\"@type\":\"ListItem\",\"position\":2,\"name\":\"Ap\u00f3s reivindica\u00e7\u00e3o, Vander e Zeca recebem sinal positivo para segundo Dsei em MS\"}]},{\"@type\":\"WebSite\",\"@id\":\"https:\\\/\\\/vanderloubet.com.br\\\/deputado\\\/#website\",\"url\":\"https:\\\/\\\/vanderloubet.com.br\\\/deputado\\\/\",\"name\":\"Deputado Federal Vander Loubet\",\"description\":\"O Federal de MS\",\"publisher\":{\"@id\":\"https:\\\/\\\/vanderloubet.com.br\\\/deputado\\\/#organization\"},\"alternateName\":\"Deputado Vander\",\"potentialAction\":[{\"@type\":\"SearchAction\",\"target\":{\"@type\":\"EntryPoint\",\"urlTemplate\":\"https:\\\/\\\/vanderloubet.com.br\\\/deputado\\\/?s={search_term_string}\"},\"query-input\":{\"@type\":\"PropertyValueSpecification\",\"valueRequired\":true,\"valueName\":\"search_term_string\"}}],\"inLanguage\":\"pt-BR\"},{\"@type\":\"Organization\",\"@id\":\"https:\\\/\\\/vanderloubet.com.br\\\/deputado\\\/#organization\",\"name\":\"Deputado Federal Vander Loubet\",\"alternateName\":\"Deputado Vander\",\"url\":\"https:\\\/\\\/vanderloubet.com.br\\\/deputado\\\/\",\"logo\":{\"@type\":\"ImageObject\",\"inLanguage\":\"pt-BR\",\"@id\":\"https:\\\/\\\/vanderloubet.com.br\\\/deputado\\\/#\\\/schema\\\/logo\\\/image\\\/\",\"url\":\"https:\\\/\\\/vanderloubet.com.br\\\/deputado\\\/wp-content\\\/uploads\\\/2023\\\/06\\\/foto-2023-06-19-mandato-deputado-vander.jpg\",\"contentUrl\":\"https:\\\/\\\/vanderloubet.com.br\\\/deputado\\\/wp-content\\\/uploads\\\/2023\\\/06\\\/foto-2023-06-19-mandato-deputado-vander.jpg\",\"width\":1080,\"height\":1080,\"caption\":\"Deputado Federal Vander Loubet\"},\"image\":{\"@id\":\"https:\\\/\\\/vanderloubet.com.br\\\/deputado\\\/#\\\/schema\\\/logo\\\/image\\\/\"},\"sameAs\":[\"https:\\\/\\\/facebook.com\\\/deputadovander\",\"https:\\\/\\\/x.com\\\/vanderloubet\",\"https:\\\/\\\/instagram.com\\\/vanderloubet\",\"https:\\\/\\\/youtube.com\\\/vanderloubet\",\"https:\\\/\\\/tiktok.com\\\/@vanderloubetms\"]},{\"@type\":\"Person\",\"@id\":\"https:\\\/\\\/vanderloubet.com.br\\\/deputado\\\/#\\\/schema\\\/person\\\/15b51bd564532a8a68d9dec1b8eb890e\",\"name\":\"\u00c9der\",\"image\":{\"@type\":\"ImageObject\",\"inLanguage\":\"pt-BR\",\"@id\":\"https:\\\/\\\/vanderloubet.com.br\\\/deputado\\\/wp-content\\\/litespeed\\\/avatar\\\/88ca4090d9d5ab1c9495f6ca03b68efa.jpg?ver=1777058957\",\"url\":\"https:\\\/\\\/vanderloubet.com.br\\\/deputado\\\/wp-content\\\/litespeed\\\/avatar\\\/88ca4090d9d5ab1c9495f6ca03b68efa.jpg?ver=1777058957\",\"contentUrl\":\"https:\\\/\\\/vanderloubet.com.br\\\/deputado\\\/wp-content\\\/litespeed\\\/avatar\\\/88ca4090d9d5ab1c9495f6ca03b68efa.jpg?ver=1777058957\",\"caption\":\"\u00c9der\"}}]}<\/script>\n<!-- \/ Yoast SEO plugin. -->","yoast_head_json":{"title":"Ap\u00f3s reivindica\u00e7\u00e3o, Vander e Zeca recebem sinal positivo para segundo Dsei em MS","description":"Bandeira \u00e9 defendida pelos deputados h\u00e1 v\u00e1rios anos e auxiliaria na corre\u00e7\u00e3o do que chamam de injusti\u00e7a com os ind\u00edgenas do estado.","robots":{"index":"index","follow":"follow","max-snippet":"max-snippet:-1","max-image-preview":"max-image-preview:large","max-video-preview":"max-video-preview:-1"},"canonical":"https:\/\/vanderloubet.com.br\/deputado\/apos-reivindicacao-vander-e-zeca-recebem-sinal-positivo-para-segundo-dsei-em-ms\/","og_locale":"pt_BR","og_type":"article","og_title":"Ap\u00f3s reivindica\u00e7\u00e3o, Vander e Zeca recebem sinal positivo para segundo Dsei em MS","og_description":"Bandeira \u00e9 defendida pelos deputados h\u00e1 v\u00e1rios anos e auxiliaria na corre\u00e7\u00e3o do que chamam de injusti\u00e7a com os ind\u00edgenas do estado.","og_url":"https:\/\/vanderloubet.com.br\/deputado\/apos-reivindicacao-vander-e-zeca-recebem-sinal-positivo-para-segundo-dsei-em-ms\/","og_site_name":"Deputado Federal Vander Loubet","article_publisher":"https:\/\/facebook.com\/deputadovander","article_published_time":"2023-06-14T18:19:23+00:00","article_modified_time":"2023-06-15T18:56:18+00:00","og_image":[{"width":900,"height":675,"url":"https:\/\/vanderloubet.com.br\/deputado\/wp-content\/uploads\/2023\/06\/foto-2023-06-14-vander-zeca-com-indigenas.jpg","type":"image\/jpeg"}],"author":"\u00c9der","twitter_card":"summary_large_image","twitter_creator":"@vanderloubet","twitter_site":"@vanderloubet","schema":{"@context":"https:\/\/schema.org","@graph":[{"@type":"Article","@id":"https:\/\/vanderloubet.com.br\/deputado\/apos-reivindicacao-vander-e-zeca-recebem-sinal-positivo-para-segundo-dsei-em-ms\/#article","isPartOf":{"@id":"https:\/\/vanderloubet.com.br\/deputado\/apos-reivindicacao-vander-e-zeca-recebem-sinal-positivo-para-segundo-dsei-em-ms\/"},"author":{"name":"\u00c9der","@id":"https:\/\/vanderloubet.com.br\/deputado\/#\/schema\/person\/15b51bd564532a8a68d9dec1b8eb890e"},"headline":"Ap\u00f3s reivindica\u00e7\u00e3o, Vander e Zeca recebem sinal positivo para segundo Dsei em MS","datePublished":"2023-06-14T18:19:23+00:00","dateModified":"2023-06-15T18:56:18+00:00","mainEntityOfPage":{"@id":"https:\/\/vanderloubet.com.br\/deputado\/apos-reivindicacao-vander-e-zeca-recebem-sinal-positivo-para-segundo-dsei-em-ms\/"},"wordCount":539,"publisher":{"@id":"https:\/\/vanderloubet.com.br\/deputado\/#organization"},"image":{"@id":"https:\/\/vanderloubet.com.br\/deputado\/apos-reivindicacao-vander-e-zeca-recebem-sinal-positivo-para-segundo-dsei-em-ms\/#primaryimage"},"thumbnailUrl":"https:\/\/vanderloubet.com.br\/deputado\/wp-content\/uploads\/2023\/06\/foto-2023-06-14-vander-zeca-com-indigenas.jpg","keywords":["governo federal","ind\u00edgenas","sa\u00fade"],"articleSection":["Mato Grosso do Sul","Not\u00edcias"],"inLanguage":"pt-BR"},{"@type":"WebPage","@id":"https:\/\/vanderloubet.com.br\/deputado\/apos-reivindicacao-vander-e-zeca-recebem-sinal-positivo-para-segundo-dsei-em-ms\/","url":"https:\/\/vanderloubet.com.br\/deputado\/apos-reivindicacao-vander-e-zeca-recebem-sinal-positivo-para-segundo-dsei-em-ms\/","name":"Ap\u00f3s reivindica\u00e7\u00e3o, Vander e Zeca recebem sinal positivo para segundo Dsei em MS","isPartOf":{"@id":"https:\/\/vanderloubet.com.br\/deputado\/#website"},"primaryImageOfPage":{"@id":"https:\/\/vanderloubet.com.br\/deputado\/apos-reivindicacao-vander-e-zeca-recebem-sinal-positivo-para-segundo-dsei-em-ms\/#primaryimage"},"image":{"@id":"https:\/\/vanderloubet.com.br\/deputado\/apos-reivindicacao-vander-e-zeca-recebem-sinal-positivo-para-segundo-dsei-em-ms\/#primaryimage"},"thumbnailUrl":"https:\/\/vanderloubet.com.br\/deputado\/wp-content\/uploads\/2023\/06\/foto-2023-06-14-vander-zeca-com-indigenas.jpg","datePublished":"2023-06-14T18:19:23+00:00","dateModified":"2023-06-15T18:56:18+00:00","description":"Bandeira \u00e9 defendida pelos deputados h\u00e1 v\u00e1rios anos e auxiliaria na corre\u00e7\u00e3o do que chamam de injusti\u00e7a com os ind\u00edgenas do estado.","breadcrumb":{"@id":"https:\/\/vanderloubet.com.br\/deputado\/apos-reivindicacao-vander-e-zeca-recebem-sinal-positivo-para-segundo-dsei-em-ms\/#breadcrumb"},"inLanguage":"pt-BR","potentialAction":[{"@type":"ReadAction","target":["https:\/\/vanderloubet.com.br\/deputado\/apos-reivindicacao-vander-e-zeca-recebem-sinal-positivo-para-segundo-dsei-em-ms\/"]}]},{"@type":"ImageObject","inLanguage":"pt-BR","@id":"https:\/\/vanderloubet.com.br\/deputado\/apos-reivindicacao-vander-e-zeca-recebem-sinal-positivo-para-segundo-dsei-em-ms\/#primaryimage","url":"https:\/\/vanderloubet.com.br\/deputado\/wp-content\/uploads\/2023\/06\/foto-2023-06-14-vander-zeca-com-indigenas.jpg","contentUrl":"https:\/\/vanderloubet.com.br\/deputado\/wp-content\/uploads\/2023\/06\/foto-2023-06-14-vander-zeca-com-indigenas.jpg","width":900,"height":675,"caption":"Zeca e Vander, durante visita a uma aldeia de Dois Irm\u00e3os do Buriti"},{"@type":"BreadcrumbList","@id":"https:\/\/vanderloubet.com.br\/deputado\/apos-reivindicacao-vander-e-zeca-recebem-sinal-positivo-para-segundo-dsei-em-ms\/#breadcrumb","itemListElement":[{"@type":"ListItem","position":1,"name":"In\u00edcio","item":"https:\/\/vanderloubet.com.br\/deputado\/"},{"@type":"ListItem","position":2,"name":"Ap\u00f3s reivindica\u00e7\u00e3o, Vander e Zeca recebem sinal positivo para segundo Dsei em MS"}]},{"@type":"WebSite","@id":"https:\/\/vanderloubet.com.br\/deputado\/#website","url":"https:\/\/vanderloubet.com.br\/deputado\/","name":"Deputado Federal Vander Loubet","description":"O Federal de MS","publisher":{"@id":"https:\/\/vanderloubet.com.br\/deputado\/#organization"},"alternateName":"Deputado Vander","potentialAction":[{"@type":"SearchAction","target":{"@type":"EntryPoint","urlTemplate":"https:\/\/vanderloubet.com.br\/deputado\/?s={search_term_string}"},"query-input":{"@type":"PropertyValueSpecification","valueRequired":true,"valueName":"search_term_string"}}],"inLanguage":"pt-BR"},{"@type":"Organization","@id":"https:\/\/vanderloubet.com.br\/deputado\/#organization","name":"Deputado Federal Vander Loubet","alternateName":"Deputado Vander","url":"https:\/\/vanderloubet.com.br\/deputado\/","logo":{"@type":"ImageObject","inLanguage":"pt-BR","@id":"https:\/\/vanderloubet.com.br\/deputado\/#\/schema\/logo\/image\/","url":"https:\/\/vanderloubet.com.br\/deputado\/wp-content\/uploads\/2023\/06\/foto-2023-06-19-mandato-deputado-vander.jpg","contentUrl":"https:\/\/vanderloubet.com.br\/deputado\/wp-content\/uploads\/2023\/06\/foto-2023-06-19-mandato-deputado-vander.jpg","width":1080,"height":1080,"caption":"Deputado Federal Vander Loubet"},"image":{"@id":"https:\/\/vanderloubet.com.br\/deputado\/#\/schema\/logo\/image\/"},"sameAs":["https:\/\/facebook.com\/deputadovander","https:\/\/x.com\/vanderloubet","https:\/\/instagram.com\/vanderloubet","https:\/\/youtube.com\/vanderloubet","https:\/\/tiktok.com\/@vanderloubetms"]},{"@type":"Person","@id":"https:\/\/vanderloubet.com.br\/deputado\/#\/schema\/person\/15b51bd564532a8a68d9dec1b8eb890e","name":"\u00c9der","image":{"@type":"ImageObject","inLanguage":"pt-BR","@id":"https:\/\/vanderloubet.com.br\/deputado\/wp-content\/litespeed\/avatar\/88ca4090d9d5ab1c9495f6ca03b68efa.jpg?ver=1777058957","url":"https:\/\/vanderloubet.com.br\/deputado\/wp-content\/litespeed\/avatar\/88ca4090d9d5ab1c9495f6ca03b68efa.jpg?ver=1777058957","contentUrl":"https:\/\/vanderloubet.com.br\/deputado\/wp-content\/litespeed\/avatar\/88ca4090d9d5ab1c9495f6ca03b68efa.jpg?ver=1777058957","caption":"\u00c9der"}}]}},"jetpack_featured_media_url":"https:\/\/vanderloubet.com.br\/deputado\/wp-content\/uploads\/2023\/06\/foto-2023-06-14-vander-zeca-com-indigenas.jpg","jetpack_sharing_enabled":true,"_links":{"self":[{"href":"https:\/\/vanderloubet.com.br\/deputado\/wp-json\/wp\/v2\/posts\/18999","targetHints":{"allow":["GET"]}}],"collection":[{"href":"https:\/\/vanderloubet.com.br\/deputado\/wp-json\/wp\/v2\/posts"}],"about":[{"href":"https:\/\/vanderloubet.com.br\/deputado\/wp-json\/wp\/v2\/types\/post"}],"author":[{"embeddable":true,"href":"https:\/\/vanderloubet.com.br\/deputado\/wp-json\/wp\/v2\/users\/2"}],"replies":[{"embeddable":true,"href":"https:\/\/vanderloubet.com.br\/deputado\/wp-json\/wp\/v2\/comments?post=18999"}],"version-history":[{"count":0,"href":"https:\/\/vanderloubet.com.br\/deputado\/wp-json\/wp\/v2\/posts\/18999\/revisions"}],"wp:featuredmedia":[{"embeddable":true,"href":"https:\/\/vanderloubet.com.br\/deputado\/wp-json\/wp\/v2\/media\/19000"}],"wp:attachment":[{"href":"https:\/\/vanderloubet.com.br\/deputado\/wp-json\/wp\/v2\/media?parent=18999"}],"wp:term":[{"taxonomy":"category","embeddable":true,"href":"https:\/\/vanderloubet.com.br\/deputado\/wp-json\/wp\/v2\/categories?post=18999"},{"taxonomy":"post_tag","embeddable":true,"href":"https:\/\/vanderloubet.com.br\/deputado\/wp-json\/wp\/v2\/tags?post=18999"}],"curies":[{"name":"wp","href":"https:\/\/api.w.org\/{rel}","templated":true}]}}