{"id":18970,"date":"2023-05-29T12:08:34","date_gmt":"2023-05-29T16:08:34","guid":{"rendered":"https:\/\/vanderloubet.com.br\/deputado\/?p=18970"},"modified":"2023-05-29T12:08:34","modified_gmt":"2023-05-29T16:08:34","slug":"emenda-de-vander-garante-ambulancia-para-dois-irmaos-do-buriti","status":"publish","type":"post","link":"https:\/\/vanderloubet.com.br\/deputado\/emenda-de-vander-garante-ambulancia-para-dois-irmaos-do-buriti\/","title":{"rendered":"Emenda de Vander garante ambul\u00e2ncia para Dois Irm\u00e3os do Buriti"},"content":{"rendered":"<p>No dia 23 de maio, a Prefeitura de Dois Irm\u00e3os do Buriti formalizou a entrega de uma ambul\u00e2ncia para atender o Assentamento Marcos Freire, localizado a 30 km da cidade. A aquisi\u00e7\u00e3o do ve\u00edculo foi poss\u00edvel gra\u00e7as a uma emenda parlamentar do deputado federal Vander Loubet, no valor de R$ 300 mil.  <\/p>\n<p>A antiga ambul\u00e2ncia, que atendia as mais de 200 fam\u00edlias do assentamento, j\u00e1 est\u00e1 com 18 anos de uso e sofria com os desgastes do tempo. De acordo com a secret\u00e1ria municipal de Assist\u00eancia Social, professora Roseli Gomes, era recorrente a ida do ve\u00edculo \u00e0 oficina, o que gerava transtornos \u00e0 comunidade. <\/p>\n<p>&#8220;Fui \u00e0 Bras\u00edlia e solicitei ao deputado Vander uma emenda para a compra do ve\u00edculo. Como sempre, de prontid\u00e3o, o parlamentar afirmou que iria estudar formas de encaminhar a verba e que o valor estaria dispon\u00edvel para a compra do autom\u00f3vel para atender a comunidade&#8221;, diz a titular da Pasta. <\/p>\n<p>O ve\u00edculo \u00e9 uma camionete com tra\u00e7\u00e3o nas quatro rodas. Diariamente, a ambul\u00e2ncia ir\u00e1 percorrer 180 km, transportando pacientes da zona rural at\u00e9 as unidades de sa\u00fade que ficam na cidade, para exames, consultas m\u00e9dicas, fisioterapia e tratamentos diversos de sa\u00fade.<\/p>\n<p>O prefeito Wlademir de Souza Volk, o Jap\u00e3o, explica que a escolha pela camionete se deve ao trecho n\u00e3o pavimentado da estrada que liga o assentamento \u00e0 cidade. &#8220;Optamos pela compra desse ve\u00edculo por ser mais resistente \u00e0 estrada de ch\u00e3o. O assentamento estava praticamente sem ambul\u00e2ncia e por ser um local antigo, com muitos idosos, todos estavam sofrendo. Quero agradecer imensamente o carinho do deputado Vander com o nosso munic\u00edpio, essa parceria entre o mandato e a nossa gest\u00e3o est\u00e1 trazendo mais desenvolvimento para Dois Irm\u00e3os do Buriti&#8221;, pontuou o gestor municipal.<\/p>\n<p>Para o Vander Loubet, \u00e9 uma enorme satisfa\u00e7\u00e3o contribuir com o munic\u00edpio. &#8220;Essa ambul\u00e2ncia \u00e9 mais uma ferramenta que estamos dando para contribuir com a melhoria da qualidade de vida dos assentados do Marcos Freire. Tenho certeza que esse ve\u00edculo salvar\u00e1 vidas&#8221;, destaca o parlamentar.<\/p>\n<p><strong>Mais a\u00e7\u00f5es<\/strong> &#8211; Al\u00e9m da emenda para a compra da ambul\u00e2ncia para Dois Irm\u00e3os do Buriti, Vander j\u00e1 intermediou junto ao Governo do Estado a reforma da Escola Estadual Jos\u00e9 Pinto da Silva, que fica no Assentamento Marcos Freire e atende 120 alunos da educa\u00e7\u00e3o infantil ao ensino m\u00e9dio. Ele tamb\u00e9m fez o di\u00e1logo com o Minist\u00e9rio da Educa\u00e7\u00e3o para a aquisi\u00e7\u00e3o de um micro-\u00f4nibus para atender as crian\u00e7as que moram em propriedades pr\u00f3ximas \u00e0 escola e que n\u00e3o tinham transporte para lev\u00e1-las. <\/p>\n<p>&#8220;Todos os recursos que destinamos para o munic\u00edpio est\u00e3o sendo utilizados da melhor forma. O prefeito Jap\u00e3o e a secret\u00e1ria Roseli sabem do nosso comprometimento, por isso acreditam na parceria da gest\u00e3o municipal com o nosso mandato&#8221;, conclui Vander. <\/p>\n<p><em>Texto: Alex Nantes<br \/>\nEdi\u00e7\u00e3o: \u00c9der F. Yanaguita<br \/>\nFotos: Prefeitura de Dois Irm\u00e3os do Buriti<\/em><\/p>\n\r\n                <style type=\"text\/css\">\r\n                    \r\n                    #tdi_1  .td-doubleSlider-2 .td-item1 {\r\n                        background: url(https:\/\/vanderloubet.com.br\/deputado\/wp-content\/uploads\/2023\/05\/foto-2023-05-29-ambulancia-dois-irmaos-buriti-01-80x60.jpg) 0 0 no-repeat;\r\n                    }\r\n                    #tdi_1  .td-doubleSlider-2 .td-item2 {\r\n                        background: url(https:\/\/vanderloubet.com.br\/deputado\/wp-content\/uploads\/2023\/05\/foto-2023-05-29-ambulancia-dois-irmaos-buriti-02-80x60.jpg) 0 0 no-repeat;\r\n                    }\r\n                    #tdi_1  .td-doubleSlider-2 .td-item3 {\r\n                        background: url(https:\/\/vanderloubet.com.br\/deputado\/wp-content\/uploads\/2023\/05\/foto-2023-05-29-ambulancia-dois-irmaos-buriti-03-80x60.jpg) 0 0 no-repeat;\r\n                    }\r\n                    #tdi_1  .td-doubleSlider-2 .td-item4 {\r\n                        background: url(https:\/\/vanderloubet.com.br\/deputado\/wp-content\/uploads\/2023\/05\/foto-2023-05-29-ambulancia-dois-irmaos-buriti-04-80x60.jpg) 0 0 no-repeat;\r\n                    }\r\n                <\/style>\r\n\r\n                <div id=\"tdi_1\" class=\"td-gallery td-slide-on-2-columns\">\r\n                    <div class=\"post_td_gallery\">\r\n                        <div class=\"td-gallery-slide-top\">\r\n                           <div class=\"td-gallery-title\"><\/div>\r\n\r\n                            <div class=\"td-gallery-controls-wrapper\">\r\n                                <div class=\"td-gallery-slide-count\"><span class=\"td-gallery-slide-item-focus\">1<\/span> de 4<\/div>\r\n                                <div class=\"td-gallery-slide-prev-next-but\">\r\n                                    <i class = \"td-icon-left doubleSliderPrevButton\"><\/i>\r\n                                    <i class = \"td-icon-right doubleSliderNextButton\"><\/i>\r\n                                <\/div>\r\n                            <\/div>\r\n                        <\/div>\r\n\r\n                        <div class = \"td-doubleSlider-1 \">\r\n                            <div class = \"td-slider\">\r\n                                \r\n                    <div class = \"td-slide-item td-item1\">\r\n                        <figure class=\"td-slide-galery-figure td-slide-popup-gallery\">\r\n                            <a class=\"slide-gallery-image-link\" href=\"https:\/\/vanderloubet.com.br\/deputado\/wp-content\/uploads\/2023\/05\/foto-2023-05-29-ambulancia-dois-irmaos-buriti-01.jpg\" title=\"Emenda de Vander garante ambul\u00e2ncia para Dois Irm\u00e3os do Buriti\"  data-caption=\"\"  data-description=\"Emenda de Vander garante ambul&acirc;ncia para Dois Irm&atilde;os do Buriti\">\r\n                                <img decoding=\"async\" src=\"https:\/\/vanderloubet.com.br\/deputado\/wp-content\/uploads\/2023\/05\/foto-2023-05-29-ambulancia-dois-irmaos-buriti-01-560x420.jpg\" srcset=\"https:\/\/vanderloubet.com.br\/deputado\/wp-content\/uploads\/2023\/05\/foto-2023-05-29-ambulancia-dois-irmaos-buriti-01-560x420.jpg 560w, https:\/\/vanderloubet.com.br\/deputado\/wp-content\/uploads\/2023\/05\/foto-2023-05-29-ambulancia-dois-irmaos-buriti-01-350x263.jpg 350w, https:\/\/vanderloubet.com.br\/deputado\/wp-content\/uploads\/2023\/05\/foto-2023-05-29-ambulancia-dois-irmaos-buriti-01-768x576.jpg 768w, https:\/\/vanderloubet.com.br\/deputado\/wp-content\/uploads\/2023\/05\/foto-2023-05-29-ambulancia-dois-irmaos-buriti-01-700x525.jpg 700w, https:\/\/vanderloubet.com.br\/deputado\/wp-content\/uploads\/2023\/05\/foto-2023-05-29-ambulancia-dois-irmaos-buriti-01-80x60.jpg 80w, https:\/\/vanderloubet.com.br\/deputado\/wp-content\/uploads\/2023\/05\/foto-2023-05-29-ambulancia-dois-irmaos-buriti-01-696x522.jpg 696w, https:\/\/vanderloubet.com.br\/deputado\/wp-content\/uploads\/2023\/05\/foto-2023-05-29-ambulancia-dois-irmaos-buriti-01-265x198.jpg 265w, https:\/\/vanderloubet.com.br\/deputado\/wp-content\/uploads\/2023\/05\/foto-2023-05-29-ambulancia-dois-irmaos-buriti-01.jpg 900w\" sizes=\"(max-width: 560px) 100vw, 560px\" alt=\"Emenda de Vander garante ambul&acirc;ncia para Dois Irm&atilde;os do Buriti\">\r\n                            <\/a>\r\n                            <figcaption class = \"td-slide-caption td-gallery-slide-content\"><span>Emenda de Vander garante ambul\u00e2ncia para Dois Irm\u00e3os do Buriti<\/span><\/figcaption>\r\n                        <\/figure>\r\n                    <\/div>\r\n                    <div class = \"td-slide-item td-item2\">\r\n                        <figure class=\"td-slide-galery-figure td-slide-popup-gallery\">\r\n                            <a class=\"slide-gallery-image-link\" href=\"https:\/\/vanderloubet.com.br\/deputado\/wp-content\/uploads\/2023\/05\/foto-2023-05-29-ambulancia-dois-irmaos-buriti-02.jpg\" title=\"Emenda de Vander garante ambul\u00e2ncia para Dois Irm\u00e3os do Buriti\"  data-caption=\"\"  data-description=\"Emenda de Vander garante ambul&acirc;ncia para Dois Irm&atilde;os do Buriti\">\r\n                                <img decoding=\"async\" src=\"https:\/\/vanderloubet.com.br\/deputado\/wp-content\/uploads\/2023\/05\/foto-2023-05-29-ambulancia-dois-irmaos-buriti-02-560x420.jpg\" srcset=\"https:\/\/vanderloubet.com.br\/deputado\/wp-content\/uploads\/2023\/05\/foto-2023-05-29-ambulancia-dois-irmaos-buriti-02-560x420.jpg 560w, https:\/\/vanderloubet.com.br\/deputado\/wp-content\/uploads\/2023\/05\/foto-2023-05-29-ambulancia-dois-irmaos-buriti-02-350x263.jpg 350w, https:\/\/vanderloubet.com.br\/deputado\/wp-content\/uploads\/2023\/05\/foto-2023-05-29-ambulancia-dois-irmaos-buriti-02-768x576.jpg 768w, https:\/\/vanderloubet.com.br\/deputado\/wp-content\/uploads\/2023\/05\/foto-2023-05-29-ambulancia-dois-irmaos-buriti-02-700x525.jpg 700w, https:\/\/vanderloubet.com.br\/deputado\/wp-content\/uploads\/2023\/05\/foto-2023-05-29-ambulancia-dois-irmaos-buriti-02-80x60.jpg 80w, https:\/\/vanderloubet.com.br\/deputado\/wp-content\/uploads\/2023\/05\/foto-2023-05-29-ambulancia-dois-irmaos-buriti-02-696x522.jpg 696w, https:\/\/vanderloubet.com.br\/deputado\/wp-content\/uploads\/2023\/05\/foto-2023-05-29-ambulancia-dois-irmaos-buriti-02-265x198.jpg 265w, https:\/\/vanderloubet.com.br\/deputado\/wp-content\/uploads\/2023\/05\/foto-2023-05-29-ambulancia-dois-irmaos-buriti-02.jpg 900w\" sizes=\"(max-width: 560px) 100vw, 560px\" alt=\"Emenda de Vander garante ambul&acirc;ncia para Dois Irm&atilde;os do Buriti\">\r\n                            <\/a>\r\n                            <figcaption class = \"td-slide-caption td-gallery-slide-content\"><span>Emenda de Vander garante ambul\u00e2ncia para Dois Irm\u00e3os do Buriti<\/span><\/figcaption>\r\n                        <\/figure>\r\n                    <\/div>\r\n                    <div class = \"td-slide-item td-item3\">\r\n                        <figure class=\"td-slide-galery-figure td-slide-popup-gallery\">\r\n                            <a class=\"slide-gallery-image-link\" href=\"https:\/\/vanderloubet.com.br\/deputado\/wp-content\/uploads\/2023\/05\/foto-2023-05-29-ambulancia-dois-irmaos-buriti-03.jpg\" title=\"Emenda de Vander garante ambul\u00e2ncia para Dois Irm\u00e3os do Buriti\"  data-caption=\"\"  data-description=\"Emenda de Vander garante ambul&acirc;ncia para Dois Irm&atilde;os do Buriti\">\r\n                                <img decoding=\"async\" src=\"https:\/\/vanderloubet.com.br\/deputado\/wp-content\/uploads\/2023\/05\/foto-2023-05-29-ambulancia-dois-irmaos-buriti-03-560x420.jpg\" srcset=\"https:\/\/vanderloubet.com.br\/deputado\/wp-content\/uploads\/2023\/05\/foto-2023-05-29-ambulancia-dois-irmaos-buriti-03-560x420.jpg 560w, https:\/\/vanderloubet.com.br\/deputado\/wp-content\/uploads\/2023\/05\/foto-2023-05-29-ambulancia-dois-irmaos-buriti-03-350x263.jpg 350w, https:\/\/vanderloubet.com.br\/deputado\/wp-content\/uploads\/2023\/05\/foto-2023-05-29-ambulancia-dois-irmaos-buriti-03-768x576.jpg 768w, https:\/\/vanderloubet.com.br\/deputado\/wp-content\/uploads\/2023\/05\/foto-2023-05-29-ambulancia-dois-irmaos-buriti-03-700x525.jpg 700w, https:\/\/vanderloubet.com.br\/deputado\/wp-content\/uploads\/2023\/05\/foto-2023-05-29-ambulancia-dois-irmaos-buriti-03-80x60.jpg 80w, https:\/\/vanderloubet.com.br\/deputado\/wp-content\/uploads\/2023\/05\/foto-2023-05-29-ambulancia-dois-irmaos-buriti-03-696x522.jpg 696w, https:\/\/vanderloubet.com.br\/deputado\/wp-content\/uploads\/2023\/05\/foto-2023-05-29-ambulancia-dois-irmaos-buriti-03-265x198.jpg 265w, https:\/\/vanderloubet.com.br\/deputado\/wp-content\/uploads\/2023\/05\/foto-2023-05-29-ambulancia-dois-irmaos-buriti-03.jpg 900w\" sizes=\"(max-width: 560px) 100vw, 560px\" alt=\"Emenda de Vander garante ambul&acirc;ncia para Dois Irm&atilde;os do Buriti\">\r\n                            <\/a>\r\n                            <figcaption class = \"td-slide-caption td-gallery-slide-content\"><span>Emenda de Vander garante ambul\u00e2ncia para Dois Irm\u00e3os do Buriti<\/span><\/figcaption>\r\n                        <\/figure>\r\n                    <\/div>\r\n                    <div class = \"td-slide-item td-item4\">\r\n                        <figure class=\"td-slide-galery-figure td-slide-popup-gallery\">\r\n                            <a class=\"slide-gallery-image-link\" href=\"https:\/\/vanderloubet.com.br\/deputado\/wp-content\/uploads\/2023\/05\/foto-2023-05-29-ambulancia-dois-irmaos-buriti-04.jpg\" title=\"Emenda de Vander garante ambul\u00e2ncia para Dois Irm\u00e3os do Buriti\"  data-caption=\"\"  data-description=\"Emenda de Vander garante ambul&acirc;ncia para Dois Irm&atilde;os do Buriti\">\r\n                                <img decoding=\"async\" src=\"https:\/\/vanderloubet.com.br\/deputado\/wp-content\/uploads\/2023\/05\/foto-2023-05-29-ambulancia-dois-irmaos-buriti-04-560x420.jpg\" srcset=\"https:\/\/vanderloubet.com.br\/deputado\/wp-content\/uploads\/2023\/05\/foto-2023-05-29-ambulancia-dois-irmaos-buriti-04-560x420.jpg 560w, https:\/\/vanderloubet.com.br\/deputado\/wp-content\/uploads\/2023\/05\/foto-2023-05-29-ambulancia-dois-irmaos-buriti-04-350x263.jpg 350w, https:\/\/vanderloubet.com.br\/deputado\/wp-content\/uploads\/2023\/05\/foto-2023-05-29-ambulancia-dois-irmaos-buriti-04-768x576.jpg 768w, https:\/\/vanderloubet.com.br\/deputado\/wp-content\/uploads\/2023\/05\/foto-2023-05-29-ambulancia-dois-irmaos-buriti-04-700x525.jpg 700w, https:\/\/vanderloubet.com.br\/deputado\/wp-content\/uploads\/2023\/05\/foto-2023-05-29-ambulancia-dois-irmaos-buriti-04-80x60.jpg 80w, https:\/\/vanderloubet.com.br\/deputado\/wp-content\/uploads\/2023\/05\/foto-2023-05-29-ambulancia-dois-irmaos-buriti-04-696x522.jpg 696w, https:\/\/vanderloubet.com.br\/deputado\/wp-content\/uploads\/2023\/05\/foto-2023-05-29-ambulancia-dois-irmaos-buriti-04-265x198.jpg 265w, https:\/\/vanderloubet.com.br\/deputado\/wp-content\/uploads\/2023\/05\/foto-2023-05-29-ambulancia-dois-irmaos-buriti-04.jpg 900w\" sizes=\"(max-width: 560px) 100vw, 560px\" alt=\"Emenda de Vander garante ambul&acirc;ncia para Dois Irm&atilde;os do Buriti\">\r\n                            <\/a>\r\n                            <figcaption class = \"td-slide-caption td-gallery-slide-content\"><span>Emenda de Vander garante ambul\u00e2ncia para Dois Irm\u00e3os do Buriti<\/span><\/figcaption>\r\n                        <\/figure>\r\n                    <\/div>\r\n                            <\/div>\r\n                        <\/div>\r\n\r\n                        <div class = \"td-doubleSlider-2\">\r\n                            <div class = \"td-slider\">\r\n                                \r\n                    <div class = \"td-button td-item1\">\r\n                        <div class = \"td-border\"><\/div>\r\n                    <\/div>\r\n                    <div class = \"td-button td-item2\">\r\n                        <div class = \"td-border\"><\/div>\r\n                    <\/div>\r\n                    <div class = \"td-button td-item3\">\r\n                        <div class = \"td-border\"><\/div>\r\n                    <\/div>\r\n                    <div class = \"td-button td-item4\">\r\n                        <div class = \"td-border\"><\/div>\r\n                    <\/div>\r\n                            <\/div>\r\n                        <\/div>\r\n\r\n                    <\/div>\r\n\r\n                <\/div>\r\n                \n","protected":false},"excerpt":{"rendered":"<p>Ve\u00edculo vai atender fam\u00edlias do Assentamento Marcos Freire, cuja antiga ambul\u00e2ncia tinha 18 anos de uso e sofria com o desgaste do tempo.<\/p>\n","protected":false},"author":2,"featured_media":18971,"comment_status":"closed","ping_status":"closed","sticky":false,"template":"","format":"standard","meta":{"jetpack_post_was_ever_published":false,"_jetpack_newsletter_access":"","_jetpack_dont_email_post_to_subs":false,"_jetpack_newsletter_tier_id":0,"_jetpack_memberships_contains_paywalled_content":false,"_jetpack_memberships_contains_paid_content":false,"footnotes":""},"categories":[2097,10],"tags":[2178,664,2127,1803],"class_list":{"0":"post-18970","1":"post","2":"type-post","3":"status-publish","4":"format-standard","5":"has-post-thumbnail","7":"category-municipios-noticias","8":"category-noticias","9":"tag-assentamento-rural","10":"tag-dois-irmaos-do-buriti","11":"tag-emenda-parlamentar","12":"tag-saude"},"yoast_head":"<!-- This site is optimized with the Yoast SEO plugin v27.4 - https:\/\/yoast.com\/product\/yoast-seo-wordpress\/ -->\n<title>Emenda de Vander garante ambul\u00e2ncia para Dois Irm\u00e3os do Buriti<\/title>\n<meta name=\"description\" content=\"Ve\u00edculo vai atender fam\u00edlias do Assentamento Marcos Freire, cuja antiga ambul\u00e2ncia tinha 18 anos de uso e sofria com o desgaste do tempo.\" \/>\n<meta name=\"robots\" content=\"index, follow, max-snippet:-1, max-image-preview:large, max-video-preview:-1\" \/>\n<link rel=\"canonical\" href=\"https:\/\/vanderloubet.com.br\/deputado\/emenda-de-vander-garante-ambulancia-para-dois-irmaos-do-buriti\/\" \/>\n<meta property=\"og:locale\" content=\"pt_BR\" \/>\n<meta property=\"og:type\" content=\"article\" \/>\n<meta property=\"og:title\" content=\"Emenda de Vander garante ambul\u00e2ncia para Dois Irm\u00e3os do Buriti\" \/>\n<meta property=\"og:description\" content=\"Ve\u00edculo vai atender fam\u00edlias do Assentamento Marcos Freire, cuja antiga ambul\u00e2ncia tinha 18 anos de uso e sofria com o desgaste do tempo.\" \/>\n<meta property=\"og:url\" content=\"https:\/\/vanderloubet.com.br\/deputado\/emenda-de-vander-garante-ambulancia-para-dois-irmaos-do-buriti\/\" \/>\n<meta property=\"og:site_name\" content=\"Deputado Federal Vander Loubet\" \/>\n<meta property=\"article:publisher\" content=\"https:\/\/facebook.com\/deputadovander\" \/>\n<meta property=\"article:published_time\" content=\"2023-05-29T16:08:34+00:00\" \/>\n<meta property=\"og:image\" content=\"https:\/\/vanderloubet.com.br\/deputado\/wp-content\/uploads\/2023\/05\/foto-2023-05-29-ambulancia-dois-irmaos-buriti-01.jpg\" \/>\n\t<meta property=\"og:image:width\" content=\"900\" \/>\n\t<meta property=\"og:image:height\" content=\"675\" \/>\n\t<meta property=\"og:image:type\" content=\"image\/jpeg\" \/>\n<meta name=\"author\" content=\"\u00c9der\" \/>\n<meta name=\"twitter:card\" content=\"summary_large_image\" \/>\n<meta name=\"twitter:creator\" content=\"@vanderloubet\" \/>\n<meta name=\"twitter:site\" content=\"@vanderloubet\" \/>\n<script type=\"application\/ld+json\" class=\"yoast-schema-graph\">{\"@context\":\"https:\\\/\\\/schema.org\",\"@graph\":[{\"@type\":\"Article\",\"@id\":\"https:\\\/\\\/vanderloubet.com.br\\\/deputado\\\/emenda-de-vander-garante-ambulancia-para-dois-irmaos-do-buriti\\\/#article\",\"isPartOf\":{\"@id\":\"https:\\\/\\\/vanderloubet.com.br\\\/deputado\\\/emenda-de-vander-garante-ambulancia-para-dois-irmaos-do-buriti\\\/\"},\"author\":{\"name\":\"\u00c9der\",\"@id\":\"https:\\\/\\\/vanderloubet.com.br\\\/deputado\\\/#\\\/schema\\\/person\\\/15b51bd564532a8a68d9dec1b8eb890e\"},\"headline\":\"Emenda de Vander garante ambul\u00e2ncia para Dois Irm\u00e3os do Buriti\",\"datePublished\":\"2023-05-29T16:08:34+00:00\",\"mainEntityOfPage\":{\"@id\":\"https:\\\/\\\/vanderloubet.com.br\\\/deputado\\\/emenda-de-vander-garante-ambulancia-para-dois-irmaos-do-buriti\\\/\"},\"wordCount\":531,\"publisher\":{\"@id\":\"https:\\\/\\\/vanderloubet.com.br\\\/deputado\\\/#organization\"},\"image\":{\"@id\":\"https:\\\/\\\/vanderloubet.com.br\\\/deputado\\\/emenda-de-vander-garante-ambulancia-para-dois-irmaos-do-buriti\\\/#primaryimage\"},\"thumbnailUrl\":\"https:\\\/\\\/vanderloubet.com.br\\\/deputado\\\/wp-content\\\/uploads\\\/2023\\\/05\\\/foto-2023-05-29-ambulancia-dois-irmaos-buriti-01.jpg\",\"keywords\":[\"assentamento rural\",\"dois irm\u00e3os do buriti\",\"emenda parlamentar\",\"sa\u00fade\"],\"articleSection\":[\"Munic\u00edpios\",\"Not\u00edcias\"],\"inLanguage\":\"pt-BR\"},{\"@type\":\"WebPage\",\"@id\":\"https:\\\/\\\/vanderloubet.com.br\\\/deputado\\\/emenda-de-vander-garante-ambulancia-para-dois-irmaos-do-buriti\\\/\",\"url\":\"https:\\\/\\\/vanderloubet.com.br\\\/deputado\\\/emenda-de-vander-garante-ambulancia-para-dois-irmaos-do-buriti\\\/\",\"name\":\"Emenda de Vander garante ambul\u00e2ncia para Dois Irm\u00e3os do Buriti\",\"isPartOf\":{\"@id\":\"https:\\\/\\\/vanderloubet.com.br\\\/deputado\\\/#website\"},\"primaryImageOfPage\":{\"@id\":\"https:\\\/\\\/vanderloubet.com.br\\\/deputado\\\/emenda-de-vander-garante-ambulancia-para-dois-irmaos-do-buriti\\\/#primaryimage\"},\"image\":{\"@id\":\"https:\\\/\\\/vanderloubet.com.br\\\/deputado\\\/emenda-de-vander-garante-ambulancia-para-dois-irmaos-do-buriti\\\/#primaryimage\"},\"thumbnailUrl\":\"https:\\\/\\\/vanderloubet.com.br\\\/deputado\\\/wp-content\\\/uploads\\\/2023\\\/05\\\/foto-2023-05-29-ambulancia-dois-irmaos-buriti-01.jpg\",\"datePublished\":\"2023-05-29T16:08:34+00:00\",\"description\":\"Ve\u00edculo vai atender fam\u00edlias do Assentamento Marcos Freire, cuja antiga ambul\u00e2ncia tinha 18 anos de uso e sofria com o desgaste do tempo.\",\"breadcrumb\":{\"@id\":\"https:\\\/\\\/vanderloubet.com.br\\\/deputado\\\/emenda-de-vander-garante-ambulancia-para-dois-irmaos-do-buriti\\\/#breadcrumb\"},\"inLanguage\":\"pt-BR\",\"potentialAction\":[{\"@type\":\"ReadAction\",\"target\":[\"https:\\\/\\\/vanderloubet.com.br\\\/deputado\\\/emenda-de-vander-garante-ambulancia-para-dois-irmaos-do-buriti\\\/\"]}]},{\"@type\":\"ImageObject\",\"inLanguage\":\"pt-BR\",\"@id\":\"https:\\\/\\\/vanderloubet.com.br\\\/deputado\\\/emenda-de-vander-garante-ambulancia-para-dois-irmaos-do-buriti\\\/#primaryimage\",\"url\":\"https:\\\/\\\/vanderloubet.com.br\\\/deputado\\\/wp-content\\\/uploads\\\/2023\\\/05\\\/foto-2023-05-29-ambulancia-dois-irmaos-buriti-01.jpg\",\"contentUrl\":\"https:\\\/\\\/vanderloubet.com.br\\\/deputado\\\/wp-content\\\/uploads\\\/2023\\\/05\\\/foto-2023-05-29-ambulancia-dois-irmaos-buriti-01.jpg\",\"width\":900,\"height\":675,\"caption\":\"Emenda de Vander garante ambul\u00e2ncia para Dois Irm\u00e3os do Buriti\"},{\"@type\":\"BreadcrumbList\",\"@id\":\"https:\\\/\\\/vanderloubet.com.br\\\/deputado\\\/emenda-de-vander-garante-ambulancia-para-dois-irmaos-do-buriti\\\/#breadcrumb\",\"itemListElement\":[{\"@type\":\"ListItem\",\"position\":1,\"name\":\"In\u00edcio\",\"item\":\"https:\\\/\\\/vanderloubet.com.br\\\/deputado\\\/\"},{\"@type\":\"ListItem\",\"position\":2,\"name\":\"Emenda de Vander garante ambul\u00e2ncia para Dois Irm\u00e3os do Buriti\"}]},{\"@type\":\"WebSite\",\"@id\":\"https:\\\/\\\/vanderloubet.com.br\\\/deputado\\\/#website\",\"url\":\"https:\\\/\\\/vanderloubet.com.br\\\/deputado\\\/\",\"name\":\"Deputado Federal Vander Loubet\",\"description\":\"O Federal de MS\",\"publisher\":{\"@id\":\"https:\\\/\\\/vanderloubet.com.br\\\/deputado\\\/#organization\"},\"alternateName\":\"Deputado Vander\",\"potentialAction\":[{\"@type\":\"SearchAction\",\"target\":{\"@type\":\"EntryPoint\",\"urlTemplate\":\"https:\\\/\\\/vanderloubet.com.br\\\/deputado\\\/?s={search_term_string}\"},\"query-input\":{\"@type\":\"PropertyValueSpecification\",\"valueRequired\":true,\"valueName\":\"search_term_string\"}}],\"inLanguage\":\"pt-BR\"},{\"@type\":\"Organization\",\"@id\":\"https:\\\/\\\/vanderloubet.com.br\\\/deputado\\\/#organization\",\"name\":\"Deputado Federal Vander Loubet\",\"alternateName\":\"Deputado Vander\",\"url\":\"https:\\\/\\\/vanderloubet.com.br\\\/deputado\\\/\",\"logo\":{\"@type\":\"ImageObject\",\"inLanguage\":\"pt-BR\",\"@id\":\"https:\\\/\\\/vanderloubet.com.br\\\/deputado\\\/#\\\/schema\\\/logo\\\/image\\\/\",\"url\":\"https:\\\/\\\/vanderloubet.com.br\\\/deputado\\\/wp-content\\\/uploads\\\/2023\\\/06\\\/foto-2023-06-19-mandato-deputado-vander.jpg\",\"contentUrl\":\"https:\\\/\\\/vanderloubet.com.br\\\/deputado\\\/wp-content\\\/uploads\\\/2023\\\/06\\\/foto-2023-06-19-mandato-deputado-vander.jpg\",\"width\":1080,\"height\":1080,\"caption\":\"Deputado Federal Vander Loubet\"},\"image\":{\"@id\":\"https:\\\/\\\/vanderloubet.com.br\\\/deputado\\\/#\\\/schema\\\/logo\\\/image\\\/\"},\"sameAs\":[\"https:\\\/\\\/facebook.com\\\/deputadovander\",\"https:\\\/\\\/x.com\\\/vanderloubet\",\"https:\\\/\\\/instagram.com\\\/vanderloubet\",\"https:\\\/\\\/youtube.com\\\/vanderloubet\",\"https:\\\/\\\/tiktok.com\\\/@vanderloubetms\"]},{\"@type\":\"Person\",\"@id\":\"https:\\\/\\\/vanderloubet.com.br\\\/deputado\\\/#\\\/schema\\\/person\\\/15b51bd564532a8a68d9dec1b8eb890e\",\"name\":\"\u00c9der\",\"image\":{\"@type\":\"ImageObject\",\"inLanguage\":\"pt-BR\",\"@id\":\"https:\\\/\\\/vanderloubet.com.br\\\/deputado\\\/wp-content\\\/litespeed\\\/avatar\\\/88ca4090d9d5ab1c9495f6ca03b68efa.jpg?ver=1777058957\",\"url\":\"https:\\\/\\\/vanderloubet.com.br\\\/deputado\\\/wp-content\\\/litespeed\\\/avatar\\\/88ca4090d9d5ab1c9495f6ca03b68efa.jpg?ver=1777058957\",\"contentUrl\":\"https:\\\/\\\/vanderloubet.com.br\\\/deputado\\\/wp-content\\\/litespeed\\\/avatar\\\/88ca4090d9d5ab1c9495f6ca03b68efa.jpg?ver=1777058957\",\"caption\":\"\u00c9der\"}}]}<\/script>\n<!-- \/ Yoast SEO plugin. -->","yoast_head_json":{"title":"Emenda de Vander garante ambul\u00e2ncia para Dois Irm\u00e3os do Buriti","description":"Ve\u00edculo vai atender fam\u00edlias do Assentamento Marcos Freire, cuja antiga ambul\u00e2ncia tinha 18 anos de uso e sofria com o desgaste do tempo.","robots":{"index":"index","follow":"follow","max-snippet":"max-snippet:-1","max-image-preview":"max-image-preview:large","max-video-preview":"max-video-preview:-1"},"canonical":"https:\/\/vanderloubet.com.br\/deputado\/emenda-de-vander-garante-ambulancia-para-dois-irmaos-do-buriti\/","og_locale":"pt_BR","og_type":"article","og_title":"Emenda de Vander garante ambul\u00e2ncia para Dois Irm\u00e3os do Buriti","og_description":"Ve\u00edculo vai atender fam\u00edlias do Assentamento Marcos Freire, cuja antiga ambul\u00e2ncia tinha 18 anos de uso e sofria com o desgaste do tempo.","og_url":"https:\/\/vanderloubet.com.br\/deputado\/emenda-de-vander-garante-ambulancia-para-dois-irmaos-do-buriti\/","og_site_name":"Deputado Federal Vander Loubet","article_publisher":"https:\/\/facebook.com\/deputadovander","article_published_time":"2023-05-29T16:08:34+00:00","og_image":[{"width":900,"height":675,"url":"https:\/\/vanderloubet.com.br\/deputado\/wp-content\/uploads\/2023\/05\/foto-2023-05-29-ambulancia-dois-irmaos-buriti-01.jpg","type":"image\/jpeg"}],"author":"\u00c9der","twitter_card":"summary_large_image","twitter_creator":"@vanderloubet","twitter_site":"@vanderloubet","schema":{"@context":"https:\/\/schema.org","@graph":[{"@type":"Article","@id":"https:\/\/vanderloubet.com.br\/deputado\/emenda-de-vander-garante-ambulancia-para-dois-irmaos-do-buriti\/#article","isPartOf":{"@id":"https:\/\/vanderloubet.com.br\/deputado\/emenda-de-vander-garante-ambulancia-para-dois-irmaos-do-buriti\/"},"author":{"name":"\u00c9der","@id":"https:\/\/vanderloubet.com.br\/deputado\/#\/schema\/person\/15b51bd564532a8a68d9dec1b8eb890e"},"headline":"Emenda de Vander garante ambul\u00e2ncia para Dois Irm\u00e3os do Buriti","datePublished":"2023-05-29T16:08:34+00:00","mainEntityOfPage":{"@id":"https:\/\/vanderloubet.com.br\/deputado\/emenda-de-vander-garante-ambulancia-para-dois-irmaos-do-buriti\/"},"wordCount":531,"publisher":{"@id":"https:\/\/vanderloubet.com.br\/deputado\/#organization"},"image":{"@id":"https:\/\/vanderloubet.com.br\/deputado\/emenda-de-vander-garante-ambulancia-para-dois-irmaos-do-buriti\/#primaryimage"},"thumbnailUrl":"https:\/\/vanderloubet.com.br\/deputado\/wp-content\/uploads\/2023\/05\/foto-2023-05-29-ambulancia-dois-irmaos-buriti-01.jpg","keywords":["assentamento rural","dois irm\u00e3os do buriti","emenda parlamentar","sa\u00fade"],"articleSection":["Munic\u00edpios","Not\u00edcias"],"inLanguage":"pt-BR"},{"@type":"WebPage","@id":"https:\/\/vanderloubet.com.br\/deputado\/emenda-de-vander-garante-ambulancia-para-dois-irmaos-do-buriti\/","url":"https:\/\/vanderloubet.com.br\/deputado\/emenda-de-vander-garante-ambulancia-para-dois-irmaos-do-buriti\/","name":"Emenda de Vander garante ambul\u00e2ncia para Dois Irm\u00e3os do Buriti","isPartOf":{"@id":"https:\/\/vanderloubet.com.br\/deputado\/#website"},"primaryImageOfPage":{"@id":"https:\/\/vanderloubet.com.br\/deputado\/emenda-de-vander-garante-ambulancia-para-dois-irmaos-do-buriti\/#primaryimage"},"image":{"@id":"https:\/\/vanderloubet.com.br\/deputado\/emenda-de-vander-garante-ambulancia-para-dois-irmaos-do-buriti\/#primaryimage"},"thumbnailUrl":"https:\/\/vanderloubet.com.br\/deputado\/wp-content\/uploads\/2023\/05\/foto-2023-05-29-ambulancia-dois-irmaos-buriti-01.jpg","datePublished":"2023-05-29T16:08:34+00:00","description":"Ve\u00edculo vai atender fam\u00edlias do Assentamento Marcos Freire, cuja antiga ambul\u00e2ncia tinha 18 anos de uso e sofria com o desgaste do tempo.","breadcrumb":{"@id":"https:\/\/vanderloubet.com.br\/deputado\/emenda-de-vander-garante-ambulancia-para-dois-irmaos-do-buriti\/#breadcrumb"},"inLanguage":"pt-BR","potentialAction":[{"@type":"ReadAction","target":["https:\/\/vanderloubet.com.br\/deputado\/emenda-de-vander-garante-ambulancia-para-dois-irmaos-do-buriti\/"]}]},{"@type":"ImageObject","inLanguage":"pt-BR","@id":"https:\/\/vanderloubet.com.br\/deputado\/emenda-de-vander-garante-ambulancia-para-dois-irmaos-do-buriti\/#primaryimage","url":"https:\/\/vanderloubet.com.br\/deputado\/wp-content\/uploads\/2023\/05\/foto-2023-05-29-ambulancia-dois-irmaos-buriti-01.jpg","contentUrl":"https:\/\/vanderloubet.com.br\/deputado\/wp-content\/uploads\/2023\/05\/foto-2023-05-29-ambulancia-dois-irmaos-buriti-01.jpg","width":900,"height":675,"caption":"Emenda de Vander garante ambul\u00e2ncia para Dois Irm\u00e3os do Buriti"},{"@type":"BreadcrumbList","@id":"https:\/\/vanderloubet.com.br\/deputado\/emenda-de-vander-garante-ambulancia-para-dois-irmaos-do-buriti\/#breadcrumb","itemListElement":[{"@type":"ListItem","position":1,"name":"In\u00edcio","item":"https:\/\/vanderloubet.com.br\/deputado\/"},{"@type":"ListItem","position":2,"name":"Emenda de Vander garante ambul\u00e2ncia para Dois Irm\u00e3os do Buriti"}]},{"@type":"WebSite","@id":"https:\/\/vanderloubet.com.br\/deputado\/#website","url":"https:\/\/vanderloubet.com.br\/deputado\/","name":"Deputado Federal Vander Loubet","description":"O Federal de MS","publisher":{"@id":"https:\/\/vanderloubet.com.br\/deputado\/#organization"},"alternateName":"Deputado Vander","potentialAction":[{"@type":"SearchAction","target":{"@type":"EntryPoint","urlTemplate":"https:\/\/vanderloubet.com.br\/deputado\/?s={search_term_string}"},"query-input":{"@type":"PropertyValueSpecification","valueRequired":true,"valueName":"search_term_string"}}],"inLanguage":"pt-BR"},{"@type":"Organization","@id":"https:\/\/vanderloubet.com.br\/deputado\/#organization","name":"Deputado Federal Vander Loubet","alternateName":"Deputado Vander","url":"https:\/\/vanderloubet.com.br\/deputado\/","logo":{"@type":"ImageObject","inLanguage":"pt-BR","@id":"https:\/\/vanderloubet.com.br\/deputado\/#\/schema\/logo\/image\/","url":"https:\/\/vanderloubet.com.br\/deputado\/wp-content\/uploads\/2023\/06\/foto-2023-06-19-mandato-deputado-vander.jpg","contentUrl":"https:\/\/vanderloubet.com.br\/deputado\/wp-content\/uploads\/2023\/06\/foto-2023-06-19-mandato-deputado-vander.jpg","width":1080,"height":1080,"caption":"Deputado Federal Vander Loubet"},"image":{"@id":"https:\/\/vanderloubet.com.br\/deputado\/#\/schema\/logo\/image\/"},"sameAs":["https:\/\/facebook.com\/deputadovander","https:\/\/x.com\/vanderloubet","https:\/\/instagram.com\/vanderloubet","https:\/\/youtube.com\/vanderloubet","https:\/\/tiktok.com\/@vanderloubetms"]},{"@type":"Person","@id":"https:\/\/vanderloubet.com.br\/deputado\/#\/schema\/person\/15b51bd564532a8a68d9dec1b8eb890e","name":"\u00c9der","image":{"@type":"ImageObject","inLanguage":"pt-BR","@id":"https:\/\/vanderloubet.com.br\/deputado\/wp-content\/litespeed\/avatar\/88ca4090d9d5ab1c9495f6ca03b68efa.jpg?ver=1777058957","url":"https:\/\/vanderloubet.com.br\/deputado\/wp-content\/litespeed\/avatar\/88ca4090d9d5ab1c9495f6ca03b68efa.jpg?ver=1777058957","contentUrl":"https:\/\/vanderloubet.com.br\/deputado\/wp-content\/litespeed\/avatar\/88ca4090d9d5ab1c9495f6ca03b68efa.jpg?ver=1777058957","caption":"\u00c9der"}}]}},"jetpack_featured_media_url":"https:\/\/vanderloubet.com.br\/deputado\/wp-content\/uploads\/2023\/05\/foto-2023-05-29-ambulancia-dois-irmaos-buriti-01.jpg","jetpack_sharing_enabled":true,"_links":{"self":[{"href":"https:\/\/vanderloubet.com.br\/deputado\/wp-json\/wp\/v2\/posts\/18970","targetHints":{"allow":["GET"]}}],"collection":[{"href":"https:\/\/vanderloubet.com.br\/deputado\/wp-json\/wp\/v2\/posts"}],"about":[{"href":"https:\/\/vanderloubet.com.br\/deputado\/wp-json\/wp\/v2\/types\/post"}],"author":[{"embeddable":true,"href":"https:\/\/vanderloubet.com.br\/deputado\/wp-json\/wp\/v2\/users\/2"}],"replies":[{"embeddable":true,"href":"https:\/\/vanderloubet.com.br\/deputado\/wp-json\/wp\/v2\/comments?post=18970"}],"version-history":[{"count":0,"href":"https:\/\/vanderloubet.com.br\/deputado\/wp-json\/wp\/v2\/posts\/18970\/revisions"}],"wp:featuredmedia":[{"embeddable":true,"href":"https:\/\/vanderloubet.com.br\/deputado\/wp-json\/wp\/v2\/media\/18971"}],"wp:attachment":[{"href":"https:\/\/vanderloubet.com.br\/deputado\/wp-json\/wp\/v2\/media?parent=18970"}],"wp:term":[{"taxonomy":"category","embeddable":true,"href":"https:\/\/vanderloubet.com.br\/deputado\/wp-json\/wp\/v2\/categories?post=18970"},{"taxonomy":"post_tag","embeddable":true,"href":"https:\/\/vanderloubet.com.br\/deputado\/wp-json\/wp\/v2\/tags?post=18970"}],"curies":[{"name":"wp","href":"https:\/\/api.w.org\/{rel}","templated":true}]}}