{"id":18956,"date":"2023-05-16T18:52:42","date_gmt":"2023-05-16T22:52:42","guid":{"rendered":"https:\/\/vanderloubet.com.br\/deputado\/?p=18956"},"modified":"2023-05-16T19:06:20","modified_gmt":"2023-05-16T23:06:20","slug":"lula-cumpre-compromisso-de-abrasileirar-preco-dos-combustiveis","status":"publish","type":"post","link":"https:\/\/vanderloubet.com.br\/deputado\/lula-cumpre-compromisso-de-abrasileirar-preco-dos-combustiveis\/","title":{"rendered":"Lula cumpre compromisso de &#8220;abrasileirar&#8221; pre\u00e7o dos combust\u00edveis"},"content":{"rendered":"<p>O deputado federal<a href=\"https:\/\/youtube.com\/shorts\/RCswItGXD6Y\" rel=\"noopener\" target=\"_blank\"> Vander Loubet comemorou nesta ter\u00e7a-feira (16) o fim da pol\u00edtica de Pre\u00e7o de Paridade de Importa\u00e7\u00e3o (PPI) do petr\u00f3leo e combust\u00edveis derivados<\/a>, anunciada hoje pela Petrobras.<\/p>\n<p>&#8220;Lula cumpre mais um compromisso de campanha ao alterar a pol\u00edtica de pre\u00e7os da Petrobras, que desde o final de 2016 estava atrelada ao d\u00f3lar. Isso abre caminho para a redu\u00e7\u00e3o dos pre\u00e7os dos combust\u00edveis, principalmente gasolina e diesel&#8221;, afirmou.<\/p>\n<p>Junto com o fim da PPI, a Petrobras anunciou uma redu\u00e7\u00e3o nas distribuidoras de R$ 0,44 no pre\u00e7o do diesel e de R$ 0,40 no pre\u00e7o da gasolina, al\u00e9m de R$ 8,97 no pre\u00e7o do botij\u00e3o de g\u00e1s.<\/p>\n<p>&#8220;Isso representa uma redu\u00e7\u00e3o no g\u00e1s de cozinha de 21,3%, no \u00f3leo diesel de 12,8% e na gasolina de 12,6%&#8221;, pontuou o deputado pantaneiro.<\/p>\n<p>A mudan\u00e7a na pol\u00edtica de pre\u00e7os da Petrobras <a href=\"https:\/\/youtu.be\/vrNksyWW2Rs\" rel=\"noopener\" target=\"_blank\">j\u00e1 havia sido anunciada como uma proposta de governo por Lula em mar\u00e7o do ano passado<\/a>. O Pre\u00e7o de Paridade de Importa\u00e7\u00e3o estava em vigor desde 2016 e foi institu\u00eddo ap\u00f3s o golpe que retirou a presidenta Dilma Rousseff do poder.<\/p>\n<p>&#8220;O sal\u00e1rio da popula\u00e7\u00e3o brasileira n\u00e3o \u00e9 em d\u00f3lar, ent\u00e3o porque os reajustes dos combust\u00edveis teriam que estar atrelados ao d\u00f3lar? \u00c9 por isso que essa nova pol\u00edtica que est\u00e1 sendo adotada pela Petrobras no governo Lula est\u00e1 correta&#8221;, ponderou Vander.<\/p>\n<p>A nova pol\u00edtica de pre\u00e7os assegura uma Petrobras mais sintonizada com as necessidades que o Brasil tem, como, por exemplo, diminuir o pre\u00e7o dos alimentos, j\u00e1 que a maior parte do transporte no pa\u00eds \u00e9 feito por caminh\u00f5es, movidos a diesel.<\/p>\n<p><em>(Fonte: PT na C\u00e2mara)<\/em><\/p>\n","protected":false},"excerpt":{"rendered":"<p>Deputado Vander Loubet lembra que a dolariza\u00e7\u00e3o dos combust\u00edveis (Pre\u00e7o de Paridade de Importa\u00e7\u00e3o) estava em vigor desde 2016.<\/p>\n","protected":false},"author":2,"featured_media":18958,"comment_status":"closed","ping_status":"closed","sticky":false,"template":"","format":"standard","meta":{"jetpack_post_was_ever_published":false,"_jetpack_newsletter_access":"","_jetpack_dont_email_post_to_subs":false,"_jetpack_newsletter_tier_id":0,"_jetpack_memberships_contains_paywalled_content":false,"_jetpack_memberships_contains_paid_content":false,"footnotes":""},"categories":[2098,10],"tags":[2467,1189,1540],"class_list":{"0":"post-18956","1":"post","2":"type-post","3":"status-publish","4":"format-standard","5":"has-post-thumbnail","7":"category-brasil-noticias","8":"category-noticias","9":"tag-combustivel","10":"tag-lula","11":"tag-petrobras"},"yoast_head":"<!-- This site is optimized with the Yoast SEO plugin v27.4 - https:\/\/yoast.com\/product\/yoast-seo-wordpress\/ -->\n<title>Lula cumpre compromisso de &quot;abrasileirar&quot; pre\u00e7o dos combust\u00edveis<\/title>\n<meta name=\"description\" content=\"Deputado Vander Loubet lembra que a dolariza\u00e7\u00e3o dos combust\u00edveis (Pre\u00e7o de Paridade de Importa\u00e7\u00e3o) estava em vigor desde 2016.\" \/>\n<meta name=\"robots\" content=\"index, follow, max-snippet:-1, max-image-preview:large, max-video-preview:-1\" \/>\n<link rel=\"canonical\" href=\"https:\/\/vanderloubet.com.br\/deputado\/lula-cumpre-compromisso-de-abrasileirar-preco-dos-combustiveis\/\" \/>\n<meta property=\"og:locale\" content=\"pt_BR\" \/>\n<meta property=\"og:type\" content=\"article\" \/>\n<meta property=\"og:title\" content=\"Lula cumpre compromisso de &quot;abrasileirar&quot; pre\u00e7o dos combust\u00edveis\" \/>\n<meta property=\"og:description\" content=\"Deputado Vander Loubet lembra que a dolariza\u00e7\u00e3o dos combust\u00edveis (Pre\u00e7o de Paridade de Importa\u00e7\u00e3o) estava em vigor desde 2016.\" \/>\n<meta property=\"og:url\" content=\"https:\/\/vanderloubet.com.br\/deputado\/lula-cumpre-compromisso-de-abrasileirar-preco-dos-combustiveis\/\" \/>\n<meta property=\"og:site_name\" content=\"Deputado Federal Vander Loubet\" \/>\n<meta property=\"article:publisher\" content=\"https:\/\/facebook.com\/deputadovander\" \/>\n<meta property=\"article:published_time\" content=\"2023-05-16T22:52:42+00:00\" \/>\n<meta property=\"article:modified_time\" content=\"2023-05-16T23:06:20+00:00\" \/>\n<meta property=\"og:image\" content=\"https:\/\/vanderloubet.com.br\/deputado\/wp-content\/uploads\/2023\/05\/foto-2023-05-16-combustiveis.jpg\" \/>\n\t<meta property=\"og:image:width\" content=\"900\" \/>\n\t<meta property=\"og:image:height\" content=\"600\" \/>\n\t<meta property=\"og:image:type\" content=\"image\/jpeg\" \/>\n<meta name=\"author\" content=\"\u00c9der\" \/>\n<meta name=\"twitter:card\" content=\"summary_large_image\" \/>\n<meta name=\"twitter:creator\" content=\"@vanderloubet\" \/>\n<meta name=\"twitter:site\" content=\"@vanderloubet\" \/>\n<script type=\"application\/ld+json\" class=\"yoast-schema-graph\">{\"@context\":\"https:\\\/\\\/schema.org\",\"@graph\":[{\"@type\":\"Article\",\"@id\":\"https:\\\/\\\/vanderloubet.com.br\\\/deputado\\\/lula-cumpre-compromisso-de-abrasileirar-preco-dos-combustiveis\\\/#article\",\"isPartOf\":{\"@id\":\"https:\\\/\\\/vanderloubet.com.br\\\/deputado\\\/lula-cumpre-compromisso-de-abrasileirar-preco-dos-combustiveis\\\/\"},\"author\":{\"name\":\"\u00c9der\",\"@id\":\"https:\\\/\\\/vanderloubet.com.br\\\/deputado\\\/#\\\/schema\\\/person\\\/15b51bd564532a8a68d9dec1b8eb890e\"},\"headline\":\"Lula cumpre compromisso de &#8220;abrasileirar&#8221; pre\u00e7o dos combust\u00edveis\",\"datePublished\":\"2023-05-16T22:52:42+00:00\",\"dateModified\":\"2023-05-16T23:06:20+00:00\",\"mainEntityOfPage\":{\"@id\":\"https:\\\/\\\/vanderloubet.com.br\\\/deputado\\\/lula-cumpre-compromisso-de-abrasileirar-preco-dos-combustiveis\\\/\"},\"wordCount\":307,\"publisher\":{\"@id\":\"https:\\\/\\\/vanderloubet.com.br\\\/deputado\\\/#organization\"},\"image\":{\"@id\":\"https:\\\/\\\/vanderloubet.com.br\\\/deputado\\\/lula-cumpre-compromisso-de-abrasileirar-preco-dos-combustiveis\\\/#primaryimage\"},\"thumbnailUrl\":\"https:\\\/\\\/vanderloubet.com.br\\\/deputado\\\/wp-content\\\/uploads\\\/2023\\\/05\\\/foto-2023-05-16-combustiveis.jpg\",\"keywords\":[\"combust\u00edvel\",\"lula\",\"petrobras\"],\"articleSection\":[\"Brasil\",\"Not\u00edcias\"],\"inLanguage\":\"pt-BR\"},{\"@type\":\"WebPage\",\"@id\":\"https:\\\/\\\/vanderloubet.com.br\\\/deputado\\\/lula-cumpre-compromisso-de-abrasileirar-preco-dos-combustiveis\\\/\",\"url\":\"https:\\\/\\\/vanderloubet.com.br\\\/deputado\\\/lula-cumpre-compromisso-de-abrasileirar-preco-dos-combustiveis\\\/\",\"name\":\"Lula cumpre compromisso de \\\"abrasileirar\\\" pre\u00e7o dos combust\u00edveis\",\"isPartOf\":{\"@id\":\"https:\\\/\\\/vanderloubet.com.br\\\/deputado\\\/#website\"},\"primaryImageOfPage\":{\"@id\":\"https:\\\/\\\/vanderloubet.com.br\\\/deputado\\\/lula-cumpre-compromisso-de-abrasileirar-preco-dos-combustiveis\\\/#primaryimage\"},\"image\":{\"@id\":\"https:\\\/\\\/vanderloubet.com.br\\\/deputado\\\/lula-cumpre-compromisso-de-abrasileirar-preco-dos-combustiveis\\\/#primaryimage\"},\"thumbnailUrl\":\"https:\\\/\\\/vanderloubet.com.br\\\/deputado\\\/wp-content\\\/uploads\\\/2023\\\/05\\\/foto-2023-05-16-combustiveis.jpg\",\"datePublished\":\"2023-05-16T22:52:42+00:00\",\"dateModified\":\"2023-05-16T23:06:20+00:00\",\"description\":\"Deputado Vander Loubet lembra que a dolariza\u00e7\u00e3o dos combust\u00edveis (Pre\u00e7o de Paridade de Importa\u00e7\u00e3o) estava em vigor desde 2016.\",\"breadcrumb\":{\"@id\":\"https:\\\/\\\/vanderloubet.com.br\\\/deputado\\\/lula-cumpre-compromisso-de-abrasileirar-preco-dos-combustiveis\\\/#breadcrumb\"},\"inLanguage\":\"pt-BR\",\"potentialAction\":[{\"@type\":\"ReadAction\",\"target\":[\"https:\\\/\\\/vanderloubet.com.br\\\/deputado\\\/lula-cumpre-compromisso-de-abrasileirar-preco-dos-combustiveis\\\/\"]}]},{\"@type\":\"ImageObject\",\"inLanguage\":\"pt-BR\",\"@id\":\"https:\\\/\\\/vanderloubet.com.br\\\/deputado\\\/lula-cumpre-compromisso-de-abrasileirar-preco-dos-combustiveis\\\/#primaryimage\",\"url\":\"https:\\\/\\\/vanderloubet.com.br\\\/deputado\\\/wp-content\\\/uploads\\\/2023\\\/05\\\/foto-2023-05-16-combustiveis.jpg\",\"contentUrl\":\"https:\\\/\\\/vanderloubet.com.br\\\/deputado\\\/wp-content\\\/uploads\\\/2023\\\/05\\\/foto-2023-05-16-combustiveis.jpg\",\"width\":900,\"height\":600,\"caption\":\"Lula cumpre compromisso de \\\"abrasileirar\\\" pre\u00e7o dos combust\u00edveis\"},{\"@type\":\"BreadcrumbList\",\"@id\":\"https:\\\/\\\/vanderloubet.com.br\\\/deputado\\\/lula-cumpre-compromisso-de-abrasileirar-preco-dos-combustiveis\\\/#breadcrumb\",\"itemListElement\":[{\"@type\":\"ListItem\",\"position\":1,\"name\":\"In\u00edcio\",\"item\":\"https:\\\/\\\/vanderloubet.com.br\\\/deputado\\\/\"},{\"@type\":\"ListItem\",\"position\":2,\"name\":\"Lula cumpre compromisso de &#8220;abrasileirar&#8221; pre\u00e7o dos combust\u00edveis\"}]},{\"@type\":\"WebSite\",\"@id\":\"https:\\\/\\\/vanderloubet.com.br\\\/deputado\\\/#website\",\"url\":\"https:\\\/\\\/vanderloubet.com.br\\\/deputado\\\/\",\"name\":\"Deputado Federal Vander Loubet\",\"description\":\"O Federal de MS\",\"publisher\":{\"@id\":\"https:\\\/\\\/vanderloubet.com.br\\\/deputado\\\/#organization\"},\"alternateName\":\"Deputado Vander\",\"potentialAction\":[{\"@type\":\"SearchAction\",\"target\":{\"@type\":\"EntryPoint\",\"urlTemplate\":\"https:\\\/\\\/vanderloubet.com.br\\\/deputado\\\/?s={search_term_string}\"},\"query-input\":{\"@type\":\"PropertyValueSpecification\",\"valueRequired\":true,\"valueName\":\"search_term_string\"}}],\"inLanguage\":\"pt-BR\"},{\"@type\":\"Organization\",\"@id\":\"https:\\\/\\\/vanderloubet.com.br\\\/deputado\\\/#organization\",\"name\":\"Deputado Federal Vander Loubet\",\"alternateName\":\"Deputado Vander\",\"url\":\"https:\\\/\\\/vanderloubet.com.br\\\/deputado\\\/\",\"logo\":{\"@type\":\"ImageObject\",\"inLanguage\":\"pt-BR\",\"@id\":\"https:\\\/\\\/vanderloubet.com.br\\\/deputado\\\/#\\\/schema\\\/logo\\\/image\\\/\",\"url\":\"https:\\\/\\\/vanderloubet.com.br\\\/deputado\\\/wp-content\\\/uploads\\\/2023\\\/06\\\/foto-2023-06-19-mandato-deputado-vander.jpg\",\"contentUrl\":\"https:\\\/\\\/vanderloubet.com.br\\\/deputado\\\/wp-content\\\/uploads\\\/2023\\\/06\\\/foto-2023-06-19-mandato-deputado-vander.jpg\",\"width\":1080,\"height\":1080,\"caption\":\"Deputado Federal Vander Loubet\"},\"image\":{\"@id\":\"https:\\\/\\\/vanderloubet.com.br\\\/deputado\\\/#\\\/schema\\\/logo\\\/image\\\/\"},\"sameAs\":[\"https:\\\/\\\/facebook.com\\\/deputadovander\",\"https:\\\/\\\/x.com\\\/vanderloubet\",\"https:\\\/\\\/instagram.com\\\/vanderloubet\",\"https:\\\/\\\/youtube.com\\\/vanderloubet\",\"https:\\\/\\\/tiktok.com\\\/@vanderloubetms\"]},{\"@type\":\"Person\",\"@id\":\"https:\\\/\\\/vanderloubet.com.br\\\/deputado\\\/#\\\/schema\\\/person\\\/15b51bd564532a8a68d9dec1b8eb890e\",\"name\":\"\u00c9der\",\"image\":{\"@type\":\"ImageObject\",\"inLanguage\":\"pt-BR\",\"@id\":\"https:\\\/\\\/vanderloubet.com.br\\\/deputado\\\/wp-content\\\/litespeed\\\/avatar\\\/88ca4090d9d5ab1c9495f6ca03b68efa.jpg?ver=1777058957\",\"url\":\"https:\\\/\\\/vanderloubet.com.br\\\/deputado\\\/wp-content\\\/litespeed\\\/avatar\\\/88ca4090d9d5ab1c9495f6ca03b68efa.jpg?ver=1777058957\",\"contentUrl\":\"https:\\\/\\\/vanderloubet.com.br\\\/deputado\\\/wp-content\\\/litespeed\\\/avatar\\\/88ca4090d9d5ab1c9495f6ca03b68efa.jpg?ver=1777058957\",\"caption\":\"\u00c9der\"}}]}<\/script>\n<!-- \/ Yoast SEO plugin. -->","yoast_head_json":{"title":"Lula cumpre compromisso de \"abrasileirar\" pre\u00e7o dos combust\u00edveis","description":"Deputado Vander Loubet lembra que a dolariza\u00e7\u00e3o dos combust\u00edveis (Pre\u00e7o de Paridade de Importa\u00e7\u00e3o) estava em vigor desde 2016.","robots":{"index":"index","follow":"follow","max-snippet":"max-snippet:-1","max-image-preview":"max-image-preview:large","max-video-preview":"max-video-preview:-1"},"canonical":"https:\/\/vanderloubet.com.br\/deputado\/lula-cumpre-compromisso-de-abrasileirar-preco-dos-combustiveis\/","og_locale":"pt_BR","og_type":"article","og_title":"Lula cumpre compromisso de \"abrasileirar\" pre\u00e7o dos combust\u00edveis","og_description":"Deputado Vander Loubet lembra que a dolariza\u00e7\u00e3o dos combust\u00edveis (Pre\u00e7o de Paridade de Importa\u00e7\u00e3o) estava em vigor desde 2016.","og_url":"https:\/\/vanderloubet.com.br\/deputado\/lula-cumpre-compromisso-de-abrasileirar-preco-dos-combustiveis\/","og_site_name":"Deputado Federal Vander Loubet","article_publisher":"https:\/\/facebook.com\/deputadovander","article_published_time":"2023-05-16T22:52:42+00:00","article_modified_time":"2023-05-16T23:06:20+00:00","og_image":[{"width":900,"height":600,"url":"https:\/\/vanderloubet.com.br\/deputado\/wp-content\/uploads\/2023\/05\/foto-2023-05-16-combustiveis.jpg","type":"image\/jpeg"}],"author":"\u00c9der","twitter_card":"summary_large_image","twitter_creator":"@vanderloubet","twitter_site":"@vanderloubet","schema":{"@context":"https:\/\/schema.org","@graph":[{"@type":"Article","@id":"https:\/\/vanderloubet.com.br\/deputado\/lula-cumpre-compromisso-de-abrasileirar-preco-dos-combustiveis\/#article","isPartOf":{"@id":"https:\/\/vanderloubet.com.br\/deputado\/lula-cumpre-compromisso-de-abrasileirar-preco-dos-combustiveis\/"},"author":{"name":"\u00c9der","@id":"https:\/\/vanderloubet.com.br\/deputado\/#\/schema\/person\/15b51bd564532a8a68d9dec1b8eb890e"},"headline":"Lula cumpre compromisso de &#8220;abrasileirar&#8221; pre\u00e7o dos combust\u00edveis","datePublished":"2023-05-16T22:52:42+00:00","dateModified":"2023-05-16T23:06:20+00:00","mainEntityOfPage":{"@id":"https:\/\/vanderloubet.com.br\/deputado\/lula-cumpre-compromisso-de-abrasileirar-preco-dos-combustiveis\/"},"wordCount":307,"publisher":{"@id":"https:\/\/vanderloubet.com.br\/deputado\/#organization"},"image":{"@id":"https:\/\/vanderloubet.com.br\/deputado\/lula-cumpre-compromisso-de-abrasileirar-preco-dos-combustiveis\/#primaryimage"},"thumbnailUrl":"https:\/\/vanderloubet.com.br\/deputado\/wp-content\/uploads\/2023\/05\/foto-2023-05-16-combustiveis.jpg","keywords":["combust\u00edvel","lula","petrobras"],"articleSection":["Brasil","Not\u00edcias"],"inLanguage":"pt-BR"},{"@type":"WebPage","@id":"https:\/\/vanderloubet.com.br\/deputado\/lula-cumpre-compromisso-de-abrasileirar-preco-dos-combustiveis\/","url":"https:\/\/vanderloubet.com.br\/deputado\/lula-cumpre-compromisso-de-abrasileirar-preco-dos-combustiveis\/","name":"Lula cumpre compromisso de \"abrasileirar\" pre\u00e7o dos combust\u00edveis","isPartOf":{"@id":"https:\/\/vanderloubet.com.br\/deputado\/#website"},"primaryImageOfPage":{"@id":"https:\/\/vanderloubet.com.br\/deputado\/lula-cumpre-compromisso-de-abrasileirar-preco-dos-combustiveis\/#primaryimage"},"image":{"@id":"https:\/\/vanderloubet.com.br\/deputado\/lula-cumpre-compromisso-de-abrasileirar-preco-dos-combustiveis\/#primaryimage"},"thumbnailUrl":"https:\/\/vanderloubet.com.br\/deputado\/wp-content\/uploads\/2023\/05\/foto-2023-05-16-combustiveis.jpg","datePublished":"2023-05-16T22:52:42+00:00","dateModified":"2023-05-16T23:06:20+00:00","description":"Deputado Vander Loubet lembra que a dolariza\u00e7\u00e3o dos combust\u00edveis (Pre\u00e7o de Paridade de Importa\u00e7\u00e3o) estava em vigor desde 2016.","breadcrumb":{"@id":"https:\/\/vanderloubet.com.br\/deputado\/lula-cumpre-compromisso-de-abrasileirar-preco-dos-combustiveis\/#breadcrumb"},"inLanguage":"pt-BR","potentialAction":[{"@type":"ReadAction","target":["https:\/\/vanderloubet.com.br\/deputado\/lula-cumpre-compromisso-de-abrasileirar-preco-dos-combustiveis\/"]}]},{"@type":"ImageObject","inLanguage":"pt-BR","@id":"https:\/\/vanderloubet.com.br\/deputado\/lula-cumpre-compromisso-de-abrasileirar-preco-dos-combustiveis\/#primaryimage","url":"https:\/\/vanderloubet.com.br\/deputado\/wp-content\/uploads\/2023\/05\/foto-2023-05-16-combustiveis.jpg","contentUrl":"https:\/\/vanderloubet.com.br\/deputado\/wp-content\/uploads\/2023\/05\/foto-2023-05-16-combustiveis.jpg","width":900,"height":600,"caption":"Lula cumpre compromisso de \"abrasileirar\" pre\u00e7o dos combust\u00edveis"},{"@type":"BreadcrumbList","@id":"https:\/\/vanderloubet.com.br\/deputado\/lula-cumpre-compromisso-de-abrasileirar-preco-dos-combustiveis\/#breadcrumb","itemListElement":[{"@type":"ListItem","position":1,"name":"In\u00edcio","item":"https:\/\/vanderloubet.com.br\/deputado\/"},{"@type":"ListItem","position":2,"name":"Lula cumpre compromisso de &#8220;abrasileirar&#8221; pre\u00e7o dos combust\u00edveis"}]},{"@type":"WebSite","@id":"https:\/\/vanderloubet.com.br\/deputado\/#website","url":"https:\/\/vanderloubet.com.br\/deputado\/","name":"Deputado Federal Vander Loubet","description":"O Federal de MS","publisher":{"@id":"https:\/\/vanderloubet.com.br\/deputado\/#organization"},"alternateName":"Deputado Vander","potentialAction":[{"@type":"SearchAction","target":{"@type":"EntryPoint","urlTemplate":"https:\/\/vanderloubet.com.br\/deputado\/?s={search_term_string}"},"query-input":{"@type":"PropertyValueSpecification","valueRequired":true,"valueName":"search_term_string"}}],"inLanguage":"pt-BR"},{"@type":"Organization","@id":"https:\/\/vanderloubet.com.br\/deputado\/#organization","name":"Deputado Federal Vander Loubet","alternateName":"Deputado Vander","url":"https:\/\/vanderloubet.com.br\/deputado\/","logo":{"@type":"ImageObject","inLanguage":"pt-BR","@id":"https:\/\/vanderloubet.com.br\/deputado\/#\/schema\/logo\/image\/","url":"https:\/\/vanderloubet.com.br\/deputado\/wp-content\/uploads\/2023\/06\/foto-2023-06-19-mandato-deputado-vander.jpg","contentUrl":"https:\/\/vanderloubet.com.br\/deputado\/wp-content\/uploads\/2023\/06\/foto-2023-06-19-mandato-deputado-vander.jpg","width":1080,"height":1080,"caption":"Deputado Federal Vander Loubet"},"image":{"@id":"https:\/\/vanderloubet.com.br\/deputado\/#\/schema\/logo\/image\/"},"sameAs":["https:\/\/facebook.com\/deputadovander","https:\/\/x.com\/vanderloubet","https:\/\/instagram.com\/vanderloubet","https:\/\/youtube.com\/vanderloubet","https:\/\/tiktok.com\/@vanderloubetms"]},{"@type":"Person","@id":"https:\/\/vanderloubet.com.br\/deputado\/#\/schema\/person\/15b51bd564532a8a68d9dec1b8eb890e","name":"\u00c9der","image":{"@type":"ImageObject","inLanguage":"pt-BR","@id":"https:\/\/vanderloubet.com.br\/deputado\/wp-content\/litespeed\/avatar\/88ca4090d9d5ab1c9495f6ca03b68efa.jpg?ver=1777058957","url":"https:\/\/vanderloubet.com.br\/deputado\/wp-content\/litespeed\/avatar\/88ca4090d9d5ab1c9495f6ca03b68efa.jpg?ver=1777058957","contentUrl":"https:\/\/vanderloubet.com.br\/deputado\/wp-content\/litespeed\/avatar\/88ca4090d9d5ab1c9495f6ca03b68efa.jpg?ver=1777058957","caption":"\u00c9der"}}]}},"jetpack_featured_media_url":"https:\/\/vanderloubet.com.br\/deputado\/wp-content\/uploads\/2023\/05\/foto-2023-05-16-combustiveis.jpg","jetpack_sharing_enabled":true,"_links":{"self":[{"href":"https:\/\/vanderloubet.com.br\/deputado\/wp-json\/wp\/v2\/posts\/18956","targetHints":{"allow":["GET"]}}],"collection":[{"href":"https:\/\/vanderloubet.com.br\/deputado\/wp-json\/wp\/v2\/posts"}],"about":[{"href":"https:\/\/vanderloubet.com.br\/deputado\/wp-json\/wp\/v2\/types\/post"}],"author":[{"embeddable":true,"href":"https:\/\/vanderloubet.com.br\/deputado\/wp-json\/wp\/v2\/users\/2"}],"replies":[{"embeddable":true,"href":"https:\/\/vanderloubet.com.br\/deputado\/wp-json\/wp\/v2\/comments?post=18956"}],"version-history":[{"count":0,"href":"https:\/\/vanderloubet.com.br\/deputado\/wp-json\/wp\/v2\/posts\/18956\/revisions"}],"wp:featuredmedia":[{"embeddable":true,"href":"https:\/\/vanderloubet.com.br\/deputado\/wp-json\/wp\/v2\/media\/18958"}],"wp:attachment":[{"href":"https:\/\/vanderloubet.com.br\/deputado\/wp-json\/wp\/v2\/media?parent=18956"}],"wp:term":[{"taxonomy":"category","embeddable":true,"href":"https:\/\/vanderloubet.com.br\/deputado\/wp-json\/wp\/v2\/categories?post=18956"},{"taxonomy":"post_tag","embeddable":true,"href":"https:\/\/vanderloubet.com.br\/deputado\/wp-json\/wp\/v2\/tags?post=18956"}],"curies":[{"name":"wp","href":"https:\/\/api.w.org\/{rel}","templated":true}]}}