{"id":18926,"date":"2023-04-25T11:48:04","date_gmt":"2023-04-25T15:48:04","guid":{"rendered":"https:\/\/vanderloubet.com.br\/deputado\/?p=18926"},"modified":"2023-04-25T11:48:04","modified_gmt":"2023-04-25T15:48:04","slug":"vander-defende-nova-regra-fiscal-do-governo-e-ve-caminho-de-crescimento","status":"publish","type":"post","link":"https:\/\/vanderloubet.com.br\/deputado\/vander-defende-nova-regra-fiscal-do-governo-e-ve-caminho-de-crescimento\/","title":{"rendered":"Vander defende nova regra fiscal do governo e v\u00ea caminho de crescimento"},"content":{"rendered":"<p>O presidente Lula e o ministro da Fazenda, Fernando Haddad, entregaram aos presidentes da C\u00e2mara e do Senado, Arthur Lira e Rodrigo Pacheco, a proposta da nova regra fiscal para o pa\u00eds.<\/p>\n<p>A nova regra fiscal &#8211; ou arcabou\u00e7o fiscal &#8211; estabelece o conjunto de regras para a constru\u00e7\u00e3o do or\u00e7amento p\u00fablico, em substitui\u00e7\u00e3o ao teto de gastos. Tramitando como proposta de lei complementar, deve agora ser votado pelo Congresso Nacional.<\/p>\n<p>O deputado federal Vander Loubet defendeu a posi\u00e7\u00e3o do governo e afirmou que a aprova\u00e7\u00e3o da proposta vai recolocar o pa\u00eds nos trilhos do crescimento.<\/p>\n<p>&#8220;Essa proposta do governo Lula vai substituir o modelo engessado do teto de gastos. Vamos poder ter mais investimento p\u00fablico em sa\u00fade, educa\u00e7\u00e3o, seguran\u00e7a, assist\u00eancia social e obras de infraestrutura, sem deixar de lado a responsabilidade fiscal. Com isso, o Brasil vai voltar a crescer, girar a roda da economia e gerar emprego e renda&#8221;, defendeu Vander.<\/p>\n<p>Apesar de ajustes feitos nos \u00faltimos dias, a proposta mant\u00e9m os principais pontos apresentados pelo governo em 30 de mar\u00e7o. Como explicou a equipe econ\u00f4mica, o arcabou\u00e7o prev\u00ea que os investimentos do governo em obras de infraestrutura e em programas sociais, como os de sa\u00fade, educa\u00e7\u00e3o, seguran\u00e7a e combate \u00e0 fome, tenham reajuste acima da infla\u00e7\u00e3o todos os anos.<\/p>\n<p>Esse reajuste, no entanto, precisa ficar sempre um pouco abaixo do que o governo arrecadar com impostos no ano anterior. Assim, a equipe econ\u00f4mica espera equilibrar as contas p\u00fablicas, eliminando seu d\u00e9ficit (necessidade de gastar mais do que arrecada) at\u00e9 o fim de 2024.<\/p>\n<p>Por\u00e9m, para evitar que per\u00edodos de baixa arrecada\u00e7\u00e3o paralisem o pa\u00eds, fica garantido que o aumento real (acima da infla\u00e7\u00e3o) dos recursos nunca ser\u00e1 menor que 0,6%. E, para fazer com que as contas voltem para o azul, n\u00e3o ser\u00e1 maior que 2,5% nos pr\u00f3ximos quatro anos.<\/p>\n<p>Embora a regra preveja que o or\u00e7amento crescer\u00e1 \u00e0 medida em que a arrecada\u00e7\u00e3o aumentar, o governo Lula n\u00e3o vai criar novos impostos nem trazer de volta taxa\u00e7\u00f5es antigas, como a CPMF. A estrat\u00e9gia \u00e9 fazer com que grandes empresas e bilion\u00e1rios que hoje n\u00e3o pagam impostos passem a pagar. <\/p>\n<p>Isso ser\u00e1 feito, segundo a equipe econ\u00f4mica, por meio da reforma tribut\u00e1ria, que tamb\u00e9m ser\u00e1 enviada ao Congresso Nacional. Assim, os pobres voltar\u00e3o ao or\u00e7amento e o rico entrar\u00e1 no imposto de renda, como defendeu Lula ao longo de toda a campanha de 2022.<\/p>\n<p><strong>Fim do teto de gastos<\/strong><\/p>\n<p>Um dos principais feitos do novo arcabou\u00e7o fiscal \u00e9, sem d\u00favida, acabar com o teto de gastos, aprovado por Michel Temer e mantido por Jair Bolsonaro. <\/p>\n<p>Essa famigerada medida congelou os investimentos do governo e acabou retirando dinheiro de \u00e1reas fundamentais, como a sa\u00fade e a educa\u00e7\u00e3o, gerando desemprego e deixando o povo completamente abandonado.<\/p>\n<p>Para se ter uma ideia, se o teto de gastos continuasse, o Brasil teria, no ano que vem, apenas R$ 24 bilh\u00f5es para investimentos em infraestrutura e programas sociais. <\/p>\n<p>Com o novo arcabou\u00e7o, ficam garantidos R$ 172 bilh\u00f5es, o que, segundo a equipe de Haddad assegura a continuidade do Bolsa Fam\u00edlia, do Minha Casa Minha Vida, do Mais M\u00e9dicos, do Farm\u00e1cia Popular, da valoriza\u00e7\u00e3o do sal\u00e1rio m\u00ednimo e tantas outras iniciativas.<\/p>\n<p>Confira o perguntas e respostas sobre o Novo Arcabou\u00e7o Fiscal:<\/p>\n<p><a href=\"https:\/\/www.gov.br\/fazenda\/pt-br\/assuntos\/noticias\/2023\/abril\/confira-o-perguntas-e-respostas-sobre-o-novo-arcabouco-fiscal\" rel=\"noopener\" target=\"_blank\">https:\/\/www.gov.br\/fazenda\/pt-br\/assuntos\/noticias\/2023\/abril\/confira-o-perguntas-e-respostas-sobre-o-novo-arcabouco-fiscal<\/a><\/p>\n<p><em>(Fonte: PT na C\u00e2mara)<\/em><\/p>\n","protected":false},"excerpt":{"rendered":"<p>Para o deputado, proposta da equipe econ\u00f4mica de Lula vai permitir mais investimento p\u00fablico, sem deixar de lado a responsabilidade fiscal.<\/p>\n","protected":false},"author":2,"featured_media":18927,"comment_status":"closed","ping_status":"closed","sticky":false,"template":"","format":"standard","meta":{"jetpack_post_was_ever_published":false,"_jetpack_newsletter_access":"","_jetpack_dont_email_post_to_subs":false,"_jetpack_newsletter_tier_id":0,"_jetpack_memberships_contains_paywalled_content":false,"_jetpack_memberships_contains_paid_content":false,"footnotes":""},"categories":[2098,10],"tags":[685,2525,2222],"class_list":{"0":"post-18926","1":"post","2":"type-post","3":"status-publish","4":"format-standard","5":"has-post-thumbnail","7":"category-brasil-noticias","8":"category-noticias","9":"tag-economia","10":"tag-governo-federal","11":"tag-projeto-de-lei-complementar"},"yoast_head":"<!-- This site is optimized with the Yoast SEO plugin v27.4 - https:\/\/yoast.com\/product\/yoast-seo-wordpress\/ -->\n<title>Vander defende nova regra fiscal do governo e v\u00ea caminho de crescimento<\/title>\n<meta name=\"description\" content=\"Para o deputado, proposta da equipe econ\u00f4mica de Lula vai permitir mais investimento p\u00fablico, sem deixar de lado a responsabilidade fiscal.\" \/>\n<meta name=\"robots\" content=\"index, follow, max-snippet:-1, max-image-preview:large, max-video-preview:-1\" \/>\n<link rel=\"canonical\" href=\"https:\/\/vanderloubet.com.br\/deputado\/vander-defende-nova-regra-fiscal-do-governo-e-ve-caminho-de-crescimento\/\" \/>\n<meta property=\"og:locale\" content=\"pt_BR\" \/>\n<meta property=\"og:type\" content=\"article\" \/>\n<meta property=\"og:title\" content=\"Vander defende nova regra fiscal do governo e v\u00ea caminho de crescimento\" \/>\n<meta property=\"og:description\" content=\"Para o deputado, proposta da equipe econ\u00f4mica de Lula vai permitir mais investimento p\u00fablico, sem deixar de lado a responsabilidade fiscal.\" \/>\n<meta property=\"og:url\" content=\"https:\/\/vanderloubet.com.br\/deputado\/vander-defende-nova-regra-fiscal-do-governo-e-ve-caminho-de-crescimento\/\" \/>\n<meta property=\"og:site_name\" content=\"Deputado Federal Vander Loubet\" \/>\n<meta property=\"article:publisher\" content=\"https:\/\/facebook.com\/deputadovander\" \/>\n<meta property=\"article:published_time\" content=\"2023-04-25T15:48:04+00:00\" \/>\n<meta property=\"og:image\" content=\"https:\/\/vanderloubet.com.br\/deputado\/wp-content\/uploads\/2023\/04\/foto-2023-04-25-lula-haddad-lira-arcabouco-fiscal.jpg\" \/>\n\t<meta property=\"og:image:width\" content=\"900\" \/>\n\t<meta property=\"og:image:height\" content=\"600\" \/>\n\t<meta property=\"og:image:type\" content=\"image\/jpeg\" \/>\n<meta name=\"author\" content=\"\u00c9der\" \/>\n<meta name=\"twitter:card\" content=\"summary_large_image\" \/>\n<meta name=\"twitter:creator\" content=\"@vanderloubet\" \/>\n<meta name=\"twitter:site\" content=\"@vanderloubet\" \/>\n<script type=\"application\/ld+json\" class=\"yoast-schema-graph\">{\"@context\":\"https:\\\/\\\/schema.org\",\"@graph\":[{\"@type\":\"Article\",\"@id\":\"https:\\\/\\\/vanderloubet.com.br\\\/deputado\\\/vander-defende-nova-regra-fiscal-do-governo-e-ve-caminho-de-crescimento\\\/#article\",\"isPartOf\":{\"@id\":\"https:\\\/\\\/vanderloubet.com.br\\\/deputado\\\/vander-defende-nova-regra-fiscal-do-governo-e-ve-caminho-de-crescimento\\\/\"},\"author\":{\"name\":\"\u00c9der\",\"@id\":\"https:\\\/\\\/vanderloubet.com.br\\\/deputado\\\/#\\\/schema\\\/person\\\/15b51bd564532a8a68d9dec1b8eb890e\"},\"headline\":\"Vander defende nova regra fiscal do governo e v\u00ea caminho de crescimento\",\"datePublished\":\"2023-04-25T15:48:04+00:00\",\"mainEntityOfPage\":{\"@id\":\"https:\\\/\\\/vanderloubet.com.br\\\/deputado\\\/vander-defende-nova-regra-fiscal-do-governo-e-ve-caminho-de-crescimento\\\/\"},\"wordCount\":613,\"publisher\":{\"@id\":\"https:\\\/\\\/vanderloubet.com.br\\\/deputado\\\/#organization\"},\"image\":{\"@id\":\"https:\\\/\\\/vanderloubet.com.br\\\/deputado\\\/vander-defende-nova-regra-fiscal-do-governo-e-ve-caminho-de-crescimento\\\/#primaryimage\"},\"thumbnailUrl\":\"https:\\\/\\\/vanderloubet.com.br\\\/deputado\\\/wp-content\\\/uploads\\\/2023\\\/04\\\/foto-2023-04-25-lula-haddad-lira-arcabouco-fiscal.jpg\",\"keywords\":[\"economia\",\"governo federal\",\"projeto de lei complementar\"],\"articleSection\":[\"Brasil\",\"Not\u00edcias\"],\"inLanguage\":\"pt-BR\"},{\"@type\":\"WebPage\",\"@id\":\"https:\\\/\\\/vanderloubet.com.br\\\/deputado\\\/vander-defende-nova-regra-fiscal-do-governo-e-ve-caminho-de-crescimento\\\/\",\"url\":\"https:\\\/\\\/vanderloubet.com.br\\\/deputado\\\/vander-defende-nova-regra-fiscal-do-governo-e-ve-caminho-de-crescimento\\\/\",\"name\":\"Vander defende nova regra fiscal do governo e v\u00ea caminho de crescimento\",\"isPartOf\":{\"@id\":\"https:\\\/\\\/vanderloubet.com.br\\\/deputado\\\/#website\"},\"primaryImageOfPage\":{\"@id\":\"https:\\\/\\\/vanderloubet.com.br\\\/deputado\\\/vander-defende-nova-regra-fiscal-do-governo-e-ve-caminho-de-crescimento\\\/#primaryimage\"},\"image\":{\"@id\":\"https:\\\/\\\/vanderloubet.com.br\\\/deputado\\\/vander-defende-nova-regra-fiscal-do-governo-e-ve-caminho-de-crescimento\\\/#primaryimage\"},\"thumbnailUrl\":\"https:\\\/\\\/vanderloubet.com.br\\\/deputado\\\/wp-content\\\/uploads\\\/2023\\\/04\\\/foto-2023-04-25-lula-haddad-lira-arcabouco-fiscal.jpg\",\"datePublished\":\"2023-04-25T15:48:04+00:00\",\"description\":\"Para o deputado, proposta da equipe econ\u00f4mica de Lula vai permitir mais investimento p\u00fablico, sem deixar de lado a responsabilidade fiscal.\",\"breadcrumb\":{\"@id\":\"https:\\\/\\\/vanderloubet.com.br\\\/deputado\\\/vander-defende-nova-regra-fiscal-do-governo-e-ve-caminho-de-crescimento\\\/#breadcrumb\"},\"inLanguage\":\"pt-BR\",\"potentialAction\":[{\"@type\":\"ReadAction\",\"target\":[\"https:\\\/\\\/vanderloubet.com.br\\\/deputado\\\/vander-defende-nova-regra-fiscal-do-governo-e-ve-caminho-de-crescimento\\\/\"]}]},{\"@type\":\"ImageObject\",\"inLanguage\":\"pt-BR\",\"@id\":\"https:\\\/\\\/vanderloubet.com.br\\\/deputado\\\/vander-defende-nova-regra-fiscal-do-governo-e-ve-caminho-de-crescimento\\\/#primaryimage\",\"url\":\"https:\\\/\\\/vanderloubet.com.br\\\/deputado\\\/wp-content\\\/uploads\\\/2023\\\/04\\\/foto-2023-04-25-lula-haddad-lira-arcabouco-fiscal.jpg\",\"contentUrl\":\"https:\\\/\\\/vanderloubet.com.br\\\/deputado\\\/wp-content\\\/uploads\\\/2023\\\/04\\\/foto-2023-04-25-lula-haddad-lira-arcabouco-fiscal.jpg\",\"width\":900,\"height\":600,\"caption\":\"Presidente Lula entrega ao Congresso Nacional projeto da nova regra fiscal elaborado pela equipe econ\u00f4mica\"},{\"@type\":\"BreadcrumbList\",\"@id\":\"https:\\\/\\\/vanderloubet.com.br\\\/deputado\\\/vander-defende-nova-regra-fiscal-do-governo-e-ve-caminho-de-crescimento\\\/#breadcrumb\",\"itemListElement\":[{\"@type\":\"ListItem\",\"position\":1,\"name\":\"In\u00edcio\",\"item\":\"https:\\\/\\\/vanderloubet.com.br\\\/deputado\\\/\"},{\"@type\":\"ListItem\",\"position\":2,\"name\":\"Vander defende nova regra fiscal do governo e v\u00ea caminho de crescimento\"}]},{\"@type\":\"WebSite\",\"@id\":\"https:\\\/\\\/vanderloubet.com.br\\\/deputado\\\/#website\",\"url\":\"https:\\\/\\\/vanderloubet.com.br\\\/deputado\\\/\",\"name\":\"Deputado Federal Vander Loubet\",\"description\":\"O Federal de MS\",\"publisher\":{\"@id\":\"https:\\\/\\\/vanderloubet.com.br\\\/deputado\\\/#organization\"},\"alternateName\":\"Deputado Vander\",\"potentialAction\":[{\"@type\":\"SearchAction\",\"target\":{\"@type\":\"EntryPoint\",\"urlTemplate\":\"https:\\\/\\\/vanderloubet.com.br\\\/deputado\\\/?s={search_term_string}\"},\"query-input\":{\"@type\":\"PropertyValueSpecification\",\"valueRequired\":true,\"valueName\":\"search_term_string\"}}],\"inLanguage\":\"pt-BR\"},{\"@type\":\"Organization\",\"@id\":\"https:\\\/\\\/vanderloubet.com.br\\\/deputado\\\/#organization\",\"name\":\"Deputado Federal Vander Loubet\",\"alternateName\":\"Deputado Vander\",\"url\":\"https:\\\/\\\/vanderloubet.com.br\\\/deputado\\\/\",\"logo\":{\"@type\":\"ImageObject\",\"inLanguage\":\"pt-BR\",\"@id\":\"https:\\\/\\\/vanderloubet.com.br\\\/deputado\\\/#\\\/schema\\\/logo\\\/image\\\/\",\"url\":\"https:\\\/\\\/vanderloubet.com.br\\\/deputado\\\/wp-content\\\/uploads\\\/2023\\\/06\\\/foto-2023-06-19-mandato-deputado-vander.jpg\",\"contentUrl\":\"https:\\\/\\\/vanderloubet.com.br\\\/deputado\\\/wp-content\\\/uploads\\\/2023\\\/06\\\/foto-2023-06-19-mandato-deputado-vander.jpg\",\"width\":1080,\"height\":1080,\"caption\":\"Deputado Federal Vander Loubet\"},\"image\":{\"@id\":\"https:\\\/\\\/vanderloubet.com.br\\\/deputado\\\/#\\\/schema\\\/logo\\\/image\\\/\"},\"sameAs\":[\"https:\\\/\\\/facebook.com\\\/deputadovander\",\"https:\\\/\\\/x.com\\\/vanderloubet\",\"https:\\\/\\\/instagram.com\\\/vanderloubet\",\"https:\\\/\\\/youtube.com\\\/vanderloubet\",\"https:\\\/\\\/tiktok.com\\\/@vanderloubetms\"]},{\"@type\":\"Person\",\"@id\":\"https:\\\/\\\/vanderloubet.com.br\\\/deputado\\\/#\\\/schema\\\/person\\\/15b51bd564532a8a68d9dec1b8eb890e\",\"name\":\"\u00c9der\",\"image\":{\"@type\":\"ImageObject\",\"inLanguage\":\"pt-BR\",\"@id\":\"https:\\\/\\\/vanderloubet.com.br\\\/deputado\\\/wp-content\\\/litespeed\\\/avatar\\\/88ca4090d9d5ab1c9495f6ca03b68efa.jpg?ver=1777058957\",\"url\":\"https:\\\/\\\/vanderloubet.com.br\\\/deputado\\\/wp-content\\\/litespeed\\\/avatar\\\/88ca4090d9d5ab1c9495f6ca03b68efa.jpg?ver=1777058957\",\"contentUrl\":\"https:\\\/\\\/vanderloubet.com.br\\\/deputado\\\/wp-content\\\/litespeed\\\/avatar\\\/88ca4090d9d5ab1c9495f6ca03b68efa.jpg?ver=1777058957\",\"caption\":\"\u00c9der\"}}]}<\/script>\n<!-- \/ Yoast SEO plugin. -->","yoast_head_json":{"title":"Vander defende nova regra fiscal do governo e v\u00ea caminho de crescimento","description":"Para o deputado, proposta da equipe econ\u00f4mica de Lula vai permitir mais investimento p\u00fablico, sem deixar de lado a responsabilidade fiscal.","robots":{"index":"index","follow":"follow","max-snippet":"max-snippet:-1","max-image-preview":"max-image-preview:large","max-video-preview":"max-video-preview:-1"},"canonical":"https:\/\/vanderloubet.com.br\/deputado\/vander-defende-nova-regra-fiscal-do-governo-e-ve-caminho-de-crescimento\/","og_locale":"pt_BR","og_type":"article","og_title":"Vander defende nova regra fiscal do governo e v\u00ea caminho de crescimento","og_description":"Para o deputado, proposta da equipe econ\u00f4mica de Lula vai permitir mais investimento p\u00fablico, sem deixar de lado a responsabilidade fiscal.","og_url":"https:\/\/vanderloubet.com.br\/deputado\/vander-defende-nova-regra-fiscal-do-governo-e-ve-caminho-de-crescimento\/","og_site_name":"Deputado Federal Vander Loubet","article_publisher":"https:\/\/facebook.com\/deputadovander","article_published_time":"2023-04-25T15:48:04+00:00","og_image":[{"width":900,"height":600,"url":"https:\/\/vanderloubet.com.br\/deputado\/wp-content\/uploads\/2023\/04\/foto-2023-04-25-lula-haddad-lira-arcabouco-fiscal.jpg","type":"image\/jpeg"}],"author":"\u00c9der","twitter_card":"summary_large_image","twitter_creator":"@vanderloubet","twitter_site":"@vanderloubet","schema":{"@context":"https:\/\/schema.org","@graph":[{"@type":"Article","@id":"https:\/\/vanderloubet.com.br\/deputado\/vander-defende-nova-regra-fiscal-do-governo-e-ve-caminho-de-crescimento\/#article","isPartOf":{"@id":"https:\/\/vanderloubet.com.br\/deputado\/vander-defende-nova-regra-fiscal-do-governo-e-ve-caminho-de-crescimento\/"},"author":{"name":"\u00c9der","@id":"https:\/\/vanderloubet.com.br\/deputado\/#\/schema\/person\/15b51bd564532a8a68d9dec1b8eb890e"},"headline":"Vander defende nova regra fiscal do governo e v\u00ea caminho de crescimento","datePublished":"2023-04-25T15:48:04+00:00","mainEntityOfPage":{"@id":"https:\/\/vanderloubet.com.br\/deputado\/vander-defende-nova-regra-fiscal-do-governo-e-ve-caminho-de-crescimento\/"},"wordCount":613,"publisher":{"@id":"https:\/\/vanderloubet.com.br\/deputado\/#organization"},"image":{"@id":"https:\/\/vanderloubet.com.br\/deputado\/vander-defende-nova-regra-fiscal-do-governo-e-ve-caminho-de-crescimento\/#primaryimage"},"thumbnailUrl":"https:\/\/vanderloubet.com.br\/deputado\/wp-content\/uploads\/2023\/04\/foto-2023-04-25-lula-haddad-lira-arcabouco-fiscal.jpg","keywords":["economia","governo federal","projeto de lei complementar"],"articleSection":["Brasil","Not\u00edcias"],"inLanguage":"pt-BR"},{"@type":"WebPage","@id":"https:\/\/vanderloubet.com.br\/deputado\/vander-defende-nova-regra-fiscal-do-governo-e-ve-caminho-de-crescimento\/","url":"https:\/\/vanderloubet.com.br\/deputado\/vander-defende-nova-regra-fiscal-do-governo-e-ve-caminho-de-crescimento\/","name":"Vander defende nova regra fiscal do governo e v\u00ea caminho de crescimento","isPartOf":{"@id":"https:\/\/vanderloubet.com.br\/deputado\/#website"},"primaryImageOfPage":{"@id":"https:\/\/vanderloubet.com.br\/deputado\/vander-defende-nova-regra-fiscal-do-governo-e-ve-caminho-de-crescimento\/#primaryimage"},"image":{"@id":"https:\/\/vanderloubet.com.br\/deputado\/vander-defende-nova-regra-fiscal-do-governo-e-ve-caminho-de-crescimento\/#primaryimage"},"thumbnailUrl":"https:\/\/vanderloubet.com.br\/deputado\/wp-content\/uploads\/2023\/04\/foto-2023-04-25-lula-haddad-lira-arcabouco-fiscal.jpg","datePublished":"2023-04-25T15:48:04+00:00","description":"Para o deputado, proposta da equipe econ\u00f4mica de Lula vai permitir mais investimento p\u00fablico, sem deixar de lado a responsabilidade fiscal.","breadcrumb":{"@id":"https:\/\/vanderloubet.com.br\/deputado\/vander-defende-nova-regra-fiscal-do-governo-e-ve-caminho-de-crescimento\/#breadcrumb"},"inLanguage":"pt-BR","potentialAction":[{"@type":"ReadAction","target":["https:\/\/vanderloubet.com.br\/deputado\/vander-defende-nova-regra-fiscal-do-governo-e-ve-caminho-de-crescimento\/"]}]},{"@type":"ImageObject","inLanguage":"pt-BR","@id":"https:\/\/vanderloubet.com.br\/deputado\/vander-defende-nova-regra-fiscal-do-governo-e-ve-caminho-de-crescimento\/#primaryimage","url":"https:\/\/vanderloubet.com.br\/deputado\/wp-content\/uploads\/2023\/04\/foto-2023-04-25-lula-haddad-lira-arcabouco-fiscal.jpg","contentUrl":"https:\/\/vanderloubet.com.br\/deputado\/wp-content\/uploads\/2023\/04\/foto-2023-04-25-lula-haddad-lira-arcabouco-fiscal.jpg","width":900,"height":600,"caption":"Presidente Lula entrega ao Congresso Nacional projeto da nova regra fiscal elaborado pela equipe econ\u00f4mica"},{"@type":"BreadcrumbList","@id":"https:\/\/vanderloubet.com.br\/deputado\/vander-defende-nova-regra-fiscal-do-governo-e-ve-caminho-de-crescimento\/#breadcrumb","itemListElement":[{"@type":"ListItem","position":1,"name":"In\u00edcio","item":"https:\/\/vanderloubet.com.br\/deputado\/"},{"@type":"ListItem","position":2,"name":"Vander defende nova regra fiscal do governo e v\u00ea caminho de crescimento"}]},{"@type":"WebSite","@id":"https:\/\/vanderloubet.com.br\/deputado\/#website","url":"https:\/\/vanderloubet.com.br\/deputado\/","name":"Deputado Federal Vander Loubet","description":"O Federal de MS","publisher":{"@id":"https:\/\/vanderloubet.com.br\/deputado\/#organization"},"alternateName":"Deputado Vander","potentialAction":[{"@type":"SearchAction","target":{"@type":"EntryPoint","urlTemplate":"https:\/\/vanderloubet.com.br\/deputado\/?s={search_term_string}"},"query-input":{"@type":"PropertyValueSpecification","valueRequired":true,"valueName":"search_term_string"}}],"inLanguage":"pt-BR"},{"@type":"Organization","@id":"https:\/\/vanderloubet.com.br\/deputado\/#organization","name":"Deputado Federal Vander Loubet","alternateName":"Deputado Vander","url":"https:\/\/vanderloubet.com.br\/deputado\/","logo":{"@type":"ImageObject","inLanguage":"pt-BR","@id":"https:\/\/vanderloubet.com.br\/deputado\/#\/schema\/logo\/image\/","url":"https:\/\/vanderloubet.com.br\/deputado\/wp-content\/uploads\/2023\/06\/foto-2023-06-19-mandato-deputado-vander.jpg","contentUrl":"https:\/\/vanderloubet.com.br\/deputado\/wp-content\/uploads\/2023\/06\/foto-2023-06-19-mandato-deputado-vander.jpg","width":1080,"height":1080,"caption":"Deputado Federal Vander Loubet"},"image":{"@id":"https:\/\/vanderloubet.com.br\/deputado\/#\/schema\/logo\/image\/"},"sameAs":["https:\/\/facebook.com\/deputadovander","https:\/\/x.com\/vanderloubet","https:\/\/instagram.com\/vanderloubet","https:\/\/youtube.com\/vanderloubet","https:\/\/tiktok.com\/@vanderloubetms"]},{"@type":"Person","@id":"https:\/\/vanderloubet.com.br\/deputado\/#\/schema\/person\/15b51bd564532a8a68d9dec1b8eb890e","name":"\u00c9der","image":{"@type":"ImageObject","inLanguage":"pt-BR","@id":"https:\/\/vanderloubet.com.br\/deputado\/wp-content\/litespeed\/avatar\/88ca4090d9d5ab1c9495f6ca03b68efa.jpg?ver=1777058957","url":"https:\/\/vanderloubet.com.br\/deputado\/wp-content\/litespeed\/avatar\/88ca4090d9d5ab1c9495f6ca03b68efa.jpg?ver=1777058957","contentUrl":"https:\/\/vanderloubet.com.br\/deputado\/wp-content\/litespeed\/avatar\/88ca4090d9d5ab1c9495f6ca03b68efa.jpg?ver=1777058957","caption":"\u00c9der"}}]}},"jetpack_featured_media_url":"https:\/\/vanderloubet.com.br\/deputado\/wp-content\/uploads\/2023\/04\/foto-2023-04-25-lula-haddad-lira-arcabouco-fiscal.jpg","jetpack_sharing_enabled":true,"_links":{"self":[{"href":"https:\/\/vanderloubet.com.br\/deputado\/wp-json\/wp\/v2\/posts\/18926","targetHints":{"allow":["GET"]}}],"collection":[{"href":"https:\/\/vanderloubet.com.br\/deputado\/wp-json\/wp\/v2\/posts"}],"about":[{"href":"https:\/\/vanderloubet.com.br\/deputado\/wp-json\/wp\/v2\/types\/post"}],"author":[{"embeddable":true,"href":"https:\/\/vanderloubet.com.br\/deputado\/wp-json\/wp\/v2\/users\/2"}],"replies":[{"embeddable":true,"href":"https:\/\/vanderloubet.com.br\/deputado\/wp-json\/wp\/v2\/comments?post=18926"}],"version-history":[{"count":0,"href":"https:\/\/vanderloubet.com.br\/deputado\/wp-json\/wp\/v2\/posts\/18926\/revisions"}],"wp:featuredmedia":[{"embeddable":true,"href":"https:\/\/vanderloubet.com.br\/deputado\/wp-json\/wp\/v2\/media\/18927"}],"wp:attachment":[{"href":"https:\/\/vanderloubet.com.br\/deputado\/wp-json\/wp\/v2\/media?parent=18926"}],"wp:term":[{"taxonomy":"category","embeddable":true,"href":"https:\/\/vanderloubet.com.br\/deputado\/wp-json\/wp\/v2\/categories?post=18926"},{"taxonomy":"post_tag","embeddable":true,"href":"https:\/\/vanderloubet.com.br\/deputado\/wp-json\/wp\/v2\/tags?post=18926"}],"curies":[{"name":"wp","href":"https:\/\/api.w.org\/{rel}","templated":true}]}}