{"id":18921,"date":"2023-04-20T12:07:00","date_gmt":"2023-04-20T16:07:00","guid":{"rendered":"https:\/\/vanderloubet.com.br\/deputado\/?p=18921"},"modified":"2023-04-20T12:07:32","modified_gmt":"2023-04-20T16:07:32","slug":"lula-assina-projeto-de-lei-para-estabelecer-o-piso-nacional-da-enfermagem","status":"publish","type":"post","link":"https:\/\/vanderloubet.com.br\/deputado\/lula-assina-projeto-de-lei-para-estabelecer-o-piso-nacional-da-enfermagem\/","title":{"rendered":"Lula assina projeto de lei para estabelecer o Piso Nacional da Enfermagem"},"content":{"rendered":"<p>O presidente Luiz In\u00e1cio Lula da Silva assinou na noite de ter\u00e7a-feira, 18 de abril, o Projeto de Lei do Congresso Nacional (PLN) para garantir o Piso Salarial Nacional da Enfermagem no Brasil. A previs\u00e3o \u00e9 de que o PLN seja votado por deputados e senadores na pr\u00f3xima semana. Ao todo, ser\u00e3o investidos R$ 7,3 bilh\u00f5es.<\/p>\n<p>Os profissionais beneficiados ser\u00e3o os enfermeiros, t\u00e9cnicos de enfermagem, auxiliares de enfermagem e parteiras, de entidades filantr\u00f3picas e de prestadores de servi\u00e7o com atendimento m\u00ednimo de 60% de pacientes do Sistema \u00danico de Sa\u00fade (SUS).<\/p>\n<p>A garantia do piso da enfermagem \u00e9 uma luta que se arrasta desde 1989. Em maio de 2022, foi aprovado o projeto de lei de autoria do senador Fabiano Contarato (PT-ES) que criou o piso. E em dezembro, foi aprovada a Proposta de Emenda \u00e0 Constitui\u00e7\u00e3o (PEC) que prev\u00ea recursos financeiros para o pagamento do piso.<\/p>\n<figure id=\"attachment_18923\" aria-describedby=\"caption-attachment-18923\" style=\"width: 696px\" class=\"wp-caption aligncenter\"><img decoding=\"async\" class=\"wp-image-18923 size-large\" src=\"https:\/\/vanderloubet.com.br\/deputado\/wp-content\/uploads\/2023\/04\/foto-2023-04-18-vander-votacao-piso-enfermagem-700x438.jpg\" alt=\"Deputado Vander, durante ato na C\u00e2mara em defesa do piso da enfermagem\" width=\"696\" height=\"435\" srcset=\"https:\/\/vanderloubet.com.br\/deputado\/wp-content\/uploads\/2023\/04\/foto-2023-04-18-vander-votacao-piso-enfermagem-700x438.jpg 700w, https:\/\/vanderloubet.com.br\/deputado\/wp-content\/uploads\/2023\/04\/foto-2023-04-18-vander-votacao-piso-enfermagem-350x219.jpg 350w, https:\/\/vanderloubet.com.br\/deputado\/wp-content\/uploads\/2023\/04\/foto-2023-04-18-vander-votacao-piso-enfermagem-768x480.jpg 768w, https:\/\/vanderloubet.com.br\/deputado\/wp-content\/uploads\/2023\/04\/foto-2023-04-18-vander-votacao-piso-enfermagem-672x420.jpg 672w, https:\/\/vanderloubet.com.br\/deputado\/wp-content\/uploads\/2023\/04\/foto-2023-04-18-vander-votacao-piso-enfermagem-696x435.jpg 696w, https:\/\/vanderloubet.com.br\/deputado\/wp-content\/uploads\/2023\/04\/foto-2023-04-18-vander-votacao-piso-enfermagem.jpg 960w\" sizes=\"(max-width: 696px) 100vw, 696px\" \/><figcaption id=\"caption-attachment-18923\" class=\"wp-caption-text\">Deputado Vander, durante ato na C\u00e2mara em defesa do piso da enfermagem<\/figcaption><\/figure>\n<p>O deputado federal Vander Loubet, que votou a favor da enfermagem em todos os projetos, comemorou o envio do projeto para o Congresso e afirma que estar\u00e1 a postos para votar e ajudar a proposta.<\/p>\n<p>&#8220;Eu acredito que esse projeto vai ser aprovado no Congresso por forte maioria, independente de diferen\u00e7as partid\u00e1rias. \u00c9 uma quest\u00e3o que j\u00e1 aprovamos, por isso queremos que esse piso chegue para os profissionais da enfermagem o mais breve poss\u00edvel&#8221;, afirmou Vander.<\/p>\n<p>O parlamentar pantaneiro ainda destacou que a a\u00e7\u00e3o do presidente Lula faz justi\u00e7a a uma categoria que se dedica \u00e0 vida e \u00e0 sa\u00fade de toda a sociedade.<\/p>\n<p>&#8220;Acho que \u00e9 ineg\u00e1vel que isso ficou especialmente vis\u00edvel durante o per\u00edodo da pandemia, quando esses profisionais de sa\u00fade estiveram sujeitos a riscos e desgastantes horas de trabalho&#8221;, concluiu.<\/p>\n","protected":false},"excerpt":{"rendered":"<p>O deputado Vander, que votou a favor da enfermagem em todos os projetos, acredita na aprova\u00e7\u00e3o dos recursos para o piso.<\/p>\n","protected":false},"author":2,"featured_media":18922,"comment_status":"closed","ping_status":"closed","sticky":false,"template":"","format":"standard","meta":{"jetpack_post_was_ever_published":false,"_jetpack_newsletter_access":"","_jetpack_dont_email_post_to_subs":false,"_jetpack_newsletter_tier_id":0,"_jetpack_memberships_contains_paywalled_content":false,"_jetpack_memberships_contains_paid_content":false,"footnotes":""},"categories":[2098,10],"tags":[2452,1803,2349],"class_list":{"0":"post-18921","1":"post","2":"type-post","3":"status-publish","4":"format-standard","5":"has-post-thumbnail","7":"category-brasil-noticias","8":"category-noticias","9":"tag-enfermagem","10":"tag-saude","11":"tag-sistema-unico-de-saude"},"yoast_head":"<!-- This site is optimized with the Yoast SEO plugin v27.4 - https:\/\/yoast.com\/product\/yoast-seo-wordpress\/ -->\n<title>Lula assina projeto de lei para estabelecer o Piso Nacional da Enfermagem<\/title>\n<meta name=\"description\" content=\"O deputado Vander, que votou a favor da enfermagem em todos os projetos, acredita na aprova\u00e7\u00e3o dos recursos para o piso.\" \/>\n<meta name=\"robots\" content=\"index, follow, max-snippet:-1, max-image-preview:large, max-video-preview:-1\" \/>\n<link rel=\"canonical\" href=\"https:\/\/vanderloubet.com.br\/deputado\/lula-assina-projeto-de-lei-para-estabelecer-o-piso-nacional-da-enfermagem\/\" \/>\n<meta property=\"og:locale\" content=\"pt_BR\" \/>\n<meta property=\"og:type\" content=\"article\" \/>\n<meta property=\"og:title\" content=\"Lula assina projeto de lei para estabelecer o Piso Nacional da Enfermagem\" \/>\n<meta property=\"og:description\" content=\"O deputado Vander, que votou a favor da enfermagem em todos os projetos, acredita na aprova\u00e7\u00e3o dos recursos para o piso.\" \/>\n<meta property=\"og:url\" content=\"https:\/\/vanderloubet.com.br\/deputado\/lula-assina-projeto-de-lei-para-estabelecer-o-piso-nacional-da-enfermagem\/\" \/>\n<meta property=\"og:site_name\" content=\"Deputado Federal Vander Loubet\" \/>\n<meta property=\"article:publisher\" content=\"https:\/\/facebook.com\/deputadovander\" \/>\n<meta property=\"article:published_time\" content=\"2023-04-20T16:07:00+00:00\" \/>\n<meta property=\"article:modified_time\" content=\"2023-04-20T16:07:32+00:00\" \/>\n<meta property=\"og:image\" content=\"https:\/\/vanderloubet.com.br\/deputado\/wp-content\/uploads\/2023\/04\/foto-2023-04-18-lula-projeto-piso-enfermagem.jpg\" \/>\n\t<meta property=\"og:image:width\" content=\"960\" \/>\n\t<meta property=\"og:image:height\" content=\"600\" \/>\n\t<meta property=\"og:image:type\" content=\"image\/jpeg\" \/>\n<meta name=\"author\" content=\"\u00c9der\" \/>\n<meta name=\"twitter:card\" content=\"summary_large_image\" \/>\n<meta name=\"twitter:creator\" content=\"@vanderloubet\" \/>\n<meta name=\"twitter:site\" content=\"@vanderloubet\" \/>\n<script type=\"application\/ld+json\" class=\"yoast-schema-graph\">{\"@context\":\"https:\\\/\\\/schema.org\",\"@graph\":[{\"@type\":\"Article\",\"@id\":\"https:\\\/\\\/vanderloubet.com.br\\\/deputado\\\/lula-assina-projeto-de-lei-para-estabelecer-o-piso-nacional-da-enfermagem\\\/#article\",\"isPartOf\":{\"@id\":\"https:\\\/\\\/vanderloubet.com.br\\\/deputado\\\/lula-assina-projeto-de-lei-para-estabelecer-o-piso-nacional-da-enfermagem\\\/\"},\"author\":{\"name\":\"\u00c9der\",\"@id\":\"https:\\\/\\\/vanderloubet.com.br\\\/deputado\\\/#\\\/schema\\\/person\\\/15b51bd564532a8a68d9dec1b8eb890e\"},\"headline\":\"Lula assina projeto de lei para estabelecer o Piso Nacional da Enfermagem\",\"datePublished\":\"2023-04-20T16:07:00+00:00\",\"dateModified\":\"2023-04-20T16:07:32+00:00\",\"mainEntityOfPage\":{\"@id\":\"https:\\\/\\\/vanderloubet.com.br\\\/deputado\\\/lula-assina-projeto-de-lei-para-estabelecer-o-piso-nacional-da-enfermagem\\\/\"},\"wordCount\":324,\"publisher\":{\"@id\":\"https:\\\/\\\/vanderloubet.com.br\\\/deputado\\\/#organization\"},\"image\":{\"@id\":\"https:\\\/\\\/vanderloubet.com.br\\\/deputado\\\/lula-assina-projeto-de-lei-para-estabelecer-o-piso-nacional-da-enfermagem\\\/#primaryimage\"},\"thumbnailUrl\":\"https:\\\/\\\/vanderloubet.com.br\\\/deputado\\\/wp-content\\\/uploads\\\/2023\\\/04\\\/foto-2023-04-18-lula-projeto-piso-enfermagem.jpg\",\"keywords\":[\"enfermagem\",\"sa\u00fade\",\"sistema \u00fanico de sa\u00fade\"],\"articleSection\":[\"Brasil\",\"Not\u00edcias\"],\"inLanguage\":\"pt-BR\"},{\"@type\":\"WebPage\",\"@id\":\"https:\\\/\\\/vanderloubet.com.br\\\/deputado\\\/lula-assina-projeto-de-lei-para-estabelecer-o-piso-nacional-da-enfermagem\\\/\",\"url\":\"https:\\\/\\\/vanderloubet.com.br\\\/deputado\\\/lula-assina-projeto-de-lei-para-estabelecer-o-piso-nacional-da-enfermagem\\\/\",\"name\":\"Lula assina projeto de lei para estabelecer o Piso Nacional da Enfermagem\",\"isPartOf\":{\"@id\":\"https:\\\/\\\/vanderloubet.com.br\\\/deputado\\\/#website\"},\"primaryImageOfPage\":{\"@id\":\"https:\\\/\\\/vanderloubet.com.br\\\/deputado\\\/lula-assina-projeto-de-lei-para-estabelecer-o-piso-nacional-da-enfermagem\\\/#primaryimage\"},\"image\":{\"@id\":\"https:\\\/\\\/vanderloubet.com.br\\\/deputado\\\/lula-assina-projeto-de-lei-para-estabelecer-o-piso-nacional-da-enfermagem\\\/#primaryimage\"},\"thumbnailUrl\":\"https:\\\/\\\/vanderloubet.com.br\\\/deputado\\\/wp-content\\\/uploads\\\/2023\\\/04\\\/foto-2023-04-18-lula-projeto-piso-enfermagem.jpg\",\"datePublished\":\"2023-04-20T16:07:00+00:00\",\"dateModified\":\"2023-04-20T16:07:32+00:00\",\"description\":\"O deputado Vander, que votou a favor da enfermagem em todos os projetos, acredita na aprova\u00e7\u00e3o dos recursos para o piso.\",\"breadcrumb\":{\"@id\":\"https:\\\/\\\/vanderloubet.com.br\\\/deputado\\\/lula-assina-projeto-de-lei-para-estabelecer-o-piso-nacional-da-enfermagem\\\/#breadcrumb\"},\"inLanguage\":\"pt-BR\",\"potentialAction\":[{\"@type\":\"ReadAction\",\"target\":[\"https:\\\/\\\/vanderloubet.com.br\\\/deputado\\\/lula-assina-projeto-de-lei-para-estabelecer-o-piso-nacional-da-enfermagem\\\/\"]}]},{\"@type\":\"ImageObject\",\"inLanguage\":\"pt-BR\",\"@id\":\"https:\\\/\\\/vanderloubet.com.br\\\/deputado\\\/lula-assina-projeto-de-lei-para-estabelecer-o-piso-nacional-da-enfermagem\\\/#primaryimage\",\"url\":\"https:\\\/\\\/vanderloubet.com.br\\\/deputado\\\/wp-content\\\/uploads\\\/2023\\\/04\\\/foto-2023-04-18-lula-projeto-piso-enfermagem.jpg\",\"contentUrl\":\"https:\\\/\\\/vanderloubet.com.br\\\/deputado\\\/wp-content\\\/uploads\\\/2023\\\/04\\\/foto-2023-04-18-lula-projeto-piso-enfermagem.jpg\",\"width\":960,\"height\":600,\"caption\":\"Lula assina projeto de lei para estabelecer o Piso Nacional da Enfermagem\"},{\"@type\":\"BreadcrumbList\",\"@id\":\"https:\\\/\\\/vanderloubet.com.br\\\/deputado\\\/lula-assina-projeto-de-lei-para-estabelecer-o-piso-nacional-da-enfermagem\\\/#breadcrumb\",\"itemListElement\":[{\"@type\":\"ListItem\",\"position\":1,\"name\":\"In\u00edcio\",\"item\":\"https:\\\/\\\/vanderloubet.com.br\\\/deputado\\\/\"},{\"@type\":\"ListItem\",\"position\":2,\"name\":\"Lula assina projeto de lei para estabelecer o Piso Nacional da Enfermagem\"}]},{\"@type\":\"WebSite\",\"@id\":\"https:\\\/\\\/vanderloubet.com.br\\\/deputado\\\/#website\",\"url\":\"https:\\\/\\\/vanderloubet.com.br\\\/deputado\\\/\",\"name\":\"Deputado Federal Vander Loubet\",\"description\":\"O Federal de MS\",\"publisher\":{\"@id\":\"https:\\\/\\\/vanderloubet.com.br\\\/deputado\\\/#organization\"},\"alternateName\":\"Deputado Vander\",\"potentialAction\":[{\"@type\":\"SearchAction\",\"target\":{\"@type\":\"EntryPoint\",\"urlTemplate\":\"https:\\\/\\\/vanderloubet.com.br\\\/deputado\\\/?s={search_term_string}\"},\"query-input\":{\"@type\":\"PropertyValueSpecification\",\"valueRequired\":true,\"valueName\":\"search_term_string\"}}],\"inLanguage\":\"pt-BR\"},{\"@type\":\"Organization\",\"@id\":\"https:\\\/\\\/vanderloubet.com.br\\\/deputado\\\/#organization\",\"name\":\"Deputado Federal Vander Loubet\",\"alternateName\":\"Deputado Vander\",\"url\":\"https:\\\/\\\/vanderloubet.com.br\\\/deputado\\\/\",\"logo\":{\"@type\":\"ImageObject\",\"inLanguage\":\"pt-BR\",\"@id\":\"https:\\\/\\\/vanderloubet.com.br\\\/deputado\\\/#\\\/schema\\\/logo\\\/image\\\/\",\"url\":\"https:\\\/\\\/vanderloubet.com.br\\\/deputado\\\/wp-content\\\/uploads\\\/2023\\\/06\\\/foto-2023-06-19-mandato-deputado-vander.jpg\",\"contentUrl\":\"https:\\\/\\\/vanderloubet.com.br\\\/deputado\\\/wp-content\\\/uploads\\\/2023\\\/06\\\/foto-2023-06-19-mandato-deputado-vander.jpg\",\"width\":1080,\"height\":1080,\"caption\":\"Deputado Federal Vander Loubet\"},\"image\":{\"@id\":\"https:\\\/\\\/vanderloubet.com.br\\\/deputado\\\/#\\\/schema\\\/logo\\\/image\\\/\"},\"sameAs\":[\"https:\\\/\\\/facebook.com\\\/deputadovander\",\"https:\\\/\\\/x.com\\\/vanderloubet\",\"https:\\\/\\\/instagram.com\\\/vanderloubet\",\"https:\\\/\\\/youtube.com\\\/vanderloubet\",\"https:\\\/\\\/tiktok.com\\\/@vanderloubetms\"]},{\"@type\":\"Person\",\"@id\":\"https:\\\/\\\/vanderloubet.com.br\\\/deputado\\\/#\\\/schema\\\/person\\\/15b51bd564532a8a68d9dec1b8eb890e\",\"name\":\"\u00c9der\",\"image\":{\"@type\":\"ImageObject\",\"inLanguage\":\"pt-BR\",\"@id\":\"https:\\\/\\\/vanderloubet.com.br\\\/deputado\\\/wp-content\\\/litespeed\\\/avatar\\\/88ca4090d9d5ab1c9495f6ca03b68efa.jpg?ver=1777058957\",\"url\":\"https:\\\/\\\/vanderloubet.com.br\\\/deputado\\\/wp-content\\\/litespeed\\\/avatar\\\/88ca4090d9d5ab1c9495f6ca03b68efa.jpg?ver=1777058957\",\"contentUrl\":\"https:\\\/\\\/vanderloubet.com.br\\\/deputado\\\/wp-content\\\/litespeed\\\/avatar\\\/88ca4090d9d5ab1c9495f6ca03b68efa.jpg?ver=1777058957\",\"caption\":\"\u00c9der\"}}]}<\/script>\n<!-- \/ Yoast SEO plugin. -->","yoast_head_json":{"title":"Lula assina projeto de lei para estabelecer o Piso Nacional da Enfermagem","description":"O deputado Vander, que votou a favor da enfermagem em todos os projetos, acredita na aprova\u00e7\u00e3o dos recursos para o piso.","robots":{"index":"index","follow":"follow","max-snippet":"max-snippet:-1","max-image-preview":"max-image-preview:large","max-video-preview":"max-video-preview:-1"},"canonical":"https:\/\/vanderloubet.com.br\/deputado\/lula-assina-projeto-de-lei-para-estabelecer-o-piso-nacional-da-enfermagem\/","og_locale":"pt_BR","og_type":"article","og_title":"Lula assina projeto de lei para estabelecer o Piso Nacional da Enfermagem","og_description":"O deputado Vander, que votou a favor da enfermagem em todos os projetos, acredita na aprova\u00e7\u00e3o dos recursos para o piso.","og_url":"https:\/\/vanderloubet.com.br\/deputado\/lula-assina-projeto-de-lei-para-estabelecer-o-piso-nacional-da-enfermagem\/","og_site_name":"Deputado Federal Vander Loubet","article_publisher":"https:\/\/facebook.com\/deputadovander","article_published_time":"2023-04-20T16:07:00+00:00","article_modified_time":"2023-04-20T16:07:32+00:00","og_image":[{"width":960,"height":600,"url":"https:\/\/vanderloubet.com.br\/deputado\/wp-content\/uploads\/2023\/04\/foto-2023-04-18-lula-projeto-piso-enfermagem.jpg","type":"image\/jpeg"}],"author":"\u00c9der","twitter_card":"summary_large_image","twitter_creator":"@vanderloubet","twitter_site":"@vanderloubet","schema":{"@context":"https:\/\/schema.org","@graph":[{"@type":"Article","@id":"https:\/\/vanderloubet.com.br\/deputado\/lula-assina-projeto-de-lei-para-estabelecer-o-piso-nacional-da-enfermagem\/#article","isPartOf":{"@id":"https:\/\/vanderloubet.com.br\/deputado\/lula-assina-projeto-de-lei-para-estabelecer-o-piso-nacional-da-enfermagem\/"},"author":{"name":"\u00c9der","@id":"https:\/\/vanderloubet.com.br\/deputado\/#\/schema\/person\/15b51bd564532a8a68d9dec1b8eb890e"},"headline":"Lula assina projeto de lei para estabelecer o Piso Nacional da Enfermagem","datePublished":"2023-04-20T16:07:00+00:00","dateModified":"2023-04-20T16:07:32+00:00","mainEntityOfPage":{"@id":"https:\/\/vanderloubet.com.br\/deputado\/lula-assina-projeto-de-lei-para-estabelecer-o-piso-nacional-da-enfermagem\/"},"wordCount":324,"publisher":{"@id":"https:\/\/vanderloubet.com.br\/deputado\/#organization"},"image":{"@id":"https:\/\/vanderloubet.com.br\/deputado\/lula-assina-projeto-de-lei-para-estabelecer-o-piso-nacional-da-enfermagem\/#primaryimage"},"thumbnailUrl":"https:\/\/vanderloubet.com.br\/deputado\/wp-content\/uploads\/2023\/04\/foto-2023-04-18-lula-projeto-piso-enfermagem.jpg","keywords":["enfermagem","sa\u00fade","sistema \u00fanico de sa\u00fade"],"articleSection":["Brasil","Not\u00edcias"],"inLanguage":"pt-BR"},{"@type":"WebPage","@id":"https:\/\/vanderloubet.com.br\/deputado\/lula-assina-projeto-de-lei-para-estabelecer-o-piso-nacional-da-enfermagem\/","url":"https:\/\/vanderloubet.com.br\/deputado\/lula-assina-projeto-de-lei-para-estabelecer-o-piso-nacional-da-enfermagem\/","name":"Lula assina projeto de lei para estabelecer o Piso Nacional da Enfermagem","isPartOf":{"@id":"https:\/\/vanderloubet.com.br\/deputado\/#website"},"primaryImageOfPage":{"@id":"https:\/\/vanderloubet.com.br\/deputado\/lula-assina-projeto-de-lei-para-estabelecer-o-piso-nacional-da-enfermagem\/#primaryimage"},"image":{"@id":"https:\/\/vanderloubet.com.br\/deputado\/lula-assina-projeto-de-lei-para-estabelecer-o-piso-nacional-da-enfermagem\/#primaryimage"},"thumbnailUrl":"https:\/\/vanderloubet.com.br\/deputado\/wp-content\/uploads\/2023\/04\/foto-2023-04-18-lula-projeto-piso-enfermagem.jpg","datePublished":"2023-04-20T16:07:00+00:00","dateModified":"2023-04-20T16:07:32+00:00","description":"O deputado Vander, que votou a favor da enfermagem em todos os projetos, acredita na aprova\u00e7\u00e3o dos recursos para o piso.","breadcrumb":{"@id":"https:\/\/vanderloubet.com.br\/deputado\/lula-assina-projeto-de-lei-para-estabelecer-o-piso-nacional-da-enfermagem\/#breadcrumb"},"inLanguage":"pt-BR","potentialAction":[{"@type":"ReadAction","target":["https:\/\/vanderloubet.com.br\/deputado\/lula-assina-projeto-de-lei-para-estabelecer-o-piso-nacional-da-enfermagem\/"]}]},{"@type":"ImageObject","inLanguage":"pt-BR","@id":"https:\/\/vanderloubet.com.br\/deputado\/lula-assina-projeto-de-lei-para-estabelecer-o-piso-nacional-da-enfermagem\/#primaryimage","url":"https:\/\/vanderloubet.com.br\/deputado\/wp-content\/uploads\/2023\/04\/foto-2023-04-18-lula-projeto-piso-enfermagem.jpg","contentUrl":"https:\/\/vanderloubet.com.br\/deputado\/wp-content\/uploads\/2023\/04\/foto-2023-04-18-lula-projeto-piso-enfermagem.jpg","width":960,"height":600,"caption":"Lula assina projeto de lei para estabelecer o Piso Nacional da Enfermagem"},{"@type":"BreadcrumbList","@id":"https:\/\/vanderloubet.com.br\/deputado\/lula-assina-projeto-de-lei-para-estabelecer-o-piso-nacional-da-enfermagem\/#breadcrumb","itemListElement":[{"@type":"ListItem","position":1,"name":"In\u00edcio","item":"https:\/\/vanderloubet.com.br\/deputado\/"},{"@type":"ListItem","position":2,"name":"Lula assina projeto de lei para estabelecer o Piso Nacional da Enfermagem"}]},{"@type":"WebSite","@id":"https:\/\/vanderloubet.com.br\/deputado\/#website","url":"https:\/\/vanderloubet.com.br\/deputado\/","name":"Deputado Federal Vander Loubet","description":"O Federal de MS","publisher":{"@id":"https:\/\/vanderloubet.com.br\/deputado\/#organization"},"alternateName":"Deputado Vander","potentialAction":[{"@type":"SearchAction","target":{"@type":"EntryPoint","urlTemplate":"https:\/\/vanderloubet.com.br\/deputado\/?s={search_term_string}"},"query-input":{"@type":"PropertyValueSpecification","valueRequired":true,"valueName":"search_term_string"}}],"inLanguage":"pt-BR"},{"@type":"Organization","@id":"https:\/\/vanderloubet.com.br\/deputado\/#organization","name":"Deputado Federal Vander Loubet","alternateName":"Deputado Vander","url":"https:\/\/vanderloubet.com.br\/deputado\/","logo":{"@type":"ImageObject","inLanguage":"pt-BR","@id":"https:\/\/vanderloubet.com.br\/deputado\/#\/schema\/logo\/image\/","url":"https:\/\/vanderloubet.com.br\/deputado\/wp-content\/uploads\/2023\/06\/foto-2023-06-19-mandato-deputado-vander.jpg","contentUrl":"https:\/\/vanderloubet.com.br\/deputado\/wp-content\/uploads\/2023\/06\/foto-2023-06-19-mandato-deputado-vander.jpg","width":1080,"height":1080,"caption":"Deputado Federal Vander Loubet"},"image":{"@id":"https:\/\/vanderloubet.com.br\/deputado\/#\/schema\/logo\/image\/"},"sameAs":["https:\/\/facebook.com\/deputadovander","https:\/\/x.com\/vanderloubet","https:\/\/instagram.com\/vanderloubet","https:\/\/youtube.com\/vanderloubet","https:\/\/tiktok.com\/@vanderloubetms"]},{"@type":"Person","@id":"https:\/\/vanderloubet.com.br\/deputado\/#\/schema\/person\/15b51bd564532a8a68d9dec1b8eb890e","name":"\u00c9der","image":{"@type":"ImageObject","inLanguage":"pt-BR","@id":"https:\/\/vanderloubet.com.br\/deputado\/wp-content\/litespeed\/avatar\/88ca4090d9d5ab1c9495f6ca03b68efa.jpg?ver=1777058957","url":"https:\/\/vanderloubet.com.br\/deputado\/wp-content\/litespeed\/avatar\/88ca4090d9d5ab1c9495f6ca03b68efa.jpg?ver=1777058957","contentUrl":"https:\/\/vanderloubet.com.br\/deputado\/wp-content\/litespeed\/avatar\/88ca4090d9d5ab1c9495f6ca03b68efa.jpg?ver=1777058957","caption":"\u00c9der"}}]}},"jetpack_featured_media_url":"https:\/\/vanderloubet.com.br\/deputado\/wp-content\/uploads\/2023\/04\/foto-2023-04-18-lula-projeto-piso-enfermagem.jpg","jetpack_sharing_enabled":true,"_links":{"self":[{"href":"https:\/\/vanderloubet.com.br\/deputado\/wp-json\/wp\/v2\/posts\/18921","targetHints":{"allow":["GET"]}}],"collection":[{"href":"https:\/\/vanderloubet.com.br\/deputado\/wp-json\/wp\/v2\/posts"}],"about":[{"href":"https:\/\/vanderloubet.com.br\/deputado\/wp-json\/wp\/v2\/types\/post"}],"author":[{"embeddable":true,"href":"https:\/\/vanderloubet.com.br\/deputado\/wp-json\/wp\/v2\/users\/2"}],"replies":[{"embeddable":true,"href":"https:\/\/vanderloubet.com.br\/deputado\/wp-json\/wp\/v2\/comments?post=18921"}],"version-history":[{"count":0,"href":"https:\/\/vanderloubet.com.br\/deputado\/wp-json\/wp\/v2\/posts\/18921\/revisions"}],"wp:featuredmedia":[{"embeddable":true,"href":"https:\/\/vanderloubet.com.br\/deputado\/wp-json\/wp\/v2\/media\/18922"}],"wp:attachment":[{"href":"https:\/\/vanderloubet.com.br\/deputado\/wp-json\/wp\/v2\/media?parent=18921"}],"wp:term":[{"taxonomy":"category","embeddable":true,"href":"https:\/\/vanderloubet.com.br\/deputado\/wp-json\/wp\/v2\/categories?post=18921"},{"taxonomy":"post_tag","embeddable":true,"href":"https:\/\/vanderloubet.com.br\/deputado\/wp-json\/wp\/v2\/tags?post=18921"}],"curies":[{"name":"wp","href":"https:\/\/api.w.org\/{rel}","templated":true}]}}