{"id":18904,"date":"2023-04-10T10:00:38","date_gmt":"2023-04-10T14:00:38","guid":{"rendered":"https:\/\/vanderloubet.com.br\/deputado\/?p=18904"},"modified":"2023-04-12T10:28:33","modified_gmt":"2023-04-12T14:28:33","slug":"100-dias-ms-tem-85-vagas-no-mais-medicos-e-reajuste-de-35-na-merenda","status":"publish","type":"post","link":"https:\/\/vanderloubet.com.br\/deputado\/100-dias-ms-tem-85-vagas-no-mais-medicos-e-reajuste-de-35-na-merenda\/","title":{"rendered":"100 dias: MS tem 85 vagas no Mais M\u00e9dicos e reajuste de 35% na merenda"},"content":{"rendered":"<p>Nos 100 primeiros dias do terceiro mandato do presidente Luiz In\u00e1cio Lula da Silva, o Mato Grosso do Sul teve, no relan\u00e7amento do novo Bolsa Fam\u00edlia, em mar\u00e7o, um importante aliado no enfrentamento \u00e0 pobreza. O estado se destacou com o segundo maior valor m\u00e9dio do benef\u00edcio no Centro-Oeste e o sexto maior valor em todo o pa\u00eds.<\/p>\n<p>Al\u00e9m disso, o Governo Federal realizou transfer\u00eancias de recursos para a \u00e1rea da sa\u00fade com o objetivo de assegurar a melhoria na qualidade do atendimento de institui\u00e7\u00f5es sem fins lucrativos e garantir a realiza\u00e7\u00e3o de cirurgias eletivas. O campo da educa\u00e7\u00e3o tamb\u00e9m foi contemplado com um reajuste de mais de 35% nos valores do Programa Nacional de Alimenta\u00e7\u00e3o Escolar (PNAE).<\/p>\n<p><strong>Saiba mais sobre os investimentos:<\/strong><\/p>\n<p><strong>BOLSA FAM\u00cdLIA<\/strong> &#8211; No relan\u00e7amento do Bolsa Fam\u00edlia, o Mato Grosso do Sul teve o segundo maior valor m\u00e9dio do benef\u00edcio no Centro-Oeste e o sexto maior valor de todo o Brasil. No total, mais de 206 mil fam\u00edlias sul-mato-grossenses receberam, em m\u00e9dia, R$ 693,35, um recorde na hist\u00f3ria do programa de transfer\u00eancia de renda do Governo Federal para o estado. O investimento total de recursos no estado para os pagamentos dos benef\u00edcios foi de R$ 142,7 milh\u00f5es.<\/p>\n<p>Relan\u00e7ado com novidades, o Bolsa Fam\u00edlia, al\u00e9m de assegurar o repasse m\u00ednimo de R$ 600, trouxe como inova\u00e7\u00e3o o Benef\u00edcio Primeira Inf\u00e2ncia, que garante um adicional de R$ 150 a cada crian\u00e7a entre 0 e 6 anos na composi\u00e7\u00e3o familiar. Em Mato Grosso do Sul, 118.026 crian\u00e7as foram assistidas. Para isso, foram reservados R$ 17,6 milh\u00f5es dos mais de R$ 142 milh\u00f5es transferidos ao estado. A partir de junho, cada dependente entre 7 e 18 anos e gestantes receber\u00e3o um adicional de R$ 50.<\/p>\n<p>Em mar\u00e7o, Campo Grande foi o munic\u00edpio com maior n\u00famero de benefici\u00e1rios, com 60.284 fam\u00edlias. Elas receberam um valor m\u00e9dio de R$ 688,75, resultado de um investimento de R$ 41,5 milh\u00f5es. Outros quatro munic\u00edpios somaram mais de sete mil benefici\u00e1rios: Dourados (13.378), Corumb\u00e1 (9.271), Ponta Por\u00e3 (8.684) e Tr\u00eas Lagoas (7.792).<\/p>\n<p><strong>SA\u00daDE<\/strong> &#8211; Nesses 100 primeiros dias, um repasse federal de R$ 31,8 milh\u00f5es chegou a institui\u00e7\u00f5es sem fins lucrativos no estado que d\u00e3o suporte ao Sistema \u00danico de Sa\u00fade (SUS). Os recursos beneficiaram associa\u00e7\u00f5es, centros de atendimento e diagn\u00f3stico, funda\u00e7\u00f5es, institutos, hospitais e santas casas de 34 munic\u00edpios.<\/p>\n<p>Em outra frente, R$ 7,98 milh\u00f5es foram destinados ao estado para garantir a realiza\u00e7\u00e3o de cirurgias eletivas, procedimentos programados e que n\u00e3o s\u00e3o considerados de urg\u00eancia.<\/p>\n<p>A retomada do Mais M\u00e9dicos pretende garantir qualidade ao atendimento em Mato Grosso do Sul, em especial em \u00e1reas de periferia das capitais e munic\u00edpios mais distantes. Ao todo, 57 vagas foram reservadas e os profissionais ser\u00e3o destacados para atuar em 31 munic\u00edpios. O programa tamb\u00e9m reservou 28 vagas para m\u00e9dicos trabalharem em terras ind\u00edgenas do estado.<\/p>\n<p><strong>MERENDA<\/strong> &#8211; No campo da educa\u00e7\u00e3o, Mato Grosso do Sul teve o or\u00e7amento do Programa Nacional de Alimenta\u00e7\u00e3o Escolar (PNAE) reajustado em 35,3% em rela\u00e7\u00e3o aos valores pagos em 2022. Com isso, ser\u00e3o repassados este ano para o estado R$ 78,1 milh\u00f5es para serem investidos na melhoria da qualidade da merenda servida em escolas de todos os munic\u00edpios sul-mato-grossenses. Em todo o Brasil, o or\u00e7amento destinado diretamente ao PNAE saltou de R$ 4 bilh\u00f5es para cerca de R$ 5,5 bilh\u00f5es em 2023, o que assegura merendas escolares mais saud\u00e1veis para cerca de 40 milh\u00f5es de estudantes.<\/p>\n<p><strong>O BRASIL VOLTOU<\/strong> &#8211; No plano nacional, os primeiros cem dias foram marcados pela retomada de programas essenciais para que o pa\u00eds se coloque na condi\u00e7\u00e3o de combater a fome e a mis\u00e9ria e de gerar oportunidades de emprego, renda e cidadania. O Bolsa Fam\u00edlia, em mar\u00e7o, chegou a 21,1 milh\u00f5es de fam\u00edlias contempladas, com repasse m\u00e9dio recorde de R$ 670,33 e o investimento in\u00e9dito de R$ 14 bilh\u00f5es.<\/p>\n<p>Os sal\u00e1rios dos professores da educa\u00e7\u00e3o b\u00e1sica foram reajustados em quase 15%. Bolsas de estudo, pesquisa e forma\u00e7\u00e3o acad\u00eamica, incluindo gradua\u00e7\u00e3o, p\u00f3s-gradua\u00e7\u00e3o, inicia\u00e7\u00e3o cient\u00edfica e de perman\u00eancia foram reajustadas em at\u00e9 200%.<\/p>\n<p>Na sa\u00fade, o Programa Nacional de Redu\u00e7\u00e3o das Filas de Cirurgias Eletivas tem R$ 600 milh\u00f5es destinados a estados e munic\u00edpios. O Movimento Nacional pela Vacina\u00e7\u00e3o foi retomado e o Mais M\u00e9dicos para o Brasil abriu 15 mil vagas.<\/p>\n<p>O Minha Casa, Minha Vida resgatou a Faixa 1 do programa, voltada para moradias subsidiadas. A meta \u00e9 contratar 2 milh\u00f5es de moradias at\u00e9 2026. Ainda na infraestrutura, o Governo Federal retomou o pacto federativo e passou a equacionar com estados e munic\u00edpios as prioridades em torno de 14 mil obras que estavam paralisadas em todas as 27 Unidades da Federa\u00e7\u00e3o.<\/p>\n<p>As a\u00e7\u00f5es ainda envolveram o avan\u00e7o em pol\u00edticas de igualdade de g\u00eanero, com destaque para o Projeto de Lei 1085\/23, que determina a mesma remunera\u00e7\u00e3o para homens e mulheres que exer\u00e7am a mesma fun\u00e7\u00e3o. O pa\u00eds se mobilizou em a\u00e7\u00f5es de combate ao racismo, com o Governo Federal dando o exemplo e anunciando que 30% dos cargos de confian\u00e7a ser\u00e3o ocupados por pessoas negras.<\/p>\n<p>O meio ambiente voltou a ser tratado com seriedade e o Fundo Amaz\u00f4nia, gerido pelo BNDES, passou a receber investimentos estrangeiros. Na seguran\u00e7a, foi relan\u00e7ado o Pronasci, destinado \u00e0 preven\u00e7\u00e3o, controle e repress\u00e3o da criminalidade com foco na promo\u00e7\u00e3o da cidadania e no enfrentamento ao feminic\u00eddio. No plano internacional, houve o resgate do prest\u00edgio nas rela\u00e7\u00f5es internacionais e do protagonismo brasileiro.<\/p>\n<p><em>(Fonte: Secom\/Presid\u00eancia da Rep\u00fablica)<\/em><\/p>\n","protected":false},"excerpt":{"rendered":"<p>Estado tamb\u00e9m teve destaque nos repasses federais do novo Bolsa Fam\u00edlia: 118 mil crian\u00e7as tiveram adicional de R$ 150.<\/p>\n","protected":false},"author":2,"featured_media":18905,"comment_status":"closed","ping_status":"closed","sticky":false,"template":"","format":"standard","meta":{"jetpack_post_was_ever_published":false,"_jetpack_newsletter_access":"","_jetpack_dont_email_post_to_subs":false,"_jetpack_newsletter_tier_id":0,"_jetpack_memberships_contains_paywalled_content":false,"_jetpack_memberships_contains_paid_content":false,"footnotes":""},"categories":[2099,10],"tags":[199,2525,1803],"class_list":{"0":"post-18904","1":"post","2":"type-post","3":"status-publish","4":"format-standard","5":"has-post-thumbnail","7":"category-ms-noticias","8":"category-noticias","9":"tag-assistencia-social","10":"tag-governo-federal","11":"tag-saude"},"yoast_head":"<!-- This site is optimized with the Yoast SEO plugin v27.4 - https:\/\/yoast.com\/product\/yoast-seo-wordpress\/ -->\n<title>100 dias: MS tem 85 vagas no Mais M\u00e9dicos e reajuste de 35% na merenda<\/title>\n<meta name=\"description\" content=\"Estado tamb\u00e9m teve destaque nos repasses federais do novo Bolsa Fam\u00edlia: 118 mil crian\u00e7as tiveram adicional de R$ 150.\" \/>\n<meta name=\"robots\" content=\"index, follow, max-snippet:-1, max-image-preview:large, max-video-preview:-1\" \/>\n<link rel=\"canonical\" href=\"https:\/\/vanderloubet.com.br\/deputado\/100-dias-ms-tem-85-vagas-no-mais-medicos-e-reajuste-de-35-na-merenda\/\" \/>\n<meta property=\"og:locale\" content=\"pt_BR\" \/>\n<meta property=\"og:type\" content=\"article\" \/>\n<meta property=\"og:title\" content=\"100 dias: MS tem 85 vagas no Mais M\u00e9dicos e reajuste de 35% na merenda\" \/>\n<meta property=\"og:description\" content=\"Estado tamb\u00e9m teve destaque nos repasses federais do novo Bolsa Fam\u00edlia: 118 mil crian\u00e7as tiveram adicional de R$ 150.\" \/>\n<meta property=\"og:url\" content=\"https:\/\/vanderloubet.com.br\/deputado\/100-dias-ms-tem-85-vagas-no-mais-medicos-e-reajuste-de-35-na-merenda\/\" \/>\n<meta property=\"og:site_name\" content=\"Deputado Federal Vander Loubet\" \/>\n<meta property=\"article:publisher\" content=\"https:\/\/facebook.com\/deputadovander\" \/>\n<meta property=\"article:published_time\" content=\"2023-04-10T14:00:38+00:00\" \/>\n<meta property=\"article:modified_time\" content=\"2023-04-12T14:28:33+00:00\" \/>\n<meta property=\"og:image\" content=\"https:\/\/vanderloubet.com.br\/deputado\/wp-content\/uploads\/2023\/04\/foto-2023-04-10-o-brasil-voltou-100-dias-governo-lula.jpg\" \/>\n\t<meta property=\"og:image:width\" content=\"1280\" \/>\n\t<meta property=\"og:image:height\" content=\"720\" \/>\n\t<meta property=\"og:image:type\" content=\"image\/jpeg\" \/>\n<meta name=\"author\" content=\"\u00c9der\" \/>\n<meta name=\"twitter:card\" content=\"summary_large_image\" \/>\n<meta name=\"twitter:creator\" content=\"@vanderloubet\" \/>\n<meta name=\"twitter:site\" content=\"@vanderloubet\" \/>\n<script type=\"application\/ld+json\" class=\"yoast-schema-graph\">{\"@context\":\"https:\\\/\\\/schema.org\",\"@graph\":[{\"@type\":\"Article\",\"@id\":\"https:\\\/\\\/vanderloubet.com.br\\\/deputado\\\/100-dias-ms-tem-85-vagas-no-mais-medicos-e-reajuste-de-35-na-merenda\\\/#article\",\"isPartOf\":{\"@id\":\"https:\\\/\\\/vanderloubet.com.br\\\/deputado\\\/100-dias-ms-tem-85-vagas-no-mais-medicos-e-reajuste-de-35-na-merenda\\\/\"},\"author\":{\"name\":\"\u00c9der\",\"@id\":\"https:\\\/\\\/vanderloubet.com.br\\\/deputado\\\/#\\\/schema\\\/person\\\/15b51bd564532a8a68d9dec1b8eb890e\"},\"headline\":\"100 dias: MS tem 85 vagas no Mais M\u00e9dicos e reajuste de 35% na merenda\",\"datePublished\":\"2023-04-10T14:00:38+00:00\",\"dateModified\":\"2023-04-12T14:28:33+00:00\",\"mainEntityOfPage\":{\"@id\":\"https:\\\/\\\/vanderloubet.com.br\\\/deputado\\\/100-dias-ms-tem-85-vagas-no-mais-medicos-e-reajuste-de-35-na-merenda\\\/\"},\"wordCount\":988,\"publisher\":{\"@id\":\"https:\\\/\\\/vanderloubet.com.br\\\/deputado\\\/#organization\"},\"image\":{\"@id\":\"https:\\\/\\\/vanderloubet.com.br\\\/deputado\\\/100-dias-ms-tem-85-vagas-no-mais-medicos-e-reajuste-de-35-na-merenda\\\/#primaryimage\"},\"thumbnailUrl\":\"https:\\\/\\\/vanderloubet.com.br\\\/deputado\\\/wp-content\\\/uploads\\\/2023\\\/04\\\/foto-2023-04-10-o-brasil-voltou-100-dias-governo-lula.jpg\",\"keywords\":[\"assist\u00eancia social\",\"governo federal\",\"sa\u00fade\"],\"articleSection\":[\"Mato Grosso do Sul\",\"Not\u00edcias\"],\"inLanguage\":\"pt-BR\"},{\"@type\":\"WebPage\",\"@id\":\"https:\\\/\\\/vanderloubet.com.br\\\/deputado\\\/100-dias-ms-tem-85-vagas-no-mais-medicos-e-reajuste-de-35-na-merenda\\\/\",\"url\":\"https:\\\/\\\/vanderloubet.com.br\\\/deputado\\\/100-dias-ms-tem-85-vagas-no-mais-medicos-e-reajuste-de-35-na-merenda\\\/\",\"name\":\"100 dias: MS tem 85 vagas no Mais M\u00e9dicos e reajuste de 35% na merenda\",\"isPartOf\":{\"@id\":\"https:\\\/\\\/vanderloubet.com.br\\\/deputado\\\/#website\"},\"primaryImageOfPage\":{\"@id\":\"https:\\\/\\\/vanderloubet.com.br\\\/deputado\\\/100-dias-ms-tem-85-vagas-no-mais-medicos-e-reajuste-de-35-na-merenda\\\/#primaryimage\"},\"image\":{\"@id\":\"https:\\\/\\\/vanderloubet.com.br\\\/deputado\\\/100-dias-ms-tem-85-vagas-no-mais-medicos-e-reajuste-de-35-na-merenda\\\/#primaryimage\"},\"thumbnailUrl\":\"https:\\\/\\\/vanderloubet.com.br\\\/deputado\\\/wp-content\\\/uploads\\\/2023\\\/04\\\/foto-2023-04-10-o-brasil-voltou-100-dias-governo-lula.jpg\",\"datePublished\":\"2023-04-10T14:00:38+00:00\",\"dateModified\":\"2023-04-12T14:28:33+00:00\",\"description\":\"Estado tamb\u00e9m teve destaque nos repasses federais do novo Bolsa Fam\u00edlia: 118 mil crian\u00e7as tiveram adicional de R$ 150.\",\"breadcrumb\":{\"@id\":\"https:\\\/\\\/vanderloubet.com.br\\\/deputado\\\/100-dias-ms-tem-85-vagas-no-mais-medicos-e-reajuste-de-35-na-merenda\\\/#breadcrumb\"},\"inLanguage\":\"pt-BR\",\"potentialAction\":[{\"@type\":\"ReadAction\",\"target\":[\"https:\\\/\\\/vanderloubet.com.br\\\/deputado\\\/100-dias-ms-tem-85-vagas-no-mais-medicos-e-reajuste-de-35-na-merenda\\\/\"]}]},{\"@type\":\"ImageObject\",\"inLanguage\":\"pt-BR\",\"@id\":\"https:\\\/\\\/vanderloubet.com.br\\\/deputado\\\/100-dias-ms-tem-85-vagas-no-mais-medicos-e-reajuste-de-35-na-merenda\\\/#primaryimage\",\"url\":\"https:\\\/\\\/vanderloubet.com.br\\\/deputado\\\/wp-content\\\/uploads\\\/2023\\\/04\\\/foto-2023-04-10-o-brasil-voltou-100-dias-governo-lula.jpg\",\"contentUrl\":\"https:\\\/\\\/vanderloubet.com.br\\\/deputado\\\/wp-content\\\/uploads\\\/2023\\\/04\\\/foto-2023-04-10-o-brasil-voltou-100-dias-governo-lula.jpg\",\"width\":1280,\"height\":720,\"caption\":\"100 dias: MS tem 85 vagas no Mais M\u00e9dicos e reajuste de 35% na merenda\"},{\"@type\":\"BreadcrumbList\",\"@id\":\"https:\\\/\\\/vanderloubet.com.br\\\/deputado\\\/100-dias-ms-tem-85-vagas-no-mais-medicos-e-reajuste-de-35-na-merenda\\\/#breadcrumb\",\"itemListElement\":[{\"@type\":\"ListItem\",\"position\":1,\"name\":\"In\u00edcio\",\"item\":\"https:\\\/\\\/vanderloubet.com.br\\\/deputado\\\/\"},{\"@type\":\"ListItem\",\"position\":2,\"name\":\"100 dias: MS tem 85 vagas no Mais M\u00e9dicos e reajuste de 35% na merenda\"}]},{\"@type\":\"WebSite\",\"@id\":\"https:\\\/\\\/vanderloubet.com.br\\\/deputado\\\/#website\",\"url\":\"https:\\\/\\\/vanderloubet.com.br\\\/deputado\\\/\",\"name\":\"Deputado Federal Vander Loubet\",\"description\":\"O Federal de MS\",\"publisher\":{\"@id\":\"https:\\\/\\\/vanderloubet.com.br\\\/deputado\\\/#organization\"},\"alternateName\":\"Deputado Vander\",\"potentialAction\":[{\"@type\":\"SearchAction\",\"target\":{\"@type\":\"EntryPoint\",\"urlTemplate\":\"https:\\\/\\\/vanderloubet.com.br\\\/deputado\\\/?s={search_term_string}\"},\"query-input\":{\"@type\":\"PropertyValueSpecification\",\"valueRequired\":true,\"valueName\":\"search_term_string\"}}],\"inLanguage\":\"pt-BR\"},{\"@type\":\"Organization\",\"@id\":\"https:\\\/\\\/vanderloubet.com.br\\\/deputado\\\/#organization\",\"name\":\"Deputado Federal Vander Loubet\",\"alternateName\":\"Deputado Vander\",\"url\":\"https:\\\/\\\/vanderloubet.com.br\\\/deputado\\\/\",\"logo\":{\"@type\":\"ImageObject\",\"inLanguage\":\"pt-BR\",\"@id\":\"https:\\\/\\\/vanderloubet.com.br\\\/deputado\\\/#\\\/schema\\\/logo\\\/image\\\/\",\"url\":\"https:\\\/\\\/vanderloubet.com.br\\\/deputado\\\/wp-content\\\/uploads\\\/2023\\\/06\\\/foto-2023-06-19-mandato-deputado-vander.jpg\",\"contentUrl\":\"https:\\\/\\\/vanderloubet.com.br\\\/deputado\\\/wp-content\\\/uploads\\\/2023\\\/06\\\/foto-2023-06-19-mandato-deputado-vander.jpg\",\"width\":1080,\"height\":1080,\"caption\":\"Deputado Federal Vander Loubet\"},\"image\":{\"@id\":\"https:\\\/\\\/vanderloubet.com.br\\\/deputado\\\/#\\\/schema\\\/logo\\\/image\\\/\"},\"sameAs\":[\"https:\\\/\\\/facebook.com\\\/deputadovander\",\"https:\\\/\\\/x.com\\\/vanderloubet\",\"https:\\\/\\\/instagram.com\\\/vanderloubet\",\"https:\\\/\\\/youtube.com\\\/vanderloubet\",\"https:\\\/\\\/tiktok.com\\\/@vanderloubetms\"]},{\"@type\":\"Person\",\"@id\":\"https:\\\/\\\/vanderloubet.com.br\\\/deputado\\\/#\\\/schema\\\/person\\\/15b51bd564532a8a68d9dec1b8eb890e\",\"name\":\"\u00c9der\",\"image\":{\"@type\":\"ImageObject\",\"inLanguage\":\"pt-BR\",\"@id\":\"https:\\\/\\\/vanderloubet.com.br\\\/deputado\\\/wp-content\\\/litespeed\\\/avatar\\\/88ca4090d9d5ab1c9495f6ca03b68efa.jpg?ver=1777058957\",\"url\":\"https:\\\/\\\/vanderloubet.com.br\\\/deputado\\\/wp-content\\\/litespeed\\\/avatar\\\/88ca4090d9d5ab1c9495f6ca03b68efa.jpg?ver=1777058957\",\"contentUrl\":\"https:\\\/\\\/vanderloubet.com.br\\\/deputado\\\/wp-content\\\/litespeed\\\/avatar\\\/88ca4090d9d5ab1c9495f6ca03b68efa.jpg?ver=1777058957\",\"caption\":\"\u00c9der\"}}]}<\/script>\n<!-- \/ Yoast SEO plugin. -->","yoast_head_json":{"title":"100 dias: MS tem 85 vagas no Mais M\u00e9dicos e reajuste de 35% na merenda","description":"Estado tamb\u00e9m teve destaque nos repasses federais do novo Bolsa Fam\u00edlia: 118 mil crian\u00e7as tiveram adicional de R$ 150.","robots":{"index":"index","follow":"follow","max-snippet":"max-snippet:-1","max-image-preview":"max-image-preview:large","max-video-preview":"max-video-preview:-1"},"canonical":"https:\/\/vanderloubet.com.br\/deputado\/100-dias-ms-tem-85-vagas-no-mais-medicos-e-reajuste-de-35-na-merenda\/","og_locale":"pt_BR","og_type":"article","og_title":"100 dias: MS tem 85 vagas no Mais M\u00e9dicos e reajuste de 35% na merenda","og_description":"Estado tamb\u00e9m teve destaque nos repasses federais do novo Bolsa Fam\u00edlia: 118 mil crian\u00e7as tiveram adicional de R$ 150.","og_url":"https:\/\/vanderloubet.com.br\/deputado\/100-dias-ms-tem-85-vagas-no-mais-medicos-e-reajuste-de-35-na-merenda\/","og_site_name":"Deputado Federal Vander Loubet","article_publisher":"https:\/\/facebook.com\/deputadovander","article_published_time":"2023-04-10T14:00:38+00:00","article_modified_time":"2023-04-12T14:28:33+00:00","og_image":[{"width":1280,"height":720,"url":"https:\/\/vanderloubet.com.br\/deputado\/wp-content\/uploads\/2023\/04\/foto-2023-04-10-o-brasil-voltou-100-dias-governo-lula.jpg","type":"image\/jpeg"}],"author":"\u00c9der","twitter_card":"summary_large_image","twitter_creator":"@vanderloubet","twitter_site":"@vanderloubet","schema":{"@context":"https:\/\/schema.org","@graph":[{"@type":"Article","@id":"https:\/\/vanderloubet.com.br\/deputado\/100-dias-ms-tem-85-vagas-no-mais-medicos-e-reajuste-de-35-na-merenda\/#article","isPartOf":{"@id":"https:\/\/vanderloubet.com.br\/deputado\/100-dias-ms-tem-85-vagas-no-mais-medicos-e-reajuste-de-35-na-merenda\/"},"author":{"name":"\u00c9der","@id":"https:\/\/vanderloubet.com.br\/deputado\/#\/schema\/person\/15b51bd564532a8a68d9dec1b8eb890e"},"headline":"100 dias: MS tem 85 vagas no Mais M\u00e9dicos e reajuste de 35% na merenda","datePublished":"2023-04-10T14:00:38+00:00","dateModified":"2023-04-12T14:28:33+00:00","mainEntityOfPage":{"@id":"https:\/\/vanderloubet.com.br\/deputado\/100-dias-ms-tem-85-vagas-no-mais-medicos-e-reajuste-de-35-na-merenda\/"},"wordCount":988,"publisher":{"@id":"https:\/\/vanderloubet.com.br\/deputado\/#organization"},"image":{"@id":"https:\/\/vanderloubet.com.br\/deputado\/100-dias-ms-tem-85-vagas-no-mais-medicos-e-reajuste-de-35-na-merenda\/#primaryimage"},"thumbnailUrl":"https:\/\/vanderloubet.com.br\/deputado\/wp-content\/uploads\/2023\/04\/foto-2023-04-10-o-brasil-voltou-100-dias-governo-lula.jpg","keywords":["assist\u00eancia social","governo federal","sa\u00fade"],"articleSection":["Mato Grosso do Sul","Not\u00edcias"],"inLanguage":"pt-BR"},{"@type":"WebPage","@id":"https:\/\/vanderloubet.com.br\/deputado\/100-dias-ms-tem-85-vagas-no-mais-medicos-e-reajuste-de-35-na-merenda\/","url":"https:\/\/vanderloubet.com.br\/deputado\/100-dias-ms-tem-85-vagas-no-mais-medicos-e-reajuste-de-35-na-merenda\/","name":"100 dias: MS tem 85 vagas no Mais M\u00e9dicos e reajuste de 35% na merenda","isPartOf":{"@id":"https:\/\/vanderloubet.com.br\/deputado\/#website"},"primaryImageOfPage":{"@id":"https:\/\/vanderloubet.com.br\/deputado\/100-dias-ms-tem-85-vagas-no-mais-medicos-e-reajuste-de-35-na-merenda\/#primaryimage"},"image":{"@id":"https:\/\/vanderloubet.com.br\/deputado\/100-dias-ms-tem-85-vagas-no-mais-medicos-e-reajuste-de-35-na-merenda\/#primaryimage"},"thumbnailUrl":"https:\/\/vanderloubet.com.br\/deputado\/wp-content\/uploads\/2023\/04\/foto-2023-04-10-o-brasil-voltou-100-dias-governo-lula.jpg","datePublished":"2023-04-10T14:00:38+00:00","dateModified":"2023-04-12T14:28:33+00:00","description":"Estado tamb\u00e9m teve destaque nos repasses federais do novo Bolsa Fam\u00edlia: 118 mil crian\u00e7as tiveram adicional de R$ 150.","breadcrumb":{"@id":"https:\/\/vanderloubet.com.br\/deputado\/100-dias-ms-tem-85-vagas-no-mais-medicos-e-reajuste-de-35-na-merenda\/#breadcrumb"},"inLanguage":"pt-BR","potentialAction":[{"@type":"ReadAction","target":["https:\/\/vanderloubet.com.br\/deputado\/100-dias-ms-tem-85-vagas-no-mais-medicos-e-reajuste-de-35-na-merenda\/"]}]},{"@type":"ImageObject","inLanguage":"pt-BR","@id":"https:\/\/vanderloubet.com.br\/deputado\/100-dias-ms-tem-85-vagas-no-mais-medicos-e-reajuste-de-35-na-merenda\/#primaryimage","url":"https:\/\/vanderloubet.com.br\/deputado\/wp-content\/uploads\/2023\/04\/foto-2023-04-10-o-brasil-voltou-100-dias-governo-lula.jpg","contentUrl":"https:\/\/vanderloubet.com.br\/deputado\/wp-content\/uploads\/2023\/04\/foto-2023-04-10-o-brasil-voltou-100-dias-governo-lula.jpg","width":1280,"height":720,"caption":"100 dias: MS tem 85 vagas no Mais M\u00e9dicos e reajuste de 35% na merenda"},{"@type":"BreadcrumbList","@id":"https:\/\/vanderloubet.com.br\/deputado\/100-dias-ms-tem-85-vagas-no-mais-medicos-e-reajuste-de-35-na-merenda\/#breadcrumb","itemListElement":[{"@type":"ListItem","position":1,"name":"In\u00edcio","item":"https:\/\/vanderloubet.com.br\/deputado\/"},{"@type":"ListItem","position":2,"name":"100 dias: MS tem 85 vagas no Mais M\u00e9dicos e reajuste de 35% na merenda"}]},{"@type":"WebSite","@id":"https:\/\/vanderloubet.com.br\/deputado\/#website","url":"https:\/\/vanderloubet.com.br\/deputado\/","name":"Deputado Federal Vander Loubet","description":"O Federal de MS","publisher":{"@id":"https:\/\/vanderloubet.com.br\/deputado\/#organization"},"alternateName":"Deputado Vander","potentialAction":[{"@type":"SearchAction","target":{"@type":"EntryPoint","urlTemplate":"https:\/\/vanderloubet.com.br\/deputado\/?s={search_term_string}"},"query-input":{"@type":"PropertyValueSpecification","valueRequired":true,"valueName":"search_term_string"}}],"inLanguage":"pt-BR"},{"@type":"Organization","@id":"https:\/\/vanderloubet.com.br\/deputado\/#organization","name":"Deputado Federal Vander Loubet","alternateName":"Deputado Vander","url":"https:\/\/vanderloubet.com.br\/deputado\/","logo":{"@type":"ImageObject","inLanguage":"pt-BR","@id":"https:\/\/vanderloubet.com.br\/deputado\/#\/schema\/logo\/image\/","url":"https:\/\/vanderloubet.com.br\/deputado\/wp-content\/uploads\/2023\/06\/foto-2023-06-19-mandato-deputado-vander.jpg","contentUrl":"https:\/\/vanderloubet.com.br\/deputado\/wp-content\/uploads\/2023\/06\/foto-2023-06-19-mandato-deputado-vander.jpg","width":1080,"height":1080,"caption":"Deputado Federal Vander Loubet"},"image":{"@id":"https:\/\/vanderloubet.com.br\/deputado\/#\/schema\/logo\/image\/"},"sameAs":["https:\/\/facebook.com\/deputadovander","https:\/\/x.com\/vanderloubet","https:\/\/instagram.com\/vanderloubet","https:\/\/youtube.com\/vanderloubet","https:\/\/tiktok.com\/@vanderloubetms"]},{"@type":"Person","@id":"https:\/\/vanderloubet.com.br\/deputado\/#\/schema\/person\/15b51bd564532a8a68d9dec1b8eb890e","name":"\u00c9der","image":{"@type":"ImageObject","inLanguage":"pt-BR","@id":"https:\/\/vanderloubet.com.br\/deputado\/wp-content\/litespeed\/avatar\/88ca4090d9d5ab1c9495f6ca03b68efa.jpg?ver=1777058957","url":"https:\/\/vanderloubet.com.br\/deputado\/wp-content\/litespeed\/avatar\/88ca4090d9d5ab1c9495f6ca03b68efa.jpg?ver=1777058957","contentUrl":"https:\/\/vanderloubet.com.br\/deputado\/wp-content\/litespeed\/avatar\/88ca4090d9d5ab1c9495f6ca03b68efa.jpg?ver=1777058957","caption":"\u00c9der"}}]}},"jetpack_featured_media_url":"https:\/\/vanderloubet.com.br\/deputado\/wp-content\/uploads\/2023\/04\/foto-2023-04-10-o-brasil-voltou-100-dias-governo-lula.jpg","jetpack_sharing_enabled":true,"_links":{"self":[{"href":"https:\/\/vanderloubet.com.br\/deputado\/wp-json\/wp\/v2\/posts\/18904","targetHints":{"allow":["GET"]}}],"collection":[{"href":"https:\/\/vanderloubet.com.br\/deputado\/wp-json\/wp\/v2\/posts"}],"about":[{"href":"https:\/\/vanderloubet.com.br\/deputado\/wp-json\/wp\/v2\/types\/post"}],"author":[{"embeddable":true,"href":"https:\/\/vanderloubet.com.br\/deputado\/wp-json\/wp\/v2\/users\/2"}],"replies":[{"embeddable":true,"href":"https:\/\/vanderloubet.com.br\/deputado\/wp-json\/wp\/v2\/comments?post=18904"}],"version-history":[{"count":0,"href":"https:\/\/vanderloubet.com.br\/deputado\/wp-json\/wp\/v2\/posts\/18904\/revisions"}],"wp:featuredmedia":[{"embeddable":true,"href":"https:\/\/vanderloubet.com.br\/deputado\/wp-json\/wp\/v2\/media\/18905"}],"wp:attachment":[{"href":"https:\/\/vanderloubet.com.br\/deputado\/wp-json\/wp\/v2\/media?parent=18904"}],"wp:term":[{"taxonomy":"category","embeddable":true,"href":"https:\/\/vanderloubet.com.br\/deputado\/wp-json\/wp\/v2\/categories?post=18904"},{"taxonomy":"post_tag","embeddable":true,"href":"https:\/\/vanderloubet.com.br\/deputado\/wp-json\/wp\/v2\/tags?post=18904"}],"curies":[{"name":"wp","href":"https:\/\/api.w.org\/{rel}","templated":true}]}}