{"id":18894,"date":"2023-03-30T18:17:59","date_gmt":"2023-03-30T22:17:59","guid":{"rendered":"https:\/\/vanderloubet.com.br\/deputado\/?p=18894"},"modified":"2023-03-30T18:18:40","modified_gmt":"2023-03-30T22:18:40","slug":"governo-lula-zera-imposto-federal-para-paineis-solares","status":"publish","type":"post","link":"https:\/\/vanderloubet.com.br\/deputado\/governo-lula-zera-imposto-federal-para-paineis-solares\/","title":{"rendered":"Governo Lula zera imposto federal para pain\u00e9is solares"},"content":{"rendered":"<p>A gest\u00e3o do presidente Luiz In\u00e1cio Lula da Silva incluiu o segmento de pain\u00e9is fotovoltaicos (vulgos &#8220;pain\u00e9is solares&#8221;) no Programa de Apoio ao Desenvolvimento Tecnol\u00f3gico da Ind\u00fastria de Semicondutores (PADIS), o que zera a cobran\u00e7a dos tributos federais (IPI e PIS\/Cofins) e imposto de importa\u00e7\u00e3o at\u00e9 dezembro de 2026. O setor beneficiado \u00e9 voltado para a produ\u00e7\u00e3o de energia solar.<\/p>\n<p>O terceiro mandato de Lula tem como um dos principais focos a quest\u00e3o ambiental e a medida pode alavancar a produ\u00e7\u00e3o de energia verde, al\u00e9m de gerar empregos.<\/p>\n<p>&#8220;Essa \u00e9 mais uma medida efetiva do presidente Lula no sentido de incentivar a gera\u00e7\u00e3o de energia limpa e sem impacto para o meio ambiente, sem falar que movimenta o mercado de instala\u00e7\u00e3o desses sistemas, o que \u00e9 muito positivo para gera\u00e7\u00e3o de emprego e renda&#8221;, destaca o deputado federal Vander Loubet (PT-MS), coordenador da bancada de Mato Grosso do Sul no Congresso Nacional.<\/p>\n<p><strong>Contexto da medida de Lula<\/strong><\/p>\n<ul>\n<li>Antes de zerar os impostos, as al\u00edquotas cobradas no segmento eram de 6,5% de IPI, 9,65% de Cofins e 6% de imposto de importa\u00e7\u00e3o.<\/li>\n<li>De acordo com o atual governo, a isen\u00e7\u00e3o passa a valer para todos os pain\u00e9is solares produzidos por empresas habilitadas no PADIS que tenham o projeto aprovado.<\/li>\n<li>O PADIS foi criado por lei em 2007 &#8211; no segundo governo Lula &#8211; e originalmente concedia benef\u00edcios fiscais na produ\u00e7\u00e3o de itens como chips e displays de LCD e plasma.<\/li>\n<\/ul>\n<p><strong>O que muda<\/strong><\/p>\n<ul>\n<li>No decreto de Lula, as empresas t\u00eam direito a cr\u00e9dito financeiro calculado sobre a despesa aplicada no trimestre anterior em pesquisa, desenvolvimento e inova\u00e7\u00e3o.<\/li>\n<li>Os novos itens atendidos pelo PADIS incluem: produtos com m\u00e1stique de vidraceiro e cimento de resina para uso em m\u00f3dulos fotovoltaicos; silicone na forma de elast\u00f4mero encapsulante; chapas, folhas, tiras, autoadesivas de pl\u00e1stico \u00e0 base de pol\u00edmero; chapas, folhas, tiras ou filmes de copol\u00edmero de etileno para uso como encapsulante na manufatura de m\u00f3dulos solares fotovoltaicos; vidro plano, temperado, de alta transmit\u00e2ncia e de baixo teor de ferro, com ou sem revestimento antirreflexivo.<\/li>\n<\/ul>\n<p><strong>Respostas \u00e0 medida<\/strong><\/p>\n<p>Com menos impostos e a diminui\u00e7\u00e3o dos custos de produ\u00e7\u00e3o, o pre\u00e7o dos produtos finais tamb\u00e9m diminuem.<\/p>\n<p>Os incentivos beneficiam a fabrica\u00e7\u00e3o dos pain\u00e9is solares e, em maior quantidade, o comercializa\u00e7\u00e3o pode beneficiar a energia verde o Brasil, seguindo a pauta ambiental defendida pelo governo Lula. Al\u00e9m disso, empregos de qualidade s\u00e3o criados no processo de produ\u00e7\u00e3o.<\/p>\n<p>&#8220;Ao alavancar a tecnologia nacional, o programa tem potencial para impactar fortemente a chamada &#8216;Economia Verde&#8217;. A inclus\u00e3o do segmento de placas fotovoltaicas est\u00e1 em sintonia com os esfor\u00e7os do governo para descarbonizar a economia e estimular a produ\u00e7\u00e3o de energias renov\u00e1veis, o que contribui para cumprir as metas dos acordos clim\u00e1ticos internacionais&#8221;, informou o Minist\u00e9rio do Desenvolvimento, Ind\u00fastria, Com\u00e9rcio e Servi\u00e7os (MDIC) em comunicado.<\/p>\n<p><em>(Fonte: Olhar Digital)<\/em><\/p>\n","protected":false},"excerpt":{"rendered":"<p>Medida tem como focos a quest\u00e3o ambiental e o incentivo \u00e0 produ\u00e7\u00e3o de energia verde, al\u00e9m de gerar empregos.<\/p>\n","protected":false},"author":2,"featured_media":18895,"comment_status":"closed","ping_status":"closed","sticky":false,"template":"","format":"standard","meta":{"jetpack_post_was_ever_published":false,"_jetpack_newsletter_access":"","_jetpack_dont_email_post_to_subs":false,"_jetpack_newsletter_tier_id":0,"_jetpack_memberships_contains_paywalled_content":false,"_jetpack_memberships_contains_paid_content":false,"footnotes":""},"categories":[2098,10],"tags":[2159,1267],"class_list":{"0":"post-18894","1":"post","2":"type-post","3":"status-publish","4":"format-standard","5":"has-post-thumbnail","7":"category-brasil-noticias","8":"category-noticias","9":"tag-energia-eletrica","10":"tag-meio-ambiente"},"yoast_head":"<!-- This site is optimized with the Yoast SEO plugin v27.4 - https:\/\/yoast.com\/product\/yoast-seo-wordpress\/ -->\n<title>Governo Lula zera imposto federal para pain\u00e9is solares<\/title>\n<meta name=\"description\" content=\"Medida tem como focos a quest\u00e3o ambiental e o incentivo \u00e0 produ\u00e7\u00e3o de energia verde, al\u00e9m de gerar empregos.\" \/>\n<meta name=\"robots\" content=\"index, follow, max-snippet:-1, max-image-preview:large, max-video-preview:-1\" \/>\n<link rel=\"canonical\" href=\"https:\/\/vanderloubet.com.br\/deputado\/governo-lula-zera-imposto-federal-para-paineis-solares\/\" \/>\n<meta property=\"og:locale\" content=\"pt_BR\" \/>\n<meta property=\"og:type\" content=\"article\" \/>\n<meta property=\"og:title\" content=\"Governo Lula zera imposto federal para pain\u00e9is solares\" \/>\n<meta property=\"og:description\" content=\"Medida tem como focos a quest\u00e3o ambiental e o incentivo \u00e0 produ\u00e7\u00e3o de energia verde, al\u00e9m de gerar empregos.\" \/>\n<meta property=\"og:url\" content=\"https:\/\/vanderloubet.com.br\/deputado\/governo-lula-zera-imposto-federal-para-paineis-solares\/\" \/>\n<meta property=\"og:site_name\" content=\"Deputado Federal Vander Loubet\" \/>\n<meta property=\"article:publisher\" content=\"https:\/\/facebook.com\/deputadovander\" \/>\n<meta property=\"article:published_time\" content=\"2023-03-30T22:17:59+00:00\" \/>\n<meta property=\"article:modified_time\" content=\"2023-03-30T22:18:40+00:00\" \/>\n<meta property=\"og:image\" content=\"https:\/\/vanderloubet.com.br\/deputado\/wp-content\/uploads\/2023\/03\/foto-2023-03-30-placas-fotovoltaicas.jpg\" \/>\n\t<meta property=\"og:image:width\" content=\"900\" \/>\n\t<meta property=\"og:image:height\" content=\"600\" \/>\n\t<meta property=\"og:image:type\" content=\"image\/jpeg\" \/>\n<meta name=\"author\" content=\"\u00c9der\" \/>\n<meta name=\"twitter:card\" content=\"summary_large_image\" \/>\n<meta name=\"twitter:creator\" content=\"@vanderloubet\" \/>\n<meta name=\"twitter:site\" content=\"@vanderloubet\" \/>\n<script type=\"application\/ld+json\" class=\"yoast-schema-graph\">{\"@context\":\"https:\\\/\\\/schema.org\",\"@graph\":[{\"@type\":\"Article\",\"@id\":\"https:\\\/\\\/vanderloubet.com.br\\\/deputado\\\/governo-lula-zera-imposto-federal-para-paineis-solares\\\/#article\",\"isPartOf\":{\"@id\":\"https:\\\/\\\/vanderloubet.com.br\\\/deputado\\\/governo-lula-zera-imposto-federal-para-paineis-solares\\\/\"},\"author\":{\"name\":\"\u00c9der\",\"@id\":\"https:\\\/\\\/vanderloubet.com.br\\\/deputado\\\/#\\\/schema\\\/person\\\/15b51bd564532a8a68d9dec1b8eb890e\"},\"headline\":\"Governo Lula zera imposto federal para pain\u00e9is solares\",\"datePublished\":\"2023-03-30T22:17:59+00:00\",\"dateModified\":\"2023-03-30T22:18:40+00:00\",\"mainEntityOfPage\":{\"@id\":\"https:\\\/\\\/vanderloubet.com.br\\\/deputado\\\/governo-lula-zera-imposto-federal-para-paineis-solares\\\/\"},\"wordCount\":518,\"publisher\":{\"@id\":\"https:\\\/\\\/vanderloubet.com.br\\\/deputado\\\/#organization\"},\"image\":{\"@id\":\"https:\\\/\\\/vanderloubet.com.br\\\/deputado\\\/governo-lula-zera-imposto-federal-para-paineis-solares\\\/#primaryimage\"},\"thumbnailUrl\":\"https:\\\/\\\/vanderloubet.com.br\\\/deputado\\\/wp-content\\\/uploads\\\/2023\\\/03\\\/foto-2023-03-30-placas-fotovoltaicas.jpg\",\"keywords\":[\"energia el\u00e9trica\",\"meio ambiente\"],\"articleSection\":[\"Brasil\",\"Not\u00edcias\"],\"inLanguage\":\"pt-BR\"},{\"@type\":\"WebPage\",\"@id\":\"https:\\\/\\\/vanderloubet.com.br\\\/deputado\\\/governo-lula-zera-imposto-federal-para-paineis-solares\\\/\",\"url\":\"https:\\\/\\\/vanderloubet.com.br\\\/deputado\\\/governo-lula-zera-imposto-federal-para-paineis-solares\\\/\",\"name\":\"Governo Lula zera imposto federal para pain\u00e9is solares\",\"isPartOf\":{\"@id\":\"https:\\\/\\\/vanderloubet.com.br\\\/deputado\\\/#website\"},\"primaryImageOfPage\":{\"@id\":\"https:\\\/\\\/vanderloubet.com.br\\\/deputado\\\/governo-lula-zera-imposto-federal-para-paineis-solares\\\/#primaryimage\"},\"image\":{\"@id\":\"https:\\\/\\\/vanderloubet.com.br\\\/deputado\\\/governo-lula-zera-imposto-federal-para-paineis-solares\\\/#primaryimage\"},\"thumbnailUrl\":\"https:\\\/\\\/vanderloubet.com.br\\\/deputado\\\/wp-content\\\/uploads\\\/2023\\\/03\\\/foto-2023-03-30-placas-fotovoltaicas.jpg\",\"datePublished\":\"2023-03-30T22:17:59+00:00\",\"dateModified\":\"2023-03-30T22:18:40+00:00\",\"description\":\"Medida tem como focos a quest\u00e3o ambiental e o incentivo \u00e0 produ\u00e7\u00e3o de energia verde, al\u00e9m de gerar empregos.\",\"breadcrumb\":{\"@id\":\"https:\\\/\\\/vanderloubet.com.br\\\/deputado\\\/governo-lula-zera-imposto-federal-para-paineis-solares\\\/#breadcrumb\"},\"inLanguage\":\"pt-BR\",\"potentialAction\":[{\"@type\":\"ReadAction\",\"target\":[\"https:\\\/\\\/vanderloubet.com.br\\\/deputado\\\/governo-lula-zera-imposto-federal-para-paineis-solares\\\/\"]}]},{\"@type\":\"ImageObject\",\"inLanguage\":\"pt-BR\",\"@id\":\"https:\\\/\\\/vanderloubet.com.br\\\/deputado\\\/governo-lula-zera-imposto-federal-para-paineis-solares\\\/#primaryimage\",\"url\":\"https:\\\/\\\/vanderloubet.com.br\\\/deputado\\\/wp-content\\\/uploads\\\/2023\\\/03\\\/foto-2023-03-30-placas-fotovoltaicas.jpg\",\"contentUrl\":\"https:\\\/\\\/vanderloubet.com.br\\\/deputado\\\/wp-content\\\/uploads\\\/2023\\\/03\\\/foto-2023-03-30-placas-fotovoltaicas.jpg\",\"width\":900,\"height\":600,\"caption\":\"Governo Lula zera imposto federal para pain\u00e9is solares\"},{\"@type\":\"BreadcrumbList\",\"@id\":\"https:\\\/\\\/vanderloubet.com.br\\\/deputado\\\/governo-lula-zera-imposto-federal-para-paineis-solares\\\/#breadcrumb\",\"itemListElement\":[{\"@type\":\"ListItem\",\"position\":1,\"name\":\"In\u00edcio\",\"item\":\"https:\\\/\\\/vanderloubet.com.br\\\/deputado\\\/\"},{\"@type\":\"ListItem\",\"position\":2,\"name\":\"Governo Lula zera imposto federal para pain\u00e9is solares\"}]},{\"@type\":\"WebSite\",\"@id\":\"https:\\\/\\\/vanderloubet.com.br\\\/deputado\\\/#website\",\"url\":\"https:\\\/\\\/vanderloubet.com.br\\\/deputado\\\/\",\"name\":\"Deputado Federal Vander Loubet\",\"description\":\"O Federal de MS\",\"publisher\":{\"@id\":\"https:\\\/\\\/vanderloubet.com.br\\\/deputado\\\/#organization\"},\"alternateName\":\"Deputado Vander\",\"potentialAction\":[{\"@type\":\"SearchAction\",\"target\":{\"@type\":\"EntryPoint\",\"urlTemplate\":\"https:\\\/\\\/vanderloubet.com.br\\\/deputado\\\/?s={search_term_string}\"},\"query-input\":{\"@type\":\"PropertyValueSpecification\",\"valueRequired\":true,\"valueName\":\"search_term_string\"}}],\"inLanguage\":\"pt-BR\"},{\"@type\":\"Organization\",\"@id\":\"https:\\\/\\\/vanderloubet.com.br\\\/deputado\\\/#organization\",\"name\":\"Deputado Federal Vander Loubet\",\"alternateName\":\"Deputado Vander\",\"url\":\"https:\\\/\\\/vanderloubet.com.br\\\/deputado\\\/\",\"logo\":{\"@type\":\"ImageObject\",\"inLanguage\":\"pt-BR\",\"@id\":\"https:\\\/\\\/vanderloubet.com.br\\\/deputado\\\/#\\\/schema\\\/logo\\\/image\\\/\",\"url\":\"https:\\\/\\\/vanderloubet.com.br\\\/deputado\\\/wp-content\\\/uploads\\\/2023\\\/06\\\/foto-2023-06-19-mandato-deputado-vander.jpg\",\"contentUrl\":\"https:\\\/\\\/vanderloubet.com.br\\\/deputado\\\/wp-content\\\/uploads\\\/2023\\\/06\\\/foto-2023-06-19-mandato-deputado-vander.jpg\",\"width\":1080,\"height\":1080,\"caption\":\"Deputado Federal Vander Loubet\"},\"image\":{\"@id\":\"https:\\\/\\\/vanderloubet.com.br\\\/deputado\\\/#\\\/schema\\\/logo\\\/image\\\/\"},\"sameAs\":[\"https:\\\/\\\/facebook.com\\\/deputadovander\",\"https:\\\/\\\/x.com\\\/vanderloubet\",\"https:\\\/\\\/instagram.com\\\/vanderloubet\",\"https:\\\/\\\/youtube.com\\\/vanderloubet\",\"https:\\\/\\\/tiktok.com\\\/@vanderloubetms\"]},{\"@type\":\"Person\",\"@id\":\"https:\\\/\\\/vanderloubet.com.br\\\/deputado\\\/#\\\/schema\\\/person\\\/15b51bd564532a8a68d9dec1b8eb890e\",\"name\":\"\u00c9der\",\"image\":{\"@type\":\"ImageObject\",\"inLanguage\":\"pt-BR\",\"@id\":\"https:\\\/\\\/vanderloubet.com.br\\\/deputado\\\/wp-content\\\/litespeed\\\/avatar\\\/88ca4090d9d5ab1c9495f6ca03b68efa.jpg?ver=1777058957\",\"url\":\"https:\\\/\\\/vanderloubet.com.br\\\/deputado\\\/wp-content\\\/litespeed\\\/avatar\\\/88ca4090d9d5ab1c9495f6ca03b68efa.jpg?ver=1777058957\",\"contentUrl\":\"https:\\\/\\\/vanderloubet.com.br\\\/deputado\\\/wp-content\\\/litespeed\\\/avatar\\\/88ca4090d9d5ab1c9495f6ca03b68efa.jpg?ver=1777058957\",\"caption\":\"\u00c9der\"}}]}<\/script>\n<!-- \/ Yoast SEO plugin. -->","yoast_head_json":{"title":"Governo Lula zera imposto federal para pain\u00e9is solares","description":"Medida tem como focos a quest\u00e3o ambiental e o incentivo \u00e0 produ\u00e7\u00e3o de energia verde, al\u00e9m de gerar empregos.","robots":{"index":"index","follow":"follow","max-snippet":"max-snippet:-1","max-image-preview":"max-image-preview:large","max-video-preview":"max-video-preview:-1"},"canonical":"https:\/\/vanderloubet.com.br\/deputado\/governo-lula-zera-imposto-federal-para-paineis-solares\/","og_locale":"pt_BR","og_type":"article","og_title":"Governo Lula zera imposto federal para pain\u00e9is solares","og_description":"Medida tem como focos a quest\u00e3o ambiental e o incentivo \u00e0 produ\u00e7\u00e3o de energia verde, al\u00e9m de gerar empregos.","og_url":"https:\/\/vanderloubet.com.br\/deputado\/governo-lula-zera-imposto-federal-para-paineis-solares\/","og_site_name":"Deputado Federal Vander Loubet","article_publisher":"https:\/\/facebook.com\/deputadovander","article_published_time":"2023-03-30T22:17:59+00:00","article_modified_time":"2023-03-30T22:18:40+00:00","og_image":[{"width":900,"height":600,"url":"https:\/\/vanderloubet.com.br\/deputado\/wp-content\/uploads\/2023\/03\/foto-2023-03-30-placas-fotovoltaicas.jpg","type":"image\/jpeg"}],"author":"\u00c9der","twitter_card":"summary_large_image","twitter_creator":"@vanderloubet","twitter_site":"@vanderloubet","schema":{"@context":"https:\/\/schema.org","@graph":[{"@type":"Article","@id":"https:\/\/vanderloubet.com.br\/deputado\/governo-lula-zera-imposto-federal-para-paineis-solares\/#article","isPartOf":{"@id":"https:\/\/vanderloubet.com.br\/deputado\/governo-lula-zera-imposto-federal-para-paineis-solares\/"},"author":{"name":"\u00c9der","@id":"https:\/\/vanderloubet.com.br\/deputado\/#\/schema\/person\/15b51bd564532a8a68d9dec1b8eb890e"},"headline":"Governo Lula zera imposto federal para pain\u00e9is solares","datePublished":"2023-03-30T22:17:59+00:00","dateModified":"2023-03-30T22:18:40+00:00","mainEntityOfPage":{"@id":"https:\/\/vanderloubet.com.br\/deputado\/governo-lula-zera-imposto-federal-para-paineis-solares\/"},"wordCount":518,"publisher":{"@id":"https:\/\/vanderloubet.com.br\/deputado\/#organization"},"image":{"@id":"https:\/\/vanderloubet.com.br\/deputado\/governo-lula-zera-imposto-federal-para-paineis-solares\/#primaryimage"},"thumbnailUrl":"https:\/\/vanderloubet.com.br\/deputado\/wp-content\/uploads\/2023\/03\/foto-2023-03-30-placas-fotovoltaicas.jpg","keywords":["energia el\u00e9trica","meio ambiente"],"articleSection":["Brasil","Not\u00edcias"],"inLanguage":"pt-BR"},{"@type":"WebPage","@id":"https:\/\/vanderloubet.com.br\/deputado\/governo-lula-zera-imposto-federal-para-paineis-solares\/","url":"https:\/\/vanderloubet.com.br\/deputado\/governo-lula-zera-imposto-federal-para-paineis-solares\/","name":"Governo Lula zera imposto federal para pain\u00e9is solares","isPartOf":{"@id":"https:\/\/vanderloubet.com.br\/deputado\/#website"},"primaryImageOfPage":{"@id":"https:\/\/vanderloubet.com.br\/deputado\/governo-lula-zera-imposto-federal-para-paineis-solares\/#primaryimage"},"image":{"@id":"https:\/\/vanderloubet.com.br\/deputado\/governo-lula-zera-imposto-federal-para-paineis-solares\/#primaryimage"},"thumbnailUrl":"https:\/\/vanderloubet.com.br\/deputado\/wp-content\/uploads\/2023\/03\/foto-2023-03-30-placas-fotovoltaicas.jpg","datePublished":"2023-03-30T22:17:59+00:00","dateModified":"2023-03-30T22:18:40+00:00","description":"Medida tem como focos a quest\u00e3o ambiental e o incentivo \u00e0 produ\u00e7\u00e3o de energia verde, al\u00e9m de gerar empregos.","breadcrumb":{"@id":"https:\/\/vanderloubet.com.br\/deputado\/governo-lula-zera-imposto-federal-para-paineis-solares\/#breadcrumb"},"inLanguage":"pt-BR","potentialAction":[{"@type":"ReadAction","target":["https:\/\/vanderloubet.com.br\/deputado\/governo-lula-zera-imposto-federal-para-paineis-solares\/"]}]},{"@type":"ImageObject","inLanguage":"pt-BR","@id":"https:\/\/vanderloubet.com.br\/deputado\/governo-lula-zera-imposto-federal-para-paineis-solares\/#primaryimage","url":"https:\/\/vanderloubet.com.br\/deputado\/wp-content\/uploads\/2023\/03\/foto-2023-03-30-placas-fotovoltaicas.jpg","contentUrl":"https:\/\/vanderloubet.com.br\/deputado\/wp-content\/uploads\/2023\/03\/foto-2023-03-30-placas-fotovoltaicas.jpg","width":900,"height":600,"caption":"Governo Lula zera imposto federal para pain\u00e9is solares"},{"@type":"BreadcrumbList","@id":"https:\/\/vanderloubet.com.br\/deputado\/governo-lula-zera-imposto-federal-para-paineis-solares\/#breadcrumb","itemListElement":[{"@type":"ListItem","position":1,"name":"In\u00edcio","item":"https:\/\/vanderloubet.com.br\/deputado\/"},{"@type":"ListItem","position":2,"name":"Governo Lula zera imposto federal para pain\u00e9is solares"}]},{"@type":"WebSite","@id":"https:\/\/vanderloubet.com.br\/deputado\/#website","url":"https:\/\/vanderloubet.com.br\/deputado\/","name":"Deputado Federal Vander Loubet","description":"O Federal de MS","publisher":{"@id":"https:\/\/vanderloubet.com.br\/deputado\/#organization"},"alternateName":"Deputado Vander","potentialAction":[{"@type":"SearchAction","target":{"@type":"EntryPoint","urlTemplate":"https:\/\/vanderloubet.com.br\/deputado\/?s={search_term_string}"},"query-input":{"@type":"PropertyValueSpecification","valueRequired":true,"valueName":"search_term_string"}}],"inLanguage":"pt-BR"},{"@type":"Organization","@id":"https:\/\/vanderloubet.com.br\/deputado\/#organization","name":"Deputado Federal Vander Loubet","alternateName":"Deputado Vander","url":"https:\/\/vanderloubet.com.br\/deputado\/","logo":{"@type":"ImageObject","inLanguage":"pt-BR","@id":"https:\/\/vanderloubet.com.br\/deputado\/#\/schema\/logo\/image\/","url":"https:\/\/vanderloubet.com.br\/deputado\/wp-content\/uploads\/2023\/06\/foto-2023-06-19-mandato-deputado-vander.jpg","contentUrl":"https:\/\/vanderloubet.com.br\/deputado\/wp-content\/uploads\/2023\/06\/foto-2023-06-19-mandato-deputado-vander.jpg","width":1080,"height":1080,"caption":"Deputado Federal Vander Loubet"},"image":{"@id":"https:\/\/vanderloubet.com.br\/deputado\/#\/schema\/logo\/image\/"},"sameAs":["https:\/\/facebook.com\/deputadovander","https:\/\/x.com\/vanderloubet","https:\/\/instagram.com\/vanderloubet","https:\/\/youtube.com\/vanderloubet","https:\/\/tiktok.com\/@vanderloubetms"]},{"@type":"Person","@id":"https:\/\/vanderloubet.com.br\/deputado\/#\/schema\/person\/15b51bd564532a8a68d9dec1b8eb890e","name":"\u00c9der","image":{"@type":"ImageObject","inLanguage":"pt-BR","@id":"https:\/\/vanderloubet.com.br\/deputado\/wp-content\/litespeed\/avatar\/88ca4090d9d5ab1c9495f6ca03b68efa.jpg?ver=1777058957","url":"https:\/\/vanderloubet.com.br\/deputado\/wp-content\/litespeed\/avatar\/88ca4090d9d5ab1c9495f6ca03b68efa.jpg?ver=1777058957","contentUrl":"https:\/\/vanderloubet.com.br\/deputado\/wp-content\/litespeed\/avatar\/88ca4090d9d5ab1c9495f6ca03b68efa.jpg?ver=1777058957","caption":"\u00c9der"}}]}},"jetpack_featured_media_url":"https:\/\/vanderloubet.com.br\/deputado\/wp-content\/uploads\/2023\/03\/foto-2023-03-30-placas-fotovoltaicas.jpg","jetpack_sharing_enabled":true,"_links":{"self":[{"href":"https:\/\/vanderloubet.com.br\/deputado\/wp-json\/wp\/v2\/posts\/18894","targetHints":{"allow":["GET"]}}],"collection":[{"href":"https:\/\/vanderloubet.com.br\/deputado\/wp-json\/wp\/v2\/posts"}],"about":[{"href":"https:\/\/vanderloubet.com.br\/deputado\/wp-json\/wp\/v2\/types\/post"}],"author":[{"embeddable":true,"href":"https:\/\/vanderloubet.com.br\/deputado\/wp-json\/wp\/v2\/users\/2"}],"replies":[{"embeddable":true,"href":"https:\/\/vanderloubet.com.br\/deputado\/wp-json\/wp\/v2\/comments?post=18894"}],"version-history":[{"count":0,"href":"https:\/\/vanderloubet.com.br\/deputado\/wp-json\/wp\/v2\/posts\/18894\/revisions"}],"wp:featuredmedia":[{"embeddable":true,"href":"https:\/\/vanderloubet.com.br\/deputado\/wp-json\/wp\/v2\/media\/18895"}],"wp:attachment":[{"href":"https:\/\/vanderloubet.com.br\/deputado\/wp-json\/wp\/v2\/media?parent=18894"}],"wp:term":[{"taxonomy":"category","embeddable":true,"href":"https:\/\/vanderloubet.com.br\/deputado\/wp-json\/wp\/v2\/categories?post=18894"},{"taxonomy":"post_tag","embeddable":true,"href":"https:\/\/vanderloubet.com.br\/deputado\/wp-json\/wp\/v2\/tags?post=18894"}],"curies":[{"name":"wp","href":"https:\/\/api.w.org\/{rel}","templated":true}]}}