{"id":18813,"date":"2023-03-09T08:40:27","date_gmt":"2023-03-09T12:40:27","guid":{"rendered":"https:\/\/vanderloubet.com.br\/deputado\/?p=18813"},"modified":"2023-03-09T09:18:16","modified_gmt":"2023-03-09T13:18:16","slug":"lula-anuncia-pacote-de-acoes-para-as-mulheres","status":"publish","type":"post","link":"https:\/\/vanderloubet.com.br\/deputado\/lula-anuncia-pacote-de-acoes-para-as-mulheres\/","title":{"rendered":"Lula anuncia pacote de a\u00e7\u00f5es para as mulheres"},"content":{"rendered":"<p>O Dia Internacional da Mulher foi celebrado nesta quarta-feira (8) com o an\u00fancio do presidente da Rep\u00fablica, Luiz In\u00e1cio Lula da Silva, de um pacote de a\u00e7\u00f5es em prol das mulheres brasileiras.<\/p>\n<p>As novas medidas foram anunciadas durante uma cerim\u00f4nia no Pal\u00e1cio do Planalto em evento promovido pela ministra das Mulheres, Cida Gon\u00e7alves.<\/p>\n<p>Entre as medidas est\u00e1 o envio ao Congresso Nacional de um projeto de lei que visa garantir o pagamento pelo empregador de sal\u00e1rios iguais para homens e mulheres que exercem a mesma fun\u00e7\u00e3o.<\/p>\n<p>&#8220;Vai ter muita gente que n\u00e3o querer pagar [sal\u00e1rios iguais], mas para isso a Justi\u00e7a tem que funcionar. Quando aceitamos que mulher ganhe menos que homem na mesma fun\u00e7\u00e3o, estamos perpetuando uma viol\u00eancia hist\u00f3rica&#8221;, declarou Lula.<\/p>\n<p>O texto do projeto prev\u00ea multa de 10 vezes o maior sal\u00e1rio pago na empresa em caso de descumprimento da paridade salarial. Esse patamar valer\u00e1 para empresas de pelo menos 20 funcion\u00e1rios. Tamb\u00e9m deve abrir a possibilidade de que a Justi\u00e7a emita, em car\u00e1ter de urg\u00eancia, decis\u00e3o para for\u00e7ar a empresa a pagar o mesmo sal\u00e1rio.<\/p>\n<p>&#8220;A elei\u00e7\u00e3o do presidente Lula e a recria\u00e7\u00e3o do Minist\u00e9rio das Mulheres refor\u00e7am a volta do compromisso com as mulheres ap\u00f3s seis anos sem a\u00e7\u00f5es afirmativas nessa \u00e1rea. As mulheres s\u00e3o a maior parte da nossa popula\u00e7\u00e3o, por isso, \u00e9 necess\u00e1rio que a gente tenha pol\u00edticas p\u00fablicas direcionadas exclusivamente para elas&#8221;, celebrou o deputado federal Vander Loubet, a respeito do pacote do governo Lula.<\/p>\n<p><strong>Medidas anunciadas<\/strong><\/p>\n<p>O pacote anunciado pelo governo Lula inclui ao todo 25 a\u00e7\u00f5es em diversas \u00e1reas: economia e trabalho, combate \u00e0 viol\u00eancia, sa\u00fade, educa\u00e7\u00e3o, esporte, cultura e pesquisa. Dentre elas:<\/p>\n<p><em>Equipara\u00e7\u00e3o salarial<\/em> &#8211; Lula enviar\u00e1 para an\u00e1lise de deputados e senadores um projeto de lei para promover a igualdade salarial entre homens e mulheres que exer\u00e7am a mesma fun\u00e7\u00e3o, ponto j\u00e1 previsto na legisla\u00e7\u00e3o atual. Segundo o governo, o texto prev\u00ea medidas para que empresas sejam mais transparentes e para fortalecer a fiscaliza\u00e7\u00e3o e o combate \u00e0 discrimina\u00e7\u00e3o salarial.<\/p>\n<p><em>Dignidade menstrual<\/em> &#8211; O governo anunciou um decreto com o compromisso de distribui\u00e7\u00e3o gratuita de absorventes no Sistema \u00danico de Sa\u00fade (SUS).<\/p>\n<p><em>Seguran\u00e7a<\/em> &#8211; Investimento de R$ 372 milh\u00f5es na implanta\u00e7\u00e3o de 40 unidades da Casa da Mulher Brasileira, com recursos do Fundo Nacional de Seguran\u00e7a P\u00fablica. O governo recriar\u00e1 o programa Mulher Viver sem Viol\u00eancia, que prev\u00ea a doa\u00e7\u00e3o de 270 viaturas para a Patrulha Maria da Penha nos 26 estados e no Distrito Federal.<\/p>\n<p><em>Cota para mulheres v\u00edtimas de viol\u00eancia<\/em> &#8211; O governo anunciou um decreto que regulamenta a cota de 8% da m\u00e3o de obra para mulheres v\u00edtimas de viol\u00eancia em contrata\u00e7\u00f5es p\u00fablicas na administra\u00e7\u00e3o federal direta, autarquias e funda\u00e7\u00f5es.<\/p>\n<p><em>Dia Marielle Franco<\/em> &#8211; O governo anunciou o Dia Nacional Marielle Franco, lembrado a cada 14 de mar\u00e7o, data em que a vereadora Marielle Franco, da cidade do Rio de Janeiro, e o motorista Anderson Gomes foram assassinados. A a\u00e7\u00e3o visa conscientizar contra a viol\u00eancia pol\u00edtica de g\u00eanero e de ra\u00e7a.<\/p>\n<p><em>Trabalho sem viol\u00eancia e ass\u00e9dio<\/em> &#8211; O governo vai ratificar a Conven\u00e7\u00e3o 190 da Organiza\u00e7\u00e3o Internacional do Trabalho (OIT), primeiro tratado internacional a reconhecer o direito de todas as pessoas a um mundo de trabalho livre de viol\u00eancia e ass\u00e9dio, incluindo viol\u00eancia de g\u00eanero. Entre outras medidas, a Conven\u00e7\u00e3o 190 amplia conceitos de ass\u00e9dio sexual e moral no trabalho.<\/p>\n<p><em>Ass\u00e9dio no servi\u00e7o p\u00fablico<\/em> &#8211; O governo anunciou a cria\u00e7\u00e3o de uma pol\u00edtica de enfrentamento ao ass\u00e9dio sexual e moral e discrimina\u00e7\u00e3o na administra\u00e7\u00e3o p\u00fablica federal.<\/p>\n<p><em>Equidade no SUS<\/em> &#8211; O governo criou o Programa Nacional de Equidade de G\u00eanero, Ra\u00e7a e Valoriza\u00e7\u00e3o das Trabalhadoras no Sistema \u00danico de Sa\u00fade. A portaria foi publicada no &#8216;Di\u00e1rio Oficial da Uni\u00e3o&#8217; desta quarta.<\/p>\n<p><em>Constru\u00e7\u00e3o de creches<\/em> &#8211; O governo anunciou a retomada das obras de 1.189 creches que estavam paralisadas.<\/p>\n<p><em>Forma\u00e7\u00e3o<\/em> &#8211; O governo informou a abertura de vagas em cursos e programas de educa\u00e7\u00e3o profissional e tecnol\u00f3gica para 20 mil mulheres em situa\u00e7\u00e3o de vulnerabilidade nos pr\u00f3ximos dois anos.<\/p>\n<p><em>Bolsa Atleta<\/em> &#8211; Lula assinou decreto que determina a licen\u00e7a-maternidade para integrantes do programa. A medida garante o recebimento regular das parcelas do programa voltado para atletas de alto desempenho at\u00e9 que a benefici\u00e1ria possa iniciar ou retomar a atividade esportiva.<\/p>\n<p><em>Financiamento do cinema<\/em> &#8211; O governo anunciou o lan\u00e7amento do edital Ruth de Souza de Audiovisual, que vai dar suporte a projetos in\u00e9ditos de cineastas brasileiras para realiza\u00e7\u00e3o do primeiro longa-metragem. S\u00e3o R$ 10 milh\u00f5es em investimentos.<\/p>\n<p><em>Premia\u00e7\u00e3o para escritoras<\/em> &#8211; Segundo o governo, R$ 2 milh\u00f5es ser\u00e3o destinados no Pr\u00eamio Carolina Maria de Jesus para livros in\u00e9ditos escritos por mulheres.<\/p>\n<p><em>Ci\u00eancia e pesquisa<\/em> &#8211; O governo anunciou a Pol\u00edtica Nacional de Inclus\u00e3o, Perman\u00eancia e Ascens\u00e3o de Meninas e Mulheres na Ci\u00eancia, Tecnologia e Inova\u00e7\u00e3o. A previs\u00e3o \u00e9 de que o CNPq disponibilize R$ 100 milh\u00f5es para financiar projetos de mulheres nas ci\u00eancias exatas, engenharia e computa\u00e7\u00e3o.<\/p>\n","protected":false},"excerpt":{"rendered":"<p>S\u00e3o 25 a\u00e7\u00f5es nas \u00e1reas da economia e trabalho, combate \u00e0 viol\u00eancia, sa\u00fade, educa\u00e7\u00e3o, esporte, cultura e pesquisa.<\/p>\n","protected":false},"author":2,"featured_media":18814,"comment_status":"closed","ping_status":"closed","sticky":false,"template":"","format":"standard","meta":{"jetpack_post_was_ever_published":false,"_jetpack_newsletter_access":"","_jetpack_dont_email_post_to_subs":false,"_jetpack_newsletter_tier_id":0,"_jetpack_memberships_contains_paywalled_content":false,"_jetpack_memberships_contains_paid_content":false,"footnotes":""},"categories":[2098,10],"tags":[2525,1189,1341,1803,2220,2314],"class_list":{"0":"post-18813","1":"post","2":"type-post","3":"status-publish","4":"format-standard","5":"has-post-thumbnail","7":"category-brasil-noticias","8":"category-noticias","9":"tag-governo-federal","10":"tag-lula","11":"tag-mulheres","12":"tag-saude","13":"tag-seguranca-publica","14":"tag-trabalho-e-emprego"},"yoast_head":"<!-- This site is optimized with the Yoast SEO plugin v27.4 - https:\/\/yoast.com\/product\/yoast-seo-wordpress\/ -->\n<title>Lula anuncia pacote de a\u00e7\u00f5es para as mulheres<\/title>\n<meta name=\"description\" content=\"S\u00e3o 25 a\u00e7\u00f5es nas \u00e1reas da economia e trabalho, combate \u00e0 viol\u00eancia, sa\u00fade, educa\u00e7\u00e3o, esporte, cultura e pesquisa\" \/>\n<meta name=\"robots\" content=\"index, follow, max-snippet:-1, max-image-preview:large, max-video-preview:-1\" \/>\n<link rel=\"canonical\" href=\"https:\/\/vanderloubet.com.br\/deputado\/lula-anuncia-pacote-de-acoes-para-as-mulheres\/\" \/>\n<meta property=\"og:locale\" content=\"pt_BR\" \/>\n<meta property=\"og:type\" content=\"article\" \/>\n<meta property=\"og:title\" content=\"Lula anuncia pacote de a\u00e7\u00f5es para as mulheres\" \/>\n<meta property=\"og:description\" content=\"S\u00e3o 25 a\u00e7\u00f5es nas \u00e1reas da economia e trabalho, combate \u00e0 viol\u00eancia, sa\u00fade, educa\u00e7\u00e3o, esporte, cultura e pesquisa\" \/>\n<meta property=\"og:url\" content=\"https:\/\/vanderloubet.com.br\/deputado\/lula-anuncia-pacote-de-acoes-para-as-mulheres\/\" \/>\n<meta property=\"og:site_name\" content=\"Deputado Federal Vander Loubet\" \/>\n<meta property=\"article:publisher\" content=\"https:\/\/facebook.com\/deputadovander\" \/>\n<meta property=\"article:published_time\" content=\"2023-03-09T12:40:27+00:00\" \/>\n<meta property=\"article:modified_time\" content=\"2023-03-09T13:18:16+00:00\" \/>\n<meta property=\"og:image\" content=\"https:\/\/vanderloubet.com.br\/deputado\/wp-content\/uploads\/2023\/03\/foto-2023-03-09-lula-medidas-mulheres.jpg\" \/>\n\t<meta property=\"og:image:width\" content=\"900\" \/>\n\t<meta property=\"og:image:height\" content=\"600\" \/>\n\t<meta property=\"og:image:type\" content=\"image\/jpeg\" \/>\n<meta name=\"author\" content=\"\u00c9der\" \/>\n<meta name=\"twitter:card\" content=\"summary_large_image\" \/>\n<meta name=\"twitter:creator\" content=\"@vanderloubet\" \/>\n<meta name=\"twitter:site\" content=\"@vanderloubet\" \/>\n<script type=\"application\/ld+json\" class=\"yoast-schema-graph\">{\"@context\":\"https:\\\/\\\/schema.org\",\"@graph\":[{\"@type\":\"Article\",\"@id\":\"https:\\\/\\\/vanderloubet.com.br\\\/deputado\\\/lula-anuncia-pacote-de-acoes-para-as-mulheres\\\/#article\",\"isPartOf\":{\"@id\":\"https:\\\/\\\/vanderloubet.com.br\\\/deputado\\\/lula-anuncia-pacote-de-acoes-para-as-mulheres\\\/\"},\"author\":{\"name\":\"\u00c9der\",\"@id\":\"https:\\\/\\\/vanderloubet.com.br\\\/deputado\\\/#\\\/schema\\\/person\\\/15b51bd564532a8a68d9dec1b8eb890e\"},\"headline\":\"Lula anuncia pacote de a\u00e7\u00f5es para as mulheres\",\"datePublished\":\"2023-03-09T12:40:27+00:00\",\"dateModified\":\"2023-03-09T13:18:16+00:00\",\"mainEntityOfPage\":{\"@id\":\"https:\\\/\\\/vanderloubet.com.br\\\/deputado\\\/lula-anuncia-pacote-de-acoes-para-as-mulheres\\\/\"},\"wordCount\":922,\"publisher\":{\"@id\":\"https:\\\/\\\/vanderloubet.com.br\\\/deputado\\\/#organization\"},\"image\":{\"@id\":\"https:\\\/\\\/vanderloubet.com.br\\\/deputado\\\/lula-anuncia-pacote-de-acoes-para-as-mulheres\\\/#primaryimage\"},\"thumbnailUrl\":\"https:\\\/\\\/vanderloubet.com.br\\\/deputado\\\/wp-content\\\/uploads\\\/2023\\\/03\\\/foto-2023-03-09-lula-medidas-mulheres.jpg\",\"keywords\":[\"governo federal\",\"lula\",\"mulheres\",\"sa\u00fade\",\"seguran\u00e7a p\u00fablica\",\"trabalho e emprego\"],\"articleSection\":[\"Brasil\",\"Not\u00edcias\"],\"inLanguage\":\"pt-BR\"},{\"@type\":\"WebPage\",\"@id\":\"https:\\\/\\\/vanderloubet.com.br\\\/deputado\\\/lula-anuncia-pacote-de-acoes-para-as-mulheres\\\/\",\"url\":\"https:\\\/\\\/vanderloubet.com.br\\\/deputado\\\/lula-anuncia-pacote-de-acoes-para-as-mulheres\\\/\",\"name\":\"Lula anuncia pacote de a\u00e7\u00f5es para as mulheres\",\"isPartOf\":{\"@id\":\"https:\\\/\\\/vanderloubet.com.br\\\/deputado\\\/#website\"},\"primaryImageOfPage\":{\"@id\":\"https:\\\/\\\/vanderloubet.com.br\\\/deputado\\\/lula-anuncia-pacote-de-acoes-para-as-mulheres\\\/#primaryimage\"},\"image\":{\"@id\":\"https:\\\/\\\/vanderloubet.com.br\\\/deputado\\\/lula-anuncia-pacote-de-acoes-para-as-mulheres\\\/#primaryimage\"},\"thumbnailUrl\":\"https:\\\/\\\/vanderloubet.com.br\\\/deputado\\\/wp-content\\\/uploads\\\/2023\\\/03\\\/foto-2023-03-09-lula-medidas-mulheres.jpg\",\"datePublished\":\"2023-03-09T12:40:27+00:00\",\"dateModified\":\"2023-03-09T13:18:16+00:00\",\"description\":\"S\u00e3o 25 a\u00e7\u00f5es nas \u00e1reas da economia e trabalho, combate \u00e0 viol\u00eancia, sa\u00fade, educa\u00e7\u00e3o, esporte, cultura e pesquisa\",\"breadcrumb\":{\"@id\":\"https:\\\/\\\/vanderloubet.com.br\\\/deputado\\\/lula-anuncia-pacote-de-acoes-para-as-mulheres\\\/#breadcrumb\"},\"inLanguage\":\"pt-BR\",\"potentialAction\":[{\"@type\":\"ReadAction\",\"target\":[\"https:\\\/\\\/vanderloubet.com.br\\\/deputado\\\/lula-anuncia-pacote-de-acoes-para-as-mulheres\\\/\"]}]},{\"@type\":\"ImageObject\",\"inLanguage\":\"pt-BR\",\"@id\":\"https:\\\/\\\/vanderloubet.com.br\\\/deputado\\\/lula-anuncia-pacote-de-acoes-para-as-mulheres\\\/#primaryimage\",\"url\":\"https:\\\/\\\/vanderloubet.com.br\\\/deputado\\\/wp-content\\\/uploads\\\/2023\\\/03\\\/foto-2023-03-09-lula-medidas-mulheres.jpg\",\"contentUrl\":\"https:\\\/\\\/vanderloubet.com.br\\\/deputado\\\/wp-content\\\/uploads\\\/2023\\\/03\\\/foto-2023-03-09-lula-medidas-mulheres.jpg\",\"width\":900,\"height\":600,\"caption\":\"Lula anuncia pacote de a\u00e7\u00f5es para as mulheres\"},{\"@type\":\"BreadcrumbList\",\"@id\":\"https:\\\/\\\/vanderloubet.com.br\\\/deputado\\\/lula-anuncia-pacote-de-acoes-para-as-mulheres\\\/#breadcrumb\",\"itemListElement\":[{\"@type\":\"ListItem\",\"position\":1,\"name\":\"In\u00edcio\",\"item\":\"https:\\\/\\\/vanderloubet.com.br\\\/deputado\\\/\"},{\"@type\":\"ListItem\",\"position\":2,\"name\":\"Lula anuncia pacote de a\u00e7\u00f5es para as mulheres\"}]},{\"@type\":\"WebSite\",\"@id\":\"https:\\\/\\\/vanderloubet.com.br\\\/deputado\\\/#website\",\"url\":\"https:\\\/\\\/vanderloubet.com.br\\\/deputado\\\/\",\"name\":\"Deputado Federal Vander Loubet\",\"description\":\"O Federal de MS\",\"publisher\":{\"@id\":\"https:\\\/\\\/vanderloubet.com.br\\\/deputado\\\/#organization\"},\"alternateName\":\"Deputado Vander\",\"potentialAction\":[{\"@type\":\"SearchAction\",\"target\":{\"@type\":\"EntryPoint\",\"urlTemplate\":\"https:\\\/\\\/vanderloubet.com.br\\\/deputado\\\/?s={search_term_string}\"},\"query-input\":{\"@type\":\"PropertyValueSpecification\",\"valueRequired\":true,\"valueName\":\"search_term_string\"}}],\"inLanguage\":\"pt-BR\"},{\"@type\":\"Organization\",\"@id\":\"https:\\\/\\\/vanderloubet.com.br\\\/deputado\\\/#organization\",\"name\":\"Deputado Federal Vander Loubet\",\"alternateName\":\"Deputado Vander\",\"url\":\"https:\\\/\\\/vanderloubet.com.br\\\/deputado\\\/\",\"logo\":{\"@type\":\"ImageObject\",\"inLanguage\":\"pt-BR\",\"@id\":\"https:\\\/\\\/vanderloubet.com.br\\\/deputado\\\/#\\\/schema\\\/logo\\\/image\\\/\",\"url\":\"https:\\\/\\\/vanderloubet.com.br\\\/deputado\\\/wp-content\\\/uploads\\\/2023\\\/06\\\/foto-2023-06-19-mandato-deputado-vander.jpg\",\"contentUrl\":\"https:\\\/\\\/vanderloubet.com.br\\\/deputado\\\/wp-content\\\/uploads\\\/2023\\\/06\\\/foto-2023-06-19-mandato-deputado-vander.jpg\",\"width\":1080,\"height\":1080,\"caption\":\"Deputado Federal Vander Loubet\"},\"image\":{\"@id\":\"https:\\\/\\\/vanderloubet.com.br\\\/deputado\\\/#\\\/schema\\\/logo\\\/image\\\/\"},\"sameAs\":[\"https:\\\/\\\/facebook.com\\\/deputadovander\",\"https:\\\/\\\/x.com\\\/vanderloubet\",\"https:\\\/\\\/instagram.com\\\/vanderloubet\",\"https:\\\/\\\/youtube.com\\\/vanderloubet\",\"https:\\\/\\\/tiktok.com\\\/@vanderloubetms\"]},{\"@type\":\"Person\",\"@id\":\"https:\\\/\\\/vanderloubet.com.br\\\/deputado\\\/#\\\/schema\\\/person\\\/15b51bd564532a8a68d9dec1b8eb890e\",\"name\":\"\u00c9der\",\"image\":{\"@type\":\"ImageObject\",\"inLanguage\":\"pt-BR\",\"@id\":\"https:\\\/\\\/vanderloubet.com.br\\\/deputado\\\/wp-content\\\/litespeed\\\/avatar\\\/88ca4090d9d5ab1c9495f6ca03b68efa.jpg?ver=1777058957\",\"url\":\"https:\\\/\\\/vanderloubet.com.br\\\/deputado\\\/wp-content\\\/litespeed\\\/avatar\\\/88ca4090d9d5ab1c9495f6ca03b68efa.jpg?ver=1777058957\",\"contentUrl\":\"https:\\\/\\\/vanderloubet.com.br\\\/deputado\\\/wp-content\\\/litespeed\\\/avatar\\\/88ca4090d9d5ab1c9495f6ca03b68efa.jpg?ver=1777058957\",\"caption\":\"\u00c9der\"}}]}<\/script>\n<!-- \/ Yoast SEO plugin. -->","yoast_head_json":{"title":"Lula anuncia pacote de a\u00e7\u00f5es para as mulheres","description":"S\u00e3o 25 a\u00e7\u00f5es nas \u00e1reas da economia e trabalho, combate \u00e0 viol\u00eancia, sa\u00fade, educa\u00e7\u00e3o, esporte, cultura e pesquisa","robots":{"index":"index","follow":"follow","max-snippet":"max-snippet:-1","max-image-preview":"max-image-preview:large","max-video-preview":"max-video-preview:-1"},"canonical":"https:\/\/vanderloubet.com.br\/deputado\/lula-anuncia-pacote-de-acoes-para-as-mulheres\/","og_locale":"pt_BR","og_type":"article","og_title":"Lula anuncia pacote de a\u00e7\u00f5es para as mulheres","og_description":"S\u00e3o 25 a\u00e7\u00f5es nas \u00e1reas da economia e trabalho, combate \u00e0 viol\u00eancia, sa\u00fade, educa\u00e7\u00e3o, esporte, cultura e pesquisa","og_url":"https:\/\/vanderloubet.com.br\/deputado\/lula-anuncia-pacote-de-acoes-para-as-mulheres\/","og_site_name":"Deputado Federal Vander Loubet","article_publisher":"https:\/\/facebook.com\/deputadovander","article_published_time":"2023-03-09T12:40:27+00:00","article_modified_time":"2023-03-09T13:18:16+00:00","og_image":[{"width":900,"height":600,"url":"https:\/\/vanderloubet.com.br\/deputado\/wp-content\/uploads\/2023\/03\/foto-2023-03-09-lula-medidas-mulheres.jpg","type":"image\/jpeg"}],"author":"\u00c9der","twitter_card":"summary_large_image","twitter_creator":"@vanderloubet","twitter_site":"@vanderloubet","schema":{"@context":"https:\/\/schema.org","@graph":[{"@type":"Article","@id":"https:\/\/vanderloubet.com.br\/deputado\/lula-anuncia-pacote-de-acoes-para-as-mulheres\/#article","isPartOf":{"@id":"https:\/\/vanderloubet.com.br\/deputado\/lula-anuncia-pacote-de-acoes-para-as-mulheres\/"},"author":{"name":"\u00c9der","@id":"https:\/\/vanderloubet.com.br\/deputado\/#\/schema\/person\/15b51bd564532a8a68d9dec1b8eb890e"},"headline":"Lula anuncia pacote de a\u00e7\u00f5es para as mulheres","datePublished":"2023-03-09T12:40:27+00:00","dateModified":"2023-03-09T13:18:16+00:00","mainEntityOfPage":{"@id":"https:\/\/vanderloubet.com.br\/deputado\/lula-anuncia-pacote-de-acoes-para-as-mulheres\/"},"wordCount":922,"publisher":{"@id":"https:\/\/vanderloubet.com.br\/deputado\/#organization"},"image":{"@id":"https:\/\/vanderloubet.com.br\/deputado\/lula-anuncia-pacote-de-acoes-para-as-mulheres\/#primaryimage"},"thumbnailUrl":"https:\/\/vanderloubet.com.br\/deputado\/wp-content\/uploads\/2023\/03\/foto-2023-03-09-lula-medidas-mulheres.jpg","keywords":["governo federal","lula","mulheres","sa\u00fade","seguran\u00e7a p\u00fablica","trabalho e emprego"],"articleSection":["Brasil","Not\u00edcias"],"inLanguage":"pt-BR"},{"@type":"WebPage","@id":"https:\/\/vanderloubet.com.br\/deputado\/lula-anuncia-pacote-de-acoes-para-as-mulheres\/","url":"https:\/\/vanderloubet.com.br\/deputado\/lula-anuncia-pacote-de-acoes-para-as-mulheres\/","name":"Lula anuncia pacote de a\u00e7\u00f5es para as mulheres","isPartOf":{"@id":"https:\/\/vanderloubet.com.br\/deputado\/#website"},"primaryImageOfPage":{"@id":"https:\/\/vanderloubet.com.br\/deputado\/lula-anuncia-pacote-de-acoes-para-as-mulheres\/#primaryimage"},"image":{"@id":"https:\/\/vanderloubet.com.br\/deputado\/lula-anuncia-pacote-de-acoes-para-as-mulheres\/#primaryimage"},"thumbnailUrl":"https:\/\/vanderloubet.com.br\/deputado\/wp-content\/uploads\/2023\/03\/foto-2023-03-09-lula-medidas-mulheres.jpg","datePublished":"2023-03-09T12:40:27+00:00","dateModified":"2023-03-09T13:18:16+00:00","description":"S\u00e3o 25 a\u00e7\u00f5es nas \u00e1reas da economia e trabalho, combate \u00e0 viol\u00eancia, sa\u00fade, educa\u00e7\u00e3o, esporte, cultura e pesquisa","breadcrumb":{"@id":"https:\/\/vanderloubet.com.br\/deputado\/lula-anuncia-pacote-de-acoes-para-as-mulheres\/#breadcrumb"},"inLanguage":"pt-BR","potentialAction":[{"@type":"ReadAction","target":["https:\/\/vanderloubet.com.br\/deputado\/lula-anuncia-pacote-de-acoes-para-as-mulheres\/"]}]},{"@type":"ImageObject","inLanguage":"pt-BR","@id":"https:\/\/vanderloubet.com.br\/deputado\/lula-anuncia-pacote-de-acoes-para-as-mulheres\/#primaryimage","url":"https:\/\/vanderloubet.com.br\/deputado\/wp-content\/uploads\/2023\/03\/foto-2023-03-09-lula-medidas-mulheres.jpg","contentUrl":"https:\/\/vanderloubet.com.br\/deputado\/wp-content\/uploads\/2023\/03\/foto-2023-03-09-lula-medidas-mulheres.jpg","width":900,"height":600,"caption":"Lula anuncia pacote de a\u00e7\u00f5es para as mulheres"},{"@type":"BreadcrumbList","@id":"https:\/\/vanderloubet.com.br\/deputado\/lula-anuncia-pacote-de-acoes-para-as-mulheres\/#breadcrumb","itemListElement":[{"@type":"ListItem","position":1,"name":"In\u00edcio","item":"https:\/\/vanderloubet.com.br\/deputado\/"},{"@type":"ListItem","position":2,"name":"Lula anuncia pacote de a\u00e7\u00f5es para as mulheres"}]},{"@type":"WebSite","@id":"https:\/\/vanderloubet.com.br\/deputado\/#website","url":"https:\/\/vanderloubet.com.br\/deputado\/","name":"Deputado Federal Vander Loubet","description":"O Federal de MS","publisher":{"@id":"https:\/\/vanderloubet.com.br\/deputado\/#organization"},"alternateName":"Deputado Vander","potentialAction":[{"@type":"SearchAction","target":{"@type":"EntryPoint","urlTemplate":"https:\/\/vanderloubet.com.br\/deputado\/?s={search_term_string}"},"query-input":{"@type":"PropertyValueSpecification","valueRequired":true,"valueName":"search_term_string"}}],"inLanguage":"pt-BR"},{"@type":"Organization","@id":"https:\/\/vanderloubet.com.br\/deputado\/#organization","name":"Deputado Federal Vander Loubet","alternateName":"Deputado Vander","url":"https:\/\/vanderloubet.com.br\/deputado\/","logo":{"@type":"ImageObject","inLanguage":"pt-BR","@id":"https:\/\/vanderloubet.com.br\/deputado\/#\/schema\/logo\/image\/","url":"https:\/\/vanderloubet.com.br\/deputado\/wp-content\/uploads\/2023\/06\/foto-2023-06-19-mandato-deputado-vander.jpg","contentUrl":"https:\/\/vanderloubet.com.br\/deputado\/wp-content\/uploads\/2023\/06\/foto-2023-06-19-mandato-deputado-vander.jpg","width":1080,"height":1080,"caption":"Deputado Federal Vander Loubet"},"image":{"@id":"https:\/\/vanderloubet.com.br\/deputado\/#\/schema\/logo\/image\/"},"sameAs":["https:\/\/facebook.com\/deputadovander","https:\/\/x.com\/vanderloubet","https:\/\/instagram.com\/vanderloubet","https:\/\/youtube.com\/vanderloubet","https:\/\/tiktok.com\/@vanderloubetms"]},{"@type":"Person","@id":"https:\/\/vanderloubet.com.br\/deputado\/#\/schema\/person\/15b51bd564532a8a68d9dec1b8eb890e","name":"\u00c9der","image":{"@type":"ImageObject","inLanguage":"pt-BR","@id":"https:\/\/vanderloubet.com.br\/deputado\/wp-content\/litespeed\/avatar\/88ca4090d9d5ab1c9495f6ca03b68efa.jpg?ver=1777058957","url":"https:\/\/vanderloubet.com.br\/deputado\/wp-content\/litespeed\/avatar\/88ca4090d9d5ab1c9495f6ca03b68efa.jpg?ver=1777058957","contentUrl":"https:\/\/vanderloubet.com.br\/deputado\/wp-content\/litespeed\/avatar\/88ca4090d9d5ab1c9495f6ca03b68efa.jpg?ver=1777058957","caption":"\u00c9der"}}]}},"jetpack_featured_media_url":"https:\/\/vanderloubet.com.br\/deputado\/wp-content\/uploads\/2023\/03\/foto-2023-03-09-lula-medidas-mulheres.jpg","jetpack_sharing_enabled":true,"_links":{"self":[{"href":"https:\/\/vanderloubet.com.br\/deputado\/wp-json\/wp\/v2\/posts\/18813","targetHints":{"allow":["GET"]}}],"collection":[{"href":"https:\/\/vanderloubet.com.br\/deputado\/wp-json\/wp\/v2\/posts"}],"about":[{"href":"https:\/\/vanderloubet.com.br\/deputado\/wp-json\/wp\/v2\/types\/post"}],"author":[{"embeddable":true,"href":"https:\/\/vanderloubet.com.br\/deputado\/wp-json\/wp\/v2\/users\/2"}],"replies":[{"embeddable":true,"href":"https:\/\/vanderloubet.com.br\/deputado\/wp-json\/wp\/v2\/comments?post=18813"}],"version-history":[{"count":0,"href":"https:\/\/vanderloubet.com.br\/deputado\/wp-json\/wp\/v2\/posts\/18813\/revisions"}],"wp:featuredmedia":[{"embeddable":true,"href":"https:\/\/vanderloubet.com.br\/deputado\/wp-json\/wp\/v2\/media\/18814"}],"wp:attachment":[{"href":"https:\/\/vanderloubet.com.br\/deputado\/wp-json\/wp\/v2\/media?parent=18813"}],"wp:term":[{"taxonomy":"category","embeddable":true,"href":"https:\/\/vanderloubet.com.br\/deputado\/wp-json\/wp\/v2\/categories?post=18813"},{"taxonomy":"post_tag","embeddable":true,"href":"https:\/\/vanderloubet.com.br\/deputado\/wp-json\/wp\/v2\/tags?post=18813"}],"curies":[{"name":"wp","href":"https:\/\/api.w.org\/{rel}","templated":true}]}}