{"id":18796,"date":"2023-02-28T13:24:49","date_gmt":"2023-02-28T17:24:49","guid":{"rendered":"https:\/\/vanderloubet.com.br\/deputado\/?p=18796"},"modified":"2023-02-28T13:55:25","modified_gmt":"2023-02-28T17:55:25","slug":"vander-e-zeca-se-reunem-com-peluffo-para-tratar-da-rodovia-sul-fronteira-ms-165","status":"publish","type":"post","link":"https:\/\/vanderloubet.com.br\/deputado\/vander-e-zeca-se-reunem-com-peluffo-para-tratar-da-rodovia-sul-fronteira-ms-165\/","title":{"rendered":"Vander e Zeca se re\u00fanem com Peluffo para tratar da Rodovia Sul-Fronteira (MS-165)"},"content":{"rendered":"<p>Para dar celeridade \u00e0 pavimenta\u00e7\u00e3o da Sul-Fronteira (MS-165), que \u00e9 executada em v\u00e1rias frentes de obra, e atender os povos origin\u00e1rios, o Governo de Mato Grosso do Sul vai pedir autoriza\u00e7\u00e3o do Governo Federal para realizar o licenciamento ambiental do trecho de 55 km que passa por territ\u00f3rios ind\u00edgenas entre Coronel Sapucaia e Paranhos.<\/p>\n<p>Um encontro para tratar do assunto foi realizado na Seilog (Secretaria e Estado de Infraestrutura e Log\u00edstica), na tarde de quinta-feira (23), com a participa\u00e7\u00e3o do secret\u00e1rio da pasta, H\u00e9lio Peluffo, do deputado federal Vander Loubet, do deputado estadual Zeca do PT e de representantes da Agesul (Ag\u00eancia Estadual de Gest\u00e3o de Empreendimentos), do Imasul (Instituto de Meio Ambiente do Estado) e do Ibama (Instituto Brasileiro do Meio Ambiente e dos Recursos Naturais Renov\u00e1veis).<\/p>\n<p>Conforme o projeto, a obra do trecho de 55 km da rodovia que passa por terras ind\u00edgenas deve iniciar na regi\u00e3o da Aldeia Sete Cerros, passar pela Aldeia Ypo&#8217;i-Triunfo e terminar no per\u00edmetro urbano de Paranhos. Por se tratar de obra em territ\u00f3rio ind\u00edgena, o licenciamento deve ser emitido por \u00f3rg\u00e3o ambiental federal, como determina a lei, explicou o diretor-presidente do Imasul, Andr\u00e9 Borges.<\/p>\n<p>&#8220;Mas entendemos que podemos executar o licenciamento dessa atividade, pois n\u00e3o se trata de uma obra de implanta\u00e7\u00e3o ou abertura, mas sim de pavimenta\u00e7\u00e3o de uma rodovia que j\u00e1 existe&#8221;, defendeu Borges. &#8220;\u00c9 um licenciamento que ser\u00e1 mais c\u00e9lere se for tocado pelo Estado, j\u00e1 que n\u00e3o envolve desmatamento ou abertura de \u00e1reas, pois a terra j\u00e1 est\u00e1 antropizada. Por isso, vamos pedir ao Ibama que delegue a compet\u00eancia para que o Imasul possa realizar o processo&#8221;, completou o diretor.<\/p>\n<p>Executada em v\u00e1rias frentes, a pavimenta\u00e7\u00e3o da Sul-Fronteira recebe recursos do Or\u00e7amento da Uni\u00e3o, destinados por emendas parlamentares federais, e de contrapartida do Governo do Estado. O deputado federal Vander Loubet, que \u00e9 o coordenador da bancada de Mato Grosso do Sul no Congresso Nacional, avaliou o andamento do projeto.<\/p>\n<p>&#8220;A pavimenta\u00e7\u00e3o da Sul-Fronteira \u00e9 uma reivindica\u00e7\u00e3o de toda a comunidade daquela regi\u00e3o, inclusive das comunidades ind\u00edgenas que ser\u00e3o beneficiadas. \u00c9 uma obra que j\u00e1 est\u00e1 consolidada e vai ligar toda a faixa de fronteira. Precisamos dessa licen\u00e7a ambiental, pois sem ela n\u00e3o podemos seguir a obra&#8221;, destacou o parlamentar. &#8220;E n\u00e3o podemos correr o risco de perder os R$ 75 milh\u00f5es que a bancada j\u00e1 garantiu para esse trecho&#8221;, refor\u00e7ou Vander.<\/p>\n<p>Ap\u00f3s reuni\u00e3o na Seilog, ficou definido que o Imasul entrar\u00e1 com pedido de Acordo de Coopera\u00e7\u00e3o T\u00e9cnica (ACT) no Ibama para que o processo de licenciamento ambiental deste trecho da obra seja executado pelo \u00f3rg\u00e3o de meio ambiente do Estado. Depois, a Funai (Funda\u00e7\u00e3o Nacional dos Povos Ind\u00edgenas) ser\u00e1 consultada sobre poss\u00edveis complementos no projeto da rodovia para que o Imasul possa prosseguir com a emiss\u00e3o da licen\u00e7a.<\/p>\n<p><strong>Rodovia estrat\u00e9gica<\/strong><\/p>\n<p>Para o secret\u00e1rio da Seilog, H\u00e9lio Peluffo, a Sul-Fronteira \u00e9 considerada uma das rodovias mais estrat\u00e9gicas para desenvolvimento de Mato Grosso do Sul, por ela &#8220;contribuir com o desenvolvimento dos munic\u00edpios de fronteira, unir a regi\u00e3o com a Rota Bioce\u00e2nica, que conecta Mato Grosso do Sul com os portos do Chile, e fomentar a integra\u00e7\u00e3o log\u00edstica, econ\u00f4mica, cultural e social entre o Estado e o Paraguai&#8221;.<\/p>\n<p>Ao todo, a rodovia vai interligar cerca de 300 quil\u00f4metros da linha internacional do Brasil com o Paraguai, conectando por asfalto as cidades de Ant\u00f4nio Jo\u00e3o, Ponta Por\u00e3, Aral Moreira, Coronel Sapucaia, Paranhos, Sete Quedas e Mundo Novo.<\/p>\n<p>A rodovia segue com obras em v\u00e1rias frentes. S\u00e3o tr\u00eas contratos ativos: um de R$ 47,9 milh\u00f5es para pavimenta\u00e7\u00e3o do trecho de Vila Marques (Aral Moreira) at\u00e9 Coronel Sapucaia; outro de R$ 57,8 milh\u00f5es para o trecho de Coronel Sapucaia \u00e0 regi\u00e3o da Aldeia Sete Cerros (Paranhos); e o terceiro de R$ 11,3 milh\u00f5es para a\u00e7\u00f5es de combate \u00e0 eros\u00e3o no caminho de Coronel Sapucaia a Paranhos.<\/p>\n<p><em>Texto: Bruno Chaves &#8211; Comunica\u00e7\u00e3o Seilog\/Agesul<\/em><br \/>\n<em>Fotos: Alex Nantes e Chico Ribeiro<\/em><\/p>\n\r\n                <style type=\"text\/css\">\r\n                    \r\n                    #tdi_1  .td-doubleSlider-2 .td-item1 {\r\n                        background: url(https:\/\/vanderloubet.com.br\/deputado\/wp-content\/uploads\/2023\/02\/foto-2023-02-28-reuniao-seilog-ibama-imasul-80x60.jpg) 0 0 no-repeat;\r\n                    }\r\n                    #tdi_1  .td-doubleSlider-2 .td-item2 {\r\n                        background: url(https:\/\/vanderloubet.com.br\/deputado\/wp-content\/uploads\/2023\/02\/foto-2023-02-28-rodovia-sul-fronteira-80x60.jpg) 0 0 no-repeat;\r\n                    }\r\n                    #tdi_1  .td-doubleSlider-2 .td-item3 {\r\n                        background: url(https:\/\/vanderloubet.com.br\/deputado\/wp-content\/uploads\/2023\/02\/foto-2023-02-28-reuniao-vander-zeca-helio-seilog-80x60.jpg) 0 0 no-repeat;\r\n                    }\r\n                <\/style>\r\n\r\n                <div id=\"tdi_1\" class=\"td-gallery td-slide-on-2-columns\">\r\n                    <div class=\"post_td_gallery\">\r\n                        <div class=\"td-gallery-slide-top\">\r\n                           <div class=\"td-gallery-title\"><\/div>\r\n\r\n                            <div class=\"td-gallery-controls-wrapper\">\r\n                                <div class=\"td-gallery-slide-count\"><span class=\"td-gallery-slide-item-focus\">1<\/span> de 3<\/div>\r\n                                <div class=\"td-gallery-slide-prev-next-but\">\r\n                                    <i class = \"td-icon-left doubleSliderPrevButton\"><\/i>\r\n                                    <i class = \"td-icon-right doubleSliderNextButton\"><\/i>\r\n                                <\/div>\r\n                            <\/div>\r\n                        <\/div>\r\n\r\n                        <div class = \"td-doubleSlider-1 \">\r\n                            <div class = \"td-slider\">\r\n                                \r\n                    <div class = \"td-slide-item td-item1\">\r\n                        <figure class=\"td-slide-galery-figure td-slide-popup-gallery\">\r\n                            <a class=\"slide-gallery-image-link\" href=\"https:\/\/vanderloubet.com.br\/deputado\/wp-content\/uploads\/2023\/02\/foto-2023-02-28-reuniao-seilog-ibama-imasul.jpg\" title=\"Vander e Zeca se re\u00fanem com Peluffo para tratar da Rodovia Sul-Fronteira (MS-165)\"  data-caption=\"\"  data-description=\"Vander e Zeca se re&uacute;nem com Peluffo para tratar da Rodovia Sul-Fronteira (MS-165)\">\r\n                                <img decoding=\"async\" src=\"https:\/\/vanderloubet.com.br\/deputado\/wp-content\/uploads\/2023\/02\/foto-2023-02-28-reuniao-seilog-ibama-imasul-560x420.jpg\" srcset=\"https:\/\/vanderloubet.com.br\/deputado\/wp-content\/uploads\/2023\/02\/foto-2023-02-28-reuniao-seilog-ibama-imasul-560x420.jpg 560w, https:\/\/vanderloubet.com.br\/deputado\/wp-content\/uploads\/2023\/02\/foto-2023-02-28-reuniao-seilog-ibama-imasul-350x263.jpg 350w, https:\/\/vanderloubet.com.br\/deputado\/wp-content\/uploads\/2023\/02\/foto-2023-02-28-reuniao-seilog-ibama-imasul-768x576.jpg 768w, https:\/\/vanderloubet.com.br\/deputado\/wp-content\/uploads\/2023\/02\/foto-2023-02-28-reuniao-seilog-ibama-imasul-700x525.jpg 700w, https:\/\/vanderloubet.com.br\/deputado\/wp-content\/uploads\/2023\/02\/foto-2023-02-28-reuniao-seilog-ibama-imasul-80x60.jpg 80w, https:\/\/vanderloubet.com.br\/deputado\/wp-content\/uploads\/2023\/02\/foto-2023-02-28-reuniao-seilog-ibama-imasul-696x522.jpg 696w, https:\/\/vanderloubet.com.br\/deputado\/wp-content\/uploads\/2023\/02\/foto-2023-02-28-reuniao-seilog-ibama-imasul-265x198.jpg 265w, https:\/\/vanderloubet.com.br\/deputado\/wp-content\/uploads\/2023\/02\/foto-2023-02-28-reuniao-seilog-ibama-imasul.jpg 900w\" sizes=\"(max-width: 560px) 100vw, 560px\" alt=\"Vander e Zeca se re&uacute;nem com Peluffo para tratar da Rodovia Sul-Fronteira (MS-165)\">\r\n                            <\/a>\r\n                            <figcaption class = \"td-slide-caption td-gallery-slide-content\"><span>Vander e Zeca se re\u00fanem com Peluffo para tratar da Rodovia Sul-Fronteira (MS-165)<\/span><\/figcaption>\r\n                        <\/figure>\r\n                    <\/div>\r\n                    <div class = \"td-slide-item td-item2\">\r\n                        <figure class=\"td-slide-galery-figure td-slide-popup-gallery\">\r\n                            <a class=\"slide-gallery-image-link\" href=\"https:\/\/vanderloubet.com.br\/deputado\/wp-content\/uploads\/2023\/02\/foto-2023-02-28-rodovia-sul-fronteira.jpg\" title=\"Vander e Zeca se re\u00fanem com Peluffo para tratar da Rodovia Sul-Fronteira (MS-165)\"  data-caption=\"\"  data-description=\"Vander e Zeca se re&uacute;nem com Peluffo para tratar da Rodovia Sul-Fronteira (MS-165)\">\r\n                                <img decoding=\"async\" src=\"https:\/\/vanderloubet.com.br\/deputado\/wp-content\/uploads\/2023\/02\/foto-2023-02-28-rodovia-sul-fronteira-591x420.jpg\" srcset=\"https:\/\/vanderloubet.com.br\/deputado\/wp-content\/uploads\/2023\/02\/foto-2023-02-28-rodovia-sul-fronteira-591x420.jpg 591w, https:\/\/vanderloubet.com.br\/deputado\/wp-content\/uploads\/2023\/02\/foto-2023-02-28-rodovia-sul-fronteira-350x249.jpg 350w, https:\/\/vanderloubet.com.br\/deputado\/wp-content\/uploads\/2023\/02\/foto-2023-02-28-rodovia-sul-fronteira-768x546.jpg 768w, https:\/\/vanderloubet.com.br\/deputado\/wp-content\/uploads\/2023\/02\/foto-2023-02-28-rodovia-sul-fronteira-700x498.jpg 700w, https:\/\/vanderloubet.com.br\/deputado\/wp-content\/uploads\/2023\/02\/foto-2023-02-28-rodovia-sul-fronteira-696x495.jpg 696w, https:\/\/vanderloubet.com.br\/deputado\/wp-content\/uploads\/2023\/02\/foto-2023-02-28-rodovia-sul-fronteira-1068x759.jpg 1068w, https:\/\/vanderloubet.com.br\/deputado\/wp-content\/uploads\/2023\/02\/foto-2023-02-28-rodovia-sul-fronteira-100x70.jpg 100w, https:\/\/vanderloubet.com.br\/deputado\/wp-content\/uploads\/2023\/02\/foto-2023-02-28-rodovia-sul-fronteira.jpg 1280w\" sizes=\"(max-width: 591px) 100vw, 591px\" alt=\"Vander e Zeca se re&uacute;nem com Peluffo para tratar da Rodovia Sul-Fronteira (MS-165)\">\r\n                            <\/a>\r\n                            <figcaption class = \"td-slide-caption td-gallery-slide-content\"><span>Vander e Zeca se re\u00fanem com Peluffo para tratar da Rodovia Sul-Fronteira (MS-165)<\/span><\/figcaption>\r\n                        <\/figure>\r\n                    <\/div>\r\n                    <div class = \"td-slide-item td-item3\">\r\n                        <figure class=\"td-slide-galery-figure td-slide-popup-gallery\">\r\n                            <a class=\"slide-gallery-image-link\" href=\"https:\/\/vanderloubet.com.br\/deputado\/wp-content\/uploads\/2023\/02\/foto-2023-02-28-reuniao-vander-zeca-helio-seilog.jpg\" title=\"Vander e Zeca se re\u00fanem com Peluffo para tratar da Rodovia Sul-Fronteira (MS-165)\"  data-caption=\"\"  data-description=\"Vander e Zeca se re&uacute;nem com Peluffo para tratar da Rodovia Sul-Fronteira (MS-165)\">\r\n                                <img decoding=\"async\" src=\"https:\/\/vanderloubet.com.br\/deputado\/wp-content\/uploads\/2023\/02\/foto-2023-02-28-reuniao-vander-zeca-helio-seilog-560x420.jpg\" srcset=\"https:\/\/vanderloubet.com.br\/deputado\/wp-content\/uploads\/2023\/02\/foto-2023-02-28-reuniao-vander-zeca-helio-seilog-560x420.jpg 560w, https:\/\/vanderloubet.com.br\/deputado\/wp-content\/uploads\/2023\/02\/foto-2023-02-28-reuniao-vander-zeca-helio-seilog-350x263.jpg 350w, https:\/\/vanderloubet.com.br\/deputado\/wp-content\/uploads\/2023\/02\/foto-2023-02-28-reuniao-vander-zeca-helio-seilog-768x576.jpg 768w, https:\/\/vanderloubet.com.br\/deputado\/wp-content\/uploads\/2023\/02\/foto-2023-02-28-reuniao-vander-zeca-helio-seilog-700x525.jpg 700w, https:\/\/vanderloubet.com.br\/deputado\/wp-content\/uploads\/2023\/02\/foto-2023-02-28-reuniao-vander-zeca-helio-seilog-80x60.jpg 80w, https:\/\/vanderloubet.com.br\/deputado\/wp-content\/uploads\/2023\/02\/foto-2023-02-28-reuniao-vander-zeca-helio-seilog-696x522.jpg 696w, https:\/\/vanderloubet.com.br\/deputado\/wp-content\/uploads\/2023\/02\/foto-2023-02-28-reuniao-vander-zeca-helio-seilog-265x198.jpg 265w, https:\/\/vanderloubet.com.br\/deputado\/wp-content\/uploads\/2023\/02\/foto-2023-02-28-reuniao-vander-zeca-helio-seilog.jpg 900w\" sizes=\"(max-width: 560px) 100vw, 560px\" alt=\"Vander e Zeca se re&uacute;nem com Peluffo para tratar da Rodovia Sul-Fronteira (MS-165)\">\r\n                            <\/a>\r\n                            <figcaption class = \"td-slide-caption td-gallery-slide-content\"><span>Vander e Zeca se re\u00fanem com Peluffo para tratar da Rodovia Sul-Fronteira (MS-165)<\/span><\/figcaption>\r\n                        <\/figure>\r\n                    <\/div>\r\n                            <\/div>\r\n                        <\/div>\r\n\r\n                        <div class = \"td-doubleSlider-2\">\r\n                            <div class = \"td-slider\">\r\n                                \r\n                    <div class = \"td-button td-item1\">\r\n                        <div class = \"td-border\"><\/div>\r\n                    <\/div>\r\n                    <div class = \"td-button td-item2\">\r\n                        <div class = \"td-border\"><\/div>\r\n                    <\/div>\r\n                    <div class = \"td-button td-item3\">\r\n                        <div class = \"td-border\"><\/div>\r\n                    <\/div>\r\n                            <\/div>\r\n                        <\/div>\r\n\r\n                    <\/div>\r\n\r\n                <\/div>\r\n                \n","protected":false},"excerpt":{"rendered":"<p>Deputados v\u00e3o intermediar di\u00e1logo com a Uni\u00e3o para que o Estado conduza licenciamento do trecho que passa por territ\u00f3rios ind\u00edgenas.<\/p>\n","protected":false},"author":2,"featured_media":18797,"comment_status":"closed","ping_status":"closed","sticky":false,"template":"","format":"standard","meta":{"jetpack_post_was_ever_published":false,"_jetpack_newsletter_access":"","_jetpack_dont_email_post_to_subs":false,"_jetpack_newsletter_tier_id":0,"_jetpack_memberships_contains_paywalled_content":false,"_jetpack_memberships_contains_paid_content":false,"footnotes":""},"categories":[2099,10],"tags":[2320,1267,2451],"class_list":{"0":"post-18796","1":"post","2":"type-post","3":"status-publish","4":"format-standard","5":"has-post-thumbnail","7":"category-ms-noticias","8":"category-noticias","9":"tag-infraestrurura","10":"tag-meio-ambiente","11":"tag-povos-indigenas"},"yoast_head":"<!-- This site is optimized with the Yoast SEO plugin v27.4 - https:\/\/yoast.com\/product\/yoast-seo-wordpress\/ -->\n<title>Vander e Zeca se re\u00fanem com Peluffo para tratar da Rodovia Sul-Fronteira (MS-165)<\/title>\n<meta name=\"description\" content=\"Deputados v\u00e3o intermediar di\u00e1logo com a Uni\u00e3o para que o Estado conduza licenciamento do trecho que passa por territ\u00f3rios ind\u00edgenas.\" \/>\n<meta name=\"robots\" content=\"index, follow, max-snippet:-1, max-image-preview:large, max-video-preview:-1\" \/>\n<link rel=\"canonical\" href=\"https:\/\/vanderloubet.com.br\/deputado\/vander-e-zeca-se-reunem-com-peluffo-para-tratar-da-rodovia-sul-fronteira-ms-165\/\" \/>\n<meta property=\"og:locale\" content=\"pt_BR\" \/>\n<meta property=\"og:type\" content=\"article\" \/>\n<meta property=\"og:title\" content=\"Vander e Zeca se re\u00fanem com Peluffo para tratar da Rodovia Sul-Fronteira (MS-165)\" \/>\n<meta property=\"og:description\" content=\"Deputados v\u00e3o intermediar di\u00e1logo com a Uni\u00e3o para que o Estado conduza licenciamento do trecho que passa por territ\u00f3rios ind\u00edgenas.\" \/>\n<meta property=\"og:url\" content=\"https:\/\/vanderloubet.com.br\/deputado\/vander-e-zeca-se-reunem-com-peluffo-para-tratar-da-rodovia-sul-fronteira-ms-165\/\" \/>\n<meta property=\"og:site_name\" content=\"Deputado Federal Vander Loubet\" \/>\n<meta property=\"article:publisher\" content=\"https:\/\/facebook.com\/deputadovander\" \/>\n<meta property=\"article:published_time\" content=\"2023-02-28T17:24:49+00:00\" \/>\n<meta property=\"article:modified_time\" content=\"2023-02-28T17:55:25+00:00\" \/>\n<meta property=\"og:image\" content=\"https:\/\/vanderloubet.com.br\/deputado\/wp-content\/uploads\/2023\/02\/foto-2023-02-28-reuniao-vander-zeca-helio-seilog.jpg\" \/>\n\t<meta property=\"og:image:width\" content=\"900\" \/>\n\t<meta property=\"og:image:height\" content=\"675\" \/>\n\t<meta property=\"og:image:type\" content=\"image\/jpeg\" \/>\n<meta name=\"author\" content=\"\u00c9der\" \/>\n<meta name=\"twitter:card\" content=\"summary_large_image\" \/>\n<meta name=\"twitter:creator\" content=\"@vanderloubet\" \/>\n<meta name=\"twitter:site\" content=\"@vanderloubet\" \/>\n<script type=\"application\/ld+json\" class=\"yoast-schema-graph\">{\"@context\":\"https:\\\/\\\/schema.org\",\"@graph\":[{\"@type\":\"Article\",\"@id\":\"https:\\\/\\\/vanderloubet.com.br\\\/deputado\\\/vander-e-zeca-se-reunem-com-peluffo-para-tratar-da-rodovia-sul-fronteira-ms-165\\\/#article\",\"isPartOf\":{\"@id\":\"https:\\\/\\\/vanderloubet.com.br\\\/deputado\\\/vander-e-zeca-se-reunem-com-peluffo-para-tratar-da-rodovia-sul-fronteira-ms-165\\\/\"},\"author\":{\"name\":\"\u00c9der\",\"@id\":\"https:\\\/\\\/vanderloubet.com.br\\\/deputado\\\/#\\\/schema\\\/person\\\/15b51bd564532a8a68d9dec1b8eb890e\"},\"headline\":\"Vander e Zeca se re\u00fanem com Peluffo para tratar da Rodovia Sul-Fronteira (MS-165)\",\"datePublished\":\"2023-02-28T17:24:49+00:00\",\"dateModified\":\"2023-02-28T17:55:25+00:00\",\"mainEntityOfPage\":{\"@id\":\"https:\\\/\\\/vanderloubet.com.br\\\/deputado\\\/vander-e-zeca-se-reunem-com-peluffo-para-tratar-da-rodovia-sul-fronteira-ms-165\\\/\"},\"wordCount\":728,\"publisher\":{\"@id\":\"https:\\\/\\\/vanderloubet.com.br\\\/deputado\\\/#organization\"},\"image\":{\"@id\":\"https:\\\/\\\/vanderloubet.com.br\\\/deputado\\\/vander-e-zeca-se-reunem-com-peluffo-para-tratar-da-rodovia-sul-fronteira-ms-165\\\/#primaryimage\"},\"thumbnailUrl\":\"https:\\\/\\\/vanderloubet.com.br\\\/deputado\\\/wp-content\\\/uploads\\\/2023\\\/02\\\/foto-2023-02-28-reuniao-vander-zeca-helio-seilog.jpg\",\"keywords\":[\"infraestrurura\",\"meio ambiente\",\"povos ind\u00edgenas\"],\"articleSection\":[\"Mato Grosso do Sul\",\"Not\u00edcias\"],\"inLanguage\":\"pt-BR\"},{\"@type\":\"WebPage\",\"@id\":\"https:\\\/\\\/vanderloubet.com.br\\\/deputado\\\/vander-e-zeca-se-reunem-com-peluffo-para-tratar-da-rodovia-sul-fronteira-ms-165\\\/\",\"url\":\"https:\\\/\\\/vanderloubet.com.br\\\/deputado\\\/vander-e-zeca-se-reunem-com-peluffo-para-tratar-da-rodovia-sul-fronteira-ms-165\\\/\",\"name\":\"Vander e Zeca se re\u00fanem com Peluffo para tratar da Rodovia Sul-Fronteira (MS-165)\",\"isPartOf\":{\"@id\":\"https:\\\/\\\/vanderloubet.com.br\\\/deputado\\\/#website\"},\"primaryImageOfPage\":{\"@id\":\"https:\\\/\\\/vanderloubet.com.br\\\/deputado\\\/vander-e-zeca-se-reunem-com-peluffo-para-tratar-da-rodovia-sul-fronteira-ms-165\\\/#primaryimage\"},\"image\":{\"@id\":\"https:\\\/\\\/vanderloubet.com.br\\\/deputado\\\/vander-e-zeca-se-reunem-com-peluffo-para-tratar-da-rodovia-sul-fronteira-ms-165\\\/#primaryimage\"},\"thumbnailUrl\":\"https:\\\/\\\/vanderloubet.com.br\\\/deputado\\\/wp-content\\\/uploads\\\/2023\\\/02\\\/foto-2023-02-28-reuniao-vander-zeca-helio-seilog.jpg\",\"datePublished\":\"2023-02-28T17:24:49+00:00\",\"dateModified\":\"2023-02-28T17:55:25+00:00\",\"description\":\"Deputados v\u00e3o intermediar di\u00e1logo com a Uni\u00e3o para que o Estado conduza licenciamento do trecho que passa por territ\u00f3rios ind\u00edgenas.\",\"breadcrumb\":{\"@id\":\"https:\\\/\\\/vanderloubet.com.br\\\/deputado\\\/vander-e-zeca-se-reunem-com-peluffo-para-tratar-da-rodovia-sul-fronteira-ms-165\\\/#breadcrumb\"},\"inLanguage\":\"pt-BR\",\"potentialAction\":[{\"@type\":\"ReadAction\",\"target\":[\"https:\\\/\\\/vanderloubet.com.br\\\/deputado\\\/vander-e-zeca-se-reunem-com-peluffo-para-tratar-da-rodovia-sul-fronteira-ms-165\\\/\"]}]},{\"@type\":\"ImageObject\",\"inLanguage\":\"pt-BR\",\"@id\":\"https:\\\/\\\/vanderloubet.com.br\\\/deputado\\\/vander-e-zeca-se-reunem-com-peluffo-para-tratar-da-rodovia-sul-fronteira-ms-165\\\/#primaryimage\",\"url\":\"https:\\\/\\\/vanderloubet.com.br\\\/deputado\\\/wp-content\\\/uploads\\\/2023\\\/02\\\/foto-2023-02-28-reuniao-vander-zeca-helio-seilog.jpg\",\"contentUrl\":\"https:\\\/\\\/vanderloubet.com.br\\\/deputado\\\/wp-content\\\/uploads\\\/2023\\\/02\\\/foto-2023-02-28-reuniao-vander-zeca-helio-seilog.jpg\",\"width\":900,\"height\":675,\"caption\":\"Vander e Zeca se re\u00fanem com Peluffo para tratar da Rodovia Sul-Fronteira (MS-165)\"},{\"@type\":\"BreadcrumbList\",\"@id\":\"https:\\\/\\\/vanderloubet.com.br\\\/deputado\\\/vander-e-zeca-se-reunem-com-peluffo-para-tratar-da-rodovia-sul-fronteira-ms-165\\\/#breadcrumb\",\"itemListElement\":[{\"@type\":\"ListItem\",\"position\":1,\"name\":\"In\u00edcio\",\"item\":\"https:\\\/\\\/vanderloubet.com.br\\\/deputado\\\/\"},{\"@type\":\"ListItem\",\"position\":2,\"name\":\"Vander e Zeca se re\u00fanem com Peluffo para tratar da Rodovia Sul-Fronteira (MS-165)\"}]},{\"@type\":\"WebSite\",\"@id\":\"https:\\\/\\\/vanderloubet.com.br\\\/deputado\\\/#website\",\"url\":\"https:\\\/\\\/vanderloubet.com.br\\\/deputado\\\/\",\"name\":\"Deputado Federal Vander Loubet\",\"description\":\"O Federal de MS\",\"publisher\":{\"@id\":\"https:\\\/\\\/vanderloubet.com.br\\\/deputado\\\/#organization\"},\"alternateName\":\"Deputado Vander\",\"potentialAction\":[{\"@type\":\"SearchAction\",\"target\":{\"@type\":\"EntryPoint\",\"urlTemplate\":\"https:\\\/\\\/vanderloubet.com.br\\\/deputado\\\/?s={search_term_string}\"},\"query-input\":{\"@type\":\"PropertyValueSpecification\",\"valueRequired\":true,\"valueName\":\"search_term_string\"}}],\"inLanguage\":\"pt-BR\"},{\"@type\":\"Organization\",\"@id\":\"https:\\\/\\\/vanderloubet.com.br\\\/deputado\\\/#organization\",\"name\":\"Deputado Federal Vander Loubet\",\"alternateName\":\"Deputado Vander\",\"url\":\"https:\\\/\\\/vanderloubet.com.br\\\/deputado\\\/\",\"logo\":{\"@type\":\"ImageObject\",\"inLanguage\":\"pt-BR\",\"@id\":\"https:\\\/\\\/vanderloubet.com.br\\\/deputado\\\/#\\\/schema\\\/logo\\\/image\\\/\",\"url\":\"https:\\\/\\\/vanderloubet.com.br\\\/deputado\\\/wp-content\\\/uploads\\\/2023\\\/06\\\/foto-2023-06-19-mandato-deputado-vander.jpg\",\"contentUrl\":\"https:\\\/\\\/vanderloubet.com.br\\\/deputado\\\/wp-content\\\/uploads\\\/2023\\\/06\\\/foto-2023-06-19-mandato-deputado-vander.jpg\",\"width\":1080,\"height\":1080,\"caption\":\"Deputado Federal Vander Loubet\"},\"image\":{\"@id\":\"https:\\\/\\\/vanderloubet.com.br\\\/deputado\\\/#\\\/schema\\\/logo\\\/image\\\/\"},\"sameAs\":[\"https:\\\/\\\/facebook.com\\\/deputadovander\",\"https:\\\/\\\/x.com\\\/vanderloubet\",\"https:\\\/\\\/instagram.com\\\/vanderloubet\",\"https:\\\/\\\/youtube.com\\\/vanderloubet\",\"https:\\\/\\\/tiktok.com\\\/@vanderloubetms\"]},{\"@type\":\"Person\",\"@id\":\"https:\\\/\\\/vanderloubet.com.br\\\/deputado\\\/#\\\/schema\\\/person\\\/15b51bd564532a8a68d9dec1b8eb890e\",\"name\":\"\u00c9der\",\"image\":{\"@type\":\"ImageObject\",\"inLanguage\":\"pt-BR\",\"@id\":\"https:\\\/\\\/vanderloubet.com.br\\\/deputado\\\/wp-content\\\/litespeed\\\/avatar\\\/88ca4090d9d5ab1c9495f6ca03b68efa.jpg?ver=1777058957\",\"url\":\"https:\\\/\\\/vanderloubet.com.br\\\/deputado\\\/wp-content\\\/litespeed\\\/avatar\\\/88ca4090d9d5ab1c9495f6ca03b68efa.jpg?ver=1777058957\",\"contentUrl\":\"https:\\\/\\\/vanderloubet.com.br\\\/deputado\\\/wp-content\\\/litespeed\\\/avatar\\\/88ca4090d9d5ab1c9495f6ca03b68efa.jpg?ver=1777058957\",\"caption\":\"\u00c9der\"}}]}<\/script>\n<!-- \/ Yoast SEO plugin. -->","yoast_head_json":{"title":"Vander e Zeca se re\u00fanem com Peluffo para tratar da Rodovia Sul-Fronteira (MS-165)","description":"Deputados v\u00e3o intermediar di\u00e1logo com a Uni\u00e3o para que o Estado conduza licenciamento do trecho que passa por territ\u00f3rios ind\u00edgenas.","robots":{"index":"index","follow":"follow","max-snippet":"max-snippet:-1","max-image-preview":"max-image-preview:large","max-video-preview":"max-video-preview:-1"},"canonical":"https:\/\/vanderloubet.com.br\/deputado\/vander-e-zeca-se-reunem-com-peluffo-para-tratar-da-rodovia-sul-fronteira-ms-165\/","og_locale":"pt_BR","og_type":"article","og_title":"Vander e Zeca se re\u00fanem com Peluffo para tratar da Rodovia Sul-Fronteira (MS-165)","og_description":"Deputados v\u00e3o intermediar di\u00e1logo com a Uni\u00e3o para que o Estado conduza licenciamento do trecho que passa por territ\u00f3rios ind\u00edgenas.","og_url":"https:\/\/vanderloubet.com.br\/deputado\/vander-e-zeca-se-reunem-com-peluffo-para-tratar-da-rodovia-sul-fronteira-ms-165\/","og_site_name":"Deputado Federal Vander Loubet","article_publisher":"https:\/\/facebook.com\/deputadovander","article_published_time":"2023-02-28T17:24:49+00:00","article_modified_time":"2023-02-28T17:55:25+00:00","og_image":[{"width":900,"height":675,"url":"https:\/\/vanderloubet.com.br\/deputado\/wp-content\/uploads\/2023\/02\/foto-2023-02-28-reuniao-vander-zeca-helio-seilog.jpg","type":"image\/jpeg"}],"author":"\u00c9der","twitter_card":"summary_large_image","twitter_creator":"@vanderloubet","twitter_site":"@vanderloubet","schema":{"@context":"https:\/\/schema.org","@graph":[{"@type":"Article","@id":"https:\/\/vanderloubet.com.br\/deputado\/vander-e-zeca-se-reunem-com-peluffo-para-tratar-da-rodovia-sul-fronteira-ms-165\/#article","isPartOf":{"@id":"https:\/\/vanderloubet.com.br\/deputado\/vander-e-zeca-se-reunem-com-peluffo-para-tratar-da-rodovia-sul-fronteira-ms-165\/"},"author":{"name":"\u00c9der","@id":"https:\/\/vanderloubet.com.br\/deputado\/#\/schema\/person\/15b51bd564532a8a68d9dec1b8eb890e"},"headline":"Vander e Zeca se re\u00fanem com Peluffo para tratar da Rodovia Sul-Fronteira (MS-165)","datePublished":"2023-02-28T17:24:49+00:00","dateModified":"2023-02-28T17:55:25+00:00","mainEntityOfPage":{"@id":"https:\/\/vanderloubet.com.br\/deputado\/vander-e-zeca-se-reunem-com-peluffo-para-tratar-da-rodovia-sul-fronteira-ms-165\/"},"wordCount":728,"publisher":{"@id":"https:\/\/vanderloubet.com.br\/deputado\/#organization"},"image":{"@id":"https:\/\/vanderloubet.com.br\/deputado\/vander-e-zeca-se-reunem-com-peluffo-para-tratar-da-rodovia-sul-fronteira-ms-165\/#primaryimage"},"thumbnailUrl":"https:\/\/vanderloubet.com.br\/deputado\/wp-content\/uploads\/2023\/02\/foto-2023-02-28-reuniao-vander-zeca-helio-seilog.jpg","keywords":["infraestrurura","meio ambiente","povos ind\u00edgenas"],"articleSection":["Mato Grosso do Sul","Not\u00edcias"],"inLanguage":"pt-BR"},{"@type":"WebPage","@id":"https:\/\/vanderloubet.com.br\/deputado\/vander-e-zeca-se-reunem-com-peluffo-para-tratar-da-rodovia-sul-fronteira-ms-165\/","url":"https:\/\/vanderloubet.com.br\/deputado\/vander-e-zeca-se-reunem-com-peluffo-para-tratar-da-rodovia-sul-fronteira-ms-165\/","name":"Vander e Zeca se re\u00fanem com Peluffo para tratar da Rodovia Sul-Fronteira (MS-165)","isPartOf":{"@id":"https:\/\/vanderloubet.com.br\/deputado\/#website"},"primaryImageOfPage":{"@id":"https:\/\/vanderloubet.com.br\/deputado\/vander-e-zeca-se-reunem-com-peluffo-para-tratar-da-rodovia-sul-fronteira-ms-165\/#primaryimage"},"image":{"@id":"https:\/\/vanderloubet.com.br\/deputado\/vander-e-zeca-se-reunem-com-peluffo-para-tratar-da-rodovia-sul-fronteira-ms-165\/#primaryimage"},"thumbnailUrl":"https:\/\/vanderloubet.com.br\/deputado\/wp-content\/uploads\/2023\/02\/foto-2023-02-28-reuniao-vander-zeca-helio-seilog.jpg","datePublished":"2023-02-28T17:24:49+00:00","dateModified":"2023-02-28T17:55:25+00:00","description":"Deputados v\u00e3o intermediar di\u00e1logo com a Uni\u00e3o para que o Estado conduza licenciamento do trecho que passa por territ\u00f3rios ind\u00edgenas.","breadcrumb":{"@id":"https:\/\/vanderloubet.com.br\/deputado\/vander-e-zeca-se-reunem-com-peluffo-para-tratar-da-rodovia-sul-fronteira-ms-165\/#breadcrumb"},"inLanguage":"pt-BR","potentialAction":[{"@type":"ReadAction","target":["https:\/\/vanderloubet.com.br\/deputado\/vander-e-zeca-se-reunem-com-peluffo-para-tratar-da-rodovia-sul-fronteira-ms-165\/"]}]},{"@type":"ImageObject","inLanguage":"pt-BR","@id":"https:\/\/vanderloubet.com.br\/deputado\/vander-e-zeca-se-reunem-com-peluffo-para-tratar-da-rodovia-sul-fronteira-ms-165\/#primaryimage","url":"https:\/\/vanderloubet.com.br\/deputado\/wp-content\/uploads\/2023\/02\/foto-2023-02-28-reuniao-vander-zeca-helio-seilog.jpg","contentUrl":"https:\/\/vanderloubet.com.br\/deputado\/wp-content\/uploads\/2023\/02\/foto-2023-02-28-reuniao-vander-zeca-helio-seilog.jpg","width":900,"height":675,"caption":"Vander e Zeca se re\u00fanem com Peluffo para tratar da Rodovia Sul-Fronteira (MS-165)"},{"@type":"BreadcrumbList","@id":"https:\/\/vanderloubet.com.br\/deputado\/vander-e-zeca-se-reunem-com-peluffo-para-tratar-da-rodovia-sul-fronteira-ms-165\/#breadcrumb","itemListElement":[{"@type":"ListItem","position":1,"name":"In\u00edcio","item":"https:\/\/vanderloubet.com.br\/deputado\/"},{"@type":"ListItem","position":2,"name":"Vander e Zeca se re\u00fanem com Peluffo para tratar da Rodovia Sul-Fronteira (MS-165)"}]},{"@type":"WebSite","@id":"https:\/\/vanderloubet.com.br\/deputado\/#website","url":"https:\/\/vanderloubet.com.br\/deputado\/","name":"Deputado Federal Vander Loubet","description":"O Federal de MS","publisher":{"@id":"https:\/\/vanderloubet.com.br\/deputado\/#organization"},"alternateName":"Deputado Vander","potentialAction":[{"@type":"SearchAction","target":{"@type":"EntryPoint","urlTemplate":"https:\/\/vanderloubet.com.br\/deputado\/?s={search_term_string}"},"query-input":{"@type":"PropertyValueSpecification","valueRequired":true,"valueName":"search_term_string"}}],"inLanguage":"pt-BR"},{"@type":"Organization","@id":"https:\/\/vanderloubet.com.br\/deputado\/#organization","name":"Deputado Federal Vander Loubet","alternateName":"Deputado Vander","url":"https:\/\/vanderloubet.com.br\/deputado\/","logo":{"@type":"ImageObject","inLanguage":"pt-BR","@id":"https:\/\/vanderloubet.com.br\/deputado\/#\/schema\/logo\/image\/","url":"https:\/\/vanderloubet.com.br\/deputado\/wp-content\/uploads\/2023\/06\/foto-2023-06-19-mandato-deputado-vander.jpg","contentUrl":"https:\/\/vanderloubet.com.br\/deputado\/wp-content\/uploads\/2023\/06\/foto-2023-06-19-mandato-deputado-vander.jpg","width":1080,"height":1080,"caption":"Deputado Federal Vander Loubet"},"image":{"@id":"https:\/\/vanderloubet.com.br\/deputado\/#\/schema\/logo\/image\/"},"sameAs":["https:\/\/facebook.com\/deputadovander","https:\/\/x.com\/vanderloubet","https:\/\/instagram.com\/vanderloubet","https:\/\/youtube.com\/vanderloubet","https:\/\/tiktok.com\/@vanderloubetms"]},{"@type":"Person","@id":"https:\/\/vanderloubet.com.br\/deputado\/#\/schema\/person\/15b51bd564532a8a68d9dec1b8eb890e","name":"\u00c9der","image":{"@type":"ImageObject","inLanguage":"pt-BR","@id":"https:\/\/vanderloubet.com.br\/deputado\/wp-content\/litespeed\/avatar\/88ca4090d9d5ab1c9495f6ca03b68efa.jpg?ver=1777058957","url":"https:\/\/vanderloubet.com.br\/deputado\/wp-content\/litespeed\/avatar\/88ca4090d9d5ab1c9495f6ca03b68efa.jpg?ver=1777058957","contentUrl":"https:\/\/vanderloubet.com.br\/deputado\/wp-content\/litespeed\/avatar\/88ca4090d9d5ab1c9495f6ca03b68efa.jpg?ver=1777058957","caption":"\u00c9der"}}]}},"jetpack_featured_media_url":"https:\/\/vanderloubet.com.br\/deputado\/wp-content\/uploads\/2023\/02\/foto-2023-02-28-reuniao-vander-zeca-helio-seilog.jpg","jetpack_sharing_enabled":true,"_links":{"self":[{"href":"https:\/\/vanderloubet.com.br\/deputado\/wp-json\/wp\/v2\/posts\/18796","targetHints":{"allow":["GET"]}}],"collection":[{"href":"https:\/\/vanderloubet.com.br\/deputado\/wp-json\/wp\/v2\/posts"}],"about":[{"href":"https:\/\/vanderloubet.com.br\/deputado\/wp-json\/wp\/v2\/types\/post"}],"author":[{"embeddable":true,"href":"https:\/\/vanderloubet.com.br\/deputado\/wp-json\/wp\/v2\/users\/2"}],"replies":[{"embeddable":true,"href":"https:\/\/vanderloubet.com.br\/deputado\/wp-json\/wp\/v2\/comments?post=18796"}],"version-history":[{"count":0,"href":"https:\/\/vanderloubet.com.br\/deputado\/wp-json\/wp\/v2\/posts\/18796\/revisions"}],"wp:featuredmedia":[{"embeddable":true,"href":"https:\/\/vanderloubet.com.br\/deputado\/wp-json\/wp\/v2\/media\/18797"}],"wp:attachment":[{"href":"https:\/\/vanderloubet.com.br\/deputado\/wp-json\/wp\/v2\/media?parent=18796"}],"wp:term":[{"taxonomy":"category","embeddable":true,"href":"https:\/\/vanderloubet.com.br\/deputado\/wp-json\/wp\/v2\/categories?post=18796"},{"taxonomy":"post_tag","embeddable":true,"href":"https:\/\/vanderloubet.com.br\/deputado\/wp-json\/wp\/v2\/tags?post=18796"}],"curies":[{"name":"wp","href":"https:\/\/api.w.org\/{rel}","templated":true}]}}