{"id":18765,"date":"2023-01-30T09:57:03","date_gmt":"2023-01-30T13:57:03","guid":{"rendered":"https:\/\/vanderloubet.com.br\/deputado\/?p=18765"},"modified":"2023-01-30T09:57:03","modified_gmt":"2023-01-30T13:57:03","slug":"apos-reivindicacao-de-vander-e-do-estado-governo-federal-libera-pesca-do-pintado","status":"publish","type":"post","link":"https:\/\/vanderloubet.com.br\/deputado\/apos-reivindicacao-de-vander-e-do-estado-governo-federal-libera-pesca-do-pintado\/","title":{"rendered":"Ap\u00f3s reivindica\u00e7\u00e3o de Vander e do Estado, governo federal libera pesca do pintado"},"content":{"rendered":"<p>O Minist\u00e9rio do Meio Ambiente e Mudan\u00e7a do Clima (MMA) publicou no Di\u00e1rio Oficial da Uni\u00e3o desta segunda-feira (30) a portaria que derruba a proibi\u00e7\u00e3o de pesca do pintado que estava em vigor desde dezembro de 2022 em todo o pa\u00eds.<\/p>\n<p>A medida ocorre ap\u00f3s reivindica\u00e7\u00e3o junto ao gabinete da ministra Marina Silva por parte do deputado federal Vander Loubet (PT-MS) e do secret\u00e1rio de Estado de Meio Ambiente, Desenvolvimento, Ci\u00eancia, Tecnologia e Inova\u00e7\u00e3o (Semadesc), Jaime Verruck.<\/p>\n<p>A esp\u00e9cie Pseudoplatystoma corruscans, conhecida como pintado ou surubim, havia entrado em 2022 na Lista Nacional de Esp\u00e9cies Amea\u00e7adas de Extin\u00e7\u00e3o por conta da redu\u00e7\u00e3o das suas popula\u00e7\u00f5es nas bacias brasileiras. No entanto, de acordo com a Semadesc, n\u00e3o foram identificadas varia\u00e7\u00f5es que possam comprometer a esp\u00e9cie. Al\u00e9m disso, afirma que o Estado esta a par do Plano de Recupera\u00e7\u00e3o de Popula\u00e7\u00f5es do Pintado (REPOP Pintado).<\/p>\n<p>&#8220;O pintado \u00e9 um peixe que tem enorme import\u00e2ncia econ\u00f4mica e social em Mato Grosso do Sul. O Jaime [Verruck] me confirmou que hoje temos em nosso estado 9.000 pescadores &#8211; cerca de 5.000 fam\u00edlias &#8211; que t\u00eam na pesca sua \u00fanica fonte de renda e que dependem do pintado. Da\u00ed a nossa preocupa\u00e7\u00e3o de buscar garantir que essas fam\u00edlias n\u00e3o sejam prejudicadas&#8221;, destaca o deputado Vander.<\/p>\n<p>O parlamentar frisa ainda que a libera\u00e7\u00e3o n\u00e3o significa que haver\u00e1 descuido com as popula\u00e7\u00f5es da esp\u00e9cie. &#8220;O governo e os \u00f3rg\u00e3os ambientais v\u00e3o seguir monitorando o pintado para garantir que esse peixe n\u00e3o entre em risco de extin\u00e7\u00e3o&#8221;, completa.<\/p>\n<p><strong>Manejo sustent\u00e1vel<\/strong> &#8211; A Portaria n\u00ba 355 de 27 de janeiro de 2023 &#8220;reconhece como pass\u00edvel de explora\u00e7\u00e3o, estudo ou pesquisa pela pesca a esp\u00e9cie Pseudoplatystoma corruscans, de nome popular pintado ou surubim&#8221;. Segundo a normativa, o uso e manejo sustent\u00e1veis do pintado dever\u00e3o atender \u00e0s medidas propostas no seu Plano de Recupera\u00e7\u00e3o, que estar\u00e1 dispon\u00edvel no s\u00edtio eletr\u00f4nico do MMA (<a href=\"https:\/\/www.gov.br\/mma\/pt-br\" rel=\"noopener\" target=\"_blank\">https:\/\/www.gov.br\/mma\/pt-br<\/a>).<\/p>\n<p>Agora, o MMA, em articula\u00e7\u00e3o com o Instituto Chico Mendes de Conserva\u00e7\u00e3o da Biodiversidade (ICMBio), Instituto Brasileiro do Meio Ambiente e dos Recursos Naturais Renov\u00e1veis (Ibama) e \u00f3rg\u00e3os governamentais e setores da sociedade (em Mato Grosso do Sul, a Semadesc e o Imasul), v\u00e3o avaliar permanentemente a implementa\u00e7\u00e3o do Plano de Recupera\u00e7\u00e3o, podendo atualiz\u00e1-lo sempre que necess\u00e1rio. No prazo de 24 meses, a partir da publica\u00e7\u00e3o da Portaria, a recomenda\u00e7\u00e3o do Plano de Recupera\u00e7\u00e3o, que reconhece o pintado como pass\u00edvel de explora\u00e7\u00e3o, estudo ou pesquisa pela pesca ser\u00e1 tecnicamente reavaliada.<\/p>\n<p>Em at\u00e9 90 dias, os \u00f3rg\u00e3os competentes dever\u00e3o publicar norma de ordenamento espec\u00edfica para o pintado, atendendo ao estabelecido no respectivo Plano de Recupera\u00e7\u00e3o e \u00e0 Portaria n\u00ba 445, de 17 de dezembro de 2014.<\/p>\n","protected":false},"excerpt":{"rendered":"<p>Cerca de 5.000 fam\u00edlias t\u00eam na pesca sua \u00fanica fonte de renda e dependem do pintado. \u00d3rg\u00e3os ambientais v\u00e3o seguir monitorando a esp\u00e9cie.<\/p>\n","protected":false},"author":2,"featured_media":18766,"comment_status":"closed","ping_status":"closed","sticky":false,"template":"","format":"standard","meta":{"jetpack_post_was_ever_published":false,"_jetpack_newsletter_access":"","_jetpack_dont_email_post_to_subs":false,"_jetpack_newsletter_tier_id":0,"_jetpack_memberships_contains_paywalled_content":false,"_jetpack_memberships_contains_paid_content":false,"footnotes":""},"categories":[2099,10],"tags":[1267,2521],"class_list":{"0":"post-18765","1":"post","2":"type-post","3":"status-publish","4":"format-standard","5":"has-post-thumbnail","7":"category-ms-noticias","8":"category-noticias","9":"tag-meio-ambiente","10":"tag-pesca-e-aquicultura"},"yoast_head":"<!-- This site is optimized with the Yoast SEO plugin v27.4 - https:\/\/yoast.com\/product\/yoast-seo-wordpress\/ -->\n<title>Ap\u00f3s reivindica\u00e7\u00e3o de Vander e do Estado, governo federal libera pesca do pintado<\/title>\n<meta name=\"description\" content=\"Cerca de 5.000 fam\u00edlias t\u00eam na pesca sua \u00fanica fonte de renda e dependem do pintado. \u00d3rg\u00e3os ambientais v\u00e3o seguir monitorando a esp\u00e9cie.\" \/>\n<meta name=\"robots\" content=\"index, follow, max-snippet:-1, max-image-preview:large, max-video-preview:-1\" \/>\n<link rel=\"canonical\" href=\"https:\/\/vanderloubet.com.br\/deputado\/apos-reivindicacao-de-vander-e-do-estado-governo-federal-libera-pesca-do-pintado\/\" \/>\n<meta property=\"og:locale\" content=\"pt_BR\" \/>\n<meta property=\"og:type\" content=\"article\" \/>\n<meta property=\"og:title\" content=\"Ap\u00f3s reivindica\u00e7\u00e3o de Vander e do Estado, governo federal libera pesca do pintado\" \/>\n<meta property=\"og:description\" content=\"Cerca de 5.000 fam\u00edlias t\u00eam na pesca sua \u00fanica fonte de renda e dependem do pintado. \u00d3rg\u00e3os ambientais v\u00e3o seguir monitorando a esp\u00e9cie.\" \/>\n<meta property=\"og:url\" content=\"https:\/\/vanderloubet.com.br\/deputado\/apos-reivindicacao-de-vander-e-do-estado-governo-federal-libera-pesca-do-pintado\/\" \/>\n<meta property=\"og:site_name\" content=\"Deputado Federal Vander Loubet\" \/>\n<meta property=\"article:publisher\" content=\"https:\/\/facebook.com\/deputadovander\" \/>\n<meta property=\"article:published_time\" content=\"2023-01-30T13:57:03+00:00\" \/>\n<meta property=\"og:image\" content=\"https:\/\/vanderloubet.com.br\/deputado\/wp-content\/uploads\/2023\/01\/foto-2023-01-30-pintado.jpg\" \/>\n\t<meta property=\"og:image:width\" content=\"900\" \/>\n\t<meta property=\"og:image:height\" content=\"600\" \/>\n\t<meta property=\"og:image:type\" content=\"image\/jpeg\" \/>\n<meta name=\"author\" content=\"\u00c9der\" \/>\n<meta name=\"twitter:card\" content=\"summary_large_image\" \/>\n<meta name=\"twitter:creator\" content=\"@vanderloubet\" \/>\n<meta name=\"twitter:site\" content=\"@vanderloubet\" \/>\n<script type=\"application\/ld+json\" class=\"yoast-schema-graph\">{\"@context\":\"https:\\\/\\\/schema.org\",\"@graph\":[{\"@type\":\"Article\",\"@id\":\"https:\\\/\\\/vanderloubet.com.br\\\/deputado\\\/apos-reivindicacao-de-vander-e-do-estado-governo-federal-libera-pesca-do-pintado\\\/#article\",\"isPartOf\":{\"@id\":\"https:\\\/\\\/vanderloubet.com.br\\\/deputado\\\/apos-reivindicacao-de-vander-e-do-estado-governo-federal-libera-pesca-do-pintado\\\/\"},\"author\":{\"name\":\"\u00c9der\",\"@id\":\"https:\\\/\\\/vanderloubet.com.br\\\/deputado\\\/#\\\/schema\\\/person\\\/15b51bd564532a8a68d9dec1b8eb890e\"},\"headline\":\"Ap\u00f3s reivindica\u00e7\u00e3o de Vander e do Estado, governo federal libera pesca do pintado\",\"datePublished\":\"2023-01-30T13:57:03+00:00\",\"mainEntityOfPage\":{\"@id\":\"https:\\\/\\\/vanderloubet.com.br\\\/deputado\\\/apos-reivindicacao-de-vander-e-do-estado-governo-federal-libera-pesca-do-pintado\\\/\"},\"wordCount\":508,\"publisher\":{\"@id\":\"https:\\\/\\\/vanderloubet.com.br\\\/deputado\\\/#organization\"},\"image\":{\"@id\":\"https:\\\/\\\/vanderloubet.com.br\\\/deputado\\\/apos-reivindicacao-de-vander-e-do-estado-governo-federal-libera-pesca-do-pintado\\\/#primaryimage\"},\"thumbnailUrl\":\"https:\\\/\\\/vanderloubet.com.br\\\/deputado\\\/wp-content\\\/uploads\\\/2023\\\/01\\\/foto-2023-01-30-pintado.jpg\",\"keywords\":[\"meio ambiente\",\"pesca e aquicultura\"],\"articleSection\":[\"Mato Grosso do Sul\",\"Not\u00edcias\"],\"inLanguage\":\"pt-BR\"},{\"@type\":\"WebPage\",\"@id\":\"https:\\\/\\\/vanderloubet.com.br\\\/deputado\\\/apos-reivindicacao-de-vander-e-do-estado-governo-federal-libera-pesca-do-pintado\\\/\",\"url\":\"https:\\\/\\\/vanderloubet.com.br\\\/deputado\\\/apos-reivindicacao-de-vander-e-do-estado-governo-federal-libera-pesca-do-pintado\\\/\",\"name\":\"Ap\u00f3s reivindica\u00e7\u00e3o de Vander e do Estado, governo federal libera pesca do pintado\",\"isPartOf\":{\"@id\":\"https:\\\/\\\/vanderloubet.com.br\\\/deputado\\\/#website\"},\"primaryImageOfPage\":{\"@id\":\"https:\\\/\\\/vanderloubet.com.br\\\/deputado\\\/apos-reivindicacao-de-vander-e-do-estado-governo-federal-libera-pesca-do-pintado\\\/#primaryimage\"},\"image\":{\"@id\":\"https:\\\/\\\/vanderloubet.com.br\\\/deputado\\\/apos-reivindicacao-de-vander-e-do-estado-governo-federal-libera-pesca-do-pintado\\\/#primaryimage\"},\"thumbnailUrl\":\"https:\\\/\\\/vanderloubet.com.br\\\/deputado\\\/wp-content\\\/uploads\\\/2023\\\/01\\\/foto-2023-01-30-pintado.jpg\",\"datePublished\":\"2023-01-30T13:57:03+00:00\",\"description\":\"Cerca de 5.000 fam\u00edlias t\u00eam na pesca sua \u00fanica fonte de renda e dependem do pintado. \u00d3rg\u00e3os ambientais v\u00e3o seguir monitorando a esp\u00e9cie.\",\"breadcrumb\":{\"@id\":\"https:\\\/\\\/vanderloubet.com.br\\\/deputado\\\/apos-reivindicacao-de-vander-e-do-estado-governo-federal-libera-pesca-do-pintado\\\/#breadcrumb\"},\"inLanguage\":\"pt-BR\",\"potentialAction\":[{\"@type\":\"ReadAction\",\"target\":[\"https:\\\/\\\/vanderloubet.com.br\\\/deputado\\\/apos-reivindicacao-de-vander-e-do-estado-governo-federal-libera-pesca-do-pintado\\\/\"]}]},{\"@type\":\"ImageObject\",\"inLanguage\":\"pt-BR\",\"@id\":\"https:\\\/\\\/vanderloubet.com.br\\\/deputado\\\/apos-reivindicacao-de-vander-e-do-estado-governo-federal-libera-pesca-do-pintado\\\/#primaryimage\",\"url\":\"https:\\\/\\\/vanderloubet.com.br\\\/deputado\\\/wp-content\\\/uploads\\\/2023\\\/01\\\/foto-2023-01-30-pintado.jpg\",\"contentUrl\":\"https:\\\/\\\/vanderloubet.com.br\\\/deputado\\\/wp-content\\\/uploads\\\/2023\\\/01\\\/foto-2023-01-30-pintado.jpg\",\"width\":900,\"height\":600,\"caption\":\"Ap\u00f3s reivindica\u00e7\u00e3o de Vander e do Estado, governo federal libera pesca do pintado\"},{\"@type\":\"BreadcrumbList\",\"@id\":\"https:\\\/\\\/vanderloubet.com.br\\\/deputado\\\/apos-reivindicacao-de-vander-e-do-estado-governo-federal-libera-pesca-do-pintado\\\/#breadcrumb\",\"itemListElement\":[{\"@type\":\"ListItem\",\"position\":1,\"name\":\"In\u00edcio\",\"item\":\"https:\\\/\\\/vanderloubet.com.br\\\/deputado\\\/\"},{\"@type\":\"ListItem\",\"position\":2,\"name\":\"Ap\u00f3s reivindica\u00e7\u00e3o de Vander e do Estado, governo federal libera pesca do pintado\"}]},{\"@type\":\"WebSite\",\"@id\":\"https:\\\/\\\/vanderloubet.com.br\\\/deputado\\\/#website\",\"url\":\"https:\\\/\\\/vanderloubet.com.br\\\/deputado\\\/\",\"name\":\"Deputado Federal Vander Loubet\",\"description\":\"O Federal de MS\",\"publisher\":{\"@id\":\"https:\\\/\\\/vanderloubet.com.br\\\/deputado\\\/#organization\"},\"alternateName\":\"Deputado Vander\",\"potentialAction\":[{\"@type\":\"SearchAction\",\"target\":{\"@type\":\"EntryPoint\",\"urlTemplate\":\"https:\\\/\\\/vanderloubet.com.br\\\/deputado\\\/?s={search_term_string}\"},\"query-input\":{\"@type\":\"PropertyValueSpecification\",\"valueRequired\":true,\"valueName\":\"search_term_string\"}}],\"inLanguage\":\"pt-BR\"},{\"@type\":\"Organization\",\"@id\":\"https:\\\/\\\/vanderloubet.com.br\\\/deputado\\\/#organization\",\"name\":\"Deputado Federal Vander Loubet\",\"alternateName\":\"Deputado Vander\",\"url\":\"https:\\\/\\\/vanderloubet.com.br\\\/deputado\\\/\",\"logo\":{\"@type\":\"ImageObject\",\"inLanguage\":\"pt-BR\",\"@id\":\"https:\\\/\\\/vanderloubet.com.br\\\/deputado\\\/#\\\/schema\\\/logo\\\/image\\\/\",\"url\":\"https:\\\/\\\/vanderloubet.com.br\\\/deputado\\\/wp-content\\\/uploads\\\/2023\\\/06\\\/foto-2023-06-19-mandato-deputado-vander.jpg\",\"contentUrl\":\"https:\\\/\\\/vanderloubet.com.br\\\/deputado\\\/wp-content\\\/uploads\\\/2023\\\/06\\\/foto-2023-06-19-mandato-deputado-vander.jpg\",\"width\":1080,\"height\":1080,\"caption\":\"Deputado Federal Vander Loubet\"},\"image\":{\"@id\":\"https:\\\/\\\/vanderloubet.com.br\\\/deputado\\\/#\\\/schema\\\/logo\\\/image\\\/\"},\"sameAs\":[\"https:\\\/\\\/facebook.com\\\/deputadovander\",\"https:\\\/\\\/x.com\\\/vanderloubet\",\"https:\\\/\\\/instagram.com\\\/vanderloubet\",\"https:\\\/\\\/youtube.com\\\/vanderloubet\",\"https:\\\/\\\/tiktok.com\\\/@vanderloubetms\"]},{\"@type\":\"Person\",\"@id\":\"https:\\\/\\\/vanderloubet.com.br\\\/deputado\\\/#\\\/schema\\\/person\\\/15b51bd564532a8a68d9dec1b8eb890e\",\"name\":\"\u00c9der\",\"image\":{\"@type\":\"ImageObject\",\"inLanguage\":\"pt-BR\",\"@id\":\"https:\\\/\\\/vanderloubet.com.br\\\/deputado\\\/wp-content\\\/litespeed\\\/avatar\\\/88ca4090d9d5ab1c9495f6ca03b68efa.jpg?ver=1777058957\",\"url\":\"https:\\\/\\\/vanderloubet.com.br\\\/deputado\\\/wp-content\\\/litespeed\\\/avatar\\\/88ca4090d9d5ab1c9495f6ca03b68efa.jpg?ver=1777058957\",\"contentUrl\":\"https:\\\/\\\/vanderloubet.com.br\\\/deputado\\\/wp-content\\\/litespeed\\\/avatar\\\/88ca4090d9d5ab1c9495f6ca03b68efa.jpg?ver=1777058957\",\"caption\":\"\u00c9der\"}}]}<\/script>\n<!-- \/ Yoast SEO plugin. -->","yoast_head_json":{"title":"Ap\u00f3s reivindica\u00e7\u00e3o de Vander e do Estado, governo federal libera pesca do pintado","description":"Cerca de 5.000 fam\u00edlias t\u00eam na pesca sua \u00fanica fonte de renda e dependem do pintado. \u00d3rg\u00e3os ambientais v\u00e3o seguir monitorando a esp\u00e9cie.","robots":{"index":"index","follow":"follow","max-snippet":"max-snippet:-1","max-image-preview":"max-image-preview:large","max-video-preview":"max-video-preview:-1"},"canonical":"https:\/\/vanderloubet.com.br\/deputado\/apos-reivindicacao-de-vander-e-do-estado-governo-federal-libera-pesca-do-pintado\/","og_locale":"pt_BR","og_type":"article","og_title":"Ap\u00f3s reivindica\u00e7\u00e3o de Vander e do Estado, governo federal libera pesca do pintado","og_description":"Cerca de 5.000 fam\u00edlias t\u00eam na pesca sua \u00fanica fonte de renda e dependem do pintado. \u00d3rg\u00e3os ambientais v\u00e3o seguir monitorando a esp\u00e9cie.","og_url":"https:\/\/vanderloubet.com.br\/deputado\/apos-reivindicacao-de-vander-e-do-estado-governo-federal-libera-pesca-do-pintado\/","og_site_name":"Deputado Federal Vander Loubet","article_publisher":"https:\/\/facebook.com\/deputadovander","article_published_time":"2023-01-30T13:57:03+00:00","og_image":[{"width":900,"height":600,"url":"https:\/\/vanderloubet.com.br\/deputado\/wp-content\/uploads\/2023\/01\/foto-2023-01-30-pintado.jpg","type":"image\/jpeg"}],"author":"\u00c9der","twitter_card":"summary_large_image","twitter_creator":"@vanderloubet","twitter_site":"@vanderloubet","schema":{"@context":"https:\/\/schema.org","@graph":[{"@type":"Article","@id":"https:\/\/vanderloubet.com.br\/deputado\/apos-reivindicacao-de-vander-e-do-estado-governo-federal-libera-pesca-do-pintado\/#article","isPartOf":{"@id":"https:\/\/vanderloubet.com.br\/deputado\/apos-reivindicacao-de-vander-e-do-estado-governo-federal-libera-pesca-do-pintado\/"},"author":{"name":"\u00c9der","@id":"https:\/\/vanderloubet.com.br\/deputado\/#\/schema\/person\/15b51bd564532a8a68d9dec1b8eb890e"},"headline":"Ap\u00f3s reivindica\u00e7\u00e3o de Vander e do Estado, governo federal libera pesca do pintado","datePublished":"2023-01-30T13:57:03+00:00","mainEntityOfPage":{"@id":"https:\/\/vanderloubet.com.br\/deputado\/apos-reivindicacao-de-vander-e-do-estado-governo-federal-libera-pesca-do-pintado\/"},"wordCount":508,"publisher":{"@id":"https:\/\/vanderloubet.com.br\/deputado\/#organization"},"image":{"@id":"https:\/\/vanderloubet.com.br\/deputado\/apos-reivindicacao-de-vander-e-do-estado-governo-federal-libera-pesca-do-pintado\/#primaryimage"},"thumbnailUrl":"https:\/\/vanderloubet.com.br\/deputado\/wp-content\/uploads\/2023\/01\/foto-2023-01-30-pintado.jpg","keywords":["meio ambiente","pesca e aquicultura"],"articleSection":["Mato Grosso do Sul","Not\u00edcias"],"inLanguage":"pt-BR"},{"@type":"WebPage","@id":"https:\/\/vanderloubet.com.br\/deputado\/apos-reivindicacao-de-vander-e-do-estado-governo-federal-libera-pesca-do-pintado\/","url":"https:\/\/vanderloubet.com.br\/deputado\/apos-reivindicacao-de-vander-e-do-estado-governo-federal-libera-pesca-do-pintado\/","name":"Ap\u00f3s reivindica\u00e7\u00e3o de Vander e do Estado, governo federal libera pesca do pintado","isPartOf":{"@id":"https:\/\/vanderloubet.com.br\/deputado\/#website"},"primaryImageOfPage":{"@id":"https:\/\/vanderloubet.com.br\/deputado\/apos-reivindicacao-de-vander-e-do-estado-governo-federal-libera-pesca-do-pintado\/#primaryimage"},"image":{"@id":"https:\/\/vanderloubet.com.br\/deputado\/apos-reivindicacao-de-vander-e-do-estado-governo-federal-libera-pesca-do-pintado\/#primaryimage"},"thumbnailUrl":"https:\/\/vanderloubet.com.br\/deputado\/wp-content\/uploads\/2023\/01\/foto-2023-01-30-pintado.jpg","datePublished":"2023-01-30T13:57:03+00:00","description":"Cerca de 5.000 fam\u00edlias t\u00eam na pesca sua \u00fanica fonte de renda e dependem do pintado. \u00d3rg\u00e3os ambientais v\u00e3o seguir monitorando a esp\u00e9cie.","breadcrumb":{"@id":"https:\/\/vanderloubet.com.br\/deputado\/apos-reivindicacao-de-vander-e-do-estado-governo-federal-libera-pesca-do-pintado\/#breadcrumb"},"inLanguage":"pt-BR","potentialAction":[{"@type":"ReadAction","target":["https:\/\/vanderloubet.com.br\/deputado\/apos-reivindicacao-de-vander-e-do-estado-governo-federal-libera-pesca-do-pintado\/"]}]},{"@type":"ImageObject","inLanguage":"pt-BR","@id":"https:\/\/vanderloubet.com.br\/deputado\/apos-reivindicacao-de-vander-e-do-estado-governo-federal-libera-pesca-do-pintado\/#primaryimage","url":"https:\/\/vanderloubet.com.br\/deputado\/wp-content\/uploads\/2023\/01\/foto-2023-01-30-pintado.jpg","contentUrl":"https:\/\/vanderloubet.com.br\/deputado\/wp-content\/uploads\/2023\/01\/foto-2023-01-30-pintado.jpg","width":900,"height":600,"caption":"Ap\u00f3s reivindica\u00e7\u00e3o de Vander e do Estado, governo federal libera pesca do pintado"},{"@type":"BreadcrumbList","@id":"https:\/\/vanderloubet.com.br\/deputado\/apos-reivindicacao-de-vander-e-do-estado-governo-federal-libera-pesca-do-pintado\/#breadcrumb","itemListElement":[{"@type":"ListItem","position":1,"name":"In\u00edcio","item":"https:\/\/vanderloubet.com.br\/deputado\/"},{"@type":"ListItem","position":2,"name":"Ap\u00f3s reivindica\u00e7\u00e3o de Vander e do Estado, governo federal libera pesca do pintado"}]},{"@type":"WebSite","@id":"https:\/\/vanderloubet.com.br\/deputado\/#website","url":"https:\/\/vanderloubet.com.br\/deputado\/","name":"Deputado Federal Vander Loubet","description":"O Federal de MS","publisher":{"@id":"https:\/\/vanderloubet.com.br\/deputado\/#organization"},"alternateName":"Deputado Vander","potentialAction":[{"@type":"SearchAction","target":{"@type":"EntryPoint","urlTemplate":"https:\/\/vanderloubet.com.br\/deputado\/?s={search_term_string}"},"query-input":{"@type":"PropertyValueSpecification","valueRequired":true,"valueName":"search_term_string"}}],"inLanguage":"pt-BR"},{"@type":"Organization","@id":"https:\/\/vanderloubet.com.br\/deputado\/#organization","name":"Deputado Federal Vander Loubet","alternateName":"Deputado Vander","url":"https:\/\/vanderloubet.com.br\/deputado\/","logo":{"@type":"ImageObject","inLanguage":"pt-BR","@id":"https:\/\/vanderloubet.com.br\/deputado\/#\/schema\/logo\/image\/","url":"https:\/\/vanderloubet.com.br\/deputado\/wp-content\/uploads\/2023\/06\/foto-2023-06-19-mandato-deputado-vander.jpg","contentUrl":"https:\/\/vanderloubet.com.br\/deputado\/wp-content\/uploads\/2023\/06\/foto-2023-06-19-mandato-deputado-vander.jpg","width":1080,"height":1080,"caption":"Deputado Federal Vander Loubet"},"image":{"@id":"https:\/\/vanderloubet.com.br\/deputado\/#\/schema\/logo\/image\/"},"sameAs":["https:\/\/facebook.com\/deputadovander","https:\/\/x.com\/vanderloubet","https:\/\/instagram.com\/vanderloubet","https:\/\/youtube.com\/vanderloubet","https:\/\/tiktok.com\/@vanderloubetms"]},{"@type":"Person","@id":"https:\/\/vanderloubet.com.br\/deputado\/#\/schema\/person\/15b51bd564532a8a68d9dec1b8eb890e","name":"\u00c9der","image":{"@type":"ImageObject","inLanguage":"pt-BR","@id":"https:\/\/vanderloubet.com.br\/deputado\/wp-content\/litespeed\/avatar\/88ca4090d9d5ab1c9495f6ca03b68efa.jpg?ver=1777058957","url":"https:\/\/vanderloubet.com.br\/deputado\/wp-content\/litespeed\/avatar\/88ca4090d9d5ab1c9495f6ca03b68efa.jpg?ver=1777058957","contentUrl":"https:\/\/vanderloubet.com.br\/deputado\/wp-content\/litespeed\/avatar\/88ca4090d9d5ab1c9495f6ca03b68efa.jpg?ver=1777058957","caption":"\u00c9der"}}]}},"jetpack_featured_media_url":"https:\/\/vanderloubet.com.br\/deputado\/wp-content\/uploads\/2023\/01\/foto-2023-01-30-pintado.jpg","jetpack_sharing_enabled":true,"_links":{"self":[{"href":"https:\/\/vanderloubet.com.br\/deputado\/wp-json\/wp\/v2\/posts\/18765","targetHints":{"allow":["GET"]}}],"collection":[{"href":"https:\/\/vanderloubet.com.br\/deputado\/wp-json\/wp\/v2\/posts"}],"about":[{"href":"https:\/\/vanderloubet.com.br\/deputado\/wp-json\/wp\/v2\/types\/post"}],"author":[{"embeddable":true,"href":"https:\/\/vanderloubet.com.br\/deputado\/wp-json\/wp\/v2\/users\/2"}],"replies":[{"embeddable":true,"href":"https:\/\/vanderloubet.com.br\/deputado\/wp-json\/wp\/v2\/comments?post=18765"}],"version-history":[{"count":0,"href":"https:\/\/vanderloubet.com.br\/deputado\/wp-json\/wp\/v2\/posts\/18765\/revisions"}],"wp:featuredmedia":[{"embeddable":true,"href":"https:\/\/vanderloubet.com.br\/deputado\/wp-json\/wp\/v2\/media\/18766"}],"wp:attachment":[{"href":"https:\/\/vanderloubet.com.br\/deputado\/wp-json\/wp\/v2\/media?parent=18765"}],"wp:term":[{"taxonomy":"category","embeddable":true,"href":"https:\/\/vanderloubet.com.br\/deputado\/wp-json\/wp\/v2\/categories?post=18765"},{"taxonomy":"post_tag","embeddable":true,"href":"https:\/\/vanderloubet.com.br\/deputado\/wp-json\/wp\/v2\/tags?post=18765"}],"curies":[{"name":"wp","href":"https:\/\/api.w.org\/{rel}","templated":true}]}}