{"id":18754,"date":"2023-01-19T14:36:17","date_gmt":"2023-01-19T18:36:17","guid":{"rendered":"https:\/\/vanderloubet.com.br\/deputado\/?p=18754"},"modified":"2023-01-19T20:33:56","modified_gmt":"2023-01-20T00:33:56","slug":"vander-vai-destinar-recursos-para-reforma-e-ampliacao-do-hospital-de-sgo","status":"publish","type":"post","link":"https:\/\/vanderloubet.com.br\/deputado\/vander-vai-destinar-recursos-para-reforma-e-ampliacao-do-hospital-de-sgo\/","title":{"rendered":"Vander vai destinar recursos para reforma e amplia\u00e7\u00e3o do hospital de SGO"},"content":{"rendered":"<p>No dia 10 de janeiro, o deputado federal Vander Loubet recebeu em Campo Grande a visita do vereador licenciado Geraldo Rolim, secret\u00e1rio municipal de Sa\u00fade de S\u00e3o Gabriel do Oeste. Na ocasi\u00e3o, Geraldo e o suplente de vereador e engenheiro da Prefeitura Rog\u00e9rio Santos apresentaram ao deputado o projeto de reforma e amplia\u00e7\u00e3o do Hospital Municipal Jos\u00e9 Valdir Antunes de Oliveira.<\/p>\n<p>De acordo com o secret\u00e1rio, o crescimento de SGO fez com que o munic\u00edpio se tornasse um polo da Regi\u00e3o Norte de Mato Grosso do Sul, aumentando a procura pelos servi\u00e7os prestados pelo Hospital. Dessa forma, \u00e9 necess\u00e1ria uma readequa\u00e7\u00e3o da estrutura f\u00edsica da unidade, a fim de comportar essa nova demanda.<\/p>\n<p>&#8220;Esse \u00e9 o \u00fanico hospital do munic\u00edpio e, al\u00e9m da nossa popula\u00e7\u00e3o, atende pessoas dos munic\u00edpios vizinhos. S\u00e3o mais de tr\u00eas mil pessoas atendidas mensalmente. A estrutura n\u00e3o sofreu muitas altera\u00e7\u00f5es desde a sua cria\u00e7\u00e3o. E, diante do crescimento populacional, se torna imprescind\u00edvel investimento em sua estrutura f\u00edsica, para ampliar os consult\u00f3rios, a recep\u00e7\u00e3o, s sala de espera, as salas de observa\u00e7\u00e3o e o pronto socorro&#8221;, explica Geraldo Rolim.<\/p>\n<p>Parlamentar que mais destinou recursos para o munic\u00edpio, Vander Loubet se comprometeu com Geraldo Rolim a empenhar uma emenda parlamentar individual de R$ 1 milh\u00e3o para contribuir com o projeto de reforma e amplia\u00e7\u00e3o do Hospital.<\/p>\n<p>&#8220;Precisamos de um investimento de R$ 2,2 milh\u00f5es. J\u00e1 conseguimos R$ 600 mil do Governo do Estado, R$ 600 mil de recurso pr\u00f3prio do Munic\u00edpio e agora temos essa boa not\u00edcia de que o deputado Vander vai destinar R$ 1 milh\u00e3o, o que torna vi\u00e1vel e poss\u00edvel a execu\u00e7\u00e3o\u00a0da\u00a0obra&#8221;, comemorou o secret\u00e1rio.<\/p>\n<p>Segundo o deputado, a sa\u00fade p\u00fablica \u00e9 uma das \u00e1reas que mais precisa de apoio dos parlamentares, pois nem sempre os recursos pr\u00f3prios das prefeituras s\u00e3o suficientes para as demandas.<\/p>\n<p>&#8220;Quero reafirmar \u00e0 popula\u00e7\u00e3o de S\u00e3o Gabriel do Oeste que podem contar com meu apoio para esse projeto. O Geraldo Rolim \u00e9 um grande parceiro do meu mandato, ent\u00e3o sei que esses recursos ser\u00e3o bem aplicados e que v\u00e3o trazer grande benef\u00edcio para o munic\u00edpio&#8221;, concluiu Vander.<\/p>\n<p><em>(\u00c9der F. Yanaguita &#8211; Ascom\/Dep. Vander Loubet)<\/em><\/p>\n\r\n                <style type=\"text\/css\">\r\n                    \r\n                    #tdi_1  .td-doubleSlider-2 .td-item1 {\r\n                        background: url(https:\/\/vanderloubet.com.br\/deputado\/wp-content\/uploads\/2023\/01\/foto-2023-01-19-hospital-sgo-01-80x60.jpg) 0 0 no-repeat;\r\n                    }\r\n                    #tdi_1  .td-doubleSlider-2 .td-item2 {\r\n                        background: url(https:\/\/vanderloubet.com.br\/deputado\/wp-content\/uploads\/2023\/01\/foto-2023-01-19-hospital-sgo-02-80x60.jpg) 0 0 no-repeat;\r\n                    }\r\n                    #tdi_1  .td-doubleSlider-2 .td-item3 {\r\n                        background: url(https:\/\/vanderloubet.com.br\/deputado\/wp-content\/uploads\/2023\/01\/foto-2023-01-19-hospital-sgo-03-80x60.jpg) 0 0 no-repeat;\r\n                    }\r\n                    #tdi_1  .td-doubleSlider-2 .td-item4 {\r\n                        background: url(https:\/\/vanderloubet.com.br\/deputado\/wp-content\/uploads\/2023\/01\/foto-2023-01-19-hospital-sgo-04-80x60.jpg) 0 0 no-repeat;\r\n                    }\r\n                <\/style>\r\n\r\n                <div id=\"tdi_1\" class=\"td-gallery td-slide-on-2-columns\">\r\n                    <div class=\"post_td_gallery\">\r\n                        <div class=\"td-gallery-slide-top\">\r\n                           <div class=\"td-gallery-title\"><\/div>\r\n\r\n                            <div class=\"td-gallery-controls-wrapper\">\r\n                                <div class=\"td-gallery-slide-count\"><span class=\"td-gallery-slide-item-focus\">1<\/span> de 4<\/div>\r\n                                <div class=\"td-gallery-slide-prev-next-but\">\r\n                                    <i class = \"td-icon-left doubleSliderPrevButton\"><\/i>\r\n                                    <i class = \"td-icon-right doubleSliderNextButton\"><\/i>\r\n                                <\/div>\r\n                            <\/div>\r\n                        <\/div>\r\n\r\n                        <div class = \"td-doubleSlider-1 \">\r\n                            <div class = \"td-slider\">\r\n                                \r\n                    <div class = \"td-slide-item td-item1\">\r\n                        <figure class=\"td-slide-galery-figure td-slide-popup-gallery\">\r\n                            <a class=\"slide-gallery-image-link\" href=\"https:\/\/vanderloubet.com.br\/deputado\/wp-content\/uploads\/2023\/01\/foto-2023-01-19-hospital-sgo-01.jpg\" title=\"Hospital \u00e9 o \u00fanico do munic\u00edpio e a estrutura n\u00e3o sofreu muitas altera\u00e7\u00f5es desde a sua cria\u00e7\u00e3o\"  data-caption=\"\"  data-description=\"Hospital &eacute; o &uacute;nico do munic&iacute;pio e a estrutura n&atilde;o sofreu muitas altera&ccedil;&otilde;es desde a sua cria&ccedil;&atilde;o\">\r\n                                <img decoding=\"async\" src=\"https:\/\/vanderloubet.com.br\/deputado\/wp-content\/uploads\/2023\/01\/foto-2023-01-19-hospital-sgo-01-630x420.jpg\" srcset=\"https:\/\/vanderloubet.com.br\/deputado\/wp-content\/uploads\/2023\/01\/foto-2023-01-19-hospital-sgo-01-630x420.jpg 630w, https:\/\/vanderloubet.com.br\/deputado\/wp-content\/uploads\/2023\/01\/foto-2023-01-19-hospital-sgo-01-350x233.jpg 350w, https:\/\/vanderloubet.com.br\/deputado\/wp-content\/uploads\/2023\/01\/foto-2023-01-19-hospital-sgo-01-768x512.jpg 768w, https:\/\/vanderloubet.com.br\/deputado\/wp-content\/uploads\/2023\/01\/foto-2023-01-19-hospital-sgo-01-700x467.jpg 700w, https:\/\/vanderloubet.com.br\/deputado\/wp-content\/uploads\/2023\/01\/foto-2023-01-19-hospital-sgo-01-696x464.jpg 696w, https:\/\/vanderloubet.com.br\/deputado\/wp-content\/uploads\/2023\/01\/foto-2023-01-19-hospital-sgo-01-1068x712.jpg 1068w, https:\/\/vanderloubet.com.br\/deputado\/wp-content\/uploads\/2023\/01\/foto-2023-01-19-hospital-sgo-01.jpg 1080w\" sizes=\"(max-width: 630px) 100vw, 630px\" alt=\"Hospital &eacute; o &uacute;nico do munic&iacute;pio e a estrutura n&atilde;o sofreu muitas altera&ccedil;&otilde;es desde a sua cria&ccedil;&atilde;o\">\r\n                            <\/a>\r\n                            <figcaption class = \"td-slide-caption td-gallery-slide-content\"><span>Hospital \u00e9 o \u00fanico do munic\u00edpio e a estrutura n\u00e3o sofreu muitas altera\u00e7\u00f5es desde a sua cria\u00e7\u00e3o<\/span><\/figcaption>\r\n                        <\/figure>\r\n                    <\/div>\r\n                    <div class = \"td-slide-item td-item2\">\r\n                        <figure class=\"td-slide-galery-figure td-slide-popup-gallery\">\r\n                            <a class=\"slide-gallery-image-link\" href=\"https:\/\/vanderloubet.com.br\/deputado\/wp-content\/uploads\/2023\/01\/foto-2023-01-19-hospital-sgo-02.jpg\" title=\"Projeto prev\u00ea amplia\u00e7\u00e3o de consult\u00f3rios, recep\u00e7\u00e3o, sala de espera, salas de observa\u00e7\u00e3o e pronto socorro\"  data-caption=\"\"  data-description=\"Projeto prev&ecirc; amplia&ccedil;&atilde;o de consult&oacute;rios, recep&ccedil;&atilde;o, sala de espera, salas de observa&ccedil;&atilde;o e pronto socorro\">\r\n                                <img decoding=\"async\" src=\"https:\/\/vanderloubet.com.br\/deputado\/wp-content\/uploads\/2023\/01\/foto-2023-01-19-hospital-sgo-02-630x420.jpg\" srcset=\"https:\/\/vanderloubet.com.br\/deputado\/wp-content\/uploads\/2023\/01\/foto-2023-01-19-hospital-sgo-02-630x420.jpg 630w, https:\/\/vanderloubet.com.br\/deputado\/wp-content\/uploads\/2023\/01\/foto-2023-01-19-hospital-sgo-02-350x233.jpg 350w, https:\/\/vanderloubet.com.br\/deputado\/wp-content\/uploads\/2023\/01\/foto-2023-01-19-hospital-sgo-02-768x512.jpg 768w, https:\/\/vanderloubet.com.br\/deputado\/wp-content\/uploads\/2023\/01\/foto-2023-01-19-hospital-sgo-02-700x467.jpg 700w, https:\/\/vanderloubet.com.br\/deputado\/wp-content\/uploads\/2023\/01\/foto-2023-01-19-hospital-sgo-02-696x464.jpg 696w, https:\/\/vanderloubet.com.br\/deputado\/wp-content\/uploads\/2023\/01\/foto-2023-01-19-hospital-sgo-02-1068x712.jpg 1068w, https:\/\/vanderloubet.com.br\/deputado\/wp-content\/uploads\/2023\/01\/foto-2023-01-19-hospital-sgo-02.jpg 1080w\" sizes=\"(max-width: 630px) 100vw, 630px\" alt=\"Projeto prev&ecirc; amplia&ccedil;&atilde;o de consult&oacute;rios, recep&ccedil;&atilde;o, sala de espera, salas de observa&ccedil;&atilde;o e pronto socorro\">\r\n                            <\/a>\r\n                            <figcaption class = \"td-slide-caption td-gallery-slide-content\"><span>Projeto prev\u00ea amplia\u00e7\u00e3o de consult\u00f3rios, recep\u00e7\u00e3o, sala de espera, salas de observa\u00e7\u00e3o e pronto socorro<\/span><\/figcaption>\r\n                        <\/figure>\r\n                    <\/div>\r\n                    <div class = \"td-slide-item td-item3\">\r\n                        <figure class=\"td-slide-galery-figure td-slide-popup-gallery\">\r\n                            <a class=\"slide-gallery-image-link\" href=\"https:\/\/vanderloubet.com.br\/deputado\/wp-content\/uploads\/2023\/01\/foto-2023-01-19-hospital-sgo-03.jpg\" title=\"Projeto prev\u00ea amplia\u00e7\u00e3o de consult\u00f3rios, recep\u00e7\u00e3o, sala de espera, salas de observa\u00e7\u00e3o e pronto socorro\"  data-caption=\"\"  data-description=\"Projeto prev&ecirc; amplia&ccedil;&atilde;o de consult&oacute;rios, recep&ccedil;&atilde;o, sala de espera, salas de observa&ccedil;&atilde;o e pronto socorro\">\r\n                                <img decoding=\"async\" src=\"https:\/\/vanderloubet.com.br\/deputado\/wp-content\/uploads\/2023\/01\/foto-2023-01-19-hospital-sgo-03-630x420.jpg\" srcset=\"https:\/\/vanderloubet.com.br\/deputado\/wp-content\/uploads\/2023\/01\/foto-2023-01-19-hospital-sgo-03-630x420.jpg 630w, https:\/\/vanderloubet.com.br\/deputado\/wp-content\/uploads\/2023\/01\/foto-2023-01-19-hospital-sgo-03-350x233.jpg 350w, https:\/\/vanderloubet.com.br\/deputado\/wp-content\/uploads\/2023\/01\/foto-2023-01-19-hospital-sgo-03-768x512.jpg 768w, https:\/\/vanderloubet.com.br\/deputado\/wp-content\/uploads\/2023\/01\/foto-2023-01-19-hospital-sgo-03-700x467.jpg 700w, https:\/\/vanderloubet.com.br\/deputado\/wp-content\/uploads\/2023\/01\/foto-2023-01-19-hospital-sgo-03-696x464.jpg 696w, https:\/\/vanderloubet.com.br\/deputado\/wp-content\/uploads\/2023\/01\/foto-2023-01-19-hospital-sgo-03-1068x712.jpg 1068w, https:\/\/vanderloubet.com.br\/deputado\/wp-content\/uploads\/2023\/01\/foto-2023-01-19-hospital-sgo-03.jpg 1080w\" sizes=\"(max-width: 630px) 100vw, 630px\" alt=\"Projeto prev&ecirc; amplia&ccedil;&atilde;o de consult&oacute;rios, recep&ccedil;&atilde;o, sala de espera, salas de observa&ccedil;&atilde;o e pronto socorro\">\r\n                            <\/a>\r\n                            <figcaption class = \"td-slide-caption td-gallery-slide-content\"><span>Projeto prev\u00ea amplia\u00e7\u00e3o de consult\u00f3rios, recep\u00e7\u00e3o, sala de espera, salas de observa\u00e7\u00e3o e pronto socorro<\/span><\/figcaption>\r\n                        <\/figure>\r\n                    <\/div>\r\n                    <div class = \"td-slide-item td-item4\">\r\n                        <figure class=\"td-slide-galery-figure td-slide-popup-gallery\">\r\n                            <a class=\"slide-gallery-image-link\" href=\"https:\/\/vanderloubet.com.br\/deputado\/wp-content\/uploads\/2023\/01\/foto-2023-01-19-hospital-sgo-04.jpg\" title=\"Secret\u00e1rio Geraldo apresentou ao deputado Vander o projeto e recebeu not\u00edcia positiva\"  data-caption=\"\"  data-description=\"Secret&aacute;rio Geraldo apresentou ao deputado Vander o projeto e recebeu not&iacute;cia positiva\">\r\n                                <img decoding=\"async\" src=\"https:\/\/vanderloubet.com.br\/deputado\/wp-content\/uploads\/2023\/01\/foto-2023-01-19-hospital-sgo-04-630x420.jpg\" srcset=\"https:\/\/vanderloubet.com.br\/deputado\/wp-content\/uploads\/2023\/01\/foto-2023-01-19-hospital-sgo-04-630x420.jpg 630w, https:\/\/vanderloubet.com.br\/deputado\/wp-content\/uploads\/2023\/01\/foto-2023-01-19-hospital-sgo-04-350x233.jpg 350w, https:\/\/vanderloubet.com.br\/deputado\/wp-content\/uploads\/2023\/01\/foto-2023-01-19-hospital-sgo-04-768x512.jpg 768w, https:\/\/vanderloubet.com.br\/deputado\/wp-content\/uploads\/2023\/01\/foto-2023-01-19-hospital-sgo-04-700x467.jpg 700w, https:\/\/vanderloubet.com.br\/deputado\/wp-content\/uploads\/2023\/01\/foto-2023-01-19-hospital-sgo-04-696x464.jpg 696w, https:\/\/vanderloubet.com.br\/deputado\/wp-content\/uploads\/2023\/01\/foto-2023-01-19-hospital-sgo-04-1068x712.jpg 1068w, https:\/\/vanderloubet.com.br\/deputado\/wp-content\/uploads\/2023\/01\/foto-2023-01-19-hospital-sgo-04.jpg 1080w\" sizes=\"(max-width: 630px) 100vw, 630px\" alt=\"Secret&aacute;rio Geraldo apresentou ao deputado Vander o projeto e recebeu not&iacute;cia positiva\">\r\n                            <\/a>\r\n                            <figcaption class = \"td-slide-caption td-gallery-slide-content\"><span>Secret\u00e1rio Geraldo apresentou ao deputado Vander o projeto e recebeu not\u00edcia positiva<\/span><\/figcaption>\r\n                        <\/figure>\r\n                    <\/div>\r\n                            <\/div>\r\n                        <\/div>\r\n\r\n                        <div class = \"td-doubleSlider-2\">\r\n                            <div class = \"td-slider\">\r\n                                \r\n                    <div class = \"td-button td-item1\">\r\n                        <div class = \"td-border\"><\/div>\r\n                    <\/div>\r\n                    <div class = \"td-button td-item2\">\r\n                        <div class = \"td-border\"><\/div>\r\n                    <\/div>\r\n                    <div class = \"td-button td-item3\">\r\n                        <div class = \"td-border\"><\/div>\r\n                    <\/div>\r\n                    <div class = \"td-button td-item4\">\r\n                        <div class = \"td-border\"><\/div>\r\n                    <\/div>\r\n                            <\/div>\r\n                        <\/div>\r\n\r\n                    <\/div>\r\n\r\n                <\/div>\r\n                \n","protected":false},"excerpt":{"rendered":"<p>Projeto ter\u00e1 investimento de R$ 2,2 milh\u00f5es e o deputado petista se comprometeu a colaborar com R$ 1 milh\u00e3o.<\/p>\n","protected":false},"author":2,"featured_media":18758,"comment_status":"closed","ping_status":"closed","sticky":false,"template":"","format":"standard","meta":{"jetpack_post_was_ever_published":false,"_jetpack_newsletter_access":"","_jetpack_dont_email_post_to_subs":false,"_jetpack_newsletter_tier_id":0,"_jetpack_memberships_contains_paywalled_content":false,"_jetpack_memberships_contains_paid_content":false,"footnotes":""},"categories":[2099,10],"tags":[2127,1795,1803],"class_list":{"0":"post-18754","1":"post","2":"type-post","3":"status-publish","4":"format-standard","5":"has-post-thumbnail","7":"category-ms-noticias","8":"category-noticias","9":"tag-emenda-parlamentar","10":"tag-sao-gabriel-do-oeste","11":"tag-saude"},"yoast_head":"<!-- This site is optimized with the Yoast SEO plugin v27.4 - https:\/\/yoast.com\/product\/yoast-seo-wordpress\/ -->\n<title>Vander vai destinar recursos para reforma e amplia\u00e7\u00e3o do hospital de SGO<\/title>\n<meta name=\"description\" content=\"Projeto ter\u00e1 investimento de R$ 2,2 milh\u00f5es e o deputado petista se comprometeu a colaborar com R$ 1 milh\u00e3o.\" \/>\n<meta name=\"robots\" content=\"index, follow, max-snippet:-1, max-image-preview:large, max-video-preview:-1\" \/>\n<link rel=\"canonical\" href=\"https:\/\/vanderloubet.com.br\/deputado\/vander-vai-destinar-recursos-para-reforma-e-ampliacao-do-hospital-de-sgo\/\" \/>\n<meta property=\"og:locale\" content=\"pt_BR\" \/>\n<meta property=\"og:type\" content=\"article\" \/>\n<meta property=\"og:title\" content=\"Vander vai destinar recursos para reforma e amplia\u00e7\u00e3o do hospital de SGO\" \/>\n<meta property=\"og:description\" content=\"Projeto ter\u00e1 investimento de R$ 2,2 milh\u00f5es e o deputado petista se comprometeu a colaborar com R$ 1 milh\u00e3o.\" \/>\n<meta property=\"og:url\" content=\"https:\/\/vanderloubet.com.br\/deputado\/vander-vai-destinar-recursos-para-reforma-e-ampliacao-do-hospital-de-sgo\/\" \/>\n<meta property=\"og:site_name\" content=\"Deputado Federal Vander Loubet\" \/>\n<meta property=\"article:publisher\" content=\"https:\/\/facebook.com\/deputadovander\" \/>\n<meta property=\"article:published_time\" content=\"2023-01-19T18:36:17+00:00\" \/>\n<meta property=\"article:modified_time\" content=\"2023-01-20T00:33:56+00:00\" \/>\n<meta property=\"og:image\" content=\"https:\/\/vanderloubet.com.br\/deputado\/wp-content\/uploads\/2023\/01\/foto-2023-01-19-hospital-sgo-04.jpg\" \/>\n\t<meta property=\"og:image:width\" content=\"1080\" \/>\n\t<meta property=\"og:image:height\" content=\"720\" \/>\n\t<meta property=\"og:image:type\" content=\"image\/jpeg\" \/>\n<meta name=\"author\" content=\"\u00c9der\" \/>\n<meta name=\"twitter:card\" content=\"summary_large_image\" \/>\n<meta name=\"twitter:creator\" content=\"@vanderloubet\" \/>\n<meta name=\"twitter:site\" content=\"@vanderloubet\" \/>\n<script type=\"application\/ld+json\" class=\"yoast-schema-graph\">{\"@context\":\"https:\\\/\\\/schema.org\",\"@graph\":[{\"@type\":\"Article\",\"@id\":\"https:\\\/\\\/vanderloubet.com.br\\\/deputado\\\/vander-vai-destinar-recursos-para-reforma-e-ampliacao-do-hospital-de-sgo\\\/#article\",\"isPartOf\":{\"@id\":\"https:\\\/\\\/vanderloubet.com.br\\\/deputado\\\/vander-vai-destinar-recursos-para-reforma-e-ampliacao-do-hospital-de-sgo\\\/\"},\"author\":{\"name\":\"\u00c9der\",\"@id\":\"https:\\\/\\\/vanderloubet.com.br\\\/deputado\\\/#\\\/schema\\\/person\\\/15b51bd564532a8a68d9dec1b8eb890e\"},\"headline\":\"Vander vai destinar recursos para reforma e amplia\u00e7\u00e3o do hospital de SGO\",\"datePublished\":\"2023-01-19T18:36:17+00:00\",\"dateModified\":\"2023-01-20T00:33:56+00:00\",\"mainEntityOfPage\":{\"@id\":\"https:\\\/\\\/vanderloubet.com.br\\\/deputado\\\/vander-vai-destinar-recursos-para-reforma-e-ampliacao-do-hospital-de-sgo\\\/\"},\"wordCount\":418,\"publisher\":{\"@id\":\"https:\\\/\\\/vanderloubet.com.br\\\/deputado\\\/#organization\"},\"image\":{\"@id\":\"https:\\\/\\\/vanderloubet.com.br\\\/deputado\\\/vander-vai-destinar-recursos-para-reforma-e-ampliacao-do-hospital-de-sgo\\\/#primaryimage\"},\"thumbnailUrl\":\"https:\\\/\\\/vanderloubet.com.br\\\/deputado\\\/wp-content\\\/uploads\\\/2023\\\/01\\\/foto-2023-01-19-hospital-sgo-04.jpg\",\"keywords\":[\"emenda parlamentar\",\"s\u00e3o gabriel do oeste\",\"sa\u00fade\"],\"articleSection\":[\"Mato Grosso do Sul\",\"Not\u00edcias\"],\"inLanguage\":\"pt-BR\"},{\"@type\":\"WebPage\",\"@id\":\"https:\\\/\\\/vanderloubet.com.br\\\/deputado\\\/vander-vai-destinar-recursos-para-reforma-e-ampliacao-do-hospital-de-sgo\\\/\",\"url\":\"https:\\\/\\\/vanderloubet.com.br\\\/deputado\\\/vander-vai-destinar-recursos-para-reforma-e-ampliacao-do-hospital-de-sgo\\\/\",\"name\":\"Vander vai destinar recursos para reforma e amplia\u00e7\u00e3o do hospital de SGO\",\"isPartOf\":{\"@id\":\"https:\\\/\\\/vanderloubet.com.br\\\/deputado\\\/#website\"},\"primaryImageOfPage\":{\"@id\":\"https:\\\/\\\/vanderloubet.com.br\\\/deputado\\\/vander-vai-destinar-recursos-para-reforma-e-ampliacao-do-hospital-de-sgo\\\/#primaryimage\"},\"image\":{\"@id\":\"https:\\\/\\\/vanderloubet.com.br\\\/deputado\\\/vander-vai-destinar-recursos-para-reforma-e-ampliacao-do-hospital-de-sgo\\\/#primaryimage\"},\"thumbnailUrl\":\"https:\\\/\\\/vanderloubet.com.br\\\/deputado\\\/wp-content\\\/uploads\\\/2023\\\/01\\\/foto-2023-01-19-hospital-sgo-04.jpg\",\"datePublished\":\"2023-01-19T18:36:17+00:00\",\"dateModified\":\"2023-01-20T00:33:56+00:00\",\"description\":\"Projeto ter\u00e1 investimento de R$ 2,2 milh\u00f5es e o deputado petista se comprometeu a colaborar com R$ 1 milh\u00e3o.\",\"breadcrumb\":{\"@id\":\"https:\\\/\\\/vanderloubet.com.br\\\/deputado\\\/vander-vai-destinar-recursos-para-reforma-e-ampliacao-do-hospital-de-sgo\\\/#breadcrumb\"},\"inLanguage\":\"pt-BR\",\"potentialAction\":[{\"@type\":\"ReadAction\",\"target\":[\"https:\\\/\\\/vanderloubet.com.br\\\/deputado\\\/vander-vai-destinar-recursos-para-reforma-e-ampliacao-do-hospital-de-sgo\\\/\"]}]},{\"@type\":\"ImageObject\",\"inLanguage\":\"pt-BR\",\"@id\":\"https:\\\/\\\/vanderloubet.com.br\\\/deputado\\\/vander-vai-destinar-recursos-para-reforma-e-ampliacao-do-hospital-de-sgo\\\/#primaryimage\",\"url\":\"https:\\\/\\\/vanderloubet.com.br\\\/deputado\\\/wp-content\\\/uploads\\\/2023\\\/01\\\/foto-2023-01-19-hospital-sgo-04.jpg\",\"contentUrl\":\"https:\\\/\\\/vanderloubet.com.br\\\/deputado\\\/wp-content\\\/uploads\\\/2023\\\/01\\\/foto-2023-01-19-hospital-sgo-04.jpg\",\"width\":1080,\"height\":720,\"caption\":\"Secret\u00e1rio Geraldo apresentou ao deputado Vander o projeto e recebeu not\u00edcia positiva\"},{\"@type\":\"BreadcrumbList\",\"@id\":\"https:\\\/\\\/vanderloubet.com.br\\\/deputado\\\/vander-vai-destinar-recursos-para-reforma-e-ampliacao-do-hospital-de-sgo\\\/#breadcrumb\",\"itemListElement\":[{\"@type\":\"ListItem\",\"position\":1,\"name\":\"In\u00edcio\",\"item\":\"https:\\\/\\\/vanderloubet.com.br\\\/deputado\\\/\"},{\"@type\":\"ListItem\",\"position\":2,\"name\":\"Vander vai destinar recursos para reforma e amplia\u00e7\u00e3o do hospital de SGO\"}]},{\"@type\":\"WebSite\",\"@id\":\"https:\\\/\\\/vanderloubet.com.br\\\/deputado\\\/#website\",\"url\":\"https:\\\/\\\/vanderloubet.com.br\\\/deputado\\\/\",\"name\":\"Deputado Federal Vander Loubet\",\"description\":\"O Federal de MS\",\"publisher\":{\"@id\":\"https:\\\/\\\/vanderloubet.com.br\\\/deputado\\\/#organization\"},\"alternateName\":\"Deputado Vander\",\"potentialAction\":[{\"@type\":\"SearchAction\",\"target\":{\"@type\":\"EntryPoint\",\"urlTemplate\":\"https:\\\/\\\/vanderloubet.com.br\\\/deputado\\\/?s={search_term_string}\"},\"query-input\":{\"@type\":\"PropertyValueSpecification\",\"valueRequired\":true,\"valueName\":\"search_term_string\"}}],\"inLanguage\":\"pt-BR\"},{\"@type\":\"Organization\",\"@id\":\"https:\\\/\\\/vanderloubet.com.br\\\/deputado\\\/#organization\",\"name\":\"Deputado Federal Vander Loubet\",\"alternateName\":\"Deputado Vander\",\"url\":\"https:\\\/\\\/vanderloubet.com.br\\\/deputado\\\/\",\"logo\":{\"@type\":\"ImageObject\",\"inLanguage\":\"pt-BR\",\"@id\":\"https:\\\/\\\/vanderloubet.com.br\\\/deputado\\\/#\\\/schema\\\/logo\\\/image\\\/\",\"url\":\"https:\\\/\\\/vanderloubet.com.br\\\/deputado\\\/wp-content\\\/uploads\\\/2023\\\/06\\\/foto-2023-06-19-mandato-deputado-vander.jpg\",\"contentUrl\":\"https:\\\/\\\/vanderloubet.com.br\\\/deputado\\\/wp-content\\\/uploads\\\/2023\\\/06\\\/foto-2023-06-19-mandato-deputado-vander.jpg\",\"width\":1080,\"height\":1080,\"caption\":\"Deputado Federal Vander Loubet\"},\"image\":{\"@id\":\"https:\\\/\\\/vanderloubet.com.br\\\/deputado\\\/#\\\/schema\\\/logo\\\/image\\\/\"},\"sameAs\":[\"https:\\\/\\\/facebook.com\\\/deputadovander\",\"https:\\\/\\\/x.com\\\/vanderloubet\",\"https:\\\/\\\/instagram.com\\\/vanderloubet\",\"https:\\\/\\\/youtube.com\\\/vanderloubet\",\"https:\\\/\\\/tiktok.com\\\/@vanderloubetms\"]},{\"@type\":\"Person\",\"@id\":\"https:\\\/\\\/vanderloubet.com.br\\\/deputado\\\/#\\\/schema\\\/person\\\/15b51bd564532a8a68d9dec1b8eb890e\",\"name\":\"\u00c9der\",\"image\":{\"@type\":\"ImageObject\",\"inLanguage\":\"pt-BR\",\"@id\":\"https:\\\/\\\/vanderloubet.com.br\\\/deputado\\\/wp-content\\\/litespeed\\\/avatar\\\/88ca4090d9d5ab1c9495f6ca03b68efa.jpg?ver=1777058957\",\"url\":\"https:\\\/\\\/vanderloubet.com.br\\\/deputado\\\/wp-content\\\/litespeed\\\/avatar\\\/88ca4090d9d5ab1c9495f6ca03b68efa.jpg?ver=1777058957\",\"contentUrl\":\"https:\\\/\\\/vanderloubet.com.br\\\/deputado\\\/wp-content\\\/litespeed\\\/avatar\\\/88ca4090d9d5ab1c9495f6ca03b68efa.jpg?ver=1777058957\",\"caption\":\"\u00c9der\"}}]}<\/script>\n<!-- \/ Yoast SEO plugin. -->","yoast_head_json":{"title":"Vander vai destinar recursos para reforma e amplia\u00e7\u00e3o do hospital de SGO","description":"Projeto ter\u00e1 investimento de R$ 2,2 milh\u00f5es e o deputado petista se comprometeu a colaborar com R$ 1 milh\u00e3o.","robots":{"index":"index","follow":"follow","max-snippet":"max-snippet:-1","max-image-preview":"max-image-preview:large","max-video-preview":"max-video-preview:-1"},"canonical":"https:\/\/vanderloubet.com.br\/deputado\/vander-vai-destinar-recursos-para-reforma-e-ampliacao-do-hospital-de-sgo\/","og_locale":"pt_BR","og_type":"article","og_title":"Vander vai destinar recursos para reforma e amplia\u00e7\u00e3o do hospital de SGO","og_description":"Projeto ter\u00e1 investimento de R$ 2,2 milh\u00f5es e o deputado petista se comprometeu a colaborar com R$ 1 milh\u00e3o.","og_url":"https:\/\/vanderloubet.com.br\/deputado\/vander-vai-destinar-recursos-para-reforma-e-ampliacao-do-hospital-de-sgo\/","og_site_name":"Deputado Federal Vander Loubet","article_publisher":"https:\/\/facebook.com\/deputadovander","article_published_time":"2023-01-19T18:36:17+00:00","article_modified_time":"2023-01-20T00:33:56+00:00","og_image":[{"width":1080,"height":720,"url":"https:\/\/vanderloubet.com.br\/deputado\/wp-content\/uploads\/2023\/01\/foto-2023-01-19-hospital-sgo-04.jpg","type":"image\/jpeg"}],"author":"\u00c9der","twitter_card":"summary_large_image","twitter_creator":"@vanderloubet","twitter_site":"@vanderloubet","schema":{"@context":"https:\/\/schema.org","@graph":[{"@type":"Article","@id":"https:\/\/vanderloubet.com.br\/deputado\/vander-vai-destinar-recursos-para-reforma-e-ampliacao-do-hospital-de-sgo\/#article","isPartOf":{"@id":"https:\/\/vanderloubet.com.br\/deputado\/vander-vai-destinar-recursos-para-reforma-e-ampliacao-do-hospital-de-sgo\/"},"author":{"name":"\u00c9der","@id":"https:\/\/vanderloubet.com.br\/deputado\/#\/schema\/person\/15b51bd564532a8a68d9dec1b8eb890e"},"headline":"Vander vai destinar recursos para reforma e amplia\u00e7\u00e3o do hospital de SGO","datePublished":"2023-01-19T18:36:17+00:00","dateModified":"2023-01-20T00:33:56+00:00","mainEntityOfPage":{"@id":"https:\/\/vanderloubet.com.br\/deputado\/vander-vai-destinar-recursos-para-reforma-e-ampliacao-do-hospital-de-sgo\/"},"wordCount":418,"publisher":{"@id":"https:\/\/vanderloubet.com.br\/deputado\/#organization"},"image":{"@id":"https:\/\/vanderloubet.com.br\/deputado\/vander-vai-destinar-recursos-para-reforma-e-ampliacao-do-hospital-de-sgo\/#primaryimage"},"thumbnailUrl":"https:\/\/vanderloubet.com.br\/deputado\/wp-content\/uploads\/2023\/01\/foto-2023-01-19-hospital-sgo-04.jpg","keywords":["emenda parlamentar","s\u00e3o gabriel do oeste","sa\u00fade"],"articleSection":["Mato Grosso do Sul","Not\u00edcias"],"inLanguage":"pt-BR"},{"@type":"WebPage","@id":"https:\/\/vanderloubet.com.br\/deputado\/vander-vai-destinar-recursos-para-reforma-e-ampliacao-do-hospital-de-sgo\/","url":"https:\/\/vanderloubet.com.br\/deputado\/vander-vai-destinar-recursos-para-reforma-e-ampliacao-do-hospital-de-sgo\/","name":"Vander vai destinar recursos para reforma e amplia\u00e7\u00e3o do hospital de SGO","isPartOf":{"@id":"https:\/\/vanderloubet.com.br\/deputado\/#website"},"primaryImageOfPage":{"@id":"https:\/\/vanderloubet.com.br\/deputado\/vander-vai-destinar-recursos-para-reforma-e-ampliacao-do-hospital-de-sgo\/#primaryimage"},"image":{"@id":"https:\/\/vanderloubet.com.br\/deputado\/vander-vai-destinar-recursos-para-reforma-e-ampliacao-do-hospital-de-sgo\/#primaryimage"},"thumbnailUrl":"https:\/\/vanderloubet.com.br\/deputado\/wp-content\/uploads\/2023\/01\/foto-2023-01-19-hospital-sgo-04.jpg","datePublished":"2023-01-19T18:36:17+00:00","dateModified":"2023-01-20T00:33:56+00:00","description":"Projeto ter\u00e1 investimento de R$ 2,2 milh\u00f5es e o deputado petista se comprometeu a colaborar com R$ 1 milh\u00e3o.","breadcrumb":{"@id":"https:\/\/vanderloubet.com.br\/deputado\/vander-vai-destinar-recursos-para-reforma-e-ampliacao-do-hospital-de-sgo\/#breadcrumb"},"inLanguage":"pt-BR","potentialAction":[{"@type":"ReadAction","target":["https:\/\/vanderloubet.com.br\/deputado\/vander-vai-destinar-recursos-para-reforma-e-ampliacao-do-hospital-de-sgo\/"]}]},{"@type":"ImageObject","inLanguage":"pt-BR","@id":"https:\/\/vanderloubet.com.br\/deputado\/vander-vai-destinar-recursos-para-reforma-e-ampliacao-do-hospital-de-sgo\/#primaryimage","url":"https:\/\/vanderloubet.com.br\/deputado\/wp-content\/uploads\/2023\/01\/foto-2023-01-19-hospital-sgo-04.jpg","contentUrl":"https:\/\/vanderloubet.com.br\/deputado\/wp-content\/uploads\/2023\/01\/foto-2023-01-19-hospital-sgo-04.jpg","width":1080,"height":720,"caption":"Secret\u00e1rio Geraldo apresentou ao deputado Vander o projeto e recebeu not\u00edcia positiva"},{"@type":"BreadcrumbList","@id":"https:\/\/vanderloubet.com.br\/deputado\/vander-vai-destinar-recursos-para-reforma-e-ampliacao-do-hospital-de-sgo\/#breadcrumb","itemListElement":[{"@type":"ListItem","position":1,"name":"In\u00edcio","item":"https:\/\/vanderloubet.com.br\/deputado\/"},{"@type":"ListItem","position":2,"name":"Vander vai destinar recursos para reforma e amplia\u00e7\u00e3o do hospital de SGO"}]},{"@type":"WebSite","@id":"https:\/\/vanderloubet.com.br\/deputado\/#website","url":"https:\/\/vanderloubet.com.br\/deputado\/","name":"Deputado Federal Vander Loubet","description":"O Federal de MS","publisher":{"@id":"https:\/\/vanderloubet.com.br\/deputado\/#organization"},"alternateName":"Deputado Vander","potentialAction":[{"@type":"SearchAction","target":{"@type":"EntryPoint","urlTemplate":"https:\/\/vanderloubet.com.br\/deputado\/?s={search_term_string}"},"query-input":{"@type":"PropertyValueSpecification","valueRequired":true,"valueName":"search_term_string"}}],"inLanguage":"pt-BR"},{"@type":"Organization","@id":"https:\/\/vanderloubet.com.br\/deputado\/#organization","name":"Deputado Federal Vander Loubet","alternateName":"Deputado Vander","url":"https:\/\/vanderloubet.com.br\/deputado\/","logo":{"@type":"ImageObject","inLanguage":"pt-BR","@id":"https:\/\/vanderloubet.com.br\/deputado\/#\/schema\/logo\/image\/","url":"https:\/\/vanderloubet.com.br\/deputado\/wp-content\/uploads\/2023\/06\/foto-2023-06-19-mandato-deputado-vander.jpg","contentUrl":"https:\/\/vanderloubet.com.br\/deputado\/wp-content\/uploads\/2023\/06\/foto-2023-06-19-mandato-deputado-vander.jpg","width":1080,"height":1080,"caption":"Deputado Federal Vander Loubet"},"image":{"@id":"https:\/\/vanderloubet.com.br\/deputado\/#\/schema\/logo\/image\/"},"sameAs":["https:\/\/facebook.com\/deputadovander","https:\/\/x.com\/vanderloubet","https:\/\/instagram.com\/vanderloubet","https:\/\/youtube.com\/vanderloubet","https:\/\/tiktok.com\/@vanderloubetms"]},{"@type":"Person","@id":"https:\/\/vanderloubet.com.br\/deputado\/#\/schema\/person\/15b51bd564532a8a68d9dec1b8eb890e","name":"\u00c9der","image":{"@type":"ImageObject","inLanguage":"pt-BR","@id":"https:\/\/vanderloubet.com.br\/deputado\/wp-content\/litespeed\/avatar\/88ca4090d9d5ab1c9495f6ca03b68efa.jpg?ver=1777058957","url":"https:\/\/vanderloubet.com.br\/deputado\/wp-content\/litespeed\/avatar\/88ca4090d9d5ab1c9495f6ca03b68efa.jpg?ver=1777058957","contentUrl":"https:\/\/vanderloubet.com.br\/deputado\/wp-content\/litespeed\/avatar\/88ca4090d9d5ab1c9495f6ca03b68efa.jpg?ver=1777058957","caption":"\u00c9der"}}]}},"jetpack_featured_media_url":"https:\/\/vanderloubet.com.br\/deputado\/wp-content\/uploads\/2023\/01\/foto-2023-01-19-hospital-sgo-04.jpg","jetpack_sharing_enabled":true,"_links":{"self":[{"href":"https:\/\/vanderloubet.com.br\/deputado\/wp-json\/wp\/v2\/posts\/18754","targetHints":{"allow":["GET"]}}],"collection":[{"href":"https:\/\/vanderloubet.com.br\/deputado\/wp-json\/wp\/v2\/posts"}],"about":[{"href":"https:\/\/vanderloubet.com.br\/deputado\/wp-json\/wp\/v2\/types\/post"}],"author":[{"embeddable":true,"href":"https:\/\/vanderloubet.com.br\/deputado\/wp-json\/wp\/v2\/users\/2"}],"replies":[{"embeddable":true,"href":"https:\/\/vanderloubet.com.br\/deputado\/wp-json\/wp\/v2\/comments?post=18754"}],"version-history":[{"count":0,"href":"https:\/\/vanderloubet.com.br\/deputado\/wp-json\/wp\/v2\/posts\/18754\/revisions"}],"wp:featuredmedia":[{"embeddable":true,"href":"https:\/\/vanderloubet.com.br\/deputado\/wp-json\/wp\/v2\/media\/18758"}],"wp:attachment":[{"href":"https:\/\/vanderloubet.com.br\/deputado\/wp-json\/wp\/v2\/media?parent=18754"}],"wp:term":[{"taxonomy":"category","embeddable":true,"href":"https:\/\/vanderloubet.com.br\/deputado\/wp-json\/wp\/v2\/categories?post=18754"},{"taxonomy":"post_tag","embeddable":true,"href":"https:\/\/vanderloubet.com.br\/deputado\/wp-json\/wp\/v2\/tags?post=18754"}],"curies":[{"name":"wp","href":"https:\/\/api.w.org\/{rel}","templated":true}]}}