{"id":18679,"date":"2023-01-02T08:00:50","date_gmt":"2023-01-02T12:00:50","guid":{"rendered":"https:\/\/vanderloubet.com.br\/deputado\/?p=18679"},"modified":"2022-12-30T20:48:32","modified_gmt":"2022-12-31T00:48:32","slug":"trabalho-de-vander-garante-obras-de-saude-e-saneamento-para-indigenas-de-ms","status":"publish","type":"post","link":"https:\/\/vanderloubet.com.br\/deputado\/trabalho-de-vander-garante-obras-de-saude-e-saneamento-para-indigenas-de-ms\/","title":{"rendered":"Trabalho de Vander garante obras de sa\u00fade e saneamento para ind\u00edgenas de MS"},"content":{"rendered":"<p>O deputado federal Vander Loubet iniciou 2023 celebrando uma boa not\u00edcia para os povos ind\u00edgenas de Mato Grosso do Sul: a Coordena\u00e7\u00e3o do Distrito Sanit\u00e1rio Especial Ind\u00edgena (Dsei-MS) confirmou ao parlamentar a assinatura de seis contratos nas \u00e1rea da sa\u00fade e do saneamento b\u00e1sico para atender aldeias do estado.<\/p>\n<p>De acordo com Vander, os recursos para essas obras s\u00e3o oriundos de uma emenda de bancada articulada por ele e pela ent\u00e3o deputada federal Rose Modesto, pelo Or\u00e7amento Geral da Uni\u00e3o de 2020, para atender a sa\u00fade ind\u00edgena em Mato Grosso do Sul.<\/p>\n<p>&#8220;Foi uma luta muito grande em Bras\u00edlia para n\u00e3o perder esses recursos. Uma parte j\u00e1 t\u00ednhamos conseguido liberar em 2021, mas ainda tinha ficado um valor substancial para ser pago, o que a gente conseguiu depois de muitas gest\u00f5es junto \u00e0 Sesai [Secretaria Especial de Sa\u00fade Ind\u00edgena] e ao Minist\u00e9rio da Sa\u00fade&#8221;, destacou o deputado petista.<\/p>\n<p>Os seis contratos assinados se referem \u00e0s seguintes a\u00e7\u00f5es, que totalizam investimento de R$ 8.096.081,81:<\/p>\n<ul>\n<li>Sistema de abastecimento de \u00e1gua na Aldeia Taquapery, em Coronel Sapucaia (R$ 2.266.874,16);<\/li>\n<li>Sistema de abastecimento de \u00e1gua na Aldeia Passarinho, em Miranda (R$ 761.359,39);<\/li>\n<li>Unidade B\u00e1sica de Sa\u00fade (UBSI) na Aldeia Cerrito, em Eldorado (R$ 575.527,84);<\/li>\n<li>Sistema de abastecimento de \u00e1gua na Aldeia Baba\u00e7u, em Miranda (R$ 1.297.671,60);<\/li>\n<li>Sistema de abastecimento de \u00e1gua na Aldeia Cachoeirinha, em Miranda (R$ 1.355.907,47);<\/li>\n<li>Sistema de abastecimento de \u00e1gua na Aldeia Paraguassu, em Paranhos (R$ 1.838.741,35).<\/li>\n<\/ul>\n<p><img decoding=\"async\" src=\"https:\/\/vanderloubet.com.br\/deputado\/wp-content\/uploads\/2021\/04\/foto-2021-04-29-projeto-posto-saude-indigena-01.jpg\" alt=\"Vander confirma R$ 3,5 milh\u00f5es para postos de sa\u00fade em aldeias ind\u00edgenas\" width=\"1280\" height=\"720\" class=\"aligncenter size-full wp-image-17197\" srcset=\"https:\/\/vanderloubet.com.br\/deputado\/wp-content\/uploads\/2021\/04\/foto-2021-04-29-projeto-posto-saude-indigena-01.jpg 1280w, https:\/\/vanderloubet.com.br\/deputado\/wp-content\/uploads\/2021\/04\/foto-2021-04-29-projeto-posto-saude-indigena-01-350x197.jpg 350w, https:\/\/vanderloubet.com.br\/deputado\/wp-content\/uploads\/2021\/04\/foto-2021-04-29-projeto-posto-saude-indigena-01-768x432.jpg 768w, https:\/\/vanderloubet.com.br\/deputado\/wp-content\/uploads\/2021\/04\/foto-2021-04-29-projeto-posto-saude-indigena-01-700x394.jpg 700w, https:\/\/vanderloubet.com.br\/deputado\/wp-content\/uploads\/2021\/04\/foto-2021-04-29-projeto-posto-saude-indigena-01-747x420.jpg 747w, https:\/\/vanderloubet.com.br\/deputado\/wp-content\/uploads\/2021\/04\/foto-2021-04-29-projeto-posto-saude-indigena-01-696x392.jpg 696w, https:\/\/vanderloubet.com.br\/deputado\/wp-content\/uploads\/2021\/04\/foto-2021-04-29-projeto-posto-saude-indigena-01-1068x601.jpg 1068w\" sizes=\"(max-width: 1280px) 100vw, 1280px\" \/><\/p>\n<p>Al\u00e9m desses valores, em abril de 2021, como mencionado em sua fala, Vander j\u00e1 havia conseguido a libera\u00e7\u00e3o de R$ 3.573.565,46. Essa verba que foi aplicada em obras que j\u00e1 est\u00e3o conclu\u00eddas ou em fase de conclus\u00e3o:<\/p>\n<ul>\n<li>Unidade B\u00e1sica de Sa\u00fade (UBSI) na Aldeia Amambai\/Sert\u00e3ozinho, em Amambai (R$ 512.300,69);<\/li>\n<li>Unidade B\u00e1sica de Sa\u00fade (UBSI) na Aldeia Cabeceira, em Nioaque (R$ 508.091,48);<\/li>\n<li>Unidade B\u00e1sica de Sa\u00fade (UBSI) na Aldeia Cachoeirinha, em Miranda (R$ 508.271,59);<\/li>\n<li>Unidade B\u00e1sica de Sa\u00fade (UBSI) na Aldeia Jaguapir\u00e9, em Tacuru (R$ 516.932,33);<\/li>\n<li>Unidade B\u00e1sica de Sa\u00fade (UBSI) na Aldeia Lagoinha, em Sidrol\u00e2ndia (R$ 505.554,42);<\/li>\n<li>Unidade B\u00e1sica de Sa\u00fade (UBSI) na Aldeia Lim\u00e3o Verde, em Aquidauana (R$ 507.383,84);<\/li>\n<li>Unidade B\u00e1sica de Sa\u00fade (UBSI) na Aldeia Taquaperi, em Coronel Sapucaia (R$ 515.122,11).<\/li>\n<\/ul>\n<p>Com esses investimentos em andamento, o deputado Vander espera uma melhoria significativa no atendimento de sa\u00fade prestado \u00e0s popula\u00e7\u00f5es ind\u00edgenas do estado.<\/p>\n<p>&#8220;Al\u00e9m dos postos de sa\u00fade, que v\u00e3o ajudar a melhorar o atendimento nas aldeias, tamb\u00e9m tem a quest\u00e3o das obras de saneamento, o que com certeza vai reduzir muito ou at\u00e9 acabar com a ocorr\u00eancia de doen\u00e7as causadas pela falta de \u00e1gua tratada&#8221;, pontua Vander. &#8220;Estou muito contente por esses investimentos terem se concretizado. A equipe t\u00e9cnica do Dsei de MS est\u00e1 de parab\u00e9ns. Apesar de ser formado por um quadro bem enxuto, se dedicou muito para que a gente atingisse esse resultado&#8221;, conclui.<\/p>\n<p><em>(\u00c9der F. Yanaguita &#8211; Ascom\/Dep. Vander Loubet)<\/em><\/p>\n","protected":false},"excerpt":{"rendered":"<p>Investimento soma mais de R$ 8 milh\u00f5es e vai contemplar seis aldeias em quatro munic\u00edpios do estado.<\/p>\n","protected":false},"author":2,"featured_media":18680,"comment_status":"closed","ping_status":"closed","sticky":false,"template":"","format":"standard","meta":{"jetpack_post_was_ever_published":false,"_jetpack_newsletter_access":"","_jetpack_dont_email_post_to_subs":false,"_jetpack_newsletter_tier_id":0,"_jetpack_memberships_contains_paywalled_content":false,"_jetpack_memberships_contains_paid_content":false,"footnotes":""},"categories":[2099,10],"tags":[2127,2451,2281,1803],"class_list":{"0":"post-18679","1":"post","2":"type-post","3":"status-publish","4":"format-standard","5":"has-post-thumbnail","7":"category-ms-noticias","8":"category-noticias","9":"tag-emenda-parlamentar","10":"tag-povos-indigenas","11":"tag-saneamento-basico","12":"tag-saude"},"yoast_head":"<!-- This site is optimized with the Yoast SEO plugin v27.4 - https:\/\/yoast.com\/product\/yoast-seo-wordpress\/ -->\n<title>Trabalho de Vander garante obras de sa\u00fade e saneamento para ind\u00edgenas de MS<\/title>\n<meta name=\"description\" content=\"Investimento viabilizado pelo deputado soma mais de R$ 8 milh\u00f5es e vai contemplar seis aldeias em quatro munic\u00edpios do estado.\" \/>\n<meta name=\"robots\" content=\"index, follow, max-snippet:-1, max-image-preview:large, max-video-preview:-1\" \/>\n<link rel=\"canonical\" href=\"https:\/\/vanderloubet.com.br\/deputado\/trabalho-de-vander-garante-obras-de-saude-e-saneamento-para-indigenas-de-ms\/\" \/>\n<meta property=\"og:locale\" content=\"pt_BR\" \/>\n<meta property=\"og:type\" content=\"article\" \/>\n<meta property=\"og:title\" content=\"Trabalho de Vander garante obras de sa\u00fade e saneamento para ind\u00edgenas de MS\" \/>\n<meta property=\"og:description\" content=\"Investimento viabilizado pelo deputado soma mais de R$ 8 milh\u00f5es e vai contemplar seis aldeias em quatro munic\u00edpios do estado.\" \/>\n<meta property=\"og:url\" content=\"https:\/\/vanderloubet.com.br\/deputado\/trabalho-de-vander-garante-obras-de-saude-e-saneamento-para-indigenas-de-ms\/\" \/>\n<meta property=\"og:site_name\" content=\"Deputado Federal Vander Loubet\" \/>\n<meta property=\"article:publisher\" content=\"https:\/\/facebook.com\/deputadovander\" \/>\n<meta property=\"article:published_time\" content=\"2023-01-02T12:00:50+00:00\" \/>\n<meta property=\"og:image\" content=\"https:\/\/vanderloubet.com.br\/deputado\/wp-content\/uploads\/2022\/12\/foto-2023-01-02-saneamento-basico-agua.jpg\" \/>\n\t<meta property=\"og:image:width\" content=\"900\" \/>\n\t<meta property=\"og:image:height\" content=\"600\" \/>\n\t<meta property=\"og:image:type\" content=\"image\/jpeg\" \/>\n<meta name=\"author\" content=\"\u00c9der\" \/>\n<meta name=\"twitter:card\" content=\"summary_large_image\" \/>\n<meta name=\"twitter:creator\" content=\"@vanderloubet\" \/>\n<meta name=\"twitter:site\" content=\"@vanderloubet\" \/>\n<script type=\"application\/ld+json\" class=\"yoast-schema-graph\">{\"@context\":\"https:\\\/\\\/schema.org\",\"@graph\":[{\"@type\":\"Article\",\"@id\":\"https:\\\/\\\/vanderloubet.com.br\\\/deputado\\\/trabalho-de-vander-garante-obras-de-saude-e-saneamento-para-indigenas-de-ms\\\/#article\",\"isPartOf\":{\"@id\":\"https:\\\/\\\/vanderloubet.com.br\\\/deputado\\\/trabalho-de-vander-garante-obras-de-saude-e-saneamento-para-indigenas-de-ms\\\/\"},\"author\":{\"name\":\"\u00c9der\",\"@id\":\"https:\\\/\\\/vanderloubet.com.br\\\/deputado\\\/#\\\/schema\\\/person\\\/15b51bd564532a8a68d9dec1b8eb890e\"},\"headline\":\"Trabalho de Vander garante obras de sa\u00fade e saneamento para ind\u00edgenas de MS\",\"datePublished\":\"2023-01-02T12:00:50+00:00\",\"mainEntityOfPage\":{\"@id\":\"https:\\\/\\\/vanderloubet.com.br\\\/deputado\\\/trabalho-de-vander-garante-obras-de-saude-e-saneamento-para-indigenas-de-ms\\\/\"},\"wordCount\":528,\"publisher\":{\"@id\":\"https:\\\/\\\/vanderloubet.com.br\\\/deputado\\\/#organization\"},\"image\":{\"@id\":\"https:\\\/\\\/vanderloubet.com.br\\\/deputado\\\/trabalho-de-vander-garante-obras-de-saude-e-saneamento-para-indigenas-de-ms\\\/#primaryimage\"},\"thumbnailUrl\":\"https:\\\/\\\/vanderloubet.com.br\\\/deputado\\\/wp-content\\\/uploads\\\/2022\\\/12\\\/foto-2023-01-02-saneamento-basico-agua.jpg\",\"keywords\":[\"emenda parlamentar\",\"povos ind\u00edgenas\",\"saneamento b\u00e1sico\",\"sa\u00fade\"],\"articleSection\":[\"Mato Grosso do Sul\",\"Not\u00edcias\"],\"inLanguage\":\"pt-BR\"},{\"@type\":\"WebPage\",\"@id\":\"https:\\\/\\\/vanderloubet.com.br\\\/deputado\\\/trabalho-de-vander-garante-obras-de-saude-e-saneamento-para-indigenas-de-ms\\\/\",\"url\":\"https:\\\/\\\/vanderloubet.com.br\\\/deputado\\\/trabalho-de-vander-garante-obras-de-saude-e-saneamento-para-indigenas-de-ms\\\/\",\"name\":\"Trabalho de Vander garante obras de sa\u00fade e saneamento para ind\u00edgenas de MS\",\"isPartOf\":{\"@id\":\"https:\\\/\\\/vanderloubet.com.br\\\/deputado\\\/#website\"},\"primaryImageOfPage\":{\"@id\":\"https:\\\/\\\/vanderloubet.com.br\\\/deputado\\\/trabalho-de-vander-garante-obras-de-saude-e-saneamento-para-indigenas-de-ms\\\/#primaryimage\"},\"image\":{\"@id\":\"https:\\\/\\\/vanderloubet.com.br\\\/deputado\\\/trabalho-de-vander-garante-obras-de-saude-e-saneamento-para-indigenas-de-ms\\\/#primaryimage\"},\"thumbnailUrl\":\"https:\\\/\\\/vanderloubet.com.br\\\/deputado\\\/wp-content\\\/uploads\\\/2022\\\/12\\\/foto-2023-01-02-saneamento-basico-agua.jpg\",\"datePublished\":\"2023-01-02T12:00:50+00:00\",\"description\":\"Investimento viabilizado pelo deputado soma mais de R$ 8 milh\u00f5es e vai contemplar seis aldeias em quatro munic\u00edpios do estado.\",\"breadcrumb\":{\"@id\":\"https:\\\/\\\/vanderloubet.com.br\\\/deputado\\\/trabalho-de-vander-garante-obras-de-saude-e-saneamento-para-indigenas-de-ms\\\/#breadcrumb\"},\"inLanguage\":\"pt-BR\",\"potentialAction\":[{\"@type\":\"ReadAction\",\"target\":[\"https:\\\/\\\/vanderloubet.com.br\\\/deputado\\\/trabalho-de-vander-garante-obras-de-saude-e-saneamento-para-indigenas-de-ms\\\/\"]}]},{\"@type\":\"ImageObject\",\"inLanguage\":\"pt-BR\",\"@id\":\"https:\\\/\\\/vanderloubet.com.br\\\/deputado\\\/trabalho-de-vander-garante-obras-de-saude-e-saneamento-para-indigenas-de-ms\\\/#primaryimage\",\"url\":\"https:\\\/\\\/vanderloubet.com.br\\\/deputado\\\/wp-content\\\/uploads\\\/2022\\\/12\\\/foto-2023-01-02-saneamento-basico-agua.jpg\",\"contentUrl\":\"https:\\\/\\\/vanderloubet.com.br\\\/deputado\\\/wp-content\\\/uploads\\\/2022\\\/12\\\/foto-2023-01-02-saneamento-basico-agua.jpg\",\"width\":900,\"height\":600,\"caption\":\"Trabalho de Vander garante obras de sa\u00fade e saneamento para ind\u00edgenas de MS\"},{\"@type\":\"BreadcrumbList\",\"@id\":\"https:\\\/\\\/vanderloubet.com.br\\\/deputado\\\/trabalho-de-vander-garante-obras-de-saude-e-saneamento-para-indigenas-de-ms\\\/#breadcrumb\",\"itemListElement\":[{\"@type\":\"ListItem\",\"position\":1,\"name\":\"In\u00edcio\",\"item\":\"https:\\\/\\\/vanderloubet.com.br\\\/deputado\\\/\"},{\"@type\":\"ListItem\",\"position\":2,\"name\":\"Trabalho de Vander garante obras de sa\u00fade e saneamento para ind\u00edgenas de MS\"}]},{\"@type\":\"WebSite\",\"@id\":\"https:\\\/\\\/vanderloubet.com.br\\\/deputado\\\/#website\",\"url\":\"https:\\\/\\\/vanderloubet.com.br\\\/deputado\\\/\",\"name\":\"Deputado Federal Vander Loubet\",\"description\":\"O Federal de MS\",\"publisher\":{\"@id\":\"https:\\\/\\\/vanderloubet.com.br\\\/deputado\\\/#organization\"},\"alternateName\":\"Deputado Vander\",\"potentialAction\":[{\"@type\":\"SearchAction\",\"target\":{\"@type\":\"EntryPoint\",\"urlTemplate\":\"https:\\\/\\\/vanderloubet.com.br\\\/deputado\\\/?s={search_term_string}\"},\"query-input\":{\"@type\":\"PropertyValueSpecification\",\"valueRequired\":true,\"valueName\":\"search_term_string\"}}],\"inLanguage\":\"pt-BR\"},{\"@type\":\"Organization\",\"@id\":\"https:\\\/\\\/vanderloubet.com.br\\\/deputado\\\/#organization\",\"name\":\"Deputado Federal Vander Loubet\",\"alternateName\":\"Deputado Vander\",\"url\":\"https:\\\/\\\/vanderloubet.com.br\\\/deputado\\\/\",\"logo\":{\"@type\":\"ImageObject\",\"inLanguage\":\"pt-BR\",\"@id\":\"https:\\\/\\\/vanderloubet.com.br\\\/deputado\\\/#\\\/schema\\\/logo\\\/image\\\/\",\"url\":\"https:\\\/\\\/vanderloubet.com.br\\\/deputado\\\/wp-content\\\/uploads\\\/2023\\\/06\\\/foto-2023-06-19-mandato-deputado-vander.jpg\",\"contentUrl\":\"https:\\\/\\\/vanderloubet.com.br\\\/deputado\\\/wp-content\\\/uploads\\\/2023\\\/06\\\/foto-2023-06-19-mandato-deputado-vander.jpg\",\"width\":1080,\"height\":1080,\"caption\":\"Deputado Federal Vander Loubet\"},\"image\":{\"@id\":\"https:\\\/\\\/vanderloubet.com.br\\\/deputado\\\/#\\\/schema\\\/logo\\\/image\\\/\"},\"sameAs\":[\"https:\\\/\\\/facebook.com\\\/deputadovander\",\"https:\\\/\\\/x.com\\\/vanderloubet\",\"https:\\\/\\\/instagram.com\\\/vanderloubet\",\"https:\\\/\\\/youtube.com\\\/vanderloubet\",\"https:\\\/\\\/tiktok.com\\\/@vanderloubetms\"]},{\"@type\":\"Person\",\"@id\":\"https:\\\/\\\/vanderloubet.com.br\\\/deputado\\\/#\\\/schema\\\/person\\\/15b51bd564532a8a68d9dec1b8eb890e\",\"name\":\"\u00c9der\",\"image\":{\"@type\":\"ImageObject\",\"inLanguage\":\"pt-BR\",\"@id\":\"https:\\\/\\\/vanderloubet.com.br\\\/deputado\\\/wp-content\\\/litespeed\\\/avatar\\\/88ca4090d9d5ab1c9495f6ca03b68efa.jpg?ver=1777663824\",\"url\":\"https:\\\/\\\/vanderloubet.com.br\\\/deputado\\\/wp-content\\\/litespeed\\\/avatar\\\/88ca4090d9d5ab1c9495f6ca03b68efa.jpg?ver=1777663824\",\"contentUrl\":\"https:\\\/\\\/vanderloubet.com.br\\\/deputado\\\/wp-content\\\/litespeed\\\/avatar\\\/88ca4090d9d5ab1c9495f6ca03b68efa.jpg?ver=1777663824\",\"caption\":\"\u00c9der\"}}]}<\/script>\n<!-- \/ Yoast SEO plugin. -->","yoast_head_json":{"title":"Trabalho de Vander garante obras de sa\u00fade e saneamento para ind\u00edgenas de MS","description":"Investimento viabilizado pelo deputado soma mais de R$ 8 milh\u00f5es e vai contemplar seis aldeias em quatro munic\u00edpios do estado.","robots":{"index":"index","follow":"follow","max-snippet":"max-snippet:-1","max-image-preview":"max-image-preview:large","max-video-preview":"max-video-preview:-1"},"canonical":"https:\/\/vanderloubet.com.br\/deputado\/trabalho-de-vander-garante-obras-de-saude-e-saneamento-para-indigenas-de-ms\/","og_locale":"pt_BR","og_type":"article","og_title":"Trabalho de Vander garante obras de sa\u00fade e saneamento para ind\u00edgenas de MS","og_description":"Investimento viabilizado pelo deputado soma mais de R$ 8 milh\u00f5es e vai contemplar seis aldeias em quatro munic\u00edpios do estado.","og_url":"https:\/\/vanderloubet.com.br\/deputado\/trabalho-de-vander-garante-obras-de-saude-e-saneamento-para-indigenas-de-ms\/","og_site_name":"Deputado Federal Vander Loubet","article_publisher":"https:\/\/facebook.com\/deputadovander","article_published_time":"2023-01-02T12:00:50+00:00","og_image":[{"width":900,"height":600,"url":"https:\/\/vanderloubet.com.br\/deputado\/wp-content\/uploads\/2022\/12\/foto-2023-01-02-saneamento-basico-agua.jpg","type":"image\/jpeg"}],"author":"\u00c9der","twitter_card":"summary_large_image","twitter_creator":"@vanderloubet","twitter_site":"@vanderloubet","schema":{"@context":"https:\/\/schema.org","@graph":[{"@type":"Article","@id":"https:\/\/vanderloubet.com.br\/deputado\/trabalho-de-vander-garante-obras-de-saude-e-saneamento-para-indigenas-de-ms\/#article","isPartOf":{"@id":"https:\/\/vanderloubet.com.br\/deputado\/trabalho-de-vander-garante-obras-de-saude-e-saneamento-para-indigenas-de-ms\/"},"author":{"name":"\u00c9der","@id":"https:\/\/vanderloubet.com.br\/deputado\/#\/schema\/person\/15b51bd564532a8a68d9dec1b8eb890e"},"headline":"Trabalho de Vander garante obras de sa\u00fade e saneamento para ind\u00edgenas de MS","datePublished":"2023-01-02T12:00:50+00:00","mainEntityOfPage":{"@id":"https:\/\/vanderloubet.com.br\/deputado\/trabalho-de-vander-garante-obras-de-saude-e-saneamento-para-indigenas-de-ms\/"},"wordCount":528,"publisher":{"@id":"https:\/\/vanderloubet.com.br\/deputado\/#organization"},"image":{"@id":"https:\/\/vanderloubet.com.br\/deputado\/trabalho-de-vander-garante-obras-de-saude-e-saneamento-para-indigenas-de-ms\/#primaryimage"},"thumbnailUrl":"https:\/\/vanderloubet.com.br\/deputado\/wp-content\/uploads\/2022\/12\/foto-2023-01-02-saneamento-basico-agua.jpg","keywords":["emenda parlamentar","povos ind\u00edgenas","saneamento b\u00e1sico","sa\u00fade"],"articleSection":["Mato Grosso do Sul","Not\u00edcias"],"inLanguage":"pt-BR"},{"@type":"WebPage","@id":"https:\/\/vanderloubet.com.br\/deputado\/trabalho-de-vander-garante-obras-de-saude-e-saneamento-para-indigenas-de-ms\/","url":"https:\/\/vanderloubet.com.br\/deputado\/trabalho-de-vander-garante-obras-de-saude-e-saneamento-para-indigenas-de-ms\/","name":"Trabalho de Vander garante obras de sa\u00fade e saneamento para ind\u00edgenas de MS","isPartOf":{"@id":"https:\/\/vanderloubet.com.br\/deputado\/#website"},"primaryImageOfPage":{"@id":"https:\/\/vanderloubet.com.br\/deputado\/trabalho-de-vander-garante-obras-de-saude-e-saneamento-para-indigenas-de-ms\/#primaryimage"},"image":{"@id":"https:\/\/vanderloubet.com.br\/deputado\/trabalho-de-vander-garante-obras-de-saude-e-saneamento-para-indigenas-de-ms\/#primaryimage"},"thumbnailUrl":"https:\/\/vanderloubet.com.br\/deputado\/wp-content\/uploads\/2022\/12\/foto-2023-01-02-saneamento-basico-agua.jpg","datePublished":"2023-01-02T12:00:50+00:00","description":"Investimento viabilizado pelo deputado soma mais de R$ 8 milh\u00f5es e vai contemplar seis aldeias em quatro munic\u00edpios do estado.","breadcrumb":{"@id":"https:\/\/vanderloubet.com.br\/deputado\/trabalho-de-vander-garante-obras-de-saude-e-saneamento-para-indigenas-de-ms\/#breadcrumb"},"inLanguage":"pt-BR","potentialAction":[{"@type":"ReadAction","target":["https:\/\/vanderloubet.com.br\/deputado\/trabalho-de-vander-garante-obras-de-saude-e-saneamento-para-indigenas-de-ms\/"]}]},{"@type":"ImageObject","inLanguage":"pt-BR","@id":"https:\/\/vanderloubet.com.br\/deputado\/trabalho-de-vander-garante-obras-de-saude-e-saneamento-para-indigenas-de-ms\/#primaryimage","url":"https:\/\/vanderloubet.com.br\/deputado\/wp-content\/uploads\/2022\/12\/foto-2023-01-02-saneamento-basico-agua.jpg","contentUrl":"https:\/\/vanderloubet.com.br\/deputado\/wp-content\/uploads\/2022\/12\/foto-2023-01-02-saneamento-basico-agua.jpg","width":900,"height":600,"caption":"Trabalho de Vander garante obras de sa\u00fade e saneamento para ind\u00edgenas de MS"},{"@type":"BreadcrumbList","@id":"https:\/\/vanderloubet.com.br\/deputado\/trabalho-de-vander-garante-obras-de-saude-e-saneamento-para-indigenas-de-ms\/#breadcrumb","itemListElement":[{"@type":"ListItem","position":1,"name":"In\u00edcio","item":"https:\/\/vanderloubet.com.br\/deputado\/"},{"@type":"ListItem","position":2,"name":"Trabalho de Vander garante obras de sa\u00fade e saneamento para ind\u00edgenas de MS"}]},{"@type":"WebSite","@id":"https:\/\/vanderloubet.com.br\/deputado\/#website","url":"https:\/\/vanderloubet.com.br\/deputado\/","name":"Deputado Federal Vander Loubet","description":"O Federal de MS","publisher":{"@id":"https:\/\/vanderloubet.com.br\/deputado\/#organization"},"alternateName":"Deputado Vander","potentialAction":[{"@type":"SearchAction","target":{"@type":"EntryPoint","urlTemplate":"https:\/\/vanderloubet.com.br\/deputado\/?s={search_term_string}"},"query-input":{"@type":"PropertyValueSpecification","valueRequired":true,"valueName":"search_term_string"}}],"inLanguage":"pt-BR"},{"@type":"Organization","@id":"https:\/\/vanderloubet.com.br\/deputado\/#organization","name":"Deputado Federal Vander Loubet","alternateName":"Deputado Vander","url":"https:\/\/vanderloubet.com.br\/deputado\/","logo":{"@type":"ImageObject","inLanguage":"pt-BR","@id":"https:\/\/vanderloubet.com.br\/deputado\/#\/schema\/logo\/image\/","url":"https:\/\/vanderloubet.com.br\/deputado\/wp-content\/uploads\/2023\/06\/foto-2023-06-19-mandato-deputado-vander.jpg","contentUrl":"https:\/\/vanderloubet.com.br\/deputado\/wp-content\/uploads\/2023\/06\/foto-2023-06-19-mandato-deputado-vander.jpg","width":1080,"height":1080,"caption":"Deputado Federal Vander Loubet"},"image":{"@id":"https:\/\/vanderloubet.com.br\/deputado\/#\/schema\/logo\/image\/"},"sameAs":["https:\/\/facebook.com\/deputadovander","https:\/\/x.com\/vanderloubet","https:\/\/instagram.com\/vanderloubet","https:\/\/youtube.com\/vanderloubet","https:\/\/tiktok.com\/@vanderloubetms"]},{"@type":"Person","@id":"https:\/\/vanderloubet.com.br\/deputado\/#\/schema\/person\/15b51bd564532a8a68d9dec1b8eb890e","name":"\u00c9der","image":{"@type":"ImageObject","inLanguage":"pt-BR","@id":"https:\/\/vanderloubet.com.br\/deputado\/wp-content\/litespeed\/avatar\/88ca4090d9d5ab1c9495f6ca03b68efa.jpg?ver=1777663824","url":"https:\/\/vanderloubet.com.br\/deputado\/wp-content\/litespeed\/avatar\/88ca4090d9d5ab1c9495f6ca03b68efa.jpg?ver=1777663824","contentUrl":"https:\/\/vanderloubet.com.br\/deputado\/wp-content\/litespeed\/avatar\/88ca4090d9d5ab1c9495f6ca03b68efa.jpg?ver=1777663824","caption":"\u00c9der"}}]}},"jetpack_featured_media_url":"https:\/\/vanderloubet.com.br\/deputado\/wp-content\/uploads\/2022\/12\/foto-2023-01-02-saneamento-basico-agua.jpg","jetpack_sharing_enabled":true,"_links":{"self":[{"href":"https:\/\/vanderloubet.com.br\/deputado\/wp-json\/wp\/v2\/posts\/18679","targetHints":{"allow":["GET"]}}],"collection":[{"href":"https:\/\/vanderloubet.com.br\/deputado\/wp-json\/wp\/v2\/posts"}],"about":[{"href":"https:\/\/vanderloubet.com.br\/deputado\/wp-json\/wp\/v2\/types\/post"}],"author":[{"embeddable":true,"href":"https:\/\/vanderloubet.com.br\/deputado\/wp-json\/wp\/v2\/users\/2"}],"replies":[{"embeddable":true,"href":"https:\/\/vanderloubet.com.br\/deputado\/wp-json\/wp\/v2\/comments?post=18679"}],"version-history":[{"count":0,"href":"https:\/\/vanderloubet.com.br\/deputado\/wp-json\/wp\/v2\/posts\/18679\/revisions"}],"wp:featuredmedia":[{"embeddable":true,"href":"https:\/\/vanderloubet.com.br\/deputado\/wp-json\/wp\/v2\/media\/18680"}],"wp:attachment":[{"href":"https:\/\/vanderloubet.com.br\/deputado\/wp-json\/wp\/v2\/media?parent=18679"}],"wp:term":[{"taxonomy":"category","embeddable":true,"href":"https:\/\/vanderloubet.com.br\/deputado\/wp-json\/wp\/v2\/categories?post=18679"},{"taxonomy":"post_tag","embeddable":true,"href":"https:\/\/vanderloubet.com.br\/deputado\/wp-json\/wp\/v2\/tags?post=18679"}],"curies":[{"name":"wp","href":"https:\/\/api.w.org\/{rel}","templated":true}]}}