{"id":18672,"date":"2022-12-20T09:00:10","date_gmt":"2022-12-20T13:00:10","guid":{"rendered":"https:\/\/vanderloubet.com.br\/deputado\/?p=18672"},"modified":"2023-09-13T12:21:44","modified_gmt":"2023-09-13T16:21:44","slug":"vander-e-diplomado-para-sexto-mandato-consecutivo-de-federal","status":"publish","type":"post","link":"https:\/\/vanderloubet.com.br\/deputado\/vander-e-diplomado-para-sexto-mandato-consecutivo-de-federal\/","title":{"rendered":"Vander \u00e9 diplomado para sexto mandato consecutivo de federal"},"content":{"rendered":"<p>Na noite de segunda-feira (19), foi realizada pelo Tribunal Regional Eleitoral de Mato Grosso do Sul (TRE-MS) a solenidade de diploma\u00e7\u00e3o dos eleitos no estado nas elei\u00e7\u00f5es de outubro deste ano.<\/p>\n<p>Vander Loubet, reeleito com 76.571 votos, recebeu seu diploma e est\u00e1 pronto para iniciar seu sexto mandato consecutivo como deputado federal, um recorde.<\/p>\n<p>&#8220;At\u00e9 este ano, apenas eu e o finado Nelson Trad t\u00ednhamos cumprido cinco mandatos consecutivos na C\u00e2mara Federal. Com minha reelei\u00e7\u00e3o, serei o \u00fanico de Mato Grosso do Sul a ter seis mandatos consecutivos. A alegria e o orgulho s\u00e3o proporcionais \u00e0 responsabilidade, por isso seguiremos fazendo aquilo que entendemos que o eleitor tem aprovado, ou seja, trabalhar muito para trazer benef\u00edcios efetivos para nosso estado, nossos munic\u00edpios e nossa popula\u00e7\u00e3o&#8221;, destacou o parlamentar.<\/p>\n<p><strong>Trajet\u00f3ria<\/strong> &#8211; Vander Luiz dos Santos Loubet nasceu em Porto Murtinho (MS), na fronteira do Brasil com o Paraguai. Bacharel em Direito pela Universidade Cat\u00f3lica Dom Bosco (UCDB), foi um dos fundadores do PT em Mato Grosso do Sul.<\/p>\n<p>Banc\u00e1rio, iniciou a vida p\u00fablica no Sindicato dos Banc\u00e1rios de Campo Grande e Regi\u00e3o, em 1984, onde lutou pelos trabalhadores dessa categoria.<\/p>\n<p>Entre 1991 e 1998, foi chefe de gabinete de Zeca do PT, primeiro deputado estadual eleito pelo partido no estado.<\/p>\n<p>Ap\u00f3s coordenar a campanha vitoriosa de Zeca para o Governo do Estado na elei\u00e7\u00e3o de 1998, Vander foi secret\u00e1rio estadual de Governo e secret\u00e1rio estadual de Infraestrutura, Obras e Habita\u00e7\u00e3o entre 1999 e 2002, per\u00edodo no qual foi pe\u00e7a fundamental na elabora\u00e7\u00e3o e na execu\u00e7\u00e3o dos programas, obras e a\u00e7\u00f5es que modernizaram e transformaram Mato Grosso do Sul e seus munic\u00edpios.<\/p>\n<p>Em 2002, disputou sua primeira elei\u00e7\u00e3o, sendo eleito deputado federal com 101 mil, o mais votado da hist\u00f3ria de Mato Grosso do Sul at\u00e9 ent\u00e3o. Seu trabalho na C\u00e2mara Federal ganhou o reconhecimento da popula\u00e7\u00e3o e Vander foi reeleito em 2006, 2010, 2014, 2018 e 2022, sendo o \u00fanico deputado federal de Mato Grosso do Sul a ter seis mandatos consecutivos em Bras\u00edlia.<\/p>\n<p><em>(\u00c9der F. Yanaguita &#8211; Ascom\/Dep. Vander Loubet)<\/em><\/p>\n","protected":false},"excerpt":{"rendered":"<p>&#8220;A alegria e o orgulho s\u00e3o proporcionais \u00e0 responsabilidade&#8221;, destacou o parlamentar pantaneiro na solenidade realizada pelo TRE-MS.<\/p>\n","protected":false},"author":2,"featured_media":18673,"comment_status":"closed","ping_status":"closed","sticky":false,"template":"","format":"standard","meta":{"jetpack_post_was_ever_published":false,"_jetpack_newsletter_access":"","_jetpack_dont_email_post_to_subs":false,"_jetpack_newsletter_tier_id":0,"_jetpack_memberships_contains_paywalled_content":false,"_jetpack_memberships_contains_paid_content":false,"footnotes":""},"categories":[2099,10],"tags":[700],"class_list":{"0":"post-18672","1":"post","2":"type-post","3":"status-publish","4":"format-standard","5":"has-post-thumbnail","7":"category-ms-noticias","8":"category-noticias","9":"tag-eleicao"},"yoast_head":"<!-- This site is optimized with the Yoast SEO plugin v27.4 - https:\/\/yoast.com\/product\/yoast-seo-wordpress\/ -->\n<title>Vander \u00e9 diplomado para sexto mandato consecutivo de federal<\/title>\n<meta name=\"description\" content=\"&quot;A alegria e o orgulho s\u00e3o proporcionais \u00e0 responsabilidade&quot;, destacou o parlamentar pantaneiro na solenidade realizada pelo TRE-MS.\" \/>\n<meta name=\"robots\" content=\"index, follow, max-snippet:-1, max-image-preview:large, max-video-preview:-1\" \/>\n<link rel=\"canonical\" href=\"https:\/\/vanderloubet.com.br\/deputado\/vander-e-diplomado-para-sexto-mandato-consecutivo-de-federal\/\" \/>\n<meta property=\"og:locale\" content=\"pt_BR\" \/>\n<meta property=\"og:type\" content=\"article\" \/>\n<meta property=\"og:title\" content=\"Vander \u00e9 diplomado para sexto mandato consecutivo de federal\" \/>\n<meta property=\"og:description\" content=\"&quot;A alegria e o orgulho s\u00e3o proporcionais \u00e0 responsabilidade&quot;, destacou o parlamentar pantaneiro na solenidade realizada pelo TRE-MS.\" \/>\n<meta property=\"og:url\" content=\"https:\/\/vanderloubet.com.br\/deputado\/vander-e-diplomado-para-sexto-mandato-consecutivo-de-federal\/\" \/>\n<meta property=\"og:site_name\" content=\"Deputado Federal Vander Loubet\" \/>\n<meta property=\"article:publisher\" content=\"https:\/\/facebook.com\/deputadovander\" \/>\n<meta property=\"article:published_time\" content=\"2022-12-20T13:00:10+00:00\" \/>\n<meta property=\"article:modified_time\" content=\"2023-09-13T16:21:44+00:00\" \/>\n<meta property=\"og:image\" content=\"https:\/\/vanderloubet.com.br\/deputado\/wp-content\/uploads\/2022\/12\/foto-2022-12-19-diplomacao-tre-vander-loubet.jpg\" \/>\n\t<meta property=\"og:image:width\" content=\"900\" \/>\n\t<meta property=\"og:image:height\" content=\"600\" \/>\n\t<meta property=\"og:image:type\" content=\"image\/jpeg\" \/>\n<meta name=\"author\" content=\"\u00c9der\" \/>\n<meta name=\"twitter:card\" content=\"summary_large_image\" \/>\n<meta name=\"twitter:creator\" content=\"@vanderloubet\" \/>\n<meta name=\"twitter:site\" content=\"@vanderloubet\" \/>\n<script type=\"application\/ld+json\" class=\"yoast-schema-graph\">{\"@context\":\"https:\\\/\\\/schema.org\",\"@graph\":[{\"@type\":\"Article\",\"@id\":\"https:\\\/\\\/vanderloubet.com.br\\\/deputado\\\/vander-e-diplomado-para-sexto-mandato-consecutivo-de-federal\\\/#article\",\"isPartOf\":{\"@id\":\"https:\\\/\\\/vanderloubet.com.br\\\/deputado\\\/vander-e-diplomado-para-sexto-mandato-consecutivo-de-federal\\\/\"},\"author\":{\"name\":\"\u00c9der\",\"@id\":\"https:\\\/\\\/vanderloubet.com.br\\\/deputado\\\/#\\\/schema\\\/person\\\/15b51bd564532a8a68d9dec1b8eb890e\"},\"headline\":\"Vander \u00e9 diplomado para sexto mandato consecutivo de federal\",\"datePublished\":\"2022-12-20T13:00:10+00:00\",\"dateModified\":\"2023-09-13T16:21:44+00:00\",\"mainEntityOfPage\":{\"@id\":\"https:\\\/\\\/vanderloubet.com.br\\\/deputado\\\/vander-e-diplomado-para-sexto-mandato-consecutivo-de-federal\\\/\"},\"wordCount\":365,\"publisher\":{\"@id\":\"https:\\\/\\\/vanderloubet.com.br\\\/deputado\\\/#organization\"},\"image\":{\"@id\":\"https:\\\/\\\/vanderloubet.com.br\\\/deputado\\\/vander-e-diplomado-para-sexto-mandato-consecutivo-de-federal\\\/#primaryimage\"},\"thumbnailUrl\":\"https:\\\/\\\/vanderloubet.com.br\\\/deputado\\\/wp-content\\\/uploads\\\/2022\\\/12\\\/foto-2022-12-19-diplomacao-tre-vander-loubet.jpg\",\"keywords\":[\"elei\u00e7\u00e3o\"],\"articleSection\":[\"Mato Grosso do Sul\",\"Not\u00edcias\"],\"inLanguage\":\"pt-BR\"},{\"@type\":\"WebPage\",\"@id\":\"https:\\\/\\\/vanderloubet.com.br\\\/deputado\\\/vander-e-diplomado-para-sexto-mandato-consecutivo-de-federal\\\/\",\"url\":\"https:\\\/\\\/vanderloubet.com.br\\\/deputado\\\/vander-e-diplomado-para-sexto-mandato-consecutivo-de-federal\\\/\",\"name\":\"Vander \u00e9 diplomado para sexto mandato consecutivo de federal\",\"isPartOf\":{\"@id\":\"https:\\\/\\\/vanderloubet.com.br\\\/deputado\\\/#website\"},\"primaryImageOfPage\":{\"@id\":\"https:\\\/\\\/vanderloubet.com.br\\\/deputado\\\/vander-e-diplomado-para-sexto-mandato-consecutivo-de-federal\\\/#primaryimage\"},\"image\":{\"@id\":\"https:\\\/\\\/vanderloubet.com.br\\\/deputado\\\/vander-e-diplomado-para-sexto-mandato-consecutivo-de-federal\\\/#primaryimage\"},\"thumbnailUrl\":\"https:\\\/\\\/vanderloubet.com.br\\\/deputado\\\/wp-content\\\/uploads\\\/2022\\\/12\\\/foto-2022-12-19-diplomacao-tre-vander-loubet.jpg\",\"datePublished\":\"2022-12-20T13:00:10+00:00\",\"dateModified\":\"2023-09-13T16:21:44+00:00\",\"description\":\"\\\"A alegria e o orgulho s\u00e3o proporcionais \u00e0 responsabilidade\\\", destacou o parlamentar pantaneiro na solenidade realizada pelo TRE-MS.\",\"breadcrumb\":{\"@id\":\"https:\\\/\\\/vanderloubet.com.br\\\/deputado\\\/vander-e-diplomado-para-sexto-mandato-consecutivo-de-federal\\\/#breadcrumb\"},\"inLanguage\":\"pt-BR\",\"potentialAction\":[{\"@type\":\"ReadAction\",\"target\":[\"https:\\\/\\\/vanderloubet.com.br\\\/deputado\\\/vander-e-diplomado-para-sexto-mandato-consecutivo-de-federal\\\/\"]}]},{\"@type\":\"ImageObject\",\"inLanguage\":\"pt-BR\",\"@id\":\"https:\\\/\\\/vanderloubet.com.br\\\/deputado\\\/vander-e-diplomado-para-sexto-mandato-consecutivo-de-federal\\\/#primaryimage\",\"url\":\"https:\\\/\\\/vanderloubet.com.br\\\/deputado\\\/wp-content\\\/uploads\\\/2022\\\/12\\\/foto-2022-12-19-diplomacao-tre-vander-loubet.jpg\",\"contentUrl\":\"https:\\\/\\\/vanderloubet.com.br\\\/deputado\\\/wp-content\\\/uploads\\\/2022\\\/12\\\/foto-2022-12-19-diplomacao-tre-vander-loubet.jpg\",\"width\":900,\"height\":600,\"caption\":\"Vander \u00e9 diplomado para sexto mandato consecutivo de federal\"},{\"@type\":\"BreadcrumbList\",\"@id\":\"https:\\\/\\\/vanderloubet.com.br\\\/deputado\\\/vander-e-diplomado-para-sexto-mandato-consecutivo-de-federal\\\/#breadcrumb\",\"itemListElement\":[{\"@type\":\"ListItem\",\"position\":1,\"name\":\"In\u00edcio\",\"item\":\"https:\\\/\\\/vanderloubet.com.br\\\/deputado\\\/\"},{\"@type\":\"ListItem\",\"position\":2,\"name\":\"Vander \u00e9 diplomado para sexto mandato consecutivo de federal\"}]},{\"@type\":\"WebSite\",\"@id\":\"https:\\\/\\\/vanderloubet.com.br\\\/deputado\\\/#website\",\"url\":\"https:\\\/\\\/vanderloubet.com.br\\\/deputado\\\/\",\"name\":\"Deputado Federal Vander Loubet\",\"description\":\"O Federal de MS\",\"publisher\":{\"@id\":\"https:\\\/\\\/vanderloubet.com.br\\\/deputado\\\/#organization\"},\"alternateName\":\"Deputado Vander\",\"potentialAction\":[{\"@type\":\"SearchAction\",\"target\":{\"@type\":\"EntryPoint\",\"urlTemplate\":\"https:\\\/\\\/vanderloubet.com.br\\\/deputado\\\/?s={search_term_string}\"},\"query-input\":{\"@type\":\"PropertyValueSpecification\",\"valueRequired\":true,\"valueName\":\"search_term_string\"}}],\"inLanguage\":\"pt-BR\"},{\"@type\":\"Organization\",\"@id\":\"https:\\\/\\\/vanderloubet.com.br\\\/deputado\\\/#organization\",\"name\":\"Deputado Federal Vander Loubet\",\"alternateName\":\"Deputado Vander\",\"url\":\"https:\\\/\\\/vanderloubet.com.br\\\/deputado\\\/\",\"logo\":{\"@type\":\"ImageObject\",\"inLanguage\":\"pt-BR\",\"@id\":\"https:\\\/\\\/vanderloubet.com.br\\\/deputado\\\/#\\\/schema\\\/logo\\\/image\\\/\",\"url\":\"https:\\\/\\\/vanderloubet.com.br\\\/deputado\\\/wp-content\\\/uploads\\\/2023\\\/06\\\/foto-2023-06-19-mandato-deputado-vander.jpg\",\"contentUrl\":\"https:\\\/\\\/vanderloubet.com.br\\\/deputado\\\/wp-content\\\/uploads\\\/2023\\\/06\\\/foto-2023-06-19-mandato-deputado-vander.jpg\",\"width\":1080,\"height\":1080,\"caption\":\"Deputado Federal Vander Loubet\"},\"image\":{\"@id\":\"https:\\\/\\\/vanderloubet.com.br\\\/deputado\\\/#\\\/schema\\\/logo\\\/image\\\/\"},\"sameAs\":[\"https:\\\/\\\/facebook.com\\\/deputadovander\",\"https:\\\/\\\/x.com\\\/vanderloubet\",\"https:\\\/\\\/instagram.com\\\/vanderloubet\",\"https:\\\/\\\/youtube.com\\\/vanderloubet\",\"https:\\\/\\\/tiktok.com\\\/@vanderloubetms\"]},{\"@type\":\"Person\",\"@id\":\"https:\\\/\\\/vanderloubet.com.br\\\/deputado\\\/#\\\/schema\\\/person\\\/15b51bd564532a8a68d9dec1b8eb890e\",\"name\":\"\u00c9der\",\"image\":{\"@type\":\"ImageObject\",\"inLanguage\":\"pt-BR\",\"@id\":\"https:\\\/\\\/vanderloubet.com.br\\\/deputado\\\/wp-content\\\/litespeed\\\/avatar\\\/88ca4090d9d5ab1c9495f6ca03b68efa.jpg?ver=1777058957\",\"url\":\"https:\\\/\\\/vanderloubet.com.br\\\/deputado\\\/wp-content\\\/litespeed\\\/avatar\\\/88ca4090d9d5ab1c9495f6ca03b68efa.jpg?ver=1777058957\",\"contentUrl\":\"https:\\\/\\\/vanderloubet.com.br\\\/deputado\\\/wp-content\\\/litespeed\\\/avatar\\\/88ca4090d9d5ab1c9495f6ca03b68efa.jpg?ver=1777058957\",\"caption\":\"\u00c9der\"}}]}<\/script>\n<!-- \/ Yoast SEO plugin. -->","yoast_head_json":{"title":"Vander \u00e9 diplomado para sexto mandato consecutivo de federal","description":"\"A alegria e o orgulho s\u00e3o proporcionais \u00e0 responsabilidade\", destacou o parlamentar pantaneiro na solenidade realizada pelo TRE-MS.","robots":{"index":"index","follow":"follow","max-snippet":"max-snippet:-1","max-image-preview":"max-image-preview:large","max-video-preview":"max-video-preview:-1"},"canonical":"https:\/\/vanderloubet.com.br\/deputado\/vander-e-diplomado-para-sexto-mandato-consecutivo-de-federal\/","og_locale":"pt_BR","og_type":"article","og_title":"Vander \u00e9 diplomado para sexto mandato consecutivo de federal","og_description":"\"A alegria e o orgulho s\u00e3o proporcionais \u00e0 responsabilidade\", destacou o parlamentar pantaneiro na solenidade realizada pelo TRE-MS.","og_url":"https:\/\/vanderloubet.com.br\/deputado\/vander-e-diplomado-para-sexto-mandato-consecutivo-de-federal\/","og_site_name":"Deputado Federal Vander Loubet","article_publisher":"https:\/\/facebook.com\/deputadovander","article_published_time":"2022-12-20T13:00:10+00:00","article_modified_time":"2023-09-13T16:21:44+00:00","og_image":[{"width":900,"height":600,"url":"https:\/\/vanderloubet.com.br\/deputado\/wp-content\/uploads\/2022\/12\/foto-2022-12-19-diplomacao-tre-vander-loubet.jpg","type":"image\/jpeg"}],"author":"\u00c9der","twitter_card":"summary_large_image","twitter_creator":"@vanderloubet","twitter_site":"@vanderloubet","schema":{"@context":"https:\/\/schema.org","@graph":[{"@type":"Article","@id":"https:\/\/vanderloubet.com.br\/deputado\/vander-e-diplomado-para-sexto-mandato-consecutivo-de-federal\/#article","isPartOf":{"@id":"https:\/\/vanderloubet.com.br\/deputado\/vander-e-diplomado-para-sexto-mandato-consecutivo-de-federal\/"},"author":{"name":"\u00c9der","@id":"https:\/\/vanderloubet.com.br\/deputado\/#\/schema\/person\/15b51bd564532a8a68d9dec1b8eb890e"},"headline":"Vander \u00e9 diplomado para sexto mandato consecutivo de federal","datePublished":"2022-12-20T13:00:10+00:00","dateModified":"2023-09-13T16:21:44+00:00","mainEntityOfPage":{"@id":"https:\/\/vanderloubet.com.br\/deputado\/vander-e-diplomado-para-sexto-mandato-consecutivo-de-federal\/"},"wordCount":365,"publisher":{"@id":"https:\/\/vanderloubet.com.br\/deputado\/#organization"},"image":{"@id":"https:\/\/vanderloubet.com.br\/deputado\/vander-e-diplomado-para-sexto-mandato-consecutivo-de-federal\/#primaryimage"},"thumbnailUrl":"https:\/\/vanderloubet.com.br\/deputado\/wp-content\/uploads\/2022\/12\/foto-2022-12-19-diplomacao-tre-vander-loubet.jpg","keywords":["elei\u00e7\u00e3o"],"articleSection":["Mato Grosso do Sul","Not\u00edcias"],"inLanguage":"pt-BR"},{"@type":"WebPage","@id":"https:\/\/vanderloubet.com.br\/deputado\/vander-e-diplomado-para-sexto-mandato-consecutivo-de-federal\/","url":"https:\/\/vanderloubet.com.br\/deputado\/vander-e-diplomado-para-sexto-mandato-consecutivo-de-federal\/","name":"Vander \u00e9 diplomado para sexto mandato consecutivo de federal","isPartOf":{"@id":"https:\/\/vanderloubet.com.br\/deputado\/#website"},"primaryImageOfPage":{"@id":"https:\/\/vanderloubet.com.br\/deputado\/vander-e-diplomado-para-sexto-mandato-consecutivo-de-federal\/#primaryimage"},"image":{"@id":"https:\/\/vanderloubet.com.br\/deputado\/vander-e-diplomado-para-sexto-mandato-consecutivo-de-federal\/#primaryimage"},"thumbnailUrl":"https:\/\/vanderloubet.com.br\/deputado\/wp-content\/uploads\/2022\/12\/foto-2022-12-19-diplomacao-tre-vander-loubet.jpg","datePublished":"2022-12-20T13:00:10+00:00","dateModified":"2023-09-13T16:21:44+00:00","description":"\"A alegria e o orgulho s\u00e3o proporcionais \u00e0 responsabilidade\", destacou o parlamentar pantaneiro na solenidade realizada pelo TRE-MS.","breadcrumb":{"@id":"https:\/\/vanderloubet.com.br\/deputado\/vander-e-diplomado-para-sexto-mandato-consecutivo-de-federal\/#breadcrumb"},"inLanguage":"pt-BR","potentialAction":[{"@type":"ReadAction","target":["https:\/\/vanderloubet.com.br\/deputado\/vander-e-diplomado-para-sexto-mandato-consecutivo-de-federal\/"]}]},{"@type":"ImageObject","inLanguage":"pt-BR","@id":"https:\/\/vanderloubet.com.br\/deputado\/vander-e-diplomado-para-sexto-mandato-consecutivo-de-federal\/#primaryimage","url":"https:\/\/vanderloubet.com.br\/deputado\/wp-content\/uploads\/2022\/12\/foto-2022-12-19-diplomacao-tre-vander-loubet.jpg","contentUrl":"https:\/\/vanderloubet.com.br\/deputado\/wp-content\/uploads\/2022\/12\/foto-2022-12-19-diplomacao-tre-vander-loubet.jpg","width":900,"height":600,"caption":"Vander \u00e9 diplomado para sexto mandato consecutivo de federal"},{"@type":"BreadcrumbList","@id":"https:\/\/vanderloubet.com.br\/deputado\/vander-e-diplomado-para-sexto-mandato-consecutivo-de-federal\/#breadcrumb","itemListElement":[{"@type":"ListItem","position":1,"name":"In\u00edcio","item":"https:\/\/vanderloubet.com.br\/deputado\/"},{"@type":"ListItem","position":2,"name":"Vander \u00e9 diplomado para sexto mandato consecutivo de federal"}]},{"@type":"WebSite","@id":"https:\/\/vanderloubet.com.br\/deputado\/#website","url":"https:\/\/vanderloubet.com.br\/deputado\/","name":"Deputado Federal Vander Loubet","description":"O Federal de MS","publisher":{"@id":"https:\/\/vanderloubet.com.br\/deputado\/#organization"},"alternateName":"Deputado Vander","potentialAction":[{"@type":"SearchAction","target":{"@type":"EntryPoint","urlTemplate":"https:\/\/vanderloubet.com.br\/deputado\/?s={search_term_string}"},"query-input":{"@type":"PropertyValueSpecification","valueRequired":true,"valueName":"search_term_string"}}],"inLanguage":"pt-BR"},{"@type":"Organization","@id":"https:\/\/vanderloubet.com.br\/deputado\/#organization","name":"Deputado Federal Vander Loubet","alternateName":"Deputado Vander","url":"https:\/\/vanderloubet.com.br\/deputado\/","logo":{"@type":"ImageObject","inLanguage":"pt-BR","@id":"https:\/\/vanderloubet.com.br\/deputado\/#\/schema\/logo\/image\/","url":"https:\/\/vanderloubet.com.br\/deputado\/wp-content\/uploads\/2023\/06\/foto-2023-06-19-mandato-deputado-vander.jpg","contentUrl":"https:\/\/vanderloubet.com.br\/deputado\/wp-content\/uploads\/2023\/06\/foto-2023-06-19-mandato-deputado-vander.jpg","width":1080,"height":1080,"caption":"Deputado Federal Vander Loubet"},"image":{"@id":"https:\/\/vanderloubet.com.br\/deputado\/#\/schema\/logo\/image\/"},"sameAs":["https:\/\/facebook.com\/deputadovander","https:\/\/x.com\/vanderloubet","https:\/\/instagram.com\/vanderloubet","https:\/\/youtube.com\/vanderloubet","https:\/\/tiktok.com\/@vanderloubetms"]},{"@type":"Person","@id":"https:\/\/vanderloubet.com.br\/deputado\/#\/schema\/person\/15b51bd564532a8a68d9dec1b8eb890e","name":"\u00c9der","image":{"@type":"ImageObject","inLanguage":"pt-BR","@id":"https:\/\/vanderloubet.com.br\/deputado\/wp-content\/litespeed\/avatar\/88ca4090d9d5ab1c9495f6ca03b68efa.jpg?ver=1777058957","url":"https:\/\/vanderloubet.com.br\/deputado\/wp-content\/litespeed\/avatar\/88ca4090d9d5ab1c9495f6ca03b68efa.jpg?ver=1777058957","contentUrl":"https:\/\/vanderloubet.com.br\/deputado\/wp-content\/litespeed\/avatar\/88ca4090d9d5ab1c9495f6ca03b68efa.jpg?ver=1777058957","caption":"\u00c9der"}}]}},"jetpack_featured_media_url":"https:\/\/vanderloubet.com.br\/deputado\/wp-content\/uploads\/2022\/12\/foto-2022-12-19-diplomacao-tre-vander-loubet.jpg","jetpack_sharing_enabled":true,"_links":{"self":[{"href":"https:\/\/vanderloubet.com.br\/deputado\/wp-json\/wp\/v2\/posts\/18672","targetHints":{"allow":["GET"]}}],"collection":[{"href":"https:\/\/vanderloubet.com.br\/deputado\/wp-json\/wp\/v2\/posts"}],"about":[{"href":"https:\/\/vanderloubet.com.br\/deputado\/wp-json\/wp\/v2\/types\/post"}],"author":[{"embeddable":true,"href":"https:\/\/vanderloubet.com.br\/deputado\/wp-json\/wp\/v2\/users\/2"}],"replies":[{"embeddable":true,"href":"https:\/\/vanderloubet.com.br\/deputado\/wp-json\/wp\/v2\/comments?post=18672"}],"version-history":[{"count":0,"href":"https:\/\/vanderloubet.com.br\/deputado\/wp-json\/wp\/v2\/posts\/18672\/revisions"}],"wp:featuredmedia":[{"embeddable":true,"href":"https:\/\/vanderloubet.com.br\/deputado\/wp-json\/wp\/v2\/media\/18673"}],"wp:attachment":[{"href":"https:\/\/vanderloubet.com.br\/deputado\/wp-json\/wp\/v2\/media?parent=18672"}],"wp:term":[{"taxonomy":"category","embeddable":true,"href":"https:\/\/vanderloubet.com.br\/deputado\/wp-json\/wp\/v2\/categories?post=18672"},{"taxonomy":"post_tag","embeddable":true,"href":"https:\/\/vanderloubet.com.br\/deputado\/wp-json\/wp\/v2\/tags?post=18672"}],"curies":[{"name":"wp","href":"https:\/\/api.w.org\/{rel}","templated":true}]}}