{"id":18632,"date":"2022-12-06T16:42:55","date_gmt":"2022-12-06T20:42:55","guid":{"rendered":"https:\/\/vanderloubet.com.br\/deputado\/?p=18632"},"modified":"2022-12-07T09:02:06","modified_gmt":"2022-12-07T13:02:06","slug":"emenda-de-vander-garante-equipamentos-hospitalares-para-tacuru","status":"publish","type":"post","link":"https:\/\/vanderloubet.com.br\/deputado\/emenda-de-vander-garante-equipamentos-hospitalares-para-tacuru\/","title":{"rendered":"Emenda de Vander garante equipamentos hospitalares para Tacuru"},"content":{"rendered":"<p>A sa\u00fade p\u00fablica de Tacuru, na Regi\u00e3o Sul-Fronteira do estado, recebeu novos equipamentos para atender o Hospital Municipal S\u00e3o Sebasti\u00e3o. As aquisi\u00e7\u00f5es s\u00e3o fruto de emenda parlamentar do deputado federal Vander Loubet, atendendo a um pedido da vereadora Cirlene Jesus de Moraes.<\/p>\n<p>Segundo a vereadora, a compra dos equipamentos para o Hospital, feita pela gest\u00e3o do prefeito Rog\u00e9rio Torquetti, foi uma reivindica\u00e7\u00e3o dos m\u00e9dicos Dr. Stenfenson Dayhan Macedo Nunes e Dr. Cla\u00fadio Rocha Barcelos e vai beneficiar os pacientes atendidos pelo Sistema \u00danico de Sa\u00fade (SUS) no munic\u00edpio.<\/p>\n<p>Avaliados em cerca de R$ 100 mil, os equipamentos adquiridos pela Prefeitura e entregues s\u00e3o:\u00a0bisturi eletr\u00f4nico (instrumento para cirurgias), cardiotoc\u00f3grafo\u00a0(aparelho para detectar a frequ\u00eancia card\u00edaca de feto e as contra\u00e7\u00f5es uterinas), monitor multiparam\u00e9trico\u00a0(aparelho que faz a leitura dos sinais vitais do paciente) e ventilador pulmonar\u00a0(equipamento essencial para a manuten\u00e7\u00e3o da respira\u00e7\u00e3o em pacientes que apresentam alguma defici\u00eancia respirat\u00f3ria).<\/p>\n<p>Cirlene, que \u00e9 t\u00e9cnica de enfermagem e tem o cuidado com a sa\u00fade p\u00fablica como bandeira, agradeceu a parceria constante do deputado Vander por Tacuru e destacou que o parlamentar \u00e9 campe\u00e3o de emendas para o munic\u00edpio.<\/p>\n<p><em>(Fonte: Tacuru Web TV)<\/em><\/p>\n","protected":false},"excerpt":{"rendered":"<p>Os equipamentos foram entregues para o Hospital Municipal S\u00e3o Sebasti\u00e3o, atendendo pedido da vereadora Cirlene Morais.<\/p>\n","protected":false},"author":2,"featured_media":18633,"comment_status":"closed","ping_status":"closed","sticky":false,"template":"","format":"standard","meta":{"jetpack_post_was_ever_published":false,"_jetpack_newsletter_access":"","_jetpack_dont_email_post_to_subs":false,"_jetpack_newsletter_tier_id":0,"_jetpack_memberships_contains_paywalled_content":false,"_jetpack_memberships_contains_paid_content":false,"footnotes":""},"categories":[2097,10],"tags":[2127,1803,1911],"class_list":{"0":"post-18632","1":"post","2":"type-post","3":"status-publish","4":"format-standard","5":"has-post-thumbnail","7":"category-municipios-noticias","8":"category-noticias","9":"tag-emenda-parlamentar","10":"tag-saude","11":"tag-tacuru"},"yoast_head":"<!-- This site is optimized with the Yoast SEO plugin v27.4 - https:\/\/yoast.com\/product\/yoast-seo-wordpress\/ -->\n<title>Emenda de Vander garante equipamentos hospitalares para Tacuru<\/title>\n<meta name=\"description\" content=\"Os equipamentos foram entregues para o Hospital Municipal S\u00e3o Sebasti\u00e3o, atendendo pedido da vereadora Cirlene Morais.\" \/>\n<meta name=\"robots\" content=\"index, follow, max-snippet:-1, max-image-preview:large, max-video-preview:-1\" \/>\n<link rel=\"canonical\" href=\"https:\/\/vanderloubet.com.br\/deputado\/emenda-de-vander-garante-equipamentos-hospitalares-para-tacuru\/\" \/>\n<meta property=\"og:locale\" content=\"pt_BR\" \/>\n<meta property=\"og:type\" content=\"article\" \/>\n<meta property=\"og:title\" content=\"Emenda de Vander garante equipamentos hospitalares para Tacuru\" \/>\n<meta property=\"og:description\" content=\"Os equipamentos foram entregues para o Hospital Municipal S\u00e3o Sebasti\u00e3o, atendendo pedido da vereadora Cirlene Morais.\" \/>\n<meta property=\"og:url\" content=\"https:\/\/vanderloubet.com.br\/deputado\/emenda-de-vander-garante-equipamentos-hospitalares-para-tacuru\/\" \/>\n<meta property=\"og:site_name\" content=\"Deputado Federal Vander Loubet\" \/>\n<meta property=\"article:publisher\" content=\"https:\/\/facebook.com\/deputadovander\" \/>\n<meta property=\"article:published_time\" content=\"2022-12-06T20:42:55+00:00\" \/>\n<meta property=\"article:modified_time\" content=\"2022-12-07T13:02:06+00:00\" \/>\n<meta property=\"og:image\" content=\"https:\/\/vanderloubet.com.br\/deputado\/wp-content\/uploads\/2022\/12\/foto-2022-12-06-equipamentos-saude-tacuru.jpg\" \/>\n\t<meta property=\"og:image:width\" content=\"900\" \/>\n\t<meta property=\"og:image:height\" content=\"675\" \/>\n\t<meta property=\"og:image:type\" content=\"image\/jpeg\" \/>\n<meta name=\"author\" content=\"\u00c9der\" \/>\n<meta name=\"twitter:card\" content=\"summary_large_image\" \/>\n<meta name=\"twitter:creator\" content=\"@vanderloubet\" \/>\n<meta name=\"twitter:site\" content=\"@vanderloubet\" \/>\n<script type=\"application\/ld+json\" class=\"yoast-schema-graph\">{\"@context\":\"https:\\\/\\\/schema.org\",\"@graph\":[{\"@type\":\"Article\",\"@id\":\"https:\\\/\\\/vanderloubet.com.br\\\/deputado\\\/emenda-de-vander-garante-equipamentos-hospitalares-para-tacuru\\\/#article\",\"isPartOf\":{\"@id\":\"https:\\\/\\\/vanderloubet.com.br\\\/deputado\\\/emenda-de-vander-garante-equipamentos-hospitalares-para-tacuru\\\/\"},\"author\":{\"name\":\"\u00c9der\",\"@id\":\"https:\\\/\\\/vanderloubet.com.br\\\/deputado\\\/#\\\/schema\\\/person\\\/15b51bd564532a8a68d9dec1b8eb890e\"},\"headline\":\"Emenda de Vander garante equipamentos hospitalares para Tacuru\",\"datePublished\":\"2022-12-06T20:42:55+00:00\",\"dateModified\":\"2022-12-07T13:02:06+00:00\",\"mainEntityOfPage\":{\"@id\":\"https:\\\/\\\/vanderloubet.com.br\\\/deputado\\\/emenda-de-vander-garante-equipamentos-hospitalares-para-tacuru\\\/\"},\"wordCount\":226,\"publisher\":{\"@id\":\"https:\\\/\\\/vanderloubet.com.br\\\/deputado\\\/#organization\"},\"image\":{\"@id\":\"https:\\\/\\\/vanderloubet.com.br\\\/deputado\\\/emenda-de-vander-garante-equipamentos-hospitalares-para-tacuru\\\/#primaryimage\"},\"thumbnailUrl\":\"https:\\\/\\\/vanderloubet.com.br\\\/deputado\\\/wp-content\\\/uploads\\\/2022\\\/12\\\/foto-2022-12-06-equipamentos-saude-tacuru.jpg\",\"keywords\":[\"emenda parlamentar\",\"sa\u00fade\",\"tacuru\"],\"articleSection\":[\"Munic\u00edpios\",\"Not\u00edcias\"],\"inLanguage\":\"pt-BR\"},{\"@type\":\"WebPage\",\"@id\":\"https:\\\/\\\/vanderloubet.com.br\\\/deputado\\\/emenda-de-vander-garante-equipamentos-hospitalares-para-tacuru\\\/\",\"url\":\"https:\\\/\\\/vanderloubet.com.br\\\/deputado\\\/emenda-de-vander-garante-equipamentos-hospitalares-para-tacuru\\\/\",\"name\":\"Emenda de Vander garante equipamentos hospitalares para Tacuru\",\"isPartOf\":{\"@id\":\"https:\\\/\\\/vanderloubet.com.br\\\/deputado\\\/#website\"},\"primaryImageOfPage\":{\"@id\":\"https:\\\/\\\/vanderloubet.com.br\\\/deputado\\\/emenda-de-vander-garante-equipamentos-hospitalares-para-tacuru\\\/#primaryimage\"},\"image\":{\"@id\":\"https:\\\/\\\/vanderloubet.com.br\\\/deputado\\\/emenda-de-vander-garante-equipamentos-hospitalares-para-tacuru\\\/#primaryimage\"},\"thumbnailUrl\":\"https:\\\/\\\/vanderloubet.com.br\\\/deputado\\\/wp-content\\\/uploads\\\/2022\\\/12\\\/foto-2022-12-06-equipamentos-saude-tacuru.jpg\",\"datePublished\":\"2022-12-06T20:42:55+00:00\",\"dateModified\":\"2022-12-07T13:02:06+00:00\",\"description\":\"Os equipamentos foram entregues para o Hospital Municipal S\u00e3o Sebasti\u00e3o, atendendo pedido da vereadora Cirlene Morais.\",\"breadcrumb\":{\"@id\":\"https:\\\/\\\/vanderloubet.com.br\\\/deputado\\\/emenda-de-vander-garante-equipamentos-hospitalares-para-tacuru\\\/#breadcrumb\"},\"inLanguage\":\"pt-BR\",\"potentialAction\":[{\"@type\":\"ReadAction\",\"target\":[\"https:\\\/\\\/vanderloubet.com.br\\\/deputado\\\/emenda-de-vander-garante-equipamentos-hospitalares-para-tacuru\\\/\"]}]},{\"@type\":\"ImageObject\",\"inLanguage\":\"pt-BR\",\"@id\":\"https:\\\/\\\/vanderloubet.com.br\\\/deputado\\\/emenda-de-vander-garante-equipamentos-hospitalares-para-tacuru\\\/#primaryimage\",\"url\":\"https:\\\/\\\/vanderloubet.com.br\\\/deputado\\\/wp-content\\\/uploads\\\/2022\\\/12\\\/foto-2022-12-06-equipamentos-saude-tacuru.jpg\",\"contentUrl\":\"https:\\\/\\\/vanderloubet.com.br\\\/deputado\\\/wp-content\\\/uploads\\\/2022\\\/12\\\/foto-2022-12-06-equipamentos-saude-tacuru.jpg\",\"width\":900,\"height\":675,\"caption\":\"Emenda de Vander garante equipamentos hospitalares para Tacuru\"},{\"@type\":\"BreadcrumbList\",\"@id\":\"https:\\\/\\\/vanderloubet.com.br\\\/deputado\\\/emenda-de-vander-garante-equipamentos-hospitalares-para-tacuru\\\/#breadcrumb\",\"itemListElement\":[{\"@type\":\"ListItem\",\"position\":1,\"name\":\"In\u00edcio\",\"item\":\"https:\\\/\\\/vanderloubet.com.br\\\/deputado\\\/\"},{\"@type\":\"ListItem\",\"position\":2,\"name\":\"Emenda de Vander garante equipamentos hospitalares para Tacuru\"}]},{\"@type\":\"WebSite\",\"@id\":\"https:\\\/\\\/vanderloubet.com.br\\\/deputado\\\/#website\",\"url\":\"https:\\\/\\\/vanderloubet.com.br\\\/deputado\\\/\",\"name\":\"Deputado Federal Vander Loubet\",\"description\":\"O Federal de MS\",\"publisher\":{\"@id\":\"https:\\\/\\\/vanderloubet.com.br\\\/deputado\\\/#organization\"},\"alternateName\":\"Deputado Vander\",\"potentialAction\":[{\"@type\":\"SearchAction\",\"target\":{\"@type\":\"EntryPoint\",\"urlTemplate\":\"https:\\\/\\\/vanderloubet.com.br\\\/deputado\\\/?s={search_term_string}\"},\"query-input\":{\"@type\":\"PropertyValueSpecification\",\"valueRequired\":true,\"valueName\":\"search_term_string\"}}],\"inLanguage\":\"pt-BR\"},{\"@type\":\"Organization\",\"@id\":\"https:\\\/\\\/vanderloubet.com.br\\\/deputado\\\/#organization\",\"name\":\"Deputado Federal Vander Loubet\",\"alternateName\":\"Deputado Vander\",\"url\":\"https:\\\/\\\/vanderloubet.com.br\\\/deputado\\\/\",\"logo\":{\"@type\":\"ImageObject\",\"inLanguage\":\"pt-BR\",\"@id\":\"https:\\\/\\\/vanderloubet.com.br\\\/deputado\\\/#\\\/schema\\\/logo\\\/image\\\/\",\"url\":\"https:\\\/\\\/vanderloubet.com.br\\\/deputado\\\/wp-content\\\/uploads\\\/2023\\\/06\\\/foto-2023-06-19-mandato-deputado-vander.jpg\",\"contentUrl\":\"https:\\\/\\\/vanderloubet.com.br\\\/deputado\\\/wp-content\\\/uploads\\\/2023\\\/06\\\/foto-2023-06-19-mandato-deputado-vander.jpg\",\"width\":1080,\"height\":1080,\"caption\":\"Deputado Federal Vander Loubet\"},\"image\":{\"@id\":\"https:\\\/\\\/vanderloubet.com.br\\\/deputado\\\/#\\\/schema\\\/logo\\\/image\\\/\"},\"sameAs\":[\"https:\\\/\\\/facebook.com\\\/deputadovander\",\"https:\\\/\\\/x.com\\\/vanderloubet\",\"https:\\\/\\\/instagram.com\\\/vanderloubet\",\"https:\\\/\\\/youtube.com\\\/vanderloubet\",\"https:\\\/\\\/tiktok.com\\\/@vanderloubetms\"]},{\"@type\":\"Person\",\"@id\":\"https:\\\/\\\/vanderloubet.com.br\\\/deputado\\\/#\\\/schema\\\/person\\\/15b51bd564532a8a68d9dec1b8eb890e\",\"name\":\"\u00c9der\",\"image\":{\"@type\":\"ImageObject\",\"inLanguage\":\"pt-BR\",\"@id\":\"https:\\\/\\\/vanderloubet.com.br\\\/deputado\\\/wp-content\\\/litespeed\\\/avatar\\\/88ca4090d9d5ab1c9495f6ca03b68efa.jpg?ver=1777058957\",\"url\":\"https:\\\/\\\/vanderloubet.com.br\\\/deputado\\\/wp-content\\\/litespeed\\\/avatar\\\/88ca4090d9d5ab1c9495f6ca03b68efa.jpg?ver=1777058957\",\"contentUrl\":\"https:\\\/\\\/vanderloubet.com.br\\\/deputado\\\/wp-content\\\/litespeed\\\/avatar\\\/88ca4090d9d5ab1c9495f6ca03b68efa.jpg?ver=1777058957\",\"caption\":\"\u00c9der\"}}]}<\/script>\n<!-- \/ Yoast SEO plugin. -->","yoast_head_json":{"title":"Emenda de Vander garante equipamentos hospitalares para Tacuru","description":"Os equipamentos foram entregues para o Hospital Municipal S\u00e3o Sebasti\u00e3o, atendendo pedido da vereadora Cirlene Morais.","robots":{"index":"index","follow":"follow","max-snippet":"max-snippet:-1","max-image-preview":"max-image-preview:large","max-video-preview":"max-video-preview:-1"},"canonical":"https:\/\/vanderloubet.com.br\/deputado\/emenda-de-vander-garante-equipamentos-hospitalares-para-tacuru\/","og_locale":"pt_BR","og_type":"article","og_title":"Emenda de Vander garante equipamentos hospitalares para Tacuru","og_description":"Os equipamentos foram entregues para o Hospital Municipal S\u00e3o Sebasti\u00e3o, atendendo pedido da vereadora Cirlene Morais.","og_url":"https:\/\/vanderloubet.com.br\/deputado\/emenda-de-vander-garante-equipamentos-hospitalares-para-tacuru\/","og_site_name":"Deputado Federal Vander Loubet","article_publisher":"https:\/\/facebook.com\/deputadovander","article_published_time":"2022-12-06T20:42:55+00:00","article_modified_time":"2022-12-07T13:02:06+00:00","og_image":[{"width":900,"height":675,"url":"https:\/\/vanderloubet.com.br\/deputado\/wp-content\/uploads\/2022\/12\/foto-2022-12-06-equipamentos-saude-tacuru.jpg","type":"image\/jpeg"}],"author":"\u00c9der","twitter_card":"summary_large_image","twitter_creator":"@vanderloubet","twitter_site":"@vanderloubet","schema":{"@context":"https:\/\/schema.org","@graph":[{"@type":"Article","@id":"https:\/\/vanderloubet.com.br\/deputado\/emenda-de-vander-garante-equipamentos-hospitalares-para-tacuru\/#article","isPartOf":{"@id":"https:\/\/vanderloubet.com.br\/deputado\/emenda-de-vander-garante-equipamentos-hospitalares-para-tacuru\/"},"author":{"name":"\u00c9der","@id":"https:\/\/vanderloubet.com.br\/deputado\/#\/schema\/person\/15b51bd564532a8a68d9dec1b8eb890e"},"headline":"Emenda de Vander garante equipamentos hospitalares para Tacuru","datePublished":"2022-12-06T20:42:55+00:00","dateModified":"2022-12-07T13:02:06+00:00","mainEntityOfPage":{"@id":"https:\/\/vanderloubet.com.br\/deputado\/emenda-de-vander-garante-equipamentos-hospitalares-para-tacuru\/"},"wordCount":226,"publisher":{"@id":"https:\/\/vanderloubet.com.br\/deputado\/#organization"},"image":{"@id":"https:\/\/vanderloubet.com.br\/deputado\/emenda-de-vander-garante-equipamentos-hospitalares-para-tacuru\/#primaryimage"},"thumbnailUrl":"https:\/\/vanderloubet.com.br\/deputado\/wp-content\/uploads\/2022\/12\/foto-2022-12-06-equipamentos-saude-tacuru.jpg","keywords":["emenda parlamentar","sa\u00fade","tacuru"],"articleSection":["Munic\u00edpios","Not\u00edcias"],"inLanguage":"pt-BR"},{"@type":"WebPage","@id":"https:\/\/vanderloubet.com.br\/deputado\/emenda-de-vander-garante-equipamentos-hospitalares-para-tacuru\/","url":"https:\/\/vanderloubet.com.br\/deputado\/emenda-de-vander-garante-equipamentos-hospitalares-para-tacuru\/","name":"Emenda de Vander garante equipamentos hospitalares para Tacuru","isPartOf":{"@id":"https:\/\/vanderloubet.com.br\/deputado\/#website"},"primaryImageOfPage":{"@id":"https:\/\/vanderloubet.com.br\/deputado\/emenda-de-vander-garante-equipamentos-hospitalares-para-tacuru\/#primaryimage"},"image":{"@id":"https:\/\/vanderloubet.com.br\/deputado\/emenda-de-vander-garante-equipamentos-hospitalares-para-tacuru\/#primaryimage"},"thumbnailUrl":"https:\/\/vanderloubet.com.br\/deputado\/wp-content\/uploads\/2022\/12\/foto-2022-12-06-equipamentos-saude-tacuru.jpg","datePublished":"2022-12-06T20:42:55+00:00","dateModified":"2022-12-07T13:02:06+00:00","description":"Os equipamentos foram entregues para o Hospital Municipal S\u00e3o Sebasti\u00e3o, atendendo pedido da vereadora Cirlene Morais.","breadcrumb":{"@id":"https:\/\/vanderloubet.com.br\/deputado\/emenda-de-vander-garante-equipamentos-hospitalares-para-tacuru\/#breadcrumb"},"inLanguage":"pt-BR","potentialAction":[{"@type":"ReadAction","target":["https:\/\/vanderloubet.com.br\/deputado\/emenda-de-vander-garante-equipamentos-hospitalares-para-tacuru\/"]}]},{"@type":"ImageObject","inLanguage":"pt-BR","@id":"https:\/\/vanderloubet.com.br\/deputado\/emenda-de-vander-garante-equipamentos-hospitalares-para-tacuru\/#primaryimage","url":"https:\/\/vanderloubet.com.br\/deputado\/wp-content\/uploads\/2022\/12\/foto-2022-12-06-equipamentos-saude-tacuru.jpg","contentUrl":"https:\/\/vanderloubet.com.br\/deputado\/wp-content\/uploads\/2022\/12\/foto-2022-12-06-equipamentos-saude-tacuru.jpg","width":900,"height":675,"caption":"Emenda de Vander garante equipamentos hospitalares para Tacuru"},{"@type":"BreadcrumbList","@id":"https:\/\/vanderloubet.com.br\/deputado\/emenda-de-vander-garante-equipamentos-hospitalares-para-tacuru\/#breadcrumb","itemListElement":[{"@type":"ListItem","position":1,"name":"In\u00edcio","item":"https:\/\/vanderloubet.com.br\/deputado\/"},{"@type":"ListItem","position":2,"name":"Emenda de Vander garante equipamentos hospitalares para Tacuru"}]},{"@type":"WebSite","@id":"https:\/\/vanderloubet.com.br\/deputado\/#website","url":"https:\/\/vanderloubet.com.br\/deputado\/","name":"Deputado Federal Vander Loubet","description":"O Federal de MS","publisher":{"@id":"https:\/\/vanderloubet.com.br\/deputado\/#organization"},"alternateName":"Deputado Vander","potentialAction":[{"@type":"SearchAction","target":{"@type":"EntryPoint","urlTemplate":"https:\/\/vanderloubet.com.br\/deputado\/?s={search_term_string}"},"query-input":{"@type":"PropertyValueSpecification","valueRequired":true,"valueName":"search_term_string"}}],"inLanguage":"pt-BR"},{"@type":"Organization","@id":"https:\/\/vanderloubet.com.br\/deputado\/#organization","name":"Deputado Federal Vander Loubet","alternateName":"Deputado Vander","url":"https:\/\/vanderloubet.com.br\/deputado\/","logo":{"@type":"ImageObject","inLanguage":"pt-BR","@id":"https:\/\/vanderloubet.com.br\/deputado\/#\/schema\/logo\/image\/","url":"https:\/\/vanderloubet.com.br\/deputado\/wp-content\/uploads\/2023\/06\/foto-2023-06-19-mandato-deputado-vander.jpg","contentUrl":"https:\/\/vanderloubet.com.br\/deputado\/wp-content\/uploads\/2023\/06\/foto-2023-06-19-mandato-deputado-vander.jpg","width":1080,"height":1080,"caption":"Deputado Federal Vander Loubet"},"image":{"@id":"https:\/\/vanderloubet.com.br\/deputado\/#\/schema\/logo\/image\/"},"sameAs":["https:\/\/facebook.com\/deputadovander","https:\/\/x.com\/vanderloubet","https:\/\/instagram.com\/vanderloubet","https:\/\/youtube.com\/vanderloubet","https:\/\/tiktok.com\/@vanderloubetms"]},{"@type":"Person","@id":"https:\/\/vanderloubet.com.br\/deputado\/#\/schema\/person\/15b51bd564532a8a68d9dec1b8eb890e","name":"\u00c9der","image":{"@type":"ImageObject","inLanguage":"pt-BR","@id":"https:\/\/vanderloubet.com.br\/deputado\/wp-content\/litespeed\/avatar\/88ca4090d9d5ab1c9495f6ca03b68efa.jpg?ver=1777058957","url":"https:\/\/vanderloubet.com.br\/deputado\/wp-content\/litespeed\/avatar\/88ca4090d9d5ab1c9495f6ca03b68efa.jpg?ver=1777058957","contentUrl":"https:\/\/vanderloubet.com.br\/deputado\/wp-content\/litespeed\/avatar\/88ca4090d9d5ab1c9495f6ca03b68efa.jpg?ver=1777058957","caption":"\u00c9der"}}]}},"jetpack_featured_media_url":"https:\/\/vanderloubet.com.br\/deputado\/wp-content\/uploads\/2022\/12\/foto-2022-12-06-equipamentos-saude-tacuru.jpg","jetpack_sharing_enabled":true,"_links":{"self":[{"href":"https:\/\/vanderloubet.com.br\/deputado\/wp-json\/wp\/v2\/posts\/18632","targetHints":{"allow":["GET"]}}],"collection":[{"href":"https:\/\/vanderloubet.com.br\/deputado\/wp-json\/wp\/v2\/posts"}],"about":[{"href":"https:\/\/vanderloubet.com.br\/deputado\/wp-json\/wp\/v2\/types\/post"}],"author":[{"embeddable":true,"href":"https:\/\/vanderloubet.com.br\/deputado\/wp-json\/wp\/v2\/users\/2"}],"replies":[{"embeddable":true,"href":"https:\/\/vanderloubet.com.br\/deputado\/wp-json\/wp\/v2\/comments?post=18632"}],"version-history":[{"count":0,"href":"https:\/\/vanderloubet.com.br\/deputado\/wp-json\/wp\/v2\/posts\/18632\/revisions"}],"wp:featuredmedia":[{"embeddable":true,"href":"https:\/\/vanderloubet.com.br\/deputado\/wp-json\/wp\/v2\/media\/18633"}],"wp:attachment":[{"href":"https:\/\/vanderloubet.com.br\/deputado\/wp-json\/wp\/v2\/media?parent=18632"}],"wp:term":[{"taxonomy":"category","embeddable":true,"href":"https:\/\/vanderloubet.com.br\/deputado\/wp-json\/wp\/v2\/categories?post=18632"},{"taxonomy":"post_tag","embeddable":true,"href":"https:\/\/vanderloubet.com.br\/deputado\/wp-json\/wp\/v2\/tags?post=18632"}],"curies":[{"name":"wp","href":"https:\/\/api.w.org\/{rel}","templated":true}]}}