{"id":18613,"date":"2022-11-22T09:32:49","date_gmt":"2022-11-22T13:32:49","guid":{"rendered":"https:\/\/vanderloubet.com.br\/deputado\/?p=18613"},"modified":"2022-11-22T13:42:20","modified_gmt":"2022-11-22T17:42:20","slug":"bancada-do-pt-ms-pede-explicacoes-da-pf-sobre-atos-antidemocraticos","status":"publish","type":"post","link":"https:\/\/vanderloubet.com.br\/deputado\/bancada-do-pt-ms-pede-explicacoes-da-pf-sobre-atos-antidemocraticos\/","title":{"rendered":"Bancada do PT-MS pede explica\u00e7\u00f5es da PF sobre atos antidemocr\u00e1ticos"},"content":{"rendered":"<p>Na tarde desta segunda-feira (21), parlamentares das bancadas municipal, estadual e federal do Partido dos Trabalhadores em Mato Grosso do Sul (PT-MS) e o deputado federal Dagoberto Nogueira (PSDB-MS) foram \u00e0 sede da Superintend\u00eancia Regional da Pol\u00edcia Federal (PF) para buscar solu\u00e7\u00f5es e respostas da Corpora\u00e7\u00e3o em rela\u00e7\u00e3o \u00e0s manifesta\u00e7\u00f5es antidemocr\u00e1ticas que ocorrem no estado e em todo o pa\u00eds. <\/p>\n<p>Desde o fim do segundo turno das elei\u00e7\u00f5es deste ano, apoiadores de Jair Bolsonaro, candidato derrotado \u00e0 Presid\u00eancia da Rep\u00fablica, t\u00eam se manifestado e solicitado interven\u00e7\u00e3o militar e recontagem de votos, al\u00e9m de proferir ataques \u00e0s urnas eletr\u00f4nicas e \u00e0s institui\u00e7\u00f5es, como o Supremo Tribunal Federal (STF). Tamb\u00e9m t\u00eam promovido bloqueios de vias e atos de terrorismo e vandalismo que afrontam a Constitui\u00e7\u00e3o Federal. <\/p>\n<p>O deputado federal Vander Loubet, a vereadora e deputada federal eleita Camila Jara, os deputados estaduais Pedro Kemp e Amarildo Cruz, o vereador de Campo Grande Ayrton Ara\u00fajo e Dagoberto cobraram do superintendente regional Chang Fan e do corregedor regional Ricardo Hiroshi explica\u00e7\u00f5es em rela\u00e7\u00e3o ao trabalho desenvolvido pela Corpora\u00e7\u00e3o frente aos ataques antidemocr\u00e1ticos. <\/p>\n<p>Vander solicitou que a PF combata duramente os crimes praticados pelos manifestantes. &#8220;Fomos eleitos de forma democr\u00e1tica para representar os direitos da popula\u00e7\u00e3o e precisamos dar respostas ao povo. \u00c9 inadmiss\u00edvel uma parte da sociedade n\u00e3o aceitar os resultados das urnas, sendo que j\u00e1 foi comprovado que elas s\u00e3o confi\u00e1veis&#8221;, afirmou o parlamentar.<\/p>\n<p>&#8220;\u00c9 dever de todo cidad\u00e3o proteger nossa democracia que foi com tanto esfor\u00e7o conquistada. E cabe a n\u00f3s, eleitos democraticamente pela popula\u00e7\u00e3o, trabalhar para garantir que esses atos antidemocr\u00e1ticos sejam coibidos e assegurar que ser\u00e1 respeitado o direito daqueles que foram \u00e0s urnas em elei\u00e7\u00f5es limpas e cujo resultado n\u00e3o obteve nenhuma prova em contr\u00e1rio&#8221;, afirmou o Amarildo Cruz.<\/p>\n<p>Para Pedro Kemp, a democracia garante o direito ao protesto, mas ato antidemocr\u00e1tico n\u00e3o se pode admitir no Brasil, um pa\u00eds que perdeu seus filhos e filhas na Ditadura Militar. &#8220;Pessoas que defendem a interven\u00e7\u00e3o militar por n\u00e3o aceitar o resultado das elei\u00e7\u00f5es precisam ser responsabilizadas por desrespeito \u00e0 Constitui\u00e7\u00e3o Federal&#8221;, pontua. Segundo ele, a manipula\u00e7\u00e3o n\u00e3o pode ser permitida e a internet tem sido espa\u00e7o hostil de propaga\u00e7\u00e3o de \u00f3dio. &#8220;O presidente Lula vai trabalhar muito para garantir a paz e a harmonia entre os que pensam\u00a0diferente&#8221;, completou.<\/p>\n<p>J\u00e1 Camila Jara refor\u00e7a a necessidade de que os atos sejam encerrados para a manuten\u00e7\u00e3o da ordem p\u00fablica. &#8220;Esse tipo de manifesta\u00e7\u00e3o s\u00f3 \u00e9 poss\u00edvel porque vivemos em uma democracia. Mas essas manifesta\u00e7\u00f5es t\u00eam que ter pautas e reivindica\u00e7\u00f5es justas, o que n\u00e3o \u00e9 o caso desses poucos atos antidemocr\u00e1ticos que s\u00e3o inchados para causarem cada vez mais transtornos \u00e0 popula\u00e7\u00e3o. Quem defende golpe e pede que o ex\u00e9rcito interfira na vota\u00e7\u00e3o comete crime, previsto no artigo 286 do C\u00f3digo Penal&#8221;, ressaltou.<\/p>\n<p>Ayrton de Ara\u00fajo tamb\u00e9m opinou sobre as manifesta\u00e7\u00f5es. Para o vereador, protestar \u00e9 sin\u00f4nimo de democracia, entretanto, quando se trata de pautas relevantes e que v\u00e3o afetar a vida da popula\u00e7\u00e3o. &#8220;N\u00e3o h\u00e1 motivo plaus\u00edvel para que as pessoas estejam protestando h\u00e1 tanto tempo. Neste momento, cabe \u00e0 popula\u00e7\u00e3o aceitar o resultado das elei\u00e7\u00f5es e colaborar com o desenvolvimento do Brasil&#8221;, afirmou.<\/p>\n<p>O superintendente disse que a Institui\u00e7\u00e3o j\u00e1 tem procedimentos instaurados e que est\u00e1 investigando e punindo aqueles que est\u00e3o financiando os atos antidemocr\u00e1ticos. Al\u00e9m disso, est\u00e1 sendo feito um trabalho inteligente e silencioso que dever\u00e1 gerar resultados em dias. <\/p>\n<p>&#8220;Estamos trabalhando em prol do bem estar da popula\u00e7\u00e3o. Temos cinco unidades em cada regi\u00e3o do estado para coibir qualquer ato que viole o direito democr\u00e1tico da sociedade. A popula\u00e7\u00e3o pode contar com a PF\u201d, reiterou o superintendente, que destacou que os cidad\u00e3os que tomarem conhecimento de mais provas dos atos antidemocr\u00e1ticos podem encaminh\u00e1-las para auditoria da Corpora\u00e7\u00e3o.<\/p>\n<p><em>(Texto e fotos: Alex Nantes\/Ascom Dep. Vander Loubet)<\/em><\/p>\n\r\n                <style type=\"text\/css\">\r\n                    \r\n                    #tdi_1  .td-doubleSlider-2 .td-item1 {\r\n                        background: url(https:\/\/vanderloubet.com.br\/deputado\/wp-content\/uploads\/2022\/11\/foto-2022-11-21-parlamentares-pf-ms-01-80x60.jpg) 0 0 no-repeat;\r\n                    }\r\n                    #tdi_1  .td-doubleSlider-2 .td-item2 {\r\n                        background: url(https:\/\/vanderloubet.com.br\/deputado\/wp-content\/uploads\/2022\/11\/foto-2022-11-21-parlamentares-pf-ms-02-80x60.jpg) 0 0 no-repeat;\r\n                    }\r\n                    #tdi_1  .td-doubleSlider-2 .td-item3 {\r\n                        background: url(https:\/\/vanderloubet.com.br\/deputado\/wp-content\/uploads\/2022\/11\/foto-2022-11-21-parlamentares-pf-ms-03-80x60.jpg) 0 0 no-repeat;\r\n                    }\r\n                <\/style>\r\n\r\n                <div id=\"tdi_1\" class=\"td-gallery td-slide-on-2-columns\">\r\n                    <div class=\"post_td_gallery\">\r\n                        <div class=\"td-gallery-slide-top\">\r\n                           <div class=\"td-gallery-title\"><\/div>\r\n\r\n                            <div class=\"td-gallery-controls-wrapper\">\r\n                                <div class=\"td-gallery-slide-count\"><span class=\"td-gallery-slide-item-focus\">1<\/span> de 3<\/div>\r\n                                <div class=\"td-gallery-slide-prev-next-but\">\r\n                                    <i class = \"td-icon-left doubleSliderPrevButton\"><\/i>\r\n                                    <i class = \"td-icon-right doubleSliderNextButton\"><\/i>\r\n                                <\/div>\r\n                            <\/div>\r\n                        <\/div>\r\n\r\n                        <div class = \"td-doubleSlider-1 \">\r\n                            <div class = \"td-slider\">\r\n                                \r\n                    <div class = \"td-slide-item td-item1\">\r\n                        <figure class=\"td-slide-galery-figure td-slide-popup-gallery\">\r\n                            <a class=\"slide-gallery-image-link\" href=\"https:\/\/vanderloubet.com.br\/deputado\/wp-content\/uploads\/2022\/11\/foto-2022-11-21-parlamentares-pf-ms-01.jpg\" title=\"Bancada do PT-MS pede explica\u00e7\u00f5es da PF sobre atos antidemocr\u00e1ticos\"  data-caption=\"\"  data-description=\"\">\r\n                                <img decoding=\"async\" src=\"https:\/\/vanderloubet.com.br\/deputado\/wp-content\/uploads\/2022\/11\/foto-2022-11-21-parlamentares-pf-ms-01-560x420.jpg\" srcset=\"https:\/\/vanderloubet.com.br\/deputado\/wp-content\/uploads\/2022\/11\/foto-2022-11-21-parlamentares-pf-ms-01-560x420.jpg 560w, https:\/\/vanderloubet.com.br\/deputado\/wp-content\/uploads\/2022\/11\/foto-2022-11-21-parlamentares-pf-ms-01-350x263.jpg 350w, https:\/\/vanderloubet.com.br\/deputado\/wp-content\/uploads\/2022\/11\/foto-2022-11-21-parlamentares-pf-ms-01-768x576.jpg 768w, https:\/\/vanderloubet.com.br\/deputado\/wp-content\/uploads\/2022\/11\/foto-2022-11-21-parlamentares-pf-ms-01-700x525.jpg 700w, https:\/\/vanderloubet.com.br\/deputado\/wp-content\/uploads\/2022\/11\/foto-2022-11-21-parlamentares-pf-ms-01-80x60.jpg 80w, https:\/\/vanderloubet.com.br\/deputado\/wp-content\/uploads\/2022\/11\/foto-2022-11-21-parlamentares-pf-ms-01-696x522.jpg 696w, https:\/\/vanderloubet.com.br\/deputado\/wp-content\/uploads\/2022\/11\/foto-2022-11-21-parlamentares-pf-ms-01-265x198.jpg 265w, https:\/\/vanderloubet.com.br\/deputado\/wp-content\/uploads\/2022\/11\/foto-2022-11-21-parlamentares-pf-ms-01.jpg 960w\" sizes=\"(max-width: 560px) 100vw, 560px\" alt=\"Bancada do PT-MS pede explica&ccedil;&otilde;es da PF sobre atos antidemocr&aacute;ticos\">\r\n                            <\/a>\r\n                            \r\n                        <\/figure>\r\n                    <\/div>\r\n                    <div class = \"td-slide-item td-item2\">\r\n                        <figure class=\"td-slide-galery-figure td-slide-popup-gallery\">\r\n                            <a class=\"slide-gallery-image-link\" href=\"https:\/\/vanderloubet.com.br\/deputado\/wp-content\/uploads\/2022\/11\/foto-2022-11-21-parlamentares-pf-ms-02.jpg\" title=\"Bancada do PT-MS pede explica\u00e7\u00f5es da PF sobre atos antidemocr\u00e1ticos\"  data-caption=\"\"  data-description=\"Bancada do PT-MS pede explica&ccedil;&otilde;es da PF sobre atos antidemocr&aacute;ticos\">\r\n                                <img decoding=\"async\" src=\"https:\/\/vanderloubet.com.br\/deputado\/wp-content\/uploads\/2022\/11\/foto-2022-11-21-parlamentares-pf-ms-02-560x420.jpg\" srcset=\"https:\/\/vanderloubet.com.br\/deputado\/wp-content\/uploads\/2022\/11\/foto-2022-11-21-parlamentares-pf-ms-02-560x420.jpg 560w, https:\/\/vanderloubet.com.br\/deputado\/wp-content\/uploads\/2022\/11\/foto-2022-11-21-parlamentares-pf-ms-02-350x263.jpg 350w, https:\/\/vanderloubet.com.br\/deputado\/wp-content\/uploads\/2022\/11\/foto-2022-11-21-parlamentares-pf-ms-02-768x576.jpg 768w, https:\/\/vanderloubet.com.br\/deputado\/wp-content\/uploads\/2022\/11\/foto-2022-11-21-parlamentares-pf-ms-02-700x525.jpg 700w, https:\/\/vanderloubet.com.br\/deputado\/wp-content\/uploads\/2022\/11\/foto-2022-11-21-parlamentares-pf-ms-02-80x60.jpg 80w, https:\/\/vanderloubet.com.br\/deputado\/wp-content\/uploads\/2022\/11\/foto-2022-11-21-parlamentares-pf-ms-02-696x522.jpg 696w, https:\/\/vanderloubet.com.br\/deputado\/wp-content\/uploads\/2022\/11\/foto-2022-11-21-parlamentares-pf-ms-02-265x198.jpg 265w, https:\/\/vanderloubet.com.br\/deputado\/wp-content\/uploads\/2022\/11\/foto-2022-11-21-parlamentares-pf-ms-02.jpg 960w\" sizes=\"(max-width: 560px) 100vw, 560px\" alt=\"Bancada do PT-MS pede explica&ccedil;&otilde;es da PF sobre atos antidemocr&aacute;ticos\">\r\n                            <\/a>\r\n                            <figcaption class = \"td-slide-caption td-gallery-slide-content\"><span>Bancada do PT-MS pede explica\u00e7\u00f5es da PF sobre atos antidemocr\u00e1ticos<\/span><\/figcaption>\r\n                        <\/figure>\r\n                    <\/div>\r\n                    <div class = \"td-slide-item td-item3\">\r\n                        <figure class=\"td-slide-galery-figure td-slide-popup-gallery\">\r\n                            <a class=\"slide-gallery-image-link\" href=\"https:\/\/vanderloubet.com.br\/deputado\/wp-content\/uploads\/2022\/11\/foto-2022-11-21-parlamentares-pf-ms-03.jpg\" title=\"Bancada do PT-MS pede explica\u00e7\u00f5es da PF sobre atos antidemocr\u00e1ticos\"  data-caption=\"\"  data-description=\"Bancada do PT-MS pede explica&ccedil;&otilde;es da PF sobre atos antidemocr&aacute;ticos\">\r\n                                <img decoding=\"async\" src=\"https:\/\/vanderloubet.com.br\/deputado\/wp-content\/uploads\/2022\/11\/foto-2022-11-21-parlamentares-pf-ms-03-560x420.jpg\" srcset=\"https:\/\/vanderloubet.com.br\/deputado\/wp-content\/uploads\/2022\/11\/foto-2022-11-21-parlamentares-pf-ms-03-560x420.jpg 560w, https:\/\/vanderloubet.com.br\/deputado\/wp-content\/uploads\/2022\/11\/foto-2022-11-21-parlamentares-pf-ms-03-350x263.jpg 350w, https:\/\/vanderloubet.com.br\/deputado\/wp-content\/uploads\/2022\/11\/foto-2022-11-21-parlamentares-pf-ms-03-768x576.jpg 768w, https:\/\/vanderloubet.com.br\/deputado\/wp-content\/uploads\/2022\/11\/foto-2022-11-21-parlamentares-pf-ms-03-700x525.jpg 700w, https:\/\/vanderloubet.com.br\/deputado\/wp-content\/uploads\/2022\/11\/foto-2022-11-21-parlamentares-pf-ms-03-80x60.jpg 80w, https:\/\/vanderloubet.com.br\/deputado\/wp-content\/uploads\/2022\/11\/foto-2022-11-21-parlamentares-pf-ms-03-696x522.jpg 696w, https:\/\/vanderloubet.com.br\/deputado\/wp-content\/uploads\/2022\/11\/foto-2022-11-21-parlamentares-pf-ms-03-265x198.jpg 265w, https:\/\/vanderloubet.com.br\/deputado\/wp-content\/uploads\/2022\/11\/foto-2022-11-21-parlamentares-pf-ms-03.jpg 960w\" sizes=\"(max-width: 560px) 100vw, 560px\" alt=\"Bancada do PT-MS pede explica&ccedil;&otilde;es da PF sobre atos antidemocr&aacute;ticos\">\r\n                            <\/a>\r\n                            <figcaption class = \"td-slide-caption td-gallery-slide-content\"><span>Bancada do PT-MS pede explica\u00e7\u00f5es da PF sobre atos antidemocr\u00e1ticos<\/span><\/figcaption>\r\n                        <\/figure>\r\n                    <\/div>\r\n                            <\/div>\r\n                        <\/div>\r\n\r\n                        <div class = \"td-doubleSlider-2\">\r\n                            <div class = \"td-slider\">\r\n                                \r\n                    <div class = \"td-button td-item1\">\r\n                        <div class = \"td-border\"><\/div>\r\n                    <\/div>\r\n                    <div class = \"td-button td-item2\">\r\n                        <div class = \"td-border\"><\/div>\r\n                    <\/div>\r\n                    <div class = \"td-button td-item3\">\r\n                        <div class = \"td-border\"><\/div>\r\n                    <\/div>\r\n                            <\/div>\r\n                        <\/div>\r\n\r\n                    <\/div>\r\n\r\n                <\/div>\r\n                \n","protected":false},"excerpt":{"rendered":"<p>Superintendente da PF garantiu aos parlamentares que j\u00e1 tem procedimentos instaurados para investigar e punir financiadores dos atos.<\/p>\n","protected":false},"author":2,"featured_media":18614,"comment_status":"closed","ping_status":"closed","sticky":false,"template":"","format":"standard","meta":{"jetpack_post_was_ever_published":false,"_jetpack_newsletter_access":"","_jetpack_dont_email_post_to_subs":false,"_jetpack_newsletter_tier_id":0,"_jetpack_memberships_contains_paywalled_content":false,"_jetpack_memberships_contains_paid_content":false,"footnotes":""},"categories":[2099,10],"tags":[701,2220],"class_list":{"0":"post-18613","1":"post","2":"type-post","3":"status-publish","4":"format-standard","5":"has-post-thumbnail","7":"category-ms-noticias","8":"category-noticias","9":"tag-eleicoes","10":"tag-seguranca-publica"},"yoast_head":"<!-- This site is optimized with the Yoast SEO plugin v27.4 - https:\/\/yoast.com\/product\/yoast-seo-wordpress\/ -->\n<title>Bancada do PT-MS pede explica\u00e7\u00f5es da PF sobre atos antidemocr\u00e1ticos<\/title>\n<meta name=\"description\" content=\"Superintendente da PF garantiu aos parlamentares que j\u00e1 tem procedimentos instaurados para investigar e punir financiadores dos atos.\" \/>\n<meta name=\"robots\" content=\"index, follow, max-snippet:-1, max-image-preview:large, max-video-preview:-1\" \/>\n<link rel=\"canonical\" href=\"https:\/\/vanderloubet.com.br\/deputado\/bancada-do-pt-ms-pede-explicacoes-da-pf-sobre-atos-antidemocraticos\/\" \/>\n<meta property=\"og:locale\" content=\"pt_BR\" \/>\n<meta property=\"og:type\" content=\"article\" \/>\n<meta property=\"og:title\" content=\"Bancada do PT-MS pede explica\u00e7\u00f5es da PF sobre atos antidemocr\u00e1ticos\" \/>\n<meta property=\"og:description\" content=\"Superintendente da PF garantiu aos parlamentares que j\u00e1 tem procedimentos instaurados para investigar e punir financiadores dos atos.\" \/>\n<meta property=\"og:url\" content=\"https:\/\/vanderloubet.com.br\/deputado\/bancada-do-pt-ms-pede-explicacoes-da-pf-sobre-atos-antidemocraticos\/\" \/>\n<meta property=\"og:site_name\" content=\"Deputado Federal Vander Loubet\" \/>\n<meta property=\"article:publisher\" content=\"https:\/\/facebook.com\/deputadovander\" \/>\n<meta property=\"article:published_time\" content=\"2022-11-22T13:32:49+00:00\" \/>\n<meta property=\"article:modified_time\" content=\"2022-11-22T17:42:20+00:00\" \/>\n<meta property=\"og:image\" content=\"https:\/\/vanderloubet.com.br\/deputado\/wp-content\/uploads\/2022\/11\/foto-2022-11-21-parlamentares-pf-ms-01.jpg\" \/>\n\t<meta property=\"og:image:width\" content=\"960\" \/>\n\t<meta property=\"og:image:height\" content=\"720\" \/>\n\t<meta property=\"og:image:type\" content=\"image\/jpeg\" \/>\n<meta name=\"author\" content=\"\u00c9der\" \/>\n<meta name=\"twitter:card\" content=\"summary_large_image\" \/>\n<meta name=\"twitter:creator\" content=\"@vanderloubet\" \/>\n<meta name=\"twitter:site\" content=\"@vanderloubet\" \/>\n<script type=\"application\/ld+json\" class=\"yoast-schema-graph\">{\"@context\":\"https:\\\/\\\/schema.org\",\"@graph\":[{\"@type\":\"Article\",\"@id\":\"https:\\\/\\\/vanderloubet.com.br\\\/deputado\\\/bancada-do-pt-ms-pede-explicacoes-da-pf-sobre-atos-antidemocraticos\\\/#article\",\"isPartOf\":{\"@id\":\"https:\\\/\\\/vanderloubet.com.br\\\/deputado\\\/bancada-do-pt-ms-pede-explicacoes-da-pf-sobre-atos-antidemocraticos\\\/\"},\"author\":{\"name\":\"\u00c9der\",\"@id\":\"https:\\\/\\\/vanderloubet.com.br\\\/deputado\\\/#\\\/schema\\\/person\\\/15b51bd564532a8a68d9dec1b8eb890e\"},\"headline\":\"Bancada do PT-MS pede explica\u00e7\u00f5es da PF sobre atos antidemocr\u00e1ticos\",\"datePublished\":\"2022-11-22T13:32:49+00:00\",\"dateModified\":\"2022-11-22T17:42:20+00:00\",\"mainEntityOfPage\":{\"@id\":\"https:\\\/\\\/vanderloubet.com.br\\\/deputado\\\/bancada-do-pt-ms-pede-explicacoes-da-pf-sobre-atos-antidemocraticos\\\/\"},\"wordCount\":725,\"publisher\":{\"@id\":\"https:\\\/\\\/vanderloubet.com.br\\\/deputado\\\/#organization\"},\"image\":{\"@id\":\"https:\\\/\\\/vanderloubet.com.br\\\/deputado\\\/bancada-do-pt-ms-pede-explicacoes-da-pf-sobre-atos-antidemocraticos\\\/#primaryimage\"},\"thumbnailUrl\":\"https:\\\/\\\/vanderloubet.com.br\\\/deputado\\\/wp-content\\\/uploads\\\/2022\\\/11\\\/foto-2022-11-21-parlamentares-pf-ms-01.jpg\",\"keywords\":[\"elei\u00e7\u00f5es\",\"seguran\u00e7a p\u00fablica\"],\"articleSection\":[\"Mato Grosso do Sul\",\"Not\u00edcias\"],\"inLanguage\":\"pt-BR\"},{\"@type\":\"WebPage\",\"@id\":\"https:\\\/\\\/vanderloubet.com.br\\\/deputado\\\/bancada-do-pt-ms-pede-explicacoes-da-pf-sobre-atos-antidemocraticos\\\/\",\"url\":\"https:\\\/\\\/vanderloubet.com.br\\\/deputado\\\/bancada-do-pt-ms-pede-explicacoes-da-pf-sobre-atos-antidemocraticos\\\/\",\"name\":\"Bancada do PT-MS pede explica\u00e7\u00f5es da PF sobre atos antidemocr\u00e1ticos\",\"isPartOf\":{\"@id\":\"https:\\\/\\\/vanderloubet.com.br\\\/deputado\\\/#website\"},\"primaryImageOfPage\":{\"@id\":\"https:\\\/\\\/vanderloubet.com.br\\\/deputado\\\/bancada-do-pt-ms-pede-explicacoes-da-pf-sobre-atos-antidemocraticos\\\/#primaryimage\"},\"image\":{\"@id\":\"https:\\\/\\\/vanderloubet.com.br\\\/deputado\\\/bancada-do-pt-ms-pede-explicacoes-da-pf-sobre-atos-antidemocraticos\\\/#primaryimage\"},\"thumbnailUrl\":\"https:\\\/\\\/vanderloubet.com.br\\\/deputado\\\/wp-content\\\/uploads\\\/2022\\\/11\\\/foto-2022-11-21-parlamentares-pf-ms-01.jpg\",\"datePublished\":\"2022-11-22T13:32:49+00:00\",\"dateModified\":\"2022-11-22T17:42:20+00:00\",\"description\":\"Superintendente da PF garantiu aos parlamentares que j\u00e1 tem procedimentos instaurados para investigar e punir financiadores dos atos.\",\"breadcrumb\":{\"@id\":\"https:\\\/\\\/vanderloubet.com.br\\\/deputado\\\/bancada-do-pt-ms-pede-explicacoes-da-pf-sobre-atos-antidemocraticos\\\/#breadcrumb\"},\"inLanguage\":\"pt-BR\",\"potentialAction\":[{\"@type\":\"ReadAction\",\"target\":[\"https:\\\/\\\/vanderloubet.com.br\\\/deputado\\\/bancada-do-pt-ms-pede-explicacoes-da-pf-sobre-atos-antidemocraticos\\\/\"]}]},{\"@type\":\"ImageObject\",\"inLanguage\":\"pt-BR\",\"@id\":\"https:\\\/\\\/vanderloubet.com.br\\\/deputado\\\/bancada-do-pt-ms-pede-explicacoes-da-pf-sobre-atos-antidemocraticos\\\/#primaryimage\",\"url\":\"https:\\\/\\\/vanderloubet.com.br\\\/deputado\\\/wp-content\\\/uploads\\\/2022\\\/11\\\/foto-2022-11-21-parlamentares-pf-ms-01.jpg\",\"contentUrl\":\"https:\\\/\\\/vanderloubet.com.br\\\/deputado\\\/wp-content\\\/uploads\\\/2022\\\/11\\\/foto-2022-11-21-parlamentares-pf-ms-01.jpg\",\"width\":960,\"height\":720,\"caption\":\"Bancada do PT-MS pede explica\u00e7\u00f5es da PF sobre atos antidemocr\u00e1ticos\"},{\"@type\":\"BreadcrumbList\",\"@id\":\"https:\\\/\\\/vanderloubet.com.br\\\/deputado\\\/bancada-do-pt-ms-pede-explicacoes-da-pf-sobre-atos-antidemocraticos\\\/#breadcrumb\",\"itemListElement\":[{\"@type\":\"ListItem\",\"position\":1,\"name\":\"In\u00edcio\",\"item\":\"https:\\\/\\\/vanderloubet.com.br\\\/deputado\\\/\"},{\"@type\":\"ListItem\",\"position\":2,\"name\":\"Bancada do PT-MS pede explica\u00e7\u00f5es da PF sobre atos antidemocr\u00e1ticos\"}]},{\"@type\":\"WebSite\",\"@id\":\"https:\\\/\\\/vanderloubet.com.br\\\/deputado\\\/#website\",\"url\":\"https:\\\/\\\/vanderloubet.com.br\\\/deputado\\\/\",\"name\":\"Deputado Federal Vander Loubet\",\"description\":\"O Federal de MS\",\"publisher\":{\"@id\":\"https:\\\/\\\/vanderloubet.com.br\\\/deputado\\\/#organization\"},\"alternateName\":\"Deputado Vander\",\"potentialAction\":[{\"@type\":\"SearchAction\",\"target\":{\"@type\":\"EntryPoint\",\"urlTemplate\":\"https:\\\/\\\/vanderloubet.com.br\\\/deputado\\\/?s={search_term_string}\"},\"query-input\":{\"@type\":\"PropertyValueSpecification\",\"valueRequired\":true,\"valueName\":\"search_term_string\"}}],\"inLanguage\":\"pt-BR\"},{\"@type\":\"Organization\",\"@id\":\"https:\\\/\\\/vanderloubet.com.br\\\/deputado\\\/#organization\",\"name\":\"Deputado Federal Vander Loubet\",\"alternateName\":\"Deputado Vander\",\"url\":\"https:\\\/\\\/vanderloubet.com.br\\\/deputado\\\/\",\"logo\":{\"@type\":\"ImageObject\",\"inLanguage\":\"pt-BR\",\"@id\":\"https:\\\/\\\/vanderloubet.com.br\\\/deputado\\\/#\\\/schema\\\/logo\\\/image\\\/\",\"url\":\"https:\\\/\\\/vanderloubet.com.br\\\/deputado\\\/wp-content\\\/uploads\\\/2023\\\/06\\\/foto-2023-06-19-mandato-deputado-vander.jpg\",\"contentUrl\":\"https:\\\/\\\/vanderloubet.com.br\\\/deputado\\\/wp-content\\\/uploads\\\/2023\\\/06\\\/foto-2023-06-19-mandato-deputado-vander.jpg\",\"width\":1080,\"height\":1080,\"caption\":\"Deputado Federal Vander Loubet\"},\"image\":{\"@id\":\"https:\\\/\\\/vanderloubet.com.br\\\/deputado\\\/#\\\/schema\\\/logo\\\/image\\\/\"},\"sameAs\":[\"https:\\\/\\\/facebook.com\\\/deputadovander\",\"https:\\\/\\\/x.com\\\/vanderloubet\",\"https:\\\/\\\/instagram.com\\\/vanderloubet\",\"https:\\\/\\\/youtube.com\\\/vanderloubet\",\"https:\\\/\\\/tiktok.com\\\/@vanderloubetms\"]},{\"@type\":\"Person\",\"@id\":\"https:\\\/\\\/vanderloubet.com.br\\\/deputado\\\/#\\\/schema\\\/person\\\/15b51bd564532a8a68d9dec1b8eb890e\",\"name\":\"\u00c9der\",\"image\":{\"@type\":\"ImageObject\",\"inLanguage\":\"pt-BR\",\"@id\":\"https:\\\/\\\/vanderloubet.com.br\\\/deputado\\\/wp-content\\\/litespeed\\\/avatar\\\/88ca4090d9d5ab1c9495f6ca03b68efa.jpg?ver=1777058957\",\"url\":\"https:\\\/\\\/vanderloubet.com.br\\\/deputado\\\/wp-content\\\/litespeed\\\/avatar\\\/88ca4090d9d5ab1c9495f6ca03b68efa.jpg?ver=1777058957\",\"contentUrl\":\"https:\\\/\\\/vanderloubet.com.br\\\/deputado\\\/wp-content\\\/litespeed\\\/avatar\\\/88ca4090d9d5ab1c9495f6ca03b68efa.jpg?ver=1777058957\",\"caption\":\"\u00c9der\"}}]}<\/script>\n<!-- \/ Yoast SEO plugin. -->","yoast_head_json":{"title":"Bancada do PT-MS pede explica\u00e7\u00f5es da PF sobre atos antidemocr\u00e1ticos","description":"Superintendente da PF garantiu aos parlamentares que j\u00e1 tem procedimentos instaurados para investigar e punir financiadores dos atos.","robots":{"index":"index","follow":"follow","max-snippet":"max-snippet:-1","max-image-preview":"max-image-preview:large","max-video-preview":"max-video-preview:-1"},"canonical":"https:\/\/vanderloubet.com.br\/deputado\/bancada-do-pt-ms-pede-explicacoes-da-pf-sobre-atos-antidemocraticos\/","og_locale":"pt_BR","og_type":"article","og_title":"Bancada do PT-MS pede explica\u00e7\u00f5es da PF sobre atos antidemocr\u00e1ticos","og_description":"Superintendente da PF garantiu aos parlamentares que j\u00e1 tem procedimentos instaurados para investigar e punir financiadores dos atos.","og_url":"https:\/\/vanderloubet.com.br\/deputado\/bancada-do-pt-ms-pede-explicacoes-da-pf-sobre-atos-antidemocraticos\/","og_site_name":"Deputado Federal Vander Loubet","article_publisher":"https:\/\/facebook.com\/deputadovander","article_published_time":"2022-11-22T13:32:49+00:00","article_modified_time":"2022-11-22T17:42:20+00:00","og_image":[{"width":960,"height":720,"url":"https:\/\/vanderloubet.com.br\/deputado\/wp-content\/uploads\/2022\/11\/foto-2022-11-21-parlamentares-pf-ms-01.jpg","type":"image\/jpeg"}],"author":"\u00c9der","twitter_card":"summary_large_image","twitter_creator":"@vanderloubet","twitter_site":"@vanderloubet","schema":{"@context":"https:\/\/schema.org","@graph":[{"@type":"Article","@id":"https:\/\/vanderloubet.com.br\/deputado\/bancada-do-pt-ms-pede-explicacoes-da-pf-sobre-atos-antidemocraticos\/#article","isPartOf":{"@id":"https:\/\/vanderloubet.com.br\/deputado\/bancada-do-pt-ms-pede-explicacoes-da-pf-sobre-atos-antidemocraticos\/"},"author":{"name":"\u00c9der","@id":"https:\/\/vanderloubet.com.br\/deputado\/#\/schema\/person\/15b51bd564532a8a68d9dec1b8eb890e"},"headline":"Bancada do PT-MS pede explica\u00e7\u00f5es da PF sobre atos antidemocr\u00e1ticos","datePublished":"2022-11-22T13:32:49+00:00","dateModified":"2022-11-22T17:42:20+00:00","mainEntityOfPage":{"@id":"https:\/\/vanderloubet.com.br\/deputado\/bancada-do-pt-ms-pede-explicacoes-da-pf-sobre-atos-antidemocraticos\/"},"wordCount":725,"publisher":{"@id":"https:\/\/vanderloubet.com.br\/deputado\/#organization"},"image":{"@id":"https:\/\/vanderloubet.com.br\/deputado\/bancada-do-pt-ms-pede-explicacoes-da-pf-sobre-atos-antidemocraticos\/#primaryimage"},"thumbnailUrl":"https:\/\/vanderloubet.com.br\/deputado\/wp-content\/uploads\/2022\/11\/foto-2022-11-21-parlamentares-pf-ms-01.jpg","keywords":["elei\u00e7\u00f5es","seguran\u00e7a p\u00fablica"],"articleSection":["Mato Grosso do Sul","Not\u00edcias"],"inLanguage":"pt-BR"},{"@type":"WebPage","@id":"https:\/\/vanderloubet.com.br\/deputado\/bancada-do-pt-ms-pede-explicacoes-da-pf-sobre-atos-antidemocraticos\/","url":"https:\/\/vanderloubet.com.br\/deputado\/bancada-do-pt-ms-pede-explicacoes-da-pf-sobre-atos-antidemocraticos\/","name":"Bancada do PT-MS pede explica\u00e7\u00f5es da PF sobre atos antidemocr\u00e1ticos","isPartOf":{"@id":"https:\/\/vanderloubet.com.br\/deputado\/#website"},"primaryImageOfPage":{"@id":"https:\/\/vanderloubet.com.br\/deputado\/bancada-do-pt-ms-pede-explicacoes-da-pf-sobre-atos-antidemocraticos\/#primaryimage"},"image":{"@id":"https:\/\/vanderloubet.com.br\/deputado\/bancada-do-pt-ms-pede-explicacoes-da-pf-sobre-atos-antidemocraticos\/#primaryimage"},"thumbnailUrl":"https:\/\/vanderloubet.com.br\/deputado\/wp-content\/uploads\/2022\/11\/foto-2022-11-21-parlamentares-pf-ms-01.jpg","datePublished":"2022-11-22T13:32:49+00:00","dateModified":"2022-11-22T17:42:20+00:00","description":"Superintendente da PF garantiu aos parlamentares que j\u00e1 tem procedimentos instaurados para investigar e punir financiadores dos atos.","breadcrumb":{"@id":"https:\/\/vanderloubet.com.br\/deputado\/bancada-do-pt-ms-pede-explicacoes-da-pf-sobre-atos-antidemocraticos\/#breadcrumb"},"inLanguage":"pt-BR","potentialAction":[{"@type":"ReadAction","target":["https:\/\/vanderloubet.com.br\/deputado\/bancada-do-pt-ms-pede-explicacoes-da-pf-sobre-atos-antidemocraticos\/"]}]},{"@type":"ImageObject","inLanguage":"pt-BR","@id":"https:\/\/vanderloubet.com.br\/deputado\/bancada-do-pt-ms-pede-explicacoes-da-pf-sobre-atos-antidemocraticos\/#primaryimage","url":"https:\/\/vanderloubet.com.br\/deputado\/wp-content\/uploads\/2022\/11\/foto-2022-11-21-parlamentares-pf-ms-01.jpg","contentUrl":"https:\/\/vanderloubet.com.br\/deputado\/wp-content\/uploads\/2022\/11\/foto-2022-11-21-parlamentares-pf-ms-01.jpg","width":960,"height":720,"caption":"Bancada do PT-MS pede explica\u00e7\u00f5es da PF sobre atos antidemocr\u00e1ticos"},{"@type":"BreadcrumbList","@id":"https:\/\/vanderloubet.com.br\/deputado\/bancada-do-pt-ms-pede-explicacoes-da-pf-sobre-atos-antidemocraticos\/#breadcrumb","itemListElement":[{"@type":"ListItem","position":1,"name":"In\u00edcio","item":"https:\/\/vanderloubet.com.br\/deputado\/"},{"@type":"ListItem","position":2,"name":"Bancada do PT-MS pede explica\u00e7\u00f5es da PF sobre atos antidemocr\u00e1ticos"}]},{"@type":"WebSite","@id":"https:\/\/vanderloubet.com.br\/deputado\/#website","url":"https:\/\/vanderloubet.com.br\/deputado\/","name":"Deputado Federal Vander Loubet","description":"O Federal de MS","publisher":{"@id":"https:\/\/vanderloubet.com.br\/deputado\/#organization"},"alternateName":"Deputado Vander","potentialAction":[{"@type":"SearchAction","target":{"@type":"EntryPoint","urlTemplate":"https:\/\/vanderloubet.com.br\/deputado\/?s={search_term_string}"},"query-input":{"@type":"PropertyValueSpecification","valueRequired":true,"valueName":"search_term_string"}}],"inLanguage":"pt-BR"},{"@type":"Organization","@id":"https:\/\/vanderloubet.com.br\/deputado\/#organization","name":"Deputado Federal Vander Loubet","alternateName":"Deputado Vander","url":"https:\/\/vanderloubet.com.br\/deputado\/","logo":{"@type":"ImageObject","inLanguage":"pt-BR","@id":"https:\/\/vanderloubet.com.br\/deputado\/#\/schema\/logo\/image\/","url":"https:\/\/vanderloubet.com.br\/deputado\/wp-content\/uploads\/2023\/06\/foto-2023-06-19-mandato-deputado-vander.jpg","contentUrl":"https:\/\/vanderloubet.com.br\/deputado\/wp-content\/uploads\/2023\/06\/foto-2023-06-19-mandato-deputado-vander.jpg","width":1080,"height":1080,"caption":"Deputado Federal Vander Loubet"},"image":{"@id":"https:\/\/vanderloubet.com.br\/deputado\/#\/schema\/logo\/image\/"},"sameAs":["https:\/\/facebook.com\/deputadovander","https:\/\/x.com\/vanderloubet","https:\/\/instagram.com\/vanderloubet","https:\/\/youtube.com\/vanderloubet","https:\/\/tiktok.com\/@vanderloubetms"]},{"@type":"Person","@id":"https:\/\/vanderloubet.com.br\/deputado\/#\/schema\/person\/15b51bd564532a8a68d9dec1b8eb890e","name":"\u00c9der","image":{"@type":"ImageObject","inLanguage":"pt-BR","@id":"https:\/\/vanderloubet.com.br\/deputado\/wp-content\/litespeed\/avatar\/88ca4090d9d5ab1c9495f6ca03b68efa.jpg?ver=1777058957","url":"https:\/\/vanderloubet.com.br\/deputado\/wp-content\/litespeed\/avatar\/88ca4090d9d5ab1c9495f6ca03b68efa.jpg?ver=1777058957","contentUrl":"https:\/\/vanderloubet.com.br\/deputado\/wp-content\/litespeed\/avatar\/88ca4090d9d5ab1c9495f6ca03b68efa.jpg?ver=1777058957","caption":"\u00c9der"}}]}},"jetpack_featured_media_url":"https:\/\/vanderloubet.com.br\/deputado\/wp-content\/uploads\/2022\/11\/foto-2022-11-21-parlamentares-pf-ms-01.jpg","jetpack_sharing_enabled":true,"_links":{"self":[{"href":"https:\/\/vanderloubet.com.br\/deputado\/wp-json\/wp\/v2\/posts\/18613","targetHints":{"allow":["GET"]}}],"collection":[{"href":"https:\/\/vanderloubet.com.br\/deputado\/wp-json\/wp\/v2\/posts"}],"about":[{"href":"https:\/\/vanderloubet.com.br\/deputado\/wp-json\/wp\/v2\/types\/post"}],"author":[{"embeddable":true,"href":"https:\/\/vanderloubet.com.br\/deputado\/wp-json\/wp\/v2\/users\/2"}],"replies":[{"embeddable":true,"href":"https:\/\/vanderloubet.com.br\/deputado\/wp-json\/wp\/v2\/comments?post=18613"}],"version-history":[{"count":0,"href":"https:\/\/vanderloubet.com.br\/deputado\/wp-json\/wp\/v2\/posts\/18613\/revisions"}],"wp:featuredmedia":[{"embeddable":true,"href":"https:\/\/vanderloubet.com.br\/deputado\/wp-json\/wp\/v2\/media\/18614"}],"wp:attachment":[{"href":"https:\/\/vanderloubet.com.br\/deputado\/wp-json\/wp\/v2\/media?parent=18613"}],"wp:term":[{"taxonomy":"category","embeddable":true,"href":"https:\/\/vanderloubet.com.br\/deputado\/wp-json\/wp\/v2\/categories?post=18613"},{"taxonomy":"post_tag","embeddable":true,"href":"https:\/\/vanderloubet.com.br\/deputado\/wp-json\/wp\/v2\/tags?post=18613"}],"curies":[{"name":"wp","href":"https:\/\/api.w.org\/{rel}","templated":true}]}}