{"id":18600,"date":"2022-11-18T10:52:12","date_gmt":"2022-11-18T14:52:12","guid":{"rendered":"https:\/\/vanderloubet.com.br\/deputado\/?p=18600"},"modified":"2022-11-18T10:52:12","modified_gmt":"2022-11-18T14:52:12","slug":"vander-garante-analisador-hematologico-para-saude-de-sao-gabriel-do-oeste","status":"publish","type":"post","link":"https:\/\/vanderloubet.com.br\/deputado\/vander-garante-analisador-hematologico-para-saude-de-sao-gabriel-do-oeste\/","title":{"rendered":"Vander garante analisador hematol\u00f3gico para sa\u00fade de S\u00e3o Gabriel do Oeste"},"content":{"rendered":"<p>A Secretaria Municipal de Sa\u00fade de S\u00e3o Gabriel do Oeste adquiriu um novo equipamento que auxiliar\u00e1 na an\u00e1lise de exames laboratoriais da rede p\u00fablica do munic\u00edpio. O equipamento \u00e9 um avan\u00e7ado analisador hematol\u00f3gico, que dar\u00e1 mais agilidade e seguran\u00e7a na realiza\u00e7\u00e3o de exames sangu\u00edneos.<\/p>\n<p>O equipamento da marca Sysmex, modelo XN-550, pode analisar at\u00e9 60 amostras por hora e fornece valores cl\u00ednicos altamente precisos. O investimento totalizou R$ 135 mil, recurso destinado por meio de emenda parlamentar do deputado federal Vander Loubet (PT-MS), que j\u00e1 direcionou recursos para diversas \u00e1reas em S\u00e3o Gabriel do Oeste.<\/p>\n<p>De acordo com Geraldo Rolim, secret\u00e1rio municipal de Sa\u00fade, a equipe t\u00e9cnica do Laborat\u00f3rio Municipal passou por treinamento no dia 7 de novembro para operar o novo equipamento e garantir a seguran\u00e7a dos resultados dos exames. &#8220;Esse novo analisador hematol\u00f3gico ir\u00e1 proporcionar resultados ainda mais precisos em exames como hemograma completo, al\u00e9m de agilizar os servi\u00e7os laboratoriais oferecidos \u00e0 nossa popula\u00e7\u00e3o&#8221;, afirmou.<\/p>\n<p>O Munic\u00edpio ainda deve receber mais equipamentos de uso hospitalar nos pr\u00f3ximos dias, al\u00e9m de outros que est\u00e3o em processo licitat\u00f3rio.<\/p>\n<p><em>(Fonte: Prefeitura de S\u00e3o Gabriel do Oeste)<\/em><\/p>\n\r\n                <style type=\"text\/css\">\r\n                    \r\n                    #tdi_1  .td-doubleSlider-2 .td-item1 {\r\n                        background: url(https:\/\/vanderloubet.com.br\/deputado\/wp-content\/uploads\/2022\/11\/foto-2022-11-18-analisador-hematologico-sgo-01-80x60.jpg) 0 0 no-repeat;\r\n                    }\r\n                    #tdi_1  .td-doubleSlider-2 .td-item2 {\r\n                        background: url(https:\/\/vanderloubet.com.br\/deputado\/wp-content\/uploads\/2022\/11\/foto-2022-11-18-analisador-hematologico-sgo-02-80x60.jpg) 0 0 no-repeat;\r\n                    }\r\n                    #tdi_1  .td-doubleSlider-2 .td-item3 {\r\n                        background: url(https:\/\/vanderloubet.com.br\/deputado\/wp-content\/uploads\/2022\/11\/foto-2022-11-18-analisador-hematologico-sgo-03-80x60.jpg) 0 0 no-repeat;\r\n                    }\r\n                <\/style>\r\n\r\n                <div id=\"tdi_1\" class=\"td-gallery td-slide-on-2-columns\">\r\n                    <div class=\"post_td_gallery\">\r\n                        <div class=\"td-gallery-slide-top\">\r\n                           <div class=\"td-gallery-title\"><\/div>\r\n\r\n                            <div class=\"td-gallery-controls-wrapper\">\r\n                                <div class=\"td-gallery-slide-count\"><span class=\"td-gallery-slide-item-focus\">1<\/span> de 3<\/div>\r\n                                <div class=\"td-gallery-slide-prev-next-but\">\r\n                                    <i class = \"td-icon-left doubleSliderPrevButton\"><\/i>\r\n                                    <i class = \"td-icon-right doubleSliderNextButton\"><\/i>\r\n                                <\/div>\r\n                            <\/div>\r\n                        <\/div>\r\n\r\n                        <div class = \"td-doubleSlider-1 \">\r\n                            <div class = \"td-slider\">\r\n                                \r\n                    <div class = \"td-slide-item td-item1\">\r\n                        <figure class=\"td-slide-galery-figure td-slide-popup-gallery\">\r\n                            <a class=\"slide-gallery-image-link\" href=\"https:\/\/vanderloubet.com.br\/deputado\/wp-content\/uploads\/2022\/11\/foto-2022-11-18-analisador-hematologico-sgo-01.jpg\" title=\"Vander garante analisador hematol\u00f3gico para sa\u00fade de S\u00e3o Gabriel do Oeste\"  data-caption=\"\"  data-description=\"Vander garante analisador hematol&oacute;gico para sa&uacute;de de S&atilde;o Gabriel do Oeste\">\r\n                                <img decoding=\"async\" src=\"https:\/\/vanderloubet.com.br\/deputado\/wp-content\/uploads\/2022\/11\/foto-2022-11-18-analisador-hematologico-sgo-01-630x420.jpg\" srcset=\"https:\/\/vanderloubet.com.br\/deputado\/wp-content\/uploads\/2022\/11\/foto-2022-11-18-analisador-hematologico-sgo-01-630x420.jpg 630w, https:\/\/vanderloubet.com.br\/deputado\/wp-content\/uploads\/2022\/11\/foto-2022-11-18-analisador-hematologico-sgo-01-350x233.jpg 350w, https:\/\/vanderloubet.com.br\/deputado\/wp-content\/uploads\/2022\/11\/foto-2022-11-18-analisador-hematologico-sgo-01-768x512.jpg 768w, https:\/\/vanderloubet.com.br\/deputado\/wp-content\/uploads\/2022\/11\/foto-2022-11-18-analisador-hematologico-sgo-01-700x467.jpg 700w, https:\/\/vanderloubet.com.br\/deputado\/wp-content\/uploads\/2022\/11\/foto-2022-11-18-analisador-hematologico-sgo-01-696x464.jpg 696w, https:\/\/vanderloubet.com.br\/deputado\/wp-content\/uploads\/2022\/11\/foto-2022-11-18-analisador-hematologico-sgo-01.jpg 900w\" sizes=\"(max-width: 630px) 100vw, 630px\" alt=\"Vander garante analisador hematol&oacute;gico para sa&uacute;de de S&atilde;o Gabriel do Oeste\">\r\n                            <\/a>\r\n                            <figcaption class = \"td-slide-caption td-gallery-slide-content\"><span>Vander garante analisador hematol\u00f3gico para sa\u00fade de S\u00e3o Gabriel do Oeste<\/span><\/figcaption>\r\n                        <\/figure>\r\n                    <\/div>\r\n                    <div class = \"td-slide-item td-item2\">\r\n                        <figure class=\"td-slide-galery-figure td-slide-popup-gallery\">\r\n                            <a class=\"slide-gallery-image-link\" href=\"https:\/\/vanderloubet.com.br\/deputado\/wp-content\/uploads\/2022\/11\/foto-2022-11-18-analisador-hematologico-sgo-02.jpg\" title=\"Vander garante analisador hematol\u00f3gico para sa\u00fade de S\u00e3o Gabriel do Oeste\"  data-caption=\"\"  data-description=\"Vander garante analisador hematol&oacute;gico para sa&uacute;de de S&atilde;o Gabriel do Oeste\">\r\n                                <img decoding=\"async\" src=\"https:\/\/vanderloubet.com.br\/deputado\/wp-content\/uploads\/2022\/11\/foto-2022-11-18-analisador-hematologico-sgo-02-630x420.jpg\" srcset=\"https:\/\/vanderloubet.com.br\/deputado\/wp-content\/uploads\/2022\/11\/foto-2022-11-18-analisador-hematologico-sgo-02-630x420.jpg 630w, https:\/\/vanderloubet.com.br\/deputado\/wp-content\/uploads\/2022\/11\/foto-2022-11-18-analisador-hematologico-sgo-02-350x233.jpg 350w, https:\/\/vanderloubet.com.br\/deputado\/wp-content\/uploads\/2022\/11\/foto-2022-11-18-analisador-hematologico-sgo-02-768x512.jpg 768w, https:\/\/vanderloubet.com.br\/deputado\/wp-content\/uploads\/2022\/11\/foto-2022-11-18-analisador-hematologico-sgo-02-700x467.jpg 700w, https:\/\/vanderloubet.com.br\/deputado\/wp-content\/uploads\/2022\/11\/foto-2022-11-18-analisador-hematologico-sgo-02-696x464.jpg 696w, https:\/\/vanderloubet.com.br\/deputado\/wp-content\/uploads\/2022\/11\/foto-2022-11-18-analisador-hematologico-sgo-02.jpg 900w\" sizes=\"(max-width: 630px) 100vw, 630px\" alt=\"Vander garante analisador hematol&oacute;gico para sa&uacute;de de S&atilde;o Gabriel do Oeste\">\r\n                            <\/a>\r\n                            <figcaption class = \"td-slide-caption td-gallery-slide-content\"><span>Vander garante analisador hematol\u00f3gico para sa\u00fade de S\u00e3o Gabriel do Oeste<\/span><\/figcaption>\r\n                        <\/figure>\r\n                    <\/div>\r\n                    <div class = \"td-slide-item td-item3\">\r\n                        <figure class=\"td-slide-galery-figure td-slide-popup-gallery\">\r\n                            <a class=\"slide-gallery-image-link\" href=\"https:\/\/vanderloubet.com.br\/deputado\/wp-content\/uploads\/2022\/11\/foto-2022-11-18-analisador-hematologico-sgo-03.jpg\" title=\"Vander garante analisador hematol\u00f3gico para sa\u00fade de S\u00e3o Gabriel do Oeste\"  data-caption=\"\"  data-description=\"Vander garante analisador hematol&oacute;gico para sa&uacute;de de S&atilde;o Gabriel do Oeste\">\r\n                                <img decoding=\"async\" src=\"https:\/\/vanderloubet.com.br\/deputado\/wp-content\/uploads\/2022\/11\/foto-2022-11-18-analisador-hematologico-sgo-03-630x420.jpg\" srcset=\"https:\/\/vanderloubet.com.br\/deputado\/wp-content\/uploads\/2022\/11\/foto-2022-11-18-analisador-hematologico-sgo-03-630x420.jpg 630w, https:\/\/vanderloubet.com.br\/deputado\/wp-content\/uploads\/2022\/11\/foto-2022-11-18-analisador-hematologico-sgo-03-350x233.jpg 350w, https:\/\/vanderloubet.com.br\/deputado\/wp-content\/uploads\/2022\/11\/foto-2022-11-18-analisador-hematologico-sgo-03-768x512.jpg 768w, https:\/\/vanderloubet.com.br\/deputado\/wp-content\/uploads\/2022\/11\/foto-2022-11-18-analisador-hematologico-sgo-03-700x467.jpg 700w, https:\/\/vanderloubet.com.br\/deputado\/wp-content\/uploads\/2022\/11\/foto-2022-11-18-analisador-hematologico-sgo-03-696x464.jpg 696w, https:\/\/vanderloubet.com.br\/deputado\/wp-content\/uploads\/2022\/11\/foto-2022-11-18-analisador-hematologico-sgo-03.jpg 900w\" sizes=\"(max-width: 630px) 100vw, 630px\" alt=\"Vander garante analisador hematol&oacute;gico para sa&uacute;de de S&atilde;o Gabriel do Oeste\">\r\n                            <\/a>\r\n                            <figcaption class = \"td-slide-caption td-gallery-slide-content\"><span>Vander garante analisador hematol\u00f3gico para sa\u00fade de S\u00e3o Gabriel do Oeste<\/span><\/figcaption>\r\n                        <\/figure>\r\n                    <\/div>\r\n                            <\/div>\r\n                        <\/div>\r\n\r\n                        <div class = \"td-doubleSlider-2\">\r\n                            <div class = \"td-slider\">\r\n                                \r\n                    <div class = \"td-button td-item1\">\r\n                        <div class = \"td-border\"><\/div>\r\n                    <\/div>\r\n                    <div class = \"td-button td-item2\">\r\n                        <div class = \"td-border\"><\/div>\r\n                    <\/div>\r\n                    <div class = \"td-button td-item3\">\r\n                        <div class = \"td-border\"><\/div>\r\n                    <\/div>\r\n                            <\/div>\r\n                        <\/div>\r\n\r\n                    <\/div>\r\n\r\n                <\/div>\r\n                \n","protected":false},"excerpt":{"rendered":"<p>Novo equipamento custou R$ 135 mil e deve agilizar a realiza\u00e7\u00e3o de exames sangu\u00edneos na rede p\u00fablica do munic\u00edpio.<\/p>\n","protected":false},"author":2,"featured_media":18603,"comment_status":"closed","ping_status":"closed","sticky":false,"template":"","format":"standard","meta":{"jetpack_post_was_ever_published":false,"_jetpack_newsletter_access":"","_jetpack_dont_email_post_to_subs":false,"_jetpack_newsletter_tier_id":0,"_jetpack_memberships_contains_paywalled_content":false,"_jetpack_memberships_contains_paid_content":false,"footnotes":""},"categories":[2097,10],"tags":[2127,1795,1803],"class_list":{"0":"post-18600","1":"post","2":"type-post","3":"status-publish","4":"format-standard","5":"has-post-thumbnail","7":"category-municipios-noticias","8":"category-noticias","9":"tag-emenda-parlamentar","10":"tag-sao-gabriel-do-oeste","11":"tag-saude"},"yoast_head":"<!-- This site is optimized with the Yoast SEO plugin v27.4 - https:\/\/yoast.com\/product\/yoast-seo-wordpress\/ -->\n<title>Vander garante analisador hematol\u00f3gico para sa\u00fade de S\u00e3o Gabriel do Oeste<\/title>\n<meta name=\"description\" content=\"Novo equipamento custou R$ 135 mil e deve agilizar a realiza\u00e7\u00e3o de exames sangu\u00edneos na rede p\u00fablica do munic\u00edpio.\" \/>\n<meta name=\"robots\" content=\"index, follow, max-snippet:-1, max-image-preview:large, max-video-preview:-1\" \/>\n<link rel=\"canonical\" href=\"https:\/\/vanderloubet.com.br\/deputado\/vander-garante-analisador-hematologico-para-saude-de-sao-gabriel-do-oeste\/\" \/>\n<meta property=\"og:locale\" content=\"pt_BR\" \/>\n<meta property=\"og:type\" content=\"article\" \/>\n<meta property=\"og:title\" content=\"Vander garante analisador hematol\u00f3gico para sa\u00fade de S\u00e3o Gabriel do Oeste\" \/>\n<meta property=\"og:description\" content=\"Novo equipamento custou R$ 135 mil e deve agilizar a realiza\u00e7\u00e3o de exames sangu\u00edneos na rede p\u00fablica do munic\u00edpio.\" \/>\n<meta property=\"og:url\" content=\"https:\/\/vanderloubet.com.br\/deputado\/vander-garante-analisador-hematologico-para-saude-de-sao-gabriel-do-oeste\/\" \/>\n<meta property=\"og:site_name\" content=\"Deputado Federal Vander Loubet\" \/>\n<meta property=\"article:publisher\" content=\"https:\/\/facebook.com\/deputadovander\" \/>\n<meta property=\"article:published_time\" content=\"2022-11-18T14:52:12+00:00\" \/>\n<meta property=\"og:image\" content=\"https:\/\/vanderloubet.com.br\/deputado\/wp-content\/uploads\/2022\/11\/foto-2022-11-18-analisador-hematologico-sgo-03.jpg\" \/>\n\t<meta property=\"og:image:width\" content=\"900\" \/>\n\t<meta property=\"og:image:height\" content=\"600\" \/>\n\t<meta property=\"og:image:type\" content=\"image\/jpeg\" \/>\n<meta name=\"author\" content=\"\u00c9der\" \/>\n<meta name=\"twitter:card\" content=\"summary_large_image\" \/>\n<meta name=\"twitter:creator\" content=\"@vanderloubet\" \/>\n<meta name=\"twitter:site\" content=\"@vanderloubet\" \/>\n<script type=\"application\/ld+json\" class=\"yoast-schema-graph\">{\"@context\":\"https:\\\/\\\/schema.org\",\"@graph\":[{\"@type\":\"Article\",\"@id\":\"https:\\\/\\\/vanderloubet.com.br\\\/deputado\\\/vander-garante-analisador-hematologico-para-saude-de-sao-gabriel-do-oeste\\\/#article\",\"isPartOf\":{\"@id\":\"https:\\\/\\\/vanderloubet.com.br\\\/deputado\\\/vander-garante-analisador-hematologico-para-saude-de-sao-gabriel-do-oeste\\\/\"},\"author\":{\"name\":\"\u00c9der\",\"@id\":\"https:\\\/\\\/vanderloubet.com.br\\\/deputado\\\/#\\\/schema\\\/person\\\/15b51bd564532a8a68d9dec1b8eb890e\"},\"headline\":\"Vander garante analisador hematol\u00f3gico para sa\u00fade de S\u00e3o Gabriel do Oeste\",\"datePublished\":\"2022-11-18T14:52:12+00:00\",\"mainEntityOfPage\":{\"@id\":\"https:\\\/\\\/vanderloubet.com.br\\\/deputado\\\/vander-garante-analisador-hematologico-para-saude-de-sao-gabriel-do-oeste\\\/\"},\"wordCount\":230,\"publisher\":{\"@id\":\"https:\\\/\\\/vanderloubet.com.br\\\/deputado\\\/#organization\"},\"image\":{\"@id\":\"https:\\\/\\\/vanderloubet.com.br\\\/deputado\\\/vander-garante-analisador-hematologico-para-saude-de-sao-gabriel-do-oeste\\\/#primaryimage\"},\"thumbnailUrl\":\"https:\\\/\\\/vanderloubet.com.br\\\/deputado\\\/wp-content\\\/uploads\\\/2022\\\/11\\\/foto-2022-11-18-analisador-hematologico-sgo-03.jpg\",\"keywords\":[\"emenda parlamentar\",\"s\u00e3o gabriel do oeste\",\"sa\u00fade\"],\"articleSection\":[\"Munic\u00edpios\",\"Not\u00edcias\"],\"inLanguage\":\"pt-BR\"},{\"@type\":\"WebPage\",\"@id\":\"https:\\\/\\\/vanderloubet.com.br\\\/deputado\\\/vander-garante-analisador-hematologico-para-saude-de-sao-gabriel-do-oeste\\\/\",\"url\":\"https:\\\/\\\/vanderloubet.com.br\\\/deputado\\\/vander-garante-analisador-hematologico-para-saude-de-sao-gabriel-do-oeste\\\/\",\"name\":\"Vander garante analisador hematol\u00f3gico para sa\u00fade de S\u00e3o Gabriel do Oeste\",\"isPartOf\":{\"@id\":\"https:\\\/\\\/vanderloubet.com.br\\\/deputado\\\/#website\"},\"primaryImageOfPage\":{\"@id\":\"https:\\\/\\\/vanderloubet.com.br\\\/deputado\\\/vander-garante-analisador-hematologico-para-saude-de-sao-gabriel-do-oeste\\\/#primaryimage\"},\"image\":{\"@id\":\"https:\\\/\\\/vanderloubet.com.br\\\/deputado\\\/vander-garante-analisador-hematologico-para-saude-de-sao-gabriel-do-oeste\\\/#primaryimage\"},\"thumbnailUrl\":\"https:\\\/\\\/vanderloubet.com.br\\\/deputado\\\/wp-content\\\/uploads\\\/2022\\\/11\\\/foto-2022-11-18-analisador-hematologico-sgo-03.jpg\",\"datePublished\":\"2022-11-18T14:52:12+00:00\",\"description\":\"Novo equipamento custou R$ 135 mil e deve agilizar a realiza\u00e7\u00e3o de exames sangu\u00edneos na rede p\u00fablica do munic\u00edpio.\",\"breadcrumb\":{\"@id\":\"https:\\\/\\\/vanderloubet.com.br\\\/deputado\\\/vander-garante-analisador-hematologico-para-saude-de-sao-gabriel-do-oeste\\\/#breadcrumb\"},\"inLanguage\":\"pt-BR\",\"potentialAction\":[{\"@type\":\"ReadAction\",\"target\":[\"https:\\\/\\\/vanderloubet.com.br\\\/deputado\\\/vander-garante-analisador-hematologico-para-saude-de-sao-gabriel-do-oeste\\\/\"]}]},{\"@type\":\"ImageObject\",\"inLanguage\":\"pt-BR\",\"@id\":\"https:\\\/\\\/vanderloubet.com.br\\\/deputado\\\/vander-garante-analisador-hematologico-para-saude-de-sao-gabriel-do-oeste\\\/#primaryimage\",\"url\":\"https:\\\/\\\/vanderloubet.com.br\\\/deputado\\\/wp-content\\\/uploads\\\/2022\\\/11\\\/foto-2022-11-18-analisador-hematologico-sgo-03.jpg\",\"contentUrl\":\"https:\\\/\\\/vanderloubet.com.br\\\/deputado\\\/wp-content\\\/uploads\\\/2022\\\/11\\\/foto-2022-11-18-analisador-hematologico-sgo-03.jpg\",\"width\":900,\"height\":600,\"caption\":\"Vander garante analisador hematol\u00f3gico para sa\u00fade de S\u00e3o Gabriel do Oeste\"},{\"@type\":\"BreadcrumbList\",\"@id\":\"https:\\\/\\\/vanderloubet.com.br\\\/deputado\\\/vander-garante-analisador-hematologico-para-saude-de-sao-gabriel-do-oeste\\\/#breadcrumb\",\"itemListElement\":[{\"@type\":\"ListItem\",\"position\":1,\"name\":\"In\u00edcio\",\"item\":\"https:\\\/\\\/vanderloubet.com.br\\\/deputado\\\/\"},{\"@type\":\"ListItem\",\"position\":2,\"name\":\"Vander garante analisador hematol\u00f3gico para sa\u00fade de S\u00e3o Gabriel do Oeste\"}]},{\"@type\":\"WebSite\",\"@id\":\"https:\\\/\\\/vanderloubet.com.br\\\/deputado\\\/#website\",\"url\":\"https:\\\/\\\/vanderloubet.com.br\\\/deputado\\\/\",\"name\":\"Deputado Federal Vander Loubet\",\"description\":\"O Federal de MS\",\"publisher\":{\"@id\":\"https:\\\/\\\/vanderloubet.com.br\\\/deputado\\\/#organization\"},\"alternateName\":\"Deputado Vander\",\"potentialAction\":[{\"@type\":\"SearchAction\",\"target\":{\"@type\":\"EntryPoint\",\"urlTemplate\":\"https:\\\/\\\/vanderloubet.com.br\\\/deputado\\\/?s={search_term_string}\"},\"query-input\":{\"@type\":\"PropertyValueSpecification\",\"valueRequired\":true,\"valueName\":\"search_term_string\"}}],\"inLanguage\":\"pt-BR\"},{\"@type\":\"Organization\",\"@id\":\"https:\\\/\\\/vanderloubet.com.br\\\/deputado\\\/#organization\",\"name\":\"Deputado Federal Vander Loubet\",\"alternateName\":\"Deputado Vander\",\"url\":\"https:\\\/\\\/vanderloubet.com.br\\\/deputado\\\/\",\"logo\":{\"@type\":\"ImageObject\",\"inLanguage\":\"pt-BR\",\"@id\":\"https:\\\/\\\/vanderloubet.com.br\\\/deputado\\\/#\\\/schema\\\/logo\\\/image\\\/\",\"url\":\"https:\\\/\\\/vanderloubet.com.br\\\/deputado\\\/wp-content\\\/uploads\\\/2023\\\/06\\\/foto-2023-06-19-mandato-deputado-vander.jpg\",\"contentUrl\":\"https:\\\/\\\/vanderloubet.com.br\\\/deputado\\\/wp-content\\\/uploads\\\/2023\\\/06\\\/foto-2023-06-19-mandato-deputado-vander.jpg\",\"width\":1080,\"height\":1080,\"caption\":\"Deputado Federal Vander Loubet\"},\"image\":{\"@id\":\"https:\\\/\\\/vanderloubet.com.br\\\/deputado\\\/#\\\/schema\\\/logo\\\/image\\\/\"},\"sameAs\":[\"https:\\\/\\\/facebook.com\\\/deputadovander\",\"https:\\\/\\\/x.com\\\/vanderloubet\",\"https:\\\/\\\/instagram.com\\\/vanderloubet\",\"https:\\\/\\\/youtube.com\\\/vanderloubet\",\"https:\\\/\\\/tiktok.com\\\/@vanderloubetms\"]},{\"@type\":\"Person\",\"@id\":\"https:\\\/\\\/vanderloubet.com.br\\\/deputado\\\/#\\\/schema\\\/person\\\/15b51bd564532a8a68d9dec1b8eb890e\",\"name\":\"\u00c9der\",\"image\":{\"@type\":\"ImageObject\",\"inLanguage\":\"pt-BR\",\"@id\":\"https:\\\/\\\/vanderloubet.com.br\\\/deputado\\\/wp-content\\\/litespeed\\\/avatar\\\/88ca4090d9d5ab1c9495f6ca03b68efa.jpg?ver=1777058957\",\"url\":\"https:\\\/\\\/vanderloubet.com.br\\\/deputado\\\/wp-content\\\/litespeed\\\/avatar\\\/88ca4090d9d5ab1c9495f6ca03b68efa.jpg?ver=1777058957\",\"contentUrl\":\"https:\\\/\\\/vanderloubet.com.br\\\/deputado\\\/wp-content\\\/litespeed\\\/avatar\\\/88ca4090d9d5ab1c9495f6ca03b68efa.jpg?ver=1777058957\",\"caption\":\"\u00c9der\"}}]}<\/script>\n<!-- \/ Yoast SEO plugin. -->","yoast_head_json":{"title":"Vander garante analisador hematol\u00f3gico para sa\u00fade de S\u00e3o Gabriel do Oeste","description":"Novo equipamento custou R$ 135 mil e deve agilizar a realiza\u00e7\u00e3o de exames sangu\u00edneos na rede p\u00fablica do munic\u00edpio.","robots":{"index":"index","follow":"follow","max-snippet":"max-snippet:-1","max-image-preview":"max-image-preview:large","max-video-preview":"max-video-preview:-1"},"canonical":"https:\/\/vanderloubet.com.br\/deputado\/vander-garante-analisador-hematologico-para-saude-de-sao-gabriel-do-oeste\/","og_locale":"pt_BR","og_type":"article","og_title":"Vander garante analisador hematol\u00f3gico para sa\u00fade de S\u00e3o Gabriel do Oeste","og_description":"Novo equipamento custou R$ 135 mil e deve agilizar a realiza\u00e7\u00e3o de exames sangu\u00edneos na rede p\u00fablica do munic\u00edpio.","og_url":"https:\/\/vanderloubet.com.br\/deputado\/vander-garante-analisador-hematologico-para-saude-de-sao-gabriel-do-oeste\/","og_site_name":"Deputado Federal Vander Loubet","article_publisher":"https:\/\/facebook.com\/deputadovander","article_published_time":"2022-11-18T14:52:12+00:00","og_image":[{"width":900,"height":600,"url":"https:\/\/vanderloubet.com.br\/deputado\/wp-content\/uploads\/2022\/11\/foto-2022-11-18-analisador-hematologico-sgo-03.jpg","type":"image\/jpeg"}],"author":"\u00c9der","twitter_card":"summary_large_image","twitter_creator":"@vanderloubet","twitter_site":"@vanderloubet","schema":{"@context":"https:\/\/schema.org","@graph":[{"@type":"Article","@id":"https:\/\/vanderloubet.com.br\/deputado\/vander-garante-analisador-hematologico-para-saude-de-sao-gabriel-do-oeste\/#article","isPartOf":{"@id":"https:\/\/vanderloubet.com.br\/deputado\/vander-garante-analisador-hematologico-para-saude-de-sao-gabriel-do-oeste\/"},"author":{"name":"\u00c9der","@id":"https:\/\/vanderloubet.com.br\/deputado\/#\/schema\/person\/15b51bd564532a8a68d9dec1b8eb890e"},"headline":"Vander garante analisador hematol\u00f3gico para sa\u00fade de S\u00e3o Gabriel do Oeste","datePublished":"2022-11-18T14:52:12+00:00","mainEntityOfPage":{"@id":"https:\/\/vanderloubet.com.br\/deputado\/vander-garante-analisador-hematologico-para-saude-de-sao-gabriel-do-oeste\/"},"wordCount":230,"publisher":{"@id":"https:\/\/vanderloubet.com.br\/deputado\/#organization"},"image":{"@id":"https:\/\/vanderloubet.com.br\/deputado\/vander-garante-analisador-hematologico-para-saude-de-sao-gabriel-do-oeste\/#primaryimage"},"thumbnailUrl":"https:\/\/vanderloubet.com.br\/deputado\/wp-content\/uploads\/2022\/11\/foto-2022-11-18-analisador-hematologico-sgo-03.jpg","keywords":["emenda parlamentar","s\u00e3o gabriel do oeste","sa\u00fade"],"articleSection":["Munic\u00edpios","Not\u00edcias"],"inLanguage":"pt-BR"},{"@type":"WebPage","@id":"https:\/\/vanderloubet.com.br\/deputado\/vander-garante-analisador-hematologico-para-saude-de-sao-gabriel-do-oeste\/","url":"https:\/\/vanderloubet.com.br\/deputado\/vander-garante-analisador-hematologico-para-saude-de-sao-gabriel-do-oeste\/","name":"Vander garante analisador hematol\u00f3gico para sa\u00fade de S\u00e3o Gabriel do Oeste","isPartOf":{"@id":"https:\/\/vanderloubet.com.br\/deputado\/#website"},"primaryImageOfPage":{"@id":"https:\/\/vanderloubet.com.br\/deputado\/vander-garante-analisador-hematologico-para-saude-de-sao-gabriel-do-oeste\/#primaryimage"},"image":{"@id":"https:\/\/vanderloubet.com.br\/deputado\/vander-garante-analisador-hematologico-para-saude-de-sao-gabriel-do-oeste\/#primaryimage"},"thumbnailUrl":"https:\/\/vanderloubet.com.br\/deputado\/wp-content\/uploads\/2022\/11\/foto-2022-11-18-analisador-hematologico-sgo-03.jpg","datePublished":"2022-11-18T14:52:12+00:00","description":"Novo equipamento custou R$ 135 mil e deve agilizar a realiza\u00e7\u00e3o de exames sangu\u00edneos na rede p\u00fablica do munic\u00edpio.","breadcrumb":{"@id":"https:\/\/vanderloubet.com.br\/deputado\/vander-garante-analisador-hematologico-para-saude-de-sao-gabriel-do-oeste\/#breadcrumb"},"inLanguage":"pt-BR","potentialAction":[{"@type":"ReadAction","target":["https:\/\/vanderloubet.com.br\/deputado\/vander-garante-analisador-hematologico-para-saude-de-sao-gabriel-do-oeste\/"]}]},{"@type":"ImageObject","inLanguage":"pt-BR","@id":"https:\/\/vanderloubet.com.br\/deputado\/vander-garante-analisador-hematologico-para-saude-de-sao-gabriel-do-oeste\/#primaryimage","url":"https:\/\/vanderloubet.com.br\/deputado\/wp-content\/uploads\/2022\/11\/foto-2022-11-18-analisador-hematologico-sgo-03.jpg","contentUrl":"https:\/\/vanderloubet.com.br\/deputado\/wp-content\/uploads\/2022\/11\/foto-2022-11-18-analisador-hematologico-sgo-03.jpg","width":900,"height":600,"caption":"Vander garante analisador hematol\u00f3gico para sa\u00fade de S\u00e3o Gabriel do Oeste"},{"@type":"BreadcrumbList","@id":"https:\/\/vanderloubet.com.br\/deputado\/vander-garante-analisador-hematologico-para-saude-de-sao-gabriel-do-oeste\/#breadcrumb","itemListElement":[{"@type":"ListItem","position":1,"name":"In\u00edcio","item":"https:\/\/vanderloubet.com.br\/deputado\/"},{"@type":"ListItem","position":2,"name":"Vander garante analisador hematol\u00f3gico para sa\u00fade de S\u00e3o Gabriel do Oeste"}]},{"@type":"WebSite","@id":"https:\/\/vanderloubet.com.br\/deputado\/#website","url":"https:\/\/vanderloubet.com.br\/deputado\/","name":"Deputado Federal Vander Loubet","description":"O Federal de MS","publisher":{"@id":"https:\/\/vanderloubet.com.br\/deputado\/#organization"},"alternateName":"Deputado Vander","potentialAction":[{"@type":"SearchAction","target":{"@type":"EntryPoint","urlTemplate":"https:\/\/vanderloubet.com.br\/deputado\/?s={search_term_string}"},"query-input":{"@type":"PropertyValueSpecification","valueRequired":true,"valueName":"search_term_string"}}],"inLanguage":"pt-BR"},{"@type":"Organization","@id":"https:\/\/vanderloubet.com.br\/deputado\/#organization","name":"Deputado Federal Vander Loubet","alternateName":"Deputado Vander","url":"https:\/\/vanderloubet.com.br\/deputado\/","logo":{"@type":"ImageObject","inLanguage":"pt-BR","@id":"https:\/\/vanderloubet.com.br\/deputado\/#\/schema\/logo\/image\/","url":"https:\/\/vanderloubet.com.br\/deputado\/wp-content\/uploads\/2023\/06\/foto-2023-06-19-mandato-deputado-vander.jpg","contentUrl":"https:\/\/vanderloubet.com.br\/deputado\/wp-content\/uploads\/2023\/06\/foto-2023-06-19-mandato-deputado-vander.jpg","width":1080,"height":1080,"caption":"Deputado Federal Vander Loubet"},"image":{"@id":"https:\/\/vanderloubet.com.br\/deputado\/#\/schema\/logo\/image\/"},"sameAs":["https:\/\/facebook.com\/deputadovander","https:\/\/x.com\/vanderloubet","https:\/\/instagram.com\/vanderloubet","https:\/\/youtube.com\/vanderloubet","https:\/\/tiktok.com\/@vanderloubetms"]},{"@type":"Person","@id":"https:\/\/vanderloubet.com.br\/deputado\/#\/schema\/person\/15b51bd564532a8a68d9dec1b8eb890e","name":"\u00c9der","image":{"@type":"ImageObject","inLanguage":"pt-BR","@id":"https:\/\/vanderloubet.com.br\/deputado\/wp-content\/litespeed\/avatar\/88ca4090d9d5ab1c9495f6ca03b68efa.jpg?ver=1777058957","url":"https:\/\/vanderloubet.com.br\/deputado\/wp-content\/litespeed\/avatar\/88ca4090d9d5ab1c9495f6ca03b68efa.jpg?ver=1777058957","contentUrl":"https:\/\/vanderloubet.com.br\/deputado\/wp-content\/litespeed\/avatar\/88ca4090d9d5ab1c9495f6ca03b68efa.jpg?ver=1777058957","caption":"\u00c9der"}}]}},"jetpack_featured_media_url":"https:\/\/vanderloubet.com.br\/deputado\/wp-content\/uploads\/2022\/11\/foto-2022-11-18-analisador-hematologico-sgo-03.jpg","jetpack_sharing_enabled":true,"_links":{"self":[{"href":"https:\/\/vanderloubet.com.br\/deputado\/wp-json\/wp\/v2\/posts\/18600","targetHints":{"allow":["GET"]}}],"collection":[{"href":"https:\/\/vanderloubet.com.br\/deputado\/wp-json\/wp\/v2\/posts"}],"about":[{"href":"https:\/\/vanderloubet.com.br\/deputado\/wp-json\/wp\/v2\/types\/post"}],"author":[{"embeddable":true,"href":"https:\/\/vanderloubet.com.br\/deputado\/wp-json\/wp\/v2\/users\/2"}],"replies":[{"embeddable":true,"href":"https:\/\/vanderloubet.com.br\/deputado\/wp-json\/wp\/v2\/comments?post=18600"}],"version-history":[{"count":0,"href":"https:\/\/vanderloubet.com.br\/deputado\/wp-json\/wp\/v2\/posts\/18600\/revisions"}],"wp:featuredmedia":[{"embeddable":true,"href":"https:\/\/vanderloubet.com.br\/deputado\/wp-json\/wp\/v2\/media\/18603"}],"wp:attachment":[{"href":"https:\/\/vanderloubet.com.br\/deputado\/wp-json\/wp\/v2\/media?parent=18600"}],"wp:term":[{"taxonomy":"category","embeddable":true,"href":"https:\/\/vanderloubet.com.br\/deputado\/wp-json\/wp\/v2\/categories?post=18600"},{"taxonomy":"post_tag","embeddable":true,"href":"https:\/\/vanderloubet.com.br\/deputado\/wp-json\/wp\/v2\/tags?post=18600"}],"curies":[{"name":"wp","href":"https:\/\/api.w.org\/{rel}","templated":true}]}}