{"id":18581,"date":"2022-11-09T17:49:13","date_gmt":"2022-11-09T21:49:13","guid":{"rendered":"https:\/\/vanderloubet.com.br\/deputado\/?p=18581"},"modified":"2022-11-09T17:49:45","modified_gmt":"2022-11-09T21:49:45","slug":"vander-loubet-segue-lider-na-conquista-de-emendas-para-ms","status":"publish","type":"post","link":"https:\/\/vanderloubet.com.br\/deputado\/vander-loubet-segue-lider-na-conquista-de-emendas-para-ms\/","title":{"rendered":"Vander Loubet segue l\u00edder na conquista de emendas para MS"},"content":{"rendered":"<p>Dados do portal Siga Brasil, do Senado, que monitora a execu\u00e7\u00e3o do or\u00e7amento federal, apontam que o deputado federal Vander Loubet (PT-MS) segue l\u00edder do ranking de pagamento de emendas parlamentares individuais para Mato Grosso do Sul.<\/p>\n<p>Esse desempenho na conquista de recursos para o Estado e os munic\u00edpios se traduz na aprova\u00e7\u00e3o da popula\u00e7\u00e3o: a partir de fevereiro de 2023, Vander se tornar\u00e1 o primeiro deputado federal a ter seis mandatos consecutivos na C\u00e2mara. Ele foi reeleito no pleito de 2 de outubro com 76.571 votos, a quarta melhor vota\u00e7\u00e3o das elei\u00e7\u00f5es deste ano.<\/p>\n<p>O Siga Brasil analisa as emendas apresentadas e executadas desde janeiro de 2017. At\u00e9 9 de novembro deste ano, em valores atualizados pelo IPCA (\u00cdndice Nacional de Pre\u00e7os ao Consumidor Amplo), o deputado petista assegurou R$ 83,5 milh\u00f5es.<\/p>\n<ol>\n<li>Deputado Vander Loubet = R$ 83,5 milh\u00f5es<\/li>\n<li>Deputado Dagoberto Nogueira = R$ 83,1 milh\u00f5es<\/li>\n<li>Senadora Simone Tebet = R$ 72,4 milh\u00f5es<\/li>\n<li>Ex-deputado Zeca do PT = R$ 45,9 milh\u00f5es<\/li>\n<li>Senador Nelsinho Trad = R$ 43,1 milh\u00f5es<\/li>\n<li>Ex-deputado Elizeu Dionizio = R$ 42,9 milh\u00f5es<\/li>\n<li>Ex-deputado Geraldo Resende = R$ 42,3 milh\u00f5es<\/li>\n<li>Deputado F\u00e1bio Trad = R$ 41,9 milh\u00f5es<\/li>\n<li>Ex-deputado Luiz Henrique Mandetta = R$ 39,8 milh\u00f5es<\/li>\n<li>Deputado Loester Trutis = R$ 39,8 milh\u00f5es<\/li>\n<\/ol>\n<p>Os mandatos de Vander se notabilizaram justamente por sua capacidade de di\u00e1logo com prefeitos, vereadores e lideran\u00e7as, dos mais variados espectros pol\u00edticos, e sua habilidade em trazer recursos e investimentos federais para Mato Grosso do Sul.<\/p>\n<p>O deputado petista finaliza explicando que prioriza a busca por recursos que beneficiam as comunidades naquilo que mais necessitam no cotidiano: sa\u00fade, saneamento b\u00e1sico, educa\u00e7\u00e3o, infraestrutura urbana, esporte e lazer, habita\u00e7\u00e3o, assist\u00eancia social e agricultura familiar. &#8220;As emendas incorporam reivindica\u00e7\u00f5es da sociedade e representam um refor\u00e7o nos caixas do Estado e, principalmente, dos munic\u00edpios, que s\u00e3o os mais afetados pelas crises&#8221;, pontua.<\/p>\n<p>Para os pr\u00f3ximos quatro anos, a expectativa sobre o trabalho do deputado \u00e9 grande. Diversos analistas apontam que Vander se consolida como maior lideran\u00e7a petista do estado e que sua experi\u00eancia em Bras\u00edlia, aliada \u00e0 forte rela\u00e7\u00e3o com o presidente eleito Luiz In\u00e1cio Lula da Silva, pode gerar bons frutos para Mato Grosso do Sul.<\/p>\n","protected":false},"excerpt":{"rendered":"<p>O portal Siga Brasil, do Senado, analisa as emendas parlamentares individuais apresentadas e executadas desde janeiro de 2017.<\/p>\n","protected":false},"author":2,"featured_media":18582,"comment_status":"closed","ping_status":"closed","sticky":false,"template":"","format":"standard","meta":{"jetpack_post_was_ever_published":false,"_jetpack_newsletter_access":"","_jetpack_dont_email_post_to_subs":false,"_jetpack_newsletter_tier_id":0,"_jetpack_memberships_contains_paywalled_content":false,"_jetpack_memberships_contains_paid_content":false,"footnotes":""},"categories":[2099,10],"tags":[2127],"class_list":{"0":"post-18581","1":"post","2":"type-post","3":"status-publish","4":"format-standard","5":"has-post-thumbnail","7":"category-ms-noticias","8":"category-noticias","9":"tag-emenda-parlamentar"},"yoast_head":"<!-- This site is optimized with the Yoast SEO plugin v27.4 - https:\/\/yoast.com\/product\/yoast-seo-wordpress\/ -->\n<title>Vander Loubet segue l\u00edder na conquista de emendas para MS<\/title>\n<meta name=\"description\" content=\"O portal Siga Brasil, do Senado, analisa as emendas parlamentares individuais apresentadas e executadas desde janeiro de 2017.\" \/>\n<meta name=\"robots\" content=\"index, follow, max-snippet:-1, max-image-preview:large, max-video-preview:-1\" \/>\n<link rel=\"canonical\" href=\"https:\/\/vanderloubet.com.br\/deputado\/vander-loubet-segue-lider-na-conquista-de-emendas-para-ms\/\" \/>\n<meta property=\"og:locale\" content=\"pt_BR\" \/>\n<meta property=\"og:type\" content=\"article\" \/>\n<meta property=\"og:title\" content=\"Vander Loubet segue l\u00edder na conquista de emendas para MS\" \/>\n<meta property=\"og:description\" content=\"O portal Siga Brasil, do Senado, analisa as emendas parlamentares individuais apresentadas e executadas desde janeiro de 2017.\" \/>\n<meta property=\"og:url\" content=\"https:\/\/vanderloubet.com.br\/deputado\/vander-loubet-segue-lider-na-conquista-de-emendas-para-ms\/\" \/>\n<meta property=\"og:site_name\" content=\"Deputado Federal Vander Loubet\" \/>\n<meta property=\"article:publisher\" content=\"https:\/\/facebook.com\/deputadovander\" \/>\n<meta property=\"article:published_time\" content=\"2022-11-09T21:49:13+00:00\" \/>\n<meta property=\"article:modified_time\" content=\"2022-11-09T21:49:45+00:00\" \/>\n<meta property=\"og:image\" content=\"https:\/\/vanderloubet.com.br\/deputado\/wp-content\/uploads\/2022\/11\/foto-2022-11-09-deputado-vander-loubet.jpg\" \/>\n\t<meta property=\"og:image:width\" content=\"1080\" \/>\n\t<meta property=\"og:image:height\" content=\"720\" \/>\n\t<meta property=\"og:image:type\" content=\"image\/jpeg\" \/>\n<meta name=\"author\" content=\"\u00c9der\" \/>\n<meta name=\"twitter:card\" content=\"summary_large_image\" \/>\n<meta name=\"twitter:creator\" content=\"@vanderloubet\" \/>\n<meta name=\"twitter:site\" content=\"@vanderloubet\" \/>\n<script type=\"application\/ld+json\" class=\"yoast-schema-graph\">{\"@context\":\"https:\\\/\\\/schema.org\",\"@graph\":[{\"@type\":\"Article\",\"@id\":\"https:\\\/\\\/vanderloubet.com.br\\\/deputado\\\/vander-loubet-segue-lider-na-conquista-de-emendas-para-ms\\\/#article\",\"isPartOf\":{\"@id\":\"https:\\\/\\\/vanderloubet.com.br\\\/deputado\\\/vander-loubet-segue-lider-na-conquista-de-emendas-para-ms\\\/\"},\"author\":{\"name\":\"\u00c9der\",\"@id\":\"https:\\\/\\\/vanderloubet.com.br\\\/deputado\\\/#\\\/schema\\\/person\\\/15b51bd564532a8a68d9dec1b8eb890e\"},\"headline\":\"Vander Loubet segue l\u00edder na conquista de emendas para MS\",\"datePublished\":\"2022-11-09T21:49:13+00:00\",\"dateModified\":\"2022-11-09T21:49:45+00:00\",\"mainEntityOfPage\":{\"@id\":\"https:\\\/\\\/vanderloubet.com.br\\\/deputado\\\/vander-loubet-segue-lider-na-conquista-de-emendas-para-ms\\\/\"},\"wordCount\":381,\"publisher\":{\"@id\":\"https:\\\/\\\/vanderloubet.com.br\\\/deputado\\\/#organization\"},\"image\":{\"@id\":\"https:\\\/\\\/vanderloubet.com.br\\\/deputado\\\/vander-loubet-segue-lider-na-conquista-de-emendas-para-ms\\\/#primaryimage\"},\"thumbnailUrl\":\"https:\\\/\\\/vanderloubet.com.br\\\/deputado\\\/wp-content\\\/uploads\\\/2022\\\/11\\\/foto-2022-11-09-deputado-vander-loubet.jpg\",\"keywords\":[\"emenda parlamentar\"],\"articleSection\":[\"Mato Grosso do Sul\",\"Not\u00edcias\"],\"inLanguage\":\"pt-BR\"},{\"@type\":\"WebPage\",\"@id\":\"https:\\\/\\\/vanderloubet.com.br\\\/deputado\\\/vander-loubet-segue-lider-na-conquista-de-emendas-para-ms\\\/\",\"url\":\"https:\\\/\\\/vanderloubet.com.br\\\/deputado\\\/vander-loubet-segue-lider-na-conquista-de-emendas-para-ms\\\/\",\"name\":\"Vander Loubet segue l\u00edder na conquista de emendas para MS\",\"isPartOf\":{\"@id\":\"https:\\\/\\\/vanderloubet.com.br\\\/deputado\\\/#website\"},\"primaryImageOfPage\":{\"@id\":\"https:\\\/\\\/vanderloubet.com.br\\\/deputado\\\/vander-loubet-segue-lider-na-conquista-de-emendas-para-ms\\\/#primaryimage\"},\"image\":{\"@id\":\"https:\\\/\\\/vanderloubet.com.br\\\/deputado\\\/vander-loubet-segue-lider-na-conquista-de-emendas-para-ms\\\/#primaryimage\"},\"thumbnailUrl\":\"https:\\\/\\\/vanderloubet.com.br\\\/deputado\\\/wp-content\\\/uploads\\\/2022\\\/11\\\/foto-2022-11-09-deputado-vander-loubet.jpg\",\"datePublished\":\"2022-11-09T21:49:13+00:00\",\"dateModified\":\"2022-11-09T21:49:45+00:00\",\"description\":\"O portal Siga Brasil, do Senado, analisa as emendas parlamentares individuais apresentadas e executadas desde janeiro de 2017.\",\"breadcrumb\":{\"@id\":\"https:\\\/\\\/vanderloubet.com.br\\\/deputado\\\/vander-loubet-segue-lider-na-conquista-de-emendas-para-ms\\\/#breadcrumb\"},\"inLanguage\":\"pt-BR\",\"potentialAction\":[{\"@type\":\"ReadAction\",\"target\":[\"https:\\\/\\\/vanderloubet.com.br\\\/deputado\\\/vander-loubet-segue-lider-na-conquista-de-emendas-para-ms\\\/\"]}]},{\"@type\":\"ImageObject\",\"inLanguage\":\"pt-BR\",\"@id\":\"https:\\\/\\\/vanderloubet.com.br\\\/deputado\\\/vander-loubet-segue-lider-na-conquista-de-emendas-para-ms\\\/#primaryimage\",\"url\":\"https:\\\/\\\/vanderloubet.com.br\\\/deputado\\\/wp-content\\\/uploads\\\/2022\\\/11\\\/foto-2022-11-09-deputado-vander-loubet.jpg\",\"contentUrl\":\"https:\\\/\\\/vanderloubet.com.br\\\/deputado\\\/wp-content\\\/uploads\\\/2022\\\/11\\\/foto-2022-11-09-deputado-vander-loubet.jpg\",\"width\":1080,\"height\":720,\"caption\":\"Vander Loubet segue l\u00edder na conquista de emendas para MS\"},{\"@type\":\"BreadcrumbList\",\"@id\":\"https:\\\/\\\/vanderloubet.com.br\\\/deputado\\\/vander-loubet-segue-lider-na-conquista-de-emendas-para-ms\\\/#breadcrumb\",\"itemListElement\":[{\"@type\":\"ListItem\",\"position\":1,\"name\":\"In\u00edcio\",\"item\":\"https:\\\/\\\/vanderloubet.com.br\\\/deputado\\\/\"},{\"@type\":\"ListItem\",\"position\":2,\"name\":\"Vander Loubet segue l\u00edder na conquista de emendas para MS\"}]},{\"@type\":\"WebSite\",\"@id\":\"https:\\\/\\\/vanderloubet.com.br\\\/deputado\\\/#website\",\"url\":\"https:\\\/\\\/vanderloubet.com.br\\\/deputado\\\/\",\"name\":\"Deputado Federal Vander Loubet\",\"description\":\"O Federal de MS\",\"publisher\":{\"@id\":\"https:\\\/\\\/vanderloubet.com.br\\\/deputado\\\/#organization\"},\"alternateName\":\"Deputado Vander\",\"potentialAction\":[{\"@type\":\"SearchAction\",\"target\":{\"@type\":\"EntryPoint\",\"urlTemplate\":\"https:\\\/\\\/vanderloubet.com.br\\\/deputado\\\/?s={search_term_string}\"},\"query-input\":{\"@type\":\"PropertyValueSpecification\",\"valueRequired\":true,\"valueName\":\"search_term_string\"}}],\"inLanguage\":\"pt-BR\"},{\"@type\":\"Organization\",\"@id\":\"https:\\\/\\\/vanderloubet.com.br\\\/deputado\\\/#organization\",\"name\":\"Deputado Federal Vander Loubet\",\"alternateName\":\"Deputado Vander\",\"url\":\"https:\\\/\\\/vanderloubet.com.br\\\/deputado\\\/\",\"logo\":{\"@type\":\"ImageObject\",\"inLanguage\":\"pt-BR\",\"@id\":\"https:\\\/\\\/vanderloubet.com.br\\\/deputado\\\/#\\\/schema\\\/logo\\\/image\\\/\",\"url\":\"https:\\\/\\\/vanderloubet.com.br\\\/deputado\\\/wp-content\\\/uploads\\\/2023\\\/06\\\/foto-2023-06-19-mandato-deputado-vander.jpg\",\"contentUrl\":\"https:\\\/\\\/vanderloubet.com.br\\\/deputado\\\/wp-content\\\/uploads\\\/2023\\\/06\\\/foto-2023-06-19-mandato-deputado-vander.jpg\",\"width\":1080,\"height\":1080,\"caption\":\"Deputado Federal Vander Loubet\"},\"image\":{\"@id\":\"https:\\\/\\\/vanderloubet.com.br\\\/deputado\\\/#\\\/schema\\\/logo\\\/image\\\/\"},\"sameAs\":[\"https:\\\/\\\/facebook.com\\\/deputadovander\",\"https:\\\/\\\/x.com\\\/vanderloubet\",\"https:\\\/\\\/instagram.com\\\/vanderloubet\",\"https:\\\/\\\/youtube.com\\\/vanderloubet\",\"https:\\\/\\\/tiktok.com\\\/@vanderloubetms\"]},{\"@type\":\"Person\",\"@id\":\"https:\\\/\\\/vanderloubet.com.br\\\/deputado\\\/#\\\/schema\\\/person\\\/15b51bd564532a8a68d9dec1b8eb890e\",\"name\":\"\u00c9der\",\"image\":{\"@type\":\"ImageObject\",\"inLanguage\":\"pt-BR\",\"@id\":\"https:\\\/\\\/vanderloubet.com.br\\\/deputado\\\/wp-content\\\/litespeed\\\/avatar\\\/88ca4090d9d5ab1c9495f6ca03b68efa.jpg?ver=1777058957\",\"url\":\"https:\\\/\\\/vanderloubet.com.br\\\/deputado\\\/wp-content\\\/litespeed\\\/avatar\\\/88ca4090d9d5ab1c9495f6ca03b68efa.jpg?ver=1777058957\",\"contentUrl\":\"https:\\\/\\\/vanderloubet.com.br\\\/deputado\\\/wp-content\\\/litespeed\\\/avatar\\\/88ca4090d9d5ab1c9495f6ca03b68efa.jpg?ver=1777058957\",\"caption\":\"\u00c9der\"}}]}<\/script>\n<!-- \/ Yoast SEO plugin. -->","yoast_head_json":{"title":"Vander Loubet segue l\u00edder na conquista de emendas para MS","description":"O portal Siga Brasil, do Senado, analisa as emendas parlamentares individuais apresentadas e executadas desde janeiro de 2017.","robots":{"index":"index","follow":"follow","max-snippet":"max-snippet:-1","max-image-preview":"max-image-preview:large","max-video-preview":"max-video-preview:-1"},"canonical":"https:\/\/vanderloubet.com.br\/deputado\/vander-loubet-segue-lider-na-conquista-de-emendas-para-ms\/","og_locale":"pt_BR","og_type":"article","og_title":"Vander Loubet segue l\u00edder na conquista de emendas para MS","og_description":"O portal Siga Brasil, do Senado, analisa as emendas parlamentares individuais apresentadas e executadas desde janeiro de 2017.","og_url":"https:\/\/vanderloubet.com.br\/deputado\/vander-loubet-segue-lider-na-conquista-de-emendas-para-ms\/","og_site_name":"Deputado Federal Vander Loubet","article_publisher":"https:\/\/facebook.com\/deputadovander","article_published_time":"2022-11-09T21:49:13+00:00","article_modified_time":"2022-11-09T21:49:45+00:00","og_image":[{"width":1080,"height":720,"url":"https:\/\/vanderloubet.com.br\/deputado\/wp-content\/uploads\/2022\/11\/foto-2022-11-09-deputado-vander-loubet.jpg","type":"image\/jpeg"}],"author":"\u00c9der","twitter_card":"summary_large_image","twitter_creator":"@vanderloubet","twitter_site":"@vanderloubet","schema":{"@context":"https:\/\/schema.org","@graph":[{"@type":"Article","@id":"https:\/\/vanderloubet.com.br\/deputado\/vander-loubet-segue-lider-na-conquista-de-emendas-para-ms\/#article","isPartOf":{"@id":"https:\/\/vanderloubet.com.br\/deputado\/vander-loubet-segue-lider-na-conquista-de-emendas-para-ms\/"},"author":{"name":"\u00c9der","@id":"https:\/\/vanderloubet.com.br\/deputado\/#\/schema\/person\/15b51bd564532a8a68d9dec1b8eb890e"},"headline":"Vander Loubet segue l\u00edder na conquista de emendas para MS","datePublished":"2022-11-09T21:49:13+00:00","dateModified":"2022-11-09T21:49:45+00:00","mainEntityOfPage":{"@id":"https:\/\/vanderloubet.com.br\/deputado\/vander-loubet-segue-lider-na-conquista-de-emendas-para-ms\/"},"wordCount":381,"publisher":{"@id":"https:\/\/vanderloubet.com.br\/deputado\/#organization"},"image":{"@id":"https:\/\/vanderloubet.com.br\/deputado\/vander-loubet-segue-lider-na-conquista-de-emendas-para-ms\/#primaryimage"},"thumbnailUrl":"https:\/\/vanderloubet.com.br\/deputado\/wp-content\/uploads\/2022\/11\/foto-2022-11-09-deputado-vander-loubet.jpg","keywords":["emenda parlamentar"],"articleSection":["Mato Grosso do Sul","Not\u00edcias"],"inLanguage":"pt-BR"},{"@type":"WebPage","@id":"https:\/\/vanderloubet.com.br\/deputado\/vander-loubet-segue-lider-na-conquista-de-emendas-para-ms\/","url":"https:\/\/vanderloubet.com.br\/deputado\/vander-loubet-segue-lider-na-conquista-de-emendas-para-ms\/","name":"Vander Loubet segue l\u00edder na conquista de emendas para MS","isPartOf":{"@id":"https:\/\/vanderloubet.com.br\/deputado\/#website"},"primaryImageOfPage":{"@id":"https:\/\/vanderloubet.com.br\/deputado\/vander-loubet-segue-lider-na-conquista-de-emendas-para-ms\/#primaryimage"},"image":{"@id":"https:\/\/vanderloubet.com.br\/deputado\/vander-loubet-segue-lider-na-conquista-de-emendas-para-ms\/#primaryimage"},"thumbnailUrl":"https:\/\/vanderloubet.com.br\/deputado\/wp-content\/uploads\/2022\/11\/foto-2022-11-09-deputado-vander-loubet.jpg","datePublished":"2022-11-09T21:49:13+00:00","dateModified":"2022-11-09T21:49:45+00:00","description":"O portal Siga Brasil, do Senado, analisa as emendas parlamentares individuais apresentadas e executadas desde janeiro de 2017.","breadcrumb":{"@id":"https:\/\/vanderloubet.com.br\/deputado\/vander-loubet-segue-lider-na-conquista-de-emendas-para-ms\/#breadcrumb"},"inLanguage":"pt-BR","potentialAction":[{"@type":"ReadAction","target":["https:\/\/vanderloubet.com.br\/deputado\/vander-loubet-segue-lider-na-conquista-de-emendas-para-ms\/"]}]},{"@type":"ImageObject","inLanguage":"pt-BR","@id":"https:\/\/vanderloubet.com.br\/deputado\/vander-loubet-segue-lider-na-conquista-de-emendas-para-ms\/#primaryimage","url":"https:\/\/vanderloubet.com.br\/deputado\/wp-content\/uploads\/2022\/11\/foto-2022-11-09-deputado-vander-loubet.jpg","contentUrl":"https:\/\/vanderloubet.com.br\/deputado\/wp-content\/uploads\/2022\/11\/foto-2022-11-09-deputado-vander-loubet.jpg","width":1080,"height":720,"caption":"Vander Loubet segue l\u00edder na conquista de emendas para MS"},{"@type":"BreadcrumbList","@id":"https:\/\/vanderloubet.com.br\/deputado\/vander-loubet-segue-lider-na-conquista-de-emendas-para-ms\/#breadcrumb","itemListElement":[{"@type":"ListItem","position":1,"name":"In\u00edcio","item":"https:\/\/vanderloubet.com.br\/deputado\/"},{"@type":"ListItem","position":2,"name":"Vander Loubet segue l\u00edder na conquista de emendas para MS"}]},{"@type":"WebSite","@id":"https:\/\/vanderloubet.com.br\/deputado\/#website","url":"https:\/\/vanderloubet.com.br\/deputado\/","name":"Deputado Federal Vander Loubet","description":"O Federal de MS","publisher":{"@id":"https:\/\/vanderloubet.com.br\/deputado\/#organization"},"alternateName":"Deputado Vander","potentialAction":[{"@type":"SearchAction","target":{"@type":"EntryPoint","urlTemplate":"https:\/\/vanderloubet.com.br\/deputado\/?s={search_term_string}"},"query-input":{"@type":"PropertyValueSpecification","valueRequired":true,"valueName":"search_term_string"}}],"inLanguage":"pt-BR"},{"@type":"Organization","@id":"https:\/\/vanderloubet.com.br\/deputado\/#organization","name":"Deputado Federal Vander Loubet","alternateName":"Deputado Vander","url":"https:\/\/vanderloubet.com.br\/deputado\/","logo":{"@type":"ImageObject","inLanguage":"pt-BR","@id":"https:\/\/vanderloubet.com.br\/deputado\/#\/schema\/logo\/image\/","url":"https:\/\/vanderloubet.com.br\/deputado\/wp-content\/uploads\/2023\/06\/foto-2023-06-19-mandato-deputado-vander.jpg","contentUrl":"https:\/\/vanderloubet.com.br\/deputado\/wp-content\/uploads\/2023\/06\/foto-2023-06-19-mandato-deputado-vander.jpg","width":1080,"height":1080,"caption":"Deputado Federal Vander Loubet"},"image":{"@id":"https:\/\/vanderloubet.com.br\/deputado\/#\/schema\/logo\/image\/"},"sameAs":["https:\/\/facebook.com\/deputadovander","https:\/\/x.com\/vanderloubet","https:\/\/instagram.com\/vanderloubet","https:\/\/youtube.com\/vanderloubet","https:\/\/tiktok.com\/@vanderloubetms"]},{"@type":"Person","@id":"https:\/\/vanderloubet.com.br\/deputado\/#\/schema\/person\/15b51bd564532a8a68d9dec1b8eb890e","name":"\u00c9der","image":{"@type":"ImageObject","inLanguage":"pt-BR","@id":"https:\/\/vanderloubet.com.br\/deputado\/wp-content\/litespeed\/avatar\/88ca4090d9d5ab1c9495f6ca03b68efa.jpg?ver=1777058957","url":"https:\/\/vanderloubet.com.br\/deputado\/wp-content\/litespeed\/avatar\/88ca4090d9d5ab1c9495f6ca03b68efa.jpg?ver=1777058957","contentUrl":"https:\/\/vanderloubet.com.br\/deputado\/wp-content\/litespeed\/avatar\/88ca4090d9d5ab1c9495f6ca03b68efa.jpg?ver=1777058957","caption":"\u00c9der"}}]}},"jetpack_featured_media_url":"https:\/\/vanderloubet.com.br\/deputado\/wp-content\/uploads\/2022\/11\/foto-2022-11-09-deputado-vander-loubet.jpg","jetpack_sharing_enabled":true,"_links":{"self":[{"href":"https:\/\/vanderloubet.com.br\/deputado\/wp-json\/wp\/v2\/posts\/18581","targetHints":{"allow":["GET"]}}],"collection":[{"href":"https:\/\/vanderloubet.com.br\/deputado\/wp-json\/wp\/v2\/posts"}],"about":[{"href":"https:\/\/vanderloubet.com.br\/deputado\/wp-json\/wp\/v2\/types\/post"}],"author":[{"embeddable":true,"href":"https:\/\/vanderloubet.com.br\/deputado\/wp-json\/wp\/v2\/users\/2"}],"replies":[{"embeddable":true,"href":"https:\/\/vanderloubet.com.br\/deputado\/wp-json\/wp\/v2\/comments?post=18581"}],"version-history":[{"count":0,"href":"https:\/\/vanderloubet.com.br\/deputado\/wp-json\/wp\/v2\/posts\/18581\/revisions"}],"wp:featuredmedia":[{"embeddable":true,"href":"https:\/\/vanderloubet.com.br\/deputado\/wp-json\/wp\/v2\/media\/18582"}],"wp:attachment":[{"href":"https:\/\/vanderloubet.com.br\/deputado\/wp-json\/wp\/v2\/media?parent=18581"}],"wp:term":[{"taxonomy":"category","embeddable":true,"href":"https:\/\/vanderloubet.com.br\/deputado\/wp-json\/wp\/v2\/categories?post=18581"},{"taxonomy":"post_tag","embeddable":true,"href":"https:\/\/vanderloubet.com.br\/deputado\/wp-json\/wp\/v2\/tags?post=18581"}],"curies":[{"name":"wp","href":"https:\/\/api.w.org\/{rel}","templated":true}]}}