{"id":1855,"date":"2010-07-21T16:19:41","date_gmt":"2010-07-21T20:19:41","guid":{"rendered":"http:\/\/www.deputadovander.com.br\/website\/?p=1855"},"modified":"2010-07-21T16:19:41","modified_gmt":"2010-07-21T20:19:41","slug":"corumba-mais-de-90-das-obras-sao-parceria-municipio-governo-federal","status":"publish","type":"post","link":"https:\/\/vanderloubet.com.br\/deputado\/corumba-mais-de-90-das-obras-sao-parceria-municipio-governo-federal\/","title":{"rendered":"Corumb\u00e1: Prefeitura e Governo Federal bancam 90% das obras"},"content":{"rendered":"<p style=\"text-align: center;\">\n<figure id=\"attachment_1856\" aria-describedby=\"caption-attachment-1856\" style=\"width: 300px\" class=\"wp-caption aligncenter\"><a href=\"http:\/\/www.deputadovander.com.br\/website\/wp-content\/uploads\/2010\/07\/foto-2010-07-21-convencoes-corumba.jpg\" target=\"_blank\"><img decoding=\"async\" class=\"size-medium wp-image-1856 \" title=\"foto-2010-07-21-convencoes-corumba\" src=\"http:\/\/www.deputadovander.com.br\/website\/wp-content\/uploads\/2010\/07\/foto-2010-07-21-convencoes-corumba-300x166.jpg\" alt=\"Centro de Conven\u00e7\u00f5es de Corumb\u00e1\" width=\"300\" height=\"166\" \/><\/a><figcaption id=\"caption-attachment-1856\" class=\"wp-caption-text\">Centro de Conven\u00e7\u00f5es de Corumb\u00e1<\/figcaption><\/figure>\n<p>Ao fazer uma avalia\u00e7\u00e3o sobre o volume, o alcance e a origem dos investimentos que nos \u00faltimos anos v\u00eam criando novas perspectivas para Corumb\u00e1, o deputado federal Vander Loubet (PT-MS) constatou que mais de 90% das obras de infraestrutura e de inclus\u00e3o social foram e est\u00e3o sendo custeadas por recursos municipais e federais.<\/p>\n<p>&#8220;O prefeito Ruiter Cunha e o presidente Lula fazem com que seus governos apontem para a valoriza\u00e7\u00e3o das pessoas, reconhecendo e estimulando o protagonismo de todos os segmentos da sociedade e, principalmente, por meio de gest\u00f5es democr\u00e1ticas, ouvindo e respeitando as manifesta\u00e7\u00f5es das comunidades&#8221;, afirmou.<\/p>\n<p>Segundo Vander, a parceria se consolidou com o apoio das bancadas de diversos partidos, mas sobretudo das for\u00e7as pol\u00edticas que se comprometeram em dar prioridade \u00e0s reivindica\u00e7\u00f5es mais antigas do munic\u00edpio, como a malha vi\u00e1ria, o saneamento b\u00e1sico, a amplia\u00e7\u00e3o e moderniza\u00e7\u00e3o das redes de sa\u00fade e educa\u00e7\u00e3o, o suporte \u00e0s demandas de emprego e habita\u00e7\u00e3o e a estrutura\u00e7\u00e3o do potencial de atra\u00e7\u00e3o tur\u00edstica.<\/p>\n<p>&#8220;\u00c9 incalcul\u00e1vel o peso social, econ\u00f4mico e cultural dos in\u00fameros benef\u00edcios que as administra\u00e7\u00f5es do prefeito Ruiter e do presidente Lula v\u00eam implantando. E com essa parceria, Corumb\u00e1 tornou-se um imenso canteiro de obras&#8221;, disse.<\/p>\n<p>Vander tamb\u00e9m destacou toda a sua satisfa\u00e7\u00e3o por estar contribuindo com essa gest\u00e3o vitoriosa, por meio de a\u00e7\u00f5es parlamentares que geraram recursos para diversos benef\u00edcios, como a aquisi\u00e7\u00e3o de patrulha mecanizada, asfalto, drenagem, saneamento, habita\u00e7\u00e3o, urbaniza\u00e7\u00e3o de favelas e assentamentos prec\u00e1rios, energia, postos de sa\u00fade e o Centro de Conven\u00e7\u00f5es, para o qual contribuiu com uma emenda de R$ 1 milh\u00e3o.<\/p>\n<p>At\u00e9 o primeiro semestre deste ano, o volume de recursos que Vander viabilizou para Corumb\u00e1 soma R$ 71,8 milh\u00f5es. Destacam-se, al\u00e9m do Centro de Conven\u00e7\u00f5es, o Posto de Sa\u00fade da Fam\u00edlia do Bairro Vit\u00f3ria R\u00e9gia, casas populares e as obras do PAC da rede de esgoto. O PSF do Vit\u00f3ria R\u00e9gia custou R$ 308,5 mil, sendo que R$ 300 mil foram garantidos por emenda de Vander junto ao governo federal (Minist\u00e9rio da Sa\u00fade).<\/p>\n<p><span style=\"color: #cc0000;\"><em><strong>Confira, a seguir, os investimentos que Vander ajudou a concretizar para Corumb\u00e1:<\/strong><\/em><\/span><\/p>\n<p><span style=\"color: #cc0000;\">Minist\u00e9rio da Agricultura, Pecu\u00e1ria e Abastecimento:<\/span><\/p>\n<ul>\n<li><span style=\"color: #cc0000;\">PATRULHA MECANIZADA &#8211; Valor: R$ 87,7 mil<\/span><\/li>\n<\/ul>\n<p><span style=\"color: #cc0000;\">Minist\u00e9rio da Integra\u00e7\u00e3o Nacional:<\/span><\/p>\n<ul>\n<li><span style=\"color: #cc0000;\">ASFALTO &#8211; Valor: R$ 4,5 milh\u00f5es<\/span><\/li>\n<li><span style=\"color: #cc0000;\">ASFALTO &#8211; Valor: R$ 200 mil<\/span><\/li>\n<li><span style=\"color: #cc0000;\">INFRAESTRUTURA NA FAIXA DE FRONTEIRA &#8211; Valor: R$ 1,2 milh\u00e3o<\/span><\/li>\n<li><span style=\"color: #cc0000;\">DRENAGEM &#8211; OBRAS PREVENTIVAS A DESASTRES &#8211; Valor: R$ 1 milh\u00e3o<\/span><\/li>\n<\/ul>\n<p><span style=\"color: #cc0000;\">Minist\u00e9rio da Sa\u00fade:<\/span><\/p>\n<ul>\n<li><span style=\"color: #cc0000;\">SANEAMENTO B\u00c1SICO &#8211; Valor: R$ 363,7 mil<\/span><\/li>\n<\/ul>\n<p><span style=\"color: #cc0000;\">Minist\u00e9rio das Cidades:<\/span><\/p>\n<p><span style=\"color: #cc0000;\">ASFALTO &#8211; BAIRRO MARIA LEITE &#8211; Valor: R$ 760,9 mil<\/span><\/p>\n<p><span style=\"color: #cc0000;\">ASFALTO &#8211; Valor: R$ 700 mil<\/span><\/p>\n<ul>\n<li><span style=\"color: #cc0000;\">PAC &#8211; SANEAMENTO B\u00c1SICO E DRENAGEM EM DIVERSOS BAIRROS &#8211; Valor: R$ 24 milh\u00f5es<\/span><\/li>\n<li><span style=\"color: #cc0000;\">PAC &#8211; SANEAMENTO B\u00c1SICO NA REGI\u00c3O NOROESTE DA CIDADE &#8211; Valor: R$ 4,3 milh\u00f5es<\/span><\/li>\n<li><span style=\"color: #cc0000;\">PAC &#8211; URBANIZA\u00c7AO DE FAVELAS E ASSENTAMENTO PREC\u00c1RIOS &#8211; Valor: R$ 33,7 milh\u00f5es<\/span><\/li>\n<\/ul>\n<p><span style=\"color: #cc0000;\">Minist\u00e9rio do Turismo:<\/span><\/p>\n<ul>\n<li><span style=\"color: #cc0000;\">CENTRO DE CONVEN\u00c7\u00d5ES &#8211; Valor: R$ 1 milh\u00e3o<\/span><\/li>\n<\/ul>\n<p><span style=\"color: #cc0000;\"><strong>TOTAL: R$ 71,8 milh\u00f5es<\/strong><\/span><\/p>\n<p><small>(Edson Moraes &#8211; Assessoria de Comunica\u00e7\u00e3o)<\/small><\/p>\n","protected":false},"excerpt":{"rendered":"<p>Vander destacou sua satisfa\u00e7\u00e3o por contribuir com essa gest\u00e3o vitoriosa por meio de a\u00e7\u00f5es e recursos para diversos benef\u00edcios.<\/p>\n","protected":false},"author":2,"featured_media":0,"comment_status":"open","ping_status":"open","sticky":false,"template":"","format":"standard","meta":{"jetpack_post_was_ever_published":false,"_jetpack_newsletter_access":"","_jetpack_dont_email_post_to_subs":false,"_jetpack_newsletter_tier_id":0,"_jetpack_memberships_contains_paywalled_content":false,"_jetpack_memberships_contains_paid_content":false,"footnotes":""},"categories":[10],"tags":[538,710,1189,1409,1687,1767,2035],"class_list":{"0":"post-1855","1":"post","2":"type-post","3":"status-publish","4":"format-standard","6":"category-noticias","7":"tag-corumba","8":"tag-emendas","9":"tag-lula","10":"tag-obras","11":"tag-recursos","12":"tag-ruiter-cunha","13":"tag-vander-loubet"},"yoast_head":"<!-- This site is optimized with the Yoast SEO plugin v27.4 - https:\/\/yoast.com\/product\/yoast-seo-wordpress\/ -->\n<title>Corumb\u00e1: Prefeitura e Governo Federal bancam 90% das obras<\/title>\n<meta name=\"robots\" content=\"index, follow, max-snippet:-1, max-image-preview:large, max-video-preview:-1\" \/>\n<link rel=\"canonical\" href=\"https:\/\/vanderloubet.com.br\/deputado\/corumba-mais-de-90-das-obras-sao-parceria-municipio-governo-federal\/\" \/>\n<meta property=\"og:locale\" content=\"pt_BR\" \/>\n<meta property=\"og:type\" content=\"article\" \/>\n<meta property=\"og:title\" content=\"Corumb\u00e1: Prefeitura e Governo Federal bancam 90% das obras\" \/>\n<meta property=\"og:description\" content=\"Vander destacou sua satisfa\u00e7\u00e3o por contribuir com essa gest\u00e3o vitoriosa por meio de a\u00e7\u00f5es e recursos para diversos benef\u00edcios.\" \/>\n<meta property=\"og:url\" content=\"https:\/\/vanderloubet.com.br\/deputado\/corumba-mais-de-90-das-obras-sao-parceria-municipio-governo-federal\/\" \/>\n<meta property=\"og:site_name\" content=\"Deputado Federal Vander Loubet\" \/>\n<meta property=\"article:publisher\" content=\"https:\/\/facebook.com\/deputadovander\" \/>\n<meta property=\"article:published_time\" content=\"2010-07-21T20:19:41+00:00\" \/>\n<meta property=\"og:image\" content=\"http:\/\/www.deputadovander.com.br\/website\/wp-content\/uploads\/2010\/07\/foto-2010-07-21-convencoes-corumba-300x166.jpg\" \/>\n<meta name=\"author\" content=\"\u00c9der\" \/>\n<meta name=\"twitter:card\" content=\"summary_large_image\" \/>\n<meta name=\"twitter:creator\" content=\"@vanderloubet\" \/>\n<meta name=\"twitter:site\" content=\"@vanderloubet\" \/>\n<script type=\"application\/ld+json\" class=\"yoast-schema-graph\">{\"@context\":\"https:\\\/\\\/schema.org\",\"@graph\":[{\"@type\":\"Article\",\"@id\":\"https:\\\/\\\/vanderloubet.com.br\\\/deputado\\\/corumba-mais-de-90-das-obras-sao-parceria-municipio-governo-federal\\\/#article\",\"isPartOf\":{\"@id\":\"https:\\\/\\\/vanderloubet.com.br\\\/deputado\\\/corumba-mais-de-90-das-obras-sao-parceria-municipio-governo-federal\\\/\"},\"author\":{\"name\":\"\u00c9der\",\"@id\":\"https:\\\/\\\/vanderloubet.com.br\\\/deputado\\\/#\\\/schema\\\/person\\\/15b51bd564532a8a68d9dec1b8eb890e\"},\"headline\":\"Corumb\u00e1: Prefeitura e Governo Federal bancam 90% das obras\",\"datePublished\":\"2010-07-21T20:19:41+00:00\",\"mainEntityOfPage\":{\"@id\":\"https:\\\/\\\/vanderloubet.com.br\\\/deputado\\\/corumba-mais-de-90-das-obras-sao-parceria-municipio-governo-federal\\\/\"},\"wordCount\":562,\"commentCount\":0,\"publisher\":{\"@id\":\"https:\\\/\\\/vanderloubet.com.br\\\/deputado\\\/#organization\"},\"image\":{\"@id\":\"https:\\\/\\\/vanderloubet.com.br\\\/deputado\\\/corumba-mais-de-90-das-obras-sao-parceria-municipio-governo-federal\\\/#primaryimage\"},\"thumbnailUrl\":\"http:\\\/\\\/www.deputadovander.com.br\\\/website\\\/wp-content\\\/uploads\\\/2010\\\/07\\\/foto-2010-07-21-convencoes-corumba-300x166.jpg\",\"keywords\":[\"corumb\u00e1\",\"emendas\",\"lula\",\"obras\",\"recursos\",\"ruiter cunha\",\"vander loubet\"],\"articleSection\":[\"Not\u00edcias\"],\"inLanguage\":\"pt-BR\",\"potentialAction\":[{\"@type\":\"CommentAction\",\"name\":\"Comment\",\"target\":[\"https:\\\/\\\/vanderloubet.com.br\\\/deputado\\\/corumba-mais-de-90-das-obras-sao-parceria-municipio-governo-federal\\\/#respond\"]}]},{\"@type\":\"WebPage\",\"@id\":\"https:\\\/\\\/vanderloubet.com.br\\\/deputado\\\/corumba-mais-de-90-das-obras-sao-parceria-municipio-governo-federal\\\/\",\"url\":\"https:\\\/\\\/vanderloubet.com.br\\\/deputado\\\/corumba-mais-de-90-das-obras-sao-parceria-municipio-governo-federal\\\/\",\"name\":\"Corumb\u00e1: Prefeitura e Governo Federal bancam 90% das obras\",\"isPartOf\":{\"@id\":\"https:\\\/\\\/vanderloubet.com.br\\\/deputado\\\/#website\"},\"primaryImageOfPage\":{\"@id\":\"https:\\\/\\\/vanderloubet.com.br\\\/deputado\\\/corumba-mais-de-90-das-obras-sao-parceria-municipio-governo-federal\\\/#primaryimage\"},\"image\":{\"@id\":\"https:\\\/\\\/vanderloubet.com.br\\\/deputado\\\/corumba-mais-de-90-das-obras-sao-parceria-municipio-governo-federal\\\/#primaryimage\"},\"thumbnailUrl\":\"http:\\\/\\\/www.deputadovander.com.br\\\/website\\\/wp-content\\\/uploads\\\/2010\\\/07\\\/foto-2010-07-21-convencoes-corumba-300x166.jpg\",\"datePublished\":\"2010-07-21T20:19:41+00:00\",\"breadcrumb\":{\"@id\":\"https:\\\/\\\/vanderloubet.com.br\\\/deputado\\\/corumba-mais-de-90-das-obras-sao-parceria-municipio-governo-federal\\\/#breadcrumb\"},\"inLanguage\":\"pt-BR\",\"potentialAction\":[{\"@type\":\"ReadAction\",\"target\":[\"https:\\\/\\\/vanderloubet.com.br\\\/deputado\\\/corumba-mais-de-90-das-obras-sao-parceria-municipio-governo-federal\\\/\"]}]},{\"@type\":\"ImageObject\",\"inLanguage\":\"pt-BR\",\"@id\":\"https:\\\/\\\/vanderloubet.com.br\\\/deputado\\\/corumba-mais-de-90-das-obras-sao-parceria-municipio-governo-federal\\\/#primaryimage\",\"url\":\"http:\\\/\\\/www.deputadovander.com.br\\\/website\\\/wp-content\\\/uploads\\\/2010\\\/07\\\/foto-2010-07-21-convencoes-corumba-300x166.jpg\",\"contentUrl\":\"http:\\\/\\\/www.deputadovander.com.br\\\/website\\\/wp-content\\\/uploads\\\/2010\\\/07\\\/foto-2010-07-21-convencoes-corumba-300x166.jpg\"},{\"@type\":\"BreadcrumbList\",\"@id\":\"https:\\\/\\\/vanderloubet.com.br\\\/deputado\\\/corumba-mais-de-90-das-obras-sao-parceria-municipio-governo-federal\\\/#breadcrumb\",\"itemListElement\":[{\"@type\":\"ListItem\",\"position\":1,\"name\":\"In\u00edcio\",\"item\":\"https:\\\/\\\/vanderloubet.com.br\\\/deputado\\\/\"},{\"@type\":\"ListItem\",\"position\":2,\"name\":\"Corumb\u00e1: Prefeitura e Governo Federal bancam 90% das obras\"}]},{\"@type\":\"WebSite\",\"@id\":\"https:\\\/\\\/vanderloubet.com.br\\\/deputado\\\/#website\",\"url\":\"https:\\\/\\\/vanderloubet.com.br\\\/deputado\\\/\",\"name\":\"Deputado Federal Vander Loubet\",\"description\":\"O Federal de MS\",\"publisher\":{\"@id\":\"https:\\\/\\\/vanderloubet.com.br\\\/deputado\\\/#organization\"},\"alternateName\":\"Deputado Vander\",\"potentialAction\":[{\"@type\":\"SearchAction\",\"target\":{\"@type\":\"EntryPoint\",\"urlTemplate\":\"https:\\\/\\\/vanderloubet.com.br\\\/deputado\\\/?s={search_term_string}\"},\"query-input\":{\"@type\":\"PropertyValueSpecification\",\"valueRequired\":true,\"valueName\":\"search_term_string\"}}],\"inLanguage\":\"pt-BR\"},{\"@type\":\"Organization\",\"@id\":\"https:\\\/\\\/vanderloubet.com.br\\\/deputado\\\/#organization\",\"name\":\"Deputado Federal Vander Loubet\",\"alternateName\":\"Deputado Vander\",\"url\":\"https:\\\/\\\/vanderloubet.com.br\\\/deputado\\\/\",\"logo\":{\"@type\":\"ImageObject\",\"inLanguage\":\"pt-BR\",\"@id\":\"https:\\\/\\\/vanderloubet.com.br\\\/deputado\\\/#\\\/schema\\\/logo\\\/image\\\/\",\"url\":\"https:\\\/\\\/vanderloubet.com.br\\\/deputado\\\/wp-content\\\/uploads\\\/2023\\\/06\\\/foto-2023-06-19-mandato-deputado-vander.jpg\",\"contentUrl\":\"https:\\\/\\\/vanderloubet.com.br\\\/deputado\\\/wp-content\\\/uploads\\\/2023\\\/06\\\/foto-2023-06-19-mandato-deputado-vander.jpg\",\"width\":1080,\"height\":1080,\"caption\":\"Deputado Federal Vander Loubet\"},\"image\":{\"@id\":\"https:\\\/\\\/vanderloubet.com.br\\\/deputado\\\/#\\\/schema\\\/logo\\\/image\\\/\"},\"sameAs\":[\"https:\\\/\\\/facebook.com\\\/deputadovander\",\"https:\\\/\\\/x.com\\\/vanderloubet\",\"https:\\\/\\\/instagram.com\\\/vanderloubet\",\"https:\\\/\\\/youtube.com\\\/vanderloubet\",\"https:\\\/\\\/tiktok.com\\\/@vanderloubetms\"]},{\"@type\":\"Person\",\"@id\":\"https:\\\/\\\/vanderloubet.com.br\\\/deputado\\\/#\\\/schema\\\/person\\\/15b51bd564532a8a68d9dec1b8eb890e\",\"name\":\"\u00c9der\",\"image\":{\"@type\":\"ImageObject\",\"inLanguage\":\"pt-BR\",\"@id\":\"https:\\\/\\\/vanderloubet.com.br\\\/deputado\\\/wp-content\\\/litespeed\\\/avatar\\\/88ca4090d9d5ab1c9495f6ca03b68efa.jpg?ver=1777058957\",\"url\":\"https:\\\/\\\/vanderloubet.com.br\\\/deputado\\\/wp-content\\\/litespeed\\\/avatar\\\/88ca4090d9d5ab1c9495f6ca03b68efa.jpg?ver=1777058957\",\"contentUrl\":\"https:\\\/\\\/vanderloubet.com.br\\\/deputado\\\/wp-content\\\/litespeed\\\/avatar\\\/88ca4090d9d5ab1c9495f6ca03b68efa.jpg?ver=1777058957\",\"caption\":\"\u00c9der\"}}]}<\/script>\n<!-- \/ Yoast SEO plugin. -->","yoast_head_json":{"title":"Corumb\u00e1: Prefeitura e Governo Federal bancam 90% das obras","robots":{"index":"index","follow":"follow","max-snippet":"max-snippet:-1","max-image-preview":"max-image-preview:large","max-video-preview":"max-video-preview:-1"},"canonical":"https:\/\/vanderloubet.com.br\/deputado\/corumba-mais-de-90-das-obras-sao-parceria-municipio-governo-federal\/","og_locale":"pt_BR","og_type":"article","og_title":"Corumb\u00e1: Prefeitura e Governo Federal bancam 90% das obras","og_description":"Vander destacou sua satisfa\u00e7\u00e3o por contribuir com essa gest\u00e3o vitoriosa por meio de a\u00e7\u00f5es e recursos para diversos benef\u00edcios.","og_url":"https:\/\/vanderloubet.com.br\/deputado\/corumba-mais-de-90-das-obras-sao-parceria-municipio-governo-federal\/","og_site_name":"Deputado Federal Vander Loubet","article_publisher":"https:\/\/facebook.com\/deputadovander","article_published_time":"2010-07-21T20:19:41+00:00","og_image":[{"url":"http:\/\/www.deputadovander.com.br\/website\/wp-content\/uploads\/2010\/07\/foto-2010-07-21-convencoes-corumba-300x166.jpg","type":"","width":"","height":""}],"author":"\u00c9der","twitter_card":"summary_large_image","twitter_creator":"@vanderloubet","twitter_site":"@vanderloubet","schema":{"@context":"https:\/\/schema.org","@graph":[{"@type":"Article","@id":"https:\/\/vanderloubet.com.br\/deputado\/corumba-mais-de-90-das-obras-sao-parceria-municipio-governo-federal\/#article","isPartOf":{"@id":"https:\/\/vanderloubet.com.br\/deputado\/corumba-mais-de-90-das-obras-sao-parceria-municipio-governo-federal\/"},"author":{"name":"\u00c9der","@id":"https:\/\/vanderloubet.com.br\/deputado\/#\/schema\/person\/15b51bd564532a8a68d9dec1b8eb890e"},"headline":"Corumb\u00e1: Prefeitura e Governo Federal bancam 90% das obras","datePublished":"2010-07-21T20:19:41+00:00","mainEntityOfPage":{"@id":"https:\/\/vanderloubet.com.br\/deputado\/corumba-mais-de-90-das-obras-sao-parceria-municipio-governo-federal\/"},"wordCount":562,"commentCount":0,"publisher":{"@id":"https:\/\/vanderloubet.com.br\/deputado\/#organization"},"image":{"@id":"https:\/\/vanderloubet.com.br\/deputado\/corumba-mais-de-90-das-obras-sao-parceria-municipio-governo-federal\/#primaryimage"},"thumbnailUrl":"http:\/\/www.deputadovander.com.br\/website\/wp-content\/uploads\/2010\/07\/foto-2010-07-21-convencoes-corumba-300x166.jpg","keywords":["corumb\u00e1","emendas","lula","obras","recursos","ruiter cunha","vander loubet"],"articleSection":["Not\u00edcias"],"inLanguage":"pt-BR","potentialAction":[{"@type":"CommentAction","name":"Comment","target":["https:\/\/vanderloubet.com.br\/deputado\/corumba-mais-de-90-das-obras-sao-parceria-municipio-governo-federal\/#respond"]}]},{"@type":"WebPage","@id":"https:\/\/vanderloubet.com.br\/deputado\/corumba-mais-de-90-das-obras-sao-parceria-municipio-governo-federal\/","url":"https:\/\/vanderloubet.com.br\/deputado\/corumba-mais-de-90-das-obras-sao-parceria-municipio-governo-federal\/","name":"Corumb\u00e1: Prefeitura e Governo Federal bancam 90% das obras","isPartOf":{"@id":"https:\/\/vanderloubet.com.br\/deputado\/#website"},"primaryImageOfPage":{"@id":"https:\/\/vanderloubet.com.br\/deputado\/corumba-mais-de-90-das-obras-sao-parceria-municipio-governo-federal\/#primaryimage"},"image":{"@id":"https:\/\/vanderloubet.com.br\/deputado\/corumba-mais-de-90-das-obras-sao-parceria-municipio-governo-federal\/#primaryimage"},"thumbnailUrl":"http:\/\/www.deputadovander.com.br\/website\/wp-content\/uploads\/2010\/07\/foto-2010-07-21-convencoes-corumba-300x166.jpg","datePublished":"2010-07-21T20:19:41+00:00","breadcrumb":{"@id":"https:\/\/vanderloubet.com.br\/deputado\/corumba-mais-de-90-das-obras-sao-parceria-municipio-governo-federal\/#breadcrumb"},"inLanguage":"pt-BR","potentialAction":[{"@type":"ReadAction","target":["https:\/\/vanderloubet.com.br\/deputado\/corumba-mais-de-90-das-obras-sao-parceria-municipio-governo-federal\/"]}]},{"@type":"ImageObject","inLanguage":"pt-BR","@id":"https:\/\/vanderloubet.com.br\/deputado\/corumba-mais-de-90-das-obras-sao-parceria-municipio-governo-federal\/#primaryimage","url":"http:\/\/www.deputadovander.com.br\/website\/wp-content\/uploads\/2010\/07\/foto-2010-07-21-convencoes-corumba-300x166.jpg","contentUrl":"http:\/\/www.deputadovander.com.br\/website\/wp-content\/uploads\/2010\/07\/foto-2010-07-21-convencoes-corumba-300x166.jpg"},{"@type":"BreadcrumbList","@id":"https:\/\/vanderloubet.com.br\/deputado\/corumba-mais-de-90-das-obras-sao-parceria-municipio-governo-federal\/#breadcrumb","itemListElement":[{"@type":"ListItem","position":1,"name":"In\u00edcio","item":"https:\/\/vanderloubet.com.br\/deputado\/"},{"@type":"ListItem","position":2,"name":"Corumb\u00e1: Prefeitura e Governo Federal bancam 90% das obras"}]},{"@type":"WebSite","@id":"https:\/\/vanderloubet.com.br\/deputado\/#website","url":"https:\/\/vanderloubet.com.br\/deputado\/","name":"Deputado Federal Vander Loubet","description":"O Federal de MS","publisher":{"@id":"https:\/\/vanderloubet.com.br\/deputado\/#organization"},"alternateName":"Deputado Vander","potentialAction":[{"@type":"SearchAction","target":{"@type":"EntryPoint","urlTemplate":"https:\/\/vanderloubet.com.br\/deputado\/?s={search_term_string}"},"query-input":{"@type":"PropertyValueSpecification","valueRequired":true,"valueName":"search_term_string"}}],"inLanguage":"pt-BR"},{"@type":"Organization","@id":"https:\/\/vanderloubet.com.br\/deputado\/#organization","name":"Deputado Federal Vander Loubet","alternateName":"Deputado Vander","url":"https:\/\/vanderloubet.com.br\/deputado\/","logo":{"@type":"ImageObject","inLanguage":"pt-BR","@id":"https:\/\/vanderloubet.com.br\/deputado\/#\/schema\/logo\/image\/","url":"https:\/\/vanderloubet.com.br\/deputado\/wp-content\/uploads\/2023\/06\/foto-2023-06-19-mandato-deputado-vander.jpg","contentUrl":"https:\/\/vanderloubet.com.br\/deputado\/wp-content\/uploads\/2023\/06\/foto-2023-06-19-mandato-deputado-vander.jpg","width":1080,"height":1080,"caption":"Deputado Federal Vander Loubet"},"image":{"@id":"https:\/\/vanderloubet.com.br\/deputado\/#\/schema\/logo\/image\/"},"sameAs":["https:\/\/facebook.com\/deputadovander","https:\/\/x.com\/vanderloubet","https:\/\/instagram.com\/vanderloubet","https:\/\/youtube.com\/vanderloubet","https:\/\/tiktok.com\/@vanderloubetms"]},{"@type":"Person","@id":"https:\/\/vanderloubet.com.br\/deputado\/#\/schema\/person\/15b51bd564532a8a68d9dec1b8eb890e","name":"\u00c9der","image":{"@type":"ImageObject","inLanguage":"pt-BR","@id":"https:\/\/vanderloubet.com.br\/deputado\/wp-content\/litespeed\/avatar\/88ca4090d9d5ab1c9495f6ca03b68efa.jpg?ver=1777058957","url":"https:\/\/vanderloubet.com.br\/deputado\/wp-content\/litespeed\/avatar\/88ca4090d9d5ab1c9495f6ca03b68efa.jpg?ver=1777058957","contentUrl":"https:\/\/vanderloubet.com.br\/deputado\/wp-content\/litespeed\/avatar\/88ca4090d9d5ab1c9495f6ca03b68efa.jpg?ver=1777058957","caption":"\u00c9der"}}]}},"jetpack_featured_media_url":"","jetpack_sharing_enabled":true,"_links":{"self":[{"href":"https:\/\/vanderloubet.com.br\/deputado\/wp-json\/wp\/v2\/posts\/1855","targetHints":{"allow":["GET"]}}],"collection":[{"href":"https:\/\/vanderloubet.com.br\/deputado\/wp-json\/wp\/v2\/posts"}],"about":[{"href":"https:\/\/vanderloubet.com.br\/deputado\/wp-json\/wp\/v2\/types\/post"}],"author":[{"embeddable":true,"href":"https:\/\/vanderloubet.com.br\/deputado\/wp-json\/wp\/v2\/users\/2"}],"replies":[{"embeddable":true,"href":"https:\/\/vanderloubet.com.br\/deputado\/wp-json\/wp\/v2\/comments?post=1855"}],"version-history":[{"count":0,"href":"https:\/\/vanderloubet.com.br\/deputado\/wp-json\/wp\/v2\/posts\/1855\/revisions"}],"wp:attachment":[{"href":"https:\/\/vanderloubet.com.br\/deputado\/wp-json\/wp\/v2\/media?parent=1855"}],"wp:term":[{"taxonomy":"category","embeddable":true,"href":"https:\/\/vanderloubet.com.br\/deputado\/wp-json\/wp\/v2\/categories?post=1855"},{"taxonomy":"post_tag","embeddable":true,"href":"https:\/\/vanderloubet.com.br\/deputado\/wp-json\/wp\/v2\/tags?post=1855"}],"curies":[{"name":"wp","href":"https:\/\/api.w.org\/{rel}","templated":true}]}}