{"id":17787,"date":"2022-07-18T08:00:35","date_gmt":"2022-07-18T12:00:35","guid":{"rendered":"https:\/\/vanderloubet.com.br\/deputado\/?p=17787"},"modified":"2022-07-20T20:57:26","modified_gmt":"2022-07-21T00:57:26","slug":"com-voto-de-vander-pec-do-piso-da-enfermagem-e-aprovada","status":"publish","type":"post","link":"https:\/\/vanderloubet.com.br\/deputado\/com-voto-de-vander-pec-do-piso-da-enfermagem-e-aprovada\/","title":{"rendered":"Com voto de Vander, PEC do Piso da Enfermagem \u00e9 aprovada"},"content":{"rendered":"<p>Foi aprovada na \u00faltima quarta-feira (13), a Proposta de Emenda \u00e0 Constitui\u00e7\u00e3o (PEC) do Piso da Enfermagem (PEC 11\/2022), que determina a constitucionaliza\u00e7\u00e3o de pisos salariais para enfermeiros, t\u00e9cnicos de enfermagem, auxiliares e parteiras. O segundo turno de vota\u00e7\u00e3o, realizado na quarta-feira, contou com 473 votos a favor, nove contras e uma absten\u00e7\u00e3o. <\/p>\n<p>O deputado federal Vander Loubet (PT-MS) votou a favor da proposta nos dois turnos. Para o parlamentar, essa \u00e9 mais uma vit\u00f3ria para os profissionais da sa\u00fade, que sempre se mostraram grandes her\u00f3is e tiveram um papel muito importante durante a pandemia da Covid-19. <\/p>\n<p>\u201cDurante todos os meus mandatos, nunca votei em projetos que tirassem os direitos dos trabalhadores. Pelo contr\u00e1rio, sempre votei a favor dos brasileiros. Todos n\u00f3s sabemos que os enfermeiros e t\u00e9cnicos n\u00e3o realizam os seus servi\u00e7os apenas pelo sal\u00e1rio, mas essa valoriza\u00e7\u00e3o \u00e9 necess\u00e1ria, sem falar que, diante da crise econ\u00f4mica, o dinheiro vai ajudar esses profissionais e suas fam\u00edlias\u201d, afirmou Vander. <\/p>\n<p>O projeto determina que o piso m\u00ednimo para enfermeiros ser\u00e1 de R$ 4.750; para os t\u00e9cnicos ser\u00e1 de R$ 3.325; os auxiliares de enfermagem ganhar\u00e3o R$ 2.375 e as parteiras ir\u00e3o receber R$ 2.375. Esses valores dever\u00e3o ser pagos nacionalmente por servi\u00e7os de sa\u00fade p\u00fablicos e privados. <\/p>\n<p>As mesas diretoras da C\u00e2mara dos Deputados e do Senado Federal promulgaram o projeto na quinta-feira (14). <\/p>\n<p>O piso para os enfermeiros come\u00e7ou a ser discutido durante a pandemia da Covid-19 em 2020, com a cria\u00e7\u00e3o do Projeto de Lei (PL) 2564\/20, de autoria do senador Fabiano Contarato (PT-ES). Em todas as vota\u00e7\u00f5es sobre o piso, o deputado Vander Loubet votou a favor dos profissionais da sa\u00fade. <\/p>\n<p><em>(Alex Nantes &#8211; Ascom\/Dep. Vander Loubet)<\/em><\/p>\n","protected":false},"excerpt":{"rendered":"<p>Al\u00e9m da PEC 11\/22, o deputado pantaneiro votou a favor dos profissionais da sa\u00fade no PL 2564\/20.<\/p>\n","protected":false},"author":2,"featured_media":11668,"comment_status":"closed","ping_status":"closed","sticky":false,"template":"","format":"standard","meta":{"jetpack_post_was_ever_published":false,"_jetpack_newsletter_access":"","_jetpack_dont_email_post_to_subs":false,"_jetpack_newsletter_tier_id":0,"_jetpack_memberships_contains_paywalled_content":false,"_jetpack_memberships_contains_paid_content":false,"footnotes":""},"categories":[2098,10],"tags":[2452,2300,1803],"class_list":{"0":"post-17787","1":"post","2":"type-post","3":"status-publish","4":"format-standard","5":"has-post-thumbnail","7":"category-brasil-noticias","8":"category-noticias","9":"tag-enfermagem","10":"tag-proposta-de-emenda-a-constituicao","11":"tag-saude"},"yoast_head":"<!-- This site is optimized with the Yoast SEO plugin v27.4 - https:\/\/yoast.com\/product\/yoast-seo-wordpress\/ -->\n<title>Com voto de Vander, PEC do Piso da Enfermagem \u00e9 aprovada<\/title>\n<meta name=\"robots\" content=\"index, follow, max-snippet:-1, max-image-preview:large, max-video-preview:-1\" \/>\n<link rel=\"canonical\" href=\"https:\/\/vanderloubet.com.br\/deputado\/com-voto-de-vander-pec-do-piso-da-enfermagem-e-aprovada\/\" \/>\n<meta property=\"og:locale\" content=\"pt_BR\" \/>\n<meta property=\"og:type\" content=\"article\" \/>\n<meta property=\"og:title\" content=\"Com voto de Vander, PEC do Piso da Enfermagem \u00e9 aprovada\" \/>\n<meta property=\"og:description\" content=\"Al\u00e9m da PEC 11\/22, o deputado pantaneiro votou a favor dos profissionais da sa\u00fade no PL 2564\/20.\" \/>\n<meta property=\"og:url\" content=\"https:\/\/vanderloubet.com.br\/deputado\/com-voto-de-vander-pec-do-piso-da-enfermagem-e-aprovada\/\" \/>\n<meta property=\"og:site_name\" content=\"Deputado Federal Vander Loubet\" \/>\n<meta property=\"article:publisher\" content=\"https:\/\/facebook.com\/deputadovander\" \/>\n<meta property=\"article:published_time\" content=\"2022-07-18T12:00:35+00:00\" \/>\n<meta property=\"article:modified_time\" content=\"2022-07-21T00:57:26+00:00\" \/>\n<meta property=\"og:image\" content=\"https:\/\/vanderloubet.com.br\/deputado\/wp-content\/uploads\/2016\/08\/foto-2016-08-23-deputado-vander-loubet.jpg\" \/>\n\t<meta property=\"og:image:width\" content=\"960\" \/>\n\t<meta property=\"og:image:height\" content=\"640\" \/>\n\t<meta property=\"og:image:type\" content=\"image\/jpeg\" \/>\n<meta name=\"author\" content=\"\u00c9der\" \/>\n<meta name=\"twitter:card\" content=\"summary_large_image\" \/>\n<meta name=\"twitter:creator\" content=\"@vanderloubet\" \/>\n<meta name=\"twitter:site\" content=\"@vanderloubet\" \/>\n<script type=\"application\/ld+json\" class=\"yoast-schema-graph\">{\"@context\":\"https:\\\/\\\/schema.org\",\"@graph\":[{\"@type\":\"Article\",\"@id\":\"https:\\\/\\\/vanderloubet.com.br\\\/deputado\\\/com-voto-de-vander-pec-do-piso-da-enfermagem-e-aprovada\\\/#article\",\"isPartOf\":{\"@id\":\"https:\\\/\\\/vanderloubet.com.br\\\/deputado\\\/com-voto-de-vander-pec-do-piso-da-enfermagem-e-aprovada\\\/\"},\"author\":{\"name\":\"\u00c9der\",\"@id\":\"https:\\\/\\\/vanderloubet.com.br\\\/deputado\\\/#\\\/schema\\\/person\\\/15b51bd564532a8a68d9dec1b8eb890e\"},\"headline\":\"Com voto de Vander, PEC do Piso da Enfermagem \u00e9 aprovada\",\"datePublished\":\"2022-07-18T12:00:35+00:00\",\"dateModified\":\"2022-07-21T00:57:26+00:00\",\"mainEntityOfPage\":{\"@id\":\"https:\\\/\\\/vanderloubet.com.br\\\/deputado\\\/com-voto-de-vander-pec-do-piso-da-enfermagem-e-aprovada\\\/\"},\"wordCount\":308,\"publisher\":{\"@id\":\"https:\\\/\\\/vanderloubet.com.br\\\/deputado\\\/#organization\"},\"image\":{\"@id\":\"https:\\\/\\\/vanderloubet.com.br\\\/deputado\\\/com-voto-de-vander-pec-do-piso-da-enfermagem-e-aprovada\\\/#primaryimage\"},\"thumbnailUrl\":\"https:\\\/\\\/vanderloubet.com.br\\\/deputado\\\/wp-content\\\/uploads\\\/2016\\\/08\\\/foto-2016-08-23-deputado-vander-loubet.jpg\",\"keywords\":[\"enfermagem\",\"proposta de emenda \u00e0 constitui\u00e7\u00e3o\",\"sa\u00fade\"],\"articleSection\":[\"Brasil\",\"Not\u00edcias\"],\"inLanguage\":\"pt-BR\"},{\"@type\":\"WebPage\",\"@id\":\"https:\\\/\\\/vanderloubet.com.br\\\/deputado\\\/com-voto-de-vander-pec-do-piso-da-enfermagem-e-aprovada\\\/\",\"url\":\"https:\\\/\\\/vanderloubet.com.br\\\/deputado\\\/com-voto-de-vander-pec-do-piso-da-enfermagem-e-aprovada\\\/\",\"name\":\"Com voto de Vander, PEC do Piso da Enfermagem \u00e9 aprovada\",\"isPartOf\":{\"@id\":\"https:\\\/\\\/vanderloubet.com.br\\\/deputado\\\/#website\"},\"primaryImageOfPage\":{\"@id\":\"https:\\\/\\\/vanderloubet.com.br\\\/deputado\\\/com-voto-de-vander-pec-do-piso-da-enfermagem-e-aprovada\\\/#primaryimage\"},\"image\":{\"@id\":\"https:\\\/\\\/vanderloubet.com.br\\\/deputado\\\/com-voto-de-vander-pec-do-piso-da-enfermagem-e-aprovada\\\/#primaryimage\"},\"thumbnailUrl\":\"https:\\\/\\\/vanderloubet.com.br\\\/deputado\\\/wp-content\\\/uploads\\\/2016\\\/08\\\/foto-2016-08-23-deputado-vander-loubet.jpg\",\"datePublished\":\"2022-07-18T12:00:35+00:00\",\"dateModified\":\"2022-07-21T00:57:26+00:00\",\"breadcrumb\":{\"@id\":\"https:\\\/\\\/vanderloubet.com.br\\\/deputado\\\/com-voto-de-vander-pec-do-piso-da-enfermagem-e-aprovada\\\/#breadcrumb\"},\"inLanguage\":\"pt-BR\",\"potentialAction\":[{\"@type\":\"ReadAction\",\"target\":[\"https:\\\/\\\/vanderloubet.com.br\\\/deputado\\\/com-voto-de-vander-pec-do-piso-da-enfermagem-e-aprovada\\\/\"]}]},{\"@type\":\"ImageObject\",\"inLanguage\":\"pt-BR\",\"@id\":\"https:\\\/\\\/vanderloubet.com.br\\\/deputado\\\/com-voto-de-vander-pec-do-piso-da-enfermagem-e-aprovada\\\/#primaryimage\",\"url\":\"https:\\\/\\\/vanderloubet.com.br\\\/deputado\\\/wp-content\\\/uploads\\\/2016\\\/08\\\/foto-2016-08-23-deputado-vander-loubet.jpg\",\"contentUrl\":\"https:\\\/\\\/vanderloubet.com.br\\\/deputado\\\/wp-content\\\/uploads\\\/2016\\\/08\\\/foto-2016-08-23-deputado-vander-loubet.jpg\",\"width\":960,\"height\":640,\"caption\":\"Deputado Vander Loubet no Plen\u00e1rio da C\u00e2mara\"},{\"@type\":\"BreadcrumbList\",\"@id\":\"https:\\\/\\\/vanderloubet.com.br\\\/deputado\\\/com-voto-de-vander-pec-do-piso-da-enfermagem-e-aprovada\\\/#breadcrumb\",\"itemListElement\":[{\"@type\":\"ListItem\",\"position\":1,\"name\":\"In\u00edcio\",\"item\":\"https:\\\/\\\/vanderloubet.com.br\\\/deputado\\\/\"},{\"@type\":\"ListItem\",\"position\":2,\"name\":\"Com voto de Vander, PEC do Piso da Enfermagem \u00e9 aprovada\"}]},{\"@type\":\"WebSite\",\"@id\":\"https:\\\/\\\/vanderloubet.com.br\\\/deputado\\\/#website\",\"url\":\"https:\\\/\\\/vanderloubet.com.br\\\/deputado\\\/\",\"name\":\"Deputado Federal Vander Loubet\",\"description\":\"O Federal de MS\",\"publisher\":{\"@id\":\"https:\\\/\\\/vanderloubet.com.br\\\/deputado\\\/#organization\"},\"alternateName\":\"Deputado Vander\",\"potentialAction\":[{\"@type\":\"SearchAction\",\"target\":{\"@type\":\"EntryPoint\",\"urlTemplate\":\"https:\\\/\\\/vanderloubet.com.br\\\/deputado\\\/?s={search_term_string}\"},\"query-input\":{\"@type\":\"PropertyValueSpecification\",\"valueRequired\":true,\"valueName\":\"search_term_string\"}}],\"inLanguage\":\"pt-BR\"},{\"@type\":\"Organization\",\"@id\":\"https:\\\/\\\/vanderloubet.com.br\\\/deputado\\\/#organization\",\"name\":\"Deputado Federal Vander Loubet\",\"alternateName\":\"Deputado Vander\",\"url\":\"https:\\\/\\\/vanderloubet.com.br\\\/deputado\\\/\",\"logo\":{\"@type\":\"ImageObject\",\"inLanguage\":\"pt-BR\",\"@id\":\"https:\\\/\\\/vanderloubet.com.br\\\/deputado\\\/#\\\/schema\\\/logo\\\/image\\\/\",\"url\":\"https:\\\/\\\/vanderloubet.com.br\\\/deputado\\\/wp-content\\\/uploads\\\/2023\\\/06\\\/foto-2023-06-19-mandato-deputado-vander.jpg\",\"contentUrl\":\"https:\\\/\\\/vanderloubet.com.br\\\/deputado\\\/wp-content\\\/uploads\\\/2023\\\/06\\\/foto-2023-06-19-mandato-deputado-vander.jpg\",\"width\":1080,\"height\":1080,\"caption\":\"Deputado Federal Vander Loubet\"},\"image\":{\"@id\":\"https:\\\/\\\/vanderloubet.com.br\\\/deputado\\\/#\\\/schema\\\/logo\\\/image\\\/\"},\"sameAs\":[\"https:\\\/\\\/facebook.com\\\/deputadovander\",\"https:\\\/\\\/x.com\\\/vanderloubet\",\"https:\\\/\\\/instagram.com\\\/vanderloubet\",\"https:\\\/\\\/youtube.com\\\/vanderloubet\",\"https:\\\/\\\/tiktok.com\\\/@vanderloubetms\"]},{\"@type\":\"Person\",\"@id\":\"https:\\\/\\\/vanderloubet.com.br\\\/deputado\\\/#\\\/schema\\\/person\\\/15b51bd564532a8a68d9dec1b8eb890e\",\"name\":\"\u00c9der\",\"image\":{\"@type\":\"ImageObject\",\"inLanguage\":\"pt-BR\",\"@id\":\"https:\\\/\\\/vanderloubet.com.br\\\/deputado\\\/wp-content\\\/litespeed\\\/avatar\\\/88ca4090d9d5ab1c9495f6ca03b68efa.jpg?ver=1777058957\",\"url\":\"https:\\\/\\\/vanderloubet.com.br\\\/deputado\\\/wp-content\\\/litespeed\\\/avatar\\\/88ca4090d9d5ab1c9495f6ca03b68efa.jpg?ver=1777058957\",\"contentUrl\":\"https:\\\/\\\/vanderloubet.com.br\\\/deputado\\\/wp-content\\\/litespeed\\\/avatar\\\/88ca4090d9d5ab1c9495f6ca03b68efa.jpg?ver=1777058957\",\"caption\":\"\u00c9der\"}}]}<\/script>\n<!-- \/ Yoast SEO plugin. -->","yoast_head_json":{"title":"Com voto de Vander, PEC do Piso da Enfermagem \u00e9 aprovada","robots":{"index":"index","follow":"follow","max-snippet":"max-snippet:-1","max-image-preview":"max-image-preview:large","max-video-preview":"max-video-preview:-1"},"canonical":"https:\/\/vanderloubet.com.br\/deputado\/com-voto-de-vander-pec-do-piso-da-enfermagem-e-aprovada\/","og_locale":"pt_BR","og_type":"article","og_title":"Com voto de Vander, PEC do Piso da Enfermagem \u00e9 aprovada","og_description":"Al\u00e9m da PEC 11\/22, o deputado pantaneiro votou a favor dos profissionais da sa\u00fade no PL 2564\/20.","og_url":"https:\/\/vanderloubet.com.br\/deputado\/com-voto-de-vander-pec-do-piso-da-enfermagem-e-aprovada\/","og_site_name":"Deputado Federal Vander Loubet","article_publisher":"https:\/\/facebook.com\/deputadovander","article_published_time":"2022-07-18T12:00:35+00:00","article_modified_time":"2022-07-21T00:57:26+00:00","og_image":[{"width":960,"height":640,"url":"https:\/\/vanderloubet.com.br\/deputado\/wp-content\/uploads\/2016\/08\/foto-2016-08-23-deputado-vander-loubet.jpg","type":"image\/jpeg"}],"author":"\u00c9der","twitter_card":"summary_large_image","twitter_creator":"@vanderloubet","twitter_site":"@vanderloubet","schema":{"@context":"https:\/\/schema.org","@graph":[{"@type":"Article","@id":"https:\/\/vanderloubet.com.br\/deputado\/com-voto-de-vander-pec-do-piso-da-enfermagem-e-aprovada\/#article","isPartOf":{"@id":"https:\/\/vanderloubet.com.br\/deputado\/com-voto-de-vander-pec-do-piso-da-enfermagem-e-aprovada\/"},"author":{"name":"\u00c9der","@id":"https:\/\/vanderloubet.com.br\/deputado\/#\/schema\/person\/15b51bd564532a8a68d9dec1b8eb890e"},"headline":"Com voto de Vander, PEC do Piso da Enfermagem \u00e9 aprovada","datePublished":"2022-07-18T12:00:35+00:00","dateModified":"2022-07-21T00:57:26+00:00","mainEntityOfPage":{"@id":"https:\/\/vanderloubet.com.br\/deputado\/com-voto-de-vander-pec-do-piso-da-enfermagem-e-aprovada\/"},"wordCount":308,"publisher":{"@id":"https:\/\/vanderloubet.com.br\/deputado\/#organization"},"image":{"@id":"https:\/\/vanderloubet.com.br\/deputado\/com-voto-de-vander-pec-do-piso-da-enfermagem-e-aprovada\/#primaryimage"},"thumbnailUrl":"https:\/\/vanderloubet.com.br\/deputado\/wp-content\/uploads\/2016\/08\/foto-2016-08-23-deputado-vander-loubet.jpg","keywords":["enfermagem","proposta de emenda \u00e0 constitui\u00e7\u00e3o","sa\u00fade"],"articleSection":["Brasil","Not\u00edcias"],"inLanguage":"pt-BR"},{"@type":"WebPage","@id":"https:\/\/vanderloubet.com.br\/deputado\/com-voto-de-vander-pec-do-piso-da-enfermagem-e-aprovada\/","url":"https:\/\/vanderloubet.com.br\/deputado\/com-voto-de-vander-pec-do-piso-da-enfermagem-e-aprovada\/","name":"Com voto de Vander, PEC do Piso da Enfermagem \u00e9 aprovada","isPartOf":{"@id":"https:\/\/vanderloubet.com.br\/deputado\/#website"},"primaryImageOfPage":{"@id":"https:\/\/vanderloubet.com.br\/deputado\/com-voto-de-vander-pec-do-piso-da-enfermagem-e-aprovada\/#primaryimage"},"image":{"@id":"https:\/\/vanderloubet.com.br\/deputado\/com-voto-de-vander-pec-do-piso-da-enfermagem-e-aprovada\/#primaryimage"},"thumbnailUrl":"https:\/\/vanderloubet.com.br\/deputado\/wp-content\/uploads\/2016\/08\/foto-2016-08-23-deputado-vander-loubet.jpg","datePublished":"2022-07-18T12:00:35+00:00","dateModified":"2022-07-21T00:57:26+00:00","breadcrumb":{"@id":"https:\/\/vanderloubet.com.br\/deputado\/com-voto-de-vander-pec-do-piso-da-enfermagem-e-aprovada\/#breadcrumb"},"inLanguage":"pt-BR","potentialAction":[{"@type":"ReadAction","target":["https:\/\/vanderloubet.com.br\/deputado\/com-voto-de-vander-pec-do-piso-da-enfermagem-e-aprovada\/"]}]},{"@type":"ImageObject","inLanguage":"pt-BR","@id":"https:\/\/vanderloubet.com.br\/deputado\/com-voto-de-vander-pec-do-piso-da-enfermagem-e-aprovada\/#primaryimage","url":"https:\/\/vanderloubet.com.br\/deputado\/wp-content\/uploads\/2016\/08\/foto-2016-08-23-deputado-vander-loubet.jpg","contentUrl":"https:\/\/vanderloubet.com.br\/deputado\/wp-content\/uploads\/2016\/08\/foto-2016-08-23-deputado-vander-loubet.jpg","width":960,"height":640,"caption":"Deputado Vander Loubet no Plen\u00e1rio da C\u00e2mara"},{"@type":"BreadcrumbList","@id":"https:\/\/vanderloubet.com.br\/deputado\/com-voto-de-vander-pec-do-piso-da-enfermagem-e-aprovada\/#breadcrumb","itemListElement":[{"@type":"ListItem","position":1,"name":"In\u00edcio","item":"https:\/\/vanderloubet.com.br\/deputado\/"},{"@type":"ListItem","position":2,"name":"Com voto de Vander, PEC do Piso da Enfermagem \u00e9 aprovada"}]},{"@type":"WebSite","@id":"https:\/\/vanderloubet.com.br\/deputado\/#website","url":"https:\/\/vanderloubet.com.br\/deputado\/","name":"Deputado Federal Vander Loubet","description":"O Federal de MS","publisher":{"@id":"https:\/\/vanderloubet.com.br\/deputado\/#organization"},"alternateName":"Deputado Vander","potentialAction":[{"@type":"SearchAction","target":{"@type":"EntryPoint","urlTemplate":"https:\/\/vanderloubet.com.br\/deputado\/?s={search_term_string}"},"query-input":{"@type":"PropertyValueSpecification","valueRequired":true,"valueName":"search_term_string"}}],"inLanguage":"pt-BR"},{"@type":"Organization","@id":"https:\/\/vanderloubet.com.br\/deputado\/#organization","name":"Deputado Federal Vander Loubet","alternateName":"Deputado Vander","url":"https:\/\/vanderloubet.com.br\/deputado\/","logo":{"@type":"ImageObject","inLanguage":"pt-BR","@id":"https:\/\/vanderloubet.com.br\/deputado\/#\/schema\/logo\/image\/","url":"https:\/\/vanderloubet.com.br\/deputado\/wp-content\/uploads\/2023\/06\/foto-2023-06-19-mandato-deputado-vander.jpg","contentUrl":"https:\/\/vanderloubet.com.br\/deputado\/wp-content\/uploads\/2023\/06\/foto-2023-06-19-mandato-deputado-vander.jpg","width":1080,"height":1080,"caption":"Deputado Federal Vander Loubet"},"image":{"@id":"https:\/\/vanderloubet.com.br\/deputado\/#\/schema\/logo\/image\/"},"sameAs":["https:\/\/facebook.com\/deputadovander","https:\/\/x.com\/vanderloubet","https:\/\/instagram.com\/vanderloubet","https:\/\/youtube.com\/vanderloubet","https:\/\/tiktok.com\/@vanderloubetms"]},{"@type":"Person","@id":"https:\/\/vanderloubet.com.br\/deputado\/#\/schema\/person\/15b51bd564532a8a68d9dec1b8eb890e","name":"\u00c9der","image":{"@type":"ImageObject","inLanguage":"pt-BR","@id":"https:\/\/vanderloubet.com.br\/deputado\/wp-content\/litespeed\/avatar\/88ca4090d9d5ab1c9495f6ca03b68efa.jpg?ver=1777058957","url":"https:\/\/vanderloubet.com.br\/deputado\/wp-content\/litespeed\/avatar\/88ca4090d9d5ab1c9495f6ca03b68efa.jpg?ver=1777058957","contentUrl":"https:\/\/vanderloubet.com.br\/deputado\/wp-content\/litespeed\/avatar\/88ca4090d9d5ab1c9495f6ca03b68efa.jpg?ver=1777058957","caption":"\u00c9der"}}]}},"jetpack_featured_media_url":"https:\/\/vanderloubet.com.br\/deputado\/wp-content\/uploads\/2016\/08\/foto-2016-08-23-deputado-vander-loubet.jpg","jetpack_sharing_enabled":true,"_links":{"self":[{"href":"https:\/\/vanderloubet.com.br\/deputado\/wp-json\/wp\/v2\/posts\/17787","targetHints":{"allow":["GET"]}}],"collection":[{"href":"https:\/\/vanderloubet.com.br\/deputado\/wp-json\/wp\/v2\/posts"}],"about":[{"href":"https:\/\/vanderloubet.com.br\/deputado\/wp-json\/wp\/v2\/types\/post"}],"author":[{"embeddable":true,"href":"https:\/\/vanderloubet.com.br\/deputado\/wp-json\/wp\/v2\/users\/2"}],"replies":[{"embeddable":true,"href":"https:\/\/vanderloubet.com.br\/deputado\/wp-json\/wp\/v2\/comments?post=17787"}],"version-history":[{"count":0,"href":"https:\/\/vanderloubet.com.br\/deputado\/wp-json\/wp\/v2\/posts\/17787\/revisions"}],"wp:featuredmedia":[{"embeddable":true,"href":"https:\/\/vanderloubet.com.br\/deputado\/wp-json\/wp\/v2\/media\/11668"}],"wp:attachment":[{"href":"https:\/\/vanderloubet.com.br\/deputado\/wp-json\/wp\/v2\/media?parent=17787"}],"wp:term":[{"taxonomy":"category","embeddable":true,"href":"https:\/\/vanderloubet.com.br\/deputado\/wp-json\/wp\/v2\/categories?post=17787"},{"taxonomy":"post_tag","embeddable":true,"href":"https:\/\/vanderloubet.com.br\/deputado\/wp-json\/wp\/v2\/tags?post=17787"}],"curies":[{"name":"wp","href":"https:\/\/api.w.org\/{rel}","templated":true}]}}