{"id":17725,"date":"2022-07-04T21:58:50","date_gmt":"2022-07-05T01:58:50","guid":{"rendered":"https:\/\/vanderloubet.com.br\/deputado\/?p=17725"},"modified":"2022-10-17T16:25:20","modified_gmt":"2022-10-17T20:25:20","slug":"vander-loubet-e-o-mais-citado-em-pesquisa-para-deputado-federal","status":"publish","type":"post","link":"https:\/\/vanderloubet.com.br\/deputado\/vander-loubet-e-o-mais-citado-em-pesquisa-para-deputado-federal\/","title":{"rendered":"Vander Loubet \u00e9 o mais citado em pesquisa para deputado federal"},"content":{"rendered":"<p>Dos 11 congressistas de Mato Grosso do Sul (oito com cadeiras na C\u00e2mara e tr\u00eas no Senado), o deputado federal Vander Loubet (PT-MS) \u00e9 o que mais se destaca no pagamento de emendas parlamentares e libera\u00e7\u00e3o de recursos federais para o Estado e os munic\u00edpios.<\/p>\n<p>De acordo com o Siga Brasil, Portal do Senado que acompanha a execu\u00e7\u00e3o do or\u00e7amento federal, o melhor desempenho nesse processo cabe ao petista, que j\u00e1 era, tamb\u00e9m em anos anteriores, o mais bem-sucedidos nessa tarefa.<\/p>\n<p>Agora, al\u00e9m de liderar o levantamento t\u00e9cnico sobre a capta\u00e7\u00e3o de recursos, Vander \u00e9 o primeiro colocado em uma <a href=\"http:\/\/vanderloubet.com.br\/deputado\/wp-content\/uploads\/2022\/07\/arquivo-2022-07-03-pesquisa-ranking.pdf\" target=\"_blank\" rel=\"noopener\">pesquisa de inten\u00e7\u00e3o de voto para deputado federal divulgada pelo Instituto Ranking no \u00faltimo domingo, 3 de julho<\/a>.<\/p>\n<p>Vander Loubet foi eleito deputado federal pela primeira vez em 2002 e sempre esteve entre os mais votados. Al\u00e9m de projetos e recursos que viabilizou para Mato Grosso do Sul &#8211; com significativos aportes financeiros que garantiram investimentos em infraestrutura urbana e rural, sa\u00fade, saneamento b\u00e1sico, educa\u00e7\u00e3o, seguran\u00e7a p\u00fablica e agricultura familiar &#8211; o parlamentar tem sido uma pe\u00e7a fundamental na engrenagem e na din\u00e2mica que embala o desenvolvimento de Campo Grande e de todo o Mato Grosso do Sul, o que pode ajudar a explicar sua primeira coloca\u00e7\u00e3o na pesquisa Ranking.<\/p>\n<p><a href=\"http:\/\/vanderloubet.com.br\/deputado\/wp-content\/uploads\/2022\/07\/foto-2022-07-03-pesquisa-ranking-deputado-federal.jpg\"><img decoding=\"async\" src=\"http:\/\/vanderloubet.com.br\/deputado\/wp-content\/uploads\/2022\/07\/foto-2022-07-03-pesquisa-ranking-deputado-federal-700x495.jpg\" alt=\"Vander Loubet \u00e9 o mais citado em pesquisa para deputado federal\" width=\"696\" height=\"492\" class=\"aligncenter size-large wp-image-17726\" srcset=\"https:\/\/vanderloubet.com.br\/deputado\/wp-content\/uploads\/2022\/07\/foto-2022-07-03-pesquisa-ranking-deputado-federal-700x495.jpg 700w, https:\/\/vanderloubet.com.br\/deputado\/wp-content\/uploads\/2022\/07\/foto-2022-07-03-pesquisa-ranking-deputado-federal-350x248.jpg 350w, https:\/\/vanderloubet.com.br\/deputado\/wp-content\/uploads\/2022\/07\/foto-2022-07-03-pesquisa-ranking-deputado-federal-768x543.jpg 768w, https:\/\/vanderloubet.com.br\/deputado\/wp-content\/uploads\/2022\/07\/foto-2022-07-03-pesquisa-ranking-deputado-federal-1536x1087.jpg 1536w, https:\/\/vanderloubet.com.br\/deputado\/wp-content\/uploads\/2022\/07\/foto-2022-07-03-pesquisa-ranking-deputado-federal-594x420.jpg 594w, https:\/\/vanderloubet.com.br\/deputado\/wp-content\/uploads\/2022\/07\/foto-2022-07-03-pesquisa-ranking-deputado-federal-696x492.jpg 696w, https:\/\/vanderloubet.com.br\/deputado\/wp-content\/uploads\/2022\/07\/foto-2022-07-03-pesquisa-ranking-deputado-federal-1068x755.jpg 1068w, https:\/\/vanderloubet.com.br\/deputado\/wp-content\/uploads\/2022\/07\/foto-2022-07-03-pesquisa-ranking-deputado-federal-100x70.jpg 100w, https:\/\/vanderloubet.com.br\/deputado\/wp-content\/uploads\/2022\/07\/foto-2022-07-03-pesquisa-ranking-deputado-federal.jpg 1924w\" sizes=\"(max-width: 696px) 100vw, 696px\" \/><\/a><\/p>\n<p>Outra condi\u00e7\u00e3o que pode explicar o desempenho do parlamentar petista na pesquisa \u00e9 sua forte rela\u00e7\u00e3o de amizade com Lula. Com a performance do ex-presidente em todas as amostragens, figurando sempre como l\u00edder absoluto das inten\u00e7\u00f5es de voto, \u00e9 natural que grande parcela dos eleitores sul-mato-grossenses fa\u00e7a a associa\u00e7\u00e3o afetiva e pol\u00edtica entre Vander e Lula, projetando os dois amigos e correligion\u00e1rios nas suas expectativas de voto.<\/p>\n<p>De 27 de junho a 2 de julho, o Instituto Ranking Brasil fez 3.000 entrevistas em 30 munic\u00edpios, ouvindo pessoas a partir de 16 anos de idade. A pesquisa est\u00e1 registrada no Tribunal Superior Eleitoral (TSE) com os n\u00fameros MS-02344\/2022 e BR-05621\/2022. A margem de erro m\u00e1xima estimada \u00e9 de 1,8 ponto percentual, para mais ou para menos. O intervalo de confian\u00e7a \u00e9 de 95%. O Instituto Ranking Brasil tem o registro 8561 no Conselho Regional de Estat\u00edstica 1\u00aa Regi\u00e3o (Conre 1).<\/p>\n<p><em>(Fonte: MS Not\u00edcias)<\/em><\/p>\n","protected":false},"excerpt":{"rendered":"<p>O deputado federal pantaneiro foi eleito pela primeira vez em 2002 e sempre esteve entre os mais votados.<\/p>\n","protected":false},"author":2,"featured_media":17727,"comment_status":"closed","ping_status":"closed","sticky":false,"template":"","format":"standard","meta":{"jetpack_post_was_ever_published":false,"_jetpack_newsletter_access":"","_jetpack_dont_email_post_to_subs":false,"_jetpack_newsletter_tier_id":0,"_jetpack_memberships_contains_paywalled_content":false,"_jetpack_memberships_contains_paid_content":false,"footnotes":""},"categories":[2099,10],"tags":[2143,700,2473],"class_list":{"0":"post-17725","1":"post","2":"type-post","3":"status-publish","4":"format-standard","5":"has-post-thumbnail","7":"category-ms-noticias","8":"category-noticias","9":"tag-camara-dos-deputados","10":"tag-eleicao","11":"tag-pesquisa-eleitoral"},"yoast_head":"<!-- This site is optimized with the Yoast SEO plugin v27.4 - https:\/\/yoast.com\/product\/yoast-seo-wordpress\/ -->\n<title>Vander Loubet \u00e9 o mais citado em pesquisa para deputado federal<\/title>\n<meta name=\"description\" content=\"O deputado federal pantaneiro do PT foi eleito pela primeira vez em 2002 e sempre esteve entre os mais votados.\" \/>\n<meta name=\"robots\" content=\"index, follow, max-snippet:-1, max-image-preview:large, max-video-preview:-1\" \/>\n<link rel=\"canonical\" href=\"https:\/\/vanderloubet.com.br\/deputado\/vander-loubet-e-o-mais-citado-em-pesquisa-para-deputado-federal\/\" \/>\n<meta property=\"og:locale\" content=\"pt_BR\" \/>\n<meta property=\"og:type\" content=\"article\" \/>\n<meta property=\"og:title\" content=\"Vander Loubet \u00e9 o mais citado em pesquisa para deputado federal\" \/>\n<meta property=\"og:description\" content=\"O deputado federal pantaneiro do PT foi eleito pela primeira vez em 2002 e sempre esteve entre os mais votados.\" \/>\n<meta property=\"og:url\" content=\"https:\/\/vanderloubet.com.br\/deputado\/vander-loubet-e-o-mais-citado-em-pesquisa-para-deputado-federal\/\" \/>\n<meta property=\"og:site_name\" content=\"Deputado Federal Vander Loubet\" \/>\n<meta property=\"article:publisher\" content=\"https:\/\/facebook.com\/deputadovander\" \/>\n<meta property=\"article:published_time\" content=\"2022-07-05T01:58:50+00:00\" \/>\n<meta property=\"article:modified_time\" content=\"2022-10-17T20:25:20+00:00\" \/>\n<meta property=\"og:image\" content=\"https:\/\/vanderloubet.com.br\/deputado\/wp-content\/uploads\/2022\/07\/foto-2022-07-03-pesquisa-ranking-vander.jpg\" \/>\n\t<meta property=\"og:image:width\" content=\"900\" \/>\n\t<meta property=\"og:image:height\" content=\"675\" \/>\n\t<meta property=\"og:image:type\" content=\"image\/jpeg\" \/>\n<meta name=\"author\" content=\"\u00c9der\" \/>\n<meta name=\"twitter:card\" content=\"summary_large_image\" \/>\n<meta name=\"twitter:creator\" content=\"@vanderloubet\" \/>\n<meta name=\"twitter:site\" content=\"@vanderloubet\" \/>\n<script type=\"application\/ld+json\" class=\"yoast-schema-graph\">{\"@context\":\"https:\\\/\\\/schema.org\",\"@graph\":[{\"@type\":\"Article\",\"@id\":\"https:\\\/\\\/vanderloubet.com.br\\\/deputado\\\/vander-loubet-e-o-mais-citado-em-pesquisa-para-deputado-federal\\\/#article\",\"isPartOf\":{\"@id\":\"https:\\\/\\\/vanderloubet.com.br\\\/deputado\\\/vander-loubet-e-o-mais-citado-em-pesquisa-para-deputado-federal\\\/\"},\"author\":{\"name\":\"\u00c9der\",\"@id\":\"https:\\\/\\\/vanderloubet.com.br\\\/deputado\\\/#\\\/schema\\\/person\\\/15b51bd564532a8a68d9dec1b8eb890e\"},\"headline\":\"Vander Loubet \u00e9 o mais citado em pesquisa para deputado federal\",\"datePublished\":\"2022-07-05T01:58:50+00:00\",\"dateModified\":\"2022-10-17T20:25:20+00:00\",\"mainEntityOfPage\":{\"@id\":\"https:\\\/\\\/vanderloubet.com.br\\\/deputado\\\/vander-loubet-e-o-mais-citado-em-pesquisa-para-deputado-federal\\\/\"},\"wordCount\":388,\"publisher\":{\"@id\":\"https:\\\/\\\/vanderloubet.com.br\\\/deputado\\\/#organization\"},\"image\":{\"@id\":\"https:\\\/\\\/vanderloubet.com.br\\\/deputado\\\/vander-loubet-e-o-mais-citado-em-pesquisa-para-deputado-federal\\\/#primaryimage\"},\"thumbnailUrl\":\"https:\\\/\\\/vanderloubet.com.br\\\/deputado\\\/wp-content\\\/uploads\\\/2022\\\/07\\\/foto-2022-07-03-pesquisa-ranking-vander.jpg\",\"keywords\":[\"c\u00e2mara dos deputados\",\"elei\u00e7\u00e3o\",\"pesquisa eleitoral\"],\"articleSection\":[\"Mato Grosso do Sul\",\"Not\u00edcias\"],\"inLanguage\":\"pt-BR\"},{\"@type\":\"WebPage\",\"@id\":\"https:\\\/\\\/vanderloubet.com.br\\\/deputado\\\/vander-loubet-e-o-mais-citado-em-pesquisa-para-deputado-federal\\\/\",\"url\":\"https:\\\/\\\/vanderloubet.com.br\\\/deputado\\\/vander-loubet-e-o-mais-citado-em-pesquisa-para-deputado-federal\\\/\",\"name\":\"Vander Loubet \u00e9 o mais citado em pesquisa para deputado federal\",\"isPartOf\":{\"@id\":\"https:\\\/\\\/vanderloubet.com.br\\\/deputado\\\/#website\"},\"primaryImageOfPage\":{\"@id\":\"https:\\\/\\\/vanderloubet.com.br\\\/deputado\\\/vander-loubet-e-o-mais-citado-em-pesquisa-para-deputado-federal\\\/#primaryimage\"},\"image\":{\"@id\":\"https:\\\/\\\/vanderloubet.com.br\\\/deputado\\\/vander-loubet-e-o-mais-citado-em-pesquisa-para-deputado-federal\\\/#primaryimage\"},\"thumbnailUrl\":\"https:\\\/\\\/vanderloubet.com.br\\\/deputado\\\/wp-content\\\/uploads\\\/2022\\\/07\\\/foto-2022-07-03-pesquisa-ranking-vander.jpg\",\"datePublished\":\"2022-07-05T01:58:50+00:00\",\"dateModified\":\"2022-10-17T20:25:20+00:00\",\"description\":\"O deputado federal pantaneiro do PT foi eleito pela primeira vez em 2002 e sempre esteve entre os mais votados.\",\"breadcrumb\":{\"@id\":\"https:\\\/\\\/vanderloubet.com.br\\\/deputado\\\/vander-loubet-e-o-mais-citado-em-pesquisa-para-deputado-federal\\\/#breadcrumb\"},\"inLanguage\":\"pt-BR\",\"potentialAction\":[{\"@type\":\"ReadAction\",\"target\":[\"https:\\\/\\\/vanderloubet.com.br\\\/deputado\\\/vander-loubet-e-o-mais-citado-em-pesquisa-para-deputado-federal\\\/\"]}]},{\"@type\":\"ImageObject\",\"inLanguage\":\"pt-BR\",\"@id\":\"https:\\\/\\\/vanderloubet.com.br\\\/deputado\\\/vander-loubet-e-o-mais-citado-em-pesquisa-para-deputado-federal\\\/#primaryimage\",\"url\":\"https:\\\/\\\/vanderloubet.com.br\\\/deputado\\\/wp-content\\\/uploads\\\/2022\\\/07\\\/foto-2022-07-03-pesquisa-ranking-vander.jpg\",\"contentUrl\":\"https:\\\/\\\/vanderloubet.com.br\\\/deputado\\\/wp-content\\\/uploads\\\/2022\\\/07\\\/foto-2022-07-03-pesquisa-ranking-vander.jpg\",\"width\":900,\"height\":675,\"caption\":\"Vander Loubet \u00e9 o mais citado em pesquisa para deputado federal\"},{\"@type\":\"BreadcrumbList\",\"@id\":\"https:\\\/\\\/vanderloubet.com.br\\\/deputado\\\/vander-loubet-e-o-mais-citado-em-pesquisa-para-deputado-federal\\\/#breadcrumb\",\"itemListElement\":[{\"@type\":\"ListItem\",\"position\":1,\"name\":\"In\u00edcio\",\"item\":\"https:\\\/\\\/vanderloubet.com.br\\\/deputado\\\/\"},{\"@type\":\"ListItem\",\"position\":2,\"name\":\"Vander Loubet \u00e9 o mais citado em pesquisa para deputado federal\"}]},{\"@type\":\"WebSite\",\"@id\":\"https:\\\/\\\/vanderloubet.com.br\\\/deputado\\\/#website\",\"url\":\"https:\\\/\\\/vanderloubet.com.br\\\/deputado\\\/\",\"name\":\"Deputado Federal Vander Loubet\",\"description\":\"O Federal de MS\",\"publisher\":{\"@id\":\"https:\\\/\\\/vanderloubet.com.br\\\/deputado\\\/#organization\"},\"alternateName\":\"Deputado Vander\",\"potentialAction\":[{\"@type\":\"SearchAction\",\"target\":{\"@type\":\"EntryPoint\",\"urlTemplate\":\"https:\\\/\\\/vanderloubet.com.br\\\/deputado\\\/?s={search_term_string}\"},\"query-input\":{\"@type\":\"PropertyValueSpecification\",\"valueRequired\":true,\"valueName\":\"search_term_string\"}}],\"inLanguage\":\"pt-BR\"},{\"@type\":\"Organization\",\"@id\":\"https:\\\/\\\/vanderloubet.com.br\\\/deputado\\\/#organization\",\"name\":\"Deputado Federal Vander Loubet\",\"alternateName\":\"Deputado Vander\",\"url\":\"https:\\\/\\\/vanderloubet.com.br\\\/deputado\\\/\",\"logo\":{\"@type\":\"ImageObject\",\"inLanguage\":\"pt-BR\",\"@id\":\"https:\\\/\\\/vanderloubet.com.br\\\/deputado\\\/#\\\/schema\\\/logo\\\/image\\\/\",\"url\":\"https:\\\/\\\/vanderloubet.com.br\\\/deputado\\\/wp-content\\\/uploads\\\/2023\\\/06\\\/foto-2023-06-19-mandato-deputado-vander.jpg\",\"contentUrl\":\"https:\\\/\\\/vanderloubet.com.br\\\/deputado\\\/wp-content\\\/uploads\\\/2023\\\/06\\\/foto-2023-06-19-mandato-deputado-vander.jpg\",\"width\":1080,\"height\":1080,\"caption\":\"Deputado Federal Vander Loubet\"},\"image\":{\"@id\":\"https:\\\/\\\/vanderloubet.com.br\\\/deputado\\\/#\\\/schema\\\/logo\\\/image\\\/\"},\"sameAs\":[\"https:\\\/\\\/facebook.com\\\/deputadovander\",\"https:\\\/\\\/x.com\\\/vanderloubet\",\"https:\\\/\\\/instagram.com\\\/vanderloubet\",\"https:\\\/\\\/youtube.com\\\/vanderloubet\",\"https:\\\/\\\/tiktok.com\\\/@vanderloubetms\"]},{\"@type\":\"Person\",\"@id\":\"https:\\\/\\\/vanderloubet.com.br\\\/deputado\\\/#\\\/schema\\\/person\\\/15b51bd564532a8a68d9dec1b8eb890e\",\"name\":\"\u00c9der\",\"image\":{\"@type\":\"ImageObject\",\"inLanguage\":\"pt-BR\",\"@id\":\"https:\\\/\\\/vanderloubet.com.br\\\/deputado\\\/wp-content\\\/litespeed\\\/avatar\\\/88ca4090d9d5ab1c9495f6ca03b68efa.jpg?ver=1777058957\",\"url\":\"https:\\\/\\\/vanderloubet.com.br\\\/deputado\\\/wp-content\\\/litespeed\\\/avatar\\\/88ca4090d9d5ab1c9495f6ca03b68efa.jpg?ver=1777058957\",\"contentUrl\":\"https:\\\/\\\/vanderloubet.com.br\\\/deputado\\\/wp-content\\\/litespeed\\\/avatar\\\/88ca4090d9d5ab1c9495f6ca03b68efa.jpg?ver=1777058957\",\"caption\":\"\u00c9der\"}}]}<\/script>\n<!-- \/ Yoast SEO plugin. -->","yoast_head_json":{"title":"Vander Loubet \u00e9 o mais citado em pesquisa para deputado federal","description":"O deputado federal pantaneiro do PT foi eleito pela primeira vez em 2002 e sempre esteve entre os mais votados.","robots":{"index":"index","follow":"follow","max-snippet":"max-snippet:-1","max-image-preview":"max-image-preview:large","max-video-preview":"max-video-preview:-1"},"canonical":"https:\/\/vanderloubet.com.br\/deputado\/vander-loubet-e-o-mais-citado-em-pesquisa-para-deputado-federal\/","og_locale":"pt_BR","og_type":"article","og_title":"Vander Loubet \u00e9 o mais citado em pesquisa para deputado federal","og_description":"O deputado federal pantaneiro do PT foi eleito pela primeira vez em 2002 e sempre esteve entre os mais votados.","og_url":"https:\/\/vanderloubet.com.br\/deputado\/vander-loubet-e-o-mais-citado-em-pesquisa-para-deputado-federal\/","og_site_name":"Deputado Federal Vander Loubet","article_publisher":"https:\/\/facebook.com\/deputadovander","article_published_time":"2022-07-05T01:58:50+00:00","article_modified_time":"2022-10-17T20:25:20+00:00","og_image":[{"width":900,"height":675,"url":"https:\/\/vanderloubet.com.br\/deputado\/wp-content\/uploads\/2022\/07\/foto-2022-07-03-pesquisa-ranking-vander.jpg","type":"image\/jpeg"}],"author":"\u00c9der","twitter_card":"summary_large_image","twitter_creator":"@vanderloubet","twitter_site":"@vanderloubet","schema":{"@context":"https:\/\/schema.org","@graph":[{"@type":"Article","@id":"https:\/\/vanderloubet.com.br\/deputado\/vander-loubet-e-o-mais-citado-em-pesquisa-para-deputado-federal\/#article","isPartOf":{"@id":"https:\/\/vanderloubet.com.br\/deputado\/vander-loubet-e-o-mais-citado-em-pesquisa-para-deputado-federal\/"},"author":{"name":"\u00c9der","@id":"https:\/\/vanderloubet.com.br\/deputado\/#\/schema\/person\/15b51bd564532a8a68d9dec1b8eb890e"},"headline":"Vander Loubet \u00e9 o mais citado em pesquisa para deputado federal","datePublished":"2022-07-05T01:58:50+00:00","dateModified":"2022-10-17T20:25:20+00:00","mainEntityOfPage":{"@id":"https:\/\/vanderloubet.com.br\/deputado\/vander-loubet-e-o-mais-citado-em-pesquisa-para-deputado-federal\/"},"wordCount":388,"publisher":{"@id":"https:\/\/vanderloubet.com.br\/deputado\/#organization"},"image":{"@id":"https:\/\/vanderloubet.com.br\/deputado\/vander-loubet-e-o-mais-citado-em-pesquisa-para-deputado-federal\/#primaryimage"},"thumbnailUrl":"https:\/\/vanderloubet.com.br\/deputado\/wp-content\/uploads\/2022\/07\/foto-2022-07-03-pesquisa-ranking-vander.jpg","keywords":["c\u00e2mara dos deputados","elei\u00e7\u00e3o","pesquisa eleitoral"],"articleSection":["Mato Grosso do Sul","Not\u00edcias"],"inLanguage":"pt-BR"},{"@type":"WebPage","@id":"https:\/\/vanderloubet.com.br\/deputado\/vander-loubet-e-o-mais-citado-em-pesquisa-para-deputado-federal\/","url":"https:\/\/vanderloubet.com.br\/deputado\/vander-loubet-e-o-mais-citado-em-pesquisa-para-deputado-federal\/","name":"Vander Loubet \u00e9 o mais citado em pesquisa para deputado federal","isPartOf":{"@id":"https:\/\/vanderloubet.com.br\/deputado\/#website"},"primaryImageOfPage":{"@id":"https:\/\/vanderloubet.com.br\/deputado\/vander-loubet-e-o-mais-citado-em-pesquisa-para-deputado-federal\/#primaryimage"},"image":{"@id":"https:\/\/vanderloubet.com.br\/deputado\/vander-loubet-e-o-mais-citado-em-pesquisa-para-deputado-federal\/#primaryimage"},"thumbnailUrl":"https:\/\/vanderloubet.com.br\/deputado\/wp-content\/uploads\/2022\/07\/foto-2022-07-03-pesquisa-ranking-vander.jpg","datePublished":"2022-07-05T01:58:50+00:00","dateModified":"2022-10-17T20:25:20+00:00","description":"O deputado federal pantaneiro do PT foi eleito pela primeira vez em 2002 e sempre esteve entre os mais votados.","breadcrumb":{"@id":"https:\/\/vanderloubet.com.br\/deputado\/vander-loubet-e-o-mais-citado-em-pesquisa-para-deputado-federal\/#breadcrumb"},"inLanguage":"pt-BR","potentialAction":[{"@type":"ReadAction","target":["https:\/\/vanderloubet.com.br\/deputado\/vander-loubet-e-o-mais-citado-em-pesquisa-para-deputado-federal\/"]}]},{"@type":"ImageObject","inLanguage":"pt-BR","@id":"https:\/\/vanderloubet.com.br\/deputado\/vander-loubet-e-o-mais-citado-em-pesquisa-para-deputado-federal\/#primaryimage","url":"https:\/\/vanderloubet.com.br\/deputado\/wp-content\/uploads\/2022\/07\/foto-2022-07-03-pesquisa-ranking-vander.jpg","contentUrl":"https:\/\/vanderloubet.com.br\/deputado\/wp-content\/uploads\/2022\/07\/foto-2022-07-03-pesquisa-ranking-vander.jpg","width":900,"height":675,"caption":"Vander Loubet \u00e9 o mais citado em pesquisa para deputado federal"},{"@type":"BreadcrumbList","@id":"https:\/\/vanderloubet.com.br\/deputado\/vander-loubet-e-o-mais-citado-em-pesquisa-para-deputado-federal\/#breadcrumb","itemListElement":[{"@type":"ListItem","position":1,"name":"In\u00edcio","item":"https:\/\/vanderloubet.com.br\/deputado\/"},{"@type":"ListItem","position":2,"name":"Vander Loubet \u00e9 o mais citado em pesquisa para deputado federal"}]},{"@type":"WebSite","@id":"https:\/\/vanderloubet.com.br\/deputado\/#website","url":"https:\/\/vanderloubet.com.br\/deputado\/","name":"Deputado Federal Vander Loubet","description":"O Federal de MS","publisher":{"@id":"https:\/\/vanderloubet.com.br\/deputado\/#organization"},"alternateName":"Deputado Vander","potentialAction":[{"@type":"SearchAction","target":{"@type":"EntryPoint","urlTemplate":"https:\/\/vanderloubet.com.br\/deputado\/?s={search_term_string}"},"query-input":{"@type":"PropertyValueSpecification","valueRequired":true,"valueName":"search_term_string"}}],"inLanguage":"pt-BR"},{"@type":"Organization","@id":"https:\/\/vanderloubet.com.br\/deputado\/#organization","name":"Deputado Federal Vander Loubet","alternateName":"Deputado Vander","url":"https:\/\/vanderloubet.com.br\/deputado\/","logo":{"@type":"ImageObject","inLanguage":"pt-BR","@id":"https:\/\/vanderloubet.com.br\/deputado\/#\/schema\/logo\/image\/","url":"https:\/\/vanderloubet.com.br\/deputado\/wp-content\/uploads\/2023\/06\/foto-2023-06-19-mandato-deputado-vander.jpg","contentUrl":"https:\/\/vanderloubet.com.br\/deputado\/wp-content\/uploads\/2023\/06\/foto-2023-06-19-mandato-deputado-vander.jpg","width":1080,"height":1080,"caption":"Deputado Federal Vander Loubet"},"image":{"@id":"https:\/\/vanderloubet.com.br\/deputado\/#\/schema\/logo\/image\/"},"sameAs":["https:\/\/facebook.com\/deputadovander","https:\/\/x.com\/vanderloubet","https:\/\/instagram.com\/vanderloubet","https:\/\/youtube.com\/vanderloubet","https:\/\/tiktok.com\/@vanderloubetms"]},{"@type":"Person","@id":"https:\/\/vanderloubet.com.br\/deputado\/#\/schema\/person\/15b51bd564532a8a68d9dec1b8eb890e","name":"\u00c9der","image":{"@type":"ImageObject","inLanguage":"pt-BR","@id":"https:\/\/vanderloubet.com.br\/deputado\/wp-content\/litespeed\/avatar\/88ca4090d9d5ab1c9495f6ca03b68efa.jpg?ver=1777058957","url":"https:\/\/vanderloubet.com.br\/deputado\/wp-content\/litespeed\/avatar\/88ca4090d9d5ab1c9495f6ca03b68efa.jpg?ver=1777058957","contentUrl":"https:\/\/vanderloubet.com.br\/deputado\/wp-content\/litespeed\/avatar\/88ca4090d9d5ab1c9495f6ca03b68efa.jpg?ver=1777058957","caption":"\u00c9der"}}]}},"jetpack_featured_media_url":"https:\/\/vanderloubet.com.br\/deputado\/wp-content\/uploads\/2022\/07\/foto-2022-07-03-pesquisa-ranking-vander.jpg","jetpack_sharing_enabled":true,"_links":{"self":[{"href":"https:\/\/vanderloubet.com.br\/deputado\/wp-json\/wp\/v2\/posts\/17725","targetHints":{"allow":["GET"]}}],"collection":[{"href":"https:\/\/vanderloubet.com.br\/deputado\/wp-json\/wp\/v2\/posts"}],"about":[{"href":"https:\/\/vanderloubet.com.br\/deputado\/wp-json\/wp\/v2\/types\/post"}],"author":[{"embeddable":true,"href":"https:\/\/vanderloubet.com.br\/deputado\/wp-json\/wp\/v2\/users\/2"}],"replies":[{"embeddable":true,"href":"https:\/\/vanderloubet.com.br\/deputado\/wp-json\/wp\/v2\/comments?post=17725"}],"version-history":[{"count":0,"href":"https:\/\/vanderloubet.com.br\/deputado\/wp-json\/wp\/v2\/posts\/17725\/revisions"}],"wp:featuredmedia":[{"embeddable":true,"href":"https:\/\/vanderloubet.com.br\/deputado\/wp-json\/wp\/v2\/media\/17727"}],"wp:attachment":[{"href":"https:\/\/vanderloubet.com.br\/deputado\/wp-json\/wp\/v2\/media?parent=17725"}],"wp:term":[{"taxonomy":"category","embeddable":true,"href":"https:\/\/vanderloubet.com.br\/deputado\/wp-json\/wp\/v2\/categories?post=17725"},{"taxonomy":"post_tag","embeddable":true,"href":"https:\/\/vanderloubet.com.br\/deputado\/wp-json\/wp\/v2\/tags?post=17725"}],"curies":[{"name":"wp","href":"https:\/\/api.w.org\/{rel}","templated":true}]}}