{"id":1771,"date":"2010-07-11T23:28:50","date_gmt":"2010-07-12T03:28:50","guid":{"rendered":"http:\/\/www.deputadovander.com.br\/website\/?p=1771"},"modified":"2010-07-11T23:28:50","modified_gmt":"2010-07-12T03:28:50","slug":"vander-destina-r-390-mil-para-obras-do-clube-niponico-de-dourados","status":"publish","type":"post","link":"https:\/\/vanderloubet.com.br\/deputado\/vander-destina-r-390-mil-para-obras-do-clube-niponico-de-dourados\/","title":{"rendered":"Vander destina R$ 390 mil para obras do Clube Nip\u00f4nico de Dourados"},"content":{"rendered":"<p style=\"text-align: center;\">\n<figure id=\"attachment_1772\" aria-describedby=\"caption-attachment-1772\" style=\"width: 300px\" class=\"wp-caption aligncenter\"><a href=\"http:\/\/www.deputadovander.com.br\/website\/wp-content\/uploads\/2010\/07\/foto-2010-07-11-niponico-dourados.jpg\" target=\"_blank\"><img decoding=\"async\" class=\"size-medium wp-image-1772 \" title=\"foto-2010-07-11-niponico-dourados\" src=\"http:\/\/www.deputadovander.com.br\/website\/wp-content\/uploads\/2010\/07\/foto-2010-07-11-niponico-dourados-300x225.jpg\" alt=\"Nobuo Yamashita, do Clube Nip\u00f4nico de Dourados\" width=\"300\" height=\"225\" \/><\/a><figcaption id=\"caption-attachment-1772\" class=\"wp-caption-text\">Nobuo Yamashita, do Clube Nip\u00f4nico de Dourados<\/figcaption><\/figure>\n<\/p>\n<p>A Associa\u00e7\u00e3o Cultural e Esportiva Nipo-Brasileira de Dourados, conhecida como Clube Nip\u00f4nico, est\u00e1 sendo beneficiada com uma emenda parlamentar do deputado federal Vander Loubet (PT-MS) no valor de R$ 390 mil. Este recurso, somado \u00e0 contrapartida da Prefeitura de Dourados, vai possibilitar a cobertura da \u00e1rea de treinamento do campo de beisebol do Clube, no Jardim Fl\u00f3rida.<\/p>\n<p>Segundo o cirurgi\u00e3o-dentista Nobuo Yamashita, presidente da Associa\u00e7\u00e3o Nipo-Brasileira, os recursos j\u00e1 est\u00e3o empenhados na Caixa Econ\u00f4mica Federal e dentro de pouco tempo ser\u00e3o liberados para a realiza\u00e7\u00e3o da obra, que \u00e9 um antigo sonho da comunidade japonesa de Dourados.<\/p>\n<p>Yamashita disse que a obra vai beneficiar os quase dez mil nipo-brasileiros que vivem em Dourados e que participam das atividades do Clube Nip\u00f4nico, fundado em 1954. O presidente do Clube afirmou ainda que o beisebol foi a base da uni\u00e3o da comunidade nip\u00f4nica no munic\u00edpio.<\/p>\n<p>&#8220;Com a cobertura da \u00e1rea de treinamento vamos continuar com nosso trabalho de base na forma\u00e7\u00e3o de novos atletas, j\u00e1 que tr\u00eas jogadores formados em Dourados participam da Sele\u00e7\u00e3o Brasileira. Isso faz do beisebol da nossa associa\u00e7\u00e3o uma refer\u00eancia nacional&#8221;, diz o presidente.<\/p>\n<p>Al\u00e9m da comunidade japonesa de Dourados, entidades culturais nipo-brasileiras de Campo Grande tamb\u00e9m foram contempladas com emendas do deputado Vander para obras. Nobuo destaca que estes benef\u00edcios foram conseguidos gra\u00e7as \u00e0 parceria do presidente da Federa\u00e7\u00e3o Sul-Mato-Grossense de Beisebol, Carlos Yoshikawa, com o parlamentar petista. &#8220;Fazemos quest\u00e3o de agradecer o empenho e a luta do vander em beneficio da nossa institui\u00e7\u00e3o e do esporte em nosso estado&#8221;, finalizou Yamashita.<\/p>\n<p><small>(Assessoria Deputado Vander)<\/small><\/p>\n","protected":false},"excerpt":{"rendered":"<p>Presidente do Clube, Nobuo Yamashita (foto) destaca que recurso vai possibilitar cobertura do campo de beisebol.<\/p>\n","protected":false},"author":2,"featured_media":0,"comment_status":"open","ping_status":"open","sticky":false,"template":"","format":"standard","meta":{"jetpack_post_was_ever_published":false,"_jetpack_newsletter_access":"","_jetpack_dont_email_post_to_subs":false,"_jetpack_newsletter_tier_id":0,"_jetpack_memberships_contains_paywalled_content":false,"_jetpack_memberships_contains_paid_content":false,"footnotes":""},"categories":[10],"tags":[251,342,364,459,672,739,1060,1390,2035],"class_list":{"0":"post-1771","1":"post","2":"type-post","3":"status-publish","4":"format-standard","6":"category-noticias","7":"tag-beisebol","8":"tag-campo-grande","9":"tag-carlos-yoshikawa","10":"tag-clube-niponico","11":"tag-dourados","12":"tag-esporte","13":"tag-japao","14":"tag-nobuo-yamashita","15":"tag-vander-loubet"},"yoast_head":"<!-- This site is optimized with the Yoast SEO plugin v27.4 - https:\/\/yoast.com\/product\/yoast-seo-wordpress\/ -->\n<title>Vander destina R$ 390 mil para obras do Clube Nip\u00f4nico de Dourados<\/title>\n<meta name=\"robots\" content=\"index, follow, max-snippet:-1, max-image-preview:large, max-video-preview:-1\" \/>\n<link rel=\"canonical\" href=\"https:\/\/vanderloubet.com.br\/deputado\/vander-destina-r-390-mil-para-obras-do-clube-niponico-de-dourados\/\" \/>\n<meta property=\"og:locale\" content=\"pt_BR\" \/>\n<meta property=\"og:type\" content=\"article\" \/>\n<meta property=\"og:title\" content=\"Vander destina R$ 390 mil para obras do Clube Nip\u00f4nico de Dourados\" \/>\n<meta property=\"og:description\" content=\"Presidente do Clube, Nobuo Yamashita (foto) destaca que recurso vai possibilitar cobertura do campo de beisebol.\" \/>\n<meta property=\"og:url\" content=\"https:\/\/vanderloubet.com.br\/deputado\/vander-destina-r-390-mil-para-obras-do-clube-niponico-de-dourados\/\" \/>\n<meta property=\"og:site_name\" content=\"Deputado Federal Vander Loubet\" \/>\n<meta property=\"article:publisher\" content=\"https:\/\/facebook.com\/deputadovander\" \/>\n<meta property=\"article:published_time\" content=\"2010-07-12T03:28:50+00:00\" \/>\n<meta property=\"og:image\" content=\"http:\/\/www.deputadovander.com.br\/website\/wp-content\/uploads\/2010\/07\/foto-2010-07-11-niponico-dourados-300x225.jpg\" \/>\n<meta name=\"author\" content=\"\u00c9der\" \/>\n<meta name=\"twitter:card\" content=\"summary_large_image\" \/>\n<meta name=\"twitter:creator\" content=\"@vanderloubet\" \/>\n<meta name=\"twitter:site\" content=\"@vanderloubet\" \/>\n<script type=\"application\/ld+json\" class=\"yoast-schema-graph\">{\"@context\":\"https:\\\/\\\/schema.org\",\"@graph\":[{\"@type\":\"Article\",\"@id\":\"https:\\\/\\\/vanderloubet.com.br\\\/deputado\\\/vander-destina-r-390-mil-para-obras-do-clube-niponico-de-dourados\\\/#article\",\"isPartOf\":{\"@id\":\"https:\\\/\\\/vanderloubet.com.br\\\/deputado\\\/vander-destina-r-390-mil-para-obras-do-clube-niponico-de-dourados\\\/\"},\"author\":{\"name\":\"\u00c9der\",\"@id\":\"https:\\\/\\\/vanderloubet.com.br\\\/deputado\\\/#\\\/schema\\\/person\\\/15b51bd564532a8a68d9dec1b8eb890e\"},\"headline\":\"Vander destina R$ 390 mil para obras do Clube Nip\u00f4nico de Dourados\",\"datePublished\":\"2010-07-12T03:28:50+00:00\",\"mainEntityOfPage\":{\"@id\":\"https:\\\/\\\/vanderloubet.com.br\\\/deputado\\\/vander-destina-r-390-mil-para-obras-do-clube-niponico-de-dourados\\\/\"},\"wordCount\":306,\"commentCount\":0,\"publisher\":{\"@id\":\"https:\\\/\\\/vanderloubet.com.br\\\/deputado\\\/#organization\"},\"image\":{\"@id\":\"https:\\\/\\\/vanderloubet.com.br\\\/deputado\\\/vander-destina-r-390-mil-para-obras-do-clube-niponico-de-dourados\\\/#primaryimage\"},\"thumbnailUrl\":\"http:\\\/\\\/www.deputadovander.com.br\\\/website\\\/wp-content\\\/uploads\\\/2010\\\/07\\\/foto-2010-07-11-niponico-dourados-300x225.jpg\",\"keywords\":[\"beisebol\",\"campo grande\",\"carlos yoshikawa\",\"clube nip\u00f4nico\",\"dourados\",\"esporte\",\"jap\u00e3o\",\"nobuo yamashita\",\"vander loubet\"],\"articleSection\":[\"Not\u00edcias\"],\"inLanguage\":\"pt-BR\",\"potentialAction\":[{\"@type\":\"CommentAction\",\"name\":\"Comment\",\"target\":[\"https:\\\/\\\/vanderloubet.com.br\\\/deputado\\\/vander-destina-r-390-mil-para-obras-do-clube-niponico-de-dourados\\\/#respond\"]}]},{\"@type\":\"WebPage\",\"@id\":\"https:\\\/\\\/vanderloubet.com.br\\\/deputado\\\/vander-destina-r-390-mil-para-obras-do-clube-niponico-de-dourados\\\/\",\"url\":\"https:\\\/\\\/vanderloubet.com.br\\\/deputado\\\/vander-destina-r-390-mil-para-obras-do-clube-niponico-de-dourados\\\/\",\"name\":\"Vander destina R$ 390 mil para obras do Clube Nip\u00f4nico de Dourados\",\"isPartOf\":{\"@id\":\"https:\\\/\\\/vanderloubet.com.br\\\/deputado\\\/#website\"},\"primaryImageOfPage\":{\"@id\":\"https:\\\/\\\/vanderloubet.com.br\\\/deputado\\\/vander-destina-r-390-mil-para-obras-do-clube-niponico-de-dourados\\\/#primaryimage\"},\"image\":{\"@id\":\"https:\\\/\\\/vanderloubet.com.br\\\/deputado\\\/vander-destina-r-390-mil-para-obras-do-clube-niponico-de-dourados\\\/#primaryimage\"},\"thumbnailUrl\":\"http:\\\/\\\/www.deputadovander.com.br\\\/website\\\/wp-content\\\/uploads\\\/2010\\\/07\\\/foto-2010-07-11-niponico-dourados-300x225.jpg\",\"datePublished\":\"2010-07-12T03:28:50+00:00\",\"breadcrumb\":{\"@id\":\"https:\\\/\\\/vanderloubet.com.br\\\/deputado\\\/vander-destina-r-390-mil-para-obras-do-clube-niponico-de-dourados\\\/#breadcrumb\"},\"inLanguage\":\"pt-BR\",\"potentialAction\":[{\"@type\":\"ReadAction\",\"target\":[\"https:\\\/\\\/vanderloubet.com.br\\\/deputado\\\/vander-destina-r-390-mil-para-obras-do-clube-niponico-de-dourados\\\/\"]}]},{\"@type\":\"ImageObject\",\"inLanguage\":\"pt-BR\",\"@id\":\"https:\\\/\\\/vanderloubet.com.br\\\/deputado\\\/vander-destina-r-390-mil-para-obras-do-clube-niponico-de-dourados\\\/#primaryimage\",\"url\":\"http:\\\/\\\/www.deputadovander.com.br\\\/website\\\/wp-content\\\/uploads\\\/2010\\\/07\\\/foto-2010-07-11-niponico-dourados-300x225.jpg\",\"contentUrl\":\"http:\\\/\\\/www.deputadovander.com.br\\\/website\\\/wp-content\\\/uploads\\\/2010\\\/07\\\/foto-2010-07-11-niponico-dourados-300x225.jpg\"},{\"@type\":\"BreadcrumbList\",\"@id\":\"https:\\\/\\\/vanderloubet.com.br\\\/deputado\\\/vander-destina-r-390-mil-para-obras-do-clube-niponico-de-dourados\\\/#breadcrumb\",\"itemListElement\":[{\"@type\":\"ListItem\",\"position\":1,\"name\":\"In\u00edcio\",\"item\":\"https:\\\/\\\/vanderloubet.com.br\\\/deputado\\\/\"},{\"@type\":\"ListItem\",\"position\":2,\"name\":\"Vander destina R$ 390 mil para obras do Clube Nip\u00f4nico de Dourados\"}]},{\"@type\":\"WebSite\",\"@id\":\"https:\\\/\\\/vanderloubet.com.br\\\/deputado\\\/#website\",\"url\":\"https:\\\/\\\/vanderloubet.com.br\\\/deputado\\\/\",\"name\":\"Deputado Federal Vander Loubet\",\"description\":\"O Federal de MS\",\"publisher\":{\"@id\":\"https:\\\/\\\/vanderloubet.com.br\\\/deputado\\\/#organization\"},\"alternateName\":\"Deputado Vander\",\"potentialAction\":[{\"@type\":\"SearchAction\",\"target\":{\"@type\":\"EntryPoint\",\"urlTemplate\":\"https:\\\/\\\/vanderloubet.com.br\\\/deputado\\\/?s={search_term_string}\"},\"query-input\":{\"@type\":\"PropertyValueSpecification\",\"valueRequired\":true,\"valueName\":\"search_term_string\"}}],\"inLanguage\":\"pt-BR\"},{\"@type\":\"Organization\",\"@id\":\"https:\\\/\\\/vanderloubet.com.br\\\/deputado\\\/#organization\",\"name\":\"Deputado Federal Vander Loubet\",\"alternateName\":\"Deputado Vander\",\"url\":\"https:\\\/\\\/vanderloubet.com.br\\\/deputado\\\/\",\"logo\":{\"@type\":\"ImageObject\",\"inLanguage\":\"pt-BR\",\"@id\":\"https:\\\/\\\/vanderloubet.com.br\\\/deputado\\\/#\\\/schema\\\/logo\\\/image\\\/\",\"url\":\"https:\\\/\\\/vanderloubet.com.br\\\/deputado\\\/wp-content\\\/uploads\\\/2023\\\/06\\\/foto-2023-06-19-mandato-deputado-vander.jpg\",\"contentUrl\":\"https:\\\/\\\/vanderloubet.com.br\\\/deputado\\\/wp-content\\\/uploads\\\/2023\\\/06\\\/foto-2023-06-19-mandato-deputado-vander.jpg\",\"width\":1080,\"height\":1080,\"caption\":\"Deputado Federal Vander Loubet\"},\"image\":{\"@id\":\"https:\\\/\\\/vanderloubet.com.br\\\/deputado\\\/#\\\/schema\\\/logo\\\/image\\\/\"},\"sameAs\":[\"https:\\\/\\\/facebook.com\\\/deputadovander\",\"https:\\\/\\\/x.com\\\/vanderloubet\",\"https:\\\/\\\/instagram.com\\\/vanderloubet\",\"https:\\\/\\\/youtube.com\\\/vanderloubet\",\"https:\\\/\\\/tiktok.com\\\/@vanderloubetms\"]},{\"@type\":\"Person\",\"@id\":\"https:\\\/\\\/vanderloubet.com.br\\\/deputado\\\/#\\\/schema\\\/person\\\/15b51bd564532a8a68d9dec1b8eb890e\",\"name\":\"\u00c9der\",\"image\":{\"@type\":\"ImageObject\",\"inLanguage\":\"pt-BR\",\"@id\":\"https:\\\/\\\/vanderloubet.com.br\\\/deputado\\\/wp-content\\\/litespeed\\\/avatar\\\/88ca4090d9d5ab1c9495f6ca03b68efa.jpg?ver=1777058957\",\"url\":\"https:\\\/\\\/vanderloubet.com.br\\\/deputado\\\/wp-content\\\/litespeed\\\/avatar\\\/88ca4090d9d5ab1c9495f6ca03b68efa.jpg?ver=1777058957\",\"contentUrl\":\"https:\\\/\\\/vanderloubet.com.br\\\/deputado\\\/wp-content\\\/litespeed\\\/avatar\\\/88ca4090d9d5ab1c9495f6ca03b68efa.jpg?ver=1777058957\",\"caption\":\"\u00c9der\"}}]}<\/script>\n<!-- \/ Yoast SEO plugin. -->","yoast_head_json":{"title":"Vander destina R$ 390 mil para obras do Clube Nip\u00f4nico de Dourados","robots":{"index":"index","follow":"follow","max-snippet":"max-snippet:-1","max-image-preview":"max-image-preview:large","max-video-preview":"max-video-preview:-1"},"canonical":"https:\/\/vanderloubet.com.br\/deputado\/vander-destina-r-390-mil-para-obras-do-clube-niponico-de-dourados\/","og_locale":"pt_BR","og_type":"article","og_title":"Vander destina R$ 390 mil para obras do Clube Nip\u00f4nico de Dourados","og_description":"Presidente do Clube, Nobuo Yamashita (foto) destaca que recurso vai possibilitar cobertura do campo de beisebol.","og_url":"https:\/\/vanderloubet.com.br\/deputado\/vander-destina-r-390-mil-para-obras-do-clube-niponico-de-dourados\/","og_site_name":"Deputado Federal Vander Loubet","article_publisher":"https:\/\/facebook.com\/deputadovander","article_published_time":"2010-07-12T03:28:50+00:00","og_image":[{"url":"http:\/\/www.deputadovander.com.br\/website\/wp-content\/uploads\/2010\/07\/foto-2010-07-11-niponico-dourados-300x225.jpg","type":"","width":"","height":""}],"author":"\u00c9der","twitter_card":"summary_large_image","twitter_creator":"@vanderloubet","twitter_site":"@vanderloubet","schema":{"@context":"https:\/\/schema.org","@graph":[{"@type":"Article","@id":"https:\/\/vanderloubet.com.br\/deputado\/vander-destina-r-390-mil-para-obras-do-clube-niponico-de-dourados\/#article","isPartOf":{"@id":"https:\/\/vanderloubet.com.br\/deputado\/vander-destina-r-390-mil-para-obras-do-clube-niponico-de-dourados\/"},"author":{"name":"\u00c9der","@id":"https:\/\/vanderloubet.com.br\/deputado\/#\/schema\/person\/15b51bd564532a8a68d9dec1b8eb890e"},"headline":"Vander destina R$ 390 mil para obras do Clube Nip\u00f4nico de Dourados","datePublished":"2010-07-12T03:28:50+00:00","mainEntityOfPage":{"@id":"https:\/\/vanderloubet.com.br\/deputado\/vander-destina-r-390-mil-para-obras-do-clube-niponico-de-dourados\/"},"wordCount":306,"commentCount":0,"publisher":{"@id":"https:\/\/vanderloubet.com.br\/deputado\/#organization"},"image":{"@id":"https:\/\/vanderloubet.com.br\/deputado\/vander-destina-r-390-mil-para-obras-do-clube-niponico-de-dourados\/#primaryimage"},"thumbnailUrl":"http:\/\/www.deputadovander.com.br\/website\/wp-content\/uploads\/2010\/07\/foto-2010-07-11-niponico-dourados-300x225.jpg","keywords":["beisebol","campo grande","carlos yoshikawa","clube nip\u00f4nico","dourados","esporte","jap\u00e3o","nobuo yamashita","vander loubet"],"articleSection":["Not\u00edcias"],"inLanguage":"pt-BR","potentialAction":[{"@type":"CommentAction","name":"Comment","target":["https:\/\/vanderloubet.com.br\/deputado\/vander-destina-r-390-mil-para-obras-do-clube-niponico-de-dourados\/#respond"]}]},{"@type":"WebPage","@id":"https:\/\/vanderloubet.com.br\/deputado\/vander-destina-r-390-mil-para-obras-do-clube-niponico-de-dourados\/","url":"https:\/\/vanderloubet.com.br\/deputado\/vander-destina-r-390-mil-para-obras-do-clube-niponico-de-dourados\/","name":"Vander destina R$ 390 mil para obras do Clube Nip\u00f4nico de Dourados","isPartOf":{"@id":"https:\/\/vanderloubet.com.br\/deputado\/#website"},"primaryImageOfPage":{"@id":"https:\/\/vanderloubet.com.br\/deputado\/vander-destina-r-390-mil-para-obras-do-clube-niponico-de-dourados\/#primaryimage"},"image":{"@id":"https:\/\/vanderloubet.com.br\/deputado\/vander-destina-r-390-mil-para-obras-do-clube-niponico-de-dourados\/#primaryimage"},"thumbnailUrl":"http:\/\/www.deputadovander.com.br\/website\/wp-content\/uploads\/2010\/07\/foto-2010-07-11-niponico-dourados-300x225.jpg","datePublished":"2010-07-12T03:28:50+00:00","breadcrumb":{"@id":"https:\/\/vanderloubet.com.br\/deputado\/vander-destina-r-390-mil-para-obras-do-clube-niponico-de-dourados\/#breadcrumb"},"inLanguage":"pt-BR","potentialAction":[{"@type":"ReadAction","target":["https:\/\/vanderloubet.com.br\/deputado\/vander-destina-r-390-mil-para-obras-do-clube-niponico-de-dourados\/"]}]},{"@type":"ImageObject","inLanguage":"pt-BR","@id":"https:\/\/vanderloubet.com.br\/deputado\/vander-destina-r-390-mil-para-obras-do-clube-niponico-de-dourados\/#primaryimage","url":"http:\/\/www.deputadovander.com.br\/website\/wp-content\/uploads\/2010\/07\/foto-2010-07-11-niponico-dourados-300x225.jpg","contentUrl":"http:\/\/www.deputadovander.com.br\/website\/wp-content\/uploads\/2010\/07\/foto-2010-07-11-niponico-dourados-300x225.jpg"},{"@type":"BreadcrumbList","@id":"https:\/\/vanderloubet.com.br\/deputado\/vander-destina-r-390-mil-para-obras-do-clube-niponico-de-dourados\/#breadcrumb","itemListElement":[{"@type":"ListItem","position":1,"name":"In\u00edcio","item":"https:\/\/vanderloubet.com.br\/deputado\/"},{"@type":"ListItem","position":2,"name":"Vander destina R$ 390 mil para obras do Clube Nip\u00f4nico de Dourados"}]},{"@type":"WebSite","@id":"https:\/\/vanderloubet.com.br\/deputado\/#website","url":"https:\/\/vanderloubet.com.br\/deputado\/","name":"Deputado Federal Vander Loubet","description":"O Federal de MS","publisher":{"@id":"https:\/\/vanderloubet.com.br\/deputado\/#organization"},"alternateName":"Deputado Vander","potentialAction":[{"@type":"SearchAction","target":{"@type":"EntryPoint","urlTemplate":"https:\/\/vanderloubet.com.br\/deputado\/?s={search_term_string}"},"query-input":{"@type":"PropertyValueSpecification","valueRequired":true,"valueName":"search_term_string"}}],"inLanguage":"pt-BR"},{"@type":"Organization","@id":"https:\/\/vanderloubet.com.br\/deputado\/#organization","name":"Deputado Federal Vander Loubet","alternateName":"Deputado Vander","url":"https:\/\/vanderloubet.com.br\/deputado\/","logo":{"@type":"ImageObject","inLanguage":"pt-BR","@id":"https:\/\/vanderloubet.com.br\/deputado\/#\/schema\/logo\/image\/","url":"https:\/\/vanderloubet.com.br\/deputado\/wp-content\/uploads\/2023\/06\/foto-2023-06-19-mandato-deputado-vander.jpg","contentUrl":"https:\/\/vanderloubet.com.br\/deputado\/wp-content\/uploads\/2023\/06\/foto-2023-06-19-mandato-deputado-vander.jpg","width":1080,"height":1080,"caption":"Deputado Federal Vander Loubet"},"image":{"@id":"https:\/\/vanderloubet.com.br\/deputado\/#\/schema\/logo\/image\/"},"sameAs":["https:\/\/facebook.com\/deputadovander","https:\/\/x.com\/vanderloubet","https:\/\/instagram.com\/vanderloubet","https:\/\/youtube.com\/vanderloubet","https:\/\/tiktok.com\/@vanderloubetms"]},{"@type":"Person","@id":"https:\/\/vanderloubet.com.br\/deputado\/#\/schema\/person\/15b51bd564532a8a68d9dec1b8eb890e","name":"\u00c9der","image":{"@type":"ImageObject","inLanguage":"pt-BR","@id":"https:\/\/vanderloubet.com.br\/deputado\/wp-content\/litespeed\/avatar\/88ca4090d9d5ab1c9495f6ca03b68efa.jpg?ver=1777058957","url":"https:\/\/vanderloubet.com.br\/deputado\/wp-content\/litespeed\/avatar\/88ca4090d9d5ab1c9495f6ca03b68efa.jpg?ver=1777058957","contentUrl":"https:\/\/vanderloubet.com.br\/deputado\/wp-content\/litespeed\/avatar\/88ca4090d9d5ab1c9495f6ca03b68efa.jpg?ver=1777058957","caption":"\u00c9der"}}]}},"jetpack_featured_media_url":"","jetpack_sharing_enabled":true,"_links":{"self":[{"href":"https:\/\/vanderloubet.com.br\/deputado\/wp-json\/wp\/v2\/posts\/1771","targetHints":{"allow":["GET"]}}],"collection":[{"href":"https:\/\/vanderloubet.com.br\/deputado\/wp-json\/wp\/v2\/posts"}],"about":[{"href":"https:\/\/vanderloubet.com.br\/deputado\/wp-json\/wp\/v2\/types\/post"}],"author":[{"embeddable":true,"href":"https:\/\/vanderloubet.com.br\/deputado\/wp-json\/wp\/v2\/users\/2"}],"replies":[{"embeddable":true,"href":"https:\/\/vanderloubet.com.br\/deputado\/wp-json\/wp\/v2\/comments?post=1771"}],"version-history":[{"count":0,"href":"https:\/\/vanderloubet.com.br\/deputado\/wp-json\/wp\/v2\/posts\/1771\/revisions"}],"wp:attachment":[{"href":"https:\/\/vanderloubet.com.br\/deputado\/wp-json\/wp\/v2\/media?parent=1771"}],"wp:term":[{"taxonomy":"category","embeddable":true,"href":"https:\/\/vanderloubet.com.br\/deputado\/wp-json\/wp\/v2\/categories?post=1771"},{"taxonomy":"post_tag","embeddable":true,"href":"https:\/\/vanderloubet.com.br\/deputado\/wp-json\/wp\/v2\/tags?post=1771"}],"curies":[{"name":"wp","href":"https:\/\/api.w.org\/{rel}","templated":true}]}}