{"id":17701,"date":"2022-06-30T14:48:37","date_gmt":"2022-06-30T18:48:37","guid":{"rendered":"https:\/\/vanderloubet.com.br\/deputado\/?p=17701"},"modified":"2022-06-30T14:59:09","modified_gmt":"2022-06-30T18:59:09","slug":"casas-entregues-por-bolsonaro-sao-do-programa-petista-minha-casa-minha-vida","status":"publish","type":"post","link":"https:\/\/vanderloubet.com.br\/deputado\/casas-entregues-por-bolsonaro-sao-do-programa-petista-minha-casa-minha-vida\/","title":{"rendered":"Casas entregues por Bolsonaro s\u00e3o do programa petista Minha Casa Minha Vida"},"content":{"rendered":"<p>O presidente Jair Bolsonaro desceu em Campo Grande (MS) nesta quinta-feira (30) para entregar apartamentos no Jardim Canguru e, aparentemente, fazer um passeio de moto com membros de grupo de WhatsApp.<\/p>\n<p>O passeio \u00e9 mais coerente, j\u00e1 que os 300 apartamentos do Residencial Jardim Canguru s\u00e3o resultado de um programa habitacional criado pelo governo de Luiz In\u00e1cio Lula da Silva em 2009: o Minha Casa Minha Vida &#8211; um dos \u00faltimos investimentos feitos em habita\u00e7\u00e3o popular no Brasil, em 2017.<\/p>\n<p>Os empenhos e conv\u00eanios feitos pelo Governo Federal para custear a obra, cerca de R$ 25 milh\u00f5es, foram garantidos no apagar das luzes do governo de Michel Temer, pol\u00edtico que participou do impeachment fraudulento da presidenta Dilma Rousseff (PT).<\/p>\n<p>Embora esteja em plena &#8220;pr\u00e9-campanha&#8221; h\u00e1 tr\u00eas anos, Bolsonaro vai tentar colocar a entrega de hoje na conta do seu programa habitacional que praticamente n\u00e3o saiu do papel, o Casa Verde e Amarela, que dois anos ap\u00f3s ser lan\u00e7ado conseguiu anunciar apenas 2.450 unidades em todo o Brasil.<\/p>\n<p>Para efeito de compara\u00e7\u00e3o, o chamamento de setembro de 2018, onde o projeto do Jardim Canguru foi aprovado, teve 25.219 casas aprovadas em diversos munic\u00edpios brasileiros. E foi um dos mais &#8220;enxutos&#8221; do Minha Casa Minha Vida, que chegou a entregar mais de 500 mil casas em um ano.<\/p>\n<p>No auge do Minha Casa Minha Vida, em 2015, o or\u00e7amento chegou a R$ 30 bilh\u00f5es anuais. J\u00e1 no ano passado, no governo Bolsonaro, apenas R$ 1,4 bilh\u00e3o foi reservado \u00e0 moradia popular. O valor \u00e9 bem menor do que o usado nas verbas parlamentares do Centr\u00e3o, por exemplo, prioridade para Jair Bolsonaro.<\/p>\n<p>Com os recentes aumentos nos \u00edndices de aluguel e a crise dos alimentos, a casa pr\u00f3pria se torna mais necess\u00e1ria \u00e0 popula\u00e7\u00e3o que era o p\u00fablico alvo do Minha Casa Minha Vida, que tem renda familiar de at\u00e9 R$ 1,8 mil mensais.<\/p>\n<p>Agentes p\u00fablicos envolvidos na obra do Residencial Jardim Canguru, que preferiram n\u00e3o se identificar, por conta da proximidade do per\u00edodo eleitoral, garantem que os apartamentos sa\u00edram mais pela iniciativa do ex-prefeito Marquinhos Trad e do governador Reinaldo Azambuja do que pela iniciativa federal. &#8220;Tanto a Agehab quanto a Ag\u00eancia Municipal de Habita\u00e7\u00e3o correram com os prazos e as necessidades que apareciam na parte burocr\u00e1tica para acelerar a constru\u00e7\u00e3o&#8221;, revela um servidor de carreira.<\/p>\n<p>Quando Bolsonaro chegar para fazer fotos com as chaves dos apartamentos, ansioso para passear com seus parceiros de motos caras, \u00e9 importante lembrar a quem receber as chaves que por ele aquele apartamento nem estaria ali.<\/p>\n<p><em>Texto: Denis Matos<\/em><br \/>\n<em>Foto: Edemir Rodrigues<\/em><\/p>\n","protected":false},"excerpt":{"rendered":"<p>Maior programa habitacional do Brasil foi criado pelo governo Lula em 2009 e teve seu auge em 2015 no governo Dilma.<\/p>\n","protected":false},"author":2,"featured_media":17702,"comment_status":"closed","ping_status":"closed","sticky":false,"template":"","format":"standard","meta":{"jetpack_post_was_ever_published":false,"_jetpack_newsletter_access":"","_jetpack_dont_email_post_to_subs":false,"_jetpack_newsletter_tier_id":0,"_jetpack_memberships_contains_paywalled_content":false,"_jetpack_memberships_contains_paid_content":false,"footnotes":""},"categories":[2097,10],"tags":[633,956,1189,2318],"class_list":{"0":"post-17701","1":"post","2":"type-post","3":"status-publish","4":"format-standard","5":"has-post-thumbnail","7":"category-municipios-noticias","8":"category-noticias","9":"tag-dilma-rousseff","10":"tag-habitacao","11":"tag-lula","12":"tag-minha-casa-minha-vida"},"yoast_head":"<!-- This site is optimized with the Yoast SEO plugin v27.4 - https:\/\/yoast.com\/product\/yoast-seo-wordpress\/ -->\n<title>Casas entregues por Bolsonaro s\u00e3o do programa petista Minha Casa Minha Vida<\/title>\n<meta name=\"description\" content=\"Maior programa habitacional do Brasil foi criado pelo governo Lula em 2009 e teve seu auge em 2015 no governo Dilma.\" \/>\n<meta name=\"robots\" content=\"index, follow, max-snippet:-1, max-image-preview:large, max-video-preview:-1\" \/>\n<link rel=\"canonical\" href=\"https:\/\/vanderloubet.com.br\/deputado\/casas-entregues-por-bolsonaro-sao-do-programa-petista-minha-casa-minha-vida\/\" \/>\n<meta property=\"og:locale\" content=\"pt_BR\" \/>\n<meta property=\"og:type\" content=\"article\" \/>\n<meta property=\"og:title\" content=\"Casas entregues por Bolsonaro s\u00e3o do programa petista Minha Casa Minha Vida\" \/>\n<meta property=\"og:description\" content=\"Maior programa habitacional do Brasil foi criado pelo governo Lula em 2009 e teve seu auge em 2015 no governo Dilma.\" \/>\n<meta property=\"og:url\" content=\"https:\/\/vanderloubet.com.br\/deputado\/casas-entregues-por-bolsonaro-sao-do-programa-petista-minha-casa-minha-vida\/\" \/>\n<meta property=\"og:site_name\" content=\"Deputado Federal Vander Loubet\" \/>\n<meta property=\"article:publisher\" content=\"https:\/\/facebook.com\/deputadovander\" \/>\n<meta property=\"article:published_time\" content=\"2022-06-30T18:48:37+00:00\" \/>\n<meta property=\"article:modified_time\" content=\"2022-06-30T18:59:09+00:00\" \/>\n<meta property=\"og:image\" content=\"http:\/\/vanderloubet.com.br\/deputado\/wp-content\/uploads\/2022\/06\/foto-2022-06-30-residencial-jardim-canguru.jpg\" \/>\n\t<meta property=\"og:image:width\" content=\"900\" \/>\n\t<meta property=\"og:image:height\" content=\"675\" \/>\n\t<meta property=\"og:image:type\" content=\"image\/jpeg\" \/>\n<meta name=\"author\" content=\"\u00c9der\" \/>\n<meta name=\"twitter:card\" content=\"summary_large_image\" \/>\n<meta name=\"twitter:creator\" content=\"@vanderloubet\" \/>\n<meta name=\"twitter:site\" content=\"@vanderloubet\" \/>\n<script type=\"application\/ld+json\" class=\"yoast-schema-graph\">{\"@context\":\"https:\\\/\\\/schema.org\",\"@graph\":[{\"@type\":\"Article\",\"@id\":\"https:\\\/\\\/vanderloubet.com.br\\\/deputado\\\/casas-entregues-por-bolsonaro-sao-do-programa-petista-minha-casa-minha-vida\\\/#article\",\"isPartOf\":{\"@id\":\"https:\\\/\\\/vanderloubet.com.br\\\/deputado\\\/casas-entregues-por-bolsonaro-sao-do-programa-petista-minha-casa-minha-vida\\\/\"},\"author\":{\"name\":\"\u00c9der\",\"@id\":\"https:\\\/\\\/vanderloubet.com.br\\\/deputado\\\/#\\\/schema\\\/person\\\/15b51bd564532a8a68d9dec1b8eb890e\"},\"headline\":\"Casas entregues por Bolsonaro s\u00e3o do programa petista Minha Casa Minha Vida\",\"datePublished\":\"2022-06-30T18:48:37+00:00\",\"dateModified\":\"2022-06-30T18:59:09+00:00\",\"mainEntityOfPage\":{\"@id\":\"https:\\\/\\\/vanderloubet.com.br\\\/deputado\\\/casas-entregues-por-bolsonaro-sao-do-programa-petista-minha-casa-minha-vida\\\/\"},\"wordCount\":450,\"publisher\":{\"@id\":\"https:\\\/\\\/vanderloubet.com.br\\\/deputado\\\/#organization\"},\"image\":{\"@id\":\"https:\\\/\\\/vanderloubet.com.br\\\/deputado\\\/casas-entregues-por-bolsonaro-sao-do-programa-petista-minha-casa-minha-vida\\\/#primaryimage\"},\"thumbnailUrl\":\"https:\\\/\\\/vanderloubet.com.br\\\/deputado\\\/wp-content\\\/uploads\\\/2022\\\/06\\\/foto-2022-06-30-residencial-jardim-canguru.jpg\",\"keywords\":[\"dilma rousseff\",\"habita\u00e7\u00e3o\",\"lula\",\"minha casa minha vida\"],\"articleSection\":[\"Munic\u00edpios\",\"Not\u00edcias\"],\"inLanguage\":\"pt-BR\"},{\"@type\":\"WebPage\",\"@id\":\"https:\\\/\\\/vanderloubet.com.br\\\/deputado\\\/casas-entregues-por-bolsonaro-sao-do-programa-petista-minha-casa-minha-vida\\\/\",\"url\":\"https:\\\/\\\/vanderloubet.com.br\\\/deputado\\\/casas-entregues-por-bolsonaro-sao-do-programa-petista-minha-casa-minha-vida\\\/\",\"name\":\"Casas entregues por Bolsonaro s\u00e3o do programa petista Minha Casa Minha Vida\",\"isPartOf\":{\"@id\":\"https:\\\/\\\/vanderloubet.com.br\\\/deputado\\\/#website\"},\"primaryImageOfPage\":{\"@id\":\"https:\\\/\\\/vanderloubet.com.br\\\/deputado\\\/casas-entregues-por-bolsonaro-sao-do-programa-petista-minha-casa-minha-vida\\\/#primaryimage\"},\"image\":{\"@id\":\"https:\\\/\\\/vanderloubet.com.br\\\/deputado\\\/casas-entregues-por-bolsonaro-sao-do-programa-petista-minha-casa-minha-vida\\\/#primaryimage\"},\"thumbnailUrl\":\"https:\\\/\\\/vanderloubet.com.br\\\/deputado\\\/wp-content\\\/uploads\\\/2022\\\/06\\\/foto-2022-06-30-residencial-jardim-canguru.jpg\",\"datePublished\":\"2022-06-30T18:48:37+00:00\",\"dateModified\":\"2022-06-30T18:59:09+00:00\",\"description\":\"Maior programa habitacional do Brasil foi criado pelo governo Lula em 2009 e teve seu auge em 2015 no governo Dilma.\",\"breadcrumb\":{\"@id\":\"https:\\\/\\\/vanderloubet.com.br\\\/deputado\\\/casas-entregues-por-bolsonaro-sao-do-programa-petista-minha-casa-minha-vida\\\/#breadcrumb\"},\"inLanguage\":\"pt-BR\",\"potentialAction\":[{\"@type\":\"ReadAction\",\"target\":[\"https:\\\/\\\/vanderloubet.com.br\\\/deputado\\\/casas-entregues-por-bolsonaro-sao-do-programa-petista-minha-casa-minha-vida\\\/\"]}]},{\"@type\":\"ImageObject\",\"inLanguage\":\"pt-BR\",\"@id\":\"https:\\\/\\\/vanderloubet.com.br\\\/deputado\\\/casas-entregues-por-bolsonaro-sao-do-programa-petista-minha-casa-minha-vida\\\/#primaryimage\",\"url\":\"https:\\\/\\\/vanderloubet.com.br\\\/deputado\\\/wp-content\\\/uploads\\\/2022\\\/06\\\/foto-2022-06-30-residencial-jardim-canguru.jpg\",\"contentUrl\":\"https:\\\/\\\/vanderloubet.com.br\\\/deputado\\\/wp-content\\\/uploads\\\/2022\\\/06\\\/foto-2022-06-30-residencial-jardim-canguru.jpg\",\"width\":900,\"height\":675,\"caption\":\"Casas entregues por Bolsonaro s\u00e3o do programa petista Minha Casa Minha Vida\"},{\"@type\":\"BreadcrumbList\",\"@id\":\"https:\\\/\\\/vanderloubet.com.br\\\/deputado\\\/casas-entregues-por-bolsonaro-sao-do-programa-petista-minha-casa-minha-vida\\\/#breadcrumb\",\"itemListElement\":[{\"@type\":\"ListItem\",\"position\":1,\"name\":\"In\u00edcio\",\"item\":\"https:\\\/\\\/vanderloubet.com.br\\\/deputado\\\/\"},{\"@type\":\"ListItem\",\"position\":2,\"name\":\"Casas entregues por Bolsonaro s\u00e3o do programa petista Minha Casa Minha Vida\"}]},{\"@type\":\"WebSite\",\"@id\":\"https:\\\/\\\/vanderloubet.com.br\\\/deputado\\\/#website\",\"url\":\"https:\\\/\\\/vanderloubet.com.br\\\/deputado\\\/\",\"name\":\"Deputado Federal Vander Loubet\",\"description\":\"O Federal de MS\",\"publisher\":{\"@id\":\"https:\\\/\\\/vanderloubet.com.br\\\/deputado\\\/#organization\"},\"alternateName\":\"Deputado Vander\",\"potentialAction\":[{\"@type\":\"SearchAction\",\"target\":{\"@type\":\"EntryPoint\",\"urlTemplate\":\"https:\\\/\\\/vanderloubet.com.br\\\/deputado\\\/?s={search_term_string}\"},\"query-input\":{\"@type\":\"PropertyValueSpecification\",\"valueRequired\":true,\"valueName\":\"search_term_string\"}}],\"inLanguage\":\"pt-BR\"},{\"@type\":\"Organization\",\"@id\":\"https:\\\/\\\/vanderloubet.com.br\\\/deputado\\\/#organization\",\"name\":\"Deputado Federal Vander Loubet\",\"alternateName\":\"Deputado Vander\",\"url\":\"https:\\\/\\\/vanderloubet.com.br\\\/deputado\\\/\",\"logo\":{\"@type\":\"ImageObject\",\"inLanguage\":\"pt-BR\",\"@id\":\"https:\\\/\\\/vanderloubet.com.br\\\/deputado\\\/#\\\/schema\\\/logo\\\/image\\\/\",\"url\":\"https:\\\/\\\/vanderloubet.com.br\\\/deputado\\\/wp-content\\\/uploads\\\/2023\\\/06\\\/foto-2023-06-19-mandato-deputado-vander.jpg\",\"contentUrl\":\"https:\\\/\\\/vanderloubet.com.br\\\/deputado\\\/wp-content\\\/uploads\\\/2023\\\/06\\\/foto-2023-06-19-mandato-deputado-vander.jpg\",\"width\":1080,\"height\":1080,\"caption\":\"Deputado Federal Vander Loubet\"},\"image\":{\"@id\":\"https:\\\/\\\/vanderloubet.com.br\\\/deputado\\\/#\\\/schema\\\/logo\\\/image\\\/\"},\"sameAs\":[\"https:\\\/\\\/facebook.com\\\/deputadovander\",\"https:\\\/\\\/x.com\\\/vanderloubet\",\"https:\\\/\\\/instagram.com\\\/vanderloubet\",\"https:\\\/\\\/youtube.com\\\/vanderloubet\",\"https:\\\/\\\/tiktok.com\\\/@vanderloubetms\"]},{\"@type\":\"Person\",\"@id\":\"https:\\\/\\\/vanderloubet.com.br\\\/deputado\\\/#\\\/schema\\\/person\\\/15b51bd564532a8a68d9dec1b8eb890e\",\"name\":\"\u00c9der\",\"image\":{\"@type\":\"ImageObject\",\"inLanguage\":\"pt-BR\",\"@id\":\"https:\\\/\\\/vanderloubet.com.br\\\/deputado\\\/wp-content\\\/litespeed\\\/avatar\\\/88ca4090d9d5ab1c9495f6ca03b68efa.jpg?ver=1777058957\",\"url\":\"https:\\\/\\\/vanderloubet.com.br\\\/deputado\\\/wp-content\\\/litespeed\\\/avatar\\\/88ca4090d9d5ab1c9495f6ca03b68efa.jpg?ver=1777058957\",\"contentUrl\":\"https:\\\/\\\/vanderloubet.com.br\\\/deputado\\\/wp-content\\\/litespeed\\\/avatar\\\/88ca4090d9d5ab1c9495f6ca03b68efa.jpg?ver=1777058957\",\"caption\":\"\u00c9der\"}}]}<\/script>\n<!-- \/ Yoast SEO plugin. -->","yoast_head_json":{"title":"Casas entregues por Bolsonaro s\u00e3o do programa petista Minha Casa Minha Vida","description":"Maior programa habitacional do Brasil foi criado pelo governo Lula em 2009 e teve seu auge em 2015 no governo Dilma.","robots":{"index":"index","follow":"follow","max-snippet":"max-snippet:-1","max-image-preview":"max-image-preview:large","max-video-preview":"max-video-preview:-1"},"canonical":"https:\/\/vanderloubet.com.br\/deputado\/casas-entregues-por-bolsonaro-sao-do-programa-petista-minha-casa-minha-vida\/","og_locale":"pt_BR","og_type":"article","og_title":"Casas entregues por Bolsonaro s\u00e3o do programa petista Minha Casa Minha Vida","og_description":"Maior programa habitacional do Brasil foi criado pelo governo Lula em 2009 e teve seu auge em 2015 no governo Dilma.","og_url":"https:\/\/vanderloubet.com.br\/deputado\/casas-entregues-por-bolsonaro-sao-do-programa-petista-minha-casa-minha-vida\/","og_site_name":"Deputado Federal Vander Loubet","article_publisher":"https:\/\/facebook.com\/deputadovander","article_published_time":"2022-06-30T18:48:37+00:00","article_modified_time":"2022-06-30T18:59:09+00:00","og_image":[{"width":900,"height":675,"url":"http:\/\/vanderloubet.com.br\/deputado\/wp-content\/uploads\/2022\/06\/foto-2022-06-30-residencial-jardim-canguru.jpg","type":"image\/jpeg"}],"author":"\u00c9der","twitter_card":"summary_large_image","twitter_creator":"@vanderloubet","twitter_site":"@vanderloubet","schema":{"@context":"https:\/\/schema.org","@graph":[{"@type":"Article","@id":"https:\/\/vanderloubet.com.br\/deputado\/casas-entregues-por-bolsonaro-sao-do-programa-petista-minha-casa-minha-vida\/#article","isPartOf":{"@id":"https:\/\/vanderloubet.com.br\/deputado\/casas-entregues-por-bolsonaro-sao-do-programa-petista-minha-casa-minha-vida\/"},"author":{"name":"\u00c9der","@id":"https:\/\/vanderloubet.com.br\/deputado\/#\/schema\/person\/15b51bd564532a8a68d9dec1b8eb890e"},"headline":"Casas entregues por Bolsonaro s\u00e3o do programa petista Minha Casa Minha Vida","datePublished":"2022-06-30T18:48:37+00:00","dateModified":"2022-06-30T18:59:09+00:00","mainEntityOfPage":{"@id":"https:\/\/vanderloubet.com.br\/deputado\/casas-entregues-por-bolsonaro-sao-do-programa-petista-minha-casa-minha-vida\/"},"wordCount":450,"publisher":{"@id":"https:\/\/vanderloubet.com.br\/deputado\/#organization"},"image":{"@id":"https:\/\/vanderloubet.com.br\/deputado\/casas-entregues-por-bolsonaro-sao-do-programa-petista-minha-casa-minha-vida\/#primaryimage"},"thumbnailUrl":"https:\/\/vanderloubet.com.br\/deputado\/wp-content\/uploads\/2022\/06\/foto-2022-06-30-residencial-jardim-canguru.jpg","keywords":["dilma rousseff","habita\u00e7\u00e3o","lula","minha casa minha vida"],"articleSection":["Munic\u00edpios","Not\u00edcias"],"inLanguage":"pt-BR"},{"@type":"WebPage","@id":"https:\/\/vanderloubet.com.br\/deputado\/casas-entregues-por-bolsonaro-sao-do-programa-petista-minha-casa-minha-vida\/","url":"https:\/\/vanderloubet.com.br\/deputado\/casas-entregues-por-bolsonaro-sao-do-programa-petista-minha-casa-minha-vida\/","name":"Casas entregues por Bolsonaro s\u00e3o do programa petista Minha Casa Minha Vida","isPartOf":{"@id":"https:\/\/vanderloubet.com.br\/deputado\/#website"},"primaryImageOfPage":{"@id":"https:\/\/vanderloubet.com.br\/deputado\/casas-entregues-por-bolsonaro-sao-do-programa-petista-minha-casa-minha-vida\/#primaryimage"},"image":{"@id":"https:\/\/vanderloubet.com.br\/deputado\/casas-entregues-por-bolsonaro-sao-do-programa-petista-minha-casa-minha-vida\/#primaryimage"},"thumbnailUrl":"https:\/\/vanderloubet.com.br\/deputado\/wp-content\/uploads\/2022\/06\/foto-2022-06-30-residencial-jardim-canguru.jpg","datePublished":"2022-06-30T18:48:37+00:00","dateModified":"2022-06-30T18:59:09+00:00","description":"Maior programa habitacional do Brasil foi criado pelo governo Lula em 2009 e teve seu auge em 2015 no governo Dilma.","breadcrumb":{"@id":"https:\/\/vanderloubet.com.br\/deputado\/casas-entregues-por-bolsonaro-sao-do-programa-petista-minha-casa-minha-vida\/#breadcrumb"},"inLanguage":"pt-BR","potentialAction":[{"@type":"ReadAction","target":["https:\/\/vanderloubet.com.br\/deputado\/casas-entregues-por-bolsonaro-sao-do-programa-petista-minha-casa-minha-vida\/"]}]},{"@type":"ImageObject","inLanguage":"pt-BR","@id":"https:\/\/vanderloubet.com.br\/deputado\/casas-entregues-por-bolsonaro-sao-do-programa-petista-minha-casa-minha-vida\/#primaryimage","url":"https:\/\/vanderloubet.com.br\/deputado\/wp-content\/uploads\/2022\/06\/foto-2022-06-30-residencial-jardim-canguru.jpg","contentUrl":"https:\/\/vanderloubet.com.br\/deputado\/wp-content\/uploads\/2022\/06\/foto-2022-06-30-residencial-jardim-canguru.jpg","width":900,"height":675,"caption":"Casas entregues por Bolsonaro s\u00e3o do programa petista Minha Casa Minha Vida"},{"@type":"BreadcrumbList","@id":"https:\/\/vanderloubet.com.br\/deputado\/casas-entregues-por-bolsonaro-sao-do-programa-petista-minha-casa-minha-vida\/#breadcrumb","itemListElement":[{"@type":"ListItem","position":1,"name":"In\u00edcio","item":"https:\/\/vanderloubet.com.br\/deputado\/"},{"@type":"ListItem","position":2,"name":"Casas entregues por Bolsonaro s\u00e3o do programa petista Minha Casa Minha Vida"}]},{"@type":"WebSite","@id":"https:\/\/vanderloubet.com.br\/deputado\/#website","url":"https:\/\/vanderloubet.com.br\/deputado\/","name":"Deputado Federal Vander Loubet","description":"O Federal de MS","publisher":{"@id":"https:\/\/vanderloubet.com.br\/deputado\/#organization"},"alternateName":"Deputado Vander","potentialAction":[{"@type":"SearchAction","target":{"@type":"EntryPoint","urlTemplate":"https:\/\/vanderloubet.com.br\/deputado\/?s={search_term_string}"},"query-input":{"@type":"PropertyValueSpecification","valueRequired":true,"valueName":"search_term_string"}}],"inLanguage":"pt-BR"},{"@type":"Organization","@id":"https:\/\/vanderloubet.com.br\/deputado\/#organization","name":"Deputado Federal Vander Loubet","alternateName":"Deputado Vander","url":"https:\/\/vanderloubet.com.br\/deputado\/","logo":{"@type":"ImageObject","inLanguage":"pt-BR","@id":"https:\/\/vanderloubet.com.br\/deputado\/#\/schema\/logo\/image\/","url":"https:\/\/vanderloubet.com.br\/deputado\/wp-content\/uploads\/2023\/06\/foto-2023-06-19-mandato-deputado-vander.jpg","contentUrl":"https:\/\/vanderloubet.com.br\/deputado\/wp-content\/uploads\/2023\/06\/foto-2023-06-19-mandato-deputado-vander.jpg","width":1080,"height":1080,"caption":"Deputado Federal Vander Loubet"},"image":{"@id":"https:\/\/vanderloubet.com.br\/deputado\/#\/schema\/logo\/image\/"},"sameAs":["https:\/\/facebook.com\/deputadovander","https:\/\/x.com\/vanderloubet","https:\/\/instagram.com\/vanderloubet","https:\/\/youtube.com\/vanderloubet","https:\/\/tiktok.com\/@vanderloubetms"]},{"@type":"Person","@id":"https:\/\/vanderloubet.com.br\/deputado\/#\/schema\/person\/15b51bd564532a8a68d9dec1b8eb890e","name":"\u00c9der","image":{"@type":"ImageObject","inLanguage":"pt-BR","@id":"https:\/\/vanderloubet.com.br\/deputado\/wp-content\/litespeed\/avatar\/88ca4090d9d5ab1c9495f6ca03b68efa.jpg?ver=1777058957","url":"https:\/\/vanderloubet.com.br\/deputado\/wp-content\/litespeed\/avatar\/88ca4090d9d5ab1c9495f6ca03b68efa.jpg?ver=1777058957","contentUrl":"https:\/\/vanderloubet.com.br\/deputado\/wp-content\/litespeed\/avatar\/88ca4090d9d5ab1c9495f6ca03b68efa.jpg?ver=1777058957","caption":"\u00c9der"}}]}},"jetpack_featured_media_url":"https:\/\/vanderloubet.com.br\/deputado\/wp-content\/uploads\/2022\/06\/foto-2022-06-30-residencial-jardim-canguru.jpg","jetpack_sharing_enabled":true,"_links":{"self":[{"href":"https:\/\/vanderloubet.com.br\/deputado\/wp-json\/wp\/v2\/posts\/17701","targetHints":{"allow":["GET"]}}],"collection":[{"href":"https:\/\/vanderloubet.com.br\/deputado\/wp-json\/wp\/v2\/posts"}],"about":[{"href":"https:\/\/vanderloubet.com.br\/deputado\/wp-json\/wp\/v2\/types\/post"}],"author":[{"embeddable":true,"href":"https:\/\/vanderloubet.com.br\/deputado\/wp-json\/wp\/v2\/users\/2"}],"replies":[{"embeddable":true,"href":"https:\/\/vanderloubet.com.br\/deputado\/wp-json\/wp\/v2\/comments?post=17701"}],"version-history":[{"count":0,"href":"https:\/\/vanderloubet.com.br\/deputado\/wp-json\/wp\/v2\/posts\/17701\/revisions"}],"wp:featuredmedia":[{"embeddable":true,"href":"https:\/\/vanderloubet.com.br\/deputado\/wp-json\/wp\/v2\/media\/17702"}],"wp:attachment":[{"href":"https:\/\/vanderloubet.com.br\/deputado\/wp-json\/wp\/v2\/media?parent=17701"}],"wp:term":[{"taxonomy":"category","embeddable":true,"href":"https:\/\/vanderloubet.com.br\/deputado\/wp-json\/wp\/v2\/categories?post=17701"},{"taxonomy":"post_tag","embeddable":true,"href":"https:\/\/vanderloubet.com.br\/deputado\/wp-json\/wp\/v2\/tags?post=17701"}],"curies":[{"name":"wp","href":"https:\/\/api.w.org\/{rel}","templated":true}]}}