{"id":17686,"date":"2022-06-27T15:32:16","date_gmt":"2022-06-27T19:32:16","guid":{"rendered":"https:\/\/vanderloubet.com.br\/deputado\/?p=17686"},"modified":"2022-06-29T10:03:15","modified_gmt":"2022-06-29T14:03:15","slug":"na-camara-vander-defende-recursos-para-rodovias-estrategicas-da-rota-bioceanica","status":"publish","type":"post","link":"https:\/\/vanderloubet.com.br\/deputado\/na-camara-vander-defende-recursos-para-rodovias-estrategicas-da-rota-bioceanica\/","title":{"rendered":"Na C\u00e2mara, Vander defende recursos para rodovias estrat\u00e9gicas da Rota Bioce\u00e2nica"},"content":{"rendered":"<p>No dia 23 de junho, o deputado federal Vander Loubet (PT-MS) protocolou na Comiss\u00e3o Mista de Or\u00e7amento (CMO) do Congresso Nacional sete emendas ao texto do Projeto de Lei de Diretrizes Or\u00e7ament\u00e1rias para 2023 (PLN 5\/2022).<\/p>\n<p>Tr\u00eas das emendas fazem refer\u00eancia a investimentos em rodovias de Mato Grosso do Sul que s\u00e3o estrat\u00e9gicas para o projeto da Rota Bioce\u00e2nica, que ligar\u00e1 o Centro-Oeste brasileiro aos portos do norte do Chile (Iquique e Antofagasta), como alternativa ao portos de Santos (SP) e de Paranagu\u00e1 (PR) para o escoamento de exporta\u00e7\u00f5es para pa\u00edses asi\u00e1ticos.<\/p>\n<p>O deputado cobra o investimento de R$ 20 milh\u00f5es em obras de recupera\u00e7\u00e3o de trechos da BR-267, que corta o estado de leste a oeste, ligando Bataguassu a Porto Murtinho.<\/p>\n<p>Vander tamb\u00e9m reivindica a aplica\u00e7\u00e3o de R$ 10 milh\u00f5es na constru\u00e7\u00e3o do anel rodovi\u00e1rio de Tr\u00eas Lagoas, no entroncamento da BR-262 e BR-158.<\/p>\n<p>Argumenta que h\u00e1 a necessidade de tirar da cidade o grande tr\u00e1fego de carros e ve\u00edculos pesados (sobretudo aqueles que atendem empresas como Eldorado Celulose, Fibria Celulose e Cargill Agr\u00edcola), o que agilizaria a travessia pelo munic\u00edpio e contribuiria decisivamente para a redu\u00e7\u00e3o de acidentes de tr\u00e2nsito no meio urbano.<\/p>\n<p>O deputado lembrou que a bancada do estado colocou emendas nos or\u00e7amentos de 2019 e 2020 a fim de buscar a efetiva\u00e7\u00e3o da obra.<\/p>\n<p>Por fim, o parlamentar pantaneiro cobra a inser\u00e7\u00e3o no Or\u00e7amento da Uni\u00e3o de 2023 de R$ 100 milh\u00f5es para pavimenta\u00e7\u00e3o da BR-419 no trecho que se estende da liga\u00e7\u00e3o com a BR-163 at\u00e9 a BR-262, passando pelos munic\u00edpios de Rio Verde de Mato Grosso, Rio Negro, Aquidauana e Anast\u00e1cio, numa extens\u00e3o de 233 quil\u00f4metros.<\/p>\n<p>Vander defende que a obra integra os munic\u00edpios aos eixos de desenvolvimento da ind\u00fastria, do agroneg\u00f3cio e do turismo da regi\u00e3o. Al\u00e9m disso, a pavimenta\u00e7\u00e3o desse trecho da BR-419 ajudaria diretamente a aliviar o tr\u00e1fego da BR-163, ligando tamb\u00e9m o norte do Brasil com Porto Murtinho.<\/p>\n<p><em>(\u00c9der F. Yanaguita &#8211; Ascom\/Dep. Vander Loubet)<\/em><\/p>\n","protected":false},"excerpt":{"rendered":"<p>Deputado cobrou a destina\u00e7\u00e3o de recursos para BR-267 e BR-419, al\u00e9m do anel rodovi\u00e1rio de Tr\u00eas Lagoas (BR-262 e BR-158).<\/p>\n","protected":false},"author":2,"featured_media":13659,"comment_status":"closed","ping_status":"closed","sticky":false,"template":"","format":"standard","meta":{"jetpack_post_was_ever_published":false,"_jetpack_newsletter_access":"","_jetpack_dont_email_post_to_subs":false,"_jetpack_newsletter_tier_id":0,"_jetpack_memberships_contains_paywalled_content":false,"_jetpack_memberships_contains_paid_content":false,"footnotes":""},"categories":[2099,10],"tags":[2246,2285],"class_list":{"0":"post-17686","1":"post","2":"type-post","3":"status-publish","4":"format-standard","5":"has-post-thumbnail","7":"category-ms-noticias","8":"category-noticias","9":"tag-comissao-mista-de-orcamento","10":"tag-lei-de-diretrizes-orcamentarias"},"yoast_head":"<!-- This site is optimized with the Yoast SEO plugin v27.4 - https:\/\/yoast.com\/product\/yoast-seo-wordpress\/ -->\n<title>Na C\u00e2mara, Vander defende recursos para rodovias estrat\u00e9gicas da Rota Bioce\u00e2nica<\/title>\n<meta name=\"description\" content=\"Deputado cobrou a destina\u00e7\u00e3o de recursos para BR-267 e BR-419, al\u00e9m do anel rodovi\u00e1rio de Tr\u00eas Lagoas (BR-262 e BR-158).\" \/>\n<meta name=\"robots\" content=\"index, follow, max-snippet:-1, max-image-preview:large, max-video-preview:-1\" \/>\n<link rel=\"canonical\" href=\"https:\/\/vanderloubet.com.br\/deputado\/na-camara-vander-defende-recursos-para-rodovias-estrategicas-da-rota-bioceanica\/\" \/>\n<meta property=\"og:locale\" content=\"pt_BR\" \/>\n<meta property=\"og:type\" content=\"article\" \/>\n<meta property=\"og:title\" content=\"Na C\u00e2mara, Vander defende recursos para rodovias estrat\u00e9gicas da Rota Bioce\u00e2nica\" \/>\n<meta property=\"og:description\" content=\"Deputado cobrou a destina\u00e7\u00e3o de recursos para BR-267 e BR-419, al\u00e9m do anel rodovi\u00e1rio de Tr\u00eas Lagoas (BR-262 e BR-158).\" \/>\n<meta property=\"og:url\" content=\"https:\/\/vanderloubet.com.br\/deputado\/na-camara-vander-defende-recursos-para-rodovias-estrategicas-da-rota-bioceanica\/\" \/>\n<meta property=\"og:site_name\" content=\"Deputado Federal Vander Loubet\" \/>\n<meta property=\"article:publisher\" content=\"https:\/\/facebook.com\/deputadovander\" \/>\n<meta property=\"article:published_time\" content=\"2022-06-27T19:32:16+00:00\" \/>\n<meta property=\"article:modified_time\" content=\"2022-06-29T14:03:15+00:00\" \/>\n<meta property=\"og:image\" content=\"http:\/\/vanderloubet.com.br\/deputado\/wp-content\/uploads\/2018\/02\/foto-2018-02-22-deputado-vander-loubet.jpg\" \/>\n\t<meta property=\"og:image:width\" content=\"1080\" \/>\n\t<meta property=\"og:image:height\" content=\"720\" \/>\n\t<meta property=\"og:image:type\" content=\"image\/jpeg\" \/>\n<meta name=\"author\" content=\"\u00c9der\" \/>\n<meta name=\"twitter:card\" content=\"summary_large_image\" \/>\n<meta name=\"twitter:creator\" content=\"@vanderloubet\" \/>\n<meta name=\"twitter:site\" content=\"@vanderloubet\" \/>\n<script type=\"application\/ld+json\" class=\"yoast-schema-graph\">{\"@context\":\"https:\\\/\\\/schema.org\",\"@graph\":[{\"@type\":\"Article\",\"@id\":\"https:\\\/\\\/vanderloubet.com.br\\\/deputado\\\/na-camara-vander-defende-recursos-para-rodovias-estrategicas-da-rota-bioceanica\\\/#article\",\"isPartOf\":{\"@id\":\"https:\\\/\\\/vanderloubet.com.br\\\/deputado\\\/na-camara-vander-defende-recursos-para-rodovias-estrategicas-da-rota-bioceanica\\\/\"},\"author\":{\"name\":\"\u00c9der\",\"@id\":\"https:\\\/\\\/vanderloubet.com.br\\\/deputado\\\/#\\\/schema\\\/person\\\/15b51bd564532a8a68d9dec1b8eb890e\"},\"headline\":\"Na C\u00e2mara, Vander defende recursos para rodovias estrat\u00e9gicas da Rota Bioce\u00e2nica\",\"datePublished\":\"2022-06-27T19:32:16+00:00\",\"dateModified\":\"2022-06-29T14:03:15+00:00\",\"mainEntityOfPage\":{\"@id\":\"https:\\\/\\\/vanderloubet.com.br\\\/deputado\\\/na-camara-vander-defende-recursos-para-rodovias-estrategicas-da-rota-bioceanica\\\/\"},\"wordCount\":377,\"publisher\":{\"@id\":\"https:\\\/\\\/vanderloubet.com.br\\\/deputado\\\/#organization\"},\"image\":{\"@id\":\"https:\\\/\\\/vanderloubet.com.br\\\/deputado\\\/na-camara-vander-defende-recursos-para-rodovias-estrategicas-da-rota-bioceanica\\\/#primaryimage\"},\"thumbnailUrl\":\"https:\\\/\\\/vanderloubet.com.br\\\/deputado\\\/wp-content\\\/uploads\\\/2018\\\/02\\\/foto-2018-02-22-deputado-vander-loubet.jpg\",\"keywords\":[\"comiss\u00e3o mista de or\u00e7amento\",\"lei de diretrizes or\u00e7ament\u00e1rias\"],\"articleSection\":[\"Mato Grosso do Sul\",\"Not\u00edcias\"],\"inLanguage\":\"pt-BR\"},{\"@type\":\"WebPage\",\"@id\":\"https:\\\/\\\/vanderloubet.com.br\\\/deputado\\\/na-camara-vander-defende-recursos-para-rodovias-estrategicas-da-rota-bioceanica\\\/\",\"url\":\"https:\\\/\\\/vanderloubet.com.br\\\/deputado\\\/na-camara-vander-defende-recursos-para-rodovias-estrategicas-da-rota-bioceanica\\\/\",\"name\":\"Na C\u00e2mara, Vander defende recursos para rodovias estrat\u00e9gicas da Rota Bioce\u00e2nica\",\"isPartOf\":{\"@id\":\"https:\\\/\\\/vanderloubet.com.br\\\/deputado\\\/#website\"},\"primaryImageOfPage\":{\"@id\":\"https:\\\/\\\/vanderloubet.com.br\\\/deputado\\\/na-camara-vander-defende-recursos-para-rodovias-estrategicas-da-rota-bioceanica\\\/#primaryimage\"},\"image\":{\"@id\":\"https:\\\/\\\/vanderloubet.com.br\\\/deputado\\\/na-camara-vander-defende-recursos-para-rodovias-estrategicas-da-rota-bioceanica\\\/#primaryimage\"},\"thumbnailUrl\":\"https:\\\/\\\/vanderloubet.com.br\\\/deputado\\\/wp-content\\\/uploads\\\/2018\\\/02\\\/foto-2018-02-22-deputado-vander-loubet.jpg\",\"datePublished\":\"2022-06-27T19:32:16+00:00\",\"dateModified\":\"2022-06-29T14:03:15+00:00\",\"description\":\"Deputado cobrou a destina\u00e7\u00e3o de recursos para BR-267 e BR-419, al\u00e9m do anel rodovi\u00e1rio de Tr\u00eas Lagoas (BR-262 e BR-158).\",\"breadcrumb\":{\"@id\":\"https:\\\/\\\/vanderloubet.com.br\\\/deputado\\\/na-camara-vander-defende-recursos-para-rodovias-estrategicas-da-rota-bioceanica\\\/#breadcrumb\"},\"inLanguage\":\"pt-BR\",\"potentialAction\":[{\"@type\":\"ReadAction\",\"target\":[\"https:\\\/\\\/vanderloubet.com.br\\\/deputado\\\/na-camara-vander-defende-recursos-para-rodovias-estrategicas-da-rota-bioceanica\\\/\"]}]},{\"@type\":\"ImageObject\",\"inLanguage\":\"pt-BR\",\"@id\":\"https:\\\/\\\/vanderloubet.com.br\\\/deputado\\\/na-camara-vander-defende-recursos-para-rodovias-estrategicas-da-rota-bioceanica\\\/#primaryimage\",\"url\":\"https:\\\/\\\/vanderloubet.com.br\\\/deputado\\\/wp-content\\\/uploads\\\/2018\\\/02\\\/foto-2018-02-22-deputado-vander-loubet.jpg\",\"contentUrl\":\"https:\\\/\\\/vanderloubet.com.br\\\/deputado\\\/wp-content\\\/uploads\\\/2018\\\/02\\\/foto-2018-02-22-deputado-vander-loubet.jpg\",\"width\":1080,\"height\":720,\"caption\":\"Deputado Vander Loubet (Foto: Jo\u00e3o Cirilo)\"},{\"@type\":\"BreadcrumbList\",\"@id\":\"https:\\\/\\\/vanderloubet.com.br\\\/deputado\\\/na-camara-vander-defende-recursos-para-rodovias-estrategicas-da-rota-bioceanica\\\/#breadcrumb\",\"itemListElement\":[{\"@type\":\"ListItem\",\"position\":1,\"name\":\"In\u00edcio\",\"item\":\"https:\\\/\\\/vanderloubet.com.br\\\/deputado\\\/\"},{\"@type\":\"ListItem\",\"position\":2,\"name\":\"Na C\u00e2mara, Vander defende recursos para rodovias estrat\u00e9gicas da Rota Bioce\u00e2nica\"}]},{\"@type\":\"WebSite\",\"@id\":\"https:\\\/\\\/vanderloubet.com.br\\\/deputado\\\/#website\",\"url\":\"https:\\\/\\\/vanderloubet.com.br\\\/deputado\\\/\",\"name\":\"Deputado Federal Vander Loubet\",\"description\":\"O Federal de MS\",\"publisher\":{\"@id\":\"https:\\\/\\\/vanderloubet.com.br\\\/deputado\\\/#organization\"},\"alternateName\":\"Deputado Vander\",\"potentialAction\":[{\"@type\":\"SearchAction\",\"target\":{\"@type\":\"EntryPoint\",\"urlTemplate\":\"https:\\\/\\\/vanderloubet.com.br\\\/deputado\\\/?s={search_term_string}\"},\"query-input\":{\"@type\":\"PropertyValueSpecification\",\"valueRequired\":true,\"valueName\":\"search_term_string\"}}],\"inLanguage\":\"pt-BR\"},{\"@type\":\"Organization\",\"@id\":\"https:\\\/\\\/vanderloubet.com.br\\\/deputado\\\/#organization\",\"name\":\"Deputado Federal Vander Loubet\",\"alternateName\":\"Deputado Vander\",\"url\":\"https:\\\/\\\/vanderloubet.com.br\\\/deputado\\\/\",\"logo\":{\"@type\":\"ImageObject\",\"inLanguage\":\"pt-BR\",\"@id\":\"https:\\\/\\\/vanderloubet.com.br\\\/deputado\\\/#\\\/schema\\\/logo\\\/image\\\/\",\"url\":\"https:\\\/\\\/vanderloubet.com.br\\\/deputado\\\/wp-content\\\/uploads\\\/2023\\\/06\\\/foto-2023-06-19-mandato-deputado-vander.jpg\",\"contentUrl\":\"https:\\\/\\\/vanderloubet.com.br\\\/deputado\\\/wp-content\\\/uploads\\\/2023\\\/06\\\/foto-2023-06-19-mandato-deputado-vander.jpg\",\"width\":1080,\"height\":1080,\"caption\":\"Deputado Federal Vander Loubet\"},\"image\":{\"@id\":\"https:\\\/\\\/vanderloubet.com.br\\\/deputado\\\/#\\\/schema\\\/logo\\\/image\\\/\"},\"sameAs\":[\"https:\\\/\\\/facebook.com\\\/deputadovander\",\"https:\\\/\\\/x.com\\\/vanderloubet\",\"https:\\\/\\\/instagram.com\\\/vanderloubet\",\"https:\\\/\\\/youtube.com\\\/vanderloubet\",\"https:\\\/\\\/tiktok.com\\\/@vanderloubetms\"]},{\"@type\":\"Person\",\"@id\":\"https:\\\/\\\/vanderloubet.com.br\\\/deputado\\\/#\\\/schema\\\/person\\\/15b51bd564532a8a68d9dec1b8eb890e\",\"name\":\"\u00c9der\",\"image\":{\"@type\":\"ImageObject\",\"inLanguage\":\"pt-BR\",\"@id\":\"https:\\\/\\\/vanderloubet.com.br\\\/deputado\\\/wp-content\\\/litespeed\\\/avatar\\\/88ca4090d9d5ab1c9495f6ca03b68efa.jpg?ver=1777058957\",\"url\":\"https:\\\/\\\/vanderloubet.com.br\\\/deputado\\\/wp-content\\\/litespeed\\\/avatar\\\/88ca4090d9d5ab1c9495f6ca03b68efa.jpg?ver=1777058957\",\"contentUrl\":\"https:\\\/\\\/vanderloubet.com.br\\\/deputado\\\/wp-content\\\/litespeed\\\/avatar\\\/88ca4090d9d5ab1c9495f6ca03b68efa.jpg?ver=1777058957\",\"caption\":\"\u00c9der\"}}]}<\/script>\n<!-- \/ Yoast SEO plugin. -->","yoast_head_json":{"title":"Na C\u00e2mara, Vander defende recursos para rodovias estrat\u00e9gicas da Rota Bioce\u00e2nica","description":"Deputado cobrou a destina\u00e7\u00e3o de recursos para BR-267 e BR-419, al\u00e9m do anel rodovi\u00e1rio de Tr\u00eas Lagoas (BR-262 e BR-158).","robots":{"index":"index","follow":"follow","max-snippet":"max-snippet:-1","max-image-preview":"max-image-preview:large","max-video-preview":"max-video-preview:-1"},"canonical":"https:\/\/vanderloubet.com.br\/deputado\/na-camara-vander-defende-recursos-para-rodovias-estrategicas-da-rota-bioceanica\/","og_locale":"pt_BR","og_type":"article","og_title":"Na C\u00e2mara, Vander defende recursos para rodovias estrat\u00e9gicas da Rota Bioce\u00e2nica","og_description":"Deputado cobrou a destina\u00e7\u00e3o de recursos para BR-267 e BR-419, al\u00e9m do anel rodovi\u00e1rio de Tr\u00eas Lagoas (BR-262 e BR-158).","og_url":"https:\/\/vanderloubet.com.br\/deputado\/na-camara-vander-defende-recursos-para-rodovias-estrategicas-da-rota-bioceanica\/","og_site_name":"Deputado Federal Vander Loubet","article_publisher":"https:\/\/facebook.com\/deputadovander","article_published_time":"2022-06-27T19:32:16+00:00","article_modified_time":"2022-06-29T14:03:15+00:00","og_image":[{"width":1080,"height":720,"url":"http:\/\/vanderloubet.com.br\/deputado\/wp-content\/uploads\/2018\/02\/foto-2018-02-22-deputado-vander-loubet.jpg","type":"image\/jpeg"}],"author":"\u00c9der","twitter_card":"summary_large_image","twitter_creator":"@vanderloubet","twitter_site":"@vanderloubet","schema":{"@context":"https:\/\/schema.org","@graph":[{"@type":"Article","@id":"https:\/\/vanderloubet.com.br\/deputado\/na-camara-vander-defende-recursos-para-rodovias-estrategicas-da-rota-bioceanica\/#article","isPartOf":{"@id":"https:\/\/vanderloubet.com.br\/deputado\/na-camara-vander-defende-recursos-para-rodovias-estrategicas-da-rota-bioceanica\/"},"author":{"name":"\u00c9der","@id":"https:\/\/vanderloubet.com.br\/deputado\/#\/schema\/person\/15b51bd564532a8a68d9dec1b8eb890e"},"headline":"Na C\u00e2mara, Vander defende recursos para rodovias estrat\u00e9gicas da Rota Bioce\u00e2nica","datePublished":"2022-06-27T19:32:16+00:00","dateModified":"2022-06-29T14:03:15+00:00","mainEntityOfPage":{"@id":"https:\/\/vanderloubet.com.br\/deputado\/na-camara-vander-defende-recursos-para-rodovias-estrategicas-da-rota-bioceanica\/"},"wordCount":377,"publisher":{"@id":"https:\/\/vanderloubet.com.br\/deputado\/#organization"},"image":{"@id":"https:\/\/vanderloubet.com.br\/deputado\/na-camara-vander-defende-recursos-para-rodovias-estrategicas-da-rota-bioceanica\/#primaryimage"},"thumbnailUrl":"https:\/\/vanderloubet.com.br\/deputado\/wp-content\/uploads\/2018\/02\/foto-2018-02-22-deputado-vander-loubet.jpg","keywords":["comiss\u00e3o mista de or\u00e7amento","lei de diretrizes or\u00e7ament\u00e1rias"],"articleSection":["Mato Grosso do Sul","Not\u00edcias"],"inLanguage":"pt-BR"},{"@type":"WebPage","@id":"https:\/\/vanderloubet.com.br\/deputado\/na-camara-vander-defende-recursos-para-rodovias-estrategicas-da-rota-bioceanica\/","url":"https:\/\/vanderloubet.com.br\/deputado\/na-camara-vander-defende-recursos-para-rodovias-estrategicas-da-rota-bioceanica\/","name":"Na C\u00e2mara, Vander defende recursos para rodovias estrat\u00e9gicas da Rota Bioce\u00e2nica","isPartOf":{"@id":"https:\/\/vanderloubet.com.br\/deputado\/#website"},"primaryImageOfPage":{"@id":"https:\/\/vanderloubet.com.br\/deputado\/na-camara-vander-defende-recursos-para-rodovias-estrategicas-da-rota-bioceanica\/#primaryimage"},"image":{"@id":"https:\/\/vanderloubet.com.br\/deputado\/na-camara-vander-defende-recursos-para-rodovias-estrategicas-da-rota-bioceanica\/#primaryimage"},"thumbnailUrl":"https:\/\/vanderloubet.com.br\/deputado\/wp-content\/uploads\/2018\/02\/foto-2018-02-22-deputado-vander-loubet.jpg","datePublished":"2022-06-27T19:32:16+00:00","dateModified":"2022-06-29T14:03:15+00:00","description":"Deputado cobrou a destina\u00e7\u00e3o de recursos para BR-267 e BR-419, al\u00e9m do anel rodovi\u00e1rio de Tr\u00eas Lagoas (BR-262 e BR-158).","breadcrumb":{"@id":"https:\/\/vanderloubet.com.br\/deputado\/na-camara-vander-defende-recursos-para-rodovias-estrategicas-da-rota-bioceanica\/#breadcrumb"},"inLanguage":"pt-BR","potentialAction":[{"@type":"ReadAction","target":["https:\/\/vanderloubet.com.br\/deputado\/na-camara-vander-defende-recursos-para-rodovias-estrategicas-da-rota-bioceanica\/"]}]},{"@type":"ImageObject","inLanguage":"pt-BR","@id":"https:\/\/vanderloubet.com.br\/deputado\/na-camara-vander-defende-recursos-para-rodovias-estrategicas-da-rota-bioceanica\/#primaryimage","url":"https:\/\/vanderloubet.com.br\/deputado\/wp-content\/uploads\/2018\/02\/foto-2018-02-22-deputado-vander-loubet.jpg","contentUrl":"https:\/\/vanderloubet.com.br\/deputado\/wp-content\/uploads\/2018\/02\/foto-2018-02-22-deputado-vander-loubet.jpg","width":1080,"height":720,"caption":"Deputado Vander Loubet (Foto: Jo\u00e3o Cirilo)"},{"@type":"BreadcrumbList","@id":"https:\/\/vanderloubet.com.br\/deputado\/na-camara-vander-defende-recursos-para-rodovias-estrategicas-da-rota-bioceanica\/#breadcrumb","itemListElement":[{"@type":"ListItem","position":1,"name":"In\u00edcio","item":"https:\/\/vanderloubet.com.br\/deputado\/"},{"@type":"ListItem","position":2,"name":"Na C\u00e2mara, Vander defende recursos para rodovias estrat\u00e9gicas da Rota Bioce\u00e2nica"}]},{"@type":"WebSite","@id":"https:\/\/vanderloubet.com.br\/deputado\/#website","url":"https:\/\/vanderloubet.com.br\/deputado\/","name":"Deputado Federal Vander Loubet","description":"O Federal de MS","publisher":{"@id":"https:\/\/vanderloubet.com.br\/deputado\/#organization"},"alternateName":"Deputado Vander","potentialAction":[{"@type":"SearchAction","target":{"@type":"EntryPoint","urlTemplate":"https:\/\/vanderloubet.com.br\/deputado\/?s={search_term_string}"},"query-input":{"@type":"PropertyValueSpecification","valueRequired":true,"valueName":"search_term_string"}}],"inLanguage":"pt-BR"},{"@type":"Organization","@id":"https:\/\/vanderloubet.com.br\/deputado\/#organization","name":"Deputado Federal Vander Loubet","alternateName":"Deputado Vander","url":"https:\/\/vanderloubet.com.br\/deputado\/","logo":{"@type":"ImageObject","inLanguage":"pt-BR","@id":"https:\/\/vanderloubet.com.br\/deputado\/#\/schema\/logo\/image\/","url":"https:\/\/vanderloubet.com.br\/deputado\/wp-content\/uploads\/2023\/06\/foto-2023-06-19-mandato-deputado-vander.jpg","contentUrl":"https:\/\/vanderloubet.com.br\/deputado\/wp-content\/uploads\/2023\/06\/foto-2023-06-19-mandato-deputado-vander.jpg","width":1080,"height":1080,"caption":"Deputado Federal Vander Loubet"},"image":{"@id":"https:\/\/vanderloubet.com.br\/deputado\/#\/schema\/logo\/image\/"},"sameAs":["https:\/\/facebook.com\/deputadovander","https:\/\/x.com\/vanderloubet","https:\/\/instagram.com\/vanderloubet","https:\/\/youtube.com\/vanderloubet","https:\/\/tiktok.com\/@vanderloubetms"]},{"@type":"Person","@id":"https:\/\/vanderloubet.com.br\/deputado\/#\/schema\/person\/15b51bd564532a8a68d9dec1b8eb890e","name":"\u00c9der","image":{"@type":"ImageObject","inLanguage":"pt-BR","@id":"https:\/\/vanderloubet.com.br\/deputado\/wp-content\/litespeed\/avatar\/88ca4090d9d5ab1c9495f6ca03b68efa.jpg?ver=1777058957","url":"https:\/\/vanderloubet.com.br\/deputado\/wp-content\/litespeed\/avatar\/88ca4090d9d5ab1c9495f6ca03b68efa.jpg?ver=1777058957","contentUrl":"https:\/\/vanderloubet.com.br\/deputado\/wp-content\/litespeed\/avatar\/88ca4090d9d5ab1c9495f6ca03b68efa.jpg?ver=1777058957","caption":"\u00c9der"}}]}},"jetpack_featured_media_url":"https:\/\/vanderloubet.com.br\/deputado\/wp-content\/uploads\/2018\/02\/foto-2018-02-22-deputado-vander-loubet.jpg","jetpack_sharing_enabled":true,"_links":{"self":[{"href":"https:\/\/vanderloubet.com.br\/deputado\/wp-json\/wp\/v2\/posts\/17686","targetHints":{"allow":["GET"]}}],"collection":[{"href":"https:\/\/vanderloubet.com.br\/deputado\/wp-json\/wp\/v2\/posts"}],"about":[{"href":"https:\/\/vanderloubet.com.br\/deputado\/wp-json\/wp\/v2\/types\/post"}],"author":[{"embeddable":true,"href":"https:\/\/vanderloubet.com.br\/deputado\/wp-json\/wp\/v2\/users\/2"}],"replies":[{"embeddable":true,"href":"https:\/\/vanderloubet.com.br\/deputado\/wp-json\/wp\/v2\/comments?post=17686"}],"version-history":[{"count":0,"href":"https:\/\/vanderloubet.com.br\/deputado\/wp-json\/wp\/v2\/posts\/17686\/revisions"}],"wp:featuredmedia":[{"embeddable":true,"href":"https:\/\/vanderloubet.com.br\/deputado\/wp-json\/wp\/v2\/media\/13659"}],"wp:attachment":[{"href":"https:\/\/vanderloubet.com.br\/deputado\/wp-json\/wp\/v2\/media?parent=17686"}],"wp:term":[{"taxonomy":"category","embeddable":true,"href":"https:\/\/vanderloubet.com.br\/deputado\/wp-json\/wp\/v2\/categories?post=17686"},{"taxonomy":"post_tag","embeddable":true,"href":"https:\/\/vanderloubet.com.br\/deputado\/wp-json\/wp\/v2\/tags?post=17686"}],"curies":[{"name":"wp","href":"https:\/\/api.w.org\/{rel}","templated":true}]}}