{"id":17648,"date":"2022-05-25T13:59:46","date_gmt":"2022-05-25T17:59:46","guid":{"rendered":"https:\/\/vanderloubet.com.br\/deputado\/?p=17648"},"modified":"2023-05-11T18:58:40","modified_gmt":"2023-05-11T22:58:40","slug":"parceria-entre-vander-e-ufms-no-corredor-bioceanico-se-transforma-em-e-book","status":"publish","type":"post","link":"https:\/\/vanderloubet.com.br\/deputado\/parceria-entre-vander-e-ufms-no-corredor-bioceanico-se-transforma-em-e-book\/","title":{"rendered":"Parceria entre Vander e UFMS no Corredor Bioce\u00e2nico se transforma em e-book"},"content":{"rendered":"<p>Empres\u00e1rios, agentes p\u00fablicos e popula\u00e7\u00e3o em geral j\u00e1 podem acessar o <a href=\"https:\/\/vanderloubet.com.br\/deputado\/mais\/corredor-bioceanico\/\">e-book &#8220;Apontamentos sobre o Corredor Bioce\u00e2nico Brasil-Norte do Chile: Economia, Log\u00edstica, Direito, Hist\u00f3ria e Turismo&#8221;<\/a>. O material foi disponibilizado gratuitamente e apresenta os resultados do Projeto Multidisciplinar Corredor Bioce\u00e2nico da Universidade Federal de Mato Grosso do Sul (UFMS).<\/p>\n<p>A pesquisa foi desenvolvida com recursos de emenda parlamentar do deputado federal Vander Loubet (PT-MS), que \u00e9 natural de Porto Murtinho, onde est\u00e1 sendo constru\u00edda a ponte que ligar\u00e1 o munic\u00edpio brasileiro \u00e0 cidade paraguaia de Carmelo Peralta.<\/p>\n<p>O projeto de pesquisa e extens\u00e3o aborda os desafios e as oportunidades geradas pela constru\u00e7\u00e3o da Rota Bioce\u00e2nica, que passar\u00e1 por cidades do Brasil, Paraguai, Argentina e Chile. Foram realizados estudos nos cinco eixos elencados no t\u00edtulo do e-book: log\u00edstica, economia, turismo, direito e hist\u00f3ria.<\/p>\n<p>&#8220;\u00c9 uma publica\u00e7\u00e3o que pode nortear, orientar e servir de fonte para formula\u00e7\u00e3o de pol\u00edticas p\u00fablicas, para decis\u00e3o de investimentos privados no caminho da rota, para definir a\u00e7\u00f5es de empres\u00e1rios, empreendedores ou agricultores familiares. \u00c9 poss\u00edvel consultar esse material para ter informa\u00e7\u00f5es de \u00e1reas essenciais sobre a rota&#8221;, explica o coordenador do Projeto Corredor Bioce\u00e2nico da UFMS, Erick Wilke.<\/p>\n<p>&#8220;Esse material de pesquisa \u00e9 uma oportunidade para que as pessoas possam ter mais conhecimento a respeito dessa rota, inclusive trazer investimentos, porque a Regi\u00e3o Sudoeste \u00e9 uma das mais esquecidas do nosso estado e a expectativa \u00e9 que ela se desenvolva com a constru\u00e7\u00e3o do Corredor Bioce\u00e2nico&#8221;, afirma o deputado Vander.<\/p>\n<p>Foram dois anos de trabalho de pesquisa e extens\u00e3o. Os estudos foram realizados pelos pesquisadores Luciane Cristina Carvalho (Esan\/UFMS), Edgar Aparecido da Costa (Cpan\/UFMS), D\u00e9bora Fittipaldi Gon\u00e7alves (Uems), Francisco Bayardo Barbosa (Faeng\/UFMS), Ynes da Silva F\u00e9lix (Fadir\/UFMS) e o historiador Eronildo Barbosa, al\u00e9m de acad\u00eamicos bolsistas que participaram do projeto. Entre as a\u00e7\u00f5es de extens\u00e3o realizadas est\u00e3o cursos, oficinas e eventos online.<\/p>\n<p>O e-book foi lan\u00e7ado na \u00faltima segunda-feira (23), durante a apresenta\u00e7\u00e3o dos resultados das pesquisas do Projeto Corredor Bioce\u00e2nico da UFMS.<\/p>\n<p>A Rota Bioce\u00e2nica possibilitar\u00e1 a conex\u00e3o vi\u00e1ria do Centro-Oeste brasileiro aos portos chilenos de Antofagasta e Iquique, no Pac\u00edfico. O tema tamb\u00e9m \u00e9 debatido pela UFMS em outros projetos, como a UniRILA (Rede Universit\u00e1ria da Rota de Integra\u00e7\u00e3o Latino Americana).<\/p>\n<p>Para baixar o e-book &#8220;Apontamentos sobre o Corredor Bioce\u00e2nico Brasil-Norte do Chile: Economia, Log\u00edstica, Direito, Hist\u00f3ria e Turismo&#8221;, basta acessar o endere\u00e7o <a href=\"https:\/\/www.corredorbioceanico.ufms.br\/sobre\" rel=\"noopener\" target=\"_blank\">www.corredorbioceanico.ufms.br\/sobre<\/a> ou <a href=\"https:\/\/www.vanderloubet.com.br\/deputado\/mais\/corredor-bioceanico\" rel=\"noopener\" target=\"_blank\">www.vanderloubet.com.br\/deputado\/mais\/corredor-bioceanico<\/a>.<\/p>\n<p><em>(Fonte: Assessoria de Comunica\u00e7\u00e3o\/Projeto Multidisciplinar Corredor Bioce\u00e2nico UFMS)<\/em><\/p>\n\r\n                <style type=\"text\/css\">\r\n                    \r\n                    #tdi_1  .td-doubleSlider-2 .td-item1 {\r\n                        background: url(https:\/\/vanderloubet.com.br\/deputado\/wp-content\/uploads\/2022\/05\/foto-2022-05-23-corredor-bioceanico-02-80x60.jpg) 0 0 no-repeat;\r\n                    }\r\n                    #tdi_1  .td-doubleSlider-2 .td-item2 {\r\n                        background: url(https:\/\/vanderloubet.com.br\/deputado\/wp-content\/uploads\/2022\/05\/foto-2022-05-23-corredor-bioceanico-03-80x60.jpg) 0 0 no-repeat;\r\n                    }\r\n                    #tdi_1  .td-doubleSlider-2 .td-item3 {\r\n                        background: url(https:\/\/vanderloubet.com.br\/deputado\/wp-content\/uploads\/2022\/05\/foto-2022-05-23-corredor-bioceanico-04-80x60.jpg) 0 0 no-repeat;\r\n                    }\r\n                    #tdi_1  .td-doubleSlider-2 .td-item4 {\r\n                        background: url(https:\/\/vanderloubet.com.br\/deputado\/wp-content\/uploads\/2022\/05\/foto-2022-05-23-corredor-bioceanico-05-80x60.jpg) 0 0 no-repeat;\r\n                    }\r\n                    #tdi_1  .td-doubleSlider-2 .td-item5 {\r\n                        background: url(https:\/\/vanderloubet.com.br\/deputado\/wp-content\/uploads\/2022\/05\/foto-2022-05-23-corredor-bioceanico-06-80x60.jpg) 0 0 no-repeat;\r\n                    }\r\n                    #tdi_1  .td-doubleSlider-2 .td-item6 {\r\n                        background: url(https:\/\/vanderloubet.com.br\/deputado\/wp-content\/uploads\/2022\/05\/foto-2022-05-23-corredor-bioceanico-01-80x60.jpg) 0 0 no-repeat;\r\n                    }\r\n                <\/style>\r\n\r\n                <div id=\"tdi_1\" class=\"td-gallery td-slide-on-2-columns\">\r\n                    <div class=\"post_td_gallery\">\r\n                        <div class=\"td-gallery-slide-top\">\r\n                           <div class=\"td-gallery-title\"><\/div>\r\n\r\n                            <div class=\"td-gallery-controls-wrapper\">\r\n                                <div class=\"td-gallery-slide-count\"><span class=\"td-gallery-slide-item-focus\">1<\/span> de 6<\/div>\r\n                                <div class=\"td-gallery-slide-prev-next-but\">\r\n                                    <i class = \"td-icon-left doubleSliderPrevButton\"><\/i>\r\n                                    <i class = \"td-icon-right doubleSliderNextButton\"><\/i>\r\n                                <\/div>\r\n                            <\/div>\r\n                        <\/div>\r\n\r\n                        <div class = \"td-doubleSlider-1 \">\r\n                            <div class = \"td-slider\">\r\n                                \r\n                    <div class = \"td-slide-item td-item1\">\r\n                        <figure class=\"td-slide-galery-figure td-slide-popup-gallery\">\r\n                            <a class=\"slide-gallery-image-link\" href=\"https:\/\/vanderloubet.com.br\/deputado\/wp-content\/uploads\/2022\/05\/foto-2022-05-23-corredor-bioceanico-02.jpg\" title=\"Parceria entre Vander e UFMS no Corredor Bioce\u00e2nico se transforma em e-book\"  data-caption=\"\"  data-description=\"Parceria entre Vander e UFMS no Corredor Bioce&acirc;nico se transforma em e-book\">\r\n                                <img decoding=\"async\" src=\"https:\/\/vanderloubet.com.br\/deputado\/wp-content\/uploads\/2022\/05\/foto-2022-05-23-corredor-bioceanico-02-630x420.jpg\" srcset=\"https:\/\/vanderloubet.com.br\/deputado\/wp-content\/uploads\/2022\/05\/foto-2022-05-23-corredor-bioceanico-02-630x420.jpg 630w, https:\/\/vanderloubet.com.br\/deputado\/wp-content\/uploads\/2022\/05\/foto-2022-05-23-corredor-bioceanico-02-350x233.jpg 350w, https:\/\/vanderloubet.com.br\/deputado\/wp-content\/uploads\/2022\/05\/foto-2022-05-23-corredor-bioceanico-02-768x512.jpg 768w, https:\/\/vanderloubet.com.br\/deputado\/wp-content\/uploads\/2022\/05\/foto-2022-05-23-corredor-bioceanico-02-700x467.jpg 700w, https:\/\/vanderloubet.com.br\/deputado\/wp-content\/uploads\/2022\/05\/foto-2022-05-23-corredor-bioceanico-02-696x464.jpg 696w, https:\/\/vanderloubet.com.br\/deputado\/wp-content\/uploads\/2022\/05\/foto-2022-05-23-corredor-bioceanico-02.jpg 900w\" sizes=\"(max-width: 630px) 100vw, 630px\" alt=\"Parceria entre Vander e UFMS no Corredor Bioce&acirc;nico se transforma em e-book\">\r\n                            <\/a>\r\n                            <figcaption class = \"td-slide-caption td-gallery-slide-content\"><span>Parceria entre Vander e UFMS no Corredor Bioce\u00e2nico se transforma em e-book<\/span><\/figcaption>\r\n                        <\/figure>\r\n                    <\/div>\r\n                    <div class = \"td-slide-item td-item2\">\r\n                        <figure class=\"td-slide-galery-figure td-slide-popup-gallery\">\r\n                            <a class=\"slide-gallery-image-link\" href=\"https:\/\/vanderloubet.com.br\/deputado\/wp-content\/uploads\/2022\/05\/foto-2022-05-23-corredor-bioceanico-03.jpg\" title=\"Parceria entre Vander e UFMS no Corredor Bioce\u00e2nico se transforma em e-book\"  data-caption=\"\"  data-description=\"Parceria entre Vander e UFMS no Corredor Bioce&acirc;nico se transforma em e-book\">\r\n                                <img decoding=\"async\" src=\"https:\/\/vanderloubet.com.br\/deputado\/wp-content\/uploads\/2022\/05\/foto-2022-05-23-corredor-bioceanico-03-630x420.jpg\" srcset=\"https:\/\/vanderloubet.com.br\/deputado\/wp-content\/uploads\/2022\/05\/foto-2022-05-23-corredor-bioceanico-03-630x420.jpg 630w, https:\/\/vanderloubet.com.br\/deputado\/wp-content\/uploads\/2022\/05\/foto-2022-05-23-corredor-bioceanico-03-350x233.jpg 350w, https:\/\/vanderloubet.com.br\/deputado\/wp-content\/uploads\/2022\/05\/foto-2022-05-23-corredor-bioceanico-03-768x512.jpg 768w, https:\/\/vanderloubet.com.br\/deputado\/wp-content\/uploads\/2022\/05\/foto-2022-05-23-corredor-bioceanico-03-700x467.jpg 700w, https:\/\/vanderloubet.com.br\/deputado\/wp-content\/uploads\/2022\/05\/foto-2022-05-23-corredor-bioceanico-03-696x464.jpg 696w, https:\/\/vanderloubet.com.br\/deputado\/wp-content\/uploads\/2022\/05\/foto-2022-05-23-corredor-bioceanico-03.jpg 900w\" sizes=\"(max-width: 630px) 100vw, 630px\" alt=\"Parceria entre Vander e UFMS no Corredor Bioce&acirc;nico se transforma em e-book\">\r\n                            <\/a>\r\n                            <figcaption class = \"td-slide-caption td-gallery-slide-content\"><span>Parceria entre Vander e UFMS no Corredor Bioce\u00e2nico se transforma em e-book<\/span><\/figcaption>\r\n                        <\/figure>\r\n                    <\/div>\r\n                    <div class = \"td-slide-item td-item3\">\r\n                        <figure class=\"td-slide-galery-figure td-slide-popup-gallery\">\r\n                            <a class=\"slide-gallery-image-link\" href=\"https:\/\/vanderloubet.com.br\/deputado\/wp-content\/uploads\/2022\/05\/foto-2022-05-23-corredor-bioceanico-04.jpg\" title=\"Parceria entre Vander e UFMS no Corredor Bioce\u00e2nico se transforma em e-book\"  data-caption=\"\"  data-description=\"Parceria entre Vander e UFMS no Corredor Bioce&acirc;nico se transforma em e-book\">\r\n                                <img decoding=\"async\" src=\"https:\/\/vanderloubet.com.br\/deputado\/wp-content\/uploads\/2022\/05\/foto-2022-05-23-corredor-bioceanico-04-630x420.jpg\" srcset=\"https:\/\/vanderloubet.com.br\/deputado\/wp-content\/uploads\/2022\/05\/foto-2022-05-23-corredor-bioceanico-04-630x420.jpg 630w, https:\/\/vanderloubet.com.br\/deputado\/wp-content\/uploads\/2022\/05\/foto-2022-05-23-corredor-bioceanico-04-350x233.jpg 350w, https:\/\/vanderloubet.com.br\/deputado\/wp-content\/uploads\/2022\/05\/foto-2022-05-23-corredor-bioceanico-04-768x512.jpg 768w, https:\/\/vanderloubet.com.br\/deputado\/wp-content\/uploads\/2022\/05\/foto-2022-05-23-corredor-bioceanico-04-700x467.jpg 700w, https:\/\/vanderloubet.com.br\/deputado\/wp-content\/uploads\/2022\/05\/foto-2022-05-23-corredor-bioceanico-04-696x464.jpg 696w, https:\/\/vanderloubet.com.br\/deputado\/wp-content\/uploads\/2022\/05\/foto-2022-05-23-corredor-bioceanico-04.jpg 900w\" sizes=\"(max-width: 630px) 100vw, 630px\" alt=\"Parceria entre Vander e UFMS no Corredor Bioce&acirc;nico se transforma em e-book\">\r\n                            <\/a>\r\n                            <figcaption class = \"td-slide-caption td-gallery-slide-content\"><span>Parceria entre Vander e UFMS no Corredor Bioce\u00e2nico se transforma em e-book<\/span><\/figcaption>\r\n                        <\/figure>\r\n                    <\/div>\r\n                    <div class = \"td-slide-item td-item4\">\r\n                        <figure class=\"td-slide-galery-figure td-slide-popup-gallery\">\r\n                            <a class=\"slide-gallery-image-link\" href=\"https:\/\/vanderloubet.com.br\/deputado\/wp-content\/uploads\/2022\/05\/foto-2022-05-23-corredor-bioceanico-05.jpg\" title=\"Parceria entre Vander e UFMS no Corredor Bioce\u00e2nico se transforma em e-book\"  data-caption=\"\"  data-description=\"Parceria entre Vander e UFMS no Corredor Bioce&acirc;nico se transforma em e-book\">\r\n                                <img decoding=\"async\" src=\"https:\/\/vanderloubet.com.br\/deputado\/wp-content\/uploads\/2022\/05\/foto-2022-05-23-corredor-bioceanico-05-630x420.jpg\" srcset=\"https:\/\/vanderloubet.com.br\/deputado\/wp-content\/uploads\/2022\/05\/foto-2022-05-23-corredor-bioceanico-05-630x420.jpg 630w, https:\/\/vanderloubet.com.br\/deputado\/wp-content\/uploads\/2022\/05\/foto-2022-05-23-corredor-bioceanico-05-350x233.jpg 350w, https:\/\/vanderloubet.com.br\/deputado\/wp-content\/uploads\/2022\/05\/foto-2022-05-23-corredor-bioceanico-05-768x512.jpg 768w, https:\/\/vanderloubet.com.br\/deputado\/wp-content\/uploads\/2022\/05\/foto-2022-05-23-corredor-bioceanico-05-700x467.jpg 700w, https:\/\/vanderloubet.com.br\/deputado\/wp-content\/uploads\/2022\/05\/foto-2022-05-23-corredor-bioceanico-05-696x464.jpg 696w, https:\/\/vanderloubet.com.br\/deputado\/wp-content\/uploads\/2022\/05\/foto-2022-05-23-corredor-bioceanico-05.jpg 900w\" sizes=\"(max-width: 630px) 100vw, 630px\" alt=\"Parceria entre Vander e UFMS no Corredor Bioce&acirc;nico se transforma em e-book\">\r\n                            <\/a>\r\n                            <figcaption class = \"td-slide-caption td-gallery-slide-content\"><span>Parceria entre Vander e UFMS no Corredor Bioce\u00e2nico se transforma em e-book<\/span><\/figcaption>\r\n                        <\/figure>\r\n                    <\/div>\r\n                    <div class = \"td-slide-item td-item5\">\r\n                        <figure class=\"td-slide-galery-figure td-slide-popup-gallery\">\r\n                            <a class=\"slide-gallery-image-link\" href=\"https:\/\/vanderloubet.com.br\/deputado\/wp-content\/uploads\/2022\/05\/foto-2022-05-23-corredor-bioceanico-06.jpg\" title=\"Parceria entre Vander e UFMS no Corredor Bioce\u00e2nico se transforma em e-book\"  data-caption=\"\"  data-description=\"Parceria entre Vander e UFMS no Corredor Bioce&acirc;nico se transforma em e-book\">\r\n                                <img decoding=\"async\" src=\"https:\/\/vanderloubet.com.br\/deputado\/wp-content\/uploads\/2022\/05\/foto-2022-05-23-corredor-bioceanico-06-630x420.jpg\" srcset=\"https:\/\/vanderloubet.com.br\/deputado\/wp-content\/uploads\/2022\/05\/foto-2022-05-23-corredor-bioceanico-06-630x420.jpg 630w, https:\/\/vanderloubet.com.br\/deputado\/wp-content\/uploads\/2022\/05\/foto-2022-05-23-corredor-bioceanico-06-350x233.jpg 350w, https:\/\/vanderloubet.com.br\/deputado\/wp-content\/uploads\/2022\/05\/foto-2022-05-23-corredor-bioceanico-06-768x512.jpg 768w, https:\/\/vanderloubet.com.br\/deputado\/wp-content\/uploads\/2022\/05\/foto-2022-05-23-corredor-bioceanico-06-700x467.jpg 700w, https:\/\/vanderloubet.com.br\/deputado\/wp-content\/uploads\/2022\/05\/foto-2022-05-23-corredor-bioceanico-06-696x464.jpg 696w, https:\/\/vanderloubet.com.br\/deputado\/wp-content\/uploads\/2022\/05\/foto-2022-05-23-corredor-bioceanico-06.jpg 900w\" sizes=\"(max-width: 630px) 100vw, 630px\" alt=\"Parceria entre Vander e UFMS no Corredor Bioce&acirc;nico se transforma em e-book\">\r\n                            <\/a>\r\n                            <figcaption class = \"td-slide-caption td-gallery-slide-content\"><span>Parceria entre Vander e UFMS no Corredor Bioce\u00e2nico se transforma em e-book<\/span><\/figcaption>\r\n                        <\/figure>\r\n                    <\/div>\r\n                    <div class = \"td-slide-item td-item6\">\r\n                        <figure class=\"td-slide-galery-figure td-slide-popup-gallery\">\r\n                            <a class=\"slide-gallery-image-link\" href=\"https:\/\/vanderloubet.com.br\/deputado\/wp-content\/uploads\/2022\/05\/foto-2022-05-23-corredor-bioceanico-01.jpg\" title=\"Parceria entre Vander e UFMS no Corredor Bioce\u00e2nico se transforma em e-book\"  data-caption=\"\"  data-description=\"Parceria entre Vander e UFMS no Corredor Bioce&acirc;nico se transforma em e-book\">\r\n                                <img decoding=\"async\" src=\"https:\/\/vanderloubet.com.br\/deputado\/wp-content\/uploads\/2022\/05\/foto-2022-05-23-corredor-bioceanico-01-630x420.jpg\" srcset=\"https:\/\/vanderloubet.com.br\/deputado\/wp-content\/uploads\/2022\/05\/foto-2022-05-23-corredor-bioceanico-01-630x420.jpg 630w, https:\/\/vanderloubet.com.br\/deputado\/wp-content\/uploads\/2022\/05\/foto-2022-05-23-corredor-bioceanico-01-350x233.jpg 350w, https:\/\/vanderloubet.com.br\/deputado\/wp-content\/uploads\/2022\/05\/foto-2022-05-23-corredor-bioceanico-01-768x512.jpg 768w, https:\/\/vanderloubet.com.br\/deputado\/wp-content\/uploads\/2022\/05\/foto-2022-05-23-corredor-bioceanico-01-700x467.jpg 700w, https:\/\/vanderloubet.com.br\/deputado\/wp-content\/uploads\/2022\/05\/foto-2022-05-23-corredor-bioceanico-01-696x464.jpg 696w, https:\/\/vanderloubet.com.br\/deputado\/wp-content\/uploads\/2022\/05\/foto-2022-05-23-corredor-bioceanico-01.jpg 900w\" sizes=\"(max-width: 630px) 100vw, 630px\" alt=\"Parceria entre Vander e UFMS no Corredor Bioce&acirc;nico se transforma em e-book\">\r\n                            <\/a>\r\n                            <figcaption class = \"td-slide-caption td-gallery-slide-content\"><span>Parceria entre Vander e UFMS no Corredor Bioce\u00e2nico se transforma em e-book<\/span><\/figcaption>\r\n                        <\/figure>\r\n                    <\/div>\r\n                            <\/div>\r\n                        <\/div>\r\n\r\n                        <div class = \"td-doubleSlider-2\">\r\n                            <div class = \"td-slider\">\r\n                                \r\n                    <div class = \"td-button td-item1\">\r\n                        <div class = \"td-border\"><\/div>\r\n                    <\/div>\r\n                    <div class = \"td-button td-item2\">\r\n                        <div class = \"td-border\"><\/div>\r\n                    <\/div>\r\n                    <div class = \"td-button td-item3\">\r\n                        <div class = \"td-border\"><\/div>\r\n                    <\/div>\r\n                    <div class = \"td-button td-item4\">\r\n                        <div class = \"td-border\"><\/div>\r\n                    <\/div>\r\n                    <div class = \"td-button td-item5\">\r\n                        <div class = \"td-border\"><\/div>\r\n                    <\/div>\r\n                    <div class = \"td-button td-item6\">\r\n                        <div class = \"td-border\"><\/div>\r\n                    <\/div>\r\n                            <\/div>\r\n                        <\/div>\r\n\r\n                    <\/div>\r\n\r\n                <\/div>\r\n                \n","protected":false},"excerpt":{"rendered":"<p>O livro \u00e9 resultado de pesquisa realizada pela Universidade por meio de recursos de emenda parlamentar do deputado pantaneiro.<\/p>\n","protected":false},"author":2,"featured_media":17649,"comment_status":"closed","ping_status":"closed","sticky":false,"template":"","format":"standard","meta":{"jetpack_post_was_ever_published":false,"_jetpack_newsletter_access":"","_jetpack_dont_email_post_to_subs":false,"_jetpack_newsletter_tier_id":0,"_jetpack_memberships_contains_paywalled_content":false,"_jetpack_memberships_contains_paid_content":false,"footnotes":""},"categories":[2099,10],"tags":[2423,697,2127,2346],"class_list":{"0":"post-17648","1":"post","2":"type-post","3":"status-publish","4":"format-standard","5":"has-post-thumbnail","7":"category-ms-noticias","8":"category-noticias","9":"tag-corredor-bioceanico","10":"tag-educacao","11":"tag-emenda-parlamentar","12":"tag-rota-bioceanica"},"yoast_head":"<!-- This site is optimized with the Yoast SEO plugin v27.4 - https:\/\/yoast.com\/product\/yoast-seo-wordpress\/ -->\n<title>Parceria entre Vander e UFMS no Corredor Bioce\u00e2nico se transforma em e-book<\/title>\n<meta name=\"description\" content=\"O livro \u00e9 resultado de pesquisa realizada pela Universidade por meio de recursos de emenda parlamentar do deputado pantaneiro.\" \/>\n<meta name=\"robots\" content=\"index, follow, max-snippet:-1, max-image-preview:large, max-video-preview:-1\" \/>\n<link rel=\"canonical\" href=\"https:\/\/vanderloubet.com.br\/deputado\/parceria-entre-vander-e-ufms-no-corredor-bioceanico-se-transforma-em-e-book\/\" \/>\n<meta property=\"og:locale\" content=\"pt_BR\" \/>\n<meta property=\"og:type\" content=\"article\" \/>\n<meta property=\"og:title\" content=\"Parceria entre Vander e UFMS no Corredor Bioce\u00e2nico se transforma em e-book\" \/>\n<meta property=\"og:description\" content=\"O livro \u00e9 resultado de pesquisa realizada pela Universidade por meio de recursos de emenda parlamentar do deputado pantaneiro.\" \/>\n<meta property=\"og:url\" content=\"https:\/\/vanderloubet.com.br\/deputado\/parceria-entre-vander-e-ufms-no-corredor-bioceanico-se-transforma-em-e-book\/\" \/>\n<meta property=\"og:site_name\" content=\"Deputado Federal Vander Loubet\" \/>\n<meta property=\"article:publisher\" content=\"https:\/\/facebook.com\/deputadovander\" \/>\n<meta property=\"article:published_time\" content=\"2022-05-25T17:59:46+00:00\" \/>\n<meta property=\"article:modified_time\" content=\"2023-05-11T22:58:40+00:00\" \/>\n<meta property=\"og:image\" content=\"https:\/\/vanderloubet.com.br\/deputado\/wp-content\/uploads\/2022\/05\/foto-2022-05-23-corredor-bioceanico-01.jpg\" \/>\n\t<meta property=\"og:image:width\" content=\"900\" \/>\n\t<meta property=\"og:image:height\" content=\"600\" \/>\n\t<meta property=\"og:image:type\" content=\"image\/jpeg\" \/>\n<meta name=\"author\" content=\"\u00c9der\" \/>\n<meta name=\"twitter:card\" content=\"summary_large_image\" \/>\n<meta name=\"twitter:creator\" content=\"@vanderloubet\" \/>\n<meta name=\"twitter:site\" content=\"@vanderloubet\" \/>\n<script type=\"application\/ld+json\" class=\"yoast-schema-graph\">{\"@context\":\"https:\\\/\\\/schema.org\",\"@graph\":[{\"@type\":\"Article\",\"@id\":\"https:\\\/\\\/vanderloubet.com.br\\\/deputado\\\/parceria-entre-vander-e-ufms-no-corredor-bioceanico-se-transforma-em-e-book\\\/#article\",\"isPartOf\":{\"@id\":\"https:\\\/\\\/vanderloubet.com.br\\\/deputado\\\/parceria-entre-vander-e-ufms-no-corredor-bioceanico-se-transforma-em-e-book\\\/\"},\"author\":{\"name\":\"\u00c9der\",\"@id\":\"https:\\\/\\\/vanderloubet.com.br\\\/deputado\\\/#\\\/schema\\\/person\\\/15b51bd564532a8a68d9dec1b8eb890e\"},\"headline\":\"Parceria entre Vander e UFMS no Corredor Bioce\u00e2nico se transforma em e-book\",\"datePublished\":\"2022-05-25T17:59:46+00:00\",\"dateModified\":\"2023-05-11T22:58:40+00:00\",\"mainEntityOfPage\":{\"@id\":\"https:\\\/\\\/vanderloubet.com.br\\\/deputado\\\/parceria-entre-vander-e-ufms-no-corredor-bioceanico-se-transforma-em-e-book\\\/\"},\"wordCount\":480,\"publisher\":{\"@id\":\"https:\\\/\\\/vanderloubet.com.br\\\/deputado\\\/#organization\"},\"image\":{\"@id\":\"https:\\\/\\\/vanderloubet.com.br\\\/deputado\\\/parceria-entre-vander-e-ufms-no-corredor-bioceanico-se-transforma-em-e-book\\\/#primaryimage\"},\"thumbnailUrl\":\"https:\\\/\\\/vanderloubet.com.br\\\/deputado\\\/wp-content\\\/uploads\\\/2022\\\/05\\\/foto-2022-05-23-corredor-bioceanico-01.jpg\",\"keywords\":[\"corredor bioce\u00e2nico\",\"educa\u00e7\u00e3o\",\"emenda parlamentar\",\"rota bioce\u00e2nica\"],\"articleSection\":[\"Mato Grosso do Sul\",\"Not\u00edcias\"],\"inLanguage\":\"pt-BR\"},{\"@type\":\"WebPage\",\"@id\":\"https:\\\/\\\/vanderloubet.com.br\\\/deputado\\\/parceria-entre-vander-e-ufms-no-corredor-bioceanico-se-transforma-em-e-book\\\/\",\"url\":\"https:\\\/\\\/vanderloubet.com.br\\\/deputado\\\/parceria-entre-vander-e-ufms-no-corredor-bioceanico-se-transforma-em-e-book\\\/\",\"name\":\"Parceria entre Vander e UFMS no Corredor Bioce\u00e2nico se transforma em e-book\",\"isPartOf\":{\"@id\":\"https:\\\/\\\/vanderloubet.com.br\\\/deputado\\\/#website\"},\"primaryImageOfPage\":{\"@id\":\"https:\\\/\\\/vanderloubet.com.br\\\/deputado\\\/parceria-entre-vander-e-ufms-no-corredor-bioceanico-se-transforma-em-e-book\\\/#primaryimage\"},\"image\":{\"@id\":\"https:\\\/\\\/vanderloubet.com.br\\\/deputado\\\/parceria-entre-vander-e-ufms-no-corredor-bioceanico-se-transforma-em-e-book\\\/#primaryimage\"},\"thumbnailUrl\":\"https:\\\/\\\/vanderloubet.com.br\\\/deputado\\\/wp-content\\\/uploads\\\/2022\\\/05\\\/foto-2022-05-23-corredor-bioceanico-01.jpg\",\"datePublished\":\"2022-05-25T17:59:46+00:00\",\"dateModified\":\"2023-05-11T22:58:40+00:00\",\"description\":\"O livro \u00e9 resultado de pesquisa realizada pela Universidade por meio de recursos de emenda parlamentar do deputado pantaneiro.\",\"breadcrumb\":{\"@id\":\"https:\\\/\\\/vanderloubet.com.br\\\/deputado\\\/parceria-entre-vander-e-ufms-no-corredor-bioceanico-se-transforma-em-e-book\\\/#breadcrumb\"},\"inLanguage\":\"pt-BR\",\"potentialAction\":[{\"@type\":\"ReadAction\",\"target\":[\"https:\\\/\\\/vanderloubet.com.br\\\/deputado\\\/parceria-entre-vander-e-ufms-no-corredor-bioceanico-se-transforma-em-e-book\\\/\"]}]},{\"@type\":\"ImageObject\",\"inLanguage\":\"pt-BR\",\"@id\":\"https:\\\/\\\/vanderloubet.com.br\\\/deputado\\\/parceria-entre-vander-e-ufms-no-corredor-bioceanico-se-transforma-em-e-book\\\/#primaryimage\",\"url\":\"https:\\\/\\\/vanderloubet.com.br\\\/deputado\\\/wp-content\\\/uploads\\\/2022\\\/05\\\/foto-2022-05-23-corredor-bioceanico-01.jpg\",\"contentUrl\":\"https:\\\/\\\/vanderloubet.com.br\\\/deputado\\\/wp-content\\\/uploads\\\/2022\\\/05\\\/foto-2022-05-23-corredor-bioceanico-01.jpg\",\"width\":900,\"height\":600,\"caption\":\"Parceria entre Vander e UFMS no Corredor Bioce\u00e2nico se transforma em e-book\"},{\"@type\":\"BreadcrumbList\",\"@id\":\"https:\\\/\\\/vanderloubet.com.br\\\/deputado\\\/parceria-entre-vander-e-ufms-no-corredor-bioceanico-se-transforma-em-e-book\\\/#breadcrumb\",\"itemListElement\":[{\"@type\":\"ListItem\",\"position\":1,\"name\":\"In\u00edcio\",\"item\":\"https:\\\/\\\/vanderloubet.com.br\\\/deputado\\\/\"},{\"@type\":\"ListItem\",\"position\":2,\"name\":\"Parceria entre Vander e UFMS no Corredor Bioce\u00e2nico se transforma em e-book\"}]},{\"@type\":\"WebSite\",\"@id\":\"https:\\\/\\\/vanderloubet.com.br\\\/deputado\\\/#website\",\"url\":\"https:\\\/\\\/vanderloubet.com.br\\\/deputado\\\/\",\"name\":\"Deputado Federal Vander Loubet\",\"description\":\"O Federal de MS\",\"publisher\":{\"@id\":\"https:\\\/\\\/vanderloubet.com.br\\\/deputado\\\/#organization\"},\"alternateName\":\"Deputado Vander\",\"potentialAction\":[{\"@type\":\"SearchAction\",\"target\":{\"@type\":\"EntryPoint\",\"urlTemplate\":\"https:\\\/\\\/vanderloubet.com.br\\\/deputado\\\/?s={search_term_string}\"},\"query-input\":{\"@type\":\"PropertyValueSpecification\",\"valueRequired\":true,\"valueName\":\"search_term_string\"}}],\"inLanguage\":\"pt-BR\"},{\"@type\":\"Organization\",\"@id\":\"https:\\\/\\\/vanderloubet.com.br\\\/deputado\\\/#organization\",\"name\":\"Deputado Federal Vander Loubet\",\"alternateName\":\"Deputado Vander\",\"url\":\"https:\\\/\\\/vanderloubet.com.br\\\/deputado\\\/\",\"logo\":{\"@type\":\"ImageObject\",\"inLanguage\":\"pt-BR\",\"@id\":\"https:\\\/\\\/vanderloubet.com.br\\\/deputado\\\/#\\\/schema\\\/logo\\\/image\\\/\",\"url\":\"https:\\\/\\\/vanderloubet.com.br\\\/deputado\\\/wp-content\\\/uploads\\\/2023\\\/06\\\/foto-2023-06-19-mandato-deputado-vander.jpg\",\"contentUrl\":\"https:\\\/\\\/vanderloubet.com.br\\\/deputado\\\/wp-content\\\/uploads\\\/2023\\\/06\\\/foto-2023-06-19-mandato-deputado-vander.jpg\",\"width\":1080,\"height\":1080,\"caption\":\"Deputado Federal Vander Loubet\"},\"image\":{\"@id\":\"https:\\\/\\\/vanderloubet.com.br\\\/deputado\\\/#\\\/schema\\\/logo\\\/image\\\/\"},\"sameAs\":[\"https:\\\/\\\/facebook.com\\\/deputadovander\",\"https:\\\/\\\/x.com\\\/vanderloubet\",\"https:\\\/\\\/instagram.com\\\/vanderloubet\",\"https:\\\/\\\/youtube.com\\\/vanderloubet\",\"https:\\\/\\\/tiktok.com\\\/@vanderloubetms\"]},{\"@type\":\"Person\",\"@id\":\"https:\\\/\\\/vanderloubet.com.br\\\/deputado\\\/#\\\/schema\\\/person\\\/15b51bd564532a8a68d9dec1b8eb890e\",\"name\":\"\u00c9der\",\"image\":{\"@type\":\"ImageObject\",\"inLanguage\":\"pt-BR\",\"@id\":\"https:\\\/\\\/vanderloubet.com.br\\\/deputado\\\/wp-content\\\/litespeed\\\/avatar\\\/88ca4090d9d5ab1c9495f6ca03b68efa.jpg?ver=1777058957\",\"url\":\"https:\\\/\\\/vanderloubet.com.br\\\/deputado\\\/wp-content\\\/litespeed\\\/avatar\\\/88ca4090d9d5ab1c9495f6ca03b68efa.jpg?ver=1777058957\",\"contentUrl\":\"https:\\\/\\\/vanderloubet.com.br\\\/deputado\\\/wp-content\\\/litespeed\\\/avatar\\\/88ca4090d9d5ab1c9495f6ca03b68efa.jpg?ver=1777058957\",\"caption\":\"\u00c9der\"}}]}<\/script>\n<!-- \/ Yoast SEO plugin. -->","yoast_head_json":{"title":"Parceria entre Vander e UFMS no Corredor Bioce\u00e2nico se transforma em e-book","description":"O livro \u00e9 resultado de pesquisa realizada pela Universidade por meio de recursos de emenda parlamentar do deputado pantaneiro.","robots":{"index":"index","follow":"follow","max-snippet":"max-snippet:-1","max-image-preview":"max-image-preview:large","max-video-preview":"max-video-preview:-1"},"canonical":"https:\/\/vanderloubet.com.br\/deputado\/parceria-entre-vander-e-ufms-no-corredor-bioceanico-se-transforma-em-e-book\/","og_locale":"pt_BR","og_type":"article","og_title":"Parceria entre Vander e UFMS no Corredor Bioce\u00e2nico se transforma em e-book","og_description":"O livro \u00e9 resultado de pesquisa realizada pela Universidade por meio de recursos de emenda parlamentar do deputado pantaneiro.","og_url":"https:\/\/vanderloubet.com.br\/deputado\/parceria-entre-vander-e-ufms-no-corredor-bioceanico-se-transforma-em-e-book\/","og_site_name":"Deputado Federal Vander Loubet","article_publisher":"https:\/\/facebook.com\/deputadovander","article_published_time":"2022-05-25T17:59:46+00:00","article_modified_time":"2023-05-11T22:58:40+00:00","og_image":[{"width":900,"height":600,"url":"https:\/\/vanderloubet.com.br\/deputado\/wp-content\/uploads\/2022\/05\/foto-2022-05-23-corredor-bioceanico-01.jpg","type":"image\/jpeg"}],"author":"\u00c9der","twitter_card":"summary_large_image","twitter_creator":"@vanderloubet","twitter_site":"@vanderloubet","schema":{"@context":"https:\/\/schema.org","@graph":[{"@type":"Article","@id":"https:\/\/vanderloubet.com.br\/deputado\/parceria-entre-vander-e-ufms-no-corredor-bioceanico-se-transforma-em-e-book\/#article","isPartOf":{"@id":"https:\/\/vanderloubet.com.br\/deputado\/parceria-entre-vander-e-ufms-no-corredor-bioceanico-se-transforma-em-e-book\/"},"author":{"name":"\u00c9der","@id":"https:\/\/vanderloubet.com.br\/deputado\/#\/schema\/person\/15b51bd564532a8a68d9dec1b8eb890e"},"headline":"Parceria entre Vander e UFMS no Corredor Bioce\u00e2nico se transforma em e-book","datePublished":"2022-05-25T17:59:46+00:00","dateModified":"2023-05-11T22:58:40+00:00","mainEntityOfPage":{"@id":"https:\/\/vanderloubet.com.br\/deputado\/parceria-entre-vander-e-ufms-no-corredor-bioceanico-se-transforma-em-e-book\/"},"wordCount":480,"publisher":{"@id":"https:\/\/vanderloubet.com.br\/deputado\/#organization"},"image":{"@id":"https:\/\/vanderloubet.com.br\/deputado\/parceria-entre-vander-e-ufms-no-corredor-bioceanico-se-transforma-em-e-book\/#primaryimage"},"thumbnailUrl":"https:\/\/vanderloubet.com.br\/deputado\/wp-content\/uploads\/2022\/05\/foto-2022-05-23-corredor-bioceanico-01.jpg","keywords":["corredor bioce\u00e2nico","educa\u00e7\u00e3o","emenda parlamentar","rota bioce\u00e2nica"],"articleSection":["Mato Grosso do Sul","Not\u00edcias"],"inLanguage":"pt-BR"},{"@type":"WebPage","@id":"https:\/\/vanderloubet.com.br\/deputado\/parceria-entre-vander-e-ufms-no-corredor-bioceanico-se-transforma-em-e-book\/","url":"https:\/\/vanderloubet.com.br\/deputado\/parceria-entre-vander-e-ufms-no-corredor-bioceanico-se-transforma-em-e-book\/","name":"Parceria entre Vander e UFMS no Corredor Bioce\u00e2nico se transforma em e-book","isPartOf":{"@id":"https:\/\/vanderloubet.com.br\/deputado\/#website"},"primaryImageOfPage":{"@id":"https:\/\/vanderloubet.com.br\/deputado\/parceria-entre-vander-e-ufms-no-corredor-bioceanico-se-transforma-em-e-book\/#primaryimage"},"image":{"@id":"https:\/\/vanderloubet.com.br\/deputado\/parceria-entre-vander-e-ufms-no-corredor-bioceanico-se-transforma-em-e-book\/#primaryimage"},"thumbnailUrl":"https:\/\/vanderloubet.com.br\/deputado\/wp-content\/uploads\/2022\/05\/foto-2022-05-23-corredor-bioceanico-01.jpg","datePublished":"2022-05-25T17:59:46+00:00","dateModified":"2023-05-11T22:58:40+00:00","description":"O livro \u00e9 resultado de pesquisa realizada pela Universidade por meio de recursos de emenda parlamentar do deputado pantaneiro.","breadcrumb":{"@id":"https:\/\/vanderloubet.com.br\/deputado\/parceria-entre-vander-e-ufms-no-corredor-bioceanico-se-transforma-em-e-book\/#breadcrumb"},"inLanguage":"pt-BR","potentialAction":[{"@type":"ReadAction","target":["https:\/\/vanderloubet.com.br\/deputado\/parceria-entre-vander-e-ufms-no-corredor-bioceanico-se-transforma-em-e-book\/"]}]},{"@type":"ImageObject","inLanguage":"pt-BR","@id":"https:\/\/vanderloubet.com.br\/deputado\/parceria-entre-vander-e-ufms-no-corredor-bioceanico-se-transforma-em-e-book\/#primaryimage","url":"https:\/\/vanderloubet.com.br\/deputado\/wp-content\/uploads\/2022\/05\/foto-2022-05-23-corredor-bioceanico-01.jpg","contentUrl":"https:\/\/vanderloubet.com.br\/deputado\/wp-content\/uploads\/2022\/05\/foto-2022-05-23-corredor-bioceanico-01.jpg","width":900,"height":600,"caption":"Parceria entre Vander e UFMS no Corredor Bioce\u00e2nico se transforma em e-book"},{"@type":"BreadcrumbList","@id":"https:\/\/vanderloubet.com.br\/deputado\/parceria-entre-vander-e-ufms-no-corredor-bioceanico-se-transforma-em-e-book\/#breadcrumb","itemListElement":[{"@type":"ListItem","position":1,"name":"In\u00edcio","item":"https:\/\/vanderloubet.com.br\/deputado\/"},{"@type":"ListItem","position":2,"name":"Parceria entre Vander e UFMS no Corredor Bioce\u00e2nico se transforma em e-book"}]},{"@type":"WebSite","@id":"https:\/\/vanderloubet.com.br\/deputado\/#website","url":"https:\/\/vanderloubet.com.br\/deputado\/","name":"Deputado Federal Vander Loubet","description":"O Federal de MS","publisher":{"@id":"https:\/\/vanderloubet.com.br\/deputado\/#organization"},"alternateName":"Deputado Vander","potentialAction":[{"@type":"SearchAction","target":{"@type":"EntryPoint","urlTemplate":"https:\/\/vanderloubet.com.br\/deputado\/?s={search_term_string}"},"query-input":{"@type":"PropertyValueSpecification","valueRequired":true,"valueName":"search_term_string"}}],"inLanguage":"pt-BR"},{"@type":"Organization","@id":"https:\/\/vanderloubet.com.br\/deputado\/#organization","name":"Deputado Federal Vander Loubet","alternateName":"Deputado Vander","url":"https:\/\/vanderloubet.com.br\/deputado\/","logo":{"@type":"ImageObject","inLanguage":"pt-BR","@id":"https:\/\/vanderloubet.com.br\/deputado\/#\/schema\/logo\/image\/","url":"https:\/\/vanderloubet.com.br\/deputado\/wp-content\/uploads\/2023\/06\/foto-2023-06-19-mandato-deputado-vander.jpg","contentUrl":"https:\/\/vanderloubet.com.br\/deputado\/wp-content\/uploads\/2023\/06\/foto-2023-06-19-mandato-deputado-vander.jpg","width":1080,"height":1080,"caption":"Deputado Federal Vander Loubet"},"image":{"@id":"https:\/\/vanderloubet.com.br\/deputado\/#\/schema\/logo\/image\/"},"sameAs":["https:\/\/facebook.com\/deputadovander","https:\/\/x.com\/vanderloubet","https:\/\/instagram.com\/vanderloubet","https:\/\/youtube.com\/vanderloubet","https:\/\/tiktok.com\/@vanderloubetms"]},{"@type":"Person","@id":"https:\/\/vanderloubet.com.br\/deputado\/#\/schema\/person\/15b51bd564532a8a68d9dec1b8eb890e","name":"\u00c9der","image":{"@type":"ImageObject","inLanguage":"pt-BR","@id":"https:\/\/vanderloubet.com.br\/deputado\/wp-content\/litespeed\/avatar\/88ca4090d9d5ab1c9495f6ca03b68efa.jpg?ver=1777058957","url":"https:\/\/vanderloubet.com.br\/deputado\/wp-content\/litespeed\/avatar\/88ca4090d9d5ab1c9495f6ca03b68efa.jpg?ver=1777058957","contentUrl":"https:\/\/vanderloubet.com.br\/deputado\/wp-content\/litespeed\/avatar\/88ca4090d9d5ab1c9495f6ca03b68efa.jpg?ver=1777058957","caption":"\u00c9der"}}]}},"jetpack_featured_media_url":"https:\/\/vanderloubet.com.br\/deputado\/wp-content\/uploads\/2022\/05\/foto-2022-05-23-corredor-bioceanico-01.jpg","jetpack_sharing_enabled":true,"_links":{"self":[{"href":"https:\/\/vanderloubet.com.br\/deputado\/wp-json\/wp\/v2\/posts\/17648","targetHints":{"allow":["GET"]}}],"collection":[{"href":"https:\/\/vanderloubet.com.br\/deputado\/wp-json\/wp\/v2\/posts"}],"about":[{"href":"https:\/\/vanderloubet.com.br\/deputado\/wp-json\/wp\/v2\/types\/post"}],"author":[{"embeddable":true,"href":"https:\/\/vanderloubet.com.br\/deputado\/wp-json\/wp\/v2\/users\/2"}],"replies":[{"embeddable":true,"href":"https:\/\/vanderloubet.com.br\/deputado\/wp-json\/wp\/v2\/comments?post=17648"}],"version-history":[{"count":0,"href":"https:\/\/vanderloubet.com.br\/deputado\/wp-json\/wp\/v2\/posts\/17648\/revisions"}],"wp:featuredmedia":[{"embeddable":true,"href":"https:\/\/vanderloubet.com.br\/deputado\/wp-json\/wp\/v2\/media\/17649"}],"wp:attachment":[{"href":"https:\/\/vanderloubet.com.br\/deputado\/wp-json\/wp\/v2\/media?parent=17648"}],"wp:term":[{"taxonomy":"category","embeddable":true,"href":"https:\/\/vanderloubet.com.br\/deputado\/wp-json\/wp\/v2\/categories?post=17648"},{"taxonomy":"post_tag","embeddable":true,"href":"https:\/\/vanderloubet.com.br\/deputado\/wp-json\/wp\/v2\/tags?post=17648"}],"curies":[{"name":"wp","href":"https:\/\/api.w.org\/{rel}","templated":true}]}}