{"id":17638,"date":"2022-05-24T18:27:26","date_gmt":"2022-05-24T22:27:26","guid":{"rendered":"https:\/\/vanderloubet.com.br\/deputado\/?p=17638"},"modified":"2022-06-02T10:14:01","modified_gmt":"2022-06-02T14:14:01","slug":"nota-de-esclarecimento-sou-contra-mensalidade-na-universidade-publica","status":"publish","type":"post","link":"https:\/\/vanderloubet.com.br\/deputado\/nota-de-esclarecimento-sou-contra-mensalidade-na-universidade-publica\/","title":{"rendered":"Nota de esclarecimento: sou contra mensalidade na universidade p\u00fablica"},"content":{"rendered":"<p>Tramita na Comiss\u00e3o de Constitui\u00e7\u00e3o e Justi\u00e7a e de Cidadania (CCJC) da C\u00e2mara dos Deputados a Proposta de Emenda \u00e0 Constitui\u00e7\u00e3o (PEC) 206\/2019, que prop\u00f5e a cobran\u00e7a de mensalidades nas universidades p\u00fablicas.<\/p>\n<p>Como defensor das nossas universidades p\u00fablicas, sou CONTRA qualquer proposta que venha a agredir o direito da nossa popula\u00e7\u00e3o ao ensino superior p\u00fablico, gratuito e de qualidade.<\/p>\n<p>Infelizmente, por um lapso, meu nome foi inclu\u00eddo na lista de assinaturas necess\u00e1rias para o tr\u00e2mite dessa proposta. Essa falha foi percebida hoje, raz\u00e3o pela qual protocolei na Mesa Diretora da C\u00e2mara o Requerimento 848\/2022, solicitando a retirada do meu nome dessa lista.<\/p>\n<p>Reitero aqui, portanto, minha posi\u00e7\u00e3o CONTR\u00c1RIA \u00e0 PEC 206\/2019.<\/p>\n<p>Meu hist\u00f3rico pol\u00edtico-parlamentar atesta meu compromisso com nossas universidades p\u00fablicas e com a amplia\u00e7\u00e3o do acesso da nossa popula\u00e7\u00e3o ao ensino superior gratuito. Al\u00e9m de sempre apoiar as pautas em defesa das institui\u00e7\u00f5es p\u00fablicas de ensino superior, tamb\u00e9m sou o parlamentar que mais emendas e recursos destinou, de forma individual, para as universidades Federal (UFMS) e Estadual (Uems) de Mato Grosso do Sul, al\u00e9m do Instituto Federal de Educa\u00e7\u00e3o, Ci\u00eancia e Tecnologia (IFMS).<\/p>\n<p>Bras\u00edlia\/DF, 24 de maio de 2022.<\/p>\n<p><strong>Vander Loubet<\/strong><br \/>\nDeputado Federal (PT-MS)<\/p>\n<p><iframe src=\"https:\/\/www.facebook.com\/plugins\/video.php?height=476&#038;href=https%3A%2F%2Fwww.facebook.com%2Fvanderfazmais%2Fvideos%2F402476705104663%2F&#038;show_text=false&#038;width=380&#038;t=0\" width=\"380\" height=\"476\" style=\"border:none;overflow:hidden\" scrolling=\"no\" frameborder=\"0\" allowfullscreen=\"true\" allow=\"autoplay; clipboard-write; encrypted-media; picture-in-picture; web-share\" allowFullScreen=\"true\"><\/iframe><\/p>\n","protected":false},"excerpt":{"rendered":"<p>Meu hist\u00f3rico atesta meu compromisso com as universidades p\u00fablicas e a amplia\u00e7\u00e3o do acesso da popula\u00e7\u00e3o ao ensino superior gratuito.<\/p>\n","protected":false},"author":2,"featured_media":17639,"comment_status":"closed","ping_status":"closed","sticky":false,"template":"","format":"standard","meta":{"jetpack_post_was_ever_published":false,"_jetpack_newsletter_access":"","_jetpack_dont_email_post_to_subs":false,"_jetpack_newsletter_tier_id":0,"_jetpack_memberships_contains_paywalled_content":false,"_jetpack_memberships_contains_paid_content":false,"footnotes":""},"categories":[2098,2101,10,12],"tags":[697,2300],"class_list":{"0":"post-17638","1":"post","2":"type-post","3":"status-publish","4":"format-standard","5":"has-post-thumbnail","7":"category-brasil-noticias","8":"category-multimidia","9":"category-noticias","10":"category-videos","11":"tag-educacao","12":"tag-proposta-de-emenda-a-constituicao"},"yoast_head":"<!-- This site is optimized with the Yoast SEO plugin v27.4 - https:\/\/yoast.com\/product\/yoast-seo-wordpress\/ -->\n<title>Nota de esclarecimento: sou contra mensalidade na universidade p\u00fablica<\/title>\n<meta name=\"description\" content=\"Meu hist\u00f3rico atesta meu compromisso com as universidades p\u00fablicas e a amplia\u00e7\u00e3o do acesso da popula\u00e7\u00e3o ao ensino superior gratuito.\" \/>\n<meta name=\"robots\" content=\"index, follow, max-snippet:-1, max-image-preview:large, max-video-preview:-1\" \/>\n<link rel=\"canonical\" href=\"https:\/\/vanderloubet.com.br\/deputado\/nota-de-esclarecimento-sou-contra-mensalidade-na-universidade-publica\/\" \/>\n<meta property=\"og:locale\" content=\"pt_BR\" \/>\n<meta property=\"og:type\" content=\"article\" \/>\n<meta property=\"og:title\" content=\"Nota de esclarecimento: sou contra mensalidade na universidade p\u00fablica\" \/>\n<meta property=\"og:description\" content=\"Meu hist\u00f3rico atesta meu compromisso com as universidades p\u00fablicas e a amplia\u00e7\u00e3o do acesso da popula\u00e7\u00e3o ao ensino superior gratuito.\" \/>\n<meta property=\"og:url\" content=\"https:\/\/vanderloubet.com.br\/deputado\/nota-de-esclarecimento-sou-contra-mensalidade-na-universidade-publica\/\" \/>\n<meta property=\"og:site_name\" content=\"Deputado Federal Vander Loubet\" \/>\n<meta property=\"article:publisher\" content=\"https:\/\/facebook.com\/deputadovander\" \/>\n<meta property=\"article:published_time\" content=\"2022-05-24T22:27:26+00:00\" \/>\n<meta property=\"article:modified_time\" content=\"2022-06-02T14:14:01+00:00\" \/>\n<meta property=\"og:image\" content=\"https:\/\/vanderloubet.com.br\/deputado\/wp-content\/uploads\/2022\/05\/VANDER-CONTRA-PEC-2016-2019.jpg\" \/>\n\t<meta property=\"og:image:width\" content=\"1080\" \/>\n\t<meta property=\"og:image:height\" content=\"1350\" \/>\n\t<meta property=\"og:image:type\" content=\"image\/jpeg\" \/>\n<meta name=\"author\" content=\"\u00c9der\" \/>\n<meta name=\"twitter:card\" content=\"summary_large_image\" \/>\n<meta name=\"twitter:creator\" content=\"@vanderloubet\" \/>\n<meta name=\"twitter:site\" content=\"@vanderloubet\" \/>\n<script type=\"application\/ld+json\" class=\"yoast-schema-graph\">{\"@context\":\"https:\\\/\\\/schema.org\",\"@graph\":[{\"@type\":\"Article\",\"@id\":\"https:\\\/\\\/vanderloubet.com.br\\\/deputado\\\/nota-de-esclarecimento-sou-contra-mensalidade-na-universidade-publica\\\/#article\",\"isPartOf\":{\"@id\":\"https:\\\/\\\/vanderloubet.com.br\\\/deputado\\\/nota-de-esclarecimento-sou-contra-mensalidade-na-universidade-publica\\\/\"},\"author\":{\"name\":\"\u00c9der\",\"@id\":\"https:\\\/\\\/vanderloubet.com.br\\\/deputado\\\/#\\\/schema\\\/person\\\/15b51bd564532a8a68d9dec1b8eb890e\"},\"headline\":\"Nota de esclarecimento: sou contra mensalidade na universidade p\u00fablica\",\"datePublished\":\"2022-05-24T22:27:26+00:00\",\"dateModified\":\"2022-06-02T14:14:01+00:00\",\"mainEntityOfPage\":{\"@id\":\"https:\\\/\\\/vanderloubet.com.br\\\/deputado\\\/nota-de-esclarecimento-sou-contra-mensalidade-na-universidade-publica\\\/\"},\"wordCount\":230,\"publisher\":{\"@id\":\"https:\\\/\\\/vanderloubet.com.br\\\/deputado\\\/#organization\"},\"image\":{\"@id\":\"https:\\\/\\\/vanderloubet.com.br\\\/deputado\\\/nota-de-esclarecimento-sou-contra-mensalidade-na-universidade-publica\\\/#primaryimage\"},\"thumbnailUrl\":\"https:\\\/\\\/vanderloubet.com.br\\\/deputado\\\/wp-content\\\/uploads\\\/2022\\\/05\\\/VANDER-CONTRA-PEC-2016-2019.jpg\",\"keywords\":[\"educa\u00e7\u00e3o\",\"proposta de emenda \u00e0 constitui\u00e7\u00e3o\"],\"articleSection\":[\"Brasil\",\"Multim\u00eddia\",\"Not\u00edcias\",\"V\u00eddeos\"],\"inLanguage\":\"pt-BR\"},{\"@type\":\"WebPage\",\"@id\":\"https:\\\/\\\/vanderloubet.com.br\\\/deputado\\\/nota-de-esclarecimento-sou-contra-mensalidade-na-universidade-publica\\\/\",\"url\":\"https:\\\/\\\/vanderloubet.com.br\\\/deputado\\\/nota-de-esclarecimento-sou-contra-mensalidade-na-universidade-publica\\\/\",\"name\":\"Nota de esclarecimento: sou contra mensalidade na universidade p\u00fablica\",\"isPartOf\":{\"@id\":\"https:\\\/\\\/vanderloubet.com.br\\\/deputado\\\/#website\"},\"primaryImageOfPage\":{\"@id\":\"https:\\\/\\\/vanderloubet.com.br\\\/deputado\\\/nota-de-esclarecimento-sou-contra-mensalidade-na-universidade-publica\\\/#primaryimage\"},\"image\":{\"@id\":\"https:\\\/\\\/vanderloubet.com.br\\\/deputado\\\/nota-de-esclarecimento-sou-contra-mensalidade-na-universidade-publica\\\/#primaryimage\"},\"thumbnailUrl\":\"https:\\\/\\\/vanderloubet.com.br\\\/deputado\\\/wp-content\\\/uploads\\\/2022\\\/05\\\/VANDER-CONTRA-PEC-2016-2019.jpg\",\"datePublished\":\"2022-05-24T22:27:26+00:00\",\"dateModified\":\"2022-06-02T14:14:01+00:00\",\"description\":\"Meu hist\u00f3rico atesta meu compromisso com as universidades p\u00fablicas e a amplia\u00e7\u00e3o do acesso da popula\u00e7\u00e3o ao ensino superior gratuito.\",\"breadcrumb\":{\"@id\":\"https:\\\/\\\/vanderloubet.com.br\\\/deputado\\\/nota-de-esclarecimento-sou-contra-mensalidade-na-universidade-publica\\\/#breadcrumb\"},\"inLanguage\":\"pt-BR\",\"potentialAction\":[{\"@type\":\"ReadAction\",\"target\":[\"https:\\\/\\\/vanderloubet.com.br\\\/deputado\\\/nota-de-esclarecimento-sou-contra-mensalidade-na-universidade-publica\\\/\"]}]},{\"@type\":\"ImageObject\",\"inLanguage\":\"pt-BR\",\"@id\":\"https:\\\/\\\/vanderloubet.com.br\\\/deputado\\\/nota-de-esclarecimento-sou-contra-mensalidade-na-universidade-publica\\\/#primaryimage\",\"url\":\"https:\\\/\\\/vanderloubet.com.br\\\/deputado\\\/wp-content\\\/uploads\\\/2022\\\/05\\\/VANDER-CONTRA-PEC-2016-2019.jpg\",\"contentUrl\":\"https:\\\/\\\/vanderloubet.com.br\\\/deputado\\\/wp-content\\\/uploads\\\/2022\\\/05\\\/VANDER-CONTRA-PEC-2016-2019.jpg\",\"width\":1080,\"height\":1350,\"caption\":\"Nota de esclarecimento: sou contra mensalidade na universidade p\u00fablica\"},{\"@type\":\"BreadcrumbList\",\"@id\":\"https:\\\/\\\/vanderloubet.com.br\\\/deputado\\\/nota-de-esclarecimento-sou-contra-mensalidade-na-universidade-publica\\\/#breadcrumb\",\"itemListElement\":[{\"@type\":\"ListItem\",\"position\":1,\"name\":\"In\u00edcio\",\"item\":\"https:\\\/\\\/vanderloubet.com.br\\\/deputado\\\/\"},{\"@type\":\"ListItem\",\"position\":2,\"name\":\"Nota de esclarecimento: sou contra mensalidade na universidade p\u00fablica\"}]},{\"@type\":\"WebSite\",\"@id\":\"https:\\\/\\\/vanderloubet.com.br\\\/deputado\\\/#website\",\"url\":\"https:\\\/\\\/vanderloubet.com.br\\\/deputado\\\/\",\"name\":\"Deputado Federal Vander Loubet\",\"description\":\"O Federal de MS\",\"publisher\":{\"@id\":\"https:\\\/\\\/vanderloubet.com.br\\\/deputado\\\/#organization\"},\"alternateName\":\"Deputado Vander\",\"potentialAction\":[{\"@type\":\"SearchAction\",\"target\":{\"@type\":\"EntryPoint\",\"urlTemplate\":\"https:\\\/\\\/vanderloubet.com.br\\\/deputado\\\/?s={search_term_string}\"},\"query-input\":{\"@type\":\"PropertyValueSpecification\",\"valueRequired\":true,\"valueName\":\"search_term_string\"}}],\"inLanguage\":\"pt-BR\"},{\"@type\":\"Organization\",\"@id\":\"https:\\\/\\\/vanderloubet.com.br\\\/deputado\\\/#organization\",\"name\":\"Deputado Federal Vander Loubet\",\"alternateName\":\"Deputado Vander\",\"url\":\"https:\\\/\\\/vanderloubet.com.br\\\/deputado\\\/\",\"logo\":{\"@type\":\"ImageObject\",\"inLanguage\":\"pt-BR\",\"@id\":\"https:\\\/\\\/vanderloubet.com.br\\\/deputado\\\/#\\\/schema\\\/logo\\\/image\\\/\",\"url\":\"https:\\\/\\\/vanderloubet.com.br\\\/deputado\\\/wp-content\\\/uploads\\\/2023\\\/06\\\/foto-2023-06-19-mandato-deputado-vander.jpg\",\"contentUrl\":\"https:\\\/\\\/vanderloubet.com.br\\\/deputado\\\/wp-content\\\/uploads\\\/2023\\\/06\\\/foto-2023-06-19-mandato-deputado-vander.jpg\",\"width\":1080,\"height\":1080,\"caption\":\"Deputado Federal Vander Loubet\"},\"image\":{\"@id\":\"https:\\\/\\\/vanderloubet.com.br\\\/deputado\\\/#\\\/schema\\\/logo\\\/image\\\/\"},\"sameAs\":[\"https:\\\/\\\/facebook.com\\\/deputadovander\",\"https:\\\/\\\/x.com\\\/vanderloubet\",\"https:\\\/\\\/instagram.com\\\/vanderloubet\",\"https:\\\/\\\/youtube.com\\\/vanderloubet\",\"https:\\\/\\\/tiktok.com\\\/@vanderloubetms\"]},{\"@type\":\"Person\",\"@id\":\"https:\\\/\\\/vanderloubet.com.br\\\/deputado\\\/#\\\/schema\\\/person\\\/15b51bd564532a8a68d9dec1b8eb890e\",\"name\":\"\u00c9der\",\"image\":{\"@type\":\"ImageObject\",\"inLanguage\":\"pt-BR\",\"@id\":\"https:\\\/\\\/vanderloubet.com.br\\\/deputado\\\/wp-content\\\/litespeed\\\/avatar\\\/88ca4090d9d5ab1c9495f6ca03b68efa.jpg?ver=1777058957\",\"url\":\"https:\\\/\\\/vanderloubet.com.br\\\/deputado\\\/wp-content\\\/litespeed\\\/avatar\\\/88ca4090d9d5ab1c9495f6ca03b68efa.jpg?ver=1777058957\",\"contentUrl\":\"https:\\\/\\\/vanderloubet.com.br\\\/deputado\\\/wp-content\\\/litespeed\\\/avatar\\\/88ca4090d9d5ab1c9495f6ca03b68efa.jpg?ver=1777058957\",\"caption\":\"\u00c9der\"}}]}<\/script>\n<!-- \/ Yoast SEO plugin. -->","yoast_head_json":{"title":"Nota de esclarecimento: sou contra mensalidade na universidade p\u00fablica","description":"Meu hist\u00f3rico atesta meu compromisso com as universidades p\u00fablicas e a amplia\u00e7\u00e3o do acesso da popula\u00e7\u00e3o ao ensino superior gratuito.","robots":{"index":"index","follow":"follow","max-snippet":"max-snippet:-1","max-image-preview":"max-image-preview:large","max-video-preview":"max-video-preview:-1"},"canonical":"https:\/\/vanderloubet.com.br\/deputado\/nota-de-esclarecimento-sou-contra-mensalidade-na-universidade-publica\/","og_locale":"pt_BR","og_type":"article","og_title":"Nota de esclarecimento: sou contra mensalidade na universidade p\u00fablica","og_description":"Meu hist\u00f3rico atesta meu compromisso com as universidades p\u00fablicas e a amplia\u00e7\u00e3o do acesso da popula\u00e7\u00e3o ao ensino superior gratuito.","og_url":"https:\/\/vanderloubet.com.br\/deputado\/nota-de-esclarecimento-sou-contra-mensalidade-na-universidade-publica\/","og_site_name":"Deputado Federal Vander Loubet","article_publisher":"https:\/\/facebook.com\/deputadovander","article_published_time":"2022-05-24T22:27:26+00:00","article_modified_time":"2022-06-02T14:14:01+00:00","og_image":[{"width":1080,"height":1350,"url":"https:\/\/vanderloubet.com.br\/deputado\/wp-content\/uploads\/2022\/05\/VANDER-CONTRA-PEC-2016-2019.jpg","type":"image\/jpeg"}],"author":"\u00c9der","twitter_card":"summary_large_image","twitter_creator":"@vanderloubet","twitter_site":"@vanderloubet","schema":{"@context":"https:\/\/schema.org","@graph":[{"@type":"Article","@id":"https:\/\/vanderloubet.com.br\/deputado\/nota-de-esclarecimento-sou-contra-mensalidade-na-universidade-publica\/#article","isPartOf":{"@id":"https:\/\/vanderloubet.com.br\/deputado\/nota-de-esclarecimento-sou-contra-mensalidade-na-universidade-publica\/"},"author":{"name":"\u00c9der","@id":"https:\/\/vanderloubet.com.br\/deputado\/#\/schema\/person\/15b51bd564532a8a68d9dec1b8eb890e"},"headline":"Nota de esclarecimento: sou contra mensalidade na universidade p\u00fablica","datePublished":"2022-05-24T22:27:26+00:00","dateModified":"2022-06-02T14:14:01+00:00","mainEntityOfPage":{"@id":"https:\/\/vanderloubet.com.br\/deputado\/nota-de-esclarecimento-sou-contra-mensalidade-na-universidade-publica\/"},"wordCount":230,"publisher":{"@id":"https:\/\/vanderloubet.com.br\/deputado\/#organization"},"image":{"@id":"https:\/\/vanderloubet.com.br\/deputado\/nota-de-esclarecimento-sou-contra-mensalidade-na-universidade-publica\/#primaryimage"},"thumbnailUrl":"https:\/\/vanderloubet.com.br\/deputado\/wp-content\/uploads\/2022\/05\/VANDER-CONTRA-PEC-2016-2019.jpg","keywords":["educa\u00e7\u00e3o","proposta de emenda \u00e0 constitui\u00e7\u00e3o"],"articleSection":["Brasil","Multim\u00eddia","Not\u00edcias","V\u00eddeos"],"inLanguage":"pt-BR"},{"@type":"WebPage","@id":"https:\/\/vanderloubet.com.br\/deputado\/nota-de-esclarecimento-sou-contra-mensalidade-na-universidade-publica\/","url":"https:\/\/vanderloubet.com.br\/deputado\/nota-de-esclarecimento-sou-contra-mensalidade-na-universidade-publica\/","name":"Nota de esclarecimento: sou contra mensalidade na universidade p\u00fablica","isPartOf":{"@id":"https:\/\/vanderloubet.com.br\/deputado\/#website"},"primaryImageOfPage":{"@id":"https:\/\/vanderloubet.com.br\/deputado\/nota-de-esclarecimento-sou-contra-mensalidade-na-universidade-publica\/#primaryimage"},"image":{"@id":"https:\/\/vanderloubet.com.br\/deputado\/nota-de-esclarecimento-sou-contra-mensalidade-na-universidade-publica\/#primaryimage"},"thumbnailUrl":"https:\/\/vanderloubet.com.br\/deputado\/wp-content\/uploads\/2022\/05\/VANDER-CONTRA-PEC-2016-2019.jpg","datePublished":"2022-05-24T22:27:26+00:00","dateModified":"2022-06-02T14:14:01+00:00","description":"Meu hist\u00f3rico atesta meu compromisso com as universidades p\u00fablicas e a amplia\u00e7\u00e3o do acesso da popula\u00e7\u00e3o ao ensino superior gratuito.","breadcrumb":{"@id":"https:\/\/vanderloubet.com.br\/deputado\/nota-de-esclarecimento-sou-contra-mensalidade-na-universidade-publica\/#breadcrumb"},"inLanguage":"pt-BR","potentialAction":[{"@type":"ReadAction","target":["https:\/\/vanderloubet.com.br\/deputado\/nota-de-esclarecimento-sou-contra-mensalidade-na-universidade-publica\/"]}]},{"@type":"ImageObject","inLanguage":"pt-BR","@id":"https:\/\/vanderloubet.com.br\/deputado\/nota-de-esclarecimento-sou-contra-mensalidade-na-universidade-publica\/#primaryimage","url":"https:\/\/vanderloubet.com.br\/deputado\/wp-content\/uploads\/2022\/05\/VANDER-CONTRA-PEC-2016-2019.jpg","contentUrl":"https:\/\/vanderloubet.com.br\/deputado\/wp-content\/uploads\/2022\/05\/VANDER-CONTRA-PEC-2016-2019.jpg","width":1080,"height":1350,"caption":"Nota de esclarecimento: sou contra mensalidade na universidade p\u00fablica"},{"@type":"BreadcrumbList","@id":"https:\/\/vanderloubet.com.br\/deputado\/nota-de-esclarecimento-sou-contra-mensalidade-na-universidade-publica\/#breadcrumb","itemListElement":[{"@type":"ListItem","position":1,"name":"In\u00edcio","item":"https:\/\/vanderloubet.com.br\/deputado\/"},{"@type":"ListItem","position":2,"name":"Nota de esclarecimento: sou contra mensalidade na universidade p\u00fablica"}]},{"@type":"WebSite","@id":"https:\/\/vanderloubet.com.br\/deputado\/#website","url":"https:\/\/vanderloubet.com.br\/deputado\/","name":"Deputado Federal Vander Loubet","description":"O Federal de MS","publisher":{"@id":"https:\/\/vanderloubet.com.br\/deputado\/#organization"},"alternateName":"Deputado Vander","potentialAction":[{"@type":"SearchAction","target":{"@type":"EntryPoint","urlTemplate":"https:\/\/vanderloubet.com.br\/deputado\/?s={search_term_string}"},"query-input":{"@type":"PropertyValueSpecification","valueRequired":true,"valueName":"search_term_string"}}],"inLanguage":"pt-BR"},{"@type":"Organization","@id":"https:\/\/vanderloubet.com.br\/deputado\/#organization","name":"Deputado Federal Vander Loubet","alternateName":"Deputado Vander","url":"https:\/\/vanderloubet.com.br\/deputado\/","logo":{"@type":"ImageObject","inLanguage":"pt-BR","@id":"https:\/\/vanderloubet.com.br\/deputado\/#\/schema\/logo\/image\/","url":"https:\/\/vanderloubet.com.br\/deputado\/wp-content\/uploads\/2023\/06\/foto-2023-06-19-mandato-deputado-vander.jpg","contentUrl":"https:\/\/vanderloubet.com.br\/deputado\/wp-content\/uploads\/2023\/06\/foto-2023-06-19-mandato-deputado-vander.jpg","width":1080,"height":1080,"caption":"Deputado Federal Vander Loubet"},"image":{"@id":"https:\/\/vanderloubet.com.br\/deputado\/#\/schema\/logo\/image\/"},"sameAs":["https:\/\/facebook.com\/deputadovander","https:\/\/x.com\/vanderloubet","https:\/\/instagram.com\/vanderloubet","https:\/\/youtube.com\/vanderloubet","https:\/\/tiktok.com\/@vanderloubetms"]},{"@type":"Person","@id":"https:\/\/vanderloubet.com.br\/deputado\/#\/schema\/person\/15b51bd564532a8a68d9dec1b8eb890e","name":"\u00c9der","image":{"@type":"ImageObject","inLanguage":"pt-BR","@id":"https:\/\/vanderloubet.com.br\/deputado\/wp-content\/litespeed\/avatar\/88ca4090d9d5ab1c9495f6ca03b68efa.jpg?ver=1777058957","url":"https:\/\/vanderloubet.com.br\/deputado\/wp-content\/litespeed\/avatar\/88ca4090d9d5ab1c9495f6ca03b68efa.jpg?ver=1777058957","contentUrl":"https:\/\/vanderloubet.com.br\/deputado\/wp-content\/litespeed\/avatar\/88ca4090d9d5ab1c9495f6ca03b68efa.jpg?ver=1777058957","caption":"\u00c9der"}}]}},"jetpack_featured_media_url":"https:\/\/vanderloubet.com.br\/deputado\/wp-content\/uploads\/2022\/05\/VANDER-CONTRA-PEC-2016-2019.jpg","jetpack_sharing_enabled":true,"_links":{"self":[{"href":"https:\/\/vanderloubet.com.br\/deputado\/wp-json\/wp\/v2\/posts\/17638","targetHints":{"allow":["GET"]}}],"collection":[{"href":"https:\/\/vanderloubet.com.br\/deputado\/wp-json\/wp\/v2\/posts"}],"about":[{"href":"https:\/\/vanderloubet.com.br\/deputado\/wp-json\/wp\/v2\/types\/post"}],"author":[{"embeddable":true,"href":"https:\/\/vanderloubet.com.br\/deputado\/wp-json\/wp\/v2\/users\/2"}],"replies":[{"embeddable":true,"href":"https:\/\/vanderloubet.com.br\/deputado\/wp-json\/wp\/v2\/comments?post=17638"}],"version-history":[{"count":0,"href":"https:\/\/vanderloubet.com.br\/deputado\/wp-json\/wp\/v2\/posts\/17638\/revisions"}],"wp:featuredmedia":[{"embeddable":true,"href":"https:\/\/vanderloubet.com.br\/deputado\/wp-json\/wp\/v2\/media\/17639"}],"wp:attachment":[{"href":"https:\/\/vanderloubet.com.br\/deputado\/wp-json\/wp\/v2\/media?parent=17638"}],"wp:term":[{"taxonomy":"category","embeddable":true,"href":"https:\/\/vanderloubet.com.br\/deputado\/wp-json\/wp\/v2\/categories?post=17638"},{"taxonomy":"post_tag","embeddable":true,"href":"https:\/\/vanderloubet.com.br\/deputado\/wp-json\/wp\/v2\/tags?post=17638"}],"curies":[{"name":"wp","href":"https:\/\/api.w.org\/{rel}","templated":true}]}}