{"id":17627,"date":"2022-04-19T11:00:42","date_gmt":"2022-04-19T15:00:42","guid":{"rendered":"https:\/\/vanderloubet.com.br\/deputado\/?p=17627"},"modified":"2023-04-12T10:52:05","modified_gmt":"2023-04-12T14:52:05","slug":"trabalho-de-vander-garante-mais-363-equipamentos-para-agricultura-familiar-de-ms","status":"publish","type":"post","link":"https:\/\/vanderloubet.com.br\/deputado\/trabalho-de-vander-garante-mais-363-equipamentos-para-agricultura-familiar-de-ms\/","title":{"rendered":"Trabalho de Vander garante mais 363 m\u00e1quinas para agricultura familiar de MS"},"content":{"rendered":"<p>Na \u00faltima segunda-feira (18), o deputado federal Vander Loubet participou da solenidade do Governo do Estado, realizada no Centro de Pesquisa e Capacita\u00e7\u00e3o da Agraer (Cepaer), que marcou a entrega de mais 363 m\u00e1quinas e equipamentos para atender a agricultura familiar, pequenas propriedades, comunidades quilombolas e aldeias ind\u00edgenas dos 79 munic\u00edpios de Mato Grosso do Sul. <\/p>\n<p>A entrega s\u00f3 foi poss\u00edvel gra\u00e7as \u00e0 parceria da bancada federal com a Ag\u00eancia de Desenvolvimento Agr\u00e1rio e Extens\u00e3o Rural (Agraer). Grande parte dos recursos aplicados na aquisi\u00e7\u00e3o dessas m\u00e1quinas e equipamentos vem de uma emenda de bancada apresentada no Or\u00e7amento da Uni\u00e3o de 2019 e assinada por Vander e pelos deputados federais Tereza Cristina e Zeca do PT.<\/p>\n<p>&#8220;Este \u00e9 o maior programa j\u00e1 realizado para atender a agricultura familiar do nosso estado. Estamos beneficiando 77 mil fam\u00edlias dos 79 munic\u00edpios de Mato Grosso do Sul&#8221;, comemora o deputado Vander.<\/p>\n<p>A emenda assinada por Vander, Tereza Cristina e Zeca garantiu R$ 28 milh\u00f5es. Com o aporte do Governo do Estado, esse montante saltou para R$ 37,9 milh\u00f5es, o que permitiu a compra de tratores, carretas, calcareadeiras, plantadeiras de mandioca, ensiladeiras, grades aradoras, grades niveladoras, rotoencanteiradores, motocultivadores (microtratores, os &#8220;tobatinhas&#8221;), distribuidores de sementes e insumos, entre outros.<\/p>\n<p>Cerca de 70% dos alimentos que chegam \u00e0s mesas dos brasileiros diariamente s\u00e3o oriundos da agricultura familiar. Por conta disso, Vander tem se dedicado, desde 2015, a atender esse setor, destinando emendas e recursos para apoiar tr\u00eas pilares: mecanizar e melhorar a produ\u00e7\u00e3o, ampliar a agrega\u00e7\u00e3o de valor aos produtos (agroindustrializa\u00e7\u00e3o) e dar condi\u00e7\u00f5es de comercializa\u00e7\u00e3o.<\/p>\n<p>&#8220;Tenho orgulho de poder afirmar que tenho sido o maior parceiro da agricultura familiar em Mato Grosso do Sul. Meu mandato tem trabalhado muito para que esse setor cres\u00e7a e gere emprego e renda para as fam\u00edlias do campo. Essa parceria com o Estado tem gerado muitos frutos e no que depender de mim continuar\u00e1 a ser assim&#8221;, concluiu. <\/p>\n<p><em>(Alex Nantes e \u00c9der F. Yanaguita\/Ascom Dep. Vander)<\/em><\/p>\n\r\n                <style type=\"text\/css\">\r\n                    \r\n                    #tdi_1  .td-doubleSlider-2 .td-item1 {\r\n                        background: url(https:\/\/vanderloubet.com.br\/deputado\/wp-content\/uploads\/2022\/04\/foto-2022-04-18-vander-agricultura-familiar-3-80x60.jpg) 0 0 no-repeat;\r\n                    }\r\n                    #tdi_1  .td-doubleSlider-2 .td-item2 {\r\n                        background: url(https:\/\/vanderloubet.com.br\/deputado\/wp-content\/uploads\/2022\/04\/foto-2022-04-18-vander-agricultura-familiar-1-80x60.jpg) 0 0 no-repeat;\r\n                    }\r\n                    #tdi_1  .td-doubleSlider-2 .td-item3 {\r\n                        background: url(https:\/\/vanderloubet.com.br\/deputado\/wp-content\/uploads\/2022\/04\/foto-2022-04-18-vander-agricultura-familiar-4-80x60.jpg) 0 0 no-repeat;\r\n                    }\r\n                    #tdi_1  .td-doubleSlider-2 .td-item4 {\r\n                        background: url(https:\/\/vanderloubet.com.br\/deputado\/wp-content\/uploads\/2022\/04\/foto-2022-04-18-vander-agricultura-familiar-2-80x60.jpg) 0 0 no-repeat;\r\n                    }\r\n                    #tdi_1  .td-doubleSlider-2 .td-item5 {\r\n                        background: url(https:\/\/vanderloubet.com.br\/deputado\/wp-content\/uploads\/2022\/04\/foto-2022-04-18-vander-agricultura-familiar-5-80x60.jpg) 0 0 no-repeat;\r\n                    }\r\n                    #tdi_1  .td-doubleSlider-2 .td-item6 {\r\n                        background: url(https:\/\/vanderloubet.com.br\/deputado\/wp-content\/uploads\/2022\/04\/foto-2022-04-18-vander-agricultura-familiar-6-80x60.jpg) 0 0 no-repeat;\r\n                    }\r\n                <\/style>\r\n\r\n                <div id=\"tdi_1\" class=\"td-gallery td-slide-on-2-columns\">\r\n                    <div class=\"post_td_gallery\">\r\n                        <div class=\"td-gallery-slide-top\">\r\n                           <div class=\"td-gallery-title\"><\/div>\r\n\r\n                            <div class=\"td-gallery-controls-wrapper\">\r\n                                <div class=\"td-gallery-slide-count\"><span class=\"td-gallery-slide-item-focus\">1<\/span> de 6<\/div>\r\n                                <div class=\"td-gallery-slide-prev-next-but\">\r\n                                    <i class = \"td-icon-left doubleSliderPrevButton\"><\/i>\r\n                                    <i class = \"td-icon-right doubleSliderNextButton\"><\/i>\r\n                                <\/div>\r\n                            <\/div>\r\n                        <\/div>\r\n\r\n                        <div class = \"td-doubleSlider-1 \">\r\n                            <div class = \"td-slider\">\r\n                                \r\n                    <div class = \"td-slide-item td-item1\">\r\n                        <figure class=\"td-slide-galery-figure td-slide-popup-gallery\">\r\n                            <a class=\"slide-gallery-image-link\" href=\"https:\/\/vanderloubet.com.br\/deputado\/wp-content\/uploads\/2022\/04\/foto-2022-04-18-vander-agricultura-familiar-3.jpg\" title=\"Trabalho de Vander garante mais 363 equipamentos para agricultura familiar de MS\"  data-caption=\"\"  data-description=\"Trabalho de Vander garante mais 363 equipamentos para agricultura familiar de MS\">\r\n                                <img decoding=\"async\" src=\"https:\/\/vanderloubet.com.br\/deputado\/wp-content\/uploads\/2022\/04\/foto-2022-04-18-vander-agricultura-familiar-3-630x420.jpg\" srcset=\"https:\/\/vanderloubet.com.br\/deputado\/wp-content\/uploads\/2022\/04\/foto-2022-04-18-vander-agricultura-familiar-3-630x420.jpg 630w, https:\/\/vanderloubet.com.br\/deputado\/wp-content\/uploads\/2022\/04\/foto-2022-04-18-vander-agricultura-familiar-3-350x233.jpg 350w, https:\/\/vanderloubet.com.br\/deputado\/wp-content\/uploads\/2022\/04\/foto-2022-04-18-vander-agricultura-familiar-3-768x512.jpg 768w, https:\/\/vanderloubet.com.br\/deputado\/wp-content\/uploads\/2022\/04\/foto-2022-04-18-vander-agricultura-familiar-3-700x467.jpg 700w, https:\/\/vanderloubet.com.br\/deputado\/wp-content\/uploads\/2022\/04\/foto-2022-04-18-vander-agricultura-familiar-3-696x464.jpg 696w, https:\/\/vanderloubet.com.br\/deputado\/wp-content\/uploads\/2022\/04\/foto-2022-04-18-vander-agricultura-familiar-3.jpg 900w\" sizes=\"(max-width: 630px) 100vw, 630px\" alt=\"Trabalho de Vander garante mais 363 equipamentos para agricultura familiar de MS\">\r\n                            <\/a>\r\n                            <figcaption class = \"td-slide-caption td-gallery-slide-content\"><span>Trabalho de Vander garante mais 363 equipamentos para agricultura familiar de MS<\/span><\/figcaption>\r\n                        <\/figure>\r\n                    <\/div>\r\n                    <div class = \"td-slide-item td-item2\">\r\n                        <figure class=\"td-slide-galery-figure td-slide-popup-gallery\">\r\n                            <a class=\"slide-gallery-image-link\" href=\"https:\/\/vanderloubet.com.br\/deputado\/wp-content\/uploads\/2022\/04\/foto-2022-04-18-vander-agricultura-familiar-1.jpg\" title=\"Trabalho de Vander garante mais 363 equipamentos para agricultura familiar de MS\"  data-caption=\"\"  data-description=\"Trabalho de Vander garante mais 363 equipamentos para agricultura familiar de MS\">\r\n                                <img decoding=\"async\" src=\"https:\/\/vanderloubet.com.br\/deputado\/wp-content\/uploads\/2022\/04\/foto-2022-04-18-vander-agricultura-familiar-1-630x420.jpg\" srcset=\"https:\/\/vanderloubet.com.br\/deputado\/wp-content\/uploads\/2022\/04\/foto-2022-04-18-vander-agricultura-familiar-1-630x420.jpg 630w, https:\/\/vanderloubet.com.br\/deputado\/wp-content\/uploads\/2022\/04\/foto-2022-04-18-vander-agricultura-familiar-1-350x233.jpg 350w, https:\/\/vanderloubet.com.br\/deputado\/wp-content\/uploads\/2022\/04\/foto-2022-04-18-vander-agricultura-familiar-1-768x512.jpg 768w, https:\/\/vanderloubet.com.br\/deputado\/wp-content\/uploads\/2022\/04\/foto-2022-04-18-vander-agricultura-familiar-1-700x467.jpg 700w, https:\/\/vanderloubet.com.br\/deputado\/wp-content\/uploads\/2022\/04\/foto-2022-04-18-vander-agricultura-familiar-1-696x464.jpg 696w, https:\/\/vanderloubet.com.br\/deputado\/wp-content\/uploads\/2022\/04\/foto-2022-04-18-vander-agricultura-familiar-1.jpg 900w\" sizes=\"(max-width: 630px) 100vw, 630px\" alt=\"Trabalho de Vander garante mais 363 equipamentos para agricultura familiar de MS\">\r\n                            <\/a>\r\n                            <figcaption class = \"td-slide-caption td-gallery-slide-content\"><span>Trabalho de Vander garante mais 363 equipamentos para agricultura familiar de MS<\/span><\/figcaption>\r\n                        <\/figure>\r\n                    <\/div>\r\n                    <div class = \"td-slide-item td-item3\">\r\n                        <figure class=\"td-slide-galery-figure td-slide-popup-gallery\">\r\n                            <a class=\"slide-gallery-image-link\" href=\"https:\/\/vanderloubet.com.br\/deputado\/wp-content\/uploads\/2022\/04\/foto-2022-04-18-vander-agricultura-familiar-4.jpg\" title=\"Trabalho de Vander garante mais 363 equipamentos para agricultura familiar de MS\"  data-caption=\"\"  data-description=\"Trabalho de Vander garante mais 363 equipamentos para agricultura familiar de MS\">\r\n                                <img decoding=\"async\" src=\"https:\/\/vanderloubet.com.br\/deputado\/wp-content\/uploads\/2022\/04\/foto-2022-04-18-vander-agricultura-familiar-4-630x420.jpg\" srcset=\"https:\/\/vanderloubet.com.br\/deputado\/wp-content\/uploads\/2022\/04\/foto-2022-04-18-vander-agricultura-familiar-4-630x420.jpg 630w, https:\/\/vanderloubet.com.br\/deputado\/wp-content\/uploads\/2022\/04\/foto-2022-04-18-vander-agricultura-familiar-4-350x233.jpg 350w, https:\/\/vanderloubet.com.br\/deputado\/wp-content\/uploads\/2022\/04\/foto-2022-04-18-vander-agricultura-familiar-4-768x512.jpg 768w, https:\/\/vanderloubet.com.br\/deputado\/wp-content\/uploads\/2022\/04\/foto-2022-04-18-vander-agricultura-familiar-4-700x467.jpg 700w, https:\/\/vanderloubet.com.br\/deputado\/wp-content\/uploads\/2022\/04\/foto-2022-04-18-vander-agricultura-familiar-4-696x464.jpg 696w, https:\/\/vanderloubet.com.br\/deputado\/wp-content\/uploads\/2022\/04\/foto-2022-04-18-vander-agricultura-familiar-4.jpg 900w\" sizes=\"(max-width: 630px) 100vw, 630px\" alt=\"Trabalho de Vander garante mais 363 equipamentos para agricultura familiar de MS\">\r\n                            <\/a>\r\n                            <figcaption class = \"td-slide-caption td-gallery-slide-content\"><span>Trabalho de Vander garante mais 363 equipamentos para agricultura familiar de MS<\/span><\/figcaption>\r\n                        <\/figure>\r\n                    <\/div>\r\n                    <div class = \"td-slide-item td-item4\">\r\n                        <figure class=\"td-slide-galery-figure td-slide-popup-gallery\">\r\n                            <a class=\"slide-gallery-image-link\" href=\"https:\/\/vanderloubet.com.br\/deputado\/wp-content\/uploads\/2022\/04\/foto-2022-04-18-vander-agricultura-familiar-2.jpg\" title=\"Trabalho de Vander garante mais 363 equipamentos para agricultura familiar de MS\"  data-caption=\"\"  data-description=\"Trabalho de Vander garante mais 363 equipamentos para agricultura familiar de MS\">\r\n                                <img decoding=\"async\" src=\"https:\/\/vanderloubet.com.br\/deputado\/wp-content\/uploads\/2022\/04\/foto-2022-04-18-vander-agricultura-familiar-2-630x420.jpg\" srcset=\"https:\/\/vanderloubet.com.br\/deputado\/wp-content\/uploads\/2022\/04\/foto-2022-04-18-vander-agricultura-familiar-2-630x420.jpg 630w, https:\/\/vanderloubet.com.br\/deputado\/wp-content\/uploads\/2022\/04\/foto-2022-04-18-vander-agricultura-familiar-2-350x233.jpg 350w, https:\/\/vanderloubet.com.br\/deputado\/wp-content\/uploads\/2022\/04\/foto-2022-04-18-vander-agricultura-familiar-2-768x512.jpg 768w, https:\/\/vanderloubet.com.br\/deputado\/wp-content\/uploads\/2022\/04\/foto-2022-04-18-vander-agricultura-familiar-2-700x467.jpg 700w, https:\/\/vanderloubet.com.br\/deputado\/wp-content\/uploads\/2022\/04\/foto-2022-04-18-vander-agricultura-familiar-2-696x464.jpg 696w, https:\/\/vanderloubet.com.br\/deputado\/wp-content\/uploads\/2022\/04\/foto-2022-04-18-vander-agricultura-familiar-2.jpg 900w\" sizes=\"(max-width: 630px) 100vw, 630px\" alt=\"Trabalho de Vander garante mais 363 equipamentos para agricultura familiar de MS\">\r\n                            <\/a>\r\n                            <figcaption class = \"td-slide-caption td-gallery-slide-content\"><span>Trabalho de Vander garante mais 363 equipamentos para agricultura familiar de MS<\/span><\/figcaption>\r\n                        <\/figure>\r\n                    <\/div>\r\n                    <div class = \"td-slide-item td-item5\">\r\n                        <figure class=\"td-slide-galery-figure td-slide-popup-gallery\">\r\n                            <a class=\"slide-gallery-image-link\" href=\"https:\/\/vanderloubet.com.br\/deputado\/wp-content\/uploads\/2022\/04\/foto-2022-04-18-vander-agricultura-familiar-5.jpg\" title=\"Trabalho de Vander garante mais 363 equipamentos para agricultura familiar de MS\"  data-caption=\"\"  data-description=\"Trabalho de Vander garante mais 363 equipamentos para agricultura familiar de MS\">\r\n                                <img decoding=\"async\" src=\"https:\/\/vanderloubet.com.br\/deputado\/wp-content\/uploads\/2022\/04\/foto-2022-04-18-vander-agricultura-familiar-5-630x420.jpg\" srcset=\"https:\/\/vanderloubet.com.br\/deputado\/wp-content\/uploads\/2022\/04\/foto-2022-04-18-vander-agricultura-familiar-5-630x420.jpg 630w, https:\/\/vanderloubet.com.br\/deputado\/wp-content\/uploads\/2022\/04\/foto-2022-04-18-vander-agricultura-familiar-5-350x233.jpg 350w, https:\/\/vanderloubet.com.br\/deputado\/wp-content\/uploads\/2022\/04\/foto-2022-04-18-vander-agricultura-familiar-5-768x512.jpg 768w, https:\/\/vanderloubet.com.br\/deputado\/wp-content\/uploads\/2022\/04\/foto-2022-04-18-vander-agricultura-familiar-5-700x467.jpg 700w, https:\/\/vanderloubet.com.br\/deputado\/wp-content\/uploads\/2022\/04\/foto-2022-04-18-vander-agricultura-familiar-5-696x464.jpg 696w, https:\/\/vanderloubet.com.br\/deputado\/wp-content\/uploads\/2022\/04\/foto-2022-04-18-vander-agricultura-familiar-5.jpg 900w\" sizes=\"(max-width: 630px) 100vw, 630px\" alt=\"Trabalho de Vander garante mais 363 equipamentos para agricultura familiar de MS\">\r\n                            <\/a>\r\n                            <figcaption class = \"td-slide-caption td-gallery-slide-content\"><span>Trabalho de Vander garante mais 363 equipamentos para agricultura familiar de MS<\/span><\/figcaption>\r\n                        <\/figure>\r\n                    <\/div>\r\n                    <div class = \"td-slide-item td-item6\">\r\n                        <figure class=\"td-slide-galery-figure td-slide-popup-gallery\">\r\n                            <a class=\"slide-gallery-image-link\" href=\"https:\/\/vanderloubet.com.br\/deputado\/wp-content\/uploads\/2022\/04\/foto-2022-04-18-vander-agricultura-familiar-6.jpg\" title=\"Trabalho de Vander garante mais 363 equipamentos para agricultura familiar de MS\"  data-caption=\"\"  data-description=\"Trabalho de Vander garante mais 363 equipamentos para agricultura familiar de MS\">\r\n                                <img decoding=\"async\" src=\"https:\/\/vanderloubet.com.br\/deputado\/wp-content\/uploads\/2022\/04\/foto-2022-04-18-vander-agricultura-familiar-6-630x420.jpg\" srcset=\"https:\/\/vanderloubet.com.br\/deputado\/wp-content\/uploads\/2022\/04\/foto-2022-04-18-vander-agricultura-familiar-6-630x420.jpg 630w, https:\/\/vanderloubet.com.br\/deputado\/wp-content\/uploads\/2022\/04\/foto-2022-04-18-vander-agricultura-familiar-6-350x233.jpg 350w, https:\/\/vanderloubet.com.br\/deputado\/wp-content\/uploads\/2022\/04\/foto-2022-04-18-vander-agricultura-familiar-6-768x512.jpg 768w, https:\/\/vanderloubet.com.br\/deputado\/wp-content\/uploads\/2022\/04\/foto-2022-04-18-vander-agricultura-familiar-6-700x467.jpg 700w, https:\/\/vanderloubet.com.br\/deputado\/wp-content\/uploads\/2022\/04\/foto-2022-04-18-vander-agricultura-familiar-6-696x464.jpg 696w, https:\/\/vanderloubet.com.br\/deputado\/wp-content\/uploads\/2022\/04\/foto-2022-04-18-vander-agricultura-familiar-6.jpg 900w\" sizes=\"(max-width: 630px) 100vw, 630px\" alt=\"Trabalho de Vander garante mais 363 equipamentos para agricultura familiar de MS\">\r\n                            <\/a>\r\n                            <figcaption class = \"td-slide-caption td-gallery-slide-content\"><span>Trabalho de Vander garante mais 363 equipamentos para agricultura familiar de MS<\/span><\/figcaption>\r\n                        <\/figure>\r\n                    <\/div>\r\n                            <\/div>\r\n                        <\/div>\r\n\r\n                        <div class = \"td-doubleSlider-2\">\r\n                            <div class = \"td-slider\">\r\n                                \r\n                    <div class = \"td-button td-item1\">\r\n                        <div class = \"td-border\"><\/div>\r\n                    <\/div>\r\n                    <div class = \"td-button td-item2\">\r\n                        <div class = \"td-border\"><\/div>\r\n                    <\/div>\r\n                    <div class = \"td-button td-item3\">\r\n                        <div class = \"td-border\"><\/div>\r\n                    <\/div>\r\n                    <div class = \"td-button td-item4\">\r\n                        <div class = \"td-border\"><\/div>\r\n                    <\/div>\r\n                    <div class = \"td-button td-item5\">\r\n                        <div class = \"td-border\"><\/div>\r\n                    <\/div>\r\n                    <div class = \"td-button td-item6\">\r\n                        <div class = \"td-border\"><\/div>\r\n                    <\/div>\r\n                            <\/div>\r\n                        <\/div>\r\n\r\n                    <\/div>\r\n\r\n                <\/div>\r\n                \n","protected":false},"excerpt":{"rendered":"<p>Parceria com a Agraer \u00e9 de cerca de R$ 37,9 milh\u00f5es e beneficia 77 mil fam\u00edlias dos 79 munic\u00edpios de Mato Grosso do Sul.<\/p>\n","protected":false},"author":2,"featured_media":17633,"comment_status":"closed","ping_status":"closed","sticky":false,"template":"","format":"standard","meta":{"jetpack_post_was_ever_published":false,"_jetpack_newsletter_access":"","_jetpack_dont_email_post_to_subs":false,"_jetpack_newsletter_tier_id":0,"_jetpack_memberships_contains_paywalled_content":false,"_jetpack_memberships_contains_paid_content":false,"footnotes":""},"categories":[2099,10],"tags":[2132,2429,2127,1017,2469],"class_list":{"0":"post-17627","1":"post","2":"type-post","3":"status-publish","4":"format-standard","5":"has-post-thumbnail","7":"category-ms-noticias","8":"category-noticias","9":"tag-agricultura-familiar","10":"tag-emenda-de-bancada","11":"tag-emenda-parlamentar","12":"tag-indigenas","13":"tag-quilombolas"},"yoast_head":"<!-- This site is optimized with the Yoast SEO plugin v27.4 - https:\/\/yoast.com\/product\/yoast-seo-wordpress\/ -->\n<title>Trabalho de Vander garante mais 363 m\u00e1quinas para agricultura familiar de MS<\/title>\n<meta name=\"description\" content=\"Parceria com a Agraer \u00e9 de cerca de R$ 37,9 milh\u00f5es e beneficia 77 mil fam\u00edlias dos 79 munic\u00edpios de Mato Grosso do Sul.\" \/>\n<meta name=\"robots\" content=\"index, follow, max-snippet:-1, max-image-preview:large, max-video-preview:-1\" \/>\n<link rel=\"canonical\" href=\"https:\/\/vanderloubet.com.br\/deputado\/trabalho-de-vander-garante-mais-363-equipamentos-para-agricultura-familiar-de-ms\/\" \/>\n<meta property=\"og:locale\" content=\"pt_BR\" \/>\n<meta property=\"og:type\" content=\"article\" \/>\n<meta property=\"og:title\" content=\"Trabalho de Vander garante mais 363 m\u00e1quinas para agricultura familiar de MS\" \/>\n<meta property=\"og:description\" content=\"Parceria com a Agraer \u00e9 de cerca de R$ 37,9 milh\u00f5es e beneficia 77 mil fam\u00edlias dos 79 munic\u00edpios de Mato Grosso do Sul.\" \/>\n<meta property=\"og:url\" content=\"https:\/\/vanderloubet.com.br\/deputado\/trabalho-de-vander-garante-mais-363-equipamentos-para-agricultura-familiar-de-ms\/\" \/>\n<meta property=\"og:site_name\" content=\"Deputado Federal Vander Loubet\" \/>\n<meta property=\"article:publisher\" content=\"https:\/\/facebook.com\/deputadovander\" \/>\n<meta property=\"article:published_time\" content=\"2022-04-19T15:00:42+00:00\" \/>\n<meta property=\"article:modified_time\" content=\"2023-04-12T14:52:05+00:00\" \/>\n<meta property=\"og:image\" content=\"https:\/\/vanderloubet.com.br\/deputado\/wp-content\/uploads\/2022\/04\/foto-2022-04-18-vander-agricultura-familiar-6.jpg\" \/>\n\t<meta property=\"og:image:width\" content=\"900\" \/>\n\t<meta property=\"og:image:height\" content=\"600\" \/>\n\t<meta property=\"og:image:type\" content=\"image\/jpeg\" \/>\n<meta name=\"author\" content=\"\u00c9der\" \/>\n<meta name=\"twitter:card\" content=\"summary_large_image\" \/>\n<meta name=\"twitter:creator\" content=\"@vanderloubet\" \/>\n<meta name=\"twitter:site\" content=\"@vanderloubet\" \/>\n<script type=\"application\/ld+json\" class=\"yoast-schema-graph\">{\"@context\":\"https:\\\/\\\/schema.org\",\"@graph\":[{\"@type\":\"Article\",\"@id\":\"https:\\\/\\\/vanderloubet.com.br\\\/deputado\\\/trabalho-de-vander-garante-mais-363-equipamentos-para-agricultura-familiar-de-ms\\\/#article\",\"isPartOf\":{\"@id\":\"https:\\\/\\\/vanderloubet.com.br\\\/deputado\\\/trabalho-de-vander-garante-mais-363-equipamentos-para-agricultura-familiar-de-ms\\\/\"},\"author\":{\"name\":\"\u00c9der\",\"@id\":\"https:\\\/\\\/vanderloubet.com.br\\\/deputado\\\/#\\\/schema\\\/person\\\/15b51bd564532a8a68d9dec1b8eb890e\"},\"headline\":\"Trabalho de Vander garante mais 363 m\u00e1quinas para agricultura familiar de MS\",\"datePublished\":\"2022-04-19T15:00:42+00:00\",\"dateModified\":\"2023-04-12T14:52:05+00:00\",\"mainEntityOfPage\":{\"@id\":\"https:\\\/\\\/vanderloubet.com.br\\\/deputado\\\/trabalho-de-vander-garante-mais-363-equipamentos-para-agricultura-familiar-de-ms\\\/\"},\"wordCount\":362,\"publisher\":{\"@id\":\"https:\\\/\\\/vanderloubet.com.br\\\/deputado\\\/#organization\"},\"image\":{\"@id\":\"https:\\\/\\\/vanderloubet.com.br\\\/deputado\\\/trabalho-de-vander-garante-mais-363-equipamentos-para-agricultura-familiar-de-ms\\\/#primaryimage\"},\"thumbnailUrl\":\"https:\\\/\\\/vanderloubet.com.br\\\/deputado\\\/wp-content\\\/uploads\\\/2022\\\/04\\\/foto-2022-04-18-vander-agricultura-familiar-6.jpg\",\"keywords\":[\"agricultura familiar\",\"emenda de bancada\",\"emenda parlamentar\",\"ind\u00edgenas\",\"quilombolas\"],\"articleSection\":[\"Mato Grosso do Sul\",\"Not\u00edcias\"],\"inLanguage\":\"pt-BR\"},{\"@type\":\"WebPage\",\"@id\":\"https:\\\/\\\/vanderloubet.com.br\\\/deputado\\\/trabalho-de-vander-garante-mais-363-equipamentos-para-agricultura-familiar-de-ms\\\/\",\"url\":\"https:\\\/\\\/vanderloubet.com.br\\\/deputado\\\/trabalho-de-vander-garante-mais-363-equipamentos-para-agricultura-familiar-de-ms\\\/\",\"name\":\"Trabalho de Vander garante mais 363 m\u00e1quinas para agricultura familiar de MS\",\"isPartOf\":{\"@id\":\"https:\\\/\\\/vanderloubet.com.br\\\/deputado\\\/#website\"},\"primaryImageOfPage\":{\"@id\":\"https:\\\/\\\/vanderloubet.com.br\\\/deputado\\\/trabalho-de-vander-garante-mais-363-equipamentos-para-agricultura-familiar-de-ms\\\/#primaryimage\"},\"image\":{\"@id\":\"https:\\\/\\\/vanderloubet.com.br\\\/deputado\\\/trabalho-de-vander-garante-mais-363-equipamentos-para-agricultura-familiar-de-ms\\\/#primaryimage\"},\"thumbnailUrl\":\"https:\\\/\\\/vanderloubet.com.br\\\/deputado\\\/wp-content\\\/uploads\\\/2022\\\/04\\\/foto-2022-04-18-vander-agricultura-familiar-6.jpg\",\"datePublished\":\"2022-04-19T15:00:42+00:00\",\"dateModified\":\"2023-04-12T14:52:05+00:00\",\"description\":\"Parceria com a Agraer \u00e9 de cerca de R$ 37,9 milh\u00f5es e beneficia 77 mil fam\u00edlias dos 79 munic\u00edpios de Mato Grosso do Sul.\",\"breadcrumb\":{\"@id\":\"https:\\\/\\\/vanderloubet.com.br\\\/deputado\\\/trabalho-de-vander-garante-mais-363-equipamentos-para-agricultura-familiar-de-ms\\\/#breadcrumb\"},\"inLanguage\":\"pt-BR\",\"potentialAction\":[{\"@type\":\"ReadAction\",\"target\":[\"https:\\\/\\\/vanderloubet.com.br\\\/deputado\\\/trabalho-de-vander-garante-mais-363-equipamentos-para-agricultura-familiar-de-ms\\\/\"]}]},{\"@type\":\"ImageObject\",\"inLanguage\":\"pt-BR\",\"@id\":\"https:\\\/\\\/vanderloubet.com.br\\\/deputado\\\/trabalho-de-vander-garante-mais-363-equipamentos-para-agricultura-familiar-de-ms\\\/#primaryimage\",\"url\":\"https:\\\/\\\/vanderloubet.com.br\\\/deputado\\\/wp-content\\\/uploads\\\/2022\\\/04\\\/foto-2022-04-18-vander-agricultura-familiar-6.jpg\",\"contentUrl\":\"https:\\\/\\\/vanderloubet.com.br\\\/deputado\\\/wp-content\\\/uploads\\\/2022\\\/04\\\/foto-2022-04-18-vander-agricultura-familiar-6.jpg\",\"width\":900,\"height\":600,\"caption\":\"Trabalho de Vander garante mais 363 equipamentos para agricultura familiar de MS\"},{\"@type\":\"BreadcrumbList\",\"@id\":\"https:\\\/\\\/vanderloubet.com.br\\\/deputado\\\/trabalho-de-vander-garante-mais-363-equipamentos-para-agricultura-familiar-de-ms\\\/#breadcrumb\",\"itemListElement\":[{\"@type\":\"ListItem\",\"position\":1,\"name\":\"In\u00edcio\",\"item\":\"https:\\\/\\\/vanderloubet.com.br\\\/deputado\\\/\"},{\"@type\":\"ListItem\",\"position\":2,\"name\":\"Trabalho de Vander garante mais 363 m\u00e1quinas para agricultura familiar de MS\"}]},{\"@type\":\"WebSite\",\"@id\":\"https:\\\/\\\/vanderloubet.com.br\\\/deputado\\\/#website\",\"url\":\"https:\\\/\\\/vanderloubet.com.br\\\/deputado\\\/\",\"name\":\"Deputado Federal Vander Loubet\",\"description\":\"O Federal de MS\",\"publisher\":{\"@id\":\"https:\\\/\\\/vanderloubet.com.br\\\/deputado\\\/#organization\"},\"alternateName\":\"Deputado Vander\",\"potentialAction\":[{\"@type\":\"SearchAction\",\"target\":{\"@type\":\"EntryPoint\",\"urlTemplate\":\"https:\\\/\\\/vanderloubet.com.br\\\/deputado\\\/?s={search_term_string}\"},\"query-input\":{\"@type\":\"PropertyValueSpecification\",\"valueRequired\":true,\"valueName\":\"search_term_string\"}}],\"inLanguage\":\"pt-BR\"},{\"@type\":\"Organization\",\"@id\":\"https:\\\/\\\/vanderloubet.com.br\\\/deputado\\\/#organization\",\"name\":\"Deputado Federal Vander Loubet\",\"alternateName\":\"Deputado Vander\",\"url\":\"https:\\\/\\\/vanderloubet.com.br\\\/deputado\\\/\",\"logo\":{\"@type\":\"ImageObject\",\"inLanguage\":\"pt-BR\",\"@id\":\"https:\\\/\\\/vanderloubet.com.br\\\/deputado\\\/#\\\/schema\\\/logo\\\/image\\\/\",\"url\":\"https:\\\/\\\/vanderloubet.com.br\\\/deputado\\\/wp-content\\\/uploads\\\/2023\\\/06\\\/foto-2023-06-19-mandato-deputado-vander.jpg\",\"contentUrl\":\"https:\\\/\\\/vanderloubet.com.br\\\/deputado\\\/wp-content\\\/uploads\\\/2023\\\/06\\\/foto-2023-06-19-mandato-deputado-vander.jpg\",\"width\":1080,\"height\":1080,\"caption\":\"Deputado Federal Vander Loubet\"},\"image\":{\"@id\":\"https:\\\/\\\/vanderloubet.com.br\\\/deputado\\\/#\\\/schema\\\/logo\\\/image\\\/\"},\"sameAs\":[\"https:\\\/\\\/facebook.com\\\/deputadovander\",\"https:\\\/\\\/x.com\\\/vanderloubet\",\"https:\\\/\\\/instagram.com\\\/vanderloubet\",\"https:\\\/\\\/youtube.com\\\/vanderloubet\",\"https:\\\/\\\/tiktok.com\\\/@vanderloubetms\"]},{\"@type\":\"Person\",\"@id\":\"https:\\\/\\\/vanderloubet.com.br\\\/deputado\\\/#\\\/schema\\\/person\\\/15b51bd564532a8a68d9dec1b8eb890e\",\"name\":\"\u00c9der\",\"image\":{\"@type\":\"ImageObject\",\"inLanguage\":\"pt-BR\",\"@id\":\"https:\\\/\\\/vanderloubet.com.br\\\/deputado\\\/wp-content\\\/litespeed\\\/avatar\\\/88ca4090d9d5ab1c9495f6ca03b68efa.jpg?ver=1777058957\",\"url\":\"https:\\\/\\\/vanderloubet.com.br\\\/deputado\\\/wp-content\\\/litespeed\\\/avatar\\\/88ca4090d9d5ab1c9495f6ca03b68efa.jpg?ver=1777058957\",\"contentUrl\":\"https:\\\/\\\/vanderloubet.com.br\\\/deputado\\\/wp-content\\\/litespeed\\\/avatar\\\/88ca4090d9d5ab1c9495f6ca03b68efa.jpg?ver=1777058957\",\"caption\":\"\u00c9der\"}}]}<\/script>\n<!-- \/ Yoast SEO plugin. -->","yoast_head_json":{"title":"Trabalho de Vander garante mais 363 m\u00e1quinas para agricultura familiar de MS","description":"Parceria com a Agraer \u00e9 de cerca de R$ 37,9 milh\u00f5es e beneficia 77 mil fam\u00edlias dos 79 munic\u00edpios de Mato Grosso do Sul.","robots":{"index":"index","follow":"follow","max-snippet":"max-snippet:-1","max-image-preview":"max-image-preview:large","max-video-preview":"max-video-preview:-1"},"canonical":"https:\/\/vanderloubet.com.br\/deputado\/trabalho-de-vander-garante-mais-363-equipamentos-para-agricultura-familiar-de-ms\/","og_locale":"pt_BR","og_type":"article","og_title":"Trabalho de Vander garante mais 363 m\u00e1quinas para agricultura familiar de MS","og_description":"Parceria com a Agraer \u00e9 de cerca de R$ 37,9 milh\u00f5es e beneficia 77 mil fam\u00edlias dos 79 munic\u00edpios de Mato Grosso do Sul.","og_url":"https:\/\/vanderloubet.com.br\/deputado\/trabalho-de-vander-garante-mais-363-equipamentos-para-agricultura-familiar-de-ms\/","og_site_name":"Deputado Federal Vander Loubet","article_publisher":"https:\/\/facebook.com\/deputadovander","article_published_time":"2022-04-19T15:00:42+00:00","article_modified_time":"2023-04-12T14:52:05+00:00","og_image":[{"width":900,"height":600,"url":"https:\/\/vanderloubet.com.br\/deputado\/wp-content\/uploads\/2022\/04\/foto-2022-04-18-vander-agricultura-familiar-6.jpg","type":"image\/jpeg"}],"author":"\u00c9der","twitter_card":"summary_large_image","twitter_creator":"@vanderloubet","twitter_site":"@vanderloubet","schema":{"@context":"https:\/\/schema.org","@graph":[{"@type":"Article","@id":"https:\/\/vanderloubet.com.br\/deputado\/trabalho-de-vander-garante-mais-363-equipamentos-para-agricultura-familiar-de-ms\/#article","isPartOf":{"@id":"https:\/\/vanderloubet.com.br\/deputado\/trabalho-de-vander-garante-mais-363-equipamentos-para-agricultura-familiar-de-ms\/"},"author":{"name":"\u00c9der","@id":"https:\/\/vanderloubet.com.br\/deputado\/#\/schema\/person\/15b51bd564532a8a68d9dec1b8eb890e"},"headline":"Trabalho de Vander garante mais 363 m\u00e1quinas para agricultura familiar de MS","datePublished":"2022-04-19T15:00:42+00:00","dateModified":"2023-04-12T14:52:05+00:00","mainEntityOfPage":{"@id":"https:\/\/vanderloubet.com.br\/deputado\/trabalho-de-vander-garante-mais-363-equipamentos-para-agricultura-familiar-de-ms\/"},"wordCount":362,"publisher":{"@id":"https:\/\/vanderloubet.com.br\/deputado\/#organization"},"image":{"@id":"https:\/\/vanderloubet.com.br\/deputado\/trabalho-de-vander-garante-mais-363-equipamentos-para-agricultura-familiar-de-ms\/#primaryimage"},"thumbnailUrl":"https:\/\/vanderloubet.com.br\/deputado\/wp-content\/uploads\/2022\/04\/foto-2022-04-18-vander-agricultura-familiar-6.jpg","keywords":["agricultura familiar","emenda de bancada","emenda parlamentar","ind\u00edgenas","quilombolas"],"articleSection":["Mato Grosso do Sul","Not\u00edcias"],"inLanguage":"pt-BR"},{"@type":"WebPage","@id":"https:\/\/vanderloubet.com.br\/deputado\/trabalho-de-vander-garante-mais-363-equipamentos-para-agricultura-familiar-de-ms\/","url":"https:\/\/vanderloubet.com.br\/deputado\/trabalho-de-vander-garante-mais-363-equipamentos-para-agricultura-familiar-de-ms\/","name":"Trabalho de Vander garante mais 363 m\u00e1quinas para agricultura familiar de MS","isPartOf":{"@id":"https:\/\/vanderloubet.com.br\/deputado\/#website"},"primaryImageOfPage":{"@id":"https:\/\/vanderloubet.com.br\/deputado\/trabalho-de-vander-garante-mais-363-equipamentos-para-agricultura-familiar-de-ms\/#primaryimage"},"image":{"@id":"https:\/\/vanderloubet.com.br\/deputado\/trabalho-de-vander-garante-mais-363-equipamentos-para-agricultura-familiar-de-ms\/#primaryimage"},"thumbnailUrl":"https:\/\/vanderloubet.com.br\/deputado\/wp-content\/uploads\/2022\/04\/foto-2022-04-18-vander-agricultura-familiar-6.jpg","datePublished":"2022-04-19T15:00:42+00:00","dateModified":"2023-04-12T14:52:05+00:00","description":"Parceria com a Agraer \u00e9 de cerca de R$ 37,9 milh\u00f5es e beneficia 77 mil fam\u00edlias dos 79 munic\u00edpios de Mato Grosso do Sul.","breadcrumb":{"@id":"https:\/\/vanderloubet.com.br\/deputado\/trabalho-de-vander-garante-mais-363-equipamentos-para-agricultura-familiar-de-ms\/#breadcrumb"},"inLanguage":"pt-BR","potentialAction":[{"@type":"ReadAction","target":["https:\/\/vanderloubet.com.br\/deputado\/trabalho-de-vander-garante-mais-363-equipamentos-para-agricultura-familiar-de-ms\/"]}]},{"@type":"ImageObject","inLanguage":"pt-BR","@id":"https:\/\/vanderloubet.com.br\/deputado\/trabalho-de-vander-garante-mais-363-equipamentos-para-agricultura-familiar-de-ms\/#primaryimage","url":"https:\/\/vanderloubet.com.br\/deputado\/wp-content\/uploads\/2022\/04\/foto-2022-04-18-vander-agricultura-familiar-6.jpg","contentUrl":"https:\/\/vanderloubet.com.br\/deputado\/wp-content\/uploads\/2022\/04\/foto-2022-04-18-vander-agricultura-familiar-6.jpg","width":900,"height":600,"caption":"Trabalho de Vander garante mais 363 equipamentos para agricultura familiar de MS"},{"@type":"BreadcrumbList","@id":"https:\/\/vanderloubet.com.br\/deputado\/trabalho-de-vander-garante-mais-363-equipamentos-para-agricultura-familiar-de-ms\/#breadcrumb","itemListElement":[{"@type":"ListItem","position":1,"name":"In\u00edcio","item":"https:\/\/vanderloubet.com.br\/deputado\/"},{"@type":"ListItem","position":2,"name":"Trabalho de Vander garante mais 363 m\u00e1quinas para agricultura familiar de MS"}]},{"@type":"WebSite","@id":"https:\/\/vanderloubet.com.br\/deputado\/#website","url":"https:\/\/vanderloubet.com.br\/deputado\/","name":"Deputado Federal Vander Loubet","description":"O Federal de MS","publisher":{"@id":"https:\/\/vanderloubet.com.br\/deputado\/#organization"},"alternateName":"Deputado Vander","potentialAction":[{"@type":"SearchAction","target":{"@type":"EntryPoint","urlTemplate":"https:\/\/vanderloubet.com.br\/deputado\/?s={search_term_string}"},"query-input":{"@type":"PropertyValueSpecification","valueRequired":true,"valueName":"search_term_string"}}],"inLanguage":"pt-BR"},{"@type":"Organization","@id":"https:\/\/vanderloubet.com.br\/deputado\/#organization","name":"Deputado Federal Vander Loubet","alternateName":"Deputado Vander","url":"https:\/\/vanderloubet.com.br\/deputado\/","logo":{"@type":"ImageObject","inLanguage":"pt-BR","@id":"https:\/\/vanderloubet.com.br\/deputado\/#\/schema\/logo\/image\/","url":"https:\/\/vanderloubet.com.br\/deputado\/wp-content\/uploads\/2023\/06\/foto-2023-06-19-mandato-deputado-vander.jpg","contentUrl":"https:\/\/vanderloubet.com.br\/deputado\/wp-content\/uploads\/2023\/06\/foto-2023-06-19-mandato-deputado-vander.jpg","width":1080,"height":1080,"caption":"Deputado Federal Vander Loubet"},"image":{"@id":"https:\/\/vanderloubet.com.br\/deputado\/#\/schema\/logo\/image\/"},"sameAs":["https:\/\/facebook.com\/deputadovander","https:\/\/x.com\/vanderloubet","https:\/\/instagram.com\/vanderloubet","https:\/\/youtube.com\/vanderloubet","https:\/\/tiktok.com\/@vanderloubetms"]},{"@type":"Person","@id":"https:\/\/vanderloubet.com.br\/deputado\/#\/schema\/person\/15b51bd564532a8a68d9dec1b8eb890e","name":"\u00c9der","image":{"@type":"ImageObject","inLanguage":"pt-BR","@id":"https:\/\/vanderloubet.com.br\/deputado\/wp-content\/litespeed\/avatar\/88ca4090d9d5ab1c9495f6ca03b68efa.jpg?ver=1777058957","url":"https:\/\/vanderloubet.com.br\/deputado\/wp-content\/litespeed\/avatar\/88ca4090d9d5ab1c9495f6ca03b68efa.jpg?ver=1777058957","contentUrl":"https:\/\/vanderloubet.com.br\/deputado\/wp-content\/litespeed\/avatar\/88ca4090d9d5ab1c9495f6ca03b68efa.jpg?ver=1777058957","caption":"\u00c9der"}}]}},"jetpack_featured_media_url":"https:\/\/vanderloubet.com.br\/deputado\/wp-content\/uploads\/2022\/04\/foto-2022-04-18-vander-agricultura-familiar-6.jpg","jetpack_sharing_enabled":true,"_links":{"self":[{"href":"https:\/\/vanderloubet.com.br\/deputado\/wp-json\/wp\/v2\/posts\/17627","targetHints":{"allow":["GET"]}}],"collection":[{"href":"https:\/\/vanderloubet.com.br\/deputado\/wp-json\/wp\/v2\/posts"}],"about":[{"href":"https:\/\/vanderloubet.com.br\/deputado\/wp-json\/wp\/v2\/types\/post"}],"author":[{"embeddable":true,"href":"https:\/\/vanderloubet.com.br\/deputado\/wp-json\/wp\/v2\/users\/2"}],"replies":[{"embeddable":true,"href":"https:\/\/vanderloubet.com.br\/deputado\/wp-json\/wp\/v2\/comments?post=17627"}],"version-history":[{"count":0,"href":"https:\/\/vanderloubet.com.br\/deputado\/wp-json\/wp\/v2\/posts\/17627\/revisions"}],"wp:featuredmedia":[{"embeddable":true,"href":"https:\/\/vanderloubet.com.br\/deputado\/wp-json\/wp\/v2\/media\/17633"}],"wp:attachment":[{"href":"https:\/\/vanderloubet.com.br\/deputado\/wp-json\/wp\/v2\/media?parent=17627"}],"wp:term":[{"taxonomy":"category","embeddable":true,"href":"https:\/\/vanderloubet.com.br\/deputado\/wp-json\/wp\/v2\/categories?post=17627"},{"taxonomy":"post_tag","embeddable":true,"href":"https:\/\/vanderloubet.com.br\/deputado\/wp-json\/wp\/v2\/tags?post=17627"}],"curies":[{"name":"wp","href":"https:\/\/api.w.org\/{rel}","templated":true}]}}