{"id":17615,"date":"2022-04-04T14:20:46","date_gmt":"2022-04-04T18:20:46","guid":{"rendered":"https:\/\/vanderloubet.com.br\/deputado\/?p=17615"},"modified":"2022-04-04T14:20:46","modified_gmt":"2022-04-04T18:20:46","slug":"com-emenda-de-vander-e-zeca-amambai-lanca-maior-obra-da-vila-limeira","status":"publish","type":"post","link":"https:\/\/vanderloubet.com.br\/deputado\/com-emenda-de-vander-e-zeca-amambai-lanca-maior-obra-da-vila-limeira\/","title":{"rendered":"Com emenda de Vander e Zeca, Amambai lan\u00e7a maior obra da Vila Limeira"},"content":{"rendered":"<p>Na sexta-feira (1\u00b0), o deputado federal Vander Loubet participou do ato da assinatura de ordem de servi\u00e7o do projeto de pavimenta\u00e7\u00e3o asf\u00e1ltica e drenagem de \u00e1guas pluviais da Vila Limeira, em Amambai. <\/p>\n<p>O projeto \u00e9 o maior j\u00e1 visto na Vila Limeira, sendo que 13 quadras passar\u00e3o por mudan\u00e7as. As obras contemplar\u00e3o as ruas Dr. Alvaro Vidal Oliveira, Laurindo Brum, Clementino Albuquerque, \u00cdtrio Costa, Const\u00e2ncio C. de Oliveira, \u00c1lvaro S. Santos e Janu\u00e1rio Lima. <\/p>\n<p>S\u00f3 ser\u00e1 poss\u00edvel realizar as interven\u00e7\u00f5es gra\u00e7as a emendas parlamentares do deputado federal Vander Loubet e dos ex-deputados federais Zeca do PT e Elizeu Dionizio, que destinaram o valor de R$ 1,6 milh\u00e3o para essa finalidade. A Prefeitura entrou com a contrapartida de R$ 181 mil por meio de recursos do IPTU.<\/p>\n<p>O prefeito Edinaldo Bandeira agradeceu ao parlamentar pela presen\u00e7a no ato e por ter destinado os recursos a Amambai. Ele ainda afirmou que o momento foi hist\u00f3rico para todos os amambaienses, pois \u00e9 um sonho antigo da popula\u00e7\u00e3o. &#8220;Grande parte dos recursos \u00e9 oriundo da Uni\u00e3o, por isso precisamos ir atr\u00e1s deles e o Vander est\u00e1 sempre de portas abertas para n\u00f3s&#8221;, disse o gestor municipal.<\/p>\n<p>Vander ficou feliz com o ato e destacou que enviou, junto com o ex-deputado Zeca do PT, diversas emendas n\u00e3o apenas para Amambai mas para muitas cidades do interior do estado, a fim de fomentar a melhoria da qualidade de vida da popula\u00e7\u00e3o. &#8220;Amambai \u00e9 especial pra mim, sou da fronteira e vejo como essa cidade est\u00e1 se transformando, gra\u00e7as \u00e0 humildade do prefeito, do apoio da C\u00e2mara e da forma como ele sabe tratar conosco&#8221;, relatou o parlamentar.<\/p>\n<p>Estiveram presentes no ato o presidente da Associa\u00e7\u00e3o de Moradores da Vila Limeira, Jonas Santos, vereadores (como Rosa Linda e o presidente da C\u00e2mara Municipal, Valter Brito) e secret\u00e1rios municipais. <\/p>\n<p><em>(Fonte: Secom\/Prefeitura de Amambai)<\/em><\/p>\n\r\n                <style type=\"text\/css\">\r\n                    \r\n                    #tdi_1  .td-doubleSlider-2 .td-item1 {\r\n                        background: url(https:\/\/vanderloubet.com.br\/deputado\/wp-content\/uploads\/2022\/04\/foto-2022-04-01-amambai-vila-limeira-1-80x60.jpg) 0 0 no-repeat;\r\n                    }\r\n                    #tdi_1  .td-doubleSlider-2 .td-item2 {\r\n                        background: url(https:\/\/vanderloubet.com.br\/deputado\/wp-content\/uploads\/2022\/04\/foto-2022-04-01-amambai-vila-limeira-2-80x60.jpg) 0 0 no-repeat;\r\n                    }\r\n                    #tdi_1  .td-doubleSlider-2 .td-item3 {\r\n                        background: url(https:\/\/vanderloubet.com.br\/deputado\/wp-content\/uploads\/2022\/04\/foto-2022-04-01-amambai-vila-limeira-3-80x60.jpg) 0 0 no-repeat;\r\n                    }\r\n                    #tdi_1  .td-doubleSlider-2 .td-item4 {\r\n                        background: url(https:\/\/vanderloubet.com.br\/deputado\/wp-content\/uploads\/2022\/04\/foto-2022-04-01-amambai-vila-limeira-4-80x60.jpg) 0 0 no-repeat;\r\n                    }\r\n                    #tdi_1  .td-doubleSlider-2 .td-item5 {\r\n                        background: url(https:\/\/vanderloubet.com.br\/deputado\/wp-content\/uploads\/2022\/04\/foto-2022-04-01-amambai-vila-limeira-5-80x60.jpg) 0 0 no-repeat;\r\n                    }\r\n                    #tdi_1  .td-doubleSlider-2 .td-item6 {\r\n                        background: url(https:\/\/vanderloubet.com.br\/deputado\/wp-content\/uploads\/2022\/04\/foto-2022-04-01-amambai-vila-limeira-6-80x60.jpg) 0 0 no-repeat;\r\n                    }\r\n                    #tdi_1  .td-doubleSlider-2 .td-item7 {\r\n                        background: url(https:\/\/vanderloubet.com.br\/deputado\/wp-content\/uploads\/2022\/04\/foto-2022-04-01-amambai-vila-limeira-7-80x60.jpg) 0 0 no-repeat;\r\n                    }\r\n                    #tdi_1  .td-doubleSlider-2 .td-item8 {\r\n                        background: url(https:\/\/vanderloubet.com.br\/deputado\/wp-content\/uploads\/2022\/04\/foto-2022-04-01-amambai-vila-limeira-8-80x60.jpg) 0 0 no-repeat;\r\n                    }\r\n                <\/style>\r\n\r\n                <div id=\"tdi_1\" class=\"td-gallery td-slide-on-2-columns\">\r\n                    <div class=\"post_td_gallery\">\r\n                        <div class=\"td-gallery-slide-top\">\r\n                           <div class=\"td-gallery-title\"><\/div>\r\n\r\n                            <div class=\"td-gallery-controls-wrapper\">\r\n                                <div class=\"td-gallery-slide-count\"><span class=\"td-gallery-slide-item-focus\">1<\/span> de 8<\/div>\r\n                                <div class=\"td-gallery-slide-prev-next-but\">\r\n                                    <i class = \"td-icon-left doubleSliderPrevButton\"><\/i>\r\n                                    <i class = \"td-icon-right doubleSliderNextButton\"><\/i>\r\n                                <\/div>\r\n                            <\/div>\r\n                        <\/div>\r\n\r\n                        <div class = \"td-doubleSlider-1 \">\r\n                            <div class = \"td-slider\">\r\n                                \r\n                    <div class = \"td-slide-item td-item1\">\r\n                        <figure class=\"td-slide-galery-figure td-slide-popup-gallery\">\r\n                            <a class=\"slide-gallery-image-link\" href=\"https:\/\/vanderloubet.com.br\/deputado\/wp-content\/uploads\/2022\/04\/foto-2022-04-01-amambai-vila-limeira-1.jpg\" title=\"Com emenda de Vander e Zeca, Amambai lan\u00e7a maior obra da Vila Limeira\"  data-caption=\"\"  data-description=\"Com emenda de Vander e Zeca, Amambai lan&ccedil;a maior obra da Vila Limeira\">\r\n                                <img decoding=\"async\" src=\"https:\/\/vanderloubet.com.br\/deputado\/wp-content\/uploads\/2022\/04\/foto-2022-04-01-amambai-vila-limeira-1-630x420.jpg\" srcset=\"https:\/\/vanderloubet.com.br\/deputado\/wp-content\/uploads\/2022\/04\/foto-2022-04-01-amambai-vila-limeira-1-630x420.jpg 630w, https:\/\/vanderloubet.com.br\/deputado\/wp-content\/uploads\/2022\/04\/foto-2022-04-01-amambai-vila-limeira-1-350x233.jpg 350w, https:\/\/vanderloubet.com.br\/deputado\/wp-content\/uploads\/2022\/04\/foto-2022-04-01-amambai-vila-limeira-1-768x512.jpg 768w, https:\/\/vanderloubet.com.br\/deputado\/wp-content\/uploads\/2022\/04\/foto-2022-04-01-amambai-vila-limeira-1-700x467.jpg 700w, https:\/\/vanderloubet.com.br\/deputado\/wp-content\/uploads\/2022\/04\/foto-2022-04-01-amambai-vila-limeira-1-696x464.jpg 696w, https:\/\/vanderloubet.com.br\/deputado\/wp-content\/uploads\/2022\/04\/foto-2022-04-01-amambai-vila-limeira-1.jpg 900w\" sizes=\"(max-width: 630px) 100vw, 630px\" alt=\"Com emenda de Vander e Zeca, Amambai lan&ccedil;a maior obra da Vila Limeira\">\r\n                            <\/a>\r\n                            <figcaption class = \"td-slide-caption td-gallery-slide-content\"><span>Com emenda de Vander e Zeca, Amambai lan\u00e7a maior obra da Vila Limeira<\/span><\/figcaption>\r\n                        <\/figure>\r\n                    <\/div>\r\n                    <div class = \"td-slide-item td-item2\">\r\n                        <figure class=\"td-slide-galery-figure td-slide-popup-gallery\">\r\n                            <a class=\"slide-gallery-image-link\" href=\"https:\/\/vanderloubet.com.br\/deputado\/wp-content\/uploads\/2022\/04\/foto-2022-04-01-amambai-vila-limeira-2.jpg\" title=\"Com emenda de Vander e Zeca, Amambai lan\u00e7a maior obra da Vila Limeira\"  data-caption=\"\"  data-description=\"Com emenda de Vander e Zeca, Amambai lan&ccedil;a maior obra da Vila Limeira\">\r\n                                <img decoding=\"async\" src=\"https:\/\/vanderloubet.com.br\/deputado\/wp-content\/uploads\/2022\/04\/foto-2022-04-01-amambai-vila-limeira-2-630x420.jpg\" srcset=\"https:\/\/vanderloubet.com.br\/deputado\/wp-content\/uploads\/2022\/04\/foto-2022-04-01-amambai-vila-limeira-2-630x420.jpg 630w, https:\/\/vanderloubet.com.br\/deputado\/wp-content\/uploads\/2022\/04\/foto-2022-04-01-amambai-vila-limeira-2-350x233.jpg 350w, https:\/\/vanderloubet.com.br\/deputado\/wp-content\/uploads\/2022\/04\/foto-2022-04-01-amambai-vila-limeira-2-768x512.jpg 768w, https:\/\/vanderloubet.com.br\/deputado\/wp-content\/uploads\/2022\/04\/foto-2022-04-01-amambai-vila-limeira-2-700x467.jpg 700w, https:\/\/vanderloubet.com.br\/deputado\/wp-content\/uploads\/2022\/04\/foto-2022-04-01-amambai-vila-limeira-2-696x464.jpg 696w, https:\/\/vanderloubet.com.br\/deputado\/wp-content\/uploads\/2022\/04\/foto-2022-04-01-amambai-vila-limeira-2.jpg 900w\" sizes=\"(max-width: 630px) 100vw, 630px\" alt=\"Com emenda de Vander e Zeca, Amambai lan&ccedil;a maior obra da Vila Limeira\">\r\n                            <\/a>\r\n                            <figcaption class = \"td-slide-caption td-gallery-slide-content\"><span>Com emenda de Vander e Zeca, Amambai lan\u00e7a maior obra da Vila Limeira<\/span><\/figcaption>\r\n                        <\/figure>\r\n                    <\/div>\r\n                    <div class = \"td-slide-item td-item3\">\r\n                        <figure class=\"td-slide-galery-figure td-slide-popup-gallery\">\r\n                            <a class=\"slide-gallery-image-link\" href=\"https:\/\/vanderloubet.com.br\/deputado\/wp-content\/uploads\/2022\/04\/foto-2022-04-01-amambai-vila-limeira-3.jpg\" title=\"Com emenda de Vander e Zeca, Amambai lan\u00e7a maior obra da Vila Limeira\"  data-caption=\"\"  data-description=\"Com emenda de Vander e Zeca, Amambai lan&ccedil;a maior obra da Vila Limeira\">\r\n                                <img decoding=\"async\" src=\"https:\/\/vanderloubet.com.br\/deputado\/wp-content\/uploads\/2022\/04\/foto-2022-04-01-amambai-vila-limeira-3-630x420.jpg\" srcset=\"https:\/\/vanderloubet.com.br\/deputado\/wp-content\/uploads\/2022\/04\/foto-2022-04-01-amambai-vila-limeira-3-630x420.jpg 630w, https:\/\/vanderloubet.com.br\/deputado\/wp-content\/uploads\/2022\/04\/foto-2022-04-01-amambai-vila-limeira-3-350x233.jpg 350w, https:\/\/vanderloubet.com.br\/deputado\/wp-content\/uploads\/2022\/04\/foto-2022-04-01-amambai-vila-limeira-3-768x512.jpg 768w, https:\/\/vanderloubet.com.br\/deputado\/wp-content\/uploads\/2022\/04\/foto-2022-04-01-amambai-vila-limeira-3-700x467.jpg 700w, https:\/\/vanderloubet.com.br\/deputado\/wp-content\/uploads\/2022\/04\/foto-2022-04-01-amambai-vila-limeira-3-696x464.jpg 696w, https:\/\/vanderloubet.com.br\/deputado\/wp-content\/uploads\/2022\/04\/foto-2022-04-01-amambai-vila-limeira-3.jpg 900w\" sizes=\"(max-width: 630px) 100vw, 630px\" alt=\"Com emenda de Vander e Zeca, Amambai lan&ccedil;a maior obra da Vila Limeira\">\r\n                            <\/a>\r\n                            <figcaption class = \"td-slide-caption td-gallery-slide-content\"><span>Com emenda de Vander e Zeca, Amambai lan\u00e7a maior obra da Vila Limeira<\/span><\/figcaption>\r\n                        <\/figure>\r\n                    <\/div>\r\n                    <div class = \"td-slide-item td-item4\">\r\n                        <figure class=\"td-slide-galery-figure td-slide-popup-gallery\">\r\n                            <a class=\"slide-gallery-image-link\" href=\"https:\/\/vanderloubet.com.br\/deputado\/wp-content\/uploads\/2022\/04\/foto-2022-04-01-amambai-vila-limeira-4.jpg\" title=\"Com emenda de Vander e Zeca, Amambai lan\u00e7a maior obra da Vila Limeira\"  data-caption=\"\"  data-description=\"Com emenda de Vander e Zeca, Amambai lan&ccedil;a maior obra da Vila Limeira\">\r\n                                <img decoding=\"async\" src=\"https:\/\/vanderloubet.com.br\/deputado\/wp-content\/uploads\/2022\/04\/foto-2022-04-01-amambai-vila-limeira-4-630x420.jpg\" srcset=\"https:\/\/vanderloubet.com.br\/deputado\/wp-content\/uploads\/2022\/04\/foto-2022-04-01-amambai-vila-limeira-4-630x420.jpg 630w, https:\/\/vanderloubet.com.br\/deputado\/wp-content\/uploads\/2022\/04\/foto-2022-04-01-amambai-vila-limeira-4-350x233.jpg 350w, https:\/\/vanderloubet.com.br\/deputado\/wp-content\/uploads\/2022\/04\/foto-2022-04-01-amambai-vila-limeira-4-768x512.jpg 768w, https:\/\/vanderloubet.com.br\/deputado\/wp-content\/uploads\/2022\/04\/foto-2022-04-01-amambai-vila-limeira-4-700x467.jpg 700w, https:\/\/vanderloubet.com.br\/deputado\/wp-content\/uploads\/2022\/04\/foto-2022-04-01-amambai-vila-limeira-4-696x464.jpg 696w, https:\/\/vanderloubet.com.br\/deputado\/wp-content\/uploads\/2022\/04\/foto-2022-04-01-amambai-vila-limeira-4.jpg 900w\" sizes=\"(max-width: 630px) 100vw, 630px\" alt=\"Com emenda de Vander e Zeca, Amambai lan&ccedil;a maior obra da Vila Limeira\">\r\n                            <\/a>\r\n                            <figcaption class = \"td-slide-caption td-gallery-slide-content\"><span>Com emenda de Vander e Zeca, Amambai lan\u00e7a maior obra da Vila Limeira<\/span><\/figcaption>\r\n                        <\/figure>\r\n                    <\/div>\r\n                    <div class = \"td-slide-item td-item5\">\r\n                        <figure class=\"td-slide-galery-figure td-slide-popup-gallery\">\r\n                            <a class=\"slide-gallery-image-link\" href=\"https:\/\/vanderloubet.com.br\/deputado\/wp-content\/uploads\/2022\/04\/foto-2022-04-01-amambai-vila-limeira-5.jpg\" title=\"Com emenda de Vander e Zeca, Amambai lan\u00e7a maior obra da Vila Limeira\"  data-caption=\"\"  data-description=\"Com emenda de Vander e Zeca, Amambai lan&ccedil;a maior obra da Vila Limeira\">\r\n                                <img decoding=\"async\" src=\"https:\/\/vanderloubet.com.br\/deputado\/wp-content\/uploads\/2022\/04\/foto-2022-04-01-amambai-vila-limeira-5-630x420.jpg\" srcset=\"https:\/\/vanderloubet.com.br\/deputado\/wp-content\/uploads\/2022\/04\/foto-2022-04-01-amambai-vila-limeira-5-630x420.jpg 630w, https:\/\/vanderloubet.com.br\/deputado\/wp-content\/uploads\/2022\/04\/foto-2022-04-01-amambai-vila-limeira-5-350x233.jpg 350w, https:\/\/vanderloubet.com.br\/deputado\/wp-content\/uploads\/2022\/04\/foto-2022-04-01-amambai-vila-limeira-5-768x512.jpg 768w, https:\/\/vanderloubet.com.br\/deputado\/wp-content\/uploads\/2022\/04\/foto-2022-04-01-amambai-vila-limeira-5-700x467.jpg 700w, https:\/\/vanderloubet.com.br\/deputado\/wp-content\/uploads\/2022\/04\/foto-2022-04-01-amambai-vila-limeira-5-696x464.jpg 696w, https:\/\/vanderloubet.com.br\/deputado\/wp-content\/uploads\/2022\/04\/foto-2022-04-01-amambai-vila-limeira-5.jpg 900w\" sizes=\"(max-width: 630px) 100vw, 630px\" alt=\"Com emenda de Vander e Zeca, Amambai lan&ccedil;a maior obra da Vila Limeira\">\r\n                            <\/a>\r\n                            <figcaption class = \"td-slide-caption td-gallery-slide-content\"><span>Com emenda de Vander e Zeca, Amambai lan\u00e7a maior obra da Vila Limeira<\/span><\/figcaption>\r\n                        <\/figure>\r\n                    <\/div>\r\n                    <div class = \"td-slide-item td-item6\">\r\n                        <figure class=\"td-slide-galery-figure td-slide-popup-gallery\">\r\n                            <a class=\"slide-gallery-image-link\" href=\"https:\/\/vanderloubet.com.br\/deputado\/wp-content\/uploads\/2022\/04\/foto-2022-04-01-amambai-vila-limeira-6.jpg\" title=\"Com emenda de Vander e Zeca, Amambai lan\u00e7a maior obra da Vila Limeira\"  data-caption=\"\"  data-description=\"Com emenda de Vander e Zeca, Amambai lan&ccedil;a maior obra da Vila Limeira\">\r\n                                <img decoding=\"async\" src=\"https:\/\/vanderloubet.com.br\/deputado\/wp-content\/uploads\/2022\/04\/foto-2022-04-01-amambai-vila-limeira-6-630x420.jpg\" srcset=\"https:\/\/vanderloubet.com.br\/deputado\/wp-content\/uploads\/2022\/04\/foto-2022-04-01-amambai-vila-limeira-6-630x420.jpg 630w, https:\/\/vanderloubet.com.br\/deputado\/wp-content\/uploads\/2022\/04\/foto-2022-04-01-amambai-vila-limeira-6-350x233.jpg 350w, https:\/\/vanderloubet.com.br\/deputado\/wp-content\/uploads\/2022\/04\/foto-2022-04-01-amambai-vila-limeira-6-768x512.jpg 768w, https:\/\/vanderloubet.com.br\/deputado\/wp-content\/uploads\/2022\/04\/foto-2022-04-01-amambai-vila-limeira-6-700x467.jpg 700w, https:\/\/vanderloubet.com.br\/deputado\/wp-content\/uploads\/2022\/04\/foto-2022-04-01-amambai-vila-limeira-6-696x464.jpg 696w, https:\/\/vanderloubet.com.br\/deputado\/wp-content\/uploads\/2022\/04\/foto-2022-04-01-amambai-vila-limeira-6.jpg 900w\" sizes=\"(max-width: 630px) 100vw, 630px\" alt=\"Com emenda de Vander e Zeca, Amambai lan&ccedil;a maior obra da Vila Limeira\">\r\n                            <\/a>\r\n                            <figcaption class = \"td-slide-caption td-gallery-slide-content\"><span>Com emenda de Vander e Zeca, Amambai lan\u00e7a maior obra da Vila Limeira<\/span><\/figcaption>\r\n                        <\/figure>\r\n                    <\/div>\r\n                    <div class = \"td-slide-item td-item7\">\r\n                        <figure class=\"td-slide-galery-figure td-slide-popup-gallery\">\r\n                            <a class=\"slide-gallery-image-link\" href=\"https:\/\/vanderloubet.com.br\/deputado\/wp-content\/uploads\/2022\/04\/foto-2022-04-01-amambai-vila-limeira-7.jpg\" title=\"Com emenda de Vander e Zeca, Amambai lan\u00e7a maior obra da Vila Limeira\"  data-caption=\"\"  data-description=\"Com emenda de Vander e Zeca, Amambai lan&ccedil;a maior obra da Vila Limeira\">\r\n                                <img decoding=\"async\" src=\"https:\/\/vanderloubet.com.br\/deputado\/wp-content\/uploads\/2022\/04\/foto-2022-04-01-amambai-vila-limeira-7-630x420.jpg\" srcset=\"https:\/\/vanderloubet.com.br\/deputado\/wp-content\/uploads\/2022\/04\/foto-2022-04-01-amambai-vila-limeira-7-630x420.jpg 630w, https:\/\/vanderloubet.com.br\/deputado\/wp-content\/uploads\/2022\/04\/foto-2022-04-01-amambai-vila-limeira-7-350x233.jpg 350w, https:\/\/vanderloubet.com.br\/deputado\/wp-content\/uploads\/2022\/04\/foto-2022-04-01-amambai-vila-limeira-7-768x512.jpg 768w, https:\/\/vanderloubet.com.br\/deputado\/wp-content\/uploads\/2022\/04\/foto-2022-04-01-amambai-vila-limeira-7-700x467.jpg 700w, https:\/\/vanderloubet.com.br\/deputado\/wp-content\/uploads\/2022\/04\/foto-2022-04-01-amambai-vila-limeira-7-696x464.jpg 696w, https:\/\/vanderloubet.com.br\/deputado\/wp-content\/uploads\/2022\/04\/foto-2022-04-01-amambai-vila-limeira-7.jpg 900w\" sizes=\"(max-width: 630px) 100vw, 630px\" alt=\"Com emenda de Vander e Zeca, Amambai lan&ccedil;a maior obra da Vila Limeira\">\r\n                            <\/a>\r\n                            <figcaption class = \"td-slide-caption td-gallery-slide-content\"><span>Com emenda de Vander e Zeca, Amambai lan\u00e7a maior obra da Vila Limeira<\/span><\/figcaption>\r\n                        <\/figure>\r\n                    <\/div>\r\n                    <div class = \"td-slide-item td-item8\">\r\n                        <figure class=\"td-slide-galery-figure td-slide-popup-gallery\">\r\n                            <a class=\"slide-gallery-image-link\" href=\"https:\/\/vanderloubet.com.br\/deputado\/wp-content\/uploads\/2022\/04\/foto-2022-04-01-amambai-vila-limeira-8.jpg\" title=\"Com emenda de Vander e Zeca, Amambai lan\u00e7a maior obra da Vila Limeira\"  data-caption=\"\"  data-description=\"Com emenda de Vander e Zeca, Amambai lan&ccedil;a maior obra da Vila Limeira\">\r\n                                <img decoding=\"async\" src=\"https:\/\/vanderloubet.com.br\/deputado\/wp-content\/uploads\/2022\/04\/foto-2022-04-01-amambai-vila-limeira-8-630x420.jpg\" srcset=\"https:\/\/vanderloubet.com.br\/deputado\/wp-content\/uploads\/2022\/04\/foto-2022-04-01-amambai-vila-limeira-8-630x420.jpg 630w, https:\/\/vanderloubet.com.br\/deputado\/wp-content\/uploads\/2022\/04\/foto-2022-04-01-amambai-vila-limeira-8-350x233.jpg 350w, https:\/\/vanderloubet.com.br\/deputado\/wp-content\/uploads\/2022\/04\/foto-2022-04-01-amambai-vila-limeira-8-768x512.jpg 768w, https:\/\/vanderloubet.com.br\/deputado\/wp-content\/uploads\/2022\/04\/foto-2022-04-01-amambai-vila-limeira-8-700x467.jpg 700w, https:\/\/vanderloubet.com.br\/deputado\/wp-content\/uploads\/2022\/04\/foto-2022-04-01-amambai-vila-limeira-8-696x464.jpg 696w, https:\/\/vanderloubet.com.br\/deputado\/wp-content\/uploads\/2022\/04\/foto-2022-04-01-amambai-vila-limeira-8.jpg 900w\" sizes=\"(max-width: 630px) 100vw, 630px\" alt=\"Com emenda de Vander e Zeca, Amambai lan&ccedil;a maior obra da Vila Limeira\">\r\n                            <\/a>\r\n                            <figcaption class = \"td-slide-caption td-gallery-slide-content\"><span>Com emenda de Vander e Zeca, Amambai lan\u00e7a maior obra da Vila Limeira<\/span><\/figcaption>\r\n                        <\/figure>\r\n                    <\/div>\r\n                            <\/div>\r\n                        <\/div>\r\n\r\n                        <div class = \"td-doubleSlider-2\">\r\n                            <div class = \"td-slider\">\r\n                                \r\n                    <div class = \"td-button td-item1\">\r\n                        <div class = \"td-border\"><\/div>\r\n                    <\/div>\r\n                    <div class = \"td-button td-item2\">\r\n                        <div class = \"td-border\"><\/div>\r\n                    <\/div>\r\n                    <div class = \"td-button td-item3\">\r\n                        <div class = \"td-border\"><\/div>\r\n                    <\/div>\r\n                    <div class = \"td-button td-item4\">\r\n                        <div class = \"td-border\"><\/div>\r\n                    <\/div>\r\n                    <div class = \"td-button td-item5\">\r\n                        <div class = \"td-border\"><\/div>\r\n                    <\/div>\r\n                    <div class = \"td-button td-item6\">\r\n                        <div class = \"td-border\"><\/div>\r\n                    <\/div>\r\n                    <div class = \"td-button td-item7\">\r\n                        <div class = \"td-border\"><\/div>\r\n                    <\/div>\r\n                    <div class = \"td-button td-item8\">\r\n                        <div class = \"td-border\"><\/div>\r\n                    <\/div>\r\n                            <\/div>\r\n                        <\/div>\r\n\r\n                    <\/div>\r\n\r\n                <\/div>\r\n                \n","protected":false},"excerpt":{"rendered":"<p>Bairro receber\u00e1 pavimenta\u00e7\u00e3o e drenagem, investimento de R$ 1,7 milh\u00e3o proveniente de emendas parlamentares e recursos da Prefeitura.<\/p>\n","protected":false},"author":2,"featured_media":17621,"comment_status":"closed","ping_status":"closed","sticky":false,"template":"","format":"standard","meta":{"jetpack_post_was_ever_published":false,"_jetpack_newsletter_access":"","_jetpack_dont_email_post_to_subs":false,"_jetpack_newsletter_tier_id":0,"_jetpack_memberships_contains_paywalled_content":false,"_jetpack_memberships_contains_paid_content":false,"footnotes":""},"categories":[2097,10],"tags":[114,2127,2320],"class_list":{"0":"post-17615","1":"post","2":"type-post","3":"status-publish","4":"format-standard","5":"has-post-thumbnail","7":"category-municipios-noticias","8":"category-noticias","9":"tag-amambai","10":"tag-emenda-parlamentar","11":"tag-infraestrurura"},"yoast_head":"<!-- This site is optimized with the Yoast SEO plugin v27.4 - https:\/\/yoast.com\/product\/yoast-seo-wordpress\/ -->\n<title>Com emenda de Vander e Zeca, Amambai lan\u00e7a maior obra da Vila Limeira<\/title>\n<meta name=\"description\" content=\"Bairro receber\u00e1 pavimenta\u00e7\u00e3o e drenagem, investimento de R$ 1,7 milh\u00e3o proveniente de emendas parlamentares e recursos da Prefeitura.\" \/>\n<meta name=\"robots\" content=\"index, follow, max-snippet:-1, max-image-preview:large, max-video-preview:-1\" \/>\n<link rel=\"canonical\" href=\"https:\/\/vanderloubet.com.br\/deputado\/com-emenda-de-vander-e-zeca-amambai-lanca-maior-obra-da-vila-limeira\/\" \/>\n<meta property=\"og:locale\" content=\"pt_BR\" \/>\n<meta property=\"og:type\" content=\"article\" \/>\n<meta property=\"og:title\" content=\"Com emenda de Vander e Zeca, Amambai lan\u00e7a maior obra da Vila Limeira\" \/>\n<meta property=\"og:description\" content=\"Bairro receber\u00e1 pavimenta\u00e7\u00e3o e drenagem, investimento de R$ 1,7 milh\u00e3o proveniente de emendas parlamentares e recursos da Prefeitura.\" \/>\n<meta property=\"og:url\" content=\"https:\/\/vanderloubet.com.br\/deputado\/com-emenda-de-vander-e-zeca-amambai-lanca-maior-obra-da-vila-limeira\/\" \/>\n<meta property=\"og:site_name\" content=\"Deputado Federal Vander Loubet\" \/>\n<meta property=\"article:publisher\" content=\"https:\/\/facebook.com\/deputadovander\" \/>\n<meta property=\"article:published_time\" content=\"2022-04-04T18:20:46+00:00\" \/>\n<meta property=\"og:image\" content=\"https:\/\/vanderloubet.com.br\/deputado\/wp-content\/uploads\/2022\/04\/foto-2022-04-01-amambai-vila-limeira-6.jpg\" \/>\n\t<meta property=\"og:image:width\" content=\"900\" \/>\n\t<meta property=\"og:image:height\" content=\"600\" \/>\n\t<meta property=\"og:image:type\" content=\"image\/jpeg\" \/>\n<meta name=\"author\" content=\"\u00c9der\" \/>\n<meta name=\"twitter:card\" content=\"summary_large_image\" \/>\n<meta name=\"twitter:creator\" content=\"@vanderloubet\" \/>\n<meta name=\"twitter:site\" content=\"@vanderloubet\" \/>\n<script type=\"application\/ld+json\" class=\"yoast-schema-graph\">{\"@context\":\"https:\\\/\\\/schema.org\",\"@graph\":[{\"@type\":\"Article\",\"@id\":\"https:\\\/\\\/vanderloubet.com.br\\\/deputado\\\/com-emenda-de-vander-e-zeca-amambai-lanca-maior-obra-da-vila-limeira\\\/#article\",\"isPartOf\":{\"@id\":\"https:\\\/\\\/vanderloubet.com.br\\\/deputado\\\/com-emenda-de-vander-e-zeca-amambai-lanca-maior-obra-da-vila-limeira\\\/\"},\"author\":{\"name\":\"\u00c9der\",\"@id\":\"https:\\\/\\\/vanderloubet.com.br\\\/deputado\\\/#\\\/schema\\\/person\\\/15b51bd564532a8a68d9dec1b8eb890e\"},\"headline\":\"Com emenda de Vander e Zeca, Amambai lan\u00e7a maior obra da Vila Limeira\",\"datePublished\":\"2022-04-04T18:20:46+00:00\",\"mainEntityOfPage\":{\"@id\":\"https:\\\/\\\/vanderloubet.com.br\\\/deputado\\\/com-emenda-de-vander-e-zeca-amambai-lanca-maior-obra-da-vila-limeira\\\/\"},\"wordCount\":345,\"publisher\":{\"@id\":\"https:\\\/\\\/vanderloubet.com.br\\\/deputado\\\/#organization\"},\"image\":{\"@id\":\"https:\\\/\\\/vanderloubet.com.br\\\/deputado\\\/com-emenda-de-vander-e-zeca-amambai-lanca-maior-obra-da-vila-limeira\\\/#primaryimage\"},\"thumbnailUrl\":\"https:\\\/\\\/vanderloubet.com.br\\\/deputado\\\/wp-content\\\/uploads\\\/2022\\\/04\\\/foto-2022-04-01-amambai-vila-limeira-6.jpg\",\"keywords\":[\"amambai\",\"emenda parlamentar\",\"infraestrurura\"],\"articleSection\":[\"Munic\u00edpios\",\"Not\u00edcias\"],\"inLanguage\":\"pt-BR\"},{\"@type\":\"WebPage\",\"@id\":\"https:\\\/\\\/vanderloubet.com.br\\\/deputado\\\/com-emenda-de-vander-e-zeca-amambai-lanca-maior-obra-da-vila-limeira\\\/\",\"url\":\"https:\\\/\\\/vanderloubet.com.br\\\/deputado\\\/com-emenda-de-vander-e-zeca-amambai-lanca-maior-obra-da-vila-limeira\\\/\",\"name\":\"Com emenda de Vander e Zeca, Amambai lan\u00e7a maior obra da Vila Limeira\",\"isPartOf\":{\"@id\":\"https:\\\/\\\/vanderloubet.com.br\\\/deputado\\\/#website\"},\"primaryImageOfPage\":{\"@id\":\"https:\\\/\\\/vanderloubet.com.br\\\/deputado\\\/com-emenda-de-vander-e-zeca-amambai-lanca-maior-obra-da-vila-limeira\\\/#primaryimage\"},\"image\":{\"@id\":\"https:\\\/\\\/vanderloubet.com.br\\\/deputado\\\/com-emenda-de-vander-e-zeca-amambai-lanca-maior-obra-da-vila-limeira\\\/#primaryimage\"},\"thumbnailUrl\":\"https:\\\/\\\/vanderloubet.com.br\\\/deputado\\\/wp-content\\\/uploads\\\/2022\\\/04\\\/foto-2022-04-01-amambai-vila-limeira-6.jpg\",\"datePublished\":\"2022-04-04T18:20:46+00:00\",\"description\":\"Bairro receber\u00e1 pavimenta\u00e7\u00e3o e drenagem, investimento de R$ 1,7 milh\u00e3o proveniente de emendas parlamentares e recursos da Prefeitura.\",\"breadcrumb\":{\"@id\":\"https:\\\/\\\/vanderloubet.com.br\\\/deputado\\\/com-emenda-de-vander-e-zeca-amambai-lanca-maior-obra-da-vila-limeira\\\/#breadcrumb\"},\"inLanguage\":\"pt-BR\",\"potentialAction\":[{\"@type\":\"ReadAction\",\"target\":[\"https:\\\/\\\/vanderloubet.com.br\\\/deputado\\\/com-emenda-de-vander-e-zeca-amambai-lanca-maior-obra-da-vila-limeira\\\/\"]}]},{\"@type\":\"ImageObject\",\"inLanguage\":\"pt-BR\",\"@id\":\"https:\\\/\\\/vanderloubet.com.br\\\/deputado\\\/com-emenda-de-vander-e-zeca-amambai-lanca-maior-obra-da-vila-limeira\\\/#primaryimage\",\"url\":\"https:\\\/\\\/vanderloubet.com.br\\\/deputado\\\/wp-content\\\/uploads\\\/2022\\\/04\\\/foto-2022-04-01-amambai-vila-limeira-6.jpg\",\"contentUrl\":\"https:\\\/\\\/vanderloubet.com.br\\\/deputado\\\/wp-content\\\/uploads\\\/2022\\\/04\\\/foto-2022-04-01-amambai-vila-limeira-6.jpg\",\"width\":900,\"height\":600,\"caption\":\"Com emenda de Vander e Zeca, Amambai lan\u00e7a maior obra da Vila Limeira\"},{\"@type\":\"BreadcrumbList\",\"@id\":\"https:\\\/\\\/vanderloubet.com.br\\\/deputado\\\/com-emenda-de-vander-e-zeca-amambai-lanca-maior-obra-da-vila-limeira\\\/#breadcrumb\",\"itemListElement\":[{\"@type\":\"ListItem\",\"position\":1,\"name\":\"In\u00edcio\",\"item\":\"https:\\\/\\\/vanderloubet.com.br\\\/deputado\\\/\"},{\"@type\":\"ListItem\",\"position\":2,\"name\":\"Com emenda de Vander e Zeca, Amambai lan\u00e7a maior obra da Vila Limeira\"}]},{\"@type\":\"WebSite\",\"@id\":\"https:\\\/\\\/vanderloubet.com.br\\\/deputado\\\/#website\",\"url\":\"https:\\\/\\\/vanderloubet.com.br\\\/deputado\\\/\",\"name\":\"Deputado Federal Vander Loubet\",\"description\":\"O Federal de MS\",\"publisher\":{\"@id\":\"https:\\\/\\\/vanderloubet.com.br\\\/deputado\\\/#organization\"},\"alternateName\":\"Deputado Vander\",\"potentialAction\":[{\"@type\":\"SearchAction\",\"target\":{\"@type\":\"EntryPoint\",\"urlTemplate\":\"https:\\\/\\\/vanderloubet.com.br\\\/deputado\\\/?s={search_term_string}\"},\"query-input\":{\"@type\":\"PropertyValueSpecification\",\"valueRequired\":true,\"valueName\":\"search_term_string\"}}],\"inLanguage\":\"pt-BR\"},{\"@type\":\"Organization\",\"@id\":\"https:\\\/\\\/vanderloubet.com.br\\\/deputado\\\/#organization\",\"name\":\"Deputado Federal Vander Loubet\",\"alternateName\":\"Deputado Vander\",\"url\":\"https:\\\/\\\/vanderloubet.com.br\\\/deputado\\\/\",\"logo\":{\"@type\":\"ImageObject\",\"inLanguage\":\"pt-BR\",\"@id\":\"https:\\\/\\\/vanderloubet.com.br\\\/deputado\\\/#\\\/schema\\\/logo\\\/image\\\/\",\"url\":\"https:\\\/\\\/vanderloubet.com.br\\\/deputado\\\/wp-content\\\/uploads\\\/2023\\\/06\\\/foto-2023-06-19-mandato-deputado-vander.jpg\",\"contentUrl\":\"https:\\\/\\\/vanderloubet.com.br\\\/deputado\\\/wp-content\\\/uploads\\\/2023\\\/06\\\/foto-2023-06-19-mandato-deputado-vander.jpg\",\"width\":1080,\"height\":1080,\"caption\":\"Deputado Federal Vander Loubet\"},\"image\":{\"@id\":\"https:\\\/\\\/vanderloubet.com.br\\\/deputado\\\/#\\\/schema\\\/logo\\\/image\\\/\"},\"sameAs\":[\"https:\\\/\\\/facebook.com\\\/deputadovander\",\"https:\\\/\\\/x.com\\\/vanderloubet\",\"https:\\\/\\\/instagram.com\\\/vanderloubet\",\"https:\\\/\\\/youtube.com\\\/vanderloubet\",\"https:\\\/\\\/tiktok.com\\\/@vanderloubetms\"]},{\"@type\":\"Person\",\"@id\":\"https:\\\/\\\/vanderloubet.com.br\\\/deputado\\\/#\\\/schema\\\/person\\\/15b51bd564532a8a68d9dec1b8eb890e\",\"name\":\"\u00c9der\",\"image\":{\"@type\":\"ImageObject\",\"inLanguage\":\"pt-BR\",\"@id\":\"https:\\\/\\\/vanderloubet.com.br\\\/deputado\\\/wp-content\\\/litespeed\\\/avatar\\\/88ca4090d9d5ab1c9495f6ca03b68efa.jpg?ver=1777058957\",\"url\":\"https:\\\/\\\/vanderloubet.com.br\\\/deputado\\\/wp-content\\\/litespeed\\\/avatar\\\/88ca4090d9d5ab1c9495f6ca03b68efa.jpg?ver=1777058957\",\"contentUrl\":\"https:\\\/\\\/vanderloubet.com.br\\\/deputado\\\/wp-content\\\/litespeed\\\/avatar\\\/88ca4090d9d5ab1c9495f6ca03b68efa.jpg?ver=1777058957\",\"caption\":\"\u00c9der\"}}]}<\/script>\n<!-- \/ Yoast SEO plugin. -->","yoast_head_json":{"title":"Com emenda de Vander e Zeca, Amambai lan\u00e7a maior obra da Vila Limeira","description":"Bairro receber\u00e1 pavimenta\u00e7\u00e3o e drenagem, investimento de R$ 1,7 milh\u00e3o proveniente de emendas parlamentares e recursos da Prefeitura.","robots":{"index":"index","follow":"follow","max-snippet":"max-snippet:-1","max-image-preview":"max-image-preview:large","max-video-preview":"max-video-preview:-1"},"canonical":"https:\/\/vanderloubet.com.br\/deputado\/com-emenda-de-vander-e-zeca-amambai-lanca-maior-obra-da-vila-limeira\/","og_locale":"pt_BR","og_type":"article","og_title":"Com emenda de Vander e Zeca, Amambai lan\u00e7a maior obra da Vila Limeira","og_description":"Bairro receber\u00e1 pavimenta\u00e7\u00e3o e drenagem, investimento de R$ 1,7 milh\u00e3o proveniente de emendas parlamentares e recursos da Prefeitura.","og_url":"https:\/\/vanderloubet.com.br\/deputado\/com-emenda-de-vander-e-zeca-amambai-lanca-maior-obra-da-vila-limeira\/","og_site_name":"Deputado Federal Vander Loubet","article_publisher":"https:\/\/facebook.com\/deputadovander","article_published_time":"2022-04-04T18:20:46+00:00","og_image":[{"width":900,"height":600,"url":"https:\/\/vanderloubet.com.br\/deputado\/wp-content\/uploads\/2022\/04\/foto-2022-04-01-amambai-vila-limeira-6.jpg","type":"image\/jpeg"}],"author":"\u00c9der","twitter_card":"summary_large_image","twitter_creator":"@vanderloubet","twitter_site":"@vanderloubet","schema":{"@context":"https:\/\/schema.org","@graph":[{"@type":"Article","@id":"https:\/\/vanderloubet.com.br\/deputado\/com-emenda-de-vander-e-zeca-amambai-lanca-maior-obra-da-vila-limeira\/#article","isPartOf":{"@id":"https:\/\/vanderloubet.com.br\/deputado\/com-emenda-de-vander-e-zeca-amambai-lanca-maior-obra-da-vila-limeira\/"},"author":{"name":"\u00c9der","@id":"https:\/\/vanderloubet.com.br\/deputado\/#\/schema\/person\/15b51bd564532a8a68d9dec1b8eb890e"},"headline":"Com emenda de Vander e Zeca, Amambai lan\u00e7a maior obra da Vila Limeira","datePublished":"2022-04-04T18:20:46+00:00","mainEntityOfPage":{"@id":"https:\/\/vanderloubet.com.br\/deputado\/com-emenda-de-vander-e-zeca-amambai-lanca-maior-obra-da-vila-limeira\/"},"wordCount":345,"publisher":{"@id":"https:\/\/vanderloubet.com.br\/deputado\/#organization"},"image":{"@id":"https:\/\/vanderloubet.com.br\/deputado\/com-emenda-de-vander-e-zeca-amambai-lanca-maior-obra-da-vila-limeira\/#primaryimage"},"thumbnailUrl":"https:\/\/vanderloubet.com.br\/deputado\/wp-content\/uploads\/2022\/04\/foto-2022-04-01-amambai-vila-limeira-6.jpg","keywords":["amambai","emenda parlamentar","infraestrurura"],"articleSection":["Munic\u00edpios","Not\u00edcias"],"inLanguage":"pt-BR"},{"@type":"WebPage","@id":"https:\/\/vanderloubet.com.br\/deputado\/com-emenda-de-vander-e-zeca-amambai-lanca-maior-obra-da-vila-limeira\/","url":"https:\/\/vanderloubet.com.br\/deputado\/com-emenda-de-vander-e-zeca-amambai-lanca-maior-obra-da-vila-limeira\/","name":"Com emenda de Vander e Zeca, Amambai lan\u00e7a maior obra da Vila Limeira","isPartOf":{"@id":"https:\/\/vanderloubet.com.br\/deputado\/#website"},"primaryImageOfPage":{"@id":"https:\/\/vanderloubet.com.br\/deputado\/com-emenda-de-vander-e-zeca-amambai-lanca-maior-obra-da-vila-limeira\/#primaryimage"},"image":{"@id":"https:\/\/vanderloubet.com.br\/deputado\/com-emenda-de-vander-e-zeca-amambai-lanca-maior-obra-da-vila-limeira\/#primaryimage"},"thumbnailUrl":"https:\/\/vanderloubet.com.br\/deputado\/wp-content\/uploads\/2022\/04\/foto-2022-04-01-amambai-vila-limeira-6.jpg","datePublished":"2022-04-04T18:20:46+00:00","description":"Bairro receber\u00e1 pavimenta\u00e7\u00e3o e drenagem, investimento de R$ 1,7 milh\u00e3o proveniente de emendas parlamentares e recursos da Prefeitura.","breadcrumb":{"@id":"https:\/\/vanderloubet.com.br\/deputado\/com-emenda-de-vander-e-zeca-amambai-lanca-maior-obra-da-vila-limeira\/#breadcrumb"},"inLanguage":"pt-BR","potentialAction":[{"@type":"ReadAction","target":["https:\/\/vanderloubet.com.br\/deputado\/com-emenda-de-vander-e-zeca-amambai-lanca-maior-obra-da-vila-limeira\/"]}]},{"@type":"ImageObject","inLanguage":"pt-BR","@id":"https:\/\/vanderloubet.com.br\/deputado\/com-emenda-de-vander-e-zeca-amambai-lanca-maior-obra-da-vila-limeira\/#primaryimage","url":"https:\/\/vanderloubet.com.br\/deputado\/wp-content\/uploads\/2022\/04\/foto-2022-04-01-amambai-vila-limeira-6.jpg","contentUrl":"https:\/\/vanderloubet.com.br\/deputado\/wp-content\/uploads\/2022\/04\/foto-2022-04-01-amambai-vila-limeira-6.jpg","width":900,"height":600,"caption":"Com emenda de Vander e Zeca, Amambai lan\u00e7a maior obra da Vila Limeira"},{"@type":"BreadcrumbList","@id":"https:\/\/vanderloubet.com.br\/deputado\/com-emenda-de-vander-e-zeca-amambai-lanca-maior-obra-da-vila-limeira\/#breadcrumb","itemListElement":[{"@type":"ListItem","position":1,"name":"In\u00edcio","item":"https:\/\/vanderloubet.com.br\/deputado\/"},{"@type":"ListItem","position":2,"name":"Com emenda de Vander e Zeca, Amambai lan\u00e7a maior obra da Vila Limeira"}]},{"@type":"WebSite","@id":"https:\/\/vanderloubet.com.br\/deputado\/#website","url":"https:\/\/vanderloubet.com.br\/deputado\/","name":"Deputado Federal Vander Loubet","description":"O Federal de MS","publisher":{"@id":"https:\/\/vanderloubet.com.br\/deputado\/#organization"},"alternateName":"Deputado Vander","potentialAction":[{"@type":"SearchAction","target":{"@type":"EntryPoint","urlTemplate":"https:\/\/vanderloubet.com.br\/deputado\/?s={search_term_string}"},"query-input":{"@type":"PropertyValueSpecification","valueRequired":true,"valueName":"search_term_string"}}],"inLanguage":"pt-BR"},{"@type":"Organization","@id":"https:\/\/vanderloubet.com.br\/deputado\/#organization","name":"Deputado Federal Vander Loubet","alternateName":"Deputado Vander","url":"https:\/\/vanderloubet.com.br\/deputado\/","logo":{"@type":"ImageObject","inLanguage":"pt-BR","@id":"https:\/\/vanderloubet.com.br\/deputado\/#\/schema\/logo\/image\/","url":"https:\/\/vanderloubet.com.br\/deputado\/wp-content\/uploads\/2023\/06\/foto-2023-06-19-mandato-deputado-vander.jpg","contentUrl":"https:\/\/vanderloubet.com.br\/deputado\/wp-content\/uploads\/2023\/06\/foto-2023-06-19-mandato-deputado-vander.jpg","width":1080,"height":1080,"caption":"Deputado Federal Vander Loubet"},"image":{"@id":"https:\/\/vanderloubet.com.br\/deputado\/#\/schema\/logo\/image\/"},"sameAs":["https:\/\/facebook.com\/deputadovander","https:\/\/x.com\/vanderloubet","https:\/\/instagram.com\/vanderloubet","https:\/\/youtube.com\/vanderloubet","https:\/\/tiktok.com\/@vanderloubetms"]},{"@type":"Person","@id":"https:\/\/vanderloubet.com.br\/deputado\/#\/schema\/person\/15b51bd564532a8a68d9dec1b8eb890e","name":"\u00c9der","image":{"@type":"ImageObject","inLanguage":"pt-BR","@id":"https:\/\/vanderloubet.com.br\/deputado\/wp-content\/litespeed\/avatar\/88ca4090d9d5ab1c9495f6ca03b68efa.jpg?ver=1777058957","url":"https:\/\/vanderloubet.com.br\/deputado\/wp-content\/litespeed\/avatar\/88ca4090d9d5ab1c9495f6ca03b68efa.jpg?ver=1777058957","contentUrl":"https:\/\/vanderloubet.com.br\/deputado\/wp-content\/litespeed\/avatar\/88ca4090d9d5ab1c9495f6ca03b68efa.jpg?ver=1777058957","caption":"\u00c9der"}}]}},"jetpack_featured_media_url":"https:\/\/vanderloubet.com.br\/deputado\/wp-content\/uploads\/2022\/04\/foto-2022-04-01-amambai-vila-limeira-6.jpg","jetpack_sharing_enabled":true,"_links":{"self":[{"href":"https:\/\/vanderloubet.com.br\/deputado\/wp-json\/wp\/v2\/posts\/17615","targetHints":{"allow":["GET"]}}],"collection":[{"href":"https:\/\/vanderloubet.com.br\/deputado\/wp-json\/wp\/v2\/posts"}],"about":[{"href":"https:\/\/vanderloubet.com.br\/deputado\/wp-json\/wp\/v2\/types\/post"}],"author":[{"embeddable":true,"href":"https:\/\/vanderloubet.com.br\/deputado\/wp-json\/wp\/v2\/users\/2"}],"replies":[{"embeddable":true,"href":"https:\/\/vanderloubet.com.br\/deputado\/wp-json\/wp\/v2\/comments?post=17615"}],"version-history":[{"count":0,"href":"https:\/\/vanderloubet.com.br\/deputado\/wp-json\/wp\/v2\/posts\/17615\/revisions"}],"wp:featuredmedia":[{"embeddable":true,"href":"https:\/\/vanderloubet.com.br\/deputado\/wp-json\/wp\/v2\/media\/17621"}],"wp:attachment":[{"href":"https:\/\/vanderloubet.com.br\/deputado\/wp-json\/wp\/v2\/media?parent=17615"}],"wp:term":[{"taxonomy":"category","embeddable":true,"href":"https:\/\/vanderloubet.com.br\/deputado\/wp-json\/wp\/v2\/categories?post=17615"},{"taxonomy":"post_tag","embeddable":true,"href":"https:\/\/vanderloubet.com.br\/deputado\/wp-json\/wp\/v2\/tags?post=17615"}],"curies":[{"name":"wp","href":"https:\/\/api.w.org\/{rel}","templated":true}]}}