{"id":17581,"date":"2022-03-30T13:58:16","date_gmt":"2022-03-30T17:58:16","guid":{"rendered":"https:\/\/vanderloubet.com.br\/deputado\/?p=17581"},"modified":"2022-03-30T13:58:16","modified_gmt":"2022-03-30T17:58:16","slug":"lutar-para-abrasileirar-os-combustiveis-e-um-compromisso-do-pt","status":"publish","type":"post","link":"https:\/\/vanderloubet.com.br\/deputado\/lutar-para-abrasileirar-os-combustiveis-e-um-compromisso-do-pt\/","title":{"rendered":"Lutar para abrasileirar os combust\u00edveis \u00e9 um compromisso do PT"},"content":{"rendered":"<p><iframe title=\"Lutar para abrasileirar os combust\u00edveis \u00e9 um compromisso do PT\" width=\"696\" height=\"392\" src=\"https:\/\/www.youtube.com\/embed\/vrNksyWW2Rs?feature=oembed\" frameborder=\"0\" allow=\"accelerometer; autoplay; clipboard-write; encrypted-media; gyroscope; picture-in-picture\" allowfullscreen><\/iframe><\/p>\n<p>Lula gravou um v\u00eddeo explicando que \u00e9 poss\u00edvel, sim, o pre\u00e7o da gasolina, do g\u00e1s de cozinha e do diesel ser mais baixo. Afinal, o Brasil tem todo o petr\u00f3leo de que precisa.<\/p>\n<p>Precisamos levar a mensagem de Lula para o maior n\u00famero poss\u00edvel de pessoas. Os brasileiros precisam saber que est\u00e3o sendo roubados pelo governo Bolsonaro, que \u00e9 o respons\u00e1vel pela pol\u00edtica de dolariza\u00e7\u00e3o de pre\u00e7os adotada hoje pela Petrobras.<\/p>\n<p>Ent\u00e3o, vamos espalhar esse v\u00eddeo nas redes sociais e envi\u00e1-lo aos amigos. Bolsonaro mentiroso precisa ser desmascarado.<\/p>\n<p>Veja o que Lula nos diz no v\u00eddeo:<\/p>\n<p>&#8220;Meus amigos e minhas amigas, algu\u00e9m a\u00ed na sua casa ganha em d\u00f3lar? Seu sal\u00e1rio sobe quando o d\u00f3lar sobe? Ent\u00e3o por que a Petrobras est\u00e1 reajustando o pre\u00e7o do combust\u00edvel em d\u00f3lar? O Brasil \u00e9 autossuficiente em petr\u00f3leo, e o custo do nosso petr\u00f3leo \u00e9 em real. Nos governos do PT, a gasolina, o g\u00e1s e o diesel era em real. Lutar para abrasileirar o pre\u00e7o dos combust\u00edveis \u00e9 um compromisso do PT. Se a gente quiser, a gente pode.&#8221;<\/p>\n","protected":false},"excerpt":{"rendered":"<p>&#8220;Seu sal\u00e1rio sobe quando o d\u00f3lar sobe? Ent\u00e3o por que a Petrobras est\u00e1 reajustando o pre\u00e7o do combust\u00edvel em d\u00f3lar?&#8221;, questiona Lula.<\/p>\n","protected":false},"author":2,"featured_media":17582,"comment_status":"closed","ping_status":"closed","sticky":false,"template":"","format":"video","meta":{"jetpack_post_was_ever_published":false,"_jetpack_newsletter_access":"","_jetpack_dont_email_post_to_subs":false,"_jetpack_newsletter_tier_id":0,"_jetpack_memberships_contains_paywalled_content":false,"_jetpack_memberships_contains_paid_content":false,"footnotes":""},"categories":[2098,2101,10,12],"tags":[2467,1189,1540],"class_list":{"0":"post-17581","1":"post","2":"type-post","3":"status-publish","4":"format-video","5":"has-post-thumbnail","7":"category-brasil-noticias","8":"category-multimidia","9":"category-noticias","10":"category-videos","11":"tag-combustivel","12":"tag-lula","13":"tag-petrobras","14":"post_format-post-format-video"},"yoast_head":"<!-- This site is optimized with the Yoast SEO plugin v27.4 - https:\/\/yoast.com\/product\/yoast-seo-wordpress\/ -->\n<title>Lutar para abrasileirar os combust\u00edveis \u00e9 um compromisso do PT<\/title>\n<meta name=\"description\" content=\"&quot;Seu sal\u00e1rio sobe quando o d\u00f3lar sobe? Ent\u00e3o por que a Petrobras est\u00e1 reajustando o pre\u00e7o do combust\u00edvel em d\u00f3lar?&quot;, questiona Lula.\" \/>\n<meta name=\"robots\" content=\"index, follow, max-snippet:-1, max-image-preview:large, max-video-preview:-1\" \/>\n<link rel=\"canonical\" href=\"http:\/\/vanderloubet.com.br\/deputado\/lutar-para-abrasileirar-os-combustiveis-e-um-compromisso-do-pt\/\" \/>\n<meta property=\"og:locale\" content=\"pt_BR\" \/>\n<meta property=\"og:type\" content=\"article\" \/>\n<meta property=\"og:title\" content=\"Lutar para abrasileirar os combust\u00edveis \u00e9 um compromisso do PT\" \/>\n<meta property=\"og:description\" content=\"&quot;Seu sal\u00e1rio sobe quando o d\u00f3lar sobe? Ent\u00e3o por que a Petrobras est\u00e1 reajustando o pre\u00e7o do combust\u00edvel em d\u00f3lar?&quot;, questiona Lula.\" \/>\n<meta property=\"og:url\" content=\"http:\/\/vanderloubet.com.br\/deputado\/lutar-para-abrasileirar-os-combustiveis-e-um-compromisso-do-pt\/\" \/>\n<meta property=\"og:site_name\" content=\"Deputado Federal Vander Loubet\" \/>\n<meta property=\"article:publisher\" content=\"https:\/\/facebook.com\/deputadovander\" \/>\n<meta property=\"article:published_time\" content=\"2022-03-30T17:58:16+00:00\" \/>\n<meta property=\"og:image\" content=\"http:\/\/vanderloubet.com.br\/deputado\/wp-content\/uploads\/2022\/03\/foto-2022-03-30-video-lula-youtube.jpg\" \/>\n\t<meta property=\"og:image:width\" content=\"900\" \/>\n\t<meta property=\"og:image:height\" content=\"600\" \/>\n\t<meta property=\"og:image:type\" content=\"image\/jpeg\" \/>\n<meta name=\"author\" content=\"\u00c9der\" \/>\n<meta name=\"twitter:card\" content=\"summary_large_image\" \/>\n<meta name=\"twitter:creator\" content=\"@vanderloubet\" \/>\n<meta name=\"twitter:site\" content=\"@vanderloubet\" \/>\n<script type=\"application\/ld+json\" class=\"yoast-schema-graph\">{\"@context\":\"https:\\\/\\\/schema.org\",\"@graph\":[{\"@type\":\"Article\",\"@id\":\"http:\\\/\\\/vanderloubet.com.br\\\/deputado\\\/lutar-para-abrasileirar-os-combustiveis-e-um-compromisso-do-pt\\\/#article\",\"isPartOf\":{\"@id\":\"http:\\\/\\\/vanderloubet.com.br\\\/deputado\\\/lutar-para-abrasileirar-os-combustiveis-e-um-compromisso-do-pt\\\/\"},\"author\":{\"name\":\"\u00c9der\",\"@id\":\"https:\\\/\\\/vanderloubet.com.br\\\/deputado\\\/#\\\/schema\\\/person\\\/15b51bd564532a8a68d9dec1b8eb890e\"},\"headline\":\"Lutar para abrasileirar os combust\u00edveis \u00e9 um compromisso do PT\",\"datePublished\":\"2022-03-30T17:58:16+00:00\",\"mainEntityOfPage\":{\"@id\":\"http:\\\/\\\/vanderloubet.com.br\\\/deputado\\\/lutar-para-abrasileirar-os-combustiveis-e-um-compromisso-do-pt\\\/\"},\"wordCount\":216,\"publisher\":{\"@id\":\"https:\\\/\\\/vanderloubet.com.br\\\/deputado\\\/#organization\"},\"image\":{\"@id\":\"http:\\\/\\\/vanderloubet.com.br\\\/deputado\\\/lutar-para-abrasileirar-os-combustiveis-e-um-compromisso-do-pt\\\/#primaryimage\"},\"thumbnailUrl\":\"https:\\\/\\\/vanderloubet.com.br\\\/deputado\\\/wp-content\\\/uploads\\\/2022\\\/03\\\/foto-2022-03-30-video-lula-youtube.jpg\",\"keywords\":[\"combust\u00edvel\",\"lula\",\"petrobras\"],\"articleSection\":[\"Brasil\",\"Multim\u00eddia\",\"Not\u00edcias\",\"V\u00eddeos\"],\"inLanguage\":\"pt-BR\"},{\"@type\":\"WebPage\",\"@id\":\"http:\\\/\\\/vanderloubet.com.br\\\/deputado\\\/lutar-para-abrasileirar-os-combustiveis-e-um-compromisso-do-pt\\\/\",\"url\":\"http:\\\/\\\/vanderloubet.com.br\\\/deputado\\\/lutar-para-abrasileirar-os-combustiveis-e-um-compromisso-do-pt\\\/\",\"name\":\"Lutar para abrasileirar os combust\u00edveis \u00e9 um compromisso do PT\",\"isPartOf\":{\"@id\":\"https:\\\/\\\/vanderloubet.com.br\\\/deputado\\\/#website\"},\"primaryImageOfPage\":{\"@id\":\"http:\\\/\\\/vanderloubet.com.br\\\/deputado\\\/lutar-para-abrasileirar-os-combustiveis-e-um-compromisso-do-pt\\\/#primaryimage\"},\"image\":{\"@id\":\"http:\\\/\\\/vanderloubet.com.br\\\/deputado\\\/lutar-para-abrasileirar-os-combustiveis-e-um-compromisso-do-pt\\\/#primaryimage\"},\"thumbnailUrl\":\"https:\\\/\\\/vanderloubet.com.br\\\/deputado\\\/wp-content\\\/uploads\\\/2022\\\/03\\\/foto-2022-03-30-video-lula-youtube.jpg\",\"datePublished\":\"2022-03-30T17:58:16+00:00\",\"description\":\"\\\"Seu sal\u00e1rio sobe quando o d\u00f3lar sobe? Ent\u00e3o por que a Petrobras est\u00e1 reajustando o pre\u00e7o do combust\u00edvel em d\u00f3lar?\\\", questiona Lula.\",\"breadcrumb\":{\"@id\":\"http:\\\/\\\/vanderloubet.com.br\\\/deputado\\\/lutar-para-abrasileirar-os-combustiveis-e-um-compromisso-do-pt\\\/#breadcrumb\"},\"inLanguage\":\"pt-BR\",\"potentialAction\":[{\"@type\":\"ReadAction\",\"target\":[\"http:\\\/\\\/vanderloubet.com.br\\\/deputado\\\/lutar-para-abrasileirar-os-combustiveis-e-um-compromisso-do-pt\\\/\"]}]},{\"@type\":\"ImageObject\",\"inLanguage\":\"pt-BR\",\"@id\":\"http:\\\/\\\/vanderloubet.com.br\\\/deputado\\\/lutar-para-abrasileirar-os-combustiveis-e-um-compromisso-do-pt\\\/#primaryimage\",\"url\":\"https:\\\/\\\/vanderloubet.com.br\\\/deputado\\\/wp-content\\\/uploads\\\/2022\\\/03\\\/foto-2022-03-30-video-lula-youtube.jpg\",\"contentUrl\":\"https:\\\/\\\/vanderloubet.com.br\\\/deputado\\\/wp-content\\\/uploads\\\/2022\\\/03\\\/foto-2022-03-30-video-lula-youtube.jpg\",\"width\":900,\"height\":600,\"caption\":\"Lutar para abrasileirar os combust\u00edveis \u00e9 um compromisso do PT\"},{\"@type\":\"BreadcrumbList\",\"@id\":\"http:\\\/\\\/vanderloubet.com.br\\\/deputado\\\/lutar-para-abrasileirar-os-combustiveis-e-um-compromisso-do-pt\\\/#breadcrumb\",\"itemListElement\":[{\"@type\":\"ListItem\",\"position\":1,\"name\":\"In\u00edcio\",\"item\":\"https:\\\/\\\/vanderloubet.com.br\\\/deputado\\\/\"},{\"@type\":\"ListItem\",\"position\":2,\"name\":\"Lutar para abrasileirar os combust\u00edveis \u00e9 um compromisso do PT\"}]},{\"@type\":\"WebSite\",\"@id\":\"https:\\\/\\\/vanderloubet.com.br\\\/deputado\\\/#website\",\"url\":\"https:\\\/\\\/vanderloubet.com.br\\\/deputado\\\/\",\"name\":\"Deputado Federal Vander Loubet\",\"description\":\"O Federal de MS\",\"publisher\":{\"@id\":\"https:\\\/\\\/vanderloubet.com.br\\\/deputado\\\/#organization\"},\"alternateName\":\"Deputado Vander\",\"potentialAction\":[{\"@type\":\"SearchAction\",\"target\":{\"@type\":\"EntryPoint\",\"urlTemplate\":\"https:\\\/\\\/vanderloubet.com.br\\\/deputado\\\/?s={search_term_string}\"},\"query-input\":{\"@type\":\"PropertyValueSpecification\",\"valueRequired\":true,\"valueName\":\"search_term_string\"}}],\"inLanguage\":\"pt-BR\"},{\"@type\":\"Organization\",\"@id\":\"https:\\\/\\\/vanderloubet.com.br\\\/deputado\\\/#organization\",\"name\":\"Deputado Federal Vander Loubet\",\"alternateName\":\"Deputado Vander\",\"url\":\"https:\\\/\\\/vanderloubet.com.br\\\/deputado\\\/\",\"logo\":{\"@type\":\"ImageObject\",\"inLanguage\":\"pt-BR\",\"@id\":\"https:\\\/\\\/vanderloubet.com.br\\\/deputado\\\/#\\\/schema\\\/logo\\\/image\\\/\",\"url\":\"https:\\\/\\\/vanderloubet.com.br\\\/deputado\\\/wp-content\\\/uploads\\\/2023\\\/06\\\/foto-2023-06-19-mandato-deputado-vander.jpg\",\"contentUrl\":\"https:\\\/\\\/vanderloubet.com.br\\\/deputado\\\/wp-content\\\/uploads\\\/2023\\\/06\\\/foto-2023-06-19-mandato-deputado-vander.jpg\",\"width\":1080,\"height\":1080,\"caption\":\"Deputado Federal Vander Loubet\"},\"image\":{\"@id\":\"https:\\\/\\\/vanderloubet.com.br\\\/deputado\\\/#\\\/schema\\\/logo\\\/image\\\/\"},\"sameAs\":[\"https:\\\/\\\/facebook.com\\\/deputadovander\",\"https:\\\/\\\/x.com\\\/vanderloubet\",\"https:\\\/\\\/instagram.com\\\/vanderloubet\",\"https:\\\/\\\/youtube.com\\\/vanderloubet\",\"https:\\\/\\\/tiktok.com\\\/@vanderloubetms\"]},{\"@type\":\"Person\",\"@id\":\"https:\\\/\\\/vanderloubet.com.br\\\/deputado\\\/#\\\/schema\\\/person\\\/15b51bd564532a8a68d9dec1b8eb890e\",\"name\":\"\u00c9der\",\"image\":{\"@type\":\"ImageObject\",\"inLanguage\":\"pt-BR\",\"@id\":\"https:\\\/\\\/vanderloubet.com.br\\\/deputado\\\/wp-content\\\/litespeed\\\/avatar\\\/88ca4090d9d5ab1c9495f6ca03b68efa.jpg?ver=1777058957\",\"url\":\"https:\\\/\\\/vanderloubet.com.br\\\/deputado\\\/wp-content\\\/litespeed\\\/avatar\\\/88ca4090d9d5ab1c9495f6ca03b68efa.jpg?ver=1777058957\",\"contentUrl\":\"https:\\\/\\\/vanderloubet.com.br\\\/deputado\\\/wp-content\\\/litespeed\\\/avatar\\\/88ca4090d9d5ab1c9495f6ca03b68efa.jpg?ver=1777058957\",\"caption\":\"\u00c9der\"}}]}<\/script>\n<!-- \/ Yoast SEO plugin. -->","yoast_head_json":{"title":"Lutar para abrasileirar os combust\u00edveis \u00e9 um compromisso do PT","description":"\"Seu sal\u00e1rio sobe quando o d\u00f3lar sobe? Ent\u00e3o por que a Petrobras est\u00e1 reajustando o pre\u00e7o do combust\u00edvel em d\u00f3lar?\", questiona Lula.","robots":{"index":"index","follow":"follow","max-snippet":"max-snippet:-1","max-image-preview":"max-image-preview:large","max-video-preview":"max-video-preview:-1"},"canonical":"http:\/\/vanderloubet.com.br\/deputado\/lutar-para-abrasileirar-os-combustiveis-e-um-compromisso-do-pt\/","og_locale":"pt_BR","og_type":"article","og_title":"Lutar para abrasileirar os combust\u00edveis \u00e9 um compromisso do PT","og_description":"\"Seu sal\u00e1rio sobe quando o d\u00f3lar sobe? Ent\u00e3o por que a Petrobras est\u00e1 reajustando o pre\u00e7o do combust\u00edvel em d\u00f3lar?\", questiona Lula.","og_url":"http:\/\/vanderloubet.com.br\/deputado\/lutar-para-abrasileirar-os-combustiveis-e-um-compromisso-do-pt\/","og_site_name":"Deputado Federal Vander Loubet","article_publisher":"https:\/\/facebook.com\/deputadovander","article_published_time":"2022-03-30T17:58:16+00:00","og_image":[{"width":900,"height":600,"url":"http:\/\/vanderloubet.com.br\/deputado\/wp-content\/uploads\/2022\/03\/foto-2022-03-30-video-lula-youtube.jpg","type":"image\/jpeg"}],"author":"\u00c9der","twitter_card":"summary_large_image","twitter_creator":"@vanderloubet","twitter_site":"@vanderloubet","schema":{"@context":"https:\/\/schema.org","@graph":[{"@type":"Article","@id":"http:\/\/vanderloubet.com.br\/deputado\/lutar-para-abrasileirar-os-combustiveis-e-um-compromisso-do-pt\/#article","isPartOf":{"@id":"http:\/\/vanderloubet.com.br\/deputado\/lutar-para-abrasileirar-os-combustiveis-e-um-compromisso-do-pt\/"},"author":{"name":"\u00c9der","@id":"https:\/\/vanderloubet.com.br\/deputado\/#\/schema\/person\/15b51bd564532a8a68d9dec1b8eb890e"},"headline":"Lutar para abrasileirar os combust\u00edveis \u00e9 um compromisso do PT","datePublished":"2022-03-30T17:58:16+00:00","mainEntityOfPage":{"@id":"http:\/\/vanderloubet.com.br\/deputado\/lutar-para-abrasileirar-os-combustiveis-e-um-compromisso-do-pt\/"},"wordCount":216,"publisher":{"@id":"https:\/\/vanderloubet.com.br\/deputado\/#organization"},"image":{"@id":"http:\/\/vanderloubet.com.br\/deputado\/lutar-para-abrasileirar-os-combustiveis-e-um-compromisso-do-pt\/#primaryimage"},"thumbnailUrl":"https:\/\/vanderloubet.com.br\/deputado\/wp-content\/uploads\/2022\/03\/foto-2022-03-30-video-lula-youtube.jpg","keywords":["combust\u00edvel","lula","petrobras"],"articleSection":["Brasil","Multim\u00eddia","Not\u00edcias","V\u00eddeos"],"inLanguage":"pt-BR"},{"@type":"WebPage","@id":"http:\/\/vanderloubet.com.br\/deputado\/lutar-para-abrasileirar-os-combustiveis-e-um-compromisso-do-pt\/","url":"http:\/\/vanderloubet.com.br\/deputado\/lutar-para-abrasileirar-os-combustiveis-e-um-compromisso-do-pt\/","name":"Lutar para abrasileirar os combust\u00edveis \u00e9 um compromisso do PT","isPartOf":{"@id":"https:\/\/vanderloubet.com.br\/deputado\/#website"},"primaryImageOfPage":{"@id":"http:\/\/vanderloubet.com.br\/deputado\/lutar-para-abrasileirar-os-combustiveis-e-um-compromisso-do-pt\/#primaryimage"},"image":{"@id":"http:\/\/vanderloubet.com.br\/deputado\/lutar-para-abrasileirar-os-combustiveis-e-um-compromisso-do-pt\/#primaryimage"},"thumbnailUrl":"https:\/\/vanderloubet.com.br\/deputado\/wp-content\/uploads\/2022\/03\/foto-2022-03-30-video-lula-youtube.jpg","datePublished":"2022-03-30T17:58:16+00:00","description":"\"Seu sal\u00e1rio sobe quando o d\u00f3lar sobe? Ent\u00e3o por que a Petrobras est\u00e1 reajustando o pre\u00e7o do combust\u00edvel em d\u00f3lar?\", questiona Lula.","breadcrumb":{"@id":"http:\/\/vanderloubet.com.br\/deputado\/lutar-para-abrasileirar-os-combustiveis-e-um-compromisso-do-pt\/#breadcrumb"},"inLanguage":"pt-BR","potentialAction":[{"@type":"ReadAction","target":["http:\/\/vanderloubet.com.br\/deputado\/lutar-para-abrasileirar-os-combustiveis-e-um-compromisso-do-pt\/"]}]},{"@type":"ImageObject","inLanguage":"pt-BR","@id":"http:\/\/vanderloubet.com.br\/deputado\/lutar-para-abrasileirar-os-combustiveis-e-um-compromisso-do-pt\/#primaryimage","url":"https:\/\/vanderloubet.com.br\/deputado\/wp-content\/uploads\/2022\/03\/foto-2022-03-30-video-lula-youtube.jpg","contentUrl":"https:\/\/vanderloubet.com.br\/deputado\/wp-content\/uploads\/2022\/03\/foto-2022-03-30-video-lula-youtube.jpg","width":900,"height":600,"caption":"Lutar para abrasileirar os combust\u00edveis \u00e9 um compromisso do PT"},{"@type":"BreadcrumbList","@id":"http:\/\/vanderloubet.com.br\/deputado\/lutar-para-abrasileirar-os-combustiveis-e-um-compromisso-do-pt\/#breadcrumb","itemListElement":[{"@type":"ListItem","position":1,"name":"In\u00edcio","item":"https:\/\/vanderloubet.com.br\/deputado\/"},{"@type":"ListItem","position":2,"name":"Lutar para abrasileirar os combust\u00edveis \u00e9 um compromisso do PT"}]},{"@type":"WebSite","@id":"https:\/\/vanderloubet.com.br\/deputado\/#website","url":"https:\/\/vanderloubet.com.br\/deputado\/","name":"Deputado Federal Vander Loubet","description":"O Federal de MS","publisher":{"@id":"https:\/\/vanderloubet.com.br\/deputado\/#organization"},"alternateName":"Deputado Vander","potentialAction":[{"@type":"SearchAction","target":{"@type":"EntryPoint","urlTemplate":"https:\/\/vanderloubet.com.br\/deputado\/?s={search_term_string}"},"query-input":{"@type":"PropertyValueSpecification","valueRequired":true,"valueName":"search_term_string"}}],"inLanguage":"pt-BR"},{"@type":"Organization","@id":"https:\/\/vanderloubet.com.br\/deputado\/#organization","name":"Deputado Federal Vander Loubet","alternateName":"Deputado Vander","url":"https:\/\/vanderloubet.com.br\/deputado\/","logo":{"@type":"ImageObject","inLanguage":"pt-BR","@id":"https:\/\/vanderloubet.com.br\/deputado\/#\/schema\/logo\/image\/","url":"https:\/\/vanderloubet.com.br\/deputado\/wp-content\/uploads\/2023\/06\/foto-2023-06-19-mandato-deputado-vander.jpg","contentUrl":"https:\/\/vanderloubet.com.br\/deputado\/wp-content\/uploads\/2023\/06\/foto-2023-06-19-mandato-deputado-vander.jpg","width":1080,"height":1080,"caption":"Deputado Federal Vander Loubet"},"image":{"@id":"https:\/\/vanderloubet.com.br\/deputado\/#\/schema\/logo\/image\/"},"sameAs":["https:\/\/facebook.com\/deputadovander","https:\/\/x.com\/vanderloubet","https:\/\/instagram.com\/vanderloubet","https:\/\/youtube.com\/vanderloubet","https:\/\/tiktok.com\/@vanderloubetms"]},{"@type":"Person","@id":"https:\/\/vanderloubet.com.br\/deputado\/#\/schema\/person\/15b51bd564532a8a68d9dec1b8eb890e","name":"\u00c9der","image":{"@type":"ImageObject","inLanguage":"pt-BR","@id":"https:\/\/vanderloubet.com.br\/deputado\/wp-content\/litespeed\/avatar\/88ca4090d9d5ab1c9495f6ca03b68efa.jpg?ver=1777058957","url":"https:\/\/vanderloubet.com.br\/deputado\/wp-content\/litespeed\/avatar\/88ca4090d9d5ab1c9495f6ca03b68efa.jpg?ver=1777058957","contentUrl":"https:\/\/vanderloubet.com.br\/deputado\/wp-content\/litespeed\/avatar\/88ca4090d9d5ab1c9495f6ca03b68efa.jpg?ver=1777058957","caption":"\u00c9der"}}]}},"jetpack_featured_media_url":"https:\/\/vanderloubet.com.br\/deputado\/wp-content\/uploads\/2022\/03\/foto-2022-03-30-video-lula-youtube.jpg","jetpack_sharing_enabled":true,"_links":{"self":[{"href":"https:\/\/vanderloubet.com.br\/deputado\/wp-json\/wp\/v2\/posts\/17581","targetHints":{"allow":["GET"]}}],"collection":[{"href":"https:\/\/vanderloubet.com.br\/deputado\/wp-json\/wp\/v2\/posts"}],"about":[{"href":"https:\/\/vanderloubet.com.br\/deputado\/wp-json\/wp\/v2\/types\/post"}],"author":[{"embeddable":true,"href":"https:\/\/vanderloubet.com.br\/deputado\/wp-json\/wp\/v2\/users\/2"}],"replies":[{"embeddable":true,"href":"https:\/\/vanderloubet.com.br\/deputado\/wp-json\/wp\/v2\/comments?post=17581"}],"version-history":[{"count":0,"href":"https:\/\/vanderloubet.com.br\/deputado\/wp-json\/wp\/v2\/posts\/17581\/revisions"}],"wp:featuredmedia":[{"embeddable":true,"href":"https:\/\/vanderloubet.com.br\/deputado\/wp-json\/wp\/v2\/media\/17582"}],"wp:attachment":[{"href":"https:\/\/vanderloubet.com.br\/deputado\/wp-json\/wp\/v2\/media?parent=17581"}],"wp:term":[{"taxonomy":"category","embeddable":true,"href":"https:\/\/vanderloubet.com.br\/deputado\/wp-json\/wp\/v2\/categories?post=17581"},{"taxonomy":"post_tag","embeddable":true,"href":"https:\/\/vanderloubet.com.br\/deputado\/wp-json\/wp\/v2\/tags?post=17581"}],"curies":[{"name":"wp","href":"https:\/\/api.w.org\/{rel}","templated":true}]}}