{"id":17571,"date":"2022-03-22T16:34:07","date_gmt":"2022-03-22T20:34:07","guid":{"rendered":"https:\/\/vanderloubet.com.br\/deputado\/?p=17571"},"modified":"2022-03-22T16:34:07","modified_gmt":"2022-03-22T20:34:07","slug":"pec-22-11-e-importante-para-valorizar-agentes-de-saude-defende-vander","status":"publish","type":"post","link":"https:\/\/vanderloubet.com.br\/deputado\/pec-22-11-e-importante-para-valorizar-agentes-de-saude-defende-vander\/","title":{"rendered":"PEC 22\/11 \u00e9 importante para valorizar agentes de sa\u00fade, defende Vander"},"content":{"rendered":"<p>Est\u00e1 prevista para esta quarta-feira (22) a entrada na pauta da C\u00e2mara dos Deputados da Proposta de Emenda \u00e0 Constitui\u00e7\u00e3o (PEC) 22\/2011, que disp\u00f5e sobre a responsabilidade financeira da Uni\u00e3o na pol\u00edtica remunerat\u00f3ria e na valoriza\u00e7\u00e3o dos profissionais que exercem as atividades de agente comunit\u00e1rio de sa\u00fade (ACS) e de agente de combate \u00e0s endemias (ACE). <\/p>\n<p>Para o deputado federal Vander Loubet (PT-MS), a aprova\u00e7\u00e3o dessa PEC \u00e9 importante para que o Brasil d\u00ea mais um passo na valoriza\u00e7\u00e3o dessas categorias.<\/p>\n<p>&#8220;Esses profissionais atuam diariamente junto \u00e0 popula\u00e7\u00e3o, nos bairros das cidades, e representam um elo entre o SUS [Sistema \u00danico de Sa\u00fade] e o cidad\u00e3o. Por isso, valorizar os agentes comunit\u00e1rios de sa\u00fade e de combate \u00e0s endemias \u00e9 uma forma de incentivar e fortalecer o trabalho que realizam&#8221;, defende Vander.<\/p>\n<p>Em dezembro de 2021, com a derrubada do veto presidencial 44, o Congresso Nacional garantiu aos ACS e ACE um reajuste salarial de 12,90%. O or\u00e7amento de 2022 aprovado por deputados e senadores previu a destina\u00e7\u00e3o de R$ 800 milh\u00f5es para o pagamento do novo piso dessas categorias, que passou de R$ 1.550 para R$ 1.750.<\/p>\n","protected":false},"excerpt":{"rendered":"<p>Proposta pode entrar na pauta da C\u00e2mara nesta quarta (23). Em dezembro de 2021, Congresso j\u00e1 havia garantido melhorias para os ACS e ACE.<\/p>\n","protected":false},"author":2,"featured_media":17572,"comment_status":"closed","ping_status":"closed","sticky":false,"template":"","format":"standard","meta":{"jetpack_post_was_ever_published":false,"_jetpack_newsletter_access":"","_jetpack_dont_email_post_to_subs":false,"_jetpack_newsletter_tier_id":0,"_jetpack_memberships_contains_paywalled_content":false,"_jetpack_memberships_contains_paid_content":false,"footnotes":""},"categories":[2098,10],"tags":[2300,1803,2239],"class_list":{"0":"post-17571","1":"post","2":"type-post","3":"status-publish","4":"format-standard","5":"has-post-thumbnail","7":"category-brasil-noticias","8":"category-noticias","9":"tag-proposta-de-emenda-a-constituicao","10":"tag-saude","11":"tag-servidor-publico"},"yoast_head":"<!-- This site is optimized with the Yoast SEO plugin v27.4 - https:\/\/yoast.com\/product\/yoast-seo-wordpress\/ -->\n<title>PEC 22\/11 \u00e9 importante para valorizar agentes de sa\u00fade, defende Vander<\/title>\n<meta name=\"description\" content=\"Proposta pode entrar na pauta da C\u00e2mara nesta quarta (23). Em dezembro de 2021, Congresso j\u00e1 havia garantido melhorias para os ACS e ACE.\" \/>\n<meta name=\"robots\" content=\"index, follow, max-snippet:-1, max-image-preview:large, max-video-preview:-1\" \/>\n<link rel=\"canonical\" href=\"https:\/\/vanderloubet.com.br\/deputado\/pec-22-11-e-importante-para-valorizar-agentes-de-saude-defende-vander\/\" \/>\n<meta property=\"og:locale\" content=\"pt_BR\" \/>\n<meta property=\"og:type\" content=\"article\" \/>\n<meta property=\"og:title\" content=\"PEC 22\/11 \u00e9 importante para valorizar agentes de sa\u00fade, defende Vander\" \/>\n<meta property=\"og:description\" content=\"Proposta pode entrar na pauta da C\u00e2mara nesta quarta (23). Em dezembro de 2021, Congresso j\u00e1 havia garantido melhorias para os ACS e ACE.\" \/>\n<meta property=\"og:url\" content=\"https:\/\/vanderloubet.com.br\/deputado\/pec-22-11-e-importante-para-valorizar-agentes-de-saude-defende-vander\/\" \/>\n<meta property=\"og:site_name\" content=\"Deputado Federal Vander Loubet\" \/>\n<meta property=\"article:publisher\" content=\"https:\/\/facebook.com\/deputadovander\" \/>\n<meta property=\"article:published_time\" content=\"2022-03-22T20:34:07+00:00\" \/>\n<meta property=\"og:image\" content=\"https:\/\/vanderloubet.com.br\/deputado\/wp-content\/uploads\/2022\/03\/foto-2022-03-22-agentes-saude.jpg\" \/>\n\t<meta property=\"og:image:width\" content=\"900\" \/>\n\t<meta property=\"og:image:height\" content=\"600\" \/>\n\t<meta property=\"og:image:type\" content=\"image\/jpeg\" \/>\n<meta name=\"author\" content=\"\u00c9der\" \/>\n<meta name=\"twitter:card\" content=\"summary_large_image\" \/>\n<meta name=\"twitter:creator\" content=\"@vanderloubet\" \/>\n<meta name=\"twitter:site\" content=\"@vanderloubet\" \/>\n<script type=\"application\/ld+json\" class=\"yoast-schema-graph\">{\"@context\":\"https:\\\/\\\/schema.org\",\"@graph\":[{\"@type\":\"Article\",\"@id\":\"https:\\\/\\\/vanderloubet.com.br\\\/deputado\\\/pec-22-11-e-importante-para-valorizar-agentes-de-saude-defende-vander\\\/#article\",\"isPartOf\":{\"@id\":\"https:\\\/\\\/vanderloubet.com.br\\\/deputado\\\/pec-22-11-e-importante-para-valorizar-agentes-de-saude-defende-vander\\\/\"},\"author\":{\"name\":\"\u00c9der\",\"@id\":\"https:\\\/\\\/vanderloubet.com.br\\\/deputado\\\/#\\\/schema\\\/person\\\/15b51bd564532a8a68d9dec1b8eb890e\"},\"headline\":\"PEC 22\\\/11 \u00e9 importante para valorizar agentes de sa\u00fade, defende Vander\",\"datePublished\":\"2022-03-22T20:34:07+00:00\",\"mainEntityOfPage\":{\"@id\":\"https:\\\/\\\/vanderloubet.com.br\\\/deputado\\\/pec-22-11-e-importante-para-valorizar-agentes-de-saude-defende-vander\\\/\"},\"wordCount\":204,\"publisher\":{\"@id\":\"https:\\\/\\\/vanderloubet.com.br\\\/deputado\\\/#organization\"},\"image\":{\"@id\":\"https:\\\/\\\/vanderloubet.com.br\\\/deputado\\\/pec-22-11-e-importante-para-valorizar-agentes-de-saude-defende-vander\\\/#primaryimage\"},\"thumbnailUrl\":\"https:\\\/\\\/vanderloubet.com.br\\\/deputado\\\/wp-content\\\/uploads\\\/2022\\\/03\\\/foto-2022-03-22-agentes-saude.jpg\",\"keywords\":[\"proposta de emenda \u00e0 constitui\u00e7\u00e3o\",\"sa\u00fade\",\"servidor p\u00fablico\"],\"articleSection\":[\"Brasil\",\"Not\u00edcias\"],\"inLanguage\":\"pt-BR\"},{\"@type\":\"WebPage\",\"@id\":\"https:\\\/\\\/vanderloubet.com.br\\\/deputado\\\/pec-22-11-e-importante-para-valorizar-agentes-de-saude-defende-vander\\\/\",\"url\":\"https:\\\/\\\/vanderloubet.com.br\\\/deputado\\\/pec-22-11-e-importante-para-valorizar-agentes-de-saude-defende-vander\\\/\",\"name\":\"PEC 22\\\/11 \u00e9 importante para valorizar agentes de sa\u00fade, defende Vander\",\"isPartOf\":{\"@id\":\"https:\\\/\\\/vanderloubet.com.br\\\/deputado\\\/#website\"},\"primaryImageOfPage\":{\"@id\":\"https:\\\/\\\/vanderloubet.com.br\\\/deputado\\\/pec-22-11-e-importante-para-valorizar-agentes-de-saude-defende-vander\\\/#primaryimage\"},\"image\":{\"@id\":\"https:\\\/\\\/vanderloubet.com.br\\\/deputado\\\/pec-22-11-e-importante-para-valorizar-agentes-de-saude-defende-vander\\\/#primaryimage\"},\"thumbnailUrl\":\"https:\\\/\\\/vanderloubet.com.br\\\/deputado\\\/wp-content\\\/uploads\\\/2022\\\/03\\\/foto-2022-03-22-agentes-saude.jpg\",\"datePublished\":\"2022-03-22T20:34:07+00:00\",\"description\":\"Proposta pode entrar na pauta da C\u00e2mara nesta quarta (23). Em dezembro de 2021, Congresso j\u00e1 havia garantido melhorias para os ACS e ACE.\",\"breadcrumb\":{\"@id\":\"https:\\\/\\\/vanderloubet.com.br\\\/deputado\\\/pec-22-11-e-importante-para-valorizar-agentes-de-saude-defende-vander\\\/#breadcrumb\"},\"inLanguage\":\"pt-BR\",\"potentialAction\":[{\"@type\":\"ReadAction\",\"target\":[\"https:\\\/\\\/vanderloubet.com.br\\\/deputado\\\/pec-22-11-e-importante-para-valorizar-agentes-de-saude-defende-vander\\\/\"]}]},{\"@type\":\"ImageObject\",\"inLanguage\":\"pt-BR\",\"@id\":\"https:\\\/\\\/vanderloubet.com.br\\\/deputado\\\/pec-22-11-e-importante-para-valorizar-agentes-de-saude-defende-vander\\\/#primaryimage\",\"url\":\"https:\\\/\\\/vanderloubet.com.br\\\/deputado\\\/wp-content\\\/uploads\\\/2022\\\/03\\\/foto-2022-03-22-agentes-saude.jpg\",\"contentUrl\":\"https:\\\/\\\/vanderloubet.com.br\\\/deputado\\\/wp-content\\\/uploads\\\/2022\\\/03\\\/foto-2022-03-22-agentes-saude.jpg\",\"width\":900,\"height\":600,\"caption\":\"PEC 22\\\/11 \u00e9 importante para valorizar agentes de sa\u00fade, defende Vander\"},{\"@type\":\"BreadcrumbList\",\"@id\":\"https:\\\/\\\/vanderloubet.com.br\\\/deputado\\\/pec-22-11-e-importante-para-valorizar-agentes-de-saude-defende-vander\\\/#breadcrumb\",\"itemListElement\":[{\"@type\":\"ListItem\",\"position\":1,\"name\":\"In\u00edcio\",\"item\":\"https:\\\/\\\/vanderloubet.com.br\\\/deputado\\\/\"},{\"@type\":\"ListItem\",\"position\":2,\"name\":\"PEC 22\\\/11 \u00e9 importante para valorizar agentes de sa\u00fade, defende Vander\"}]},{\"@type\":\"WebSite\",\"@id\":\"https:\\\/\\\/vanderloubet.com.br\\\/deputado\\\/#website\",\"url\":\"https:\\\/\\\/vanderloubet.com.br\\\/deputado\\\/\",\"name\":\"Deputado Federal Vander Loubet\",\"description\":\"O Federal de MS\",\"publisher\":{\"@id\":\"https:\\\/\\\/vanderloubet.com.br\\\/deputado\\\/#organization\"},\"alternateName\":\"Deputado Vander\",\"potentialAction\":[{\"@type\":\"SearchAction\",\"target\":{\"@type\":\"EntryPoint\",\"urlTemplate\":\"https:\\\/\\\/vanderloubet.com.br\\\/deputado\\\/?s={search_term_string}\"},\"query-input\":{\"@type\":\"PropertyValueSpecification\",\"valueRequired\":true,\"valueName\":\"search_term_string\"}}],\"inLanguage\":\"pt-BR\"},{\"@type\":\"Organization\",\"@id\":\"https:\\\/\\\/vanderloubet.com.br\\\/deputado\\\/#organization\",\"name\":\"Deputado Federal Vander Loubet\",\"alternateName\":\"Deputado Vander\",\"url\":\"https:\\\/\\\/vanderloubet.com.br\\\/deputado\\\/\",\"logo\":{\"@type\":\"ImageObject\",\"inLanguage\":\"pt-BR\",\"@id\":\"https:\\\/\\\/vanderloubet.com.br\\\/deputado\\\/#\\\/schema\\\/logo\\\/image\\\/\",\"url\":\"https:\\\/\\\/vanderloubet.com.br\\\/deputado\\\/wp-content\\\/uploads\\\/2023\\\/06\\\/foto-2023-06-19-mandato-deputado-vander.jpg\",\"contentUrl\":\"https:\\\/\\\/vanderloubet.com.br\\\/deputado\\\/wp-content\\\/uploads\\\/2023\\\/06\\\/foto-2023-06-19-mandato-deputado-vander.jpg\",\"width\":1080,\"height\":1080,\"caption\":\"Deputado Federal Vander Loubet\"},\"image\":{\"@id\":\"https:\\\/\\\/vanderloubet.com.br\\\/deputado\\\/#\\\/schema\\\/logo\\\/image\\\/\"},\"sameAs\":[\"https:\\\/\\\/facebook.com\\\/deputadovander\",\"https:\\\/\\\/x.com\\\/vanderloubet\",\"https:\\\/\\\/instagram.com\\\/vanderloubet\",\"https:\\\/\\\/youtube.com\\\/vanderloubet\",\"https:\\\/\\\/tiktok.com\\\/@vanderloubetms\"]},{\"@type\":\"Person\",\"@id\":\"https:\\\/\\\/vanderloubet.com.br\\\/deputado\\\/#\\\/schema\\\/person\\\/15b51bd564532a8a68d9dec1b8eb890e\",\"name\":\"\u00c9der\",\"image\":{\"@type\":\"ImageObject\",\"inLanguage\":\"pt-BR\",\"@id\":\"https:\\\/\\\/vanderloubet.com.br\\\/deputado\\\/wp-content\\\/litespeed\\\/avatar\\\/88ca4090d9d5ab1c9495f6ca03b68efa.jpg?ver=1777058957\",\"url\":\"https:\\\/\\\/vanderloubet.com.br\\\/deputado\\\/wp-content\\\/litespeed\\\/avatar\\\/88ca4090d9d5ab1c9495f6ca03b68efa.jpg?ver=1777058957\",\"contentUrl\":\"https:\\\/\\\/vanderloubet.com.br\\\/deputado\\\/wp-content\\\/litespeed\\\/avatar\\\/88ca4090d9d5ab1c9495f6ca03b68efa.jpg?ver=1777058957\",\"caption\":\"\u00c9der\"}}]}<\/script>\n<!-- \/ Yoast SEO plugin. -->","yoast_head_json":{"title":"PEC 22\/11 \u00e9 importante para valorizar agentes de sa\u00fade, defende Vander","description":"Proposta pode entrar na pauta da C\u00e2mara nesta quarta (23). Em dezembro de 2021, Congresso j\u00e1 havia garantido melhorias para os ACS e ACE.","robots":{"index":"index","follow":"follow","max-snippet":"max-snippet:-1","max-image-preview":"max-image-preview:large","max-video-preview":"max-video-preview:-1"},"canonical":"https:\/\/vanderloubet.com.br\/deputado\/pec-22-11-e-importante-para-valorizar-agentes-de-saude-defende-vander\/","og_locale":"pt_BR","og_type":"article","og_title":"PEC 22\/11 \u00e9 importante para valorizar agentes de sa\u00fade, defende Vander","og_description":"Proposta pode entrar na pauta da C\u00e2mara nesta quarta (23). Em dezembro de 2021, Congresso j\u00e1 havia garantido melhorias para os ACS e ACE.","og_url":"https:\/\/vanderloubet.com.br\/deputado\/pec-22-11-e-importante-para-valorizar-agentes-de-saude-defende-vander\/","og_site_name":"Deputado Federal Vander Loubet","article_publisher":"https:\/\/facebook.com\/deputadovander","article_published_time":"2022-03-22T20:34:07+00:00","og_image":[{"width":900,"height":600,"url":"https:\/\/vanderloubet.com.br\/deputado\/wp-content\/uploads\/2022\/03\/foto-2022-03-22-agentes-saude.jpg","type":"image\/jpeg"}],"author":"\u00c9der","twitter_card":"summary_large_image","twitter_creator":"@vanderloubet","twitter_site":"@vanderloubet","schema":{"@context":"https:\/\/schema.org","@graph":[{"@type":"Article","@id":"https:\/\/vanderloubet.com.br\/deputado\/pec-22-11-e-importante-para-valorizar-agentes-de-saude-defende-vander\/#article","isPartOf":{"@id":"https:\/\/vanderloubet.com.br\/deputado\/pec-22-11-e-importante-para-valorizar-agentes-de-saude-defende-vander\/"},"author":{"name":"\u00c9der","@id":"https:\/\/vanderloubet.com.br\/deputado\/#\/schema\/person\/15b51bd564532a8a68d9dec1b8eb890e"},"headline":"PEC 22\/11 \u00e9 importante para valorizar agentes de sa\u00fade, defende Vander","datePublished":"2022-03-22T20:34:07+00:00","mainEntityOfPage":{"@id":"https:\/\/vanderloubet.com.br\/deputado\/pec-22-11-e-importante-para-valorizar-agentes-de-saude-defende-vander\/"},"wordCount":204,"publisher":{"@id":"https:\/\/vanderloubet.com.br\/deputado\/#organization"},"image":{"@id":"https:\/\/vanderloubet.com.br\/deputado\/pec-22-11-e-importante-para-valorizar-agentes-de-saude-defende-vander\/#primaryimage"},"thumbnailUrl":"https:\/\/vanderloubet.com.br\/deputado\/wp-content\/uploads\/2022\/03\/foto-2022-03-22-agentes-saude.jpg","keywords":["proposta de emenda \u00e0 constitui\u00e7\u00e3o","sa\u00fade","servidor p\u00fablico"],"articleSection":["Brasil","Not\u00edcias"],"inLanguage":"pt-BR"},{"@type":"WebPage","@id":"https:\/\/vanderloubet.com.br\/deputado\/pec-22-11-e-importante-para-valorizar-agentes-de-saude-defende-vander\/","url":"https:\/\/vanderloubet.com.br\/deputado\/pec-22-11-e-importante-para-valorizar-agentes-de-saude-defende-vander\/","name":"PEC 22\/11 \u00e9 importante para valorizar agentes de sa\u00fade, defende Vander","isPartOf":{"@id":"https:\/\/vanderloubet.com.br\/deputado\/#website"},"primaryImageOfPage":{"@id":"https:\/\/vanderloubet.com.br\/deputado\/pec-22-11-e-importante-para-valorizar-agentes-de-saude-defende-vander\/#primaryimage"},"image":{"@id":"https:\/\/vanderloubet.com.br\/deputado\/pec-22-11-e-importante-para-valorizar-agentes-de-saude-defende-vander\/#primaryimage"},"thumbnailUrl":"https:\/\/vanderloubet.com.br\/deputado\/wp-content\/uploads\/2022\/03\/foto-2022-03-22-agentes-saude.jpg","datePublished":"2022-03-22T20:34:07+00:00","description":"Proposta pode entrar na pauta da C\u00e2mara nesta quarta (23). Em dezembro de 2021, Congresso j\u00e1 havia garantido melhorias para os ACS e ACE.","breadcrumb":{"@id":"https:\/\/vanderloubet.com.br\/deputado\/pec-22-11-e-importante-para-valorizar-agentes-de-saude-defende-vander\/#breadcrumb"},"inLanguage":"pt-BR","potentialAction":[{"@type":"ReadAction","target":["https:\/\/vanderloubet.com.br\/deputado\/pec-22-11-e-importante-para-valorizar-agentes-de-saude-defende-vander\/"]}]},{"@type":"ImageObject","inLanguage":"pt-BR","@id":"https:\/\/vanderloubet.com.br\/deputado\/pec-22-11-e-importante-para-valorizar-agentes-de-saude-defende-vander\/#primaryimage","url":"https:\/\/vanderloubet.com.br\/deputado\/wp-content\/uploads\/2022\/03\/foto-2022-03-22-agentes-saude.jpg","contentUrl":"https:\/\/vanderloubet.com.br\/deputado\/wp-content\/uploads\/2022\/03\/foto-2022-03-22-agentes-saude.jpg","width":900,"height":600,"caption":"PEC 22\/11 \u00e9 importante para valorizar agentes de sa\u00fade, defende Vander"},{"@type":"BreadcrumbList","@id":"https:\/\/vanderloubet.com.br\/deputado\/pec-22-11-e-importante-para-valorizar-agentes-de-saude-defende-vander\/#breadcrumb","itemListElement":[{"@type":"ListItem","position":1,"name":"In\u00edcio","item":"https:\/\/vanderloubet.com.br\/deputado\/"},{"@type":"ListItem","position":2,"name":"PEC 22\/11 \u00e9 importante para valorizar agentes de sa\u00fade, defende Vander"}]},{"@type":"WebSite","@id":"https:\/\/vanderloubet.com.br\/deputado\/#website","url":"https:\/\/vanderloubet.com.br\/deputado\/","name":"Deputado Federal Vander Loubet","description":"O Federal de MS","publisher":{"@id":"https:\/\/vanderloubet.com.br\/deputado\/#organization"},"alternateName":"Deputado Vander","potentialAction":[{"@type":"SearchAction","target":{"@type":"EntryPoint","urlTemplate":"https:\/\/vanderloubet.com.br\/deputado\/?s={search_term_string}"},"query-input":{"@type":"PropertyValueSpecification","valueRequired":true,"valueName":"search_term_string"}}],"inLanguage":"pt-BR"},{"@type":"Organization","@id":"https:\/\/vanderloubet.com.br\/deputado\/#organization","name":"Deputado Federal Vander Loubet","alternateName":"Deputado Vander","url":"https:\/\/vanderloubet.com.br\/deputado\/","logo":{"@type":"ImageObject","inLanguage":"pt-BR","@id":"https:\/\/vanderloubet.com.br\/deputado\/#\/schema\/logo\/image\/","url":"https:\/\/vanderloubet.com.br\/deputado\/wp-content\/uploads\/2023\/06\/foto-2023-06-19-mandato-deputado-vander.jpg","contentUrl":"https:\/\/vanderloubet.com.br\/deputado\/wp-content\/uploads\/2023\/06\/foto-2023-06-19-mandato-deputado-vander.jpg","width":1080,"height":1080,"caption":"Deputado Federal Vander Loubet"},"image":{"@id":"https:\/\/vanderloubet.com.br\/deputado\/#\/schema\/logo\/image\/"},"sameAs":["https:\/\/facebook.com\/deputadovander","https:\/\/x.com\/vanderloubet","https:\/\/instagram.com\/vanderloubet","https:\/\/youtube.com\/vanderloubet","https:\/\/tiktok.com\/@vanderloubetms"]},{"@type":"Person","@id":"https:\/\/vanderloubet.com.br\/deputado\/#\/schema\/person\/15b51bd564532a8a68d9dec1b8eb890e","name":"\u00c9der","image":{"@type":"ImageObject","inLanguage":"pt-BR","@id":"https:\/\/vanderloubet.com.br\/deputado\/wp-content\/litespeed\/avatar\/88ca4090d9d5ab1c9495f6ca03b68efa.jpg?ver=1777058957","url":"https:\/\/vanderloubet.com.br\/deputado\/wp-content\/litespeed\/avatar\/88ca4090d9d5ab1c9495f6ca03b68efa.jpg?ver=1777058957","contentUrl":"https:\/\/vanderloubet.com.br\/deputado\/wp-content\/litespeed\/avatar\/88ca4090d9d5ab1c9495f6ca03b68efa.jpg?ver=1777058957","caption":"\u00c9der"}}]}},"jetpack_featured_media_url":"https:\/\/vanderloubet.com.br\/deputado\/wp-content\/uploads\/2022\/03\/foto-2022-03-22-agentes-saude.jpg","jetpack_sharing_enabled":true,"_links":{"self":[{"href":"https:\/\/vanderloubet.com.br\/deputado\/wp-json\/wp\/v2\/posts\/17571","targetHints":{"allow":["GET"]}}],"collection":[{"href":"https:\/\/vanderloubet.com.br\/deputado\/wp-json\/wp\/v2\/posts"}],"about":[{"href":"https:\/\/vanderloubet.com.br\/deputado\/wp-json\/wp\/v2\/types\/post"}],"author":[{"embeddable":true,"href":"https:\/\/vanderloubet.com.br\/deputado\/wp-json\/wp\/v2\/users\/2"}],"replies":[{"embeddable":true,"href":"https:\/\/vanderloubet.com.br\/deputado\/wp-json\/wp\/v2\/comments?post=17571"}],"version-history":[{"count":0,"href":"https:\/\/vanderloubet.com.br\/deputado\/wp-json\/wp\/v2\/posts\/17571\/revisions"}],"wp:featuredmedia":[{"embeddable":true,"href":"https:\/\/vanderloubet.com.br\/deputado\/wp-json\/wp\/v2\/media\/17572"}],"wp:attachment":[{"href":"https:\/\/vanderloubet.com.br\/deputado\/wp-json\/wp\/v2\/media?parent=17571"}],"wp:term":[{"taxonomy":"category","embeddable":true,"href":"https:\/\/vanderloubet.com.br\/deputado\/wp-json\/wp\/v2\/categories?post=17571"},{"taxonomy":"post_tag","embeddable":true,"href":"https:\/\/vanderloubet.com.br\/deputado\/wp-json\/wp\/v2\/tags?post=17571"}],"curies":[{"name":"wp","href":"https:\/\/api.w.org\/{rel}","templated":true}]}}