{"id":17556,"date":"2022-03-09T11:17:06","date_gmt":"2022-03-09T15:17:06","guid":{"rendered":"https:\/\/vanderloubet.com.br\/deputado\/?p=17556"},"modified":"2022-03-09T11:19:04","modified_gmt":"2022-03-09T15:19:04","slug":"vander-defende-derrubada-de-veto-a-refis-de-micro-e-pequenas-empresas","status":"publish","type":"post","link":"https:\/\/vanderloubet.com.br\/deputado\/vander-defende-derrubada-de-veto-a-refis-de-micro-e-pequenas-empresas\/","title":{"rendered":"Vander defende derrubada de veto a Refis de micro e pequenas empresas"},"content":{"rendered":"<p>Est\u00e1 marcada para quinta-feira (10) a sess\u00e3o do Congresso Nacional (quando deputados e senadores votam juntos) para discutir o veto presidencial aplicado por Jair Bolsonaro ao projeto que instituiu o programa de renegocia\u00e7\u00e3o de d\u00edvidas do setor (Refis). &#8220;Ser\u00e1 nossa oportunidade para evitar que centenas de milhares de micro e pequenas empresas sejam desligadas do sistema de tributa\u00e7\u00e3o simplificada, o Simples Nacional, por causa de d\u00edvidas&#8221;, destaca o deputado federal Vander Loubet (PT-MS).<\/p>\n<p>O prazo para que essas empresas endividadas n\u00e3o sejam exclu\u00eddas do Simples Nacional termina em 31 de mar\u00e7o.<\/p>\n<p>Para o deputado Vander, h\u00e1 consenso para a derrubada do veto. &#8220;\u00c9 uma pauta suprapartid\u00e1ria, com certeza a maioria do Congresso vai votar pela derrubada. \u00c9 uma vergonha que esse projeto tenha sido vetado. Mostra o descompromisso do Bolsonaro com os micro e pequenos empres\u00e1rios. Bolsonaro prefere zerar imposto de importa\u00e7\u00e3o sobre jet skis do que dar aten\u00e7\u00e3o a quem gera emprego e renda em nosso pa\u00eds&#8221;, pontua o parlamentar sul-mato-grossense.<\/p>\n<p>De acordo com informa\u00e7\u00f5es do portal Congresso em Foco, a eventual manuten\u00e7\u00e3o do veto de Bolsonaro ter\u00e1 consequ\u00eancias desastrosas para a economia. Sem o parcelamento das d\u00edvidas, 437 mil empresas ser\u00e3o exclu\u00eddas do Simples, o que pode condenar a maioria ao fechamento. O governo ficaria sem receber as d\u00edvidas e o fechamento causaria um milh\u00e3o de desempregados.<\/p>\n<p>O prazo para regulariza\u00e7\u00f5es de pend\u00eancias relativas a d\u00e9bitos impeditivos \u00e0 op\u00e7\u00e3o pelo Simples Nacional vencia em 31 de janeiro, mas foi prorrogado pelo Comit\u00ea Gestor do Simples Nacional (CGSN) at\u00e9 31 de mar\u00e7o. Mais conhecido como Refis das micro e pequenas empresas, o Programa de Reescalonamento de D\u00e9bitos no \u00c2mbito do Simples Nacional (Relp) negocia d\u00edvidas em at\u00e9 180 meses e estabelece descontos conforme a queda no faturamento da empresa entre mar\u00e7o e dezembro de 2020, na compara\u00e7\u00e3o com igual per\u00edodo em 2019.<\/p>\n<p>&#8220;Ningu\u00e9m est\u00e1 defendendo as d\u00edvidas. A quest\u00e3o \u00e9 que a pandemia causou enormes preju\u00edzos e nas micro e pequenas empresas esses preju\u00edzos costumam ser maiores porque s\u00e3o empresas que n\u00e3o t\u00eam um capital de seguran\u00e7a que grandes empreendimentos t\u00eam. Por isso, \u00e9 importante que a gente d\u00ea a oportunidade e o prazo adequado para que os pequenos e micro empres\u00e1rios possam regularizar sua situa\u00e7\u00e3o&#8221;, avalia Vander Loubet.<\/p>\n<p>O projeto vetado por Bolsonaro permite o parcelamento de quaisquer d\u00edvidas no \u00e2mbito do Simples Nacional, desde que o vencimento tenha ocorrido at\u00e9 a compet\u00eancia do m\u00eas imediatamente anterior \u00e0 entrada em vigor da lei. De acordo com o texto, tamb\u00e9m poderiam ser inclu\u00eddos no Refis os d\u00e9bitos de parcelamento em 60 meses previstos na lei de cria\u00e7\u00e3o do Simples Nacional (Lei Complementar 123, de 2006); aqueles da Lei Complementar 155, de 2016, de 120 meses; e do \u00faltimo parcelamento, de 145 a 175 parcelas, previsto na Lei Complementar 162, de 2018.<\/p>\n<p><em>(Fonte: Congresso em Foco)<\/em><\/p>\n","protected":false},"excerpt":{"rendered":"<p>&#8220;\u00c9 uma vergonha que esse projeto tenha sido vetado. Mostra o descompromisso do Bolsonaro com micro e pequenos empres\u00e1rios&#8221;, afirma o deputado.<\/p>\n","protected":false},"author":2,"featured_media":17557,"comment_status":"closed","ping_status":"closed","sticky":false,"template":"","format":"standard","meta":{"jetpack_post_was_ever_published":false,"_jetpack_newsletter_access":"","_jetpack_dont_email_post_to_subs":false,"_jetpack_newsletter_tier_id":0,"_jetpack_memberships_contains_paywalled_content":false,"_jetpack_memberships_contains_paid_content":false,"footnotes":""},"categories":[2098,10],"tags":[1635,2314,1984],"class_list":{"0":"post-17556","1":"post","2":"type-post","3":"status-publish","4":"format-standard","5":"has-post-thumbnail","7":"category-brasil-noticias","8":"category-noticias","9":"tag-projeto-de-lei","10":"tag-trabalho-e-emprego","11":"tag-tributacao"},"yoast_head":"<!-- This site is optimized with the Yoast SEO plugin v27.4 - https:\/\/yoast.com\/product\/yoast-seo-wordpress\/ -->\n<title>Vander defende derrubada de veto a Refis de micro e pequenas empresas<\/title>\n<meta name=\"description\" content=\"&quot;\u00c9 uma vergonha que esse projeto tenha sido vetado. Mostra o descompromisso do Bolsonaro com micro e pequenos empres\u00e1rios&quot;, afirma o deputado.\" \/>\n<meta name=\"robots\" content=\"index, follow, max-snippet:-1, max-image-preview:large, max-video-preview:-1\" \/>\n<link rel=\"canonical\" href=\"https:\/\/vanderloubet.com.br\/deputado\/vander-defende-derrubada-de-veto-a-refis-de-micro-e-pequenas-empresas\/\" \/>\n<meta property=\"og:locale\" content=\"pt_BR\" \/>\n<meta property=\"og:type\" content=\"article\" \/>\n<meta property=\"og:title\" content=\"Vander defende derrubada de veto a Refis de micro e pequenas empresas\" \/>\n<meta property=\"og:description\" content=\"&quot;\u00c9 uma vergonha que esse projeto tenha sido vetado. Mostra o descompromisso do Bolsonaro com micro e pequenos empres\u00e1rios&quot;, afirma o deputado.\" \/>\n<meta property=\"og:url\" content=\"https:\/\/vanderloubet.com.br\/deputado\/vander-defende-derrubada-de-veto-a-refis-de-micro-e-pequenas-empresas\/\" \/>\n<meta property=\"og:site_name\" content=\"Deputado Federal Vander Loubet\" \/>\n<meta property=\"article:publisher\" content=\"https:\/\/facebook.com\/deputadovander\" \/>\n<meta property=\"article:published_time\" content=\"2022-03-09T15:17:06+00:00\" \/>\n<meta property=\"article:modified_time\" content=\"2022-03-09T15:19:04+00:00\" \/>\n<meta property=\"og:image\" content=\"https:\/\/vanderloubet.com.br\/deputado\/wp-content\/uploads\/2022\/03\/foto-2022-03-09-micro-pequeno-empresario.jpg\" \/>\n\t<meta property=\"og:image:width\" content=\"900\" \/>\n\t<meta property=\"og:image:height\" content=\"600\" \/>\n\t<meta property=\"og:image:type\" content=\"image\/jpeg\" \/>\n<meta name=\"author\" content=\"\u00c9der\" \/>\n<meta name=\"twitter:card\" content=\"summary_large_image\" \/>\n<meta name=\"twitter:creator\" content=\"@vanderloubet\" \/>\n<meta name=\"twitter:site\" content=\"@vanderloubet\" \/>\n<script type=\"application\/ld+json\" class=\"yoast-schema-graph\">{\"@context\":\"https:\\\/\\\/schema.org\",\"@graph\":[{\"@type\":\"Article\",\"@id\":\"https:\\\/\\\/vanderloubet.com.br\\\/deputado\\\/vander-defende-derrubada-de-veto-a-refis-de-micro-e-pequenas-empresas\\\/#article\",\"isPartOf\":{\"@id\":\"https:\\\/\\\/vanderloubet.com.br\\\/deputado\\\/vander-defende-derrubada-de-veto-a-refis-de-micro-e-pequenas-empresas\\\/\"},\"author\":{\"name\":\"\u00c9der\",\"@id\":\"https:\\\/\\\/vanderloubet.com.br\\\/deputado\\\/#\\\/schema\\\/person\\\/15b51bd564532a8a68d9dec1b8eb890e\"},\"headline\":\"Vander defende derrubada de veto a Refis de micro e pequenas empresas\",\"datePublished\":\"2022-03-09T15:17:06+00:00\",\"dateModified\":\"2022-03-09T15:19:04+00:00\",\"mainEntityOfPage\":{\"@id\":\"https:\\\/\\\/vanderloubet.com.br\\\/deputado\\\/vander-defende-derrubada-de-veto-a-refis-de-micro-e-pequenas-empresas\\\/\"},\"wordCount\":504,\"publisher\":{\"@id\":\"https:\\\/\\\/vanderloubet.com.br\\\/deputado\\\/#organization\"},\"image\":{\"@id\":\"https:\\\/\\\/vanderloubet.com.br\\\/deputado\\\/vander-defende-derrubada-de-veto-a-refis-de-micro-e-pequenas-empresas\\\/#primaryimage\"},\"thumbnailUrl\":\"https:\\\/\\\/vanderloubet.com.br\\\/deputado\\\/wp-content\\\/uploads\\\/2022\\\/03\\\/foto-2022-03-09-micro-pequeno-empresario.jpg\",\"keywords\":[\"projeto de lei\",\"trabalho e emprego\",\"tributa\u00e7\u00e3o\"],\"articleSection\":[\"Brasil\",\"Not\u00edcias\"],\"inLanguage\":\"pt-BR\"},{\"@type\":\"WebPage\",\"@id\":\"https:\\\/\\\/vanderloubet.com.br\\\/deputado\\\/vander-defende-derrubada-de-veto-a-refis-de-micro-e-pequenas-empresas\\\/\",\"url\":\"https:\\\/\\\/vanderloubet.com.br\\\/deputado\\\/vander-defende-derrubada-de-veto-a-refis-de-micro-e-pequenas-empresas\\\/\",\"name\":\"Vander defende derrubada de veto a Refis de micro e pequenas empresas\",\"isPartOf\":{\"@id\":\"https:\\\/\\\/vanderloubet.com.br\\\/deputado\\\/#website\"},\"primaryImageOfPage\":{\"@id\":\"https:\\\/\\\/vanderloubet.com.br\\\/deputado\\\/vander-defende-derrubada-de-veto-a-refis-de-micro-e-pequenas-empresas\\\/#primaryimage\"},\"image\":{\"@id\":\"https:\\\/\\\/vanderloubet.com.br\\\/deputado\\\/vander-defende-derrubada-de-veto-a-refis-de-micro-e-pequenas-empresas\\\/#primaryimage\"},\"thumbnailUrl\":\"https:\\\/\\\/vanderloubet.com.br\\\/deputado\\\/wp-content\\\/uploads\\\/2022\\\/03\\\/foto-2022-03-09-micro-pequeno-empresario.jpg\",\"datePublished\":\"2022-03-09T15:17:06+00:00\",\"dateModified\":\"2022-03-09T15:19:04+00:00\",\"description\":\"\\\"\u00c9 uma vergonha que esse projeto tenha sido vetado. Mostra o descompromisso do Bolsonaro com micro e pequenos empres\u00e1rios\\\", afirma o deputado.\",\"breadcrumb\":{\"@id\":\"https:\\\/\\\/vanderloubet.com.br\\\/deputado\\\/vander-defende-derrubada-de-veto-a-refis-de-micro-e-pequenas-empresas\\\/#breadcrumb\"},\"inLanguage\":\"pt-BR\",\"potentialAction\":[{\"@type\":\"ReadAction\",\"target\":[\"https:\\\/\\\/vanderloubet.com.br\\\/deputado\\\/vander-defende-derrubada-de-veto-a-refis-de-micro-e-pequenas-empresas\\\/\"]}]},{\"@type\":\"ImageObject\",\"inLanguage\":\"pt-BR\",\"@id\":\"https:\\\/\\\/vanderloubet.com.br\\\/deputado\\\/vander-defende-derrubada-de-veto-a-refis-de-micro-e-pequenas-empresas\\\/#primaryimage\",\"url\":\"https:\\\/\\\/vanderloubet.com.br\\\/deputado\\\/wp-content\\\/uploads\\\/2022\\\/03\\\/foto-2022-03-09-micro-pequeno-empresario.jpg\",\"contentUrl\":\"https:\\\/\\\/vanderloubet.com.br\\\/deputado\\\/wp-content\\\/uploads\\\/2022\\\/03\\\/foto-2022-03-09-micro-pequeno-empresario.jpg\",\"width\":900,\"height\":600,\"caption\":\"Vander defende derrubada de veto de Bolsonaro a Refis de micro e pequenas empresas\"},{\"@type\":\"BreadcrumbList\",\"@id\":\"https:\\\/\\\/vanderloubet.com.br\\\/deputado\\\/vander-defende-derrubada-de-veto-a-refis-de-micro-e-pequenas-empresas\\\/#breadcrumb\",\"itemListElement\":[{\"@type\":\"ListItem\",\"position\":1,\"name\":\"In\u00edcio\",\"item\":\"https:\\\/\\\/vanderloubet.com.br\\\/deputado\\\/\"},{\"@type\":\"ListItem\",\"position\":2,\"name\":\"Vander defende derrubada de veto a Refis de micro e pequenas empresas\"}]},{\"@type\":\"WebSite\",\"@id\":\"https:\\\/\\\/vanderloubet.com.br\\\/deputado\\\/#website\",\"url\":\"https:\\\/\\\/vanderloubet.com.br\\\/deputado\\\/\",\"name\":\"Deputado Federal Vander Loubet\",\"description\":\"O Federal de MS\",\"publisher\":{\"@id\":\"https:\\\/\\\/vanderloubet.com.br\\\/deputado\\\/#organization\"},\"alternateName\":\"Deputado Vander\",\"potentialAction\":[{\"@type\":\"SearchAction\",\"target\":{\"@type\":\"EntryPoint\",\"urlTemplate\":\"https:\\\/\\\/vanderloubet.com.br\\\/deputado\\\/?s={search_term_string}\"},\"query-input\":{\"@type\":\"PropertyValueSpecification\",\"valueRequired\":true,\"valueName\":\"search_term_string\"}}],\"inLanguage\":\"pt-BR\"},{\"@type\":\"Organization\",\"@id\":\"https:\\\/\\\/vanderloubet.com.br\\\/deputado\\\/#organization\",\"name\":\"Deputado Federal Vander Loubet\",\"alternateName\":\"Deputado Vander\",\"url\":\"https:\\\/\\\/vanderloubet.com.br\\\/deputado\\\/\",\"logo\":{\"@type\":\"ImageObject\",\"inLanguage\":\"pt-BR\",\"@id\":\"https:\\\/\\\/vanderloubet.com.br\\\/deputado\\\/#\\\/schema\\\/logo\\\/image\\\/\",\"url\":\"https:\\\/\\\/vanderloubet.com.br\\\/deputado\\\/wp-content\\\/uploads\\\/2023\\\/06\\\/foto-2023-06-19-mandato-deputado-vander.jpg\",\"contentUrl\":\"https:\\\/\\\/vanderloubet.com.br\\\/deputado\\\/wp-content\\\/uploads\\\/2023\\\/06\\\/foto-2023-06-19-mandato-deputado-vander.jpg\",\"width\":1080,\"height\":1080,\"caption\":\"Deputado Federal Vander Loubet\"},\"image\":{\"@id\":\"https:\\\/\\\/vanderloubet.com.br\\\/deputado\\\/#\\\/schema\\\/logo\\\/image\\\/\"},\"sameAs\":[\"https:\\\/\\\/facebook.com\\\/deputadovander\",\"https:\\\/\\\/x.com\\\/vanderloubet\",\"https:\\\/\\\/instagram.com\\\/vanderloubet\",\"https:\\\/\\\/youtube.com\\\/vanderloubet\",\"https:\\\/\\\/tiktok.com\\\/@vanderloubetms\"]},{\"@type\":\"Person\",\"@id\":\"https:\\\/\\\/vanderloubet.com.br\\\/deputado\\\/#\\\/schema\\\/person\\\/15b51bd564532a8a68d9dec1b8eb890e\",\"name\":\"\u00c9der\",\"image\":{\"@type\":\"ImageObject\",\"inLanguage\":\"pt-BR\",\"@id\":\"https:\\\/\\\/vanderloubet.com.br\\\/deputado\\\/wp-content\\\/litespeed\\\/avatar\\\/88ca4090d9d5ab1c9495f6ca03b68efa.jpg?ver=1777058957\",\"url\":\"https:\\\/\\\/vanderloubet.com.br\\\/deputado\\\/wp-content\\\/litespeed\\\/avatar\\\/88ca4090d9d5ab1c9495f6ca03b68efa.jpg?ver=1777058957\",\"contentUrl\":\"https:\\\/\\\/vanderloubet.com.br\\\/deputado\\\/wp-content\\\/litespeed\\\/avatar\\\/88ca4090d9d5ab1c9495f6ca03b68efa.jpg?ver=1777058957\",\"caption\":\"\u00c9der\"}}]}<\/script>\n<!-- \/ Yoast SEO plugin. -->","yoast_head_json":{"title":"Vander defende derrubada de veto a Refis de micro e pequenas empresas","description":"\"\u00c9 uma vergonha que esse projeto tenha sido vetado. Mostra o descompromisso do Bolsonaro com micro e pequenos empres\u00e1rios\", afirma o deputado.","robots":{"index":"index","follow":"follow","max-snippet":"max-snippet:-1","max-image-preview":"max-image-preview:large","max-video-preview":"max-video-preview:-1"},"canonical":"https:\/\/vanderloubet.com.br\/deputado\/vander-defende-derrubada-de-veto-a-refis-de-micro-e-pequenas-empresas\/","og_locale":"pt_BR","og_type":"article","og_title":"Vander defende derrubada de veto a Refis de micro e pequenas empresas","og_description":"\"\u00c9 uma vergonha que esse projeto tenha sido vetado. Mostra o descompromisso do Bolsonaro com micro e pequenos empres\u00e1rios\", afirma o deputado.","og_url":"https:\/\/vanderloubet.com.br\/deputado\/vander-defende-derrubada-de-veto-a-refis-de-micro-e-pequenas-empresas\/","og_site_name":"Deputado Federal Vander Loubet","article_publisher":"https:\/\/facebook.com\/deputadovander","article_published_time":"2022-03-09T15:17:06+00:00","article_modified_time":"2022-03-09T15:19:04+00:00","og_image":[{"width":900,"height":600,"url":"https:\/\/vanderloubet.com.br\/deputado\/wp-content\/uploads\/2022\/03\/foto-2022-03-09-micro-pequeno-empresario.jpg","type":"image\/jpeg"}],"author":"\u00c9der","twitter_card":"summary_large_image","twitter_creator":"@vanderloubet","twitter_site":"@vanderloubet","schema":{"@context":"https:\/\/schema.org","@graph":[{"@type":"Article","@id":"https:\/\/vanderloubet.com.br\/deputado\/vander-defende-derrubada-de-veto-a-refis-de-micro-e-pequenas-empresas\/#article","isPartOf":{"@id":"https:\/\/vanderloubet.com.br\/deputado\/vander-defende-derrubada-de-veto-a-refis-de-micro-e-pequenas-empresas\/"},"author":{"name":"\u00c9der","@id":"https:\/\/vanderloubet.com.br\/deputado\/#\/schema\/person\/15b51bd564532a8a68d9dec1b8eb890e"},"headline":"Vander defende derrubada de veto a Refis de micro e pequenas empresas","datePublished":"2022-03-09T15:17:06+00:00","dateModified":"2022-03-09T15:19:04+00:00","mainEntityOfPage":{"@id":"https:\/\/vanderloubet.com.br\/deputado\/vander-defende-derrubada-de-veto-a-refis-de-micro-e-pequenas-empresas\/"},"wordCount":504,"publisher":{"@id":"https:\/\/vanderloubet.com.br\/deputado\/#organization"},"image":{"@id":"https:\/\/vanderloubet.com.br\/deputado\/vander-defende-derrubada-de-veto-a-refis-de-micro-e-pequenas-empresas\/#primaryimage"},"thumbnailUrl":"https:\/\/vanderloubet.com.br\/deputado\/wp-content\/uploads\/2022\/03\/foto-2022-03-09-micro-pequeno-empresario.jpg","keywords":["projeto de lei","trabalho e emprego","tributa\u00e7\u00e3o"],"articleSection":["Brasil","Not\u00edcias"],"inLanguage":"pt-BR"},{"@type":"WebPage","@id":"https:\/\/vanderloubet.com.br\/deputado\/vander-defende-derrubada-de-veto-a-refis-de-micro-e-pequenas-empresas\/","url":"https:\/\/vanderloubet.com.br\/deputado\/vander-defende-derrubada-de-veto-a-refis-de-micro-e-pequenas-empresas\/","name":"Vander defende derrubada de veto a Refis de micro e pequenas empresas","isPartOf":{"@id":"https:\/\/vanderloubet.com.br\/deputado\/#website"},"primaryImageOfPage":{"@id":"https:\/\/vanderloubet.com.br\/deputado\/vander-defende-derrubada-de-veto-a-refis-de-micro-e-pequenas-empresas\/#primaryimage"},"image":{"@id":"https:\/\/vanderloubet.com.br\/deputado\/vander-defende-derrubada-de-veto-a-refis-de-micro-e-pequenas-empresas\/#primaryimage"},"thumbnailUrl":"https:\/\/vanderloubet.com.br\/deputado\/wp-content\/uploads\/2022\/03\/foto-2022-03-09-micro-pequeno-empresario.jpg","datePublished":"2022-03-09T15:17:06+00:00","dateModified":"2022-03-09T15:19:04+00:00","description":"\"\u00c9 uma vergonha que esse projeto tenha sido vetado. Mostra o descompromisso do Bolsonaro com micro e pequenos empres\u00e1rios\", afirma o deputado.","breadcrumb":{"@id":"https:\/\/vanderloubet.com.br\/deputado\/vander-defende-derrubada-de-veto-a-refis-de-micro-e-pequenas-empresas\/#breadcrumb"},"inLanguage":"pt-BR","potentialAction":[{"@type":"ReadAction","target":["https:\/\/vanderloubet.com.br\/deputado\/vander-defende-derrubada-de-veto-a-refis-de-micro-e-pequenas-empresas\/"]}]},{"@type":"ImageObject","inLanguage":"pt-BR","@id":"https:\/\/vanderloubet.com.br\/deputado\/vander-defende-derrubada-de-veto-a-refis-de-micro-e-pequenas-empresas\/#primaryimage","url":"https:\/\/vanderloubet.com.br\/deputado\/wp-content\/uploads\/2022\/03\/foto-2022-03-09-micro-pequeno-empresario.jpg","contentUrl":"https:\/\/vanderloubet.com.br\/deputado\/wp-content\/uploads\/2022\/03\/foto-2022-03-09-micro-pequeno-empresario.jpg","width":900,"height":600,"caption":"Vander defende derrubada de veto de Bolsonaro a Refis de micro e pequenas empresas"},{"@type":"BreadcrumbList","@id":"https:\/\/vanderloubet.com.br\/deputado\/vander-defende-derrubada-de-veto-a-refis-de-micro-e-pequenas-empresas\/#breadcrumb","itemListElement":[{"@type":"ListItem","position":1,"name":"In\u00edcio","item":"https:\/\/vanderloubet.com.br\/deputado\/"},{"@type":"ListItem","position":2,"name":"Vander defende derrubada de veto a Refis de micro e pequenas empresas"}]},{"@type":"WebSite","@id":"https:\/\/vanderloubet.com.br\/deputado\/#website","url":"https:\/\/vanderloubet.com.br\/deputado\/","name":"Deputado Federal Vander Loubet","description":"O Federal de MS","publisher":{"@id":"https:\/\/vanderloubet.com.br\/deputado\/#organization"},"alternateName":"Deputado Vander","potentialAction":[{"@type":"SearchAction","target":{"@type":"EntryPoint","urlTemplate":"https:\/\/vanderloubet.com.br\/deputado\/?s={search_term_string}"},"query-input":{"@type":"PropertyValueSpecification","valueRequired":true,"valueName":"search_term_string"}}],"inLanguage":"pt-BR"},{"@type":"Organization","@id":"https:\/\/vanderloubet.com.br\/deputado\/#organization","name":"Deputado Federal Vander Loubet","alternateName":"Deputado Vander","url":"https:\/\/vanderloubet.com.br\/deputado\/","logo":{"@type":"ImageObject","inLanguage":"pt-BR","@id":"https:\/\/vanderloubet.com.br\/deputado\/#\/schema\/logo\/image\/","url":"https:\/\/vanderloubet.com.br\/deputado\/wp-content\/uploads\/2023\/06\/foto-2023-06-19-mandato-deputado-vander.jpg","contentUrl":"https:\/\/vanderloubet.com.br\/deputado\/wp-content\/uploads\/2023\/06\/foto-2023-06-19-mandato-deputado-vander.jpg","width":1080,"height":1080,"caption":"Deputado Federal Vander Loubet"},"image":{"@id":"https:\/\/vanderloubet.com.br\/deputado\/#\/schema\/logo\/image\/"},"sameAs":["https:\/\/facebook.com\/deputadovander","https:\/\/x.com\/vanderloubet","https:\/\/instagram.com\/vanderloubet","https:\/\/youtube.com\/vanderloubet","https:\/\/tiktok.com\/@vanderloubetms"]},{"@type":"Person","@id":"https:\/\/vanderloubet.com.br\/deputado\/#\/schema\/person\/15b51bd564532a8a68d9dec1b8eb890e","name":"\u00c9der","image":{"@type":"ImageObject","inLanguage":"pt-BR","@id":"https:\/\/vanderloubet.com.br\/deputado\/wp-content\/litespeed\/avatar\/88ca4090d9d5ab1c9495f6ca03b68efa.jpg?ver=1777058957","url":"https:\/\/vanderloubet.com.br\/deputado\/wp-content\/litespeed\/avatar\/88ca4090d9d5ab1c9495f6ca03b68efa.jpg?ver=1777058957","contentUrl":"https:\/\/vanderloubet.com.br\/deputado\/wp-content\/litespeed\/avatar\/88ca4090d9d5ab1c9495f6ca03b68efa.jpg?ver=1777058957","caption":"\u00c9der"}}]}},"jetpack_featured_media_url":"https:\/\/vanderloubet.com.br\/deputado\/wp-content\/uploads\/2022\/03\/foto-2022-03-09-micro-pequeno-empresario.jpg","jetpack_sharing_enabled":true,"_links":{"self":[{"href":"https:\/\/vanderloubet.com.br\/deputado\/wp-json\/wp\/v2\/posts\/17556","targetHints":{"allow":["GET"]}}],"collection":[{"href":"https:\/\/vanderloubet.com.br\/deputado\/wp-json\/wp\/v2\/posts"}],"about":[{"href":"https:\/\/vanderloubet.com.br\/deputado\/wp-json\/wp\/v2\/types\/post"}],"author":[{"embeddable":true,"href":"https:\/\/vanderloubet.com.br\/deputado\/wp-json\/wp\/v2\/users\/2"}],"replies":[{"embeddable":true,"href":"https:\/\/vanderloubet.com.br\/deputado\/wp-json\/wp\/v2\/comments?post=17556"}],"version-history":[{"count":0,"href":"https:\/\/vanderloubet.com.br\/deputado\/wp-json\/wp\/v2\/posts\/17556\/revisions"}],"wp:featuredmedia":[{"embeddable":true,"href":"https:\/\/vanderloubet.com.br\/deputado\/wp-json\/wp\/v2\/media\/17557"}],"wp:attachment":[{"href":"https:\/\/vanderloubet.com.br\/deputado\/wp-json\/wp\/v2\/media?parent=17556"}],"wp:term":[{"taxonomy":"category","embeddable":true,"href":"https:\/\/vanderloubet.com.br\/deputado\/wp-json\/wp\/v2\/categories?post=17556"},{"taxonomy":"post_tag","embeddable":true,"href":"https:\/\/vanderloubet.com.br\/deputado\/wp-json\/wp\/v2\/tags?post=17556"}],"curies":[{"name":"wp","href":"https:\/\/api.w.org\/{rel}","templated":true}]}}