{"id":17527,"date":"2022-02-23T13:36:56","date_gmt":"2022-02-23T17:36:56","guid":{"rendered":"https:\/\/vanderloubet.com.br\/deputado\/?p=17527"},"modified":"2022-02-23T13:36:56","modified_gmt":"2022-02-23T17:36:56","slug":"vander-defende-lei-paulo-gustavo-que-garante-recursos-para-a-cultura","status":"publish","type":"post","link":"https:\/\/vanderloubet.com.br\/deputado\/vander-defende-lei-paulo-gustavo-que-garante-recursos-para-a-cultura\/","title":{"rendered":"Vander defende Lei Paulo Gustavo, que garante recursos para a cultura"},"content":{"rendered":"<p>Est\u00e1 para ser votada no plen\u00e1rio da C\u00e2mara dos Deputados a &#8220;Lei Paulo Gustavo&#8221; (Projeto de Lei Complementar &#8211; PLP 73\/2021), proposta pelos senadores do Partido dos Trabalhadores (PT), que tem como objetivo socorrer o setor cultural. O deputado federal Vander Loubet (PT-MS) defende que a mat\u00e9ria seja pauta o mais breve poss\u00edvel, para que possa atingir seus fins plenamente.<\/p>\n<p>&#8220;A pandemia de Covid-19 castigou diversos setores da economia e um dos mais afetados foi a cultura, afinal, \u00e9 um setor que depende de atividades com p\u00fablico. Por isso, \u00e9 fundamental que a gente garanta na C\u00e2mara a aprova\u00e7\u00e3o dessa lei, que vai ajudar milh\u00f5es de pessoas que dependem da cultura no Brasil&#8221;, destaca.<\/p>\n<p>A aprova\u00e7\u00e3o da Lei Paulo Gustavo no Senado, no ano passado, s\u00f3 foi poss\u00edvel gra\u00e7as \u00e0 mobiliza\u00e7\u00e3o de artistas e representantes de diversos segmentos da cultura. A expectativa \u00e9 que com a aprova\u00e7\u00e3o e promulga\u00e7\u00e3o da Lei, Mato Grosso do Sul seja beneficiado com R$ 27.630.081, dos quais R$ 6.895.016 devem chegar a Campo Grande.<\/p>\n<p><strong>Recurso j\u00e1 existe<\/strong> &#8211; A Lei Paulo Gustavo vai possibilitar a maior transfer\u00eancia de recursos p\u00fablicos de todos os tempos para a cultura: R$ 3,8 bilh\u00f5es para socorrer um dos setores mais afetados pela pandemia.<\/p>\n<p>A proposta \u00e9 simples: o dinheiro j\u00e1 existe e tem origem no super\u00e1vit financeiro do Fundo Nacional de Cultura (FNC) e no Fundo Setorial de Audiovisual (FSA). &#8220;Ou seja, s\u00e3o recursos que em outros anos foram destinados a esses fundos e que n\u00e3o foram executados ou foram contingenciados. Com a aprova\u00e7\u00e3o definitiva da lei, os recursos poder\u00e3o ser repassados para os estados e munic\u00edpios&#8221;, explica o deputado Vander.<\/p>\n<p>O impacto para o setor cultural ser\u00e1 enorme: al\u00e9m dos recursos serem descentralizados para chegar a todos os cantos do pa\u00eds, estima-se que a lei alcance cerca de 5 milh\u00f5es de trabalhadores e trabalhadoras da cultura.<\/p>\n<p>O cinema vai receber a maior parte dos recursos (R$ 2,8 bilh\u00f5es) por conta do FSA. O dinheiro dever\u00e1 ser utilizado para apoiar produ\u00e7\u00f5es audiovisuais, salas de exibi\u00e7\u00e3o, cineclubes, mostras, festivais e a\u00e7\u00f5es de capacita\u00e7\u00e3o. O restante (R$ 1,06 bilh\u00e3o do FNC) vai para as demais \u00e1reas da cultura. Ningu\u00e9m vai ficar de fora. Na lista est\u00e3o, por exemplo, artes visuais, m\u00fasica, teatro, dan\u00e7a, circo, livros, arte digital, artes cl\u00e1ssicas, artesanato, dan\u00e7a, cultura hip hop e funk, express\u00f5es art\u00edsticas culturais afro-brasileiras, culturas dos povos ind\u00edgenas e n\u00f4mades e de quilombolas, coletivos culturais n\u00e3o-formalizados, carnaval, escolas de samba, bandas e blocos carnavalescos.<\/p>\n<p><strong>Rir \u00e9 um ato de resist\u00eancia<\/strong> &#8211; O PLP 73\/2021 foi batizado de Lei Paulo Gustavo em homenagem ao ator, diretor, roteirista, apresentador e humorista, que morreu aos 42 anos, em maio de 2021, depois de quase dois meses internado por causa da Covid-19, uma doen\u00e7a para a qual j\u00e1 havia vacina.<\/p>\n<p>Para os senadores do PT, autores da proposta, \u00e9 uma justa homenagem para uma lei que vai ajudar todo o universo cultural brasileiro em um momento t\u00e3o dif\u00edcil pelo qual o pa\u00eds atravessa, j\u00e1 que Paulo Gustavo era conhecido como um exemplo de solidariedade ao pr\u00f3ximo e aos mais necessitados. \u00c9 do ator a famosa frase &#8220;rir \u00e9 um ato de resist\u00eancia\u201d, dita em uma de suas \u00faltimas apari\u00e7\u00f5es na televis\u00e3o.<\/p>\n","protected":false},"excerpt":{"rendered":"<p>Aprova\u00e7\u00e3o e promulga\u00e7\u00e3o da Lei (PLP 73\/2021) podem beneficiar setor cultural de Mato Grosso do Sul com R$ 27,6 milh\u00f5es.<\/p>\n","protected":false},"author":2,"featured_media":17528,"comment_status":"closed","ping_status":"closed","sticky":false,"template":"","format":"standard","meta":{"jetpack_post_was_ever_published":false,"_jetpack_newsletter_access":"","_jetpack_dont_email_post_to_subs":false,"_jetpack_newsletter_tier_id":0,"_jetpack_memberships_contains_paywalled_content":false,"_jetpack_memberships_contains_paid_content":false,"footnotes":""},"categories":[2098,10],"tags":[562,2222,1655],"class_list":{"0":"post-17527","1":"post","2":"type-post","3":"status-publish","4":"format-standard","5":"has-post-thumbnail","7":"category-brasil-noticias","8":"category-noticias","9":"tag-cultura","10":"tag-projeto-de-lei-complementar","11":"tag-pt"},"yoast_head":"<!-- This site is optimized with the Yoast SEO plugin v27.4 - https:\/\/yoast.com\/product\/yoast-seo-wordpress\/ -->\n<title>Vander defende Lei Paulo Gustavo, que garante recursos para a cultura<\/title>\n<meta name=\"description\" content=\"Aprova\u00e7\u00e3o e promulga\u00e7\u00e3o da Lei (PLP 73\/2021) podem beneficiar setor cultural de Mato Grosso do Sul com R$ 27,6 milh\u00f5es.\" \/>\n<meta name=\"robots\" content=\"index, follow, max-snippet:-1, max-image-preview:large, max-video-preview:-1\" \/>\n<link rel=\"canonical\" href=\"https:\/\/vanderloubet.com.br\/deputado\/vander-defende-lei-paulo-gustavo-que-garante-recursos-para-a-cultura\/\" \/>\n<meta property=\"og:locale\" content=\"pt_BR\" \/>\n<meta property=\"og:type\" content=\"article\" \/>\n<meta property=\"og:title\" content=\"Vander defende Lei Paulo Gustavo, que garante recursos para a cultura\" \/>\n<meta property=\"og:description\" content=\"Aprova\u00e7\u00e3o e promulga\u00e7\u00e3o da Lei (PLP 73\/2021) podem beneficiar setor cultural de Mato Grosso do Sul com R$ 27,6 milh\u00f5es.\" \/>\n<meta property=\"og:url\" content=\"https:\/\/vanderloubet.com.br\/deputado\/vander-defende-lei-paulo-gustavo-que-garante-recursos-para-a-cultura\/\" \/>\n<meta property=\"og:site_name\" content=\"Deputado Federal Vander Loubet\" \/>\n<meta property=\"article:publisher\" content=\"https:\/\/facebook.com\/deputadovander\" \/>\n<meta property=\"article:published_time\" content=\"2022-02-23T17:36:56+00:00\" \/>\n<meta property=\"og:image\" content=\"https:\/\/vanderloubet.com.br\/deputado\/wp-content\/uploads\/2022\/02\/foto-2022-02-23-lei-paulo-gustavo.jpg\" \/>\n\t<meta property=\"og:image:width\" content=\"900\" \/>\n\t<meta property=\"og:image:height\" content=\"600\" \/>\n\t<meta property=\"og:image:type\" content=\"image\/jpeg\" \/>\n<meta name=\"author\" content=\"\u00c9der\" \/>\n<meta name=\"twitter:card\" content=\"summary_large_image\" \/>\n<meta name=\"twitter:creator\" content=\"@vanderloubet\" \/>\n<meta name=\"twitter:site\" content=\"@vanderloubet\" \/>\n<script type=\"application\/ld+json\" class=\"yoast-schema-graph\">{\"@context\":\"https:\\\/\\\/schema.org\",\"@graph\":[{\"@type\":\"Article\",\"@id\":\"https:\\\/\\\/vanderloubet.com.br\\\/deputado\\\/vander-defende-lei-paulo-gustavo-que-garante-recursos-para-a-cultura\\\/#article\",\"isPartOf\":{\"@id\":\"https:\\\/\\\/vanderloubet.com.br\\\/deputado\\\/vander-defende-lei-paulo-gustavo-que-garante-recursos-para-a-cultura\\\/\"},\"author\":{\"name\":\"\u00c9der\",\"@id\":\"https:\\\/\\\/vanderloubet.com.br\\\/deputado\\\/#\\\/schema\\\/person\\\/15b51bd564532a8a68d9dec1b8eb890e\"},\"headline\":\"Vander defende Lei Paulo Gustavo, que garante recursos para a cultura\",\"datePublished\":\"2022-02-23T17:36:56+00:00\",\"mainEntityOfPage\":{\"@id\":\"https:\\\/\\\/vanderloubet.com.br\\\/deputado\\\/vander-defende-lei-paulo-gustavo-que-garante-recursos-para-a-cultura\\\/\"},\"wordCount\":576,\"publisher\":{\"@id\":\"https:\\\/\\\/vanderloubet.com.br\\\/deputado\\\/#organization\"},\"image\":{\"@id\":\"https:\\\/\\\/vanderloubet.com.br\\\/deputado\\\/vander-defende-lei-paulo-gustavo-que-garante-recursos-para-a-cultura\\\/#primaryimage\"},\"thumbnailUrl\":\"https:\\\/\\\/vanderloubet.com.br\\\/deputado\\\/wp-content\\\/uploads\\\/2022\\\/02\\\/foto-2022-02-23-lei-paulo-gustavo.jpg\",\"keywords\":[\"cultura\",\"projeto de lei complementar\",\"PT\"],\"articleSection\":[\"Brasil\",\"Not\u00edcias\"],\"inLanguage\":\"pt-BR\"},{\"@type\":\"WebPage\",\"@id\":\"https:\\\/\\\/vanderloubet.com.br\\\/deputado\\\/vander-defende-lei-paulo-gustavo-que-garante-recursos-para-a-cultura\\\/\",\"url\":\"https:\\\/\\\/vanderloubet.com.br\\\/deputado\\\/vander-defende-lei-paulo-gustavo-que-garante-recursos-para-a-cultura\\\/\",\"name\":\"Vander defende Lei Paulo Gustavo, que garante recursos para a cultura\",\"isPartOf\":{\"@id\":\"https:\\\/\\\/vanderloubet.com.br\\\/deputado\\\/#website\"},\"primaryImageOfPage\":{\"@id\":\"https:\\\/\\\/vanderloubet.com.br\\\/deputado\\\/vander-defende-lei-paulo-gustavo-que-garante-recursos-para-a-cultura\\\/#primaryimage\"},\"image\":{\"@id\":\"https:\\\/\\\/vanderloubet.com.br\\\/deputado\\\/vander-defende-lei-paulo-gustavo-que-garante-recursos-para-a-cultura\\\/#primaryimage\"},\"thumbnailUrl\":\"https:\\\/\\\/vanderloubet.com.br\\\/deputado\\\/wp-content\\\/uploads\\\/2022\\\/02\\\/foto-2022-02-23-lei-paulo-gustavo.jpg\",\"datePublished\":\"2022-02-23T17:36:56+00:00\",\"description\":\"Aprova\u00e7\u00e3o e promulga\u00e7\u00e3o da Lei (PLP 73\\\/2021) podem beneficiar setor cultural de Mato Grosso do Sul com R$ 27,6 milh\u00f5es.\",\"breadcrumb\":{\"@id\":\"https:\\\/\\\/vanderloubet.com.br\\\/deputado\\\/vander-defende-lei-paulo-gustavo-que-garante-recursos-para-a-cultura\\\/#breadcrumb\"},\"inLanguage\":\"pt-BR\",\"potentialAction\":[{\"@type\":\"ReadAction\",\"target\":[\"https:\\\/\\\/vanderloubet.com.br\\\/deputado\\\/vander-defende-lei-paulo-gustavo-que-garante-recursos-para-a-cultura\\\/\"]}]},{\"@type\":\"ImageObject\",\"inLanguage\":\"pt-BR\",\"@id\":\"https:\\\/\\\/vanderloubet.com.br\\\/deputado\\\/vander-defende-lei-paulo-gustavo-que-garante-recursos-para-a-cultura\\\/#primaryimage\",\"url\":\"https:\\\/\\\/vanderloubet.com.br\\\/deputado\\\/wp-content\\\/uploads\\\/2022\\\/02\\\/foto-2022-02-23-lei-paulo-gustavo.jpg\",\"contentUrl\":\"https:\\\/\\\/vanderloubet.com.br\\\/deputado\\\/wp-content\\\/uploads\\\/2022\\\/02\\\/foto-2022-02-23-lei-paulo-gustavo.jpg\",\"width\":900,\"height\":600,\"caption\":\"Vander defende Lei Paulo Gustavo, que garante recursos para a cultura\"},{\"@type\":\"BreadcrumbList\",\"@id\":\"https:\\\/\\\/vanderloubet.com.br\\\/deputado\\\/vander-defende-lei-paulo-gustavo-que-garante-recursos-para-a-cultura\\\/#breadcrumb\",\"itemListElement\":[{\"@type\":\"ListItem\",\"position\":1,\"name\":\"In\u00edcio\",\"item\":\"https:\\\/\\\/vanderloubet.com.br\\\/deputado\\\/\"},{\"@type\":\"ListItem\",\"position\":2,\"name\":\"Vander defende Lei Paulo Gustavo, que garante recursos para a cultura\"}]},{\"@type\":\"WebSite\",\"@id\":\"https:\\\/\\\/vanderloubet.com.br\\\/deputado\\\/#website\",\"url\":\"https:\\\/\\\/vanderloubet.com.br\\\/deputado\\\/\",\"name\":\"Deputado Federal Vander Loubet\",\"description\":\"O Federal de MS\",\"publisher\":{\"@id\":\"https:\\\/\\\/vanderloubet.com.br\\\/deputado\\\/#organization\"},\"alternateName\":\"Deputado Vander\",\"potentialAction\":[{\"@type\":\"SearchAction\",\"target\":{\"@type\":\"EntryPoint\",\"urlTemplate\":\"https:\\\/\\\/vanderloubet.com.br\\\/deputado\\\/?s={search_term_string}\"},\"query-input\":{\"@type\":\"PropertyValueSpecification\",\"valueRequired\":true,\"valueName\":\"search_term_string\"}}],\"inLanguage\":\"pt-BR\"},{\"@type\":\"Organization\",\"@id\":\"https:\\\/\\\/vanderloubet.com.br\\\/deputado\\\/#organization\",\"name\":\"Deputado Federal Vander Loubet\",\"alternateName\":\"Deputado Vander\",\"url\":\"https:\\\/\\\/vanderloubet.com.br\\\/deputado\\\/\",\"logo\":{\"@type\":\"ImageObject\",\"inLanguage\":\"pt-BR\",\"@id\":\"https:\\\/\\\/vanderloubet.com.br\\\/deputado\\\/#\\\/schema\\\/logo\\\/image\\\/\",\"url\":\"https:\\\/\\\/vanderloubet.com.br\\\/deputado\\\/wp-content\\\/uploads\\\/2023\\\/06\\\/foto-2023-06-19-mandato-deputado-vander.jpg\",\"contentUrl\":\"https:\\\/\\\/vanderloubet.com.br\\\/deputado\\\/wp-content\\\/uploads\\\/2023\\\/06\\\/foto-2023-06-19-mandato-deputado-vander.jpg\",\"width\":1080,\"height\":1080,\"caption\":\"Deputado Federal Vander Loubet\"},\"image\":{\"@id\":\"https:\\\/\\\/vanderloubet.com.br\\\/deputado\\\/#\\\/schema\\\/logo\\\/image\\\/\"},\"sameAs\":[\"https:\\\/\\\/facebook.com\\\/deputadovander\",\"https:\\\/\\\/x.com\\\/vanderloubet\",\"https:\\\/\\\/instagram.com\\\/vanderloubet\",\"https:\\\/\\\/youtube.com\\\/vanderloubet\",\"https:\\\/\\\/tiktok.com\\\/@vanderloubetms\"]},{\"@type\":\"Person\",\"@id\":\"https:\\\/\\\/vanderloubet.com.br\\\/deputado\\\/#\\\/schema\\\/person\\\/15b51bd564532a8a68d9dec1b8eb890e\",\"name\":\"\u00c9der\",\"image\":{\"@type\":\"ImageObject\",\"inLanguage\":\"pt-BR\",\"@id\":\"https:\\\/\\\/vanderloubet.com.br\\\/deputado\\\/wp-content\\\/litespeed\\\/avatar\\\/88ca4090d9d5ab1c9495f6ca03b68efa.jpg?ver=1777058957\",\"url\":\"https:\\\/\\\/vanderloubet.com.br\\\/deputado\\\/wp-content\\\/litespeed\\\/avatar\\\/88ca4090d9d5ab1c9495f6ca03b68efa.jpg?ver=1777058957\",\"contentUrl\":\"https:\\\/\\\/vanderloubet.com.br\\\/deputado\\\/wp-content\\\/litespeed\\\/avatar\\\/88ca4090d9d5ab1c9495f6ca03b68efa.jpg?ver=1777058957\",\"caption\":\"\u00c9der\"}}]}<\/script>\n<!-- \/ Yoast SEO plugin. -->","yoast_head_json":{"title":"Vander defende Lei Paulo Gustavo, que garante recursos para a cultura","description":"Aprova\u00e7\u00e3o e promulga\u00e7\u00e3o da Lei (PLP 73\/2021) podem beneficiar setor cultural de Mato Grosso do Sul com R$ 27,6 milh\u00f5es.","robots":{"index":"index","follow":"follow","max-snippet":"max-snippet:-1","max-image-preview":"max-image-preview:large","max-video-preview":"max-video-preview:-1"},"canonical":"https:\/\/vanderloubet.com.br\/deputado\/vander-defende-lei-paulo-gustavo-que-garante-recursos-para-a-cultura\/","og_locale":"pt_BR","og_type":"article","og_title":"Vander defende Lei Paulo Gustavo, que garante recursos para a cultura","og_description":"Aprova\u00e7\u00e3o e promulga\u00e7\u00e3o da Lei (PLP 73\/2021) podem beneficiar setor cultural de Mato Grosso do Sul com R$ 27,6 milh\u00f5es.","og_url":"https:\/\/vanderloubet.com.br\/deputado\/vander-defende-lei-paulo-gustavo-que-garante-recursos-para-a-cultura\/","og_site_name":"Deputado Federal Vander Loubet","article_publisher":"https:\/\/facebook.com\/deputadovander","article_published_time":"2022-02-23T17:36:56+00:00","og_image":[{"width":900,"height":600,"url":"https:\/\/vanderloubet.com.br\/deputado\/wp-content\/uploads\/2022\/02\/foto-2022-02-23-lei-paulo-gustavo.jpg","type":"image\/jpeg"}],"author":"\u00c9der","twitter_card":"summary_large_image","twitter_creator":"@vanderloubet","twitter_site":"@vanderloubet","schema":{"@context":"https:\/\/schema.org","@graph":[{"@type":"Article","@id":"https:\/\/vanderloubet.com.br\/deputado\/vander-defende-lei-paulo-gustavo-que-garante-recursos-para-a-cultura\/#article","isPartOf":{"@id":"https:\/\/vanderloubet.com.br\/deputado\/vander-defende-lei-paulo-gustavo-que-garante-recursos-para-a-cultura\/"},"author":{"name":"\u00c9der","@id":"https:\/\/vanderloubet.com.br\/deputado\/#\/schema\/person\/15b51bd564532a8a68d9dec1b8eb890e"},"headline":"Vander defende Lei Paulo Gustavo, que garante recursos para a cultura","datePublished":"2022-02-23T17:36:56+00:00","mainEntityOfPage":{"@id":"https:\/\/vanderloubet.com.br\/deputado\/vander-defende-lei-paulo-gustavo-que-garante-recursos-para-a-cultura\/"},"wordCount":576,"publisher":{"@id":"https:\/\/vanderloubet.com.br\/deputado\/#organization"},"image":{"@id":"https:\/\/vanderloubet.com.br\/deputado\/vander-defende-lei-paulo-gustavo-que-garante-recursos-para-a-cultura\/#primaryimage"},"thumbnailUrl":"https:\/\/vanderloubet.com.br\/deputado\/wp-content\/uploads\/2022\/02\/foto-2022-02-23-lei-paulo-gustavo.jpg","keywords":["cultura","projeto de lei complementar","PT"],"articleSection":["Brasil","Not\u00edcias"],"inLanguage":"pt-BR"},{"@type":"WebPage","@id":"https:\/\/vanderloubet.com.br\/deputado\/vander-defende-lei-paulo-gustavo-que-garante-recursos-para-a-cultura\/","url":"https:\/\/vanderloubet.com.br\/deputado\/vander-defende-lei-paulo-gustavo-que-garante-recursos-para-a-cultura\/","name":"Vander defende Lei Paulo Gustavo, que garante recursos para a cultura","isPartOf":{"@id":"https:\/\/vanderloubet.com.br\/deputado\/#website"},"primaryImageOfPage":{"@id":"https:\/\/vanderloubet.com.br\/deputado\/vander-defende-lei-paulo-gustavo-que-garante-recursos-para-a-cultura\/#primaryimage"},"image":{"@id":"https:\/\/vanderloubet.com.br\/deputado\/vander-defende-lei-paulo-gustavo-que-garante-recursos-para-a-cultura\/#primaryimage"},"thumbnailUrl":"https:\/\/vanderloubet.com.br\/deputado\/wp-content\/uploads\/2022\/02\/foto-2022-02-23-lei-paulo-gustavo.jpg","datePublished":"2022-02-23T17:36:56+00:00","description":"Aprova\u00e7\u00e3o e promulga\u00e7\u00e3o da Lei (PLP 73\/2021) podem beneficiar setor cultural de Mato Grosso do Sul com R$ 27,6 milh\u00f5es.","breadcrumb":{"@id":"https:\/\/vanderloubet.com.br\/deputado\/vander-defende-lei-paulo-gustavo-que-garante-recursos-para-a-cultura\/#breadcrumb"},"inLanguage":"pt-BR","potentialAction":[{"@type":"ReadAction","target":["https:\/\/vanderloubet.com.br\/deputado\/vander-defende-lei-paulo-gustavo-que-garante-recursos-para-a-cultura\/"]}]},{"@type":"ImageObject","inLanguage":"pt-BR","@id":"https:\/\/vanderloubet.com.br\/deputado\/vander-defende-lei-paulo-gustavo-que-garante-recursos-para-a-cultura\/#primaryimage","url":"https:\/\/vanderloubet.com.br\/deputado\/wp-content\/uploads\/2022\/02\/foto-2022-02-23-lei-paulo-gustavo.jpg","contentUrl":"https:\/\/vanderloubet.com.br\/deputado\/wp-content\/uploads\/2022\/02\/foto-2022-02-23-lei-paulo-gustavo.jpg","width":900,"height":600,"caption":"Vander defende Lei Paulo Gustavo, que garante recursos para a cultura"},{"@type":"BreadcrumbList","@id":"https:\/\/vanderloubet.com.br\/deputado\/vander-defende-lei-paulo-gustavo-que-garante-recursos-para-a-cultura\/#breadcrumb","itemListElement":[{"@type":"ListItem","position":1,"name":"In\u00edcio","item":"https:\/\/vanderloubet.com.br\/deputado\/"},{"@type":"ListItem","position":2,"name":"Vander defende Lei Paulo Gustavo, que garante recursos para a cultura"}]},{"@type":"WebSite","@id":"https:\/\/vanderloubet.com.br\/deputado\/#website","url":"https:\/\/vanderloubet.com.br\/deputado\/","name":"Deputado Federal Vander Loubet","description":"O Federal de MS","publisher":{"@id":"https:\/\/vanderloubet.com.br\/deputado\/#organization"},"alternateName":"Deputado Vander","potentialAction":[{"@type":"SearchAction","target":{"@type":"EntryPoint","urlTemplate":"https:\/\/vanderloubet.com.br\/deputado\/?s={search_term_string}"},"query-input":{"@type":"PropertyValueSpecification","valueRequired":true,"valueName":"search_term_string"}}],"inLanguage":"pt-BR"},{"@type":"Organization","@id":"https:\/\/vanderloubet.com.br\/deputado\/#organization","name":"Deputado Federal Vander Loubet","alternateName":"Deputado Vander","url":"https:\/\/vanderloubet.com.br\/deputado\/","logo":{"@type":"ImageObject","inLanguage":"pt-BR","@id":"https:\/\/vanderloubet.com.br\/deputado\/#\/schema\/logo\/image\/","url":"https:\/\/vanderloubet.com.br\/deputado\/wp-content\/uploads\/2023\/06\/foto-2023-06-19-mandato-deputado-vander.jpg","contentUrl":"https:\/\/vanderloubet.com.br\/deputado\/wp-content\/uploads\/2023\/06\/foto-2023-06-19-mandato-deputado-vander.jpg","width":1080,"height":1080,"caption":"Deputado Federal Vander Loubet"},"image":{"@id":"https:\/\/vanderloubet.com.br\/deputado\/#\/schema\/logo\/image\/"},"sameAs":["https:\/\/facebook.com\/deputadovander","https:\/\/x.com\/vanderloubet","https:\/\/instagram.com\/vanderloubet","https:\/\/youtube.com\/vanderloubet","https:\/\/tiktok.com\/@vanderloubetms"]},{"@type":"Person","@id":"https:\/\/vanderloubet.com.br\/deputado\/#\/schema\/person\/15b51bd564532a8a68d9dec1b8eb890e","name":"\u00c9der","image":{"@type":"ImageObject","inLanguage":"pt-BR","@id":"https:\/\/vanderloubet.com.br\/deputado\/wp-content\/litespeed\/avatar\/88ca4090d9d5ab1c9495f6ca03b68efa.jpg?ver=1777058957","url":"https:\/\/vanderloubet.com.br\/deputado\/wp-content\/litespeed\/avatar\/88ca4090d9d5ab1c9495f6ca03b68efa.jpg?ver=1777058957","contentUrl":"https:\/\/vanderloubet.com.br\/deputado\/wp-content\/litespeed\/avatar\/88ca4090d9d5ab1c9495f6ca03b68efa.jpg?ver=1777058957","caption":"\u00c9der"}}]}},"jetpack_featured_media_url":"https:\/\/vanderloubet.com.br\/deputado\/wp-content\/uploads\/2022\/02\/foto-2022-02-23-lei-paulo-gustavo.jpg","jetpack_sharing_enabled":true,"_links":{"self":[{"href":"https:\/\/vanderloubet.com.br\/deputado\/wp-json\/wp\/v2\/posts\/17527","targetHints":{"allow":["GET"]}}],"collection":[{"href":"https:\/\/vanderloubet.com.br\/deputado\/wp-json\/wp\/v2\/posts"}],"about":[{"href":"https:\/\/vanderloubet.com.br\/deputado\/wp-json\/wp\/v2\/types\/post"}],"author":[{"embeddable":true,"href":"https:\/\/vanderloubet.com.br\/deputado\/wp-json\/wp\/v2\/users\/2"}],"replies":[{"embeddable":true,"href":"https:\/\/vanderloubet.com.br\/deputado\/wp-json\/wp\/v2\/comments?post=17527"}],"version-history":[{"count":0,"href":"https:\/\/vanderloubet.com.br\/deputado\/wp-json\/wp\/v2\/posts\/17527\/revisions"}],"wp:featuredmedia":[{"embeddable":true,"href":"https:\/\/vanderloubet.com.br\/deputado\/wp-json\/wp\/v2\/media\/17528"}],"wp:attachment":[{"href":"https:\/\/vanderloubet.com.br\/deputado\/wp-json\/wp\/v2\/media?parent=17527"}],"wp:term":[{"taxonomy":"category","embeddable":true,"href":"https:\/\/vanderloubet.com.br\/deputado\/wp-json\/wp\/v2\/categories?post=17527"},{"taxonomy":"post_tag","embeddable":true,"href":"https:\/\/vanderloubet.com.br\/deputado\/wp-json\/wp\/v2\/tags?post=17527"}],"curies":[{"name":"wp","href":"https:\/\/api.w.org\/{rel}","templated":true}]}}