{"id":17517,"date":"2022-02-16T16:46:34","date_gmt":"2022-02-16T20:46:34","guid":{"rendered":"https:\/\/vanderloubet.com.br\/deputado\/?p=17517"},"modified":"2023-04-12T10:51:22","modified_gmt":"2023-04-12T14:51:22","slug":"acao-de-vander-e-da-bancada-garante-equipamentos-para-bombeiros-de-ms","status":"publish","type":"post","link":"https:\/\/vanderloubet.com.br\/deputado\/acao-de-vander-e-da-bancada-garante-equipamentos-para-bombeiros-de-ms\/","title":{"rendered":"A\u00e7\u00e3o de Vander e da bancada garante equipamentos para bombeiros de MS"},"content":{"rendered":"<p>Na \u00faltima segunda-feira (14), o Governo do Estado entregou diversos equipamentos para fortalecer o trabalho do Corpo de Bombeiros Militar (CBM) em Mato Grosso do Sul, dentre eles aeronaves, viaturas e embarca\u00e7\u00f5es de combate a inc\u00eandios florestais, investimento avaliado em R$ 56,6 milh\u00f5es.<\/p>\n<p>A bancada federal colaborou com esse investimento, sendo respons\u00e1vel por R$ 1.178.913,00, usados na compra de cinco caminhonetes de auto salvamento e duas lanchas com reboque.<\/p>\n<p>Um dos respons\u00e1veis por articular a destina\u00e7\u00e3o de emendas de bancada para o Estado, o deputado federal Vander Loubet, de Bras\u00edlia, comemorou a entrega dos equipamentos e destacou a import\u00e2ncia da bancada federal. &#8220;Desde 2015, quando eu era o coordenador da bancada, os deputados e senadores t\u00eam se empenhado em conjunto para atender as demandas do Governo do Estado, que tamb\u00e9m tem sido parceiro no reconhecimento da atua\u00e7\u00e3o da bancada&#8221;, frisou.<\/p>\n<p>Das cinco caminhonetes, quatro ficar\u00e3o no 1\u00ba e 6\u00b0 Grupamento de Bombeiros Militar (GBM) de Campo Grande e uma no 3\u00b0 GBM de Corumb\u00e1. Os ve\u00edculos ser\u00e3o utilizados para o transporte das equipes de combate a inc\u00eandios florestais, al\u00e9m de possibilitar o reboque de embarca\u00e7\u00f5es e transportes de kits de inc\u00eandio que possuem motobomba. As unidades tamb\u00e9m t\u00eam reservat\u00f3rio de \u00e1gua, que poder\u00e1 ser usado durante as a\u00e7\u00f5es. Para a aquisi\u00e7\u00e3o, foram destinados R$ 930 mil. <\/p>\n<p>J\u00e1 as lanchas ficar\u00e3o nos munic\u00edpios de Corumb\u00e1 e Coxim e poder\u00e3o ser utilizadas para o transporte das tropas para os locais de inc\u00eandio, o que aumentar\u00e1 a efetividade dos servi\u00e7os. Cada embarca\u00e7\u00e3o suporta at\u00e9 16 bombeiros sentados que, al\u00e9m das miss\u00f5es de combate a queimadas, poder\u00e3o usar os ve\u00edculos no apoio a mergulhos, resgates, transporte de pessoas em enchentes e atendimentos \u00e0s comunidades ribeirinhas. Foram investidos R$ 248 mil. <\/p>\n<p>&#8220;\u00c9 a primeira vez que o CBM recebe essa quantia expressiva de verbas que tem recebido da bancada. Isso mostra que nossos deputados e senadores est\u00e3o tendo um olhar especial com a seguran\u00e7a p\u00fablica oferecida \u00e0 popula\u00e7\u00e3o&#8221;, pontuou o deputado Vander. <\/p>\n<p>Foram entregues ainda pelo Estado um avi\u00e3o de combate a inc\u00eandios (Air Tractor AT-802F), um caminh\u00e3o de auto transporte de combust\u00edvel, dois barcos multifuncionais com reboque, al\u00e9m de outras 20 caminhonetes de auto salvamento e mais tr\u00eas lanchas com reboque. <\/p>\n<p>A meta com os investimentos \u00e9 melhorar a log\u00edstica de combate aos inc\u00eandios no Pantanal, que todos os anos t\u00eam maiores indicadores no segundo semestre e castigam a fauna e a flora do bioma.<\/p>\n<p><em>Texto: Alex Nantes e \u00c9der F. Yanaguita\/Ascom Dep. Vander<\/em><br \/>\n<em>Fotos: Chico Ribeiro\/GOVMS<\/em><\/p>\n\r\n                <style type=\"text\/css\">\r\n                    \r\n                    #tdi_1  .td-doubleSlider-2 .td-item1 {\r\n                        background: url(https:\/\/vanderloubet.com.br\/deputado\/wp-content\/uploads\/2022\/02\/foto-2022-02-14-equipamentos-bombeiros-04-80x60.jpg) 0 0 no-repeat;\r\n                    }\r\n                    #tdi_1  .td-doubleSlider-2 .td-item2 {\r\n                        background: url(https:\/\/vanderloubet.com.br\/deputado\/wp-content\/uploads\/2022\/02\/foto-2022-02-14-equipamentos-bombeiros-03-80x60.jpg) 0 0 no-repeat;\r\n                    }\r\n                    #tdi_1  .td-doubleSlider-2 .td-item3 {\r\n                        background: url(https:\/\/vanderloubet.com.br\/deputado\/wp-content\/uploads\/2022\/02\/foto-2022-02-14-equipamentos-bombeiros-02-80x60.jpg) 0 0 no-repeat;\r\n                    }\r\n                    #tdi_1  .td-doubleSlider-2 .td-item4 {\r\n                        background: url(https:\/\/vanderloubet.com.br\/deputado\/wp-content\/uploads\/2022\/02\/foto-2022-02-14-equipamentos-bombeiros-01-80x60.jpg) 0 0 no-repeat;\r\n                    }\r\n                <\/style>\r\n\r\n                <div id=\"tdi_1\" class=\"td-gallery td-slide-on-2-columns\">\r\n                    <div class=\"post_td_gallery\">\r\n                        <div class=\"td-gallery-slide-top\">\r\n                           <div class=\"td-gallery-title\"><\/div>\r\n\r\n                            <div class=\"td-gallery-controls-wrapper\">\r\n                                <div class=\"td-gallery-slide-count\"><span class=\"td-gallery-slide-item-focus\">1<\/span> de 4<\/div>\r\n                                <div class=\"td-gallery-slide-prev-next-but\">\r\n                                    <i class = \"td-icon-left doubleSliderPrevButton\"><\/i>\r\n                                    <i class = \"td-icon-right doubleSliderNextButton\"><\/i>\r\n                                <\/div>\r\n                            <\/div>\r\n                        <\/div>\r\n\r\n                        <div class = \"td-doubleSlider-1 \">\r\n                            <div class = \"td-slider\">\r\n                                \r\n                    <div class = \"td-slide-item td-item1\">\r\n                        <figure class=\"td-slide-galery-figure td-slide-popup-gallery\">\r\n                            <a class=\"slide-gallery-image-link\" href=\"https:\/\/vanderloubet.com.br\/deputado\/wp-content\/uploads\/2022\/02\/foto-2022-02-14-equipamentos-bombeiros-04.jpg\" title=\"A\u00e7\u00e3o de Vander e da bancada garante equipamentos para bombeiros de MS\"  data-caption=\"\"  data-description=\"A&ccedil;&atilde;o de Vander e da bancada garante equipamentos para bombeiros de MS\">\r\n                                <img decoding=\"async\" src=\"https:\/\/vanderloubet.com.br\/deputado\/wp-content\/uploads\/2022\/02\/foto-2022-02-14-equipamentos-bombeiros-04-759x420.jpg\" srcset=\"https:\/\/vanderloubet.com.br\/deputado\/wp-content\/uploads\/2022\/02\/foto-2022-02-14-equipamentos-bombeiros-04-759x420.jpg 759w, https:\/\/vanderloubet.com.br\/deputado\/wp-content\/uploads\/2022\/02\/foto-2022-02-14-equipamentos-bombeiros-04-350x194.jpg 350w, https:\/\/vanderloubet.com.br\/deputado\/wp-content\/uploads\/2022\/02\/foto-2022-02-14-equipamentos-bombeiros-04-768x425.jpg 768w, https:\/\/vanderloubet.com.br\/deputado\/wp-content\/uploads\/2022\/02\/foto-2022-02-14-equipamentos-bombeiros-04-700x387.jpg 700w, https:\/\/vanderloubet.com.br\/deputado\/wp-content\/uploads\/2022\/02\/foto-2022-02-14-equipamentos-bombeiros-04-696x385.jpg 696w, https:\/\/vanderloubet.com.br\/deputado\/wp-content\/uploads\/2022\/02\/foto-2022-02-14-equipamentos-bombeiros-04.jpg 900w\" sizes=\"(max-width: 759px) 100vw, 759px\" alt=\"A&ccedil;&atilde;o de Vander e da bancada garante equipamentos para bombeiros de MS\">\r\n                            <\/a>\r\n                            <figcaption class = \"td-slide-caption td-gallery-slide-content\"><span>A\u00e7\u00e3o de Vander e da bancada garante equipamentos para bombeiros de MS<\/span><\/figcaption>\r\n                        <\/figure>\r\n                    <\/div>\r\n                    <div class = \"td-slide-item td-item2\">\r\n                        <figure class=\"td-slide-galery-figure td-slide-popup-gallery\">\r\n                            <a class=\"slide-gallery-image-link\" href=\"https:\/\/vanderloubet.com.br\/deputado\/wp-content\/uploads\/2022\/02\/foto-2022-02-14-equipamentos-bombeiros-03.jpg\" title=\"A\u00e7\u00e3o de Vander e da bancada garante equipamentos para bombeiros de MS\"  data-caption=\"\"  data-description=\"A&ccedil;&atilde;o de Vander e da bancada garante equipamentos para bombeiros de MS\">\r\n                                <img decoding=\"async\" src=\"https:\/\/vanderloubet.com.br\/deputado\/wp-content\/uploads\/2022\/02\/foto-2022-02-14-equipamentos-bombeiros-03-759x420.jpg\" srcset=\"https:\/\/vanderloubet.com.br\/deputado\/wp-content\/uploads\/2022\/02\/foto-2022-02-14-equipamentos-bombeiros-03-759x420.jpg 759w, https:\/\/vanderloubet.com.br\/deputado\/wp-content\/uploads\/2022\/02\/foto-2022-02-14-equipamentos-bombeiros-03-350x194.jpg 350w, https:\/\/vanderloubet.com.br\/deputado\/wp-content\/uploads\/2022\/02\/foto-2022-02-14-equipamentos-bombeiros-03-768x425.jpg 768w, https:\/\/vanderloubet.com.br\/deputado\/wp-content\/uploads\/2022\/02\/foto-2022-02-14-equipamentos-bombeiros-03-700x387.jpg 700w, https:\/\/vanderloubet.com.br\/deputado\/wp-content\/uploads\/2022\/02\/foto-2022-02-14-equipamentos-bombeiros-03-696x385.jpg 696w, https:\/\/vanderloubet.com.br\/deputado\/wp-content\/uploads\/2022\/02\/foto-2022-02-14-equipamentos-bombeiros-03.jpg 900w\" sizes=\"(max-width: 759px) 100vw, 759px\" alt=\"A&ccedil;&atilde;o de Vander e da bancada garante equipamentos para bombeiros de MS\">\r\n                            <\/a>\r\n                            <figcaption class = \"td-slide-caption td-gallery-slide-content\"><span>A\u00e7\u00e3o de Vander e da bancada garante equipamentos para bombeiros de MS<\/span><\/figcaption>\r\n                        <\/figure>\r\n                    <\/div>\r\n                    <div class = \"td-slide-item td-item3\">\r\n                        <figure class=\"td-slide-galery-figure td-slide-popup-gallery\">\r\n                            <a class=\"slide-gallery-image-link\" href=\"https:\/\/vanderloubet.com.br\/deputado\/wp-content\/uploads\/2022\/02\/foto-2022-02-14-equipamentos-bombeiros-02.jpg\" title=\"A\u00e7\u00e3o de Vander e da bancada garante equipamentos para bombeiros de MS\"  data-caption=\"\"  data-description=\"A&ccedil;&atilde;o de Vander e da bancada garante equipamentos para bombeiros de MS\">\r\n                                <img decoding=\"async\" src=\"https:\/\/vanderloubet.com.br\/deputado\/wp-content\/uploads\/2022\/02\/foto-2022-02-14-equipamentos-bombeiros-02-759x420.jpg\" srcset=\"https:\/\/vanderloubet.com.br\/deputado\/wp-content\/uploads\/2022\/02\/foto-2022-02-14-equipamentos-bombeiros-02-759x420.jpg 759w, https:\/\/vanderloubet.com.br\/deputado\/wp-content\/uploads\/2022\/02\/foto-2022-02-14-equipamentos-bombeiros-02-350x194.jpg 350w, https:\/\/vanderloubet.com.br\/deputado\/wp-content\/uploads\/2022\/02\/foto-2022-02-14-equipamentos-bombeiros-02-768x425.jpg 768w, https:\/\/vanderloubet.com.br\/deputado\/wp-content\/uploads\/2022\/02\/foto-2022-02-14-equipamentos-bombeiros-02-700x387.jpg 700w, https:\/\/vanderloubet.com.br\/deputado\/wp-content\/uploads\/2022\/02\/foto-2022-02-14-equipamentos-bombeiros-02-696x385.jpg 696w, https:\/\/vanderloubet.com.br\/deputado\/wp-content\/uploads\/2022\/02\/foto-2022-02-14-equipamentos-bombeiros-02.jpg 900w\" sizes=\"(max-width: 759px) 100vw, 759px\" alt=\"A&ccedil;&atilde;o de Vander e da bancada garante equipamentos para bombeiros de MS\">\r\n                            <\/a>\r\n                            <figcaption class = \"td-slide-caption td-gallery-slide-content\"><span>A\u00e7\u00e3o de Vander e da bancada garante equipamentos para bombeiros de MS<\/span><\/figcaption>\r\n                        <\/figure>\r\n                    <\/div>\r\n                    <div class = \"td-slide-item td-item4\">\r\n                        <figure class=\"td-slide-galery-figure td-slide-popup-gallery\">\r\n                            <a class=\"slide-gallery-image-link\" href=\"https:\/\/vanderloubet.com.br\/deputado\/wp-content\/uploads\/2022\/02\/foto-2022-02-14-equipamentos-bombeiros-01.jpg\" title=\"A\u00e7\u00e3o de Vander e da bancada garante equipamentos para bombeiros de MS\"  data-caption=\"\"  data-description=\"A&ccedil;&atilde;o de Vander e da bancada garante equipamentos para bombeiros de MS\">\r\n                                <img decoding=\"async\" src=\"https:\/\/vanderloubet.com.br\/deputado\/wp-content\/uploads\/2022\/02\/foto-2022-02-14-equipamentos-bombeiros-01-759x420.jpg\" srcset=\"https:\/\/vanderloubet.com.br\/deputado\/wp-content\/uploads\/2022\/02\/foto-2022-02-14-equipamentos-bombeiros-01-759x420.jpg 759w, https:\/\/vanderloubet.com.br\/deputado\/wp-content\/uploads\/2022\/02\/foto-2022-02-14-equipamentos-bombeiros-01-350x194.jpg 350w, https:\/\/vanderloubet.com.br\/deputado\/wp-content\/uploads\/2022\/02\/foto-2022-02-14-equipamentos-bombeiros-01-768x425.jpg 768w, https:\/\/vanderloubet.com.br\/deputado\/wp-content\/uploads\/2022\/02\/foto-2022-02-14-equipamentos-bombeiros-01-700x387.jpg 700w, https:\/\/vanderloubet.com.br\/deputado\/wp-content\/uploads\/2022\/02\/foto-2022-02-14-equipamentos-bombeiros-01-696x385.jpg 696w, https:\/\/vanderloubet.com.br\/deputado\/wp-content\/uploads\/2022\/02\/foto-2022-02-14-equipamentos-bombeiros-01.jpg 900w\" sizes=\"(max-width: 759px) 100vw, 759px\" alt=\"A&ccedil;&atilde;o de Vander e da bancada garante equipamentos para bombeiros de MS\">\r\n                            <\/a>\r\n                            <figcaption class = \"td-slide-caption td-gallery-slide-content\"><span>A\u00e7\u00e3o de Vander e da bancada garante equipamentos para bombeiros de MS<\/span><\/figcaption>\r\n                        <\/figure>\r\n                    <\/div>\r\n                            <\/div>\r\n                        <\/div>\r\n\r\n                        <div class = \"td-doubleSlider-2\">\r\n                            <div class = \"td-slider\">\r\n                                \r\n                    <div class = \"td-button td-item1\">\r\n                        <div class = \"td-border\"><\/div>\r\n                    <\/div>\r\n                    <div class = \"td-button td-item2\">\r\n                        <div class = \"td-border\"><\/div>\r\n                    <\/div>\r\n                    <div class = \"td-button td-item3\">\r\n                        <div class = \"td-border\"><\/div>\r\n                    <\/div>\r\n                    <div class = \"td-button td-item4\">\r\n                        <div class = \"td-border\"><\/div>\r\n                    <\/div>\r\n                            <\/div>\r\n                        <\/div>\r\n\r\n                    <\/div>\r\n\r\n                <\/div>\r\n                \n","protected":false},"excerpt":{"rendered":"<p>Deputados e senadores destinaram quase R$ 1,2 milh\u00e3o para compra de caminhonetes e lanchas para combate a inc\u00eandios e outras demandas.<\/p>\n","protected":false},"author":2,"featured_media":17518,"comment_status":"closed","ping_status":"closed","sticky":false,"template":"","format":"standard","meta":{"jetpack_post_was_ever_published":false,"_jetpack_newsletter_access":"","_jetpack_dont_email_post_to_subs":false,"_jetpack_newsletter_tier_id":0,"_jetpack_memberships_contains_paywalled_content":false,"_jetpack_memberships_contains_paid_content":false,"footnotes":""},"categories":[2099,10],"tags":[2429,2127,1267,2220],"class_list":{"0":"post-17517","1":"post","2":"type-post","3":"status-publish","4":"format-standard","5":"has-post-thumbnail","7":"category-ms-noticias","8":"category-noticias","9":"tag-emenda-de-bancada","10":"tag-emenda-parlamentar","11":"tag-meio-ambiente","12":"tag-seguranca-publica"},"yoast_head":"<!-- This site is optimized with the Yoast SEO plugin v27.4 - https:\/\/yoast.com\/product\/yoast-seo-wordpress\/ -->\n<title>A\u00e7\u00e3o de Vander e da bancada garante equipamentos para bombeiros de MS<\/title>\n<meta name=\"description\" content=\"Deputados e senadores destinaram quase R$ 1,2 milh\u00e3o para compra de caminhonetes e lanchas para combate a inc\u00eandios e outras demandas.\" \/>\n<meta name=\"robots\" content=\"index, follow, max-snippet:-1, max-image-preview:large, max-video-preview:-1\" \/>\n<link rel=\"canonical\" href=\"https:\/\/vanderloubet.com.br\/deputado\/acao-de-vander-e-da-bancada-garante-equipamentos-para-bombeiros-de-ms\/\" \/>\n<meta property=\"og:locale\" content=\"pt_BR\" \/>\n<meta property=\"og:type\" content=\"article\" \/>\n<meta property=\"og:title\" content=\"A\u00e7\u00e3o de Vander e da bancada garante equipamentos para bombeiros de MS\" \/>\n<meta property=\"og:description\" content=\"Deputados e senadores destinaram quase R$ 1,2 milh\u00e3o para compra de caminhonetes e lanchas para combate a inc\u00eandios e outras demandas.\" \/>\n<meta property=\"og:url\" content=\"https:\/\/vanderloubet.com.br\/deputado\/acao-de-vander-e-da-bancada-garante-equipamentos-para-bombeiros-de-ms\/\" \/>\n<meta property=\"og:site_name\" content=\"Deputado Federal Vander Loubet\" \/>\n<meta property=\"article:publisher\" content=\"https:\/\/facebook.com\/deputadovander\" \/>\n<meta property=\"article:published_time\" content=\"2022-02-16T20:46:34+00:00\" \/>\n<meta property=\"article:modified_time\" content=\"2023-04-12T14:51:22+00:00\" \/>\n<meta property=\"og:image\" content=\"https:\/\/vanderloubet.com.br\/deputado\/wp-content\/uploads\/2022\/02\/foto-2022-02-14-equipamentos-bombeiros-01.jpg\" \/>\n\t<meta property=\"og:image:width\" content=\"900\" \/>\n\t<meta property=\"og:image:height\" content=\"498\" \/>\n\t<meta property=\"og:image:type\" content=\"image\/jpeg\" \/>\n<meta name=\"author\" content=\"\u00c9der\" \/>\n<meta name=\"twitter:card\" content=\"summary_large_image\" \/>\n<meta name=\"twitter:creator\" content=\"@vanderloubet\" \/>\n<meta name=\"twitter:site\" content=\"@vanderloubet\" \/>\n<script type=\"application\/ld+json\" class=\"yoast-schema-graph\">{\"@context\":\"https:\\\/\\\/schema.org\",\"@graph\":[{\"@type\":\"Article\",\"@id\":\"https:\\\/\\\/vanderloubet.com.br\\\/deputado\\\/acao-de-vander-e-da-bancada-garante-equipamentos-para-bombeiros-de-ms\\\/#article\",\"isPartOf\":{\"@id\":\"https:\\\/\\\/vanderloubet.com.br\\\/deputado\\\/acao-de-vander-e-da-bancada-garante-equipamentos-para-bombeiros-de-ms\\\/\"},\"author\":{\"name\":\"\u00c9der\",\"@id\":\"https:\\\/\\\/vanderloubet.com.br\\\/deputado\\\/#\\\/schema\\\/person\\\/15b51bd564532a8a68d9dec1b8eb890e\"},\"headline\":\"A\u00e7\u00e3o de Vander e da bancada garante equipamentos para bombeiros de MS\",\"datePublished\":\"2022-02-16T20:46:34+00:00\",\"dateModified\":\"2023-04-12T14:51:22+00:00\",\"mainEntityOfPage\":{\"@id\":\"https:\\\/\\\/vanderloubet.com.br\\\/deputado\\\/acao-de-vander-e-da-bancada-garante-equipamentos-para-bombeiros-de-ms\\\/\"},\"wordCount\":472,\"publisher\":{\"@id\":\"https:\\\/\\\/vanderloubet.com.br\\\/deputado\\\/#organization\"},\"image\":{\"@id\":\"https:\\\/\\\/vanderloubet.com.br\\\/deputado\\\/acao-de-vander-e-da-bancada-garante-equipamentos-para-bombeiros-de-ms\\\/#primaryimage\"},\"thumbnailUrl\":\"https:\\\/\\\/vanderloubet.com.br\\\/deputado\\\/wp-content\\\/uploads\\\/2022\\\/02\\\/foto-2022-02-14-equipamentos-bombeiros-01.jpg\",\"keywords\":[\"emenda de bancada\",\"emenda parlamentar\",\"meio ambiente\",\"seguran\u00e7a p\u00fablica\"],\"articleSection\":[\"Mato Grosso do Sul\",\"Not\u00edcias\"],\"inLanguage\":\"pt-BR\"},{\"@type\":\"WebPage\",\"@id\":\"https:\\\/\\\/vanderloubet.com.br\\\/deputado\\\/acao-de-vander-e-da-bancada-garante-equipamentos-para-bombeiros-de-ms\\\/\",\"url\":\"https:\\\/\\\/vanderloubet.com.br\\\/deputado\\\/acao-de-vander-e-da-bancada-garante-equipamentos-para-bombeiros-de-ms\\\/\",\"name\":\"A\u00e7\u00e3o de Vander e da bancada garante equipamentos para bombeiros de MS\",\"isPartOf\":{\"@id\":\"https:\\\/\\\/vanderloubet.com.br\\\/deputado\\\/#website\"},\"primaryImageOfPage\":{\"@id\":\"https:\\\/\\\/vanderloubet.com.br\\\/deputado\\\/acao-de-vander-e-da-bancada-garante-equipamentos-para-bombeiros-de-ms\\\/#primaryimage\"},\"image\":{\"@id\":\"https:\\\/\\\/vanderloubet.com.br\\\/deputado\\\/acao-de-vander-e-da-bancada-garante-equipamentos-para-bombeiros-de-ms\\\/#primaryimage\"},\"thumbnailUrl\":\"https:\\\/\\\/vanderloubet.com.br\\\/deputado\\\/wp-content\\\/uploads\\\/2022\\\/02\\\/foto-2022-02-14-equipamentos-bombeiros-01.jpg\",\"datePublished\":\"2022-02-16T20:46:34+00:00\",\"dateModified\":\"2023-04-12T14:51:22+00:00\",\"description\":\"Deputados e senadores destinaram quase R$ 1,2 milh\u00e3o para compra de caminhonetes e lanchas para combate a inc\u00eandios e outras demandas.\",\"breadcrumb\":{\"@id\":\"https:\\\/\\\/vanderloubet.com.br\\\/deputado\\\/acao-de-vander-e-da-bancada-garante-equipamentos-para-bombeiros-de-ms\\\/#breadcrumb\"},\"inLanguage\":\"pt-BR\",\"potentialAction\":[{\"@type\":\"ReadAction\",\"target\":[\"https:\\\/\\\/vanderloubet.com.br\\\/deputado\\\/acao-de-vander-e-da-bancada-garante-equipamentos-para-bombeiros-de-ms\\\/\"]}]},{\"@type\":\"ImageObject\",\"inLanguage\":\"pt-BR\",\"@id\":\"https:\\\/\\\/vanderloubet.com.br\\\/deputado\\\/acao-de-vander-e-da-bancada-garante-equipamentos-para-bombeiros-de-ms\\\/#primaryimage\",\"url\":\"https:\\\/\\\/vanderloubet.com.br\\\/deputado\\\/wp-content\\\/uploads\\\/2022\\\/02\\\/foto-2022-02-14-equipamentos-bombeiros-01.jpg\",\"contentUrl\":\"https:\\\/\\\/vanderloubet.com.br\\\/deputado\\\/wp-content\\\/uploads\\\/2022\\\/02\\\/foto-2022-02-14-equipamentos-bombeiros-01.jpg\",\"width\":900,\"height\":498,\"caption\":\"A\u00e7\u00e3o de Vander e da bancada garante equipamentos para bombeiros de MS\"},{\"@type\":\"BreadcrumbList\",\"@id\":\"https:\\\/\\\/vanderloubet.com.br\\\/deputado\\\/acao-de-vander-e-da-bancada-garante-equipamentos-para-bombeiros-de-ms\\\/#breadcrumb\",\"itemListElement\":[{\"@type\":\"ListItem\",\"position\":1,\"name\":\"In\u00edcio\",\"item\":\"https:\\\/\\\/vanderloubet.com.br\\\/deputado\\\/\"},{\"@type\":\"ListItem\",\"position\":2,\"name\":\"A\u00e7\u00e3o de Vander e da bancada garante equipamentos para bombeiros de MS\"}]},{\"@type\":\"WebSite\",\"@id\":\"https:\\\/\\\/vanderloubet.com.br\\\/deputado\\\/#website\",\"url\":\"https:\\\/\\\/vanderloubet.com.br\\\/deputado\\\/\",\"name\":\"Deputado Federal Vander Loubet\",\"description\":\"O Federal de MS\",\"publisher\":{\"@id\":\"https:\\\/\\\/vanderloubet.com.br\\\/deputado\\\/#organization\"},\"alternateName\":\"Deputado Vander\",\"potentialAction\":[{\"@type\":\"SearchAction\",\"target\":{\"@type\":\"EntryPoint\",\"urlTemplate\":\"https:\\\/\\\/vanderloubet.com.br\\\/deputado\\\/?s={search_term_string}\"},\"query-input\":{\"@type\":\"PropertyValueSpecification\",\"valueRequired\":true,\"valueName\":\"search_term_string\"}}],\"inLanguage\":\"pt-BR\"},{\"@type\":\"Organization\",\"@id\":\"https:\\\/\\\/vanderloubet.com.br\\\/deputado\\\/#organization\",\"name\":\"Deputado Federal Vander Loubet\",\"alternateName\":\"Deputado Vander\",\"url\":\"https:\\\/\\\/vanderloubet.com.br\\\/deputado\\\/\",\"logo\":{\"@type\":\"ImageObject\",\"inLanguage\":\"pt-BR\",\"@id\":\"https:\\\/\\\/vanderloubet.com.br\\\/deputado\\\/#\\\/schema\\\/logo\\\/image\\\/\",\"url\":\"https:\\\/\\\/vanderloubet.com.br\\\/deputado\\\/wp-content\\\/uploads\\\/2023\\\/06\\\/foto-2023-06-19-mandato-deputado-vander.jpg\",\"contentUrl\":\"https:\\\/\\\/vanderloubet.com.br\\\/deputado\\\/wp-content\\\/uploads\\\/2023\\\/06\\\/foto-2023-06-19-mandato-deputado-vander.jpg\",\"width\":1080,\"height\":1080,\"caption\":\"Deputado Federal Vander Loubet\"},\"image\":{\"@id\":\"https:\\\/\\\/vanderloubet.com.br\\\/deputado\\\/#\\\/schema\\\/logo\\\/image\\\/\"},\"sameAs\":[\"https:\\\/\\\/facebook.com\\\/deputadovander\",\"https:\\\/\\\/x.com\\\/vanderloubet\",\"https:\\\/\\\/instagram.com\\\/vanderloubet\",\"https:\\\/\\\/youtube.com\\\/vanderloubet\",\"https:\\\/\\\/tiktok.com\\\/@vanderloubetms\"]},{\"@type\":\"Person\",\"@id\":\"https:\\\/\\\/vanderloubet.com.br\\\/deputado\\\/#\\\/schema\\\/person\\\/15b51bd564532a8a68d9dec1b8eb890e\",\"name\":\"\u00c9der\",\"image\":{\"@type\":\"ImageObject\",\"inLanguage\":\"pt-BR\",\"@id\":\"https:\\\/\\\/vanderloubet.com.br\\\/deputado\\\/wp-content\\\/litespeed\\\/avatar\\\/88ca4090d9d5ab1c9495f6ca03b68efa.jpg?ver=1777058957\",\"url\":\"https:\\\/\\\/vanderloubet.com.br\\\/deputado\\\/wp-content\\\/litespeed\\\/avatar\\\/88ca4090d9d5ab1c9495f6ca03b68efa.jpg?ver=1777058957\",\"contentUrl\":\"https:\\\/\\\/vanderloubet.com.br\\\/deputado\\\/wp-content\\\/litespeed\\\/avatar\\\/88ca4090d9d5ab1c9495f6ca03b68efa.jpg?ver=1777058957\",\"caption\":\"\u00c9der\"}}]}<\/script>\n<!-- \/ Yoast SEO plugin. -->","yoast_head_json":{"title":"A\u00e7\u00e3o de Vander e da bancada garante equipamentos para bombeiros de MS","description":"Deputados e senadores destinaram quase R$ 1,2 milh\u00e3o para compra de caminhonetes e lanchas para combate a inc\u00eandios e outras demandas.","robots":{"index":"index","follow":"follow","max-snippet":"max-snippet:-1","max-image-preview":"max-image-preview:large","max-video-preview":"max-video-preview:-1"},"canonical":"https:\/\/vanderloubet.com.br\/deputado\/acao-de-vander-e-da-bancada-garante-equipamentos-para-bombeiros-de-ms\/","og_locale":"pt_BR","og_type":"article","og_title":"A\u00e7\u00e3o de Vander e da bancada garante equipamentos para bombeiros de MS","og_description":"Deputados e senadores destinaram quase R$ 1,2 milh\u00e3o para compra de caminhonetes e lanchas para combate a inc\u00eandios e outras demandas.","og_url":"https:\/\/vanderloubet.com.br\/deputado\/acao-de-vander-e-da-bancada-garante-equipamentos-para-bombeiros-de-ms\/","og_site_name":"Deputado Federal Vander Loubet","article_publisher":"https:\/\/facebook.com\/deputadovander","article_published_time":"2022-02-16T20:46:34+00:00","article_modified_time":"2023-04-12T14:51:22+00:00","og_image":[{"width":900,"height":498,"url":"https:\/\/vanderloubet.com.br\/deputado\/wp-content\/uploads\/2022\/02\/foto-2022-02-14-equipamentos-bombeiros-01.jpg","type":"image\/jpeg"}],"author":"\u00c9der","twitter_card":"summary_large_image","twitter_creator":"@vanderloubet","twitter_site":"@vanderloubet","schema":{"@context":"https:\/\/schema.org","@graph":[{"@type":"Article","@id":"https:\/\/vanderloubet.com.br\/deputado\/acao-de-vander-e-da-bancada-garante-equipamentos-para-bombeiros-de-ms\/#article","isPartOf":{"@id":"https:\/\/vanderloubet.com.br\/deputado\/acao-de-vander-e-da-bancada-garante-equipamentos-para-bombeiros-de-ms\/"},"author":{"name":"\u00c9der","@id":"https:\/\/vanderloubet.com.br\/deputado\/#\/schema\/person\/15b51bd564532a8a68d9dec1b8eb890e"},"headline":"A\u00e7\u00e3o de Vander e da bancada garante equipamentos para bombeiros de MS","datePublished":"2022-02-16T20:46:34+00:00","dateModified":"2023-04-12T14:51:22+00:00","mainEntityOfPage":{"@id":"https:\/\/vanderloubet.com.br\/deputado\/acao-de-vander-e-da-bancada-garante-equipamentos-para-bombeiros-de-ms\/"},"wordCount":472,"publisher":{"@id":"https:\/\/vanderloubet.com.br\/deputado\/#organization"},"image":{"@id":"https:\/\/vanderloubet.com.br\/deputado\/acao-de-vander-e-da-bancada-garante-equipamentos-para-bombeiros-de-ms\/#primaryimage"},"thumbnailUrl":"https:\/\/vanderloubet.com.br\/deputado\/wp-content\/uploads\/2022\/02\/foto-2022-02-14-equipamentos-bombeiros-01.jpg","keywords":["emenda de bancada","emenda parlamentar","meio ambiente","seguran\u00e7a p\u00fablica"],"articleSection":["Mato Grosso do Sul","Not\u00edcias"],"inLanguage":"pt-BR"},{"@type":"WebPage","@id":"https:\/\/vanderloubet.com.br\/deputado\/acao-de-vander-e-da-bancada-garante-equipamentos-para-bombeiros-de-ms\/","url":"https:\/\/vanderloubet.com.br\/deputado\/acao-de-vander-e-da-bancada-garante-equipamentos-para-bombeiros-de-ms\/","name":"A\u00e7\u00e3o de Vander e da bancada garante equipamentos para bombeiros de MS","isPartOf":{"@id":"https:\/\/vanderloubet.com.br\/deputado\/#website"},"primaryImageOfPage":{"@id":"https:\/\/vanderloubet.com.br\/deputado\/acao-de-vander-e-da-bancada-garante-equipamentos-para-bombeiros-de-ms\/#primaryimage"},"image":{"@id":"https:\/\/vanderloubet.com.br\/deputado\/acao-de-vander-e-da-bancada-garante-equipamentos-para-bombeiros-de-ms\/#primaryimage"},"thumbnailUrl":"https:\/\/vanderloubet.com.br\/deputado\/wp-content\/uploads\/2022\/02\/foto-2022-02-14-equipamentos-bombeiros-01.jpg","datePublished":"2022-02-16T20:46:34+00:00","dateModified":"2023-04-12T14:51:22+00:00","description":"Deputados e senadores destinaram quase R$ 1,2 milh\u00e3o para compra de caminhonetes e lanchas para combate a inc\u00eandios e outras demandas.","breadcrumb":{"@id":"https:\/\/vanderloubet.com.br\/deputado\/acao-de-vander-e-da-bancada-garante-equipamentos-para-bombeiros-de-ms\/#breadcrumb"},"inLanguage":"pt-BR","potentialAction":[{"@type":"ReadAction","target":["https:\/\/vanderloubet.com.br\/deputado\/acao-de-vander-e-da-bancada-garante-equipamentos-para-bombeiros-de-ms\/"]}]},{"@type":"ImageObject","inLanguage":"pt-BR","@id":"https:\/\/vanderloubet.com.br\/deputado\/acao-de-vander-e-da-bancada-garante-equipamentos-para-bombeiros-de-ms\/#primaryimage","url":"https:\/\/vanderloubet.com.br\/deputado\/wp-content\/uploads\/2022\/02\/foto-2022-02-14-equipamentos-bombeiros-01.jpg","contentUrl":"https:\/\/vanderloubet.com.br\/deputado\/wp-content\/uploads\/2022\/02\/foto-2022-02-14-equipamentos-bombeiros-01.jpg","width":900,"height":498,"caption":"A\u00e7\u00e3o de Vander e da bancada garante equipamentos para bombeiros de MS"},{"@type":"BreadcrumbList","@id":"https:\/\/vanderloubet.com.br\/deputado\/acao-de-vander-e-da-bancada-garante-equipamentos-para-bombeiros-de-ms\/#breadcrumb","itemListElement":[{"@type":"ListItem","position":1,"name":"In\u00edcio","item":"https:\/\/vanderloubet.com.br\/deputado\/"},{"@type":"ListItem","position":2,"name":"A\u00e7\u00e3o de Vander e da bancada garante equipamentos para bombeiros de MS"}]},{"@type":"WebSite","@id":"https:\/\/vanderloubet.com.br\/deputado\/#website","url":"https:\/\/vanderloubet.com.br\/deputado\/","name":"Deputado Federal Vander Loubet","description":"O Federal de MS","publisher":{"@id":"https:\/\/vanderloubet.com.br\/deputado\/#organization"},"alternateName":"Deputado Vander","potentialAction":[{"@type":"SearchAction","target":{"@type":"EntryPoint","urlTemplate":"https:\/\/vanderloubet.com.br\/deputado\/?s={search_term_string}"},"query-input":{"@type":"PropertyValueSpecification","valueRequired":true,"valueName":"search_term_string"}}],"inLanguage":"pt-BR"},{"@type":"Organization","@id":"https:\/\/vanderloubet.com.br\/deputado\/#organization","name":"Deputado Federal Vander Loubet","alternateName":"Deputado Vander","url":"https:\/\/vanderloubet.com.br\/deputado\/","logo":{"@type":"ImageObject","inLanguage":"pt-BR","@id":"https:\/\/vanderloubet.com.br\/deputado\/#\/schema\/logo\/image\/","url":"https:\/\/vanderloubet.com.br\/deputado\/wp-content\/uploads\/2023\/06\/foto-2023-06-19-mandato-deputado-vander.jpg","contentUrl":"https:\/\/vanderloubet.com.br\/deputado\/wp-content\/uploads\/2023\/06\/foto-2023-06-19-mandato-deputado-vander.jpg","width":1080,"height":1080,"caption":"Deputado Federal Vander Loubet"},"image":{"@id":"https:\/\/vanderloubet.com.br\/deputado\/#\/schema\/logo\/image\/"},"sameAs":["https:\/\/facebook.com\/deputadovander","https:\/\/x.com\/vanderloubet","https:\/\/instagram.com\/vanderloubet","https:\/\/youtube.com\/vanderloubet","https:\/\/tiktok.com\/@vanderloubetms"]},{"@type":"Person","@id":"https:\/\/vanderloubet.com.br\/deputado\/#\/schema\/person\/15b51bd564532a8a68d9dec1b8eb890e","name":"\u00c9der","image":{"@type":"ImageObject","inLanguage":"pt-BR","@id":"https:\/\/vanderloubet.com.br\/deputado\/wp-content\/litespeed\/avatar\/88ca4090d9d5ab1c9495f6ca03b68efa.jpg?ver=1777058957","url":"https:\/\/vanderloubet.com.br\/deputado\/wp-content\/litespeed\/avatar\/88ca4090d9d5ab1c9495f6ca03b68efa.jpg?ver=1777058957","contentUrl":"https:\/\/vanderloubet.com.br\/deputado\/wp-content\/litespeed\/avatar\/88ca4090d9d5ab1c9495f6ca03b68efa.jpg?ver=1777058957","caption":"\u00c9der"}}]}},"jetpack_featured_media_url":"https:\/\/vanderloubet.com.br\/deputado\/wp-content\/uploads\/2022\/02\/foto-2022-02-14-equipamentos-bombeiros-01.jpg","jetpack_sharing_enabled":true,"_links":{"self":[{"href":"https:\/\/vanderloubet.com.br\/deputado\/wp-json\/wp\/v2\/posts\/17517","targetHints":{"allow":["GET"]}}],"collection":[{"href":"https:\/\/vanderloubet.com.br\/deputado\/wp-json\/wp\/v2\/posts"}],"about":[{"href":"https:\/\/vanderloubet.com.br\/deputado\/wp-json\/wp\/v2\/types\/post"}],"author":[{"embeddable":true,"href":"https:\/\/vanderloubet.com.br\/deputado\/wp-json\/wp\/v2\/users\/2"}],"replies":[{"embeddable":true,"href":"https:\/\/vanderloubet.com.br\/deputado\/wp-json\/wp\/v2\/comments?post=17517"}],"version-history":[{"count":0,"href":"https:\/\/vanderloubet.com.br\/deputado\/wp-json\/wp\/v2\/posts\/17517\/revisions"}],"wp:featuredmedia":[{"embeddable":true,"href":"https:\/\/vanderloubet.com.br\/deputado\/wp-json\/wp\/v2\/media\/17518"}],"wp:attachment":[{"href":"https:\/\/vanderloubet.com.br\/deputado\/wp-json\/wp\/v2\/media?parent=17517"}],"wp:term":[{"taxonomy":"category","embeddable":true,"href":"https:\/\/vanderloubet.com.br\/deputado\/wp-json\/wp\/v2\/categories?post=17517"},{"taxonomy":"post_tag","embeddable":true,"href":"https:\/\/vanderloubet.com.br\/deputado\/wp-json\/wp\/v2\/tags?post=17517"}],"curies":[{"name":"wp","href":"https:\/\/api.w.org\/{rel}","templated":true}]}}