{"id":17513,"date":"2021-09-27T18:00:54","date_gmt":"2021-09-27T22:00:54","guid":{"rendered":"https:\/\/vanderloubet.com.br\/deputado\/?p=17513"},"modified":"2022-01-31T21:51:05","modified_gmt":"2022-02-01T01:51:05","slug":"vander-nelsinho-e-soraya-garantem-recursos-para-ciclovias-em-campo-grande","status":"publish","type":"post","link":"https:\/\/vanderloubet.com.br\/deputado\/vander-nelsinho-e-soraya-garantem-recursos-para-ciclovias-em-campo-grande\/","title":{"rendered":"Vander, Nelsinho e Soraya garantem recursos para ciclovias em Campo Grande"},"content":{"rendered":"<p>O Minist\u00e9rio da Economia liberou R$ 1,5 milh\u00e3o de emendas parlamentares dos senadores Nelson Trad e Soraya Thronike e do deputado federal Vander Loubet para que a Prefeitura de Campo Grande invista em ciclovias.<\/p>\n<p>Segundo a subsecret\u00e1ria de Gest\u00e3o e Projetos Estrat\u00e9gicos, Catiana Sabadin, \u00e9 a primeira parcela de um valor total de R$ 4 milh\u00f5es que os tr\u00eas parlamentares viabilizaram para abertura de novas ciclovias, revitaliza\u00e7\u00e3o das existentes, implanta\u00e7\u00e3o de ciclofaixas e cria\u00e7\u00e3o de rotas ciclovi\u00e1rias.<\/p>\n<p>A destina\u00e7\u00e3o dos recursos atende a uma reivindica\u00e7\u00e3o da C\u00e2mara Municipal da Capital. A proposta de investir nas ciclovias partiu dos vereadores Camila Jara e Jo\u00e3o C\u00e9sar Mattogrosso e foi apoiada pelos demais edis.<\/p>\n<p><strong>Projetos<\/strong> &#8211; Uma das interven\u00e7\u00f5es j\u00e1 definidas \u00e9 a extens\u00e3o da ciclovia da Avenida Gury Marques at\u00e9 a Rua Buen\u00f3polis (Bairro Cidade Morena), projetada como trecho final do novo acesso \u00e0s Moreninhas, que o Governo do Estado vai implantar em parceria com a Prefeitura. Em todo trajeto da nova via, de 12,5 km a partir da Avenida Guaicurus, est\u00e3o programados 6 km de ciclovia.<\/p>\n<p>Quando todo o tra\u00e7ado estiver pronto, quem mora nos bairros desta regi\u00e3o poder\u00e1 sair da Avenida Gury Marques, atravessar \u00e0s Moreninhas, chegar e transpor a Avenida Guaicurus e seguir em frente pela ciclovia aberta neste ano, no prolongamento da Avenida Rita Vieira de Andrade. J\u00e1 h\u00e1 estudos para interligar esta ciclovia com a da Avenida Interlagos pela Rua Assun\u00e7\u00e3o, com ciclofaixa ou rota ciclovi\u00e1ria.<\/p>\n<p>Tamb\u00e9m j\u00e1 \u00e9 certa a interliga\u00e7\u00e3o da ciclovia da Gury Marques com a ciclofaixa e a ciclovia j\u00e1 existentes na Avenida Cafezais, via de acesso a bairros como Paulo Coelho Machado, Jardim Canguru e Los Angeles. A ciclovia da Gury Marques se estende at\u00e9 perto do cruzamento com a Avenida F\u00e1bio Zahran, trecho onde j\u00e1 recebe a denomina\u00e7\u00e3o de Costa e Silva.<\/p>\n<p>Outra interven\u00e7\u00e3o definida \u00e9 a interliga\u00e7\u00e3o da ciclovia da Avenida Euler Azevedo com a ciclovia da Orla Morena, um espa\u00e7o de lazer e conviv\u00eancia. Isto ser\u00e1 poss\u00edvel com a implanta\u00e7\u00e3o de ciclofaixa ou de uma rota ciclovi\u00e1ria na Euler a partir da rotat\u00f3ria com a Avenida Tamandar\u00e9, passando pela Ernesto Geisel, subindo a Rua Plut\u00e3o at\u00e9 a Avenida Tamandar\u00e9.<\/p>\n<p>Diferente das ciclovia ou das ciclofaixas, em que h\u00e1 uma separa\u00e7\u00e3o f\u00edsica de uma pista exclusiva para a passagem das bicicletas, as rotas s\u00e3o trechos sinalizados das vias destinados a passagem dos ciclistas.<\/p>\n<p><em>(fonte: CGNot\u00edcias)<\/em><\/p>\n","protected":false},"excerpt":{"rendered":"<p>Projetos da Prefeitura contemplam novas ciclovias, revitaliza\u00e7\u00e3o das existentes, implanta\u00e7\u00e3o de ciclofaixas e cria\u00e7\u00e3o de rotas ciclovi\u00e1rias.<\/p>\n","protected":false},"author":2,"featured_media":17514,"comment_status":"closed","ping_status":"closed","sticky":false,"template":"","format":"standard","meta":{"jetpack_post_was_ever_published":false,"_jetpack_newsletter_access":"","_jetpack_dont_email_post_to_subs":false,"_jetpack_newsletter_tier_id":0,"_jetpack_memberships_contains_paywalled_content":false,"_jetpack_memberships_contains_paid_content":false,"footnotes":""},"categories":[2097,10],"tags":[342,2127,1311],"class_list":{"0":"post-17513","1":"post","2":"type-post","3":"status-publish","4":"format-standard","5":"has-post-thumbnail","7":"category-municipios-noticias","8":"category-noticias","9":"tag-campo-grande","10":"tag-emenda-parlamentar","11":"tag-mobilidade-urbana"},"yoast_head":"<!-- This site is optimized with the Yoast SEO plugin v27.4 - https:\/\/yoast.com\/product\/yoast-seo-wordpress\/ -->\n<title>Vander, Nelsinho e Soraya garantem recursos para ciclovias em Campo Grande<\/title>\n<meta name=\"description\" content=\"Projetos da Prefeitura contemplam novas ciclovias, revitaliza\u00e7\u00e3o das existentes, implanta\u00e7\u00e3o de ciclofaixas e cria\u00e7\u00e3o de rotas ciclovi\u00e1rias.\" \/>\n<meta name=\"robots\" content=\"index, follow, max-snippet:-1, max-image-preview:large, max-video-preview:-1\" \/>\n<link rel=\"canonical\" href=\"https:\/\/vanderloubet.com.br\/deputado\/vander-nelsinho-e-soraya-garantem-recursos-para-ciclovias-em-campo-grande\/\" \/>\n<meta property=\"og:locale\" content=\"pt_BR\" \/>\n<meta property=\"og:type\" content=\"article\" \/>\n<meta property=\"og:title\" content=\"Vander, Nelsinho e Soraya garantem recursos para ciclovias em Campo Grande\" \/>\n<meta property=\"og:description\" content=\"Projetos da Prefeitura contemplam novas ciclovias, revitaliza\u00e7\u00e3o das existentes, implanta\u00e7\u00e3o de ciclofaixas e cria\u00e7\u00e3o de rotas ciclovi\u00e1rias.\" \/>\n<meta property=\"og:url\" content=\"https:\/\/vanderloubet.com.br\/deputado\/vander-nelsinho-e-soraya-garantem-recursos-para-ciclovias-em-campo-grande\/\" \/>\n<meta property=\"og:site_name\" content=\"Deputado Federal Vander Loubet\" \/>\n<meta property=\"article:publisher\" content=\"https:\/\/facebook.com\/deputadovander\" \/>\n<meta property=\"article:published_time\" content=\"2021-09-27T22:00:54+00:00\" \/>\n<meta property=\"article:modified_time\" content=\"2022-02-01T01:51:05+00:00\" \/>\n<meta property=\"og:image\" content=\"https:\/\/vanderloubet.com.br\/deputado\/wp-content\/uploads\/2022\/01\/foto-2021-09-27-ciclovias-campo-grande.jpg\" \/>\n\t<meta property=\"og:image:width\" content=\"900\" \/>\n\t<meta property=\"og:image:height\" content=\"675\" \/>\n\t<meta property=\"og:image:type\" content=\"image\/jpeg\" \/>\n<meta name=\"author\" content=\"\u00c9der\" \/>\n<meta name=\"twitter:card\" content=\"summary_large_image\" \/>\n<meta name=\"twitter:creator\" content=\"@vanderloubet\" \/>\n<meta name=\"twitter:site\" content=\"@vanderloubet\" \/>\n<script type=\"application\/ld+json\" class=\"yoast-schema-graph\">{\"@context\":\"https:\\\/\\\/schema.org\",\"@graph\":[{\"@type\":\"Article\",\"@id\":\"https:\\\/\\\/vanderloubet.com.br\\\/deputado\\\/vander-nelsinho-e-soraya-garantem-recursos-para-ciclovias-em-campo-grande\\\/#article\",\"isPartOf\":{\"@id\":\"https:\\\/\\\/vanderloubet.com.br\\\/deputado\\\/vander-nelsinho-e-soraya-garantem-recursos-para-ciclovias-em-campo-grande\\\/\"},\"author\":{\"name\":\"\u00c9der\",\"@id\":\"https:\\\/\\\/vanderloubet.com.br\\\/deputado\\\/#\\\/schema\\\/person\\\/15b51bd564532a8a68d9dec1b8eb890e\"},\"headline\":\"Vander, Nelsinho e Soraya garantem recursos para ciclovias em Campo Grande\",\"datePublished\":\"2021-09-27T22:00:54+00:00\",\"dateModified\":\"2022-02-01T01:51:05+00:00\",\"mainEntityOfPage\":{\"@id\":\"https:\\\/\\\/vanderloubet.com.br\\\/deputado\\\/vander-nelsinho-e-soraya-garantem-recursos-para-ciclovias-em-campo-grande\\\/\"},\"wordCount\":439,\"publisher\":{\"@id\":\"https:\\\/\\\/vanderloubet.com.br\\\/deputado\\\/#organization\"},\"image\":{\"@id\":\"https:\\\/\\\/vanderloubet.com.br\\\/deputado\\\/vander-nelsinho-e-soraya-garantem-recursos-para-ciclovias-em-campo-grande\\\/#primaryimage\"},\"thumbnailUrl\":\"https:\\\/\\\/vanderloubet.com.br\\\/deputado\\\/wp-content\\\/uploads\\\/2022\\\/01\\\/foto-2021-09-27-ciclovias-campo-grande.jpg\",\"keywords\":[\"campo grande\",\"emenda parlamentar\",\"mobilidade urbana\"],\"articleSection\":[\"Munic\u00edpios\",\"Not\u00edcias\"],\"inLanguage\":\"pt-BR\"},{\"@type\":\"WebPage\",\"@id\":\"https:\\\/\\\/vanderloubet.com.br\\\/deputado\\\/vander-nelsinho-e-soraya-garantem-recursos-para-ciclovias-em-campo-grande\\\/\",\"url\":\"https:\\\/\\\/vanderloubet.com.br\\\/deputado\\\/vander-nelsinho-e-soraya-garantem-recursos-para-ciclovias-em-campo-grande\\\/\",\"name\":\"Vander, Nelsinho e Soraya garantem recursos para ciclovias em Campo Grande\",\"isPartOf\":{\"@id\":\"https:\\\/\\\/vanderloubet.com.br\\\/deputado\\\/#website\"},\"primaryImageOfPage\":{\"@id\":\"https:\\\/\\\/vanderloubet.com.br\\\/deputado\\\/vander-nelsinho-e-soraya-garantem-recursos-para-ciclovias-em-campo-grande\\\/#primaryimage\"},\"image\":{\"@id\":\"https:\\\/\\\/vanderloubet.com.br\\\/deputado\\\/vander-nelsinho-e-soraya-garantem-recursos-para-ciclovias-em-campo-grande\\\/#primaryimage\"},\"thumbnailUrl\":\"https:\\\/\\\/vanderloubet.com.br\\\/deputado\\\/wp-content\\\/uploads\\\/2022\\\/01\\\/foto-2021-09-27-ciclovias-campo-grande.jpg\",\"datePublished\":\"2021-09-27T22:00:54+00:00\",\"dateModified\":\"2022-02-01T01:51:05+00:00\",\"description\":\"Projetos da Prefeitura contemplam novas ciclovias, revitaliza\u00e7\u00e3o das existentes, implanta\u00e7\u00e3o de ciclofaixas e cria\u00e7\u00e3o de rotas ciclovi\u00e1rias.\",\"breadcrumb\":{\"@id\":\"https:\\\/\\\/vanderloubet.com.br\\\/deputado\\\/vander-nelsinho-e-soraya-garantem-recursos-para-ciclovias-em-campo-grande\\\/#breadcrumb\"},\"inLanguage\":\"pt-BR\",\"potentialAction\":[{\"@type\":\"ReadAction\",\"target\":[\"https:\\\/\\\/vanderloubet.com.br\\\/deputado\\\/vander-nelsinho-e-soraya-garantem-recursos-para-ciclovias-em-campo-grande\\\/\"]}]},{\"@type\":\"ImageObject\",\"inLanguage\":\"pt-BR\",\"@id\":\"https:\\\/\\\/vanderloubet.com.br\\\/deputado\\\/vander-nelsinho-e-soraya-garantem-recursos-para-ciclovias-em-campo-grande\\\/#primaryimage\",\"url\":\"https:\\\/\\\/vanderloubet.com.br\\\/deputado\\\/wp-content\\\/uploads\\\/2022\\\/01\\\/foto-2021-09-27-ciclovias-campo-grande.jpg\",\"contentUrl\":\"https:\\\/\\\/vanderloubet.com.br\\\/deputado\\\/wp-content\\\/uploads\\\/2022\\\/01\\\/foto-2021-09-27-ciclovias-campo-grande.jpg\",\"width\":900,\"height\":675,\"caption\":\"Vander, Nelsinho e Soraya garantem recursos para ciclovias em Campo Grande\"},{\"@type\":\"BreadcrumbList\",\"@id\":\"https:\\\/\\\/vanderloubet.com.br\\\/deputado\\\/vander-nelsinho-e-soraya-garantem-recursos-para-ciclovias-em-campo-grande\\\/#breadcrumb\",\"itemListElement\":[{\"@type\":\"ListItem\",\"position\":1,\"name\":\"In\u00edcio\",\"item\":\"https:\\\/\\\/vanderloubet.com.br\\\/deputado\\\/\"},{\"@type\":\"ListItem\",\"position\":2,\"name\":\"Vander, Nelsinho e Soraya garantem recursos para ciclovias em Campo Grande\"}]},{\"@type\":\"WebSite\",\"@id\":\"https:\\\/\\\/vanderloubet.com.br\\\/deputado\\\/#website\",\"url\":\"https:\\\/\\\/vanderloubet.com.br\\\/deputado\\\/\",\"name\":\"Deputado Federal Vander Loubet\",\"description\":\"O Federal de MS\",\"publisher\":{\"@id\":\"https:\\\/\\\/vanderloubet.com.br\\\/deputado\\\/#organization\"},\"alternateName\":\"Deputado Vander\",\"potentialAction\":[{\"@type\":\"SearchAction\",\"target\":{\"@type\":\"EntryPoint\",\"urlTemplate\":\"https:\\\/\\\/vanderloubet.com.br\\\/deputado\\\/?s={search_term_string}\"},\"query-input\":{\"@type\":\"PropertyValueSpecification\",\"valueRequired\":true,\"valueName\":\"search_term_string\"}}],\"inLanguage\":\"pt-BR\"},{\"@type\":\"Organization\",\"@id\":\"https:\\\/\\\/vanderloubet.com.br\\\/deputado\\\/#organization\",\"name\":\"Deputado Federal Vander Loubet\",\"alternateName\":\"Deputado Vander\",\"url\":\"https:\\\/\\\/vanderloubet.com.br\\\/deputado\\\/\",\"logo\":{\"@type\":\"ImageObject\",\"inLanguage\":\"pt-BR\",\"@id\":\"https:\\\/\\\/vanderloubet.com.br\\\/deputado\\\/#\\\/schema\\\/logo\\\/image\\\/\",\"url\":\"https:\\\/\\\/vanderloubet.com.br\\\/deputado\\\/wp-content\\\/uploads\\\/2023\\\/06\\\/foto-2023-06-19-mandato-deputado-vander.jpg\",\"contentUrl\":\"https:\\\/\\\/vanderloubet.com.br\\\/deputado\\\/wp-content\\\/uploads\\\/2023\\\/06\\\/foto-2023-06-19-mandato-deputado-vander.jpg\",\"width\":1080,\"height\":1080,\"caption\":\"Deputado Federal Vander Loubet\"},\"image\":{\"@id\":\"https:\\\/\\\/vanderloubet.com.br\\\/deputado\\\/#\\\/schema\\\/logo\\\/image\\\/\"},\"sameAs\":[\"https:\\\/\\\/facebook.com\\\/deputadovander\",\"https:\\\/\\\/x.com\\\/vanderloubet\",\"https:\\\/\\\/instagram.com\\\/vanderloubet\",\"https:\\\/\\\/youtube.com\\\/vanderloubet\",\"https:\\\/\\\/tiktok.com\\\/@vanderloubetms\"]},{\"@type\":\"Person\",\"@id\":\"https:\\\/\\\/vanderloubet.com.br\\\/deputado\\\/#\\\/schema\\\/person\\\/15b51bd564532a8a68d9dec1b8eb890e\",\"name\":\"\u00c9der\",\"image\":{\"@type\":\"ImageObject\",\"inLanguage\":\"pt-BR\",\"@id\":\"https:\\\/\\\/vanderloubet.com.br\\\/deputado\\\/wp-content\\\/litespeed\\\/avatar\\\/88ca4090d9d5ab1c9495f6ca03b68efa.jpg?ver=1777058957\",\"url\":\"https:\\\/\\\/vanderloubet.com.br\\\/deputado\\\/wp-content\\\/litespeed\\\/avatar\\\/88ca4090d9d5ab1c9495f6ca03b68efa.jpg?ver=1777058957\",\"contentUrl\":\"https:\\\/\\\/vanderloubet.com.br\\\/deputado\\\/wp-content\\\/litespeed\\\/avatar\\\/88ca4090d9d5ab1c9495f6ca03b68efa.jpg?ver=1777058957\",\"caption\":\"\u00c9der\"}}]}<\/script>\n<!-- \/ Yoast SEO plugin. -->","yoast_head_json":{"title":"Vander, Nelsinho e Soraya garantem recursos para ciclovias em Campo Grande","description":"Projetos da Prefeitura contemplam novas ciclovias, revitaliza\u00e7\u00e3o das existentes, implanta\u00e7\u00e3o de ciclofaixas e cria\u00e7\u00e3o de rotas ciclovi\u00e1rias.","robots":{"index":"index","follow":"follow","max-snippet":"max-snippet:-1","max-image-preview":"max-image-preview:large","max-video-preview":"max-video-preview:-1"},"canonical":"https:\/\/vanderloubet.com.br\/deputado\/vander-nelsinho-e-soraya-garantem-recursos-para-ciclovias-em-campo-grande\/","og_locale":"pt_BR","og_type":"article","og_title":"Vander, Nelsinho e Soraya garantem recursos para ciclovias em Campo Grande","og_description":"Projetos da Prefeitura contemplam novas ciclovias, revitaliza\u00e7\u00e3o das existentes, implanta\u00e7\u00e3o de ciclofaixas e cria\u00e7\u00e3o de rotas ciclovi\u00e1rias.","og_url":"https:\/\/vanderloubet.com.br\/deputado\/vander-nelsinho-e-soraya-garantem-recursos-para-ciclovias-em-campo-grande\/","og_site_name":"Deputado Federal Vander Loubet","article_publisher":"https:\/\/facebook.com\/deputadovander","article_published_time":"2021-09-27T22:00:54+00:00","article_modified_time":"2022-02-01T01:51:05+00:00","og_image":[{"width":900,"height":675,"url":"https:\/\/vanderloubet.com.br\/deputado\/wp-content\/uploads\/2022\/01\/foto-2021-09-27-ciclovias-campo-grande.jpg","type":"image\/jpeg"}],"author":"\u00c9der","twitter_card":"summary_large_image","twitter_creator":"@vanderloubet","twitter_site":"@vanderloubet","schema":{"@context":"https:\/\/schema.org","@graph":[{"@type":"Article","@id":"https:\/\/vanderloubet.com.br\/deputado\/vander-nelsinho-e-soraya-garantem-recursos-para-ciclovias-em-campo-grande\/#article","isPartOf":{"@id":"https:\/\/vanderloubet.com.br\/deputado\/vander-nelsinho-e-soraya-garantem-recursos-para-ciclovias-em-campo-grande\/"},"author":{"name":"\u00c9der","@id":"https:\/\/vanderloubet.com.br\/deputado\/#\/schema\/person\/15b51bd564532a8a68d9dec1b8eb890e"},"headline":"Vander, Nelsinho e Soraya garantem recursos para ciclovias em Campo Grande","datePublished":"2021-09-27T22:00:54+00:00","dateModified":"2022-02-01T01:51:05+00:00","mainEntityOfPage":{"@id":"https:\/\/vanderloubet.com.br\/deputado\/vander-nelsinho-e-soraya-garantem-recursos-para-ciclovias-em-campo-grande\/"},"wordCount":439,"publisher":{"@id":"https:\/\/vanderloubet.com.br\/deputado\/#organization"},"image":{"@id":"https:\/\/vanderloubet.com.br\/deputado\/vander-nelsinho-e-soraya-garantem-recursos-para-ciclovias-em-campo-grande\/#primaryimage"},"thumbnailUrl":"https:\/\/vanderloubet.com.br\/deputado\/wp-content\/uploads\/2022\/01\/foto-2021-09-27-ciclovias-campo-grande.jpg","keywords":["campo grande","emenda parlamentar","mobilidade urbana"],"articleSection":["Munic\u00edpios","Not\u00edcias"],"inLanguage":"pt-BR"},{"@type":"WebPage","@id":"https:\/\/vanderloubet.com.br\/deputado\/vander-nelsinho-e-soraya-garantem-recursos-para-ciclovias-em-campo-grande\/","url":"https:\/\/vanderloubet.com.br\/deputado\/vander-nelsinho-e-soraya-garantem-recursos-para-ciclovias-em-campo-grande\/","name":"Vander, Nelsinho e Soraya garantem recursos para ciclovias em Campo Grande","isPartOf":{"@id":"https:\/\/vanderloubet.com.br\/deputado\/#website"},"primaryImageOfPage":{"@id":"https:\/\/vanderloubet.com.br\/deputado\/vander-nelsinho-e-soraya-garantem-recursos-para-ciclovias-em-campo-grande\/#primaryimage"},"image":{"@id":"https:\/\/vanderloubet.com.br\/deputado\/vander-nelsinho-e-soraya-garantem-recursos-para-ciclovias-em-campo-grande\/#primaryimage"},"thumbnailUrl":"https:\/\/vanderloubet.com.br\/deputado\/wp-content\/uploads\/2022\/01\/foto-2021-09-27-ciclovias-campo-grande.jpg","datePublished":"2021-09-27T22:00:54+00:00","dateModified":"2022-02-01T01:51:05+00:00","description":"Projetos da Prefeitura contemplam novas ciclovias, revitaliza\u00e7\u00e3o das existentes, implanta\u00e7\u00e3o de ciclofaixas e cria\u00e7\u00e3o de rotas ciclovi\u00e1rias.","breadcrumb":{"@id":"https:\/\/vanderloubet.com.br\/deputado\/vander-nelsinho-e-soraya-garantem-recursos-para-ciclovias-em-campo-grande\/#breadcrumb"},"inLanguage":"pt-BR","potentialAction":[{"@type":"ReadAction","target":["https:\/\/vanderloubet.com.br\/deputado\/vander-nelsinho-e-soraya-garantem-recursos-para-ciclovias-em-campo-grande\/"]}]},{"@type":"ImageObject","inLanguage":"pt-BR","@id":"https:\/\/vanderloubet.com.br\/deputado\/vander-nelsinho-e-soraya-garantem-recursos-para-ciclovias-em-campo-grande\/#primaryimage","url":"https:\/\/vanderloubet.com.br\/deputado\/wp-content\/uploads\/2022\/01\/foto-2021-09-27-ciclovias-campo-grande.jpg","contentUrl":"https:\/\/vanderloubet.com.br\/deputado\/wp-content\/uploads\/2022\/01\/foto-2021-09-27-ciclovias-campo-grande.jpg","width":900,"height":675,"caption":"Vander, Nelsinho e Soraya garantem recursos para ciclovias em Campo Grande"},{"@type":"BreadcrumbList","@id":"https:\/\/vanderloubet.com.br\/deputado\/vander-nelsinho-e-soraya-garantem-recursos-para-ciclovias-em-campo-grande\/#breadcrumb","itemListElement":[{"@type":"ListItem","position":1,"name":"In\u00edcio","item":"https:\/\/vanderloubet.com.br\/deputado\/"},{"@type":"ListItem","position":2,"name":"Vander, Nelsinho e Soraya garantem recursos para ciclovias em Campo Grande"}]},{"@type":"WebSite","@id":"https:\/\/vanderloubet.com.br\/deputado\/#website","url":"https:\/\/vanderloubet.com.br\/deputado\/","name":"Deputado Federal Vander Loubet","description":"O Federal de MS","publisher":{"@id":"https:\/\/vanderloubet.com.br\/deputado\/#organization"},"alternateName":"Deputado Vander","potentialAction":[{"@type":"SearchAction","target":{"@type":"EntryPoint","urlTemplate":"https:\/\/vanderloubet.com.br\/deputado\/?s={search_term_string}"},"query-input":{"@type":"PropertyValueSpecification","valueRequired":true,"valueName":"search_term_string"}}],"inLanguage":"pt-BR"},{"@type":"Organization","@id":"https:\/\/vanderloubet.com.br\/deputado\/#organization","name":"Deputado Federal Vander Loubet","alternateName":"Deputado Vander","url":"https:\/\/vanderloubet.com.br\/deputado\/","logo":{"@type":"ImageObject","inLanguage":"pt-BR","@id":"https:\/\/vanderloubet.com.br\/deputado\/#\/schema\/logo\/image\/","url":"https:\/\/vanderloubet.com.br\/deputado\/wp-content\/uploads\/2023\/06\/foto-2023-06-19-mandato-deputado-vander.jpg","contentUrl":"https:\/\/vanderloubet.com.br\/deputado\/wp-content\/uploads\/2023\/06\/foto-2023-06-19-mandato-deputado-vander.jpg","width":1080,"height":1080,"caption":"Deputado Federal Vander Loubet"},"image":{"@id":"https:\/\/vanderloubet.com.br\/deputado\/#\/schema\/logo\/image\/"},"sameAs":["https:\/\/facebook.com\/deputadovander","https:\/\/x.com\/vanderloubet","https:\/\/instagram.com\/vanderloubet","https:\/\/youtube.com\/vanderloubet","https:\/\/tiktok.com\/@vanderloubetms"]},{"@type":"Person","@id":"https:\/\/vanderloubet.com.br\/deputado\/#\/schema\/person\/15b51bd564532a8a68d9dec1b8eb890e","name":"\u00c9der","image":{"@type":"ImageObject","inLanguage":"pt-BR","@id":"https:\/\/vanderloubet.com.br\/deputado\/wp-content\/litespeed\/avatar\/88ca4090d9d5ab1c9495f6ca03b68efa.jpg?ver=1777058957","url":"https:\/\/vanderloubet.com.br\/deputado\/wp-content\/litespeed\/avatar\/88ca4090d9d5ab1c9495f6ca03b68efa.jpg?ver=1777058957","contentUrl":"https:\/\/vanderloubet.com.br\/deputado\/wp-content\/litespeed\/avatar\/88ca4090d9d5ab1c9495f6ca03b68efa.jpg?ver=1777058957","caption":"\u00c9der"}}]}},"jetpack_featured_media_url":"https:\/\/vanderloubet.com.br\/deputado\/wp-content\/uploads\/2022\/01\/foto-2021-09-27-ciclovias-campo-grande.jpg","jetpack_sharing_enabled":true,"_links":{"self":[{"href":"https:\/\/vanderloubet.com.br\/deputado\/wp-json\/wp\/v2\/posts\/17513","targetHints":{"allow":["GET"]}}],"collection":[{"href":"https:\/\/vanderloubet.com.br\/deputado\/wp-json\/wp\/v2\/posts"}],"about":[{"href":"https:\/\/vanderloubet.com.br\/deputado\/wp-json\/wp\/v2\/types\/post"}],"author":[{"embeddable":true,"href":"https:\/\/vanderloubet.com.br\/deputado\/wp-json\/wp\/v2\/users\/2"}],"replies":[{"embeddable":true,"href":"https:\/\/vanderloubet.com.br\/deputado\/wp-json\/wp\/v2\/comments?post=17513"}],"version-history":[{"count":0,"href":"https:\/\/vanderloubet.com.br\/deputado\/wp-json\/wp\/v2\/posts\/17513\/revisions"}],"wp:featuredmedia":[{"embeddable":true,"href":"https:\/\/vanderloubet.com.br\/deputado\/wp-json\/wp\/v2\/media\/17514"}],"wp:attachment":[{"href":"https:\/\/vanderloubet.com.br\/deputado\/wp-json\/wp\/v2\/media?parent=17513"}],"wp:term":[{"taxonomy":"category","embeddable":true,"href":"https:\/\/vanderloubet.com.br\/deputado\/wp-json\/wp\/v2\/categories?post=17513"},{"taxonomy":"post_tag","embeddable":true,"href":"https:\/\/vanderloubet.com.br\/deputado\/wp-json\/wp\/v2\/tags?post=17513"}],"curies":[{"name":"wp","href":"https:\/\/api.w.org\/{rel}","templated":true}]}}