{"id":17420,"date":"2021-12-22T11:33:44","date_gmt":"2021-12-22T15:33:44","guid":{"rendered":"https:\/\/vanderloubet.com.br\/deputado\/?p=17420"},"modified":"2021-12-22T11:36:16","modified_gmt":"2021-12-22T15:36:16","slug":"com-apoio-de-vander-federacao-promove-etapa-de-boxe-em-anastacio","status":"publish","type":"post","link":"https:\/\/vanderloubet.com.br\/deputado\/com-apoio-de-vander-federacao-promove-etapa-de-boxe-em-anastacio\/","title":{"rendered":"Com apoio de Vander, Federa\u00e7\u00e3o promove etapa de boxe em Anast\u00e1cio"},"content":{"rendered":"<p>Na noite de ter\u00e7a-feira (21), Anast\u00e1cio sediou a 3\u00aa etapa do Circuito Estadual de Boxe, promovido pela Federa\u00e7\u00e3o de Boxe de Mato Grosso do Sul (FDBMS). O evento foi realizado na Pra\u00e7a Garibaldi Medeiros, reuniu atletas do estado e da Bol\u00edvia e contou com o apoio do deputado federal Vander Loubet.<\/p>\n<p>Voc\u00ea pode conferir como foi o evento pelo YouTube, por onde a etapa foi transmitida ao vivo: <a href=\"https:\/\/youtu.be\/jyrBF5Wtb1M\" rel=\"noopener\" target=\"_blank\">https:\/\/youtu.be\/jyrBF5Wtb1M<\/a><\/p>\n<p>Para Vander, o incentivo ao esporte \u00e9 uma medida importante. &#8220;O boxe, por exemplo, \u00e9 um esporte que \u00e9 conhecido por ajudar jovens em situa\u00e7\u00e3o de vulnerabilidade social. Inclusive j\u00e1 vimos atletas nossos ganharem medalhas em olimp\u00edadas. Por isso, tenho certeza que \u00e9 importante apoiarmos a modalidade&#8221;, destaca.<\/p>\n<p>O local de realiza\u00e7\u00e3o do evento em Anast\u00e1cio tamb\u00e9m tem uma liga\u00e7\u00e3o importante com o mandato de Vander. A Pra\u00e7a Garibaldi Medeiros \u00e9 onde foi erguida a Central de Comercializa\u00e7\u00e3o da Agricultura Familiar, uma obra viabilizada por meio de parceria entre os deputados Vander Loubet e Zeca do PT, o Governo do Estado (por meio da Agraer e da Semagro) e a Prefeitura. A partir da inaugura\u00e7\u00e3o da Central, o local passou a atrair mais visitantes e se tornou um ponto de encontro movimentado na cidade.<\/p>\n","protected":false},"excerpt":{"rendered":"<p>O evento foi realizado pela FDBMS na Pra\u00e7a Garibaldi Medeiros e reuniu atletas de Mato Grosso do Sul e da Bol\u00edvia.<\/p>\n","protected":false},"author":2,"featured_media":17421,"comment_status":"closed","ping_status":"closed","sticky":false,"template":"","format":"standard","meta":{"jetpack_post_was_ever_published":false,"_jetpack_newsletter_access":"","_jetpack_dont_email_post_to_subs":false,"_jetpack_newsletter_tier_id":0,"_jetpack_memberships_contains_paywalled_content":false,"_jetpack_memberships_contains_paid_content":false,"footnotes":""},"categories":[2097,10],"tags":[126,2305],"class_list":{"0":"post-17420","1":"post","2":"type-post","3":"status-publish","4":"format-standard","5":"has-post-thumbnail","7":"category-municipios-noticias","8":"category-noticias","9":"tag-anastacio","10":"tag-esporte-e-lazer"},"yoast_head":"<!-- This site is optimized with the Yoast SEO plugin v27.4 - https:\/\/yoast.com\/product\/yoast-seo-wordpress\/ -->\n<title>Com apoio de Vander, Federa\u00e7\u00e3o promove etapa de boxe em Anast\u00e1cio<\/title>\n<meta name=\"description\" content=\"O evento foi realizado pela FDBMS na Pra\u00e7a Garibaldi Medeiros e reuniu atletas de Mato Grosso do Sul e da Bol\u00edvia.\" \/>\n<meta name=\"robots\" content=\"index, follow, max-snippet:-1, max-image-preview:large, max-video-preview:-1\" \/>\n<link rel=\"canonical\" href=\"https:\/\/vanderloubet.com.br\/deputado\/com-apoio-de-vander-federacao-promove-etapa-de-boxe-em-anastacio\/\" \/>\n<meta property=\"og:locale\" content=\"pt_BR\" \/>\n<meta property=\"og:type\" content=\"article\" \/>\n<meta property=\"og:title\" content=\"Com apoio de Vander, Federa\u00e7\u00e3o promove etapa de boxe em Anast\u00e1cio\" \/>\n<meta property=\"og:description\" content=\"O evento foi realizado pela FDBMS na Pra\u00e7a Garibaldi Medeiros e reuniu atletas de Mato Grosso do Sul e da Bol\u00edvia.\" \/>\n<meta property=\"og:url\" content=\"https:\/\/vanderloubet.com.br\/deputado\/com-apoio-de-vander-federacao-promove-etapa-de-boxe-em-anastacio\/\" \/>\n<meta property=\"og:site_name\" content=\"Deputado Federal Vander Loubet\" \/>\n<meta property=\"article:publisher\" content=\"https:\/\/facebook.com\/deputadovander\" \/>\n<meta property=\"article:published_time\" content=\"2021-12-22T15:33:44+00:00\" \/>\n<meta property=\"article:modified_time\" content=\"2021-12-22T15:36:16+00:00\" \/>\n<meta property=\"og:image\" content=\"https:\/\/vanderloubet.com.br\/deputado\/wp-content\/uploads\/2021\/12\/fotos-2021-12-22-boxe-anastacio.jpg\" \/>\n\t<meta property=\"og:image:width\" content=\"1080\" \/>\n\t<meta property=\"og:image:height\" content=\"600\" \/>\n\t<meta property=\"og:image:type\" content=\"image\/jpeg\" \/>\n<meta name=\"author\" content=\"\u00c9der\" \/>\n<meta name=\"twitter:card\" content=\"summary_large_image\" \/>\n<meta name=\"twitter:creator\" content=\"@vanderloubet\" \/>\n<meta name=\"twitter:site\" content=\"@vanderloubet\" \/>\n<script type=\"application\/ld+json\" class=\"yoast-schema-graph\">{\"@context\":\"https:\\\/\\\/schema.org\",\"@graph\":[{\"@type\":\"Article\",\"@id\":\"https:\\\/\\\/vanderloubet.com.br\\\/deputado\\\/com-apoio-de-vander-federacao-promove-etapa-de-boxe-em-anastacio\\\/#article\",\"isPartOf\":{\"@id\":\"https:\\\/\\\/vanderloubet.com.br\\\/deputado\\\/com-apoio-de-vander-federacao-promove-etapa-de-boxe-em-anastacio\\\/\"},\"author\":{\"name\":\"\u00c9der\",\"@id\":\"https:\\\/\\\/vanderloubet.com.br\\\/deputado\\\/#\\\/schema\\\/person\\\/15b51bd564532a8a68d9dec1b8eb890e\"},\"headline\":\"Com apoio de Vander, Federa\u00e7\u00e3o promove etapa de boxe em Anast\u00e1cio\",\"datePublished\":\"2021-12-22T15:33:44+00:00\",\"dateModified\":\"2021-12-22T15:36:16+00:00\",\"mainEntityOfPage\":{\"@id\":\"https:\\\/\\\/vanderloubet.com.br\\\/deputado\\\/com-apoio-de-vander-federacao-promove-etapa-de-boxe-em-anastacio\\\/\"},\"wordCount\":228,\"publisher\":{\"@id\":\"https:\\\/\\\/vanderloubet.com.br\\\/deputado\\\/#organization\"},\"image\":{\"@id\":\"https:\\\/\\\/vanderloubet.com.br\\\/deputado\\\/com-apoio-de-vander-federacao-promove-etapa-de-boxe-em-anastacio\\\/#primaryimage\"},\"thumbnailUrl\":\"https:\\\/\\\/vanderloubet.com.br\\\/deputado\\\/wp-content\\\/uploads\\\/2021\\\/12\\\/fotos-2021-12-22-boxe-anastacio.jpg\",\"keywords\":[\"anast\u00e1cio\",\"esporte e lazer\"],\"articleSection\":[\"Munic\u00edpios\",\"Not\u00edcias\"],\"inLanguage\":\"pt-BR\"},{\"@type\":\"WebPage\",\"@id\":\"https:\\\/\\\/vanderloubet.com.br\\\/deputado\\\/com-apoio-de-vander-federacao-promove-etapa-de-boxe-em-anastacio\\\/\",\"url\":\"https:\\\/\\\/vanderloubet.com.br\\\/deputado\\\/com-apoio-de-vander-federacao-promove-etapa-de-boxe-em-anastacio\\\/\",\"name\":\"Com apoio de Vander, Federa\u00e7\u00e3o promove etapa de boxe em Anast\u00e1cio\",\"isPartOf\":{\"@id\":\"https:\\\/\\\/vanderloubet.com.br\\\/deputado\\\/#website\"},\"primaryImageOfPage\":{\"@id\":\"https:\\\/\\\/vanderloubet.com.br\\\/deputado\\\/com-apoio-de-vander-federacao-promove-etapa-de-boxe-em-anastacio\\\/#primaryimage\"},\"image\":{\"@id\":\"https:\\\/\\\/vanderloubet.com.br\\\/deputado\\\/com-apoio-de-vander-federacao-promove-etapa-de-boxe-em-anastacio\\\/#primaryimage\"},\"thumbnailUrl\":\"https:\\\/\\\/vanderloubet.com.br\\\/deputado\\\/wp-content\\\/uploads\\\/2021\\\/12\\\/fotos-2021-12-22-boxe-anastacio.jpg\",\"datePublished\":\"2021-12-22T15:33:44+00:00\",\"dateModified\":\"2021-12-22T15:36:16+00:00\",\"description\":\"O evento foi realizado pela FDBMS na Pra\u00e7a Garibaldi Medeiros e reuniu atletas de Mato Grosso do Sul e da Bol\u00edvia.\",\"breadcrumb\":{\"@id\":\"https:\\\/\\\/vanderloubet.com.br\\\/deputado\\\/com-apoio-de-vander-federacao-promove-etapa-de-boxe-em-anastacio\\\/#breadcrumb\"},\"inLanguage\":\"pt-BR\",\"potentialAction\":[{\"@type\":\"ReadAction\",\"target\":[\"https:\\\/\\\/vanderloubet.com.br\\\/deputado\\\/com-apoio-de-vander-federacao-promove-etapa-de-boxe-em-anastacio\\\/\"]}]},{\"@type\":\"ImageObject\",\"inLanguage\":\"pt-BR\",\"@id\":\"https:\\\/\\\/vanderloubet.com.br\\\/deputado\\\/com-apoio-de-vander-federacao-promove-etapa-de-boxe-em-anastacio\\\/#primaryimage\",\"url\":\"https:\\\/\\\/vanderloubet.com.br\\\/deputado\\\/wp-content\\\/uploads\\\/2021\\\/12\\\/fotos-2021-12-22-boxe-anastacio.jpg\",\"contentUrl\":\"https:\\\/\\\/vanderloubet.com.br\\\/deputado\\\/wp-content\\\/uploads\\\/2021\\\/12\\\/fotos-2021-12-22-boxe-anastacio.jpg\",\"width\":1080,\"height\":600,\"caption\":\"Com apoio de Vander, Federa\u00e7\u00e3o promove etapa de boxe em Anast\u00e1cio\"},{\"@type\":\"BreadcrumbList\",\"@id\":\"https:\\\/\\\/vanderloubet.com.br\\\/deputado\\\/com-apoio-de-vander-federacao-promove-etapa-de-boxe-em-anastacio\\\/#breadcrumb\",\"itemListElement\":[{\"@type\":\"ListItem\",\"position\":1,\"name\":\"In\u00edcio\",\"item\":\"https:\\\/\\\/vanderloubet.com.br\\\/deputado\\\/\"},{\"@type\":\"ListItem\",\"position\":2,\"name\":\"Com apoio de Vander, Federa\u00e7\u00e3o promove etapa de boxe em Anast\u00e1cio\"}]},{\"@type\":\"WebSite\",\"@id\":\"https:\\\/\\\/vanderloubet.com.br\\\/deputado\\\/#website\",\"url\":\"https:\\\/\\\/vanderloubet.com.br\\\/deputado\\\/\",\"name\":\"Deputado Federal Vander Loubet\",\"description\":\"O Federal de MS\",\"publisher\":{\"@id\":\"https:\\\/\\\/vanderloubet.com.br\\\/deputado\\\/#organization\"},\"alternateName\":\"Deputado Vander\",\"potentialAction\":[{\"@type\":\"SearchAction\",\"target\":{\"@type\":\"EntryPoint\",\"urlTemplate\":\"https:\\\/\\\/vanderloubet.com.br\\\/deputado\\\/?s={search_term_string}\"},\"query-input\":{\"@type\":\"PropertyValueSpecification\",\"valueRequired\":true,\"valueName\":\"search_term_string\"}}],\"inLanguage\":\"pt-BR\"},{\"@type\":\"Organization\",\"@id\":\"https:\\\/\\\/vanderloubet.com.br\\\/deputado\\\/#organization\",\"name\":\"Deputado Federal Vander Loubet\",\"alternateName\":\"Deputado Vander\",\"url\":\"https:\\\/\\\/vanderloubet.com.br\\\/deputado\\\/\",\"logo\":{\"@type\":\"ImageObject\",\"inLanguage\":\"pt-BR\",\"@id\":\"https:\\\/\\\/vanderloubet.com.br\\\/deputado\\\/#\\\/schema\\\/logo\\\/image\\\/\",\"url\":\"https:\\\/\\\/vanderloubet.com.br\\\/deputado\\\/wp-content\\\/uploads\\\/2023\\\/06\\\/foto-2023-06-19-mandato-deputado-vander.jpg\",\"contentUrl\":\"https:\\\/\\\/vanderloubet.com.br\\\/deputado\\\/wp-content\\\/uploads\\\/2023\\\/06\\\/foto-2023-06-19-mandato-deputado-vander.jpg\",\"width\":1080,\"height\":1080,\"caption\":\"Deputado Federal Vander Loubet\"},\"image\":{\"@id\":\"https:\\\/\\\/vanderloubet.com.br\\\/deputado\\\/#\\\/schema\\\/logo\\\/image\\\/\"},\"sameAs\":[\"https:\\\/\\\/facebook.com\\\/deputadovander\",\"https:\\\/\\\/x.com\\\/vanderloubet\",\"https:\\\/\\\/instagram.com\\\/vanderloubet\",\"https:\\\/\\\/youtube.com\\\/vanderloubet\",\"https:\\\/\\\/tiktok.com\\\/@vanderloubetms\"]},{\"@type\":\"Person\",\"@id\":\"https:\\\/\\\/vanderloubet.com.br\\\/deputado\\\/#\\\/schema\\\/person\\\/15b51bd564532a8a68d9dec1b8eb890e\",\"name\":\"\u00c9der\",\"image\":{\"@type\":\"ImageObject\",\"inLanguage\":\"pt-BR\",\"@id\":\"https:\\\/\\\/vanderloubet.com.br\\\/deputado\\\/wp-content\\\/litespeed\\\/avatar\\\/88ca4090d9d5ab1c9495f6ca03b68efa.jpg?ver=1777058957\",\"url\":\"https:\\\/\\\/vanderloubet.com.br\\\/deputado\\\/wp-content\\\/litespeed\\\/avatar\\\/88ca4090d9d5ab1c9495f6ca03b68efa.jpg?ver=1777058957\",\"contentUrl\":\"https:\\\/\\\/vanderloubet.com.br\\\/deputado\\\/wp-content\\\/litespeed\\\/avatar\\\/88ca4090d9d5ab1c9495f6ca03b68efa.jpg?ver=1777058957\",\"caption\":\"\u00c9der\"}}]}<\/script>\n<!-- \/ Yoast SEO plugin. -->","yoast_head_json":{"title":"Com apoio de Vander, Federa\u00e7\u00e3o promove etapa de boxe em Anast\u00e1cio","description":"O evento foi realizado pela FDBMS na Pra\u00e7a Garibaldi Medeiros e reuniu atletas de Mato Grosso do Sul e da Bol\u00edvia.","robots":{"index":"index","follow":"follow","max-snippet":"max-snippet:-1","max-image-preview":"max-image-preview:large","max-video-preview":"max-video-preview:-1"},"canonical":"https:\/\/vanderloubet.com.br\/deputado\/com-apoio-de-vander-federacao-promove-etapa-de-boxe-em-anastacio\/","og_locale":"pt_BR","og_type":"article","og_title":"Com apoio de Vander, Federa\u00e7\u00e3o promove etapa de boxe em Anast\u00e1cio","og_description":"O evento foi realizado pela FDBMS na Pra\u00e7a Garibaldi Medeiros e reuniu atletas de Mato Grosso do Sul e da Bol\u00edvia.","og_url":"https:\/\/vanderloubet.com.br\/deputado\/com-apoio-de-vander-federacao-promove-etapa-de-boxe-em-anastacio\/","og_site_name":"Deputado Federal Vander Loubet","article_publisher":"https:\/\/facebook.com\/deputadovander","article_published_time":"2021-12-22T15:33:44+00:00","article_modified_time":"2021-12-22T15:36:16+00:00","og_image":[{"width":1080,"height":600,"url":"https:\/\/vanderloubet.com.br\/deputado\/wp-content\/uploads\/2021\/12\/fotos-2021-12-22-boxe-anastacio.jpg","type":"image\/jpeg"}],"author":"\u00c9der","twitter_card":"summary_large_image","twitter_creator":"@vanderloubet","twitter_site":"@vanderloubet","schema":{"@context":"https:\/\/schema.org","@graph":[{"@type":"Article","@id":"https:\/\/vanderloubet.com.br\/deputado\/com-apoio-de-vander-federacao-promove-etapa-de-boxe-em-anastacio\/#article","isPartOf":{"@id":"https:\/\/vanderloubet.com.br\/deputado\/com-apoio-de-vander-federacao-promove-etapa-de-boxe-em-anastacio\/"},"author":{"name":"\u00c9der","@id":"https:\/\/vanderloubet.com.br\/deputado\/#\/schema\/person\/15b51bd564532a8a68d9dec1b8eb890e"},"headline":"Com apoio de Vander, Federa\u00e7\u00e3o promove etapa de boxe em Anast\u00e1cio","datePublished":"2021-12-22T15:33:44+00:00","dateModified":"2021-12-22T15:36:16+00:00","mainEntityOfPage":{"@id":"https:\/\/vanderloubet.com.br\/deputado\/com-apoio-de-vander-federacao-promove-etapa-de-boxe-em-anastacio\/"},"wordCount":228,"publisher":{"@id":"https:\/\/vanderloubet.com.br\/deputado\/#organization"},"image":{"@id":"https:\/\/vanderloubet.com.br\/deputado\/com-apoio-de-vander-federacao-promove-etapa-de-boxe-em-anastacio\/#primaryimage"},"thumbnailUrl":"https:\/\/vanderloubet.com.br\/deputado\/wp-content\/uploads\/2021\/12\/fotos-2021-12-22-boxe-anastacio.jpg","keywords":["anast\u00e1cio","esporte e lazer"],"articleSection":["Munic\u00edpios","Not\u00edcias"],"inLanguage":"pt-BR"},{"@type":"WebPage","@id":"https:\/\/vanderloubet.com.br\/deputado\/com-apoio-de-vander-federacao-promove-etapa-de-boxe-em-anastacio\/","url":"https:\/\/vanderloubet.com.br\/deputado\/com-apoio-de-vander-federacao-promove-etapa-de-boxe-em-anastacio\/","name":"Com apoio de Vander, Federa\u00e7\u00e3o promove etapa de boxe em Anast\u00e1cio","isPartOf":{"@id":"https:\/\/vanderloubet.com.br\/deputado\/#website"},"primaryImageOfPage":{"@id":"https:\/\/vanderloubet.com.br\/deputado\/com-apoio-de-vander-federacao-promove-etapa-de-boxe-em-anastacio\/#primaryimage"},"image":{"@id":"https:\/\/vanderloubet.com.br\/deputado\/com-apoio-de-vander-federacao-promove-etapa-de-boxe-em-anastacio\/#primaryimage"},"thumbnailUrl":"https:\/\/vanderloubet.com.br\/deputado\/wp-content\/uploads\/2021\/12\/fotos-2021-12-22-boxe-anastacio.jpg","datePublished":"2021-12-22T15:33:44+00:00","dateModified":"2021-12-22T15:36:16+00:00","description":"O evento foi realizado pela FDBMS na Pra\u00e7a Garibaldi Medeiros e reuniu atletas de Mato Grosso do Sul e da Bol\u00edvia.","breadcrumb":{"@id":"https:\/\/vanderloubet.com.br\/deputado\/com-apoio-de-vander-federacao-promove-etapa-de-boxe-em-anastacio\/#breadcrumb"},"inLanguage":"pt-BR","potentialAction":[{"@type":"ReadAction","target":["https:\/\/vanderloubet.com.br\/deputado\/com-apoio-de-vander-federacao-promove-etapa-de-boxe-em-anastacio\/"]}]},{"@type":"ImageObject","inLanguage":"pt-BR","@id":"https:\/\/vanderloubet.com.br\/deputado\/com-apoio-de-vander-federacao-promove-etapa-de-boxe-em-anastacio\/#primaryimage","url":"https:\/\/vanderloubet.com.br\/deputado\/wp-content\/uploads\/2021\/12\/fotos-2021-12-22-boxe-anastacio.jpg","contentUrl":"https:\/\/vanderloubet.com.br\/deputado\/wp-content\/uploads\/2021\/12\/fotos-2021-12-22-boxe-anastacio.jpg","width":1080,"height":600,"caption":"Com apoio de Vander, Federa\u00e7\u00e3o promove etapa de boxe em Anast\u00e1cio"},{"@type":"BreadcrumbList","@id":"https:\/\/vanderloubet.com.br\/deputado\/com-apoio-de-vander-federacao-promove-etapa-de-boxe-em-anastacio\/#breadcrumb","itemListElement":[{"@type":"ListItem","position":1,"name":"In\u00edcio","item":"https:\/\/vanderloubet.com.br\/deputado\/"},{"@type":"ListItem","position":2,"name":"Com apoio de Vander, Federa\u00e7\u00e3o promove etapa de boxe em Anast\u00e1cio"}]},{"@type":"WebSite","@id":"https:\/\/vanderloubet.com.br\/deputado\/#website","url":"https:\/\/vanderloubet.com.br\/deputado\/","name":"Deputado Federal Vander Loubet","description":"O Federal de MS","publisher":{"@id":"https:\/\/vanderloubet.com.br\/deputado\/#organization"},"alternateName":"Deputado Vander","potentialAction":[{"@type":"SearchAction","target":{"@type":"EntryPoint","urlTemplate":"https:\/\/vanderloubet.com.br\/deputado\/?s={search_term_string}"},"query-input":{"@type":"PropertyValueSpecification","valueRequired":true,"valueName":"search_term_string"}}],"inLanguage":"pt-BR"},{"@type":"Organization","@id":"https:\/\/vanderloubet.com.br\/deputado\/#organization","name":"Deputado Federal Vander Loubet","alternateName":"Deputado Vander","url":"https:\/\/vanderloubet.com.br\/deputado\/","logo":{"@type":"ImageObject","inLanguage":"pt-BR","@id":"https:\/\/vanderloubet.com.br\/deputado\/#\/schema\/logo\/image\/","url":"https:\/\/vanderloubet.com.br\/deputado\/wp-content\/uploads\/2023\/06\/foto-2023-06-19-mandato-deputado-vander.jpg","contentUrl":"https:\/\/vanderloubet.com.br\/deputado\/wp-content\/uploads\/2023\/06\/foto-2023-06-19-mandato-deputado-vander.jpg","width":1080,"height":1080,"caption":"Deputado Federal Vander Loubet"},"image":{"@id":"https:\/\/vanderloubet.com.br\/deputado\/#\/schema\/logo\/image\/"},"sameAs":["https:\/\/facebook.com\/deputadovander","https:\/\/x.com\/vanderloubet","https:\/\/instagram.com\/vanderloubet","https:\/\/youtube.com\/vanderloubet","https:\/\/tiktok.com\/@vanderloubetms"]},{"@type":"Person","@id":"https:\/\/vanderloubet.com.br\/deputado\/#\/schema\/person\/15b51bd564532a8a68d9dec1b8eb890e","name":"\u00c9der","image":{"@type":"ImageObject","inLanguage":"pt-BR","@id":"https:\/\/vanderloubet.com.br\/deputado\/wp-content\/litespeed\/avatar\/88ca4090d9d5ab1c9495f6ca03b68efa.jpg?ver=1777058957","url":"https:\/\/vanderloubet.com.br\/deputado\/wp-content\/litespeed\/avatar\/88ca4090d9d5ab1c9495f6ca03b68efa.jpg?ver=1777058957","contentUrl":"https:\/\/vanderloubet.com.br\/deputado\/wp-content\/litespeed\/avatar\/88ca4090d9d5ab1c9495f6ca03b68efa.jpg?ver=1777058957","caption":"\u00c9der"}}]}},"jetpack_featured_media_url":"https:\/\/vanderloubet.com.br\/deputado\/wp-content\/uploads\/2021\/12\/fotos-2021-12-22-boxe-anastacio.jpg","jetpack_sharing_enabled":true,"_links":{"self":[{"href":"https:\/\/vanderloubet.com.br\/deputado\/wp-json\/wp\/v2\/posts\/17420","targetHints":{"allow":["GET"]}}],"collection":[{"href":"https:\/\/vanderloubet.com.br\/deputado\/wp-json\/wp\/v2\/posts"}],"about":[{"href":"https:\/\/vanderloubet.com.br\/deputado\/wp-json\/wp\/v2\/types\/post"}],"author":[{"embeddable":true,"href":"https:\/\/vanderloubet.com.br\/deputado\/wp-json\/wp\/v2\/users\/2"}],"replies":[{"embeddable":true,"href":"https:\/\/vanderloubet.com.br\/deputado\/wp-json\/wp\/v2\/comments?post=17420"}],"version-history":[{"count":0,"href":"https:\/\/vanderloubet.com.br\/deputado\/wp-json\/wp\/v2\/posts\/17420\/revisions"}],"wp:featuredmedia":[{"embeddable":true,"href":"https:\/\/vanderloubet.com.br\/deputado\/wp-json\/wp\/v2\/media\/17421"}],"wp:attachment":[{"href":"https:\/\/vanderloubet.com.br\/deputado\/wp-json\/wp\/v2\/media?parent=17420"}],"wp:term":[{"taxonomy":"category","embeddable":true,"href":"https:\/\/vanderloubet.com.br\/deputado\/wp-json\/wp\/v2\/categories?post=17420"},{"taxonomy":"post_tag","embeddable":true,"href":"https:\/\/vanderloubet.com.br\/deputado\/wp-json\/wp\/v2\/tags?post=17420"}],"curies":[{"name":"wp","href":"https:\/\/api.w.org\/{rel}","templated":true}]}}