{"id":17406,"date":"2021-12-20T11:05:42","date_gmt":"2021-12-20T15:05:42","guid":{"rendered":"https:\/\/vanderloubet.com.br\/deputado\/?p=17406"},"modified":"2022-02-16T16:50:32","modified_gmt":"2022-02-16T20:50:32","slug":"iluminacao-de-natal-chega-a-municipios-e-leva-esperanca-a-populacao","status":"publish","type":"post","link":"https:\/\/vanderloubet.com.br\/deputado\/iluminacao-de-natal-chega-a-municipios-e-leva-esperanca-a-populacao\/","title":{"rendered":"Ilumina\u00e7\u00e3o de Natal chega a munic\u00edpios e leva esperan\u00e7a \u00e0 popula\u00e7\u00e3o"},"content":{"rendered":"<p>Com a chegada do Natal, \u00e9poca de celebra\u00e7\u00e3o do nascimento do menino Jesus e que inspira paz, esperan\u00e7a e amor, as pessoas tendem a olhar para este momento com mais aten\u00e7\u00e3o, bondade e gratid\u00e3o.<\/p>\n<p>Em 2021, a data ganha mais destaque, principalmente ap\u00f3s um ano conturbado em que a popula\u00e7\u00e3o enfrentou per\u00edodos dif\u00edceis de isolamento social e perdas por conta da pandemia da Covid-19.<\/p>\n<p>Pensando nisso e atendendo a pedidos muito especiais, o deputado federal Vander Loubet destinou verbas para instala\u00e7\u00e3o da ilumina\u00e7\u00e3o natalina que enfeita as cidades de Aral Moreira, Juti, Japor\u00e3, Sete Quedas e Tacuru.<\/p>\n<p>O simples ato de iluminar as ruas e pra\u00e7as dos munic\u00edpios fez com que a popula\u00e7\u00e3o, que ainda tinha medo e resqu\u00edcios da pandemia, visitasse os locais para tirar fotos e celebrar junto daqueles que mais amam. Isso s\u00f3 foi poss\u00edvel por conta da dedica\u00e7\u00e3o das primeiras-damas que, no in\u00edcio do ano, j\u00e1 haviam solicitado ao deputado recursos para a aquisi\u00e7\u00e3o dos materiais.<\/p>\n\r\n                <style type=\"text\/css\">\r\n                    \r\n                    #tdi_1  .td-doubleSlider-2 .td-item1 {\r\n                        background: url(https:\/\/vanderloubet.com.br\/deputado\/wp-content\/uploads\/2021\/12\/fotos-2021-12-20-iluminacao-natal-aral-moreira-80x60.jpg) 0 0 no-repeat;\r\n                    }\r\n                    #tdi_1  .td-doubleSlider-2 .td-item2 {\r\n                        background: url(https:\/\/vanderloubet.com.br\/deputado\/wp-content\/uploads\/2021\/12\/fotos-2021-12-20-iluminacao-natal-japora-80x60.jpg) 0 0 no-repeat;\r\n                    }\r\n                    #tdi_1  .td-doubleSlider-2 .td-item3 {\r\n                        background: url(https:\/\/vanderloubet.com.br\/deputado\/wp-content\/uploads\/2021\/12\/fotos-2021-12-20-iluminacao-natal-juti-80x60.jpg) 0 0 no-repeat;\r\n                    }\r\n                    #tdi_1  .td-doubleSlider-2 .td-item4 {\r\n                        background: url(https:\/\/vanderloubet.com.br\/deputado\/wp-content\/uploads\/2021\/12\/fotos-2021-12-20-iluminacao-natal-sete-quedas-80x60.jpg) 0 0 no-repeat;\r\n                    }\r\n                    #tdi_1  .td-doubleSlider-2 .td-item5 {\r\n                        background: url(https:\/\/vanderloubet.com.br\/deputado\/wp-content\/uploads\/2021\/12\/fotos-2021-12-20-iluminacao-natal-tacuru-80x60.jpg) 0 0 no-repeat;\r\n                    }\r\n                <\/style>\r\n\r\n                <div id=\"tdi_1\" class=\"td-gallery td-slide-on-2-columns\">\r\n                    <div class=\"post_td_gallery\">\r\n                        <div class=\"td-gallery-slide-top\">\r\n                           <div class=\"td-gallery-title\"><\/div>\r\n\r\n                            <div class=\"td-gallery-controls-wrapper\">\r\n                                <div class=\"td-gallery-slide-count\"><span class=\"td-gallery-slide-item-focus\">1<\/span> de 5<\/div>\r\n                                <div class=\"td-gallery-slide-prev-next-but\">\r\n                                    <i class = \"td-icon-left doubleSliderPrevButton\"><\/i>\r\n                                    <i class = \"td-icon-right doubleSliderNextButton\"><\/i>\r\n                                <\/div>\r\n                            <\/div>\r\n                        <\/div>\r\n\r\n                        <div class = \"td-doubleSlider-1 \">\r\n                            <div class = \"td-slider\">\r\n                                \r\n                    <div class = \"td-slide-item td-item1\">\r\n                        <figure class=\"td-slide-galery-figure td-slide-popup-gallery\">\r\n                            <a class=\"slide-gallery-image-link\" href=\"https:\/\/vanderloubet.com.br\/deputado\/wp-content\/uploads\/2021\/12\/fotos-2021-12-20-iluminacao-natal-aral-moreira.jpg\" title=\"Ilumina\u00e7\u00e3o de Natal em Aral Moreira\"  data-caption=\"\"  data-description=\"Ilumina&ccedil;&atilde;o de Natal em Aral Moreira\">\r\n                                <img decoding=\"async\" src=\"https:\/\/vanderloubet.com.br\/deputado\/wp-content\/uploads\/2021\/12\/fotos-2021-12-20-iluminacao-natal-aral-moreira-747x420.jpg\" srcset=\"https:\/\/vanderloubet.com.br\/deputado\/wp-content\/uploads\/2021\/12\/fotos-2021-12-20-iluminacao-natal-aral-moreira-747x420.jpg 747w, https:\/\/vanderloubet.com.br\/deputado\/wp-content\/uploads\/2021\/12\/fotos-2021-12-20-iluminacao-natal-aral-moreira-350x197.jpg 350w, https:\/\/vanderloubet.com.br\/deputado\/wp-content\/uploads\/2021\/12\/fotos-2021-12-20-iluminacao-natal-aral-moreira-768x432.jpg 768w, https:\/\/vanderloubet.com.br\/deputado\/wp-content\/uploads\/2021\/12\/fotos-2021-12-20-iluminacao-natal-aral-moreira-700x394.jpg 700w, https:\/\/vanderloubet.com.br\/deputado\/wp-content\/uploads\/2021\/12\/fotos-2021-12-20-iluminacao-natal-aral-moreira-696x392.jpg 696w, https:\/\/vanderloubet.com.br\/deputado\/wp-content\/uploads\/2021\/12\/fotos-2021-12-20-iluminacao-natal-aral-moreira-1068x601.jpg 1068w, https:\/\/vanderloubet.com.br\/deputado\/wp-content\/uploads\/2021\/12\/fotos-2021-12-20-iluminacao-natal-aral-moreira.jpg 1280w\" sizes=\"(max-width: 747px) 100vw, 747px\" alt=\"Ilumina&ccedil;&atilde;o de Natal em Aral Moreira\">\r\n                            <\/a>\r\n                            <figcaption class = \"td-slide-caption td-gallery-slide-content\"><span>Ilumina\u00e7\u00e3o de Natal em Aral Moreira<\/span><\/figcaption>\r\n                        <\/figure>\r\n                    <\/div>\r\n                    <div class = \"td-slide-item td-item2\">\r\n                        <figure class=\"td-slide-galery-figure td-slide-popup-gallery\">\r\n                            <a class=\"slide-gallery-image-link\" href=\"https:\/\/vanderloubet.com.br\/deputado\/wp-content\/uploads\/2021\/12\/fotos-2021-12-20-iluminacao-natal-japora.jpg\" title=\"Ilumina\u00e7\u00e3o de Natal em Japor\u00e3\"  data-caption=\"\"  data-description=\"Ilumina&ccedil;&atilde;o de Natal em Japor&atilde;\">\r\n                                <img decoding=\"async\" src=\"https:\/\/vanderloubet.com.br\/deputado\/wp-content\/uploads\/2021\/12\/fotos-2021-12-20-iluminacao-natal-japora-747x420.jpg\" srcset=\"https:\/\/vanderloubet.com.br\/deputado\/wp-content\/uploads\/2021\/12\/fotos-2021-12-20-iluminacao-natal-japora-747x420.jpg 747w, https:\/\/vanderloubet.com.br\/deputado\/wp-content\/uploads\/2021\/12\/fotos-2021-12-20-iluminacao-natal-japora-350x197.jpg 350w, https:\/\/vanderloubet.com.br\/deputado\/wp-content\/uploads\/2021\/12\/fotos-2021-12-20-iluminacao-natal-japora-768x432.jpg 768w, https:\/\/vanderloubet.com.br\/deputado\/wp-content\/uploads\/2021\/12\/fotos-2021-12-20-iluminacao-natal-japora-700x394.jpg 700w, https:\/\/vanderloubet.com.br\/deputado\/wp-content\/uploads\/2021\/12\/fotos-2021-12-20-iluminacao-natal-japora-696x392.jpg 696w, https:\/\/vanderloubet.com.br\/deputado\/wp-content\/uploads\/2021\/12\/fotos-2021-12-20-iluminacao-natal-japora-1068x601.jpg 1068w, https:\/\/vanderloubet.com.br\/deputado\/wp-content\/uploads\/2021\/12\/fotos-2021-12-20-iluminacao-natal-japora.jpg 1280w\" sizes=\"(max-width: 747px) 100vw, 747px\" alt=\"Ilumina&ccedil;&atilde;o de Natal em Japor&atilde;\">\r\n                            <\/a>\r\n                            <figcaption class = \"td-slide-caption td-gallery-slide-content\"><span>Ilumina\u00e7\u00e3o de Natal em Japor\u00e3<\/span><\/figcaption>\r\n                        <\/figure>\r\n                    <\/div>\r\n                    <div class = \"td-slide-item td-item3\">\r\n                        <figure class=\"td-slide-galery-figure td-slide-popup-gallery\">\r\n                            <a class=\"slide-gallery-image-link\" href=\"https:\/\/vanderloubet.com.br\/deputado\/wp-content\/uploads\/2021\/12\/fotos-2021-12-20-iluminacao-natal-juti.jpg\" title=\"Ilumina\u00e7\u00e3o de Natal em Juti\"  data-caption=\"\"  data-description=\"Ilumina&ccedil;&atilde;o de Natal em Juti\">\r\n                                <img decoding=\"async\" src=\"https:\/\/vanderloubet.com.br\/deputado\/wp-content\/uploads\/2021\/12\/fotos-2021-12-20-iluminacao-natal-juti-747x420.jpg\" srcset=\"https:\/\/vanderloubet.com.br\/deputado\/wp-content\/uploads\/2021\/12\/fotos-2021-12-20-iluminacao-natal-juti-747x420.jpg 747w, https:\/\/vanderloubet.com.br\/deputado\/wp-content\/uploads\/2021\/12\/fotos-2021-12-20-iluminacao-natal-juti-350x197.jpg 350w, https:\/\/vanderloubet.com.br\/deputado\/wp-content\/uploads\/2021\/12\/fotos-2021-12-20-iluminacao-natal-juti-768x432.jpg 768w, https:\/\/vanderloubet.com.br\/deputado\/wp-content\/uploads\/2021\/12\/fotos-2021-12-20-iluminacao-natal-juti-700x394.jpg 700w, https:\/\/vanderloubet.com.br\/deputado\/wp-content\/uploads\/2021\/12\/fotos-2021-12-20-iluminacao-natal-juti-696x392.jpg 696w, https:\/\/vanderloubet.com.br\/deputado\/wp-content\/uploads\/2021\/12\/fotos-2021-12-20-iluminacao-natal-juti-1068x601.jpg 1068w, https:\/\/vanderloubet.com.br\/deputado\/wp-content\/uploads\/2021\/12\/fotos-2021-12-20-iluminacao-natal-juti.jpg 1280w\" sizes=\"(max-width: 747px) 100vw, 747px\" alt=\"Ilumina&ccedil;&atilde;o de Natal em Juti\">\r\n                            <\/a>\r\n                            <figcaption class = \"td-slide-caption td-gallery-slide-content\"><span>Ilumina\u00e7\u00e3o de Natal em Juti<\/span><\/figcaption>\r\n                        <\/figure>\r\n                    <\/div>\r\n                    <div class = \"td-slide-item td-item4\">\r\n                        <figure class=\"td-slide-galery-figure td-slide-popup-gallery\">\r\n                            <a class=\"slide-gallery-image-link\" href=\"https:\/\/vanderloubet.com.br\/deputado\/wp-content\/uploads\/2021\/12\/fotos-2021-12-20-iluminacao-natal-sete-quedas.jpg\" title=\"Ilumina\u00e7\u00e3o de Natal em Sete Quedas\"  data-caption=\"\"  data-description=\"Ilumina&ccedil;&atilde;o de Natal em Sete Quedas\">\r\n                                <img decoding=\"async\" src=\"https:\/\/vanderloubet.com.br\/deputado\/wp-content\/uploads\/2021\/12\/fotos-2021-12-20-iluminacao-natal-sete-quedas-747x420.jpg\" srcset=\"https:\/\/vanderloubet.com.br\/deputado\/wp-content\/uploads\/2021\/12\/fotos-2021-12-20-iluminacao-natal-sete-quedas-747x420.jpg 747w, https:\/\/vanderloubet.com.br\/deputado\/wp-content\/uploads\/2021\/12\/fotos-2021-12-20-iluminacao-natal-sete-quedas-350x197.jpg 350w, https:\/\/vanderloubet.com.br\/deputado\/wp-content\/uploads\/2021\/12\/fotos-2021-12-20-iluminacao-natal-sete-quedas-768x432.jpg 768w, https:\/\/vanderloubet.com.br\/deputado\/wp-content\/uploads\/2021\/12\/fotos-2021-12-20-iluminacao-natal-sete-quedas-700x394.jpg 700w, https:\/\/vanderloubet.com.br\/deputado\/wp-content\/uploads\/2021\/12\/fotos-2021-12-20-iluminacao-natal-sete-quedas-696x392.jpg 696w, https:\/\/vanderloubet.com.br\/deputado\/wp-content\/uploads\/2021\/12\/fotos-2021-12-20-iluminacao-natal-sete-quedas-1068x601.jpg 1068w, https:\/\/vanderloubet.com.br\/deputado\/wp-content\/uploads\/2021\/12\/fotos-2021-12-20-iluminacao-natal-sete-quedas.jpg 1280w\" sizes=\"(max-width: 747px) 100vw, 747px\" alt=\"Ilumina&ccedil;&atilde;o de Natal em Sete Quedas\">\r\n                            <\/a>\r\n                            <figcaption class = \"td-slide-caption td-gallery-slide-content\"><span>Ilumina\u00e7\u00e3o de Natal em Sete Quedas<\/span><\/figcaption>\r\n                        <\/figure>\r\n                    <\/div>\r\n                    <div class = \"td-slide-item td-item5\">\r\n                        <figure class=\"td-slide-galery-figure td-slide-popup-gallery\">\r\n                            <a class=\"slide-gallery-image-link\" href=\"https:\/\/vanderloubet.com.br\/deputado\/wp-content\/uploads\/2021\/12\/fotos-2021-12-20-iluminacao-natal-tacuru.jpg\" title=\"Ilumina\u00e7\u00e3o de Natal em Tacuru\"  data-caption=\"\"  data-description=\"Ilumina&ccedil;&atilde;o de Natal em Tacuru\">\r\n                                <img decoding=\"async\" src=\"https:\/\/vanderloubet.com.br\/deputado\/wp-content\/uploads\/2021\/12\/fotos-2021-12-20-iluminacao-natal-tacuru-747x420.jpg\" srcset=\"https:\/\/vanderloubet.com.br\/deputado\/wp-content\/uploads\/2021\/12\/fotos-2021-12-20-iluminacao-natal-tacuru-747x420.jpg 747w, https:\/\/vanderloubet.com.br\/deputado\/wp-content\/uploads\/2021\/12\/fotos-2021-12-20-iluminacao-natal-tacuru-350x197.jpg 350w, https:\/\/vanderloubet.com.br\/deputado\/wp-content\/uploads\/2021\/12\/fotos-2021-12-20-iluminacao-natal-tacuru-768x432.jpg 768w, https:\/\/vanderloubet.com.br\/deputado\/wp-content\/uploads\/2021\/12\/fotos-2021-12-20-iluminacao-natal-tacuru-700x394.jpg 700w, https:\/\/vanderloubet.com.br\/deputado\/wp-content\/uploads\/2021\/12\/fotos-2021-12-20-iluminacao-natal-tacuru-696x392.jpg 696w, https:\/\/vanderloubet.com.br\/deputado\/wp-content\/uploads\/2021\/12\/fotos-2021-12-20-iluminacao-natal-tacuru-1068x601.jpg 1068w, https:\/\/vanderloubet.com.br\/deputado\/wp-content\/uploads\/2021\/12\/fotos-2021-12-20-iluminacao-natal-tacuru.jpg 1280w\" sizes=\"(max-width: 747px) 100vw, 747px\" alt=\"Ilumina&ccedil;&atilde;o de Natal em Tacuru\">\r\n                            <\/a>\r\n                            <figcaption class = \"td-slide-caption td-gallery-slide-content\"><span>Ilumina\u00e7\u00e3o de Natal em Tacuru<\/span><\/figcaption>\r\n                        <\/figure>\r\n                    <\/div>\r\n                            <\/div>\r\n                        <\/div>\r\n\r\n                        <div class = \"td-doubleSlider-2\">\r\n                            <div class = \"td-slider\">\r\n                                \r\n                    <div class = \"td-button td-item1\">\r\n                        <div class = \"td-border\"><\/div>\r\n                    <\/div>\r\n                    <div class = \"td-button td-item2\">\r\n                        <div class = \"td-border\"><\/div>\r\n                    <\/div>\r\n                    <div class = \"td-button td-item3\">\r\n                        <div class = \"td-border\"><\/div>\r\n                    <\/div>\r\n                    <div class = \"td-button td-item4\">\r\n                        <div class = \"td-border\"><\/div>\r\n                    <\/div>\r\n                    <div class = \"td-button td-item5\">\r\n                        <div class = \"td-border\"><\/div>\r\n                    <\/div>\r\n                            <\/div>\r\n                        <\/div>\r\n\r\n                    <\/div>\r\n\r\n                <\/div>\r\n                \n<p>Veridiana Barbosa, primeira-dama de Japor\u00e3, disse que o momento \u00e9 de esperan\u00e7a e felicidade pela cidade estar retomando suas atividades normalmente.<\/p>\n<p>&#8220;Agrade\u00e7o ao deputado Vander pela sensibilidade e companheirismo em destinar ao munic\u00edpio de Japor\u00e3 recursos que nos possibilitaram realizar a decora\u00e7\u00e3o natalina. Que Deus o aben\u00e7oe sempre&#8221;, afirmou.<\/p>\n<p>Em Japor\u00e3, \u00e9 poss\u00edvel ver a decora\u00e7\u00e3o na Avenida Deputado Fernando Saldanha, na Pra\u00e7a Central e na Rotat\u00f3ria da Padroeira, locais aconchegantes para desfrutar junto \u00e0s fam\u00edlias.<\/p>\n<p>Em Sete Quedas, a Pra\u00e7a Ponta Grossa, no Centro, foi iluminada na sexta-feira (17). A primeira-dama Luiza Piroli disse que a decora\u00e7\u00e3o foi um benef\u00edcio \u00e0 cidade, que vai embelezar ainda mais a pra\u00e7a central. &#8220;Fica registrada a nossa gratid\u00e3o pelo empenho e dedica\u00e7\u00e3o por esse significativo benef\u00edcio do deputado conosco&#8221;, destacou Luiza.<\/p>\n<p>Os tacuruenses foram os primeiros a receber a ilumina\u00e7\u00e3o, no dia 8 de dezembro. A decora\u00e7\u00e3o foi instalada na Pra\u00e7a do Terer\u00e9, na Pra\u00e7a da Prefeitura, na Avenida Isidora Velhava e na Rotat\u00f3ria do Boi.<\/p>\n<p>O prefeito Rog\u00e9rio Torquetti relatou que as luzes de Natal resgataram a import\u00e2ncia desta \u00e9poca, principalmente ap\u00f3s a pandemia, oferecendo um ambiente mais festivo com o verdadeiro clima natalino.<\/p>\n<p>&#8220;Todo este projeto foi colocado em pr\u00e1tica pela minha esposa Fernanda Torquetti, que trabalhou junto \u00e0 equipe da Prefeitura, realizando o trabalho para iluminar os dias dos nossos mun\u00edcipes, fomentando o com\u00e9rcio local e deixando a cidade ainda mais bonita para os turistas que passam por Tacuru&#8221;, disse.<\/p>\n<p>Em Juti, as luzes foram colocadas na Pra\u00e7a da Cohab, na Pra\u00e7a de Eventos, na Avenida Gabriel de Oliveira e na Pra\u00e7a Central, onde a popula\u00e7\u00e3o ainda p\u00f4de tirar fotos com o Papai Noel.<\/p>\n<p>J\u00e1 em Aral Moreira a celebra\u00e7\u00e3o aconteceu na quinta-feira (16), na Pra\u00e7a Central Expedito Oliveira de Carvalho. A popula\u00e7\u00e3o ainda pode ver as luzes na Rua Mato Grosso do Sul e na rotat\u00f3ria da entrada da cidade.<\/p>\n<p>O deputado Vander Loubet afirma estar contente que a popula\u00e7\u00e3o dos munic\u00edpios possam ver suas cidades ainda mais bonitas e enfeitadas. Al\u00e9m disso, o parlamentar ressalta que, mesmo sendo algo singelo, as luzes representam retomada, paz e esperan\u00e7a para todos e todas.<\/p>\n<p>&#8220;Desejo a todos e todas um feliz Natal e um pr\u00f3spero ano novo! Que 2022 seja de muita alegria, paz e mudan\u00e7as positivas&#8221;, declarou Vander.<\/p>\n<p><em>(Alex Nantes\/Ascom Dep. Vander Loubet)<\/em><\/p>\n","protected":false},"excerpt":{"rendered":"<p>Deputado Vander destinou verbas para ilumina\u00e7\u00e3o natalina que enfeita as cidades de Aral Moreira, Juti, Japor\u00e3, Sete Quedas e Tacuru.<\/p>\n","protected":false},"author":2,"featured_media":17409,"comment_status":"closed","ping_status":"closed","sticky":false,"template":"","format":"standard","meta":{"jetpack_post_was_ever_published":false,"_jetpack_newsletter_access":"","_jetpack_dont_email_post_to_subs":false,"_jetpack_newsletter_tier_id":0,"_jetpack_memberships_contains_paywalled_content":false,"_jetpack_memberships_contains_paid_content":false,"footnotes":""},"categories":[2097,10],"tags":[2464,2127,1360],"class_list":{"0":"post-17406","1":"post","2":"type-post","3":"status-publish","4":"format-standard","5":"has-post-thumbnail","7":"category-municipios-noticias","8":"category-noticias","9":"tag-ano-novo","10":"tag-emenda-parlamentar","11":"tag-natal"},"yoast_head":"<!-- This site is optimized with the Yoast SEO plugin v27.4 - https:\/\/yoast.com\/product\/yoast-seo-wordpress\/ -->\n<title>Ilumina\u00e7\u00e3o de Natal chega a munic\u00edpios e leva esperan\u00e7a \u00e0 popula\u00e7\u00e3o<\/title>\n<meta name=\"description\" content=\"Deputado Vander destinou verbas para ilumina\u00e7\u00e3o natalina que enfeita as cidades de Aral Moreira, Juti, Japor\u00e3, Sete Quedas e Tacuru.\" \/>\n<meta name=\"robots\" content=\"index, follow, max-snippet:-1, max-image-preview:large, max-video-preview:-1\" \/>\n<link rel=\"canonical\" href=\"https:\/\/vanderloubet.com.br\/deputado\/iluminacao-de-natal-chega-a-municipios-e-leva-esperanca-a-populacao\/\" \/>\n<meta property=\"og:locale\" content=\"pt_BR\" \/>\n<meta property=\"og:type\" content=\"article\" \/>\n<meta property=\"og:title\" content=\"Ilumina\u00e7\u00e3o de Natal chega a munic\u00edpios e leva esperan\u00e7a \u00e0 popula\u00e7\u00e3o\" \/>\n<meta property=\"og:description\" content=\"Deputado Vander destinou verbas para ilumina\u00e7\u00e3o natalina que enfeita as cidades de Aral Moreira, Juti, Japor\u00e3, Sete Quedas e Tacuru.\" \/>\n<meta property=\"og:url\" content=\"https:\/\/vanderloubet.com.br\/deputado\/iluminacao-de-natal-chega-a-municipios-e-leva-esperanca-a-populacao\/\" \/>\n<meta property=\"og:site_name\" content=\"Deputado Federal Vander Loubet\" \/>\n<meta property=\"article:publisher\" content=\"https:\/\/facebook.com\/deputadovander\" \/>\n<meta property=\"article:published_time\" content=\"2021-12-20T15:05:42+00:00\" \/>\n<meta property=\"article:modified_time\" content=\"2022-02-16T20:50:32+00:00\" \/>\n<meta property=\"og:image\" content=\"https:\/\/vanderloubet.com.br\/deputado\/wp-content\/uploads\/2021\/12\/fotos-2021-12-20-iluminacao-natal-juti.jpg\" \/>\n\t<meta property=\"og:image:width\" content=\"1280\" \/>\n\t<meta property=\"og:image:height\" content=\"720\" \/>\n\t<meta property=\"og:image:type\" content=\"image\/jpeg\" \/>\n<meta name=\"author\" content=\"\u00c9der\" \/>\n<meta name=\"twitter:card\" content=\"summary_large_image\" \/>\n<meta name=\"twitter:creator\" content=\"@vanderloubet\" \/>\n<meta name=\"twitter:site\" content=\"@vanderloubet\" \/>\n<script type=\"application\/ld+json\" class=\"yoast-schema-graph\">{\"@context\":\"https:\\\/\\\/schema.org\",\"@graph\":[{\"@type\":\"Article\",\"@id\":\"https:\\\/\\\/vanderloubet.com.br\\\/deputado\\\/iluminacao-de-natal-chega-a-municipios-e-leva-esperanca-a-populacao\\\/#article\",\"isPartOf\":{\"@id\":\"https:\\\/\\\/vanderloubet.com.br\\\/deputado\\\/iluminacao-de-natal-chega-a-municipios-e-leva-esperanca-a-populacao\\\/\"},\"author\":{\"name\":\"\u00c9der\",\"@id\":\"https:\\\/\\\/vanderloubet.com.br\\\/deputado\\\/#\\\/schema\\\/person\\\/15b51bd564532a8a68d9dec1b8eb890e\"},\"headline\":\"Ilumina\u00e7\u00e3o de Natal chega a munic\u00edpios e leva esperan\u00e7a \u00e0 popula\u00e7\u00e3o\",\"datePublished\":\"2021-12-20T15:05:42+00:00\",\"dateModified\":\"2022-02-16T20:50:32+00:00\",\"mainEntityOfPage\":{\"@id\":\"https:\\\/\\\/vanderloubet.com.br\\\/deputado\\\/iluminacao-de-natal-chega-a-municipios-e-leva-esperanca-a-populacao\\\/\"},\"wordCount\":620,\"publisher\":{\"@id\":\"https:\\\/\\\/vanderloubet.com.br\\\/deputado\\\/#organization\"},\"image\":{\"@id\":\"https:\\\/\\\/vanderloubet.com.br\\\/deputado\\\/iluminacao-de-natal-chega-a-municipios-e-leva-esperanca-a-populacao\\\/#primaryimage\"},\"thumbnailUrl\":\"https:\\\/\\\/vanderloubet.com.br\\\/deputado\\\/wp-content\\\/uploads\\\/2021\\\/12\\\/fotos-2021-12-20-iluminacao-natal-juti.jpg\",\"keywords\":[\"ano novo\",\"emenda parlamentar\",\"natal\"],\"articleSection\":[\"Munic\u00edpios\",\"Not\u00edcias\"],\"inLanguage\":\"pt-BR\"},{\"@type\":\"WebPage\",\"@id\":\"https:\\\/\\\/vanderloubet.com.br\\\/deputado\\\/iluminacao-de-natal-chega-a-municipios-e-leva-esperanca-a-populacao\\\/\",\"url\":\"https:\\\/\\\/vanderloubet.com.br\\\/deputado\\\/iluminacao-de-natal-chega-a-municipios-e-leva-esperanca-a-populacao\\\/\",\"name\":\"Ilumina\u00e7\u00e3o de Natal chega a munic\u00edpios e leva esperan\u00e7a \u00e0 popula\u00e7\u00e3o\",\"isPartOf\":{\"@id\":\"https:\\\/\\\/vanderloubet.com.br\\\/deputado\\\/#website\"},\"primaryImageOfPage\":{\"@id\":\"https:\\\/\\\/vanderloubet.com.br\\\/deputado\\\/iluminacao-de-natal-chega-a-municipios-e-leva-esperanca-a-populacao\\\/#primaryimage\"},\"image\":{\"@id\":\"https:\\\/\\\/vanderloubet.com.br\\\/deputado\\\/iluminacao-de-natal-chega-a-municipios-e-leva-esperanca-a-populacao\\\/#primaryimage\"},\"thumbnailUrl\":\"https:\\\/\\\/vanderloubet.com.br\\\/deputado\\\/wp-content\\\/uploads\\\/2021\\\/12\\\/fotos-2021-12-20-iluminacao-natal-juti.jpg\",\"datePublished\":\"2021-12-20T15:05:42+00:00\",\"dateModified\":\"2022-02-16T20:50:32+00:00\",\"description\":\"Deputado Vander destinou verbas para ilumina\u00e7\u00e3o natalina que enfeita as cidades de Aral Moreira, Juti, Japor\u00e3, Sete Quedas e Tacuru.\",\"breadcrumb\":{\"@id\":\"https:\\\/\\\/vanderloubet.com.br\\\/deputado\\\/iluminacao-de-natal-chega-a-municipios-e-leva-esperanca-a-populacao\\\/#breadcrumb\"},\"inLanguage\":\"pt-BR\",\"potentialAction\":[{\"@type\":\"ReadAction\",\"target\":[\"https:\\\/\\\/vanderloubet.com.br\\\/deputado\\\/iluminacao-de-natal-chega-a-municipios-e-leva-esperanca-a-populacao\\\/\"]}]},{\"@type\":\"ImageObject\",\"inLanguage\":\"pt-BR\",\"@id\":\"https:\\\/\\\/vanderloubet.com.br\\\/deputado\\\/iluminacao-de-natal-chega-a-municipios-e-leva-esperanca-a-populacao\\\/#primaryimage\",\"url\":\"https:\\\/\\\/vanderloubet.com.br\\\/deputado\\\/wp-content\\\/uploads\\\/2021\\\/12\\\/fotos-2021-12-20-iluminacao-natal-juti.jpg\",\"contentUrl\":\"https:\\\/\\\/vanderloubet.com.br\\\/deputado\\\/wp-content\\\/uploads\\\/2021\\\/12\\\/fotos-2021-12-20-iluminacao-natal-juti.jpg\",\"width\":1280,\"height\":720,\"caption\":\"Ilumina\u00e7\u00e3o de Natal em Juti\"},{\"@type\":\"BreadcrumbList\",\"@id\":\"https:\\\/\\\/vanderloubet.com.br\\\/deputado\\\/iluminacao-de-natal-chega-a-municipios-e-leva-esperanca-a-populacao\\\/#breadcrumb\",\"itemListElement\":[{\"@type\":\"ListItem\",\"position\":1,\"name\":\"In\u00edcio\",\"item\":\"https:\\\/\\\/vanderloubet.com.br\\\/deputado\\\/\"},{\"@type\":\"ListItem\",\"position\":2,\"name\":\"Ilumina\u00e7\u00e3o de Natal chega a munic\u00edpios e leva esperan\u00e7a \u00e0 popula\u00e7\u00e3o\"}]},{\"@type\":\"WebSite\",\"@id\":\"https:\\\/\\\/vanderloubet.com.br\\\/deputado\\\/#website\",\"url\":\"https:\\\/\\\/vanderloubet.com.br\\\/deputado\\\/\",\"name\":\"Deputado Federal Vander Loubet\",\"description\":\"O Federal de MS\",\"publisher\":{\"@id\":\"https:\\\/\\\/vanderloubet.com.br\\\/deputado\\\/#organization\"},\"alternateName\":\"Deputado Vander\",\"potentialAction\":[{\"@type\":\"SearchAction\",\"target\":{\"@type\":\"EntryPoint\",\"urlTemplate\":\"https:\\\/\\\/vanderloubet.com.br\\\/deputado\\\/?s={search_term_string}\"},\"query-input\":{\"@type\":\"PropertyValueSpecification\",\"valueRequired\":true,\"valueName\":\"search_term_string\"}}],\"inLanguage\":\"pt-BR\"},{\"@type\":\"Organization\",\"@id\":\"https:\\\/\\\/vanderloubet.com.br\\\/deputado\\\/#organization\",\"name\":\"Deputado Federal Vander Loubet\",\"alternateName\":\"Deputado Vander\",\"url\":\"https:\\\/\\\/vanderloubet.com.br\\\/deputado\\\/\",\"logo\":{\"@type\":\"ImageObject\",\"inLanguage\":\"pt-BR\",\"@id\":\"https:\\\/\\\/vanderloubet.com.br\\\/deputado\\\/#\\\/schema\\\/logo\\\/image\\\/\",\"url\":\"https:\\\/\\\/vanderloubet.com.br\\\/deputado\\\/wp-content\\\/uploads\\\/2023\\\/06\\\/foto-2023-06-19-mandato-deputado-vander.jpg\",\"contentUrl\":\"https:\\\/\\\/vanderloubet.com.br\\\/deputado\\\/wp-content\\\/uploads\\\/2023\\\/06\\\/foto-2023-06-19-mandato-deputado-vander.jpg\",\"width\":1080,\"height\":1080,\"caption\":\"Deputado Federal Vander Loubet\"},\"image\":{\"@id\":\"https:\\\/\\\/vanderloubet.com.br\\\/deputado\\\/#\\\/schema\\\/logo\\\/image\\\/\"},\"sameAs\":[\"https:\\\/\\\/facebook.com\\\/deputadovander\",\"https:\\\/\\\/x.com\\\/vanderloubet\",\"https:\\\/\\\/instagram.com\\\/vanderloubet\",\"https:\\\/\\\/youtube.com\\\/vanderloubet\",\"https:\\\/\\\/tiktok.com\\\/@vanderloubetms\"]},{\"@type\":\"Person\",\"@id\":\"https:\\\/\\\/vanderloubet.com.br\\\/deputado\\\/#\\\/schema\\\/person\\\/15b51bd564532a8a68d9dec1b8eb890e\",\"name\":\"\u00c9der\",\"image\":{\"@type\":\"ImageObject\",\"inLanguage\":\"pt-BR\",\"@id\":\"https:\\\/\\\/vanderloubet.com.br\\\/deputado\\\/wp-content\\\/litespeed\\\/avatar\\\/88ca4090d9d5ab1c9495f6ca03b68efa.jpg?ver=1777058957\",\"url\":\"https:\\\/\\\/vanderloubet.com.br\\\/deputado\\\/wp-content\\\/litespeed\\\/avatar\\\/88ca4090d9d5ab1c9495f6ca03b68efa.jpg?ver=1777058957\",\"contentUrl\":\"https:\\\/\\\/vanderloubet.com.br\\\/deputado\\\/wp-content\\\/litespeed\\\/avatar\\\/88ca4090d9d5ab1c9495f6ca03b68efa.jpg?ver=1777058957\",\"caption\":\"\u00c9der\"}}]}<\/script>\n<!-- \/ Yoast SEO plugin. -->","yoast_head_json":{"title":"Ilumina\u00e7\u00e3o de Natal chega a munic\u00edpios e leva esperan\u00e7a \u00e0 popula\u00e7\u00e3o","description":"Deputado Vander destinou verbas para ilumina\u00e7\u00e3o natalina que enfeita as cidades de Aral Moreira, Juti, Japor\u00e3, Sete Quedas e Tacuru.","robots":{"index":"index","follow":"follow","max-snippet":"max-snippet:-1","max-image-preview":"max-image-preview:large","max-video-preview":"max-video-preview:-1"},"canonical":"https:\/\/vanderloubet.com.br\/deputado\/iluminacao-de-natal-chega-a-municipios-e-leva-esperanca-a-populacao\/","og_locale":"pt_BR","og_type":"article","og_title":"Ilumina\u00e7\u00e3o de Natal chega a munic\u00edpios e leva esperan\u00e7a \u00e0 popula\u00e7\u00e3o","og_description":"Deputado Vander destinou verbas para ilumina\u00e7\u00e3o natalina que enfeita as cidades de Aral Moreira, Juti, Japor\u00e3, Sete Quedas e Tacuru.","og_url":"https:\/\/vanderloubet.com.br\/deputado\/iluminacao-de-natal-chega-a-municipios-e-leva-esperanca-a-populacao\/","og_site_name":"Deputado Federal Vander Loubet","article_publisher":"https:\/\/facebook.com\/deputadovander","article_published_time":"2021-12-20T15:05:42+00:00","article_modified_time":"2022-02-16T20:50:32+00:00","og_image":[{"width":1280,"height":720,"url":"https:\/\/vanderloubet.com.br\/deputado\/wp-content\/uploads\/2021\/12\/fotos-2021-12-20-iluminacao-natal-juti.jpg","type":"image\/jpeg"}],"author":"\u00c9der","twitter_card":"summary_large_image","twitter_creator":"@vanderloubet","twitter_site":"@vanderloubet","schema":{"@context":"https:\/\/schema.org","@graph":[{"@type":"Article","@id":"https:\/\/vanderloubet.com.br\/deputado\/iluminacao-de-natal-chega-a-municipios-e-leva-esperanca-a-populacao\/#article","isPartOf":{"@id":"https:\/\/vanderloubet.com.br\/deputado\/iluminacao-de-natal-chega-a-municipios-e-leva-esperanca-a-populacao\/"},"author":{"name":"\u00c9der","@id":"https:\/\/vanderloubet.com.br\/deputado\/#\/schema\/person\/15b51bd564532a8a68d9dec1b8eb890e"},"headline":"Ilumina\u00e7\u00e3o de Natal chega a munic\u00edpios e leva esperan\u00e7a \u00e0 popula\u00e7\u00e3o","datePublished":"2021-12-20T15:05:42+00:00","dateModified":"2022-02-16T20:50:32+00:00","mainEntityOfPage":{"@id":"https:\/\/vanderloubet.com.br\/deputado\/iluminacao-de-natal-chega-a-municipios-e-leva-esperanca-a-populacao\/"},"wordCount":620,"publisher":{"@id":"https:\/\/vanderloubet.com.br\/deputado\/#organization"},"image":{"@id":"https:\/\/vanderloubet.com.br\/deputado\/iluminacao-de-natal-chega-a-municipios-e-leva-esperanca-a-populacao\/#primaryimage"},"thumbnailUrl":"https:\/\/vanderloubet.com.br\/deputado\/wp-content\/uploads\/2021\/12\/fotos-2021-12-20-iluminacao-natal-juti.jpg","keywords":["ano novo","emenda parlamentar","natal"],"articleSection":["Munic\u00edpios","Not\u00edcias"],"inLanguage":"pt-BR"},{"@type":"WebPage","@id":"https:\/\/vanderloubet.com.br\/deputado\/iluminacao-de-natal-chega-a-municipios-e-leva-esperanca-a-populacao\/","url":"https:\/\/vanderloubet.com.br\/deputado\/iluminacao-de-natal-chega-a-municipios-e-leva-esperanca-a-populacao\/","name":"Ilumina\u00e7\u00e3o de Natal chega a munic\u00edpios e leva esperan\u00e7a \u00e0 popula\u00e7\u00e3o","isPartOf":{"@id":"https:\/\/vanderloubet.com.br\/deputado\/#website"},"primaryImageOfPage":{"@id":"https:\/\/vanderloubet.com.br\/deputado\/iluminacao-de-natal-chega-a-municipios-e-leva-esperanca-a-populacao\/#primaryimage"},"image":{"@id":"https:\/\/vanderloubet.com.br\/deputado\/iluminacao-de-natal-chega-a-municipios-e-leva-esperanca-a-populacao\/#primaryimage"},"thumbnailUrl":"https:\/\/vanderloubet.com.br\/deputado\/wp-content\/uploads\/2021\/12\/fotos-2021-12-20-iluminacao-natal-juti.jpg","datePublished":"2021-12-20T15:05:42+00:00","dateModified":"2022-02-16T20:50:32+00:00","description":"Deputado Vander destinou verbas para ilumina\u00e7\u00e3o natalina que enfeita as cidades de Aral Moreira, Juti, Japor\u00e3, Sete Quedas e Tacuru.","breadcrumb":{"@id":"https:\/\/vanderloubet.com.br\/deputado\/iluminacao-de-natal-chega-a-municipios-e-leva-esperanca-a-populacao\/#breadcrumb"},"inLanguage":"pt-BR","potentialAction":[{"@type":"ReadAction","target":["https:\/\/vanderloubet.com.br\/deputado\/iluminacao-de-natal-chega-a-municipios-e-leva-esperanca-a-populacao\/"]}]},{"@type":"ImageObject","inLanguage":"pt-BR","@id":"https:\/\/vanderloubet.com.br\/deputado\/iluminacao-de-natal-chega-a-municipios-e-leva-esperanca-a-populacao\/#primaryimage","url":"https:\/\/vanderloubet.com.br\/deputado\/wp-content\/uploads\/2021\/12\/fotos-2021-12-20-iluminacao-natal-juti.jpg","contentUrl":"https:\/\/vanderloubet.com.br\/deputado\/wp-content\/uploads\/2021\/12\/fotos-2021-12-20-iluminacao-natal-juti.jpg","width":1280,"height":720,"caption":"Ilumina\u00e7\u00e3o de Natal em Juti"},{"@type":"BreadcrumbList","@id":"https:\/\/vanderloubet.com.br\/deputado\/iluminacao-de-natal-chega-a-municipios-e-leva-esperanca-a-populacao\/#breadcrumb","itemListElement":[{"@type":"ListItem","position":1,"name":"In\u00edcio","item":"https:\/\/vanderloubet.com.br\/deputado\/"},{"@type":"ListItem","position":2,"name":"Ilumina\u00e7\u00e3o de Natal chega a munic\u00edpios e leva esperan\u00e7a \u00e0 popula\u00e7\u00e3o"}]},{"@type":"WebSite","@id":"https:\/\/vanderloubet.com.br\/deputado\/#website","url":"https:\/\/vanderloubet.com.br\/deputado\/","name":"Deputado Federal Vander Loubet","description":"O Federal de MS","publisher":{"@id":"https:\/\/vanderloubet.com.br\/deputado\/#organization"},"alternateName":"Deputado Vander","potentialAction":[{"@type":"SearchAction","target":{"@type":"EntryPoint","urlTemplate":"https:\/\/vanderloubet.com.br\/deputado\/?s={search_term_string}"},"query-input":{"@type":"PropertyValueSpecification","valueRequired":true,"valueName":"search_term_string"}}],"inLanguage":"pt-BR"},{"@type":"Organization","@id":"https:\/\/vanderloubet.com.br\/deputado\/#organization","name":"Deputado Federal Vander Loubet","alternateName":"Deputado Vander","url":"https:\/\/vanderloubet.com.br\/deputado\/","logo":{"@type":"ImageObject","inLanguage":"pt-BR","@id":"https:\/\/vanderloubet.com.br\/deputado\/#\/schema\/logo\/image\/","url":"https:\/\/vanderloubet.com.br\/deputado\/wp-content\/uploads\/2023\/06\/foto-2023-06-19-mandato-deputado-vander.jpg","contentUrl":"https:\/\/vanderloubet.com.br\/deputado\/wp-content\/uploads\/2023\/06\/foto-2023-06-19-mandato-deputado-vander.jpg","width":1080,"height":1080,"caption":"Deputado Federal Vander Loubet"},"image":{"@id":"https:\/\/vanderloubet.com.br\/deputado\/#\/schema\/logo\/image\/"},"sameAs":["https:\/\/facebook.com\/deputadovander","https:\/\/x.com\/vanderloubet","https:\/\/instagram.com\/vanderloubet","https:\/\/youtube.com\/vanderloubet","https:\/\/tiktok.com\/@vanderloubetms"]},{"@type":"Person","@id":"https:\/\/vanderloubet.com.br\/deputado\/#\/schema\/person\/15b51bd564532a8a68d9dec1b8eb890e","name":"\u00c9der","image":{"@type":"ImageObject","inLanguage":"pt-BR","@id":"https:\/\/vanderloubet.com.br\/deputado\/wp-content\/litespeed\/avatar\/88ca4090d9d5ab1c9495f6ca03b68efa.jpg?ver=1777058957","url":"https:\/\/vanderloubet.com.br\/deputado\/wp-content\/litespeed\/avatar\/88ca4090d9d5ab1c9495f6ca03b68efa.jpg?ver=1777058957","contentUrl":"https:\/\/vanderloubet.com.br\/deputado\/wp-content\/litespeed\/avatar\/88ca4090d9d5ab1c9495f6ca03b68efa.jpg?ver=1777058957","caption":"\u00c9der"}}]}},"jetpack_featured_media_url":"https:\/\/vanderloubet.com.br\/deputado\/wp-content\/uploads\/2021\/12\/fotos-2021-12-20-iluminacao-natal-juti.jpg","jetpack_sharing_enabled":true,"_links":{"self":[{"href":"https:\/\/vanderloubet.com.br\/deputado\/wp-json\/wp\/v2\/posts\/17406","targetHints":{"allow":["GET"]}}],"collection":[{"href":"https:\/\/vanderloubet.com.br\/deputado\/wp-json\/wp\/v2\/posts"}],"about":[{"href":"https:\/\/vanderloubet.com.br\/deputado\/wp-json\/wp\/v2\/types\/post"}],"author":[{"embeddable":true,"href":"https:\/\/vanderloubet.com.br\/deputado\/wp-json\/wp\/v2\/users\/2"}],"replies":[{"embeddable":true,"href":"https:\/\/vanderloubet.com.br\/deputado\/wp-json\/wp\/v2\/comments?post=17406"}],"version-history":[{"count":0,"href":"https:\/\/vanderloubet.com.br\/deputado\/wp-json\/wp\/v2\/posts\/17406\/revisions"}],"wp:featuredmedia":[{"embeddable":true,"href":"https:\/\/vanderloubet.com.br\/deputado\/wp-json\/wp\/v2\/media\/17409"}],"wp:attachment":[{"href":"https:\/\/vanderloubet.com.br\/deputado\/wp-json\/wp\/v2\/media?parent=17406"}],"wp:term":[{"taxonomy":"category","embeddable":true,"href":"https:\/\/vanderloubet.com.br\/deputado\/wp-json\/wp\/v2\/categories?post=17406"},{"taxonomy":"post_tag","embeddable":true,"href":"https:\/\/vanderloubet.com.br\/deputado\/wp-json\/wp\/v2\/tags?post=17406"}],"curies":[{"name":"wp","href":"https:\/\/api.w.org\/{rel}","templated":true}]}}