{"id":17392,"date":"2021-11-24T11:44:22","date_gmt":"2021-11-24T15:44:22","guid":{"rendered":"https:\/\/vanderloubet.com.br\/deputado\/?p=17392"},"modified":"2022-10-17T16:25:27","modified_gmt":"2022-10-17T20:25:27","slug":"vander-segue-no-topo-do-ranking-da-conquista-de-recursos-para-ms","status":"publish","type":"post","link":"https:\/\/vanderloubet.com.br\/deputado\/vander-segue-no-topo-do-ranking-da-conquista-de-recursos-para-ms\/","title":{"rendered":"Vander segue no topo do ranking da conquista de recursos para MS"},"content":{"rendered":"<p>De acordo com o Siga Brasil, portal do Senado que monitora a execu\u00e7\u00e3o do or\u00e7amento p\u00fablico federal, o deputado federal Vander Loubet (PT-MS) segue como o parlamentar de Mato Grosso do Sul com o melhor desempenho na conquista de recursos para o Estado e os munic\u00edpios por meio de emendas parlamentares individuais.<\/p>\n<p>O portal analisa as emendas apresentadas e executadas desde janeiro de 2015. At\u00e9 24 de novembro deste ano, Vander j\u00e1 assegurou R$ 71,9 milh\u00f5es em recursos.<\/p>\n<ul>\n<li>Deputado Vander Loubet = R$ 71,9 milh\u00f5es<\/li>\n<li>Deputado Dagoberto Nogueira = R$ 69,6 milh\u00f5es<\/li>\n<li>Senadora Simone Tebet = R$ 53,1 milh\u00f5es<\/li>\n<li>Ex-deputado Luiz Henrique Mandetta = R$ 43,4 milh\u00f5es<\/li>\n<li>Ex-deputado Zeca do PT = R$ 42,7 milh\u00f5es<\/li>\n<li>Ex-deputado Geraldo Resende = R$ 41,3 milh\u00f5es<\/li>\n<li>Ex-deputado Elizeu Dionizio = R$ 39,4 milh\u00f5es<\/li>\n<li>Ex-deputada Tereza Cristina = R$ 39,2 milh\u00f5es<\/li>\n<li>Ex-senador Waldemir Moka = R$ 39,1 milh\u00f5es<\/li>\n<li>Ex-senador Pedro Chaves = R$ 29,1 milh\u00f5es<\/li>\n<\/ul>\n<p>Para o deputado pantaneiro, o \u00eaxito nesse recorte da atividade parlamentar se deve a fatores como: trabalho de sua equipe (que considera uma das mais qualificadas na \u00e1rea de or\u00e7amento p\u00fablico), experi\u00eancia acumulada na vida p\u00fablica, credibilidade para construir pontes de articula\u00e7\u00e3o e consci\u00eancia para n\u00e3o permitir que quest\u00f5es ideol\u00f3gicas ou partid\u00e1rias atravessem o caminho.<\/p>\n<p>&#8220;H\u00e1 cinco mandatos estou passando por governos de ideologias diferentes. No Estado, depois do Zeca do PT, convivi com o Andr\u00e9 Puccinelli por oito anos e h\u00e1 sete convivo com o Reinaldo Azambuja. Na Presid\u00eancia, peguei os governos de Lula e Dilma [do PT], do Temer [do MDB] e agora do Bolsonaro [sem partido]. E continuo com os mesmos ideais, a mesma concep\u00e7\u00e3o program\u00e1tica e as mesmas lutas que abracei ainda na juventude&#8221;, destaca Vander Loubet.<\/p>\n<p>De acordo com o parlamentar, todas as emendas incorporam reivindica\u00e7\u00f5es da sociedade e representam um refor\u00e7o extra e providencial ao caixa do Estado e, sobretudo, dos munic\u00edpios \u2013 os mais afetados pelas crises. &#8220;Tenho e preservo sempre uma boa rela\u00e7\u00e3o com prefeitos, vereadores e demais lideran\u00e7as municipais, que servem de term\u00f4metro das car\u00eancias da popula\u00e7\u00e3o e s\u00e3o quem fornecem para n\u00f3s, parlamentares, as prioridades na apresenta\u00e7\u00e3o das emendas&#8221;, comenta.<\/p>\n<p>O deputado finaliza explicando que d\u00e1 prioridade na busca de recursos que beneficiam as comunidades naquilo que mais necessitam no cotidiano: sa\u00fade, saneamento b\u00e1sico, educa\u00e7\u00e3o, infraestrutura urbana, esporte e lazer, habita\u00e7\u00e3o, assist\u00eancia social e agricultura familiar. &#8220;Essas \u00e1reas s\u00e3o sens\u00edveis \u00e0s fam\u00edlias com menor n\u00edvel de renda, que s\u00e3o justamente aquelas que precisam de um olhar diferenciado por parte do poder p\u00fablico&#8221;, conclui Vander.<\/p>\n","protected":false},"excerpt":{"rendered":"<p>O deputado pantaneiro \u00e9 o 1\u00ba colocado na planilha de emendas parlamentares pagas desde 2015 e divulgada pelo portal Siga Brasil.<\/p>\n","protected":false},"author":2,"featured_media":17393,"comment_status":"closed","ping_status":"closed","sticky":false,"template":"","format":"standard","meta":{"jetpack_post_was_ever_published":false,"_jetpack_newsletter_access":"","_jetpack_dont_email_post_to_subs":false,"_jetpack_newsletter_tier_id":0,"_jetpack_memberships_contains_paywalled_content":false,"_jetpack_memberships_contains_paid_content":false,"footnotes":""},"categories":[2099,10],"tags":[2127],"class_list":{"0":"post-17392","1":"post","2":"type-post","3":"status-publish","4":"format-standard","5":"has-post-thumbnail","7":"category-ms-noticias","8":"category-noticias","9":"tag-emenda-parlamentar"},"yoast_head":"<!-- This site is optimized with the Yoast SEO plugin v27.4 - https:\/\/yoast.com\/product\/yoast-seo-wordpress\/ -->\n<title>Vander segue no topo do ranking da conquista de recursos para MS<\/title>\n<meta name=\"robots\" content=\"index, follow, max-snippet:-1, max-image-preview:large, max-video-preview:-1\" \/>\n<link rel=\"canonical\" href=\"https:\/\/vanderloubet.com.br\/deputado\/vander-segue-no-topo-do-ranking-da-conquista-de-recursos-para-ms\/\" \/>\n<meta property=\"og:locale\" content=\"pt_BR\" \/>\n<meta property=\"og:type\" content=\"article\" \/>\n<meta property=\"og:title\" content=\"Vander segue no topo do ranking da conquista de recursos para MS\" \/>\n<meta property=\"og:description\" content=\"O deputado pantaneiro \u00e9 o 1\u00ba colocado na planilha de emendas parlamentares pagas desde 2015 e divulgada pelo portal Siga Brasil.\" \/>\n<meta property=\"og:url\" content=\"https:\/\/vanderloubet.com.br\/deputado\/vander-segue-no-topo-do-ranking-da-conquista-de-recursos-para-ms\/\" \/>\n<meta property=\"og:site_name\" content=\"Deputado Federal Vander Loubet\" \/>\n<meta property=\"article:publisher\" content=\"https:\/\/facebook.com\/deputadovander\" \/>\n<meta property=\"article:published_time\" content=\"2021-11-24T15:44:22+00:00\" \/>\n<meta property=\"article:modified_time\" content=\"2022-10-17T20:25:27+00:00\" \/>\n<meta property=\"og:image\" content=\"https:\/\/vanderloubet.com.br\/deputado\/wp-content\/uploads\/2021\/11\/foto-2021-11-24-ranking-emendas.jpg\" \/>\n\t<meta property=\"og:image:width\" content=\"960\" \/>\n\t<meta property=\"og:image:height\" content=\"720\" \/>\n\t<meta property=\"og:image:type\" content=\"image\/jpeg\" \/>\n<meta name=\"author\" content=\"\u00c9der\" \/>\n<meta name=\"twitter:card\" content=\"summary_large_image\" \/>\n<meta name=\"twitter:creator\" content=\"@vanderloubet\" \/>\n<meta name=\"twitter:site\" content=\"@vanderloubet\" \/>\n<script type=\"application\/ld+json\" class=\"yoast-schema-graph\">{\"@context\":\"https:\\\/\\\/schema.org\",\"@graph\":[{\"@type\":\"Article\",\"@id\":\"https:\\\/\\\/vanderloubet.com.br\\\/deputado\\\/vander-segue-no-topo-do-ranking-da-conquista-de-recursos-para-ms\\\/#article\",\"isPartOf\":{\"@id\":\"https:\\\/\\\/vanderloubet.com.br\\\/deputado\\\/vander-segue-no-topo-do-ranking-da-conquista-de-recursos-para-ms\\\/\"},\"author\":{\"name\":\"\u00c9der\",\"@id\":\"https:\\\/\\\/vanderloubet.com.br\\\/deputado\\\/#\\\/schema\\\/person\\\/15b51bd564532a8a68d9dec1b8eb890e\"},\"headline\":\"Vander segue no topo do ranking da conquista de recursos para MS\",\"datePublished\":\"2021-11-24T15:44:22+00:00\",\"dateModified\":\"2022-10-17T20:25:27+00:00\",\"mainEntityOfPage\":{\"@id\":\"https:\\\/\\\/vanderloubet.com.br\\\/deputado\\\/vander-segue-no-topo-do-ranking-da-conquista-de-recursos-para-ms\\\/\"},\"wordCount\":452,\"publisher\":{\"@id\":\"https:\\\/\\\/vanderloubet.com.br\\\/deputado\\\/#organization\"},\"image\":{\"@id\":\"https:\\\/\\\/vanderloubet.com.br\\\/deputado\\\/vander-segue-no-topo-do-ranking-da-conquista-de-recursos-para-ms\\\/#primaryimage\"},\"thumbnailUrl\":\"https:\\\/\\\/vanderloubet.com.br\\\/deputado\\\/wp-content\\\/uploads\\\/2021\\\/11\\\/foto-2021-11-24-ranking-emendas.jpg\",\"keywords\":[\"emenda parlamentar\"],\"articleSection\":[\"Mato Grosso do Sul\",\"Not\u00edcias\"],\"inLanguage\":\"pt-BR\"},{\"@type\":\"WebPage\",\"@id\":\"https:\\\/\\\/vanderloubet.com.br\\\/deputado\\\/vander-segue-no-topo-do-ranking-da-conquista-de-recursos-para-ms\\\/\",\"url\":\"https:\\\/\\\/vanderloubet.com.br\\\/deputado\\\/vander-segue-no-topo-do-ranking-da-conquista-de-recursos-para-ms\\\/\",\"name\":\"Vander segue no topo do ranking da conquista de recursos para MS\",\"isPartOf\":{\"@id\":\"https:\\\/\\\/vanderloubet.com.br\\\/deputado\\\/#website\"},\"primaryImageOfPage\":{\"@id\":\"https:\\\/\\\/vanderloubet.com.br\\\/deputado\\\/vander-segue-no-topo-do-ranking-da-conquista-de-recursos-para-ms\\\/#primaryimage\"},\"image\":{\"@id\":\"https:\\\/\\\/vanderloubet.com.br\\\/deputado\\\/vander-segue-no-topo-do-ranking-da-conquista-de-recursos-para-ms\\\/#primaryimage\"},\"thumbnailUrl\":\"https:\\\/\\\/vanderloubet.com.br\\\/deputado\\\/wp-content\\\/uploads\\\/2021\\\/11\\\/foto-2021-11-24-ranking-emendas.jpg\",\"datePublished\":\"2021-11-24T15:44:22+00:00\",\"dateModified\":\"2022-10-17T20:25:27+00:00\",\"breadcrumb\":{\"@id\":\"https:\\\/\\\/vanderloubet.com.br\\\/deputado\\\/vander-segue-no-topo-do-ranking-da-conquista-de-recursos-para-ms\\\/#breadcrumb\"},\"inLanguage\":\"pt-BR\",\"potentialAction\":[{\"@type\":\"ReadAction\",\"target\":[\"https:\\\/\\\/vanderloubet.com.br\\\/deputado\\\/vander-segue-no-topo-do-ranking-da-conquista-de-recursos-para-ms\\\/\"]}]},{\"@type\":\"ImageObject\",\"inLanguage\":\"pt-BR\",\"@id\":\"https:\\\/\\\/vanderloubet.com.br\\\/deputado\\\/vander-segue-no-topo-do-ranking-da-conquista-de-recursos-para-ms\\\/#primaryimage\",\"url\":\"https:\\\/\\\/vanderloubet.com.br\\\/deputado\\\/wp-content\\\/uploads\\\/2021\\\/11\\\/foto-2021-11-24-ranking-emendas.jpg\",\"contentUrl\":\"https:\\\/\\\/vanderloubet.com.br\\\/deputado\\\/wp-content\\\/uploads\\\/2021\\\/11\\\/foto-2021-11-24-ranking-emendas.jpg\",\"width\":960,\"height\":720,\"caption\":\"Vander segue no topo do ranking da conquista de recursos para MS\"},{\"@type\":\"BreadcrumbList\",\"@id\":\"https:\\\/\\\/vanderloubet.com.br\\\/deputado\\\/vander-segue-no-topo-do-ranking-da-conquista-de-recursos-para-ms\\\/#breadcrumb\",\"itemListElement\":[{\"@type\":\"ListItem\",\"position\":1,\"name\":\"In\u00edcio\",\"item\":\"https:\\\/\\\/vanderloubet.com.br\\\/deputado\\\/\"},{\"@type\":\"ListItem\",\"position\":2,\"name\":\"Vander segue no topo do ranking da conquista de recursos para MS\"}]},{\"@type\":\"WebSite\",\"@id\":\"https:\\\/\\\/vanderloubet.com.br\\\/deputado\\\/#website\",\"url\":\"https:\\\/\\\/vanderloubet.com.br\\\/deputado\\\/\",\"name\":\"Deputado Federal Vander Loubet\",\"description\":\"O Federal de MS\",\"publisher\":{\"@id\":\"https:\\\/\\\/vanderloubet.com.br\\\/deputado\\\/#organization\"},\"alternateName\":\"Deputado Vander\",\"potentialAction\":[{\"@type\":\"SearchAction\",\"target\":{\"@type\":\"EntryPoint\",\"urlTemplate\":\"https:\\\/\\\/vanderloubet.com.br\\\/deputado\\\/?s={search_term_string}\"},\"query-input\":{\"@type\":\"PropertyValueSpecification\",\"valueRequired\":true,\"valueName\":\"search_term_string\"}}],\"inLanguage\":\"pt-BR\"},{\"@type\":\"Organization\",\"@id\":\"https:\\\/\\\/vanderloubet.com.br\\\/deputado\\\/#organization\",\"name\":\"Deputado Federal Vander Loubet\",\"alternateName\":\"Deputado Vander\",\"url\":\"https:\\\/\\\/vanderloubet.com.br\\\/deputado\\\/\",\"logo\":{\"@type\":\"ImageObject\",\"inLanguage\":\"pt-BR\",\"@id\":\"https:\\\/\\\/vanderloubet.com.br\\\/deputado\\\/#\\\/schema\\\/logo\\\/image\\\/\",\"url\":\"https:\\\/\\\/vanderloubet.com.br\\\/deputado\\\/wp-content\\\/uploads\\\/2023\\\/06\\\/foto-2023-06-19-mandato-deputado-vander.jpg\",\"contentUrl\":\"https:\\\/\\\/vanderloubet.com.br\\\/deputado\\\/wp-content\\\/uploads\\\/2023\\\/06\\\/foto-2023-06-19-mandato-deputado-vander.jpg\",\"width\":1080,\"height\":1080,\"caption\":\"Deputado Federal Vander Loubet\"},\"image\":{\"@id\":\"https:\\\/\\\/vanderloubet.com.br\\\/deputado\\\/#\\\/schema\\\/logo\\\/image\\\/\"},\"sameAs\":[\"https:\\\/\\\/facebook.com\\\/deputadovander\",\"https:\\\/\\\/x.com\\\/vanderloubet\",\"https:\\\/\\\/instagram.com\\\/vanderloubet\",\"https:\\\/\\\/youtube.com\\\/vanderloubet\",\"https:\\\/\\\/tiktok.com\\\/@vanderloubetms\"]},{\"@type\":\"Person\",\"@id\":\"https:\\\/\\\/vanderloubet.com.br\\\/deputado\\\/#\\\/schema\\\/person\\\/15b51bd564532a8a68d9dec1b8eb890e\",\"name\":\"\u00c9der\",\"image\":{\"@type\":\"ImageObject\",\"inLanguage\":\"pt-BR\",\"@id\":\"https:\\\/\\\/vanderloubet.com.br\\\/deputado\\\/wp-content\\\/litespeed\\\/avatar\\\/88ca4090d9d5ab1c9495f6ca03b68efa.jpg?ver=1777058957\",\"url\":\"https:\\\/\\\/vanderloubet.com.br\\\/deputado\\\/wp-content\\\/litespeed\\\/avatar\\\/88ca4090d9d5ab1c9495f6ca03b68efa.jpg?ver=1777058957\",\"contentUrl\":\"https:\\\/\\\/vanderloubet.com.br\\\/deputado\\\/wp-content\\\/litespeed\\\/avatar\\\/88ca4090d9d5ab1c9495f6ca03b68efa.jpg?ver=1777058957\",\"caption\":\"\u00c9der\"}}]}<\/script>\n<!-- \/ Yoast SEO plugin. -->","yoast_head_json":{"title":"Vander segue no topo do ranking da conquista de recursos para MS","robots":{"index":"index","follow":"follow","max-snippet":"max-snippet:-1","max-image-preview":"max-image-preview:large","max-video-preview":"max-video-preview:-1"},"canonical":"https:\/\/vanderloubet.com.br\/deputado\/vander-segue-no-topo-do-ranking-da-conquista-de-recursos-para-ms\/","og_locale":"pt_BR","og_type":"article","og_title":"Vander segue no topo do ranking da conquista de recursos para MS","og_description":"O deputado pantaneiro \u00e9 o 1\u00ba colocado na planilha de emendas parlamentares pagas desde 2015 e divulgada pelo portal Siga Brasil.","og_url":"https:\/\/vanderloubet.com.br\/deputado\/vander-segue-no-topo-do-ranking-da-conquista-de-recursos-para-ms\/","og_site_name":"Deputado Federal Vander Loubet","article_publisher":"https:\/\/facebook.com\/deputadovander","article_published_time":"2021-11-24T15:44:22+00:00","article_modified_time":"2022-10-17T20:25:27+00:00","og_image":[{"width":960,"height":720,"url":"https:\/\/vanderloubet.com.br\/deputado\/wp-content\/uploads\/2021\/11\/foto-2021-11-24-ranking-emendas.jpg","type":"image\/jpeg"}],"author":"\u00c9der","twitter_card":"summary_large_image","twitter_creator":"@vanderloubet","twitter_site":"@vanderloubet","schema":{"@context":"https:\/\/schema.org","@graph":[{"@type":"Article","@id":"https:\/\/vanderloubet.com.br\/deputado\/vander-segue-no-topo-do-ranking-da-conquista-de-recursos-para-ms\/#article","isPartOf":{"@id":"https:\/\/vanderloubet.com.br\/deputado\/vander-segue-no-topo-do-ranking-da-conquista-de-recursos-para-ms\/"},"author":{"name":"\u00c9der","@id":"https:\/\/vanderloubet.com.br\/deputado\/#\/schema\/person\/15b51bd564532a8a68d9dec1b8eb890e"},"headline":"Vander segue no topo do ranking da conquista de recursos para MS","datePublished":"2021-11-24T15:44:22+00:00","dateModified":"2022-10-17T20:25:27+00:00","mainEntityOfPage":{"@id":"https:\/\/vanderloubet.com.br\/deputado\/vander-segue-no-topo-do-ranking-da-conquista-de-recursos-para-ms\/"},"wordCount":452,"publisher":{"@id":"https:\/\/vanderloubet.com.br\/deputado\/#organization"},"image":{"@id":"https:\/\/vanderloubet.com.br\/deputado\/vander-segue-no-topo-do-ranking-da-conquista-de-recursos-para-ms\/#primaryimage"},"thumbnailUrl":"https:\/\/vanderloubet.com.br\/deputado\/wp-content\/uploads\/2021\/11\/foto-2021-11-24-ranking-emendas.jpg","keywords":["emenda parlamentar"],"articleSection":["Mato Grosso do Sul","Not\u00edcias"],"inLanguage":"pt-BR"},{"@type":"WebPage","@id":"https:\/\/vanderloubet.com.br\/deputado\/vander-segue-no-topo-do-ranking-da-conquista-de-recursos-para-ms\/","url":"https:\/\/vanderloubet.com.br\/deputado\/vander-segue-no-topo-do-ranking-da-conquista-de-recursos-para-ms\/","name":"Vander segue no topo do ranking da conquista de recursos para MS","isPartOf":{"@id":"https:\/\/vanderloubet.com.br\/deputado\/#website"},"primaryImageOfPage":{"@id":"https:\/\/vanderloubet.com.br\/deputado\/vander-segue-no-topo-do-ranking-da-conquista-de-recursos-para-ms\/#primaryimage"},"image":{"@id":"https:\/\/vanderloubet.com.br\/deputado\/vander-segue-no-topo-do-ranking-da-conquista-de-recursos-para-ms\/#primaryimage"},"thumbnailUrl":"https:\/\/vanderloubet.com.br\/deputado\/wp-content\/uploads\/2021\/11\/foto-2021-11-24-ranking-emendas.jpg","datePublished":"2021-11-24T15:44:22+00:00","dateModified":"2022-10-17T20:25:27+00:00","breadcrumb":{"@id":"https:\/\/vanderloubet.com.br\/deputado\/vander-segue-no-topo-do-ranking-da-conquista-de-recursos-para-ms\/#breadcrumb"},"inLanguage":"pt-BR","potentialAction":[{"@type":"ReadAction","target":["https:\/\/vanderloubet.com.br\/deputado\/vander-segue-no-topo-do-ranking-da-conquista-de-recursos-para-ms\/"]}]},{"@type":"ImageObject","inLanguage":"pt-BR","@id":"https:\/\/vanderloubet.com.br\/deputado\/vander-segue-no-topo-do-ranking-da-conquista-de-recursos-para-ms\/#primaryimage","url":"https:\/\/vanderloubet.com.br\/deputado\/wp-content\/uploads\/2021\/11\/foto-2021-11-24-ranking-emendas.jpg","contentUrl":"https:\/\/vanderloubet.com.br\/deputado\/wp-content\/uploads\/2021\/11\/foto-2021-11-24-ranking-emendas.jpg","width":960,"height":720,"caption":"Vander segue no topo do ranking da conquista de recursos para MS"},{"@type":"BreadcrumbList","@id":"https:\/\/vanderloubet.com.br\/deputado\/vander-segue-no-topo-do-ranking-da-conquista-de-recursos-para-ms\/#breadcrumb","itemListElement":[{"@type":"ListItem","position":1,"name":"In\u00edcio","item":"https:\/\/vanderloubet.com.br\/deputado\/"},{"@type":"ListItem","position":2,"name":"Vander segue no topo do ranking da conquista de recursos para MS"}]},{"@type":"WebSite","@id":"https:\/\/vanderloubet.com.br\/deputado\/#website","url":"https:\/\/vanderloubet.com.br\/deputado\/","name":"Deputado Federal Vander Loubet","description":"O Federal de MS","publisher":{"@id":"https:\/\/vanderloubet.com.br\/deputado\/#organization"},"alternateName":"Deputado Vander","potentialAction":[{"@type":"SearchAction","target":{"@type":"EntryPoint","urlTemplate":"https:\/\/vanderloubet.com.br\/deputado\/?s={search_term_string}"},"query-input":{"@type":"PropertyValueSpecification","valueRequired":true,"valueName":"search_term_string"}}],"inLanguage":"pt-BR"},{"@type":"Organization","@id":"https:\/\/vanderloubet.com.br\/deputado\/#organization","name":"Deputado Federal Vander Loubet","alternateName":"Deputado Vander","url":"https:\/\/vanderloubet.com.br\/deputado\/","logo":{"@type":"ImageObject","inLanguage":"pt-BR","@id":"https:\/\/vanderloubet.com.br\/deputado\/#\/schema\/logo\/image\/","url":"https:\/\/vanderloubet.com.br\/deputado\/wp-content\/uploads\/2023\/06\/foto-2023-06-19-mandato-deputado-vander.jpg","contentUrl":"https:\/\/vanderloubet.com.br\/deputado\/wp-content\/uploads\/2023\/06\/foto-2023-06-19-mandato-deputado-vander.jpg","width":1080,"height":1080,"caption":"Deputado Federal Vander Loubet"},"image":{"@id":"https:\/\/vanderloubet.com.br\/deputado\/#\/schema\/logo\/image\/"},"sameAs":["https:\/\/facebook.com\/deputadovander","https:\/\/x.com\/vanderloubet","https:\/\/instagram.com\/vanderloubet","https:\/\/youtube.com\/vanderloubet","https:\/\/tiktok.com\/@vanderloubetms"]},{"@type":"Person","@id":"https:\/\/vanderloubet.com.br\/deputado\/#\/schema\/person\/15b51bd564532a8a68d9dec1b8eb890e","name":"\u00c9der","image":{"@type":"ImageObject","inLanguage":"pt-BR","@id":"https:\/\/vanderloubet.com.br\/deputado\/wp-content\/litespeed\/avatar\/88ca4090d9d5ab1c9495f6ca03b68efa.jpg?ver=1777058957","url":"https:\/\/vanderloubet.com.br\/deputado\/wp-content\/litespeed\/avatar\/88ca4090d9d5ab1c9495f6ca03b68efa.jpg?ver=1777058957","contentUrl":"https:\/\/vanderloubet.com.br\/deputado\/wp-content\/litespeed\/avatar\/88ca4090d9d5ab1c9495f6ca03b68efa.jpg?ver=1777058957","caption":"\u00c9der"}}]}},"jetpack_featured_media_url":"https:\/\/vanderloubet.com.br\/deputado\/wp-content\/uploads\/2021\/11\/foto-2021-11-24-ranking-emendas.jpg","jetpack_sharing_enabled":true,"_links":{"self":[{"href":"https:\/\/vanderloubet.com.br\/deputado\/wp-json\/wp\/v2\/posts\/17392","targetHints":{"allow":["GET"]}}],"collection":[{"href":"https:\/\/vanderloubet.com.br\/deputado\/wp-json\/wp\/v2\/posts"}],"about":[{"href":"https:\/\/vanderloubet.com.br\/deputado\/wp-json\/wp\/v2\/types\/post"}],"author":[{"embeddable":true,"href":"https:\/\/vanderloubet.com.br\/deputado\/wp-json\/wp\/v2\/users\/2"}],"replies":[{"embeddable":true,"href":"https:\/\/vanderloubet.com.br\/deputado\/wp-json\/wp\/v2\/comments?post=17392"}],"version-history":[{"count":0,"href":"https:\/\/vanderloubet.com.br\/deputado\/wp-json\/wp\/v2\/posts\/17392\/revisions"}],"wp:featuredmedia":[{"embeddable":true,"href":"https:\/\/vanderloubet.com.br\/deputado\/wp-json\/wp\/v2\/media\/17393"}],"wp:attachment":[{"href":"https:\/\/vanderloubet.com.br\/deputado\/wp-json\/wp\/v2\/media?parent=17392"}],"wp:term":[{"taxonomy":"category","embeddable":true,"href":"https:\/\/vanderloubet.com.br\/deputado\/wp-json\/wp\/v2\/categories?post=17392"},{"taxonomy":"post_tag","embeddable":true,"href":"https:\/\/vanderloubet.com.br\/deputado\/wp-json\/wp\/v2\/tags?post=17392"}],"curies":[{"name":"wp","href":"https:\/\/api.w.org\/{rel}","templated":true}]}}