{"id":17387,"date":"2021-11-22T21:18:31","date_gmt":"2021-11-23T01:18:31","guid":{"rendered":"https:\/\/vanderloubet.com.br\/deputado\/?p=17387"},"modified":"2021-11-22T21:18:31","modified_gmt":"2021-11-23T01:18:31","slug":"com-apoio-de-vander-centro-de-referencia-da-juventude-oferece-diversos-servicos-na-capital","status":"publish","type":"post","link":"https:\/\/vanderloubet.com.br\/deputado\/com-apoio-de-vander-centro-de-referencia-da-juventude-oferece-diversos-servicos-na-capital\/","title":{"rendered":"Com apoio de Vander, Centro de Refer\u00eancia da Juventude oferece diversos servi\u00e7os na Capital"},"content":{"rendered":"<p>A Prefeitura de Campo Grande, por meio da Secretaria Municipal da Juventude (Sejuv), realizou na \u00faltima sexta-feira (19) a assinatura do termo de coopera\u00e7\u00e3o t\u00e9cnica das institui\u00e7\u00f5es parceiras que far\u00e3o parte do Centro de Refer\u00eancia da Juventude (CRJ).<\/p>\n<p>A implanta\u00e7\u00e3o do CRJ est\u00e1 sendo poss\u00edvel gra\u00e7as a essas parcerias e ao apoio do deputado federal Vander Loubet, que destinou para o projeto duas emendas que somam R$ 300 mil. Uma parte desses recursos (R$ 200 mil) est\u00e1 sendo aplicada na aquisi\u00e7\u00e3o de m\u00f3veis e equipamentos para o pr\u00e9dio do Centro; o restante vai financiar cursos para os jovens da Capital.<\/p>\n<p>O evento contou com a presen\u00e7a do prefeito Marquinhos Trad. Na ocasi\u00e3o, o deputado Vander estava em agenda no interior do estado, no munic\u00edpio de Miranda, e foi representado pelo assessor parlamentar Thiago Borges. Por meio do assessor, o parlamentar enviou sua mensagem, ressaltando que quem ganha com a implanta\u00e7\u00e3o do Centro s\u00e3o os jovens de Campo Grande, que poder\u00e3o contar com uma aten\u00e7\u00e3o especial.<\/p>\n<p>Tamb\u00e9m marcaram presen\u00e7a representantes das institui\u00e7\u00f5es parceiras do CRJ: Secretaria de Estado de Justi\u00e7a e Seguran\u00e7a P\u00fablica (SEJUSP), Junta de Servi\u00e7o Militar, Secretaria Municipal de Inova\u00e7\u00e3o, Desenvolvimento Econ\u00f4mico e Agroneg\u00f3cio (Sidagro), Universidade Estadual de Mato Grosso do Sul (Uems), Secretaria Municipal de Assist\u00eancia Social (SAS), Secretaria Municipal de Sa\u00fade (Sesau), Funda\u00e7\u00e3o Social do Trabalho de Campo Grande (Funsat), Grupo de Amor \u00e0 Vida (GAV), Ag\u00eancia Municipal de Tr\u00e2nsito (Agetran), Ag\u00eancia Municipal de Meio Ambiente e Planejamento Urbano (Planurb) e C\u00e2mara Municipal de Campo Grande (representada no ato pela vereadora Camila Jara).<\/p>\n<p>A cria\u00e7\u00e3o do Centro de Refer\u00eancia da Juventude atender\u00e1 diretamente os jovens que precisam de mais aten\u00e7\u00e3o do poder p\u00fablico.<\/p>\n<p>&#8220;Atrav\u00e9s dessas institui\u00e7\u00f5es que formam o CRJ poderemos projetar a juventude para serem futuros l\u00edderes, para que possam contribuir para uma sociedade mais justa para todos&#8221;, destacou a secret\u00e1ria da Juventude, Laura Miranda.<\/p>\n<p><strong>Servi\u00e7os para jovens<\/strong> &#8211; O Centro de Refer\u00eancia da Juventude foi inaugurado no dia 12 de agosto deste ano, junto com a nova sede da Sejuv, localizada na Rua 25 de Dezembro, 924, 3\u00ba andar, no Condom\u00ednio Marrakech. O objetivo \u00e9 proporcionar novos atendimentos e servi\u00e7os essenciais aos jovens.<\/p>\n<p>Comp\u00f5em o rol de servi\u00e7os ofertados pelo CRJ:<\/p>\n<ul>\n<li>Cursos de capacita\u00e7\u00e3o presencial; cursos de capacita\u00e7\u00e3o EAD; assistente social e nutricionista (Sejuv);<\/li>\n<li>Emiss\u00e3o de 1\u00aa e 2\u00aa via de carteira de identidade (Sejusp);<\/li>\n<li>Alistamento militar, regulariza\u00e7\u00e3o do alistamento militar, certificado de dispensa de incorpora\u00e7\u00e3o, certificado de dispensa de alternativo e certificado de isen\u00e7\u00e3o (Junta Militar);<\/li>\n<li>Cadastramento do NIS e atualiza\u00e7\u00e3o do NIS (SAS);<\/li>\n<li>Atendimento psicol\u00f3gico (Sesau);<\/li>\n<li>Atendimento e encaminhamento para o mercado de trabalho (Funsat);<\/li>\n<li>Apoio emocional e valoriza\u00e7\u00e3o da vida via telefone e combate ao suic\u00eddio (GAV);<\/li>\n<li>Capacita\u00e7\u00e3o na \u00e1rea da educa\u00e7\u00e3o e qualifica\u00e7\u00e3o na \u00e1rea da educa\u00e7\u00e3o (Uems);<\/li>\n<li>Atendimento relacionado ao benef\u00edcio do passe de estudante (Agetran);<\/li>\n<li>Participa\u00e7\u00e3o do Conselho Regional das Regi\u00f5es Urbanas de Campo Grande, com objetivo de trazer ideias e demandas dos bairros e regi\u00f5es, bem como promover a socializa\u00e7\u00e3o (Planurb);<\/li>\n<li>Permiss\u00e3o dos jovens em sess\u00f5es na C\u00e2mara Municipal e capacita\u00e7\u00e3o dos jovens pelos vereadores mediante pr\u00e9vio agendamento, com tem\u00e1ticas referenciadas na pol\u00edtica (C\u00e2mara Municipal de Campo Grande);<\/li>\n<li>Capacita\u00e7\u00e3o para poss\u00edveis empreendedores e organiza\u00e7\u00e3o de todas as etapas de cria\u00e7\u00e3o e desenvolvimento de um neg\u00f3cio antes de coloc\u00e1-lo efetivamente em pr\u00e1tica (Sidagro).<\/li>\n<\/ul>\n<p><em>(Fonte: CGNot\u00edcias &#8211; Ag\u00eancia Municipal de Not\u00edcias de Campo Grande)<\/em><\/p>\n","protected":false},"excerpt":{"rendered":"<p>Deputado destinou emenda parlamentar para aquisi\u00e7\u00e3o de m\u00f3veis e equipamentos para sede do CRJ.<\/p>\n","protected":false},"author":2,"featured_media":17388,"comment_status":"closed","ping_status":"closed","sticky":false,"template":"","format":"standard","meta":{"jetpack_post_was_ever_published":false,"_jetpack_newsletter_access":"","_jetpack_dont_email_post_to_subs":false,"_jetpack_newsletter_tier_id":0,"_jetpack_memberships_contains_paywalled_content":false,"_jetpack_memberships_contains_paid_content":false,"footnotes":""},"categories":[2097,10],"tags":[342,2127,1109],"class_list":{"0":"post-17387","1":"post","2":"type-post","3":"status-publish","4":"format-standard","5":"has-post-thumbnail","7":"category-municipios-noticias","8":"category-noticias","9":"tag-campo-grande","10":"tag-emenda-parlamentar","11":"tag-juventude"},"yoast_head":"<!-- This site is optimized with the Yoast SEO plugin v27.4 - https:\/\/yoast.com\/product\/yoast-seo-wordpress\/ -->\n<title>Com apoio de Vander, Centro de Refer\u00eancia da Juventude oferece diversos servi\u00e7os na Capital<\/title>\n<meta name=\"robots\" content=\"index, follow, max-snippet:-1, max-image-preview:large, max-video-preview:-1\" \/>\n<link rel=\"canonical\" href=\"https:\/\/vanderloubet.com.br\/deputado\/com-apoio-de-vander-centro-de-referencia-da-juventude-oferece-diversos-servicos-na-capital\/\" \/>\n<meta property=\"og:locale\" content=\"pt_BR\" \/>\n<meta property=\"og:type\" content=\"article\" \/>\n<meta property=\"og:title\" content=\"Com apoio de Vander, Centro de Refer\u00eancia da Juventude oferece diversos servi\u00e7os na Capital\" \/>\n<meta property=\"og:description\" content=\"Deputado destinou emenda parlamentar para aquisi\u00e7\u00e3o de m\u00f3veis e equipamentos para sede do CRJ.\" \/>\n<meta property=\"og:url\" content=\"https:\/\/vanderloubet.com.br\/deputado\/com-apoio-de-vander-centro-de-referencia-da-juventude-oferece-diversos-servicos-na-capital\/\" \/>\n<meta property=\"og:site_name\" content=\"Deputado Federal Vander Loubet\" \/>\n<meta property=\"article:publisher\" content=\"https:\/\/facebook.com\/deputadovander\" \/>\n<meta property=\"article:published_time\" content=\"2021-11-23T01:18:31+00:00\" \/>\n<meta property=\"og:image\" content=\"https:\/\/vanderloubet.com.br\/deputado\/wp-content\/uploads\/2021\/11\/fotos-2021-11-19-centro-referencia-juventude-campo-grande.jpg\" \/>\n\t<meta property=\"og:image:width\" content=\"1080\" \/>\n\t<meta property=\"og:image:height\" content=\"810\" \/>\n\t<meta property=\"og:image:type\" content=\"image\/jpeg\" \/>\n<meta name=\"author\" content=\"\u00c9der\" \/>\n<meta name=\"twitter:card\" content=\"summary_large_image\" \/>\n<meta name=\"twitter:creator\" content=\"@vanderloubet\" \/>\n<meta name=\"twitter:site\" content=\"@vanderloubet\" \/>\n<script type=\"application\/ld+json\" class=\"yoast-schema-graph\">{\"@context\":\"https:\\\/\\\/schema.org\",\"@graph\":[{\"@type\":\"Article\",\"@id\":\"https:\\\/\\\/vanderloubet.com.br\\\/deputado\\\/com-apoio-de-vander-centro-de-referencia-da-juventude-oferece-diversos-servicos-na-capital\\\/#article\",\"isPartOf\":{\"@id\":\"https:\\\/\\\/vanderloubet.com.br\\\/deputado\\\/com-apoio-de-vander-centro-de-referencia-da-juventude-oferece-diversos-servicos-na-capital\\\/\"},\"author\":{\"name\":\"\u00c9der\",\"@id\":\"https:\\\/\\\/vanderloubet.com.br\\\/deputado\\\/#\\\/schema\\\/person\\\/15b51bd564532a8a68d9dec1b8eb890e\"},\"headline\":\"Com apoio de Vander, Centro de Refer\u00eancia da Juventude oferece diversos servi\u00e7os na Capital\",\"datePublished\":\"2021-11-23T01:18:31+00:00\",\"mainEntityOfPage\":{\"@id\":\"https:\\\/\\\/vanderloubet.com.br\\\/deputado\\\/com-apoio-de-vander-centro-de-referencia-da-juventude-oferece-diversos-servicos-na-capital\\\/\"},\"wordCount\":645,\"publisher\":{\"@id\":\"https:\\\/\\\/vanderloubet.com.br\\\/deputado\\\/#organization\"},\"image\":{\"@id\":\"https:\\\/\\\/vanderloubet.com.br\\\/deputado\\\/com-apoio-de-vander-centro-de-referencia-da-juventude-oferece-diversos-servicos-na-capital\\\/#primaryimage\"},\"thumbnailUrl\":\"https:\\\/\\\/vanderloubet.com.br\\\/deputado\\\/wp-content\\\/uploads\\\/2021\\\/11\\\/fotos-2021-11-19-centro-referencia-juventude-campo-grande.jpg\",\"keywords\":[\"campo grande\",\"emenda parlamentar\",\"juventude\"],\"articleSection\":[\"Munic\u00edpios\",\"Not\u00edcias\"],\"inLanguage\":\"pt-BR\"},{\"@type\":\"WebPage\",\"@id\":\"https:\\\/\\\/vanderloubet.com.br\\\/deputado\\\/com-apoio-de-vander-centro-de-referencia-da-juventude-oferece-diversos-servicos-na-capital\\\/\",\"url\":\"https:\\\/\\\/vanderloubet.com.br\\\/deputado\\\/com-apoio-de-vander-centro-de-referencia-da-juventude-oferece-diversos-servicos-na-capital\\\/\",\"name\":\"Com apoio de Vander, Centro de Refer\u00eancia da Juventude oferece diversos servi\u00e7os na Capital\",\"isPartOf\":{\"@id\":\"https:\\\/\\\/vanderloubet.com.br\\\/deputado\\\/#website\"},\"primaryImageOfPage\":{\"@id\":\"https:\\\/\\\/vanderloubet.com.br\\\/deputado\\\/com-apoio-de-vander-centro-de-referencia-da-juventude-oferece-diversos-servicos-na-capital\\\/#primaryimage\"},\"image\":{\"@id\":\"https:\\\/\\\/vanderloubet.com.br\\\/deputado\\\/com-apoio-de-vander-centro-de-referencia-da-juventude-oferece-diversos-servicos-na-capital\\\/#primaryimage\"},\"thumbnailUrl\":\"https:\\\/\\\/vanderloubet.com.br\\\/deputado\\\/wp-content\\\/uploads\\\/2021\\\/11\\\/fotos-2021-11-19-centro-referencia-juventude-campo-grande.jpg\",\"datePublished\":\"2021-11-23T01:18:31+00:00\",\"breadcrumb\":{\"@id\":\"https:\\\/\\\/vanderloubet.com.br\\\/deputado\\\/com-apoio-de-vander-centro-de-referencia-da-juventude-oferece-diversos-servicos-na-capital\\\/#breadcrumb\"},\"inLanguage\":\"pt-BR\",\"potentialAction\":[{\"@type\":\"ReadAction\",\"target\":[\"https:\\\/\\\/vanderloubet.com.br\\\/deputado\\\/com-apoio-de-vander-centro-de-referencia-da-juventude-oferece-diversos-servicos-na-capital\\\/\"]}]},{\"@type\":\"ImageObject\",\"inLanguage\":\"pt-BR\",\"@id\":\"https:\\\/\\\/vanderloubet.com.br\\\/deputado\\\/com-apoio-de-vander-centro-de-referencia-da-juventude-oferece-diversos-servicos-na-capital\\\/#primaryimage\",\"url\":\"https:\\\/\\\/vanderloubet.com.br\\\/deputado\\\/wp-content\\\/uploads\\\/2021\\\/11\\\/fotos-2021-11-19-centro-referencia-juventude-campo-grande.jpg\",\"contentUrl\":\"https:\\\/\\\/vanderloubet.com.br\\\/deputado\\\/wp-content\\\/uploads\\\/2021\\\/11\\\/fotos-2021-11-19-centro-referencia-juventude-campo-grande.jpg\",\"width\":1080,\"height\":810,\"caption\":\"Com apoio de Vander, Centro de Refer\u00eancia da Juventude oferece diversos servi\u00e7os na Capital\"},{\"@type\":\"BreadcrumbList\",\"@id\":\"https:\\\/\\\/vanderloubet.com.br\\\/deputado\\\/com-apoio-de-vander-centro-de-referencia-da-juventude-oferece-diversos-servicos-na-capital\\\/#breadcrumb\",\"itemListElement\":[{\"@type\":\"ListItem\",\"position\":1,\"name\":\"In\u00edcio\",\"item\":\"https:\\\/\\\/vanderloubet.com.br\\\/deputado\\\/\"},{\"@type\":\"ListItem\",\"position\":2,\"name\":\"Com apoio de Vander, Centro de Refer\u00eancia da Juventude oferece diversos servi\u00e7os na Capital\"}]},{\"@type\":\"WebSite\",\"@id\":\"https:\\\/\\\/vanderloubet.com.br\\\/deputado\\\/#website\",\"url\":\"https:\\\/\\\/vanderloubet.com.br\\\/deputado\\\/\",\"name\":\"Deputado Federal Vander Loubet\",\"description\":\"O Federal de MS\",\"publisher\":{\"@id\":\"https:\\\/\\\/vanderloubet.com.br\\\/deputado\\\/#organization\"},\"alternateName\":\"Deputado Vander\",\"potentialAction\":[{\"@type\":\"SearchAction\",\"target\":{\"@type\":\"EntryPoint\",\"urlTemplate\":\"https:\\\/\\\/vanderloubet.com.br\\\/deputado\\\/?s={search_term_string}\"},\"query-input\":{\"@type\":\"PropertyValueSpecification\",\"valueRequired\":true,\"valueName\":\"search_term_string\"}}],\"inLanguage\":\"pt-BR\"},{\"@type\":\"Organization\",\"@id\":\"https:\\\/\\\/vanderloubet.com.br\\\/deputado\\\/#organization\",\"name\":\"Deputado Federal Vander Loubet\",\"alternateName\":\"Deputado Vander\",\"url\":\"https:\\\/\\\/vanderloubet.com.br\\\/deputado\\\/\",\"logo\":{\"@type\":\"ImageObject\",\"inLanguage\":\"pt-BR\",\"@id\":\"https:\\\/\\\/vanderloubet.com.br\\\/deputado\\\/#\\\/schema\\\/logo\\\/image\\\/\",\"url\":\"https:\\\/\\\/vanderloubet.com.br\\\/deputado\\\/wp-content\\\/uploads\\\/2023\\\/06\\\/foto-2023-06-19-mandato-deputado-vander.jpg\",\"contentUrl\":\"https:\\\/\\\/vanderloubet.com.br\\\/deputado\\\/wp-content\\\/uploads\\\/2023\\\/06\\\/foto-2023-06-19-mandato-deputado-vander.jpg\",\"width\":1080,\"height\":1080,\"caption\":\"Deputado Federal Vander Loubet\"},\"image\":{\"@id\":\"https:\\\/\\\/vanderloubet.com.br\\\/deputado\\\/#\\\/schema\\\/logo\\\/image\\\/\"},\"sameAs\":[\"https:\\\/\\\/facebook.com\\\/deputadovander\",\"https:\\\/\\\/x.com\\\/vanderloubet\",\"https:\\\/\\\/instagram.com\\\/vanderloubet\",\"https:\\\/\\\/youtube.com\\\/vanderloubet\",\"https:\\\/\\\/tiktok.com\\\/@vanderloubetms\"]},{\"@type\":\"Person\",\"@id\":\"https:\\\/\\\/vanderloubet.com.br\\\/deputado\\\/#\\\/schema\\\/person\\\/15b51bd564532a8a68d9dec1b8eb890e\",\"name\":\"\u00c9der\",\"image\":{\"@type\":\"ImageObject\",\"inLanguage\":\"pt-BR\",\"@id\":\"https:\\\/\\\/vanderloubet.com.br\\\/deputado\\\/wp-content\\\/litespeed\\\/avatar\\\/88ca4090d9d5ab1c9495f6ca03b68efa.jpg?ver=1777058957\",\"url\":\"https:\\\/\\\/vanderloubet.com.br\\\/deputado\\\/wp-content\\\/litespeed\\\/avatar\\\/88ca4090d9d5ab1c9495f6ca03b68efa.jpg?ver=1777058957\",\"contentUrl\":\"https:\\\/\\\/vanderloubet.com.br\\\/deputado\\\/wp-content\\\/litespeed\\\/avatar\\\/88ca4090d9d5ab1c9495f6ca03b68efa.jpg?ver=1777058957\",\"caption\":\"\u00c9der\"}}]}<\/script>\n<!-- \/ Yoast SEO plugin. -->","yoast_head_json":{"title":"Com apoio de Vander, Centro de Refer\u00eancia da Juventude oferece diversos servi\u00e7os na Capital","robots":{"index":"index","follow":"follow","max-snippet":"max-snippet:-1","max-image-preview":"max-image-preview:large","max-video-preview":"max-video-preview:-1"},"canonical":"https:\/\/vanderloubet.com.br\/deputado\/com-apoio-de-vander-centro-de-referencia-da-juventude-oferece-diversos-servicos-na-capital\/","og_locale":"pt_BR","og_type":"article","og_title":"Com apoio de Vander, Centro de Refer\u00eancia da Juventude oferece diversos servi\u00e7os na Capital","og_description":"Deputado destinou emenda parlamentar para aquisi\u00e7\u00e3o de m\u00f3veis e equipamentos para sede do CRJ.","og_url":"https:\/\/vanderloubet.com.br\/deputado\/com-apoio-de-vander-centro-de-referencia-da-juventude-oferece-diversos-servicos-na-capital\/","og_site_name":"Deputado Federal Vander Loubet","article_publisher":"https:\/\/facebook.com\/deputadovander","article_published_time":"2021-11-23T01:18:31+00:00","og_image":[{"width":1080,"height":810,"url":"https:\/\/vanderloubet.com.br\/deputado\/wp-content\/uploads\/2021\/11\/fotos-2021-11-19-centro-referencia-juventude-campo-grande.jpg","type":"image\/jpeg"}],"author":"\u00c9der","twitter_card":"summary_large_image","twitter_creator":"@vanderloubet","twitter_site":"@vanderloubet","schema":{"@context":"https:\/\/schema.org","@graph":[{"@type":"Article","@id":"https:\/\/vanderloubet.com.br\/deputado\/com-apoio-de-vander-centro-de-referencia-da-juventude-oferece-diversos-servicos-na-capital\/#article","isPartOf":{"@id":"https:\/\/vanderloubet.com.br\/deputado\/com-apoio-de-vander-centro-de-referencia-da-juventude-oferece-diversos-servicos-na-capital\/"},"author":{"name":"\u00c9der","@id":"https:\/\/vanderloubet.com.br\/deputado\/#\/schema\/person\/15b51bd564532a8a68d9dec1b8eb890e"},"headline":"Com apoio de Vander, Centro de Refer\u00eancia da Juventude oferece diversos servi\u00e7os na Capital","datePublished":"2021-11-23T01:18:31+00:00","mainEntityOfPage":{"@id":"https:\/\/vanderloubet.com.br\/deputado\/com-apoio-de-vander-centro-de-referencia-da-juventude-oferece-diversos-servicos-na-capital\/"},"wordCount":645,"publisher":{"@id":"https:\/\/vanderloubet.com.br\/deputado\/#organization"},"image":{"@id":"https:\/\/vanderloubet.com.br\/deputado\/com-apoio-de-vander-centro-de-referencia-da-juventude-oferece-diversos-servicos-na-capital\/#primaryimage"},"thumbnailUrl":"https:\/\/vanderloubet.com.br\/deputado\/wp-content\/uploads\/2021\/11\/fotos-2021-11-19-centro-referencia-juventude-campo-grande.jpg","keywords":["campo grande","emenda parlamentar","juventude"],"articleSection":["Munic\u00edpios","Not\u00edcias"],"inLanguage":"pt-BR"},{"@type":"WebPage","@id":"https:\/\/vanderloubet.com.br\/deputado\/com-apoio-de-vander-centro-de-referencia-da-juventude-oferece-diversos-servicos-na-capital\/","url":"https:\/\/vanderloubet.com.br\/deputado\/com-apoio-de-vander-centro-de-referencia-da-juventude-oferece-diversos-servicos-na-capital\/","name":"Com apoio de Vander, Centro de Refer\u00eancia da Juventude oferece diversos servi\u00e7os na Capital","isPartOf":{"@id":"https:\/\/vanderloubet.com.br\/deputado\/#website"},"primaryImageOfPage":{"@id":"https:\/\/vanderloubet.com.br\/deputado\/com-apoio-de-vander-centro-de-referencia-da-juventude-oferece-diversos-servicos-na-capital\/#primaryimage"},"image":{"@id":"https:\/\/vanderloubet.com.br\/deputado\/com-apoio-de-vander-centro-de-referencia-da-juventude-oferece-diversos-servicos-na-capital\/#primaryimage"},"thumbnailUrl":"https:\/\/vanderloubet.com.br\/deputado\/wp-content\/uploads\/2021\/11\/fotos-2021-11-19-centro-referencia-juventude-campo-grande.jpg","datePublished":"2021-11-23T01:18:31+00:00","breadcrumb":{"@id":"https:\/\/vanderloubet.com.br\/deputado\/com-apoio-de-vander-centro-de-referencia-da-juventude-oferece-diversos-servicos-na-capital\/#breadcrumb"},"inLanguage":"pt-BR","potentialAction":[{"@type":"ReadAction","target":["https:\/\/vanderloubet.com.br\/deputado\/com-apoio-de-vander-centro-de-referencia-da-juventude-oferece-diversos-servicos-na-capital\/"]}]},{"@type":"ImageObject","inLanguage":"pt-BR","@id":"https:\/\/vanderloubet.com.br\/deputado\/com-apoio-de-vander-centro-de-referencia-da-juventude-oferece-diversos-servicos-na-capital\/#primaryimage","url":"https:\/\/vanderloubet.com.br\/deputado\/wp-content\/uploads\/2021\/11\/fotos-2021-11-19-centro-referencia-juventude-campo-grande.jpg","contentUrl":"https:\/\/vanderloubet.com.br\/deputado\/wp-content\/uploads\/2021\/11\/fotos-2021-11-19-centro-referencia-juventude-campo-grande.jpg","width":1080,"height":810,"caption":"Com apoio de Vander, Centro de Refer\u00eancia da Juventude oferece diversos servi\u00e7os na Capital"},{"@type":"BreadcrumbList","@id":"https:\/\/vanderloubet.com.br\/deputado\/com-apoio-de-vander-centro-de-referencia-da-juventude-oferece-diversos-servicos-na-capital\/#breadcrumb","itemListElement":[{"@type":"ListItem","position":1,"name":"In\u00edcio","item":"https:\/\/vanderloubet.com.br\/deputado\/"},{"@type":"ListItem","position":2,"name":"Com apoio de Vander, Centro de Refer\u00eancia da Juventude oferece diversos servi\u00e7os na Capital"}]},{"@type":"WebSite","@id":"https:\/\/vanderloubet.com.br\/deputado\/#website","url":"https:\/\/vanderloubet.com.br\/deputado\/","name":"Deputado Federal Vander Loubet","description":"O Federal de MS","publisher":{"@id":"https:\/\/vanderloubet.com.br\/deputado\/#organization"},"alternateName":"Deputado Vander","potentialAction":[{"@type":"SearchAction","target":{"@type":"EntryPoint","urlTemplate":"https:\/\/vanderloubet.com.br\/deputado\/?s={search_term_string}"},"query-input":{"@type":"PropertyValueSpecification","valueRequired":true,"valueName":"search_term_string"}}],"inLanguage":"pt-BR"},{"@type":"Organization","@id":"https:\/\/vanderloubet.com.br\/deputado\/#organization","name":"Deputado Federal Vander Loubet","alternateName":"Deputado Vander","url":"https:\/\/vanderloubet.com.br\/deputado\/","logo":{"@type":"ImageObject","inLanguage":"pt-BR","@id":"https:\/\/vanderloubet.com.br\/deputado\/#\/schema\/logo\/image\/","url":"https:\/\/vanderloubet.com.br\/deputado\/wp-content\/uploads\/2023\/06\/foto-2023-06-19-mandato-deputado-vander.jpg","contentUrl":"https:\/\/vanderloubet.com.br\/deputado\/wp-content\/uploads\/2023\/06\/foto-2023-06-19-mandato-deputado-vander.jpg","width":1080,"height":1080,"caption":"Deputado Federal Vander Loubet"},"image":{"@id":"https:\/\/vanderloubet.com.br\/deputado\/#\/schema\/logo\/image\/"},"sameAs":["https:\/\/facebook.com\/deputadovander","https:\/\/x.com\/vanderloubet","https:\/\/instagram.com\/vanderloubet","https:\/\/youtube.com\/vanderloubet","https:\/\/tiktok.com\/@vanderloubetms"]},{"@type":"Person","@id":"https:\/\/vanderloubet.com.br\/deputado\/#\/schema\/person\/15b51bd564532a8a68d9dec1b8eb890e","name":"\u00c9der","image":{"@type":"ImageObject","inLanguage":"pt-BR","@id":"https:\/\/vanderloubet.com.br\/deputado\/wp-content\/litespeed\/avatar\/88ca4090d9d5ab1c9495f6ca03b68efa.jpg?ver=1777058957","url":"https:\/\/vanderloubet.com.br\/deputado\/wp-content\/litespeed\/avatar\/88ca4090d9d5ab1c9495f6ca03b68efa.jpg?ver=1777058957","contentUrl":"https:\/\/vanderloubet.com.br\/deputado\/wp-content\/litespeed\/avatar\/88ca4090d9d5ab1c9495f6ca03b68efa.jpg?ver=1777058957","caption":"\u00c9der"}}]}},"jetpack_featured_media_url":"https:\/\/vanderloubet.com.br\/deputado\/wp-content\/uploads\/2021\/11\/fotos-2021-11-19-centro-referencia-juventude-campo-grande.jpg","jetpack_sharing_enabled":true,"_links":{"self":[{"href":"https:\/\/vanderloubet.com.br\/deputado\/wp-json\/wp\/v2\/posts\/17387","targetHints":{"allow":["GET"]}}],"collection":[{"href":"https:\/\/vanderloubet.com.br\/deputado\/wp-json\/wp\/v2\/posts"}],"about":[{"href":"https:\/\/vanderloubet.com.br\/deputado\/wp-json\/wp\/v2\/types\/post"}],"author":[{"embeddable":true,"href":"https:\/\/vanderloubet.com.br\/deputado\/wp-json\/wp\/v2\/users\/2"}],"replies":[{"embeddable":true,"href":"https:\/\/vanderloubet.com.br\/deputado\/wp-json\/wp\/v2\/comments?post=17387"}],"version-history":[{"count":0,"href":"https:\/\/vanderloubet.com.br\/deputado\/wp-json\/wp\/v2\/posts\/17387\/revisions"}],"wp:featuredmedia":[{"embeddable":true,"href":"https:\/\/vanderloubet.com.br\/deputado\/wp-json\/wp\/v2\/media\/17388"}],"wp:attachment":[{"href":"https:\/\/vanderloubet.com.br\/deputado\/wp-json\/wp\/v2\/media?parent=17387"}],"wp:term":[{"taxonomy":"category","embeddable":true,"href":"https:\/\/vanderloubet.com.br\/deputado\/wp-json\/wp\/v2\/categories?post=17387"},{"taxonomy":"post_tag","embeddable":true,"href":"https:\/\/vanderloubet.com.br\/deputado\/wp-json\/wp\/v2\/tags?post=17387"}],"curies":[{"name":"wp","href":"https:\/\/api.w.org\/{rel}","templated":true}]}}